{"id":57726,"date":"2024-06-15T08:00:00","date_gmt":"2024-06-15T11:00:00","guid":{"rendered":"https:\/\/cj.estrategia.com\/portal\/?p=57726"},"modified":"2024-05-13T21:50:28","modified_gmt":"2024-05-14T00:50:28","slug":"guardas-municipais-v2","status":"publish","type":"post","link":"https:\/\/cj.estrategia.com\/portal\/guardas-municipais-v2\/","title":{"rendered":"Guardas municipais: jurisprud\u00eancia vinculante"},"content":{"rendered":"\n<p>Hoje, vamos conhecer um pouco a respeito das <strong>guardas municipais <\/strong>e de seu <strong>tratamento na jurisprud\u00eancia vinculante dos Tribunais Superiores<\/strong>, dando enfoque aos temas mais cobrados na \u00e1rea dos concursos de carreira jur\u00eddica.<\/p>\n\n\n\n<p>Vamos l\u00e1!<\/p>\n\n\n<div class=\"wp-block-image\">\n<figure class=\"aligncenter size-large is-resized\"><img decoding=\"async\" src=\"https:\/\/dhg1h5j42swfq.cloudfront.net\/2024\/03\/07101211\/guarda-1024x683.webp\" alt=\"Guardas municipais\" class=\"wp-image-1365109\" style=\"width:621px;height:auto\" \/><figcaption class=\"wp-element-caption\">Guardas municipais<\/figcaption><\/figure>\n<\/div>\n\n\n<h2 class=\"wp-block-heading\" id=\"h-1-guardas-municipais-conceito-e-previsao-normativa\"><span id=\"1-guardas-municipais-conceito-e-previsao-normativa\">1. Guardas municipais: conceito e previs\u00e3o normativa<\/span><\/h2>\n\n\n\n<p>Guarda municipal \u00e9 uma <strong>institui\u00e7\u00e3o de car\u00e1ter civil<\/strong>, <strong>uniformizada e armada<\/strong>, com fun\u00e7\u00e3o de <mark style=\"background-color:#8ed1fc\" class=\"has-inline-color\"><strong>prote\u00e7\u00e3o <span style=\"text-decoration: underline\">preventiva<\/span><\/strong><\/mark>. <\/p>\n\n\n\n<p>Tem previs\u00e3o na <a href=\"https:\/\/www.planalto.gov.br\/ccivil_03\/constituicao\/constituicao.htm\" target=\"_blank\" ><strong>Constitui\u00e7\u00e3o da Rep\u00fablica<\/strong><\/a> e regulamenta\u00e7\u00e3o na <strong><a href=\"https:\/\/www.planalto.gov.br\/ccivil_03\/_ato2011-2014\/2014\/lei\/l13022.htm\" target=\"_blank\" >Lei n\u00ba 13.022\/14<\/a><\/strong>, a qual disp\u00f5e sobre o <span style=\"text-decoration: underline\">Estatuto Geral das Guardas Municipais<\/span>. Tamb\u00e9m tratam acerca das guardas municipais: a Lei do Sistema \u00danico de Seguran\u00e7a P\u00fablica &#8211; SUSP (<strong><a href=\"https:\/\/www.planalto.gov.br\/ccivil_03\/_ato2015-2018\/2018\/lei\/L13675.htm\" target=\"_blank\" >Lei 13.675\/18<\/a><\/strong>) e o Estatuto do Desarmamento (<a href=\"https:\/\/www.planalto.gov.br\/ccivil_03\/leis\/2003\/l10.826.htm\" target=\"_blank\" ><strong>Lei 10.826\/03<\/strong><\/a>), al\u00e9m das <strong>leis locais <\/strong>que regulamentam a atua\u00e7\u00e3o desse \u00f3rg\u00e3o.<\/p>\n\n\n\n<p>Vejamos o que disp\u00f5e a legisla\u00e7\u00e3o:<\/p>\n\n\n\n<figure class=\"wp-block-table\"><table><tbody><tr><td><strong>CRFB, art. 144, \u00a7 8\u00ba &#8211;<\/strong> Os Munic\u00edpios poder\u00e3o constituir guardas municipais destinadas \u00e0 <strong>prote\u00e7\u00e3o de seus bens, servi\u00e7os e instala\u00e7\u00f5es<\/strong>, conforme dispuser a lei.<br><br><strong><strong>Lei n\u00ba 13.022\/14<\/strong>, art. 2\u00ba<\/strong> <strong>&#8211;<\/strong> Incumbe \u00e0s guardas municipais, institui\u00e7\u00f5es de <strong>car\u00e1ter civil<\/strong>, <strong>uniformizadas e armadas <\/strong>conforme previsto em lei, a fun\u00e7\u00e3o de <span style=\"text-decoration: underline\">prote\u00e7\u00e3o municipal <strong>preventiva<\/strong><\/span>, <strong><mark class=\"has-inline-color has-vivid-red-color\">ressalvadas<\/mark> <\/strong>as compet\u00eancias da Uni\u00e3o, dos Estados e do Distrito Federal.<\/td><\/tr><\/tbody><\/table><\/figure>\n\n\n\n<h2 class=\"wp-block-heading\" id=\"h-2-guardas-municipais-competencia\"><span id=\"2-guardas-municipais-competencia\">2. Guardas municipais: compet\u00eancia<\/span><\/h2>\n\n\n\n<p>De acordo com o Estatuto Geral das Guardas Municipais (art. 4\u00ba), &#8220;\u00e9 <strong><em>compet\u00eancia geral<\/em> <\/strong>das guardas municipais a prote\u00e7\u00e3o de <span style=\"text-decoration: underline\">bens<\/span>, <span style=\"text-decoration: underline\">servi\u00e7os<\/span>, <span style=\"text-decoration: underline\"><strong>logradouros p\u00fablicos municipais<\/strong><\/span> e <span style=\"text-decoration: underline\">instala\u00e7\u00f5es do Munic\u00edpio<\/span>&#8220;.<\/p>\n\n\n\n<p>Ademais, conforme o art. 5\u00b0 do mesmo Estatuto, s\u00e3o <strong><em>compet\u00eancias espec\u00edficas<\/em><\/strong> das guardas municipais:<\/p>\n\n\n\n<p>1. zelar pelos <strong>bens, equipamentos e pr\u00e9dios p\u00fablicos do Munic\u00edpio<\/strong>;<\/p>\n\n\n\n<p>2. prevenir e inibir, pela presen\u00e7a e vigil\u00e2ncia, bem como <strong>coibir, infra\u00e7\u00f5es penais ou administrativas e atos infracionais <\/strong>que atentem contra os bens, servi\u00e7os e <strong>instala\u00e7\u00f5es municipais<\/strong>;<\/p>\n\n\n\n<p>3. atuar, <strong>preventiva e permanentemente<\/strong>, no territ\u00f3rio do Munic\u00edpio, para a prote\u00e7\u00e3o sist\u00eamica da popula\u00e7\u00e3o que utiliza os <span style=\"text-decoration: underline\">bens, servi\u00e7os e instala\u00e7\u00f5es municipais<\/span>;<\/p>\n\n\n\n<p>4. colaborar, de <strong>forma integrada com os \u00f3rg\u00e3os de seguran\u00e7a p\u00fablica<\/strong>, em a\u00e7\u00f5es conjuntas que contribuam com a paz social;&nbsp;&nbsp;&nbsp;&nbsp;<\/p>\n\n\n\n<p>5. colaborar com a pacifica\u00e7\u00e3o de conflitos que seus integrantes presenciarem, atentando para o respeito aos <strong><span style=\"text-decoration: underline\">direitos fundamentais das pessoas<\/span><\/strong>;<\/p>\n\n\n\n<p>6. exercer as <strong>compet\u00eancias de tr\u00e2nsito<\/strong> que lhes forem conferidas, nas vias e logradouros municipais, nos termos da&nbsp;Lei n\u00ba 9.503\/97 (C\u00f3digo de Tr\u00e2nsito Brasileiro),&nbsp;ou de forma concorrente, mediante conv\u00eanio celebrado com \u00f3rg\u00e3o de tr\u00e2nsito estadual ou municipal;<\/p>\n\n\n\n<p>7. proteger o patrim\u00f4nio <strong><span style=\"text-decoration: underline\">ecol\u00f3gico, hist\u00f3rico, cultural, arquitet\u00f4nico e ambiental<\/span><\/strong> do Munic\u00edpio, inclusive adotando medidas educativas e preventivas;<\/p>\n\n\n\n<h4 class=\"wp-block-heading\" id=\"h-8-cooperar-com-os-demais-orgaos-de-defesa-civil-em-suas-atividades\"><span id=\"8-cooperar-com-os-demais-orgaos-de-defesa-civil-em-suas-atividades\">8. cooperar com os demais <span style=\"text-decoration: underline\">\u00f3rg\u00e3os de defesa civil<\/span> em suas atividades;<\/span><\/h4>\n\n\n\n<p>9. interagir com a sociedade civil para discuss\u00e3o de solu\u00e7\u00f5es de <strong>problemas e projetos locais<\/strong> voltados \u00e0 melhoria das <span style=\"text-decoration: underline\">condi\u00e7\u00f5es de seguran\u00e7a das comunidades<\/span>;<\/p>\n\n\n\n<p>10. <strong><span style=\"text-decoration: underline\">e<\/span><span style=\"text-decoration: underline\">stabelecer parcerias<\/span><\/strong> com os \u00f3rg\u00e3os estaduais e da Uni\u00e3o, ou de Munic\u00edpios vizinhos, por meio da celebra\u00e7\u00e3o de <span style=\"text-decoration: underline\">conv\u00eanios ou cons\u00f3rcios,<\/span> com vistas ao desenvolvimento de a\u00e7\u00f5es preventivas integradas;<\/p>\n\n\n\n<p>11. articular-se com os \u00f3rg\u00e3os municipais de <strong><span style=\"text-decoration: underline\">pol\u00edticas sociais<\/span><\/strong>, visando \u00e0 ado\u00e7\u00e3o de a\u00e7\u00f5es interdisciplinares de seguran\u00e7a no Munic\u00edpio;<\/p>\n\n\n\n<p>12. <span style=\"text-decoration: underline\">integrar-se com os demais \u00f3rg\u00e3os de poder de pol\u00edcia administrativa<\/span>, visando a contribuir para a <strong><span style=\"text-decoration: underline\">normatiza\u00e7\u00e3o e a fiscaliza\u00e7\u00e3o<\/span><\/strong> das posturas e ordenamento urbano municipal;<\/p>\n\n\n\n<p>13. garantir o atendimento de <strong><mark class=\"has-inline-color has-vivid-red-color\">ocorr\u00eancias emergenciais<\/mark><\/strong>, ou prest\u00e1-lo direta e imediatamente quando deparar-se com elas;&nbsp;&nbsp;&nbsp;&nbsp;<\/p>\n\n\n\n<p>14. encaminhar ao delegado de pol\u00edcia, diante de <strong>flagrante delito<\/strong>, o autor da infra\u00e7\u00e3o, p<span style=\"text-decoration: underline\">reservando o local do crime<\/span>, quando poss\u00edvel e sempre que necess\u00e1rio;&nbsp;&nbsp;<\/p>\n\n\n\n<p>15. contribuir no <strong>estudo de impacto na seguran\u00e7a local<\/strong>, conforme plano diretor municipal, por ocasi\u00e3o da constru\u00e7\u00e3o de empreendimentos de grande porte;<\/p>\n\n\n\n<p>16. desenvolver a\u00e7\u00f5es de <strong>preven\u00e7\u00e3o prim\u00e1ria \u00e0 viol\u00eancia<\/strong>, isoladamente ou em conjunto com os demais \u00f3rg\u00e3os da pr\u00f3pria municipalidade, de outros Munic\u00edpios ou das esferas estadual e federal;<\/p>\n\n\n\n<p>17. auxiliar na seguran\u00e7a de <strong>grandes eventos<\/strong> e na<strong> prote\u00e7\u00e3o de autoridades e dignat\u00e1rios<\/strong>;<\/p>\n\n\n\n<p>18. atuar mediante <strong>a\u00e7\u00f5es<\/strong> <strong><span style=\"text-decoration: underline\">preventivas<\/span><\/strong> na <strong>seguran\u00e7a escolar<\/strong>, zelando pelo entorno e participando de a\u00e7\u00f5es educativas com o corpo discente e docente das unidades de ensino municipal, de forma a colaborar com a implanta\u00e7\u00e3o da cultura de paz na comunidade local.<\/p>\n\n\n\n<h2 class=\"wp-block-heading\" id=\"h-3-guardas-municipais-jurisprudencia-vinculante\"><span id=\"3-guardas-municipais-jurisprudencia-vinculante\">3. Guardas Municipais: jurisprud\u00eancia vinculante<\/span><\/h2>\n\n\n\n<h3 class=\"wp-block-heading\" id=\"h-3-1-reconhecimento-como-orgao-de-seguranca-publica\"><span id=\"3-1-reconhecimento-como-orgao-de-seguranca-publica\">3.1. Reconhecimento como \u00f3rg\u00e3o de seguran\u00e7a p\u00fablica<\/span><\/h3>\n\n\n\n<p>O <strong>STF<\/strong>, no julgamento da <strong>ADPF 995 <\/strong>(25\/08\/23), fixou o seguinte comando:<\/p>\n\n\n\n<figure class=\"wp-block-table\"><table><tbody><tr><td>As guardas municipais s\u00e3o reconhecidamente <strong>\u00d3RG\u00c3OS DE SEGURAN\u00c7A P\u00daBLICA <\/strong>e aquelas devidamente criadas e institu\u00eddas integram o Sistema \u00danico de Seguran\u00e7a P\u00fablica (SUSP).<\/td><\/tr><\/tbody><\/table><\/figure>\n\n\n\n<p>Para o Supremo (ADPF 995), era evidente a necessidade de <strong><span style=\"text-decoration: underline\">uni\u00e3o de esfor\u00e7os para o combate \u00e0 criminalidade organizada e violenta<\/span><\/strong>, <strong><mark class=\"has-inline-color has-vivid-red-color\">n\u00e3o se justificando<\/mark><\/strong>, nos dias atuais da realidade brasileira, a atua\u00e7\u00e3o separada e estanque de cada uma das Pol\u00edcias Federal, Civis e Militares e das Guardas Municipais, tendo em vista que todas fazem parte do Sistema \u00danico de Seguran\u00e7a P\u00fablica.<\/p>\n\n\n\n<p>O deslocamento topogr\u00e1fico da disciplina das guardas municipais no texto constitucional n\u00e3o implica a sua desconfigura\u00e7\u00e3o como agentes de seguran\u00e7a p\u00fablica, de modo que <strong>n\u00e3o prevalece <\/strong>o argumento acerca de sua simples aus\u00eancia em pretenso <strong>rol taxativo <\/strong>do art. 144 da CRFB.<\/p>\n\n\n\n<p>Nos termos da jurisprud\u00eancia do STF, as guardas municipais, sob o aspecto material, exercem <strong>atividade t\u00edpica de seguran\u00e7a p\u00fablica<\/strong>, consubstanciada na prote\u00e7\u00e3o de bens, servi\u00e7os e instala\u00e7\u00f5es municipais (art. 144, \u00a7 8\u00ba, da CRFB), e que se afigura essencial ao atendimento de necessidades inadi\u00e1veis da comunidade (art. 9\u00ba, \u00a7 1\u00ba, da CRFB).<\/p>\n\n\n\n<p>Ademais, o Congresso Nacional, no exerc\u00edcio de sua leg\u00edtima compet\u00eancia legislativa (art. 144, \u00a7 7\u00ba, da CRFB), colocou as guardas municipais como <strong>integrantes operacionais do Sistema \u00danico de Seguran\u00e7a P\u00fablica <\/strong>previsto na Lei 13.675\/18 (art. 9\u00ba, \u00a7 1\u00ba, VII), a qual disciplina a organiza\u00e7\u00e3o e o funcionamento dos \u00f3rg\u00e3os respons\u00e1veis pela seguran\u00e7a p\u00fablica. Ademais, o Estatuto Geral das Guardas Municipais (Lei 13.022\/14) prev\u00ea diversas atribui\u00e7\u00f5es ao \u00f3rg\u00e3o que s\u00e3o inerentes a agentes de seguran\u00e7a p\u00fablica.<\/p>\n\n\n\n<h4 class=\"wp-block-heading\" id=\"h-vejamos-o-que-dispoe-a-legislacao\"><span id=\"vejamos-o-que-dispoe-a-legislacao\"><strong>Vejamos o que disp\u00f5e a legisla\u00e7\u00e3o:<\/strong><\/span><\/h4>\n\n\n\n<figure class=\"wp-block-table\"><table><tbody><tr><td><strong>CRFB, art. 144, \u00a7 7\u00ba &#8211;<\/strong> A <strong><span style=\"text-decoration: underline\">lei<\/span><\/strong> disciplinar\u00e1 a organiza\u00e7\u00e3o e o funcionamento dos <strong>\u00f3rg\u00e3os<\/strong> respons\u00e1veis pela <strong>seguran\u00e7a p\u00fablica<\/strong>, de maneira a garantir a efici\u00eancia de suas atividades.<br><br><strong>Lei 13.675\/18, art. 9\u00ba, \u00a7 1\u00ba &#8211;<\/strong> S\u00e3o integrantes estrat\u00e9gicos do Susp (<em>Sistema \u00danico de Seguran\u00e7a P\u00fablica<\/em>):<br><strong>VII &#8211; <\/strong>guardas municipais; <\/td><\/tr><\/tbody><\/table><\/figure>\n\n\n\n<p>Assim, mediante <strong>interpreta\u00e7\u00e3o conforme a Constitui\u00e7\u00e3o <\/strong>ao art. 4\u00ba da Lei 13.022\/14 e ao art 9\u00ba da Lei 13.675\/18, o STF declarou inconstitucionais todas as interpreta\u00e7\u00f5es judiciais que excluem as guardas municipais, devidamente criadas e institu\u00eddas, como integrantes do Sistema de Seguran\u00e7a P\u00fablica.<\/p>\n\n\n\n<h3 class=\"wp-block-heading\" id=\"h-3-2-porte-de-arma\"><span id=\"3-2-porte-de-arma\">3.2. Porte de arma<\/span><\/h3>\n\n\n\n<p>O <strong>STF<\/strong>, no julgamento das <strong>ADIs 5948 e 5538<\/strong> e <strong>ADC 38<\/strong> (27\/02\/21), fixou o seguinte comando:<\/p>\n\n\n\n<figure class=\"wp-block-table\"><table><tbody><tr><td>\u00c9 <strong>inconstitucional<\/strong> a restri\u00e7\u00e3o do porte de arma de fogo aos integrantes de guardas municipais das capitais dos Estados e dos Munic\u00edpios com mais de 500.000 habitantes e de guardas municipais dos Munic\u00edpios com mais de 50.000 e menos de 500.000 habitantes, quando em servi\u00e7o.<\/td><\/tr><\/tbody><\/table><\/figure>\n\n\n\n<p>O Estatuto do Desarmamento (<a href=\"https:\/\/www.planalto.gov.br\/ccivil_03\/leis\/2003\/l10.826.htm\" target=\"_blank\" ><strong>Lei 10.826\/03<\/strong><\/a>)<small><strong> <\/strong><\/small>fazia tal distin\u00e7\u00e3o: <\/p>\n\n\n\n<figure class=\"wp-block-table\"><table><tbody><tr><td><strong>Lei 10.826\/03, art. 6<sup>o<\/sup>&#8211;<\/strong>&nbsp;\u00c9 <strong>proibido<\/strong> o porte de arma de fogo em todo o territ\u00f3rio nacional, salvo para os casos previstos em legisla\u00e7\u00e3o pr\u00f3pria e para:<br><strong>III &#8211;<\/strong> os integrantes das guardas municipais&nbsp;das capitais dos Estados e dos Munic\u00edpios&nbsp;com mais de 500.000 (quinhentos mil) habitantes, nas condi\u00e7\u00f5es estabelecidas no regulamento desta Lei;<br><strong>IV &#8211;<\/strong> os integrantes das guardas municipais dos Munic\u00edpios com mais de 50.000 (cinquenta mil) e menos de 500.000 (quinhentos mil) habitantes, quando em servi\u00e7o;<\/td><\/tr><\/tbody><\/table><\/figure>\n\n\n\n<p>O Supremo entendeu que <strong>n\u00e3o<\/strong> havia <strong>razoabilidade <\/strong>nos crit\u00e9rios de restri\u00e7\u00f5es ao porte de arma de fogo por guardas municipais adotados pela lei, bem como a norma violava a <strong>isonomia<\/strong>.<\/p>\n\n\n\n<p>Assim, atualmente, todas as guardas municipais possuem porte de arma, <strong><span style=\"text-decoration: underline\">independentemente<\/span><\/strong> da <strong>quantidade de habitantes <\/strong>dos Munic\u00edpios. <\/p>\n\n\n\n<p><strong>ATEN\u00c7\u00c3O: <\/strong>\u00c9 permitido o porte de arma de fogo pelas guardas municipais quando estiverem atuando no <span style=\"text-decoration: underline\">exerc\u00edcio de suas fun\u00e7\u00f5es<\/span>, por\u00e9m ainda h\u00e1 diverg\u00eancias em rela\u00e7\u00e3o ao porte fora de servi\u00e7o, restando-nos o aguardo pela pacifica\u00e7\u00e3o da quest\u00e3o nas Cortes Superiores.<\/p>\n\n\n\n<h3 class=\"wp-block-heading\" id=\"h-3-3-guarda-municipal-nao-e-equiparada-a-policia-ostensiva-ou-investigativa\"><span id=\"3-3-guarda-municipal-nao-e-equiparada-a-policia-ostensiva-ou-investigativa\">3.3. Guarda municipal n\u00e3o \u00e9 equiparada \u00e0 pol\u00edcia ostensiva ou investigativa<\/span><\/h3>\n\n\n\n<p>A <strong>Terceira Se\u00e7\u00e3o do STJ<\/strong>, no julgamento do HC 830.530-SP (27\/9\/23), fixou os seguintes comandos:<\/p>\n\n\n\n<figure class=\"wp-block-table\"><table><tbody><tr><td>A<strong> Constitui\u00e7\u00e3o Federal de 1988 N\u00c3O atribui \u00e0&nbsp;guarda municipal&nbsp;atividades ostensivas t\u00edpicas de pol\u00edcia<\/strong>&nbsp;<strong>militar&nbsp;<\/strong>ou <strong>investigativas de pol\u00edcia civil<\/strong>, como se fossem verdadeiras <strong><span style=\"text-decoration: underline\">pol\u00edcias&nbsp;municipais<\/span><\/strong>.<br>Tanto a Pol\u00edcia&nbsp;Militar&nbsp;quanto a Pol\u00edcia Civil &#8211; em contrapartida \u00e0 possibilidade de exercerem a for\u00e7a p\u00fablica e o monop\u00f3lio estatal da viol\u00eancia &#8211; est\u00e3o sujeitas a r\u00edgido controle correcional externo do Minist\u00e9rio P\u00fablico (art. 129, VII, CF) e do Poder Judici\u00e1rio (respectivamente da Justi\u00e7a&nbsp;Militar&nbsp;e da Justi\u00e7a Estadual), <strong><u>o que n\u00e3o acontece com as&nbsp;guardas municipais<\/u><\/strong>.&nbsp;Fossem elas verdadeiras pol\u00edcias, por certo tamb\u00e9m deveriam estar sujeitas ao controle externo do Parquet e do Poder Judici\u00e1rio, em correi\u00e7\u00f5es peri\u00f3dicas.<br>O fato de as&nbsp;guardas municipais&nbsp;n\u00e3o haverem sido inclu\u00eddas nos incisos do art. 144, <em>caput<\/em>, da CF n\u00e3o afasta a constata\u00e7\u00e3o de que elas exercem atividade de seguran\u00e7a p\u00fablica. Isso,<em> <\/em>todavia, <strong>n\u00e3o significa que possam ter a mesma amplitude de atua\u00e7\u00e3o das pol\u00edcias<\/strong>.<br>O Supremo Tribunal Federal, apesar de reconhecer em diversos julgados que as&nbsp;<strong><u>guardas municipais&nbsp;integram o Sistema \u00danico de Seguran\u00e7a P\u00fablica<\/u><\/strong> e exercem atividade dessa natureza, <strong><u><mark><mark style=\"background-color:#8ed1fc\" class=\"has-inline-color\">nunca as equiparou por completo aos \u00f3rg\u00e3os policiais para todos os fins<\/mark><\/mark><\/u><\/strong>.<\/td><\/tr><\/tbody><\/table><\/figure>\n\n\n\n<h4 class=\"wp-block-heading\" id=\"h-o-stj-entendeu-que-estao-fora-das-atribuicoes-das-guardas-municipais-atividades-que-nao-tenham-relacao-com-bens-servicos-e-instalacoes-do-municipio\"><span id=\"o-stj-entendeu-que-estao-fora-das-atribuicoes-das-guardas-municipais-atividades-que-nao-tenham-relacao-com-bens-servicos-e-instalacoes-do-municipio\"><strong>O STJ entendeu que est\u00e3o fora das atribui\u00e7\u00f5es das guardas municipais atividades que n\u00e3o tenham rela\u00e7\u00e3o com bens, servi\u00e7os e instala\u00e7\u00f5es do Munic\u00edpio.  <\/strong><\/span><\/h4>\n\n\n\n<p>No caso concreto, asseverou que a institui\u00e7\u00e3o n\u00e3o podia realizar investiga\u00e7\u00e3o de suspeitos de crimes por tr\u00e1fico de drogas. <\/p>\n\n\n\n<p>Para a Corte Superior, &#8220;salvo na hip\u00f3tese de <strong>FLAGRANTE DELITO<\/strong>, s\u00f3 \u00e9 poss\u00edvel que as guardas municipais realizem <span style=\"text-decoration: underline\">excepcionalmente<\/span> <strong>BUSCA PESSOAL<\/strong> se, al\u00e9m de <span style=\"text-decoration: underline\">justa causa<\/span> para a medida (<strong>fundada suspeita<\/strong>), houver pertin\u00eancia com a necessidade de tutelar a integridade de bens e instala\u00e7\u00f5es ou assegurar a adequada execu\u00e7\u00e3o dos servi\u00e7os municipais, assim como proteger os seus respectivos usu\u00e1rios&#8221;, vale dizer, quando a dilig\u00eancia tiver rela\u00e7\u00e3o direta com a <strong>finalidade da institui\u00e7\u00e3o<\/strong>.<\/p>\n\n\n\n<p>Deste entendimento, podemos sintetizar que a guarda municipal <strong>PODE<\/strong> efetuar:<\/p>\n\n\n\n<ol class=\"wp-block-list\">\n<li><span style=\"text-decoration: underline\">pris\u00e3o em flagrante delito<\/span>;<\/li>\n\n\n\n<li><span style=\"text-decoration: underline\">busca pessoal<\/span>: quando houver: <strong>a)<\/strong> <strong>flagrante delito<\/strong> ou <strong>b)<\/strong> <strong>justa causa <\/strong>(fundada suspeita) e a dilig\u00eancia tiver rela\u00e7\u00e3o direta com a <strong>finalidade da institui\u00e7\u00e3o<\/strong>. <\/li>\n<\/ol>\n\n\n\n<p>Feitas essas considera\u00e7\u00f5es, encerramos o estudo acerca dos principais aspectos das <strong>guardas municipais<\/strong> \u00e0 luz da jurisprud\u00eancia.<\/p>\n\n\n\n<h2 class=\"wp-block-heading\" id=\"h-conclusao\"><span id=\"conclusao\">Conclus\u00e3o<\/span><\/h2>\n\n\n\n<p>Hoje, vimos um pouco a respeito das <strong>guardas municipais <\/strong>e de seu <strong>tratamento na jurisprud\u00eancia vinculante dos Tribunais Superiores<\/strong>.<\/p>\n\n\n\n<p>Por ora, finalizamos mais um tema empolgante para os que almejam a sonhada carreira jur\u00eddica.<\/p>\n\n\n\n<p>Advertimos que <strong>esse artigo<\/strong>, juntamente com as quest\u00f5es do <a href=\"https:\/\/cj.estrategia.com\/#\" target=\"_blank\" ><u><strong>Sistema de Quest\u00f5es do Estrat\u00e9gia Carreira Jur\u00eddica<\/strong><\/u><\/a>, serve como complemento ao estudo do tema proposto, devendo-se priorizar o material te\u00f3rico, em <strong>PDF<\/strong> ou <strong>videoaula<\/strong>, do curso.<\/p>\n\n\n\n<p>At\u00e9 a pr\u00f3xima!<\/p>\n\n\n\n<p class=\"has-text-align-center\"><strong>Quer saber mais sobre os pr\u00f3ximos concursos?<\/strong><\/p>\n\n\n\n<p class=\"has-text-align-center\"><strong>Confira nossos artigos!<\/strong><\/p>\n\n\n\n<p class=\"has-text-align-center has-pale-cyan-blue-background-color has-background\"><a href=\"https:\/\/cj.estrategia.com\/portal\/concursos-abertos-carreiras-juridicas\/\" target=\"_blank\" ><strong>Concursos abertos<\/strong><\/a><\/p>\n\n\n\n<p class=\"has-text-align-center has-pale-cyan-blue-background-color has-background\"><a href=\"https:\/\/cj.estrategia.com\/portal\/concursos-2024-carreiras-juridicas\/\"><strong>Concursos 2024<\/strong><\/a><\/p>\n","protected":false},"excerpt":{"rendered":"Hoje, vamos conhecer um pouco a respeito das guardas municipais e de seu tratamento na jurisprud\u00eancia vinculante dos&hellip;\n","protected":false},"author":127,"featured_media":57727,"comment_status":"open","ping_status":"open","sticky":false,"template":"","format":"standard","meta":{"_jetpack_memberships_contains_paid_content":false,"footnotes":""},"categories":[1,27,28,26,25],"tags":[],"tax_estado":[30,31,32,33,34,35,36,37,38,39,40,41,42,43,44,45,46],"class_list":{"0":"post-57726","1":"post","2":"type-post","3":"status-publish","4":"format-standard","5":"has-post-thumbnail","7":"category-carreiras-juridicas","8":"category-defensoria","9":"category-delegado","10":"category-magistratura","11":"category-promotoria","12":"tax_estado-ac","13":"tax_estado-al","14":"tax_estado-am","15":"tax_estado-ap","16":"tax_estado-ba","17":"tax_estado-ce","18":"tax_estado-concursos-federais","19":"tax_estado-df","20":"tax_estado-es","21":"tax_estado-go","22":"tax_estado-ma","23":"tax_estado-mg","24":"tax_estado-ms","25":"tax_estado-mt","26":"tax_estado-pa","27":"tax_estado-pb","28":"tax_estado-pe"},"acf":[],"yoast_head":"<!-- This site is optimized with the Yoast SEO Premium plugin v27.4 (Yoast SEO v27.4) - https:\/\/yoast.com\/product\/yoast-seo-premium-wordpress\/ -->\n<title>Guardas municipais: jurisprud\u00eancia vinculante<\/title>\n<meta name=\"description\" content=\"Hoje, vamos conhecer um pouco a respeito das guardas municipais e de seu tratamento na jurisprud\u00eancia dos Tribunais Superiores.\" \/>\n<meta name=\"robots\" content=\"index, follow, max-snippet:-1, max-image-preview:large, max-video-preview:-1\" \/>\n<link rel=\"canonical\" href=\"https:\/\/cj.estrategia.com\/portal\/guardas-municipais-v2\/\" \/>\n<meta property=\"og:locale\" content=\"pt_BR\" \/>\n<meta property=\"og:type\" content=\"article\" \/>\n<meta property=\"og:title\" content=\"Guardas municipais: jurisprud\u00eancia vinculante\" \/>\n<meta property=\"og:description\" content=\"Hoje, vamos conhecer um pouco a respeito das guardas municipais e de seu tratamento na jurisprud\u00eancia dos Tribunais Superiores.\" \/>\n<meta property=\"og:url\" content=\"https:\/\/cj.estrategia.com\/portal\/guardas-municipais-v2\/\" \/>\n<meta property=\"og:site_name\" content=\"Blog - Carreiras Jur\u00eddicas - Estrat\u00e9gia\" \/>\n<meta property=\"article:publisher\" content=\"https:\/\/www.facebook.com\/estrategiacarreirajuridica\/\" \/>\n<meta property=\"article:published_time\" content=\"2024-06-15T11:00:00+00:00\" \/>\n<meta property=\"og:image\" content=\"https:\/\/cj.estrategia.com\/portal\/wp-content\/uploads\/2024\/03\/10120618\/guarda-.webp\" \/>\n\t<meta property=\"og:image:width\" content=\"2040\" \/>\n\t<meta property=\"og:image:height\" content=\"1360\" \/>\n\t<meta property=\"og:image:type\" content=\"image\/webp\" \/>\n<meta name=\"author\" content=\"Heloana Vera Albuquerque\" \/>\n<meta name=\"twitter:card\" content=\"summary_large_image\" \/>\n<meta name=\"twitter:creator\" content=\"@EstratJuridica\" \/>\n<meta name=\"twitter:site\" content=\"@EstratJuridica\" \/>\n<meta name=\"twitter:label1\" content=\"Escrito por\" \/>\n\t<meta name=\"twitter:data1\" content=\"Heloana Vera Albuquerque\" \/>\n\t<meta name=\"twitter:label2\" content=\"Est. tempo de leitura\" \/>\n\t<meta name=\"twitter:data2\" content=\"10 minutos\" \/>\n<script type=\"application\/ld+json\" class=\"yoast-schema-graph\">{\"@context\":\"https:\\\/\\\/schema.org\",\"@graph\":[{\"@type\":\"NewsArticle\",\"@id\":\"https:\\\/\\\/cj.estrategia.com\\\/portal\\\/guardas-municipais-v2\\\/#article\",\"isPartOf\":{\"@id\":\"https:\\\/\\\/cj.estrategia.com\\\/portal\\\/guardas-municipais-v2\\\/\"},\"author\":{\"name\":\"Heloana Vera Albuquerque\",\"@id\":\"https:\\\/\\\/cj.estrategia.com\\\/portal\\\/#\\\/schema\\\/person\\\/e3116c33097aaffcd61a5fe8d71846c4\"},\"headline\":\"Guardas municipais: jurisprud\u00eancia vinculante\",\"datePublished\":\"2024-06-15T11:00:00+00:00\",\"mainEntityOfPage\":{\"@id\":\"https:\\\/\\\/cj.estrategia.com\\\/portal\\\/guardas-municipais-v2\\\/\"},\"wordCount\":1964,\"commentCount\":0,\"publisher\":{\"@id\":\"https:\\\/\\\/cj.estrategia.com\\\/portal\\\/#organization\"},\"image\":{\"@id\":\"https:\\\/\\\/cj.estrategia.com\\\/portal\\\/guardas-municipais-v2\\\/#primaryimage\"},\"thumbnailUrl\":\"https:\\\/\\\/cj.estrategia.com\\\/portal\\\/wp-content\\\/uploads\\\/2024\\\/03\\\/10120618\\\/guarda-.webp\",\"articleSection\":[\"Carreiras Jur\u00eddicas\",\"Defensoria\",\"Delegado\",\"Magistratura\",\"Promotoria\"],\"inLanguage\":\"pt-BR\",\"potentialAction\":[{\"@type\":\"CommentAction\",\"name\":\"Comment\",\"target\":[\"https:\\\/\\\/cj.estrategia.com\\\/portal\\\/guardas-municipais-v2\\\/#respond\"]}]},{\"@type\":\"WebPage\",\"@id\":\"https:\\\/\\\/cj.estrategia.com\\\/portal\\\/guardas-municipais-v2\\\/\",\"url\":\"https:\\\/\\\/cj.estrategia.com\\\/portal\\\/guardas-municipais-v2\\\/\",\"name\":\"Guardas municipais: jurisprud\u00eancia vinculante\",\"isPartOf\":{\"@id\":\"https:\\\/\\\/cj.estrategia.com\\\/portal\\\/#website\"},\"primaryImageOfPage\":{\"@id\":\"https:\\\/\\\/cj.estrategia.com\\\/portal\\\/guardas-municipais-v2\\\/#primaryimage\"},\"image\":{\"@id\":\"https:\\\/\\\/cj.estrategia.com\\\/portal\\\/guardas-municipais-v2\\\/#primaryimage\"},\"thumbnailUrl\":\"https:\\\/\\\/cj.estrategia.com\\\/portal\\\/wp-content\\\/uploads\\\/2024\\\/03\\\/10120618\\\/guarda-.webp\",\"datePublished\":\"2024-06-15T11:00:00+00:00\",\"description\":\"Hoje, vamos conhecer um pouco a respeito das guardas municipais e de seu tratamento na jurisprud\u00eancia dos Tribunais Superiores.\",\"breadcrumb\":{\"@id\":\"https:\\\/\\\/cj.estrategia.com\\\/portal\\\/guardas-municipais-v2\\\/#breadcrumb\"},\"inLanguage\":\"pt-BR\",\"potentialAction\":[{\"@type\":\"ReadAction\",\"target\":[\"https:\\\/\\\/cj.estrategia.com\\\/portal\\\/guardas-municipais-v2\\\/\"]}]},{\"@type\":\"ImageObject\",\"inLanguage\":\"pt-BR\",\"@id\":\"https:\\\/\\\/cj.estrategia.com\\\/portal\\\/guardas-municipais-v2\\\/#primaryimage\",\"url\":\"https:\\\/\\\/cj.estrategia.com\\\/portal\\\/wp-content\\\/uploads\\\/2024\\\/03\\\/10120618\\\/guarda-.webp\",\"contentUrl\":\"https:\\\/\\\/cj.estrategia.com\\\/portal\\\/wp-content\\\/uploads\\\/2024\\\/03\\\/10120618\\\/guarda-.webp\",\"width\":2040,\"height\":1360},{\"@type\":\"BreadcrumbList\",\"@id\":\"https:\\\/\\\/cj.estrategia.com\\\/portal\\\/guardas-municipais-v2\\\/#breadcrumb\",\"itemListElement\":[{\"@type\":\"ListItem\",\"position\":1,\"name\":\"In\u00edcio\",\"item\":\"https:\\\/\\\/cj.estrategia.com\\\/portal\\\/\"},{\"@type\":\"ListItem\",\"position\":2,\"name\":\"Guardas municipais: jurisprud\u00eancia vinculante\"}]},{\"@type\":\"WebSite\",\"@id\":\"https:\\\/\\\/cj.estrategia.com\\\/portal\\\/#website\",\"url\":\"https:\\\/\\\/cj.estrategia.com\\\/portal\\\/\",\"name\":\"Blog - Carreiras Jur\u00eddicas - Estrat\u00e9gia\",\"description\":\"\",\"publisher\":{\"@id\":\"https:\\\/\\\/cj.estrategia.com\\\/portal\\\/#organization\"},\"potentialAction\":[{\"@type\":\"SearchAction\",\"target\":{\"@type\":\"EntryPoint\",\"urlTemplate\":\"https:\\\/\\\/cj.estrategia.com\\\/portal\\\/?s={search_term_string}\"},\"query-input\":{\"@type\":\"PropertyValueSpecification\",\"valueRequired\":true,\"valueName\":\"search_term_string\"}}],\"inLanguage\":\"pt-BR\"},{\"@type\":\"Organization\",\"@id\":\"https:\\\/\\\/cj.estrategia.com\\\/portal\\\/#organization\",\"name\":\"Estrat\u00e9gia - Carreiras Jur\u00eddicas\",\"url\":\"https:\\\/\\\/cj.estrategia.com\\\/portal\\\/\",\"logo\":{\"@type\":\"ImageObject\",\"inLanguage\":\"pt-BR\",\"@id\":\"https:\\\/\\\/cj.estrategia.com\\\/portal\\\/#\\\/schema\\\/logo\\\/image\\\/\",\"url\":\"https:\\\/\\\/cj.estrategia.com\\\/portal\\\/wp-content\\\/uploads\\\/2022\\\/03\\\/11151052\\\/cj-logo.png\",\"contentUrl\":\"https:\\\/\\\/cj.estrategia.com\\\/portal\\\/wp-content\\\/uploads\\\/2022\\\/03\\\/11151052\\\/cj-logo.png\",\"width\":150,\"height\":39,\"caption\":\"Estrat\u00e9gia - Carreiras Jur\u00eddicas\"},\"image\":{\"@id\":\"https:\\\/\\\/cj.estrategia.com\\\/portal\\\/#\\\/schema\\\/logo\\\/image\\\/\"},\"sameAs\":[\"https:\\\/\\\/www.facebook.com\\\/estrategiacarreirajuridica\\\/\",\"https:\\\/\\\/x.com\\\/EstratJuridica\",\"https:\\\/\\\/www.instagram.com\\\/estrategiacarreirajuridica\\\/\",\"https:\\\/\\\/www.youtube.com\\\/channel\\\/UClbMGuYbj2Mh1m3w144ETWQ\"]},{\"@type\":\"Person\",\"@id\":\"https:\\\/\\\/cj.estrategia.com\\\/portal\\\/#\\\/schema\\\/person\\\/e3116c33097aaffcd61a5fe8d71846c4\",\"name\":\"Heloana Vera Albuquerque\",\"image\":{\"@type\":\"ImageObject\",\"inLanguage\":\"pt-BR\",\"@id\":\"https:\\\/\\\/secure.gravatar.com\\\/avatar\\\/24ae914faa49e70cf228cfa75150ff826756fa9dbbadf55254a1c17b67917d8a?s=96&d=mm&r=g\",\"url\":\"https:\\\/\\\/secure.gravatar.com\\\/avatar\\\/24ae914faa49e70cf228cfa75150ff826756fa9dbbadf55254a1c17b67917d8a?s=96&d=mm&r=g\",\"contentUrl\":\"https:\\\/\\\/secure.gravatar.com\\\/avatar\\\/24ae914faa49e70cf228cfa75150ff826756fa9dbbadf55254a1c17b67917d8a?s=96&d=mm&r=g\",\"caption\":\"Heloana Vera Albuquerque\"},\"description\":\"Aprovada para Oficial de Justi\u00e7a Avaliador Federal, Analista Judici\u00e1rio do Tribunal de Justi\u00e7a, Analista do Minist\u00e9rio P\u00fablico, Procurador Municipal e Juiz Leigo do JEC.\",\"award\":[\"L\u00e1urea universit\u00e1ria no Curso de Direito\"],\"url\":\"https:\\\/\\\/cj.estrategia.com\\\/portal\\\/author\\\/heloana-vera-albuquerque\\\/\"}]}<\/script>\n<!-- \/ Yoast SEO Premium plugin. -->","yoast_head_json":{"title":"Guardas municipais: jurisprud\u00eancia vinculante","description":"Hoje, vamos conhecer um pouco a respeito das guardas municipais e de seu tratamento na jurisprud\u00eancia dos Tribunais Superiores.","robots":{"index":"index","follow":"follow","max-snippet":"max-snippet:-1","max-image-preview":"max-image-preview:large","max-video-preview":"max-video-preview:-1"},"canonical":"https:\/\/cj.estrategia.com\/portal\/guardas-municipais-v2\/","og_locale":"pt_BR","og_type":"article","og_title":"Guardas municipais: jurisprud\u00eancia vinculante","og_description":"Hoje, vamos conhecer um pouco a respeito das guardas municipais e de seu tratamento na jurisprud\u00eancia dos Tribunais Superiores.","og_url":"https:\/\/cj.estrategia.com\/portal\/guardas-municipais-v2\/","og_site_name":"Blog - Carreiras Jur\u00eddicas - Estrat\u00e9gia","article_publisher":"https:\/\/www.facebook.com\/estrategiacarreirajuridica\/","article_published_time":"2024-06-15T11:00:00+00:00","og_image":[{"width":2040,"height":1360,"url":"https:\/\/cj.estrategia.com\/portal\/wp-content\/uploads\/2024\/03\/10120618\/guarda-.webp","type":"image\/webp"}],"author":"Heloana Vera Albuquerque","twitter_card":"summary_large_image","twitter_creator":"@EstratJuridica","twitter_site":"@EstratJuridica","twitter_misc":{"Escrito por":"Heloana Vera Albuquerque","Est. tempo de leitura":"10 minutos"},"schema":{"@context":"https:\/\/schema.org","@graph":[{"@type":"NewsArticle","@id":"https:\/\/cj.estrategia.com\/portal\/guardas-municipais-v2\/#article","isPartOf":{"@id":"https:\/\/cj.estrategia.com\/portal\/guardas-municipais-v2\/"},"author":{"name":"Heloana Vera Albuquerque","@id":"https:\/\/cj.estrategia.com\/portal\/#\/schema\/person\/e3116c33097aaffcd61a5fe8d71846c4"},"headline":"Guardas municipais: jurisprud\u00eancia vinculante","datePublished":"2024-06-15T11:00:00+00:00","mainEntityOfPage":{"@id":"https:\/\/cj.estrategia.com\/portal\/guardas-municipais-v2\/"},"wordCount":1964,"commentCount":0,"publisher":{"@id":"https:\/\/cj.estrategia.com\/portal\/#organization"},"image":{"@id":"https:\/\/cj.estrategia.com\/portal\/guardas-municipais-v2\/#primaryimage"},"thumbnailUrl":"https:\/\/cj.estrategia.com\/portal\/wp-content\/uploads\/2024\/03\/10120618\/guarda-.webp","articleSection":["Carreiras Jur\u00eddicas","Defensoria","Delegado","Magistratura","Promotoria"],"inLanguage":"pt-BR","potentialAction":[{"@type":"CommentAction","name":"Comment","target":["https:\/\/cj.estrategia.com\/portal\/guardas-municipais-v2\/#respond"]}]},{"@type":"WebPage","@id":"https:\/\/cj.estrategia.com\/portal\/guardas-municipais-v2\/","url":"https:\/\/cj.estrategia.com\/portal\/guardas-municipais-v2\/","name":"Guardas municipais: jurisprud\u00eancia vinculante","isPartOf":{"@id":"https:\/\/cj.estrategia.com\/portal\/#website"},"primaryImageOfPage":{"@id":"https:\/\/cj.estrategia.com\/portal\/guardas-municipais-v2\/#primaryimage"},"image":{"@id":"https:\/\/cj.estrategia.com\/portal\/guardas-municipais-v2\/#primaryimage"},"thumbnailUrl":"https:\/\/cj.estrategia.com\/portal\/wp-content\/uploads\/2024\/03\/10120618\/guarda-.webp","datePublished":"2024-06-15T11:00:00+00:00","description":"Hoje, vamos conhecer um pouco a respeito das guardas municipais e de seu tratamento na jurisprud\u00eancia dos Tribunais Superiores.","breadcrumb":{"@id":"https:\/\/cj.estrategia.com\/portal\/guardas-municipais-v2\/#breadcrumb"},"inLanguage":"pt-BR","potentialAction":[{"@type":"ReadAction","target":["https:\/\/cj.estrategia.com\/portal\/guardas-municipais-v2\/"]}]},{"@type":"ImageObject","inLanguage":"pt-BR","@id":"https:\/\/cj.estrategia.com\/portal\/guardas-municipais-v2\/#primaryimage","url":"https:\/\/cj.estrategia.com\/portal\/wp-content\/uploads\/2024\/03\/10120618\/guarda-.webp","contentUrl":"https:\/\/cj.estrategia.com\/portal\/wp-content\/uploads\/2024\/03\/10120618\/guarda-.webp","width":2040,"height":1360},{"@type":"BreadcrumbList","@id":"https:\/\/cj.estrategia.com\/portal\/guardas-municipais-v2\/#breadcrumb","itemListElement":[{"@type":"ListItem","position":1,"name":"In\u00edcio","item":"https:\/\/cj.estrategia.com\/portal\/"},{"@type":"ListItem","position":2,"name":"Guardas municipais: jurisprud\u00eancia vinculante"}]},{"@type":"WebSite","@id":"https:\/\/cj.estrategia.com\/portal\/#website","url":"https:\/\/cj.estrategia.com\/portal\/","name":"Blog - Carreiras Jur\u00eddicas - Estrat\u00e9gia","description":"","publisher":{"@id":"https:\/\/cj.estrategia.com\/portal\/#organization"},"potentialAction":[{"@type":"SearchAction","target":{"@type":"EntryPoint","urlTemplate":"https:\/\/cj.estrategia.com\/portal\/?s={search_term_string}"},"query-input":{"@type":"PropertyValueSpecification","valueRequired":true,"valueName":"search_term_string"}}],"inLanguage":"pt-BR"},{"@type":"Organization","@id":"https:\/\/cj.estrategia.com\/portal\/#organization","name":"Estrat\u00e9gia - Carreiras Jur\u00eddicas","url":"https:\/\/cj.estrategia.com\/portal\/","logo":{"@type":"ImageObject","inLanguage":"pt-BR","@id":"https:\/\/cj.estrategia.com\/portal\/#\/schema\/logo\/image\/","url":"https:\/\/cj.estrategia.com\/portal\/wp-content\/uploads\/2022\/03\/11151052\/cj-logo.png","contentUrl":"https:\/\/cj.estrategia.com\/portal\/wp-content\/uploads\/2022\/03\/11151052\/cj-logo.png","width":150,"height":39,"caption":"Estrat\u00e9gia - Carreiras Jur\u00eddicas"},"image":{"@id":"https:\/\/cj.estrategia.com\/portal\/#\/schema\/logo\/image\/"},"sameAs":["https:\/\/www.facebook.com\/estrategiacarreirajuridica\/","https:\/\/x.com\/EstratJuridica","https:\/\/www.instagram.com\/estrategiacarreirajuridica\/","https:\/\/www.youtube.com\/channel\/UClbMGuYbj2Mh1m3w144ETWQ"]},{"@type":"Person","@id":"https:\/\/cj.estrategia.com\/portal\/#\/schema\/person\/e3116c33097aaffcd61a5fe8d71846c4","name":"Heloana Vera Albuquerque","image":{"@type":"ImageObject","inLanguage":"pt-BR","@id":"https:\/\/secure.gravatar.com\/avatar\/24ae914faa49e70cf228cfa75150ff826756fa9dbbadf55254a1c17b67917d8a?s=96&d=mm&r=g","url":"https:\/\/secure.gravatar.com\/avatar\/24ae914faa49e70cf228cfa75150ff826756fa9dbbadf55254a1c17b67917d8a?s=96&d=mm&r=g","contentUrl":"https:\/\/secure.gravatar.com\/avatar\/24ae914faa49e70cf228cfa75150ff826756fa9dbbadf55254a1c17b67917d8a?s=96&d=mm&r=g","caption":"Heloana Vera Albuquerque"},"description":"Aprovada para Oficial de Justi\u00e7a Avaliador Federal, Analista Judici\u00e1rio do Tribunal de Justi\u00e7a, Analista do Minist\u00e9rio P\u00fablico, Procurador Municipal e Juiz Leigo do JEC.","award":["L\u00e1urea universit\u00e1ria no Curso de Direito"],"url":"https:\/\/cj.estrategia.com\/portal\/author\/heloana-vera-albuquerque\/"}]}},"jetpack_featured_media_url":"https:\/\/cj.estrategia.com\/portal\/wp-content\/uploads\/2024\/03\/10120618\/guarda-.webp","jetpack_sharing_enabled":true,"_links":{"self":[{"href":"https:\/\/cj.estrategia.com\/portal\/wp-json\/wp\/v2\/posts\/57726","targetHints":{"allow":["GET"]}}],"collection":[{"href":"https:\/\/cj.estrategia.com\/portal\/wp-json\/wp\/v2\/posts"}],"about":[{"href":"https:\/\/cj.estrategia.com\/portal\/wp-json\/wp\/v2\/types\/post"}],"author":[{"embeddable":true,"href":"https:\/\/cj.estrategia.com\/portal\/wp-json\/wp\/v2\/users\/127"}],"replies":[{"embeddable":true,"href":"https:\/\/cj.estrategia.com\/portal\/wp-json\/wp\/v2\/comments?post=57726"}],"version-history":[{"count":21,"href":"https:\/\/cj.estrategia.com\/portal\/wp-json\/wp\/v2\/posts\/57726\/revisions"}],"predecessor-version":[{"id":62645,"href":"https:\/\/cj.estrategia.com\/portal\/wp-json\/wp\/v2\/posts\/57726\/revisions\/62645"}],"wp:featuredmedia":[{"embeddable":true,"href":"https:\/\/cj.estrategia.com\/portal\/wp-json\/wp\/v2\/media\/57727"}],"wp:attachment":[{"href":"https:\/\/cj.estrategia.com\/portal\/wp-json\/wp\/v2\/media?parent=57726"}],"wp:term":[{"taxonomy":"category","embeddable":true,"href":"https:\/\/cj.estrategia.com\/portal\/wp-json\/wp\/v2\/categories?post=57726"},{"taxonomy":"post_tag","embeddable":true,"href":"https:\/\/cj.estrategia.com\/portal\/wp-json\/wp\/v2\/tags?post=57726"},{"taxonomy":"tax_estado","embeddable":true,"href":"https:\/\/cj.estrategia.com\/portal\/wp-json\/wp\/v2\/tax_estado?post=57726"}],"curies":[{"name":"wp","href":"https:\/\/api.w.org\/{rel}","templated":true}]}}