{"id":57613,"date":"2024-03-11T14:23:32","date_gmt":"2024-03-11T17:23:32","guid":{"rendered":"https:\/\/cj.estrategia.com\/portal\/?p=57613"},"modified":"2024-03-11T19:37:23","modified_gmt":"2024-03-11T22:37:23","slug":"prisao-especial","status":"publish","type":"post","link":"https:\/\/cj.estrategia.com\/portal\/prisao-especial\/","title":{"rendered":"Pris\u00e3o especial aos portadores de diploma superior: n\u00e3o recep\u00e7\u00e3o"},"content":{"rendered":"\n<p>Hoje, vamos conhecer um pouco a respeito da <strong>n\u00e3o recep\u00e7\u00e3o pela CF-88, <\/strong><strong>\u00e0 luz da jurisprud\u00eancia do STF<\/strong>,<strong> da pris\u00e3o especial aos portadores de diploma de curso superior<\/strong>, dando enfoque aos temas mais cobrados na \u00e1rea dos <strong>concursos de carreira jur\u00eddica<\/strong>.<\/p>\n\n\n\n<p>Vamos l\u00e1!<\/p>\n\n\n<div class=\"wp-block-image\">\n<figure class=\"aligncenter size-full is-resized\"><img decoding=\"async\" src=\"https:\/\/dhg1h5j42swfq.cloudfront.net\/2024\/02\/20135810\/prisao-especial.jpg\" alt=\"Pris\u00e3o especial\" class=\"wp-image-1355343\" style=\"width:635px;height:auto\" \/><figcaption class=\"wp-element-caption\">Pris\u00e3o especial<\/figcaption><\/figure>\n<\/div>\n\n\n<h2 class=\"wp-block-heading\" id=\"h-1-prisao-especial-comando-do-stf\"><span id=\"1-prisao-especial-comando-do-stf\">1. Pris\u00e3o especial: comando do STF<\/span><\/h2>\n\n\n\n<p><mark class=\"has-inline-color has-black-color\">No julgamento da ADPF 334<\/mark>, o STF estabeleceu o seguinte comando:<\/p>\n\n\n\n<blockquote class=\"wp-block-quote is-layout-flow wp-block-quote-is-layout-flow\">\n<p>\u00c9 <strong><span style=\"text-decoration: underline\">incompat\u00edvel<\/span><\/strong> com a <a href=\"https:\/\/www.planalto.gov.br\/ccivil_03\/constituicao\/constituicao.htm\" target=\"_blank\" >Constitui\u00e7\u00e3o Federal de 1988<\/a> \u2014 por ofensa ao princ\u00edpio da <strong>isonomia<\/strong> (CF\/1988, arts. 3\u00ba, IV; e 5\u00ba, \u201ccaput\u201d) \u2014 a previs\u00e3o contida no inciso VII do art. 295 do C\u00f3digo de Processo Penal (CPP), que concede o direito a <strong>pris\u00e3o especial<\/strong>, at\u00e9 decis\u00e3o penal definitiva, <strong>a pessoas com diploma de ensino superior<\/strong>.<\/p>\n<\/blockquote>\n\n\n\n<p>Como se v\u00ea, o STF promoveu a <span style=\"text-decoration: underline\"><mark style=\"background-color:#8ed1fc\" class=\"has-inline-color\"><strong>n\u00e3o recep\u00e7\u00e3o<\/strong> <strong>pela CF-88<\/strong><\/mark><\/span> da norma inserta no <strong>art. 295, VII, do CPP<\/strong>. Vejamos o dispositivo legal:<\/p>\n\n\n\n<figure class=\"wp-block-table\"><table><tbody><tr><td><strong>Art.\u00a0295, CPP \u2013<\/strong>\u00a0Ser\u00e3o recolhidos a <strong>quart\u00e9is ou a pris\u00e3o especial<\/strong>, \u00e0 disposi\u00e7\u00e3o da autoridade competente, quando sujeitos a pris\u00e3o <strong><span style=\"text-decoration: underline\">antes de condena\u00e7\u00e3o definitiva<\/span><\/strong>:<br><strong>VII<\/strong>\u00a0\u2013\u00a0os diplomados por qualquer das faculdades superiores da Rep\u00fablica;<\/td><\/tr><\/tbody><\/table><\/figure>\n\n\n\n<p>Abaixo, compilaremos \u2013 com a devida adequa\u00e7\u00e3o \u2013 e esquematizaremos a ementa do caso para maior compreens\u00e3o do tema.<\/p>\n\n\n\n<h2 class=\"wp-block-heading\" id=\"h-2-prisao-especial-conceito\"><span id=\"2-prisao-especial-conceito\">2. Pris\u00e3o especial: conceito<\/span><\/h2>\n\n\n\n<p>Conforme o STF (ADPF 334), a pris\u00e3o especial constitui o <strong><span style=\"text-decoration: underline\">recolhimento provis\u00f3rio<\/span><\/strong> em local <strong><span style=\"text-decoration: underline\">distinto<\/span><\/strong>, cuja concess\u00e3o se admite, \u00e0 luz da Constitui\u00e7\u00e3o, quando a segrega\u00e7\u00e3o do ambiente prisional comum visa a atender a <strong><mark style=\"background-color:#8ed1fc\" class=\"has-inline-color\">determinadas circunst\u00e2ncias pessoais<\/mark><\/strong> que colocam seus benefici\u00e1rios em situa\u00e7\u00e3o de <strong>maior e mais gravosa exposi\u00e7\u00e3o ao conv\u00edvio geral no c\u00e1rcere<\/strong>. <\/p>\n\n\n\n<p>Assim, exp\u00f4-los ao contato com a popula\u00e7\u00e3o carcer\u00e1ria frustraria a tutela desses <strong>interesses constitucionalmente protegidos<\/strong>.<\/p>\n\n\n\n<h3 class=\"wp-block-heading\" id=\"h-2-1-previsao-legal\"><span id=\"2-1-previsao-legal\">2.1. Previs\u00e3o legal<\/span><\/h3>\n\n\n\n<p>A <strong>pris\u00e3o especial<\/strong> est\u00e1 prevista no art. 295 do C\u00f3digo de Processo Penal. Nesse sentido:<\/p>\n\n\n\n<figure class=\"wp-block-table\"><table><tbody><tr><td><strong>Art.\u00a0295, CPP \u2013<\/strong>\u00a0Ser\u00e3o recolhidos a <strong>quart\u00e9is ou a pris\u00e3o especial<\/strong>, \u00e0 disposi\u00e7\u00e3o da autoridade competente, quando sujeitos a pris\u00e3o <strong><span style=\"text-decoration: underline\">antes de condena\u00e7\u00e3o definitiva<\/span><\/strong>:<br><strong>I\u00a0\u2013<\/strong>\u00a0os ministros de Estado;<br><strong>II \u2013<\/strong> os governadores ou interventores de Estados, ou Territ\u00f3rios, o prefeito do Distrito Federal, seus respectivos secret\u00e1rios e chefes de Pol\u00edcia;<br><strong>II<\/strong> \u2013 os governadores ou interventores de Estados ou Territ\u00f3rios, o prefeito do Distrito Federal, seus respectivos secret\u00e1rios, os prefeitos municipais, os vereadores e os chefes de Pol\u00edcia;\u00a0\u00a0\u00a0\u00a0\u00a0\u00a0\u00a0\u00a0\u00a0\u00a0<br><strong>III\u00a0\u2013<\/strong>\u00a0os membros do Parlamento Nacional, do Conselho de Economia Nacional e das Assembleias Legislativas dos Estados;<br><strong>IV<\/strong>\u00a0\u2013\u00a0os cidad\u00e3os inscritos no \u201cLivro de M\u00e9rito\u201d;<br><strong>V<\/strong>\u00a0\u2013\u00a0os oficiais das For\u00e7as Armadas e do Corpo de Bombeiros;<br><strong>V<\/strong> \u2013 os oficiais das For\u00e7as Armadas e os militares dos Estados, do Distrito Federal e dos Territ\u00f3rios;<br><strong>VI<\/strong>\u00a0\u2013\u00a0os magistrados;<br><mark style=\"background-color:#8ed1fc\" class=\"has-inline-color\"><strong>VII<\/strong>\u00a0\u2013\u00a0os diplomados por qualquer das faculdades superiores da Rep\u00fablica;\u00a0<\/mark><br><strong>VIII<\/strong>\u00a0\u2013\u00a0os ministros de confiss\u00e3o religiosa;<br><strong>IX<\/strong>\u00a0\u2013\u00a0os ministros do Tribunal de Contas;<br><strong>X<\/strong>\u00a0\u2013\u00a0os cidad\u00e3os que j\u00e1 tiverem exercido efetivamente a <strong>fun\u00e7\u00e3o de jurado<\/strong>, salvo quando exclu\u00eddos da lista por motivo de incapacidade para o exerc\u00edcio daquela fun\u00e7\u00e3o;<br><strong>XI<\/strong> \u2013 os guardas-civis dos Estados e Territ\u00f3rios, ativos ou inativos.\u00a0\u00a0\u00a0\u00a0\u00a0\u00a0\u00a0\u00a0\u00a0\u00a0\u00a0\u00a0\u00a0\u00a0<br><strong>XI<\/strong> \u2013 os delegados de pol\u00edcia e os guardas-civis dos Estados e Territ\u00f3rios, ativos e inativos.\u00a0\u00a0\u00a0\u00a0\u00a0\u00a0\u00a0\u00a0\u00a0\u00a0<br><strong>\u00a7 1<\/strong>\u2060\u00ba\u00a0A <strong>pris\u00e3o especial<\/strong>, prevista neste C\u00f3digo ou em outras leis, consiste <mark class=\"has-inline-color has-black-color\"><strong>exclusivamente<\/strong> <\/mark>no recolhimento em <strong>local <span style=\"text-decoration: underline\">distinto<\/span> da pris\u00e3o comum<\/strong>.\u00a0\u00a0\u00a0\u00a0\u00a0\u00a0\u00a0\u00a0\u00a0\u00a0\u00a0<\/td><\/tr><\/tbody><\/table><\/figure>\n\n\n\n<h2 class=\"wp-block-heading\" id=\"h-3-prisao-especial-decisao-do-stf\"><span id=\"3-prisao-especial-decisao-do-stf\">3. Pris\u00e3o especial: decis\u00e3o do STF <\/span><\/h2>\n\n\n\n<p><mark class=\"has-inline-color has-black-color\">No julgamento da <\/mark><mark class=\"has-inline-color has-black-color\"><\/mark><mark class=\"has-inline-color has-black-color\">ADPF 334<\/mark>, <mark class=\"has-inline-color has-black-color\">o STF estabeleceu os seguintes comandos em rela\u00e7\u00e3o \u00e0 <strong>pris\u00e3o especial de diplomados em curso superior<\/strong>: <\/mark><\/p>\n\n\n\n<blockquote class=\"wp-block-quote is-layout-flow wp-block-quote-is-layout-flow\">\n<p><strong><mark class=\"has-inline-color has-vivid-red-color\">N\u00e3o h\u00e1 amparo constitucional<\/mark><\/strong> para a segrega\u00e7\u00e3o de presos provis\u00f3rios com apoio no <strong><mark style=\"background-color:#fcb900\" class=\"has-inline-color\">grau de instru\u00e7\u00e3o acad\u00eamica<\/mark><\/strong>, tratando-se de <span style=\"text-decoration: underline\">mera qualifica\u00e7\u00e3o de ordem estritamente pessoal<\/span> e que contribui para a perpetua\u00e7\u00e3o de uma <span style=\"text-decoration: underline\"><strong>inaceit\u00e1vel seletividade socioecon\u00f4mica<\/strong><\/span> <strong>do sistema de justi\u00e7a criminal<\/strong>, incompat\u00edvel com o <strong><mark style=\"background-color:#8ed1fc\" class=\"has-inline-color\">princ\u00edpio da igualdade<\/mark><\/strong> e com o <strong><mark style=\"background-color:#8ed1fc\" class=\"has-inline-color\">Estado democr\u00e1tico de Direito<\/mark><\/strong>. <\/p>\n<\/blockquote>\n\n\n\n<h3 class=\"wp-block-heading\" id=\"h-3-1-principio-da-igualdade\"><span id=\"3-1-principio-da-igualdade\">3.1. Princ\u00edpio da igualdade<\/span><\/h3>\n\n\n\n<p><mark class=\"has-inline-color has-black-color\">Segundo o STF (ADPF 334),<\/mark><mark class=\"has-inline-color has-pale-cyan-blue-color\"> <\/mark>todos os cidad\u00e3os t\u00eam o direito a <strong>tratamento id\u00eantico pela lei<\/strong>, <strong><mark class=\"has-inline-color has-vivid-red-color\">exceto <\/mark><\/strong>quando presente uma <strong><span style=\"text-decoration: underline\">correla\u00e7\u00e3o l\u00f3gica<\/span><\/strong> entre a distin\u00e7\u00e3o que a norma opera e o fator de discr\u00edmen, em conson\u00e2ncia com os crit\u00e9rios albergados pela Constitui\u00e7\u00e3o Federal.<\/p>\n\n\n\n<p>Nesse sentido, o <strong><span style=\"text-decoration: underline\">princ\u00edpio constitucional da igualdade<\/span><\/strong> opera em <strong>dois planos distintos<\/strong>:<\/p>\n\n\n\n<ul class=\"wp-block-list\">\n<li>de uma parte, frente ao <strong><mark class=\"has-inline-color has-vivid-red-color\">Legislador <\/mark><mark class=\"has-inline-color has-black-color\">ou <\/mark><\/strong><mark class=\"has-inline-color has-black-color\">ao<\/mark><strong><mark class=\"has-inline-color has-black-color\"> <\/mark><mark class=\"has-inline-color has-vivid-red-color\">Executivo<\/mark><\/strong>, na edi\u00e7\u00e3o de leis e atos normativos, impedindo \u2013 dessa forma \u2013 que possam criar tratamentos abusivamente diferenciados a pessoas que se encontram em situa\u00e7\u00f5es id\u00eanticas;<\/li>\n\n\n\n<li>em outro plano, na obriga\u00e7\u00e3o direcionada ao <strong><mark class=\"has-inline-color has-vivid-red-color\"><span style=\"text-decoration: underline\">int\u00e9rprete<\/span> <\/mark><\/strong><mark class=\"has-inline-color has-black-color\">de aplicar a lei e atos normativos <\/mark>de maneira igualit\u00e1ria, sem estabelecimento de diferencia\u00e7\u00f5es em raz\u00e3o de <strong>sexo, religi\u00e3o, convic\u00e7\u00f5es<br>filos\u00f3ficas ou pol\u00edticas, de ra\u00e7a ou classe social<\/strong>.<\/li>\n<\/ul>\n\n\n\n<p>Dessa forma, <span style=\"text-decoration: underline\">para o STF<\/span>, <strong>ausente qualquer justificativa<\/strong> que empregue sentido v\u00e1lido ao <span style=\"text-decoration: underline\">fator de discr\u00edmen<\/span> indicado na norma impugnada, a conclus\u00e3o \u00e9 a de que a<strong> pris\u00e3o especial<\/strong>, em rela\u00e7\u00e3o aos portadores de diploma de n\u00edvel superior, \u00e9 inconcili\u00e1vel com o <strong><mark style=\"background-color:#8ed1fc\" class=\"has-inline-color\">preceito fundamental da isonomia<\/mark><\/strong> (art. 3\u00ba, IV, e art. 5\u00ba, caput, CF).<\/p>\n\n\n\n<p>Visto isso, encerramos, assim, as principais nuances acerca da <strong>n\u00e3o recep\u00e7\u00e3o pela CF-88<\/strong> <strong>da pris\u00e3o especial aos portadores de diploma de curso superior <\/strong>\u00e0 luz de eminente decis\u00e3o do STF.<\/p>\n\n\n\n<h2 class=\"wp-block-heading\" id=\"h-conclusao\"><span id=\"conclusao\">Conclus\u00e3o<\/span><\/h2>\n\n\n\n<p>Hoje, vimos um pouco a respeito da <strong>n\u00e3o recep\u00e7\u00e3o pela CF-88<\/strong> da pris\u00e3o especial aos portadores de diploma de curso superior, em especial acerca de seus <strong>fundamentos principais<\/strong> elencados na jurisprud\u00eancia superior.<\/p>\n\n\n\n<p>Assim, finalizamos, por ora, mais um tema empolgante para os que almejam a sonhada carreira jur\u00eddica.<\/p>\n\n\n\n<p>Advertimos que <strong>esse artigo<\/strong>, juntamente com as quest\u00f5es do <a href=\"https:\/\/cj.estrategia.com\/#\" target=\"_blank\" ><u><strong>Sistema de Quest\u00f5es do Estrat\u00e9gia Carreira Jur\u00eddica<\/strong><\/u><\/a>, serve como complemento ao estudo do tema proposto, devendo-se priorizar o material te\u00f3rico, em <strong>PDF<\/strong> ou <strong>videoaula<\/strong>, do curso.<\/p>\n\n\n\n<p>At\u00e9 a pr\u00f3xima!<\/p>\n\n\n\n<p class=\"has-text-align-center\"><strong>Quer saber mais sobre os pr\u00f3ximos concursos?<\/strong><\/p>\n\n\n\n<p class=\"has-text-align-center\"><strong>Confira nossos artigos!<\/strong><\/p>\n\n\n\n<p class=\"has-text-align-center has-pale-cyan-blue-background-color has-background\"><a href=\"https:\/\/cj.estrategia.com\/portal\/concursos-abertos-carreiras-juridicas\/\" target=\"_blank\" >Concursos abertos<\/a><\/p>\n\n\n\n<p class=\"has-text-align-center has-pale-cyan-blue-background-color has-background\"><a href=\"https:\/\/cj.estrategia.com\/portal\/concursos-2024-carreiras-juridicas\/\" target=\"_blank\" >Concursos 2024<\/a><\/p>\n","protected":false},"excerpt":{"rendered":"Hoje, vamos conhecer um pouco a respeito da n\u00e3o recep\u00e7\u00e3o pela CF-88, \u00e0 luz da jurisprud\u00eancia do STF,&hellip;\n","protected":false},"author":127,"featured_media":57616,"comment_status":"open","ping_status":"open","sticky":false,"template":"","format":"standard","meta":{"_jetpack_memberships_contains_paid_content":false,"footnotes":""},"categories":[1,27,28,26,25],"tags":[],"tax_estado":[30,31,32,33,34,35,36,37,38,39,40,41,42,43,44,45,46,47,48,49,50,51,52,53,54,55,56,57],"class_list":{"0":"post-57613","1":"post","2":"type-post","3":"status-publish","4":"format-standard","5":"has-post-thumbnail","7":"category-carreiras-juridicas","8":"category-defensoria","9":"category-delegado","10":"category-magistratura","11":"category-promotoria","12":"tax_estado-ac","13":"tax_estado-al","14":"tax_estado-am","15":"tax_estado-ap","16":"tax_estado-ba","17":"tax_estado-ce","18":"tax_estado-concursos-federais","19":"tax_estado-df","20":"tax_estado-es","21":"tax_estado-go","22":"tax_estado-ma","23":"tax_estado-mg","24":"tax_estado-ms","25":"tax_estado-mt","26":"tax_estado-pa","27":"tax_estado-pb","28":"tax_estado-pe","29":"tax_estado-pi","30":"tax_estado-pr","31":"tax_estado-rj","32":"tax_estado-rn","33":"tax_estado-ro","34":"tax_estado-rr","35":"tax_estado-rs","36":"tax_estado-sc","37":"tax_estado-se","38":"tax_estado-sp","39":"tax_estado-to"},"acf":[],"yoast_head":"<!-- This site is optimized with the Yoast SEO Premium plugin v27.5 (Yoast SEO v27.5) - https:\/\/yoast.com\/product\/yoast-seo-premium-wordpress\/ -->\n<title>Pris\u00e3o especial aos portadores de diploma superior: n\u00e3o recep\u00e7\u00e3o<\/title>\n<meta name=\"description\" content=\"Hoje, vamos falar acerca da n\u00e3o recep\u00e7\u00e3o pela CF-88, segundo o STF, da pris\u00e3o especial aos portadores de diploma de curso superior.\" \/>\n<meta name=\"robots\" content=\"index, follow, max-snippet:-1, max-image-preview:large, max-video-preview:-1\" \/>\n<link rel=\"canonical\" href=\"https:\/\/cj.estrategia.com\/portal\/prisao-especial\/\" \/>\n<meta property=\"og:locale\" content=\"pt_BR\" \/>\n<meta property=\"og:type\" content=\"article\" \/>\n<meta property=\"og:title\" content=\"Pris\u00e3o especial aos portadores de diploma superior: n\u00e3o recep\u00e7\u00e3o\" \/>\n<meta property=\"og:description\" content=\"Hoje, vamos falar acerca da n\u00e3o recep\u00e7\u00e3o pela CF-88, segundo o STF, da pris\u00e3o especial aos portadores de diploma de curso superior.\" \/>\n<meta property=\"og:url\" content=\"https:\/\/cj.estrategia.com\/portal\/prisao-especial\/\" \/>\n<meta property=\"og:site_name\" content=\"Blog - Carreiras Jur\u00eddicas - Estrat\u00e9gia\" \/>\n<meta property=\"article:publisher\" content=\"https:\/\/www.facebook.com\/estrategiacarreirajuridica\/\" \/>\n<meta property=\"article:published_time\" content=\"2024-03-11T17:23:32+00:00\" \/>\n<meta property=\"article:modified_time\" content=\"2024-03-11T22:37:23+00:00\" \/>\n<meta property=\"og:image\" content=\"https:\/\/cj.estrategia.com\/portal\/wp-content\/uploads\/2024\/03\/08183145\/prisao-especial.jpg\" \/>\n\t<meta property=\"og:image:width\" content=\"1024\" \/>\n\t<meta property=\"og:image:height\" content=\"535\" \/>\n\t<meta property=\"og:image:type\" content=\"image\/jpeg\" \/>\n<meta name=\"author\" content=\"Heloana Vera Albuquerque\" \/>\n<meta name=\"twitter:card\" content=\"summary_large_image\" \/>\n<meta name=\"twitter:creator\" content=\"@EstratJuridica\" \/>\n<meta name=\"twitter:site\" content=\"@EstratJuridica\" \/>\n<meta name=\"twitter:label1\" content=\"Escrito por\" \/>\n\t<meta name=\"twitter:data1\" content=\"Heloana Vera Albuquerque\" \/>\n\t<meta name=\"twitter:label2\" content=\"Est. tempo de leitura\" \/>\n\t<meta name=\"twitter:data2\" content=\"5 minutos\" \/>\n<script type=\"application\/ld+json\" class=\"yoast-schema-graph\">{\"@context\":\"https:\\\/\\\/schema.org\",\"@graph\":[{\"@type\":\"NewsArticle\",\"@id\":\"https:\\\/\\\/cj.estrategia.com\\\/portal\\\/prisao-especial\\\/#article\",\"isPartOf\":{\"@id\":\"https:\\\/\\\/cj.estrategia.com\\\/portal\\\/prisao-especial\\\/\"},\"author\":{\"name\":\"Heloana Vera Albuquerque\",\"@id\":\"https:\\\/\\\/cj.estrategia.com\\\/portal\\\/#\\\/schema\\\/person\\\/e3116c33097aaffcd61a5fe8d71846c4\"},\"headline\":\"Pris\u00e3o especial aos portadores de diploma superior: n\u00e3o recep\u00e7\u00e3o\",\"datePublished\":\"2024-03-11T17:23:32+00:00\",\"dateModified\":\"2024-03-11T22:37:23+00:00\",\"mainEntityOfPage\":{\"@id\":\"https:\\\/\\\/cj.estrategia.com\\\/portal\\\/prisao-especial\\\/\"},\"wordCount\":1114,\"commentCount\":0,\"publisher\":{\"@id\":\"https:\\\/\\\/cj.estrategia.com\\\/portal\\\/#organization\"},\"image\":{\"@id\":\"https:\\\/\\\/cj.estrategia.com\\\/portal\\\/prisao-especial\\\/#primaryimage\"},\"thumbnailUrl\":\"https:\\\/\\\/cj.estrategia.com\\\/portal\\\/wp-content\\\/uploads\\\/2024\\\/03\\\/08183145\\\/prisao-especial.jpg\",\"articleSection\":[\"Carreiras Jur\u00eddicas\",\"Defensoria\",\"Delegado\",\"Magistratura\",\"Promotoria\"],\"inLanguage\":\"pt-BR\",\"potentialAction\":[{\"@type\":\"CommentAction\",\"name\":\"Comment\",\"target\":[\"https:\\\/\\\/cj.estrategia.com\\\/portal\\\/prisao-especial\\\/#respond\"]}]},{\"@type\":\"WebPage\",\"@id\":\"https:\\\/\\\/cj.estrategia.com\\\/portal\\\/prisao-especial\\\/\",\"url\":\"https:\\\/\\\/cj.estrategia.com\\\/portal\\\/prisao-especial\\\/\",\"name\":\"Pris\u00e3o especial aos portadores de diploma superior: n\u00e3o recep\u00e7\u00e3o\",\"isPartOf\":{\"@id\":\"https:\\\/\\\/cj.estrategia.com\\\/portal\\\/#website\"},\"primaryImageOfPage\":{\"@id\":\"https:\\\/\\\/cj.estrategia.com\\\/portal\\\/prisao-especial\\\/#primaryimage\"},\"image\":{\"@id\":\"https:\\\/\\\/cj.estrategia.com\\\/portal\\\/prisao-especial\\\/#primaryimage\"},\"thumbnailUrl\":\"https:\\\/\\\/cj.estrategia.com\\\/portal\\\/wp-content\\\/uploads\\\/2024\\\/03\\\/08183145\\\/prisao-especial.jpg\",\"datePublished\":\"2024-03-11T17:23:32+00:00\",\"dateModified\":\"2024-03-11T22:37:23+00:00\",\"description\":\"Hoje, vamos falar acerca da n\u00e3o recep\u00e7\u00e3o pela CF-88, segundo o STF, da pris\u00e3o especial aos portadores de diploma de curso superior.\",\"breadcrumb\":{\"@id\":\"https:\\\/\\\/cj.estrategia.com\\\/portal\\\/prisao-especial\\\/#breadcrumb\"},\"inLanguage\":\"pt-BR\",\"potentialAction\":[{\"@type\":\"ReadAction\",\"target\":[\"https:\\\/\\\/cj.estrategia.com\\\/portal\\\/prisao-especial\\\/\"]}]},{\"@type\":\"ImageObject\",\"inLanguage\":\"pt-BR\",\"@id\":\"https:\\\/\\\/cj.estrategia.com\\\/portal\\\/prisao-especial\\\/#primaryimage\",\"url\":\"https:\\\/\\\/cj.estrategia.com\\\/portal\\\/wp-content\\\/uploads\\\/2024\\\/03\\\/08183145\\\/prisao-especial.jpg\",\"contentUrl\":\"https:\\\/\\\/cj.estrategia.com\\\/portal\\\/wp-content\\\/uploads\\\/2024\\\/03\\\/08183145\\\/prisao-especial.jpg\",\"width\":1024,\"height\":535},{\"@type\":\"BreadcrumbList\",\"@id\":\"https:\\\/\\\/cj.estrategia.com\\\/portal\\\/prisao-especial\\\/#breadcrumb\",\"itemListElement\":[{\"@type\":\"ListItem\",\"position\":1,\"name\":\"In\u00edcio\",\"item\":\"https:\\\/\\\/cj.estrategia.com\\\/portal\\\/\"},{\"@type\":\"ListItem\",\"position\":2,\"name\":\"Pris\u00e3o especial aos portadores de diploma superior: n\u00e3o recep\u00e7\u00e3o\"}]},{\"@type\":\"WebSite\",\"@id\":\"https:\\\/\\\/cj.estrategia.com\\\/portal\\\/#website\",\"url\":\"https:\\\/\\\/cj.estrategia.com\\\/portal\\\/\",\"name\":\"Blog - Carreiras Jur\u00eddicas - Estrat\u00e9gia\",\"description\":\"\",\"publisher\":{\"@id\":\"https:\\\/\\\/cj.estrategia.com\\\/portal\\\/#organization\"},\"potentialAction\":[{\"@type\":\"SearchAction\",\"target\":{\"@type\":\"EntryPoint\",\"urlTemplate\":\"https:\\\/\\\/cj.estrategia.com\\\/portal\\\/?s={search_term_string}\"},\"query-input\":{\"@type\":\"PropertyValueSpecification\",\"valueRequired\":true,\"valueName\":\"search_term_string\"}}],\"inLanguage\":\"pt-BR\"},{\"@type\":\"Organization\",\"@id\":\"https:\\\/\\\/cj.estrategia.com\\\/portal\\\/#organization\",\"name\":\"Estrat\u00e9gia - Carreiras Jur\u00eddicas\",\"url\":\"https:\\\/\\\/cj.estrategia.com\\\/portal\\\/\",\"logo\":{\"@type\":\"ImageObject\",\"inLanguage\":\"pt-BR\",\"@id\":\"https:\\\/\\\/cj.estrategia.com\\\/portal\\\/#\\\/schema\\\/logo\\\/image\\\/\",\"url\":\"https:\\\/\\\/cj.estrategia.com\\\/portal\\\/wp-content\\\/uploads\\\/2022\\\/03\\\/11151052\\\/cj-logo.png\",\"contentUrl\":\"https:\\\/\\\/cj.estrategia.com\\\/portal\\\/wp-content\\\/uploads\\\/2022\\\/03\\\/11151052\\\/cj-logo.png\",\"width\":150,\"height\":39,\"caption\":\"Estrat\u00e9gia - Carreiras Jur\u00eddicas\"},\"image\":{\"@id\":\"https:\\\/\\\/cj.estrategia.com\\\/portal\\\/#\\\/schema\\\/logo\\\/image\\\/\"},\"sameAs\":[\"https:\\\/\\\/www.facebook.com\\\/estrategiacarreirajuridica\\\/\",\"https:\\\/\\\/x.com\\\/EstratJuridica\",\"https:\\\/\\\/www.instagram.com\\\/estrategiacarreirajuridica\\\/\",\"https:\\\/\\\/www.youtube.com\\\/channel\\\/UClbMGuYbj2Mh1m3w144ETWQ\"]},{\"@type\":\"Person\",\"@id\":\"https:\\\/\\\/cj.estrategia.com\\\/portal\\\/#\\\/schema\\\/person\\\/e3116c33097aaffcd61a5fe8d71846c4\",\"name\":\"Heloana Vera Albuquerque\",\"image\":{\"@type\":\"ImageObject\",\"inLanguage\":\"pt-BR\",\"@id\":\"https:\\\/\\\/secure.gravatar.com\\\/avatar\\\/24ae914faa49e70cf228cfa75150ff826756fa9dbbadf55254a1c17b67917d8a?s=96&d=mm&r=g\",\"url\":\"https:\\\/\\\/secure.gravatar.com\\\/avatar\\\/24ae914faa49e70cf228cfa75150ff826756fa9dbbadf55254a1c17b67917d8a?s=96&d=mm&r=g\",\"contentUrl\":\"https:\\\/\\\/secure.gravatar.com\\\/avatar\\\/24ae914faa49e70cf228cfa75150ff826756fa9dbbadf55254a1c17b67917d8a?s=96&d=mm&r=g\",\"caption\":\"Heloana Vera Albuquerque\"},\"description\":\"Aprovada para Oficial de Justi\u00e7a Avaliador Federal, Analista Judici\u00e1rio do Tribunal de Justi\u00e7a, Analista do Minist\u00e9rio P\u00fablico, Procurador Municipal e Juiz Leigo do JEC.\",\"award\":[\"L\u00e1urea universit\u00e1ria no Curso de Direito\"],\"url\":\"https:\\\/\\\/cj.estrategia.com\\\/portal\\\/author\\\/heloana-vera-albuquerque\\\/\"}]}<\/script>\n<!-- \/ Yoast SEO Premium plugin. -->","yoast_head_json":{"title":"Pris\u00e3o especial aos portadores de diploma superior: n\u00e3o recep\u00e7\u00e3o","description":"Hoje, vamos falar acerca da n\u00e3o recep\u00e7\u00e3o pela CF-88, segundo o STF, da pris\u00e3o especial aos portadores de diploma de curso superior.","robots":{"index":"index","follow":"follow","max-snippet":"max-snippet:-1","max-image-preview":"max-image-preview:large","max-video-preview":"max-video-preview:-1"},"canonical":"https:\/\/cj.estrategia.com\/portal\/prisao-especial\/","og_locale":"pt_BR","og_type":"article","og_title":"Pris\u00e3o especial aos portadores de diploma superior: n\u00e3o recep\u00e7\u00e3o","og_description":"Hoje, vamos falar acerca da n\u00e3o recep\u00e7\u00e3o pela CF-88, segundo o STF, da pris\u00e3o especial aos portadores de diploma de curso superior.","og_url":"https:\/\/cj.estrategia.com\/portal\/prisao-especial\/","og_site_name":"Blog - Carreiras Jur\u00eddicas - Estrat\u00e9gia","article_publisher":"https:\/\/www.facebook.com\/estrategiacarreirajuridica\/","article_published_time":"2024-03-11T17:23:32+00:00","article_modified_time":"2024-03-11T22:37:23+00:00","og_image":[{"width":1024,"height":535,"url":"https:\/\/cj.estrategia.com\/portal\/wp-content\/uploads\/2024\/03\/08183145\/prisao-especial.jpg","type":"image\/jpeg"}],"author":"Heloana Vera Albuquerque","twitter_card":"summary_large_image","twitter_creator":"@EstratJuridica","twitter_site":"@EstratJuridica","twitter_misc":{"Escrito por":"Heloana Vera Albuquerque","Est. tempo de leitura":"5 minutos"},"schema":{"@context":"https:\/\/schema.org","@graph":[{"@type":"NewsArticle","@id":"https:\/\/cj.estrategia.com\/portal\/prisao-especial\/#article","isPartOf":{"@id":"https:\/\/cj.estrategia.com\/portal\/prisao-especial\/"},"author":{"name":"Heloana Vera Albuquerque","@id":"https:\/\/cj.estrategia.com\/portal\/#\/schema\/person\/e3116c33097aaffcd61a5fe8d71846c4"},"headline":"Pris\u00e3o especial aos portadores de diploma superior: n\u00e3o recep\u00e7\u00e3o","datePublished":"2024-03-11T17:23:32+00:00","dateModified":"2024-03-11T22:37:23+00:00","mainEntityOfPage":{"@id":"https:\/\/cj.estrategia.com\/portal\/prisao-especial\/"},"wordCount":1114,"commentCount":0,"publisher":{"@id":"https:\/\/cj.estrategia.com\/portal\/#organization"},"image":{"@id":"https:\/\/cj.estrategia.com\/portal\/prisao-especial\/#primaryimage"},"thumbnailUrl":"https:\/\/cj.estrategia.com\/portal\/wp-content\/uploads\/2024\/03\/08183145\/prisao-especial.jpg","articleSection":["Carreiras Jur\u00eddicas","Defensoria","Delegado","Magistratura","Promotoria"],"inLanguage":"pt-BR","potentialAction":[{"@type":"CommentAction","name":"Comment","target":["https:\/\/cj.estrategia.com\/portal\/prisao-especial\/#respond"]}]},{"@type":"WebPage","@id":"https:\/\/cj.estrategia.com\/portal\/prisao-especial\/","url":"https:\/\/cj.estrategia.com\/portal\/prisao-especial\/","name":"Pris\u00e3o especial aos portadores de diploma superior: n\u00e3o recep\u00e7\u00e3o","isPartOf":{"@id":"https:\/\/cj.estrategia.com\/portal\/#website"},"primaryImageOfPage":{"@id":"https:\/\/cj.estrategia.com\/portal\/prisao-especial\/#primaryimage"},"image":{"@id":"https:\/\/cj.estrategia.com\/portal\/prisao-especial\/#primaryimage"},"thumbnailUrl":"https:\/\/cj.estrategia.com\/portal\/wp-content\/uploads\/2024\/03\/08183145\/prisao-especial.jpg","datePublished":"2024-03-11T17:23:32+00:00","dateModified":"2024-03-11T22:37:23+00:00","description":"Hoje, vamos falar acerca da n\u00e3o recep\u00e7\u00e3o pela CF-88, segundo o STF, da pris\u00e3o especial aos portadores de diploma de curso superior.","breadcrumb":{"@id":"https:\/\/cj.estrategia.com\/portal\/prisao-especial\/#breadcrumb"},"inLanguage":"pt-BR","potentialAction":[{"@type":"ReadAction","target":["https:\/\/cj.estrategia.com\/portal\/prisao-especial\/"]}]},{"@type":"ImageObject","inLanguage":"pt-BR","@id":"https:\/\/cj.estrategia.com\/portal\/prisao-especial\/#primaryimage","url":"https:\/\/cj.estrategia.com\/portal\/wp-content\/uploads\/2024\/03\/08183145\/prisao-especial.jpg","contentUrl":"https:\/\/cj.estrategia.com\/portal\/wp-content\/uploads\/2024\/03\/08183145\/prisao-especial.jpg","width":1024,"height":535},{"@type":"BreadcrumbList","@id":"https:\/\/cj.estrategia.com\/portal\/prisao-especial\/#breadcrumb","itemListElement":[{"@type":"ListItem","position":1,"name":"In\u00edcio","item":"https:\/\/cj.estrategia.com\/portal\/"},{"@type":"ListItem","position":2,"name":"Pris\u00e3o especial aos portadores de diploma superior: n\u00e3o recep\u00e7\u00e3o"}]},{"@type":"WebSite","@id":"https:\/\/cj.estrategia.com\/portal\/#website","url":"https:\/\/cj.estrategia.com\/portal\/","name":"Blog - Carreiras Jur\u00eddicas - Estrat\u00e9gia","description":"","publisher":{"@id":"https:\/\/cj.estrategia.com\/portal\/#organization"},"potentialAction":[{"@type":"SearchAction","target":{"@type":"EntryPoint","urlTemplate":"https:\/\/cj.estrategia.com\/portal\/?s={search_term_string}"},"query-input":{"@type":"PropertyValueSpecification","valueRequired":true,"valueName":"search_term_string"}}],"inLanguage":"pt-BR"},{"@type":"Organization","@id":"https:\/\/cj.estrategia.com\/portal\/#organization","name":"Estrat\u00e9gia - Carreiras Jur\u00eddicas","url":"https:\/\/cj.estrategia.com\/portal\/","logo":{"@type":"ImageObject","inLanguage":"pt-BR","@id":"https:\/\/cj.estrategia.com\/portal\/#\/schema\/logo\/image\/","url":"https:\/\/cj.estrategia.com\/portal\/wp-content\/uploads\/2022\/03\/11151052\/cj-logo.png","contentUrl":"https:\/\/cj.estrategia.com\/portal\/wp-content\/uploads\/2022\/03\/11151052\/cj-logo.png","width":150,"height":39,"caption":"Estrat\u00e9gia - Carreiras Jur\u00eddicas"},"image":{"@id":"https:\/\/cj.estrategia.com\/portal\/#\/schema\/logo\/image\/"},"sameAs":["https:\/\/www.facebook.com\/estrategiacarreirajuridica\/","https:\/\/x.com\/EstratJuridica","https:\/\/www.instagram.com\/estrategiacarreirajuridica\/","https:\/\/www.youtube.com\/channel\/UClbMGuYbj2Mh1m3w144ETWQ"]},{"@type":"Person","@id":"https:\/\/cj.estrategia.com\/portal\/#\/schema\/person\/e3116c33097aaffcd61a5fe8d71846c4","name":"Heloana Vera Albuquerque","image":{"@type":"ImageObject","inLanguage":"pt-BR","@id":"https:\/\/secure.gravatar.com\/avatar\/24ae914faa49e70cf228cfa75150ff826756fa9dbbadf55254a1c17b67917d8a?s=96&d=mm&r=g","url":"https:\/\/secure.gravatar.com\/avatar\/24ae914faa49e70cf228cfa75150ff826756fa9dbbadf55254a1c17b67917d8a?s=96&d=mm&r=g","contentUrl":"https:\/\/secure.gravatar.com\/avatar\/24ae914faa49e70cf228cfa75150ff826756fa9dbbadf55254a1c17b67917d8a?s=96&d=mm&r=g","caption":"Heloana Vera Albuquerque"},"description":"Aprovada para Oficial de Justi\u00e7a Avaliador Federal, Analista Judici\u00e1rio do Tribunal de Justi\u00e7a, Analista do Minist\u00e9rio P\u00fablico, Procurador Municipal e Juiz Leigo do JEC.","award":["L\u00e1urea universit\u00e1ria no Curso de Direito"],"url":"https:\/\/cj.estrategia.com\/portal\/author\/heloana-vera-albuquerque\/"}]}},"jetpack_featured_media_url":"https:\/\/cj.estrategia.com\/portal\/wp-content\/uploads\/2024\/03\/08183145\/prisao-especial.jpg","jetpack_sharing_enabled":true,"_links":{"self":[{"href":"https:\/\/cj.estrategia.com\/portal\/wp-json\/wp\/v2\/posts\/57613","targetHints":{"allow":["GET"]}}],"collection":[{"href":"https:\/\/cj.estrategia.com\/portal\/wp-json\/wp\/v2\/posts"}],"about":[{"href":"https:\/\/cj.estrategia.com\/portal\/wp-json\/wp\/v2\/types\/post"}],"author":[{"embeddable":true,"href":"https:\/\/cj.estrategia.com\/portal\/wp-json\/wp\/v2\/users\/127"}],"replies":[{"embeddable":true,"href":"https:\/\/cj.estrategia.com\/portal\/wp-json\/wp\/v2\/comments?post=57613"}],"version-history":[{"count":0,"href":"https:\/\/cj.estrategia.com\/portal\/wp-json\/wp\/v2\/posts\/57613\/revisions"}],"wp:featuredmedia":[{"embeddable":true,"href":"https:\/\/cj.estrategia.com\/portal\/wp-json\/wp\/v2\/media\/57616"}],"wp:attachment":[{"href":"https:\/\/cj.estrategia.com\/portal\/wp-json\/wp\/v2\/media?parent=57613"}],"wp:term":[{"taxonomy":"category","embeddable":true,"href":"https:\/\/cj.estrategia.com\/portal\/wp-json\/wp\/v2\/categories?post=57613"},{"taxonomy":"post_tag","embeddable":true,"href":"https:\/\/cj.estrategia.com\/portal\/wp-json\/wp\/v2\/tags?post=57613"},{"taxonomy":"tax_estado","embeddable":true,"href":"https:\/\/cj.estrategia.com\/portal\/wp-json\/wp\/v2\/tax_estado?post=57613"}],"curies":[{"name":"wp","href":"https:\/\/api.w.org\/{rel}","templated":true}]}}