{"id":57609,"date":"2025-06-11T16:39:46","date_gmt":"2025-06-11T19:39:46","guid":{"rendered":"https:\/\/cj.estrategia.com\/portal\/?p=57609"},"modified":"2026-02-25T19:54:46","modified_gmt":"2026-02-25T22:54:46","slug":"concurso-advogado-rolandia-pr","status":"publish","type":"post","link":"https:\/\/cj.estrategia.com\/portal\/concurso-advogado-rolandia-pr\/","title":{"rendered":"Concurso Advogado Rol\u00e2ndia PR: homologado!"},"content":{"rendered":"\n<p>A <strong>Prefeitura de Rol\u00e2ndia, Paran\u00e1<\/strong>, publicou a <strong>classifica\u00e7\u00e3o final e a homologa\u00e7\u00e3o<\/strong> do concurso p\u00fablico com <strong>oferta de duas vagas para o cargo de Advogado<\/strong>. Veja os documentos:<\/p>\n\n\n\n<ul class=\"wp-block-list\">\n<li><a href=\"https:\/\/cj.estrategia.com\/portal\/wp-content\/uploads\/2025\/02\/13163709\/1725451068400.pdf\" target=\"_blank\" rel=\"noreferrer noopener nofollow\">Classifica\u00e7\u00e3o final<\/a> e <a href=\"https:\/\/cj.estrategia.com\/portal\/wp-content\/uploads\/2025\/02\/13163728\/1725451125351.pdf\" target=\"_blank\" rel=\"noreferrer noopener nofollow\">homologa\u00e7\u00e3o<\/a><\/li>\n<\/ul>\n\n\n\n<p>Para participar da sele\u00e7\u00e3o, os candidatos precisaram possuir <strong>Ensino Superior Completo em Direito<\/strong> e <strong>Registro na Ordem dos Advogados do Brasil (OAB)<\/strong>. O <strong>vencimento inicial foi de R$ 6.363,60<\/strong>.<\/p>\n\n\n\n<p>A <strong>prova objetiva para o cargo de Advogado<\/strong>, com dura\u00e7\u00e3o de <strong>4h30min<\/strong>, incluindo o tempo para preenchimento da Folha de Respostas e elabora\u00e7\u00e3o da <strong>Vers\u00e3o Definitiva da Pe\u00e7a Processual<\/strong>, foi aplicada em <strong>12 de maio de 2024<\/strong>.<\/p>\n\n\n\n<ul class=\"wp-block-list has-very-light-gray-to-cyan-bluish-gray-gradient-background has-background\">\n<li><strong>Concurso Advogado Rol\u00e2ndia PR<\/strong><\/li>\n\n\n\n<li><strong>Status:<\/strong>\u00a0homologado<\/li>\n\n\n\n<li><strong>Banca:<\/strong>\u00a0<a href=\"https:\/\/main.institutounifil.com.br\/concurso\/144\" target=\"_blank\" rel=\"noreferrer noopener nofollow\">Instituto UniFil<\/a><\/li>\n\n\n\n<li><strong>Vagas:\u00a0<\/strong>2<\/li>\n\n\n\n<li><strong>Sal\u00e1rio inicial:<\/strong>\u00a0R$ 6.363,60<\/li>\n<\/ul>\n\n\n\n<p><\/p>\n\n\n\n<div class=\"container\" id=\"boxes\">\n  <div class=\"row\">\n\n    <div class=\"col-sm\">\n      <div class=\"banner-ecj\" id=\"box-assinatura\">\n        <h3 id=\"concurso-advogado-rolandia\" class=\"titulo-assinatura\">Concurso Advogado Rol\u00e2ndia<\/h3>\n        <p class=\"subtitulo-assinatura\">Cursos focados no edital do concurso<\/p>\n        <div class=\"box-botao\">\n          <a class=\"btn-assinatura\" target=\"_blank\" href=\"https:\/\/cj.estrategia.com\/cursos\/home\/\" role=\"button\" rel=\"noopener noreferrer\">Conhe\u00e7a mais<\/a>\n        <\/div>\n      <\/div>\n      <p class=\"texto-auxiliar\">Prepare-se com o melhor material e com quem mais aprova em concursos de Procuradorias em todo o pa\u00eds. \n<\/p>\n    <\/div>\n\n  <\/div>\n<\/div>\n\n\n\n<p><\/p>\n\n\n\n<div class=\"wp-block-yoast-seo-table-of-contents yoast-table-of-contents\"><h2 id=\"o-que-voce-vai-encontrar-neste-artigo\">O que voc\u00ea vai encontrar neste artigo?<\/h2><ul><li><a href=\"#atual\" data-level=\"2\">Concurso Advogado Rol\u00e2ndia PR: situa\u00e7\u00e3o atual<\/a><ul><li><a href=\"#h-classificacao-final-e-homologacao\" data-level=\"3\">Classifica\u00e7\u00e3o final e homologa\u00e7\u00e3o<\/a><\/li><\/ul><\/li><li><a href=\"#carreira\" data-level=\"2\">Carreira de Advogado na Prefeitura de Rol\u00e2ndia PR<\/a><ul><li><a href=\"#cargos\" data-level=\"3\">Cargos e Vagas<\/a><\/li><li><a href=\"#requisitos\" data-level=\"3\">Requisitos<\/a><\/li><li><a href=\"#h-atribuicoes\" data-level=\"3\">Atribui\u00e7\u00f5es<\/a><\/li><\/ul><\/li><li><a href=\"#h-etapas-do-concurso-advogado-rolandia-pr\" data-level=\"2\">Etapas do Concurso Advogado Rol\u00e2ndia PR<\/a><ul><li><a href=\"#h-prova-objetiva\" data-level=\"3\">Prova Objetiva<\/a><\/li><li><a href=\"#h-peca-processual\" data-level=\"3\">Pe\u00e7a Processual<\/a><\/li><li><a href=\"#h-avaliacao-de-titulos\" data-level=\"3\">Avalia\u00e7\u00e3o de t\u00edtulos<\/a><\/li><\/ul><\/li><li><a href=\"#h-como-escolher-a-carreira-juridica-perfeita-para-voce\" data-level=\"2\">Como escolher a carreira jur\u00eddica perfeita para voc\u00ea?<\/a><\/li><li><a href=\"#h-provas-comentadas\" data-level=\"2\">Provas comentadas<\/a><\/li><li><a href=\"#h-material-de-estudo\" data-level=\"2\">Material de estudo<\/a><\/li><li><a href=\"#cursos\" data-level=\"2\">Quer saber tudo sobre concursos previstos? Confira nossos artigos!<\/a><\/li><li><a href=\"#curso\" data-level=\"2\">Quer estudar para Concursos de Direito?<\/a><\/li><\/ul><\/div>\n\n\n\n<h2 class=\"wp-block-heading\" id=\"atual\"><span id=\"concurso-advogado-rolandia-pr-situacao-atual\">Concurso Advogado Rol\u00e2ndia PR: situa\u00e7\u00e3o atual<\/span><\/h2>\n\n\n\n<h3 class=\"wp-block-heading\" id=\"h-classificacao-final-e-homologacao\"><span id=\"classificacao-final-e-homologacao\">Classifica\u00e7\u00e3o final e homologa\u00e7\u00e3o<\/span><\/h3>\n\n\n\n<p>Est\u00e3o oficialmente dispon\u00edveis os resultados do concurso para Advogado de Rol\u00e2ndia, confira:<\/p>\n\n\n\n<ul class=\"wp-block-list\">\n<li><a href=\"https:\/\/cj.estrategia.com\/portal\/wp-content\/uploads\/2025\/02\/13163709\/1725451068400.pdf\" target=\"_blank\" rel=\"noreferrer noopener nofollow\">Classifica\u00e7\u00e3o final<\/a> e <a href=\"https:\/\/cj.estrategia.com\/portal\/wp-content\/uploads\/2025\/02\/13163728\/1725451125351.pdf\" target=\"_blank\" rel=\"noreferrer noopener nofollow\">homologa\u00e7\u00e3o<\/a><\/li>\n<\/ul>\n\n\n\n<h2 class=\"wp-block-heading\" id=\"carreira\"><span id=\"carreira-de-advogado-na-prefeitura-de-rolandia-pr\">Carreira de Advogado na Prefeitura de Rol\u00e2ndia PR<\/span><\/h2>\n\n\n\n<h3 class=\"wp-block-heading\" id=\"cargos\"><span id=\"cargos-e-vagas\">Cargos e Vagas<\/span><\/h3>\n\n\n\n<figure class=\"wp-block-table is-style-stripes\"><table class=\"has-very-light-gray-to-cyan-bluish-gray-gradient-background has-background\"><thead><tr><th class=\"has-text-align-center\" data-align=\"center\">CARGOS<\/th><th class=\"has-text-align-center\" data-align=\"center\">VAGAS<\/th><th class=\"has-text-align-center\" data-align=\"center\">SAL\u00c1RIO<\/th><\/tr><\/thead><tbody><tr><td class=\"has-text-align-center\" data-align=\"center\">Advogado<\/td><td class=\"has-text-align-center\" data-align=\"center\">2<\/td><td class=\"has-text-align-center\" data-align=\"center\">R$ 6.363,60<\/td><\/tr><\/tbody><\/table><\/figure>\n\n\n\n<h3 class=\"wp-block-heading\" id=\"requisitos\">Requisitos<\/h3>\n\n\n\n<p>Ensino Superior Completo em Direito e Registro na Ordem dos Advogadosdo Brasil \u2013 OAB<\/p>\n\n\n\n<h3 class=\"wp-block-heading\" id=\"h-atribuicoes\"><span id=\"atribuicoes\">Atribui\u00e7\u00f5es <\/span><\/h3>\n\n\n\n<p>Elaborar defesas e peti\u00e7\u00f5es judiciais, bem como pareceres jur\u00eddicos internos: visando a promo\u00e7\u00e3o dos interesses p\u00fablicos e a adequa\u00e7\u00e3o dos atos administrativos \u00e0 legisla\u00e7\u00e3o aplicada; apurando as informa\u00e7\u00f5es, compilando os elementos necess\u00e1rios e procedimentos cab\u00edveis aos objetivos municipais; representar o munic\u00edpio em ju\u00edzo, mediante delega\u00e7\u00e3o de compet\u00eancia.<\/p>\n\n\n\n<h2 class=\"wp-block-heading\" id=\"h-etapas-do-concurso-advogado-rolandia-pr\"><span id=\"etapas-do-concurso-advogado-rolandia-pr\">Etapas do Concurso Advogado Rol\u00e2ndia PR<\/span><\/h2>\n\n\n\n<ul class=\"wp-block-list\">\n<li><strong>Prova Objetiva<\/strong>, de car\u00e1ter eliminat\u00f3rio e classificat\u00f3rio.<\/li>\n\n\n\n<li><strong>Pe\u00e7a Processual<\/strong>, de car\u00e1ter eliminat\u00f3rio e classificat\u00f3rio.<\/li>\n\n\n\n<li><strong>Prova de T\u00edtulos<\/strong>, de car\u00e1ter classificat\u00f3rio.<\/li>\n<\/ul>\n\n\n\n<h3 class=\"wp-block-heading\" id=\"h-prova-objetiva\"><span id=\"prova-objetiva\">Prova Objetiva <\/span><\/h3>\n\n\n\n<p>A Prova Objetiva para o cargo de Advogado teve dura\u00e7\u00e3o de 4h30, incluindo o tempo para preenchimento da Folha de Respostas e Vers\u00e3o Definitiva Pe\u00e7a Processual.<\/p>\n\n\n\n<p>A\u00a0<strong>prova\u00a0<\/strong>foi aplicada na cidade de Rol\u00e2ndia no\u00a0<strong>dia 12 de maio<\/strong> de 2024.\u00a0A etapa versou sobre as seguintes disciplinas:<\/p>\n\n\n\n<figure class=\"wp-block-image size-large\"><img decoding=\"async\" width=\"1024\" height=\"264\" src=\"https:\/\/cj.estrategia.com\/portal\/wp-content\/uploads\/2024\/03\/08181306\/image-1-3-1024x264.png\" alt=\"Tabela de detalhes da prova objetiva\" class=\"wp-image-57610\" srcset=\"https:\/\/cj.estrategia.com\/portal\/wp-content\/uploads\/2024\/03\/08181306\/image-1-3-1024x264.png 1024w, https:\/\/cj.estrategia.com\/portal\/wp-content\/uploads\/2024\/03\/08181306\/image-1-3-300x77.png 300w, https:\/\/cj.estrategia.com\/portal\/wp-content\/uploads\/2024\/03\/08181306\/image-1-3-768x198.png 768w, https:\/\/cj.estrategia.com\/portal\/wp-content\/uploads\/2024\/03\/08181306\/image-1-3-380x98.png 380w, https:\/\/cj.estrategia.com\/portal\/wp-content\/uploads\/2024\/03\/08181306\/image-1-3-800x206.png 800w, https:\/\/cj.estrategia.com\/portal\/wp-content\/uploads\/2024\/03\/08181306\/image-1-3-1160x299.png 1160w, https:\/\/cj.estrategia.com\/portal\/wp-content\/uploads\/2024\/03\/08181306\/image-1-3-150x39.png 150w, https:\/\/cj.estrategia.com\/portal\/wp-content\/uploads\/2024\/03\/08181306\/image-1-3.png 1314w\" sizes=\"(max-width: 1024px) 100vw, 1024px\" \/><\/figure>\n\n\n\n<h3 class=\"wp-block-heading\" id=\"h-peca-processual\"><span id=\"peca-processual\">Pe\u00e7a Processual<\/span><\/h3>\n\n\n\n<p>A Pe\u00e7a Processual foi avaliada de acordo com os itens abaixo:<\/p>\n\n\n\n<figure class=\"wp-block-image size-large\"><img decoding=\"async\" width=\"1024\" height=\"283\" src=\"https:\/\/cj.estrategia.com\/portal\/wp-content\/uploads\/2024\/03\/08181848\/image-10-1024x283.png\" alt=\"Tabela de detalhes e pontua\u00e7\u00e3o da pe\u00e7a processual\" class=\"wp-image-57612\" srcset=\"https:\/\/cj.estrategia.com\/portal\/wp-content\/uploads\/2024\/03\/08181848\/image-10-1024x283.png 1024w, https:\/\/cj.estrategia.com\/portal\/wp-content\/uploads\/2024\/03\/08181848\/image-10-300x83.png 300w, https:\/\/cj.estrategia.com\/portal\/wp-content\/uploads\/2024\/03\/08181848\/image-10-768x212.png 768w, https:\/\/cj.estrategia.com\/portal\/wp-content\/uploads\/2024\/03\/08181848\/image-10-380x105.png 380w, https:\/\/cj.estrategia.com\/portal\/wp-content\/uploads\/2024\/03\/08181848\/image-10-800x221.png 800w, https:\/\/cj.estrategia.com\/portal\/wp-content\/uploads\/2024\/03\/08181848\/image-10-1160x320.png 1160w, https:\/\/cj.estrategia.com\/portal\/wp-content\/uploads\/2024\/03\/08181848\/image-10-150x41.png 150w, https:\/\/cj.estrategia.com\/portal\/wp-content\/uploads\/2024\/03\/08181848\/image-10.png 1366w\" sizes=\"(max-width: 1024px) 100vw, 1024px\" \/><\/figure>\n\n\n\n<h3 class=\"wp-block-heading\" id=\"h-avaliacao-de-titulos\"><span id=\"avaliacao-de-titulos\">Avalia\u00e7\u00e3o de t\u00edtulos<\/span><\/h3>\n\n\n\n<p>Foram avaliados os t\u00edtulos dos candidatos aprovados nas etapas anteriores. Foram considerados os constantes na tabela a seguir:<\/p>\n\n\n\n<figure class=\"wp-block-image size-large\"><img decoding=\"async\" width=\"1024\" height=\"495\" src=\"https:\/\/cj.estrategia.com\/portal\/wp-content\/uploads\/2024\/03\/08181736\/image-1-4-1024x495.png\" alt=\"Tabela de atribui\u00e7\u00e3o de pontos na avalia\u00e7\u00e3o de t\u00edtulos\" class=\"wp-image-57611\" srcset=\"https:\/\/cj.estrategia.com\/portal\/wp-content\/uploads\/2024\/03\/08181736\/image-1-4-1024x495.png 1024w, https:\/\/cj.estrategia.com\/portal\/wp-content\/uploads\/2024\/03\/08181736\/image-1-4-300x145.png 300w, https:\/\/cj.estrategia.com\/portal\/wp-content\/uploads\/2024\/03\/08181736\/image-1-4-768x371.png 768w, https:\/\/cj.estrategia.com\/portal\/wp-content\/uploads\/2024\/03\/08181736\/image-1-4-380x184.png 380w, https:\/\/cj.estrategia.com\/portal\/wp-content\/uploads\/2024\/03\/08181736\/image-1-4-800x387.png 800w, https:\/\/cj.estrategia.com\/portal\/wp-content\/uploads\/2024\/03\/08181736\/image-1-4-1160x561.png 1160w, https:\/\/cj.estrategia.com\/portal\/wp-content\/uploads\/2024\/03\/08181736\/image-1-4-150x73.png 150w, https:\/\/cj.estrategia.com\/portal\/wp-content\/uploads\/2024\/03\/08181736\/image-1-4.png 1305w\" sizes=\"(max-width: 1024px) 100vw, 1024px\" \/><\/figure>\n\n\n\n<h2 class=\"wp-block-heading\" id=\"h-como-escolher-a-carreira-juridica-perfeita-para-voce\"><span id=\"como-escolher-a-carreira-juridica-perfeita-para-voce\">Como escolher a carreira jur\u00eddica perfeita para voc\u00ea?<\/span><\/h2>\n\n\n\n<figure class=\"wp-block-embed is-type-video is-provider-youtube wp-block-embed-youtube wp-embed-aspect-16-9 wp-has-aspect-ratio\"><div class=\"wp-block-embed__wrapper\">\n<div class=\"cs-embed cs-embed-responsive\"><iframe title=\"Como escolher a carreira jur\u00eddica perfeita para voc\u00ea?\" width=\"1200\" height=\"675\" src=\"https:\/\/www.youtube.com\/embed\/wiFNGg3F3Jg?feature=oembed\" frameborder=\"0\" allow=\"accelerometer; autoplay; clipboard-write; encrypted-media; gyroscope; picture-in-picture; web-share\" referrerpolicy=\"strict-origin-when-cross-origin\" allowfullscreen><\/iframe><\/div>\n<\/div><\/figure>\n\n\n\n<h2 class=\"wp-block-heading\" id=\"h-provas-comentadas\"><span id=\"provas-comentadas\">Provas comentadas<\/span><\/h2>\n\n\n\n<ul class=\"wp-block-list\">\n<li><a href=\"https:\/\/cj.estrategia.com\/portal\/provas-comentadas-de-carreiras-juridicas\/\" target=\"_blank\" >Provas comentadas de carreiras jur\u00eddicas<\/a><\/li>\n<\/ul>\n\n\n\n<h2 class=\"wp-block-heading\" id=\"h-material-de-estudo\"><span id=\"material-de-estudo\">Material de estudo<\/span><\/h2>\n\n\n\n<ul class=\"wp-block-list\">\n<li><a href=\"https:\/\/www.youtube.com\/watch?v=1aYPd_nzEGo\" target=\"_blank\" >Curso Direito Empresarial 2025<\/a><\/li>\n\n\n\n<li><a href=\"https:\/\/www.youtube.com\/watch?v=68jfIZcQw-k\" target=\"_blank\" >Curso Direito Empresarial em Carreira Jur\u00eddica com o Prof. Daniel Rizza<\/a><\/li>\n\n\n\n<li><a href=\"https:\/\/www.youtube.com\/watch?v=k66DRj8YK84\" target=\"_blank\" >O Guia Definitivo de Pr\u00e1tica Jur\u00eddica para Concursos<\/a><a href=\"https:\/\/www.youtube.com\/c\/Estrat%C3%A9giaCarreiraJur%C3%ADdica\"><\/a><a href=\"https:\/\/www.youtube.com\/c\/Estrat%C3%A9giaCarreiraJur%C3%ADdica\"><\/a><a href=\"https:\/\/www.youtube.com\/c\/Estrat%C3%A9giaCarreiraJur%C3%ADdica\"><\/a><a href=\"https:\/\/www.youtube.com\/c\/Estrat%C3%A9giaCarreiraJur%C3%ADdica\"><\/a><a href=\"https:\/\/www.youtube.com\/c\/Estrat%C3%A9giaCarreiraJur%C3%ADdica\"><\/a><\/li>\n\n\n\n<li><a href=\"https:\/\/www.youtube.com\/watch?v=LfNxh3x8mQM\" target=\"_blank\" >As 20 quest\u00f5es mais cobradas de Direito Civil em provas jur\u00eddicas<\/a><\/li>\n\n\n\n<li><a href=\"https:\/\/www.youtube.com\/watch?v=mUJRcTjm2uk\" target=\"_blank\" >Carreiras Jur\u00eddicas \u2013 Como come\u00e7ar a estudar ainda na faculdade de Direito?<\/a><\/li>\n<\/ul>\n\n\n\n<h2 class=\"wp-block-heading has-text-align-left\" id=\"cursos\"><span id=\"quer-saber-tudo-sobre-concursos-previstosconfira-nossos-artigos\">Quer saber tudo sobre concursos previstos?<br><strong>Confira nossos artigos!<\/strong><\/span><\/h2>\n\n\n\n<ul class=\"wp-block-list\">\n<li><a href=\"https:\/\/cj.estrategia.com\/portal\/concursos-juridicos-2026-prepare-se-para-os-proximos-editais\/\" target=\"_blank\" >Concursos Jur\u00eddicos 2026<\/a><\/li>\n\n\n\n<li><a href=\"https:\/\/cj.estrategia.com\/portal\/concursos-advogados\/\" target=\"_blank\" >Concursos Advogados<\/a><\/li>\n\n\n\n<li><a href=\"https:\/\/cj.estrategia.com\/portal\/concursos-abertos-carreiras-juridicas\/\" target=\"_blank\" >Concursos jur\u00eddicos abertos<\/a><\/li>\n<\/ul>\n\n\n\n<h2 class=\"wp-block-heading has-text-align-left\" id=\"curso\"><span id=\"quer-estudar-para-concursos-de-direito\">Quer estudar para Concursos de Direito?<\/span><\/h2>\n\n\n\n<p>O Estrat\u00e9gia Carreira Jur\u00eddica \u00e9 campe\u00e3o de aprova\u00e7\u00f5es nos concursos para Carreiras Jur\u00eddicas com um corpo docente qualificado e materiais completos. Conhe\u00e7a nossos cursos e garanta sua aprova\u00e7\u00e3o:<\/p>\n\n\n\n<div class=\"wp-block-cover\" style=\"min-height:155px;aspect-ratio:unset;\"><img decoding=\"async\" width=\"1890\" height=\"351\" class=\"wp-block-cover__image-background wp-image-8669\" alt=\"Assinaturas Jur\u00eddicas\" src=\"https:\/\/cj.estrategia.com\/portal\/wp-content\/uploads\/2022\/06\/20151253\/concurso-carreiras-juridicas-assinatura-juridica.jpg\" style=\"object-position:78% 43%\" data-object-fit=\"cover\" data-object-position=\"78% 43%\" srcset=\"https:\/\/cj.estrategia.com\/portal\/wp-content\/uploads\/2022\/06\/20151253\/concurso-carreiras-juridicas-assinatura-juridica.jpg 1890w, https:\/\/cj.estrategia.com\/portal\/wp-content\/uploads\/2022\/06\/20151253\/concurso-carreiras-juridicas-assinatura-juridica-300x56.jpg 300w, https:\/\/cj.estrategia.com\/portal\/wp-content\/uploads\/2022\/06\/20151253\/concurso-carreiras-juridicas-assinatura-juridica-1024x190.jpg 1024w, https:\/\/cj.estrategia.com\/portal\/wp-content\/uploads\/2022\/06\/20151253\/concurso-carreiras-juridicas-assinatura-juridica-768x143.jpg 768w, https:\/\/cj.estrategia.com\/portal\/wp-content\/uploads\/2022\/06\/20151253\/concurso-carreiras-juridicas-assinatura-juridica-1536x285.jpg 1536w, https:\/\/cj.estrategia.com\/portal\/wp-content\/uploads\/2022\/06\/20151253\/concurso-carreiras-juridicas-assinatura-juridica-380x71.jpg 380w, https:\/\/cj.estrategia.com\/portal\/wp-content\/uploads\/2022\/06\/20151253\/concurso-carreiras-juridicas-assinatura-juridica-800x149.jpg 800w, https:\/\/cj.estrategia.com\/portal\/wp-content\/uploads\/2022\/06\/20151253\/concurso-carreiras-juridicas-assinatura-juridica-1160x215.jpg 1160w\" sizes=\"(max-width: 1890px) 100vw, 1890px\" \/><span aria-hidden=\"true\" class=\"wp-block-cover__background has-background-dim\"><\/span><div class=\"wp-block-cover__inner-container is-layout-flow wp-block-cover-is-layout-flow\">\n<h3 id=\"faca-a-sua-assinatura\" class=\"titulo-assinatura\"><span style=\"color: #ffffff;\">Fa\u00e7a a sua assinatura!<\/span><\/h3>\n<p class=\"subtitulo-assinatura\" style=\"display:block!important; line-height: 0;\"><span style=\"color: #ffffff;\">Escolha a sua \u00e1rea.<\/span><\/p>\n<a target=\"_blank\" href=\"https:\/\/www.estrategiaconcursos.com.br\/assinaturas-ecj\/\" rel=\"noopener\"><button style=\"border-radius: 10px; text-transform: capitalize;\">Acessar<\/button><\/a>\n<\/div><\/div>\n\n\n\n<figure class=\"wp-block-image is-resized\"><img decoding=\"async\" src=\"https:\/\/dhg1h5j42swfq.cloudfront.net\/2021\/08\/03075659\/ficha-tecnica-1-1024x632.png\" alt=\"ficha t\u00e9cnica do concurso Advogado Rolandia\" class=\"wp-image-827472\" style=\"width:219px;height:134px\"\/><\/figure>\n\n\n\n<h4 class=\"wp-block-heading\" id=\"ficha\"><span id=\"informacoes-do-concurso-advogado-rolandia-pr\">Informa\u00e7\u00f5es do Concurso Advogado Rol\u00e2ndia PR<\/span><\/h4>\n\n\n\n<ul class=\"wp-block-list\">\n<li><strong>Cargos<\/strong>: Advogado<\/li>\n\n\n\n<li><strong>Vagas<\/strong>: 2<\/li>\n\n\n\n<li><strong>Banca<\/strong>: Instituto UniFil<\/li>\n\n\n\n<li><strong>Escolaridade<\/strong>: Bacharelado em Direito\u00a0+ OAB<\/li>\n\n\n\n<li><strong>Edital: <a href=\"https:\/\/cj.estrategia.com\/portal\/wp-content\/uploads\/2024\/03\/08182559\/Edital-Advogado-Rolandia-PR.pdf\">Advogado Rol\u00e2ndia PR 2024<\/a><\/strong><\/li>\n<\/ul>\n\n\n\n<p><\/p>\n","protected":false},"excerpt":{"rendered":"A Prefeitura de Rol\u00e2ndia, Paran\u00e1, publicou a classifica\u00e7\u00e3o final e a homologa\u00e7\u00e3o do concurso p\u00fablico com oferta de&hellip;\n","protected":false},"author":12,"featured_media":20774,"comment_status":"open","ping_status":"open","sticky":false,"template":"","format":"standard","meta":{"_jetpack_memberships_contains_paid_content":false,"footnotes":""},"categories":[1],"tags":[],"tax_estado":[48],"class_list":{"0":"post-57609","1":"post","2":"type-post","3":"status-publish","4":"format-standard","5":"has-post-thumbnail","7":"category-carreiras-juridicas","8":"tax_estado-pr"},"acf":[],"yoast_head":"<!-- This site is optimized with the Yoast SEO Premium plugin v27.5 (Yoast SEO v27.5) - https:\/\/yoast.com\/product\/yoast-seo-premium-wordpress\/ -->\n<title>Concurso Advogado Rol\u00e2ndia PR: homologado!<\/title>\n<meta name=\"description\" content=\"Saiba tudo sobre o Concurso Advogado Rol\u00e2ndia PR, incluindo detalhes sobre a prova e a classifica\u00e7\u00e3o final dos candidatos.\" \/>\n<meta name=\"robots\" content=\"index, follow, max-snippet:-1, max-image-preview:large, max-video-preview:-1\" \/>\n<link rel=\"canonical\" href=\"https:\/\/cj.estrategia.com\/portal\/concurso-advogado-rolandia-pr\/\" \/>\n<meta property=\"og:locale\" content=\"pt_BR\" \/>\n<meta property=\"og:type\" content=\"article\" \/>\n<meta property=\"og:title\" content=\"Concurso Advogado Rol\u00e2ndia PR: homologado!\" \/>\n<meta property=\"og:description\" content=\"Saiba tudo sobre o Concurso Advogado Rol\u00e2ndia PR, incluindo detalhes sobre a prova e a classifica\u00e7\u00e3o final dos candidatos.\" \/>\n<meta property=\"og:url\" content=\"https:\/\/cj.estrategia.com\/portal\/concurso-advogado-rolandia-pr\/\" \/>\n<meta property=\"og:site_name\" content=\"Blog - Carreiras Jur\u00eddicas - Estrat\u00e9gia\" \/>\n<meta property=\"article:publisher\" content=\"https:\/\/www.facebook.com\/estrategiacarreirajuridica\/\" \/>\n<meta property=\"article:published_time\" content=\"2025-06-11T19:39:46+00:00\" \/>\n<meta property=\"article:modified_time\" content=\"2026-02-25T22:54:46+00:00\" \/>\n<meta property=\"og:image\" content=\"https:\/\/cj.estrategia.com\/portal\/wp-content\/uploads\/2022\/09\/04102134\/Concursos-de-Direito.jpg\" \/>\n\t<meta property=\"og:image:width\" content=\"768\" \/>\n\t<meta property=\"og:image:height\" content=\"432\" \/>\n\t<meta property=\"og:image:type\" content=\"image\/jpeg\" \/>\n<meta name=\"author\" content=\"Coordena\u00e7\u00e3o\" \/>\n<meta name=\"twitter:card\" content=\"summary_large_image\" \/>\n<meta name=\"twitter:creator\" content=\"@EstratJuridica\" \/>\n<meta name=\"twitter:site\" content=\"@EstratJuridica\" \/>\n<meta name=\"twitter:label1\" content=\"Escrito por\" \/>\n\t<meta name=\"twitter:data1\" content=\"Coordena\u00e7\u00e3o\" \/>\n\t<meta name=\"twitter:label2\" content=\"Est. tempo de leitura\" \/>\n\t<meta name=\"twitter:data2\" content=\"4 minutos\" \/>\n<script type=\"application\/ld+json\" class=\"yoast-schema-graph\">{\"@context\":\"https:\\\/\\\/schema.org\",\"@graph\":[{\"@type\":\"NewsArticle\",\"@id\":\"https:\\\/\\\/cj.estrategia.com\\\/portal\\\/concurso-advogado-rolandia-pr\\\/#article\",\"isPartOf\":{\"@id\":\"https:\\\/\\\/cj.estrategia.com\\\/portal\\\/concurso-advogado-rolandia-pr\\\/\"},\"author\":{\"name\":\"Coordena\u00e7\u00e3o\",\"@id\":\"https:\\\/\\\/cj.estrategia.com\\\/portal\\\/#\\\/schema\\\/person\\\/4d70317d31449932b99102916b6637f5\"},\"headline\":\"Concurso Advogado Rol\u00e2ndia PR: homologado!\",\"datePublished\":\"2025-06-11T19:39:46+00:00\",\"dateModified\":\"2026-02-25T22:54:46+00:00\",\"mainEntityOfPage\":{\"@id\":\"https:\\\/\\\/cj.estrategia.com\\\/portal\\\/concurso-advogado-rolandia-pr\\\/\"},\"wordCount\":668,\"commentCount\":0,\"publisher\":{\"@id\":\"https:\\\/\\\/cj.estrategia.com\\\/portal\\\/#organization\"},\"image\":{\"@id\":\"https:\\\/\\\/cj.estrategia.com\\\/portal\\\/concurso-advogado-rolandia-pr\\\/#primaryimage\"},\"thumbnailUrl\":\"https:\\\/\\\/cj.estrategia.com\\\/portal\\\/wp-content\\\/uploads\\\/2022\\\/09\\\/04102134\\\/Concursos-de-Direito.jpg\",\"articleSection\":[\"Carreiras Jur\u00eddicas\"],\"inLanguage\":\"pt-BR\",\"potentialAction\":[{\"@type\":\"CommentAction\",\"name\":\"Comment\",\"target\":[\"https:\\\/\\\/cj.estrategia.com\\\/portal\\\/concurso-advogado-rolandia-pr\\\/#respond\"]}],\"accessibilityFeature\":[\"tableOfContents\"]},{\"@type\":\"WebPage\",\"@id\":\"https:\\\/\\\/cj.estrategia.com\\\/portal\\\/concurso-advogado-rolandia-pr\\\/\",\"url\":\"https:\\\/\\\/cj.estrategia.com\\\/portal\\\/concurso-advogado-rolandia-pr\\\/\",\"name\":\"Concurso Advogado Rol\u00e2ndia PR: homologado!\",\"isPartOf\":{\"@id\":\"https:\\\/\\\/cj.estrategia.com\\\/portal\\\/#website\"},\"primaryImageOfPage\":{\"@id\":\"https:\\\/\\\/cj.estrategia.com\\\/portal\\\/concurso-advogado-rolandia-pr\\\/#primaryimage\"},\"image\":{\"@id\":\"https:\\\/\\\/cj.estrategia.com\\\/portal\\\/concurso-advogado-rolandia-pr\\\/#primaryimage\"},\"thumbnailUrl\":\"https:\\\/\\\/cj.estrategia.com\\\/portal\\\/wp-content\\\/uploads\\\/2022\\\/09\\\/04102134\\\/Concursos-de-Direito.jpg\",\"datePublished\":\"2025-06-11T19:39:46+00:00\",\"dateModified\":\"2026-02-25T22:54:46+00:00\",\"description\":\"Saiba tudo sobre o Concurso Advogado Rol\u00e2ndia PR, incluindo detalhes sobre a prova e a classifica\u00e7\u00e3o final dos candidatos.\",\"breadcrumb\":{\"@id\":\"https:\\\/\\\/cj.estrategia.com\\\/portal\\\/concurso-advogado-rolandia-pr\\\/#breadcrumb\"},\"inLanguage\":\"pt-BR\",\"potentialAction\":[{\"@type\":\"ReadAction\",\"target\":[\"https:\\\/\\\/cj.estrategia.com\\\/portal\\\/concurso-advogado-rolandia-pr\\\/\"]}]},{\"@type\":\"ImageObject\",\"inLanguage\":\"pt-BR\",\"@id\":\"https:\\\/\\\/cj.estrategia.com\\\/portal\\\/concurso-advogado-rolandia-pr\\\/#primaryimage\",\"url\":\"https:\\\/\\\/cj.estrategia.com\\\/portal\\\/wp-content\\\/uploads\\\/2022\\\/09\\\/04102134\\\/Concursos-de-Direito.jpg\",\"contentUrl\":\"https:\\\/\\\/cj.estrategia.com\\\/portal\\\/wp-content\\\/uploads\\\/2022\\\/09\\\/04102134\\\/Concursos-de-Direito.jpg\",\"width\":768,\"height\":432,\"caption\":\"Concursos de direito\"},{\"@type\":\"BreadcrumbList\",\"@id\":\"https:\\\/\\\/cj.estrategia.com\\\/portal\\\/concurso-advogado-rolandia-pr\\\/#breadcrumb\",\"itemListElement\":[{\"@type\":\"ListItem\",\"position\":1,\"name\":\"In\u00edcio\",\"item\":\"https:\\\/\\\/cj.estrategia.com\\\/portal\\\/\"},{\"@type\":\"ListItem\",\"position\":2,\"name\":\"Concurso Advogado Rol\u00e2ndia PR: homologado!\"}]},{\"@type\":\"WebSite\",\"@id\":\"https:\\\/\\\/cj.estrategia.com\\\/portal\\\/#website\",\"url\":\"https:\\\/\\\/cj.estrategia.com\\\/portal\\\/\",\"name\":\"Blog - Carreiras Jur\u00eddicas - Estrat\u00e9gia\",\"description\":\"\",\"publisher\":{\"@id\":\"https:\\\/\\\/cj.estrategia.com\\\/portal\\\/#organization\"},\"potentialAction\":[{\"@type\":\"SearchAction\",\"target\":{\"@type\":\"EntryPoint\",\"urlTemplate\":\"https:\\\/\\\/cj.estrategia.com\\\/portal\\\/?s={search_term_string}\"},\"query-input\":{\"@type\":\"PropertyValueSpecification\",\"valueRequired\":true,\"valueName\":\"search_term_string\"}}],\"inLanguage\":\"pt-BR\"},{\"@type\":\"Organization\",\"@id\":\"https:\\\/\\\/cj.estrategia.com\\\/portal\\\/#organization\",\"name\":\"Estrat\u00e9gia - Carreiras Jur\u00eddicas\",\"url\":\"https:\\\/\\\/cj.estrategia.com\\\/portal\\\/\",\"logo\":{\"@type\":\"ImageObject\",\"inLanguage\":\"pt-BR\",\"@id\":\"https:\\\/\\\/cj.estrategia.com\\\/portal\\\/#\\\/schema\\\/logo\\\/image\\\/\",\"url\":\"https:\\\/\\\/cj.estrategia.com\\\/portal\\\/wp-content\\\/uploads\\\/2022\\\/03\\\/11151052\\\/cj-logo.png\",\"contentUrl\":\"https:\\\/\\\/cj.estrategia.com\\\/portal\\\/wp-content\\\/uploads\\\/2022\\\/03\\\/11151052\\\/cj-logo.png\",\"width\":150,\"height\":39,\"caption\":\"Estrat\u00e9gia - Carreiras Jur\u00eddicas\"},\"image\":{\"@id\":\"https:\\\/\\\/cj.estrategia.com\\\/portal\\\/#\\\/schema\\\/logo\\\/image\\\/\"},\"sameAs\":[\"https:\\\/\\\/www.facebook.com\\\/estrategiacarreirajuridica\\\/\",\"https:\\\/\\\/x.com\\\/EstratJuridica\",\"https:\\\/\\\/www.instagram.com\\\/estrategiacarreirajuridica\\\/\",\"https:\\\/\\\/www.youtube.com\\\/channel\\\/UClbMGuYbj2Mh1m3w144ETWQ\"]},{\"@type\":\"Person\",\"@id\":\"https:\\\/\\\/cj.estrategia.com\\\/portal\\\/#\\\/schema\\\/person\\\/4d70317d31449932b99102916b6637f5\",\"name\":\"Coordena\u00e7\u00e3o\",\"image\":{\"@type\":\"ImageObject\",\"inLanguage\":\"pt-BR\",\"@id\":\"https:\\\/\\\/cj.estrategia.com\\\/portal\\\/wp-content\\\/uploads\\\/2022\\\/05\\\/12164923\\\/estrategia-carreira-juridica-coordenacao-96x96.png\",\"url\":\"https:\\\/\\\/cj.estrategia.com\\\/portal\\\/wp-content\\\/uploads\\\/2022\\\/05\\\/12164923\\\/estrategia-carreira-juridica-coordenacao-96x96.png\",\"contentUrl\":\"https:\\\/\\\/cj.estrategia.com\\\/portal\\\/wp-content\\\/uploads\\\/2022\\\/05\\\/12164923\\\/estrategia-carreira-juridica-coordenacao-96x96.png\",\"caption\":\"Coordena\u00e7\u00e3o\"},\"url\":\"https:\\\/\\\/cj.estrategia.com\\\/portal\\\/author\\\/coordenacao\\\/\"}]}<\/script>\n<!-- \/ Yoast SEO Premium plugin. -->","yoast_head_json":{"title":"Concurso Advogado Rol\u00e2ndia PR: homologado!","description":"Saiba tudo sobre o Concurso Advogado Rol\u00e2ndia PR, incluindo detalhes sobre a prova e a classifica\u00e7\u00e3o final dos candidatos.","robots":{"index":"index","follow":"follow","max-snippet":"max-snippet:-1","max-image-preview":"max-image-preview:large","max-video-preview":"max-video-preview:-1"},"canonical":"https:\/\/cj.estrategia.com\/portal\/concurso-advogado-rolandia-pr\/","og_locale":"pt_BR","og_type":"article","og_title":"Concurso Advogado Rol\u00e2ndia PR: homologado!","og_description":"Saiba tudo sobre o Concurso Advogado Rol\u00e2ndia PR, incluindo detalhes sobre a prova e a classifica\u00e7\u00e3o final dos candidatos.","og_url":"https:\/\/cj.estrategia.com\/portal\/concurso-advogado-rolandia-pr\/","og_site_name":"Blog - Carreiras Jur\u00eddicas - Estrat\u00e9gia","article_publisher":"https:\/\/www.facebook.com\/estrategiacarreirajuridica\/","article_published_time":"2025-06-11T19:39:46+00:00","article_modified_time":"2026-02-25T22:54:46+00:00","og_image":[{"width":768,"height":432,"url":"https:\/\/cj.estrategia.com\/portal\/wp-content\/uploads\/2022\/09\/04102134\/Concursos-de-Direito.jpg","type":"image\/jpeg"}],"author":"Coordena\u00e7\u00e3o","twitter_card":"summary_large_image","twitter_creator":"@EstratJuridica","twitter_site":"@EstratJuridica","twitter_misc":{"Escrito por":"Coordena\u00e7\u00e3o","Est. tempo de leitura":"4 minutos"},"schema":{"@context":"https:\/\/schema.org","@graph":[{"@type":"NewsArticle","@id":"https:\/\/cj.estrategia.com\/portal\/concurso-advogado-rolandia-pr\/#article","isPartOf":{"@id":"https:\/\/cj.estrategia.com\/portal\/concurso-advogado-rolandia-pr\/"},"author":{"name":"Coordena\u00e7\u00e3o","@id":"https:\/\/cj.estrategia.com\/portal\/#\/schema\/person\/4d70317d31449932b99102916b6637f5"},"headline":"Concurso Advogado Rol\u00e2ndia PR: homologado!","datePublished":"2025-06-11T19:39:46+00:00","dateModified":"2026-02-25T22:54:46+00:00","mainEntityOfPage":{"@id":"https:\/\/cj.estrategia.com\/portal\/concurso-advogado-rolandia-pr\/"},"wordCount":668,"commentCount":0,"publisher":{"@id":"https:\/\/cj.estrategia.com\/portal\/#organization"},"image":{"@id":"https:\/\/cj.estrategia.com\/portal\/concurso-advogado-rolandia-pr\/#primaryimage"},"thumbnailUrl":"https:\/\/cj.estrategia.com\/portal\/wp-content\/uploads\/2022\/09\/04102134\/Concursos-de-Direito.jpg","articleSection":["Carreiras Jur\u00eddicas"],"inLanguage":"pt-BR","potentialAction":[{"@type":"CommentAction","name":"Comment","target":["https:\/\/cj.estrategia.com\/portal\/concurso-advogado-rolandia-pr\/#respond"]}],"accessibilityFeature":["tableOfContents"]},{"@type":"WebPage","@id":"https:\/\/cj.estrategia.com\/portal\/concurso-advogado-rolandia-pr\/","url":"https:\/\/cj.estrategia.com\/portal\/concurso-advogado-rolandia-pr\/","name":"Concurso Advogado Rol\u00e2ndia PR: homologado!","isPartOf":{"@id":"https:\/\/cj.estrategia.com\/portal\/#website"},"primaryImageOfPage":{"@id":"https:\/\/cj.estrategia.com\/portal\/concurso-advogado-rolandia-pr\/#primaryimage"},"image":{"@id":"https:\/\/cj.estrategia.com\/portal\/concurso-advogado-rolandia-pr\/#primaryimage"},"thumbnailUrl":"https:\/\/cj.estrategia.com\/portal\/wp-content\/uploads\/2022\/09\/04102134\/Concursos-de-Direito.jpg","datePublished":"2025-06-11T19:39:46+00:00","dateModified":"2026-02-25T22:54:46+00:00","description":"Saiba tudo sobre o Concurso Advogado Rol\u00e2ndia PR, incluindo detalhes sobre a prova e a classifica\u00e7\u00e3o final dos candidatos.","breadcrumb":{"@id":"https:\/\/cj.estrategia.com\/portal\/concurso-advogado-rolandia-pr\/#breadcrumb"},"inLanguage":"pt-BR","potentialAction":[{"@type":"ReadAction","target":["https:\/\/cj.estrategia.com\/portal\/concurso-advogado-rolandia-pr\/"]}]},{"@type":"ImageObject","inLanguage":"pt-BR","@id":"https:\/\/cj.estrategia.com\/portal\/concurso-advogado-rolandia-pr\/#primaryimage","url":"https:\/\/cj.estrategia.com\/portal\/wp-content\/uploads\/2022\/09\/04102134\/Concursos-de-Direito.jpg","contentUrl":"https:\/\/cj.estrategia.com\/portal\/wp-content\/uploads\/2022\/09\/04102134\/Concursos-de-Direito.jpg","width":768,"height":432,"caption":"Concursos de direito"},{"@type":"BreadcrumbList","@id":"https:\/\/cj.estrategia.com\/portal\/concurso-advogado-rolandia-pr\/#breadcrumb","itemListElement":[{"@type":"ListItem","position":1,"name":"In\u00edcio","item":"https:\/\/cj.estrategia.com\/portal\/"},{"@type":"ListItem","position":2,"name":"Concurso Advogado Rol\u00e2ndia PR: homologado!"}]},{"@type":"WebSite","@id":"https:\/\/cj.estrategia.com\/portal\/#website","url":"https:\/\/cj.estrategia.com\/portal\/","name":"Blog - Carreiras Jur\u00eddicas - Estrat\u00e9gia","description":"","publisher":{"@id":"https:\/\/cj.estrategia.com\/portal\/#organization"},"potentialAction":[{"@type":"SearchAction","target":{"@type":"EntryPoint","urlTemplate":"https:\/\/cj.estrategia.com\/portal\/?s={search_term_string}"},"query-input":{"@type":"PropertyValueSpecification","valueRequired":true,"valueName":"search_term_string"}}],"inLanguage":"pt-BR"},{"@type":"Organization","@id":"https:\/\/cj.estrategia.com\/portal\/#organization","name":"Estrat\u00e9gia - Carreiras Jur\u00eddicas","url":"https:\/\/cj.estrategia.com\/portal\/","logo":{"@type":"ImageObject","inLanguage":"pt-BR","@id":"https:\/\/cj.estrategia.com\/portal\/#\/schema\/logo\/image\/","url":"https:\/\/cj.estrategia.com\/portal\/wp-content\/uploads\/2022\/03\/11151052\/cj-logo.png","contentUrl":"https:\/\/cj.estrategia.com\/portal\/wp-content\/uploads\/2022\/03\/11151052\/cj-logo.png","width":150,"height":39,"caption":"Estrat\u00e9gia - Carreiras Jur\u00eddicas"},"image":{"@id":"https:\/\/cj.estrategia.com\/portal\/#\/schema\/logo\/image\/"},"sameAs":["https:\/\/www.facebook.com\/estrategiacarreirajuridica\/","https:\/\/x.com\/EstratJuridica","https:\/\/www.instagram.com\/estrategiacarreirajuridica\/","https:\/\/www.youtube.com\/channel\/UClbMGuYbj2Mh1m3w144ETWQ"]},{"@type":"Person","@id":"https:\/\/cj.estrategia.com\/portal\/#\/schema\/person\/4d70317d31449932b99102916b6637f5","name":"Coordena\u00e7\u00e3o","image":{"@type":"ImageObject","inLanguage":"pt-BR","@id":"https:\/\/cj.estrategia.com\/portal\/wp-content\/uploads\/2022\/05\/12164923\/estrategia-carreira-juridica-coordenacao-96x96.png","url":"https:\/\/cj.estrategia.com\/portal\/wp-content\/uploads\/2022\/05\/12164923\/estrategia-carreira-juridica-coordenacao-96x96.png","contentUrl":"https:\/\/cj.estrategia.com\/portal\/wp-content\/uploads\/2022\/05\/12164923\/estrategia-carreira-juridica-coordenacao-96x96.png","caption":"Coordena\u00e7\u00e3o"},"url":"https:\/\/cj.estrategia.com\/portal\/author\/coordenacao\/"}]}},"jetpack_featured_media_url":"https:\/\/cj.estrategia.com\/portal\/wp-content\/uploads\/2022\/09\/04102134\/Concursos-de-Direito.jpg","jetpack_sharing_enabled":true,"_links":{"self":[{"href":"https:\/\/cj.estrategia.com\/portal\/wp-json\/wp\/v2\/posts\/57609","targetHints":{"allow":["GET"]}}],"collection":[{"href":"https:\/\/cj.estrategia.com\/portal\/wp-json\/wp\/v2\/posts"}],"about":[{"href":"https:\/\/cj.estrategia.com\/portal\/wp-json\/wp\/v2\/types\/post"}],"author":[{"embeddable":true,"href":"https:\/\/cj.estrategia.com\/portal\/wp-json\/wp\/v2\/users\/12"}],"replies":[{"embeddable":true,"href":"https:\/\/cj.estrategia.com\/portal\/wp-json\/wp\/v2\/comments?post=57609"}],"version-history":[{"count":0,"href":"https:\/\/cj.estrategia.com\/portal\/wp-json\/wp\/v2\/posts\/57609\/revisions"}],"wp:featuredmedia":[{"embeddable":true,"href":"https:\/\/cj.estrategia.com\/portal\/wp-json\/wp\/v2\/media\/20774"}],"wp:attachment":[{"href":"https:\/\/cj.estrategia.com\/portal\/wp-json\/wp\/v2\/media?parent=57609"}],"wp:term":[{"taxonomy":"category","embeddable":true,"href":"https:\/\/cj.estrategia.com\/portal\/wp-json\/wp\/v2\/categories?post=57609"},{"taxonomy":"post_tag","embeddable":true,"href":"https:\/\/cj.estrategia.com\/portal\/wp-json\/wp\/v2\/tags?post=57609"},{"taxonomy":"tax_estado","embeddable":true,"href":"https:\/\/cj.estrategia.com\/portal\/wp-json\/wp\/v2\/tax_estado?post=57609"}],"curies":[{"name":"wp","href":"https:\/\/api.w.org\/{rel}","templated":true}]}}