{"id":5723,"date":"2022-06-27T13:00:00","date_gmt":"2022-06-27T16:00:00","guid":{"rendered":"https:\/\/cj.estrategia.com\/portal\/?p=5723"},"modified":"2022-08-29T18:07:49","modified_gmt":"2022-08-29T21:07:49","slug":"edital-delegado-ms","status":"publish","type":"post","link":"https:\/\/cj.estrategia.com\/portal\/edital-delegado-ms\/","title":{"rendered":"Edital Delegado MS: n\u00famero de vagas \u00e9 ampliado para 45!"},"content":{"rendered":"\n<p>De acordo com <a href=\"https:\/\/dhg1h5j42swfq.cloudfront.net\/2022\/06\/27105819\/sodapdf-splitted-diariooficial-64-1.pdf\" target=\"_blank\" rel=\"noreferrer noopener nofollow\">decreto normativo<\/a> publicado no Di\u00e1rio Oficial Eletr\u00f4nico do Mato Grosso do Sul, foi ampliado o n\u00famero de vagas do edital Delegado MS. <\/p>\n\n\n\n<p>Agora, o certame, que registrou 5.260 inscritos, passa a ofertar 45 vagas, sendo 33 para ampla concorr\u00eancia, 9 para negros, 2 para pessoas com defici\u00eancia e 1 para ind\u00edgenas.  <\/p>\n\n\n\n<p>Os candidatos aprovados no curso de forma\u00e7\u00e3o foram convocados para a Cerim\u00f4nia de Formatura da 9\u00aa Turma de Delegado de Pol\u00edcia do Mato Grosso do Sul. <a href=\"https:\/\/cj.estrategia.com\/portal\/wp-content\/uploads\/2022\/06\/13092600\/diarioOficial-72.pdf\" target=\"_blank\" >Confira aqui! <\/a><\/p>\n\n\n\n<ul id=\"block-ee678516-e9d1-48bd-b327-7b9acd55f0fd\" class=\"has-luminous-vivid-amber-to-luminous-vivid-orange-gradient-background has-background wp-block-list\"><li><strong>Edital Delegado MS<\/strong><\/li><li><strong>Status:<\/strong>\u00a0Convocados para a formatura\/aumento no n\u00famero de vagas<\/li><li><strong>Banca:\u00a0<\/strong>FAPEC<\/li><li><strong>Vagas:\u00a0<\/strong>45<\/li><li><strong>Sal\u00e1rio inicial:<\/strong>\u00a0R$ 17.014,18<\/li><li><strong>Edital: <\/strong><a href=\"https:\/\/dhg1h5j42swfq.cloudfront.net\/2021\/10\/26073635\/136264301_dp-pcms.pdf\" target=\"_blank\" rel=\"noreferrer noopener nofollow\"><strong>Delegado MS 2021<\/strong><\/a><\/li><\/ul>\n\n\n\n<p>A secret\u00e1ria de Estado de Administra\u00e7\u00e3o e Desburocratiza\u00e7\u00e3o, Ana Carolina Nardes, j\u00e1 havia revelado que vai acompanhar todas as etapas do concurso Delegado-MS e ir\u00e1 convidar o MPMS (Minist\u00e9rio P\u00fablico do Estado de Mato Grosso do Sul) a participar da fiscaliza\u00e7\u00e3o da sele\u00e7\u00e3o.<\/p>\n\n\n\n<p>Al\u00e9m disso a mandat\u00e1ria j\u00e1 havia divulgado que o concurso deveria habilitar um n\u00famero de candidatos superior \u00e0s vagas inicialmente ofertadas, para que se chegasse ao final do processo com pessoas suficientes para nomea\u00e7\u00e3o e posse. <\/p>\n\n\n\n<p><strong>De acordo com a PC MS, a remunera\u00e7\u00e3o inicial do cargo de <a href=\"https:\/\/www.estrategiaconcursos.com.br\/curso\/pacote-completo-p-pc-ms-delegado-2021-pre-edital\/\" target=\"_blank\" >Delegado de Pol\u00edcia<\/a>  \u00e9 de R$ 17.014,18. <\/strong><\/p>\n\n\n\n<div id=\"boxes\" class=\"container\">\n<div class=\"row\">\n<div class=\"col-sm\">\n<div id=\"box-assinatura\" class=\"banner-estrategia-concursos-juridicos\">\n<h2 id=\"curso-para-delegado-ms\" class=\"titulo-assinatura\"><span style=\"color: #ffffff; font-size: 25px;\">Curso para Delegado MS<\/span><\/h2>\n<p class=\"subtitulo-assinatura\">Cursos focados no edital do concurso<\/p>\n<div class=\"box-botao\"><a class=\"btn-assinatura-juridica\" role=\"button\" href=\"https:\/\/www.estrategiaconcursos.com.br\/curso\/pacote-completo-p-pc-ms-delegado-2021-pre-edital\/\" target=\"_blank\" rel=\"noopener noreferrer\">Conhe\u00e7a mais<\/a><\/div>\n<\/div>\n<p class=\"texto-auxiliar\">Prepare-se com o melhor material e com quem mais aprova em concursos de Procuradorias em todo o pa\u00eds.<\/p>\n<\/div>\n<\/div>\n<\/div>\n\n\n\n<h2 class=\"wp-block-heading\" id=\"atual\"><span id=\"edital-delegado-ms-situacao-atual\">Edital Delegado MS: situa\u00e7\u00e3o atual<\/span><\/h2>\n\n\n\n<h3 id=\"informacoes-confirmadas\" class=\"wp-block-heading\">Informa\u00e7\u00f5es confirmadas<\/h3>\n\n\n\n<p>A secret\u00e1ria de Estado de Administra\u00e7\u00e3o e Desburocratiza\u00e7\u00e3o, Ana Carolina Nardes, j\u00e1 havia afirmado anteriormente que a possibilidade de convocar mais pessoas n\u00e3o estava descartada, mas que isso dependeria do contexto financeiro do Estado e da necessidade da corpora\u00e7\u00e3o.<\/p>\n\n\n\n<p><strong>\u201cPor exemplo, no concurso de delegado, que s\u00e3o 30 vagas, vamos habilitar 150 candidatos que v\u00e3o passar para as pr\u00f3ximas etapas. Porque se classificamos apenas 30, n\u00e3o temos como fechar no final\u201d, explicou Ana Carolina.<\/strong><\/p>\n\n\n\n<h3 class=\"wp-block-heading\" id=\"resultados\">Resultados <\/h3>\n\n\n\n<p>O <a href=\"https:\/\/dhg1h5j42swfq.cloudfront.net\/2022\/02\/24175350\/1362949delegado-22-1.pdf\"><strong>resultado definitivo da prova discursiva<\/strong><\/a> foi publicado em 31 de janeiro de 2022, <strong>realizada no dia 9 do mesmo m\u00eas<\/strong>. Em 18 de janeiro havia sido<strong> divulgado o seu <\/strong><a href=\"https:\/\/dhg1h5j42swfq.cloudfront.net\/2021\/12\/19164552\/136287211_dp-pcms.pdf\" target=\"_blank\" >resultado preliminar<\/a>, bem como  o <a href=\"https:\/\/dhg1h5j42swfq.cloudfront.net\/2022\/02\/24175430\/1362863edital-n-17-2.pdf\" target=\"_blank\" rel=\"noreferrer noopener nofollow\">espelho de corre\u00e7\u00e3o da prova<\/a> para confer\u00eancia. O candidato interessado em interpor recurso pode faz\u00ea-lo entre \u00e0s 8 horas do dia 18 at\u00e9 \u00e0s 23 horas e 59 minutos do dia 19 de janeiro de 2022. <\/p>\n\n\n\n<p>No fim de dezembro de 2021, j\u00e1 havia sido <strong>divulgado o <a href=\"https:\/\/dhg1h5j42swfq.cloudfront.net\/2021\/12\/29180218\/delegado-ms.pdf\" target=\"_blank\" >resultado final da prova objetiva<\/a> do concurso, que ocorreu em 4 de dezembro. <\/strong><\/p>\n\n\n\n<h2 class=\"wp-block-heading\" id=\"carreira\"><span id=\"edital-delegado-ms-carreira\">Edital Delegado MS: carreira<\/span><\/h2>\n\n\n\n<h3 class=\"wp-block-heading\" id=\"vagas\"><span id=\"cargos-e-vagas\">Cargos e Vagas<\/span><\/h3>\n\n\n\n<figure class=\"wp-block-table is-style-stripes\"><table class=\"has-background has-fixed-layout\" style=\"background-color:#e7f5fe\"><tbody><tr><td class=\"has-text-align-center\" data-align=\"center\"><strong>CARGO<\/strong><\/td><td class=\"has-text-align-center\" data-align=\"center\"><strong>VAGAS TOTAIS<\/strong><\/td><td class=\"has-text-align-center\" data-align=\"center\">VAGAS A\/C<\/td><td class=\"has-text-align-center\" data-align=\"center\">VAGAS NEGROS<\/td><td class=\"has-text-align-center\" data-align=\"center\">VAGAS IND\u00cdGENAS<\/td><td class=\"has-text-align-center\" data-align=\"center\">VAGAS PcD<\/td><\/tr><tr><td class=\"has-text-align-center\" data-align=\"center\"><a href=\"https:\/\/www.estrategiaconcursos.com.br\/curso\/pacote-completo-p-pc-ms-delegado-2021-pre-edital\/\" target=\"_blank\" >Delegado<\/a><\/td><td class=\"has-text-align-center\" data-align=\"center\">45<\/td><td class=\"has-text-align-center\" data-align=\"center\">33<\/td><td class=\"has-text-align-center\" data-align=\"center\">9<\/td><td class=\"has-text-align-center\" data-align=\"center\">1<\/td><td class=\"has-text-align-center\" data-align=\"center\">2<\/td><\/tr><\/tbody><\/table><figcaption><strong>Tabela de cargos e vagas<\/strong><\/figcaption><\/figure>\n\n\n\n<h3 class=\"wp-block-heading\" id=\"salario\"><span id=\"salarios-e-beneficios\">Sal\u00e1rios e Benef\u00edcios <\/span><\/h3>\n\n\n\n<ul class=\"wp-block-list\"><li><strong>Delegado \u2013  R$ 17.014,18<\/strong><\/li><\/ul>\n\n\n\n<h3 class=\"wp-block-heading\" id=\"requisitos\">Requisitos<\/h3>\n\n\n\n<p>Requisitos retirados do \u00faltimo edital:<\/p>\n\n\n\n<ul class=\"wp-block-list\"><li><strong><em>Gradua\u00e7\u00e3o em Direito;<\/em><\/strong><\/li><li><strong><em>Idade m\u00ednima de 21 e m\u00e1xima de 45;<\/em><\/strong><\/li><li><strong><em>Carteira Nacional de Habilita\u00e7\u00e3o, no m\u00ednimo, categoria \u201cB\u201d.<\/em><\/strong><\/li><\/ul>\n\n\n\n<h2 class=\"wp-block-heading\" id=\"concurso-delegado-ms-etapas\"><span id=\"edital-delegado-ms-etapas\">Edital Delegado MS: etapas<\/span><\/h2>\n\n\n\n<h3 class=\"wp-block-heading\" id=\"prova-escrita-objetiva\"><strong>PROVA ESCRITA OBJETIVA<\/strong><\/h3>\n\n\n\n<p>A Prova Escrita Objetiva ter\u00e1 dura\u00e7\u00e3o de 5 (cinco) horas, e ser\u00e1 realizada na data prov\u00e1vel de 4 de dezembro de 2021, no per\u00edodo vespertino.<\/p>\n\n\n\n<p>O exame de car\u00e1ter eliminat\u00f3rio e classificat\u00f3rio, ser\u00e1 avaliada de 0,00 (zero) a 100,00 (cem) pontos, e constar\u00e1 de 100 (cem) quest\u00f5es de m\u00faltipla escolha, cada qual contendo 5 (cinco) alternativas, sendo uma \u00fanica alternativa correta.<\/p>\n\n\n<div class=\"wp-block-image\">\n<figure class=\"aligncenter size-full is-resized\"><img decoding=\"async\" src=\"https:\/\/dhg1h5j42swfq.cloudfront.net\/2021\/10\/26074035\/image-423.png\" alt=\"Prova Objetiva edital Delegado MS\" class=\"wp-image-893123\" width=\"636\" height=\"206\"\/><\/figure>\n<\/div>\n\n\n<h3 class=\"wp-block-heading\" id=\"prova-escrita-discursiva\"><strong>PROVA ESCRITA DISCURSIVA<\/strong><\/h3>\n\n\n\n<p>A <strong>Prova Escrita Discursiva<\/strong> ter\u00e1 dura\u00e7\u00e3o de 5 (cinco) horas, e ser\u00e1 realizada na data prov\u00e1vel de<strong> 9 de janeiro de 2022<\/strong>.<\/p>\n\n\n\n<p>O exame de car\u00e1ter eliminat\u00f3rio e classificat\u00f3rio, abordar\u00e1 as mat\u00e9rias de <strong>Direito Penal, Direito Processual Penal, Direito Constitucional, Direito Administrativo e Legisla\u00e7\u00e3o Institucional <\/strong>observado o conte\u00fado program\u00e1tico estabelecido no Anexo I deste Edital, e ser\u00e1 valorada de 0,00 (zero) a 100,00 (cem) pontos, sendo composta de quatro quest\u00f5es dissertativas cuja resposta estar\u00e1 limitada a, no m\u00e1ximo, 25 (vinte e cinco) linhas cada, e a elabora\u00e7\u00e3o de uma pe\u00e7a profissional, limitada at\u00e9 90 (noventa) linhas.<\/p>\n\n\n<div class=\"wp-block-image\">\n<figure class=\"aligncenter size-full is-resized\"><img decoding=\"async\" src=\"https:\/\/dhg1h5j42swfq.cloudfront.net\/2021\/10\/26074313\/image-424.png\" alt=\"Prova escrita edital Delegado MS\" class=\"wp-image-893129\" width=\"668\" height=\"123\"\/><\/figure>\n<\/div>\n\n\n<p>Ser\u00e1 considerado aprovado na Prova Escrita Discursiva o candidato que, cumulativamente, obtiver pontua\u00e7\u00e3o igual ou superior a 70% (setenta por cento) do total de pontos estabelecidos para a Prova.<\/p>\n\n\n\n<h3 class=\"wp-block-heading\" id=\"avaliacao-medico-odontologica\"><strong>AVALIA\u00c7\u00c3O M\u00c9DICO-ODONTOL\u00d3GICA<\/strong><\/h3>\n\n\n\n<p>Avalia\u00e7\u00e3o M\u00e9dico-Odontol\u00f3gica, de car\u00e1ter exclusivamente eliminat\u00f3rio, destina-se a verificar mediante anamnese, exame cl\u00ednico, an\u00e1lise dos laudos, dos testes e dos exames solicitados, a presen\u00e7a de doen\u00e7as, sinais ou sintomas que inabilitem o candidato, bem como as condi\u00e7\u00f5es cl\u00ednicas, antropom\u00e9tricas e de aptid\u00e3o f\u00edsica, correlacionadas com a idade, a massa muscular, e a altura do candidato que, embora n\u00e3o voltadas \u00e0 morbidez, possam ser consideradas impeditivas ou incapacitantes para suportar a realiza\u00e7\u00e3o do Curso de Forma\u00e7\u00e3o Policial ou para o exerc\u00edcio das atividades pr\u00f3prias do cargo de Delegado de Pol\u00edcia.<\/p>\n\n\n\n<p><strong>A Avalia\u00e7\u00e3o M\u00e9dico-Odontol\u00f3gica consistir\u00e1 das seguintes etapas:<\/strong><\/p>\n\n\n\n<p>a) Etapa I: preenchimento do Formul\u00e1rio de Anamnese, com a finalidade de formar o<br>hist\u00f3rico do candidato, no tocante \u00e0 exist\u00eancia de doen\u00e7as pregressas, tratamentos<br>anteriores, hist\u00f3rico familiar e hist\u00f3rico de uso de medicamentos.<\/p>\n\n\n\n<p>b) Etapa II: Avalia\u00e7\u00e3o Presencial, consistindo na avalia\u00e7\u00e3o cl\u00ednica, antropom\u00e9trica e de<br>sa\u00fade f\u00edsica, do candidato.<\/p>\n\n\n\n<h3 class=\"wp-block-heading\" id=\"avaliacao-de-aptidao-fisica\"><strong>AVALIA\u00c7\u00c3O DE APTID\u00c3O F\u00cdSICA<\/strong><\/h3>\n\n\n\n<p><strong>A Avalia\u00e7\u00e3o de Aptid\u00e3o F\u00edsica ser\u00e1 integrada pelos seguintes testes:<\/strong><\/p>\n\n\n\n<p><strong>Para o sexo masculino:<\/strong><\/p>\n\n\n\n<p>a) flex\u00e3o e extens\u00e3o dos membros superiores com o corpo suspenso em barra fixa;<br>b) salto de impuls\u00e3o horizontal;<br>c) abdominal (flex\u00e3o abdominal), tipo remador;<br>d) corrida (12 minutos);<\/p>\n\n\n\n<p><strong>Para o sexo feminino:<\/strong><\/p>\n\n\n\n<p>a) sustenta\u00e7\u00e3o na barra fixa;<br>b) salto de impuls\u00e3o horizontal;<br>c) abdominal (flex\u00e3o abdominal), tipo remador;<br>d) corrida (12 minutos).<\/p>\n\n\n\n<p><strong>PONTUA\u00c7\u00d5ES<\/strong><\/p>\n\n\n\n<p>Flex\u00f5es: <\/p>\n\n\n<div class=\"wp-block-image\">\n<figure class=\"aligncenter size-full is-resized\"><img decoding=\"async\" src=\"https:\/\/dhg1h5j42swfq.cloudfront.net\/2021\/10\/26074648\/image-425.png\" alt=\"\" class=\"wp-image-893139\" width=\"623\" height=\"76\"\/><\/figure>\n<\/div>\n\n\n<p>Sustenta\u00e7\u00e3o: <\/p>\n\n\n<div class=\"wp-block-image\">\n<figure class=\"aligncenter size-full is-resized\"><img decoding=\"async\" src=\"https:\/\/dhg1h5j42swfq.cloudfront.net\/2021\/10\/26074723\/image-426.png\" alt=\"\" class=\"wp-image-893140\" width=\"621\" height=\"135\"\/><\/figure>\n<\/div>\n\n\n<p>Impuls\u00e3o horizontal: <\/p>\n\n\n<div class=\"wp-block-image\">\n<figure class=\"aligncenter size-full is-resized\"><img decoding=\"async\" src=\"https:\/\/dhg1h5j42swfq.cloudfront.net\/2021\/10\/26074840\/image-427.png\" alt=\"\" class=\"wp-image-893143\" width=\"622\" height=\"157\"\/><\/figure>\n<\/div>\n\n\n<p>Teste de abdominal:<\/p>\n\n\n<div class=\"wp-block-image\">\n<figure class=\"aligncenter size-full is-resized\"><img decoding=\"async\" src=\"https:\/\/dhg1h5j42swfq.cloudfront.net\/2021\/10\/26074923\/image-428.png\" alt=\"\" class=\"wp-image-893145\" width=\"637\" height=\"161\"\/><\/figure>\n<\/div>\n\n\n<p>Teste de corrida: <\/p>\n\n\n<div class=\"wp-block-image\">\n<figure class=\"aligncenter size-full is-resized\"><img decoding=\"async\" src=\"https:\/\/dhg1h5j42swfq.cloudfront.net\/2021\/10\/26075002\/image-429.png\" alt=\"\" class=\"wp-image-893147\" width=\"647\" height=\"160\"\/><\/figure>\n<\/div>\n\n\n<h3 class=\"wp-block-heading\" id=\"avaliacao-psicologica\"><strong>AVALIA\u00c7\u00c3O PSICOL\u00d3GICA<\/strong><\/h3>\n\n\n\n<p>A Avalia\u00e7\u00e3o Psicol\u00f3gica, de car\u00e1ter exclusivamente eliminat\u00f3rio, objetiva mensurar de forma objetiva e padronizada, identificando e quantificando escores, caracter\u00edsticas e habilidades psicol\u00f3gicas do candidato para exercer as fun\u00e7\u00f5es do cargo de Perito Oficial Forense, de acordo com o perfil estabelecido, atrav\u00e9s do emprego de um conjunto de instrumentos e t\u00e9cnicas cient\u00edficas que favore\u00e7am um progn\u00f3stico a respeito do desempenho, adapta\u00e7\u00e3o e adequa\u00e7\u00e3o ao cargo proposto, bem como no que diz respeito ao porte e uso de armas de fogo.<\/p>\n\n\n\n<h3 class=\"wp-block-heading\" id=\"prova-de-titulos\">PROVA DE T\u00cdTULOS<\/h3>\n\n\n<div class=\"wp-block-image\">\n<figure class=\"aligncenter size-full is-resized\"><img decoding=\"async\" src=\"https:\/\/dhg1h5j42swfq.cloudfront.net\/2021\/10\/26075201\/image-430.png\" alt=\"PROVA DE T\u00cdTULOS edital Delegado MS\" class=\"wp-image-893154\" width=\"690\" height=\"385\"\/><\/figure>\n<\/div>\n\n<div class=\"wp-block-image\">\n<figure class=\"aligncenter size-full is-resized\"><img decoding=\"async\" src=\"https:\/\/dhg1h5j42swfq.cloudfront.net\/2021\/10\/26075226\/image-432.png\" alt=\"prova de t\u00edtulos II edital Delegado MS\" class=\"wp-image-893156\" width=\"699\" height=\"275\"\/><\/figure>\n<\/div>\n\n\n<h2 class=\"wp-block-heading\" id=\"ultimo\"><span id=\"ultimo-edital-delegado-ms\">\u00daltimo Edital Delegado MS<\/span><\/h2>\n\n\n\n<p>O <a href=\"https:\/\/www.estrategiaconcursos.com.br\/curso\/pacote-completo-p-pc-ms-delegado-2021-pre-edital\/\" target=\"_blank\" rel=\"noreferrer noopener nofollow\">\u00faltimo<\/a> concurso Delegado MS aconteceu em 2017. A sele\u00e7\u00e3o foi organizada pela empresa Fapems. Foram ofertadas 30 vagas para Delegado. A remunera\u00e7\u00e3o inicial foi de R$ 14.978,26. A taxa de inscri\u00e7\u00e3o cobrada na \u00e9poca foi de R$ 197,28.<\/p>\n\n\n\n<h2 class=\"has-text-align-center wp-block-heading\" id=\"h-quer-saber-tudo-sobre-concursos-previstos-confira-nossos-artigos\"><span id=\"quer-saber-tudo-sobre-concursos-previstosconfira-nossos-artigos\">Quer saber tudo sobre concursos previstos?<br>Confira nossos artigos!<\/span><\/h2>\n\n\n\n\n\n<h2 class=\"has-text-align-center wp-block-heading\" id=\"cursos\"><span id=\"quer-estudar-para-o-edital-delegado-ms\">Quer estudar para o Edital Delegado MS?<\/span><\/h2>\n\n\n\n<div class=\"wp-block-cover\" style=\"min-height:155px;aspect-ratio:unset;\"><img decoding=\"async\" width=\"1890\" height=\"351\" class=\"wp-block-cover__image-background wp-image-8669\" alt=\"Assinaturas Jur\u00eddicas\" src=\"https:\/\/cj.estrategia.com\/portal\/wp-content\/uploads\/2022\/06\/20151253\/concurso-carreiras-juridicas-assinatura-juridica.jpg\" style=\"object-position:78% 43%\" data-object-fit=\"cover\" data-object-position=\"78% 43%\" srcset=\"https:\/\/cj.estrategia.com\/portal\/wp-content\/uploads\/2022\/06\/20151253\/concurso-carreiras-juridicas-assinatura-juridica.jpg 1890w, https:\/\/cj.estrategia.com\/portal\/wp-content\/uploads\/2022\/06\/20151253\/concurso-carreiras-juridicas-assinatura-juridica-300x56.jpg 300w, https:\/\/cj.estrategia.com\/portal\/wp-content\/uploads\/2022\/06\/20151253\/concurso-carreiras-juridicas-assinatura-juridica-1024x190.jpg 1024w, https:\/\/cj.estrategia.com\/portal\/wp-content\/uploads\/2022\/06\/20151253\/concurso-carreiras-juridicas-assinatura-juridica-768x143.jpg 768w, https:\/\/cj.estrategia.com\/portal\/wp-content\/uploads\/2022\/06\/20151253\/concurso-carreiras-juridicas-assinatura-juridica-1536x285.jpg 1536w, https:\/\/cj.estrategia.com\/portal\/wp-content\/uploads\/2022\/06\/20151253\/concurso-carreiras-juridicas-assinatura-juridica-380x71.jpg 380w, https:\/\/cj.estrategia.com\/portal\/wp-content\/uploads\/2022\/06\/20151253\/concurso-carreiras-juridicas-assinatura-juridica-800x149.jpg 800w, https:\/\/cj.estrategia.com\/portal\/wp-content\/uploads\/2022\/06\/20151253\/concurso-carreiras-juridicas-assinatura-juridica-1160x215.jpg 1160w\" sizes=\"(max-width: 1890px) 100vw, 1890px\" \/><span aria-hidden=\"true\" class=\"wp-block-cover__background has-background-dim\"><\/span><div class=\"wp-block-cover__inner-container is-layout-flow wp-block-cover-is-layout-flow\">\n<h3 id=\"faca-a-sua-assinatura\" class=\"titulo-assinatura\"><span style=\"color: #ffffff;\">Fa\u00e7a a sua assinatura!<\/span><\/h3>\n<p class=\"subtitulo-assinatura\" style=\"display:block!important; line-height: 0;\"><span style=\"color: #ffffff;\">Escolha a sua \u00e1rea.<\/span><\/p>\n<a target=\"_blank\" href=\"https:\/\/www.estrategiaconcursos.com.br\/assinaturas-ecj\/\" rel=\"noopener\"><button style=\"border-radius: 10px; text-transform: capitalize;\">Acessar<\/button><\/a>\n<\/div><\/div>\n\n\n\n\n\n<p><em>Prepare-se com o melhor material e com quem mais aprova em Concursos P\u00fablicos em todo o pa\u00eds. Assine agora a nossa Assinatura e tenha acesso ilimitado* aos cursos para Delegado de Pol\u00edcia.<\/em><\/p>\n\n\n\n<figure class=\"wp-block-image size-large is-resized\"><img decoding=\"async\" src=\"https:\/\/dhg1h5j42swfq.cloudfront.net\/2021\/03\/29115039\/ficha-tecnica-3-1024x632.png\" alt=\"\" class=\"wp-image-703316\" width=\"240\" height=\"148\"\/><\/figure>\n\n\n\n<h4 class=\"wp-block-heading\" id=\"ficha\"><span id=\"informacoes-sobre-o-edital-delegado-ms\"><strong>Informa\u00e7\u00f5es sobre o Edital Delegado MS<\/strong><\/span><\/h4>\n\n\n\n<p>\u25ba<strong>Data prevista<\/strong>:<s> 04\/12\/2021<\/s><br>\u25ba<strong>Vagas<\/strong>: 45<br>\u25ba<strong>Cargos<\/strong>: Delegado de Pol\u00edcia <br>\u25ba<strong>Banca<\/strong>: FAPEC<br>\u25ba<strong>Escolaridade<\/strong>: Bacharelado em Direito<br><\/p>\n","protected":false},"excerpt":{"rendered":"De acordo com decreto normativo publicado no Di\u00e1rio Oficial Eletr\u00f4nico do Mato Grosso do Sul, foi ampliado o&hellip;\n","protected":false},"author":12,"featured_media":5726,"comment_status":"open","ping_status":"open","sticky":false,"template":"","format":"standard","meta":{"_jetpack_memberships_contains_paid_content":false,"footnotes":""},"categories":[28],"tags":[],"tax_estado":[42],"class_list":{"0":"post-5723","1":"post","2":"type-post","3":"status-publish","4":"format-standard","5":"has-post-thumbnail","7":"category-delegado","8":"tax_estado-ms"},"acf":[],"yoast_head":"<!-- This site is optimized with the Yoast SEO Premium plugin v27.5 (Yoast SEO v27.5) - https:\/\/yoast.com\/product\/yoast-seo-premium-wordpress\/ -->\n<title>Edital Delegado MS: n\u00famero de vagas \u00e9 ampliado para 45!<\/title>\n<meta name=\"description\" content=\"Edital Delegado MS: veja os aprovados no curso de forma\u00e7\u00e3o! Oferta aumentou para 45 vagas, com remunera\u00e7\u00e3o inicial de R$ 17.014,18.\" \/>\n<meta name=\"robots\" content=\"index, follow, max-snippet:-1, max-image-preview:large, max-video-preview:-1\" \/>\n<link rel=\"canonical\" href=\"https:\/\/cj.estrategia.com\/portal\/edital-delegado-ms\/\" \/>\n<meta property=\"og:locale\" content=\"pt_BR\" \/>\n<meta property=\"og:type\" content=\"article\" \/>\n<meta property=\"og:title\" content=\"Edital Delegado MS: n\u00famero de vagas \u00e9 ampliado para 45!\" \/>\n<meta property=\"og:description\" content=\"Edital Delegado MS: veja os aprovados no curso de forma\u00e7\u00e3o! Oferta aumentou para 45 vagas, com remunera\u00e7\u00e3o inicial de R$ 17.014,18.\" \/>\n<meta property=\"og:url\" content=\"https:\/\/cj.estrategia.com\/portal\/edital-delegado-ms\/\" \/>\n<meta property=\"og:site_name\" content=\"Blog - Carreiras Jur\u00eddicas - Estrat\u00e9gia\" \/>\n<meta property=\"article:publisher\" content=\"https:\/\/www.facebook.com\/estrategiacarreirajuridica\/\" \/>\n<meta property=\"article:published_time\" content=\"2022-06-27T16:00:00+00:00\" \/>\n<meta property=\"article:modified_time\" content=\"2022-08-29T21:07:49+00:00\" \/>\n<meta property=\"og:image\" content=\"https:\/\/cj.estrategia.com\/portal\/wp-content\/uploads\/2022\/05\/24185942\/delegado-ms.jpeg\" \/>\n\t<meta property=\"og:image:width\" content=\"768\" \/>\n\t<meta property=\"og:image:height\" content=\"432\" \/>\n\t<meta property=\"og:image:type\" content=\"image\/jpeg\" \/>\n<meta name=\"author\" content=\"Coordena\u00e7\u00e3o\" \/>\n<meta name=\"twitter:card\" content=\"summary_large_image\" \/>\n<meta name=\"twitter:creator\" content=\"@EstratJuridica\" \/>\n<meta name=\"twitter:site\" content=\"@EstratJuridica\" \/>\n<meta name=\"twitter:label1\" content=\"Escrito por\" \/>\n\t<meta name=\"twitter:data1\" content=\"Coordena\u00e7\u00e3o\" \/>\n\t<meta name=\"twitter:label2\" content=\"Est. tempo de leitura\" \/>\n\t<meta name=\"twitter:data2\" content=\"9 minutos\" \/>\n<script type=\"application\/ld+json\" class=\"yoast-schema-graph\">{\"@context\":\"https:\\\/\\\/schema.org\",\"@graph\":[{\"@type\":\"NewsArticle\",\"@id\":\"https:\\\/\\\/cj.estrategia.com\\\/portal\\\/edital-delegado-ms\\\/#article\",\"isPartOf\":{\"@id\":\"https:\\\/\\\/cj.estrategia.com\\\/portal\\\/edital-delegado-ms\\\/\"},\"author\":{\"name\":\"Coordena\u00e7\u00e3o\",\"@id\":\"https:\\\/\\\/cj.estrategia.com\\\/portal\\\/#\\\/schema\\\/person\\\/4d70317d31449932b99102916b6637f5\"},\"headline\":\"Edital Delegado MS: n\u00famero de vagas \u00e9 ampliado para 45!\",\"datePublished\":\"2022-06-27T16:00:00+00:00\",\"dateModified\":\"2022-08-29T21:07:49+00:00\",\"mainEntityOfPage\":{\"@id\":\"https:\\\/\\\/cj.estrategia.com\\\/portal\\\/edital-delegado-ms\\\/\"},\"wordCount\":1197,\"commentCount\":0,\"publisher\":{\"@id\":\"https:\\\/\\\/cj.estrategia.com\\\/portal\\\/#organization\"},\"image\":{\"@id\":\"https:\\\/\\\/cj.estrategia.com\\\/portal\\\/edital-delegado-ms\\\/#primaryimage\"},\"thumbnailUrl\":\"https:\\\/\\\/cj.estrategia.com\\\/portal\\\/wp-content\\\/uploads\\\/2022\\\/05\\\/24185942\\\/delegado-ms.jpeg\",\"articleSection\":[\"Delegado\"],\"inLanguage\":\"pt-BR\",\"potentialAction\":[{\"@type\":\"CommentAction\",\"name\":\"Comment\",\"target\":[\"https:\\\/\\\/cj.estrategia.com\\\/portal\\\/edital-delegado-ms\\\/#respond\"]}]},{\"@type\":\"WebPage\",\"@id\":\"https:\\\/\\\/cj.estrategia.com\\\/portal\\\/edital-delegado-ms\\\/\",\"url\":\"https:\\\/\\\/cj.estrategia.com\\\/portal\\\/edital-delegado-ms\\\/\",\"name\":\"Edital Delegado MS: n\u00famero de vagas \u00e9 ampliado para 45!\",\"isPartOf\":{\"@id\":\"https:\\\/\\\/cj.estrategia.com\\\/portal\\\/#website\"},\"primaryImageOfPage\":{\"@id\":\"https:\\\/\\\/cj.estrategia.com\\\/portal\\\/edital-delegado-ms\\\/#primaryimage\"},\"image\":{\"@id\":\"https:\\\/\\\/cj.estrategia.com\\\/portal\\\/edital-delegado-ms\\\/#primaryimage\"},\"thumbnailUrl\":\"https:\\\/\\\/cj.estrategia.com\\\/portal\\\/wp-content\\\/uploads\\\/2022\\\/05\\\/24185942\\\/delegado-ms.jpeg\",\"datePublished\":\"2022-06-27T16:00:00+00:00\",\"dateModified\":\"2022-08-29T21:07:49+00:00\",\"description\":\"Edital Delegado MS: veja os aprovados no curso de forma\u00e7\u00e3o! Oferta aumentou para 45 vagas, com remunera\u00e7\u00e3o inicial de R$ 17.014,18.\",\"breadcrumb\":{\"@id\":\"https:\\\/\\\/cj.estrategia.com\\\/portal\\\/edital-delegado-ms\\\/#breadcrumb\"},\"inLanguage\":\"pt-BR\",\"potentialAction\":[{\"@type\":\"ReadAction\",\"target\":[\"https:\\\/\\\/cj.estrategia.com\\\/portal\\\/edital-delegado-ms\\\/\"]}]},{\"@type\":\"ImageObject\",\"inLanguage\":\"pt-BR\",\"@id\":\"https:\\\/\\\/cj.estrategia.com\\\/portal\\\/edital-delegado-ms\\\/#primaryimage\",\"url\":\"https:\\\/\\\/cj.estrategia.com\\\/portal\\\/wp-content\\\/uploads\\\/2022\\\/05\\\/24185942\\\/delegado-ms.jpeg\",\"contentUrl\":\"https:\\\/\\\/cj.estrategia.com\\\/portal\\\/wp-content\\\/uploads\\\/2022\\\/05\\\/24185942\\\/delegado-ms.jpeg\",\"width\":768,\"height\":432,\"caption\":\"edital Delegado MS\"},{\"@type\":\"BreadcrumbList\",\"@id\":\"https:\\\/\\\/cj.estrategia.com\\\/portal\\\/edital-delegado-ms\\\/#breadcrumb\",\"itemListElement\":[{\"@type\":\"ListItem\",\"position\":1,\"name\":\"In\u00edcio\",\"item\":\"https:\\\/\\\/cj.estrategia.com\\\/portal\\\/\"},{\"@type\":\"ListItem\",\"position\":2,\"name\":\"Edital Delegado MS: n\u00famero de vagas \u00e9 ampliado para 45!\"}]},{\"@type\":\"WebSite\",\"@id\":\"https:\\\/\\\/cj.estrategia.com\\\/portal\\\/#website\",\"url\":\"https:\\\/\\\/cj.estrategia.com\\\/portal\\\/\",\"name\":\"Blog - Carreiras Jur\u00eddicas - Estrat\u00e9gia\",\"description\":\"\",\"publisher\":{\"@id\":\"https:\\\/\\\/cj.estrategia.com\\\/portal\\\/#organization\"},\"potentialAction\":[{\"@type\":\"SearchAction\",\"target\":{\"@type\":\"EntryPoint\",\"urlTemplate\":\"https:\\\/\\\/cj.estrategia.com\\\/portal\\\/?s={search_term_string}\"},\"query-input\":{\"@type\":\"PropertyValueSpecification\",\"valueRequired\":true,\"valueName\":\"search_term_string\"}}],\"inLanguage\":\"pt-BR\"},{\"@type\":\"Organization\",\"@id\":\"https:\\\/\\\/cj.estrategia.com\\\/portal\\\/#organization\",\"name\":\"Estrat\u00e9gia - Carreiras Jur\u00eddicas\",\"url\":\"https:\\\/\\\/cj.estrategia.com\\\/portal\\\/\",\"logo\":{\"@type\":\"ImageObject\",\"inLanguage\":\"pt-BR\",\"@id\":\"https:\\\/\\\/cj.estrategia.com\\\/portal\\\/#\\\/schema\\\/logo\\\/image\\\/\",\"url\":\"https:\\\/\\\/cj.estrategia.com\\\/portal\\\/wp-content\\\/uploads\\\/2022\\\/03\\\/11151052\\\/cj-logo.png\",\"contentUrl\":\"https:\\\/\\\/cj.estrategia.com\\\/portal\\\/wp-content\\\/uploads\\\/2022\\\/03\\\/11151052\\\/cj-logo.png\",\"width\":150,\"height\":39,\"caption\":\"Estrat\u00e9gia - Carreiras Jur\u00eddicas\"},\"image\":{\"@id\":\"https:\\\/\\\/cj.estrategia.com\\\/portal\\\/#\\\/schema\\\/logo\\\/image\\\/\"},\"sameAs\":[\"https:\\\/\\\/www.facebook.com\\\/estrategiacarreirajuridica\\\/\",\"https:\\\/\\\/x.com\\\/EstratJuridica\",\"https:\\\/\\\/www.instagram.com\\\/estrategiacarreirajuridica\\\/\",\"https:\\\/\\\/www.youtube.com\\\/channel\\\/UClbMGuYbj2Mh1m3w144ETWQ\"]},{\"@type\":\"Person\",\"@id\":\"https:\\\/\\\/cj.estrategia.com\\\/portal\\\/#\\\/schema\\\/person\\\/4d70317d31449932b99102916b6637f5\",\"name\":\"Coordena\u00e7\u00e3o\",\"image\":{\"@type\":\"ImageObject\",\"inLanguage\":\"pt-BR\",\"@id\":\"https:\\\/\\\/cj.estrategia.com\\\/portal\\\/wp-content\\\/uploads\\\/2022\\\/05\\\/12164923\\\/estrategia-carreira-juridica-coordenacao-96x96.png\",\"url\":\"https:\\\/\\\/cj.estrategia.com\\\/portal\\\/wp-content\\\/uploads\\\/2022\\\/05\\\/12164923\\\/estrategia-carreira-juridica-coordenacao-96x96.png\",\"contentUrl\":\"https:\\\/\\\/cj.estrategia.com\\\/portal\\\/wp-content\\\/uploads\\\/2022\\\/05\\\/12164923\\\/estrategia-carreira-juridica-coordenacao-96x96.png\",\"caption\":\"Coordena\u00e7\u00e3o\"},\"url\":\"https:\\\/\\\/cj.estrategia.com\\\/portal\\\/author\\\/coordenacao\\\/\"}]}<\/script>\n<!-- \/ Yoast SEO Premium plugin. -->","yoast_head_json":{"title":"Edital Delegado MS: n\u00famero de vagas \u00e9 ampliado para 45!","description":"Edital Delegado MS: veja os aprovados no curso de forma\u00e7\u00e3o! Oferta aumentou para 45 vagas, com remunera\u00e7\u00e3o inicial de R$ 17.014,18.","robots":{"index":"index","follow":"follow","max-snippet":"max-snippet:-1","max-image-preview":"max-image-preview:large","max-video-preview":"max-video-preview:-1"},"canonical":"https:\/\/cj.estrategia.com\/portal\/edital-delegado-ms\/","og_locale":"pt_BR","og_type":"article","og_title":"Edital Delegado MS: n\u00famero de vagas \u00e9 ampliado para 45!","og_description":"Edital Delegado MS: veja os aprovados no curso de forma\u00e7\u00e3o! Oferta aumentou para 45 vagas, com remunera\u00e7\u00e3o inicial de R$ 17.014,18.","og_url":"https:\/\/cj.estrategia.com\/portal\/edital-delegado-ms\/","og_site_name":"Blog - Carreiras Jur\u00eddicas - Estrat\u00e9gia","article_publisher":"https:\/\/www.facebook.com\/estrategiacarreirajuridica\/","article_published_time":"2022-06-27T16:00:00+00:00","article_modified_time":"2022-08-29T21:07:49+00:00","og_image":[{"width":768,"height":432,"url":"https:\/\/cj.estrategia.com\/portal\/wp-content\/uploads\/2022\/05\/24185942\/delegado-ms.jpeg","type":"image\/jpeg"}],"author":"Coordena\u00e7\u00e3o","twitter_card":"summary_large_image","twitter_creator":"@EstratJuridica","twitter_site":"@EstratJuridica","twitter_misc":{"Escrito por":"Coordena\u00e7\u00e3o","Est. tempo de leitura":"9 minutos"},"schema":{"@context":"https:\/\/schema.org","@graph":[{"@type":"NewsArticle","@id":"https:\/\/cj.estrategia.com\/portal\/edital-delegado-ms\/#article","isPartOf":{"@id":"https:\/\/cj.estrategia.com\/portal\/edital-delegado-ms\/"},"author":{"name":"Coordena\u00e7\u00e3o","@id":"https:\/\/cj.estrategia.com\/portal\/#\/schema\/person\/4d70317d31449932b99102916b6637f5"},"headline":"Edital Delegado MS: n\u00famero de vagas \u00e9 ampliado para 45!","datePublished":"2022-06-27T16:00:00+00:00","dateModified":"2022-08-29T21:07:49+00:00","mainEntityOfPage":{"@id":"https:\/\/cj.estrategia.com\/portal\/edital-delegado-ms\/"},"wordCount":1197,"commentCount":0,"publisher":{"@id":"https:\/\/cj.estrategia.com\/portal\/#organization"},"image":{"@id":"https:\/\/cj.estrategia.com\/portal\/edital-delegado-ms\/#primaryimage"},"thumbnailUrl":"https:\/\/cj.estrategia.com\/portal\/wp-content\/uploads\/2022\/05\/24185942\/delegado-ms.jpeg","articleSection":["Delegado"],"inLanguage":"pt-BR","potentialAction":[{"@type":"CommentAction","name":"Comment","target":["https:\/\/cj.estrategia.com\/portal\/edital-delegado-ms\/#respond"]}]},{"@type":"WebPage","@id":"https:\/\/cj.estrategia.com\/portal\/edital-delegado-ms\/","url":"https:\/\/cj.estrategia.com\/portal\/edital-delegado-ms\/","name":"Edital Delegado MS: n\u00famero de vagas \u00e9 ampliado para 45!","isPartOf":{"@id":"https:\/\/cj.estrategia.com\/portal\/#website"},"primaryImageOfPage":{"@id":"https:\/\/cj.estrategia.com\/portal\/edital-delegado-ms\/#primaryimage"},"image":{"@id":"https:\/\/cj.estrategia.com\/portal\/edital-delegado-ms\/#primaryimage"},"thumbnailUrl":"https:\/\/cj.estrategia.com\/portal\/wp-content\/uploads\/2022\/05\/24185942\/delegado-ms.jpeg","datePublished":"2022-06-27T16:00:00+00:00","dateModified":"2022-08-29T21:07:49+00:00","description":"Edital Delegado MS: veja os aprovados no curso de forma\u00e7\u00e3o! Oferta aumentou para 45 vagas, com remunera\u00e7\u00e3o inicial de R$ 17.014,18.","breadcrumb":{"@id":"https:\/\/cj.estrategia.com\/portal\/edital-delegado-ms\/#breadcrumb"},"inLanguage":"pt-BR","potentialAction":[{"@type":"ReadAction","target":["https:\/\/cj.estrategia.com\/portal\/edital-delegado-ms\/"]}]},{"@type":"ImageObject","inLanguage":"pt-BR","@id":"https:\/\/cj.estrategia.com\/portal\/edital-delegado-ms\/#primaryimage","url":"https:\/\/cj.estrategia.com\/portal\/wp-content\/uploads\/2022\/05\/24185942\/delegado-ms.jpeg","contentUrl":"https:\/\/cj.estrategia.com\/portal\/wp-content\/uploads\/2022\/05\/24185942\/delegado-ms.jpeg","width":768,"height":432,"caption":"edital Delegado MS"},{"@type":"BreadcrumbList","@id":"https:\/\/cj.estrategia.com\/portal\/edital-delegado-ms\/#breadcrumb","itemListElement":[{"@type":"ListItem","position":1,"name":"In\u00edcio","item":"https:\/\/cj.estrategia.com\/portal\/"},{"@type":"ListItem","position":2,"name":"Edital Delegado MS: n\u00famero de vagas \u00e9 ampliado para 45!"}]},{"@type":"WebSite","@id":"https:\/\/cj.estrategia.com\/portal\/#website","url":"https:\/\/cj.estrategia.com\/portal\/","name":"Blog - Carreiras Jur\u00eddicas - Estrat\u00e9gia","description":"","publisher":{"@id":"https:\/\/cj.estrategia.com\/portal\/#organization"},"potentialAction":[{"@type":"SearchAction","target":{"@type":"EntryPoint","urlTemplate":"https:\/\/cj.estrategia.com\/portal\/?s={search_term_string}"},"query-input":{"@type":"PropertyValueSpecification","valueRequired":true,"valueName":"search_term_string"}}],"inLanguage":"pt-BR"},{"@type":"Organization","@id":"https:\/\/cj.estrategia.com\/portal\/#organization","name":"Estrat\u00e9gia - Carreiras Jur\u00eddicas","url":"https:\/\/cj.estrategia.com\/portal\/","logo":{"@type":"ImageObject","inLanguage":"pt-BR","@id":"https:\/\/cj.estrategia.com\/portal\/#\/schema\/logo\/image\/","url":"https:\/\/cj.estrategia.com\/portal\/wp-content\/uploads\/2022\/03\/11151052\/cj-logo.png","contentUrl":"https:\/\/cj.estrategia.com\/portal\/wp-content\/uploads\/2022\/03\/11151052\/cj-logo.png","width":150,"height":39,"caption":"Estrat\u00e9gia - Carreiras Jur\u00eddicas"},"image":{"@id":"https:\/\/cj.estrategia.com\/portal\/#\/schema\/logo\/image\/"},"sameAs":["https:\/\/www.facebook.com\/estrategiacarreirajuridica\/","https:\/\/x.com\/EstratJuridica","https:\/\/www.instagram.com\/estrategiacarreirajuridica\/","https:\/\/www.youtube.com\/channel\/UClbMGuYbj2Mh1m3w144ETWQ"]},{"@type":"Person","@id":"https:\/\/cj.estrategia.com\/portal\/#\/schema\/person\/4d70317d31449932b99102916b6637f5","name":"Coordena\u00e7\u00e3o","image":{"@type":"ImageObject","inLanguage":"pt-BR","@id":"https:\/\/cj.estrategia.com\/portal\/wp-content\/uploads\/2022\/05\/12164923\/estrategia-carreira-juridica-coordenacao-96x96.png","url":"https:\/\/cj.estrategia.com\/portal\/wp-content\/uploads\/2022\/05\/12164923\/estrategia-carreira-juridica-coordenacao-96x96.png","contentUrl":"https:\/\/cj.estrategia.com\/portal\/wp-content\/uploads\/2022\/05\/12164923\/estrategia-carreira-juridica-coordenacao-96x96.png","caption":"Coordena\u00e7\u00e3o"},"url":"https:\/\/cj.estrategia.com\/portal\/author\/coordenacao\/"}]}},"jetpack_featured_media_url":"https:\/\/cj.estrategia.com\/portal\/wp-content\/uploads\/2022\/05\/24185942\/delegado-ms.jpeg","jetpack_sharing_enabled":true,"_links":{"self":[{"href":"https:\/\/cj.estrategia.com\/portal\/wp-json\/wp\/v2\/posts\/5723","targetHints":{"allow":["GET"]}}],"collection":[{"href":"https:\/\/cj.estrategia.com\/portal\/wp-json\/wp\/v2\/posts"}],"about":[{"href":"https:\/\/cj.estrategia.com\/portal\/wp-json\/wp\/v2\/types\/post"}],"author":[{"embeddable":true,"href":"https:\/\/cj.estrategia.com\/portal\/wp-json\/wp\/v2\/users\/12"}],"replies":[{"embeddable":true,"href":"https:\/\/cj.estrategia.com\/portal\/wp-json\/wp\/v2\/comments?post=5723"}],"version-history":[{"count":0,"href":"https:\/\/cj.estrategia.com\/portal\/wp-json\/wp\/v2\/posts\/5723\/revisions"}],"wp:featuredmedia":[{"embeddable":true,"href":"https:\/\/cj.estrategia.com\/portal\/wp-json\/wp\/v2\/media\/5726"}],"wp:attachment":[{"href":"https:\/\/cj.estrategia.com\/portal\/wp-json\/wp\/v2\/media?parent=5723"}],"wp:term":[{"taxonomy":"category","embeddable":true,"href":"https:\/\/cj.estrategia.com\/portal\/wp-json\/wp\/v2\/categories?post=5723"},{"taxonomy":"post_tag","embeddable":true,"href":"https:\/\/cj.estrategia.com\/portal\/wp-json\/wp\/v2\/tags?post=5723"},{"taxonomy":"tax_estado","embeddable":true,"href":"https:\/\/cj.estrategia.com\/portal\/wp-json\/wp\/v2\/tax_estado?post=5723"}],"curies":[{"name":"wp","href":"https:\/\/api.w.org\/{rel}","templated":true}]}}