{"id":57190,"date":"2025-01-15T00:15:00","date_gmt":"2025-01-15T03:15:00","guid":{"rendered":"https:\/\/cj.estrategia.com\/portal\/?p=57190"},"modified":"2026-02-25T19:50:28","modified_gmt":"2026-02-25T22:50:28","slug":"concurso-advogado-indaial-sc","status":"publish","type":"post","link":"https:\/\/cj.estrategia.com\/portal\/concurso-advogado-indaial-sc\/","title":{"rendered":"Concurso Advogado Indaial SC: homologado!"},"content":{"rendered":"\n<p>A <strong>Prefeitura Municipal de Indaial (PMI)<\/strong>, no Estado de Santa Catarina (SC), publicou a homologa\u00e7\u00e3o do resultado final do concurso p\u00fablico para o cargo de <strong>Advogado do Centro de Refer\u00eancia Especializado de Assist\u00eancia Social (CREAS)<\/strong>. Veja o documento:<\/p>\n\n\n\n<ul class=\"wp-block-list\">\n<li><a href=\"https:\/\/cj.estrategia.com\/portal\/wp-content\/uploads\/2024\/08\/18164123\/dec-7463-2024-indaial-sc-1.pdf\">Homologa\u00e7\u00e3o do Concurso Advogado Indaial SC<\/a><\/li>\n<\/ul>\n\n\n\n<p>O certame ofereceu <strong>uma vaga<\/strong>, exigindo <strong>diploma de bacharelado em Direito<\/strong> e <strong>registro regular na Ordem dos Advogados do Brasil (OAB)<\/strong>. O documento oficial j\u00e1 est\u00e1 dispon\u00edvel para consulta pelos candidatos.<\/p>\n\n\n\n<ul class=\"wp-block-list has-very-light-gray-to-cyan-bluish-gray-gradient-background has-background\">\n<li><strong>Concurso Advogado Indaial SC<\/strong><\/li>\n\n\n\n<li><strong>Status:<\/strong> resultado homologado (Edital 2024)<\/li>\n\n\n\n<li><strong>Banca: <\/strong>IBAM (Edital 2024)<\/li>\n\n\n\n<li><strong>Vagas:<\/strong> 1 (Edital 2024)<\/li>\n\n\n\n<li><strong>Remunera\u00e7\u00f5e:<\/strong>&nbsp;4.074,51 (Edital 2024)<\/li>\n<\/ul>\n\n\n\n<div class=\"wp-block-yoast-seo-table-of-contents yoast-table-of-contents\"><h2 id=\"o-que-voce-vai-encontrar-neste-artigo\">O que voc\u00ea vai encontrar neste artigo?<\/h2><ul><li><a href=\"#atual\" data-level=\"2\">Concurso Advogado Indaial SC: situa\u00e7\u00e3o atual<\/a><\/li><li><a href=\"#carreira\" data-level=\"2\">Concurso Advogado Indaial SC: carreira<\/a><ul><li><a href=\"#requisitos\" data-level=\"3\">Requisitos<\/a><\/li><li><a href=\"#h-atribuicoes\" data-level=\"3\">Atribui\u00e7\u00f5es<\/a><\/li><\/ul><\/li><li><a href=\"#etapas\" data-level=\"2\">Concurso Advogado Indaial SC 2024: como foi o \u00faltimo edital?<\/a><ul><li><a href=\"#vagas\" data-level=\"3\">Cargos e Vagas<\/a><\/li><li><a href=\"#remuneracao\" data-level=\"3\">Remunera\u00e7\u00e3o<\/a><\/li><li><a href=\"#h-como-foram-as-etapas\" data-level=\"3\">Como foram as etapas?<\/a><\/li><li><a href=\"#h-disciplinas\" data-level=\"3\">Disciplinas:<\/a><\/li><\/ul><\/li><li><a href=\"#h-como-escolher-a-carreira-juridica-perfeita-para-voce\" data-level=\"2\">Como escolher a carreira jur\u00eddica perfeita para voc\u00ea?<\/a><\/li><li><a href=\"#h-provas-comentadas\" data-level=\"2\">Provas comentadas<\/a><\/li><li><a href=\"#h-material-de-estudo\" data-level=\"2\">Material de estudo<\/a><\/li><li><a href=\"#h-quer-saber-tudo-sobre-concursos-previstos-confira-nossos-artigos\" data-level=\"2\">Quer saber tudo sobre concursos previstos? Confira nossos artigos!<\/a><\/li><li><a href=\"#h-cursos-para-concursos-de-direito\" data-level=\"2\">Cursos para concursos de Direito<\/a><\/li><\/ul><\/div>\n\n\n\n<h2 class=\"wp-block-heading\" id=\"atual\"><span id=\"concurso-advogado-indaial-sc-situacao-atual\">Concurso Advogado Indaial SC: situa\u00e7\u00e3o atual<\/span><\/h2>\n\n\n\n<p>A <strong>Prefeitura Municipal de Indaial (PMI)<\/strong>, em Santa Catarina (SC), confirmou a homologa\u00e7\u00e3o do concurso p\u00fablico de 2024 destinado ao provimento do cargo de <strong>Advogado para atua\u00e7\u00e3o no Centro de Refer\u00eancia Especializado de Assist\u00eancia Social (CREAS)<\/strong>.<\/p>\n\n\n\n<h2 class=\"wp-block-heading\" id=\"carreira\"><span id=\"concurso-advogado-indaial-sc-carreira\">Concurso Advogado Indaial SC: carreira<\/span><\/h2>\n\n\n\n<h3 class=\"wp-block-heading\" id=\"requisitos\">Requisitos<\/h3>\n\n\n\n<p>Diploma de conclus\u00e3o do curso de Direito e comprovante de registro e regularidade na OAB.<\/p>\n\n\n\n<h3 class=\"wp-block-heading\" id=\"h-atribuicoes\"><span id=\"atribuicoes\">Atribui\u00e7\u00f5es<\/span><\/h3>\n\n\n\n<ul class=\"wp-block-list\">\n<li>Acolhida, escuta qualificada, acompanhamento especializado e oferta de informa\u00e7\u00f5es e orienta\u00e7\u00f5es; * Elabora\u00e7\u00e3o, junto com as fam\u00edlias\/indiv\u00edduos, do Plano de acompanhamento Individual e\/ou Familiar, considerando as especificidades e particularidades de cada um; <\/li>\n\n\n\n<li>Realiza\u00e7\u00e3o de acompanhamento especializado, por meio de atendimentos familiar, individuais e em grupo; * Realiza\u00e7\u00e3o de visitas domiciliares \u00e0s fam\u00edlias acompanhadas, quando necess\u00e1rio; <\/li>\n\n\n\n<li>Realiza\u00e7\u00e3o de encaminhamentos monitorados para a rede socioassistencial, demais pol\u00edticas p\u00fablicas setoriais e \u00f3rg\u00e3os de defesa de direito; * Trabalho em equipe interdisciplinar; <\/li>\n\n\n\n<li>Orienta\u00e7\u00e3o jur\u00eddico-social <\/li>\n\n\n\n<li>Alimenta\u00e7\u00e3o de registros e sistemas de informa\u00e7\u00e3o sobre das a\u00e7\u00f5es desenvolvidas; <\/li>\n\n\n\n<li>Participa\u00e7\u00e3o nas atividades de planejamento, monitoramento e avalia\u00e7\u00e3o dos processos de trabalho; <\/li>\n\n\n\n<li>Participa\u00e7\u00e3o das atividades de capacita\u00e7\u00e3o e forma\u00e7\u00e3o continuada da equipe, reuni\u00f5es de equipe, estudos de casos, e demais atividades correlatas; <\/li>\n\n\n\n<li>Articula\u00e7\u00e3o com a rede de atendimento, das pol\u00edticas p\u00fablicas e \u00f3rg\u00e3os de defesa de direitos; <\/li>\n\n\n\n<li>Desenvolver conhecimentos te\u00f3ricos, habilidades e dom\u00ednio metodol\u00f3gico necess\u00e1rios ao desenvolvimento de trabalho social com fam\u00edlias e indiv\u00edduos;<\/li>\n\n\n\n<li>Desenvolver atividades em equipe interdisciplinar e habilidade para escuta qualificada das fam\u00edlias\/indiv\u00edduos. <\/li>\n\n\n\n<li>Participa\u00e7\u00e3o de reuni\u00f5es para avalia\u00e7\u00e3o das a\u00e7\u00f5es e resultados atingidos e para planejamento das a\u00e7\u00f5es a serem desenvolvidas para a defini\u00e7\u00e3o de fluxos; <\/li>\n\n\n\n<li>Institui\u00e7\u00e3o de rotina de atendimento e acompanhamento dos usu\u00e1rios; <\/li>\n\n\n\n<li>Organiza\u00e7\u00e3o dos encaminhamentos, fluxos de informa\u00e7\u00f5es e procedimentos. Conduzir ve\u00edculo automotivo, desde que habilitado, em servi\u00e7os externos.<\/li>\n<\/ul>\n\n\n\n<h2 class=\"wp-block-heading\" id=\"etapas\"><span id=\"concurso-advogado-indaial-sc-2024-como-foi-o-ultimo-edital\">Concurso Advogado Indaial SC 2024: como foi o \u00faltimo edital?<\/span><\/h2>\n\n\n\n<h3 class=\"wp-block-heading\" id=\"vagas\"><span id=\"cargos-e-vagas\">Cargos e Vagas<\/span><\/h3>\n\n\n\n<ul class=\"wp-block-list\">\n<li>Advogado &#8211; 1 vaga<\/li>\n<\/ul>\n\n\n\n<h3 class=\"wp-block-heading\" id=\"remuneracao\">Remunera\u00e7\u00e3o<\/h3>\n\n\n\n<ul class=\"wp-block-list\">\n<li>Advogado &#8211; R$ 4.074,51<\/li>\n<\/ul>\n\n\n\n<p>Todos os servidores com carga hor\u00e1ria de 40 horas semanais recebem mensalmente, a t\u00edtulo de Vale Alimenta\u00e7\u00e3o, R$ 509,75. Aqueles com jornada semanal menor recebem proporcionalmente.<\/p>\n\n\n\n<h3 class=\"wp-block-heading\" id=\"h-como-foram-as-etapas\"><span id=\"como-foram-as-etapas\">Como foram as etapas?<\/span><\/h3>\n\n\n<div class=\"wp-block-image\">\n<figure class=\"aligncenter size-full\"><img decoding=\"async\" width=\"1002\" height=\"195\" src=\"https:\/\/cj.estrategia.com\/portal\/wp-content\/uploads\/2024\/03\/05064425\/image-1-1.png\" alt=\"\" class=\"wp-image-57179\" srcset=\"https:\/\/cj.estrategia.com\/portal\/wp-content\/uploads\/2024\/03\/05064425\/image-1-1.png 1002w, https:\/\/cj.estrategia.com\/portal\/wp-content\/uploads\/2024\/03\/05064425\/image-1-1-300x58.png 300w, https:\/\/cj.estrategia.com\/portal\/wp-content\/uploads\/2024\/03\/05064425\/image-1-1-768x149.png 768w, https:\/\/cj.estrategia.com\/portal\/wp-content\/uploads\/2024\/03\/05064425\/image-1-1-380x74.png 380w, https:\/\/cj.estrategia.com\/portal\/wp-content\/uploads\/2024\/03\/05064425\/image-1-1-800x156.png 800w, https:\/\/cj.estrategia.com\/portal\/wp-content\/uploads\/2024\/03\/05064425\/image-1-1-150x29.png 150w\" sizes=\"(max-width: 1002px) 100vw, 1002px\" \/><\/figure>\n<\/div>\n\n\n<h3 class=\"wp-block-heading\" id=\"h-disciplinas\"><span id=\"disciplinas\">Disciplinas: <\/span><\/h3>\n\n\n\n<ul class=\"wp-block-list\">\n<li>Portugu\u00eas<\/li>\n<\/ul>\n\n\n\n<p><strong>Conhecimentos Gerais: <\/strong><\/p>\n\n\n\n<ul class=\"wp-block-list\">\n<li>Triparti\u00e7\u00e3o de poderes na constitui\u00e7\u00e3o brasileira<\/li>\n\n\n\n<li>Poder Legislativo<\/li>\n\n\n\n<li>Poder Executivo<\/li>\n\n\n\n<li>O servidor p\u00fablico e a constitui\u00e7\u00e3o<\/li>\n\n\n\n<li>Administra\u00e7\u00e3o P\u00fablica<\/li>\n\n\n\n<li>Legisla\u00e7\u00e3o Municipal<\/li>\n\n\n\n<li>Inform\u00e1tica B\u00e1sica<\/li>\n\n\n\n<li>Racioc\u00ednio L\u00f3gico<\/li>\n<\/ul>\n\n\n\n<p>Conhecimento t\u00e9cnico\/profissional:<\/p>\n\n\n<div class=\"wp-block-image\">\n<figure class=\"aligncenter size-full\"><img decoding=\"async\" width=\"922\" height=\"206\" src=\"https:\/\/cj.estrategia.com\/portal\/wp-content\/uploads\/2024\/03\/05071119\/image-6.png\" alt=\"\" class=\"wp-image-57196\" srcset=\"https:\/\/cj.estrategia.com\/portal\/wp-content\/uploads\/2024\/03\/05071119\/image-6.png 922w, https:\/\/cj.estrategia.com\/portal\/wp-content\/uploads\/2024\/03\/05071119\/image-6-300x67.png 300w, https:\/\/cj.estrategia.com\/portal\/wp-content\/uploads\/2024\/03\/05071119\/image-6-768x172.png 768w, https:\/\/cj.estrategia.com\/portal\/wp-content\/uploads\/2024\/03\/05071119\/image-6-380x85.png 380w, https:\/\/cj.estrategia.com\/portal\/wp-content\/uploads\/2024\/03\/05071119\/image-6-800x179.png 800w, https:\/\/cj.estrategia.com\/portal\/wp-content\/uploads\/2024\/03\/05071119\/image-6-150x34.png 150w\" sizes=\"(max-width: 922px) 100vw, 922px\" \/><\/figure>\n<\/div>\n\n<div class=\"wp-block-image\">\n<figure class=\"aligncenter size-full\"><img decoding=\"async\" width=\"944\" height=\"579\" src=\"https:\/\/cj.estrategia.com\/portal\/wp-content\/uploads\/2024\/03\/05071138\/image-1-2.png\" alt=\"\" class=\"wp-image-57197\" srcset=\"https:\/\/cj.estrategia.com\/portal\/wp-content\/uploads\/2024\/03\/05071138\/image-1-2.png 944w, https:\/\/cj.estrategia.com\/portal\/wp-content\/uploads\/2024\/03\/05071138\/image-1-2-300x184.png 300w, https:\/\/cj.estrategia.com\/portal\/wp-content\/uploads\/2024\/03\/05071138\/image-1-2-768x471.png 768w, https:\/\/cj.estrategia.com\/portal\/wp-content\/uploads\/2024\/03\/05071138\/image-1-2-380x233.png 380w, https:\/\/cj.estrategia.com\/portal\/wp-content\/uploads\/2024\/03\/05071138\/image-1-2-800x491.png 800w, https:\/\/cj.estrategia.com\/portal\/wp-content\/uploads\/2024\/03\/05071138\/image-1-2-150x92.png 150w\" sizes=\"(max-width: 944px) 100vw, 944px\" \/><\/figure>\n<\/div>\n\n\n<h2 class=\"wp-block-heading\" id=\"h-como-escolher-a-carreira-juridica-perfeita-para-voce\"><span id=\"como-escolher-a-carreira-juridica-perfeita-para-voce\">Como escolher a carreira jur\u00eddica perfeita para voc\u00ea?<\/span><\/h2>\n\n\n\n<figure class=\"wp-block-embed is-type-video is-provider-youtube wp-block-embed-youtube wp-embed-aspect-16-9 wp-has-aspect-ratio\"><div class=\"wp-block-embed__wrapper\">\n<div class=\"cs-embed cs-embed-responsive\"><iframe title=\"Como escolher a carreira jur\u00eddica perfeita para voc\u00ea?\" width=\"1200\" height=\"675\" src=\"https:\/\/www.youtube.com\/embed\/wiFNGg3F3Jg?feature=oembed\" frameborder=\"0\" allow=\"accelerometer; autoplay; clipboard-write; encrypted-media; gyroscope; picture-in-picture; web-share\" referrerpolicy=\"strict-origin-when-cross-origin\" allowfullscreen><\/iframe><\/div>\n<\/div><\/figure>\n\n\n\n<h2 class=\"wp-block-heading\" id=\"h-provas-comentadas\"><span id=\"provas-comentadas\">Provas comentadas<\/span><\/h2>\n\n\n\n<ul class=\"wp-block-list\">\n<li><a href=\"https:\/\/cj.estrategia.com\/portal\/provas-comentadas-de-carreiras-juridicas\/\" target=\"_blank\" >Provas comentadas de carreiras jur\u00eddicas<\/a><\/li>\n<\/ul>\n\n\n\n<h2 class=\"wp-block-heading\" id=\"h-material-de-estudo\"><span id=\"material-de-estudo\">Material de estudo<\/span><\/h2>\n\n\n\n<ul class=\"wp-block-list\">\n<li><a href=\"https:\/\/www.youtube.com\/watch?v=LfNxh3x8mQM\" target=\"_blank\" >As 20 quest\u00f5es mais cobradas de Direito Civil em provas jur\u00eddicas<\/a><\/li>\n\n\n\n<li><a href=\"https:\/\/www.youtube.com\/watch?v=mUJRcTjm2uk\" target=\"_blank\" >Carreiras Jur\u00eddicas \u2013 Como come\u00e7ar a estudar ainda na faculdade de Direito?<\/a><\/li>\n\n\n\n<li><a href=\"https:\/\/www.youtube.com\/watch?v=1aYPd_nzEGo\" target=\"_blank\" >Curso Direito Empresarial 2025<\/a><\/li>\n\n\n\n<li><a href=\"https:\/\/www.youtube.com\/watch?v=68jfIZcQw-k\" target=\"_blank\" >Curso Direito Empresarial em Carreira Jur\u00eddica com o Prof. Daniel Rizza<\/a><\/li>\n\n\n\n<li><a href=\"https:\/\/www.youtube.com\/watch?v=k66DRj8YK84\" target=\"_blank\" >O Guia Definitivo de Pr\u00e1tica Jur\u00eddica para Concursos<\/a><a href=\"https:\/\/www.youtube.com\/c\/Estrat%C3%A9giaCarreiraJur%C3%ADdica\"><\/a><a href=\"https:\/\/www.youtube.com\/c\/Estrat%C3%A9giaCarreiraJur%C3%ADdica\"><\/a><a href=\"https:\/\/www.youtube.com\/c\/Estrat%C3%A9giaCarreiraJur%C3%ADdica\"><\/a><a href=\"https:\/\/www.youtube.com\/c\/Estrat%C3%A9giaCarreiraJur%C3%ADdica\"><\/a><a href=\"https:\/\/www.youtube.com\/c\/Estrat%C3%A9giaCarreiraJur%C3%ADdica\"><\/a><\/li>\n<\/ul>\n\n\n\n<h2 class=\"wp-block-heading has-text-align-left\" id=\"h-quer-saber-tudo-sobre-concursos-previstos-confira-nossos-artigos\"><span id=\"quer-saber-tudo-sobre-concursos-previstosconfira-nossos-artigos\">Quer saber tudo sobre concursos previstos?<br><strong>Confira nossos artigos!<\/strong> <\/span><\/h2>\n\n\n\n<ul class=\"wp-block-list\">\n<li><a href=\"https:\/\/cj.estrategia.com\/portal\/concursos-advogados\/\" target=\"_blank\" >Concursos Advogados<\/a><\/li>\n\n\n\n<li><a href=\"https:\/\/cj.estrategia.com\/portal\/concursos-abertos-carreiras-juridicas\/\" target=\"_blank\" >Concursos jur\u00eddicos abertos<\/a><\/li>\n\n\n\n<li><a href=\"https:\/\/cj.estrategia.com\/portal\/concursos-2025-carreiras-juridicas\/\" target=\"_blank\" >Concursos Jur\u00eddicos 2025<\/a> <\/li>\n<\/ul>\n\n\n\n<h2 class=\"wp-block-heading has-text-align-left\" id=\"h-cursos-para-concursos-de-direito\"><span id=\"cursos-para-concursos-de-direito\">Cursos para concursos de Direito<\/span><\/h2>\n\n\n\n<div class=\"container\" id=\"boxes\">\n  <div class=\"row\">\n\n    <div class=\"col-sm\">\n      <div class=\"banner-estrategia-concursos-juridicos\" id=\"box-assinatura\">\n        <h3 id=\"curso-para-procuradorias\" class=\"titulo-assinatura\">Curso para Procuradorias <\/h3>\n        <p class=\"subtitulo-assinatura\">Cursos focados no edital do concurso<\/p>\n        <div class=\"box-botao\">\n          <a class=\"btn-assinatura-juridica\" target=\"_blank\" href=\"https:\/\/cj.estrategia.com\/cursos\/cursos-para-procurador\/?id=71f45202-d91c-45dc-af95-1bc2fc206292&amp;utm_source=blog&amp;utm_medium=artigo_pagina&amp;utm_campaign=procurador_categoria_usp_banner\" rel=\"noopener\">Conhe\u00e7a mais<\/a>\n        <\/div>\n      <\/div>\n      <p class=\"texto-auxiliar\">Prepare-se com o melhor material e com quem mais aprova em concursos de Procuradorias em todo o pa\u00eds. \n<\/p>\n    <\/div>\n\n  <\/div>\n<\/div>\n\n\n\n<figure class=\"wp-block-image size-large is-resized\"><img decoding=\"async\" src=\"https:\/\/dhg1h5j42swfq.cloudfront.net\/2021\/04\/19202624\/ficha-tecnica-1-1024x632-1-3.png\" alt=\"Ficha t\u00e9cnica do concurso Delegado ES\" class=\"wp-image-717343\" style=\"width:246px;height:152px\"\/><\/figure>\n\n\n\n<h4 class=\"wp-block-heading\" id=\"ficha\"><span id=\"informacoes-do-concurso-advogado-indaial-sc\">Informa\u00e7\u00f5es do Concurso Advogado Indaial SC<\/span><\/h4>\n\n\n\n<ul class=\"wp-block-list\">\n<li><strong>Cargo<\/strong>: Advogado<\/li>\n\n\n\n<li><strong>Vagas<\/strong>: 1 (Edital 2024)<\/li>\n\n\n\n<li><strong>Banca<\/strong>: IBAM (Edital 2024)<\/li>\n\n\n\n<li><strong>Escolaridade<\/strong>: N\u00edvel Superior em direito + OAB<\/li>\n\n\n\n<li><strong>Edital<\/strong>: <a href=\"https:\/\/www.ibam-concursos.org.br\/documento.asp?cod=231\">Advogado Indaial SC 2024<\/a><\/li>\n<\/ul>\n\n\n\n<p><\/p>\n","protected":false},"excerpt":{"rendered":"A Prefeitura Municipal de Indaial (PMI), no Estado de Santa Catarina (SC), publicou a homologa\u00e7\u00e3o do resultado final&hellip;\n","protected":false},"author":12,"featured_media":20782,"comment_status":"open","ping_status":"open","sticky":false,"template":"","format":"standard","meta":{"_jetpack_memberships_contains_paid_content":false,"footnotes":""},"categories":[24],"tags":[],"tax_estado":[39],"class_list":{"0":"post-57190","1":"post","2":"type-post","3":"status-publish","4":"format-standard","5":"has-post-thumbnail","7":"category-procuradoria","8":"tax_estado-go"},"acf":[],"yoast_head":"<!-- This site is optimized with the Yoast SEO Premium plugin v27.4 (Yoast SEO v27.4) - https:\/\/yoast.com\/product\/yoast-seo-premium-wordpress\/ -->\n<title>Concurso Advogado Indaial SC: homologado!<\/title>\n<meta name=\"description\" content=\"Concurso Advogado Indaial SC: resultado final do edital de 2024 publicado! Saiba todas as informa\u00e7\u00f5es sobre o certame neste artigo.\" \/>\n<meta name=\"robots\" content=\"index, follow, max-snippet:-1, max-image-preview:large, max-video-preview:-1\" \/>\n<link rel=\"canonical\" href=\"https:\/\/cj.estrategia.com\/portal\/concurso-advogado-indaial-sc\/\" \/>\n<meta property=\"og:locale\" content=\"pt_BR\" \/>\n<meta property=\"og:type\" content=\"article\" \/>\n<meta property=\"og:title\" content=\"Concurso Advogado Indaial SC: homologado!\" \/>\n<meta property=\"og:description\" content=\"Concurso Advogado Indaial SC: resultado final do edital de 2024 publicado! Saiba todas as informa\u00e7\u00f5es sobre o certame neste artigo.\" \/>\n<meta property=\"og:url\" content=\"https:\/\/cj.estrategia.com\/portal\/concurso-advogado-indaial-sc\/\" \/>\n<meta property=\"og:site_name\" content=\"Blog - Carreiras Jur\u00eddicas - Estrat\u00e9gia\" \/>\n<meta property=\"article:publisher\" content=\"https:\/\/www.facebook.com\/estrategiacarreirajuridica\/\" \/>\n<meta property=\"article:published_time\" content=\"2025-01-15T03:15:00+00:00\" \/>\n<meta property=\"article:modified_time\" content=\"2026-02-25T22:50:28+00:00\" \/>\n<meta property=\"og:image\" content=\"https:\/\/cj.estrategia.com\/portal\/wp-content\/uploads\/2022\/09\/04102635\/Concursos-Procuradorias.jpg\" \/>\n\t<meta property=\"og:image:width\" content=\"768\" \/>\n\t<meta property=\"og:image:height\" content=\"432\" \/>\n\t<meta property=\"og:image:type\" content=\"image\/jpeg\" \/>\n<meta name=\"author\" content=\"Coordena\u00e7\u00e3o\" \/>\n<meta name=\"twitter:card\" content=\"summary_large_image\" \/>\n<meta name=\"twitter:creator\" content=\"@EstratJuridica\" \/>\n<meta name=\"twitter:site\" content=\"@EstratJuridica\" \/>\n<meta name=\"twitter:label1\" content=\"Escrito por\" \/>\n\t<meta name=\"twitter:data1\" content=\"Coordena\u00e7\u00e3o\" \/>\n\t<meta name=\"twitter:label2\" content=\"Est. tempo de leitura\" \/>\n\t<meta name=\"twitter:data2\" content=\"5 minutos\" \/>\n<script type=\"application\/ld+json\" class=\"yoast-schema-graph\">{\"@context\":\"https:\\\/\\\/schema.org\",\"@graph\":[{\"@type\":\"NewsArticle\",\"@id\":\"https:\\\/\\\/cj.estrategia.com\\\/portal\\\/concurso-advogado-indaial-sc\\\/#article\",\"isPartOf\":{\"@id\":\"https:\\\/\\\/cj.estrategia.com\\\/portal\\\/concurso-advogado-indaial-sc\\\/\"},\"author\":{\"name\":\"Coordena\u00e7\u00e3o\",\"@id\":\"https:\\\/\\\/cj.estrategia.com\\\/portal\\\/#\\\/schema\\\/person\\\/4d70317d31449932b99102916b6637f5\"},\"headline\":\"Concurso Advogado Indaial SC: homologado!\",\"datePublished\":\"2025-01-15T03:15:00+00:00\",\"dateModified\":\"2026-02-25T22:50:28+00:00\",\"mainEntityOfPage\":{\"@id\":\"https:\\\/\\\/cj.estrategia.com\\\/portal\\\/concurso-advogado-indaial-sc\\\/\"},\"wordCount\":760,\"commentCount\":0,\"publisher\":{\"@id\":\"https:\\\/\\\/cj.estrategia.com\\\/portal\\\/#organization\"},\"image\":{\"@id\":\"https:\\\/\\\/cj.estrategia.com\\\/portal\\\/concurso-advogado-indaial-sc\\\/#primaryimage\"},\"thumbnailUrl\":\"https:\\\/\\\/cj.estrategia.com\\\/portal\\\/wp-content\\\/uploads\\\/2022\\\/09\\\/04102635\\\/Concursos-Procuradorias.jpg\",\"articleSection\":[\"Procuradoria\"],\"inLanguage\":\"pt-BR\",\"potentialAction\":[{\"@type\":\"CommentAction\",\"name\":\"Comment\",\"target\":[\"https:\\\/\\\/cj.estrategia.com\\\/portal\\\/concurso-advogado-indaial-sc\\\/#respond\"]}],\"accessibilityFeature\":[\"tableOfContents\"]},{\"@type\":\"WebPage\",\"@id\":\"https:\\\/\\\/cj.estrategia.com\\\/portal\\\/concurso-advogado-indaial-sc\\\/\",\"url\":\"https:\\\/\\\/cj.estrategia.com\\\/portal\\\/concurso-advogado-indaial-sc\\\/\",\"name\":\"Concurso Advogado Indaial SC: homologado!\",\"isPartOf\":{\"@id\":\"https:\\\/\\\/cj.estrategia.com\\\/portal\\\/#website\"},\"primaryImageOfPage\":{\"@id\":\"https:\\\/\\\/cj.estrategia.com\\\/portal\\\/concurso-advogado-indaial-sc\\\/#primaryimage\"},\"image\":{\"@id\":\"https:\\\/\\\/cj.estrategia.com\\\/portal\\\/concurso-advogado-indaial-sc\\\/#primaryimage\"},\"thumbnailUrl\":\"https:\\\/\\\/cj.estrategia.com\\\/portal\\\/wp-content\\\/uploads\\\/2022\\\/09\\\/04102635\\\/Concursos-Procuradorias.jpg\",\"datePublished\":\"2025-01-15T03:15:00+00:00\",\"dateModified\":\"2026-02-25T22:50:28+00:00\",\"description\":\"Concurso Advogado Indaial SC: resultado final do edital de 2024 publicado! Saiba todas as informa\u00e7\u00f5es sobre o certame neste artigo.\",\"breadcrumb\":{\"@id\":\"https:\\\/\\\/cj.estrategia.com\\\/portal\\\/concurso-advogado-indaial-sc\\\/#breadcrumb\"},\"inLanguage\":\"pt-BR\",\"potentialAction\":[{\"@type\":\"ReadAction\",\"target\":[\"https:\\\/\\\/cj.estrategia.com\\\/portal\\\/concurso-advogado-indaial-sc\\\/\"]}]},{\"@type\":\"ImageObject\",\"inLanguage\":\"pt-BR\",\"@id\":\"https:\\\/\\\/cj.estrategia.com\\\/portal\\\/concurso-advogado-indaial-sc\\\/#primaryimage\",\"url\":\"https:\\\/\\\/cj.estrategia.com\\\/portal\\\/wp-content\\\/uploads\\\/2022\\\/09\\\/04102635\\\/Concursos-Procuradorias.jpg\",\"contentUrl\":\"https:\\\/\\\/cj.estrategia.com\\\/portal\\\/wp-content\\\/uploads\\\/2022\\\/09\\\/04102635\\\/Concursos-Procuradorias.jpg\",\"width\":768,\"height\":432,\"caption\":\"Concurso de procuradorias\"},{\"@type\":\"BreadcrumbList\",\"@id\":\"https:\\\/\\\/cj.estrategia.com\\\/portal\\\/concurso-advogado-indaial-sc\\\/#breadcrumb\",\"itemListElement\":[{\"@type\":\"ListItem\",\"position\":1,\"name\":\"In\u00edcio\",\"item\":\"https:\\\/\\\/cj.estrategia.com\\\/portal\\\/\"},{\"@type\":\"ListItem\",\"position\":2,\"name\":\"Concurso Advogado Indaial SC: homologado!\"}]},{\"@type\":\"WebSite\",\"@id\":\"https:\\\/\\\/cj.estrategia.com\\\/portal\\\/#website\",\"url\":\"https:\\\/\\\/cj.estrategia.com\\\/portal\\\/\",\"name\":\"Blog - Carreiras Jur\u00eddicas - Estrat\u00e9gia\",\"description\":\"\",\"publisher\":{\"@id\":\"https:\\\/\\\/cj.estrategia.com\\\/portal\\\/#organization\"},\"potentialAction\":[{\"@type\":\"SearchAction\",\"target\":{\"@type\":\"EntryPoint\",\"urlTemplate\":\"https:\\\/\\\/cj.estrategia.com\\\/portal\\\/?s={search_term_string}\"},\"query-input\":{\"@type\":\"PropertyValueSpecification\",\"valueRequired\":true,\"valueName\":\"search_term_string\"}}],\"inLanguage\":\"pt-BR\"},{\"@type\":\"Organization\",\"@id\":\"https:\\\/\\\/cj.estrategia.com\\\/portal\\\/#organization\",\"name\":\"Estrat\u00e9gia - Carreiras Jur\u00eddicas\",\"url\":\"https:\\\/\\\/cj.estrategia.com\\\/portal\\\/\",\"logo\":{\"@type\":\"ImageObject\",\"inLanguage\":\"pt-BR\",\"@id\":\"https:\\\/\\\/cj.estrategia.com\\\/portal\\\/#\\\/schema\\\/logo\\\/image\\\/\",\"url\":\"https:\\\/\\\/cj.estrategia.com\\\/portal\\\/wp-content\\\/uploads\\\/2022\\\/03\\\/11151052\\\/cj-logo.png\",\"contentUrl\":\"https:\\\/\\\/cj.estrategia.com\\\/portal\\\/wp-content\\\/uploads\\\/2022\\\/03\\\/11151052\\\/cj-logo.png\",\"width\":150,\"height\":39,\"caption\":\"Estrat\u00e9gia - Carreiras Jur\u00eddicas\"},\"image\":{\"@id\":\"https:\\\/\\\/cj.estrategia.com\\\/portal\\\/#\\\/schema\\\/logo\\\/image\\\/\"},\"sameAs\":[\"https:\\\/\\\/www.facebook.com\\\/estrategiacarreirajuridica\\\/\",\"https:\\\/\\\/x.com\\\/EstratJuridica\",\"https:\\\/\\\/www.instagram.com\\\/estrategiacarreirajuridica\\\/\",\"https:\\\/\\\/www.youtube.com\\\/channel\\\/UClbMGuYbj2Mh1m3w144ETWQ\"]},{\"@type\":\"Person\",\"@id\":\"https:\\\/\\\/cj.estrategia.com\\\/portal\\\/#\\\/schema\\\/person\\\/4d70317d31449932b99102916b6637f5\",\"name\":\"Coordena\u00e7\u00e3o\",\"image\":{\"@type\":\"ImageObject\",\"inLanguage\":\"pt-BR\",\"@id\":\"https:\\\/\\\/cj.estrategia.com\\\/portal\\\/wp-content\\\/uploads\\\/2022\\\/05\\\/12164923\\\/estrategia-carreira-juridica-coordenacao-96x96.png\",\"url\":\"https:\\\/\\\/cj.estrategia.com\\\/portal\\\/wp-content\\\/uploads\\\/2022\\\/05\\\/12164923\\\/estrategia-carreira-juridica-coordenacao-96x96.png\",\"contentUrl\":\"https:\\\/\\\/cj.estrategia.com\\\/portal\\\/wp-content\\\/uploads\\\/2022\\\/05\\\/12164923\\\/estrategia-carreira-juridica-coordenacao-96x96.png\",\"caption\":\"Coordena\u00e7\u00e3o\"},\"url\":\"https:\\\/\\\/cj.estrategia.com\\\/portal\\\/author\\\/coordenacao\\\/\"}]}<\/script>\n<!-- \/ Yoast SEO Premium plugin. -->","yoast_head_json":{"title":"Concurso Advogado Indaial SC: homologado!","description":"Concurso Advogado Indaial SC: resultado final do edital de 2024 publicado! Saiba todas as informa\u00e7\u00f5es sobre o certame neste artigo.","robots":{"index":"index","follow":"follow","max-snippet":"max-snippet:-1","max-image-preview":"max-image-preview:large","max-video-preview":"max-video-preview:-1"},"canonical":"https:\/\/cj.estrategia.com\/portal\/concurso-advogado-indaial-sc\/","og_locale":"pt_BR","og_type":"article","og_title":"Concurso Advogado Indaial SC: homologado!","og_description":"Concurso Advogado Indaial SC: resultado final do edital de 2024 publicado! Saiba todas as informa\u00e7\u00f5es sobre o certame neste artigo.","og_url":"https:\/\/cj.estrategia.com\/portal\/concurso-advogado-indaial-sc\/","og_site_name":"Blog - Carreiras Jur\u00eddicas - Estrat\u00e9gia","article_publisher":"https:\/\/www.facebook.com\/estrategiacarreirajuridica\/","article_published_time":"2025-01-15T03:15:00+00:00","article_modified_time":"2026-02-25T22:50:28+00:00","og_image":[{"width":768,"height":432,"url":"https:\/\/cj.estrategia.com\/portal\/wp-content\/uploads\/2022\/09\/04102635\/Concursos-Procuradorias.jpg","type":"image\/jpeg"}],"author":"Coordena\u00e7\u00e3o","twitter_card":"summary_large_image","twitter_creator":"@EstratJuridica","twitter_site":"@EstratJuridica","twitter_misc":{"Escrito por":"Coordena\u00e7\u00e3o","Est. tempo de leitura":"5 minutos"},"schema":{"@context":"https:\/\/schema.org","@graph":[{"@type":"NewsArticle","@id":"https:\/\/cj.estrategia.com\/portal\/concurso-advogado-indaial-sc\/#article","isPartOf":{"@id":"https:\/\/cj.estrategia.com\/portal\/concurso-advogado-indaial-sc\/"},"author":{"name":"Coordena\u00e7\u00e3o","@id":"https:\/\/cj.estrategia.com\/portal\/#\/schema\/person\/4d70317d31449932b99102916b6637f5"},"headline":"Concurso Advogado Indaial SC: homologado!","datePublished":"2025-01-15T03:15:00+00:00","dateModified":"2026-02-25T22:50:28+00:00","mainEntityOfPage":{"@id":"https:\/\/cj.estrategia.com\/portal\/concurso-advogado-indaial-sc\/"},"wordCount":760,"commentCount":0,"publisher":{"@id":"https:\/\/cj.estrategia.com\/portal\/#organization"},"image":{"@id":"https:\/\/cj.estrategia.com\/portal\/concurso-advogado-indaial-sc\/#primaryimage"},"thumbnailUrl":"https:\/\/cj.estrategia.com\/portal\/wp-content\/uploads\/2022\/09\/04102635\/Concursos-Procuradorias.jpg","articleSection":["Procuradoria"],"inLanguage":"pt-BR","potentialAction":[{"@type":"CommentAction","name":"Comment","target":["https:\/\/cj.estrategia.com\/portal\/concurso-advogado-indaial-sc\/#respond"]}],"accessibilityFeature":["tableOfContents"]},{"@type":"WebPage","@id":"https:\/\/cj.estrategia.com\/portal\/concurso-advogado-indaial-sc\/","url":"https:\/\/cj.estrategia.com\/portal\/concurso-advogado-indaial-sc\/","name":"Concurso Advogado Indaial SC: homologado!","isPartOf":{"@id":"https:\/\/cj.estrategia.com\/portal\/#website"},"primaryImageOfPage":{"@id":"https:\/\/cj.estrategia.com\/portal\/concurso-advogado-indaial-sc\/#primaryimage"},"image":{"@id":"https:\/\/cj.estrategia.com\/portal\/concurso-advogado-indaial-sc\/#primaryimage"},"thumbnailUrl":"https:\/\/cj.estrategia.com\/portal\/wp-content\/uploads\/2022\/09\/04102635\/Concursos-Procuradorias.jpg","datePublished":"2025-01-15T03:15:00+00:00","dateModified":"2026-02-25T22:50:28+00:00","description":"Concurso Advogado Indaial SC: resultado final do edital de 2024 publicado! Saiba todas as informa\u00e7\u00f5es sobre o certame neste artigo.","breadcrumb":{"@id":"https:\/\/cj.estrategia.com\/portal\/concurso-advogado-indaial-sc\/#breadcrumb"},"inLanguage":"pt-BR","potentialAction":[{"@type":"ReadAction","target":["https:\/\/cj.estrategia.com\/portal\/concurso-advogado-indaial-sc\/"]}]},{"@type":"ImageObject","inLanguage":"pt-BR","@id":"https:\/\/cj.estrategia.com\/portal\/concurso-advogado-indaial-sc\/#primaryimage","url":"https:\/\/cj.estrategia.com\/portal\/wp-content\/uploads\/2022\/09\/04102635\/Concursos-Procuradorias.jpg","contentUrl":"https:\/\/cj.estrategia.com\/portal\/wp-content\/uploads\/2022\/09\/04102635\/Concursos-Procuradorias.jpg","width":768,"height":432,"caption":"Concurso de procuradorias"},{"@type":"BreadcrumbList","@id":"https:\/\/cj.estrategia.com\/portal\/concurso-advogado-indaial-sc\/#breadcrumb","itemListElement":[{"@type":"ListItem","position":1,"name":"In\u00edcio","item":"https:\/\/cj.estrategia.com\/portal\/"},{"@type":"ListItem","position":2,"name":"Concurso Advogado Indaial SC: homologado!"}]},{"@type":"WebSite","@id":"https:\/\/cj.estrategia.com\/portal\/#website","url":"https:\/\/cj.estrategia.com\/portal\/","name":"Blog - Carreiras Jur\u00eddicas - Estrat\u00e9gia","description":"","publisher":{"@id":"https:\/\/cj.estrategia.com\/portal\/#organization"},"potentialAction":[{"@type":"SearchAction","target":{"@type":"EntryPoint","urlTemplate":"https:\/\/cj.estrategia.com\/portal\/?s={search_term_string}"},"query-input":{"@type":"PropertyValueSpecification","valueRequired":true,"valueName":"search_term_string"}}],"inLanguage":"pt-BR"},{"@type":"Organization","@id":"https:\/\/cj.estrategia.com\/portal\/#organization","name":"Estrat\u00e9gia - Carreiras Jur\u00eddicas","url":"https:\/\/cj.estrategia.com\/portal\/","logo":{"@type":"ImageObject","inLanguage":"pt-BR","@id":"https:\/\/cj.estrategia.com\/portal\/#\/schema\/logo\/image\/","url":"https:\/\/cj.estrategia.com\/portal\/wp-content\/uploads\/2022\/03\/11151052\/cj-logo.png","contentUrl":"https:\/\/cj.estrategia.com\/portal\/wp-content\/uploads\/2022\/03\/11151052\/cj-logo.png","width":150,"height":39,"caption":"Estrat\u00e9gia - Carreiras Jur\u00eddicas"},"image":{"@id":"https:\/\/cj.estrategia.com\/portal\/#\/schema\/logo\/image\/"},"sameAs":["https:\/\/www.facebook.com\/estrategiacarreirajuridica\/","https:\/\/x.com\/EstratJuridica","https:\/\/www.instagram.com\/estrategiacarreirajuridica\/","https:\/\/www.youtube.com\/channel\/UClbMGuYbj2Mh1m3w144ETWQ"]},{"@type":"Person","@id":"https:\/\/cj.estrategia.com\/portal\/#\/schema\/person\/4d70317d31449932b99102916b6637f5","name":"Coordena\u00e7\u00e3o","image":{"@type":"ImageObject","inLanguage":"pt-BR","@id":"https:\/\/cj.estrategia.com\/portal\/wp-content\/uploads\/2022\/05\/12164923\/estrategia-carreira-juridica-coordenacao-96x96.png","url":"https:\/\/cj.estrategia.com\/portal\/wp-content\/uploads\/2022\/05\/12164923\/estrategia-carreira-juridica-coordenacao-96x96.png","contentUrl":"https:\/\/cj.estrategia.com\/portal\/wp-content\/uploads\/2022\/05\/12164923\/estrategia-carreira-juridica-coordenacao-96x96.png","caption":"Coordena\u00e7\u00e3o"},"url":"https:\/\/cj.estrategia.com\/portal\/author\/coordenacao\/"}]}},"jetpack_featured_media_url":"https:\/\/cj.estrategia.com\/portal\/wp-content\/uploads\/2022\/09\/04102635\/Concursos-Procuradorias.jpg","jetpack_sharing_enabled":true,"_links":{"self":[{"href":"https:\/\/cj.estrategia.com\/portal\/wp-json\/wp\/v2\/posts\/57190","targetHints":{"allow":["GET"]}}],"collection":[{"href":"https:\/\/cj.estrategia.com\/portal\/wp-json\/wp\/v2\/posts"}],"about":[{"href":"https:\/\/cj.estrategia.com\/portal\/wp-json\/wp\/v2\/types\/post"}],"author":[{"embeddable":true,"href":"https:\/\/cj.estrategia.com\/portal\/wp-json\/wp\/v2\/users\/12"}],"replies":[{"embeddable":true,"href":"https:\/\/cj.estrategia.com\/portal\/wp-json\/wp\/v2\/comments?post=57190"}],"version-history":[{"count":23,"href":"https:\/\/cj.estrategia.com\/portal\/wp-json\/wp\/v2\/posts\/57190\/revisions"}],"predecessor-version":[{"id":180568,"href":"https:\/\/cj.estrategia.com\/portal\/wp-json\/wp\/v2\/posts\/57190\/revisions\/180568"}],"wp:featuredmedia":[{"embeddable":true,"href":"https:\/\/cj.estrategia.com\/portal\/wp-json\/wp\/v2\/media\/20782"}],"wp:attachment":[{"href":"https:\/\/cj.estrategia.com\/portal\/wp-json\/wp\/v2\/media?parent=57190"}],"wp:term":[{"taxonomy":"category","embeddable":true,"href":"https:\/\/cj.estrategia.com\/portal\/wp-json\/wp\/v2\/categories?post=57190"},{"taxonomy":"post_tag","embeddable":true,"href":"https:\/\/cj.estrategia.com\/portal\/wp-json\/wp\/v2\/tags?post=57190"},{"taxonomy":"tax_estado","embeddable":true,"href":"https:\/\/cj.estrategia.com\/portal\/wp-json\/wp\/v2\/tax_estado?post=57190"}],"curies":[{"name":"wp","href":"https:\/\/api.w.org\/{rel}","templated":true}]}}