{"id":57126,"date":"2024-03-04T15:21:55","date_gmt":"2024-03-04T18:21:55","guid":{"rendered":"https:\/\/cj.estrategia.com\/portal\/?p=57126"},"modified":"2024-03-04T15:21:59","modified_gmt":"2024-03-04T18:21:59","slug":"prova-comentada-direito-processual-civil-delegado-pe","status":"publish","type":"post","link":"https:\/\/cj.estrategia.com\/portal\/prova-comentada-direito-processual-civil-delegado-pe\/","title":{"rendered":"Prova Comentada Direito Processual Civil Delegado PE"},"content":{"rendered":"\n<p>Ol\u00e1, pessoal, tudo certo?!<\/p>\n\n\n\n<p>Em 03\/03\/2024, foi aplicada a prova objetiva do concurso p\u00fablico para <strong>Delegado de Pol\u00edcia Civil do Estado de Pernambuco<\/strong>. Assim que encerrada, nosso time de professores elaborou o gabarito extraoficial, que, agora, ser\u00e1 apresentado juntamente com a nossa <strong>PROVA COMENTADA<\/strong>.<\/p>\n\n\n\n<p>Este material visa a auxili\u00e1-los na aferi\u00e7\u00e3o das notas, elabora\u00e7\u00e3o de eventuais recursos, verifica\u00e7\u00e3o das chances de avan\u00e7o para fase discursiva, bem como na revis\u00e3o do conte\u00fado cobrado no certame.<\/p>\n\n\n\n<p>Desde j\u00e1, destacamos que nosso time de professores identificou 1 quest\u00e3o pass\u00edvel de recurso e\/ou que deve se anulada, por apresentar duas ou nenhuma alternativa correta, como veremos adiante. No tipo de prova comentado, trata-se da quest\u00e3o 92.<\/p>\n\n\n\n<p>De modo complementar, elaboramos tamb\u00e9m o <a href=\"https:\/\/cj.estrategia.com\/cadernos-e-simulados\/simulados\/c4d5ed67-f8c1-4ab2-9d93-e25bc71f68a4\"><strong>RANKING da PC-PE<\/strong>,<\/a> em que nossos alunos e seguidores poder\u00e3o inserir suas respostas \u00e0 prova, e, ao final, aferir sua nota, de acordo com o gabarito elaborado por nossos professores. Atrav\u00e9s do ranking, tamb\u00e9m poderemos estimar a nota de corte da 1\u00ba fase. Essa ferramenta \u00e9 gratuita e, para participar, basta clicar no link abaixo:<\/p>\n\n\n\n<p>Al\u00e9m disso, montamos um caderno para nossos seguidores, alunos ou n\u00e3o, verem os coment\u00e1rios e comentar as quest\u00f5es da prova: confira <a href=\"https:\/\/cj.estrategia.com\/cadernos-e-simulados\/cadernos\/17572cc0-e793-4054-af70-2f48c57bda9c\">AQUI!<\/a><\/p>\n\n\n\n<p>Por fim, comentaremos a prova, as quest\u00f5es mais pol\u00eamicas, as possibilidades de recurso, bem como a estimativa da nota de corte no <strong>TERM\u00d4METRO P\u00d3S-PROVA<\/strong>, no nosso canal do Youtube. Inscreva-se e ative as notifica\u00e7\u00f5es! <a href=\"https:\/\/www.youtube.com\/@EstrategiaCarreiraJuridica\"><strong>Estrat\u00e9gia Carreira Jur\u00eddica &#8211; YouTube<\/strong><\/a><\/p>\n\n\n\n<p class=\"has-text-align-center has-pale-ocean-gradient-background has-background\"><strong>Confira <a href=\"https:\/\/cj.estrategia.com\/portal\/gabarito-extraoficial-delegado-pe-veja-seu-desempnho\/\">AQUI<\/a> a prova comentada de todas as disciplinas!<\/strong><\/p>\n\n\n\n<h3 class=\"wp-block-heading has-vivid-red-color has-text-color has-link-color wp-elements-3aade719477f851dac148265d65fa254\" id=\"h-prova-comentada-direito-processual-civil\"><span id=\"prova-comentada-direito-processual-civil\">Prova Comentada Direito Processual Civil<\/span><\/h3>\n\n\n\n<p><strong>QUEST\u00c3O 85. Segundo o C\u00f3digo de Processo Civil, as partes podem eleger foro em que ser\u00e1 proposta a\u00e7\u00e3o oriunda de direitos e obriga\u00e7\u00f5es. Nesse caso, antes da cita\u00e7\u00e3o, a cl\u00e1usula de elei\u00e7\u00e3o de foro, se abusiva, pode ser reputada<\/strong><\/p>\n\n\n\n<p><strong>a) ineficaz, desde que haja requerimento da parte.<\/strong><\/p>\n\n\n\n<p><strong>b) nula, desde que haja requerimento da parte.<\/strong><\/p>\n\n\n\n<p><strong>c) ineficaz de of\u00edcio pelo juiz.<\/strong><\/p>\n\n\n\n<p><strong>d) anul\u00e1vel, desde que haja requerimento da parte.<\/strong><\/p>\n\n\n\n<p><strong>e) nula de of\u00edcio pelo juiz.<\/strong><\/p>\n\n\n\n<p><strong>Coment\u00e1rios<\/strong><\/p>\n\n\n\n<p>A alternativa correta \u00e9 a <strong>letra C<\/strong>.<\/p>\n\n\n\n<p>A quest\u00e3o aborda o tema da cl\u00e1usula de elei\u00e7\u00e3o de foro dentro do processo civil.<\/p>\n\n\n\n<p>A alternativa C est\u00e1 correta, pois sua reda\u00e7\u00e3o est\u00e1 de acordo com o art. 63, \u00a73\u00ba, do CPC, que prev\u00ea o seguinte: \u201cAntes da cita\u00e7\u00e3o, a cl\u00e1usula de elei\u00e7\u00e3o de foro, se abusiva, pode ser reputada ineficaz de of\u00edcio pelo juiz, que determinar\u00e1 a remessa dos autos ao ju\u00edzo do foro de domic\u00edlio do r\u00e9u\u201d.<\/p>\n\n\n\n<p>No processo civil, existem algumas situa\u00e7\u00f5es nas quais uma regra de compet\u00eancia estabelecida na legisla\u00e7\u00e3o pode ser afastada, seja pela vontade das partes ou, tamb\u00e9m, pela incid\u00eancia de uma hip\u00f3tese legal de modifica\u00e7\u00e3o de compet\u00eancia. Dentre essas situa\u00e7\u00f5es, podemos destacar a conex\u00e3o, a contin\u00eancia e a cl\u00e1usula de elei\u00e7\u00e3o de foro, tamb\u00e9m chamada de \u201cforo de elei\u00e7\u00e3o\u201d.<\/p>\n\n\n\n<p>Em suma, a cl\u00e1usula de elei\u00e7\u00e3o de foro constitui um neg\u00f3cio jur\u00eddico no qual as partes, por vontade pr\u00f3pria, elegem o foro competente para o julgamento de um eventual lit\u00edgio decorrente de uma determinada rela\u00e7\u00e3o jur\u00eddica existente entre elas. Por exemplo, se A e B formularem um contrato de presta\u00e7\u00e3o de servi\u00e7os, ser\u00e1 poss\u00edvel que eles, de comum acordo, estipulem qual ser\u00e1 o ju\u00edzo competente para julgar uma eventual a\u00e7\u00e3o advinda daquele contrato.<\/p>\n\n\n\n<p>Todavia, esse direito potestativo das partes n\u00e3o \u00e9 absoluto. A cl\u00e1usula de elei\u00e7\u00e3o de foro s\u00f3 pode modificar as regras de compet\u00eancia relativa, pois as regras de compet\u00eancia absoluta, por outro lado, s\u00e3o inderrog\u00e1veis pela vontade das partes. Isso est\u00e1 expresso no <em>caput<\/em> do art. 63 do CPC, que disp\u00f5e que as partes podem modificar a compet\u00eancia em raz\u00e3o do valor e do territ\u00f3rio, as quais s\u00e3o, justamente, as hip\u00f3teses de compet\u00eancia relativa.<\/p>\n\n\n\n<p>E, mesmo quando a cl\u00e1usula de elei\u00e7\u00e3o de foro tratar de uma regra de compet\u00eancia relativa, ela poder\u00e1 ser considerada ineficaz pelo juiz se for considerada como abusiva (por exemplo, pelo fato de dificultar o exerc\u00edcio do direito de defesa). Isso costuma ocorrer nos contratos de ades\u00e3o, nos quais o aderente n\u00e3o tem a oportunidade de negociar o conte\u00fado de nenhuma das cl\u00e1usulas do contrato.<\/p>\n\n\n\n<p>Ainda, o art. 63, \u00a73\u00ba, do CPC \u00e9 expresso ao estabelecer que, antes da cita\u00e7\u00e3o, a cl\u00e1usula pode ser reputada ineficaz de of\u00edcio pelo juiz, o que torna correta a alternativa C.<\/p>\n\n\n\n<p>As alternativas A, B, D e E est\u00e3o incorretas, pois contrariam o dispositivo acima citado.<\/p>\n\n\n\n<p><strong>QUEST\u00c3O 86. Segundo o Superior Tribunal de Justi\u00e7a, imp\u00f5e-se aos ju\u00edzes o dever de facultar pr\u00e9via manifesta\u00e7\u00e3o dos sujeitos processuais a respeito de elementos a serem considerados pelo \u00f3rg\u00e3o julgador. Tal exig\u00eancia aplica-se<\/strong><\/p>\n\n\n\n<p><strong>a) unicamente em caso de elementos f\u00e1ticos e mat\u00e9rias necessariamente de ordem p\u00fablica e cognosc\u00edveis de of\u00edcio.<\/strong><\/p>\n\n\n\n<p><strong>b) em caso de elementos f\u00e1ticos e jur\u00eddicos, tratando-se ou n\u00e3o de mat\u00e9rias de ordem p\u00fablica e cognosc\u00edveis de of\u00edcio.<\/strong><\/p>\n\n\n\n<p><strong>c) unicamente em caso de elementos f\u00e1ticos e mat\u00e9rias necessariamente n\u00e3o de ordem p\u00fablica ou n\u00e3o cognosc\u00edveis de of\u00edcio.<\/strong><\/p>\n\n\n\n<p><strong>d) O unicamente em caso de elementos jur\u00eddicos e mat\u00e9rias necessariamente n\u00e3o de ordem p\u00fablica ou n\u00e3o cognosc\u00edveis de of\u00edcio.<\/strong><\/p>\n\n\n\n<p><strong>d) unicamente em caso de elementos jur\u00eddicos e mat\u00e9rias necessariamente ordem p\u00fablica e cognosc\u00edveis de of\u00edcio.<\/strong><\/p>\n\n\n\n<p><strong>Coment\u00e1rios<\/strong><\/p>\n\n\n\n<p>A alternativa correta \u00e9 a <strong>letra B<\/strong>.<\/p>\n\n\n\n<p>A quest\u00e3o trata dos princ\u00edpios da n\u00e3o surpresa e do contradit\u00f3rio dentro do processo civil.<\/p>\n\n\n\n<p>O art. 10 do CPC, que auxilia a encontrar a resposta correta para essa quest\u00e3o, exp\u00f5e o seguinte: \u201cO juiz n\u00e3o pode decidir, em grau algum de jurisdi\u00e7\u00e3o, com base em fundamento a respeito do qual n\u00e3o se tenha dado \u00e0s partes oportunidade de se manifestar, ainda que se trate de mat\u00e9ria sobre a qual deva decidir de of\u00edcio\u201d.<\/p>\n\n\n\n<p>Portanto, de acordo com esse dispositivo, mesmo que a mat\u00e9ria em quest\u00e3o seja de ordem p\u00fablica e cognosc\u00edvel de of\u00edcio (como, por exemplo, uma prescri\u00e7\u00e3o), o juiz, antes de proferir a sua decis\u00e3o, possui o dever de facultar a pr\u00e9via manifesta\u00e7\u00e3o das partes. Essa l\u00f3gica se aplica tanto para os elementos f\u00e1ticos quanto para os elementos jur\u00eddicos.<\/p>\n\n\n\n<p>A jurisprud\u00eancia do STJ entende no mesmo sentido: \u201cDecorrente do princ\u00edpio do contradit\u00f3rio, a veda\u00e7\u00e3o a decis\u00f5es surpresa tem por escopo permitir \u00e0s partes, em procedimento dial\u00f3gico, o exerc\u00edcio das faculdades de participa\u00e7\u00e3o nos atos do processo e de exposi\u00e7\u00e3o de argumentos para influir na decis\u00e3o judicial, impondo aos ju\u00edzes, mesmo em face de mat\u00e9rias de ordem p\u00fablica e cognosc\u00edveis de of\u00edcio, o dever de facultar pr\u00e9via manifesta\u00e7\u00e3o dos sujeitos processuais a respeito dos elementos f\u00e1ticos e jur\u00eddicos a serem considerados pelo \u00f3rg\u00e3o julgador\u201d (REsp 2.016.601, 2022).<\/p>\n\n\n\n<p>A alternativa B est\u00e1 correta, pois a sua reda\u00e7\u00e3o vai ao encontro da fundamenta\u00e7\u00e3o exposta acima.<\/p>\n\n\n\n<p>As alternativas A, C, D e E est\u00e3o incorretas, tendo em vista que contrariam a jurisprud\u00eancia do STJ e o art. 10 do CPC.<\/p>\n\n\n\n<p><strong>QUEST\u00c3O 87. De acordo com o C\u00f3digo de Processo Civil, a concess\u00e3o da tutela de urg\u00eancia<\/strong><\/p>\n\n\n\n<p><strong>a) pode ser concedida liminarmente ou ap\u00f3s justifica\u00e7\u00e3o pr\u00e9via e exige cau\u00e7\u00e3o real, n\u00e3o sendo admitida cau\u00e7\u00e3o fidejuss\u00f3ria.<\/strong><\/p>\n\n\n\n<p><strong>b) deve ser concedida liminarmente e exige que seja prestada cau\u00e7\u00e3o fidejuss\u00f3ria, n\u00e3o sendo admitida cau\u00e7\u00e3o real.<\/strong><\/p>\n\n\n\n<p><strong>c) pode ser concedida quando houver perigo de irreversibilidade dos efeitos da decis\u00e3o de natureza cautelar ou antecipada.<\/strong><\/p>\n\n\n\n<p><strong>d) deve ser concedida liminarmente e exige que seja prestada cau\u00e7\u00e3o real, n\u00e3o sendo admitida cau\u00e7\u00e3o fidejuss\u00f3ria.<\/strong><\/p>\n\n\n\n<p><strong>e) pode ser concedida liminarmente ou ap\u00f3s justifica\u00e7\u00e3o pr\u00e9via, admitindo-se a dispensa da cau\u00e7\u00e3o quando a parte n\u00e3o puder oferec\u00ea-la por ser economicamente hipossuficiente.<\/strong><\/p>\n\n\n\n<p><strong>Coment\u00e1rios<\/strong><\/p>\n\n\n\n<p>A alternativa correta \u00e9 a <strong>letra E<\/strong>.<\/p>\n\n\n\n<p>A quest\u00e3o trata das tutelas de urg\u00eancia no processo civil.<\/p>\n\n\n\n<p>A resposta da quest\u00e3o pode ser encontrada nos seguintes dispositivos do CPC: \u201cArt. 300. [&#8230;] \u00a71\u00ba Para a concess\u00e3o da tutela de urg\u00eancia, o juiz pode, conforme o caso, exigir cau\u00e7\u00e3o real ou fidejuss\u00f3ria id\u00f4nea para ressarcir os danos que a outra parte possa vir a sofrer, podendo a cau\u00e7\u00e3o ser dispensada se a parte economicamente hipossuficiente n\u00e3o puder oferec\u00ea-la. \u00a72\u00ba A tutela de urg\u00eancia pode ser concedida liminarmente ou ap\u00f3s justifica\u00e7\u00e3o pr\u00e9via. \u00a73\u00ba A tutela de urg\u00eancia de natureza antecipada n\u00e3o ser\u00e1 concedida quando houver perigo de irreversibilidade dos efeitos da decis\u00e3o\u201d.<\/p>\n\n\n\n<p>As alternativas A, B e D est\u00e3o incorretas, tendo em vista que o CPC admite (art. 300, \u00a71\u00ba) tanto a cau\u00e7\u00e3o fidejuss\u00f3ria quanto a cau\u00e7\u00e3o real para a concess\u00e3o da tutela de urg\u00eancia. Ainda, n\u00e3o existe a obrigatoriedade de concess\u00e3o da tutela de modo liminar, pois \u00e9 poss\u00edvel a realiza\u00e7\u00e3o de uma justifica\u00e7\u00e3o pr\u00e9via, se o magistrado entender mais adequado.<\/p>\n\n\n\n<p>A alternativa C est\u00e1 incorreta, pois, havendo perigo de irreversibilidade dos efeitos da decis\u00e3o, a tutela de urg\u00eancia de natureza antecipada n\u00e3o deve ser concedida (art. 300, \u00a73\u00ba, CPC).<\/p>\n\n\n\n<p>A alternativa E est\u00e1 correta. Como j\u00e1 visto acima, a concess\u00e3o da tutela de urg\u00eancia pode se dar de maneira liminar ou ap\u00f3s justifica\u00e7\u00e3o pr\u00e9via, sendo poss\u00edvel que o magistrado dispense a cau\u00e7\u00e3o se a parte for economicamente hipossuficiente e n\u00e3o puder oferec\u00ea-la (art. 300, \u00a7\u00a71\u00ba e 2\u00ba, CPC).<\/p>\n\n\n\n<p><strong>QUEST\u00c3O 88. O C\u00f3digo de Processo Civil estabelece que o \u00f4nus da prova compete ao<\/strong><\/p>\n\n\n\n<p><strong>a) r\u00e9u, quando se tratar da exist\u00eancia de fato extintivo do direito do autor, sendo admitida a distribui\u00e7\u00e3o diversa do \u00f4nus da prova em qualquer situa\u00e7\u00e3o em que as partes considerarem conveniente.<\/strong><\/p>\n\n\n\n<p><strong>b) r\u00e9u, quando se tratar da exist\u00eancia de fato modificativo do direito do autor, sendo admitida a distribui\u00e7\u00e3o diversa do \u00f4nus da prova por conven\u00e7\u00e3o entre as partes, n\u00e3o podendo esse ajuste recair sobre direito indispon\u00edvel de alguma delas.<\/strong><\/p>\n\n\n\n<p><strong>c) autor, quando se tratar de prova excessivamente dif\u00edcil de ser produzida, sendo vedado \u00e0s partes convencionarem a distribui\u00e7\u00e3o do \u00f4nus probat\u00f3rio de modo diverso.<\/strong><\/p>\n\n\n\n<p><strong>d) autor em qualquer hip\u00f3tese, mas se admite que as partes convencionem a distribui\u00e7\u00e3o do \u00f4nus probat\u00f3rio para o fim de atribu\u00ed-lo ao r\u00e9u.<\/strong><\/p>\n\n\n\n<p><strong>e) autor, quando se tratar do fato constitutivo do seu direito, sendo vedado \u00e0s partes convencionarem a distribui\u00e7\u00e3o do \u00f4nus probat\u00f3rio de modo diverso.<\/strong><\/p>\n\n\n\n<p><strong>Coment\u00e1rios<\/strong><\/p>\n\n\n\n<p>A alternativa correta \u00e9 a <strong>letra B<\/strong>.<\/p>\n\n\n\n<p>A quest\u00e3o trata do \u00f4nus da prova no processo civil.<\/p>\n\n\n\n<p>A alternativa A est\u00e1 incorreta. A distribui\u00e7\u00e3o diversa do \u00f4nus da prova por conven\u00e7\u00e3o das partes \u00e9 permitida, mas ela deve observar os limites expostos no art. 373, \u00a73\u00ba, do CPC, n\u00e3o podendo recair sobre direito indispon\u00edvel da parte ou tornar excessivamente dif\u00edcil a uma parte o exerc\u00edcio do direito. Portanto, n\u00e3o \u00e9 poss\u00edvel a distribui\u00e7\u00e3o diversa do \u00f4nus da prova em qualquer situa\u00e7\u00e3o em que as partes considerarem conveniente.<\/p>\n\n\n\n<p>A alternativa B est\u00e1 correta. Como regra geral, o r\u00e9u possui o \u00f4nus de provar os fatos impeditivos, modificativos ou extintivos do direito do autor (art. 373, II, CPC), mas a distribui\u00e7\u00e3o diversa por conven\u00e7\u00e3o das partes tamb\u00e9m \u00e9 perfeitamente admiss\u00edvel, desde que n\u00e3o recaia sobre direito indispon\u00edvel ou torne excessivamente dif\u00edcil a uma parte o exerc\u00edcio do direito (art. 373, \u00a73\u00ba, CPC).<\/p>\n\n\n\n<p>A alternativa C est\u00e1 incorreta, pois, como j\u00e1 visto acima, \u00e9 poss\u00edvel que as partes convencionem uma distribui\u00e7\u00e3o diversa do \u00f4nus da prova (art. 373, \u00a73\u00ba, CPC).<\/p>\n\n\n\n<p>A alternativa D est\u00e1 incorreta. O \u00f4nus da prova n\u00e3o incumbe sempre ao autor, pois, al\u00e9m da distribui\u00e7\u00e3o diversa do \u00f4nus da prova por conven\u00e7\u00e3o das partes, a pr\u00f3pria legisla\u00e7\u00e3o pode estabelecer a invers\u00e3o em certos casos, e, em outros, o magistrado, atento \u00e0s peculiaridades da causa, pode determinar essa invers\u00e3o (art. 373, \u00a71\u00ba, CPC). Al\u00e9m disso, o pr\u00f3prio CPC j\u00e1 estabelece, no art. 373, II, alguns encargos probat\u00f3rios que recaem sobre o r\u00e9u, o que tamb\u00e9m torna essa alternativa incorreta.<\/p>\n\n\n\n<p>A alternativa E est\u00e1 incorreta. Aqui, aplica-se a mesma fundamenta\u00e7\u00e3o das alternativas anteriores, pois a distribui\u00e7\u00e3o do \u00f4nus probat\u00f3rio por vontade das partes \u00e9 perfeitamente admiss\u00edvel (art. 373, \u00a73\u00ba, CPC).<\/p>\n\n\n\n<p><strong>QUEST\u00c3O 89. De acordo com o C\u00f3digo de Processo Civil, a a\u00e7\u00e3o em que o incapaz for r\u00e9u ser\u00e1 proposta<\/strong><\/p>\n\n\n\n<p><strong>a) no foro de resid\u00eancia de seu representante ou assistente.<\/strong><\/p>\n\n\n\n<p><strong>b) no foro de sua resid\u00eancia.<\/strong><\/p>\n\n\n\n<p><strong>c) em qualquer foro localizado no territ\u00f3rio nacional desde que n\u00e3o lhe cause preju\u00edzo.<\/strong><\/p>\n\n\n\n<p><strong>d) no foro de domic\u00edlio de seu representante ou assistente.<\/strong><\/p>\n\n\n\n<p><strong>e) no foro de seu domic\u00edlio.<\/strong><\/p>\n\n\n\n<p><strong>Coment\u00e1rios<\/strong><\/p>\n\n\n\n<p>A alternativa correta \u00e9 a <strong>letra D<\/strong>.<\/p>\n\n\n\n<p>A quest\u00e3o trata das regras de compet\u00eancia territorial no processo civil.<\/p>\n\n\n\n<p>A alternativa D est\u00e1 correta. A sua reda\u00e7\u00e3o vai ao encontro do art. 50 do CPC, que estabelece o seguinte: \u201cA a\u00e7\u00e3o em que o incapaz for r\u00e9u ser\u00e1 proposta no foro de domic\u00edlio de seu representante ou assistente\u201d.<\/p>\n\n\n\n<p>As alternativas A, B, C e E est\u00e3o incorretas, pois trazem disposi\u00e7\u00f5es que contrariam frontalmente a regra estabelecida no dispositivo acima citado. Preste aten\u00e7\u00e3o para o fato de que a alternativa A menciona \u201cforo de resid\u00eancia de seu representante ou assistente\u201d, raz\u00e3o pela qual est\u00e1 incorreta, tendo em vista que a resid\u00eancia n\u00e3o se confunde com o domic\u00edlio.<\/p>\n\n\n\n<p><strong>QUEST\u00c3O 90. Determinado estado da Federa\u00e7\u00e3o editou lei estadual por meio da qual foi criada uma vara especializada que, localizada na capital do estado, seria ju\u00edzo privativo para o processo e julgamento das a\u00e7\u00f5es coletivas que fossem propostas na justi\u00e7a estadual daquela unidade federativa.<\/strong><\/p>\n\n\n\n<p><strong>Considerando-se a situa\u00e7\u00e3o hipot\u00e9tica precedente e o entendimento do Superior Tribunal de Justi\u00e7a acerca desse tema, e de acordo com a Lei n\u00ba 7.347\/1985 (Lei de A\u00e7\u00e3o Civil P\u00fablica), \u00e9 correto afirmar que a exist\u00eancia de vara privativa institu\u00edda por lei estadual<\/strong><\/p>\n\n\n\n<p><strong>a) apenas n\u00e3o altera a compet\u00eancia territorial que esteja prevista na Constitui\u00e7\u00e3o Federal de 1988.<\/strong><\/p>\n\n\n\n<p><strong>b) n\u00e3o altera a compet\u00eancia territorial resultante das leis de processo.<\/strong><\/p>\n\n\n\n<p><strong>c) altera a compet\u00eancia territorial estabelecida na Constitui\u00e7\u00e3o Federal de 1988.<\/strong><\/p>\n\n\n\n<p><strong>d) altera a compet\u00eancia territorial estabelecida em leis de processo.<\/strong><\/p>\n\n\n\n<p><strong>e) apenas n\u00e3o altera a compet\u00eancia territorial que esteja prevista no regimento interno dos tribunais.<\/strong><\/p>\n\n\n\n<p><strong>Coment\u00e1rios<\/strong><\/p>\n\n\n\n<p>A alternativa correta \u00e9 a <strong>letra B<\/strong>.<\/p>\n\n\n\n<p>A quest\u00e3o trata da compet\u00eancia no processo civil.<\/p>\n\n\n\n<p>A alternativa B est\u00e1 correta, pois est\u00e1 de acordo com a S\u00famula 206 do STJ: \u201cA exist\u00eancia de vara privativa, institu\u00edda por lei estadual, n\u00e3o altera a compet\u00eancia territorial resultante das leis de processo\u201d.<\/p>\n\n\n\n<p>A cria\u00e7\u00e3o de varas privativas por meio de uma lei estadual somente pode ocorrer se n\u00e3o resultar na altera\u00e7\u00e3o de compet\u00eancia estabelecida pelas leis de processo. N\u00e3o \u00e9 poss\u00edvel, por exemplo, que uma lei estadual estabele\u00e7a que todas as a\u00e7\u00f5es coletivas propostas no Estado ser\u00e3o julgadas por um ju\u00edzo privativo da capital, tendo em vista que isso acaba alterando as regras de compet\u00eancia territorial da legisla\u00e7\u00e3o processual.<\/p>\n\n\n\n<p>Por outro lado, \u00e9 poss\u00edvel que, dentro de uma determinada comarca (ou subse\u00e7\u00e3o judici\u00e1ria, no caso da Justi\u00e7a Federal), seja criada uma vara privativa para o julgamento de todas as a\u00e7\u00f5es relativas a um determinado tema que sejam ajuizadas naquela localidade, pois isso n\u00e3o altera a compet\u00eancia territorial das leis de processo. Essa cria\u00e7\u00e3o geralmente ocorre por meio das normas de organiza\u00e7\u00e3o judici\u00e1ria dos Tribunais.<\/p>\n\n\n\n<p>Por exemplo, tratando das a\u00e7\u00f5es civis p\u00fablicas, o art. 2\u00ba da Lei 7.347\/85 estabelece que elas devem ser ajuizadas no foro do local onde ocorrer o dano. Imagine que um dano ambiental tenha ocorrido na comarca de Petrolina\/PE, sendo essa, portanto, a comarca competente para julgar a a\u00e7\u00e3o. Ent\u00e3o, se uma norma de organiza\u00e7\u00e3o judici\u00e1ria determinar que aquela a\u00e7\u00e3o coletiva seja julgada por uma vara privativa situada na capital do Estado, estar\u00e1 sendo violada a S\u00famula 206 do STJ, pois a regra de compet\u00eancia do art. 2\u00ba da Lei 7.347\/85 ter\u00e1 sido desrespeitada; por outro lado, se uma norma de organiza\u00e7\u00e3o judici\u00e1ria determinar que as a\u00e7\u00f5es coletivas de compet\u00eancia da comarca de Petrolina\/PE ser\u00e3o julgadas por uma vara privativa situada naquela localidade, n\u00e3o haver\u00e1 problema algum, pois a compet\u00eancia definida na legisla\u00e7\u00e3o ainda estar\u00e1 sendo respeitada.<\/p>\n\n\n\n<p>As alternativas A, C, D e E est\u00e3o incorretas, pois contrariam a S\u00famula 206 do STJ, conforme exposto acima.<\/p>\n\n\n\n<p class=\"has-text-align-center has-black-color has-luminous-vivid-amber-background-color has-text-color has-background has-link-color has-medium-font-size wp-elements-49f75ef29a729a12e43ab8ca2b558b5f\"><strong>Saiba mais:<\/strong> <a href=\"https:\/\/cj.estrategia.com\/portal\/concurso-delegado-pe\/\" target=\"_blank\" >Delegado Pernambuco (PE)<\/a><\/p>\n\n\n\n<h2 class=\"wp-block-heading has-text-align-center\" id=\"cursos\"><span id=\"quer-saber-tudo-sobre-concursos-previstosconfira-nossos-artigos\">Quer saber tudo sobre concursos previstos?<br><strong>Confira nossos artigos!<\/strong><\/span><\/h2>\n\n\n\n\n\n<h2 class=\"wp-block-heading has-text-align-center\" id=\"cursos-assinatura\"><span id=\"quer-estudar-para-o-concurso-delegado-pe\">Quer estudar para o concurso Delegado PE?<\/span><\/h2>\n\n\n\n<p class=\"has-text-align-center\"><em>Gostou desta oportunidade e deseja se preparar para esse concurso? Ent\u00e3o, confira nosso curso exclusivo e inicie seus estudos agora mesmo:<\/em><\/p>\n\n\n\n<div class=\"wp-block-cover\" style=\"min-height:155px;aspect-ratio:unset;\"><img decoding=\"async\" width=\"1890\" height=\"351\" class=\"wp-block-cover__image-background wp-image-8669\" alt=\"Assinaturas Jur\u00eddicas\" src=\"https:\/\/cj.estrategia.com\/portal\/wp-content\/uploads\/2022\/06\/20151253\/concurso-carreiras-juridicas-assinatura-juridica.jpg\" style=\"object-position:78% 43%\" data-object-fit=\"cover\" data-object-position=\"78% 43%\" srcset=\"https:\/\/cj.estrategia.com\/portal\/wp-content\/uploads\/2022\/06\/20151253\/concurso-carreiras-juridicas-assinatura-juridica.jpg 1890w, https:\/\/cj.estrategia.com\/portal\/wp-content\/uploads\/2022\/06\/20151253\/concurso-carreiras-juridicas-assinatura-juridica-300x56.jpg 300w, https:\/\/cj.estrategia.com\/portal\/wp-content\/uploads\/2022\/06\/20151253\/concurso-carreiras-juridicas-assinatura-juridica-1024x190.jpg 1024w, https:\/\/cj.estrategia.com\/portal\/wp-content\/uploads\/2022\/06\/20151253\/concurso-carreiras-juridicas-assinatura-juridica-768x143.jpg 768w, https:\/\/cj.estrategia.com\/portal\/wp-content\/uploads\/2022\/06\/20151253\/concurso-carreiras-juridicas-assinatura-juridica-1536x285.jpg 1536w, https:\/\/cj.estrategia.com\/portal\/wp-content\/uploads\/2022\/06\/20151253\/concurso-carreiras-juridicas-assinatura-juridica-380x71.jpg 380w, https:\/\/cj.estrategia.com\/portal\/wp-content\/uploads\/2022\/06\/20151253\/concurso-carreiras-juridicas-assinatura-juridica-800x149.jpg 800w, https:\/\/cj.estrategia.com\/portal\/wp-content\/uploads\/2022\/06\/20151253\/concurso-carreiras-juridicas-assinatura-juridica-1160x215.jpg 1160w\" sizes=\"(max-width: 1890px) 100vw, 1890px\" \/><span aria-hidden=\"true\" class=\"wp-block-cover__background has-background-dim\"><\/span><div class=\"wp-block-cover__inner-container is-layout-flow wp-block-cover-is-layout-flow\">\n<h3 id=\"faca-a-sua-assinatura\" class=\"titulo-assinatura\"><span style=\"color: #ffffff;\">Fa\u00e7a a sua assinatura!<\/span><\/h3>\n<p class=\"subtitulo-assinatura\" style=\"display:block!important; line-height: 0;\"><span style=\"color: #ffffff;\">Escolha a sua \u00e1rea.<\/span><\/p>\n<a target=\"_blank\" href=\"https:\/\/www.estrategiaconcursos.com.br\/assinaturas-ecj\/\" rel=\"noopener\"><button style=\"border-radius: 10px; text-transform: capitalize;\">Acessar<\/button><\/a>\n<\/div><\/div>\n\n\n","protected":false},"excerpt":{"rendered":"Ol\u00e1, pessoal, tudo certo?! Em 03\/03\/2024, foi aplicada a prova objetiva do concurso p\u00fablico para Delegado de Pol\u00edcia&hellip;\n","protected":false},"author":12,"featured_media":32072,"comment_status":"open","ping_status":"open","sticky":false,"template":"","format":"standard","meta":{"_jetpack_memberships_contains_paid_content":false,"footnotes":""},"categories":[28],"tags":[],"tax_estado":[46],"class_list":{"0":"post-57126","1":"post","2":"type-post","3":"status-publish","4":"format-standard","5":"has-post-thumbnail","7":"category-delegado","8":"tax_estado-pe"},"acf":[],"yoast_head":"<!-- This site is optimized with the Yoast SEO Premium plugin v27.4 (Yoast SEO v27.4) - https:\/\/yoast.com\/product\/yoast-seo-premium-wordpress\/ -->\n<title>Prova Comentada Direito Processual Civil Delegado PE<\/title>\n<meta name=\"description\" content=\"Prova Comentada Direito Processual Civil Delegado PE: confira AQUI os coment\u00e1rios dos professores e tire suas d\u00favidas!\" \/>\n<meta name=\"robots\" content=\"index, follow, max-snippet:-1, max-image-preview:large, max-video-preview:-1\" \/>\n<link rel=\"canonical\" href=\"https:\/\/cj.estrategia.com\/portal\/prova-comentada-direito-processual-civil-delegado-pe\/\" \/>\n<meta property=\"og:locale\" content=\"pt_BR\" \/>\n<meta property=\"og:type\" content=\"article\" \/>\n<meta property=\"og:title\" content=\"Prova Comentada Direito Processual Civil Delegado PE\" \/>\n<meta property=\"og:description\" content=\"Prova Comentada Direito Processual Civil Delegado PE: confira AQUI os coment\u00e1rios dos professores e tire suas d\u00favidas!\" \/>\n<meta property=\"og:url\" content=\"https:\/\/cj.estrategia.com\/portal\/prova-comentada-direito-processual-civil-delegado-pe\/\" \/>\n<meta property=\"og:site_name\" content=\"Blog - Carreiras Jur\u00eddicas - Estrat\u00e9gia\" \/>\n<meta property=\"article:publisher\" content=\"https:\/\/www.facebook.com\/estrategiacarreirajuridica\/\" \/>\n<meta property=\"article:published_time\" content=\"2024-03-04T18:21:55+00:00\" \/>\n<meta property=\"article:modified_time\" content=\"2024-03-04T18:21:59+00:00\" \/>\n<meta property=\"og:image\" content=\"https:\/\/cj.estrategia.com\/portal\/wp-content\/uploads\/2022\/09\/24174631\/concurso-delegado-pe.jpg\" \/>\n\t<meta property=\"og:image:width\" content=\"960\" \/>\n\t<meta property=\"og:image:height\" content=\"540\" \/>\n\t<meta property=\"og:image:type\" content=\"image\/jpeg\" \/>\n<meta name=\"author\" content=\"Coordena\u00e7\u00e3o\" \/>\n<meta name=\"twitter:card\" content=\"summary_large_image\" \/>\n<meta name=\"twitter:creator\" content=\"@EstratJuridica\" \/>\n<meta name=\"twitter:site\" content=\"@EstratJuridica\" \/>\n<meta name=\"twitter:label1\" content=\"Escrito por\" \/>\n\t<meta name=\"twitter:data1\" content=\"Coordena\u00e7\u00e3o\" \/>\n\t<meta name=\"twitter:label2\" content=\"Est. tempo de leitura\" \/>\n\t<meta name=\"twitter:data2\" content=\"15 minutos\" \/>\n<script type=\"application\/ld+json\" class=\"yoast-schema-graph\">{\"@context\":\"https:\\\/\\\/schema.org\",\"@graph\":[{\"@type\":\"NewsArticle\",\"@id\":\"https:\\\/\\\/cj.estrategia.com\\\/portal\\\/prova-comentada-direito-processual-civil-delegado-pe\\\/#article\",\"isPartOf\":{\"@id\":\"https:\\\/\\\/cj.estrategia.com\\\/portal\\\/prova-comentada-direito-processual-civil-delegado-pe\\\/\"},\"author\":{\"name\":\"Coordena\u00e7\u00e3o\",\"@id\":\"https:\\\/\\\/cj.estrategia.com\\\/portal\\\/#\\\/schema\\\/person\\\/4d70317d31449932b99102916b6637f5\"},\"headline\":\"Prova Comentada Direito Processual Civil Delegado PE\",\"datePublished\":\"2024-03-04T18:21:55+00:00\",\"dateModified\":\"2024-03-04T18:21:59+00:00\",\"mainEntityOfPage\":{\"@id\":\"https:\\\/\\\/cj.estrategia.com\\\/portal\\\/prova-comentada-direito-processual-civil-delegado-pe\\\/\"},\"wordCount\":2979,\"commentCount\":0,\"publisher\":{\"@id\":\"https:\\\/\\\/cj.estrategia.com\\\/portal\\\/#organization\"},\"image\":{\"@id\":\"https:\\\/\\\/cj.estrategia.com\\\/portal\\\/prova-comentada-direito-processual-civil-delegado-pe\\\/#primaryimage\"},\"thumbnailUrl\":\"https:\\\/\\\/cj.estrategia.com\\\/portal\\\/wp-content\\\/uploads\\\/2022\\\/09\\\/24174631\\\/concurso-delegado-pe.jpg\",\"articleSection\":[\"Delegado\"],\"inLanguage\":\"pt-BR\",\"potentialAction\":[{\"@type\":\"CommentAction\",\"name\":\"Comment\",\"target\":[\"https:\\\/\\\/cj.estrategia.com\\\/portal\\\/prova-comentada-direito-processual-civil-delegado-pe\\\/#respond\"]}]},{\"@type\":\"WebPage\",\"@id\":\"https:\\\/\\\/cj.estrategia.com\\\/portal\\\/prova-comentada-direito-processual-civil-delegado-pe\\\/\",\"url\":\"https:\\\/\\\/cj.estrategia.com\\\/portal\\\/prova-comentada-direito-processual-civil-delegado-pe\\\/\",\"name\":\"Prova Comentada Direito Processual Civil Delegado PE\",\"isPartOf\":{\"@id\":\"https:\\\/\\\/cj.estrategia.com\\\/portal\\\/#website\"},\"primaryImageOfPage\":{\"@id\":\"https:\\\/\\\/cj.estrategia.com\\\/portal\\\/prova-comentada-direito-processual-civil-delegado-pe\\\/#primaryimage\"},\"image\":{\"@id\":\"https:\\\/\\\/cj.estrategia.com\\\/portal\\\/prova-comentada-direito-processual-civil-delegado-pe\\\/#primaryimage\"},\"thumbnailUrl\":\"https:\\\/\\\/cj.estrategia.com\\\/portal\\\/wp-content\\\/uploads\\\/2022\\\/09\\\/24174631\\\/concurso-delegado-pe.jpg\",\"datePublished\":\"2024-03-04T18:21:55+00:00\",\"dateModified\":\"2024-03-04T18:21:59+00:00\",\"description\":\"Prova Comentada Direito Processual Civil Delegado PE: confira AQUI os coment\u00e1rios dos professores e tire suas d\u00favidas!\",\"breadcrumb\":{\"@id\":\"https:\\\/\\\/cj.estrategia.com\\\/portal\\\/prova-comentada-direito-processual-civil-delegado-pe\\\/#breadcrumb\"},\"inLanguage\":\"pt-BR\",\"potentialAction\":[{\"@type\":\"ReadAction\",\"target\":[\"https:\\\/\\\/cj.estrategia.com\\\/portal\\\/prova-comentada-direito-processual-civil-delegado-pe\\\/\"]}]},{\"@type\":\"ImageObject\",\"inLanguage\":\"pt-BR\",\"@id\":\"https:\\\/\\\/cj.estrategia.com\\\/portal\\\/prova-comentada-direito-processual-civil-delegado-pe\\\/#primaryimage\",\"url\":\"https:\\\/\\\/cj.estrategia.com\\\/portal\\\/wp-content\\\/uploads\\\/2022\\\/09\\\/24174631\\\/concurso-delegado-pe.jpg\",\"contentUrl\":\"https:\\\/\\\/cj.estrategia.com\\\/portal\\\/wp-content\\\/uploads\\\/2022\\\/09\\\/24174631\\\/concurso-delegado-pe.jpg\",\"width\":960,\"height\":540,\"caption\":\"concurso delegado pe\"},{\"@type\":\"BreadcrumbList\",\"@id\":\"https:\\\/\\\/cj.estrategia.com\\\/portal\\\/prova-comentada-direito-processual-civil-delegado-pe\\\/#breadcrumb\",\"itemListElement\":[{\"@type\":\"ListItem\",\"position\":1,\"name\":\"In\u00edcio\",\"item\":\"https:\\\/\\\/cj.estrategia.com\\\/portal\\\/\"},{\"@type\":\"ListItem\",\"position\":2,\"name\":\"Prova Comentada Direito Processual Civil Delegado PE\"}]},{\"@type\":\"WebSite\",\"@id\":\"https:\\\/\\\/cj.estrategia.com\\\/portal\\\/#website\",\"url\":\"https:\\\/\\\/cj.estrategia.com\\\/portal\\\/\",\"name\":\"Blog - Carreiras Jur\u00eddicas - Estrat\u00e9gia\",\"description\":\"\",\"publisher\":{\"@id\":\"https:\\\/\\\/cj.estrategia.com\\\/portal\\\/#organization\"},\"potentialAction\":[{\"@type\":\"SearchAction\",\"target\":{\"@type\":\"EntryPoint\",\"urlTemplate\":\"https:\\\/\\\/cj.estrategia.com\\\/portal\\\/?s={search_term_string}\"},\"query-input\":{\"@type\":\"PropertyValueSpecification\",\"valueRequired\":true,\"valueName\":\"search_term_string\"}}],\"inLanguage\":\"pt-BR\"},{\"@type\":\"Organization\",\"@id\":\"https:\\\/\\\/cj.estrategia.com\\\/portal\\\/#organization\",\"name\":\"Estrat\u00e9gia - Carreiras Jur\u00eddicas\",\"url\":\"https:\\\/\\\/cj.estrategia.com\\\/portal\\\/\",\"logo\":{\"@type\":\"ImageObject\",\"inLanguage\":\"pt-BR\",\"@id\":\"https:\\\/\\\/cj.estrategia.com\\\/portal\\\/#\\\/schema\\\/logo\\\/image\\\/\",\"url\":\"https:\\\/\\\/cj.estrategia.com\\\/portal\\\/wp-content\\\/uploads\\\/2022\\\/03\\\/11151052\\\/cj-logo.png\",\"contentUrl\":\"https:\\\/\\\/cj.estrategia.com\\\/portal\\\/wp-content\\\/uploads\\\/2022\\\/03\\\/11151052\\\/cj-logo.png\",\"width\":150,\"height\":39,\"caption\":\"Estrat\u00e9gia - Carreiras Jur\u00eddicas\"},\"image\":{\"@id\":\"https:\\\/\\\/cj.estrategia.com\\\/portal\\\/#\\\/schema\\\/logo\\\/image\\\/\"},\"sameAs\":[\"https:\\\/\\\/www.facebook.com\\\/estrategiacarreirajuridica\\\/\",\"https:\\\/\\\/x.com\\\/EstratJuridica\",\"https:\\\/\\\/www.instagram.com\\\/estrategiacarreirajuridica\\\/\",\"https:\\\/\\\/www.youtube.com\\\/channel\\\/UClbMGuYbj2Mh1m3w144ETWQ\"]},{\"@type\":\"Person\",\"@id\":\"https:\\\/\\\/cj.estrategia.com\\\/portal\\\/#\\\/schema\\\/person\\\/4d70317d31449932b99102916b6637f5\",\"name\":\"Coordena\u00e7\u00e3o\",\"image\":{\"@type\":\"ImageObject\",\"inLanguage\":\"pt-BR\",\"@id\":\"https:\\\/\\\/cj.estrategia.com\\\/portal\\\/wp-content\\\/uploads\\\/2022\\\/05\\\/12164923\\\/estrategia-carreira-juridica-coordenacao-96x96.png\",\"url\":\"https:\\\/\\\/cj.estrategia.com\\\/portal\\\/wp-content\\\/uploads\\\/2022\\\/05\\\/12164923\\\/estrategia-carreira-juridica-coordenacao-96x96.png\",\"contentUrl\":\"https:\\\/\\\/cj.estrategia.com\\\/portal\\\/wp-content\\\/uploads\\\/2022\\\/05\\\/12164923\\\/estrategia-carreira-juridica-coordenacao-96x96.png\",\"caption\":\"Coordena\u00e7\u00e3o\"},\"url\":\"https:\\\/\\\/cj.estrategia.com\\\/portal\\\/author\\\/coordenacao\\\/\"}]}<\/script>\n<!-- \/ Yoast SEO Premium plugin. -->","yoast_head_json":{"title":"Prova Comentada Direito Processual Civil Delegado PE","description":"Prova Comentada Direito Processual Civil Delegado PE: confira AQUI os coment\u00e1rios dos professores e tire suas d\u00favidas!","robots":{"index":"index","follow":"follow","max-snippet":"max-snippet:-1","max-image-preview":"max-image-preview:large","max-video-preview":"max-video-preview:-1"},"canonical":"https:\/\/cj.estrategia.com\/portal\/prova-comentada-direito-processual-civil-delegado-pe\/","og_locale":"pt_BR","og_type":"article","og_title":"Prova Comentada Direito Processual Civil Delegado PE","og_description":"Prova Comentada Direito Processual Civil Delegado PE: confira AQUI os coment\u00e1rios dos professores e tire suas d\u00favidas!","og_url":"https:\/\/cj.estrategia.com\/portal\/prova-comentada-direito-processual-civil-delegado-pe\/","og_site_name":"Blog - Carreiras Jur\u00eddicas - Estrat\u00e9gia","article_publisher":"https:\/\/www.facebook.com\/estrategiacarreirajuridica\/","article_published_time":"2024-03-04T18:21:55+00:00","article_modified_time":"2024-03-04T18:21:59+00:00","og_image":[{"width":960,"height":540,"url":"https:\/\/cj.estrategia.com\/portal\/wp-content\/uploads\/2022\/09\/24174631\/concurso-delegado-pe.jpg","type":"image\/jpeg"}],"author":"Coordena\u00e7\u00e3o","twitter_card":"summary_large_image","twitter_creator":"@EstratJuridica","twitter_site":"@EstratJuridica","twitter_misc":{"Escrito por":"Coordena\u00e7\u00e3o","Est. tempo de leitura":"15 minutos"},"schema":{"@context":"https:\/\/schema.org","@graph":[{"@type":"NewsArticle","@id":"https:\/\/cj.estrategia.com\/portal\/prova-comentada-direito-processual-civil-delegado-pe\/#article","isPartOf":{"@id":"https:\/\/cj.estrategia.com\/portal\/prova-comentada-direito-processual-civil-delegado-pe\/"},"author":{"name":"Coordena\u00e7\u00e3o","@id":"https:\/\/cj.estrategia.com\/portal\/#\/schema\/person\/4d70317d31449932b99102916b6637f5"},"headline":"Prova Comentada Direito Processual Civil Delegado PE","datePublished":"2024-03-04T18:21:55+00:00","dateModified":"2024-03-04T18:21:59+00:00","mainEntityOfPage":{"@id":"https:\/\/cj.estrategia.com\/portal\/prova-comentada-direito-processual-civil-delegado-pe\/"},"wordCount":2979,"commentCount":0,"publisher":{"@id":"https:\/\/cj.estrategia.com\/portal\/#organization"},"image":{"@id":"https:\/\/cj.estrategia.com\/portal\/prova-comentada-direito-processual-civil-delegado-pe\/#primaryimage"},"thumbnailUrl":"https:\/\/cj.estrategia.com\/portal\/wp-content\/uploads\/2022\/09\/24174631\/concurso-delegado-pe.jpg","articleSection":["Delegado"],"inLanguage":"pt-BR","potentialAction":[{"@type":"CommentAction","name":"Comment","target":["https:\/\/cj.estrategia.com\/portal\/prova-comentada-direito-processual-civil-delegado-pe\/#respond"]}]},{"@type":"WebPage","@id":"https:\/\/cj.estrategia.com\/portal\/prova-comentada-direito-processual-civil-delegado-pe\/","url":"https:\/\/cj.estrategia.com\/portal\/prova-comentada-direito-processual-civil-delegado-pe\/","name":"Prova Comentada Direito Processual Civil Delegado PE","isPartOf":{"@id":"https:\/\/cj.estrategia.com\/portal\/#website"},"primaryImageOfPage":{"@id":"https:\/\/cj.estrategia.com\/portal\/prova-comentada-direito-processual-civil-delegado-pe\/#primaryimage"},"image":{"@id":"https:\/\/cj.estrategia.com\/portal\/prova-comentada-direito-processual-civil-delegado-pe\/#primaryimage"},"thumbnailUrl":"https:\/\/cj.estrategia.com\/portal\/wp-content\/uploads\/2022\/09\/24174631\/concurso-delegado-pe.jpg","datePublished":"2024-03-04T18:21:55+00:00","dateModified":"2024-03-04T18:21:59+00:00","description":"Prova Comentada Direito Processual Civil Delegado PE: confira AQUI os coment\u00e1rios dos professores e tire suas d\u00favidas!","breadcrumb":{"@id":"https:\/\/cj.estrategia.com\/portal\/prova-comentada-direito-processual-civil-delegado-pe\/#breadcrumb"},"inLanguage":"pt-BR","potentialAction":[{"@type":"ReadAction","target":["https:\/\/cj.estrategia.com\/portal\/prova-comentada-direito-processual-civil-delegado-pe\/"]}]},{"@type":"ImageObject","inLanguage":"pt-BR","@id":"https:\/\/cj.estrategia.com\/portal\/prova-comentada-direito-processual-civil-delegado-pe\/#primaryimage","url":"https:\/\/cj.estrategia.com\/portal\/wp-content\/uploads\/2022\/09\/24174631\/concurso-delegado-pe.jpg","contentUrl":"https:\/\/cj.estrategia.com\/portal\/wp-content\/uploads\/2022\/09\/24174631\/concurso-delegado-pe.jpg","width":960,"height":540,"caption":"concurso delegado pe"},{"@type":"BreadcrumbList","@id":"https:\/\/cj.estrategia.com\/portal\/prova-comentada-direito-processual-civil-delegado-pe\/#breadcrumb","itemListElement":[{"@type":"ListItem","position":1,"name":"In\u00edcio","item":"https:\/\/cj.estrategia.com\/portal\/"},{"@type":"ListItem","position":2,"name":"Prova Comentada Direito Processual Civil Delegado PE"}]},{"@type":"WebSite","@id":"https:\/\/cj.estrategia.com\/portal\/#website","url":"https:\/\/cj.estrategia.com\/portal\/","name":"Blog - Carreiras Jur\u00eddicas - Estrat\u00e9gia","description":"","publisher":{"@id":"https:\/\/cj.estrategia.com\/portal\/#organization"},"potentialAction":[{"@type":"SearchAction","target":{"@type":"EntryPoint","urlTemplate":"https:\/\/cj.estrategia.com\/portal\/?s={search_term_string}"},"query-input":{"@type":"PropertyValueSpecification","valueRequired":true,"valueName":"search_term_string"}}],"inLanguage":"pt-BR"},{"@type":"Organization","@id":"https:\/\/cj.estrategia.com\/portal\/#organization","name":"Estrat\u00e9gia - Carreiras Jur\u00eddicas","url":"https:\/\/cj.estrategia.com\/portal\/","logo":{"@type":"ImageObject","inLanguage":"pt-BR","@id":"https:\/\/cj.estrategia.com\/portal\/#\/schema\/logo\/image\/","url":"https:\/\/cj.estrategia.com\/portal\/wp-content\/uploads\/2022\/03\/11151052\/cj-logo.png","contentUrl":"https:\/\/cj.estrategia.com\/portal\/wp-content\/uploads\/2022\/03\/11151052\/cj-logo.png","width":150,"height":39,"caption":"Estrat\u00e9gia - Carreiras Jur\u00eddicas"},"image":{"@id":"https:\/\/cj.estrategia.com\/portal\/#\/schema\/logo\/image\/"},"sameAs":["https:\/\/www.facebook.com\/estrategiacarreirajuridica\/","https:\/\/x.com\/EstratJuridica","https:\/\/www.instagram.com\/estrategiacarreirajuridica\/","https:\/\/www.youtube.com\/channel\/UClbMGuYbj2Mh1m3w144ETWQ"]},{"@type":"Person","@id":"https:\/\/cj.estrategia.com\/portal\/#\/schema\/person\/4d70317d31449932b99102916b6637f5","name":"Coordena\u00e7\u00e3o","image":{"@type":"ImageObject","inLanguage":"pt-BR","@id":"https:\/\/cj.estrategia.com\/portal\/wp-content\/uploads\/2022\/05\/12164923\/estrategia-carreira-juridica-coordenacao-96x96.png","url":"https:\/\/cj.estrategia.com\/portal\/wp-content\/uploads\/2022\/05\/12164923\/estrategia-carreira-juridica-coordenacao-96x96.png","contentUrl":"https:\/\/cj.estrategia.com\/portal\/wp-content\/uploads\/2022\/05\/12164923\/estrategia-carreira-juridica-coordenacao-96x96.png","caption":"Coordena\u00e7\u00e3o"},"url":"https:\/\/cj.estrategia.com\/portal\/author\/coordenacao\/"}]}},"jetpack_featured_media_url":"https:\/\/cj.estrategia.com\/portal\/wp-content\/uploads\/2022\/09\/24174631\/concurso-delegado-pe.jpg","jetpack_sharing_enabled":true,"_links":{"self":[{"href":"https:\/\/cj.estrategia.com\/portal\/wp-json\/wp\/v2\/posts\/57126","targetHints":{"allow":["GET"]}}],"collection":[{"href":"https:\/\/cj.estrategia.com\/portal\/wp-json\/wp\/v2\/posts"}],"about":[{"href":"https:\/\/cj.estrategia.com\/portal\/wp-json\/wp\/v2\/types\/post"}],"author":[{"embeddable":true,"href":"https:\/\/cj.estrategia.com\/portal\/wp-json\/wp\/v2\/users\/12"}],"replies":[{"embeddable":true,"href":"https:\/\/cj.estrategia.com\/portal\/wp-json\/wp\/v2\/comments?post=57126"}],"version-history":[{"count":1,"href":"https:\/\/cj.estrategia.com\/portal\/wp-json\/wp\/v2\/posts\/57126\/revisions"}],"predecessor-version":[{"id":57145,"href":"https:\/\/cj.estrategia.com\/portal\/wp-json\/wp\/v2\/posts\/57126\/revisions\/57145"}],"wp:featuredmedia":[{"embeddable":true,"href":"https:\/\/cj.estrategia.com\/portal\/wp-json\/wp\/v2\/media\/32072"}],"wp:attachment":[{"href":"https:\/\/cj.estrategia.com\/portal\/wp-json\/wp\/v2\/media?parent=57126"}],"wp:term":[{"taxonomy":"category","embeddable":true,"href":"https:\/\/cj.estrategia.com\/portal\/wp-json\/wp\/v2\/categories?post=57126"},{"taxonomy":"post_tag","embeddable":true,"href":"https:\/\/cj.estrategia.com\/portal\/wp-json\/wp\/v2\/tags?post=57126"},{"taxonomy":"tax_estado","embeddable":true,"href":"https:\/\/cj.estrategia.com\/portal\/wp-json\/wp\/v2\/tax_estado?post=57126"}],"curies":[{"name":"wp","href":"https:\/\/api.w.org\/{rel}","templated":true}]}}