{"id":5652,"date":"2023-05-13T08:48:15","date_gmt":"2023-05-13T11:48:15","guid":{"rendered":"https:\/\/cj.estrategia.com\/portal\/?p=5652"},"modified":"2023-10-05T17:37:13","modified_gmt":"2023-10-05T20:37:13","slug":"edital-delegado-al","status":"publish","type":"post","link":"https:\/\/cj.estrategia.com\/portal\/edital-delegado-al\/","title":{"rendered":"Edital Delegado AL: inscri\u00e7\u00f5es est\u00e3o encerradas!"},"content":{"rendered":"\n<p>Est\u00e3o encerradas as inscri\u00e7\u00f5es do<strong> concurso Delegado AL<\/strong>. As provas objetivas e discursivas ser\u00e3o aplicadas no dia 09 de julho.<\/p>\n\n\n\n<p>S\u00e3o ofertadas 50 vagas imediatas mais 50 em cadastro de reserva para o cargo de Delegado. A remunera\u00e7\u00e3o do cargo \u00e9 de R$ 20.665,50. <\/p>\n\n\n\n<ul class=\"has-luminous-vivid-amber-background-color has-background wp-block-list\">\n<li><strong>Concurso Delegado AL<\/strong><\/li>\n\n\n\n<li><strong>Status:<\/strong> inscri\u00e7\u00f5es encerradas<\/li>\n\n\n\n<li><strong>Banca:&nbsp;<\/strong>Cebraspe<\/li>\n\n\n\n<li><strong>Vagas:&nbsp;<\/strong>50 + 50 CR<\/li>\n\n\n\n<li><strong>Sal\u00e1rio inicial:<\/strong>&nbsp;R$ 20.665,50<\/li>\n\n\n\n<li><a href=\"https:\/\/dhg1h5j42swfq.cloudfront.net\/2022\/05\/13051955\/concurso-pc-al-delegado.pdf\" target=\"_blank\" ><mark style=\"background-color:rgba(0, 0, 0, 0)\" class=\"has-inline-color has-black-color\">PC AL Delegado<\/mark><\/a><\/li>\n\n\n\n<li><a href=\"https:\/\/cj.estrategia.com\/portal\/wp-content\/uploads\/2023\/01\/18115823\/DOEAL-2023-01-18-COMPLETO_276.pdf\" target=\"_blank\" >Edital republicado<\/a><\/li>\n<\/ul>\n\n\n\n<div class=\"container\" id=\"boxes\">\n  <div class=\"row\">\n\n    <div class=\"col-sm\">\n      <div class=\"banner-estrategia-concursos-juridicos\" id=\"box-assinatura\">\n        <h2 id=\"curso-para-delegado-al\" class=\"titulo-assinatura\"><span style=\"color: #ffffff; font-size: 28px;\">Curso para Delegado-AL <\/span><\/h2>\n        <p class=\"subtitulo-assinatura\">Cursos focados no edital do concurso<\/p>\n        <div class=\"box-botao\">\n          <a class=\"btn-assinatura-juridica\" target=\"_blank\" href=\"https:\/\/www.estrategiaconcursos.com.br\/cursosPorConcurso\/policia-civil-de-alagoas-pc-al\/\" role=\"button\" rel=\"noopener noreferrer\">Conhe\u00e7a mais<\/a>\n        <\/div>\n      <\/div>\n      <p class=\"texto-auxiliar\">Prepare-se com o melhor material e com quem mais aprova em concursos de Procuradorias em todo o pa\u00eds. \n<\/p>\n    <\/div>\n\n  <\/div>\n<\/div>\n\n\n\n<h2 class=\"wp-block-heading\" id=\"datas\"><span id=\"principais-datas-do-edital-delegado-al\">Principais datas do edital Delegado AL <\/span><\/h2>\n\n\n\n<p class=\"has-very-light-gray-background-color has-background\"><strong>Inscri\u00e7\u00f5es: <\/strong><s>de 10\/4\/2023 a 12\/5\/2023<\/s><br><strong>Isen\u00e7\u00e3o da taxa<\/strong>: <s>10 a 19\/04\/2023<\/s><strong><br>\u00daltimo dia para pagamento: <\/strong>18\/05\/2023<strong><br>Provas: <\/strong> 09\/07\/2023<\/p>\n\n\n\n<h2 class=\"wp-block-heading\" id=\"cargos-vagas\"><span id=\"cargos-e-vagas-do-edital-delegado-al\">Cargos e vagas do edital Delegado AL <\/span><\/h2>\n\n\n\n<p>50 + 50 CR<\/p>\n\n\n\n<h2 class=\"wp-block-heading\" id=\"etapas\"><span id=\"etapas-e-provas-do-edital-delegado-al\">Etapas e provas do edital Delegado AL<\/span><\/h2>\n\n\n\n<p>A sele\u00e7\u00e3o dos candidatos inscritos no concurso Delegado AL se dar\u00e1 mediante aplica\u00e7\u00e3o das seguintes etapas:<\/p>\n\n\n\n<ul class=\"wp-block-list\">\n<li>Prova Objetiva;<\/li>\n\n\n\n<li>Prova Discursiva;<\/li>\n\n\n\n<li>Teste de Aptid\u00e3o F\u00edsica;<\/li>\n\n\n\n<li>Exames laboratoriais e m\u00e9dicos;<\/li>\n\n\n\n<li>Avalia\u00e7\u00e3o Psicol\u00f3gica;<\/li>\n\n\n\n<li>Investiga\u00e7\u00e3o social;<\/li>\n\n\n\n<li>Avalia\u00e7\u00e3o de T\u00edtulos; e<\/li>\n\n\n\n<li>Curso de Forma\u00e7\u00e3o.<\/li>\n<\/ul>\n\n\n\n<h3 class=\"wp-block-heading\" id=\"prova-objetiva\"><span id=\"prova-objetiva-do-concurso-pc-al-delegado\">Prova objetiva do Concurso PC AL Delegado<\/span><\/h3>\n\n\n\n<p>Cada prova objetiva ser\u00e1 constitu\u00edda de itens para julgamento, agrupados por comandos que dever\u00e3o ser respeitados.<\/p>\n\n\n\n<p>O julgamento de cada item ser\u00e1 CERTO ou ERRADO, de acordo com o(s) comando(s) a que se refere o item. <\/p>\n\n\n\n<p>Haver\u00e1, na folha de respostas, para cada item, dois campos de marca\u00e7\u00e3o: o campo designado com o c\u00f3digo C, que dever\u00e1 ser preenchido pelo candidato caso julgue o item CERTO, e o campo designado com o c\u00f3digo E, que dever\u00e1 ser preenchido pelo candidato caso julgue o item ERRADO.<\/p>\n\n\n\n<h3 class=\"wp-block-heading\" id=\"prova-discursiva\">Prova discursiva<\/h3>\n\n\n\n<p>Essa etapa consistir\u00e1 de tr\u00eas quest\u00f5es discursivas, sendo uma quest\u00e3o de conhecimentos espec\u00edficos \u2013 Direito Penal, Direito Processual Penal e Direito Constitucional-&nbsp; a serem respondidas em at\u00e9 30 linhas cada, no valor de 10,00 pontos cada, totalizando 30,00 pontos.<\/p>\n\n\n\n<p>Para cada sistema de concorr\u00eancia, a prova discursiva ser\u00e1 corrigida de acordo com os seguintes crit\u00e9rios:<\/p>\n\n\n\n<ul class=\"wp-block-list\">\n<li>Ampla concorr\u00eancia: ser\u00e1 corrigida a prova discursiva dos 190 candidatos mais bem classificados nas provas objetivas, respeitados os empates na \u00faltima posi\u00e7\u00e3o; e<\/li>\n\n\n\n<li>Candidatos que se autodeclararam pessoas com defici\u00eancia: ser\u00e1 corrigida a prova discursiva dos 10 candidatos mais bem classificados nas provas objetivas, respeitados os empates na \u00faltima posi\u00e7\u00e3o.<\/li>\n<\/ul>\n\n\n\n<h3 class=\"wp-block-heading\" id=\"taf\"><span id=\"teste-de-aptidao-fisica\">Teste de Aptid\u00e3o F\u00edsica<\/span><\/h3>\n\n\n\n<p>Para cada sistema de concorr\u00eancia, ser\u00e3o convocados para o teste de aptid\u00e3o f\u00edsica os candidatos, obedecendo aos seguintes crit\u00e9rios:<\/p>\n\n\n\n<ul class=\"wp-block-list\">\n<li>Ampla concorr\u00eancia: ser\u00e3o convocados para o teste de aptid\u00e3o f\u00edsica os 114 candidatos mais bem classificados, considerando-se a soma das notas finais nas provas objetivas e discursiva, respeitados os empates na \u00faltima posi\u00e7\u00e3o; e<\/li>\n\n\n\n<li>Candidatos que se autodeclararam pessoas com defici\u00eancia: ser\u00e3o convocados para o teste de aptid\u00e3o f\u00edsica os 6 candidatos mais classificados, considerando-se a soma das notas finais nas provas objetivas e discursiva, respeitados os empates na \u00faltima posi\u00e7\u00e3o.<\/li>\n<\/ul>\n\n\n\n<h3 class=\"wp-block-heading\" id=\"exames-medicos\"><span id=\"exames-laboratoriais-e-medicos\">Exames laboratoriais e m\u00e9dicos<\/span><\/h3>\n\n\n\n<p>Ser\u00e3o convocados para os exames laboratoriais e m\u00e9dicos os candidatos aprovados no teste de aptid\u00e3o f\u00edsica. A fase dos exames laboratoriais e m\u00e9dicos ter\u00e1 car\u00e1ter eliminat\u00f3rio e o candidato ser\u00e1 considerado apto ou inapto.<\/p>\n\n\n\n<h3 class=\"wp-block-heading\" id=\"teste-psicotecnico\"><span id=\"avaliacao-psicologica\">Avalia\u00e7\u00e3o Psicol\u00f3gica<\/span><\/h3>\n\n\n\n<p>Ser\u00e3o convocados para a avalia\u00e7\u00e3o psicol\u00f3gica os candidatos aprovados nos exames laboratoriais e m\u00e9dicos.<\/p>\n\n\n\n<h3 class=\"wp-block-heading\" id=\"investigacao-social\">Investiga\u00e7\u00e3o Social<\/h3>\n\n\n\n<p>Ser\u00e3o convocados o preenchimento da Ficha de Informa\u00e7\u00f5es Confidenciais (FIC), para fins de investiga\u00e7\u00e3o social, os candidatos aptos na avalia\u00e7\u00e3o psicol\u00f3gica. <\/p>\n\n\n\n<p>Os documentos solicitados dever\u00e3o ser enviados, por upload, em per\u00edodo a ser informado na ocasi\u00e3o da divulga\u00e7\u00e3o do edital de convoca\u00e7\u00e3o para a investiga\u00e7\u00e3o social.<\/p>\n\n\n\n<h3 class=\"wp-block-heading\" id=\"titulos\"><span id=\"avaliacao-de-titulos\">Avalia\u00e7\u00e3o de T\u00edtulos<\/span><\/h3>\n\n\n\n<p>Ser\u00e3o convocados para a avalia\u00e7\u00e3o de t\u00edtulos, de car\u00e1ter classificat\u00f3rio, os candidatos aptos na avalia\u00e7\u00e3o psicol\u00f3gica. A avalia\u00e7\u00e3o de t\u00edtulos valer\u00e1 10,00 pontos, ainda que a soma dos valores dos t\u00edtulos enviados seja superior a esse valor.<\/p>\n\n\n\n<h3 class=\"wp-block-heading\" id=\"curso-formacao\"><span id=\"curso-de-formacao\">Curso de Forma\u00e7\u00e3o<\/span><\/h3>\n\n\n\n<p>Essa etapa valer\u00e1 160 pontos e ser\u00e1 constitu\u00eddo de prova objetiva e de prova pr\u00e1tica e ter\u00e1 carga hor\u00e1ria de at\u00e9 360 horas presenciais, em tempo integral, com atividades que poder\u00e3o ser desenvolvidas nos turnos diurno e noturno, inclusive s\u00e1bados, domingos e feriados.<\/p>\n\n\n\n<p>O CFP ser\u00e1 realizado na cidade de Macei\u00f3\/AL, em per\u00edodo e local a serem divulgados no edital de convoca\u00e7\u00e3o para essa etapa.<\/p>\n\n\n\n<p class=\"has-text-align-center has-background has-medium-font-size\" style=\"background-color:#abb7c2bd\"><strong>Saiba mais: <a href=\"https:\/\/cj.estrategia.com\/portal\/concurso-delegado-al\/\" target=\"_blank\" >concurso Delegado AL<\/a><\/strong><\/p>\n\n\n\n<h2 class=\"wp-block-heading has-text-align-center\" id=\"h-quer-saber-tudo-sobre-concursos-previstos-confira-nossos-artigos\"><span id=\"quer-saber-tudo-sobre-concursos-previstosconfira-nossos-artigos\">Quer saber tudo sobre concursos previstos?<br>Confira  nossos artigos!<\/span><\/h2>\n\n\n\n\n\n\n\n<div class=\"wp-block-cover\" style=\"min-height:155px;aspect-ratio:unset;\"><img decoding=\"async\" width=\"1890\" height=\"351\" class=\"wp-block-cover__image-background wp-image-8669\" alt=\"Assinaturas Jur\u00eddicas\" src=\"https:\/\/cj.estrategia.com\/portal\/wp-content\/uploads\/2022\/06\/20151253\/concurso-carreiras-juridicas-assinatura-juridica.jpg\" style=\"object-position:78% 43%\" data-object-fit=\"cover\" data-object-position=\"78% 43%\" srcset=\"https:\/\/cj.estrategia.com\/portal\/wp-content\/uploads\/2022\/06\/20151253\/concurso-carreiras-juridicas-assinatura-juridica.jpg 1890w, https:\/\/cj.estrategia.com\/portal\/wp-content\/uploads\/2022\/06\/20151253\/concurso-carreiras-juridicas-assinatura-juridica-300x56.jpg 300w, https:\/\/cj.estrategia.com\/portal\/wp-content\/uploads\/2022\/06\/20151253\/concurso-carreiras-juridicas-assinatura-juridica-1024x190.jpg 1024w, https:\/\/cj.estrategia.com\/portal\/wp-content\/uploads\/2022\/06\/20151253\/concurso-carreiras-juridicas-assinatura-juridica-768x143.jpg 768w, https:\/\/cj.estrategia.com\/portal\/wp-content\/uploads\/2022\/06\/20151253\/concurso-carreiras-juridicas-assinatura-juridica-1536x285.jpg 1536w, https:\/\/cj.estrategia.com\/portal\/wp-content\/uploads\/2022\/06\/20151253\/concurso-carreiras-juridicas-assinatura-juridica-380x71.jpg 380w, https:\/\/cj.estrategia.com\/portal\/wp-content\/uploads\/2022\/06\/20151253\/concurso-carreiras-juridicas-assinatura-juridica-800x149.jpg 800w, https:\/\/cj.estrategia.com\/portal\/wp-content\/uploads\/2022\/06\/20151253\/concurso-carreiras-juridicas-assinatura-juridica-1160x215.jpg 1160w\" sizes=\"(max-width: 1890px) 100vw, 1890px\" \/><span aria-hidden=\"true\" class=\"wp-block-cover__background has-background-dim\"><\/span><div class=\"wp-block-cover__inner-container is-layout-flow wp-block-cover-is-layout-flow\">\n<h3 id=\"faca-a-sua-assinatura\" class=\"titulo-assinatura\"><span style=\"color: #ffffff;\">Fa\u00e7a a sua assinatura!<\/span><\/h3>\n<p class=\"subtitulo-assinatura\" style=\"display:block!important; line-height: 0;\"><span style=\"color: #ffffff;\">Escolha a sua \u00e1rea.<\/span><\/p>\n<a target=\"_blank\" href=\"https:\/\/www.estrategiaconcursos.com.br\/assinaturas-ecj\/\" rel=\"noopener\"><button style=\"border-radius: 10px; text-transform: capitalize;\">Acessar<\/button><\/a>\n<\/div><\/div>\n\n\n\n<p><em>Prepare-se com o melhor material e com quem mais aprova em concursos de Procuradorias em todo o pa\u00eds.<\/em><\/p>\n\n\n\n<figure class=\"wp-block-image size-large is-resized\"><img decoding=\"async\" src=\"https:\/\/dhg1h5j42swfq.cloudfront.net\/2025\/06\/27101122\/ficha-tecnica-1-1024x632.png\" alt=\"Informa\u00e7\u00f5es do edital PC AL\" class=\"wp-image-702728\" style=\"width:269px;height:166px\" width=\"269\" height=\"166\"\/><\/figure>\n\n\n\n<h3 class=\"wp-block-heading\" id=\"block-ba1614b5-988b-41ef-892d-f4c9f7e9dd42\"><span id=\"informacoes-do-edital-pc-al-delegado\">Informa\u00e7\u00f5es do edital PC AL Delegado <\/span><\/h3>\n\n\n\n<p><strong>Vagas<\/strong>: 50 + 50 CR<\/p>\n\n\n\n<p><strong>Cargos<\/strong>: Delegado <\/p>\n\n\n\n<p><strong>Banca<\/strong>: Cebraspe <\/p>\n\n\n\n<p><strong>Escolaridade<\/strong>: n\u00edvel superior <\/p>\n\n\n\n<p><strong>Edital<\/strong>:\u00a0<a href=\"https:\/\/dhg1h5j42swfq.cloudfront.net\/2022\/05\/13051955\/concurso-pc-al-delegado.pdf\" target=\"_blank\" >PC AL Delegado<\/a> <\/p>\n\n\n\n<p><\/p>\n\n\n\n<p>Aproveite e confira o nosso artigo para cargos n\u00e3o jur\u00eddicos no site da Coruja em:\u00a0<a href=\"https:\/\/www.estrategiaconcursos.com.br\/blog\/concurso-pc-al\/\" target=\"_blank\" >Concurso PC AL<\/a>.<\/p>\n","protected":false},"excerpt":{"rendered":"Est\u00e3o encerradas as inscri\u00e7\u00f5es do concurso Delegado AL. As provas objetivas e discursivas ser\u00e3o aplicadas no dia 09&hellip;\n","protected":false},"author":12,"featured_media":5655,"comment_status":"open","ping_status":"open","sticky":false,"template":"","format":"standard","meta":{"_jetpack_memberships_contains_paid_content":false,"footnotes":""},"categories":[1,28],"tags":[],"tax_estado":[31],"class_list":{"0":"post-5652","1":"post","2":"type-post","3":"status-publish","4":"format-standard","5":"has-post-thumbnail","7":"category-carreiras-juridicas","8":"category-delegado","9":"tax_estado-al"},"acf":[],"yoast_head":"<!-- This site is optimized with the Yoast SEO Premium plugin v27.4 (Yoast SEO v27.4) - https:\/\/yoast.com\/product\/yoast-seo-premium-wordpress\/ -->\n<title>Edital Delegado AL: inscri\u00e7\u00f5es est\u00e3o encerradas!<\/title>\n<meta name=\"description\" content=\"Edital Delegado AL inscri\u00e7\u00f5es abertas! Confira os detalhes completos!\" \/>\n<meta name=\"robots\" content=\"index, follow, max-snippet:-1, max-image-preview:large, max-video-preview:-1\" \/>\n<link rel=\"canonical\" href=\"https:\/\/cj.estrategia.com\/portal\/edital-delegado-al\/\" \/>\n<meta property=\"og:locale\" content=\"pt_BR\" \/>\n<meta property=\"og:type\" content=\"article\" \/>\n<meta property=\"og:title\" content=\"Edital Delegado AL: inscri\u00e7\u00f5es est\u00e3o encerradas!\" \/>\n<meta property=\"og:description\" content=\"Edital Delegado AL inscri\u00e7\u00f5es abertas! Confira os detalhes completos!\" \/>\n<meta property=\"og:url\" content=\"https:\/\/cj.estrategia.com\/portal\/edital-delegado-al\/\" \/>\n<meta property=\"og:site_name\" content=\"Blog - Carreiras Jur\u00eddicas - Estrat\u00e9gia\" \/>\n<meta property=\"article:publisher\" content=\"https:\/\/www.facebook.com\/estrategiacarreirajuridica\/\" \/>\n<meta property=\"article:published_time\" content=\"2023-05-13T11:48:15+00:00\" \/>\n<meta property=\"article:modified_time\" content=\"2023-10-05T20:37:13+00:00\" \/>\n<meta property=\"og:image\" content=\"https:\/\/cj.estrategia.com\/portal\/wp-content\/uploads\/2022\/05\/24165801\/delegado_al-1.jpg\" \/>\n\t<meta property=\"og:image:width\" content=\"1200\" \/>\n\t<meta property=\"og:image:height\" content=\"628\" \/>\n\t<meta property=\"og:image:type\" content=\"image\/jpeg\" \/>\n<meta name=\"author\" content=\"Coordena\u00e7\u00e3o\" \/>\n<meta name=\"twitter:card\" content=\"summary_large_image\" \/>\n<meta name=\"twitter:creator\" content=\"@EstratJuridica\" \/>\n<meta name=\"twitter:site\" content=\"@EstratJuridica\" \/>\n<meta name=\"twitter:label1\" content=\"Escrito por\" \/>\n\t<meta name=\"twitter:data1\" content=\"Coordena\u00e7\u00e3o\" \/>\n\t<meta name=\"twitter:label2\" content=\"Est. tempo de leitura\" \/>\n\t<meta name=\"twitter:data2\" content=\"5 minutos\" \/>\n<script type=\"application\/ld+json\" class=\"yoast-schema-graph\">{\"@context\":\"https:\\\/\\\/schema.org\",\"@graph\":[{\"@type\":\"NewsArticle\",\"@id\":\"https:\\\/\\\/cj.estrategia.com\\\/portal\\\/edital-delegado-al\\\/#article\",\"isPartOf\":{\"@id\":\"https:\\\/\\\/cj.estrategia.com\\\/portal\\\/edital-delegado-al\\\/\"},\"author\":{\"name\":\"Coordena\u00e7\u00e3o\",\"@id\":\"https:\\\/\\\/cj.estrategia.com\\\/portal\\\/#\\\/schema\\\/person\\\/4d70317d31449932b99102916b6637f5\"},\"headline\":\"Edital Delegado AL: inscri\u00e7\u00f5es est\u00e3o encerradas!\",\"datePublished\":\"2023-05-13T11:48:15+00:00\",\"dateModified\":\"2023-10-05T20:37:13+00:00\",\"mainEntityOfPage\":{\"@id\":\"https:\\\/\\\/cj.estrategia.com\\\/portal\\\/edital-delegado-al\\\/\"},\"wordCount\":839,\"commentCount\":0,\"publisher\":{\"@id\":\"https:\\\/\\\/cj.estrategia.com\\\/portal\\\/#organization\"},\"image\":{\"@id\":\"https:\\\/\\\/cj.estrategia.com\\\/portal\\\/edital-delegado-al\\\/#primaryimage\"},\"thumbnailUrl\":\"https:\\\/\\\/cj.estrategia.com\\\/portal\\\/wp-content\\\/uploads\\\/2022\\\/05\\\/24165801\\\/delegado_al-1.jpg\",\"articleSection\":[\"Carreiras Jur\u00eddicas\",\"Delegado\"],\"inLanguage\":\"pt-BR\",\"potentialAction\":[{\"@type\":\"CommentAction\",\"name\":\"Comment\",\"target\":[\"https:\\\/\\\/cj.estrategia.com\\\/portal\\\/edital-delegado-al\\\/#respond\"]}]},{\"@type\":\"WebPage\",\"@id\":\"https:\\\/\\\/cj.estrategia.com\\\/portal\\\/edital-delegado-al\\\/\",\"url\":\"https:\\\/\\\/cj.estrategia.com\\\/portal\\\/edital-delegado-al\\\/\",\"name\":\"Edital Delegado AL: inscri\u00e7\u00f5es est\u00e3o encerradas!\",\"isPartOf\":{\"@id\":\"https:\\\/\\\/cj.estrategia.com\\\/portal\\\/#website\"},\"primaryImageOfPage\":{\"@id\":\"https:\\\/\\\/cj.estrategia.com\\\/portal\\\/edital-delegado-al\\\/#primaryimage\"},\"image\":{\"@id\":\"https:\\\/\\\/cj.estrategia.com\\\/portal\\\/edital-delegado-al\\\/#primaryimage\"},\"thumbnailUrl\":\"https:\\\/\\\/cj.estrategia.com\\\/portal\\\/wp-content\\\/uploads\\\/2022\\\/05\\\/24165801\\\/delegado_al-1.jpg\",\"datePublished\":\"2023-05-13T11:48:15+00:00\",\"dateModified\":\"2023-10-05T20:37:13+00:00\",\"description\":\"Edital Delegado AL inscri\u00e7\u00f5es abertas! Confira os detalhes completos!\",\"breadcrumb\":{\"@id\":\"https:\\\/\\\/cj.estrategia.com\\\/portal\\\/edital-delegado-al\\\/#breadcrumb\"},\"inLanguage\":\"pt-BR\",\"potentialAction\":[{\"@type\":\"ReadAction\",\"target\":[\"https:\\\/\\\/cj.estrategia.com\\\/portal\\\/edital-delegado-al\\\/\"]}]},{\"@type\":\"ImageObject\",\"inLanguage\":\"pt-BR\",\"@id\":\"https:\\\/\\\/cj.estrategia.com\\\/portal\\\/edital-delegado-al\\\/#primaryimage\",\"url\":\"https:\\\/\\\/cj.estrategia.com\\\/portal\\\/wp-content\\\/uploads\\\/2022\\\/05\\\/24165801\\\/delegado_al-1.jpg\",\"contentUrl\":\"https:\\\/\\\/cj.estrategia.com\\\/portal\\\/wp-content\\\/uploads\\\/2022\\\/05\\\/24165801\\\/delegado_al-1.jpg\",\"width\":1200,\"height\":628,\"caption\":\"edital delegado al\"},{\"@type\":\"BreadcrumbList\",\"@id\":\"https:\\\/\\\/cj.estrategia.com\\\/portal\\\/edital-delegado-al\\\/#breadcrumb\",\"itemListElement\":[{\"@type\":\"ListItem\",\"position\":1,\"name\":\"In\u00edcio\",\"item\":\"https:\\\/\\\/cj.estrategia.com\\\/portal\\\/\"},{\"@type\":\"ListItem\",\"position\":2,\"name\":\"Edital Delegado AL: inscri\u00e7\u00f5es est\u00e3o encerradas!\"}]},{\"@type\":\"WebSite\",\"@id\":\"https:\\\/\\\/cj.estrategia.com\\\/portal\\\/#website\",\"url\":\"https:\\\/\\\/cj.estrategia.com\\\/portal\\\/\",\"name\":\"Blog - Carreiras Jur\u00eddicas - Estrat\u00e9gia\",\"description\":\"\",\"publisher\":{\"@id\":\"https:\\\/\\\/cj.estrategia.com\\\/portal\\\/#organization\"},\"potentialAction\":[{\"@type\":\"SearchAction\",\"target\":{\"@type\":\"EntryPoint\",\"urlTemplate\":\"https:\\\/\\\/cj.estrategia.com\\\/portal\\\/?s={search_term_string}\"},\"query-input\":{\"@type\":\"PropertyValueSpecification\",\"valueRequired\":true,\"valueName\":\"search_term_string\"}}],\"inLanguage\":\"pt-BR\"},{\"@type\":\"Organization\",\"@id\":\"https:\\\/\\\/cj.estrategia.com\\\/portal\\\/#organization\",\"name\":\"Estrat\u00e9gia - Carreiras Jur\u00eddicas\",\"url\":\"https:\\\/\\\/cj.estrategia.com\\\/portal\\\/\",\"logo\":{\"@type\":\"ImageObject\",\"inLanguage\":\"pt-BR\",\"@id\":\"https:\\\/\\\/cj.estrategia.com\\\/portal\\\/#\\\/schema\\\/logo\\\/image\\\/\",\"url\":\"https:\\\/\\\/cj.estrategia.com\\\/portal\\\/wp-content\\\/uploads\\\/2022\\\/03\\\/11151052\\\/cj-logo.png\",\"contentUrl\":\"https:\\\/\\\/cj.estrategia.com\\\/portal\\\/wp-content\\\/uploads\\\/2022\\\/03\\\/11151052\\\/cj-logo.png\",\"width\":150,\"height\":39,\"caption\":\"Estrat\u00e9gia - Carreiras Jur\u00eddicas\"},\"image\":{\"@id\":\"https:\\\/\\\/cj.estrategia.com\\\/portal\\\/#\\\/schema\\\/logo\\\/image\\\/\"},\"sameAs\":[\"https:\\\/\\\/www.facebook.com\\\/estrategiacarreirajuridica\\\/\",\"https:\\\/\\\/x.com\\\/EstratJuridica\",\"https:\\\/\\\/www.instagram.com\\\/estrategiacarreirajuridica\\\/\",\"https:\\\/\\\/www.youtube.com\\\/channel\\\/UClbMGuYbj2Mh1m3w144ETWQ\"]},{\"@type\":\"Person\",\"@id\":\"https:\\\/\\\/cj.estrategia.com\\\/portal\\\/#\\\/schema\\\/person\\\/4d70317d31449932b99102916b6637f5\",\"name\":\"Coordena\u00e7\u00e3o\",\"image\":{\"@type\":\"ImageObject\",\"inLanguage\":\"pt-BR\",\"@id\":\"https:\\\/\\\/cj.estrategia.com\\\/portal\\\/wp-content\\\/uploads\\\/2022\\\/05\\\/12164923\\\/estrategia-carreira-juridica-coordenacao-96x96.png\",\"url\":\"https:\\\/\\\/cj.estrategia.com\\\/portal\\\/wp-content\\\/uploads\\\/2022\\\/05\\\/12164923\\\/estrategia-carreira-juridica-coordenacao-96x96.png\",\"contentUrl\":\"https:\\\/\\\/cj.estrategia.com\\\/portal\\\/wp-content\\\/uploads\\\/2022\\\/05\\\/12164923\\\/estrategia-carreira-juridica-coordenacao-96x96.png\",\"caption\":\"Coordena\u00e7\u00e3o\"},\"url\":\"https:\\\/\\\/cj.estrategia.com\\\/portal\\\/author\\\/coordenacao\\\/\"}]}<\/script>\n<!-- \/ Yoast SEO Premium plugin. -->","yoast_head_json":{"title":"Edital Delegado AL: inscri\u00e7\u00f5es est\u00e3o encerradas!","description":"Edital Delegado AL inscri\u00e7\u00f5es abertas! Confira os detalhes completos!","robots":{"index":"index","follow":"follow","max-snippet":"max-snippet:-1","max-image-preview":"max-image-preview:large","max-video-preview":"max-video-preview:-1"},"canonical":"https:\/\/cj.estrategia.com\/portal\/edital-delegado-al\/","og_locale":"pt_BR","og_type":"article","og_title":"Edital Delegado AL: inscri\u00e7\u00f5es est\u00e3o encerradas!","og_description":"Edital Delegado AL inscri\u00e7\u00f5es abertas! Confira os detalhes completos!","og_url":"https:\/\/cj.estrategia.com\/portal\/edital-delegado-al\/","og_site_name":"Blog - Carreiras Jur\u00eddicas - Estrat\u00e9gia","article_publisher":"https:\/\/www.facebook.com\/estrategiacarreirajuridica\/","article_published_time":"2023-05-13T11:48:15+00:00","article_modified_time":"2023-10-05T20:37:13+00:00","og_image":[{"width":1200,"height":628,"url":"https:\/\/cj.estrategia.com\/portal\/wp-content\/uploads\/2022\/05\/24165801\/delegado_al-1.jpg","type":"image\/jpeg"}],"author":"Coordena\u00e7\u00e3o","twitter_card":"summary_large_image","twitter_creator":"@EstratJuridica","twitter_site":"@EstratJuridica","twitter_misc":{"Escrito por":"Coordena\u00e7\u00e3o","Est. tempo de leitura":"5 minutos"},"schema":{"@context":"https:\/\/schema.org","@graph":[{"@type":"NewsArticle","@id":"https:\/\/cj.estrategia.com\/portal\/edital-delegado-al\/#article","isPartOf":{"@id":"https:\/\/cj.estrategia.com\/portal\/edital-delegado-al\/"},"author":{"name":"Coordena\u00e7\u00e3o","@id":"https:\/\/cj.estrategia.com\/portal\/#\/schema\/person\/4d70317d31449932b99102916b6637f5"},"headline":"Edital Delegado AL: inscri\u00e7\u00f5es est\u00e3o encerradas!","datePublished":"2023-05-13T11:48:15+00:00","dateModified":"2023-10-05T20:37:13+00:00","mainEntityOfPage":{"@id":"https:\/\/cj.estrategia.com\/portal\/edital-delegado-al\/"},"wordCount":839,"commentCount":0,"publisher":{"@id":"https:\/\/cj.estrategia.com\/portal\/#organization"},"image":{"@id":"https:\/\/cj.estrategia.com\/portal\/edital-delegado-al\/#primaryimage"},"thumbnailUrl":"https:\/\/cj.estrategia.com\/portal\/wp-content\/uploads\/2022\/05\/24165801\/delegado_al-1.jpg","articleSection":["Carreiras Jur\u00eddicas","Delegado"],"inLanguage":"pt-BR","potentialAction":[{"@type":"CommentAction","name":"Comment","target":["https:\/\/cj.estrategia.com\/portal\/edital-delegado-al\/#respond"]}]},{"@type":"WebPage","@id":"https:\/\/cj.estrategia.com\/portal\/edital-delegado-al\/","url":"https:\/\/cj.estrategia.com\/portal\/edital-delegado-al\/","name":"Edital Delegado AL: inscri\u00e7\u00f5es est\u00e3o encerradas!","isPartOf":{"@id":"https:\/\/cj.estrategia.com\/portal\/#website"},"primaryImageOfPage":{"@id":"https:\/\/cj.estrategia.com\/portal\/edital-delegado-al\/#primaryimage"},"image":{"@id":"https:\/\/cj.estrategia.com\/portal\/edital-delegado-al\/#primaryimage"},"thumbnailUrl":"https:\/\/cj.estrategia.com\/portal\/wp-content\/uploads\/2022\/05\/24165801\/delegado_al-1.jpg","datePublished":"2023-05-13T11:48:15+00:00","dateModified":"2023-10-05T20:37:13+00:00","description":"Edital Delegado AL inscri\u00e7\u00f5es abertas! Confira os detalhes completos!","breadcrumb":{"@id":"https:\/\/cj.estrategia.com\/portal\/edital-delegado-al\/#breadcrumb"},"inLanguage":"pt-BR","potentialAction":[{"@type":"ReadAction","target":["https:\/\/cj.estrategia.com\/portal\/edital-delegado-al\/"]}]},{"@type":"ImageObject","inLanguage":"pt-BR","@id":"https:\/\/cj.estrategia.com\/portal\/edital-delegado-al\/#primaryimage","url":"https:\/\/cj.estrategia.com\/portal\/wp-content\/uploads\/2022\/05\/24165801\/delegado_al-1.jpg","contentUrl":"https:\/\/cj.estrategia.com\/portal\/wp-content\/uploads\/2022\/05\/24165801\/delegado_al-1.jpg","width":1200,"height":628,"caption":"edital delegado al"},{"@type":"BreadcrumbList","@id":"https:\/\/cj.estrategia.com\/portal\/edital-delegado-al\/#breadcrumb","itemListElement":[{"@type":"ListItem","position":1,"name":"In\u00edcio","item":"https:\/\/cj.estrategia.com\/portal\/"},{"@type":"ListItem","position":2,"name":"Edital Delegado AL: inscri\u00e7\u00f5es est\u00e3o encerradas!"}]},{"@type":"WebSite","@id":"https:\/\/cj.estrategia.com\/portal\/#website","url":"https:\/\/cj.estrategia.com\/portal\/","name":"Blog - Carreiras Jur\u00eddicas - Estrat\u00e9gia","description":"","publisher":{"@id":"https:\/\/cj.estrategia.com\/portal\/#organization"},"potentialAction":[{"@type":"SearchAction","target":{"@type":"EntryPoint","urlTemplate":"https:\/\/cj.estrategia.com\/portal\/?s={search_term_string}"},"query-input":{"@type":"PropertyValueSpecification","valueRequired":true,"valueName":"search_term_string"}}],"inLanguage":"pt-BR"},{"@type":"Organization","@id":"https:\/\/cj.estrategia.com\/portal\/#organization","name":"Estrat\u00e9gia - Carreiras Jur\u00eddicas","url":"https:\/\/cj.estrategia.com\/portal\/","logo":{"@type":"ImageObject","inLanguage":"pt-BR","@id":"https:\/\/cj.estrategia.com\/portal\/#\/schema\/logo\/image\/","url":"https:\/\/cj.estrategia.com\/portal\/wp-content\/uploads\/2022\/03\/11151052\/cj-logo.png","contentUrl":"https:\/\/cj.estrategia.com\/portal\/wp-content\/uploads\/2022\/03\/11151052\/cj-logo.png","width":150,"height":39,"caption":"Estrat\u00e9gia - Carreiras Jur\u00eddicas"},"image":{"@id":"https:\/\/cj.estrategia.com\/portal\/#\/schema\/logo\/image\/"},"sameAs":["https:\/\/www.facebook.com\/estrategiacarreirajuridica\/","https:\/\/x.com\/EstratJuridica","https:\/\/www.instagram.com\/estrategiacarreirajuridica\/","https:\/\/www.youtube.com\/channel\/UClbMGuYbj2Mh1m3w144ETWQ"]},{"@type":"Person","@id":"https:\/\/cj.estrategia.com\/portal\/#\/schema\/person\/4d70317d31449932b99102916b6637f5","name":"Coordena\u00e7\u00e3o","image":{"@type":"ImageObject","inLanguage":"pt-BR","@id":"https:\/\/cj.estrategia.com\/portal\/wp-content\/uploads\/2022\/05\/12164923\/estrategia-carreira-juridica-coordenacao-96x96.png","url":"https:\/\/cj.estrategia.com\/portal\/wp-content\/uploads\/2022\/05\/12164923\/estrategia-carreira-juridica-coordenacao-96x96.png","contentUrl":"https:\/\/cj.estrategia.com\/portal\/wp-content\/uploads\/2022\/05\/12164923\/estrategia-carreira-juridica-coordenacao-96x96.png","caption":"Coordena\u00e7\u00e3o"},"url":"https:\/\/cj.estrategia.com\/portal\/author\/coordenacao\/"}]}},"jetpack_featured_media_url":"https:\/\/cj.estrategia.com\/portal\/wp-content\/uploads\/2022\/05\/24165801\/delegado_al-1.jpg","jetpack_sharing_enabled":true,"_links":{"self":[{"href":"https:\/\/cj.estrategia.com\/portal\/wp-json\/wp\/v2\/posts\/5652","targetHints":{"allow":["GET"]}}],"collection":[{"href":"https:\/\/cj.estrategia.com\/portal\/wp-json\/wp\/v2\/posts"}],"about":[{"href":"https:\/\/cj.estrategia.com\/portal\/wp-json\/wp\/v2\/types\/post"}],"author":[{"embeddable":true,"href":"https:\/\/cj.estrategia.com\/portal\/wp-json\/wp\/v2\/users\/12"}],"replies":[{"embeddable":true,"href":"https:\/\/cj.estrategia.com\/portal\/wp-json\/wp\/v2\/comments?post=5652"}],"version-history":[{"count":26,"href":"https:\/\/cj.estrategia.com\/portal\/wp-json\/wp\/v2\/posts\/5652\/revisions"}],"predecessor-version":[{"id":47291,"href":"https:\/\/cj.estrategia.com\/portal\/wp-json\/wp\/v2\/posts\/5652\/revisions\/47291"}],"wp:featuredmedia":[{"embeddable":true,"href":"https:\/\/cj.estrategia.com\/portal\/wp-json\/wp\/v2\/media\/5655"}],"wp:attachment":[{"href":"https:\/\/cj.estrategia.com\/portal\/wp-json\/wp\/v2\/media?parent=5652"}],"wp:term":[{"taxonomy":"category","embeddable":true,"href":"https:\/\/cj.estrategia.com\/portal\/wp-json\/wp\/v2\/categories?post=5652"},{"taxonomy":"post_tag","embeddable":true,"href":"https:\/\/cj.estrategia.com\/portal\/wp-json\/wp\/v2\/tags?post=5652"},{"taxonomy":"tax_estado","embeddable":true,"href":"https:\/\/cj.estrategia.com\/portal\/wp-json\/wp\/v2\/tax_estado?post=5652"}],"curies":[{"name":"wp","href":"https:\/\/api.w.org\/{rel}","templated":true}]}}