{"id":56459,"date":"2024-02-26T18:03:21","date_gmt":"2024-02-26T21:03:21","guid":{"rendered":"https:\/\/cj.estrategia.com\/portal\/?p=56459"},"modified":"2024-02-26T18:03:25","modified_gmt":"2024-02-26T21:03:25","slug":"prova-comentadas-direito-do-trabalho-pge-rn-procurador","status":"publish","type":"post","link":"https:\/\/cj.estrategia.com\/portal\/prova-comentadas-direito-do-trabalho-pge-rn-procurador\/","title":{"rendered":"Prova Comentadas Direito do Trabalho PGE RN Procurador"},"content":{"rendered":"<a id=\"cta-icon\" href=\"https:\/\/sndflw.com\/i\/procuradorias-grupo\" target=\"blank\" style=\"background:rgb(41,166,26)\">\n            <img decoding=\"async\" src=\"https:\/\/cj.estrategia.com\/portal\/wp-content\/uploads\/2023\/12\/07160657\/whatsapp_1385.webp\" alt=\"\" alt=\"whatsapp_1385\"><span > Acesse agora o Grupo de Estudos para Concurso de Procuradorias <\/span><\/a>\n\n\n\n<p>Ol\u00e1, pessoal, tudo certo?!<\/p>\n\n\n\n<p>Em 25\/02\/2024, foi aplicada a prova objetiva do concurso p\u00fablico para <strong>Procurador do Estado do Rio Grande do Norte<\/strong>. Assim que encerrada, nosso time de professores elaborou o gabarito extraoficial, que, agora, ser\u00e1 apresentado juntamente com a nossa <strong>PROVA COMENTADA<\/strong>.<\/p>\n\n\n\n<p>Este material visa a auxili\u00e1-los na aferi\u00e7\u00e3o das notas, elabora\u00e7\u00e3o de eventuais recursos, verifica\u00e7\u00e3o das chances de avan\u00e7o para fase discursiva, bem como na revis\u00e3o do conte\u00fado cobrado no certame.<\/p>\n\n\n\n<p>Desde j\u00e1, destacamos que nosso time de professores identificou 2 quest\u00f5es pass\u00edveis de recurso, por apresentarem duas ou nenhuma alternativa correta, como veremos adiante. No tipo de prova comentado, trata-se das quest\u00f5es 17 e 66.<\/p>\n\n\n\n<p>De modo complementar, elaboramos tamb\u00e9m o <a href=\"https:\/\/cj.estrategia.com\/cadernos-e-simulados\/simulados\/1b324369-e52c-45b3-8059-1c579fd0b084\"><strong>RANKING da PGE-RN<\/strong>, <\/a>em que nossos alunos e seguidores poder\u00e3o inserir suas respostas \u00e0 prova, e, ao final, aferir sua nota, de acordo com o gabarito elaborado por nossos professores. Atrav\u00e9s do ranking, tamb\u00e9m poderemos estimar a nota de corte da 1\u00ba fase. Essa ferramenta \u00e9 gratuita e, para participar, basta clicar no link abaixo:<\/p>\n\n\n\n<p>Al\u00e9m disso, montamos um caderno para nossos seguidores, alunos ou n\u00e3o, verem os coment\u00e1rios e comentar as quest\u00f5es da prova! Confira<a href=\"https:\/\/cj.estrategia.com\/cadernos-e-simulados\/cadernos\/b1521fee-9f2f-4626-a873-a3b6fc9796cd\"> AQUI!<\/a><\/p>\n\n\n\n<p>Por fim, comentaremos a prova, as quest\u00f5es mais pol\u00eamicas, as possibilidades de recurso, bem como a estimativa da nota de corte no <strong>TERM\u00d4METRO P\u00d3S-PROVA<\/strong>, no nosso canal do Youtube. Inscreva-se e ative as notifica\u00e7\u00f5es! <a href=\"https:\/\/www.youtube.com\/@EstrategiaCarreiraJuridica\"><strong>Estrat\u00e9gia Carreira Jur\u00eddica &#8211; YouTube<\/strong><\/a><\/p>\n\n\n\n<h3 class=\"wp-block-heading has-vivid-red-color has-text-color has-link-color wp-elements-2a9c943851ec255dfe61cd135a4b7652\" id=\"h-prova-comentada-direito-do-trabalho\"><span id=\"prova-comentada-direito-do-trabalho\">Prova Comentada Direito do Trabalho<\/span><\/h3>\n\n\n\n<p><strong>QUEST\u00c3O 51. No que se refere \u00e0 prote\u00e7\u00e3o do trabalho da mulher e a conven\u00e7\u00f5es e acordos coletivos de trabalho, julgue os itens seguintes, \u00e0 luz da jurisprud\u00eancia do Supremo Tribunal Federal (STF).<\/strong><\/p>\n\n\n\n<p><strong>I. \u00c9 constitucional a institui\u00e7\u00e3o, por acordo coletivo ou conven\u00e7\u00e3o coletiva, de contribui\u00e7\u00f5es assistenciais a serem impostas a todos os empregados da categoria, ainda que n\u00e3o sindicalizados, desde que assegurado o direito de oposi\u00e7\u00e3o.<\/strong><\/p>\n\n\n\n<p><strong>II. \u00c9 inconstitucional, por viola\u00e7\u00e3o do princ\u00edpio da igualdade, o dispositivo da Consolida\u00e7\u00e3o das Leis do Trabalho (CLT) que previa exclusivamente as trabalhadoras mulheres a obrigatoriedade de intervalo de 15 minutos antes do in\u00edcio de jornada extraordin\u00e1ria de trabalho.<\/strong><\/p>\n\n\n\n<p><strong>III. S\u00e3o constitucionais as conven\u00e7\u00f5es e os acordos coletivos que, ao considerarem a adequa\u00e7\u00e3o setorial negociada, pactuam limita\u00e7\u00f5es ou afastamentos de direitos trabalhistas, independentemente da explicita\u00e7\u00e3o especificada de vantagens compensat\u00f3rias, desde que respeitados os direitos absolutamente indispon\u00edveis.<\/strong><\/p>\n\n\n\n<p><strong>Assinale a op\u00e7\u00e3o correta.<\/strong><\/p>\n\n\n\n<p><strong>a) Apenas o item I est\u00e1 certo.<\/strong><\/p>\n\n\n\n<p><strong>b) Apenas o item II est\u00e1 certo.<\/strong><\/p>\n\n\n\n<p><strong>c) Apenas os itens I e III est\u00e3o certos.<\/strong><\/p>\n\n\n\n<p><strong>d)&nbsp;Apenas os itens II e III est\u00e3o certos.<\/strong><\/p>\n\n\n\n<p><strong>e) Todos os itens est\u00e3o certos.<\/strong><\/p>\n\n\n\n<p><strong>Coment\u00e1rios<\/strong><\/p>\n\n\n\n<p>A alternativa correta \u00e9 a <strong>letra C<\/strong>.<\/p>\n\n\n\n<p>A quest\u00e3o trata do tema trabalho da mulher.<\/p>\n\n\n\n<p>O Item I est\u00e1 correto. De acordo com Tema 935 de repercuss\u00e3o geral do STF: \u201c\u00c9 constitucional a institui\u00e7\u00e3o, por acordo ou conven\u00e7\u00e3o coletivos, de contribui\u00e7\u00f5es assistenciais a serem impostas a todos os empregados da categoria, ainda que n\u00e3o sindicalizados, desde que assegurado o direito de oposi\u00e7\u00e3o\u201d.<\/p>\n\n\n\n<p>O Item II est\u00e1 incorreto. De acordo com Tema 528 de repercuss\u00e3o geral do STF: \u201cO art. 384 da CLT, em rela\u00e7\u00e3o ao per\u00edodo anterior \u00e0 edi\u00e7\u00e3o da Lei n. 13.467\/2017, foi recepcionado pela Constitui\u00e7\u00e3o Federal de 1988, aplicando-se a todas as mulheres trabalhadoras.\u201d<\/p>\n\n\n\n<p>Veja o que determina o artigo revogado: \u201cArt. 384, CLT. Art. 384 &#8211; Em caso de prorroga\u00e7\u00e3o do hor\u00e1rio normal, ser\u00e1 obrigat\u00f3rio um descanso de 15 (quinze) minutos no m\u00ednimo, antes do in\u00edcio do per\u00edodo extraordin\u00e1rio do trabalho. (Revogado pela Lei n\u00ba 13.467, de 2017)\u201d<\/p>\n\n\n\n<p>O Item III est\u00e1 correto. De acordo com Tema 1046 de repercuss\u00e3o geral do STF: \u201cS\u00e3o constitucionais os acordos e as conven\u00e7\u00f5es coletivos que, ao considerarem a adequa\u00e7\u00e3o setorial negociada, pactuam limita\u00e7\u00f5es ou afastamentos de direitos trabalhistas, independentemente da explicita\u00e7\u00e3o especificada de vantagens compensat\u00f3rias, desde que respeitados os direitos absolutamente indispon\u00edveis.\u201d<\/p>\n\n\n\n<p>Portanto, a alternativa C est\u00e1 correta. Automaticamente, as alternativas A, B, D e E ficam incorretas.<\/p>\n\n\n\n<p><strong>QUEST\u00c3O 52. A respeito das caracter\u00edsticas e altera\u00e7\u00f5es do contrato individual trabalho, da responsabilidade solid\u00e1ria do grupo econ\u00f4mico, das atividades insalubres ou perigosas e das conven\u00e7\u00f5es e acordos coletivos de trabalho, assinale a op\u00e7\u00e3o correta.<\/strong><\/p>\n\n\n\n<p><strong>a) A empresa que estiver sob a dire\u00e7\u00e3o de uma ou mais empresas ser\u00e1 respons\u00e1vel subsidiariamente pelas obriga\u00e7\u00f5es decorrentes das rela\u00e7\u00f5es de emprego estabelecidas entre empregado e empregador dessas empresas, por aplica\u00e7\u00e3o da teoria do empregador \u00fanico.<\/strong><\/p>\n\n\n\n<p><strong>b) Considera-se atividade ou opera\u00e7\u00e3o perigosa aquela que, por sua natureza ou m\u00e9todo de trabalho, implique risco acentuado em virtude de exposi\u00e7\u00e3o eventual ou permanente do trabalhador de qualquer atividade profissional a colis\u00f5es, atropelamentos ou outras esp\u00e9cies de acidentes ou viol\u00eancias.<\/strong><\/p>\n\n\n\n<p><strong>c) A supress\u00e3o ou redu\u00e7\u00e3o de direitos relativos ao valor nominal do d\u00e9cimo terceiro sal\u00e1rio, \u00e0 remunera\u00e7\u00e3o do trabalho noturno superior \u00e0 do diurno e ao repouso semanal remunerado constituem objeto il\u00edcito de conven\u00e7\u00e3o coletiva ou de acordo coletivo de trabalho.<\/strong><\/p>\n\n\n\n<p><strong>d) \u00c9 considerado intermitente o contrato de trabalho no qual se estabelece a execu\u00e7\u00e3o do trabalho com altern\u00e2ncia de per\u00edodos de presta\u00e7\u00e3o de servi\u00e7os e de inatividade e inexiste rela\u00e7\u00e3o de subordina\u00e7\u00e3o entre empregado e empregador, sendo esse tipo de contrato inaplic\u00e1vel a aeronautas e empregados dom\u00e9sticos.<\/strong><\/p>\n\n\n\n<p><strong>e) A presta\u00e7\u00e3o de servi\u00e7os na modalidade de teletrabalho pode decorrer tacitamente da rela\u00e7\u00e3o individual de trabalho, sendo juridicamente poss\u00edvel a realiza\u00e7\u00e3o de altera\u00e7\u00e3o entre regime presencial e de teletrabalho independentemente de aditivo contratual, respeitado o prazo m\u00ednimo de transi\u00e7\u00e3o de 30 dias entre um e outro regime.<\/strong><\/p>\n\n\n\n<p><strong>Coment\u00e1rios<\/strong><\/p>\n\n\n\n<p>A alternativa correta \u00e9 a <strong>letra C<\/strong>.<\/p>\n\n\n\n<p>A quest\u00e3o trata do tema contrato individual de trabalho.<\/p>\n\n\n\n<p>A alternativa A est\u00e1 incorreta. De acordo com art. 2\u00ba, \u00a7 2\u00ba, da CLT: \u201c\u00a7 2\u00ba&nbsp; Sempre que uma ou mais empresas, tendo, embora, cada uma delas, personalidade jur\u00eddica pr\u00f3pria, estiverem sob a dire\u00e7\u00e3o, controle ou administra\u00e7\u00e3o de outra, ou ainda quando, mesmo guardando cada uma sua autonomia, integrem grupo econ\u00f4mico, ser\u00e3o respons\u00e1veis solidariamente pelas obriga\u00e7\u00f5es decorrentes da rela\u00e7\u00e3o de emprego.\u201d<\/p>\n\n\n\n<p>A alternativa B est\u00e1 incorreta. De acordo com art. 193, III, da CLT: \u201cArt. 193. S\u00e3o consideradas atividades ou opera\u00e7\u00f5es perigosas, na forma da regulamenta\u00e7\u00e3o aprovada pelo Minist\u00e9rio do Trabalho e Emprego, aquelas que, por sua natureza ou m\u00e9todos de trabalho, impliquem risco acentuado em virtude de exposi\u00e7\u00e3o permanente do trabalhador a: III \u2013 colis\u00f5es, atropelamentos ou outras esp\u00e9cies de acidentes ou viol\u00eancias nas atividades profissionais dos agentes das autoridades de tr\u00e2nsito.\u201d<\/p>\n\n\n\n<p>A alternativa C est\u00e1 correta. De acordo com art. 611-B, incisos V, VI e IX, da CLT: \u201cArt. 611-B, CLT. Constituem objeto il\u00edcito de conven\u00e7\u00e3o coletiva ou de acordo coletivo de trabalho, exclusivamente, a supress\u00e3o ou a redu\u00e7\u00e3o dos seguintes direitos: (&#8230;) V &#8211; valor nominal do d\u00e9cimo terceiro sal\u00e1rio; VI &#8211; remunera\u00e7\u00e3o do trabalho noturno superior \u00e0 do diurno; (&#8230;) IX &#8211; repouso semanal remunerado;\u201d<\/p>\n\n\n\n<p>A alternativa D est\u00e1 incorreta. De acordo com art. 443, \u00a7 3\u00ba, da CLT: \u201c\u00a7 3\u00ba Considera-se como intermitente o contrato de trabalho no qual a presta\u00e7\u00e3o de servi\u00e7os, com subordina\u00e7\u00e3o, n\u00e3o \u00e9 cont\u00ednua, ocorrendo com altern\u00e2ncia de per\u00edodos de presta\u00e7\u00e3o de servi\u00e7os e de inatividade, determinados em horas, dias ou meses, independentemente do tipo de atividade do empregado e do empregador, exceto para os aeronautas, regidos por legisla\u00e7\u00e3o pr\u00f3pria.\u201d<\/p>\n\n\n\n<p>A alternativa E est\u00e1 incorreta. De acordo com art. 75-C, caput e \u00a7\u00a7 1\u00ba e 2\u00ba, da CLT: \u201cArt. 75-C. A presta\u00e7\u00e3o de servi\u00e7os na modalidade de teletrabalho dever\u00e1 constar expressamente do instrumento de contrato individual de trabalho. \u00a7 1\u00ba Poder\u00e1 ser realizada a altera\u00e7\u00e3o entre regime presencial e de teletrabalho desde que haja m\u00fatuo acordo entre as partes, registrado em aditivo contratual. \u00a7 2\u00ba Poder\u00e1 ser realizada a altera\u00e7\u00e3o do regime de teletrabalho para o presencial por determina\u00e7\u00e3o do empregador, garantido prazo de transi\u00e7\u00e3o m\u00ednimo de quinze dias, com correspondente registro em aditivo contratual.\u201d<\/p>\n\n\n\n<p><strong>QUEST\u00c3O 53. De acordo com o entendimento jurisprudencial do Tribunal Superior do Trabalho (TST), a majora\u00e7\u00e3o do valor do repouso semanal remunerado decorrente da integra\u00e7\u00e3o das horas extras habituais prestadas a partir de 20\/3\/2023<\/strong><\/p>\n\n\n\n<p><strong>a)&nbsp; apenas n\u00e3o repercute no c\u00e1lculo das f\u00e9rias e do aviso pr\u00e9vio, sob pena de caracteriza\u00e7\u00e3o de bis in idem.<\/strong><\/p>\n\n\n\n<p><strong>b) repercute no c\u00e1lculo, efetuado pelo empregador, das demais parcelas que tenham como base de c\u00e1lculo o sal\u00e1rio, n\u00e3o se cogitando de bis in idem por sua incid\u00eancia no c\u00e1lculo das f\u00e9rias, da gratifica\u00e7\u00e3o natalina, do aviso pr\u00e9vio e do FGTS.<\/strong><\/p>\n\n\n\n<p><strong>c) n\u00e3o repercute no c\u00e1lculo das f\u00e9rias, da gratifica\u00e7\u00e3o natalina, do aviso pr\u00e9vio e do FGTS, sob pena de caracteriza\u00e7\u00e3o de bis in idem.<\/strong><\/p>\n\n\n\n<p><strong>d) repercute no c\u00e1lculo, efetuado pelo empregador, das demais parcelas cuja base de c\u00e1lculo seja o sal\u00e1rio, inclusive as gorjetas, n\u00e3o se cogitando de bis in idem apenas no caso de incid\u00eancia no c\u00e1lculo das f\u00e9rias e da gratifica\u00e7\u00e3o natalina.<\/strong><\/p>\n\n\n\n<p><strong>e) apenas n\u00e3o repercute no c\u00e1lculo das f\u00e9rias e da gratifica\u00e7\u00e3o natalina, sob pena de caracteriza\u00e7\u00e3o de bis in idem<\/strong><\/p>\n\n\n\n<p><strong>Coment\u00e1rios<\/strong><\/p>\n\n\n\n<p>A alternativa correta \u00e9 a <strong>letra B<\/strong>.<\/p>\n\n\n\n<p>A quest\u00e3o trata do tema remunera\u00e7\u00e3o.<\/p>\n\n\n\n<p>De acordo com a nova reda\u00e7\u00e3o da OJ 394 da SDI-I do TST: \u201cREPOUSO SEMANAL REMUNERADO. INTEGRA\u00c7\u00c3O DAS HORAS EXTRAS. REPERCUSS\u00c3O NO C\u00c1LCULO DAS F\u00c9RIAS, D\u00c9CIMO TERCEIRO SAL\u00c1RIO, AVISO PR\u00c9VIO E DEP\u00d3SITOS DO FGTS. I. A majora\u00e7\u00e3o do valor do repouso semanal remunerado decorrente da integra\u00e7\u00e3o das horas extras habituais deve repercutir no c\u00e1lculo, efetuado pelo empregador, das demais parcelas que t\u00eam como base de c\u00e1lculo o sal\u00e1rio, n\u00e3o se cogitando de bis in idem por sua incid\u00eancia no c\u00e1lculo das f\u00e9rias, da gratifica\u00e7\u00e3o natalina, do aviso pr\u00e9vio e do FGTS. II. O item I ser\u00e1 aplicado \u00e0s horas extras trabalhadas a partir de 20.03.2023.\u201d<\/p>\n\n\n\n<p>Portanto, a B est\u00e1 correta, posto que traz exatamente o texto da referida S\u00famula. As alternativas A, C, D e E ficam, pois, automaticamente incorretas.<\/p>\n\n\n\n<p><strong>QUEST\u00c3O 54. A respeito do abono de f\u00e9rias e do pagamento das f\u00e9rias fora do prazo previsto na legisla\u00e7\u00e3o trabalhista, julgue os itens seguintes, \u00e0 luz do entendimento do STF e dos dispositivos da CLT.<\/strong><\/p>\n\n\n\n<p><strong>I &#8211; \u00c9 devido o pagamento em dobro da remunera\u00e7\u00e3o de f\u00e9rias, inclu\u00eddo o ter\u00e7o constitucional, quando, ainda que gozadas em \u00e9poca pr\u00f3pria, o empregador tenha descumprido o prazo do pagamento das f\u00e9rias do empregado.<\/strong><\/p>\n\n\n\n<p><strong>II &#8211; A CLT prev\u00ea a comina\u00e7\u00e3o de multa pelo n\u00e3o pagamento das ferias e, se for o caso, do abono de f\u00e9rias no prazo de at\u00e9 2 dias antes do in\u00edcio do respectivo per\u00edodo.<\/strong><\/p>\n\n\n\n<p><strong>III &#8211; O abono de f\u00e9rias dever\u00e1 ser requerido at\u00e9 15 dias antes do t\u00e9rmino do per\u00edodo aquisitivo.<\/strong><\/p>\n\n\n\n<p><strong>Assinale a op\u00e7\u00e3o correta<\/strong><\/p>\n\n\n\n<p><strong>a) Apenas o item I est\u00e1 certo.<\/strong><\/p>\n\n\n\n<p><strong>b) Apenas o item II est\u00e1 certo.<\/strong><\/p>\n\n\n\n<p><strong>c) Apenas os itens I e III est\u00e3o certos.<\/strong><\/p>\n\n\n\n<p><strong>d) Apenas os itens II e III est\u00e3o certos.<\/strong><\/p>\n\n\n\n<p><strong>e) Todos os itens est\u00e3o certos.<\/strong><\/p>\n\n\n\n<p><strong>Coment\u00e1rios<\/strong><\/p>\n\n\n\n<p>A alternativa correta \u00e9 a <strong>letra D<\/strong>.<\/p>\n\n\n\n<p>A quest\u00e3o trata do tema f\u00e9rias.<\/p>\n\n\n\n<p>O Item I est\u00e1 incorreto. Sobre o pagamento em dobro das f\u00e9rias, o art. 137 da CLT assim disp\u00f5e: \u201cArt. 137 &#8211; Sempre que as f\u00e9rias forem concedidas ap\u00f3s o prazo de que trata o art. 134, o empregador pagar\u00e1 em dobro a respectiva remunera\u00e7\u00e3o\u201d.<\/p>\n\n\n\n<p>Em 2014, o TST sumulou o seguinte entendimento acerca do art. 137: \u201cS\u00famula 450 TST &#8211; \u00c9 devido o pagamento em dobro da remunera\u00e7\u00e3o de f\u00e9rias, inclu\u00eddo o ter\u00e7o constitucional, com base no art. 137 da CLT, quando, ainda que gozadas na \u00e9poca pr\u00f3pria, o empregador tenha descumprido o prazo previsto no art. 145 do mesmo diploma legal.\u201d<\/p>\n\n\n\n<p>Ocorre que, em 2022, no julgamento da ADPF 501, o STF anulou a mencionada s\u00famula do TST: \u201cDecis\u00e3o: O Tribunal, por maioria, julgou procedente a argui\u00e7\u00e3o de descumprimento de preceito fundamental para: (a) declarar a inconstitucionalidade da S\u00famula 450 do Tribunal Superior do Trabalho; e (b) invalidar decis\u00f5es judiciais n\u00e3o transitadas em julgado que, amparadas no texto sumular, tenham aplicado a san\u00e7\u00e3o de pagamento em dobro com base no art. 137 da CLT. (&#8230;)\u201d<\/p>\n\n\n\n<p>O Item II est\u00e1 correto. De acordo com art. 153 da CLT: \u201cAs infra\u00e7\u00f5es ao disposto neste Cap\u00edtulo ser\u00e3o punidas com multas de valor igual a 160 BTN por empregado em situa\u00e7\u00e3o irregular.\u201d<\/p>\n\n\n\n<p>O Item III est\u00e1 correto. De acordo com art. 143, \u00a7 1\u00ba, da CLT: \u201cO abono de f\u00e9rias dever\u00e1 ser requerido at\u00e9 15 (quinze) dias antes do t\u00e9rmino do per\u00edodo aquisitivo.\u201d<\/p>\n\n\n\n<p>Portanto, a alternativa D est\u00e1 correta. Automaticamente, as alternativas A, B, C e E ficam incorretas.<\/p>\n\n\n\n<p class=\"has-text-align-center has-luminous-vivid-amber-background-color has-background has-medium-font-size\"><strong>Saiba mais:<\/strong> <a href=\"https:\/\/cj.estrategia.com\/portal\/concurso-pge-rn-procurador\/\" target=\"_blank\" >PGE RN Procurador<\/a><\/p>\n\n\n\n<h2 class=\"wp-block-heading has-text-align-center\" id=\"cursos\"><span id=\"quer-saber-tudo-sobre-concursos-previstosconfira-nossos-artigos\">Quer saber tudo sobre concursos previstos?<br><strong>Confira nossos artigos!<\/strong><\/span><\/h2>\n\n\n\n\n\n<h2 class=\"wp-block-heading has-text-align-center\" id=\"cursos-pge-rn\"><span id=\"cursos-para-o-concurso-pge-rn-procurador\">Cursos para o concurso PGE RN Procurador<\/span><\/h2>\n\n\n\n<div class=\"wp-block-cover\" style=\"min-height:155px;aspect-ratio:unset;\"><img decoding=\"async\" width=\"1890\" height=\"351\" class=\"wp-block-cover__image-background wp-image-8669\" alt=\"Assinaturas Jur\u00eddicas\" src=\"https:\/\/cj.estrategia.com\/portal\/wp-content\/uploads\/2022\/06\/20151253\/concurso-carreiras-juridicas-assinatura-juridica.jpg\" style=\"object-position:78% 43%\" data-object-fit=\"cover\" data-object-position=\"78% 43%\" srcset=\"https:\/\/cj.estrategia.com\/portal\/wp-content\/uploads\/2022\/06\/20151253\/concurso-carreiras-juridicas-assinatura-juridica.jpg 1890w, https:\/\/cj.estrategia.com\/portal\/wp-content\/uploads\/2022\/06\/20151253\/concurso-carreiras-juridicas-assinatura-juridica-300x56.jpg 300w, https:\/\/cj.estrategia.com\/portal\/wp-content\/uploads\/2022\/06\/20151253\/concurso-carreiras-juridicas-assinatura-juridica-1024x190.jpg 1024w, https:\/\/cj.estrategia.com\/portal\/wp-content\/uploads\/2022\/06\/20151253\/concurso-carreiras-juridicas-assinatura-juridica-768x143.jpg 768w, https:\/\/cj.estrategia.com\/portal\/wp-content\/uploads\/2022\/06\/20151253\/concurso-carreiras-juridicas-assinatura-juridica-1536x285.jpg 1536w, https:\/\/cj.estrategia.com\/portal\/wp-content\/uploads\/2022\/06\/20151253\/concurso-carreiras-juridicas-assinatura-juridica-380x71.jpg 380w, https:\/\/cj.estrategia.com\/portal\/wp-content\/uploads\/2022\/06\/20151253\/concurso-carreiras-juridicas-assinatura-juridica-800x149.jpg 800w, https:\/\/cj.estrategia.com\/portal\/wp-content\/uploads\/2022\/06\/20151253\/concurso-carreiras-juridicas-assinatura-juridica-1160x215.jpg 1160w\" sizes=\"(max-width: 1890px) 100vw, 1890px\" \/><span aria-hidden=\"true\" class=\"wp-block-cover__background has-background-dim\"><\/span><div class=\"wp-block-cover__inner-container is-layout-flow wp-block-cover-is-layout-flow\">\n<h3 id=\"faca-a-sua-assinatura\" class=\"titulo-assinatura\"><span style=\"color: #ffffff;\">Fa\u00e7a a sua assinatura!<\/span><\/h3>\n<p class=\"subtitulo-assinatura\" style=\"display:block!important; line-height: 0;\"><span style=\"color: #ffffff;\">Escolha a sua \u00e1rea.<\/span><\/p>\n<a target=\"_blank\" href=\"https:\/\/www.estrategiaconcursos.com.br\/assinaturas-ecj\/\" rel=\"noopener\"><button style=\"border-radius: 10px; text-transform: capitalize;\">Acessar<\/button><\/a>\n<\/div><\/div>\n\n\n\n\n\n<p><\/p>\n","protected":false},"excerpt":{"rendered":"Ol\u00e1, pessoal, tudo certo?! Em 25\/02\/2024, foi aplicada a prova objetiva do concurso p\u00fablico para Procurador do Estado&hellip;\n","protected":false},"author":135,"featured_media":20831,"comment_status":"open","ping_status":"open","sticky":false,"template":"","format":"standard","meta":{"_jetpack_memberships_contains_paid_content":false,"footnotes":""},"categories":[24],"tags":[],"tax_estado":[50],"class_list":{"0":"post-56459","1":"post","2":"type-post","3":"status-publish","4":"format-standard","5":"has-post-thumbnail","7":"category-procuradoria","8":"tax_estado-rn"},"acf":[],"yoast_head":"<!-- This site is optimized with the Yoast SEO Premium plugin v27.4 (Yoast SEO v27.4) - https:\/\/yoast.com\/product\/yoast-seo-premium-wordpress\/ -->\n<title>Prova Comentadas Direito do Trabalho PGE RN Procurador<\/title>\n<meta name=\"description\" content=\"Prova Comentadas Direito do Trabalho PGE RN Procurador: Confira aqui os coment\u00e1rios dos professores e tire suas d\u00favidas!\" \/>\n<meta name=\"robots\" content=\"index, follow, max-snippet:-1, max-image-preview:large, max-video-preview:-1\" \/>\n<link rel=\"canonical\" href=\"https:\/\/cj.estrategia.com\/portal\/prova-comentadas-direito-do-trabalho-pge-rn-procurador\/\" \/>\n<meta property=\"og:locale\" content=\"pt_BR\" \/>\n<meta property=\"og:type\" content=\"article\" \/>\n<meta property=\"og:title\" content=\"Prova Comentadas Direito do Trabalho PGE RN Procurador\" \/>\n<meta property=\"og:description\" content=\"Prova Comentadas Direito do Trabalho PGE RN Procurador: Confira aqui os coment\u00e1rios dos professores e tire suas d\u00favidas!\" \/>\n<meta property=\"og:url\" content=\"https:\/\/cj.estrategia.com\/portal\/prova-comentadas-direito-do-trabalho-pge-rn-procurador\/\" \/>\n<meta property=\"og:site_name\" content=\"Blog - Carreiras Jur\u00eddicas - Estrat\u00e9gia\" \/>\n<meta property=\"article:publisher\" content=\"https:\/\/www.facebook.com\/estrategiacarreirajuridica\/\" \/>\n<meta property=\"article:published_time\" content=\"2024-02-26T21:03:21+00:00\" \/>\n<meta property=\"article:modified_time\" content=\"2024-02-26T21:03:25+00:00\" \/>\n<meta property=\"og:image\" content=\"https:\/\/cj.estrategia.com\/portal\/wp-content\/uploads\/2022\/04\/04105849\/PGE-RN-PROCURADOR.jpg\" \/>\n\t<meta property=\"og:image:width\" content=\"768\" \/>\n\t<meta property=\"og:image:height\" content=\"432\" \/>\n\t<meta property=\"og:image:type\" content=\"image\/jpeg\" \/>\n<meta name=\"author\" content=\"Tauana Silva\" \/>\n<meta name=\"twitter:card\" content=\"summary_large_image\" \/>\n<meta name=\"twitter:creator\" content=\"@EstratJuridica\" \/>\n<meta name=\"twitter:site\" content=\"@EstratJuridica\" \/>\n<meta name=\"twitter:label1\" content=\"Escrito por\" \/>\n\t<meta name=\"twitter:data1\" content=\"Tauana Silva\" \/>\n\t<meta name=\"twitter:label2\" content=\"Est. tempo de leitura\" \/>\n\t<meta name=\"twitter:data2\" content=\"12 minutos\" \/>\n<script type=\"application\/ld+json\" class=\"yoast-schema-graph\">{\"@context\":\"https:\\\/\\\/schema.org\",\"@graph\":[{\"@type\":\"NewsArticle\",\"@id\":\"https:\\\/\\\/cj.estrategia.com\\\/portal\\\/prova-comentadas-direito-do-trabalho-pge-rn-procurador\\\/#article\",\"isPartOf\":{\"@id\":\"https:\\\/\\\/cj.estrategia.com\\\/portal\\\/prova-comentadas-direito-do-trabalho-pge-rn-procurador\\\/\"},\"author\":{\"name\":\"Tauana Silva\",\"@id\":\"https:\\\/\\\/cj.estrategia.com\\\/portal\\\/#\\\/schema\\\/person\\\/cb116423095e5a9f157a839dc8a808eb\"},\"headline\":\"Prova Comentadas Direito do Trabalho PGE RN Procurador\",\"datePublished\":\"2024-02-26T21:03:21+00:00\",\"dateModified\":\"2024-02-26T21:03:25+00:00\",\"mainEntityOfPage\":{\"@id\":\"https:\\\/\\\/cj.estrategia.com\\\/portal\\\/prova-comentadas-direito-do-trabalho-pge-rn-procurador\\\/\"},\"wordCount\":2255,\"commentCount\":0,\"publisher\":{\"@id\":\"https:\\\/\\\/cj.estrategia.com\\\/portal\\\/#organization\"},\"image\":{\"@id\":\"https:\\\/\\\/cj.estrategia.com\\\/portal\\\/prova-comentadas-direito-do-trabalho-pge-rn-procurador\\\/#primaryimage\"},\"thumbnailUrl\":\"https:\\\/\\\/cj.estrategia.com\\\/portal\\\/wp-content\\\/uploads\\\/2022\\\/04\\\/04105849\\\/PGE-RN-PROCURADOR.jpg\",\"articleSection\":[\"Procuradoria\"],\"inLanguage\":\"pt-BR\",\"potentialAction\":[{\"@type\":\"CommentAction\",\"name\":\"Comment\",\"target\":[\"https:\\\/\\\/cj.estrategia.com\\\/portal\\\/prova-comentadas-direito-do-trabalho-pge-rn-procurador\\\/#respond\"]}]},{\"@type\":\"WebPage\",\"@id\":\"https:\\\/\\\/cj.estrategia.com\\\/portal\\\/prova-comentadas-direito-do-trabalho-pge-rn-procurador\\\/\",\"url\":\"https:\\\/\\\/cj.estrategia.com\\\/portal\\\/prova-comentadas-direito-do-trabalho-pge-rn-procurador\\\/\",\"name\":\"Prova Comentadas Direito do Trabalho PGE RN Procurador\",\"isPartOf\":{\"@id\":\"https:\\\/\\\/cj.estrategia.com\\\/portal\\\/#website\"},\"primaryImageOfPage\":{\"@id\":\"https:\\\/\\\/cj.estrategia.com\\\/portal\\\/prova-comentadas-direito-do-trabalho-pge-rn-procurador\\\/#primaryimage\"},\"image\":{\"@id\":\"https:\\\/\\\/cj.estrategia.com\\\/portal\\\/prova-comentadas-direito-do-trabalho-pge-rn-procurador\\\/#primaryimage\"},\"thumbnailUrl\":\"https:\\\/\\\/cj.estrategia.com\\\/portal\\\/wp-content\\\/uploads\\\/2022\\\/04\\\/04105849\\\/PGE-RN-PROCURADOR.jpg\",\"datePublished\":\"2024-02-26T21:03:21+00:00\",\"dateModified\":\"2024-02-26T21:03:25+00:00\",\"description\":\"Prova Comentadas Direito do Trabalho PGE RN Procurador: Confira aqui os coment\u00e1rios dos professores e tire suas d\u00favidas!\",\"breadcrumb\":{\"@id\":\"https:\\\/\\\/cj.estrategia.com\\\/portal\\\/prova-comentadas-direito-do-trabalho-pge-rn-procurador\\\/#breadcrumb\"},\"inLanguage\":\"pt-BR\",\"potentialAction\":[{\"@type\":\"ReadAction\",\"target\":[\"https:\\\/\\\/cj.estrategia.com\\\/portal\\\/prova-comentadas-direito-do-trabalho-pge-rn-procurador\\\/\"]}]},{\"@type\":\"ImageObject\",\"inLanguage\":\"pt-BR\",\"@id\":\"https:\\\/\\\/cj.estrategia.com\\\/portal\\\/prova-comentadas-direito-do-trabalho-pge-rn-procurador\\\/#primaryimage\",\"url\":\"https:\\\/\\\/cj.estrategia.com\\\/portal\\\/wp-content\\\/uploads\\\/2022\\\/04\\\/04105849\\\/PGE-RN-PROCURADOR.jpg\",\"contentUrl\":\"https:\\\/\\\/cj.estrategia.com\\\/portal\\\/wp-content\\\/uploads\\\/2022\\\/04\\\/04105849\\\/PGE-RN-PROCURADOR.jpg\",\"width\":768,\"height\":432,\"caption\":\"Concurso PGE RN Procurador\"},{\"@type\":\"BreadcrumbList\",\"@id\":\"https:\\\/\\\/cj.estrategia.com\\\/portal\\\/prova-comentadas-direito-do-trabalho-pge-rn-procurador\\\/#breadcrumb\",\"itemListElement\":[{\"@type\":\"ListItem\",\"position\":1,\"name\":\"In\u00edcio\",\"item\":\"https:\\\/\\\/cj.estrategia.com\\\/portal\\\/\"},{\"@type\":\"ListItem\",\"position\":2,\"name\":\"Prova Comentadas Direito do Trabalho PGE RN Procurador\"}]},{\"@type\":\"WebSite\",\"@id\":\"https:\\\/\\\/cj.estrategia.com\\\/portal\\\/#website\",\"url\":\"https:\\\/\\\/cj.estrategia.com\\\/portal\\\/\",\"name\":\"Blog - Carreiras Jur\u00eddicas - Estrat\u00e9gia\",\"description\":\"\",\"publisher\":{\"@id\":\"https:\\\/\\\/cj.estrategia.com\\\/portal\\\/#organization\"},\"potentialAction\":[{\"@type\":\"SearchAction\",\"target\":{\"@type\":\"EntryPoint\",\"urlTemplate\":\"https:\\\/\\\/cj.estrategia.com\\\/portal\\\/?s={search_term_string}\"},\"query-input\":{\"@type\":\"PropertyValueSpecification\",\"valueRequired\":true,\"valueName\":\"search_term_string\"}}],\"inLanguage\":\"pt-BR\"},{\"@type\":\"Organization\",\"@id\":\"https:\\\/\\\/cj.estrategia.com\\\/portal\\\/#organization\",\"name\":\"Estrat\u00e9gia - Carreiras Jur\u00eddicas\",\"url\":\"https:\\\/\\\/cj.estrategia.com\\\/portal\\\/\",\"logo\":{\"@type\":\"ImageObject\",\"inLanguage\":\"pt-BR\",\"@id\":\"https:\\\/\\\/cj.estrategia.com\\\/portal\\\/#\\\/schema\\\/logo\\\/image\\\/\",\"url\":\"https:\\\/\\\/cj.estrategia.com\\\/portal\\\/wp-content\\\/uploads\\\/2022\\\/03\\\/11151052\\\/cj-logo.png\",\"contentUrl\":\"https:\\\/\\\/cj.estrategia.com\\\/portal\\\/wp-content\\\/uploads\\\/2022\\\/03\\\/11151052\\\/cj-logo.png\",\"width\":150,\"height\":39,\"caption\":\"Estrat\u00e9gia - Carreiras Jur\u00eddicas\"},\"image\":{\"@id\":\"https:\\\/\\\/cj.estrategia.com\\\/portal\\\/#\\\/schema\\\/logo\\\/image\\\/\"},\"sameAs\":[\"https:\\\/\\\/www.facebook.com\\\/estrategiacarreirajuridica\\\/\",\"https:\\\/\\\/x.com\\\/EstratJuridica\",\"https:\\\/\\\/www.instagram.com\\\/estrategiacarreirajuridica\\\/\",\"https:\\\/\\\/www.youtube.com\\\/channel\\\/UClbMGuYbj2Mh1m3w144ETWQ\"]},{\"@type\":\"Person\",\"@id\":\"https:\\\/\\\/cj.estrategia.com\\\/portal\\\/#\\\/schema\\\/person\\\/cb116423095e5a9f157a839dc8a808eb\",\"name\":\"Tauana Silva\",\"image\":{\"@type\":\"ImageObject\",\"inLanguage\":\"pt-BR\",\"@id\":\"https:\\\/\\\/cj.estrategia.com\\\/portal\\\/wp-content\\\/uploads\\\/2024\\\/04\\\/05223156\\\/WhatsApp-Image-2024-12-05-at-22.30.41-96x96.jpeg\",\"url\":\"https:\\\/\\\/cj.estrategia.com\\\/portal\\\/wp-content\\\/uploads\\\/2024\\\/04\\\/05223156\\\/WhatsApp-Image-2024-12-05-at-22.30.41-96x96.jpeg\",\"contentUrl\":\"https:\\\/\\\/cj.estrategia.com\\\/portal\\\/wp-content\\\/uploads\\\/2024\\\/04\\\/05223156\\\/WhatsApp-Image-2024-12-05-at-22.30.41-96x96.jpeg\",\"caption\":\"Tauana Silva\"},\"description\":\"Jornalista com expertise em gest\u00e3o e marketing, acumulando mais de uma d\u00e9cada de experi\u00eancia, com foco especializado nos \u00faltimos cinco anos no setor de concursos p\u00fablicos. Habilidades s\u00f3lidas como social media, em reda\u00e7\u00e3o jornal\u00edstica, pr\u00e1ticas de SEO e copywriting.\",\"url\":\"https:\\\/\\\/cj.estrategia.com\\\/portal\\\/author\\\/tauanasilva\\\/\"}]}<\/script>\n<!-- \/ Yoast SEO Premium plugin. -->","yoast_head_json":{"title":"Prova Comentadas Direito do Trabalho PGE RN Procurador","description":"Prova Comentadas Direito do Trabalho PGE RN Procurador: Confira aqui os coment\u00e1rios dos professores e tire suas d\u00favidas!","robots":{"index":"index","follow":"follow","max-snippet":"max-snippet:-1","max-image-preview":"max-image-preview:large","max-video-preview":"max-video-preview:-1"},"canonical":"https:\/\/cj.estrategia.com\/portal\/prova-comentadas-direito-do-trabalho-pge-rn-procurador\/","og_locale":"pt_BR","og_type":"article","og_title":"Prova Comentadas Direito do Trabalho PGE RN Procurador","og_description":"Prova Comentadas Direito do Trabalho PGE RN Procurador: Confira aqui os coment\u00e1rios dos professores e tire suas d\u00favidas!","og_url":"https:\/\/cj.estrategia.com\/portal\/prova-comentadas-direito-do-trabalho-pge-rn-procurador\/","og_site_name":"Blog - Carreiras Jur\u00eddicas - Estrat\u00e9gia","article_publisher":"https:\/\/www.facebook.com\/estrategiacarreirajuridica\/","article_published_time":"2024-02-26T21:03:21+00:00","article_modified_time":"2024-02-26T21:03:25+00:00","og_image":[{"width":768,"height":432,"url":"https:\/\/cj.estrategia.com\/portal\/wp-content\/uploads\/2022\/04\/04105849\/PGE-RN-PROCURADOR.jpg","type":"image\/jpeg"}],"author":"Tauana Silva","twitter_card":"summary_large_image","twitter_creator":"@EstratJuridica","twitter_site":"@EstratJuridica","twitter_misc":{"Escrito por":"Tauana Silva","Est. tempo de leitura":"12 minutos"},"schema":{"@context":"https:\/\/schema.org","@graph":[{"@type":"NewsArticle","@id":"https:\/\/cj.estrategia.com\/portal\/prova-comentadas-direito-do-trabalho-pge-rn-procurador\/#article","isPartOf":{"@id":"https:\/\/cj.estrategia.com\/portal\/prova-comentadas-direito-do-trabalho-pge-rn-procurador\/"},"author":{"name":"Tauana Silva","@id":"https:\/\/cj.estrategia.com\/portal\/#\/schema\/person\/cb116423095e5a9f157a839dc8a808eb"},"headline":"Prova Comentadas Direito do Trabalho PGE RN Procurador","datePublished":"2024-02-26T21:03:21+00:00","dateModified":"2024-02-26T21:03:25+00:00","mainEntityOfPage":{"@id":"https:\/\/cj.estrategia.com\/portal\/prova-comentadas-direito-do-trabalho-pge-rn-procurador\/"},"wordCount":2255,"commentCount":0,"publisher":{"@id":"https:\/\/cj.estrategia.com\/portal\/#organization"},"image":{"@id":"https:\/\/cj.estrategia.com\/portal\/prova-comentadas-direito-do-trabalho-pge-rn-procurador\/#primaryimage"},"thumbnailUrl":"https:\/\/cj.estrategia.com\/portal\/wp-content\/uploads\/2022\/04\/04105849\/PGE-RN-PROCURADOR.jpg","articleSection":["Procuradoria"],"inLanguage":"pt-BR","potentialAction":[{"@type":"CommentAction","name":"Comment","target":["https:\/\/cj.estrategia.com\/portal\/prova-comentadas-direito-do-trabalho-pge-rn-procurador\/#respond"]}]},{"@type":"WebPage","@id":"https:\/\/cj.estrategia.com\/portal\/prova-comentadas-direito-do-trabalho-pge-rn-procurador\/","url":"https:\/\/cj.estrategia.com\/portal\/prova-comentadas-direito-do-trabalho-pge-rn-procurador\/","name":"Prova Comentadas Direito do Trabalho PGE RN Procurador","isPartOf":{"@id":"https:\/\/cj.estrategia.com\/portal\/#website"},"primaryImageOfPage":{"@id":"https:\/\/cj.estrategia.com\/portal\/prova-comentadas-direito-do-trabalho-pge-rn-procurador\/#primaryimage"},"image":{"@id":"https:\/\/cj.estrategia.com\/portal\/prova-comentadas-direito-do-trabalho-pge-rn-procurador\/#primaryimage"},"thumbnailUrl":"https:\/\/cj.estrategia.com\/portal\/wp-content\/uploads\/2022\/04\/04105849\/PGE-RN-PROCURADOR.jpg","datePublished":"2024-02-26T21:03:21+00:00","dateModified":"2024-02-26T21:03:25+00:00","description":"Prova Comentadas Direito do Trabalho PGE RN Procurador: Confira aqui os coment\u00e1rios dos professores e tire suas d\u00favidas!","breadcrumb":{"@id":"https:\/\/cj.estrategia.com\/portal\/prova-comentadas-direito-do-trabalho-pge-rn-procurador\/#breadcrumb"},"inLanguage":"pt-BR","potentialAction":[{"@type":"ReadAction","target":["https:\/\/cj.estrategia.com\/portal\/prova-comentadas-direito-do-trabalho-pge-rn-procurador\/"]}]},{"@type":"ImageObject","inLanguage":"pt-BR","@id":"https:\/\/cj.estrategia.com\/portal\/prova-comentadas-direito-do-trabalho-pge-rn-procurador\/#primaryimage","url":"https:\/\/cj.estrategia.com\/portal\/wp-content\/uploads\/2022\/04\/04105849\/PGE-RN-PROCURADOR.jpg","contentUrl":"https:\/\/cj.estrategia.com\/portal\/wp-content\/uploads\/2022\/04\/04105849\/PGE-RN-PROCURADOR.jpg","width":768,"height":432,"caption":"Concurso PGE RN Procurador"},{"@type":"BreadcrumbList","@id":"https:\/\/cj.estrategia.com\/portal\/prova-comentadas-direito-do-trabalho-pge-rn-procurador\/#breadcrumb","itemListElement":[{"@type":"ListItem","position":1,"name":"In\u00edcio","item":"https:\/\/cj.estrategia.com\/portal\/"},{"@type":"ListItem","position":2,"name":"Prova Comentadas Direito do Trabalho PGE RN Procurador"}]},{"@type":"WebSite","@id":"https:\/\/cj.estrategia.com\/portal\/#website","url":"https:\/\/cj.estrategia.com\/portal\/","name":"Blog - Carreiras Jur\u00eddicas - Estrat\u00e9gia","description":"","publisher":{"@id":"https:\/\/cj.estrategia.com\/portal\/#organization"},"potentialAction":[{"@type":"SearchAction","target":{"@type":"EntryPoint","urlTemplate":"https:\/\/cj.estrategia.com\/portal\/?s={search_term_string}"},"query-input":{"@type":"PropertyValueSpecification","valueRequired":true,"valueName":"search_term_string"}}],"inLanguage":"pt-BR"},{"@type":"Organization","@id":"https:\/\/cj.estrategia.com\/portal\/#organization","name":"Estrat\u00e9gia - Carreiras Jur\u00eddicas","url":"https:\/\/cj.estrategia.com\/portal\/","logo":{"@type":"ImageObject","inLanguage":"pt-BR","@id":"https:\/\/cj.estrategia.com\/portal\/#\/schema\/logo\/image\/","url":"https:\/\/cj.estrategia.com\/portal\/wp-content\/uploads\/2022\/03\/11151052\/cj-logo.png","contentUrl":"https:\/\/cj.estrategia.com\/portal\/wp-content\/uploads\/2022\/03\/11151052\/cj-logo.png","width":150,"height":39,"caption":"Estrat\u00e9gia - Carreiras Jur\u00eddicas"},"image":{"@id":"https:\/\/cj.estrategia.com\/portal\/#\/schema\/logo\/image\/"},"sameAs":["https:\/\/www.facebook.com\/estrategiacarreirajuridica\/","https:\/\/x.com\/EstratJuridica","https:\/\/www.instagram.com\/estrategiacarreirajuridica\/","https:\/\/www.youtube.com\/channel\/UClbMGuYbj2Mh1m3w144ETWQ"]},{"@type":"Person","@id":"https:\/\/cj.estrategia.com\/portal\/#\/schema\/person\/cb116423095e5a9f157a839dc8a808eb","name":"Tauana Silva","image":{"@type":"ImageObject","inLanguage":"pt-BR","@id":"https:\/\/cj.estrategia.com\/portal\/wp-content\/uploads\/2024\/04\/05223156\/WhatsApp-Image-2024-12-05-at-22.30.41-96x96.jpeg","url":"https:\/\/cj.estrategia.com\/portal\/wp-content\/uploads\/2024\/04\/05223156\/WhatsApp-Image-2024-12-05-at-22.30.41-96x96.jpeg","contentUrl":"https:\/\/cj.estrategia.com\/portal\/wp-content\/uploads\/2024\/04\/05223156\/WhatsApp-Image-2024-12-05-at-22.30.41-96x96.jpeg","caption":"Tauana Silva"},"description":"Jornalista com expertise em gest\u00e3o e marketing, acumulando mais de uma d\u00e9cada de experi\u00eancia, com foco especializado nos \u00faltimos cinco anos no setor de concursos p\u00fablicos. Habilidades s\u00f3lidas como social media, em reda\u00e7\u00e3o jornal\u00edstica, pr\u00e1ticas de SEO e copywriting.","url":"https:\/\/cj.estrategia.com\/portal\/author\/tauanasilva\/"}]}},"jetpack_featured_media_url":"https:\/\/cj.estrategia.com\/portal\/wp-content\/uploads\/2022\/04\/04105849\/PGE-RN-PROCURADOR.jpg","jetpack_sharing_enabled":true,"_links":{"self":[{"href":"https:\/\/cj.estrategia.com\/portal\/wp-json\/wp\/v2\/posts\/56459","targetHints":{"allow":["GET"]}}],"collection":[{"href":"https:\/\/cj.estrategia.com\/portal\/wp-json\/wp\/v2\/posts"}],"about":[{"href":"https:\/\/cj.estrategia.com\/portal\/wp-json\/wp\/v2\/types\/post"}],"author":[{"embeddable":true,"href":"https:\/\/cj.estrategia.com\/portal\/wp-json\/wp\/v2\/users\/135"}],"replies":[{"embeddable":true,"href":"https:\/\/cj.estrategia.com\/portal\/wp-json\/wp\/v2\/comments?post=56459"}],"version-history":[{"count":1,"href":"https:\/\/cj.estrategia.com\/portal\/wp-json\/wp\/v2\/posts\/56459\/revisions"}],"predecessor-version":[{"id":56482,"href":"https:\/\/cj.estrategia.com\/portal\/wp-json\/wp\/v2\/posts\/56459\/revisions\/56482"}],"wp:featuredmedia":[{"embeddable":true,"href":"https:\/\/cj.estrategia.com\/portal\/wp-json\/wp\/v2\/media\/20831"}],"wp:attachment":[{"href":"https:\/\/cj.estrategia.com\/portal\/wp-json\/wp\/v2\/media?parent=56459"}],"wp:term":[{"taxonomy":"category","embeddable":true,"href":"https:\/\/cj.estrategia.com\/portal\/wp-json\/wp\/v2\/categories?post=56459"},{"taxonomy":"post_tag","embeddable":true,"href":"https:\/\/cj.estrategia.com\/portal\/wp-json\/wp\/v2\/tags?post=56459"},{"taxonomy":"tax_estado","embeddable":true,"href":"https:\/\/cj.estrategia.com\/portal\/wp-json\/wp\/v2\/tax_estado?post=56459"}],"curies":[{"name":"wp","href":"https:\/\/api.w.org\/{rel}","templated":true}]}}