{"id":56426,"date":"2024-02-26T16:57:38","date_gmt":"2024-02-26T19:57:38","guid":{"rendered":"https:\/\/cj.estrategia.com\/portal\/?p=56426"},"modified":"2024-02-26T16:57:42","modified_gmt":"2024-02-26T19:57:42","slug":"prova-comentada-legislacao-penal-especial-magistratura-sc","status":"publish","type":"post","link":"https:\/\/cj.estrategia.com\/portal\/prova-comentada-legislacao-penal-especial-magistratura-sc\/","title":{"rendered":"Prova Comentada Legisla\u00e7\u00e3o Penal Especial Magistratura SC"},"content":{"rendered":"<a id=\"cta-icon\" href=\"https:\/\/sndflw.com\/i\/magistratura-federal-grupo\" target=\"blank\" style=\"background:rgb(41,166,26)\">\n            <img decoding=\"async\" src=\"https:\/\/cj.estrategia.com\/portal\/wp-content\/uploads\/2023\/12\/07160657\/whatsapp_1385.webp\" alt=\"\" alt=\"whatsapp_1385\"><span > Acesse agora o Grupo de Estudos para Magistratura Federal <\/span><\/a>\n\n\n\n<p>Ol\u00e1, pessoal, tudo certo?!<\/p>\n\n\n\n<p>Em 25\/02\/2024, foi aplicada a prova objetiva do concurso p\u00fablico para <strong>Juiz Substituto do TJ-SC<\/strong>. Assim que encerrada, nosso time de professores elaborou o gabarito extraoficial, que, agora, ser\u00e1 apresentado juntamente com a nossa <strong>PROVA COMENTADA<\/strong>.<\/p>\n\n\n\n<p>Este material visa a auxili\u00e1-los na aferi\u00e7\u00e3o das notas, elabora\u00e7\u00e3o de eventuais recursos, verifica\u00e7\u00e3o das chances de avan\u00e7o para fase discursiva, bem como na revis\u00e3o do conte\u00fado cobrado no certame.<\/p>\n\n\n\n<p>Desde j\u00e1, destacamos que nosso time de professores identificou 4 quest\u00f5es pass\u00edveis de recurso, por apresentarem duas ou nenhuma alternativa correta, como veremos adiante. No tipo de prova comentado, trata-se das quest\u00f5es 6, 12, 80 e 93.<\/p>\n\n\n\n<p>De modo complementar, elaboramos tamb\u00e9m o <a href=\"https:\/\/cj.estrategia.com\/cadernos-e-simulados\/simulados\/a14e023c-d9e8-45d7-88b1-8b839f121323\"><strong>RANKING de Juiz Substituto do TJ-SC<\/strong>,<\/a> em que nossos alunos e seguidores poder\u00e3o inserir suas respostas \u00e0 prova, e, ao final, aferir sua nota, de acordo com o gabarito elaborado por nossos professores. Atrav\u00e9s do ranking, tamb\u00e9m poderemos estimar a nota de corte da 1\u00ba fase. Essa ferramenta \u00e9 gratuita e, para participar, basta clicar no link abaixo:<\/p>\n\n\n\n<p>Al\u00e9m disso, montamos um caderno para nossos seguidores, alunos ou n\u00e3o, verem os coment\u00e1rios e comentar as quest\u00f5es da prova: Confira <a href=\"https:\/\/cj.estrategia.com\/cadernos-e-simulados\/cadernos\/0e5c1071-267f-42de-a4d7-c70d5bc2ffe1\">AQUI!<\/a><\/p>\n\n\n\n<p>Por fim, comentamos a prova, as quest\u00f5es mais pol\u00eamicas, as possibilidades de recurso, bem como a estimativa da nota de corte, no <strong>Term\u00f4metro<\/strong> p\u00f3s-prova, no nosso canal do Youtube. Inscreva-se e ative as notifica\u00e7\u00f5es! <a href=\"https:\/\/www.youtube.com\/@EstrategiaCarreiraJuridica\"><strong>Estrat\u00e9gia Carreira Jur\u00eddica &#8211; YouTube<\/strong><\/a><\/p>\n\n\n\n<h3 class=\"wp-block-heading has-vivid-red-color has-text-color has-link-color wp-elements-0fde558e2c8b013ad5f3f43209099103\" id=\"h-prova-comentada-legislacao-penal-especial\"><span id=\"prova-comentada-legislacao-penal-especial\">Prova Comentada Legisla\u00e7\u00e3o Penal Especial<\/span><\/h3>\n\n\n\n<p><strong>QUEST\u00c3O 43. Ernesto, soldado da Pol\u00edcia Militar, escalado para servi\u00e7o de guarda no seu batalh\u00e3o, durante o hor\u00e1rio de descanso, subtraiu a chave de uma viatura militar e com ela saiu da referida unidade, sem autoriza\u00e7\u00e3o ou justificativa, para visitar parentes que se encontravam em localidade vizinha, tendo retornado horas depois para se apresentar e devolver a viatura militar nas mesmas condi\u00e7\u00f5es. Nos termos do disposto no C\u00f3digo Penal Militar, tal conduta configura crimes de:<\/strong><\/p>\n\n\n\n<p><strong>a) desobedi\u00eancia e furto de uso;<\/strong><\/p>\n\n\n\n<p><strong>b) deser\u00e7\u00e3o instant\u00e2nea e furto de uso;<\/strong><\/p>\n\n\n\n<p><strong>c) abandono de posto ou lugar de servi\u00e7o e furto;<\/strong><\/p>\n\n\n\n<p><strong>d) abandono de posto ou lugar de servi\u00e7o e furto de uso;<\/strong><\/p>\n\n\n\n<p><strong>e) abandono do posto ou lugar de servi\u00e7o e peculato furto.<\/strong><\/p>\n\n\n\n<p><strong>Coment\u00e1rios<\/strong><\/p>\n\n\n\n<p>A alternativa correta \u00e9 a<strong> letra D.<\/strong><\/p>\n\n\n\n<p>A quest\u00e3o versa sobre crime praticado por militar no exerc\u00edcio da fun\u00e7\u00e3o regido pelo C\u00f3digo Penal Militar. Os crimes perpetrados foram o crime de abandono de posto e furto de uso.<\/p>\n\n\n\n<p>Abandono de p\u00f4sto<\/p>\n\n\n\n<p>Art. 195. Abandonar, sem ordem superior, o p\u00f4sto ou lugar de servi\u00e7o que lhe tenha sido designado, ou o servi\u00e7o que lhe cumpria, antes de termin\u00e1-lo:<\/p>\n\n\n\n<p>Pena &#8211; deten\u00e7\u00e3o, de tr\u00eas meses a um ano.<\/p>\n\n\n\n<p>Furto de uso<\/p>\n\n\n\n<p>Art. 241. Se a coisa \u00e9 subtra\u00edda para o fim de uso moment\u00e2neo e, a seguir, vem a ser imediatamente restitu\u00edda ou reposta no lugar onde se achava:<\/p>\n\n\n\n<p>Pena &#8211; deten\u00e7\u00e3o, at\u00e9 seis meses.<\/p>\n\n\n\n<p>Par\u00e1grafo \u00fanico. A pena \u00e9 aumentada de metade se a coisa usada \u00e9 ve\u00edculo motorizado, embarca\u00e7\u00e3o, aeronave ou arma, e de 1\/3 (um ter\u00e7o) se \u00e9 animal de sela ou de tiro. (Reda\u00e7\u00e3o dada pela Lei n\u00ba 14.688, de 2023).Nesse sentido, as alternativas A, B, C e E est\u00e3o incorretas<strong>.<\/strong><\/p>\n\n\n\n<p><strong>QUEST\u00c3O 45. Quando o C\u00f3digo Penal Militar (CPM) usa a express\u00e3o &#8220;o juiz pode considerar a infra\u00e7\u00e3o como disciplinar&#8221;, em determinadas san\u00e7\u00f5es de crimes, como nos Arts. 209, \u00a7 6<\/strong><strong><sup>o<\/sup><\/strong><strong>, 240, \u00a7 1<\/strong><strong><sup>o<\/sup><\/strong><strong>, e 260, o que se configura \u00e9:<\/strong><\/p>\n\n\n\n<p><strong>a) cl\u00e1usula supralegal excludente da tipicidade, fundada no princ\u00edpio da insignific\u00e2ncia, expressamente prevista no CPM, implicando a absolvi\u00e7\u00e3o do r\u00e9u e envio da senten\u00e7a para apura\u00e7\u00e3o da infra\u00e7\u00e3o disciplinar pela Administra\u00e7\u00e3o Militar;<\/strong><\/p>\n\n\n\n<p><strong>b) cl\u00e1usula de diminui\u00e7\u00e3o de pena, autorizando o juiz-auditor da Justi\u00e7a Militar a aplicar uma san\u00e7\u00e3o disciplinar nos autos da a\u00e7\u00e3o penal;<\/strong><\/p>\n\n\n\n<p><strong>c) previs\u00e3o legal de cl\u00e1usula excludente de culpabilidade supralegal definida como inexigibilidade de conduta diversa;<\/strong><\/p>\n\n\n\n<p><strong>d) cl\u00e1usula legal de diminui\u00e7\u00e3o de pena, mantendo-se a condena\u00e7\u00e3o com mitiga\u00e7\u00e3o do quantum da pena prevista para o delito;<\/strong><\/p>\n\n\n\n<p><strong>e) cl\u00e1usula de perd\u00e3o judicial especial n\u00e3o previsto no CPM.<\/strong><\/p>\n\n\n\n<p><strong>Coment\u00e1rios<\/strong><\/p>\n\n\n\n<p>A alternativa correta \u00e9 a <strong>letra A.<\/strong><\/p>\n\n\n\n<p>A quest\u00e3o versa sobre a exclus\u00e3o de tipicidade no \u00e2mbito dos crimes militares.<\/p>\n\n\n\n<p>A express\u00e3o usada caracteriza cl\u00e1usula supralegal de excludente da tipicidade, fundada no princ\u00edpio da insignific\u00e2ncia. No caso, exclui-se a tipicidade material do crime.<\/p>\n\n\n\n<p>Nesse sentido, as alternativas B, C, D e E est\u00e3o incorretas.<\/p>\n\n\n\n<p><strong>QUEST\u00c3O 52. Ronaldo, Roberto, Renato e Rog\u00e9rio s\u00e3o investigados em inqu\u00e9rito policial em raz\u00e3o dos crimes de constituir organiza\u00e7\u00e3o criminosa para a pr\u00e1tica de delitos de extors\u00e3o, de roubo e de estelionato. Ronaldo, l\u00edder da organiza\u00e7\u00e3o, resolve colaborar e inicia tratativas com o Minist\u00e9rio P\u00fablico.<\/strong><\/p>\n\n\n\n<p><strong>Diante desse cen\u00e1rio, e considerando as normas que regem o acordo de colabora\u00e7\u00e3o premiada, \u00e9 correto afirmar que:<\/strong><\/p>\n\n\n\n<p><strong>a) o juiz poder\u00e1 reduzir at\u00e9 a metade a pena de Ronaldo, ou admitir a progress\u00e3o de regime ainda que ausentes os requisitos objetivos, se a colabora\u00e7\u00e3o for posterior \u00e0 senten\u00e7a;<\/strong><\/p>\n\n\n\n<p><strong>b) o Minist\u00e9rio P\u00fablico poder\u00e1 ter o prazo para oferecimento de den\u00fancia suspenso por at\u00e9 oito meses, prorrog\u00e1veis por igual per\u00edodo, interrompendo-se o prazo prescricional;<\/strong><\/p>\n\n\n\n<p><strong>c) o juiz, ao analisar o acordo de colabora\u00e7\u00e3o, poder\u00e1 admitir cl\u00e1usula que preveja a ren\u00fancia ao direito de impugnar a decis\u00e3o homologat\u00f3ria;<\/strong><\/p>\n\n\n\n<p><strong>d) o Minist\u00e9rio P\u00fablico poder\u00e1 deixar de oferecer den\u00fancia contra Ronaldo, se a proposta de acordo referir-se \u00e0 infra\u00e7\u00e3o de cuja exist\u00eancia n\u00e3o tenha pr\u00e9vio conhecimento;<\/strong><\/p>\n\n\n\n<p><strong>e) o juiz poder\u00e1 participar das negocia\u00e7\u00f5es realizadas entre as partes para a formaliza\u00e7\u00e3o do acordo de colabora\u00e7\u00e3o, se o pr\u00eamio envolver o perd\u00e3o judicial.<\/strong><\/p>\n\n\n\n<p><strong>Coment\u00e1rios<\/strong><\/p>\n\n\n\n<p>A alternativa correta \u00e9 a <strong>letra A<\/strong>.<\/p>\n\n\n\n<p>A quest\u00e3o versa sobre colabora\u00e7\u00e3o premiada prevista na lei de organiza\u00e7\u00e3o criminosa. O acordo de colabora\u00e7\u00e3o premiada \u00e9 neg\u00f3cio jur\u00eddico processual e meio de obten\u00e7\u00e3o de prova, que pressup\u00f5e utilidade e interesse p\u00fablicos.<\/p>\n\n\n\n<p>A alternativa A encontra-se correta, \u00e9 exatamente o disposto na lei.<\/p>\n\n\n\n<p>Art. 4\u00ba O juiz poder\u00e1, a requerimento das partes, conceder o perd\u00e3o judicial, reduzir em at\u00e9 2\/3 (dois ter\u00e7os) a pena privativa de liberdade ou substitu\u00ed-la por restritiva de direitos daquele que tenha colaborado efetiva e voluntariamente com a investiga\u00e7\u00e3o e com o processo criminal, desde que dessa colabora\u00e7\u00e3o advenha um ou mais dos seguintes resultados:<\/p>\n\n\n\n<p>I &#8211; a identifica\u00e7\u00e3o dos demais coautores e part\u00edcipes da organiza\u00e7\u00e3o criminosa e das infra\u00e7\u00f5es penais por eles praticadas;<\/p>\n\n\n\n<p>II &#8211; a revela\u00e7\u00e3o da estrutura hier\u00e1rquica e da divis\u00e3o de tarefas da organiza\u00e7\u00e3o criminosa;<\/p>\n\n\n\n<p>III &#8211; a preven\u00e7\u00e3o de infra\u00e7\u00f5es penais decorrentes das atividades da organiza\u00e7\u00e3o criminosa;<\/p>\n\n\n\n<p>IV &#8211; a recupera\u00e7\u00e3o total ou parcial do produto ou do proveito das infra\u00e7\u00f5es penais praticadas pela organiza\u00e7\u00e3o criminosa;<\/p>\n\n\n\n<p>V &#8211; a localiza\u00e7\u00e3o de eventual v\u00edtima com a sua integridade f\u00edsica preservada.<\/p>\n\n\n\n<p>A alternativa B est\u00e1 incorreta, pois a suspens\u00e3o do prazo para oferecer den\u00fancia \u00e9 de 6 meses.<\/p>\n\n\n\n<p>Art. 4\u00ba (&#8230;)<\/p>\n\n\n\n<p>\u00a7 3\u00ba O prazo para oferecimento de den\u00fancia ou o processo, relativos ao colaborador, poder\u00e1 ser suspenso por at\u00e9 6 (seis) meses, prorrog\u00e1veis por igual per\u00edodo, at\u00e9 que sejam cumpridas as medidas de colabora\u00e7\u00e3o, suspendendo-se o respectivo prazo prescricional.<\/p>\n\n\n\n<p>A alternativa C est\u00e1 incorreta, pois de acordo com o art. 4<sup>o<\/sup>, \u00a7 7\u00ba-B, da Lei de Organiza\u00e7\u00e3o Criminosa: \u201cS\u00e3o nulas de pleno direito as previs\u00f5es de ren\u00fancia ao direito de impugnar a decis\u00e3o homologat\u00f3ria\u201d.<\/p>\n\n\n\n<p>A alternativa D est\u00e1 incorreta, pois o Minist\u00e9rio P\u00fablico n\u00e3o pode deixar de oferecer a den\u00fancia quando o colaborador for o l\u00edder da organiza\u00e7\u00e3o criminosa.<\/p>\n\n\n\n<p>Art. 4<sup>o<\/sup> (&#8230;)<\/p>\n\n\n\n<p>\u00a7 4\u00ba Nas mesmas hip\u00f3teses do caput deste artigo, o Minist\u00e9rio P\u00fablico poder\u00e1 deixar de oferecer den\u00fancia se a proposta de acordo de colabora\u00e7\u00e3o referir-se a infra\u00e7\u00e3o de cuja exist\u00eancia n\u00e3o tenha pr\u00e9vio conhecimento e o colaborador: (Reda\u00e7\u00e3o dada pela Lei n\u00ba 13.964, de 2019)<\/p>\n\n\n\n<p>I &#8211; n\u00e3o for o l\u00edder da organiza\u00e7\u00e3o criminosa;<\/p>\n\n\n\n<p>II &#8211; for o primeiro a prestar efetiva colabora\u00e7\u00e3o nos termos deste artigo.<\/p>\n\n\n\n<p>A alternativa E est\u00e1 incorreta, pois \u00e9 vedado ao juiz participar das negocia\u00e7\u00f5es realizadas entre as partes para a formaliza\u00e7\u00e3o do acordo de colabora\u00e7\u00e3o, em qualquer caso.<\/p>\n\n\n\n<p>Art. 4<sup>o<\/sup> (&#8230;)<\/p>\n\n\n\n<p>\u00a7 6\u00ba O juiz n\u00e3o participar\u00e1 das negocia\u00e7\u00f5es realizadas entre as partes para a formaliza\u00e7\u00e3o do acordo de colabora\u00e7\u00e3o, que ocorrer\u00e1 entre o delegado de pol\u00edcia, o investigado e o defensor, com a manifesta\u00e7\u00e3o do Minist\u00e9rio P\u00fablico, ou, conforme o caso, entre o Minist\u00e9rio P\u00fablico e o investigado ou acusado e seu defensor.<\/p>\n\n\n\n<p>Nesse sentido, as alternativas B, C, D, E est\u00e3o incorretas.<\/p>\n\n\n\n<p><strong>QUEST\u00c3O 55. Cristiana foi agredida por seu marido \u00c1tila, que tamb\u00e9m a amea\u00e7ou, prevalecendo-se este das rela\u00e7\u00f5es dom\u00e9sticas e de coabita\u00e7\u00e3o, tendo causado na ofendida les\u00f5es corporais de natureza leve. Em raz\u00e3o disso, foi instaurado inqu\u00e9rito policial, que constatou as agress\u00f5es e a amea\u00e7a.<\/strong><\/p>\n\n\n\n<p><strong>Levando-se em conta esse panorama, \u00e9 correto afirmar que:<\/strong><\/p>\n\n\n\n<p><strong>a) o juiz poder\u00e1 propor a \u00c1tila transa\u00e7\u00e3o penal, se o Minist\u00e9rio P\u00fablico n\u00e3o o fizer de maneira fundamentada;<\/strong><\/p>\n\n\n\n<p><strong>b) o Minist\u00e9rio P\u00fablico poder\u00e1 decretar medida protetiva de urg\u00eancia, comunicando de imediato ao juiz;&nbsp;<\/strong><\/p>\n\n\n\n<p><strong>c) o juiz poder\u00e1 decretar a pris\u00e3o tempor\u00e1ria de \u00c1tila a requerimento da defesa t\u00e9cnica de Cristiana;<\/strong><\/p>\n\n\n\n<p><strong>d) o Minist\u00e9rio P\u00fablico poder\u00e1 propor a \u00c1tila acordo de n\u00e3o persecu\u00e7\u00e3o penal, se este n\u00e3o for reincidente espec\u00edfico;<\/strong><\/p>\n\n\n\n<p><strong>e) o juiz poder\u00e1 conceder medida protetiva de urg\u00eancia, a requerimento de Cristiana, independentemente de manifesta\u00e7\u00e3o do Minist\u00e9rio P\u00fablico.<\/strong><\/p>\n\n\n\n<p><strong>Coment\u00e1rios<\/strong><\/p>\n\n\n\n<p>A alternativa correta \u00e9 a<strong> letra E.<\/strong><\/p>\n\n\n\n<p>A quest\u00e3o versa sobre a Lei Maria da Penha (Lei n.<sup>o<\/sup> 11.340\/06).<\/p>\n\n\n\n<p>A alternativa A est\u00e1 incorreta, pois de acordo com a S\u00famula 536 do STJ: \u201cA suspens\u00e3o condicional do processo e a transa\u00e7\u00e3o penal n\u00e3o se aplicam na hip\u00f3tese de delitos sujeitos ao rito da Lei Maria da Penha\u201d.<\/p>\n\n\n\n<p>A alternativa B est\u00e1 incorreta, pois quem concede medida protetiva de urg\u00eancia \u00e9 o juiz mediante requerimento do Minist\u00e9rio P\u00fablico ou da pr\u00f3pria ofendida.<\/p>\n\n\n\n<p>Art. 19. As medidas protetivas de urg\u00eancia poder\u00e3o ser concedidas pelo juiz, a requerimento do Minist\u00e9rio P\u00fablico ou a pedido da ofendida.<\/p>\n\n\n\n<p>A alternativa C est\u00e1 incorreta, pois caber\u00e1 pris\u00e3o preventiva.<\/p>\n\n\n\n<p>Art. 20. Em qualquer fase do inqu\u00e9rito policial ou da instru\u00e7\u00e3o criminal, caber\u00e1 a pris\u00e3o preventiva do agressor, decretada pelo juiz, de of\u00edcio, a requerimento do Minist\u00e9rio P\u00fablico ou mediante representa\u00e7\u00e3o da autoridade policial.<\/p>\n\n\n\n<p>A alternativa D est\u00e1 incorreta, pois n\u00e3o \u00e9 cab\u00edvel acordo de n\u00e3o persecu\u00e7\u00e3o penal nessa hip\u00f3tese.<\/p>\n\n\n\n<p>Art. 28-A do CPP (&#8230;)<\/p>\n\n\n\n<p>\u00a7 2\u00ba O disposto no caput deste artigo n\u00e3o se aplica nas seguintes hip\u00f3teses:<\/p>\n\n\n\n<p>IV &#8211; nos crimes praticados no \u00e2mbito de viol\u00eancia dom\u00e9stica ou familiar, ou praticados contra a mulher por raz\u00f5es da condi\u00e7\u00e3o de sexo feminino, em favor do agressor.<\/p>\n\n\n\n<p>Nesse sentido, as alternativas A, B, C, D est\u00e3o incorretas.&nbsp;<\/p>\n\n\n\n<p class=\"has-text-align-center is-style-default has-luminous-vivid-amber-background-color has-background\"><strong>Saiba mais: <a href=\"https:\/\/cj.estrategia.com\/portal\/concurso-magistratura-sc\/\">Concurso Magistratura SC<\/a><\/strong><\/p>\n\n\n\n<h2 class=\"wp-block-heading has-text-align-center\" id=\"cursos\"><span id=\"quer-saber-tudo-sobre-concursos-previstos-confira-nossos-artigos\">Quer saber tudo sobre concursos previstos? <br>Confira nossos artigos!<\/span><\/h2>\n\n\n\n\n\n<h2 class=\"wp-block-heading has-text-align-center\" id=\"curso\"><span id=\"cursos-e-assinaturas\">CURSOS E ASSINATURAS<\/span><\/h2>\n\n\n\n\n\n<div class=\"wp-block-cover\" style=\"min-height:155px;aspect-ratio:unset;\"><img decoding=\"async\" width=\"1890\" height=\"351\" class=\"wp-block-cover__image-background wp-image-8669\" alt=\"Assinaturas Jur\u00eddicas\" src=\"https:\/\/cj.estrategia.com\/portal\/wp-content\/uploads\/2022\/06\/20151253\/concurso-carreiras-juridicas-assinatura-juridica.jpg\" style=\"object-position:78% 43%\" data-object-fit=\"cover\" data-object-position=\"78% 43%\" srcset=\"https:\/\/cj.estrategia.com\/portal\/wp-content\/uploads\/2022\/06\/20151253\/concurso-carreiras-juridicas-assinatura-juridica.jpg 1890w, https:\/\/cj.estrategia.com\/portal\/wp-content\/uploads\/2022\/06\/20151253\/concurso-carreiras-juridicas-assinatura-juridica-300x56.jpg 300w, https:\/\/cj.estrategia.com\/portal\/wp-content\/uploads\/2022\/06\/20151253\/concurso-carreiras-juridicas-assinatura-juridica-1024x190.jpg 1024w, https:\/\/cj.estrategia.com\/portal\/wp-content\/uploads\/2022\/06\/20151253\/concurso-carreiras-juridicas-assinatura-juridica-768x143.jpg 768w, https:\/\/cj.estrategia.com\/portal\/wp-content\/uploads\/2022\/06\/20151253\/concurso-carreiras-juridicas-assinatura-juridica-1536x285.jpg 1536w, https:\/\/cj.estrategia.com\/portal\/wp-content\/uploads\/2022\/06\/20151253\/concurso-carreiras-juridicas-assinatura-juridica-380x71.jpg 380w, https:\/\/cj.estrategia.com\/portal\/wp-content\/uploads\/2022\/06\/20151253\/concurso-carreiras-juridicas-assinatura-juridica-800x149.jpg 800w, https:\/\/cj.estrategia.com\/portal\/wp-content\/uploads\/2022\/06\/20151253\/concurso-carreiras-juridicas-assinatura-juridica-1160x215.jpg 1160w\" sizes=\"(max-width: 1890px) 100vw, 1890px\" \/><span aria-hidden=\"true\" class=\"wp-block-cover__background has-background-dim\"><\/span><div class=\"wp-block-cover__inner-container is-layout-flow wp-block-cover-is-layout-flow\">\n<h3 id=\"faca-a-sua-assinatura\" class=\"titulo-assinatura\"><span style=\"color: #ffffff;\">Fa\u00e7a a sua assinatura!<\/span><\/h3>\n<p class=\"subtitulo-assinatura\" style=\"display:block!important; line-height: 0;\"><span style=\"color: #ffffff;\">Escolha a sua \u00e1rea.<\/span><\/p>\n<a target=\"_blank\" href=\"https:\/\/www.estrategiaconcursos.com.br\/assinaturas-ecj\/\" rel=\"noopener\"><button style=\"border-radius: 10px; text-transform: capitalize;\">Acessar<\/button><\/a>\n<\/div><\/div>\n","protected":false},"excerpt":{"rendered":"Ol\u00e1, pessoal, tudo certo?! Em 25\/02\/2024, foi aplicada a prova objetiva do concurso p\u00fablico para Juiz Substituto do&hellip;\n","protected":false},"author":12,"featured_media":32260,"comment_status":"open","ping_status":"open","sticky":false,"template":"","format":"standard","meta":{"_jetpack_memberships_contains_paid_content":false,"footnotes":""},"categories":[26],"tags":[],"tax_estado":[54],"class_list":{"0":"post-56426","1":"post","2":"type-post","3":"status-publish","4":"format-standard","5":"has-post-thumbnail","7":"category-magistratura","8":"tax_estado-sc"},"acf":[],"yoast_head":"<!-- This site is optimized with the Yoast SEO Premium plugin v27.4 (Yoast SEO v27.4) - https:\/\/yoast.com\/product\/yoast-seo-premium-wordpress\/ -->\n<title>Prova Comentada Legisla\u00e7\u00e3o Penal Especial Magistratura SC<\/title>\n<meta name=\"description\" content=\"Prova Comentada Legisla\u00e7\u00e3o Penal Especial Magistratura SC: Confira aqui os coment\u00e1rios dos professores e tire suas d\u00favidas!\" \/>\n<meta name=\"robots\" content=\"index, follow, max-snippet:-1, max-image-preview:large, max-video-preview:-1\" \/>\n<link rel=\"canonical\" href=\"https:\/\/cj.estrategia.com\/portal\/prova-comentada-legislacao-penal-especial-magistratura-sc\/\" \/>\n<meta property=\"og:locale\" content=\"pt_BR\" \/>\n<meta property=\"og:type\" content=\"article\" \/>\n<meta property=\"og:title\" content=\"Prova Comentada Legisla\u00e7\u00e3o Penal Especial Magistratura SC\" \/>\n<meta property=\"og:description\" content=\"Prova Comentada Legisla\u00e7\u00e3o Penal Especial Magistratura SC: Confira aqui os coment\u00e1rios dos professores e tire suas d\u00favidas!\" \/>\n<meta property=\"og:url\" content=\"https:\/\/cj.estrategia.com\/portal\/prova-comentada-legislacao-penal-especial-magistratura-sc\/\" \/>\n<meta property=\"og:site_name\" content=\"Blog - Carreiras Jur\u00eddicas - Estrat\u00e9gia\" \/>\n<meta property=\"article:publisher\" content=\"https:\/\/www.facebook.com\/estrategiacarreirajuridica\/\" \/>\n<meta property=\"article:published_time\" content=\"2024-02-26T19:57:38+00:00\" \/>\n<meta property=\"article:modified_time\" content=\"2024-02-26T19:57:42+00:00\" \/>\n<meta property=\"og:image\" content=\"https:\/\/cj.estrategia.com\/portal\/wp-content\/uploads\/2023\/02\/27141038\/concurso-magistratura-sc-santa-catarina-juiz.jpg\" \/>\n\t<meta property=\"og:image:width\" content=\"960\" \/>\n\t<meta property=\"og:image:height\" content=\"540\" \/>\n\t<meta property=\"og:image:type\" content=\"image\/jpeg\" \/>\n<meta name=\"author\" content=\"Coordena\u00e7\u00e3o\" \/>\n<meta name=\"twitter:card\" content=\"summary_large_image\" \/>\n<meta name=\"twitter:creator\" content=\"@EstratJuridica\" \/>\n<meta name=\"twitter:site\" content=\"@EstratJuridica\" \/>\n<meta name=\"twitter:label1\" content=\"Escrito por\" \/>\n\t<meta name=\"twitter:data1\" content=\"Coordena\u00e7\u00e3o\" \/>\n\t<meta name=\"twitter:label2\" content=\"Est. tempo de leitura\" \/>\n\t<meta name=\"twitter:data2\" content=\"10 minutos\" \/>\n<script type=\"application\/ld+json\" class=\"yoast-schema-graph\">{\"@context\":\"https:\\\/\\\/schema.org\",\"@graph\":[{\"@type\":\"NewsArticle\",\"@id\":\"https:\\\/\\\/cj.estrategia.com\\\/portal\\\/prova-comentada-legislacao-penal-especial-magistratura-sc\\\/#article\",\"isPartOf\":{\"@id\":\"https:\\\/\\\/cj.estrategia.com\\\/portal\\\/prova-comentada-legislacao-penal-especial-magistratura-sc\\\/\"},\"author\":{\"name\":\"Coordena\u00e7\u00e3o\",\"@id\":\"https:\\\/\\\/cj.estrategia.com\\\/portal\\\/#\\\/schema\\\/person\\\/4d70317d31449932b99102916b6637f5\"},\"headline\":\"Prova Comentada Legisla\u00e7\u00e3o Penal Especial Magistratura SC\",\"datePublished\":\"2024-02-26T19:57:38+00:00\",\"dateModified\":\"2024-02-26T19:57:42+00:00\",\"mainEntityOfPage\":{\"@id\":\"https:\\\/\\\/cj.estrategia.com\\\/portal\\\/prova-comentada-legislacao-penal-especial-magistratura-sc\\\/\"},\"wordCount\":1988,\"commentCount\":0,\"publisher\":{\"@id\":\"https:\\\/\\\/cj.estrategia.com\\\/portal\\\/#organization\"},\"image\":{\"@id\":\"https:\\\/\\\/cj.estrategia.com\\\/portal\\\/prova-comentada-legislacao-penal-especial-magistratura-sc\\\/#primaryimage\"},\"thumbnailUrl\":\"https:\\\/\\\/cj.estrategia.com\\\/portal\\\/wp-content\\\/uploads\\\/2023\\\/02\\\/27141038\\\/concurso-magistratura-sc-santa-catarina-juiz.jpg\",\"articleSection\":[\"Magistratura\"],\"inLanguage\":\"pt-BR\",\"potentialAction\":[{\"@type\":\"CommentAction\",\"name\":\"Comment\",\"target\":[\"https:\\\/\\\/cj.estrategia.com\\\/portal\\\/prova-comentada-legislacao-penal-especial-magistratura-sc\\\/#respond\"]}]},{\"@type\":\"WebPage\",\"@id\":\"https:\\\/\\\/cj.estrategia.com\\\/portal\\\/prova-comentada-legislacao-penal-especial-magistratura-sc\\\/\",\"url\":\"https:\\\/\\\/cj.estrategia.com\\\/portal\\\/prova-comentada-legislacao-penal-especial-magistratura-sc\\\/\",\"name\":\"Prova Comentada Legisla\u00e7\u00e3o Penal Especial Magistratura SC\",\"isPartOf\":{\"@id\":\"https:\\\/\\\/cj.estrategia.com\\\/portal\\\/#website\"},\"primaryImageOfPage\":{\"@id\":\"https:\\\/\\\/cj.estrategia.com\\\/portal\\\/prova-comentada-legislacao-penal-especial-magistratura-sc\\\/#primaryimage\"},\"image\":{\"@id\":\"https:\\\/\\\/cj.estrategia.com\\\/portal\\\/prova-comentada-legislacao-penal-especial-magistratura-sc\\\/#primaryimage\"},\"thumbnailUrl\":\"https:\\\/\\\/cj.estrategia.com\\\/portal\\\/wp-content\\\/uploads\\\/2023\\\/02\\\/27141038\\\/concurso-magistratura-sc-santa-catarina-juiz.jpg\",\"datePublished\":\"2024-02-26T19:57:38+00:00\",\"dateModified\":\"2024-02-26T19:57:42+00:00\",\"description\":\"Prova Comentada Legisla\u00e7\u00e3o Penal Especial Magistratura SC: Confira aqui os coment\u00e1rios dos professores e tire suas d\u00favidas!\",\"breadcrumb\":{\"@id\":\"https:\\\/\\\/cj.estrategia.com\\\/portal\\\/prova-comentada-legislacao-penal-especial-magistratura-sc\\\/#breadcrumb\"},\"inLanguage\":\"pt-BR\",\"potentialAction\":[{\"@type\":\"ReadAction\",\"target\":[\"https:\\\/\\\/cj.estrategia.com\\\/portal\\\/prova-comentada-legislacao-penal-especial-magistratura-sc\\\/\"]}]},{\"@type\":\"ImageObject\",\"inLanguage\":\"pt-BR\",\"@id\":\"https:\\\/\\\/cj.estrategia.com\\\/portal\\\/prova-comentada-legislacao-penal-especial-magistratura-sc\\\/#primaryimage\",\"url\":\"https:\\\/\\\/cj.estrategia.com\\\/portal\\\/wp-content\\\/uploads\\\/2023\\\/02\\\/27141038\\\/concurso-magistratura-sc-santa-catarina-juiz.jpg\",\"contentUrl\":\"https:\\\/\\\/cj.estrategia.com\\\/portal\\\/wp-content\\\/uploads\\\/2023\\\/02\\\/27141038\\\/concurso-magistratura-sc-santa-catarina-juiz.jpg\",\"width\":960,\"height\":540,\"caption\":\"Concurso Juiz SC\"},{\"@type\":\"BreadcrumbList\",\"@id\":\"https:\\\/\\\/cj.estrategia.com\\\/portal\\\/prova-comentada-legislacao-penal-especial-magistratura-sc\\\/#breadcrumb\",\"itemListElement\":[{\"@type\":\"ListItem\",\"position\":1,\"name\":\"In\u00edcio\",\"item\":\"https:\\\/\\\/cj.estrategia.com\\\/portal\\\/\"},{\"@type\":\"ListItem\",\"position\":2,\"name\":\"Prova Comentada Legisla\u00e7\u00e3o Penal Especial Magistratura SC\"}]},{\"@type\":\"WebSite\",\"@id\":\"https:\\\/\\\/cj.estrategia.com\\\/portal\\\/#website\",\"url\":\"https:\\\/\\\/cj.estrategia.com\\\/portal\\\/\",\"name\":\"Blog - Carreiras Jur\u00eddicas - Estrat\u00e9gia\",\"description\":\"\",\"publisher\":{\"@id\":\"https:\\\/\\\/cj.estrategia.com\\\/portal\\\/#organization\"},\"potentialAction\":[{\"@type\":\"SearchAction\",\"target\":{\"@type\":\"EntryPoint\",\"urlTemplate\":\"https:\\\/\\\/cj.estrategia.com\\\/portal\\\/?s={search_term_string}\"},\"query-input\":{\"@type\":\"PropertyValueSpecification\",\"valueRequired\":true,\"valueName\":\"search_term_string\"}}],\"inLanguage\":\"pt-BR\"},{\"@type\":\"Organization\",\"@id\":\"https:\\\/\\\/cj.estrategia.com\\\/portal\\\/#organization\",\"name\":\"Estrat\u00e9gia - Carreiras Jur\u00eddicas\",\"url\":\"https:\\\/\\\/cj.estrategia.com\\\/portal\\\/\",\"logo\":{\"@type\":\"ImageObject\",\"inLanguage\":\"pt-BR\",\"@id\":\"https:\\\/\\\/cj.estrategia.com\\\/portal\\\/#\\\/schema\\\/logo\\\/image\\\/\",\"url\":\"https:\\\/\\\/cj.estrategia.com\\\/portal\\\/wp-content\\\/uploads\\\/2022\\\/03\\\/11151052\\\/cj-logo.png\",\"contentUrl\":\"https:\\\/\\\/cj.estrategia.com\\\/portal\\\/wp-content\\\/uploads\\\/2022\\\/03\\\/11151052\\\/cj-logo.png\",\"width\":150,\"height\":39,\"caption\":\"Estrat\u00e9gia - Carreiras Jur\u00eddicas\"},\"image\":{\"@id\":\"https:\\\/\\\/cj.estrategia.com\\\/portal\\\/#\\\/schema\\\/logo\\\/image\\\/\"},\"sameAs\":[\"https:\\\/\\\/www.facebook.com\\\/estrategiacarreirajuridica\\\/\",\"https:\\\/\\\/x.com\\\/EstratJuridica\",\"https:\\\/\\\/www.instagram.com\\\/estrategiacarreirajuridica\\\/\",\"https:\\\/\\\/www.youtube.com\\\/channel\\\/UClbMGuYbj2Mh1m3w144ETWQ\"]},{\"@type\":\"Person\",\"@id\":\"https:\\\/\\\/cj.estrategia.com\\\/portal\\\/#\\\/schema\\\/person\\\/4d70317d31449932b99102916b6637f5\",\"name\":\"Coordena\u00e7\u00e3o\",\"image\":{\"@type\":\"ImageObject\",\"inLanguage\":\"pt-BR\",\"@id\":\"https:\\\/\\\/cj.estrategia.com\\\/portal\\\/wp-content\\\/uploads\\\/2022\\\/05\\\/12164923\\\/estrategia-carreira-juridica-coordenacao-96x96.png\",\"url\":\"https:\\\/\\\/cj.estrategia.com\\\/portal\\\/wp-content\\\/uploads\\\/2022\\\/05\\\/12164923\\\/estrategia-carreira-juridica-coordenacao-96x96.png\",\"contentUrl\":\"https:\\\/\\\/cj.estrategia.com\\\/portal\\\/wp-content\\\/uploads\\\/2022\\\/05\\\/12164923\\\/estrategia-carreira-juridica-coordenacao-96x96.png\",\"caption\":\"Coordena\u00e7\u00e3o\"},\"url\":\"https:\\\/\\\/cj.estrategia.com\\\/portal\\\/author\\\/coordenacao\\\/\"}]}<\/script>\n<!-- \/ Yoast SEO Premium plugin. -->","yoast_head_json":{"title":"Prova Comentada Legisla\u00e7\u00e3o Penal Especial Magistratura SC","description":"Prova Comentada Legisla\u00e7\u00e3o Penal Especial Magistratura SC: Confira aqui os coment\u00e1rios dos professores e tire suas d\u00favidas!","robots":{"index":"index","follow":"follow","max-snippet":"max-snippet:-1","max-image-preview":"max-image-preview:large","max-video-preview":"max-video-preview:-1"},"canonical":"https:\/\/cj.estrategia.com\/portal\/prova-comentada-legislacao-penal-especial-magistratura-sc\/","og_locale":"pt_BR","og_type":"article","og_title":"Prova Comentada Legisla\u00e7\u00e3o Penal Especial Magistratura SC","og_description":"Prova Comentada Legisla\u00e7\u00e3o Penal Especial Magistratura SC: Confira aqui os coment\u00e1rios dos professores e tire suas d\u00favidas!","og_url":"https:\/\/cj.estrategia.com\/portal\/prova-comentada-legislacao-penal-especial-magistratura-sc\/","og_site_name":"Blog - Carreiras Jur\u00eddicas - Estrat\u00e9gia","article_publisher":"https:\/\/www.facebook.com\/estrategiacarreirajuridica\/","article_published_time":"2024-02-26T19:57:38+00:00","article_modified_time":"2024-02-26T19:57:42+00:00","og_image":[{"width":960,"height":540,"url":"https:\/\/cj.estrategia.com\/portal\/wp-content\/uploads\/2023\/02\/27141038\/concurso-magistratura-sc-santa-catarina-juiz.jpg","type":"image\/jpeg"}],"author":"Coordena\u00e7\u00e3o","twitter_card":"summary_large_image","twitter_creator":"@EstratJuridica","twitter_site":"@EstratJuridica","twitter_misc":{"Escrito por":"Coordena\u00e7\u00e3o","Est. tempo de leitura":"10 minutos"},"schema":{"@context":"https:\/\/schema.org","@graph":[{"@type":"NewsArticle","@id":"https:\/\/cj.estrategia.com\/portal\/prova-comentada-legislacao-penal-especial-magistratura-sc\/#article","isPartOf":{"@id":"https:\/\/cj.estrategia.com\/portal\/prova-comentada-legislacao-penal-especial-magistratura-sc\/"},"author":{"name":"Coordena\u00e7\u00e3o","@id":"https:\/\/cj.estrategia.com\/portal\/#\/schema\/person\/4d70317d31449932b99102916b6637f5"},"headline":"Prova Comentada Legisla\u00e7\u00e3o Penal Especial Magistratura SC","datePublished":"2024-02-26T19:57:38+00:00","dateModified":"2024-02-26T19:57:42+00:00","mainEntityOfPage":{"@id":"https:\/\/cj.estrategia.com\/portal\/prova-comentada-legislacao-penal-especial-magistratura-sc\/"},"wordCount":1988,"commentCount":0,"publisher":{"@id":"https:\/\/cj.estrategia.com\/portal\/#organization"},"image":{"@id":"https:\/\/cj.estrategia.com\/portal\/prova-comentada-legislacao-penal-especial-magistratura-sc\/#primaryimage"},"thumbnailUrl":"https:\/\/cj.estrategia.com\/portal\/wp-content\/uploads\/2023\/02\/27141038\/concurso-magistratura-sc-santa-catarina-juiz.jpg","articleSection":["Magistratura"],"inLanguage":"pt-BR","potentialAction":[{"@type":"CommentAction","name":"Comment","target":["https:\/\/cj.estrategia.com\/portal\/prova-comentada-legislacao-penal-especial-magistratura-sc\/#respond"]}]},{"@type":"WebPage","@id":"https:\/\/cj.estrategia.com\/portal\/prova-comentada-legislacao-penal-especial-magistratura-sc\/","url":"https:\/\/cj.estrategia.com\/portal\/prova-comentada-legislacao-penal-especial-magistratura-sc\/","name":"Prova Comentada Legisla\u00e7\u00e3o Penal Especial Magistratura SC","isPartOf":{"@id":"https:\/\/cj.estrategia.com\/portal\/#website"},"primaryImageOfPage":{"@id":"https:\/\/cj.estrategia.com\/portal\/prova-comentada-legislacao-penal-especial-magistratura-sc\/#primaryimage"},"image":{"@id":"https:\/\/cj.estrategia.com\/portal\/prova-comentada-legislacao-penal-especial-magistratura-sc\/#primaryimage"},"thumbnailUrl":"https:\/\/cj.estrategia.com\/portal\/wp-content\/uploads\/2023\/02\/27141038\/concurso-magistratura-sc-santa-catarina-juiz.jpg","datePublished":"2024-02-26T19:57:38+00:00","dateModified":"2024-02-26T19:57:42+00:00","description":"Prova Comentada Legisla\u00e7\u00e3o Penal Especial Magistratura SC: Confira aqui os coment\u00e1rios dos professores e tire suas d\u00favidas!","breadcrumb":{"@id":"https:\/\/cj.estrategia.com\/portal\/prova-comentada-legislacao-penal-especial-magistratura-sc\/#breadcrumb"},"inLanguage":"pt-BR","potentialAction":[{"@type":"ReadAction","target":["https:\/\/cj.estrategia.com\/portal\/prova-comentada-legislacao-penal-especial-magistratura-sc\/"]}]},{"@type":"ImageObject","inLanguage":"pt-BR","@id":"https:\/\/cj.estrategia.com\/portal\/prova-comentada-legislacao-penal-especial-magistratura-sc\/#primaryimage","url":"https:\/\/cj.estrategia.com\/portal\/wp-content\/uploads\/2023\/02\/27141038\/concurso-magistratura-sc-santa-catarina-juiz.jpg","contentUrl":"https:\/\/cj.estrategia.com\/portal\/wp-content\/uploads\/2023\/02\/27141038\/concurso-magistratura-sc-santa-catarina-juiz.jpg","width":960,"height":540,"caption":"Concurso Juiz SC"},{"@type":"BreadcrumbList","@id":"https:\/\/cj.estrategia.com\/portal\/prova-comentada-legislacao-penal-especial-magistratura-sc\/#breadcrumb","itemListElement":[{"@type":"ListItem","position":1,"name":"In\u00edcio","item":"https:\/\/cj.estrategia.com\/portal\/"},{"@type":"ListItem","position":2,"name":"Prova Comentada Legisla\u00e7\u00e3o Penal Especial Magistratura SC"}]},{"@type":"WebSite","@id":"https:\/\/cj.estrategia.com\/portal\/#website","url":"https:\/\/cj.estrategia.com\/portal\/","name":"Blog - Carreiras Jur\u00eddicas - Estrat\u00e9gia","description":"","publisher":{"@id":"https:\/\/cj.estrategia.com\/portal\/#organization"},"potentialAction":[{"@type":"SearchAction","target":{"@type":"EntryPoint","urlTemplate":"https:\/\/cj.estrategia.com\/portal\/?s={search_term_string}"},"query-input":{"@type":"PropertyValueSpecification","valueRequired":true,"valueName":"search_term_string"}}],"inLanguage":"pt-BR"},{"@type":"Organization","@id":"https:\/\/cj.estrategia.com\/portal\/#organization","name":"Estrat\u00e9gia - Carreiras Jur\u00eddicas","url":"https:\/\/cj.estrategia.com\/portal\/","logo":{"@type":"ImageObject","inLanguage":"pt-BR","@id":"https:\/\/cj.estrategia.com\/portal\/#\/schema\/logo\/image\/","url":"https:\/\/cj.estrategia.com\/portal\/wp-content\/uploads\/2022\/03\/11151052\/cj-logo.png","contentUrl":"https:\/\/cj.estrategia.com\/portal\/wp-content\/uploads\/2022\/03\/11151052\/cj-logo.png","width":150,"height":39,"caption":"Estrat\u00e9gia - Carreiras Jur\u00eddicas"},"image":{"@id":"https:\/\/cj.estrategia.com\/portal\/#\/schema\/logo\/image\/"},"sameAs":["https:\/\/www.facebook.com\/estrategiacarreirajuridica\/","https:\/\/x.com\/EstratJuridica","https:\/\/www.instagram.com\/estrategiacarreirajuridica\/","https:\/\/www.youtube.com\/channel\/UClbMGuYbj2Mh1m3w144ETWQ"]},{"@type":"Person","@id":"https:\/\/cj.estrategia.com\/portal\/#\/schema\/person\/4d70317d31449932b99102916b6637f5","name":"Coordena\u00e7\u00e3o","image":{"@type":"ImageObject","inLanguage":"pt-BR","@id":"https:\/\/cj.estrategia.com\/portal\/wp-content\/uploads\/2022\/05\/12164923\/estrategia-carreira-juridica-coordenacao-96x96.png","url":"https:\/\/cj.estrategia.com\/portal\/wp-content\/uploads\/2022\/05\/12164923\/estrategia-carreira-juridica-coordenacao-96x96.png","contentUrl":"https:\/\/cj.estrategia.com\/portal\/wp-content\/uploads\/2022\/05\/12164923\/estrategia-carreira-juridica-coordenacao-96x96.png","caption":"Coordena\u00e7\u00e3o"},"url":"https:\/\/cj.estrategia.com\/portal\/author\/coordenacao\/"}]}},"jetpack_featured_media_url":"https:\/\/cj.estrategia.com\/portal\/wp-content\/uploads\/2023\/02\/27141038\/concurso-magistratura-sc-santa-catarina-juiz.jpg","jetpack_sharing_enabled":true,"_links":{"self":[{"href":"https:\/\/cj.estrategia.com\/portal\/wp-json\/wp\/v2\/posts\/56426","targetHints":{"allow":["GET"]}}],"collection":[{"href":"https:\/\/cj.estrategia.com\/portal\/wp-json\/wp\/v2\/posts"}],"about":[{"href":"https:\/\/cj.estrategia.com\/portal\/wp-json\/wp\/v2\/types\/post"}],"author":[{"embeddable":true,"href":"https:\/\/cj.estrategia.com\/portal\/wp-json\/wp\/v2\/users\/12"}],"replies":[{"embeddable":true,"href":"https:\/\/cj.estrategia.com\/portal\/wp-json\/wp\/v2\/comments?post=56426"}],"version-history":[{"count":1,"href":"https:\/\/cj.estrategia.com\/portal\/wp-json\/wp\/v2\/posts\/56426\/revisions"}],"predecessor-version":[{"id":56442,"href":"https:\/\/cj.estrategia.com\/portal\/wp-json\/wp\/v2\/posts\/56426\/revisions\/56442"}],"wp:featuredmedia":[{"embeddable":true,"href":"https:\/\/cj.estrategia.com\/portal\/wp-json\/wp\/v2\/media\/32260"}],"wp:attachment":[{"href":"https:\/\/cj.estrategia.com\/portal\/wp-json\/wp\/v2\/media?parent=56426"}],"wp:term":[{"taxonomy":"category","embeddable":true,"href":"https:\/\/cj.estrategia.com\/portal\/wp-json\/wp\/v2\/categories?post=56426"},{"taxonomy":"post_tag","embeddable":true,"href":"https:\/\/cj.estrategia.com\/portal\/wp-json\/wp\/v2\/tags?post=56426"},{"taxonomy":"tax_estado","embeddable":true,"href":"https:\/\/cj.estrategia.com\/portal\/wp-json\/wp\/v2\/tax_estado?post=56426"}],"curies":[{"name":"wp","href":"https:\/\/api.w.org\/{rel}","templated":true}]}}