{"id":56419,"date":"2024-02-26T16:33:56","date_gmt":"2024-02-26T19:33:56","guid":{"rendered":"https:\/\/cj.estrategia.com\/portal\/?p=56419"},"modified":"2024-02-26T16:34:01","modified_gmt":"2024-02-26T19:34:01","slug":"prova-comentada-formacao-humanistica-e-direitos-humanos-magistratura-sc","status":"publish","type":"post","link":"https:\/\/cj.estrategia.com\/portal\/prova-comentada-formacao-humanistica-e-direitos-humanos-magistratura-sc\/","title":{"rendered":"Prova Comentada Forma\u00e7\u00e3o Human\u00edstica e Direitos Humanos Magistratura SC"},"content":{"rendered":"<a id=\"cta-icon\" href=\"https:\/\/sndflw.com\/i\/magistratura-federal-grupo\" target=\"blank\" style=\"background:rgb(41,166,26)\">\n            <img decoding=\"async\" src=\"https:\/\/cj.estrategia.com\/portal\/wp-content\/uploads\/2023\/12\/07160657\/whatsapp_1385.webp\" alt=\"\" alt=\"whatsapp_1385\"><span > Acesse agora o Grupo de Estudos para Magistratura Federal <\/span><\/a>\n\n\n\n<p>Ol\u00e1, pessoal, tudo certo?!<\/p>\n\n\n\n<p>Em 25\/02\/2024, foi aplicada a prova objetiva do concurso p\u00fablico para <strong>Juiz Substituto do TJ-SC<\/strong>. Assim que encerrada, nosso time de professores elaborou o gabarito extraoficial, que, agora, ser\u00e1 apresentado juntamente com a nossa <strong>PROVA COMENTADA<\/strong>.<\/p>\n\n\n\n<p>Este material visa a auxili\u00e1-los na aferi\u00e7\u00e3o das notas, elabora\u00e7\u00e3o de eventuais recursos, verifica\u00e7\u00e3o das chances de avan\u00e7o para fase discursiva, bem como na revis\u00e3o do conte\u00fado cobrado no certame.<\/p>\n\n\n\n<p>Desde j\u00e1, destacamos que nosso time de professores identificou 4 quest\u00f5es pass\u00edveis de recurso, por apresentarem duas ou nenhuma alternativa correta, como veremos adiante. No tipo de prova comentado, trata-se das quest\u00f5es 6, 12, 80 e 93.<\/p>\n\n\n\n<p>De modo complementar, elaboramos tamb\u00e9m o <a href=\"https:\/\/cj.estrategia.com\/cadernos-e-simulados\/simulados\/a14e023c-d9e8-45d7-88b1-8b839f121323\"><strong>RANKING de Juiz Substituto do TJ-SC<\/strong>,<\/a> em que nossos alunos e seguidores poder\u00e3o inserir suas respostas \u00e0 prova, e, ao final, aferir sua nota, de acordo com o gabarito elaborado por nossos professores. Atrav\u00e9s do ranking, tamb\u00e9m poderemos estimar a nota de corte da 1\u00ba fase. Essa ferramenta \u00e9 gratuita e, para participar, basta clicar no link abaixo:<\/p>\n\n\n\n<p>Al\u00e9m disso, montamos um caderno para nossos seguidores, alunos ou n\u00e3o, verem os coment\u00e1rios e comentar as quest\u00f5es da prova: Confira <a href=\"https:\/\/cj.estrategia.com\/cadernos-e-simulados\/cadernos\/0e5c1071-267f-42de-a4d7-c70d5bc2ffe1\">AQUI!<\/a><\/p>\n\n\n\n<p>Por fim, comentamos a prova, as quest\u00f5es mais pol\u00eamicas, as possibilidades de recurso, bem como a estimativa da nota de corte, no <strong>Term\u00f4metro<\/strong> p\u00f3s-prova, no nosso canal do Youtube. Inscreva-se e ative as notifica\u00e7\u00f5es! <a href=\"https:\/\/www.youtube.com\/@EstrategiaCarreiraJuridica\"><strong>Estrat\u00e9gia Carreira Jur\u00eddica &#8211; YouTube<\/strong><\/a><\/p>\n\n\n\n<h3 class=\"wp-block-heading has-vivid-red-color has-text-color has-link-color wp-elements-04dadc5dd9ee5cd7f6a4f5cd426513b4\" id=\"h-prova-comentada-formacao-humanistica-e-direitos-humanos\"><span id=\"prova-comentada-formacao-humanistica-e-direitos-humanos\">Prova Comentada Forma\u00e7\u00e3o Human\u00edstica e Direitos Humanos<\/span><\/h3>\n\n\n\n<p><strong>QUEST\u00c3O 96. O conceito de justi\u00e7a \u00e9 o tema mais importante da Filosofia do Direito. Conforme Santo Tom\u00e1s de Aquino, \u00e9 correto se falar em justi\u00e7a comutativa e justi\u00e7a distributiva. A defini\u00e7\u00e3o dada por Santo Tom\u00e1s a cada uma dessas acep\u00e7\u00f5es de justi\u00e7a \u00e9, respectivamente:<\/strong><\/p>\n\n\n\n<p><strong>a)&nbsp; a que regula as rela\u00e7\u00f5es m\u00fatuas entre pessoas privadas; a que regula a rela\u00e7\u00e3o entre o todo e as partes, de forma a fazer a distribui\u00e7\u00e3o proporcional dos bens comuns;<\/strong><\/p>\n\n\n\n<p><strong>b)&nbsp; aquela que \u00e9 comum a uma comunidade pol\u00edtica e suas institui\u00e7\u00f5es; aquela que distribui as diferentes fun\u00e7\u00f5es executivas aos \u00f3rg\u00e3os de governo;<\/strong><\/p>\n\n\n\n<p><strong>c)&nbsp; a que \u00e9 estabelecida pelas leis e pelos atos de governo; a que resulta das tradi\u00e7\u00f5es e costumes de uma sociedade, conforme interpreta\u00e7\u00e3o comunit\u00e1ria;<\/strong><\/p>\n\n\n\n<p><strong>d) aquela que \u00e9 institu\u00edda e aplicada na forma do direito positivo; aquela que \u00e9 institu\u00edda e aplicada na forma do direito natural;<\/strong><\/p>\n\n\n\n<p><strong>e) a que determina as rela\u00e7\u00f5es comerciais e patrimoniais da sociedade; a que determina as rela\u00e7\u00f5es administrativas e penais da sociedade.<\/strong><\/p>\n\n\n\n<p><strong>Coment\u00e1rios<\/strong><\/p>\n\n\n\n<p>A alternativa correta \u00e9 a <strong>letra A<\/strong>. A quest\u00e3o trata do conceito de justi\u00e7a em Santo Tom\u00e1s de Aquino.<\/p>\n\n\n\n<p>A alternativa A est\u00e1 correta. O conceito de justi\u00e7a, conforme abordado por Santo Tom\u00e1s de Aquino, \u00e9 central na Filosofia do Direito, distinguindo-se em justi\u00e7a comutativa e distributiva. A justi\u00e7a comutativa foca nas rela\u00e7\u00f5es entre indiv\u00edduos, buscando equidade nas trocas e repara\u00e7\u00f5es, enquanto a justi\u00e7a distributiva se concentra na rela\u00e7\u00e3o entre a comunidade e seus membros, visando uma distribui\u00e7\u00e3o proporcional dos bens de acordo com o m\u00e9rito ou a necessidade. Ambas as formas buscam harmonizar as rela\u00e7\u00f5es sociais sob princ\u00edpios de equidade e proporcionalidade.<\/p>\n\n\n\n<p>A alternativa B est\u00e1 incorreta. Na &#8220;Summa Theol\u00f3gica&#8221;, Santo Tom\u00e1s de Aquino discute a estrutura e fun\u00e7\u00e3o da comunidade pol\u00edtica e suas institui\u00e7\u00f5es, sublinhando a import\u00e2ncia da ordem e do bem comum. O que \u00e9 comum a uma comunidade pol\u00edtica \u00e9 o objetivo de alcan\u00e7ar o bem comum, que orienta a distribui\u00e7\u00e3o das diferentes fun\u00e7\u00f5es executivas aos \u00f3rg\u00e3os de governo. Esta distribui\u00e7\u00e3o visa assegurar que cada fun\u00e7\u00e3o seja exercida de forma eficaz, promovendo justi\u00e7a e bem-estar dentro da comunidade, refletindo uma ordem divina na organiza\u00e7\u00e3o social.<\/p>\n\n\n\n<p>A alternativa C est\u00e1 incorreta. Na &#8220;Summa Theol\u00f3gica&#8221;, Santo Tom\u00e1s de Aquino distingue entre a ordem estabelecida pelas leis e pelos atos de governo e a que emerge das tradi\u00e7\u00f5es e costumes. A primeira refere-se \u00e0 estrutura formal e expl\u00edcita de regras criadas para orientar e regular o comportamento dos membros da comunidade, visando o bem comum. A segunda, por sua vez, \u00e9 formada ao longo do tempo, baseada em pr\u00e1ticas e cren\u00e7as compartilhadas, funcionando como um guia impl\u00edcito de conduta. Ambas s\u00e3o cruciais para a coes\u00e3o social e a justi\u00e7a, refletindo a compreens\u00e3o da comunidade sobre a moralidade e a \u00e9tica.<\/p>\n\n\n\n<p>A alternativa D est\u00e1 incorreta. Na &#8220;Summa Theol\u00f3gica&#8221;, Santo Tom\u00e1s de Aquino diferencia entre o direito positivo e o direito natural. O direito positivo \u00e9 aquele institu\u00eddo e aplicado pelos seres humanos, consistindo em leis e regulamentos formais que governam a conduta social. Em contraste, o direito natural \u00e9 baseado na raz\u00e3o e na natureza humana, representando princ\u00edpios universais e inerentes ao ser humano, destinados a orientar a justi\u00e7a e a moralidade. Enquanto o direito positivo pode variar entre comunidades, o direito natural \u00e9 constante e universal, refletindo a ordem moral estabelecida pela raz\u00e3o divina.<\/p>\n\n\n\n<p>A alternativa E est\u00e1 incorreta. Na &#8220;Summa Theol\u00f3gica&#8221;, Santo Tom\u00e1s de Aquino n\u00e3o detalha especificamente categorias modernas de direito como comercial, patrimonial, administrativo ou penal, mas seus princ\u00edpios podem ser extrapolados para essas \u00e1reas. As rela\u00e7\u00f5es comerciais e patrimoniais seriam regidas pela justi\u00e7a comutativa, focando na equidade nas trocas e na prote\u00e7\u00e3o dos direitos de propriedade. J\u00e1 as rela\u00e7\u00f5es administrativas e penais refletiriam a justi\u00e7a legal e distributiva, buscando o bem comum atrav\u00e9s da regula\u00e7\u00e3o da conduta dos cidad\u00e3os e da distribui\u00e7\u00e3o proporcional de cargas e benef\u00edcios, assegurando a ordem p\u00fablica e a repara\u00e7\u00e3o de injusti\u00e7as.<\/p>\n\n\n\n<p><strong>QUEST\u00c3O 97. A judicializa\u00e7\u00e3o da pol\u00edtica \u00e9 um fen\u00f4meno recorrente, especialmente a partir da segunda metade do s\u00e9culo XX. Ele est\u00e1 muito ligado \u00e0 edi\u00e7\u00e3o de constitui\u00e7\u00f5es com pautas extensas.<\/strong><\/p>\n\n\n\n<p><strong>Com base nisso, \u00e9 correto definir tal fen\u00f4meno como:<\/strong><\/p>\n\n\n\n<p><strong>a)&nbsp; o processo de ingresso de processos judiciais no Poder Judici\u00e1rio, seja pela advocacia p\u00fablica ou privada;<\/strong><\/p>\n\n\n\n<p><strong>b)&nbsp; o procedimento de unifica\u00e7\u00e3o da jurisprud\u00eancia nos casos de grande relev\u00e2ncia social e pol\u00edtica;<\/strong><\/p>\n\n\n\n<p><strong>c)&nbsp; a atua\u00e7\u00e3o das cortes constitucionais no processo de controle de constitucionalidade das leis;<\/strong><\/p>\n\n\n\n<p><strong>d) o modo de proceder dos partidos pol\u00edticos que ingressam com a\u00e7\u00f5es judiciais quando perdem uma vota\u00e7\u00e3o no parlamento;<\/strong><\/p>\n\n\n\n<p><strong>e) a expans\u00e3o do protagonismo institucional e pol\u00edtico dos tribunais em processos decis\u00f3rios.<\/strong><\/p>\n\n\n\n<p><strong>Coment\u00e1rios<\/strong><\/p>\n\n\n\n<p>A alternativa correta \u00e9 a <strong>letra D<\/strong>. A quest\u00e3o trata do tema&nbsp;da judicializa\u00e7\u00e3o da pol\u00edtica.<\/p>\n\n\n\n<p>A alternativa A est\u00e1 incorreta. A judicializa\u00e7\u00e3o da pol\u00edtica extrapola a simples atua\u00e7\u00e3o da advocacia, seja ela p\u00fablica ou privada, mergulhando em quest\u00f5es mais amplas que envolvem a interven\u00e7\u00e3o do Judici\u00e1rio em temas tradicionalmente decididos pela esfera pol\u00edtica. Isso reflete uma crescente tend\u00eancia de levar disputas pol\u00edticas e pol\u00edticas p\u00fablicas ao crivo dos tribunais, alterando a din\u00e2mica entre os poderes e influenciando diretamente na formula\u00e7\u00e3o e execu\u00e7\u00e3o de pol\u00edticas p\u00fablicas.<\/p>\n\n\n\n<p>A alternativa B est\u00e1 incorreta. A judicializa\u00e7\u00e3o da pol\u00edtica n\u00e3o se confunde com a unifica\u00e7\u00e3o da jurisprud\u00eancia em temas de alta relev\u00e2ncia social e pol\u00edtica. Este fen\u00f4meno \u00e9 mais abrangente e envolve a transfer\u00eancia de decis\u00f5es pol\u00edticas e sociais para o \u00e2mbito judicial, onde ju\u00edzes e tribunais passam a ter um papel ativo na defini\u00e7\u00e3o de pol\u00edticas p\u00fablicas e na solu\u00e7\u00e3o de quest\u00f5es pol\u00edticas, ultrapassando a simples harmoniza\u00e7\u00e3o jurisprudencial.<\/p>\n\n\n\n<p>A alternativa C est\u00e1 incorreta. A atua\u00e7\u00e3o das cortes constitucionais no controle de constitucionalidade das leis \u00e9 um mecanismo essencial para assegurar que a legisla\u00e7\u00e3o esteja em conformidade com a Constitui\u00e7\u00e3o. Este processo envolve a an\u00e1lise e o julgamento de leis e atos normativos pelos tribunais constitucionais, que t\u00eam o poder de invalidar aqueles que contrariam os princ\u00edpios e direitos fundamentais estabelecidos na Carta Magna, garantindo, assim, a supremacia constitucional. Todavia, o controle de constitucionalidade n\u00e3o \u00e9, em si, a judicializa\u00e7\u00e3o da pol\u00edtica.<\/p>\n\n\n\n<p>A alternativa D est\u00e1 correta. Quando partidos pol\u00edticos recorrem ao Judici\u00e1rio ap\u00f3s perderem vota\u00e7\u00f5es no Parlamento, instaura-se um &#8220;terceiro tempo&#8221; na discuss\u00e3o legislativa, caracterizando a judicializa\u00e7\u00e3o da pol\u00edtica. Esse fen\u00f4meno reflete a estrat\u00e9gia de levar disputas pol\u00edtico-legislativas para o \u00e2mbito judicial, buscando no Judici\u00e1rio uma segunda chance de influenciar ou reverter decis\u00f5es legislativas. Essa pr\u00e1tica demonstra como o processo democr\u00e1tico \u00e9 estendido e complexificado pela interven\u00e7\u00e3o judicial nas decis\u00f5es pol\u00edticas.<\/p>\n\n\n\n<p>A alternativa E est\u00e1 incorreta. A expans\u00e3o do protagonismo dos tribunais em decis\u00f5es institucionais e pol\u00edticas n\u00e3o equivale, por si s\u00f3, \u00e0 judicializa\u00e7\u00e3o da pol\u00edtica. Este fen\u00f4meno reflete o crescente papel dos tribunais na governan\u00e7a e na interpreta\u00e7\u00e3o de leis, mas n\u00e3o necessariamente a substitui\u00e7\u00e3o do debate pol\u00edtico pelo julgamento judicial. \u00c9, antes, um indicativo da import\u00e2ncia do Judici\u00e1rio na estrutura democr\u00e1tica, sem que isso implique na usurpa\u00e7\u00e3o das fun\u00e7\u00f5es legislativas ou executivas.<\/p>\n\n\n\n<p><strong>QUEST\u00c3O 98. Jo\u00e3o, juiz substituto no Estado de Santa Catarina, tem conhecimento de que pode ser designado, pela autoridade ou \u00f3rg\u00e3o competente, para qualquer unidade de divis\u00e3o judici\u00e1ria do Estado. Em conson\u00e2ncia com a Divis\u00e3o e Organiza\u00e7\u00e3o Judici\u00e1rias do Estado de Santa Catarina, \u00e9 correto afirmar que Jo\u00e3o:<\/strong><\/p>\n\n\n\n<p><strong>a)&nbsp; integra a regi\u00e3o judici\u00e1ria especial, \u00e9 vital\u00edcio e ser\u00e1 designado pelo Tribunal Pleno;<\/strong><\/p>\n\n\n\n<p><strong>b) se encontra na entr\u00e2ncia inicial e pode exercer compet\u00eancia jurisdicional plena ou parcial;<\/strong><\/p>\n\n\n\n<p><strong>c)&nbsp; n\u00e3o \u00e9 vital\u00edcio e ser\u00e1 designado pelo presidente do Tribunal de Justi\u00e7a, ouvido o corregedor-geral;<\/strong><\/p>\n\n\n\n<p><strong>d) est\u00e1 em exerc\u00edcio de substitui\u00e7\u00e3o e prestar\u00e1 coopera\u00e7\u00e3o aos ju\u00edzes de direito das varas das comarcas, tendo compet\u00eancia plena;<\/strong><\/p>\n\n\n\n<p><strong>e) ser\u00e1 designado pelo Tribunal Pleno, mediante o seu pr\u00e9vio assentimento, para temporariamente exercer fun\u00e7\u00f5es judicantes em qualquer comarca ou vara do estado.<\/strong><\/p>\n\n\n\n<p><strong>Coment\u00e1rios<\/strong><\/p>\n\n\n\n<p>A alternativa correta \u00e9 a <strong>letra C<\/strong>.&nbsp;<\/p>\n\n\n\n<p>A quest\u00e3o trata do tema C\u00f3digo de Divis\u00e3o e Organiza\u00e7\u00e3o Judici\u00e1ria do Estado de Santa Catarina.<\/p>\n\n\n\n<p>A alternativa A est\u00e1 incorreta. N\u00e3o h\u00e1 previs\u00e3o de regi\u00e3o judici\u00e1ria especial no C\u00f3digo de Organiza\u00e7\u00e3o Judici\u00e1ria de Santa Catarina. H\u00e1 men\u00e7\u00e3o sobre a regi\u00e3o judici\u00e1ria. Vejamos: \u201cArt. 3\u00ba Para o exerc\u00edcio das atividades jurisdicionais, o territ\u00f3rio do Estado de Santa Catarina constitui se\u00e7\u00e3o judici\u00e1ria \u00fanica, fracionada, para efeitos da administra\u00e7\u00e3o da Justi\u00e7a, em Subse\u00e7\u00f5es, Regi\u00f5es, Circunscri\u00e7\u00f5es, Comarcas, Comarcas N\u00e3o-Instaladas e Distritos. \u00a7 1\u00ba Entende-se como: I &#8211; Se\u00e7\u00e3o Judici\u00e1ria, o conjunto das Subse\u00e7\u00f5es Judici\u00e1rias; II &#8211; Subse\u00e7\u00e3o Judici\u00e1ria, o agrupamento de Regi\u00f5es Judici\u00e1rias; III &#8211; Regi\u00e3o Judici\u00e1ria, o agrupamento de Circunscri\u00e7\u00f5es Judici\u00e1rias;\u201d<\/p>\n\n\n\n<p>A alternativa B est\u00e1 incorreta. O C\u00f3digo de Organiza\u00e7\u00e3o Judici\u00e1ria do Estado de Santa Catarina afirma que o juiz substituto ter\u00e1 compet\u00eancia plena, n\u00e3o havendo que se falar em compet\u00eancia parcial: \u201cArt. 27. O Juiz Substituto vital\u00edcio e o n\u00e3o-vital\u00edcio, quando designados para responder por unidade de divis\u00e3o judici\u00e1ria, salvo se em regime de coopera\u00e7\u00e3o, ter\u00e3o compet\u00eancia plena.\u201d<\/p>\n\n\n\n<p>A alternativa C est\u00e1 correta. Exatamente, o juiz substituto Jo\u00e3o n\u00e3o \u00e9 vital\u00edcio e ser\u00e1 designado pelo presidente do Tribunal de Justi\u00e7a, ouvido o corregedor-geral. Nestes termos, vejamos o que disp\u00f5e o C\u00f3digo de Divis\u00e3o e Organiza\u00e7\u00e3o Judici\u00e1ria do Estado de Santa Catarina: \u201cArt. 28. Ouvido o Corregedor-Geral, poder\u00e1 o Presidente do Tribunal de Justi\u00e7a designar Juiz Substituto n\u00e3o-vital\u00edcio para ter exerc\u00edcio em qualquer unidade de divis\u00e3o judici\u00e1ria do Estado. Sendo vital\u00edcio o Juiz Substituto, a designa\u00e7\u00e3o dever\u00e1 se restringir \u00e0s unidades de divis\u00e3o judici\u00e1ria da circunscri\u00e7\u00e3o judici\u00e1ria em que estiver lotado.\u201d<\/p>\n\n\n\n<p>A alternativa D est\u00e1 incorreta. Conforme o C\u00f3digo de Organiza\u00e7\u00e3o Judici\u00e1ria do Estado de Santa Catarina, sendo o juiz substituto vital\u00edcio ou n\u00e3o, n\u00e3o estando em exerc\u00edcio da substitui\u00e7\u00e3o, prestar\u00e1 coopera\u00e7\u00e3o aos ju\u00edzes de direito. \u201cArt. 29. O Juiz Substituto vital\u00edcio, quando n\u00e3o estiver em exerc\u00edcio de substitui\u00e7\u00e3o, prestar\u00e1 coopera\u00e7\u00e3o aos Ju\u00edzes de Direito das Varas das Comarcas integrantes da Circunscri\u00e7\u00e3o Judici\u00e1ria.\u201d<\/p>\n\n\n\n<p>A alternativa E est\u00e1 incorreta. Quem designa a lota\u00e7\u00e3o \u00e9 o Presidente do Tribunal de Justi\u00e7a ouvido o Corregedor-Geral, conforme o C\u00f3digo de Divis\u00e3o e Organiza\u00e7\u00e3o Judici\u00e1ria do Estado de Santa Catarina: \u201cArt. 28. Ouvido o Corregedor-Geral, poder\u00e1 o Presidente do Tribunal de Justi\u00e7a designar Juiz Substituto n\u00e3o-vital\u00edcio para ter exerc\u00edcio em qualquer unidade de divis\u00e3o judici\u00e1ria do Estado. Sendo vital\u00edcio o Juiz Substituto, a designa\u00e7\u00e3o dever\u00e1 se restringir \u00e0s unidades de divis\u00e3o judici\u00e1ria da circunscri\u00e7\u00e3o judici\u00e1ria em que estiver lotado.\u201d<\/p>\n\n\n\n<p><strong>QUEST\u00c3O 99. A Constitui\u00e7\u00e3o Federal em seu Art. 5\u00ba admite, excepcionalmente, a pris\u00e3o civil do devedor de pens\u00e3o aliment\u00edcia e do deposit\u00e1rio infiel. J\u00e1 a Conven\u00e7\u00e3o Americana de Direitos Humanos admite, em car\u00e1ter excepcional, a pris\u00e3o civil do inadimplente de obriga\u00e7\u00e3o alimentar. Diante dessa controv\u00e9rsia, o STF fixou jurisprud\u00eancia afirmando que:<\/strong><\/p>\n\n\n\n<p><strong>a)&nbsp; \u00e9 l\u00edcita a pris\u00e3o civil do inadimplente de pens\u00e3o aliment\u00edcia e do deposit\u00e1rio infiel;<\/strong><\/p>\n\n\n\n<p><strong>b)&nbsp; \u00e9 l\u00edcita a pris\u00e3o civil do inadimplente de pens\u00e3o aliment\u00edcia, mas n\u00e3o do deposit\u00e1rio infiel;<\/strong><\/p>\n\n\n\n<p><strong>c) \u00e9 l\u00edcita a pris\u00e3o civil do deposit\u00e1rio infiel, mas n\u00e3o do inadimplente de pens\u00e3o aliment\u00edcia;<\/strong><\/p>\n\n\n\n<p><strong>d) \u00e9 il\u00edcita a pris\u00e3o civil do deposit\u00e1rio infiel e do inadimplente da pens\u00e3o aliment\u00edcia;<\/strong><\/p>\n\n\n\n<p><strong>e) ambos os casos de pris\u00e3o civil devem ser analisados de forma individual e criteriosa, devendo haver fundamenta\u00e7\u00e3o exauriente da decis\u00e3o condenat\u00f3ria.<\/strong><\/p>\n\n\n\n<p><strong>Coment\u00e1rios<\/strong><\/p>\n\n\n\n<p>A alternativa correta \u00e9 a <strong>letra B<\/strong>.&nbsp;<\/p>\n\n\n\n<p>A quest\u00e3o trata do tema pris\u00e3o do deposit\u00e1rio infiel.<\/p>\n\n\n\n<p>A alternativa A est\u00e1 incorreta. N\u00e3o \u00e9 l\u00edcita a pris\u00e3o civil do deposit\u00e1rio infiel, vez que as normas legais que permitem a pris\u00e3o est\u00e3o com a efic\u00e1cia suspensa diante do estabelecido na Conven\u00e7\u00e3o Americana de Direitos Humanos, conforme reiteradamente decidido pelo STF. Vejamos: \u201cS\u00famula Vinculante 25. \u00c9 il\u00edcita a pris\u00e3o civil de deposit\u00e1rio infiel, qualquer que seja a modalidade de dep\u00f3sito.\u201d<\/p>\n\n\n\n<p>A alternativa B est\u00e1 correta. De fato, a legisla\u00e7\u00e3o brasileira admite a pris\u00e3o para quem n\u00e3o cumpre com a obriga\u00e7\u00e3o de pagar pens\u00e3o aliment\u00edcia, conforme previsto tanto na Constitui\u00e7\u00e3o Federal quanto no Pacto de S\u00e3o Jos\u00e9 da Costa Rica, tamb\u00e9m conhecido como Conven\u00e7\u00e3o Americana de Direitos Humanos. Contudo, a pris\u00e3o por inadimpl\u00eancia de outras d\u00edvidas, como no caso do deposit\u00e1rio infiel, n\u00e3o \u00e9 permitida. O Supremo Tribunal Federal (STF), ao interpretar a hierarquia das normas, estabeleceu que os Tratados Internacionais de Direitos Humanos t\u00eam uma posi\u00e7\u00e3o intermedi\u00e1ria no ordenamento jur\u00eddico, situando-se acima das leis ordin\u00e1rias e abaixo da Constitui\u00e7\u00e3o. Isso significa que tais tratados podem suspender a efic\u00e1cia de leis federais que contrariem suas disposi\u00e7\u00f5es. Nesse sentido, a S\u00famula Vinculante 25 do STF refor\u00e7a essa interpreta\u00e7\u00e3o ao declarar ilegal a pris\u00e3o civil do deposit\u00e1rio infiel, independentemente da modalidade de dep\u00f3sito. Essa distin\u00e7\u00e3o reflete a prote\u00e7\u00e3o constitucional ao direito de liberdade, excetuando-se apenas casos espec\u00edficos previstos legalmente, como a pens\u00e3o aliment\u00edcia.<\/p>\n\n\n\n<p>As demais hip\u00f3teses indicadas nas alternativas C, D e E n\u00e3o representam o entendimento firmado na S\u00famula Vinculante n. 25, raz\u00e3o pela qual as alternativas est\u00e3o incorretas.<\/p>\n\n\n\n<p><strong>QUEST\u00c3O 100. Uma importante ferramenta no sistema global de prote\u00e7\u00e3o dos direitos humanos \u00e9 conhecida como relatores especiais da ONU. Tais relatores especiais, s\u00e3o:<\/strong><\/p>\n\n\n\n<p><strong>a)&nbsp; membros do Conselho de Direitos Humanos da ONU nomeados pelo secret\u00e1rio-geral das Na\u00e7\u00f5es Unidas que viajam em miss\u00f5es diplom\u00e1ticas para atuarem como observadores dos Governos em pol\u00edticas de promo\u00e7\u00e3o, defesa e controle dos direitos humanos, cabendo a eles fixar as prioridades dos pol\u00edticos p\u00fablicas na \u00e1rea dos direitos humanos, tendo em vista a realidade local;<\/strong><\/p>\n\n\n\n<p><strong>b)&nbsp; especialistas independentes em direitos humanos nomeados pelo Conselho de Direitos Humanos da ONU que conformam o sistema de Procedimentos Especiais, cabendo-lhes, dentre outros, realizar visitas ao pa\u00eds, atuar em casos individuais de den\u00fancias de viola\u00e7\u00f5es, contribuir para o desenvolvimento de padr\u00f5es internacionais de direitos humanos e fornecer aconselhamento para a coopera\u00e7\u00e3o t\u00e9cnica;<\/strong><\/p>\n\n\n\n<p><strong>c)&nbsp; juristas que atuam nos sistemas de justi\u00e7a de diferentes continentes, recrutados pelo Conselho de Seguran\u00e7a da ONU para monitorar e avaliar os relat\u00f3rios peri\u00f3dicos de implementa\u00e7\u00e3o das a\u00e7\u00f5es de garantia dos direitos humanos que cada pa\u00eds-membro da ONU deve realizar anualmente, apresentando os avan\u00e7os e retrocessos daquele per\u00edodo;<\/strong><\/p>\n\n\n\n<p><strong>d) diplomatas dos Estados-Membros da ONU que formam uma for\u00e7a tarefa internacional para atuar em nome do Conselho de Direitos Humanos da ONU, fazendo uma negocia\u00e7\u00e3o aut\u00f4noma e independente em diferentes estados nacionais que estejam passando por situa\u00e7\u00f5es de cat\u00e1strofes naturais, conflitos armados ou crise econ\u00f4mica e\/ou institucional, tendo em vista a retomada da estabilidade do pa\u00eds;<\/strong><\/p>\n\n\n\n<p><strong>e) ex-ju\u00edzes e ex-promotores de Justi\u00e7a que atuaram em tribunais internacionais \u2013 como a Corte Internacional de Justi\u00e7a de Haia ou o Tribunal Penal Internacional \u2013 e que utilizam seu conhecimento para fazer uma revis\u00e3o processual dos casos mais graves de viola\u00e7\u00e3o sistem\u00e1tica dos direitos humanos que n\u00e3o tiveram resolu\u00e7\u00e3o em raz\u00e3o da morosidade do Poder Judici\u00e1rio do determinado pa\u00eds que \u00e9 membro da ONU.<\/strong><\/p>\n\n\n\n<p><strong>Coment\u00e1rios<\/strong><\/p>\n\n\n\n<p>A alternativa correta \u00e9 a <strong>letra B<\/strong>. A quest\u00e3o trata do tema relatoria especial na ONU.<\/p>\n\n\n\n<p>De fato, relatores especiais no Sistema ONU s\u00e3o especialistas independentes em direitos humanos nomeados pelo Conselho de Direitos Humanos da ONU que conformam o sistema de Procedimentos Especiais, cabendo-lhes, dentre outros, realizar visitas ao pa\u00eds, atuar em casos individuais de den\u00fancias de viola\u00e7\u00f5es, contribuir para o desenvolvimento de padr\u00f5es internacionais de direitos humanos e fornecer aconselhamento para a coopera\u00e7\u00e3o t\u00e9cnica.<\/p>\n\n\n\n<p>Os Relatores Especiais, atuando sob a \u00e9gide do Sistema das Na\u00e7\u00f5es Unidas, desempenham um papel crucial na salvaguarda dos Direitos Humanos globalmente. Esses especialistas independentes, nomeados pelo Conselho de Direitos Humanos da ONU, comp\u00f5em uma pe\u00e7a fundamental do sistema de Procedimentos Especiais.&nbsp;<\/p>\n\n\n\n<p>Ao realizar visitas aos pa\u00edses, os relatores especiais est\u00e3o diretamente envolvidos na avalia\u00e7\u00e3o da situa\u00e7\u00e3o dos direitos humanos no terreno. Essas visitas permitem que observem, de primeira m\u00e3o, as condi\u00e7\u00f5es e desafios enfrentados pelas popula\u00e7\u00f5es, produzindo relat\u00f3rios que lan\u00e7am luz sobre viola\u00e7\u00f5es e pr\u00e1ticas abusivas, al\u00e9m de destacar progressos.<\/p>\n\n\n\n<p>Eles t\u00eam a capacidade de agir em casos individuais de den\u00fancias de viola\u00e7\u00f5es de direitos humanos, proporcionando um mecanismo vital para que essas quest\u00f5es sejam trazidas \u00e0 aten\u00e7\u00e3o internacional. Isso n\u00e3o s\u00f3 ajuda a proporcionar justi\u00e7a \u00e0s v\u00edtimas, mas tamb\u00e9m exerce press\u00e3o sobre os governos e entidades para corrigir tais injusti\u00e7as.<\/p>\n\n\n\n<p>Os relatores especiais contribuem significativamente para a elabora\u00e7\u00e3o e o refinamento de padr\u00f5es internacionais de direitos humanos. Atrav\u00e9s de suas investiga\u00e7\u00f5es, relat\u00f3rios e recomenda\u00e7\u00f5es, eles influenciam a cria\u00e7\u00e3o de normas que guiam as na\u00e7\u00f5es na promo\u00e7\u00e3o e prote\u00e7\u00e3o dos direitos humanos.<\/p>\n\n\n\n<p>Eles tamb\u00e9m fornecem aconselhamento especializado para a coopera\u00e7\u00e3o t\u00e9cnica em mat\u00e9ria de direitos humanos, ajudando os pa\u00edses a desenvolver suas capacidades para melhor proteger esses direitos. Esse apoio pode variar desde a reforma legislativa at\u00e9 o fortalecimento das institui\u00e7\u00f5es de direitos humanos locais.<\/p>\n\n\n\n<p>O trabalho dos relatores especiais desempenha um papel importante na sensibiliza\u00e7\u00e3o sobre quest\u00f5es de direitos humanos, tanto para o p\u00fablico em geral quanto para os tomadores de decis\u00e3o. Suas descobertas e recomenda\u00e7\u00f5es ajudam a mobilizar a opini\u00e3o p\u00fablica e a comunidade internacional em torno de causas urgentes.<\/p>\n\n\n\n<p>As demais hip\u00f3teses indicadas nas alternativas A, C, D e E n\u00e3o representam o conceito e fun\u00e7\u00f5es dos relatores especiais da ONU, raz\u00e3o pela qual as alternativas est\u00e3o incorretas.<\/p>\n\n\n\n<p class=\"has-text-align-center is-style-default has-luminous-vivid-amber-background-color has-background\"><strong>Saiba mais: <a href=\"https:\/\/cj.estrategia.com\/portal\/concurso-magistratura-sc\/\">Concurso Magistratura SC<\/a><\/strong><\/p>\n\n\n\n<h2 class=\"wp-block-heading has-text-align-center\" id=\"cursos\"><span id=\"quer-saber-tudo-sobre-concursos-previstos-confira-nossos-artigos\">Quer saber tudo sobre concursos previstos? <br>Confira nossos artigos!<\/span><\/h2>\n\n\n\n\n\n<h2 class=\"wp-block-heading has-text-align-center\" id=\"curso\"><span id=\"cursos-e-assinaturas\">CURSOS E ASSINATURAS<\/span><\/h2>\n\n\n\n\n\n<div class=\"wp-block-cover\" style=\"min-height:155px;aspect-ratio:unset;\"><img decoding=\"async\" width=\"1890\" height=\"351\" class=\"wp-block-cover__image-background wp-image-8669\" alt=\"Assinaturas Jur\u00eddicas\" src=\"https:\/\/cj.estrategia.com\/portal\/wp-content\/uploads\/2022\/06\/20151253\/concurso-carreiras-juridicas-assinatura-juridica.jpg\" style=\"object-position:78% 43%\" data-object-fit=\"cover\" data-object-position=\"78% 43%\" srcset=\"https:\/\/cj.estrategia.com\/portal\/wp-content\/uploads\/2022\/06\/20151253\/concurso-carreiras-juridicas-assinatura-juridica.jpg 1890w, https:\/\/cj.estrategia.com\/portal\/wp-content\/uploads\/2022\/06\/20151253\/concurso-carreiras-juridicas-assinatura-juridica-300x56.jpg 300w, https:\/\/cj.estrategia.com\/portal\/wp-content\/uploads\/2022\/06\/20151253\/concurso-carreiras-juridicas-assinatura-juridica-1024x190.jpg 1024w, https:\/\/cj.estrategia.com\/portal\/wp-content\/uploads\/2022\/06\/20151253\/concurso-carreiras-juridicas-assinatura-juridica-768x143.jpg 768w, https:\/\/cj.estrategia.com\/portal\/wp-content\/uploads\/2022\/06\/20151253\/concurso-carreiras-juridicas-assinatura-juridica-1536x285.jpg 1536w, https:\/\/cj.estrategia.com\/portal\/wp-content\/uploads\/2022\/06\/20151253\/concurso-carreiras-juridicas-assinatura-juridica-380x71.jpg 380w, https:\/\/cj.estrategia.com\/portal\/wp-content\/uploads\/2022\/06\/20151253\/concurso-carreiras-juridicas-assinatura-juridica-800x149.jpg 800w, https:\/\/cj.estrategia.com\/portal\/wp-content\/uploads\/2022\/06\/20151253\/concurso-carreiras-juridicas-assinatura-juridica-1160x215.jpg 1160w\" sizes=\"(max-width: 1890px) 100vw, 1890px\" \/><span aria-hidden=\"true\" class=\"wp-block-cover__background has-background-dim\"><\/span><div class=\"wp-block-cover__inner-container is-layout-flow wp-block-cover-is-layout-flow\">\n<h3 id=\"faca-a-sua-assinatura\" class=\"titulo-assinatura\"><span style=\"color: #ffffff;\">Fa\u00e7a a sua assinatura!<\/span><\/h3>\n<p class=\"subtitulo-assinatura\" style=\"display:block!important; line-height: 0;\"><span style=\"color: #ffffff;\">Escolha a sua \u00e1rea.<\/span><\/p>\n<a target=\"_blank\" href=\"https:\/\/www.estrategiaconcursos.com.br\/assinaturas-ecj\/\" rel=\"noopener\"><button style=\"border-radius: 10px; text-transform: capitalize;\">Acessar<\/button><\/a>\n<\/div><\/div>\n","protected":false},"excerpt":{"rendered":"Ol\u00e1, pessoal, tudo certo?! Em 25\/02\/2024, foi aplicada a prova objetiva do concurso p\u00fablico para Juiz Substituto do&hellip;\n","protected":false},"author":12,"featured_media":32260,"comment_status":"open","ping_status":"open","sticky":false,"template":"","format":"standard","meta":{"_jetpack_memberships_contains_paid_content":false,"footnotes":""},"categories":[26],"tags":[],"tax_estado":[54],"class_list":{"0":"post-56419","1":"post","2":"type-post","3":"status-publish","4":"format-standard","5":"has-post-thumbnail","7":"category-magistratura","8":"tax_estado-sc"},"acf":[],"yoast_head":"<!-- This site is optimized with the Yoast SEO Premium plugin v27.4 (Yoast SEO v27.4) - https:\/\/yoast.com\/product\/yoast-seo-premium-wordpress\/ -->\n<title>Prova Comentada Forma\u00e7\u00e3o Human\u00edstica e Direitos Humanos Magistratura SC<\/title>\n<meta name=\"description\" content=\"Prova Comentada Forma\u00e7\u00e3o Human\u00edstica e Direitos Humanos Magistratura SC: Confira aqui os coment\u00e1rios dos professores e tire suas d\u00favidas!\" \/>\n<meta name=\"robots\" content=\"index, follow, max-snippet:-1, max-image-preview:large, max-video-preview:-1\" \/>\n<link rel=\"canonical\" href=\"https:\/\/cj.estrategia.com\/portal\/prova-comentada-formacao-humanistica-e-direitos-humanos-magistratura-sc\/\" \/>\n<meta property=\"og:locale\" content=\"pt_BR\" \/>\n<meta property=\"og:type\" content=\"article\" \/>\n<meta property=\"og:title\" content=\"Prova Comentada Forma\u00e7\u00e3o Human\u00edstica e Direitos Humanos Magistratura SC\" \/>\n<meta property=\"og:description\" content=\"Prova Comentada Forma\u00e7\u00e3o Human\u00edstica e Direitos Humanos Magistratura SC: Confira aqui os coment\u00e1rios dos professores e tire suas d\u00favidas!\" \/>\n<meta property=\"og:url\" content=\"https:\/\/cj.estrategia.com\/portal\/prova-comentada-formacao-humanistica-e-direitos-humanos-magistratura-sc\/\" \/>\n<meta property=\"og:site_name\" content=\"Blog - Carreiras Jur\u00eddicas - Estrat\u00e9gia\" \/>\n<meta property=\"article:publisher\" content=\"https:\/\/www.facebook.com\/estrategiacarreirajuridica\/\" \/>\n<meta property=\"article:published_time\" content=\"2024-02-26T19:33:56+00:00\" \/>\n<meta property=\"article:modified_time\" content=\"2024-02-26T19:34:01+00:00\" \/>\n<meta property=\"og:image\" content=\"https:\/\/cj.estrategia.com\/portal\/wp-content\/uploads\/2023\/02\/27141038\/concurso-magistratura-sc-santa-catarina-juiz.jpg\" \/>\n\t<meta property=\"og:image:width\" content=\"960\" \/>\n\t<meta property=\"og:image:height\" content=\"540\" \/>\n\t<meta property=\"og:image:type\" content=\"image\/jpeg\" \/>\n<meta name=\"author\" content=\"Coordena\u00e7\u00e3o\" \/>\n<meta name=\"twitter:card\" content=\"summary_large_image\" \/>\n<meta name=\"twitter:creator\" content=\"@EstratJuridica\" \/>\n<meta name=\"twitter:site\" content=\"@EstratJuridica\" \/>\n<meta name=\"twitter:label1\" content=\"Escrito por\" \/>\n\t<meta name=\"twitter:data1\" content=\"Coordena\u00e7\u00e3o\" \/>\n\t<meta name=\"twitter:label2\" content=\"Est. tempo de leitura\" \/>\n\t<meta name=\"twitter:data2\" content=\"17 minutos\" \/>\n<script type=\"application\/ld+json\" class=\"yoast-schema-graph\">{\"@context\":\"https:\\\/\\\/schema.org\",\"@graph\":[{\"@type\":\"NewsArticle\",\"@id\":\"https:\\\/\\\/cj.estrategia.com\\\/portal\\\/prova-comentada-formacao-humanistica-e-direitos-humanos-magistratura-sc\\\/#article\",\"isPartOf\":{\"@id\":\"https:\\\/\\\/cj.estrategia.com\\\/portal\\\/prova-comentada-formacao-humanistica-e-direitos-humanos-magistratura-sc\\\/\"},\"author\":{\"name\":\"Coordena\u00e7\u00e3o\",\"@id\":\"https:\\\/\\\/cj.estrategia.com\\\/portal\\\/#\\\/schema\\\/person\\\/4d70317d31449932b99102916b6637f5\"},\"headline\":\"Prova Comentada Forma\u00e7\u00e3o Human\u00edstica e Direitos Humanos Magistratura SC\",\"datePublished\":\"2024-02-26T19:33:56+00:00\",\"dateModified\":\"2024-02-26T19:34:01+00:00\",\"mainEntityOfPage\":{\"@id\":\"https:\\\/\\\/cj.estrategia.com\\\/portal\\\/prova-comentada-formacao-humanistica-e-direitos-humanos-magistratura-sc\\\/\"},\"wordCount\":3553,\"commentCount\":0,\"publisher\":{\"@id\":\"https:\\\/\\\/cj.estrategia.com\\\/portal\\\/#organization\"},\"image\":{\"@id\":\"https:\\\/\\\/cj.estrategia.com\\\/portal\\\/prova-comentada-formacao-humanistica-e-direitos-humanos-magistratura-sc\\\/#primaryimage\"},\"thumbnailUrl\":\"https:\\\/\\\/cj.estrategia.com\\\/portal\\\/wp-content\\\/uploads\\\/2023\\\/02\\\/27141038\\\/concurso-magistratura-sc-santa-catarina-juiz.jpg\",\"articleSection\":[\"Magistratura\"],\"inLanguage\":\"pt-BR\",\"potentialAction\":[{\"@type\":\"CommentAction\",\"name\":\"Comment\",\"target\":[\"https:\\\/\\\/cj.estrategia.com\\\/portal\\\/prova-comentada-formacao-humanistica-e-direitos-humanos-magistratura-sc\\\/#respond\"]}]},{\"@type\":\"WebPage\",\"@id\":\"https:\\\/\\\/cj.estrategia.com\\\/portal\\\/prova-comentada-formacao-humanistica-e-direitos-humanos-magistratura-sc\\\/\",\"url\":\"https:\\\/\\\/cj.estrategia.com\\\/portal\\\/prova-comentada-formacao-humanistica-e-direitos-humanos-magistratura-sc\\\/\",\"name\":\"Prova Comentada Forma\u00e7\u00e3o Human\u00edstica e Direitos Humanos Magistratura SC\",\"isPartOf\":{\"@id\":\"https:\\\/\\\/cj.estrategia.com\\\/portal\\\/#website\"},\"primaryImageOfPage\":{\"@id\":\"https:\\\/\\\/cj.estrategia.com\\\/portal\\\/prova-comentada-formacao-humanistica-e-direitos-humanos-magistratura-sc\\\/#primaryimage\"},\"image\":{\"@id\":\"https:\\\/\\\/cj.estrategia.com\\\/portal\\\/prova-comentada-formacao-humanistica-e-direitos-humanos-magistratura-sc\\\/#primaryimage\"},\"thumbnailUrl\":\"https:\\\/\\\/cj.estrategia.com\\\/portal\\\/wp-content\\\/uploads\\\/2023\\\/02\\\/27141038\\\/concurso-magistratura-sc-santa-catarina-juiz.jpg\",\"datePublished\":\"2024-02-26T19:33:56+00:00\",\"dateModified\":\"2024-02-26T19:34:01+00:00\",\"description\":\"Prova Comentada Forma\u00e7\u00e3o Human\u00edstica e Direitos Humanos Magistratura SC: Confira aqui os coment\u00e1rios dos professores e tire suas d\u00favidas!\",\"breadcrumb\":{\"@id\":\"https:\\\/\\\/cj.estrategia.com\\\/portal\\\/prova-comentada-formacao-humanistica-e-direitos-humanos-magistratura-sc\\\/#breadcrumb\"},\"inLanguage\":\"pt-BR\",\"potentialAction\":[{\"@type\":\"ReadAction\",\"target\":[\"https:\\\/\\\/cj.estrategia.com\\\/portal\\\/prova-comentada-formacao-humanistica-e-direitos-humanos-magistratura-sc\\\/\"]}]},{\"@type\":\"ImageObject\",\"inLanguage\":\"pt-BR\",\"@id\":\"https:\\\/\\\/cj.estrategia.com\\\/portal\\\/prova-comentada-formacao-humanistica-e-direitos-humanos-magistratura-sc\\\/#primaryimage\",\"url\":\"https:\\\/\\\/cj.estrategia.com\\\/portal\\\/wp-content\\\/uploads\\\/2023\\\/02\\\/27141038\\\/concurso-magistratura-sc-santa-catarina-juiz.jpg\",\"contentUrl\":\"https:\\\/\\\/cj.estrategia.com\\\/portal\\\/wp-content\\\/uploads\\\/2023\\\/02\\\/27141038\\\/concurso-magistratura-sc-santa-catarina-juiz.jpg\",\"width\":960,\"height\":540,\"caption\":\"Concurso Juiz SC\"},{\"@type\":\"BreadcrumbList\",\"@id\":\"https:\\\/\\\/cj.estrategia.com\\\/portal\\\/prova-comentada-formacao-humanistica-e-direitos-humanos-magistratura-sc\\\/#breadcrumb\",\"itemListElement\":[{\"@type\":\"ListItem\",\"position\":1,\"name\":\"In\u00edcio\",\"item\":\"https:\\\/\\\/cj.estrategia.com\\\/portal\\\/\"},{\"@type\":\"ListItem\",\"position\":2,\"name\":\"Prova Comentada Forma\u00e7\u00e3o Human\u00edstica e Direitos Humanos Magistratura SC\"}]},{\"@type\":\"WebSite\",\"@id\":\"https:\\\/\\\/cj.estrategia.com\\\/portal\\\/#website\",\"url\":\"https:\\\/\\\/cj.estrategia.com\\\/portal\\\/\",\"name\":\"Blog - Carreiras Jur\u00eddicas - Estrat\u00e9gia\",\"description\":\"\",\"publisher\":{\"@id\":\"https:\\\/\\\/cj.estrategia.com\\\/portal\\\/#organization\"},\"potentialAction\":[{\"@type\":\"SearchAction\",\"target\":{\"@type\":\"EntryPoint\",\"urlTemplate\":\"https:\\\/\\\/cj.estrategia.com\\\/portal\\\/?s={search_term_string}\"},\"query-input\":{\"@type\":\"PropertyValueSpecification\",\"valueRequired\":true,\"valueName\":\"search_term_string\"}}],\"inLanguage\":\"pt-BR\"},{\"@type\":\"Organization\",\"@id\":\"https:\\\/\\\/cj.estrategia.com\\\/portal\\\/#organization\",\"name\":\"Estrat\u00e9gia - Carreiras Jur\u00eddicas\",\"url\":\"https:\\\/\\\/cj.estrategia.com\\\/portal\\\/\",\"logo\":{\"@type\":\"ImageObject\",\"inLanguage\":\"pt-BR\",\"@id\":\"https:\\\/\\\/cj.estrategia.com\\\/portal\\\/#\\\/schema\\\/logo\\\/image\\\/\",\"url\":\"https:\\\/\\\/cj.estrategia.com\\\/portal\\\/wp-content\\\/uploads\\\/2022\\\/03\\\/11151052\\\/cj-logo.png\",\"contentUrl\":\"https:\\\/\\\/cj.estrategia.com\\\/portal\\\/wp-content\\\/uploads\\\/2022\\\/03\\\/11151052\\\/cj-logo.png\",\"width\":150,\"height\":39,\"caption\":\"Estrat\u00e9gia - Carreiras Jur\u00eddicas\"},\"image\":{\"@id\":\"https:\\\/\\\/cj.estrategia.com\\\/portal\\\/#\\\/schema\\\/logo\\\/image\\\/\"},\"sameAs\":[\"https:\\\/\\\/www.facebook.com\\\/estrategiacarreirajuridica\\\/\",\"https:\\\/\\\/x.com\\\/EstratJuridica\",\"https:\\\/\\\/www.instagram.com\\\/estrategiacarreirajuridica\\\/\",\"https:\\\/\\\/www.youtube.com\\\/channel\\\/UClbMGuYbj2Mh1m3w144ETWQ\"]},{\"@type\":\"Person\",\"@id\":\"https:\\\/\\\/cj.estrategia.com\\\/portal\\\/#\\\/schema\\\/person\\\/4d70317d31449932b99102916b6637f5\",\"name\":\"Coordena\u00e7\u00e3o\",\"image\":{\"@type\":\"ImageObject\",\"inLanguage\":\"pt-BR\",\"@id\":\"https:\\\/\\\/cj.estrategia.com\\\/portal\\\/wp-content\\\/uploads\\\/2022\\\/05\\\/12164923\\\/estrategia-carreira-juridica-coordenacao-96x96.png\",\"url\":\"https:\\\/\\\/cj.estrategia.com\\\/portal\\\/wp-content\\\/uploads\\\/2022\\\/05\\\/12164923\\\/estrategia-carreira-juridica-coordenacao-96x96.png\",\"contentUrl\":\"https:\\\/\\\/cj.estrategia.com\\\/portal\\\/wp-content\\\/uploads\\\/2022\\\/05\\\/12164923\\\/estrategia-carreira-juridica-coordenacao-96x96.png\",\"caption\":\"Coordena\u00e7\u00e3o\"},\"url\":\"https:\\\/\\\/cj.estrategia.com\\\/portal\\\/author\\\/coordenacao\\\/\"}]}<\/script>\n<!-- \/ Yoast SEO Premium plugin. -->","yoast_head_json":{"title":"Prova Comentada Forma\u00e7\u00e3o Human\u00edstica e Direitos Humanos Magistratura SC","description":"Prova Comentada Forma\u00e7\u00e3o Human\u00edstica e Direitos Humanos Magistratura SC: Confira aqui os coment\u00e1rios dos professores e tire suas d\u00favidas!","robots":{"index":"index","follow":"follow","max-snippet":"max-snippet:-1","max-image-preview":"max-image-preview:large","max-video-preview":"max-video-preview:-1"},"canonical":"https:\/\/cj.estrategia.com\/portal\/prova-comentada-formacao-humanistica-e-direitos-humanos-magistratura-sc\/","og_locale":"pt_BR","og_type":"article","og_title":"Prova Comentada Forma\u00e7\u00e3o Human\u00edstica e Direitos Humanos Magistratura SC","og_description":"Prova Comentada Forma\u00e7\u00e3o Human\u00edstica e Direitos Humanos Magistratura SC: Confira aqui os coment\u00e1rios dos professores e tire suas d\u00favidas!","og_url":"https:\/\/cj.estrategia.com\/portal\/prova-comentada-formacao-humanistica-e-direitos-humanos-magistratura-sc\/","og_site_name":"Blog - Carreiras Jur\u00eddicas - Estrat\u00e9gia","article_publisher":"https:\/\/www.facebook.com\/estrategiacarreirajuridica\/","article_published_time":"2024-02-26T19:33:56+00:00","article_modified_time":"2024-02-26T19:34:01+00:00","og_image":[{"width":960,"height":540,"url":"https:\/\/cj.estrategia.com\/portal\/wp-content\/uploads\/2023\/02\/27141038\/concurso-magistratura-sc-santa-catarina-juiz.jpg","type":"image\/jpeg"}],"author":"Coordena\u00e7\u00e3o","twitter_card":"summary_large_image","twitter_creator":"@EstratJuridica","twitter_site":"@EstratJuridica","twitter_misc":{"Escrito por":"Coordena\u00e7\u00e3o","Est. tempo de leitura":"17 minutos"},"schema":{"@context":"https:\/\/schema.org","@graph":[{"@type":"NewsArticle","@id":"https:\/\/cj.estrategia.com\/portal\/prova-comentada-formacao-humanistica-e-direitos-humanos-magistratura-sc\/#article","isPartOf":{"@id":"https:\/\/cj.estrategia.com\/portal\/prova-comentada-formacao-humanistica-e-direitos-humanos-magistratura-sc\/"},"author":{"name":"Coordena\u00e7\u00e3o","@id":"https:\/\/cj.estrategia.com\/portal\/#\/schema\/person\/4d70317d31449932b99102916b6637f5"},"headline":"Prova Comentada Forma\u00e7\u00e3o Human\u00edstica e Direitos Humanos Magistratura SC","datePublished":"2024-02-26T19:33:56+00:00","dateModified":"2024-02-26T19:34:01+00:00","mainEntityOfPage":{"@id":"https:\/\/cj.estrategia.com\/portal\/prova-comentada-formacao-humanistica-e-direitos-humanos-magistratura-sc\/"},"wordCount":3553,"commentCount":0,"publisher":{"@id":"https:\/\/cj.estrategia.com\/portal\/#organization"},"image":{"@id":"https:\/\/cj.estrategia.com\/portal\/prova-comentada-formacao-humanistica-e-direitos-humanos-magistratura-sc\/#primaryimage"},"thumbnailUrl":"https:\/\/cj.estrategia.com\/portal\/wp-content\/uploads\/2023\/02\/27141038\/concurso-magistratura-sc-santa-catarina-juiz.jpg","articleSection":["Magistratura"],"inLanguage":"pt-BR","potentialAction":[{"@type":"CommentAction","name":"Comment","target":["https:\/\/cj.estrategia.com\/portal\/prova-comentada-formacao-humanistica-e-direitos-humanos-magistratura-sc\/#respond"]}]},{"@type":"WebPage","@id":"https:\/\/cj.estrategia.com\/portal\/prova-comentada-formacao-humanistica-e-direitos-humanos-magistratura-sc\/","url":"https:\/\/cj.estrategia.com\/portal\/prova-comentada-formacao-humanistica-e-direitos-humanos-magistratura-sc\/","name":"Prova Comentada Forma\u00e7\u00e3o Human\u00edstica e Direitos Humanos Magistratura SC","isPartOf":{"@id":"https:\/\/cj.estrategia.com\/portal\/#website"},"primaryImageOfPage":{"@id":"https:\/\/cj.estrategia.com\/portal\/prova-comentada-formacao-humanistica-e-direitos-humanos-magistratura-sc\/#primaryimage"},"image":{"@id":"https:\/\/cj.estrategia.com\/portal\/prova-comentada-formacao-humanistica-e-direitos-humanos-magistratura-sc\/#primaryimage"},"thumbnailUrl":"https:\/\/cj.estrategia.com\/portal\/wp-content\/uploads\/2023\/02\/27141038\/concurso-magistratura-sc-santa-catarina-juiz.jpg","datePublished":"2024-02-26T19:33:56+00:00","dateModified":"2024-02-26T19:34:01+00:00","description":"Prova Comentada Forma\u00e7\u00e3o Human\u00edstica e Direitos Humanos Magistratura SC: Confira aqui os coment\u00e1rios dos professores e tire suas d\u00favidas!","breadcrumb":{"@id":"https:\/\/cj.estrategia.com\/portal\/prova-comentada-formacao-humanistica-e-direitos-humanos-magistratura-sc\/#breadcrumb"},"inLanguage":"pt-BR","potentialAction":[{"@type":"ReadAction","target":["https:\/\/cj.estrategia.com\/portal\/prova-comentada-formacao-humanistica-e-direitos-humanos-magistratura-sc\/"]}]},{"@type":"ImageObject","inLanguage":"pt-BR","@id":"https:\/\/cj.estrategia.com\/portal\/prova-comentada-formacao-humanistica-e-direitos-humanos-magistratura-sc\/#primaryimage","url":"https:\/\/cj.estrategia.com\/portal\/wp-content\/uploads\/2023\/02\/27141038\/concurso-magistratura-sc-santa-catarina-juiz.jpg","contentUrl":"https:\/\/cj.estrategia.com\/portal\/wp-content\/uploads\/2023\/02\/27141038\/concurso-magistratura-sc-santa-catarina-juiz.jpg","width":960,"height":540,"caption":"Concurso Juiz SC"},{"@type":"BreadcrumbList","@id":"https:\/\/cj.estrategia.com\/portal\/prova-comentada-formacao-humanistica-e-direitos-humanos-magistratura-sc\/#breadcrumb","itemListElement":[{"@type":"ListItem","position":1,"name":"In\u00edcio","item":"https:\/\/cj.estrategia.com\/portal\/"},{"@type":"ListItem","position":2,"name":"Prova Comentada Forma\u00e7\u00e3o Human\u00edstica e Direitos Humanos Magistratura SC"}]},{"@type":"WebSite","@id":"https:\/\/cj.estrategia.com\/portal\/#website","url":"https:\/\/cj.estrategia.com\/portal\/","name":"Blog - Carreiras Jur\u00eddicas - Estrat\u00e9gia","description":"","publisher":{"@id":"https:\/\/cj.estrategia.com\/portal\/#organization"},"potentialAction":[{"@type":"SearchAction","target":{"@type":"EntryPoint","urlTemplate":"https:\/\/cj.estrategia.com\/portal\/?s={search_term_string}"},"query-input":{"@type":"PropertyValueSpecification","valueRequired":true,"valueName":"search_term_string"}}],"inLanguage":"pt-BR"},{"@type":"Organization","@id":"https:\/\/cj.estrategia.com\/portal\/#organization","name":"Estrat\u00e9gia - Carreiras Jur\u00eddicas","url":"https:\/\/cj.estrategia.com\/portal\/","logo":{"@type":"ImageObject","inLanguage":"pt-BR","@id":"https:\/\/cj.estrategia.com\/portal\/#\/schema\/logo\/image\/","url":"https:\/\/cj.estrategia.com\/portal\/wp-content\/uploads\/2022\/03\/11151052\/cj-logo.png","contentUrl":"https:\/\/cj.estrategia.com\/portal\/wp-content\/uploads\/2022\/03\/11151052\/cj-logo.png","width":150,"height":39,"caption":"Estrat\u00e9gia - Carreiras Jur\u00eddicas"},"image":{"@id":"https:\/\/cj.estrategia.com\/portal\/#\/schema\/logo\/image\/"},"sameAs":["https:\/\/www.facebook.com\/estrategiacarreirajuridica\/","https:\/\/x.com\/EstratJuridica","https:\/\/www.instagram.com\/estrategiacarreirajuridica\/","https:\/\/www.youtube.com\/channel\/UClbMGuYbj2Mh1m3w144ETWQ"]},{"@type":"Person","@id":"https:\/\/cj.estrategia.com\/portal\/#\/schema\/person\/4d70317d31449932b99102916b6637f5","name":"Coordena\u00e7\u00e3o","image":{"@type":"ImageObject","inLanguage":"pt-BR","@id":"https:\/\/cj.estrategia.com\/portal\/wp-content\/uploads\/2022\/05\/12164923\/estrategia-carreira-juridica-coordenacao-96x96.png","url":"https:\/\/cj.estrategia.com\/portal\/wp-content\/uploads\/2022\/05\/12164923\/estrategia-carreira-juridica-coordenacao-96x96.png","contentUrl":"https:\/\/cj.estrategia.com\/portal\/wp-content\/uploads\/2022\/05\/12164923\/estrategia-carreira-juridica-coordenacao-96x96.png","caption":"Coordena\u00e7\u00e3o"},"url":"https:\/\/cj.estrategia.com\/portal\/author\/coordenacao\/"}]}},"jetpack_featured_media_url":"https:\/\/cj.estrategia.com\/portal\/wp-content\/uploads\/2023\/02\/27141038\/concurso-magistratura-sc-santa-catarina-juiz.jpg","jetpack_sharing_enabled":true,"_links":{"self":[{"href":"https:\/\/cj.estrategia.com\/portal\/wp-json\/wp\/v2\/posts\/56419","targetHints":{"allow":["GET"]}}],"collection":[{"href":"https:\/\/cj.estrategia.com\/portal\/wp-json\/wp\/v2\/posts"}],"about":[{"href":"https:\/\/cj.estrategia.com\/portal\/wp-json\/wp\/v2\/types\/post"}],"author":[{"embeddable":true,"href":"https:\/\/cj.estrategia.com\/portal\/wp-json\/wp\/v2\/users\/12"}],"replies":[{"embeddable":true,"href":"https:\/\/cj.estrategia.com\/portal\/wp-json\/wp\/v2\/comments?post=56419"}],"version-history":[{"count":1,"href":"https:\/\/cj.estrategia.com\/portal\/wp-json\/wp\/v2\/posts\/56419\/revisions"}],"predecessor-version":[{"id":56434,"href":"https:\/\/cj.estrategia.com\/portal\/wp-json\/wp\/v2\/posts\/56419\/revisions\/56434"}],"wp:featuredmedia":[{"embeddable":true,"href":"https:\/\/cj.estrategia.com\/portal\/wp-json\/wp\/v2\/media\/32260"}],"wp:attachment":[{"href":"https:\/\/cj.estrategia.com\/portal\/wp-json\/wp\/v2\/media?parent=56419"}],"wp:term":[{"taxonomy":"category","embeddable":true,"href":"https:\/\/cj.estrategia.com\/portal\/wp-json\/wp\/v2\/categories?post=56419"},{"taxonomy":"post_tag","embeddable":true,"href":"https:\/\/cj.estrategia.com\/portal\/wp-json\/wp\/v2\/tags?post=56419"},{"taxonomy":"tax_estado","embeddable":true,"href":"https:\/\/cj.estrategia.com\/portal\/wp-json\/wp\/v2\/tax_estado?post=56419"}],"curies":[{"name":"wp","href":"https:\/\/api.w.org\/{rel}","templated":true}]}}