{"id":54578,"date":"2024-08-02T11:54:00","date_gmt":"2024-08-02T14:54:00","guid":{"rendered":"https:\/\/cj.estrategia.com\/portal\/?p=54578"},"modified":"2025-12-17T20:05:29","modified_gmt":"2025-12-17T23:05:29","slug":"concurso-procurador-crefito-8","status":"publish","type":"post","link":"https:\/\/cj.estrategia.com\/portal\/concurso-procurador-crefito-8\/","title":{"rendered":"Concurso Procurador CREFITO 8: resultado final publicado"},"content":{"rendered":"\n<p>O <strong>Conselho Federal de Fisioterapia e Terapia Ocupacional<\/strong> publicou o <a href=\"https:\/\/cj.estrategia.com\/portal\/wp-content\/uploads\/2024\/04\/12110549\/1_CREFITO-8_concurso_publico_2024_resultado_final.pdf\" target=\"_blank\" >resultado final<\/a> do <strong>Concurso Procurador CREFITO 8. <\/strong><\/p>\n\n\n\n<p>O certame ofertou 25 vagas mais forma\u00e7\u00e3o de cadastro reserva para o cargo de procurador, com vencimento inicial de <strong>R$ 13.558,64<\/strong> + benef\u00edcios.<\/p>\n\n\n\n<p>Para ingressar no cargo de <strong>procurador do CREFITO 8<\/strong> \u00e9 necess\u00e1rio ter curso diploma, devidamente registrado, de conclus\u00e3o de curso de gradua\u00e7\u00e3o de n\u00edvel superior em Direito fornecido por institui\u00e7\u00e3o de ensino reconhecida pelo Minist\u00e9rio da Educa\u00e7\u00e3o (MEC). Registro ativo e adimplente na Ordem dos Advogados do Brasil (OAB).<\/p>\n\n\n\n<p class=\"has-very-light-gray-to-cyan-bluish-gray-gradient-background has-background\"><strong>Concurso Procurador<\/strong> CREFITO 8<br><strong>Status<\/strong>: resultado final<br><strong>Banca:<\/strong>&nbsp;<a href=\"https:\/\/www.quadrix.org.br\/encerrados\/2024\/crefito8-2022.aspx\" target=\"_blank\" >Instituto Quadrix<em>.<\/em><\/a><br><strong>Vagas:<\/strong>&nbsp;25 +CR<br><strong>Sal\u00e1rio:<\/strong>&nbsp; <strong>R$ 13.558,64<\/strong> <br><strong><a href=\"https:\/\/cj.estrategia.com\/portal\/wp-content\/uploads\/2024\/02\/01135242\/1_CREFITO-8_concurso_publico_2024_edital_1_abertura.pdf\">Edital Procurador CREFITO 8<\/a><\/strong><\/p>\n\n\n\n<ul class=\"wp-block-list\">\n<li><a href=\"#ATUAL\">Situa\u00e7\u00e3o atual <\/a><\/li>\n\n\n\n<li><a href=\"#carreira\">Carreira<\/a>\n<ul class=\"wp-block-list\">\n<li><a href=\"#cargo\">Cargos e Vagas<\/a><\/li>\n\n\n\n<li><a href=\"#remunera\u00e7\u00e3o\">Remunera\u00e7\u00e3o<\/a><\/li>\n\n\n\n<li><a href=\"#requisito\">Requisitos<\/a><\/li>\n<\/ul>\n<\/li>\n\n\n\n<li><a href=\"#ultimo\">\u00daltimo concurso <\/a><\/li>\n\n\n\n<li><a href=\"#curso\">Cursos e Assinaturas<\/a><\/li>\n\n\n\n<li><a href=\"#ficha\">Ficha T\u00e9cnica<\/a><\/li>\n<\/ul>\n\n\n\n<h2 class=\"wp-block-heading\" id=\"ATUAL\"><span id=\"situacao-atual-do-concurso-procurador-crefito-8\">Situa\u00e7\u00e3o atual do concurso Procurador CREFITO 8<\/span><\/h2>\n\n\n\n<p class=\"has-medium-font-size\"><strong>Principais datas:<\/strong><\/p>\n\n\n\n<p class=\"has-pale-ocean-gradient-background has-background\"><strong>Prazo de inscri\u00e7\u00e3o: <\/strong><s>31\/01 a 08\/04\/2024<\/s><br><strong>Pedido de isen\u00e7\u00e3o:<\/strong> <s>31\/01 a 02\/02\/2023<\/s><br><strong>Pagamento da taxa:<\/strong>&nbsp;<s>at\u00e9 09\/04\/2024<\/s><br><strong>Prova objetiva:<\/strong> <s>19\/05\/2024<\/s><\/p>\n\n\n\n<h2 class=\"wp-block-heading\" id=\"carreira\"><span id=\"procurador-crefito-8-carreira\">Procurador CREFITO 8: Carreira<\/span><\/h2>\n\n\n\n<h3 class=\"wp-block-heading\" id=\"cargo\"><span id=\"cargos-e-vagas\">Cargos e Vagas<\/span><\/h3>\n\n\n\n<p>Procurador &#8211; 25 + CR<\/p>\n\n\n\n<h3 class=\"wp-block-heading\" id=\"remunera\u00e7\u00e3o\"><span id=\"remuneracao-do-cargo-de-procurador\">Remunera\u00e7\u00e3o do cargo de Procurador <\/span><\/h3>\n\n\n\n<ul class=\"wp-block-list\">\n<li>Procurador Inicial:   <strong>R$ 13.558,64<\/strong><\/li>\n<\/ul>\n\n\n\n<p><strong>Benef\u00edcios:<\/strong><\/p>\n\n\n\n<ul class=\"wp-block-list\">\n<li>a) Vale alimenta\u00e7\u00e3o\/refei\u00e7\u00e3o;<\/li>\n\n\n\n<li>b) Plano de Sa\u00fade\/ Odontol\u00f3gico;<\/li>\n\n\n\n<li>c) Gratifica\u00e7\u00e3o para autocuidado, sa\u00fade e bem-estar : O CREFITO-8, reembolsar\u00e1 mensalmente aos seus empregados o valor de R$ 156,54 (cento e cinquenta e seis reais e cinquenta e quatro centavos) a t\u00edtulo de autocuidado, sa\u00fade, bem-estar, que poder\u00e1 ser utilizado em academias, cl\u00ednicas ou com profissional aut\u00f4nomo qualificado, como aulas de yoga, medita\u00e7\u00e3o, fisioterapia, pilates, condicionamento f\u00edsico e tamb\u00e9m com profissionais especializado, para acompanhamento psicol\u00f3gico (terapeutas, psic\u00f3logos e psiquiatras), desde que comprovado o pagamento mediante apresenta\u00e7\u00e3o de nota fiscal (cl\u00ednicas e academias) ou recibo de pessoa f\u00edsica com CPF para profissionais aut\u00f4nomos;<\/li>\n\n\n\n<li>d) Folga no dia do anivers\u00e1rio;<\/li>\n\n\n\n<li>e) Folga no dia do anivers\u00e1rio do filho;<\/li>\n\n\n\n<li>f) Folga de 3 dias a cada 10 anos completos de contrato de trabalho; e<\/li>\n\n\n\n<li>g) Recesso administrativo de 5 dias cont\u00ednuos por ano.<\/li>\n<\/ul>\n\n\n\n<h3 class=\"wp-block-heading\" id=\"requisito\"><span id=\"requisitos-do-cargo-de-procurador\">Requisitos do cargo de Procurador <\/span><\/h3>\n\n\n\n<p>Procurador &#8211; N\u00edvel Superior em Direito + OAB<\/p>\n\n\n\n<h2 class=\"wp-block-heading\" id=\"h-procurador-crefito-8-etapas\"><span id=\"procurador-crefito-8-etapas\"> Procurador CREFITO 8: etapas<\/span><\/h2>\n\n\n\n<p>Os candidatos ao concurso Procurador CREFITO 8 foram avaliados por meio das seguintes etapas:<\/p>\n\n\n\n<ul class=\"wp-block-list\">\n<li><strong>Prova Objetiva<\/strong>, de car\u00e1ter eliminat\u00f3rio e classificat\u00f3rio;<\/li>\n\n\n\n<li>Avalia\u00e7\u00e3o de T\u00edtulos, de car\u00e1ter eliminat\u00f3rio e classificat\u00f3rio;<\/li>\n<\/ul>\n\n\n\n<h3 class=\"wp-block-heading\" id=\"h-prova-objetiva\"><span id=\"prova-objetiva\"><strong>Prova Objetiva<\/strong><\/span><\/h3>\n\n\n\n<p>As fases do concurso p\u00fablico foram realizadas nas cidades de Cascavel\/PR, Curitiba\/PR e Maring\u00e1\/PR.<\/p>\n\n\n\n<p>A prova objetiva, de car\u00e1ter eliminat\u00f3rio e classificat\u00f3rio, foi composta de 120 itens, valendo 120,00 pontos.<\/p>\n\n\n\n<figure class=\"wp-block-image size-full\"><img decoding=\"async\" width=\"1011\" height=\"234\" src=\"https:\/\/cj.estrategia.com\/portal\/wp-content\/uploads\/2024\/02\/01135010\/image-1.png\" alt=\"\" class=\"wp-image-54581\" srcset=\"https:\/\/cj.estrategia.com\/portal\/wp-content\/uploads\/2024\/02\/01135010\/image-1.png 1011w, https:\/\/cj.estrategia.com\/portal\/wp-content\/uploads\/2024\/02\/01135010\/image-1-300x69.png 300w, https:\/\/cj.estrategia.com\/portal\/wp-content\/uploads\/2024\/02\/01135010\/image-1-768x178.png 768w, https:\/\/cj.estrategia.com\/portal\/wp-content\/uploads\/2024\/02\/01135010\/image-1-380x88.png 380w, https:\/\/cj.estrategia.com\/portal\/wp-content\/uploads\/2024\/02\/01135010\/image-1-800x185.png 800w, https:\/\/cj.estrategia.com\/portal\/wp-content\/uploads\/2024\/02\/01135010\/image-1-150x35.png 150w\" sizes=\"(max-width: 1011px) 100vw, 1011px\" \/><\/figure>\n\n\n\n<h3 class=\"wp-block-heading\" id=\"h-avaliacao-de-titulos\"><span id=\"avaliacao-de-titulos\">Avalia\u00e7\u00e3o de T\u00edtulos<\/span><\/h3>\n\n\n\n<figure class=\"wp-block-image size-full\"><img decoding=\"async\" width=\"1001\" height=\"309\" src=\"https:\/\/cj.estrategia.com\/portal\/wp-content\/uploads\/2024\/02\/01135040\/image-2.png\" alt=\"\" class=\"wp-image-54582\" srcset=\"https:\/\/cj.estrategia.com\/portal\/wp-content\/uploads\/2024\/02\/01135040\/image-2.png 1001w, https:\/\/cj.estrategia.com\/portal\/wp-content\/uploads\/2024\/02\/01135040\/image-2-300x93.png 300w, https:\/\/cj.estrategia.com\/portal\/wp-content\/uploads\/2024\/02\/01135040\/image-2-768x237.png 768w, https:\/\/cj.estrategia.com\/portal\/wp-content\/uploads\/2024\/02\/01135040\/image-2-380x117.png 380w, https:\/\/cj.estrategia.com\/portal\/wp-content\/uploads\/2024\/02\/01135040\/image-2-800x247.png 800w, https:\/\/cj.estrategia.com\/portal\/wp-content\/uploads\/2024\/02\/01135040\/image-2-150x46.png 150w\" sizes=\"(max-width: 1001px) 100vw, 1001px\" \/><\/figure>\n\n\n\n<h2 class=\"wp-block-heading has-text-align-center\" id=\"cursos\"><span id=\"quer-saber-tudo-sobre-concursos-previstosconfira-nossos-artigos\">Quer saber tudo sobre concursos previstos?<br>Confira nossos artigos!<\/span><\/h2>\n\n\n\n<ul class=\"wp-block-list\">\n<li><a href=\"https:\/\/cj.estrategia.com\/portal\/concursos-abertos-carreiras-juridicas\/\">Concursos jur\u00eddicos abertos<\/a><\/li>\n\n\n\n<li><a href=\"https:\/\/cj.estrategia.com\/portal\/concursos-juridicos-2026\/\">Concursos jur\u00eddicos 2026<\/a><\/li>\n\n\n\n<li><a href=\"https:\/\/cj.estrategia.com\/portal\/concursos-procuradorias\/\">Concursos procuradorias<\/a><\/li>\n<\/ul>\n\n\n\n<div class=\"wp-block-cover\" style=\"min-height:155px;aspect-ratio:unset;\"><img decoding=\"async\" width=\"1890\" height=\"351\" class=\"wp-block-cover__image-background wp-image-8669\" alt=\"Assinaturas Jur\u00eddicas\" src=\"https:\/\/cj.estrategia.com\/portal\/wp-content\/uploads\/2022\/06\/20151253\/concurso-carreiras-juridicas-assinatura-juridica.jpg\" style=\"object-position:78% 43%\" data-object-fit=\"cover\" data-object-position=\"78% 43%\" srcset=\"https:\/\/cj.estrategia.com\/portal\/wp-content\/uploads\/2022\/06\/20151253\/concurso-carreiras-juridicas-assinatura-juridica.jpg 1890w, https:\/\/cj.estrategia.com\/portal\/wp-content\/uploads\/2022\/06\/20151253\/concurso-carreiras-juridicas-assinatura-juridica-300x56.jpg 300w, https:\/\/cj.estrategia.com\/portal\/wp-content\/uploads\/2022\/06\/20151253\/concurso-carreiras-juridicas-assinatura-juridica-1024x190.jpg 1024w, https:\/\/cj.estrategia.com\/portal\/wp-content\/uploads\/2022\/06\/20151253\/concurso-carreiras-juridicas-assinatura-juridica-768x143.jpg 768w, https:\/\/cj.estrategia.com\/portal\/wp-content\/uploads\/2022\/06\/20151253\/concurso-carreiras-juridicas-assinatura-juridica-1536x285.jpg 1536w, https:\/\/cj.estrategia.com\/portal\/wp-content\/uploads\/2022\/06\/20151253\/concurso-carreiras-juridicas-assinatura-juridica-380x71.jpg 380w, https:\/\/cj.estrategia.com\/portal\/wp-content\/uploads\/2022\/06\/20151253\/concurso-carreiras-juridicas-assinatura-juridica-800x149.jpg 800w, https:\/\/cj.estrategia.com\/portal\/wp-content\/uploads\/2022\/06\/20151253\/concurso-carreiras-juridicas-assinatura-juridica-1160x215.jpg 1160w\" sizes=\"(max-width: 1890px) 100vw, 1890px\" \/><span aria-hidden=\"true\" class=\"wp-block-cover__background has-background-dim\"><\/span><div class=\"wp-block-cover__inner-container is-layout-flow wp-block-cover-is-layout-flow\">\n<h3 id=\"faca-a-sua-assinatura\" class=\"titulo-assinatura\"><span style=\"color: #ffffff;\">Fa\u00e7a a sua assinatura!<\/span><\/h3>\n<p class=\"subtitulo-assinatura\" style=\"display:block!important; line-height: 0;\"><span style=\"color: #ffffff;\">Escolha a sua \u00e1rea.<\/span><\/p>\n<a target=\"_blank\" href=\"https:\/\/www.estrategiaconcursos.com.br\/assinaturas-ecj\/\" rel=\"noopener\"><button style=\"border-radius: 10px; text-transform: capitalize;\">Acessar<\/button><\/a>\n<\/div><\/div>\n\n\n\n<p><em>Prepare-se com o melhor material e com quem mais aprova em Concursos P\u00fablicos em todo o pa\u00eds.<\/em><\/p>\n\n\n\n<figure class=\"wp-block-image size-large is-resized\"><img decoding=\"async\" src=\"https:\/\/dhg1h5j42swfq.cloudfront.net\/2021\/04\/14141837\/ficha-tecnica-133-1024x632.png\" alt=\"ficha t\u00e9cnica para o concurso advogado carapicu\u00edba\n\" class=\"wp-image-714035\" style=\"width:191px;height:auto\"\/><\/figure>\n\n\n\n<h4 class=\"wp-block-heading\" id=\"ficha\"><span id=\"informacoes-sobre-o-concurso-procurador-crefito-8\"><span style=\"font-size: 14pt;\"><strong>Informa\u00e7\u00f5es sobre o <\/strong><\/span><strong>Concurso Procurador CREFITO <\/strong>8<\/span><\/h4>\n\n\n\n<p>\u25ba<strong>Vagas<\/strong>: 25 + CR<br>\u25ba<strong>Provas: <\/strong>19\/05\/2024<br>\u25ba<strong>Cargos<\/strong>: Procurador<br>\u25ba<strong>Banca<\/strong>: Instituto Quadrix<em>.<\/em><br>\u25ba<strong><a href=\"https:\/\/cj.estrategia.com\/portal\/wp-content\/uploads\/2024\/02\/01135242\/1_CREFITO-8_concurso_publico_2024_edital_1_abertura.pdf\">Edital Procurador CREFITO 8<\/a><\/strong><\/p>\n","protected":false},"excerpt":{"rendered":"O Conselho Federal de Fisioterapia e Terapia Ocupacional publicou o resultado final do Concurso Procurador CREFITO 8. O&hellip;\n","protected":false},"author":12,"featured_media":169991,"comment_status":"open","ping_status":"open","sticky":false,"template":"","format":"standard","meta":{"_jetpack_memberships_contains_paid_content":false,"footnotes":""},"categories":[24],"tags":[],"tax_estado":[36],"class_list":{"0":"post-54578","1":"post","2":"type-post","3":"status-publish","4":"format-standard","5":"has-post-thumbnail","7":"category-procuradoria","8":"tax_estado-concursos-federais"},"acf":[],"yoast_head":"<!-- This site is optimized with the Yoast SEO Premium plugin v27.4 (Yoast SEO v27.4) - https:\/\/yoast.com\/product\/yoast-seo-premium-wordpress\/ -->\n<title>Concurso Procurador CREFITO 8: resultado final publicado<\/title>\n<meta name=\"description\" content=\"Concurso Procurador CREFITO 8: confira AQUI os principais detalhes desta sele\u00e7\u00e3o que ofertou 25 vagas para procurador!\" \/>\n<meta name=\"robots\" content=\"index, follow, max-snippet:-1, max-image-preview:large, max-video-preview:-1\" \/>\n<link rel=\"canonical\" href=\"https:\/\/cj.estrategia.com\/portal\/concurso-procurador-crefito-8\/\" \/>\n<meta property=\"og:locale\" content=\"pt_BR\" \/>\n<meta property=\"og:type\" content=\"article\" \/>\n<meta property=\"og:title\" content=\"Concurso Procurador CREFITO 8: resultado final publicado\" \/>\n<meta property=\"og:description\" content=\"Concurso Procurador CREFITO 8: confira AQUI os principais detalhes desta sele\u00e7\u00e3o que ofertou 25 vagas para procurador!\" \/>\n<meta property=\"og:url\" content=\"https:\/\/cj.estrategia.com\/portal\/concurso-procurador-crefito-8\/\" \/>\n<meta property=\"og:site_name\" content=\"Blog - Carreiras Jur\u00eddicas - Estrat\u00e9gia\" \/>\n<meta property=\"article:publisher\" content=\"https:\/\/www.facebook.com\/estrategiacarreirajuridica\/\" \/>\n<meta property=\"article:published_time\" content=\"2024-08-02T14:54:00+00:00\" \/>\n<meta property=\"article:modified_time\" content=\"2025-12-17T23:05:29+00:00\" \/>\n<meta property=\"og:image\" content=\"https:\/\/cj.estrategia.com\/portal\/wp-content\/uploads\/2025\/12\/17195659\/Concursos-Procuradorias.jpg\" \/>\n\t<meta property=\"og:image:width\" content=\"768\" \/>\n\t<meta property=\"og:image:height\" content=\"432\" \/>\n\t<meta property=\"og:image:type\" content=\"image\/jpeg\" \/>\n<meta name=\"author\" content=\"Coordena\u00e7\u00e3o\" \/>\n<meta name=\"twitter:card\" content=\"summary_large_image\" \/>\n<meta name=\"twitter:creator\" content=\"@EstratJuridica\" \/>\n<meta name=\"twitter:site\" content=\"@EstratJuridica\" \/>\n<meta name=\"twitter:label1\" content=\"Escrito por\" \/>\n\t<meta name=\"twitter:data1\" content=\"Coordena\u00e7\u00e3o\" \/>\n\t<meta name=\"twitter:label2\" content=\"Est. tempo de leitura\" \/>\n\t<meta name=\"twitter:data2\" content=\"7 minutos\" \/>\n<script type=\"application\/ld+json\" class=\"yoast-schema-graph\">{\"@context\":\"https:\\\/\\\/schema.org\",\"@graph\":[{\"@type\":\"NewsArticle\",\"@id\":\"https:\\\/\\\/cj.estrategia.com\\\/portal\\\/concurso-procurador-crefito-8\\\/#article\",\"isPartOf\":{\"@id\":\"https:\\\/\\\/cj.estrategia.com\\\/portal\\\/concurso-procurador-crefito-8\\\/\"},\"author\":{\"name\":\"Coordena\u00e7\u00e3o\",\"@id\":\"https:\\\/\\\/cj.estrategia.com\\\/portal\\\/#\\\/schema\\\/person\\\/4d70317d31449932b99102916b6637f5\"},\"headline\":\"Concurso Procurador CREFITO 8: resultado final publicado\",\"datePublished\":\"2024-08-02T14:54:00+00:00\",\"dateModified\":\"2025-12-17T23:05:29+00:00\",\"mainEntityOfPage\":{\"@id\":\"https:\\\/\\\/cj.estrategia.com\\\/portal\\\/concurso-procurador-crefito-8\\\/\"},\"wordCount\":488,\"commentCount\":0,\"publisher\":{\"@id\":\"https:\\\/\\\/cj.estrategia.com\\\/portal\\\/#organization\"},\"image\":{\"@id\":\"https:\\\/\\\/cj.estrategia.com\\\/portal\\\/concurso-procurador-crefito-8\\\/#primaryimage\"},\"thumbnailUrl\":\"https:\\\/\\\/cj.estrategia.com\\\/portal\\\/wp-content\\\/uploads\\\/2025\\\/12\\\/17195659\\\/Concursos-Procuradorias.jpg\",\"articleSection\":[\"Procuradoria\"],\"inLanguage\":\"pt-BR\",\"potentialAction\":[{\"@type\":\"CommentAction\",\"name\":\"Comment\",\"target\":[\"https:\\\/\\\/cj.estrategia.com\\\/portal\\\/concurso-procurador-crefito-8\\\/#respond\"]}]},{\"@type\":\"WebPage\",\"@id\":\"https:\\\/\\\/cj.estrategia.com\\\/portal\\\/concurso-procurador-crefito-8\\\/\",\"url\":\"https:\\\/\\\/cj.estrategia.com\\\/portal\\\/concurso-procurador-crefito-8\\\/\",\"name\":\"Concurso Procurador CREFITO 8: resultado final publicado\",\"isPartOf\":{\"@id\":\"https:\\\/\\\/cj.estrategia.com\\\/portal\\\/#website\"},\"primaryImageOfPage\":{\"@id\":\"https:\\\/\\\/cj.estrategia.com\\\/portal\\\/concurso-procurador-crefito-8\\\/#primaryimage\"},\"image\":{\"@id\":\"https:\\\/\\\/cj.estrategia.com\\\/portal\\\/concurso-procurador-crefito-8\\\/#primaryimage\"},\"thumbnailUrl\":\"https:\\\/\\\/cj.estrategia.com\\\/portal\\\/wp-content\\\/uploads\\\/2025\\\/12\\\/17195659\\\/Concursos-Procuradorias.jpg\",\"datePublished\":\"2024-08-02T14:54:00+00:00\",\"dateModified\":\"2025-12-17T23:05:29+00:00\",\"description\":\"Concurso Procurador CREFITO 8: confira AQUI os principais detalhes desta sele\u00e7\u00e3o que ofertou 25 vagas para procurador!\",\"breadcrumb\":{\"@id\":\"https:\\\/\\\/cj.estrategia.com\\\/portal\\\/concurso-procurador-crefito-8\\\/#breadcrumb\"},\"inLanguage\":\"pt-BR\",\"potentialAction\":[{\"@type\":\"ReadAction\",\"target\":[\"https:\\\/\\\/cj.estrategia.com\\\/portal\\\/concurso-procurador-crefito-8\\\/\"]}]},{\"@type\":\"ImageObject\",\"inLanguage\":\"pt-BR\",\"@id\":\"https:\\\/\\\/cj.estrategia.com\\\/portal\\\/concurso-procurador-crefito-8\\\/#primaryimage\",\"url\":\"https:\\\/\\\/cj.estrategia.com\\\/portal\\\/wp-content\\\/uploads\\\/2025\\\/12\\\/17195659\\\/Concursos-Procuradorias.jpg\",\"contentUrl\":\"https:\\\/\\\/cj.estrategia.com\\\/portal\\\/wp-content\\\/uploads\\\/2025\\\/12\\\/17195659\\\/Concursos-Procuradorias.jpg\",\"width\":768,\"height\":432},{\"@type\":\"BreadcrumbList\",\"@id\":\"https:\\\/\\\/cj.estrategia.com\\\/portal\\\/concurso-procurador-crefito-8\\\/#breadcrumb\",\"itemListElement\":[{\"@type\":\"ListItem\",\"position\":1,\"name\":\"In\u00edcio\",\"item\":\"https:\\\/\\\/cj.estrategia.com\\\/portal\\\/\"},{\"@type\":\"ListItem\",\"position\":2,\"name\":\"Concurso Procurador CREFITO 8: resultado final publicado\"}]},{\"@type\":\"WebSite\",\"@id\":\"https:\\\/\\\/cj.estrategia.com\\\/portal\\\/#website\",\"url\":\"https:\\\/\\\/cj.estrategia.com\\\/portal\\\/\",\"name\":\"Blog - Carreiras Jur\u00eddicas - Estrat\u00e9gia\",\"description\":\"\",\"publisher\":{\"@id\":\"https:\\\/\\\/cj.estrategia.com\\\/portal\\\/#organization\"},\"potentialAction\":[{\"@type\":\"SearchAction\",\"target\":{\"@type\":\"EntryPoint\",\"urlTemplate\":\"https:\\\/\\\/cj.estrategia.com\\\/portal\\\/?s={search_term_string}\"},\"query-input\":{\"@type\":\"PropertyValueSpecification\",\"valueRequired\":true,\"valueName\":\"search_term_string\"}}],\"inLanguage\":\"pt-BR\"},{\"@type\":\"Organization\",\"@id\":\"https:\\\/\\\/cj.estrategia.com\\\/portal\\\/#organization\",\"name\":\"Estrat\u00e9gia - Carreiras Jur\u00eddicas\",\"url\":\"https:\\\/\\\/cj.estrategia.com\\\/portal\\\/\",\"logo\":{\"@type\":\"ImageObject\",\"inLanguage\":\"pt-BR\",\"@id\":\"https:\\\/\\\/cj.estrategia.com\\\/portal\\\/#\\\/schema\\\/logo\\\/image\\\/\",\"url\":\"https:\\\/\\\/cj.estrategia.com\\\/portal\\\/wp-content\\\/uploads\\\/2022\\\/03\\\/11151052\\\/cj-logo.png\",\"contentUrl\":\"https:\\\/\\\/cj.estrategia.com\\\/portal\\\/wp-content\\\/uploads\\\/2022\\\/03\\\/11151052\\\/cj-logo.png\",\"width\":150,\"height\":39,\"caption\":\"Estrat\u00e9gia - Carreiras Jur\u00eddicas\"},\"image\":{\"@id\":\"https:\\\/\\\/cj.estrategia.com\\\/portal\\\/#\\\/schema\\\/logo\\\/image\\\/\"},\"sameAs\":[\"https:\\\/\\\/www.facebook.com\\\/estrategiacarreirajuridica\\\/\",\"https:\\\/\\\/x.com\\\/EstratJuridica\",\"https:\\\/\\\/www.instagram.com\\\/estrategiacarreirajuridica\\\/\",\"https:\\\/\\\/www.youtube.com\\\/channel\\\/UClbMGuYbj2Mh1m3w144ETWQ\"]},{\"@type\":\"Person\",\"@id\":\"https:\\\/\\\/cj.estrategia.com\\\/portal\\\/#\\\/schema\\\/person\\\/4d70317d31449932b99102916b6637f5\",\"name\":\"Coordena\u00e7\u00e3o\",\"image\":{\"@type\":\"ImageObject\",\"inLanguage\":\"pt-BR\",\"@id\":\"https:\\\/\\\/cj.estrategia.com\\\/portal\\\/wp-content\\\/uploads\\\/2022\\\/05\\\/12164923\\\/estrategia-carreira-juridica-coordenacao-96x96.png\",\"url\":\"https:\\\/\\\/cj.estrategia.com\\\/portal\\\/wp-content\\\/uploads\\\/2022\\\/05\\\/12164923\\\/estrategia-carreira-juridica-coordenacao-96x96.png\",\"contentUrl\":\"https:\\\/\\\/cj.estrategia.com\\\/portal\\\/wp-content\\\/uploads\\\/2022\\\/05\\\/12164923\\\/estrategia-carreira-juridica-coordenacao-96x96.png\",\"caption\":\"Coordena\u00e7\u00e3o\"},\"url\":\"https:\\\/\\\/cj.estrategia.com\\\/portal\\\/author\\\/coordenacao\\\/\"}]}<\/script>\n<!-- \/ Yoast SEO Premium plugin. -->","yoast_head_json":{"title":"Concurso Procurador CREFITO 8: resultado final publicado","description":"Concurso Procurador CREFITO 8: confira AQUI os principais detalhes desta sele\u00e7\u00e3o que ofertou 25 vagas para procurador!","robots":{"index":"index","follow":"follow","max-snippet":"max-snippet:-1","max-image-preview":"max-image-preview:large","max-video-preview":"max-video-preview:-1"},"canonical":"https:\/\/cj.estrategia.com\/portal\/concurso-procurador-crefito-8\/","og_locale":"pt_BR","og_type":"article","og_title":"Concurso Procurador CREFITO 8: resultado final publicado","og_description":"Concurso Procurador CREFITO 8: confira AQUI os principais detalhes desta sele\u00e7\u00e3o que ofertou 25 vagas para procurador!","og_url":"https:\/\/cj.estrategia.com\/portal\/concurso-procurador-crefito-8\/","og_site_name":"Blog - Carreiras Jur\u00eddicas - Estrat\u00e9gia","article_publisher":"https:\/\/www.facebook.com\/estrategiacarreirajuridica\/","article_published_time":"2024-08-02T14:54:00+00:00","article_modified_time":"2025-12-17T23:05:29+00:00","og_image":[{"width":768,"height":432,"url":"https:\/\/cj.estrategia.com\/portal\/wp-content\/uploads\/2025\/12\/17195659\/Concursos-Procuradorias.jpg","type":"image\/jpeg"}],"author":"Coordena\u00e7\u00e3o","twitter_card":"summary_large_image","twitter_creator":"@EstratJuridica","twitter_site":"@EstratJuridica","twitter_misc":{"Escrito por":"Coordena\u00e7\u00e3o","Est. tempo de leitura":"7 minutos"},"schema":{"@context":"https:\/\/schema.org","@graph":[{"@type":"NewsArticle","@id":"https:\/\/cj.estrategia.com\/portal\/concurso-procurador-crefito-8\/#article","isPartOf":{"@id":"https:\/\/cj.estrategia.com\/portal\/concurso-procurador-crefito-8\/"},"author":{"name":"Coordena\u00e7\u00e3o","@id":"https:\/\/cj.estrategia.com\/portal\/#\/schema\/person\/4d70317d31449932b99102916b6637f5"},"headline":"Concurso Procurador CREFITO 8: resultado final publicado","datePublished":"2024-08-02T14:54:00+00:00","dateModified":"2025-12-17T23:05:29+00:00","mainEntityOfPage":{"@id":"https:\/\/cj.estrategia.com\/portal\/concurso-procurador-crefito-8\/"},"wordCount":488,"commentCount":0,"publisher":{"@id":"https:\/\/cj.estrategia.com\/portal\/#organization"},"image":{"@id":"https:\/\/cj.estrategia.com\/portal\/concurso-procurador-crefito-8\/#primaryimage"},"thumbnailUrl":"https:\/\/cj.estrategia.com\/portal\/wp-content\/uploads\/2025\/12\/17195659\/Concursos-Procuradorias.jpg","articleSection":["Procuradoria"],"inLanguage":"pt-BR","potentialAction":[{"@type":"CommentAction","name":"Comment","target":["https:\/\/cj.estrategia.com\/portal\/concurso-procurador-crefito-8\/#respond"]}]},{"@type":"WebPage","@id":"https:\/\/cj.estrategia.com\/portal\/concurso-procurador-crefito-8\/","url":"https:\/\/cj.estrategia.com\/portal\/concurso-procurador-crefito-8\/","name":"Concurso Procurador CREFITO 8: resultado final publicado","isPartOf":{"@id":"https:\/\/cj.estrategia.com\/portal\/#website"},"primaryImageOfPage":{"@id":"https:\/\/cj.estrategia.com\/portal\/concurso-procurador-crefito-8\/#primaryimage"},"image":{"@id":"https:\/\/cj.estrategia.com\/portal\/concurso-procurador-crefito-8\/#primaryimage"},"thumbnailUrl":"https:\/\/cj.estrategia.com\/portal\/wp-content\/uploads\/2025\/12\/17195659\/Concursos-Procuradorias.jpg","datePublished":"2024-08-02T14:54:00+00:00","dateModified":"2025-12-17T23:05:29+00:00","description":"Concurso Procurador CREFITO 8: confira AQUI os principais detalhes desta sele\u00e7\u00e3o que ofertou 25 vagas para procurador!","breadcrumb":{"@id":"https:\/\/cj.estrategia.com\/portal\/concurso-procurador-crefito-8\/#breadcrumb"},"inLanguage":"pt-BR","potentialAction":[{"@type":"ReadAction","target":["https:\/\/cj.estrategia.com\/portal\/concurso-procurador-crefito-8\/"]}]},{"@type":"ImageObject","inLanguage":"pt-BR","@id":"https:\/\/cj.estrategia.com\/portal\/concurso-procurador-crefito-8\/#primaryimage","url":"https:\/\/cj.estrategia.com\/portal\/wp-content\/uploads\/2025\/12\/17195659\/Concursos-Procuradorias.jpg","contentUrl":"https:\/\/cj.estrategia.com\/portal\/wp-content\/uploads\/2025\/12\/17195659\/Concursos-Procuradorias.jpg","width":768,"height":432},{"@type":"BreadcrumbList","@id":"https:\/\/cj.estrategia.com\/portal\/concurso-procurador-crefito-8\/#breadcrumb","itemListElement":[{"@type":"ListItem","position":1,"name":"In\u00edcio","item":"https:\/\/cj.estrategia.com\/portal\/"},{"@type":"ListItem","position":2,"name":"Concurso Procurador CREFITO 8: resultado final publicado"}]},{"@type":"WebSite","@id":"https:\/\/cj.estrategia.com\/portal\/#website","url":"https:\/\/cj.estrategia.com\/portal\/","name":"Blog - Carreiras Jur\u00eddicas - Estrat\u00e9gia","description":"","publisher":{"@id":"https:\/\/cj.estrategia.com\/portal\/#organization"},"potentialAction":[{"@type":"SearchAction","target":{"@type":"EntryPoint","urlTemplate":"https:\/\/cj.estrategia.com\/portal\/?s={search_term_string}"},"query-input":{"@type":"PropertyValueSpecification","valueRequired":true,"valueName":"search_term_string"}}],"inLanguage":"pt-BR"},{"@type":"Organization","@id":"https:\/\/cj.estrategia.com\/portal\/#organization","name":"Estrat\u00e9gia - Carreiras Jur\u00eddicas","url":"https:\/\/cj.estrategia.com\/portal\/","logo":{"@type":"ImageObject","inLanguage":"pt-BR","@id":"https:\/\/cj.estrategia.com\/portal\/#\/schema\/logo\/image\/","url":"https:\/\/cj.estrategia.com\/portal\/wp-content\/uploads\/2022\/03\/11151052\/cj-logo.png","contentUrl":"https:\/\/cj.estrategia.com\/portal\/wp-content\/uploads\/2022\/03\/11151052\/cj-logo.png","width":150,"height":39,"caption":"Estrat\u00e9gia - Carreiras Jur\u00eddicas"},"image":{"@id":"https:\/\/cj.estrategia.com\/portal\/#\/schema\/logo\/image\/"},"sameAs":["https:\/\/www.facebook.com\/estrategiacarreirajuridica\/","https:\/\/x.com\/EstratJuridica","https:\/\/www.instagram.com\/estrategiacarreirajuridica\/","https:\/\/www.youtube.com\/channel\/UClbMGuYbj2Mh1m3w144ETWQ"]},{"@type":"Person","@id":"https:\/\/cj.estrategia.com\/portal\/#\/schema\/person\/4d70317d31449932b99102916b6637f5","name":"Coordena\u00e7\u00e3o","image":{"@type":"ImageObject","inLanguage":"pt-BR","@id":"https:\/\/cj.estrategia.com\/portal\/wp-content\/uploads\/2022\/05\/12164923\/estrategia-carreira-juridica-coordenacao-96x96.png","url":"https:\/\/cj.estrategia.com\/portal\/wp-content\/uploads\/2022\/05\/12164923\/estrategia-carreira-juridica-coordenacao-96x96.png","contentUrl":"https:\/\/cj.estrategia.com\/portal\/wp-content\/uploads\/2022\/05\/12164923\/estrategia-carreira-juridica-coordenacao-96x96.png","caption":"Coordena\u00e7\u00e3o"},"url":"https:\/\/cj.estrategia.com\/portal\/author\/coordenacao\/"}]}},"jetpack_featured_media_url":"https:\/\/cj.estrategia.com\/portal\/wp-content\/uploads\/2025\/12\/17195659\/Concursos-Procuradorias.jpg","jetpack_sharing_enabled":true,"_links":{"self":[{"href":"https:\/\/cj.estrategia.com\/portal\/wp-json\/wp\/v2\/posts\/54578","targetHints":{"allow":["GET"]}}],"collection":[{"href":"https:\/\/cj.estrategia.com\/portal\/wp-json\/wp\/v2\/posts"}],"about":[{"href":"https:\/\/cj.estrategia.com\/portal\/wp-json\/wp\/v2\/types\/post"}],"author":[{"embeddable":true,"href":"https:\/\/cj.estrategia.com\/portal\/wp-json\/wp\/v2\/users\/12"}],"replies":[{"embeddable":true,"href":"https:\/\/cj.estrategia.com\/portal\/wp-json\/wp\/v2\/comments?post=54578"}],"version-history":[{"count":8,"href":"https:\/\/cj.estrategia.com\/portal\/wp-json\/wp\/v2\/posts\/54578\/revisions"}],"predecessor-version":[{"id":169911,"href":"https:\/\/cj.estrategia.com\/portal\/wp-json\/wp\/v2\/posts\/54578\/revisions\/169911"}],"wp:featuredmedia":[{"embeddable":true,"href":"https:\/\/cj.estrategia.com\/portal\/wp-json\/wp\/v2\/media\/169991"}],"wp:attachment":[{"href":"https:\/\/cj.estrategia.com\/portal\/wp-json\/wp\/v2\/media?parent=54578"}],"wp:term":[{"taxonomy":"category","embeddable":true,"href":"https:\/\/cj.estrategia.com\/portal\/wp-json\/wp\/v2\/categories?post=54578"},{"taxonomy":"post_tag","embeddable":true,"href":"https:\/\/cj.estrategia.com\/portal\/wp-json\/wp\/v2\/tags?post=54578"},{"taxonomy":"tax_estado","embeddable":true,"href":"https:\/\/cj.estrategia.com\/portal\/wp-json\/wp\/v2\/tax_estado?post=54578"}],"curies":[{"name":"wp","href":"https:\/\/api.w.org\/{rel}","templated":true}]}}