{"id":54516,"date":"2024-01-31T20:16:23","date_gmt":"2024-01-31T23:16:23","guid":{"rendered":"https:\/\/cj.estrategia.com\/portal\/?p=54516"},"modified":"2024-01-31T20:16:27","modified_gmt":"2024-01-31T23:16:27","slug":"recurso-direito-constitucional-delegado-pc-sc-confira","status":"publish","type":"post","link":"https:\/\/cj.estrategia.com\/portal\/recurso-direito-constitucional-delegado-pc-sc-confira\/","title":{"rendered":"Recurso Direito Constitucional Delegado PC SC; confira!"},"content":{"rendered":"\n<p><strong>Aten\u00e7\u00e3o!\u00a0<\/strong>A FGV, banca respons\u00e1vel pela organiza\u00e7\u00e3o do\u00a0<strong>Concurso Delegado SC<\/strong>, publicou o gabarito preliminar da prova objetiva aplicadas no \u00faltimo domingo (28\/01).<\/p>\n\n\n\n<p>Confira abaixo a possibilidade de recurso para a disciplina de Direito Constitucional, quest\u00e3o 18 da avalia\u00e7\u00e3o!<\/p>\n\n\n\n<p>O gabarito da Quest\u00e3o 18 encontra-se, com o devido respeito \u00e0 Banca Examinadora, equivocado.\u00a0<\/p>\n\n\n\n<p>O enunciado pede que o candidato assinale a alternativa em que a representa\u00e7\u00e3o interventiva ser\u00e1 cab\u00edvel. O art. 36, III, da CF\/88 prev\u00ea que a interven\u00e7\u00e3o federal depender\u00e1 de provimento, pelo Supremo Tribunal Federal, de representa\u00e7\u00e3o do Procurador-Geral da Rep\u00fablica, na hip\u00f3tese do art. 34, VII, e no caso de recusa \u00e0 execu\u00e7\u00e3o de lei federal.\u00a0<\/p>\n\n\n\n<p>Ou seja, a representa\u00e7\u00e3o interventiva ser\u00e1 necess\u00e1ria quando: houver recusa \u00e0 execu\u00e7\u00e3o da lei federal ou quando houver necessidade de assegurar: a) forma republicana, sistema representativo e regime democr\u00e1tico; b) direitos da pessoa humana; c) autonomia municipal; d) presta\u00e7\u00e3o de contas da administra\u00e7\u00e3o p\u00fablica, direta e indireta; e e) aplica\u00e7\u00e3o do m\u00ednimo exigido da receita resultante de impostos estaduais, compreendida a proveniente de transfer\u00eancias, na manuten\u00e7\u00e3o e desenvolvimento do ensino e nas a\u00e7\u00f5es e servi\u00e7os p\u00fablicos de sa\u00fade.\u00a0<\/p>\n\n\n\n<p>Os itens A, B, C e D, da prova Tipo 1 contemplam tais hip\u00f3teses e deveriam ser considerados corretos. J\u00e1 o item E, apontado como o gabarito pela Banca, traz uma hip\u00f3tese de interven\u00e7\u00e3o de of\u00edcio, onde n\u00e3o ser\u00e1 necess\u00e1rio o ajuizamento da representa\u00e7\u00e3o interventiva.\u00a0<\/p>\n\n\n\n<p>Por isso, pleiteia-se a anula\u00e7\u00e3o da quest\u00e3o ou, subsidiariamente, que os itens A, B, C e D sejam considerados corretos.\u00a0<\/p>\n\n\n\n<p>O gabarito da Quest\u00e3o 20 tamb\u00e9m se encontra, com o devido respeito \u00e0 Banca Examinadora, equivocado.\u00a0<\/p>\n\n\n\n<p>No Tema 548 da Repercuss\u00e3o Geral do Supremo Tribunal Federal, a quest\u00e3o do direito \u00e0 educa\u00e7\u00e3o das crian\u00e7as foi enfrentando pelo Supremo. Na oportunidade, fixou-se a seguinte tese:\u00a0<\/p>\n\n\n\n<p>1. A educa\u00e7\u00e3o b\u00e1sica em todas as suas fases \u2013 educa\u00e7\u00e3o infantil, ensino fundamental e ensino m\u00e9dio \u2013 constitui direito fundamental de todas as crian\u00e7as e jovens, assegurado por normas constitucionais de efic\u00e1cia plena e aplicabilidade direta e imediata. 2. A educa\u00e7\u00e3o infantil compreende creche (de zero a 3 anos) e a pr\u00e9-escola (de 4 a 5 anos). Sua oferta pelo Poder P\u00fablico pode ser exigida individualmente, como no caso examinado neste processo. 3. O Poder P\u00fablico tem o dever jur\u00eddico de dar efetividade integral \u00e0s normas constitucionais sobre acesso \u00e0 educa\u00e7\u00e3o b\u00e1sica.\u00a0<\/p>\n\n\n\n<p>Como se v\u00ea, o principal fundamento adotado foi a classifica\u00e7\u00e3o quanto \u00e0 efic\u00e1cia das normas constitucionais que veiculam tal direito. Afirmou-se que tais normas s\u00e3o de efic\u00e1cia plena e aplicabilidade direta e imediata.\u00a0<\/p>\n\n\n\n<p>Tal classifica\u00e7\u00e3o, cunhada pelo professor Jos\u00e9 Afonso da Silva, encontra paralelo em outros autores. Em verdade, j\u00e1 Rui Barbosa classificava as normas constitucionais, quanto \u00e0 sua efic\u00e1cia, em: autoexecut\u00e1veis e n\u00e3o autoexecut\u00e1veis. \u00c9 importante destacar que a classifica\u00e7\u00e3o reformulada de Jos\u00e9 Afonso da Silva n\u00e3o se afastou por completo dos ensinados de Rui Barbosa; ao contr\u00e1rio, as normas de efic\u00e1cia plena s\u00e3o sin\u00f4nimas das autoexecut\u00e1veis (ambas n\u00e3o dependem de provid\u00eancia posterior pelos poderes constitu\u00eddos para produzirem integralmente seus efeitos) e as de efic\u00e1cia limitada s\u00e3o sin\u00f4nimas das n\u00e3o autoexecut\u00e1veis.\u00a0<\/p>\n\n\n\n<p>A grande inova\u00e7\u00e3o de Jos\u00e9 Afonso da Silva est\u00e1 na previs\u00e3o de uma nova modalidade (as normas de efic\u00e1cia contida) e, tamb\u00e9m, na previs\u00e3o de que mesmo as normas limitadas produzem alguns importantes efeitos, como, por exemplo, o efeito revogador.\u00a0<\/p>\n\n\n\n<p>Por tudo, v\u00ea-se que: i) o principal argumento do Supremo Tribunal Federal \u00e9 o de que o direito \u00e0 educa\u00e7\u00e3o \u00e9 uma norma de efic\u00e1cia plena, produzindo direitos subjetivos exig\u00edveis judicialmente por seus titulares; e ii) as normas de efic\u00e1cia plena s\u00e3o sin\u00f4nimas e n\u00e3o possuem diferentes ontol\u00f3gicas \u00e0s chamadas \u201cnormas autoexecut\u00e1veis\u201d. Em verdade, cuidam-se de dois diferentes termos que se referem a uma mesma e exata realidade.\u00a0<\/p>\n\n\n\n<p>Assim, sugere-se \u00e0 banca que seja tamb\u00e9m considerada correto o item B da prova tipo 1.\u00a0<\/p>\n\n\n\n<h2 class=\"wp-block-heading has-text-align-center\" id=\"cursos\"><span id=\"quer-saber-tudo-sobre-concursos-previstosconfira-nossos-artigos\">Quer saber tudo sobre concursos previstos?<br><strong>Confira nossos artigos!<\/strong><\/span><\/h2>\n\n\n\n\n\n<h2 class=\"wp-block-heading has-text-align-center\" id=\"cursos-assinatura\"><span id=\"quer-estudar-para-o-concurso-delegado-sc\">Quer estudar para o concurso Delegado SC?<\/span><\/h2>\n\n\n\n<p class=\"has-text-align-center\"><em>Gostou desta oportunidade e deseja se preparar para esse concurso? Ent\u00e3o, confira nosso curso exclusivo e inicie seus estudos agora mesmo:<\/em><\/p>\n\n\n\n<div class=\"wp-block-cover\" style=\"min-height:155px;aspect-ratio:unset;\"><img decoding=\"async\" width=\"1890\" height=\"351\" class=\"wp-block-cover__image-background wp-image-8669\" alt=\"Assinaturas Jur\u00eddicas\" src=\"https:\/\/cj.estrategia.com\/portal\/wp-content\/uploads\/2022\/06\/20151253\/concurso-carreiras-juridicas-assinatura-juridica.jpg\" style=\"object-position:78% 43%\" data-object-fit=\"cover\" data-object-position=\"78% 43%\" srcset=\"https:\/\/cj.estrategia.com\/portal\/wp-content\/uploads\/2022\/06\/20151253\/concurso-carreiras-juridicas-assinatura-juridica.jpg 1890w, https:\/\/cj.estrategia.com\/portal\/wp-content\/uploads\/2022\/06\/20151253\/concurso-carreiras-juridicas-assinatura-juridica-300x56.jpg 300w, https:\/\/cj.estrategia.com\/portal\/wp-content\/uploads\/2022\/06\/20151253\/concurso-carreiras-juridicas-assinatura-juridica-1024x190.jpg 1024w, https:\/\/cj.estrategia.com\/portal\/wp-content\/uploads\/2022\/06\/20151253\/concurso-carreiras-juridicas-assinatura-juridica-768x143.jpg 768w, https:\/\/cj.estrategia.com\/portal\/wp-content\/uploads\/2022\/06\/20151253\/concurso-carreiras-juridicas-assinatura-juridica-1536x285.jpg 1536w, https:\/\/cj.estrategia.com\/portal\/wp-content\/uploads\/2022\/06\/20151253\/concurso-carreiras-juridicas-assinatura-juridica-380x71.jpg 380w, https:\/\/cj.estrategia.com\/portal\/wp-content\/uploads\/2022\/06\/20151253\/concurso-carreiras-juridicas-assinatura-juridica-800x149.jpg 800w, https:\/\/cj.estrategia.com\/portal\/wp-content\/uploads\/2022\/06\/20151253\/concurso-carreiras-juridicas-assinatura-juridica-1160x215.jpg 1160w\" sizes=\"(max-width: 1890px) 100vw, 1890px\" \/><span aria-hidden=\"true\" class=\"wp-block-cover__background has-background-dim\"><\/span><div class=\"wp-block-cover__inner-container is-layout-flow wp-block-cover-is-layout-flow\">\n<h3 id=\"faca-a-sua-assinatura\" class=\"titulo-assinatura\"><span style=\"color: #ffffff;\">Fa\u00e7a a sua assinatura!<\/span><\/h3>\n<p class=\"subtitulo-assinatura\" style=\"display:block!important; line-height: 0;\"><span style=\"color: #ffffff;\">Escolha a sua \u00e1rea.<\/span><\/p>\n<a target=\"_blank\" href=\"https:\/\/www.estrategiaconcursos.com.br\/assinaturas-ecj\/\" rel=\"noopener\"><button style=\"border-radius: 10px; text-transform: capitalize;\">Acessar<\/button><\/a>\n<\/div><\/div>\n\n\n\n\n\n<p><em>Prepare-se com o melhor material e com quem mais aprova em Concursos P\u00fablicos em todo o pa\u00eds. Assine agora a nossa Assinatura e tenha acesso ilimitado* aos cursos para Delegado de Pol\u00edcia.<\/em><\/p>\n\n\n\n<h2 class=\"wp-block-heading has-text-align-center\" id=\"h-whatsapp-ecj-nbsp-clique-na-sua-carreira-e-participe\"><span id=\"whatsapp-ecj-clique-na-sua-carreira-e-participe\">Whatsapp ECJ:\u00a0<strong>Clique na sua carreira e PARTICIPE!<\/strong><\/span><\/h2>\n\n\n\n<p>Com o\u00a0<strong>Whatsapp ECJ<\/strong>\u00a0vamos transformar a maneira como os estudantes se preparam para os concursos p\u00fablicos do momento e do futuro. Esta plataforma n\u00e3o apenas oferece suporte para tirar d\u00favidas cruciais, mas tamb\u00e9m fornece dicas valiosas para alcan\u00e7ar o sucesso nas provas, abrangendo todas as \u00e1reas da carreira jur\u00eddica.<\/p>\n\n\n\n<h3 class=\"wp-block-heading\" id=\"h-delegado\"><span id=\"delegado\">Delegado<\/span><\/h3>\n\n\n\n<figure class=\"wp-block-image size-large\"><a href=\"https:\/\/www.redirectmais.com\/run\/delegado-civil-info\"><img decoding=\"async\" width=\"1024\" height=\"190\" src=\"https:\/\/cj.estrategia.com\/portal\/wp-content\/uploads\/2023\/12\/06120510\/BANNER-PRETA-1-1024x190.jpg\" alt=\"\" class=\"wp-image-51099\" srcset=\"https:\/\/cj.estrategia.com\/portal\/wp-content\/uploads\/2023\/12\/06120510\/BANNER-PRETA-1-1024x190.jpg 1024w, https:\/\/cj.estrategia.com\/portal\/wp-content\/uploads\/2023\/12\/06120510\/BANNER-PRETA-1-300x56.jpg 300w, https:\/\/cj.estrategia.com\/portal\/wp-content\/uploads\/2023\/12\/06120510\/BANNER-PRETA-1-768x143.jpg 768w, https:\/\/cj.estrategia.com\/portal\/wp-content\/uploads\/2023\/12\/06120510\/BANNER-PRETA-1-1536x285.jpg 1536w, https:\/\/cj.estrategia.com\/portal\/wp-content\/uploads\/2023\/12\/06120510\/BANNER-PRETA-1-380x71.jpg 380w, https:\/\/cj.estrategia.com\/portal\/wp-content\/uploads\/2023\/12\/06120510\/BANNER-PRETA-1-800x149.jpg 800w, https:\/\/cj.estrategia.com\/portal\/wp-content\/uploads\/2023\/12\/06120510\/BANNER-PRETA-1-1160x215.jpg 1160w, https:\/\/cj.estrategia.com\/portal\/wp-content\/uploads\/2023\/12\/06120510\/BANNER-PRETA-1-150x28.jpg 150w, https:\/\/cj.estrategia.com\/portal\/wp-content\/uploads\/2023\/12\/06120510\/BANNER-PRETA-1.jpg 1890w\" sizes=\"(max-width: 1024px) 100vw, 1024px\" \/><\/a><\/figure>\n\n\n\n<p><\/p>\n","protected":false},"excerpt":{"rendered":"Aten\u00e7\u00e3o!\u00a0A FGV, banca respons\u00e1vel pela organiza\u00e7\u00e3o do\u00a0Concurso Delegado SC, publicou o gabarito preliminar da prova objetiva aplicadas no&hellip;\n","protected":false},"author":12,"featured_media":0,"comment_status":"open","ping_status":"open","sticky":false,"template":"","format":"standard","meta":{"_jetpack_memberships_contains_paid_content":false,"footnotes":""},"categories":[1,28],"tags":[],"tax_estado":[54],"class_list":{"0":"post-54516","1":"post","2":"type-post","3":"status-publish","4":"format-standard","6":"category-carreiras-juridicas","7":"category-delegado","8":"tax_estado-sc"},"acf":[],"yoast_head":"<!-- This site is optimized with the Yoast SEO Premium plugin v27.5 (Yoast SEO v27.5) - https:\/\/yoast.com\/product\/yoast-seo-premium-wordpress\/ -->\n<title>Recurso Direito Constitucional Delegado PC SC; confira!<\/title>\n<meta name=\"description\" content=\"Concurso PC SC Delegado: confira neste artigo os poss\u00edveis recursos para a disciplina de direito constitucional!\" \/>\n<meta name=\"robots\" content=\"index, follow, max-snippet:-1, max-image-preview:large, max-video-preview:-1\" \/>\n<link rel=\"canonical\" href=\"https:\/\/cj.estrategia.com\/portal\/recurso-direito-constitucional-delegado-pc-sc-confira\/\" \/>\n<meta property=\"og:locale\" content=\"pt_BR\" \/>\n<meta property=\"og:type\" content=\"article\" \/>\n<meta property=\"og:title\" content=\"Recurso Direito Constitucional Delegado PC SC; confira!\" \/>\n<meta property=\"og:description\" content=\"Concurso PC SC Delegado: confira neste artigo os poss\u00edveis recursos para a disciplina de direito constitucional!\" \/>\n<meta property=\"og:url\" content=\"https:\/\/cj.estrategia.com\/portal\/recurso-direito-constitucional-delegado-pc-sc-confira\/\" \/>\n<meta property=\"og:site_name\" content=\"Blog - Carreiras Jur\u00eddicas - Estrat\u00e9gia\" \/>\n<meta property=\"article:publisher\" content=\"https:\/\/www.facebook.com\/estrategiacarreirajuridica\/\" \/>\n<meta property=\"article:published_time\" content=\"2024-01-31T23:16:23+00:00\" \/>\n<meta property=\"article:modified_time\" content=\"2024-01-31T23:16:27+00:00\" \/>\n<meta property=\"og:image\" content=\"https:\/\/cj.estrategia.com\/portal\/wp-content\/uploads\/2023\/12\/06120510\/BANNER-PRETA-1-1024x190.jpg\" \/>\n<meta name=\"author\" content=\"Coordena\u00e7\u00e3o\" \/>\n<meta name=\"twitter:card\" content=\"summary_large_image\" \/>\n<meta name=\"twitter:creator\" content=\"@EstratJuridica\" \/>\n<meta name=\"twitter:site\" content=\"@EstratJuridica\" \/>\n<meta name=\"twitter:label1\" content=\"Escrito por\" \/>\n\t<meta name=\"twitter:data1\" content=\"Coordena\u00e7\u00e3o\" \/>\n\t<meta name=\"twitter:label2\" content=\"Est. tempo de leitura\" \/>\n\t<meta name=\"twitter:data2\" content=\"5 minutos\" \/>\n<script type=\"application\/ld+json\" class=\"yoast-schema-graph\">{\"@context\":\"https:\\\/\\\/schema.org\",\"@graph\":[{\"@type\":\"NewsArticle\",\"@id\":\"https:\\\/\\\/cj.estrategia.com\\\/portal\\\/recurso-direito-constitucional-delegado-pc-sc-confira\\\/#article\",\"isPartOf\":{\"@id\":\"https:\\\/\\\/cj.estrategia.com\\\/portal\\\/recurso-direito-constitucional-delegado-pc-sc-confira\\\/\"},\"author\":{\"name\":\"Coordena\u00e7\u00e3o\",\"@id\":\"https:\\\/\\\/cj.estrategia.com\\\/portal\\\/#\\\/schema\\\/person\\\/4d70317d31449932b99102916b6637f5\"},\"headline\":\"Recurso Direito Constitucional Delegado PC SC; confira!\",\"datePublished\":\"2024-01-31T23:16:23+00:00\",\"dateModified\":\"2024-01-31T23:16:27+00:00\",\"mainEntityOfPage\":{\"@id\":\"https:\\\/\\\/cj.estrategia.com\\\/portal\\\/recurso-direito-constitucional-delegado-pc-sc-confira\\\/\"},\"wordCount\":865,\"commentCount\":0,\"publisher\":{\"@id\":\"https:\\\/\\\/cj.estrategia.com\\\/portal\\\/#organization\"},\"image\":{\"@id\":\"https:\\\/\\\/cj.estrategia.com\\\/portal\\\/recurso-direito-constitucional-delegado-pc-sc-confira\\\/#primaryimage\"},\"thumbnailUrl\":\"https:\\\/\\\/cj.estrategia.com\\\/portal\\\/wp-content\\\/uploads\\\/2023\\\/12\\\/06120510\\\/BANNER-PRETA-1-1024x190.jpg\",\"articleSection\":[\"Carreiras Jur\u00eddicas\",\"Delegado\"],\"inLanguage\":\"pt-BR\",\"potentialAction\":[{\"@type\":\"CommentAction\",\"name\":\"Comment\",\"target\":[\"https:\\\/\\\/cj.estrategia.com\\\/portal\\\/recurso-direito-constitucional-delegado-pc-sc-confira\\\/#respond\"]}]},{\"@type\":\"WebPage\",\"@id\":\"https:\\\/\\\/cj.estrategia.com\\\/portal\\\/recurso-direito-constitucional-delegado-pc-sc-confira\\\/\",\"url\":\"https:\\\/\\\/cj.estrategia.com\\\/portal\\\/recurso-direito-constitucional-delegado-pc-sc-confira\\\/\",\"name\":\"Recurso Direito Constitucional Delegado PC SC; confira!\",\"isPartOf\":{\"@id\":\"https:\\\/\\\/cj.estrategia.com\\\/portal\\\/#website\"},\"primaryImageOfPage\":{\"@id\":\"https:\\\/\\\/cj.estrategia.com\\\/portal\\\/recurso-direito-constitucional-delegado-pc-sc-confira\\\/#primaryimage\"},\"image\":{\"@id\":\"https:\\\/\\\/cj.estrategia.com\\\/portal\\\/recurso-direito-constitucional-delegado-pc-sc-confira\\\/#primaryimage\"},\"thumbnailUrl\":\"https:\\\/\\\/cj.estrategia.com\\\/portal\\\/wp-content\\\/uploads\\\/2023\\\/12\\\/06120510\\\/BANNER-PRETA-1-1024x190.jpg\",\"datePublished\":\"2024-01-31T23:16:23+00:00\",\"dateModified\":\"2024-01-31T23:16:27+00:00\",\"description\":\"Concurso PC SC Delegado: confira neste artigo os poss\u00edveis recursos para a disciplina de direito constitucional!\",\"breadcrumb\":{\"@id\":\"https:\\\/\\\/cj.estrategia.com\\\/portal\\\/recurso-direito-constitucional-delegado-pc-sc-confira\\\/#breadcrumb\"},\"inLanguage\":\"pt-BR\",\"potentialAction\":[{\"@type\":\"ReadAction\",\"target\":[\"https:\\\/\\\/cj.estrategia.com\\\/portal\\\/recurso-direito-constitucional-delegado-pc-sc-confira\\\/\"]}]},{\"@type\":\"ImageObject\",\"inLanguage\":\"pt-BR\",\"@id\":\"https:\\\/\\\/cj.estrategia.com\\\/portal\\\/recurso-direito-constitucional-delegado-pc-sc-confira\\\/#primaryimage\",\"url\":\"https:\\\/\\\/cj.estrategia.com\\\/portal\\\/wp-content\\\/uploads\\\/2023\\\/12\\\/06120510\\\/BANNER-PRETA-1.jpg\",\"contentUrl\":\"https:\\\/\\\/cj.estrategia.com\\\/portal\\\/wp-content\\\/uploads\\\/2023\\\/12\\\/06120510\\\/BANNER-PRETA-1.jpg\",\"width\":1890,\"height\":351},{\"@type\":\"BreadcrumbList\",\"@id\":\"https:\\\/\\\/cj.estrategia.com\\\/portal\\\/recurso-direito-constitucional-delegado-pc-sc-confira\\\/#breadcrumb\",\"itemListElement\":[{\"@type\":\"ListItem\",\"position\":1,\"name\":\"In\u00edcio\",\"item\":\"https:\\\/\\\/cj.estrategia.com\\\/portal\\\/\"},{\"@type\":\"ListItem\",\"position\":2,\"name\":\"Recurso Direito Constitucional Delegado PC SC; confira!\"}]},{\"@type\":\"WebSite\",\"@id\":\"https:\\\/\\\/cj.estrategia.com\\\/portal\\\/#website\",\"url\":\"https:\\\/\\\/cj.estrategia.com\\\/portal\\\/\",\"name\":\"Blog - Carreiras Jur\u00eddicas - Estrat\u00e9gia\",\"description\":\"\",\"publisher\":{\"@id\":\"https:\\\/\\\/cj.estrategia.com\\\/portal\\\/#organization\"},\"potentialAction\":[{\"@type\":\"SearchAction\",\"target\":{\"@type\":\"EntryPoint\",\"urlTemplate\":\"https:\\\/\\\/cj.estrategia.com\\\/portal\\\/?s={search_term_string}\"},\"query-input\":{\"@type\":\"PropertyValueSpecification\",\"valueRequired\":true,\"valueName\":\"search_term_string\"}}],\"inLanguage\":\"pt-BR\"},{\"@type\":\"Organization\",\"@id\":\"https:\\\/\\\/cj.estrategia.com\\\/portal\\\/#organization\",\"name\":\"Estrat\u00e9gia - Carreiras Jur\u00eddicas\",\"url\":\"https:\\\/\\\/cj.estrategia.com\\\/portal\\\/\",\"logo\":{\"@type\":\"ImageObject\",\"inLanguage\":\"pt-BR\",\"@id\":\"https:\\\/\\\/cj.estrategia.com\\\/portal\\\/#\\\/schema\\\/logo\\\/image\\\/\",\"url\":\"https:\\\/\\\/cj.estrategia.com\\\/portal\\\/wp-content\\\/uploads\\\/2022\\\/03\\\/11151052\\\/cj-logo.png\",\"contentUrl\":\"https:\\\/\\\/cj.estrategia.com\\\/portal\\\/wp-content\\\/uploads\\\/2022\\\/03\\\/11151052\\\/cj-logo.png\",\"width\":150,\"height\":39,\"caption\":\"Estrat\u00e9gia - Carreiras Jur\u00eddicas\"},\"image\":{\"@id\":\"https:\\\/\\\/cj.estrategia.com\\\/portal\\\/#\\\/schema\\\/logo\\\/image\\\/\"},\"sameAs\":[\"https:\\\/\\\/www.facebook.com\\\/estrategiacarreirajuridica\\\/\",\"https:\\\/\\\/x.com\\\/EstratJuridica\",\"https:\\\/\\\/www.instagram.com\\\/estrategiacarreirajuridica\\\/\",\"https:\\\/\\\/www.youtube.com\\\/channel\\\/UClbMGuYbj2Mh1m3w144ETWQ\"]},{\"@type\":\"Person\",\"@id\":\"https:\\\/\\\/cj.estrategia.com\\\/portal\\\/#\\\/schema\\\/person\\\/4d70317d31449932b99102916b6637f5\",\"name\":\"Coordena\u00e7\u00e3o\",\"image\":{\"@type\":\"ImageObject\",\"inLanguage\":\"pt-BR\",\"@id\":\"https:\\\/\\\/cj.estrategia.com\\\/portal\\\/wp-content\\\/uploads\\\/2022\\\/05\\\/12164923\\\/estrategia-carreira-juridica-coordenacao-96x96.png\",\"url\":\"https:\\\/\\\/cj.estrategia.com\\\/portal\\\/wp-content\\\/uploads\\\/2022\\\/05\\\/12164923\\\/estrategia-carreira-juridica-coordenacao-96x96.png\",\"contentUrl\":\"https:\\\/\\\/cj.estrategia.com\\\/portal\\\/wp-content\\\/uploads\\\/2022\\\/05\\\/12164923\\\/estrategia-carreira-juridica-coordenacao-96x96.png\",\"caption\":\"Coordena\u00e7\u00e3o\"},\"url\":\"https:\\\/\\\/cj.estrategia.com\\\/portal\\\/author\\\/coordenacao\\\/\"}]}<\/script>\n<!-- \/ Yoast SEO Premium plugin. -->","yoast_head_json":{"title":"Recurso Direito Constitucional Delegado PC SC; confira!","description":"Concurso PC SC Delegado: confira neste artigo os poss\u00edveis recursos para a disciplina de direito constitucional!","robots":{"index":"index","follow":"follow","max-snippet":"max-snippet:-1","max-image-preview":"max-image-preview:large","max-video-preview":"max-video-preview:-1"},"canonical":"https:\/\/cj.estrategia.com\/portal\/recurso-direito-constitucional-delegado-pc-sc-confira\/","og_locale":"pt_BR","og_type":"article","og_title":"Recurso Direito Constitucional Delegado PC SC; confira!","og_description":"Concurso PC SC Delegado: confira neste artigo os poss\u00edveis recursos para a disciplina de direito constitucional!","og_url":"https:\/\/cj.estrategia.com\/portal\/recurso-direito-constitucional-delegado-pc-sc-confira\/","og_site_name":"Blog - Carreiras Jur\u00eddicas - Estrat\u00e9gia","article_publisher":"https:\/\/www.facebook.com\/estrategiacarreirajuridica\/","article_published_time":"2024-01-31T23:16:23+00:00","article_modified_time":"2024-01-31T23:16:27+00:00","og_image":[{"url":"https:\/\/cj.estrategia.com\/portal\/wp-content\/uploads\/2023\/12\/06120510\/BANNER-PRETA-1-1024x190.jpg","type":"","width":"","height":""}],"author":"Coordena\u00e7\u00e3o","twitter_card":"summary_large_image","twitter_creator":"@EstratJuridica","twitter_site":"@EstratJuridica","twitter_misc":{"Escrito por":"Coordena\u00e7\u00e3o","Est. tempo de leitura":"5 minutos"},"schema":{"@context":"https:\/\/schema.org","@graph":[{"@type":"NewsArticle","@id":"https:\/\/cj.estrategia.com\/portal\/recurso-direito-constitucional-delegado-pc-sc-confira\/#article","isPartOf":{"@id":"https:\/\/cj.estrategia.com\/portal\/recurso-direito-constitucional-delegado-pc-sc-confira\/"},"author":{"name":"Coordena\u00e7\u00e3o","@id":"https:\/\/cj.estrategia.com\/portal\/#\/schema\/person\/4d70317d31449932b99102916b6637f5"},"headline":"Recurso Direito Constitucional Delegado PC SC; confira!","datePublished":"2024-01-31T23:16:23+00:00","dateModified":"2024-01-31T23:16:27+00:00","mainEntityOfPage":{"@id":"https:\/\/cj.estrategia.com\/portal\/recurso-direito-constitucional-delegado-pc-sc-confira\/"},"wordCount":865,"commentCount":0,"publisher":{"@id":"https:\/\/cj.estrategia.com\/portal\/#organization"},"image":{"@id":"https:\/\/cj.estrategia.com\/portal\/recurso-direito-constitucional-delegado-pc-sc-confira\/#primaryimage"},"thumbnailUrl":"https:\/\/cj.estrategia.com\/portal\/wp-content\/uploads\/2023\/12\/06120510\/BANNER-PRETA-1-1024x190.jpg","articleSection":["Carreiras Jur\u00eddicas","Delegado"],"inLanguage":"pt-BR","potentialAction":[{"@type":"CommentAction","name":"Comment","target":["https:\/\/cj.estrategia.com\/portal\/recurso-direito-constitucional-delegado-pc-sc-confira\/#respond"]}]},{"@type":"WebPage","@id":"https:\/\/cj.estrategia.com\/portal\/recurso-direito-constitucional-delegado-pc-sc-confira\/","url":"https:\/\/cj.estrategia.com\/portal\/recurso-direito-constitucional-delegado-pc-sc-confira\/","name":"Recurso Direito Constitucional Delegado PC SC; confira!","isPartOf":{"@id":"https:\/\/cj.estrategia.com\/portal\/#website"},"primaryImageOfPage":{"@id":"https:\/\/cj.estrategia.com\/portal\/recurso-direito-constitucional-delegado-pc-sc-confira\/#primaryimage"},"image":{"@id":"https:\/\/cj.estrategia.com\/portal\/recurso-direito-constitucional-delegado-pc-sc-confira\/#primaryimage"},"thumbnailUrl":"https:\/\/cj.estrategia.com\/portal\/wp-content\/uploads\/2023\/12\/06120510\/BANNER-PRETA-1-1024x190.jpg","datePublished":"2024-01-31T23:16:23+00:00","dateModified":"2024-01-31T23:16:27+00:00","description":"Concurso PC SC Delegado: confira neste artigo os poss\u00edveis recursos para a disciplina de direito constitucional!","breadcrumb":{"@id":"https:\/\/cj.estrategia.com\/portal\/recurso-direito-constitucional-delegado-pc-sc-confira\/#breadcrumb"},"inLanguage":"pt-BR","potentialAction":[{"@type":"ReadAction","target":["https:\/\/cj.estrategia.com\/portal\/recurso-direito-constitucional-delegado-pc-sc-confira\/"]}]},{"@type":"ImageObject","inLanguage":"pt-BR","@id":"https:\/\/cj.estrategia.com\/portal\/recurso-direito-constitucional-delegado-pc-sc-confira\/#primaryimage","url":"https:\/\/cj.estrategia.com\/portal\/wp-content\/uploads\/2023\/12\/06120510\/BANNER-PRETA-1.jpg","contentUrl":"https:\/\/cj.estrategia.com\/portal\/wp-content\/uploads\/2023\/12\/06120510\/BANNER-PRETA-1.jpg","width":1890,"height":351},{"@type":"BreadcrumbList","@id":"https:\/\/cj.estrategia.com\/portal\/recurso-direito-constitucional-delegado-pc-sc-confira\/#breadcrumb","itemListElement":[{"@type":"ListItem","position":1,"name":"In\u00edcio","item":"https:\/\/cj.estrategia.com\/portal\/"},{"@type":"ListItem","position":2,"name":"Recurso Direito Constitucional Delegado PC SC; confira!"}]},{"@type":"WebSite","@id":"https:\/\/cj.estrategia.com\/portal\/#website","url":"https:\/\/cj.estrategia.com\/portal\/","name":"Blog - Carreiras Jur\u00eddicas - Estrat\u00e9gia","description":"","publisher":{"@id":"https:\/\/cj.estrategia.com\/portal\/#organization"},"potentialAction":[{"@type":"SearchAction","target":{"@type":"EntryPoint","urlTemplate":"https:\/\/cj.estrategia.com\/portal\/?s={search_term_string}"},"query-input":{"@type":"PropertyValueSpecification","valueRequired":true,"valueName":"search_term_string"}}],"inLanguage":"pt-BR"},{"@type":"Organization","@id":"https:\/\/cj.estrategia.com\/portal\/#organization","name":"Estrat\u00e9gia - Carreiras Jur\u00eddicas","url":"https:\/\/cj.estrategia.com\/portal\/","logo":{"@type":"ImageObject","inLanguage":"pt-BR","@id":"https:\/\/cj.estrategia.com\/portal\/#\/schema\/logo\/image\/","url":"https:\/\/cj.estrategia.com\/portal\/wp-content\/uploads\/2022\/03\/11151052\/cj-logo.png","contentUrl":"https:\/\/cj.estrategia.com\/portal\/wp-content\/uploads\/2022\/03\/11151052\/cj-logo.png","width":150,"height":39,"caption":"Estrat\u00e9gia - Carreiras Jur\u00eddicas"},"image":{"@id":"https:\/\/cj.estrategia.com\/portal\/#\/schema\/logo\/image\/"},"sameAs":["https:\/\/www.facebook.com\/estrategiacarreirajuridica\/","https:\/\/x.com\/EstratJuridica","https:\/\/www.instagram.com\/estrategiacarreirajuridica\/","https:\/\/www.youtube.com\/channel\/UClbMGuYbj2Mh1m3w144ETWQ"]},{"@type":"Person","@id":"https:\/\/cj.estrategia.com\/portal\/#\/schema\/person\/4d70317d31449932b99102916b6637f5","name":"Coordena\u00e7\u00e3o","image":{"@type":"ImageObject","inLanguage":"pt-BR","@id":"https:\/\/cj.estrategia.com\/portal\/wp-content\/uploads\/2022\/05\/12164923\/estrategia-carreira-juridica-coordenacao-96x96.png","url":"https:\/\/cj.estrategia.com\/portal\/wp-content\/uploads\/2022\/05\/12164923\/estrategia-carreira-juridica-coordenacao-96x96.png","contentUrl":"https:\/\/cj.estrategia.com\/portal\/wp-content\/uploads\/2022\/05\/12164923\/estrategia-carreira-juridica-coordenacao-96x96.png","caption":"Coordena\u00e7\u00e3o"},"url":"https:\/\/cj.estrategia.com\/portal\/author\/coordenacao\/"}]}},"jetpack_featured_media_url":"","jetpack_sharing_enabled":true,"_links":{"self":[{"href":"https:\/\/cj.estrategia.com\/portal\/wp-json\/wp\/v2\/posts\/54516","targetHints":{"allow":["GET"]}}],"collection":[{"href":"https:\/\/cj.estrategia.com\/portal\/wp-json\/wp\/v2\/posts"}],"about":[{"href":"https:\/\/cj.estrategia.com\/portal\/wp-json\/wp\/v2\/types\/post"}],"author":[{"embeddable":true,"href":"https:\/\/cj.estrategia.com\/portal\/wp-json\/wp\/v2\/users\/12"}],"replies":[{"embeddable":true,"href":"https:\/\/cj.estrategia.com\/portal\/wp-json\/wp\/v2\/comments?post=54516"}],"version-history":[{"count":0,"href":"https:\/\/cj.estrategia.com\/portal\/wp-json\/wp\/v2\/posts\/54516\/revisions"}],"wp:attachment":[{"href":"https:\/\/cj.estrategia.com\/portal\/wp-json\/wp\/v2\/media?parent=54516"}],"wp:term":[{"taxonomy":"category","embeddable":true,"href":"https:\/\/cj.estrategia.com\/portal\/wp-json\/wp\/v2\/categories?post=54516"},{"taxonomy":"post_tag","embeddable":true,"href":"https:\/\/cj.estrategia.com\/portal\/wp-json\/wp\/v2\/tags?post=54516"},{"taxonomy":"tax_estado","embeddable":true,"href":"https:\/\/cj.estrategia.com\/portal\/wp-json\/wp\/v2\/tax_estado?post=54516"}],"curies":[{"name":"wp","href":"https:\/\/api.w.org\/{rel}","templated":true}]}}