{"id":54391,"date":"2024-01-30T15:15:43","date_gmt":"2024-01-30T18:15:43","guid":{"rendered":"https:\/\/cj.estrategia.com\/portal\/?p=54391"},"modified":"2024-01-30T15:15:47","modified_gmt":"2024-01-30T18:15:47","slug":"recurso-direitos-humanos-delegado-pc-sc","status":"publish","type":"post","link":"https:\/\/cj.estrategia.com\/portal\/recurso-direitos-humanos-delegado-pc-sc\/","title":{"rendered":"Recurso Direitos Humanos Delegado PC SC: Confira!"},"content":{"rendered":"\n<p><strong>Aten\u00e7\u00e3o!\u00a0<\/strong>A FGV, banca respons\u00e1vel pela organiza\u00e7\u00e3o do\u00a0<strong>Concurso Delegado SC<\/strong>, publicou o gabarito preliminar da prova objetiva aplicadas no \u00faltimo domingo (28\/01).<\/p>\n\n\n\n<p>Confira abaixo a possibilidade de recurso para a disciplina de Direitos Humanos, quest\u00e3o 71, que o professor Vinicius Zoponi preparou.<\/p>\n\n\n\n<p>A quest\u00e3o, ao descrever a situa\u00e7\u00e3o de Juliane, n\u00e3o apresenta propriamente uma situa\u00e7\u00e3o de explora\u00e7\u00e3o, nos termos do que exigido pelo art. 3\u00ba do Protocolo Adicional \u00e0 Conven\u00e7\u00e3o das Na\u00e7\u00f5es Unidas contra o Crime Organizado Transnacional Relativo \u00e0 Preven\u00e7\u00e3o, Repress\u00e3o e Puni\u00e7\u00e3o do Tr\u00e1fico de Pessoas, em Especial Mulheres e Crian\u00e7as:<\/p>\n\n\n\n<p>Artigo 3 \u2013 Defini\u00e7\u00f5es<\/p>\n\n\n\n<p>Para efeitos do presente Protocolo:<\/p>\n\n\n\n<p>a) A express\u00e3o &#8220;tr\u00e1fico de pessoas&#8221; significa o recrutamento, o transporte, a transfer\u00eancia, o alojamento ou o acolhimento de pessoas, recorrendo \u00e0 amea\u00e7a ou uso da for\u00e7a ou a outras formas de coa\u00e7\u00e3o, ao rapto, \u00e0 fraude, ao engano, ao abuso de autoridade ou \u00e0 situa\u00e7\u00e3o de vulnerabilidade ou \u00e0 entrega ou aceita\u00e7\u00e3o de pagamentos ou benef\u00edcios para obter o consentimento de uma pessoa que tenha autoridade sobre outra para fins de explora\u00e7\u00e3o. A explora\u00e7\u00e3o incluir\u00e1, no m\u00ednimo, a explora\u00e7\u00e3o da prostitui\u00e7\u00e3o de outrem ou outras formas de explora\u00e7\u00e3o sexual, o trabalho ou servi\u00e7os for\u00e7ados, escravatura ou pr\u00e1ticas similares \u00e0 escravatura, a servid\u00e3o ou a remo\u00e7\u00e3o de \u00f3rg\u00e3os;<\/p>\n\n\n\n<p>b) O consentimento dado pela v\u00edtima de tr\u00e1fico de pessoas tendo em vista qualquer tipo de explora\u00e7\u00e3o descrito na al\u00ednea a) do presente Artigo ser\u00e1 considerado irrelevante se tiver sido utilizado qualquer um dos meios referidos na al\u00ednea a);<\/p>\n\n\n\n<p>c) O recrutamento, o transporte, a transfer\u00eancia, o alojamento ou o acolhimento de uma crian\u00e7a para fins de explora\u00e7\u00e3o ser\u00e3o considerados &#8220;tr\u00e1fico de pessoas&#8221; mesmo que n\u00e3o envolvam nenhum dos meios referidos da al\u00ednea a) do presente Artigo;<\/p>\n\n\n\n<p>d) O termo &#8220;crian\u00e7a&#8221; significa qualquer pessoa com idade inferior a dezoito anos.<\/p>\n\n\n\n<p>Vale pontuar que para a doutrina majorit\u00e1ria, a caracteriza\u00e7\u00e3o do tr\u00e1fico de pessoas para crian\u00e7a dispensa apenas a especificidade dos meios descritos no art. 3.a, e n\u00e3o propriamente a situa\u00e7\u00e3o de explora\u00e7\u00e3o, como descrito no art. 3.c, acima descrito.<\/p>\n\n\n\n<p>Nesse sentido, \u00e9 o entendimento de Andr\u00e9 de Carvalho Ramos, que, a um s\u00f3 tempo, interpreta o Protocolo para reconhecer que a situa\u00e7\u00e3o de tr\u00e1fico de pessoas sempre exige uma esp\u00e9cie de explora\u00e7\u00e3o, o que inclui o caso de crian\u00e7as:<\/p>\n\n\n\n<p>De outro lado, se o recrutamento, o transporte, a transfer\u00eancia, o alojamento ou o acolhimento para fins de explora\u00e7\u00e3o se referirem a crian\u00e7as \u2013 assim consideradas qualquer pessoa com idade inferior a 18 anos -, restar\u00e1 configurado o tr\u00e1fico de pessoas, ainda que a <strong>explora\u00e7\u00e3o <\/strong>n\u00e3o envolva nenhum dos meios acima referidos (in Curso de Direitos Humanos. 10 ed. S\u00e3o Paulo: Saraiva, 2023, p. 257. <strong>negritou-se<\/strong>).<\/p>\n\n\n\n<p>Por essa raz\u00e3o, como no enunciado se direciona o julgamento apenas em vista da literalidade do Protocolo Adicional, a resposta correta deve ser a alternativa \u2018B\u2019.<\/p>\n\n\n\n<h2 class=\"wp-block-heading has-text-align-center\" id=\"cursos\"><span id=\"quer-saber-tudo-sobre-concursos-previstosconfira-nossos-artigos\">Quer saber tudo sobre concursos previstos?<br><strong>Confira nossos artigos!<\/strong><\/span><\/h2>\n\n\n\n\n\n<h2 class=\"wp-block-heading has-text-align-center\" id=\"cursos-assinatura\"><span id=\"quer-estudar-para-o-concurso-delegado-sc\">Quer estudar para o concurso Delegado SC?<\/span><\/h2>\n\n\n\n<p class=\"has-text-align-center\"><em>Gostou desta oportunidade e deseja se preparar para esse concurso? Ent\u00e3o, confira nosso curso exclusivo e inicie seus estudos agora mesmo:<\/em><\/p>\n\n\n\n<div class=\"wp-block-cover\" style=\"min-height:155px;aspect-ratio:unset;\"><img decoding=\"async\" width=\"1890\" height=\"351\" class=\"wp-block-cover__image-background wp-image-8669\" alt=\"Assinaturas Jur\u00eddicas\" src=\"https:\/\/cj.estrategia.com\/portal\/wp-content\/uploads\/2022\/06\/20151253\/concurso-carreiras-juridicas-assinatura-juridica.jpg\" style=\"object-position:78% 43%\" data-object-fit=\"cover\" data-object-position=\"78% 43%\" srcset=\"https:\/\/cj.estrategia.com\/portal\/wp-content\/uploads\/2022\/06\/20151253\/concurso-carreiras-juridicas-assinatura-juridica.jpg 1890w, https:\/\/cj.estrategia.com\/portal\/wp-content\/uploads\/2022\/06\/20151253\/concurso-carreiras-juridicas-assinatura-juridica-300x56.jpg 300w, https:\/\/cj.estrategia.com\/portal\/wp-content\/uploads\/2022\/06\/20151253\/concurso-carreiras-juridicas-assinatura-juridica-1024x190.jpg 1024w, https:\/\/cj.estrategia.com\/portal\/wp-content\/uploads\/2022\/06\/20151253\/concurso-carreiras-juridicas-assinatura-juridica-768x143.jpg 768w, https:\/\/cj.estrategia.com\/portal\/wp-content\/uploads\/2022\/06\/20151253\/concurso-carreiras-juridicas-assinatura-juridica-1536x285.jpg 1536w, https:\/\/cj.estrategia.com\/portal\/wp-content\/uploads\/2022\/06\/20151253\/concurso-carreiras-juridicas-assinatura-juridica-380x71.jpg 380w, https:\/\/cj.estrategia.com\/portal\/wp-content\/uploads\/2022\/06\/20151253\/concurso-carreiras-juridicas-assinatura-juridica-800x149.jpg 800w, https:\/\/cj.estrategia.com\/portal\/wp-content\/uploads\/2022\/06\/20151253\/concurso-carreiras-juridicas-assinatura-juridica-1160x215.jpg 1160w\" sizes=\"(max-width: 1890px) 100vw, 1890px\" \/><span aria-hidden=\"true\" class=\"wp-block-cover__background has-background-dim\"><\/span><div class=\"wp-block-cover__inner-container is-layout-flow wp-block-cover-is-layout-flow\">\n<h3 id=\"faca-a-sua-assinatura\" class=\"titulo-assinatura\"><span style=\"color: #ffffff;\">Fa\u00e7a a sua assinatura!<\/span><\/h3>\n<p class=\"subtitulo-assinatura\" style=\"display:block!important; line-height: 0;\"><span style=\"color: #ffffff;\">Escolha a sua \u00e1rea.<\/span><\/p>\n<a target=\"_blank\" href=\"https:\/\/www.estrategiaconcursos.com.br\/assinaturas-ecj\/\" rel=\"noopener\"><button style=\"border-radius: 10px; text-transform: capitalize;\">Acessar<\/button><\/a>\n<\/div><\/div>\n\n\n\n\n\n<p><em>Prepare-se com o melhor material e com quem mais aprova em Concursos P\u00fablicos em todo o pa\u00eds. Assine agora a nossa Assinatura e tenha acesso ilimitado* aos cursos para Delegado de Pol\u00edcia.<\/em><\/p>\n\n\n\n<h2 class=\"wp-block-heading has-text-align-center\" id=\"h-whatsapp-ecj-nbsp-clique-na-sua-carreira-e-participe\"><span id=\"whatsapp-ecj-clique-na-sua-carreira-e-participe\">Whatsapp ECJ:&nbsp;<strong>Clique na sua carreira e PARTICIPE!<\/strong><\/span><\/h2>\n\n\n\n<p>Com o&nbsp;<strong>Whatsapp ECJ<\/strong>&nbsp;vamos transformar a maneira como os estudantes se preparam para os concursos p\u00fablicos do momento e do futuro. Esta plataforma n\u00e3o apenas oferece suporte para tirar d\u00favidas cruciais, mas tamb\u00e9m fornece dicas valiosas para alcan\u00e7ar o sucesso nas provas, abrangendo todas as \u00e1reas da carreira jur\u00eddica.<\/p>\n\n\n\n<h3 class=\"wp-block-heading\" id=\"h-delegado\"><span id=\"delegado\">Delegado<\/span><\/h3>\n\n\n\n<figure class=\"wp-block-image size-large\"><a href=\"https:\/\/www.redirectmais.com\/run\/delegado-civil-info\"><img decoding=\"async\" width=\"1024\" height=\"190\" src=\"https:\/\/cj.estrategia.com\/portal\/wp-content\/uploads\/2023\/12\/06120510\/BANNER-PRETA-1-1024x190.jpg\" alt=\"\" class=\"wp-image-51099\" srcset=\"https:\/\/cj.estrategia.com\/portal\/wp-content\/uploads\/2023\/12\/06120510\/BANNER-PRETA-1-1024x190.jpg 1024w, https:\/\/cj.estrategia.com\/portal\/wp-content\/uploads\/2023\/12\/06120510\/BANNER-PRETA-1-300x56.jpg 300w, https:\/\/cj.estrategia.com\/portal\/wp-content\/uploads\/2023\/12\/06120510\/BANNER-PRETA-1-768x143.jpg 768w, https:\/\/cj.estrategia.com\/portal\/wp-content\/uploads\/2023\/12\/06120510\/BANNER-PRETA-1-1536x285.jpg 1536w, https:\/\/cj.estrategia.com\/portal\/wp-content\/uploads\/2023\/12\/06120510\/BANNER-PRETA-1-380x71.jpg 380w, https:\/\/cj.estrategia.com\/portal\/wp-content\/uploads\/2023\/12\/06120510\/BANNER-PRETA-1-800x149.jpg 800w, https:\/\/cj.estrategia.com\/portal\/wp-content\/uploads\/2023\/12\/06120510\/BANNER-PRETA-1-1160x215.jpg 1160w, https:\/\/cj.estrategia.com\/portal\/wp-content\/uploads\/2023\/12\/06120510\/BANNER-PRETA-1-150x28.jpg 150w, https:\/\/cj.estrategia.com\/portal\/wp-content\/uploads\/2023\/12\/06120510\/BANNER-PRETA-1.jpg 1890w\" sizes=\"(max-width: 1024px) 100vw, 1024px\" \/><\/a><\/figure>\n","protected":false},"excerpt":{"rendered":"Aten\u00e7\u00e3o!\u00a0A FGV, banca respons\u00e1vel pela organiza\u00e7\u00e3o do\u00a0Concurso Delegado SC, publicou o gabarito preliminar da prova objetiva aplicadas no&hellip;\n","protected":false},"author":12,"featured_media":20795,"comment_status":"open","ping_status":"open","sticky":false,"template":"","format":"standard","meta":{"_jetpack_memberships_contains_paid_content":false,"footnotes":""},"categories":[1,28],"tags":[],"tax_estado":[54],"class_list":{"0":"post-54391","1":"post","2":"type-post","3":"status-publish","4":"format-standard","5":"has-post-thumbnail","7":"category-carreiras-juridicas","8":"category-delegado","9":"tax_estado-sc"},"acf":[],"yoast_head":"<!-- This site is optimized with the Yoast SEO Premium plugin v27.4 (Yoast SEO v27.4) - https:\/\/yoast.com\/product\/yoast-seo-premium-wordpress\/ -->\n<title>Recurso Direitos Humanos Delegado PC SC: Confira!<\/title>\n<meta name=\"description\" content=\"Recurso Direitos Humanos Delegado PC SC: Confira e prepare seus argumentos para impetrar recursos no site da banca e ganhar pontos!\" \/>\n<meta name=\"robots\" content=\"index, follow, max-snippet:-1, max-image-preview:large, max-video-preview:-1\" \/>\n<link rel=\"canonical\" href=\"https:\/\/cj.estrategia.com\/portal\/recurso-direitos-humanos-delegado-pc-sc\/\" \/>\n<meta property=\"og:locale\" content=\"pt_BR\" \/>\n<meta property=\"og:type\" content=\"article\" \/>\n<meta property=\"og:title\" content=\"Recurso Direitos Humanos Delegado PC SC: Confira!\" \/>\n<meta property=\"og:description\" content=\"Recurso Direitos Humanos Delegado PC SC: Confira e prepare seus argumentos para impetrar recursos no site da banca e ganhar pontos!\" \/>\n<meta property=\"og:url\" content=\"https:\/\/cj.estrategia.com\/portal\/recurso-direitos-humanos-delegado-pc-sc\/\" \/>\n<meta property=\"og:site_name\" content=\"Blog - Carreiras Jur\u00eddicas - Estrat\u00e9gia\" \/>\n<meta property=\"article:publisher\" content=\"https:\/\/www.facebook.com\/estrategiacarreirajuridica\/\" \/>\n<meta property=\"article:published_time\" content=\"2024-01-30T18:15:43+00:00\" \/>\n<meta property=\"article:modified_time\" content=\"2024-01-30T18:15:47+00:00\" \/>\n<meta property=\"og:image\" content=\"https:\/\/cj.estrategia.com\/portal\/wp-content\/uploads\/2022\/09\/04103244\/DELEGADO-SC.jpg\" \/>\n\t<meta property=\"og:image:width\" content=\"768\" \/>\n\t<meta property=\"og:image:height\" content=\"432\" \/>\n\t<meta property=\"og:image:type\" content=\"image\/jpeg\" \/>\n<meta name=\"author\" content=\"Coordena\u00e7\u00e3o\" \/>\n<meta name=\"twitter:card\" content=\"summary_large_image\" \/>\n<meta name=\"twitter:creator\" content=\"@EstratJuridica\" \/>\n<meta name=\"twitter:site\" content=\"@EstratJuridica\" \/>\n<meta name=\"twitter:label1\" content=\"Escrito por\" \/>\n\t<meta name=\"twitter:data1\" content=\"Coordena\u00e7\u00e3o\" \/>\n\t<meta name=\"twitter:label2\" content=\"Est. tempo de leitura\" \/>\n\t<meta name=\"twitter:data2\" content=\"4 minutos\" \/>\n<script type=\"application\/ld+json\" class=\"yoast-schema-graph\">{\"@context\":\"https:\\\/\\\/schema.org\",\"@graph\":[{\"@type\":\"NewsArticle\",\"@id\":\"https:\\\/\\\/cj.estrategia.com\\\/portal\\\/recurso-direitos-humanos-delegado-pc-sc\\\/#article\",\"isPartOf\":{\"@id\":\"https:\\\/\\\/cj.estrategia.com\\\/portal\\\/recurso-direitos-humanos-delegado-pc-sc\\\/\"},\"author\":{\"name\":\"Coordena\u00e7\u00e3o\",\"@id\":\"https:\\\/\\\/cj.estrategia.com\\\/portal\\\/#\\\/schema\\\/person\\\/4d70317d31449932b99102916b6637f5\"},\"headline\":\"Recurso Direitos Humanos Delegado PC SC: Confira!\",\"datePublished\":\"2024-01-30T18:15:43+00:00\",\"dateModified\":\"2024-01-30T18:15:47+00:00\",\"mainEntityOfPage\":{\"@id\":\"https:\\\/\\\/cj.estrategia.com\\\/portal\\\/recurso-direitos-humanos-delegado-pc-sc\\\/\"},\"wordCount\":673,\"commentCount\":0,\"publisher\":{\"@id\":\"https:\\\/\\\/cj.estrategia.com\\\/portal\\\/#organization\"},\"image\":{\"@id\":\"https:\\\/\\\/cj.estrategia.com\\\/portal\\\/recurso-direitos-humanos-delegado-pc-sc\\\/#primaryimage\"},\"thumbnailUrl\":\"https:\\\/\\\/cj.estrategia.com\\\/portal\\\/wp-content\\\/uploads\\\/2022\\\/09\\\/04103244\\\/DELEGADO-SC.jpg\",\"articleSection\":[\"Carreiras Jur\u00eddicas\",\"Delegado\"],\"inLanguage\":\"pt-BR\",\"potentialAction\":[{\"@type\":\"CommentAction\",\"name\":\"Comment\",\"target\":[\"https:\\\/\\\/cj.estrategia.com\\\/portal\\\/recurso-direitos-humanos-delegado-pc-sc\\\/#respond\"]}]},{\"@type\":\"WebPage\",\"@id\":\"https:\\\/\\\/cj.estrategia.com\\\/portal\\\/recurso-direitos-humanos-delegado-pc-sc\\\/\",\"url\":\"https:\\\/\\\/cj.estrategia.com\\\/portal\\\/recurso-direitos-humanos-delegado-pc-sc\\\/\",\"name\":\"Recurso Direitos Humanos Delegado PC SC: Confira!\",\"isPartOf\":{\"@id\":\"https:\\\/\\\/cj.estrategia.com\\\/portal\\\/#website\"},\"primaryImageOfPage\":{\"@id\":\"https:\\\/\\\/cj.estrategia.com\\\/portal\\\/recurso-direitos-humanos-delegado-pc-sc\\\/#primaryimage\"},\"image\":{\"@id\":\"https:\\\/\\\/cj.estrategia.com\\\/portal\\\/recurso-direitos-humanos-delegado-pc-sc\\\/#primaryimage\"},\"thumbnailUrl\":\"https:\\\/\\\/cj.estrategia.com\\\/portal\\\/wp-content\\\/uploads\\\/2022\\\/09\\\/04103244\\\/DELEGADO-SC.jpg\",\"datePublished\":\"2024-01-30T18:15:43+00:00\",\"dateModified\":\"2024-01-30T18:15:47+00:00\",\"description\":\"Recurso Direitos Humanos Delegado PC SC: Confira e prepare seus argumentos para impetrar recursos no site da banca e ganhar pontos!\",\"breadcrumb\":{\"@id\":\"https:\\\/\\\/cj.estrategia.com\\\/portal\\\/recurso-direitos-humanos-delegado-pc-sc\\\/#breadcrumb\"},\"inLanguage\":\"pt-BR\",\"potentialAction\":[{\"@type\":\"ReadAction\",\"target\":[\"https:\\\/\\\/cj.estrategia.com\\\/portal\\\/recurso-direitos-humanos-delegado-pc-sc\\\/\"]}]},{\"@type\":\"ImageObject\",\"inLanguage\":\"pt-BR\",\"@id\":\"https:\\\/\\\/cj.estrategia.com\\\/portal\\\/recurso-direitos-humanos-delegado-pc-sc\\\/#primaryimage\",\"url\":\"https:\\\/\\\/cj.estrategia.com\\\/portal\\\/wp-content\\\/uploads\\\/2022\\\/09\\\/04103244\\\/DELEGADO-SC.jpg\",\"contentUrl\":\"https:\\\/\\\/cj.estrategia.com\\\/portal\\\/wp-content\\\/uploads\\\/2022\\\/09\\\/04103244\\\/DELEGADO-SC.jpg\",\"width\":768,\"height\":432,\"caption\":\"Concurso delegado SC\"},{\"@type\":\"BreadcrumbList\",\"@id\":\"https:\\\/\\\/cj.estrategia.com\\\/portal\\\/recurso-direitos-humanos-delegado-pc-sc\\\/#breadcrumb\",\"itemListElement\":[{\"@type\":\"ListItem\",\"position\":1,\"name\":\"In\u00edcio\",\"item\":\"https:\\\/\\\/cj.estrategia.com\\\/portal\\\/\"},{\"@type\":\"ListItem\",\"position\":2,\"name\":\"Recurso Direitos Humanos Delegado PC SC: Confira!\"}]},{\"@type\":\"WebSite\",\"@id\":\"https:\\\/\\\/cj.estrategia.com\\\/portal\\\/#website\",\"url\":\"https:\\\/\\\/cj.estrategia.com\\\/portal\\\/\",\"name\":\"Blog - Carreiras Jur\u00eddicas - Estrat\u00e9gia\",\"description\":\"\",\"publisher\":{\"@id\":\"https:\\\/\\\/cj.estrategia.com\\\/portal\\\/#organization\"},\"potentialAction\":[{\"@type\":\"SearchAction\",\"target\":{\"@type\":\"EntryPoint\",\"urlTemplate\":\"https:\\\/\\\/cj.estrategia.com\\\/portal\\\/?s={search_term_string}\"},\"query-input\":{\"@type\":\"PropertyValueSpecification\",\"valueRequired\":true,\"valueName\":\"search_term_string\"}}],\"inLanguage\":\"pt-BR\"},{\"@type\":\"Organization\",\"@id\":\"https:\\\/\\\/cj.estrategia.com\\\/portal\\\/#organization\",\"name\":\"Estrat\u00e9gia - Carreiras Jur\u00eddicas\",\"url\":\"https:\\\/\\\/cj.estrategia.com\\\/portal\\\/\",\"logo\":{\"@type\":\"ImageObject\",\"inLanguage\":\"pt-BR\",\"@id\":\"https:\\\/\\\/cj.estrategia.com\\\/portal\\\/#\\\/schema\\\/logo\\\/image\\\/\",\"url\":\"https:\\\/\\\/cj.estrategia.com\\\/portal\\\/wp-content\\\/uploads\\\/2022\\\/03\\\/11151052\\\/cj-logo.png\",\"contentUrl\":\"https:\\\/\\\/cj.estrategia.com\\\/portal\\\/wp-content\\\/uploads\\\/2022\\\/03\\\/11151052\\\/cj-logo.png\",\"width\":150,\"height\":39,\"caption\":\"Estrat\u00e9gia - Carreiras Jur\u00eddicas\"},\"image\":{\"@id\":\"https:\\\/\\\/cj.estrategia.com\\\/portal\\\/#\\\/schema\\\/logo\\\/image\\\/\"},\"sameAs\":[\"https:\\\/\\\/www.facebook.com\\\/estrategiacarreirajuridica\\\/\",\"https:\\\/\\\/x.com\\\/EstratJuridica\",\"https:\\\/\\\/www.instagram.com\\\/estrategiacarreirajuridica\\\/\",\"https:\\\/\\\/www.youtube.com\\\/channel\\\/UClbMGuYbj2Mh1m3w144ETWQ\"]},{\"@type\":\"Person\",\"@id\":\"https:\\\/\\\/cj.estrategia.com\\\/portal\\\/#\\\/schema\\\/person\\\/4d70317d31449932b99102916b6637f5\",\"name\":\"Coordena\u00e7\u00e3o\",\"image\":{\"@type\":\"ImageObject\",\"inLanguage\":\"pt-BR\",\"@id\":\"https:\\\/\\\/cj.estrategia.com\\\/portal\\\/wp-content\\\/uploads\\\/2022\\\/05\\\/12164923\\\/estrategia-carreira-juridica-coordenacao-96x96.png\",\"url\":\"https:\\\/\\\/cj.estrategia.com\\\/portal\\\/wp-content\\\/uploads\\\/2022\\\/05\\\/12164923\\\/estrategia-carreira-juridica-coordenacao-96x96.png\",\"contentUrl\":\"https:\\\/\\\/cj.estrategia.com\\\/portal\\\/wp-content\\\/uploads\\\/2022\\\/05\\\/12164923\\\/estrategia-carreira-juridica-coordenacao-96x96.png\",\"caption\":\"Coordena\u00e7\u00e3o\"},\"url\":\"https:\\\/\\\/cj.estrategia.com\\\/portal\\\/author\\\/coordenacao\\\/\"}]}<\/script>\n<!-- \/ Yoast SEO Premium plugin. -->","yoast_head_json":{"title":"Recurso Direitos Humanos Delegado PC SC: Confira!","description":"Recurso Direitos Humanos Delegado PC SC: Confira e prepare seus argumentos para impetrar recursos no site da banca e ganhar pontos!","robots":{"index":"index","follow":"follow","max-snippet":"max-snippet:-1","max-image-preview":"max-image-preview:large","max-video-preview":"max-video-preview:-1"},"canonical":"https:\/\/cj.estrategia.com\/portal\/recurso-direitos-humanos-delegado-pc-sc\/","og_locale":"pt_BR","og_type":"article","og_title":"Recurso Direitos Humanos Delegado PC SC: Confira!","og_description":"Recurso Direitos Humanos Delegado PC SC: Confira e prepare seus argumentos para impetrar recursos no site da banca e ganhar pontos!","og_url":"https:\/\/cj.estrategia.com\/portal\/recurso-direitos-humanos-delegado-pc-sc\/","og_site_name":"Blog - Carreiras Jur\u00eddicas - Estrat\u00e9gia","article_publisher":"https:\/\/www.facebook.com\/estrategiacarreirajuridica\/","article_published_time":"2024-01-30T18:15:43+00:00","article_modified_time":"2024-01-30T18:15:47+00:00","og_image":[{"width":768,"height":432,"url":"https:\/\/cj.estrategia.com\/portal\/wp-content\/uploads\/2022\/09\/04103244\/DELEGADO-SC.jpg","type":"image\/jpeg"}],"author":"Coordena\u00e7\u00e3o","twitter_card":"summary_large_image","twitter_creator":"@EstratJuridica","twitter_site":"@EstratJuridica","twitter_misc":{"Escrito por":"Coordena\u00e7\u00e3o","Est. tempo de leitura":"4 minutos"},"schema":{"@context":"https:\/\/schema.org","@graph":[{"@type":"NewsArticle","@id":"https:\/\/cj.estrategia.com\/portal\/recurso-direitos-humanos-delegado-pc-sc\/#article","isPartOf":{"@id":"https:\/\/cj.estrategia.com\/portal\/recurso-direitos-humanos-delegado-pc-sc\/"},"author":{"name":"Coordena\u00e7\u00e3o","@id":"https:\/\/cj.estrategia.com\/portal\/#\/schema\/person\/4d70317d31449932b99102916b6637f5"},"headline":"Recurso Direitos Humanos Delegado PC SC: Confira!","datePublished":"2024-01-30T18:15:43+00:00","dateModified":"2024-01-30T18:15:47+00:00","mainEntityOfPage":{"@id":"https:\/\/cj.estrategia.com\/portal\/recurso-direitos-humanos-delegado-pc-sc\/"},"wordCount":673,"commentCount":0,"publisher":{"@id":"https:\/\/cj.estrategia.com\/portal\/#organization"},"image":{"@id":"https:\/\/cj.estrategia.com\/portal\/recurso-direitos-humanos-delegado-pc-sc\/#primaryimage"},"thumbnailUrl":"https:\/\/cj.estrategia.com\/portal\/wp-content\/uploads\/2022\/09\/04103244\/DELEGADO-SC.jpg","articleSection":["Carreiras Jur\u00eddicas","Delegado"],"inLanguage":"pt-BR","potentialAction":[{"@type":"CommentAction","name":"Comment","target":["https:\/\/cj.estrategia.com\/portal\/recurso-direitos-humanos-delegado-pc-sc\/#respond"]}]},{"@type":"WebPage","@id":"https:\/\/cj.estrategia.com\/portal\/recurso-direitos-humanos-delegado-pc-sc\/","url":"https:\/\/cj.estrategia.com\/portal\/recurso-direitos-humanos-delegado-pc-sc\/","name":"Recurso Direitos Humanos Delegado PC SC: Confira!","isPartOf":{"@id":"https:\/\/cj.estrategia.com\/portal\/#website"},"primaryImageOfPage":{"@id":"https:\/\/cj.estrategia.com\/portal\/recurso-direitos-humanos-delegado-pc-sc\/#primaryimage"},"image":{"@id":"https:\/\/cj.estrategia.com\/portal\/recurso-direitos-humanos-delegado-pc-sc\/#primaryimage"},"thumbnailUrl":"https:\/\/cj.estrategia.com\/portal\/wp-content\/uploads\/2022\/09\/04103244\/DELEGADO-SC.jpg","datePublished":"2024-01-30T18:15:43+00:00","dateModified":"2024-01-30T18:15:47+00:00","description":"Recurso Direitos Humanos Delegado PC SC: Confira e prepare seus argumentos para impetrar recursos no site da banca e ganhar pontos!","breadcrumb":{"@id":"https:\/\/cj.estrategia.com\/portal\/recurso-direitos-humanos-delegado-pc-sc\/#breadcrumb"},"inLanguage":"pt-BR","potentialAction":[{"@type":"ReadAction","target":["https:\/\/cj.estrategia.com\/portal\/recurso-direitos-humanos-delegado-pc-sc\/"]}]},{"@type":"ImageObject","inLanguage":"pt-BR","@id":"https:\/\/cj.estrategia.com\/portal\/recurso-direitos-humanos-delegado-pc-sc\/#primaryimage","url":"https:\/\/cj.estrategia.com\/portal\/wp-content\/uploads\/2022\/09\/04103244\/DELEGADO-SC.jpg","contentUrl":"https:\/\/cj.estrategia.com\/portal\/wp-content\/uploads\/2022\/09\/04103244\/DELEGADO-SC.jpg","width":768,"height":432,"caption":"Concurso delegado SC"},{"@type":"BreadcrumbList","@id":"https:\/\/cj.estrategia.com\/portal\/recurso-direitos-humanos-delegado-pc-sc\/#breadcrumb","itemListElement":[{"@type":"ListItem","position":1,"name":"In\u00edcio","item":"https:\/\/cj.estrategia.com\/portal\/"},{"@type":"ListItem","position":2,"name":"Recurso Direitos Humanos Delegado PC SC: Confira!"}]},{"@type":"WebSite","@id":"https:\/\/cj.estrategia.com\/portal\/#website","url":"https:\/\/cj.estrategia.com\/portal\/","name":"Blog - Carreiras Jur\u00eddicas - Estrat\u00e9gia","description":"","publisher":{"@id":"https:\/\/cj.estrategia.com\/portal\/#organization"},"potentialAction":[{"@type":"SearchAction","target":{"@type":"EntryPoint","urlTemplate":"https:\/\/cj.estrategia.com\/portal\/?s={search_term_string}"},"query-input":{"@type":"PropertyValueSpecification","valueRequired":true,"valueName":"search_term_string"}}],"inLanguage":"pt-BR"},{"@type":"Organization","@id":"https:\/\/cj.estrategia.com\/portal\/#organization","name":"Estrat\u00e9gia - Carreiras Jur\u00eddicas","url":"https:\/\/cj.estrategia.com\/portal\/","logo":{"@type":"ImageObject","inLanguage":"pt-BR","@id":"https:\/\/cj.estrategia.com\/portal\/#\/schema\/logo\/image\/","url":"https:\/\/cj.estrategia.com\/portal\/wp-content\/uploads\/2022\/03\/11151052\/cj-logo.png","contentUrl":"https:\/\/cj.estrategia.com\/portal\/wp-content\/uploads\/2022\/03\/11151052\/cj-logo.png","width":150,"height":39,"caption":"Estrat\u00e9gia - Carreiras Jur\u00eddicas"},"image":{"@id":"https:\/\/cj.estrategia.com\/portal\/#\/schema\/logo\/image\/"},"sameAs":["https:\/\/www.facebook.com\/estrategiacarreirajuridica\/","https:\/\/x.com\/EstratJuridica","https:\/\/www.instagram.com\/estrategiacarreirajuridica\/","https:\/\/www.youtube.com\/channel\/UClbMGuYbj2Mh1m3w144ETWQ"]},{"@type":"Person","@id":"https:\/\/cj.estrategia.com\/portal\/#\/schema\/person\/4d70317d31449932b99102916b6637f5","name":"Coordena\u00e7\u00e3o","image":{"@type":"ImageObject","inLanguage":"pt-BR","@id":"https:\/\/cj.estrategia.com\/portal\/wp-content\/uploads\/2022\/05\/12164923\/estrategia-carreira-juridica-coordenacao-96x96.png","url":"https:\/\/cj.estrategia.com\/portal\/wp-content\/uploads\/2022\/05\/12164923\/estrategia-carreira-juridica-coordenacao-96x96.png","contentUrl":"https:\/\/cj.estrategia.com\/portal\/wp-content\/uploads\/2022\/05\/12164923\/estrategia-carreira-juridica-coordenacao-96x96.png","caption":"Coordena\u00e7\u00e3o"},"url":"https:\/\/cj.estrategia.com\/portal\/author\/coordenacao\/"}]}},"jetpack_featured_media_url":"https:\/\/cj.estrategia.com\/portal\/wp-content\/uploads\/2022\/09\/04103244\/DELEGADO-SC.jpg","jetpack_sharing_enabled":true,"_links":{"self":[{"href":"https:\/\/cj.estrategia.com\/portal\/wp-json\/wp\/v2\/posts\/54391","targetHints":{"allow":["GET"]}}],"collection":[{"href":"https:\/\/cj.estrategia.com\/portal\/wp-json\/wp\/v2\/posts"}],"about":[{"href":"https:\/\/cj.estrategia.com\/portal\/wp-json\/wp\/v2\/types\/post"}],"author":[{"embeddable":true,"href":"https:\/\/cj.estrategia.com\/portal\/wp-json\/wp\/v2\/users\/12"}],"replies":[{"embeddable":true,"href":"https:\/\/cj.estrategia.com\/portal\/wp-json\/wp\/v2\/comments?post=54391"}],"version-history":[{"count":1,"href":"https:\/\/cj.estrategia.com\/portal\/wp-json\/wp\/v2\/posts\/54391\/revisions"}],"predecessor-version":[{"id":54393,"href":"https:\/\/cj.estrategia.com\/portal\/wp-json\/wp\/v2\/posts\/54391\/revisions\/54393"}],"wp:featuredmedia":[{"embeddable":true,"href":"https:\/\/cj.estrategia.com\/portal\/wp-json\/wp\/v2\/media\/20795"}],"wp:attachment":[{"href":"https:\/\/cj.estrategia.com\/portal\/wp-json\/wp\/v2\/media?parent=54391"}],"wp:term":[{"taxonomy":"category","embeddable":true,"href":"https:\/\/cj.estrategia.com\/portal\/wp-json\/wp\/v2\/categories?post=54391"},{"taxonomy":"post_tag","embeddable":true,"href":"https:\/\/cj.estrategia.com\/portal\/wp-json\/wp\/v2\/tags?post=54391"},{"taxonomy":"tax_estado","embeddable":true,"href":"https:\/\/cj.estrategia.com\/portal\/wp-json\/wp\/v2\/tax_estado?post=54391"}],"curies":[{"name":"wp","href":"https:\/\/api.w.org\/{rel}","templated":true}]}}