{"id":54354,"date":"2024-01-30T15:05:46","date_gmt":"2024-01-30T18:05:46","guid":{"rendered":"https:\/\/cj.estrategia.com\/portal\/?p=54354"},"modified":"2024-01-30T15:05:50","modified_gmt":"2024-01-30T18:05:50","slug":"prova-comentada-legislacao-penal-especial-delegado-sc","status":"publish","type":"post","link":"https:\/\/cj.estrategia.com\/portal\/prova-comentada-legislacao-penal-especial-delegado-sc\/","title":{"rendered":"Prova Comentada Legisla\u00e7\u00e3o Penal Especial Delegado SC"},"content":{"rendered":"\n<p>Ol\u00e1, pessoal, tudo certo?!<\/p>\n\n\n\n<p>Em 28\/01\/2024, foi aplicada a prova objetiva do concurso p\u00fablico para <strong>Delegado de Pol\u00edcia Civil do Estado de Santa Catarina<\/strong>. Assim que encerrada, nosso time de professores elaborou o gabarito extraoficial, que, agora, ser\u00e1 apresentado juntamente com a nossa <strong>PROVA COMENTADA<\/strong>.<\/p>\n\n\n\n<p>Este material visa a auxili\u00e1-los na aferi\u00e7\u00e3o das notas, elabora\u00e7\u00e3o de eventuais recursos, verifica\u00e7\u00e3o das chances de avan\u00e7o para fase discursiva, bem como na revis\u00e3o do conte\u00fado cobrado no certame.<\/p>\n\n\n\n<p>Desde j\u00e1, destacamos que nosso time de professores identificou 2 quest\u00f5es pass\u00edveis de recurso e\/ou que devem ser anuladas, por apresentarem duas ou nenhuma alternativa correta, como veremos adiante. No tipo de prova comentado, trata-se das quest\u00f5es <strong>18 e 23.<\/strong><\/p>\n\n\n\n<p>De modo complementar, elaboramos tamb\u00e9m o <a href=\"https:\/\/cj.estrategia.com\/cadernos-e-simulados\/simulados\/a48402eb-7e2c-405a-89d8-b531ad19e5e1\"><strong>RANKING da PC-SC<\/strong>,<\/a> em que nossos alunos e seguidores poder\u00e3o inserir suas respostas \u00e0 prova, e, ao final, aferir sua nota, de acordo com o gabarito elaborado por nossos professores. Atrav\u00e9s do ranking, tamb\u00e9m poderemos estimar a nota de corte da 1\u00ba fase. Essa ferramenta \u00e9 gratuita e, para participar, basta clicar no link abaixo:<\/p>\n\n\n\n<p>Al\u00e9m disso, montamos um caderno para nossos seguidores, alunos ou n\u00e3o, verem os coment\u00e1rios e comentar as quest\u00f5es da prova: Confira <a href=\"https:\/\/cj.estrategia.com\/cadernos-e-simulados\/cadernos\/2b5749c1-0644-4c36-af23-d72253427fa7\">AQUI!<\/a><\/p>\n\n\n\n<p>Por fim, comentaremos a prova, as quest\u00f5es mais pol\u00eamicas, as possibilidades de recurso, bem como a estimativa da nota de corte no <strong>TERM\u00d4METRO P\u00d3S-PROVA<\/strong>, no nosso canal do Youtube. Inscreva-se e ative as notifica\u00e7\u00f5es! <a href=\"https:\/\/www.youtube.com\/@EstrategiaCarreiraJuridica\"><strong>Estrat\u00e9gia Carreira Jur\u00eddica &#8211; YouTube<\/strong><\/a><\/p>\n\n\n\n<p class=\"has-text-align-center has-pale-ocean-gradient-background has-background\"><strong>Confira <a href=\"https:\/\/cj.estrategia.com\/portal\/gabarito-extraoficial-concurso-delegado-sc\/\">AQUI <\/a>todas as provas comentadas por disciplinas! <\/strong><\/p>\n\n\n\n<h3 class=\"wp-block-heading has-vivid-red-color has-text-color has-link-color wp-elements-c02e3dd6fd44279f5740603bb7d592b7\" id=\"h-prova-comentada-legislacao-penal-especial\"><span id=\"prova-comentada-legislacao-penal-especial\">Prova Comentada Legisla\u00e7\u00e3o Penal Especial<\/span><\/h3>\n\n\n\n<p><strong>QUEST\u00c3O 37.&nbsp; At\u00edlio, 18 anos, aluno do ensino m\u00e9dio de uma escola privada, por meio de um aplicativo que se vale de intelig\u00eancia artificial, fez montagens de fotos de duas colegas de classe, Samantha, 17 anos, e Diana, 18 anos, e as armazenou em seu aparelho de telefone celular. Nas montagens, as alunas apareciam nuas. Desta forma, \u00e9 correto afirmar que At\u00edlio&nbsp;<\/strong><\/p>\n\n\n\n<p><strong>a) n\u00e3o dever\u00e1 responder criminalmente, em raz\u00e3o da atipicidade de suas condutas.&nbsp;<\/strong><\/p>\n\n\n\n<p><strong>b) dever\u00e1 responder exclusivamente pelo crime previsto no art. 216-B, \u00a7 \u00fanico do C\u00f3digo Penal.<\/strong><\/p>\n\n\n\n<p><strong>c) dever\u00e1 responder exclusivamente pelo crime previsto no art. 241-C do ECA.<\/strong><\/p>\n\n\n\n<p><strong>d) dever\u00e1 responder pelos crimes do art. 216-B, \u00a7 \u00fanico do C\u00f3digo Penal e pelo art. 241-C do ECA.<\/strong><\/p>\n\n\n\n<p><strong>e) dever\u00e1 responder pelos crimes do art. 216-B, \u00a7 \u00fanico e pelo art. 139, ambos do C\u00f3digo Penal, e pelo art. 241-C do ECA.<\/strong><\/p>\n\n\n\n<p><strong>Coment\u00e1rios<\/strong><\/p>\n\n\n\n<p>A alternativa correta \u00e9 a <strong>letra D<\/strong>.<\/p>\n\n\n\n<p>A alternativa A est\u00e1 incorreta, conforme o fundamento exposto na alternativa D.<\/p>\n\n\n\n<p>A alternativa B est\u00e1 incorreta, conforme o fundamento exposto na alternativa D.<\/p>\n\n\n\n<p>A alternativa C est\u00e1 incorreta, conforme o fundamento exposto na alternativa D.<\/p>\n\n\n\n<p>A alternativa D est\u00e1 correta. No caso narrado, a conduta de At\u00edlio consistente em criar e armazenar imagens de nudez de Samantha, adolescente de 17 anos, utilizando intelig\u00eancia artificial est\u00e1 prevista no tipo penal previsto no art. 241-C do ECA, que assim disp\u00f5e: Art. 241-C. Simular a participa\u00e7\u00e3o de crian\u00e7a ou adolescente em cena de sexo expl\u00edcito ou pornogr\u00e1fica por meio de adultera\u00e7\u00e3o, montagem ou modifica\u00e7\u00e3o de fotografia, v\u00eddeo ou qualquer outra forma de representa\u00e7\u00e3o visual: Pena \u2013 reclus\u00e3o, de 1 (um) a 3 (tr\u00eas) anos, e multa.&nbsp;<\/p>\n\n\n\n<p>Al\u00e9m disso, a conduta de At\u00edlio consistente em criar e armazenar imagens de nudez de Diana, 18 anos, utilizando intelig\u00eancia artificial se amolda ao tipo do art. 216-B, par\u00e1grafo \u00fanico, do C\u00f3digo Penal:<\/p>\n\n\n\n<p>Art. 216-B. Produzir, fotografar, filmar ou registrar, por qualquer meio, conte\u00fado com cena de nudez ou ato sexual ou libidinoso de car\u00e1ter \u00edntimo e privado sem autoriza\u00e7\u00e3o dos participantes:&nbsp; Pena &#8211; deten\u00e7\u00e3o, de 6 (seis) meses a 1 (um) ano, e multa.<\/p>\n\n\n\n<p>Par\u00e1grafo \u00fanico. Na mesma pena incorre quem realiza montagem em fotografia, v\u00eddeo, \u00e1udio ou qualquer outro registro com o fim de incluir pessoa em cena de nudez ou ato sexual ou libidinoso de car\u00e1ter \u00edntimo.&nbsp;<\/p>\n\n\n\n<p>A alternativa E est\u00e1 incorreta, pois n\u00e3o houve a imputa\u00e7\u00e3o de fato ofensivo \u00e0 reputa\u00e7\u00e3o das v\u00edtimas, de acordo com o art. 139 do C\u00f3digo Penal: \u201cDifamar algu\u00e9m, imputando-lhe fato ofensivo \u00e0 sua reputa\u00e7\u00e3o: Pena &#8211; deten\u00e7\u00e3o, de tr\u00eas meses a um ano, e multa\u201d.<\/p>\n\n\n\n<p><strong>QUEST\u00c3O 38. Melched\u00edades, jogador de um time de futebol, aceitou vantagem indevida oferecida por Her\u00e1clito, servidor da Receita Federal do Brasil que, paralelamente, exerce a atividade de empres\u00e1rio no ramo de casas de apostas esportivas. Segundo as tratativas, Melched\u00edades deveria receber cart\u00e3o vermelho em determinada partida em troca do recebimento do valor de R$ 10.000,00 (dez mil reais). Antes de receber a vantagem indevida, Melched\u00edades foi preso juntamente com Her\u00e1clito, em opera\u00e7\u00e3o policial. Pelo exposto, \u00e9 correto afirmar que Melched\u00edades<\/strong><\/p>\n\n\n\n<p><strong>a) dever\u00e1 responder pelo crime previsto no Art. 317 do C\u00f3digo Penal.&nbsp;<\/strong><\/p>\n\n\n\n<p><strong>b) n\u00e3o praticou crime algum, tendo em vista que sua conduta foi interrompida nos atos preparat\u00f3rios.&nbsp;<\/strong><\/p>\n\n\n\n<p><strong>c) dever\u00e1 responder pelo crime previsto no Art. 41-C da Lei n\u00ba 10.671\/2003.<\/strong><\/p>\n\n\n\n<p><strong>d) dever\u00e1 responder pelo crime previsto no Art. 198 da Lei n\u00ba 14.597\/2023.&nbsp;<\/strong><\/p>\n\n\n\n<p><strong>e) dever\u00e1 responder pelo crime previsto no Art. 2\u00ba, inc. IX da Lei n\u00ba 1.521\/1951.<\/strong><\/p>\n\n\n\n<p><strong>Coment\u00e1rios<\/strong><\/p>\n\n\n\n<p>A alternativa correta \u00e9 a <strong>letra D<\/strong>.<\/p>\n\n\n\n<p>A alternativa A est\u00e1 incorreta, conforme o fundamento exposto na alternativa D.<\/p>\n\n\n\n<p>A alternativa B est\u00e1 incorreta, conforme o fundamento exposto na alternativa D.<\/p>\n\n\n\n<p>A alternativa C est\u00e1 incorreta, conforme o fundamento exposto na alternativa D.<\/p>\n\n\n\n<p>A alternativa D est\u00e1 correta. A Lei n\u00ba 14.597, de 14 de junho de 2023, instituiu a Lei Geral do Esporte. No cap\u00edtulo referente aos crimes contra a integridade e a paz no esporte, a referida lei trouxe a previs\u00e3o de \u201cCrimes contra a Incerteza do Resultado Esportivo\u201d, no qual est\u00e1 inserido o art. 198.<\/p>\n\n\n\n<p>Nos termos do art. 198 da Lei n\u00ba 14.597\/2023, considera-se crime a conduta de: \u201cSolicitar ou aceitar, para si ou para outrem, vantagem ou promessa de vantagem patrimonial ou n\u00e3o patrimonial para qualquer ato ou omiss\u00e3o destinado a alterar ou falsear o resultado de competi\u00e7\u00e3o esportiva ou evento a ela associado: Pena &#8211; reclus\u00e3o, de 2 (dois) a 6 (seis) anos, e multa\u201d. No caso narrado est\u00e3o presentes todas as elementares do tipo penal, vejamos:<\/p>\n\n\n\n<p>i) Solicitar ou aceitar, para si ou para outrem, vantagem ou promessa de vantagem patrimonial ou n\u00e3o patrimonial: Melched\u00edades aceitou promessa de vantagem patrimonial consistente no valor de R$ 10.000,00 (dez mil reais).<\/p>\n\n\n\n<p>ii) Para qualquer ato ou omiss\u00e3o destinado a alterar ou falsear o resultado de competi\u00e7\u00e3o esportiva ou evento a ela associado: Melched\u00edades, jogador de um time de futebol, deveria receber cart\u00e3o vermelho em determinada partida.<\/p>\n\n\n\n<p>Cumpre destacar que o crime considera-se consumado com a conduta de aceitar, para si ou para outrem, promessa de vantagem patrimonial.<\/p>\n\n\n\n<p>A alternativa E est\u00e1 incorreta, conforme o fundamento exposto na alternativa D.<\/p>\n\n\n\n<p><strong>QUEST\u00c3O 39. Manuel registrou ocorr\u00eancia contra seu irm\u00e3o, Joaquim, que reside com Maria, m\u00e3e de ambos. Na din\u00e2mica descrita em sede policial, Manuel afirmou que tomou conhecimento de que Joaquim passou a exercer a administra\u00e7\u00e3o das finan\u00e7as de Maria. Aduziu que uma semana antes da celebra\u00e7\u00e3o do anivers\u00e1rio de 60 anos da m\u00e3e, Joaquim compareceu ao cart\u00f3rio, juntamente com Maria, ocasi\u00e3o em que esta outorgou-lhe procura\u00e7\u00e3o com plenos poderes. De posse da procura\u00e7\u00e3o, no dia seguinte Joaquim compareceu \u00e0 ag\u00eancia banc\u00e1ria e transferiu R$ 20.000,00 (vinte mil reais) da conta de Maria para sua conta pessoal. Desta forma, \u00e9 correto afirmar que Joaquim&nbsp;<\/strong><\/p>\n\n\n\n<p><strong>a) dever\u00e1 responder pelo crime previsto no Art. 155 do C\u00f3digo Penal.&nbsp;<\/strong><\/p>\n\n\n\n<p><strong>b) dever\u00e1 responder pelo crime previsto no Art. 168 do C\u00f3digo Penal.&nbsp;<\/strong><\/p>\n\n\n\n<p><strong>c) dever\u00e1 responder pelo crime previsto no Art. 102 da Lei n\u00ba 10.741\/2003.<\/strong><\/p>\n\n\n\n<p><strong>d) dever\u00e1 responder pelos crimes previstos nos artigos 102 e 106 da Lei n\u00ba 10.741\/2003.<\/strong><\/p>\n\n\n\n<p><strong>e) n\u00e3o praticou crime algum.<\/strong><\/p>\n\n\n\n<p><strong>Coment\u00e1rios<\/strong><\/p>\n\n\n\n<p>A alternativa correta \u00e9 a <strong>letra E<\/strong>.<\/p>\n\n\n\n<p>A alternativa A est\u00e1 incorreta, pois ausente o elemento subjetivo espec\u00edfico do furto simples consistente na vontade consciente de subtrair coisa alheia \u201cpara si ou para outrem\u201d. O crime de furto est\u00e1 previsto no art. 155 do C\u00f3digo Penal, que disp\u00f5e: \u201cSubtrair, para si ou para outrem, coisa alheia m\u00f3vel: Pena &#8211; reclus\u00e3o, de um a quatro anos, e multa\u201d. Depreende-se da leitura do enunciado que Maria compareceu ao cart\u00f3rio e outorgou procura\u00e7\u00e3o para Joaquim com plenos poderes. No dia seguinte, de posse da procura\u00e7\u00e3o, Joaquim compareceu \u00e0 ag\u00eancia banc\u00e1ria e transferiu R$ 20.000,00 (vinte mil reais) da conta de Maria para sua conta pessoal. Observe que o enunciado n\u00e3o indicou o prop\u00f3sito ou intento da transfer\u00eancia banc\u00e1ria realizada.&nbsp;<\/p>\n\n\n\n<p>De acordo com Cleber Masson: \u201cAl\u00e9m do dolo, exige-se ainda um especial fim de agir, representado pela express\u00e3o \u2018para si ou para outrem\u2019: cuida-se do fim de assenhoreamento definitivo da coisa, isto \u00e9, o animus rem sibi habendi. O agente se apossa de coisa alheia m\u00f3vel e passa a comportar-se como se fosse seu propriet\u00e1rio, isto \u00e9, n\u00e3o a restitui a quem de direito.&nbsp;<\/p>\n\n\n\n<p>A alternativa B est\u00e1 incorreta, pois ausente o elemento subjetivo espec\u00edfico do delito de&nbsp; apropria\u00e7\u00e3o ind\u00e9bita (art. 168 do C\u00f3digo Penal). Consoante afirma Cleber Masson: \u201cA doutrina e a jurisprud\u00eancia majorit\u00e1rias sustentam a necessidade de um especial fim de agir, consistente no \u00e2nimo de assenhoreamento definitivo (animus rem sibi habendi).\u201d Depreende-se da leitura do enunciado que Maria compareceu ao cart\u00f3rio e outorgou procura\u00e7\u00e3o para Joaquim com plenos poderes. No dia seguinte, de posse da procura\u00e7\u00e3o, Joaquim compareceu \u00e0 ag\u00eancia banc\u00e1ria e transferiu R$ 20.000,00 (vinte mil reais) da conta de Maria para sua conta pessoal. Observe que o enunciado n\u00e3o indicou o prop\u00f3sito ou intento da transfer\u00eancia banc\u00e1ria realizada, raz\u00e3o pela qual a conduta \u00e9 at\u00edpica.<\/p>\n\n\n\n<p>A alternativa C est\u00e1 incorreta, pois n\u00e3o h\u00e1 aplica\u00e7\u00e3o do Estatuto da Pessoa Idosa (Lei n\u00ba 10.741\/2003) no caso narrado. Considera-se idosa, a pessoa com idade igual ou superior a 60 (sessenta) anos. Al\u00e9m disso, o tipo penal previsto no art. 102 da Lei n\u00ba 10.741\/2003 possui como sujeito passivo a pessoa idosa: \u201cArt. 102. Apropriar-se de ou desviar bens, proventos, pens\u00e3o ou qualquer outro rendimento da pessoa idosa, dando-lhes aplica\u00e7\u00e3o diversa da de sua finalidade: Pena \u2013 reclus\u00e3o de 1 (um) a 4 (quatro) anos e multa\u201d.<\/p>\n\n\n\n<p>De acordo com o enunciado, os fatos ocorreram uma semana antes da celebra\u00e7\u00e3o do anivers\u00e1rio de 60 anos de Maria, m\u00e3e de Manuel e Joaquim, raz\u00e3o pela qual afasta-se a subsun\u00e7\u00e3o ao mencionado tipo penal.<\/p>\n\n\n\n<p>A alternativa D est\u00e1 incorreta, pois n\u00e3o h\u00e1 aplica\u00e7\u00e3o do Estatuto da Pessoa Idosa (Lei n\u00ba 10.741\/2003) no caso narrado. Considera-se idosa, a pessoa com idade igual ou superior a 60 (sessenta) anos. Al\u00e9m disso, o tipo penal previsto no art. 106 da Lei n\u00ba 10.741\/2003 possui como sujeito passivo a pessoa idosa: \u201cArt. 106. Induzir pessoa idosa sem discernimento de seus atos a outorgar procura\u00e7\u00e3o para fins de administra\u00e7\u00e3o de bens ou deles dispor livremente: Pena \u2013 reclus\u00e3o de 2 (dois) a 4 (quatro) anos\u201d.<\/p>\n\n\n\n<p>De acordo com o enunciado, os fatos ocorreram uma semana antes da celebra\u00e7\u00e3o do anivers\u00e1rio de 60 anos de Maria, m\u00e3e de Manuel e Joaquim, raz\u00e3o pela qual afasta-se a subsun\u00e7\u00e3o ao mencionado tipo penal.&nbsp;<\/p>\n\n\n\n<p>A alternativa E est\u00e1 correta. No caso narrado, Maria compareceu ao cart\u00f3rio e outorgou procura\u00e7\u00e3o para Joaquim com plenos poderes. No dia seguinte, de posse da procura\u00e7\u00e3o, Joaquim compareceu \u00e0 ag\u00eancia banc\u00e1ria e transferiu R$ 20.000,00 (vinte mil reais) da conta de Maria para sua conta pessoal. Observe que o enunciado n\u00e3o apresenta uma conduta que se amolda aos tipos penais previstos no ordenamento jur\u00eddico, raz\u00e3o pela qual Joaquim n\u00e3o praticou crime algum.<\/p>\n\n\n\n<p><strong>QUEST\u00c3O 40. Dalva, m\u00e3e de filhas g\u00eameas de 13 anos, foi condenada por roubo (Art. 157 do CP) \u00e0 pena de reclus\u00e3o de 4 anos e 2 meses. Dalva foi condenada no passado pelo crime de furto (Art. 155 do CP), tendo cumprido sua pena integralmente h\u00e1 6 anos. Pelo exposto, para progredir de regime prisional, Dalva dever\u00e1 obrigatoriamente&nbsp;<\/strong><\/p>\n\n\n\n<p><strong>a) cumprir 16% da pena e ostentar bom comportamento carcer\u00e1rio.&nbsp;<\/strong><\/p>\n\n\n\n<p><strong>b) cumprir 30% da pena, ostentar bom comportamento carcer\u00e1rio e reparar o dano causado.&nbsp;<\/strong><\/p>\n\n\n\n<p><strong>c) cumprir 30% da pena e ostentar bom comportamento carcer\u00e1rio.<\/strong><\/p>\n\n\n\n<p><strong>d) cumprir 20% da pena, ostentar bom comportamento carcer\u00e1rio e reparar o dano causado.<\/strong><\/p>\n\n\n\n<p><strong>e) cumprir 25% da pena e ostentar bom comportamento carcer\u00e1rio.<\/strong><\/p>\n\n\n\n<p><strong>Coment\u00e1rios<\/strong><\/p>\n\n\n\n<p>A alternativa correta \u00e9 a <strong>letra E<\/strong>.<\/p>\n\n\n\n<p>No caso narrado, Dalva n\u00e3o \u00e9 reincidente, pois transcorrido lapso temporal superior a 5 (cinco) anos do cumprimento integral da pena do crime de furto (art. 155 do CP). Disp\u00f5e o art. 64, I, do C\u00f3digo Penal que: \u201cArt. 64 &#8211; Para efeito de reincid\u00eancia: I &#8211; n\u00e3o prevalece a condena\u00e7\u00e3o anterior, se entre a data do cumprimento ou extin\u00e7\u00e3o da pena e a infra\u00e7\u00e3o posterior tiver decorrido per\u00edodo de tempo superior a 5 (cinco) anos, computado o per\u00edodo de prova da suspens\u00e3o ou do livramento condicional, se n\u00e3o ocorrer revoga\u00e7\u00e3o\u201d.<\/p>\n\n\n\n<p>Al\u00e9m disso, Dalva foi condenada por roubo (art. 157 do CP), que possui como elementar a grave amea\u00e7a ou viol\u00eancia contra a pessoa: \u201cArt. 157 &#8211; Subtrair coisa m\u00f3vel alheia, para si ou para outrem, mediante grave amea\u00e7a ou viol\u00eancia a pessoa, ou depois de hav\u00ea-la, por qualquer meio, reduzido \u00e0 impossibilidade de resist\u00eancia\u201d.<\/p>\n\n\n\n<p>Cumpre destacar que o art. 112, \u00a71\u00ba, da LEP exige que: \u201cEm todos os casos, o apenado s\u00f3 ter\u00e1 direito \u00e0 progress\u00e3o de regime se ostentar boa conduta carcer\u00e1ria, comprovada pelo diretor do estabelecimento, respeitadas as normas que vedam a progress\u00e3o\u201d.<\/p>\n\n\n\n<p>Portanto, para progredir de regime prisional, Dalva dever\u00e1 obrigatoriamente cumprir 25% da pena e ostentar bom comportamento carcer\u00e1rio, nos termos do art. 112, III, e \u00a71\u00ba, da Lei n\u00ba 7.210\/1984 (Lei de Execu\u00e7\u00e3o Penal):&nbsp;<\/p>\n\n\n\n<p>Art. 112. A pena privativa de liberdade ser\u00e1 executada em forma progressiva com a transfer\u00eancia para regime menos rigoroso, a ser determinada pelo juiz, quando o preso tiver cumprido ao menos: (&#8230;)<\/p>\n\n\n\n<p>III &#8211; 25% (vinte e cinco por cento) da pena, se o apenado for prim\u00e1rio e o crime tiver sido cometido com viol\u00eancia \u00e0 pessoa ou grave amea\u00e7a.(&#8230;)<\/p>\n\n\n\n<p>\u00a7 1\u00ba Em todos os casos, o apenado s\u00f3 ter\u00e1 direito \u00e0 progress\u00e3o de regime se ostentar boa conduta carcer\u00e1ria, comprovada pelo diretor do estabelecimento, respeitadas as normas que vedam a progress\u00e3o.&nbsp;<\/p>\n\n\n\n<p>A alternativa A est\u00e1 incorreta, conforme o fundamento exposto na alternativa E.<\/p>\n\n\n\n<p>A alternativa B est\u00e1 incorreta, conforme o fundamento exposto na alternativa E.<\/p>\n\n\n\n<p>A alternativa C est\u00e1 incorreta, conforme o fundamento exposto na alternativa E.<\/p>\n\n\n\n<p>A alternativa D est\u00e1 incorreta, conforme o fundamento exposto na alternativa E.<\/p>\n\n\n\n<p>A alternativa E est\u00e1 correta, nos termos do art. 112, III, e \u00a71\u00ba, da Lei n\u00ba 7.210\/1984 (Lei de Execu\u00e7\u00e3o Penal).<\/p>\n\n\n\n<p class=\"has-text-align-center has-black-color has-luminous-vivid-amber-to-luminous-vivid-orange-gradient-background has-text-color has-background has-medium-font-size\"><strong><a href=\"https:\/\/cj.estrategia.com\/portal\/concurso-delegado-sc\/\" target=\"_blank\" >SAIBA MAIS: Concurso Delegado SC<\/a><\/strong><\/p>\n\n\n\n<h2 class=\"wp-block-heading has-text-align-center\" id=\"cursos\"><span id=\"quer-saber-tudo-sobre-concursos-previstosconfira-nossos-artigos\">Quer saber tudo sobre concursos previstos?<br>Confira nossos artigos!<\/span><\/h2>\n\n\n\n\n\n<h2 class=\"wp-block-heading has-text-align-center\" id=\"curso\"><span id=\"cursos-para-o-concurso-pc-sc\">Cursos para o concurso PC SC<\/span><\/h2>\n\n\n\n<div class=\"wp-block-cover\" style=\"min-height:155px;aspect-ratio:unset;\"><img decoding=\"async\" width=\"1890\" height=\"351\" class=\"wp-block-cover__image-background wp-image-8669\" alt=\"Assinaturas Jur\u00eddicas\" src=\"https:\/\/cj.estrategia.com\/portal\/wp-content\/uploads\/2022\/06\/20151253\/concurso-carreiras-juridicas-assinatura-juridica.jpg\" style=\"object-position:78% 43%\" data-object-fit=\"cover\" data-object-position=\"78% 43%\" srcset=\"https:\/\/cj.estrategia.com\/portal\/wp-content\/uploads\/2022\/06\/20151253\/concurso-carreiras-juridicas-assinatura-juridica.jpg 1890w, https:\/\/cj.estrategia.com\/portal\/wp-content\/uploads\/2022\/06\/20151253\/concurso-carreiras-juridicas-assinatura-juridica-300x56.jpg 300w, https:\/\/cj.estrategia.com\/portal\/wp-content\/uploads\/2022\/06\/20151253\/concurso-carreiras-juridicas-assinatura-juridica-1024x190.jpg 1024w, https:\/\/cj.estrategia.com\/portal\/wp-content\/uploads\/2022\/06\/20151253\/concurso-carreiras-juridicas-assinatura-juridica-768x143.jpg 768w, https:\/\/cj.estrategia.com\/portal\/wp-content\/uploads\/2022\/06\/20151253\/concurso-carreiras-juridicas-assinatura-juridica-1536x285.jpg 1536w, https:\/\/cj.estrategia.com\/portal\/wp-content\/uploads\/2022\/06\/20151253\/concurso-carreiras-juridicas-assinatura-juridica-380x71.jpg 380w, https:\/\/cj.estrategia.com\/portal\/wp-content\/uploads\/2022\/06\/20151253\/concurso-carreiras-juridicas-assinatura-juridica-800x149.jpg 800w, https:\/\/cj.estrategia.com\/portal\/wp-content\/uploads\/2022\/06\/20151253\/concurso-carreiras-juridicas-assinatura-juridica-1160x215.jpg 1160w\" sizes=\"(max-width: 1890px) 100vw, 1890px\" \/><span aria-hidden=\"true\" class=\"wp-block-cover__background has-background-dim\"><\/span><div class=\"wp-block-cover__inner-container is-layout-flow wp-block-cover-is-layout-flow\">\n<h3 id=\"faca-a-sua-assinatura\" class=\"titulo-assinatura\"><span style=\"color: #ffffff;\">Fa\u00e7a a sua assinatura!<\/span><\/h3>\n<p class=\"subtitulo-assinatura\" style=\"display:block!important; line-height: 0;\"><span style=\"color: #ffffff;\">Escolha a sua \u00e1rea.<\/span><\/p>\n<a target=\"_blank\" href=\"https:\/\/www.estrategiaconcursos.com.br\/assinaturas-ecj\/\" rel=\"noopener\"><button style=\"border-radius: 10px; text-transform: capitalize;\">Acessar<\/button><\/a>\n<\/div><\/div>\n\n\n","protected":false},"excerpt":{"rendered":"Ol\u00e1, pessoal, tudo certo?! Em 28\/01\/2024, foi aplicada a prova objetiva do concurso p\u00fablico para Delegado de Pol\u00edcia&hellip;\n","protected":false},"author":12,"featured_media":20795,"comment_status":"open","ping_status":"open","sticky":false,"template":"","format":"standard","meta":{"_jetpack_memberships_contains_paid_content":false,"footnotes":""},"categories":[1,28],"tags":[],"tax_estado":[54],"class_list":{"0":"post-54354","1":"post","2":"type-post","3":"status-publish","4":"format-standard","5":"has-post-thumbnail","7":"category-carreiras-juridicas","8":"category-delegado","9":"tax_estado-sc"},"acf":[],"yoast_head":"<!-- This site is optimized with the Yoast SEO Premium plugin v27.4 (Yoast SEO v27.4) - https:\/\/yoast.com\/product\/yoast-seo-premium-wordpress\/ -->\n<title>Prova Comentada Legisla\u00e7\u00e3o Penal Especial Delegado SC<\/title>\n<meta name=\"description\" content=\"Prova Comentada Legisla\u00e7\u00e3o Penal Especial Delegado SC: Confira AQUI a corre\u00e7\u00e3o feita por nossos professores e tire suas d\u00favidas!\" \/>\n<meta name=\"robots\" content=\"index, follow, max-snippet:-1, max-image-preview:large, max-video-preview:-1\" \/>\n<link rel=\"canonical\" href=\"https:\/\/cj.estrategia.com\/portal\/prova-comentada-legislacao-penal-especial-delegado-sc\/\" \/>\n<meta property=\"og:locale\" content=\"pt_BR\" \/>\n<meta property=\"og:type\" content=\"article\" \/>\n<meta property=\"og:title\" content=\"Prova Comentada Legisla\u00e7\u00e3o Penal Especial Delegado SC\" \/>\n<meta property=\"og:description\" content=\"Prova Comentada Legisla\u00e7\u00e3o Penal Especial Delegado SC: Confira AQUI a corre\u00e7\u00e3o feita por nossos professores e tire suas d\u00favidas!\" \/>\n<meta property=\"og:url\" content=\"https:\/\/cj.estrategia.com\/portal\/prova-comentada-legislacao-penal-especial-delegado-sc\/\" \/>\n<meta property=\"og:site_name\" content=\"Blog - Carreiras Jur\u00eddicas - Estrat\u00e9gia\" \/>\n<meta property=\"article:publisher\" content=\"https:\/\/www.facebook.com\/estrategiacarreirajuridica\/\" \/>\n<meta property=\"article:published_time\" content=\"2024-01-30T18:05:46+00:00\" \/>\n<meta property=\"article:modified_time\" content=\"2024-01-30T18:05:50+00:00\" \/>\n<meta property=\"og:image\" content=\"https:\/\/cj.estrategia.com\/portal\/wp-content\/uploads\/2022\/09\/04103244\/DELEGADO-SC.jpg\" \/>\n\t<meta property=\"og:image:width\" content=\"768\" \/>\n\t<meta property=\"og:image:height\" content=\"432\" \/>\n\t<meta property=\"og:image:type\" content=\"image\/jpeg\" \/>\n<meta name=\"author\" content=\"Coordena\u00e7\u00e3o\" \/>\n<meta name=\"twitter:card\" content=\"summary_large_image\" \/>\n<meta name=\"twitter:creator\" content=\"@EstratJuridica\" \/>\n<meta name=\"twitter:site\" content=\"@EstratJuridica\" \/>\n<meta name=\"twitter:label1\" content=\"Escrito por\" \/>\n\t<meta name=\"twitter:data1\" content=\"Coordena\u00e7\u00e3o\" \/>\n\t<meta name=\"twitter:label2\" content=\"Est. tempo de leitura\" \/>\n\t<meta name=\"twitter:data2\" content=\"14 minutos\" \/>\n<script type=\"application\/ld+json\" class=\"yoast-schema-graph\">{\"@context\":\"https:\\\/\\\/schema.org\",\"@graph\":[{\"@type\":\"NewsArticle\",\"@id\":\"https:\\\/\\\/cj.estrategia.com\\\/portal\\\/prova-comentada-legislacao-penal-especial-delegado-sc\\\/#article\",\"isPartOf\":{\"@id\":\"https:\\\/\\\/cj.estrategia.com\\\/portal\\\/prova-comentada-legislacao-penal-especial-delegado-sc\\\/\"},\"author\":{\"name\":\"Coordena\u00e7\u00e3o\",\"@id\":\"https:\\\/\\\/cj.estrategia.com\\\/portal\\\/#\\\/schema\\\/person\\\/4d70317d31449932b99102916b6637f5\"},\"headline\":\"Prova Comentada Legisla\u00e7\u00e3o Penal Especial Delegado SC\",\"datePublished\":\"2024-01-30T18:05:46+00:00\",\"dateModified\":\"2024-01-30T18:05:50+00:00\",\"mainEntityOfPage\":{\"@id\":\"https:\\\/\\\/cj.estrategia.com\\\/portal\\\/prova-comentada-legislacao-penal-especial-delegado-sc\\\/\"},\"wordCount\":2548,\"commentCount\":0,\"publisher\":{\"@id\":\"https:\\\/\\\/cj.estrategia.com\\\/portal\\\/#organization\"},\"image\":{\"@id\":\"https:\\\/\\\/cj.estrategia.com\\\/portal\\\/prova-comentada-legislacao-penal-especial-delegado-sc\\\/#primaryimage\"},\"thumbnailUrl\":\"https:\\\/\\\/cj.estrategia.com\\\/portal\\\/wp-content\\\/uploads\\\/2022\\\/09\\\/04103244\\\/DELEGADO-SC.jpg\",\"articleSection\":[\"Carreiras Jur\u00eddicas\",\"Delegado\"],\"inLanguage\":\"pt-BR\",\"potentialAction\":[{\"@type\":\"CommentAction\",\"name\":\"Comment\",\"target\":[\"https:\\\/\\\/cj.estrategia.com\\\/portal\\\/prova-comentada-legislacao-penal-especial-delegado-sc\\\/#respond\"]}]},{\"@type\":\"WebPage\",\"@id\":\"https:\\\/\\\/cj.estrategia.com\\\/portal\\\/prova-comentada-legislacao-penal-especial-delegado-sc\\\/\",\"url\":\"https:\\\/\\\/cj.estrategia.com\\\/portal\\\/prova-comentada-legislacao-penal-especial-delegado-sc\\\/\",\"name\":\"Prova Comentada Legisla\u00e7\u00e3o Penal Especial Delegado SC\",\"isPartOf\":{\"@id\":\"https:\\\/\\\/cj.estrategia.com\\\/portal\\\/#website\"},\"primaryImageOfPage\":{\"@id\":\"https:\\\/\\\/cj.estrategia.com\\\/portal\\\/prova-comentada-legislacao-penal-especial-delegado-sc\\\/#primaryimage\"},\"image\":{\"@id\":\"https:\\\/\\\/cj.estrategia.com\\\/portal\\\/prova-comentada-legislacao-penal-especial-delegado-sc\\\/#primaryimage\"},\"thumbnailUrl\":\"https:\\\/\\\/cj.estrategia.com\\\/portal\\\/wp-content\\\/uploads\\\/2022\\\/09\\\/04103244\\\/DELEGADO-SC.jpg\",\"datePublished\":\"2024-01-30T18:05:46+00:00\",\"dateModified\":\"2024-01-30T18:05:50+00:00\",\"description\":\"Prova Comentada Legisla\u00e7\u00e3o Penal Especial Delegado SC: Confira AQUI a corre\u00e7\u00e3o feita por nossos professores e tire suas d\u00favidas!\",\"breadcrumb\":{\"@id\":\"https:\\\/\\\/cj.estrategia.com\\\/portal\\\/prova-comentada-legislacao-penal-especial-delegado-sc\\\/#breadcrumb\"},\"inLanguage\":\"pt-BR\",\"potentialAction\":[{\"@type\":\"ReadAction\",\"target\":[\"https:\\\/\\\/cj.estrategia.com\\\/portal\\\/prova-comentada-legislacao-penal-especial-delegado-sc\\\/\"]}]},{\"@type\":\"ImageObject\",\"inLanguage\":\"pt-BR\",\"@id\":\"https:\\\/\\\/cj.estrategia.com\\\/portal\\\/prova-comentada-legislacao-penal-especial-delegado-sc\\\/#primaryimage\",\"url\":\"https:\\\/\\\/cj.estrategia.com\\\/portal\\\/wp-content\\\/uploads\\\/2022\\\/09\\\/04103244\\\/DELEGADO-SC.jpg\",\"contentUrl\":\"https:\\\/\\\/cj.estrategia.com\\\/portal\\\/wp-content\\\/uploads\\\/2022\\\/09\\\/04103244\\\/DELEGADO-SC.jpg\",\"width\":768,\"height\":432,\"caption\":\"Concurso delegado SC\"},{\"@type\":\"BreadcrumbList\",\"@id\":\"https:\\\/\\\/cj.estrategia.com\\\/portal\\\/prova-comentada-legislacao-penal-especial-delegado-sc\\\/#breadcrumb\",\"itemListElement\":[{\"@type\":\"ListItem\",\"position\":1,\"name\":\"In\u00edcio\",\"item\":\"https:\\\/\\\/cj.estrategia.com\\\/portal\\\/\"},{\"@type\":\"ListItem\",\"position\":2,\"name\":\"Prova Comentada Legisla\u00e7\u00e3o Penal Especial Delegado SC\"}]},{\"@type\":\"WebSite\",\"@id\":\"https:\\\/\\\/cj.estrategia.com\\\/portal\\\/#website\",\"url\":\"https:\\\/\\\/cj.estrategia.com\\\/portal\\\/\",\"name\":\"Blog - Carreiras Jur\u00eddicas - Estrat\u00e9gia\",\"description\":\"\",\"publisher\":{\"@id\":\"https:\\\/\\\/cj.estrategia.com\\\/portal\\\/#organization\"},\"potentialAction\":[{\"@type\":\"SearchAction\",\"target\":{\"@type\":\"EntryPoint\",\"urlTemplate\":\"https:\\\/\\\/cj.estrategia.com\\\/portal\\\/?s={search_term_string}\"},\"query-input\":{\"@type\":\"PropertyValueSpecification\",\"valueRequired\":true,\"valueName\":\"search_term_string\"}}],\"inLanguage\":\"pt-BR\"},{\"@type\":\"Organization\",\"@id\":\"https:\\\/\\\/cj.estrategia.com\\\/portal\\\/#organization\",\"name\":\"Estrat\u00e9gia - Carreiras Jur\u00eddicas\",\"url\":\"https:\\\/\\\/cj.estrategia.com\\\/portal\\\/\",\"logo\":{\"@type\":\"ImageObject\",\"inLanguage\":\"pt-BR\",\"@id\":\"https:\\\/\\\/cj.estrategia.com\\\/portal\\\/#\\\/schema\\\/logo\\\/image\\\/\",\"url\":\"https:\\\/\\\/cj.estrategia.com\\\/portal\\\/wp-content\\\/uploads\\\/2022\\\/03\\\/11151052\\\/cj-logo.png\",\"contentUrl\":\"https:\\\/\\\/cj.estrategia.com\\\/portal\\\/wp-content\\\/uploads\\\/2022\\\/03\\\/11151052\\\/cj-logo.png\",\"width\":150,\"height\":39,\"caption\":\"Estrat\u00e9gia - Carreiras Jur\u00eddicas\"},\"image\":{\"@id\":\"https:\\\/\\\/cj.estrategia.com\\\/portal\\\/#\\\/schema\\\/logo\\\/image\\\/\"},\"sameAs\":[\"https:\\\/\\\/www.facebook.com\\\/estrategiacarreirajuridica\\\/\",\"https:\\\/\\\/x.com\\\/EstratJuridica\",\"https:\\\/\\\/www.instagram.com\\\/estrategiacarreirajuridica\\\/\",\"https:\\\/\\\/www.youtube.com\\\/channel\\\/UClbMGuYbj2Mh1m3w144ETWQ\"]},{\"@type\":\"Person\",\"@id\":\"https:\\\/\\\/cj.estrategia.com\\\/portal\\\/#\\\/schema\\\/person\\\/4d70317d31449932b99102916b6637f5\",\"name\":\"Coordena\u00e7\u00e3o\",\"image\":{\"@type\":\"ImageObject\",\"inLanguage\":\"pt-BR\",\"@id\":\"https:\\\/\\\/cj.estrategia.com\\\/portal\\\/wp-content\\\/uploads\\\/2022\\\/05\\\/12164923\\\/estrategia-carreira-juridica-coordenacao-96x96.png\",\"url\":\"https:\\\/\\\/cj.estrategia.com\\\/portal\\\/wp-content\\\/uploads\\\/2022\\\/05\\\/12164923\\\/estrategia-carreira-juridica-coordenacao-96x96.png\",\"contentUrl\":\"https:\\\/\\\/cj.estrategia.com\\\/portal\\\/wp-content\\\/uploads\\\/2022\\\/05\\\/12164923\\\/estrategia-carreira-juridica-coordenacao-96x96.png\",\"caption\":\"Coordena\u00e7\u00e3o\"},\"url\":\"https:\\\/\\\/cj.estrategia.com\\\/portal\\\/author\\\/coordenacao\\\/\"}]}<\/script>\n<!-- \/ Yoast SEO Premium plugin. -->","yoast_head_json":{"title":"Prova Comentada Legisla\u00e7\u00e3o Penal Especial Delegado SC","description":"Prova Comentada Legisla\u00e7\u00e3o Penal Especial Delegado SC: Confira AQUI a corre\u00e7\u00e3o feita por nossos professores e tire suas d\u00favidas!","robots":{"index":"index","follow":"follow","max-snippet":"max-snippet:-1","max-image-preview":"max-image-preview:large","max-video-preview":"max-video-preview:-1"},"canonical":"https:\/\/cj.estrategia.com\/portal\/prova-comentada-legislacao-penal-especial-delegado-sc\/","og_locale":"pt_BR","og_type":"article","og_title":"Prova Comentada Legisla\u00e7\u00e3o Penal Especial Delegado SC","og_description":"Prova Comentada Legisla\u00e7\u00e3o Penal Especial Delegado SC: Confira AQUI a corre\u00e7\u00e3o feita por nossos professores e tire suas d\u00favidas!","og_url":"https:\/\/cj.estrategia.com\/portal\/prova-comentada-legislacao-penal-especial-delegado-sc\/","og_site_name":"Blog - Carreiras Jur\u00eddicas - Estrat\u00e9gia","article_publisher":"https:\/\/www.facebook.com\/estrategiacarreirajuridica\/","article_published_time":"2024-01-30T18:05:46+00:00","article_modified_time":"2024-01-30T18:05:50+00:00","og_image":[{"width":768,"height":432,"url":"https:\/\/cj.estrategia.com\/portal\/wp-content\/uploads\/2022\/09\/04103244\/DELEGADO-SC.jpg","type":"image\/jpeg"}],"author":"Coordena\u00e7\u00e3o","twitter_card":"summary_large_image","twitter_creator":"@EstratJuridica","twitter_site":"@EstratJuridica","twitter_misc":{"Escrito por":"Coordena\u00e7\u00e3o","Est. tempo de leitura":"14 minutos"},"schema":{"@context":"https:\/\/schema.org","@graph":[{"@type":"NewsArticle","@id":"https:\/\/cj.estrategia.com\/portal\/prova-comentada-legislacao-penal-especial-delegado-sc\/#article","isPartOf":{"@id":"https:\/\/cj.estrategia.com\/portal\/prova-comentada-legislacao-penal-especial-delegado-sc\/"},"author":{"name":"Coordena\u00e7\u00e3o","@id":"https:\/\/cj.estrategia.com\/portal\/#\/schema\/person\/4d70317d31449932b99102916b6637f5"},"headline":"Prova Comentada Legisla\u00e7\u00e3o Penal Especial Delegado SC","datePublished":"2024-01-30T18:05:46+00:00","dateModified":"2024-01-30T18:05:50+00:00","mainEntityOfPage":{"@id":"https:\/\/cj.estrategia.com\/portal\/prova-comentada-legislacao-penal-especial-delegado-sc\/"},"wordCount":2548,"commentCount":0,"publisher":{"@id":"https:\/\/cj.estrategia.com\/portal\/#organization"},"image":{"@id":"https:\/\/cj.estrategia.com\/portal\/prova-comentada-legislacao-penal-especial-delegado-sc\/#primaryimage"},"thumbnailUrl":"https:\/\/cj.estrategia.com\/portal\/wp-content\/uploads\/2022\/09\/04103244\/DELEGADO-SC.jpg","articleSection":["Carreiras Jur\u00eddicas","Delegado"],"inLanguage":"pt-BR","potentialAction":[{"@type":"CommentAction","name":"Comment","target":["https:\/\/cj.estrategia.com\/portal\/prova-comentada-legislacao-penal-especial-delegado-sc\/#respond"]}]},{"@type":"WebPage","@id":"https:\/\/cj.estrategia.com\/portal\/prova-comentada-legislacao-penal-especial-delegado-sc\/","url":"https:\/\/cj.estrategia.com\/portal\/prova-comentada-legislacao-penal-especial-delegado-sc\/","name":"Prova Comentada Legisla\u00e7\u00e3o Penal Especial Delegado SC","isPartOf":{"@id":"https:\/\/cj.estrategia.com\/portal\/#website"},"primaryImageOfPage":{"@id":"https:\/\/cj.estrategia.com\/portal\/prova-comentada-legislacao-penal-especial-delegado-sc\/#primaryimage"},"image":{"@id":"https:\/\/cj.estrategia.com\/portal\/prova-comentada-legislacao-penal-especial-delegado-sc\/#primaryimage"},"thumbnailUrl":"https:\/\/cj.estrategia.com\/portal\/wp-content\/uploads\/2022\/09\/04103244\/DELEGADO-SC.jpg","datePublished":"2024-01-30T18:05:46+00:00","dateModified":"2024-01-30T18:05:50+00:00","description":"Prova Comentada Legisla\u00e7\u00e3o Penal Especial Delegado SC: Confira AQUI a corre\u00e7\u00e3o feita por nossos professores e tire suas d\u00favidas!","breadcrumb":{"@id":"https:\/\/cj.estrategia.com\/portal\/prova-comentada-legislacao-penal-especial-delegado-sc\/#breadcrumb"},"inLanguage":"pt-BR","potentialAction":[{"@type":"ReadAction","target":["https:\/\/cj.estrategia.com\/portal\/prova-comentada-legislacao-penal-especial-delegado-sc\/"]}]},{"@type":"ImageObject","inLanguage":"pt-BR","@id":"https:\/\/cj.estrategia.com\/portal\/prova-comentada-legislacao-penal-especial-delegado-sc\/#primaryimage","url":"https:\/\/cj.estrategia.com\/portal\/wp-content\/uploads\/2022\/09\/04103244\/DELEGADO-SC.jpg","contentUrl":"https:\/\/cj.estrategia.com\/portal\/wp-content\/uploads\/2022\/09\/04103244\/DELEGADO-SC.jpg","width":768,"height":432,"caption":"Concurso delegado SC"},{"@type":"BreadcrumbList","@id":"https:\/\/cj.estrategia.com\/portal\/prova-comentada-legislacao-penal-especial-delegado-sc\/#breadcrumb","itemListElement":[{"@type":"ListItem","position":1,"name":"In\u00edcio","item":"https:\/\/cj.estrategia.com\/portal\/"},{"@type":"ListItem","position":2,"name":"Prova Comentada Legisla\u00e7\u00e3o Penal Especial Delegado SC"}]},{"@type":"WebSite","@id":"https:\/\/cj.estrategia.com\/portal\/#website","url":"https:\/\/cj.estrategia.com\/portal\/","name":"Blog - Carreiras Jur\u00eddicas - Estrat\u00e9gia","description":"","publisher":{"@id":"https:\/\/cj.estrategia.com\/portal\/#organization"},"potentialAction":[{"@type":"SearchAction","target":{"@type":"EntryPoint","urlTemplate":"https:\/\/cj.estrategia.com\/portal\/?s={search_term_string}"},"query-input":{"@type":"PropertyValueSpecification","valueRequired":true,"valueName":"search_term_string"}}],"inLanguage":"pt-BR"},{"@type":"Organization","@id":"https:\/\/cj.estrategia.com\/portal\/#organization","name":"Estrat\u00e9gia - Carreiras Jur\u00eddicas","url":"https:\/\/cj.estrategia.com\/portal\/","logo":{"@type":"ImageObject","inLanguage":"pt-BR","@id":"https:\/\/cj.estrategia.com\/portal\/#\/schema\/logo\/image\/","url":"https:\/\/cj.estrategia.com\/portal\/wp-content\/uploads\/2022\/03\/11151052\/cj-logo.png","contentUrl":"https:\/\/cj.estrategia.com\/portal\/wp-content\/uploads\/2022\/03\/11151052\/cj-logo.png","width":150,"height":39,"caption":"Estrat\u00e9gia - Carreiras Jur\u00eddicas"},"image":{"@id":"https:\/\/cj.estrategia.com\/portal\/#\/schema\/logo\/image\/"},"sameAs":["https:\/\/www.facebook.com\/estrategiacarreirajuridica\/","https:\/\/x.com\/EstratJuridica","https:\/\/www.instagram.com\/estrategiacarreirajuridica\/","https:\/\/www.youtube.com\/channel\/UClbMGuYbj2Mh1m3w144ETWQ"]},{"@type":"Person","@id":"https:\/\/cj.estrategia.com\/portal\/#\/schema\/person\/4d70317d31449932b99102916b6637f5","name":"Coordena\u00e7\u00e3o","image":{"@type":"ImageObject","inLanguage":"pt-BR","@id":"https:\/\/cj.estrategia.com\/portal\/wp-content\/uploads\/2022\/05\/12164923\/estrategia-carreira-juridica-coordenacao-96x96.png","url":"https:\/\/cj.estrategia.com\/portal\/wp-content\/uploads\/2022\/05\/12164923\/estrategia-carreira-juridica-coordenacao-96x96.png","contentUrl":"https:\/\/cj.estrategia.com\/portal\/wp-content\/uploads\/2022\/05\/12164923\/estrategia-carreira-juridica-coordenacao-96x96.png","caption":"Coordena\u00e7\u00e3o"},"url":"https:\/\/cj.estrategia.com\/portal\/author\/coordenacao\/"}]}},"jetpack_featured_media_url":"https:\/\/cj.estrategia.com\/portal\/wp-content\/uploads\/2022\/09\/04103244\/DELEGADO-SC.jpg","jetpack_sharing_enabled":true,"_links":{"self":[{"href":"https:\/\/cj.estrategia.com\/portal\/wp-json\/wp\/v2\/posts\/54354","targetHints":{"allow":["GET"]}}],"collection":[{"href":"https:\/\/cj.estrategia.com\/portal\/wp-json\/wp\/v2\/posts"}],"about":[{"href":"https:\/\/cj.estrategia.com\/portal\/wp-json\/wp\/v2\/types\/post"}],"author":[{"embeddable":true,"href":"https:\/\/cj.estrategia.com\/portal\/wp-json\/wp\/v2\/users\/12"}],"replies":[{"embeddable":true,"href":"https:\/\/cj.estrategia.com\/portal\/wp-json\/wp\/v2\/comments?post=54354"}],"version-history":[{"count":1,"href":"https:\/\/cj.estrategia.com\/portal\/wp-json\/wp\/v2\/posts\/54354\/revisions"}],"predecessor-version":[{"id":54389,"href":"https:\/\/cj.estrategia.com\/portal\/wp-json\/wp\/v2\/posts\/54354\/revisions\/54389"}],"wp:featuredmedia":[{"embeddable":true,"href":"https:\/\/cj.estrategia.com\/portal\/wp-json\/wp\/v2\/media\/20795"}],"wp:attachment":[{"href":"https:\/\/cj.estrategia.com\/portal\/wp-json\/wp\/v2\/media?parent=54354"}],"wp:term":[{"taxonomy":"category","embeddable":true,"href":"https:\/\/cj.estrategia.com\/portal\/wp-json\/wp\/v2\/categories?post=54354"},{"taxonomy":"post_tag","embeddable":true,"href":"https:\/\/cj.estrategia.com\/portal\/wp-json\/wp\/v2\/tags?post=54354"},{"taxonomy":"tax_estado","embeddable":true,"href":"https:\/\/cj.estrategia.com\/portal\/wp-json\/wp\/v2\/tax_estado?post=54354"}],"curies":[{"name":"wp","href":"https:\/\/api.w.org\/{rel}","templated":true}]}}