{"id":54350,"date":"2024-01-30T14:55:16","date_gmt":"2024-01-30T17:55:16","guid":{"rendered":"https:\/\/cj.estrategia.com\/portal\/?p=54350"},"modified":"2024-01-30T14:55:19","modified_gmt":"2024-01-30T17:55:19","slug":"prova-comentada-criminologia-delegado-sc","status":"publish","type":"post","link":"https:\/\/cj.estrategia.com\/portal\/prova-comentada-criminologia-delegado-sc\/","title":{"rendered":"Prova Comentada Criminologia Delegado SC"},"content":{"rendered":"\n<p>Ol\u00e1, pessoal, tudo certo?!<\/p>\n\n\n\n<p>Em 28\/01\/2024, foi aplicada a prova objetiva do concurso p\u00fablico para <strong>Delegado de Pol\u00edcia Civil do Estado de Santa Catarina<\/strong>. Assim que encerrada, nosso time de professores elaborou o gabarito extraoficial, que, agora, ser\u00e1 apresentado juntamente com a nossa <strong>PROVA COMENTADA<\/strong>.<\/p>\n\n\n\n<p>Este material visa a auxili\u00e1-los na aferi\u00e7\u00e3o das notas, elabora\u00e7\u00e3o de eventuais recursos, verifica\u00e7\u00e3o das chances de avan\u00e7o para fase discursiva, bem como na revis\u00e3o do conte\u00fado cobrado no certame.<\/p>\n\n\n\n<p>Desde j\u00e1, destacamos que nosso time de professores identificou 2 quest\u00f5es pass\u00edveis de recurso e\/ou que devem ser anuladas, por apresentarem duas ou nenhuma alternativa correta, como veremos adiante. No tipo de prova comentado, trata-se das quest\u00f5es <strong>18 e 23.<\/strong><\/p>\n\n\n\n<p>De modo complementar, elaboramos tamb\u00e9m o <a href=\"https:\/\/cj.estrategia.com\/cadernos-e-simulados\/simulados\/a48402eb-7e2c-405a-89d8-b531ad19e5e1\"><strong>RANKING da PC-SC<\/strong>,<\/a> em que nossos alunos e seguidores poder\u00e3o inserir suas respostas \u00e0 prova, e, ao final, aferir sua nota, de acordo com o gabarito elaborado por nossos professores. Atrav\u00e9s do ranking, tamb\u00e9m poderemos estimar a nota de corte da 1\u00ba fase. Essa ferramenta \u00e9 gratuita e, para participar, basta clicar no link abaixo:<\/p>\n\n\n\n<p>Al\u00e9m disso, montamos um caderno para nossos seguidores, alunos ou n\u00e3o, verem os coment\u00e1rios e comentar as quest\u00f5es da prova: Confira <a href=\"https:\/\/cj.estrategia.com\/cadernos-e-simulados\/cadernos\/2b5749c1-0644-4c36-af23-d72253427fa7\">AQUI!<\/a><\/p>\n\n\n\n<p>Por fim, comentaremos a prova, as quest\u00f5es mais pol\u00eamicas, as possibilidades de recurso, bem como a estimativa da nota de corte no <strong>TERM\u00d4METRO P\u00d3S-PROVA<\/strong>, no nosso canal do Youtube. Inscreva-se e ative as notifica\u00e7\u00f5es! <a href=\"https:\/\/www.youtube.com\/@EstrategiaCarreiraJuridica\"><strong>Estrat\u00e9gia Carreira Jur\u00eddica \u2013 YouTube<\/strong><\/a><\/p>\n\n\n\n<p class=\"has-text-align-center has-pale-ocean-gradient-background has-background\"><strong>Confira <a href=\"https:\/\/cj.estrategia.com\/portal\/gabarito-extraoficial-concurso-delegado-sc\/\">AQUI <\/a>todas as provas comentadas por disciplinas! <\/strong><\/p>\n\n\n\n<h3 class=\"wp-block-heading has-vivid-red-color has-text-color has-link-color wp-elements-66094e8a07120920769d81e5bef9c630\" id=\"h-prova-comentada-criminologia\"><span id=\"prova-comentada-criminologia\">Prova Comentada Criminologia<\/span><\/h3>\n\n\n\n<p><strong>QUEST\u00c3O 86. Na segunda metade do s\u00e9culo XIX, o jurista alem\u00e3o Franz von Liszt desenvolveu a chamada Ci\u00eancia Total do Direito Penal (ou Ci\u00eancia Conjunta do Direito Penal).<\/strong><\/p>\n\n\n\n<p><strong>Em rela\u00e7\u00e3o ao tema, assinale a afirmativa incorreta.<\/strong><\/p>\n\n\n\n<p><strong>a) A Criminologia, a Pol\u00edtica Criminal e a Dogm\u00e1tica Jur\u00eddico-Penal s\u00e3o saberes que integram a Ci\u00eancia Total do Direito Penal na acep\u00e7\u00e3o de von Liszt.<\/strong><\/p>\n\n\n\n<p><strong>b) A Dogm\u00e1tica Jur\u00eddico-Penal \u00e9 constitu\u00edda pelo conjunto de normas e princ\u00edpios referentes \u00e0s leis penais e processuais penais.<\/strong><\/p>\n\n\n\n<p><strong>c) A Pol\u00edtica Criminal pressup\u00f5e a ado\u00e7\u00e3o de pol\u00edticas p\u00fablicas em vistas \u00e0 redu\u00e7\u00e3o da criminalidade e da viol\u00eancia.<\/strong><\/p>\n\n\n\n<p><strong>d) A Criminologia \u00e9 uma ci\u00eancia que se notabiliza por empreender an\u00e1lise emp\u00edrica e interdisciplinar sobre a quest\u00e3o criminal.<\/strong><\/p>\n\n\n\n<p><strong>e) A Criminologia \u00e9 uma ci\u00eancia do campo do dever ser voltada \u00e0 defini\u00e7\u00e3o das condutas permitidas e das condutas desviantes.<\/strong><\/p>\n\n\n\n<p><strong>Coment\u00e1rios<\/strong><\/p>\n\n\n\n<p>A alternativa correta \u00e9 a <strong>letra E.<\/strong> A quest\u00e3o trata sobre a Ci\u00eancia Total do Direito Penal.<\/p>\n\n\n\n<p>A alternativa A est\u00e1 correta. Conforme Bitencourt: \u201cComo grande dogm\u00e1tico que se revelou, sistematizou o Direito Penal, dando-lhe uma complexa e completa estrutura, admitindo a fus\u00e3o com outras disciplinas, como a criminologia e a pol\u00edtica criminal. Por isso \u00e9 poss\u00edvel afirmar que a moderna teoria do delito nasce com Von Liszt. Com efeito, Von Liszt enfatizou a j\u00e1 antiga ideia, origin\u00e1ria do positivismo, \u201cde fim no Direito Penal\u201d, no seu Programa de Marburgo, oferecendo-lhe novo e forte conte\u00fado pol\u00edtico- -dogm\u00e1tico.\u201d.<\/p>\n\n\n\n<p>A alternativa B est\u00e1 correta. A\u00a0 Dogm\u00e1tica Jur\u00eddico-Penal, dentro da ci\u00eancia total do direito penal, se perfaz como o direito penal normativo, sendo, portanto, formada pelos\u00a0 princ\u00edpios e normas que subjazem ao ordenamento jur\u00eddico-penal, que devem ser explicitados dogm\u00e1tica e sistematicamente.<\/p>\n\n\n\n<p>A alternativa C est\u00e1 correta. Conforme Bitencourt, a moderna escola alem\u00e3 busca a elimina\u00e7\u00e3o ou substitui\u00e7\u00e3o das penas privativas de liberdade de curta dura\u00e7\u00e3o,\u00a0 representando o \u201cin\u00edcio da busca incessante de alternativas \u00e0s penas privativas de liberdade de curta dura\u00e7\u00e3o, come\u00e7ando efetivamente a desenvolver uma verdadeira pol\u00edtica criminal liberal\u201d. Sendo assim, o direito penal, como medida restritiva, n\u00e3o \u00e9 a \u00fanica forma de combater a criminalidade.<\/p>\n\n\n\n<p>A alternativa D est\u00e1 correta. Conforme Luiz Fl\u00e1vio Gomes, a Criminologia \u00e9 uma \u201cci\u00eancia emp\u00edrica e interdisciplinar, que se ocupa do estudo do crime, da pessoa do infrator, da v\u00edtima e do controle social do comportamento delitivo, e que trata de subministrar uma informa\u00e7\u00e3o v\u00e1lida, contrastada, sobre a g\u00eanese, din\u00e2mica e vari\u00e1veis principais do crime, contemplado este como problema individual e como problema social\u201d.<\/p>\n\n\n\n<p>A alternativa E est\u00e1 incorreta. Conforme visto no conceito de Luiz Fl\u00e1vio Gomes, a criminologia \u00e9 uma ci\u00eancia emp\u00edrica, a qual se baseia na experi\u00eancia e observa\u00e7\u00e3o do mundo real para explicar e compreender o problema criminal, portanto, \u00e9 uma ci\u00eancia do \u201cser\u201d, diferentemente do direito penal, a qual \u00e9 uma ci\u00eancia normativa, valorativa, do dever ser.<\/p>\n\n\n\n<p><strong>QUEST\u00c3O 87. No tocante \u00e0s escolas da Criminologia, assinale a afirmativa correta.<\/strong><\/p>\n\n\n\n<p><strong>a) A Escola da Criminologia Positivista tem como objetos de estudo o crime, o criminoso, o controle social e a v\u00edtima.<\/strong><\/p>\n\n\n\n<p><strong>b) A Escola da Criminologia Cl\u00e1ssica tem como objeto de estudo o delito, compreendido como um ente jur\u00eddico.<\/strong><\/p>\n\n\n\n<p><strong>c) A Escola da Criminologia Positivista tem como objeto de estudo os processos de criminaliza\u00e7\u00e3o.<\/strong><\/p>\n\n\n\n<p><strong>d) A Escola da Criminologia Cr\u00edtica tem como objeto de estudo o delinquente.<\/strong><\/p>\n\n\n\n<p><strong>e) A Criminologia Radical tem enfoque exclusivamente na pessoa da v\u00edtima do delito.<\/strong><\/p>\n\n\n\n<p><strong>Coment\u00e1rios<\/strong><\/p>\n\n\n\n<p>A alternativa correta \u00e9 a <strong>letra B<\/strong>. A quest\u00e3o trata das escolas criminol\u00f3gicas<strong>.<\/strong><\/p>\n\n\n\n<p>A alternativa A est\u00e1 incorreta. Ao contr\u00e1rio do afirmado, o foco da criminologia positivista era o crime e o criminoso, de modo que os estudos sobre a v\u00edtima e o controle social s\u00e3o contribui\u00e7\u00f5es posteriores.<\/p>\n\n\n\n<p>A alternativa B est\u00e1 correta. A escola Cl\u00e1ssica tem como grande expoente Carrara, o qual, conforme Junqueira, tratava o delito como \u201ca infra\u00e7\u00e3o da lei do Estado, promulgada para proteger a seguran\u00e7a dos cidad\u00e3os, resultante de um ato externo do homem, positivo ou negativo, moralmente imput\u00e1vel e politicamente danoso\u201d. (\u2026) \u00c9 considerado o crime um ente jur\u00eddico que tem origem na natureza da sociedade civil (imposta ao homem pela lei eterna como meio de conserva\u00e7\u00e3o, de progresso intelectual, de aperfei\u00e7oamento moral e de prote\u00e7\u00e3o ao direito).\u201d.<\/p>\n\n\n\n<p>A alternativa C est\u00e1 incorreta. Tal conceito n\u00e3o se refere \u00e0 escola positivista, mas sim \u00e0 Teoria do Etiquetamento ou teoria do labelling approach. Segundo esta, a criminalidade n\u00e3o \u00e9 uma qualidade da conduta humana, mas a consequ\u00eancia de um processo em que se atribui tal \u201cqualidade\u201d.<\/p>\n\n\n\n<p>A alternativa D est\u00e1 incorreta. A criminologia cr\u00edtica, diferentemente do que \u00e9 afirmado na alternativa, \u201centende que a realidade n\u00e3o \u00e9 neutra, de modo que se v\u00ea todo o processo de estigmatiza\u00e7\u00e3o da popula\u00e7\u00e3o marginalizada, que se estende \u00e0 classe trabalhadora, como alvo preferencial do sistema punitivo, e que visa criar um temor da criminaliza\u00e7\u00e3o e da pris\u00e3o para manter a estabilidade da produ\u00e7\u00e3o e da ordem social.\u201d (<em>in<\/em> Manual esquem\u00e1tico de criminologia \/ Nestor Sampaio Penteado Filho). Ou seja, seu foco n\u00e3o \u00e9 o estudo do delinquente.<\/p>\n\n\n\n<p>A alternativa E est\u00e1 incorreta. A criminologia radical faz parte das teoria do conflito e tamb\u00e9m tem como principal foco os processos de criminaliza\u00e7\u00e3o e a influ\u00eancia do sistema econ\u00f4mico na criminalidade Nestor Penteado afirma que: \u201cA origem hist\u00f3rica dessa teoria de conflito se encontra no in\u00edcio do s\u00e9culo XX, com o trabalho do holand\u00eas Bonger, que, inspirado pelo marxismo, entende ser o capitalismo a base da criminalidade, na medida em que promove o ego\u00edsmo; este, por seu turno, leva os homens a delinquir\u201d (<em>in<\/em> Manual esquem\u00e1tico de criminologia \/ Nestor Sampaio Penteado Filho).<\/p>\n\n\n\n<p><strong>QUEST\u00c3O 88. Em 16 de agosto de 2023 faleceu o soci\u00f3logo americano Howard Becker. Na obra \u201cOutsiders: estudos de sociologia do desvio\u201d, o autor analisa como os processos de criminaliza\u00e7\u00e3o produzem distintos crit\u00e9rios utilizados pelo sistema penal no exerc\u00edcio do controle social para definir quem deve ou n\u00e3o ser rotulado como desviante. Esta abordagem \u00e9 denominada<\/strong><\/p>\n\n\n\n<p><strong>a) Teoria da anomia.<\/strong><\/p>\n\n\n\n<p><strong>b) Teoria estrutural funcionalista.<\/strong><\/p>\n\n\n\n<p><strong>c) Teoria do labelling approach.<\/strong><\/p>\n\n\n\n<p><strong>d) Teoria da associa\u00e7\u00e3o diferencial.<\/strong><\/p>\n\n\n\n<p><strong>e) Teoria das janelas quebradas.<\/strong><\/p>\n\n\n\n<p><strong>Coment\u00e1rios<\/strong><\/p>\n\n\n\n<p>A alternativa correta \u00e9 a <strong>letra C. A quest\u00e3o trata sobre Labelling approach.<\/strong><\/p>\n\n\n\n<p>A alternativa A est\u00e1 incorreta. Conforme coment\u00e1rios da alternativa C.<\/p>\n\n\n\n<p>A alternativa B est\u00e1 incorreta. Conforme coment\u00e1rios da alternativa C.<\/p>\n\n\n\n<p>A alternativa C est\u00e1 correta. Conforme Penteado: \u201cA teoria do labelling approach (interacionismo simb\u00f3lico, etiquetamento, rotula\u00e7\u00e3o ou rea\u00e7\u00e3o social) \u00e9 uma das mais importantes teorias de conflito. Surgida nos anos 1960, nos Estados Unidos, seus principais expoentes foram Erving Goffman e Howard Becker\u201d (<em>in<\/em> Manual esquem\u00e1tico de criminologia \/ Nestor Sampaio Penteado Filho).<\/p>\n\n\n\n<p>A alternativa D est\u00e1 incorreta. Conforme coment\u00e1rios da alternativa C.<\/p>\n\n\n\n<p>A alternativa E est\u00e1 incorreta. Conforme coment\u00e1rios da alternativa C.<\/p>\n\n\n\n<p><strong>QUEST\u00c3O 89. A vitimiza\u00e7\u00e3o secund\u00e1ria, como estudo da criminologia, atenta para o fen\u00f4meno da In\u00e9rcia da v\u00edtima para noticiar o fato criminoso aos \u00f3rg\u00e3os de persecu\u00e7\u00e3o penal.<\/strong><\/p>\n\n\n\n<p><strong>Na hip\u00f3tese em que a v\u00edtima de um crime praticado com abuso de poder deixa de acionar os \u00f3rg\u00e3os competentes por medo de repres\u00e1lia, est\u00e1-se diante da denominada<\/strong><\/p>\n\n\n\n<p><strong>a) Cifra Dourada.<\/strong><\/p>\n\n\n\n<p><strong>b) Cifra Cinza.<\/strong><\/p>\n\n\n\n<p><strong>c) Cifra Vermelha.<\/strong><\/p>\n\n\n\n<p><strong>d) Cifra Amarela.<\/strong><\/p>\n\n\n\n<p><strong>e) Cifra Verde.<\/strong><\/p>\n\n\n\n<p><strong>Coment\u00e1rios<\/strong><\/p>\n\n\n\n<p>A alternativa correta \u00e9 a <strong>letra D. <\/strong>A quest\u00e3o trata sobre as cifras da criminologia.<\/p>\n\n\n\n<p>A alternativa A est\u00e1 incorreta. Conforme coment\u00e1rios da alternativa D.<\/p>\n\n\n\n<p>A alternativa B est\u00e1 incorreta. Conforme coment\u00e1rios da alternativa D.<\/p>\n\n\n\n<p>A alternativa C est\u00e1 incorreta. Conforme coment\u00e1rios da alternativa D.<\/p>\n\n\n\n<p>A alternativa D est\u00e1 correta. A cifra amarela \u00e9 aquela em que as v\u00edtimas s\u00e3o pessoas que sofreram alguma forma de viol\u00eancia cometida por um funcion\u00e1rio p\u00fablico e deixam de denunciar o fato aos \u00f3rg\u00e3os respons\u00e1veis por receio, medo de repres\u00e1lia. Representam, portanto, um n\u00famero de casos que, embora existentes, n\u00e3o s\u00e3o reportados \u00e0s inst\u00e2ncias oficiais.<\/p>\n\n\n\n<p>A alternativa E est\u00e1 incorreta. Conforme coment\u00e1rios da alternativa D.<\/p>\n\n\n\n<p><strong>QUEST\u00c3O 90. A partir de 1994, sob a administra\u00e7\u00e3o de Rudolph Giuliani como Prefeito de Nova York (EUA), implementou-se um modelo de pol\u00edtica criminal com vistas ao policiamento ostensivo nas ruas e ado\u00e7\u00e3o de puni\u00e7\u00f5es severas a contraven\u00e7\u00f5es e crimes menores.<\/strong><\/p>\n\n\n\n<p><strong>Este modelo veio a ser conhecido como<\/strong><\/p>\n\n\n\n<p><strong>a) Toler\u00e2ncia zero.<\/strong><\/p>\n\n\n\n<p><strong>b) Direito penal do inimigo.<\/strong><\/p>\n\n\n\n<p><strong>c) Pol\u00edtica criminal atuarial.<\/strong><\/p>\n\n\n\n<p><strong>d) Direito penal m\u00ednimo.<\/strong><\/p>\n\n\n\n<p><strong>e) Populismo penal.<\/strong><\/p>\n\n\n\n<p><strong>Coment\u00e1rios<\/strong><\/p>\n\n\n\n<p>A alternativa correta \u00e9 a <strong>letra A.\u00a0<\/strong><\/p>\n\n\n\n<p>Conforme Penteado, a teoria da toler\u00e2ncia zero \u201cparte da premissa de que os pequenos delitos devem ser recha\u00e7ados, o que inibiria os mais graves (fulminar o mal em seu nascedouro), atuando como preven\u00e7\u00e3o geral; os espa\u00e7os p\u00fablicos e privados devem ser tutelados e preservados (\u2026). A teoria das janelas quebradas (ou broken windows theory), desenvolvida nos EUA e aplicada em Nova York, quando Rudolph Giuliani era prefeito, por meio da Opera\u00e7\u00e3o Toler\u00e2ncia Zero, reduziu consideravelmente os \u00edndices de criminalidade naquela cidade.\u201d \u201d (<em>in<\/em> Manual esquem\u00e1tico de criminologia \/ Nestor Sampaio Penteado Filho).<\/p>\n\n\n\n<p>A alternativa B est\u00e1 incorreta. Conforme coment\u00e1rios da alternativa A.<\/p>\n\n\n\n<p>A alternativa C est\u00e1 incorreta. Conforme coment\u00e1rios da alternativa A.<\/p>\n\n\n\n<p>A alternativa D est\u00e1 incorreta. Conforme coment\u00e1rios da alternativa A.<\/p>\n\n\n\n<p>A alternativa E est\u00e1 incorreta. Conforme coment\u00e1rios da alternativa A.<\/p>\n\n\n\n<p class=\"has-text-align-center has-black-color has-luminous-vivid-amber-to-luminous-vivid-orange-gradient-background has-text-color has-background has-medium-font-size\"><strong><a href=\"https:\/\/cj.estrategia.com\/portal\/concurso-delegado-sc\/\" target=\"_blank\" >SAIBA MAIS: Concurso Delegado SC<\/a><\/strong><\/p>\n\n\n\n<h2 class=\"wp-block-heading has-text-align-center\" id=\"cursos\"><span id=\"quer-saber-tudo-sobre-concursos-previstosconfira-nossos-artigos\">Quer saber tudo sobre concursos previstos?<br>Confira nossos artigos!<\/span><\/h2>\n\n\n\n\n\n<h2 class=\"wp-block-heading has-text-align-center\" id=\"curso\"><span id=\"cursos-para-o-concurso-pc-sc\">Cursos para o concurso PC SC<\/span><\/h2>\n\n\n\n<div class=\"wp-block-cover\" style=\"min-height:155px;aspect-ratio:unset;\"><img decoding=\"async\" width=\"1890\" height=\"351\" class=\"wp-block-cover__image-background wp-image-8669\" alt=\"Assinaturas Jur\u00eddicas\" src=\"https:\/\/cj.estrategia.com\/portal\/wp-content\/uploads\/2022\/06\/20151253\/concurso-carreiras-juridicas-assinatura-juridica.jpg\" style=\"object-position:78% 43%\" data-object-fit=\"cover\" data-object-position=\"78% 43%\" srcset=\"https:\/\/cj.estrategia.com\/portal\/wp-content\/uploads\/2022\/06\/20151253\/concurso-carreiras-juridicas-assinatura-juridica.jpg 1890w, https:\/\/cj.estrategia.com\/portal\/wp-content\/uploads\/2022\/06\/20151253\/concurso-carreiras-juridicas-assinatura-juridica-300x56.jpg 300w, https:\/\/cj.estrategia.com\/portal\/wp-content\/uploads\/2022\/06\/20151253\/concurso-carreiras-juridicas-assinatura-juridica-1024x190.jpg 1024w, https:\/\/cj.estrategia.com\/portal\/wp-content\/uploads\/2022\/06\/20151253\/concurso-carreiras-juridicas-assinatura-juridica-768x143.jpg 768w, https:\/\/cj.estrategia.com\/portal\/wp-content\/uploads\/2022\/06\/20151253\/concurso-carreiras-juridicas-assinatura-juridica-1536x285.jpg 1536w, https:\/\/cj.estrategia.com\/portal\/wp-content\/uploads\/2022\/06\/20151253\/concurso-carreiras-juridicas-assinatura-juridica-380x71.jpg 380w, https:\/\/cj.estrategia.com\/portal\/wp-content\/uploads\/2022\/06\/20151253\/concurso-carreiras-juridicas-assinatura-juridica-800x149.jpg 800w, https:\/\/cj.estrategia.com\/portal\/wp-content\/uploads\/2022\/06\/20151253\/concurso-carreiras-juridicas-assinatura-juridica-1160x215.jpg 1160w\" sizes=\"(max-width: 1890px) 100vw, 1890px\" \/><span aria-hidden=\"true\" class=\"wp-block-cover__background has-background-dim\"><\/span><div class=\"wp-block-cover__inner-container is-layout-flow wp-block-cover-is-layout-flow\">\n<h3 id=\"faca-a-sua-assinatura\" class=\"titulo-assinatura\"><span style=\"color: #ffffff;\">Fa\u00e7a a sua assinatura!<\/span><\/h3>\n<p class=\"subtitulo-assinatura\" style=\"display:block!important; line-height: 0;\"><span style=\"color: #ffffff;\">Escolha a sua \u00e1rea.<\/span><\/p>\n<a target=\"_blank\" href=\"https:\/\/www.estrategiaconcursos.com.br\/assinaturas-ecj\/\" rel=\"noopener\"><button style=\"border-radius: 10px; text-transform: capitalize;\">Acessar<\/button><\/a>\n<\/div><\/div>\n\n\n","protected":false},"excerpt":{"rendered":"Ol\u00e1, pessoal, tudo certo?! Em 28\/01\/2024, foi aplicada a prova objetiva do concurso p\u00fablico para Delegado de Pol\u00edcia&hellip;\n","protected":false},"author":12,"featured_media":20795,"comment_status":"open","ping_status":"open","sticky":false,"template":"","format":"standard","meta":{"_jetpack_memberships_contains_paid_content":false,"footnotes":""},"categories":[1,28],"tags":[],"tax_estado":[54],"class_list":{"0":"post-54350","1":"post","2":"type-post","3":"status-publish","4":"format-standard","5":"has-post-thumbnail","7":"category-carreiras-juridicas","8":"category-delegado","9":"tax_estado-sc"},"acf":[],"yoast_head":"<!-- This site is optimized with the Yoast SEO Premium plugin v27.5 (Yoast SEO v27.5) - https:\/\/yoast.com\/product\/yoast-seo-premium-wordpress\/ -->\n<title>Prova Comentada Criminologia Delegado SC<\/title>\n<meta name=\"description\" content=\"Prova Comentada Criminologia Delegado SC: Confira AQUI a corre\u00e7\u00e3o feita por nossos professores e tire suas d\u00favidas!\" \/>\n<meta name=\"robots\" content=\"index, follow, max-snippet:-1, max-image-preview:large, max-video-preview:-1\" \/>\n<link rel=\"canonical\" href=\"https:\/\/cj.estrategia.com\/portal\/prova-comentada-criminologia-delegado-sc\/\" \/>\n<meta property=\"og:locale\" content=\"pt_BR\" \/>\n<meta property=\"og:type\" content=\"article\" \/>\n<meta property=\"og:title\" content=\"Prova Comentada Criminologia Delegado SC\" \/>\n<meta property=\"og:description\" content=\"Prova Comentada Criminologia Delegado SC: Confira AQUI a corre\u00e7\u00e3o feita por nossos professores e tire suas d\u00favidas!\" \/>\n<meta property=\"og:url\" content=\"https:\/\/cj.estrategia.com\/portal\/prova-comentada-criminologia-delegado-sc\/\" \/>\n<meta property=\"og:site_name\" content=\"Blog - Carreiras Jur\u00eddicas - Estrat\u00e9gia\" \/>\n<meta property=\"article:publisher\" content=\"https:\/\/www.facebook.com\/estrategiacarreirajuridica\/\" \/>\n<meta property=\"article:published_time\" content=\"2024-01-30T17:55:16+00:00\" \/>\n<meta property=\"article:modified_time\" content=\"2024-01-30T17:55:19+00:00\" \/>\n<meta property=\"og:image\" content=\"https:\/\/cj.estrategia.com\/portal\/wp-content\/uploads\/2022\/09\/04103244\/DELEGADO-SC.jpg\" \/>\n\t<meta property=\"og:image:width\" content=\"768\" \/>\n\t<meta property=\"og:image:height\" content=\"432\" \/>\n\t<meta property=\"og:image:type\" content=\"image\/jpeg\" \/>\n<meta name=\"author\" content=\"Coordena\u00e7\u00e3o\" \/>\n<meta name=\"twitter:card\" content=\"summary_large_image\" \/>\n<meta name=\"twitter:creator\" content=\"@EstratJuridica\" \/>\n<meta name=\"twitter:site\" content=\"@EstratJuridica\" \/>\n<meta name=\"twitter:label1\" content=\"Escrito por\" \/>\n\t<meta name=\"twitter:data1\" content=\"Coordena\u00e7\u00e3o\" \/>\n\t<meta name=\"twitter:label2\" content=\"Est. tempo de leitura\" \/>\n\t<meta name=\"twitter:data2\" content=\"10 minutos\" \/>\n<script type=\"application\/ld+json\" class=\"yoast-schema-graph\">{\"@context\":\"https:\\\/\\\/schema.org\",\"@graph\":[{\"@type\":\"NewsArticle\",\"@id\":\"https:\\\/\\\/cj.estrategia.com\\\/portal\\\/prova-comentada-criminologia-delegado-sc\\\/#article\",\"isPartOf\":{\"@id\":\"https:\\\/\\\/cj.estrategia.com\\\/portal\\\/prova-comentada-criminologia-delegado-sc\\\/\"},\"author\":{\"name\":\"Coordena\u00e7\u00e3o\",\"@id\":\"https:\\\/\\\/cj.estrategia.com\\\/portal\\\/#\\\/schema\\\/person\\\/4d70317d31449932b99102916b6637f5\"},\"headline\":\"Prova Comentada Criminologia Delegado SC\",\"datePublished\":\"2024-01-30T17:55:16+00:00\",\"dateModified\":\"2024-01-30T17:55:19+00:00\",\"mainEntityOfPage\":{\"@id\":\"https:\\\/\\\/cj.estrategia.com\\\/portal\\\/prova-comentada-criminologia-delegado-sc\\\/\"},\"wordCount\":1936,\"commentCount\":0,\"publisher\":{\"@id\":\"https:\\\/\\\/cj.estrategia.com\\\/portal\\\/#organization\"},\"image\":{\"@id\":\"https:\\\/\\\/cj.estrategia.com\\\/portal\\\/prova-comentada-criminologia-delegado-sc\\\/#primaryimage\"},\"thumbnailUrl\":\"https:\\\/\\\/cj.estrategia.com\\\/portal\\\/wp-content\\\/uploads\\\/2022\\\/09\\\/04103244\\\/DELEGADO-SC.jpg\",\"articleSection\":[\"Carreiras Jur\u00eddicas\",\"Delegado\"],\"inLanguage\":\"pt-BR\",\"potentialAction\":[{\"@type\":\"CommentAction\",\"name\":\"Comment\",\"target\":[\"https:\\\/\\\/cj.estrategia.com\\\/portal\\\/prova-comentada-criminologia-delegado-sc\\\/#respond\"]}]},{\"@type\":\"WebPage\",\"@id\":\"https:\\\/\\\/cj.estrategia.com\\\/portal\\\/prova-comentada-criminologia-delegado-sc\\\/\",\"url\":\"https:\\\/\\\/cj.estrategia.com\\\/portal\\\/prova-comentada-criminologia-delegado-sc\\\/\",\"name\":\"Prova Comentada Criminologia Delegado SC\",\"isPartOf\":{\"@id\":\"https:\\\/\\\/cj.estrategia.com\\\/portal\\\/#website\"},\"primaryImageOfPage\":{\"@id\":\"https:\\\/\\\/cj.estrategia.com\\\/portal\\\/prova-comentada-criminologia-delegado-sc\\\/#primaryimage\"},\"image\":{\"@id\":\"https:\\\/\\\/cj.estrategia.com\\\/portal\\\/prova-comentada-criminologia-delegado-sc\\\/#primaryimage\"},\"thumbnailUrl\":\"https:\\\/\\\/cj.estrategia.com\\\/portal\\\/wp-content\\\/uploads\\\/2022\\\/09\\\/04103244\\\/DELEGADO-SC.jpg\",\"datePublished\":\"2024-01-30T17:55:16+00:00\",\"dateModified\":\"2024-01-30T17:55:19+00:00\",\"description\":\"Prova Comentada Criminologia Delegado SC: Confira AQUI a corre\u00e7\u00e3o feita por nossos professores e tire suas d\u00favidas!\",\"breadcrumb\":{\"@id\":\"https:\\\/\\\/cj.estrategia.com\\\/portal\\\/prova-comentada-criminologia-delegado-sc\\\/#breadcrumb\"},\"inLanguage\":\"pt-BR\",\"potentialAction\":[{\"@type\":\"ReadAction\",\"target\":[\"https:\\\/\\\/cj.estrategia.com\\\/portal\\\/prova-comentada-criminologia-delegado-sc\\\/\"]}]},{\"@type\":\"ImageObject\",\"inLanguage\":\"pt-BR\",\"@id\":\"https:\\\/\\\/cj.estrategia.com\\\/portal\\\/prova-comentada-criminologia-delegado-sc\\\/#primaryimage\",\"url\":\"https:\\\/\\\/cj.estrategia.com\\\/portal\\\/wp-content\\\/uploads\\\/2022\\\/09\\\/04103244\\\/DELEGADO-SC.jpg\",\"contentUrl\":\"https:\\\/\\\/cj.estrategia.com\\\/portal\\\/wp-content\\\/uploads\\\/2022\\\/09\\\/04103244\\\/DELEGADO-SC.jpg\",\"width\":768,\"height\":432,\"caption\":\"Concurso delegado SC\"},{\"@type\":\"BreadcrumbList\",\"@id\":\"https:\\\/\\\/cj.estrategia.com\\\/portal\\\/prova-comentada-criminologia-delegado-sc\\\/#breadcrumb\",\"itemListElement\":[{\"@type\":\"ListItem\",\"position\":1,\"name\":\"In\u00edcio\",\"item\":\"https:\\\/\\\/cj.estrategia.com\\\/portal\\\/\"},{\"@type\":\"ListItem\",\"position\":2,\"name\":\"Prova Comentada Criminologia Delegado SC\"}]},{\"@type\":\"WebSite\",\"@id\":\"https:\\\/\\\/cj.estrategia.com\\\/portal\\\/#website\",\"url\":\"https:\\\/\\\/cj.estrategia.com\\\/portal\\\/\",\"name\":\"Blog - Carreiras Jur\u00eddicas - Estrat\u00e9gia\",\"description\":\"\",\"publisher\":{\"@id\":\"https:\\\/\\\/cj.estrategia.com\\\/portal\\\/#organization\"},\"potentialAction\":[{\"@type\":\"SearchAction\",\"target\":{\"@type\":\"EntryPoint\",\"urlTemplate\":\"https:\\\/\\\/cj.estrategia.com\\\/portal\\\/?s={search_term_string}\"},\"query-input\":{\"@type\":\"PropertyValueSpecification\",\"valueRequired\":true,\"valueName\":\"search_term_string\"}}],\"inLanguage\":\"pt-BR\"},{\"@type\":\"Organization\",\"@id\":\"https:\\\/\\\/cj.estrategia.com\\\/portal\\\/#organization\",\"name\":\"Estrat\u00e9gia - Carreiras Jur\u00eddicas\",\"url\":\"https:\\\/\\\/cj.estrategia.com\\\/portal\\\/\",\"logo\":{\"@type\":\"ImageObject\",\"inLanguage\":\"pt-BR\",\"@id\":\"https:\\\/\\\/cj.estrategia.com\\\/portal\\\/#\\\/schema\\\/logo\\\/image\\\/\",\"url\":\"https:\\\/\\\/cj.estrategia.com\\\/portal\\\/wp-content\\\/uploads\\\/2022\\\/03\\\/11151052\\\/cj-logo.png\",\"contentUrl\":\"https:\\\/\\\/cj.estrategia.com\\\/portal\\\/wp-content\\\/uploads\\\/2022\\\/03\\\/11151052\\\/cj-logo.png\",\"width\":150,\"height\":39,\"caption\":\"Estrat\u00e9gia - Carreiras Jur\u00eddicas\"},\"image\":{\"@id\":\"https:\\\/\\\/cj.estrategia.com\\\/portal\\\/#\\\/schema\\\/logo\\\/image\\\/\"},\"sameAs\":[\"https:\\\/\\\/www.facebook.com\\\/estrategiacarreirajuridica\\\/\",\"https:\\\/\\\/x.com\\\/EstratJuridica\",\"https:\\\/\\\/www.instagram.com\\\/estrategiacarreirajuridica\\\/\",\"https:\\\/\\\/www.youtube.com\\\/channel\\\/UClbMGuYbj2Mh1m3w144ETWQ\"]},{\"@type\":\"Person\",\"@id\":\"https:\\\/\\\/cj.estrategia.com\\\/portal\\\/#\\\/schema\\\/person\\\/4d70317d31449932b99102916b6637f5\",\"name\":\"Coordena\u00e7\u00e3o\",\"image\":{\"@type\":\"ImageObject\",\"inLanguage\":\"pt-BR\",\"@id\":\"https:\\\/\\\/cj.estrategia.com\\\/portal\\\/wp-content\\\/uploads\\\/2022\\\/05\\\/12164923\\\/estrategia-carreira-juridica-coordenacao-96x96.png\",\"url\":\"https:\\\/\\\/cj.estrategia.com\\\/portal\\\/wp-content\\\/uploads\\\/2022\\\/05\\\/12164923\\\/estrategia-carreira-juridica-coordenacao-96x96.png\",\"contentUrl\":\"https:\\\/\\\/cj.estrategia.com\\\/portal\\\/wp-content\\\/uploads\\\/2022\\\/05\\\/12164923\\\/estrategia-carreira-juridica-coordenacao-96x96.png\",\"caption\":\"Coordena\u00e7\u00e3o\"},\"url\":\"https:\\\/\\\/cj.estrategia.com\\\/portal\\\/author\\\/coordenacao\\\/\"}]}<\/script>\n<!-- \/ Yoast SEO Premium plugin. -->","yoast_head_json":{"title":"Prova Comentada Criminologia Delegado SC","description":"Prova Comentada Criminologia Delegado SC: Confira AQUI a corre\u00e7\u00e3o feita por nossos professores e tire suas d\u00favidas!","robots":{"index":"index","follow":"follow","max-snippet":"max-snippet:-1","max-image-preview":"max-image-preview:large","max-video-preview":"max-video-preview:-1"},"canonical":"https:\/\/cj.estrategia.com\/portal\/prova-comentada-criminologia-delegado-sc\/","og_locale":"pt_BR","og_type":"article","og_title":"Prova Comentada Criminologia Delegado SC","og_description":"Prova Comentada Criminologia Delegado SC: Confira AQUI a corre\u00e7\u00e3o feita por nossos professores e tire suas d\u00favidas!","og_url":"https:\/\/cj.estrategia.com\/portal\/prova-comentada-criminologia-delegado-sc\/","og_site_name":"Blog - Carreiras Jur\u00eddicas - Estrat\u00e9gia","article_publisher":"https:\/\/www.facebook.com\/estrategiacarreirajuridica\/","article_published_time":"2024-01-30T17:55:16+00:00","article_modified_time":"2024-01-30T17:55:19+00:00","og_image":[{"width":768,"height":432,"url":"https:\/\/cj.estrategia.com\/portal\/wp-content\/uploads\/2022\/09\/04103244\/DELEGADO-SC.jpg","type":"image\/jpeg"}],"author":"Coordena\u00e7\u00e3o","twitter_card":"summary_large_image","twitter_creator":"@EstratJuridica","twitter_site":"@EstratJuridica","twitter_misc":{"Escrito por":"Coordena\u00e7\u00e3o","Est. tempo de leitura":"10 minutos"},"schema":{"@context":"https:\/\/schema.org","@graph":[{"@type":"NewsArticle","@id":"https:\/\/cj.estrategia.com\/portal\/prova-comentada-criminologia-delegado-sc\/#article","isPartOf":{"@id":"https:\/\/cj.estrategia.com\/portal\/prova-comentada-criminologia-delegado-sc\/"},"author":{"name":"Coordena\u00e7\u00e3o","@id":"https:\/\/cj.estrategia.com\/portal\/#\/schema\/person\/4d70317d31449932b99102916b6637f5"},"headline":"Prova Comentada Criminologia Delegado SC","datePublished":"2024-01-30T17:55:16+00:00","dateModified":"2024-01-30T17:55:19+00:00","mainEntityOfPage":{"@id":"https:\/\/cj.estrategia.com\/portal\/prova-comentada-criminologia-delegado-sc\/"},"wordCount":1936,"commentCount":0,"publisher":{"@id":"https:\/\/cj.estrategia.com\/portal\/#organization"},"image":{"@id":"https:\/\/cj.estrategia.com\/portal\/prova-comentada-criminologia-delegado-sc\/#primaryimage"},"thumbnailUrl":"https:\/\/cj.estrategia.com\/portal\/wp-content\/uploads\/2022\/09\/04103244\/DELEGADO-SC.jpg","articleSection":["Carreiras Jur\u00eddicas","Delegado"],"inLanguage":"pt-BR","potentialAction":[{"@type":"CommentAction","name":"Comment","target":["https:\/\/cj.estrategia.com\/portal\/prova-comentada-criminologia-delegado-sc\/#respond"]}]},{"@type":"WebPage","@id":"https:\/\/cj.estrategia.com\/portal\/prova-comentada-criminologia-delegado-sc\/","url":"https:\/\/cj.estrategia.com\/portal\/prova-comentada-criminologia-delegado-sc\/","name":"Prova Comentada Criminologia Delegado SC","isPartOf":{"@id":"https:\/\/cj.estrategia.com\/portal\/#website"},"primaryImageOfPage":{"@id":"https:\/\/cj.estrategia.com\/portal\/prova-comentada-criminologia-delegado-sc\/#primaryimage"},"image":{"@id":"https:\/\/cj.estrategia.com\/portal\/prova-comentada-criminologia-delegado-sc\/#primaryimage"},"thumbnailUrl":"https:\/\/cj.estrategia.com\/portal\/wp-content\/uploads\/2022\/09\/04103244\/DELEGADO-SC.jpg","datePublished":"2024-01-30T17:55:16+00:00","dateModified":"2024-01-30T17:55:19+00:00","description":"Prova Comentada Criminologia Delegado SC: Confira AQUI a corre\u00e7\u00e3o feita por nossos professores e tire suas d\u00favidas!","breadcrumb":{"@id":"https:\/\/cj.estrategia.com\/portal\/prova-comentada-criminologia-delegado-sc\/#breadcrumb"},"inLanguage":"pt-BR","potentialAction":[{"@type":"ReadAction","target":["https:\/\/cj.estrategia.com\/portal\/prova-comentada-criminologia-delegado-sc\/"]}]},{"@type":"ImageObject","inLanguage":"pt-BR","@id":"https:\/\/cj.estrategia.com\/portal\/prova-comentada-criminologia-delegado-sc\/#primaryimage","url":"https:\/\/cj.estrategia.com\/portal\/wp-content\/uploads\/2022\/09\/04103244\/DELEGADO-SC.jpg","contentUrl":"https:\/\/cj.estrategia.com\/portal\/wp-content\/uploads\/2022\/09\/04103244\/DELEGADO-SC.jpg","width":768,"height":432,"caption":"Concurso delegado SC"},{"@type":"BreadcrumbList","@id":"https:\/\/cj.estrategia.com\/portal\/prova-comentada-criminologia-delegado-sc\/#breadcrumb","itemListElement":[{"@type":"ListItem","position":1,"name":"In\u00edcio","item":"https:\/\/cj.estrategia.com\/portal\/"},{"@type":"ListItem","position":2,"name":"Prova Comentada Criminologia Delegado SC"}]},{"@type":"WebSite","@id":"https:\/\/cj.estrategia.com\/portal\/#website","url":"https:\/\/cj.estrategia.com\/portal\/","name":"Blog - Carreiras Jur\u00eddicas - Estrat\u00e9gia","description":"","publisher":{"@id":"https:\/\/cj.estrategia.com\/portal\/#organization"},"potentialAction":[{"@type":"SearchAction","target":{"@type":"EntryPoint","urlTemplate":"https:\/\/cj.estrategia.com\/portal\/?s={search_term_string}"},"query-input":{"@type":"PropertyValueSpecification","valueRequired":true,"valueName":"search_term_string"}}],"inLanguage":"pt-BR"},{"@type":"Organization","@id":"https:\/\/cj.estrategia.com\/portal\/#organization","name":"Estrat\u00e9gia - Carreiras Jur\u00eddicas","url":"https:\/\/cj.estrategia.com\/portal\/","logo":{"@type":"ImageObject","inLanguage":"pt-BR","@id":"https:\/\/cj.estrategia.com\/portal\/#\/schema\/logo\/image\/","url":"https:\/\/cj.estrategia.com\/portal\/wp-content\/uploads\/2022\/03\/11151052\/cj-logo.png","contentUrl":"https:\/\/cj.estrategia.com\/portal\/wp-content\/uploads\/2022\/03\/11151052\/cj-logo.png","width":150,"height":39,"caption":"Estrat\u00e9gia - Carreiras Jur\u00eddicas"},"image":{"@id":"https:\/\/cj.estrategia.com\/portal\/#\/schema\/logo\/image\/"},"sameAs":["https:\/\/www.facebook.com\/estrategiacarreirajuridica\/","https:\/\/x.com\/EstratJuridica","https:\/\/www.instagram.com\/estrategiacarreirajuridica\/","https:\/\/www.youtube.com\/channel\/UClbMGuYbj2Mh1m3w144ETWQ"]},{"@type":"Person","@id":"https:\/\/cj.estrategia.com\/portal\/#\/schema\/person\/4d70317d31449932b99102916b6637f5","name":"Coordena\u00e7\u00e3o","image":{"@type":"ImageObject","inLanguage":"pt-BR","@id":"https:\/\/cj.estrategia.com\/portal\/wp-content\/uploads\/2022\/05\/12164923\/estrategia-carreira-juridica-coordenacao-96x96.png","url":"https:\/\/cj.estrategia.com\/portal\/wp-content\/uploads\/2022\/05\/12164923\/estrategia-carreira-juridica-coordenacao-96x96.png","contentUrl":"https:\/\/cj.estrategia.com\/portal\/wp-content\/uploads\/2022\/05\/12164923\/estrategia-carreira-juridica-coordenacao-96x96.png","caption":"Coordena\u00e7\u00e3o"},"url":"https:\/\/cj.estrategia.com\/portal\/author\/coordenacao\/"}]}},"jetpack_featured_media_url":"https:\/\/cj.estrategia.com\/portal\/wp-content\/uploads\/2022\/09\/04103244\/DELEGADO-SC.jpg","jetpack_sharing_enabled":true,"_links":{"self":[{"href":"https:\/\/cj.estrategia.com\/portal\/wp-json\/wp\/v2\/posts\/54350","targetHints":{"allow":["GET"]}}],"collection":[{"href":"https:\/\/cj.estrategia.com\/portal\/wp-json\/wp\/v2\/posts"}],"about":[{"href":"https:\/\/cj.estrategia.com\/portal\/wp-json\/wp\/v2\/types\/post"}],"author":[{"embeddable":true,"href":"https:\/\/cj.estrategia.com\/portal\/wp-json\/wp\/v2\/users\/12"}],"replies":[{"embeddable":true,"href":"https:\/\/cj.estrategia.com\/portal\/wp-json\/wp\/v2\/comments?post=54350"}],"version-history":[{"count":0,"href":"https:\/\/cj.estrategia.com\/portal\/wp-json\/wp\/v2\/posts\/54350\/revisions"}],"wp:featuredmedia":[{"embeddable":true,"href":"https:\/\/cj.estrategia.com\/portal\/wp-json\/wp\/v2\/media\/20795"}],"wp:attachment":[{"href":"https:\/\/cj.estrategia.com\/portal\/wp-json\/wp\/v2\/media?parent=54350"}],"wp:term":[{"taxonomy":"category","embeddable":true,"href":"https:\/\/cj.estrategia.com\/portal\/wp-json\/wp\/v2\/categories?post=54350"},{"taxonomy":"post_tag","embeddable":true,"href":"https:\/\/cj.estrategia.com\/portal\/wp-json\/wp\/v2\/tags?post=54350"},{"taxonomy":"tax_estado","embeddable":true,"href":"https:\/\/cj.estrategia.com\/portal\/wp-json\/wp\/v2\/tax_estado?post=54350"}],"curies":[{"name":"wp","href":"https:\/\/api.w.org\/{rel}","templated":true}]}}