{"id":54336,"date":"2024-01-29T21:03:02","date_gmt":"2024-01-30T00:03:02","guid":{"rendered":"https:\/\/cj.estrategia.com\/portal\/?p=54336"},"modified":"2024-01-29T21:03:07","modified_gmt":"2024-01-30T00:03:07","slug":"prova-comentada-direito-constitucional-delegado-sc","status":"publish","type":"post","link":"https:\/\/cj.estrategia.com\/portal\/prova-comentada-direito-constitucional-delegado-sc\/","title":{"rendered":"Prova Comentada Direito Constitucional Delegado SC"},"content":{"rendered":"\n<p>Ol\u00e1, pessoal, tudo certo?!<\/p>\n\n\n\n<p>Em 28\/01\/2024, foi aplicada a prova objetiva do concurso p\u00fablico para <strong>Delegado de Pol\u00edcia Civil do Estado de Santa Catarina<\/strong>. Assim que encerrada, nosso time de professores elaborou o gabarito extraoficial, que, agora, ser\u00e1 apresentado juntamente com a nossa <strong>PROVA COMENTADA<\/strong>.<\/p>\n\n\n\n<p>Este material visa a auxili\u00e1-los na aferi\u00e7\u00e3o das notas, elabora\u00e7\u00e3o de eventuais recursos, verifica\u00e7\u00e3o das chances de avan\u00e7o para fase discursiva, bem como na revis\u00e3o do conte\u00fado cobrado no certame.<\/p>\n\n\n\n<p>Desde j\u00e1, destacamos que nosso time de professores identificou 2 quest\u00f5es pass\u00edveis de recurso e\/ou que devem ser anuladas, por apresentarem duas ou nenhuma alternativa correta, como veremos adiante. No tipo de prova comentado, trata-se das quest\u00f5es <strong>18 e 23.<\/strong><\/p>\n\n\n\n<p>De modo complementar, elaboramos tamb\u00e9m o <a href=\"https:\/\/cj.estrategia.com\/cadernos-e-simulados\/simulados\/a48402eb-7e2c-405a-89d8-b531ad19e5e1\"><strong>RANKING da PC-SC<\/strong>,<\/a> em que nossos alunos e seguidores poder\u00e3o inserir suas respostas \u00e0 prova, e, ao final, aferir sua nota, de acordo com o gabarito elaborado por nossos professores. Atrav\u00e9s do ranking, tamb\u00e9m poderemos estimar a nota de corte da 1\u00ba fase. Essa ferramenta \u00e9 gratuita e, para participar, basta clicar no link abaixo:<\/p>\n\n\n\n<p>Al\u00e9m disso, montamos um caderno para nossos seguidores, alunos ou n\u00e3o, verem os coment\u00e1rios e comentar as quest\u00f5es da prova: Confira <a href=\"https:\/\/cj.estrategia.com\/cadernos-e-simulados\/cadernos\/2b5749c1-0644-4c36-af23-d72253427fa7\">AQUI!<\/a><\/p>\n\n\n\n<p>Por fim, comentaremos a prova, as quest\u00f5es mais pol\u00eamicas, as possibilidades de recurso, bem como a estimativa da nota de corte no <strong>TERM\u00d4METRO P\u00d3S-PROVA<\/strong>, no nosso canal do Youtube. Inscreva-se e ative as notifica\u00e7\u00f5es! <a href=\"https:\/\/www.youtube.com\/@EstrategiaCarreiraJuridica\"><strong>Estrat\u00e9gia Carreira Jur\u00eddica &#8211; YouTube<\/strong><\/a><\/p>\n\n\n\n<p class=\"has-text-align-center has-pale-ocean-gradient-background has-background\"><strong>Confira <a href=\"https:\/\/cj.estrategia.com\/portal\/gabarito-extraoficial-concurso-delegado-sc\/\">AQUI <\/a>todas as provas comentadas por disciplinas! <\/strong><\/p>\n\n\n\n<h3 class=\"wp-block-heading has-vivid-red-color has-text-color has-link-color wp-elements-da6e329b2f94e908f33c161302333f2f\" id=\"h-prova-comentada-direito-constitucional\"><span id=\"prova-comentada-direito-constitucional\">Prova Comentada Direito Constitucional<\/span><\/h3>\n\n\n\n<p><strong>QUEST\u00c3O 11. Em agosto de 2023, o Supremo Tribunal Federal firmou o entendimento de que o uso da tese da leg\u00edtima defesa da honra em crimes de feminic\u00eddio ou de agress\u00e3o contra mulheres contraria os princ\u00edpios constitucionais da dignidade da pessoa humana, da prote\u00e7\u00e3o da vida e da igualdade de g\u00eanero. Em decorr\u00eancia, o Art. 23, inciso II, o Art. 25, caput e par\u00e1grafo \u00fanico, do C\u00f3digo Penal e o Art. 65 do C\u00f3digo de Processo Penal devem ser interpretados de modo a excluir a leg\u00edtima defesa da honra do dom\u00ednio do instituto da leg\u00edtima defesa.<\/strong><\/p>\n\n\n\n<p><strong>Entre os princ\u00edpios de hermen\u00eautica constitucional, o utilizado pelo Supremo Tribunal Federal na decis\u00e3o descrita acima \u00e9 o da<\/strong><\/p>\n\n\n\n<p><strong>a) unidade constitucional.<\/strong><\/p>\n\n\n\n<p><strong>b) presun\u00e7\u00e3o de constitucionalidade das leis.<\/strong><\/p>\n\n\n\n<p><strong>c) interpreta\u00e7\u00e3o conforme \u00e0 constitui\u00e7\u00e3o.<\/strong><\/p>\n\n\n\n<p><strong>d) concord\u00e2ncia pr\u00e1tica.<\/strong><\/p>\n\n\n\n<p><strong>e) conformidade funcional.<\/strong><\/p>\n\n\n\n<p><strong>Coment\u00e1rios<\/strong><\/p>\n\n\n\n<p>A alternativa correta a ser assinalada \u00e9 a<strong> letra C.<\/strong><\/p>\n\n\n\n<p>No julgamento da ADPF 779 pelo STF, o Tribunal utilizou o princ\u00edpio da interpreta\u00e7\u00e3o conforme \u00e0 Constitui\u00e7\u00e3o, para conferir o status de inconstitucional \u00e0 tese da leg\u00edtima defesa da honra em crimes de feminic\u00eddio ou de agress\u00e3o contra mulheres. Veja trecho da ementa: \u201c(&#8230;) a tesa da leg\u00edtima defesa da honra \u00e9 inconstitucional, por contrariar os princ\u00edpios constitucionais da dignidade da pessoa humana (art. 1\u00ba, inciso III, da CF), da prote\u00e7\u00e3o \u00e0 vida e da igualdade de g\u00eanero (art. 5\u00ba, caput, da CF); (ii) conferir interpreta\u00e7\u00e3o conforme \u00e0 Constitui\u00e7\u00e3o ao art. 23, inciso II; ao art. 25, caput e par\u00e1grafo \u00fanico, do C\u00f3digo Penal e ao art. 65 do C\u00f3digo de Processo Penal, de modo a excluir a leg\u00edtima defesa da honra do \u00e2mbito do instituto da leg\u00edtima defesa e, por consequ\u00eancia, (iii) obstar \u00e0 defesa, \u00e0 acusa\u00e7\u00e3o, \u00e0 autoridade policial e ao ju\u00edzo que utilizem, direta ou indiretamente, a tese de leg\u00edtima defesa da honra (ou qualquer argumento que induza \u00e0 tese) nas fases pr\u00e9-processual ou processual penais, bem como durante o julgamento perante o tribunal do j\u00fari, sob pena de nulidade do ato e do julgamento (&#8230;)&#8221;. (ADPF 779, Relator(a): DIAS TOFFOLI, Tribunal Pleno, julgado em 01-08-2023, PROCESSO ELETR\u00d4NICO DJe-s\/n DIVULG 05-10-2023 PUBLIC 06-10-2023).<\/p>\n\n\n\n<p>Utilizando como justificativa a mesma base jurisprudencial acima mencionada, as demais alternativas A, B, D e E ficam automaticamente incorretas, por citarem princ\u00edpios diversos.<\/p>\n\n\n\n<p><strong>QUEST\u00c3O 12. As C\u00e2maras de Vereadores de diferentes Munic\u00edpios da Federa\u00e7\u00e3o Brasileira pretendem deliberar a respeito de consultas populares sobre quest\u00f5es de relev\u00e2ncia para as respectivas popula\u00e7\u00f5es locais, a serem realizadas concomitantemente \u00e0s elei\u00e7\u00f5es municipais de 2024.<\/strong><\/p>\n\n\n\n<p><strong>Em rela\u00e7\u00e3o a essa forma de participa\u00e7\u00e3o democr\u00e1tica direta, em n\u00edvel municipal, prevista na Constitui\u00e7\u00e3o Federal de 1988, assinale a afirmativa correta.<\/strong><\/p>\n\n\n\n<p><strong>a) As consultas populares concomitantes \u00e0s elei\u00e7\u00f5es municipais n\u00e3o poder\u00e3o ser realizadas em 2024 em raz\u00e3o do princ\u00edpio da anualidade eleitoral.<\/strong><\/p>\n\n\n\n<p><strong>b) Durante a campanha eleitoral ser\u00e3o defesas as manifesta\u00e7\u00f5es favor\u00e1veis e contr\u00e1rias \u00e0s quest\u00f5es locais submetidas \u00e0s consultas populares.<\/strong><\/p>\n\n\n\n<p><strong>c) Uma vez aprovadas pelas C\u00e2maras de Vereadores, as consultas populares sobre quest\u00f5es locais devem ser encaminhadas \u00e0 Justi\u00e7a Eleitoral at\u00e9 60 dias antes da data das elei\u00e7\u00f5es.<\/strong><\/p>\n\n\n\n<p><strong>d) Durante a campanha eleitoral \u00e9 proibida a utiliza\u00e7\u00e3o de propaganda gratuita no r\u00e1dio e na televis\u00e3o para as manifesta\u00e7\u00f5es favor\u00e1veis e contr\u00e1rias \u00e0s quest\u00f5es submetidas \u00e0s consultas populares.<\/strong><\/p>\n\n\n\n<p><strong>e) A aprova\u00e7\u00e3o das consultas populares sobre quest\u00f5es locais pelas C\u00e2maras de Vereadores dispensa o seu encaminhamento \u00e0 Justi\u00e7a Eleitoral.<\/strong><\/p>\n\n\n\n<p><strong>Coment\u00e1rios<\/strong><\/p>\n\n\n\n<p>A alternativa correta \u00e9 a <strong>letra D.<\/strong><\/p>\n\n\n\n<p>A alternativa A est\u00e1 incorreta, pois as consultas populares poder\u00e3o ser realizadas em 2024, concomitantemente \u00e0s elei\u00e7\u00f5es municipais, segundo disp\u00f5e a CF, em seu art. 14, \u00a7 12. Observe: &#8220;Art. 14. A soberania popular ser\u00e1 exercida pelo sufr\u00e1gio universal e pelo voto direto e secreto, com valor igual para todos, e, nos termos da lei, mediante: I &#8211; plebiscito; II &#8211; referendo; III &#8211; iniciativa popular. \u00a7 12. Ser\u00e3o realizadas concomitantemente \u00e0s elei\u00e7\u00f5es municipais as consultas populares sobre quest\u00f5es locais aprovadas pelas C\u00e2maras Municipais e encaminhadas \u00e0 Justi\u00e7a Eleitoral at\u00e9 90 (noventa) dias antes da data das elei\u00e7\u00f5es, observados os limites operacionais relativos ao n\u00famero de quesitos.&#8221;<\/p>\n\n\n\n<p>A alternativa B est\u00e1 incorreta, pois segundo o artigo 14, \u00a7 13 da CF, tais manifesta\u00e7\u00f5es favor\u00e1veis e contr\u00e1rias \u00e0s quest\u00f5es locais submetidas \u00e0s consultas populares s\u00e3o permitidas. Vejamos: &#8220;Art. 14. A soberania popular ser\u00e1 exercida pelo sufr\u00e1gio universal e pelo voto direto e secreto, com valor igual para todos, e, nos termos da lei, mediante: I &#8211; plebiscito; II &#8211; referendo; III &#8211; iniciativa popular. \u00a7 13. As manifesta\u00e7\u00f5es favor\u00e1veis e contr\u00e1rias \u00e0s quest\u00f5es submetidas \u00e0s consultas populares nos termos do \u00a7 12 ocorrer\u00e3o durante as campanhas eleitorais, sem a utiliza\u00e7\u00e3o de propaganda gratuita no r\u00e1dio e na televis\u00e3o.&#8221;<\/p>\n\n\n\n<p>A alternativa C est\u00e1 incorreta, pois o prazo para que as consultas populares sejam encaminhadas \u00e0 Justi\u00e7a Eleitoral \u00e9 de 90 dias. Veja &#8220;Art. 14. A soberania popular ser\u00e1 exercida pelo sufr\u00e1gio universal e pelo voto direto e secreto, com valor igual para todos, e, nos termos da lei, mediante: I &#8211; plebiscito; II &#8211; referendo; III &#8211; iniciativa popular. \u00a7 12. Ser\u00e3o realizadas concomitantemente \u00e0s elei\u00e7\u00f5es municipais as consultas populares sobre quest\u00f5es locais aprovadas pelas C\u00e2maras Municipais e encaminhadas \u00e0 Justi\u00e7a Eleitoral at\u00e9 90 (noventa) dias antes da data das elei\u00e7\u00f5es, observados os limites operacionais relativos ao n\u00famero de quesitos.&#8221;<\/p>\n\n\n\n<p>A alternativa D est\u00e1 correta, pois encontra-se em conformidade com o artigo 14, \u00a7 13 da CF. Vejamos: &#8220;Art. 14. A soberania popular ser\u00e1 exercida pelo sufr\u00e1gio universal e pelo voto direto e secreto, com valor igual para todos, e, nos termos da lei, mediante: I &#8211; plebiscito; II &#8211; referendo; III &#8211; iniciativa popular. \u00a7 13. As manifesta\u00e7\u00f5es favor\u00e1veis e contr\u00e1rias \u00e0s quest\u00f5es submetidas \u00e0s consultas populares nos termos do \u00a7 12 ocorrer\u00e3o durante as campanhas eleitorais, sem a utiliza\u00e7\u00e3o de propaganda gratuita no r\u00e1dio e na televis\u00e3o.&#8221;<\/p>\n\n\n\n<p>A alternativa E est\u00e1 incorreta, pois as consultas populares, ap\u00f3s serem aprovadas pelas C\u00e2maras Municipais, dever\u00e3o ser encaminhadas \u00e0 Justi\u00e7a Eleitoral, conforme disp\u00f5e o artigo 14, \u00a7 12 da CF; veja: &#8220;Art. 14. A soberania popular ser\u00e1 exercida pelo sufr\u00e1gio universal e pelo voto direto e secreto, com valor igual para todos, e, nos termos da lei, mediante: I &#8211; plebiscito; II &#8211; referendo; III &#8211; iniciativa popular. \u00a7 12. Ser\u00e3o realizadas concomitantemente \u00e0s elei\u00e7\u00f5es municipais as consultas populares sobre quest\u00f5es locais aprovadas pelas C\u00e2maras Municipais e encaminhadas \u00e0 Justi\u00e7a Eleitoral at\u00e9 90 (noventa) dias antes da data das elei\u00e7\u00f5es, observados os limites operacionais relativos ao n\u00famero de quesitos.&#8221;<\/p>\n\n\n\n<p><strong>QUEST\u00c3O 13. Marco, italiano, veio para o Brasil em 2001 estudar dramaturgia em S\u00e3o Paulo. em 2020, ap\u00f3s mais de quinze anos de resid\u00eancia ininterrupta no Brasil, Marco solicita e adquire, de forma derivada, a nacionalidade brasileira. Recentemente, Marco foi condenado, por senten\u00e7a judicial transitada em julgado, em virtude de fraude relacionada ao seu processo de naturaliza\u00e7\u00e3o.<\/strong><\/p>\n\n\n\n<p><strong>Conforme a ordem constitucional vigente, nesta situa\u00e7\u00e3o hipot\u00e9tica, em decorr\u00eancia da referida decis\u00e3o judicial, ocorrer\u00e1<\/strong><\/p>\n\n\n\n<p><strong>a) a suspens\u00e3o dos direitos pol\u00edticos de Marco.<\/strong><\/p>\n\n\n\n<p><strong>b) a perda dos direitos pol\u00edticos de Marco.<\/strong><\/p>\n\n\n\n<p><strong>c) a cassa\u00e7\u00e3o dos direitos pol\u00edticos de Marco.<\/strong><\/p>\n\n\n\n<p><strong>d) o cancelamento da naturaliza\u00e7\u00e3o de Marco, sem qualquer efeito sobre seus direitos pol\u00edticos.<\/strong><\/p>\n\n\n\n<p><strong>e) a manuten\u00e7\u00e3o da naturaliza\u00e7\u00e3o de Marco, pois o ato de fraude n\u00e3o \u00e9 considerado atividade nociva ao interesse nacional.<\/strong><\/p>\n\n\n\n<p><strong>Coment\u00e1rios<\/strong><\/p>\n\n\n\n<p>A alternativa correta \u00e9 a<strong> letra B.<\/strong><\/p>\n\n\n\n<p>A Constitui\u00e7\u00e3o Federal, em seu artigo 12, \u00a7 4\u00ba, determina as hip\u00f3teses em que ser\u00e1 declarada a perda da nacionalidade brasileira, vejamos: &#8220;Art. 12, \u00a7 4\u00ba. Ser\u00e1 declarada a perda da nacionalidade do brasileiro que: I &#8211; tiver cancelada sua naturaliza\u00e7\u00e3o, por senten\u00e7a judicial, em virtude de fraude relacionada ao processo de naturaliza\u00e7\u00e3o ou de atentado contra a ordem constitucional e o Estado Democr\u00e1tico; II &#8211; fizer pedido expresso de perda da nacionalidade brasileira perante autoridade brasileira competente, ressalvadas situa\u00e7\u00f5es que acarretem apatridia.&#8221;<\/p>\n\n\n\n<p>Dessa forma, a \u00fanica alternativa a prever a implica\u00e7\u00e3o correta, decorrente da senten\u00e7a judicial transitada em julgado, a Marco, \u00e9 a letra B. As alternativas A, C, D e E ficam, portanto, incorretas.<\/p>\n\n\n\n<p><strong>QUEST\u00c3O 14. Diretor de determinado \u00f3rg\u00e3o policial do Estado edita a Portaria XXX\/2021 que determina que todos os processos do Sistema Eletr\u00f4nico de Informa\u00e7\u00f5es do \u00f3rg\u00e3o sejam cadastrados com n\u00edvel de acesso restrito ou sigiloso e, com isso, impedindo o acesso p\u00fablico.<\/strong><\/p>\n\n\n\n<p><strong>Com base na situa\u00e7\u00e3o hipot\u00e9tica descrita e na ordem constitucional vigente, analise as afirmativas a seguir.<\/strong><\/p>\n\n\n\n<p><strong>I. A Portaria XXX\/2021 viola a liberdade de informa\u00e7\u00e3o do Art. 5\u00ba, inciso XXXIII, da CF\/88, que estabelece como regra a publicidade das informa\u00e7\u00f5es mantidas por \u00f3rg\u00e3os do Estado.<\/strong><\/p>\n\n\n\n<p><strong>II. A Portaria XXX\/2021 n\u00e3o viola a liberdade de informa\u00e7\u00e3o do Art. 5\u00ba, inciso XXXIII, da CF\/88, dado que o sigilo de qualquer informa\u00e7\u00e3o mantida por \u00f3rg\u00e3os policiais \u00e9 imprescind\u00edvel \u00e0 seguran\u00e7a da sociedade e do Estado.<\/strong><\/p>\n\n\n\n<p><strong>III. O ato de qualquer \u00f3rg\u00e3o do Estado restritivo \u00e0 publicidade das informa\u00e7\u00f5es deve ser justificado objetiva, espec\u00edfica e formalmente.<\/strong><\/p>\n\n\n\n<p><strong>Est\u00e1 correto o que se afirma em<\/strong><\/p>\n\n\n\n<p><strong>a) I, II e III.<\/strong><\/p>\n\n\n\n<p><strong>b) I e II, apenas.<\/strong><\/p>\n\n\n\n<p><strong>c) I e III, apenas.<\/strong><\/p>\n\n\n\n<p><strong>d) II e III, apenas.<\/strong><\/p>\n\n\n\n<p><strong>e) II, apenas.<\/strong><\/p>\n\n\n\n<p><strong>Coment\u00e1rios<\/strong><\/p>\n\n\n\n<p>A alternativa correta \u00e9 a <strong>letra C<\/strong>, pois \u00e9 a \u00fanica a elencar as afirma\u00e7\u00f5es I e III, que se encontram em conformidade com a jurisprud\u00eancia do STF.<\/p>\n\n\n\n<p>No julgamento da APDF 872, o Plen\u00e1rio do Supremo Tribunal Federal anulou of\u00edcio da Pol\u00edcia Federal, que havia estabelecido regras de uso e inser\u00e7\u00e3o de dados no SEI-PF, ao manter todas as informa\u00e7\u00f5es e documentos no sistema restritos ou sigilosos e sem acesso p\u00fablico. Vejamos o ac\u00f3rd\u00e3o: &#8220;Vistos, relatados e discutidos estes autos, acordam os Ministros do Supremo Tribunal Federal, em Sess\u00e3o do Plen\u00e1rio, na conformidade da ata de julgamento, por maioria, julgar procedente o pedido para reconhecer a nulidade do ato formalizado pelo Of\u00edcio n.\u00ba 10\/2021 CNS\/CGAD\/DLOG\/PF, que estabeleceu que todos os processos do Sistema Eletr\u00f4nico de Informa\u00e7\u00f5es da Pol\u00edcia Federal sejam cadastrados com n\u00edvel de acesso restrito, nos termos do voto da Relatora, vencidos os Ministros Andr\u00e9 Mendon\u00e7a e Nunes Marques. Foi fixada a seguinte tese: &#8220;O ato de qualquer dos poderes p\u00fablicos restritivo de publicidade deve ser motivado objetiva, espec\u00edfica e formalmente, sendo nulos os atos p\u00fablicos que imponham, genericamente e sem fundamenta\u00e7\u00e3o v\u00e1lida e espec\u00edfica, impeditivo do direito fundamental \u00e0 informa\u00e7\u00e3o.&#8221; (ADPF 872, Relator(a): C\u00c1RMEN L\u00daCIA, Tribunal Pleno, julgado em 15\/08\/2023, PROCESSO ELETR\u00d4NICO DJe-s\/n DIVULG 25-08-2023 PUBLIC 28-08-2023).<\/p>\n\n\n\n<p>Utilizando como justificativa a mesma base jurisprudencial acima mencionada, as demais alternativas, A, B, D e E, ficam automaticamente incorretas, por inclu\u00edrem itens em desacordo com a jurisprud\u00eancia.&nbsp;<\/p>\n\n\n\n<p><strong>QUEST\u00c3O 15. A Lei YYY\/2021 de determinado Estado-membro da Federa\u00e7\u00e3o Brasileira imp\u00f5e que as empresas do setor t\u00eaxtil sediadas no Estado identifiquem as pe\u00e7as de roupa com etiquetas em Braille ou outro meio acess\u00edvel para atender as pessoas com defici\u00eancia visual.<\/strong><\/p>\n\n\n\n<p><strong>A partir da situa\u00e7\u00e3o narrada e com base no sistema jur\u00eddico-constitucional brasileiro vigente, \u00e9 correto concluir que a lei estadual \u00e9<\/strong><\/p>\n\n\n\n<p><strong>a) constitucional, visto que trata do tema de compet\u00eancia concorrente dos estados para legislar sobre produ\u00e7\u00e3o e consumo e prote\u00e7\u00e3o das pessoas com defici\u00eancia.<\/strong><\/p>\n\n\n\n<p><strong>b) constitucional, visto que trata de tema de compet\u00eancia residual dos estados.<\/strong><\/p>\n\n\n\n<p><strong>c) inconstitucional, visto que trata de tema de interesse local de compet\u00eancia legislativa dos munic\u00edpios.<\/strong><\/p>\n\n\n\n<p><strong>d) inconstitucional, visto que trata de com\u00e9rcio interestadual, tema de compet\u00eancia privativa da Uni\u00e3o.<\/strong><\/p>\n\n\n\n<p><strong>e) inconstitucional, visto que viola os princ\u00edpios da livre iniciativa, da livre concorr\u00eancia e da propriedade privada.<\/strong><\/p>\n\n\n\n<p><strong>Coment\u00e1rios<\/strong><\/p>\n\n\n\n<p>A alternativa correta \u00e9 a <strong>letra A<\/strong>. O Plen\u00e1rio do Supremo Tribunal Federal (STF), no julgamento da A\u00e7\u00e3o Direta de Inconstitucionalidade 6989, declarou a constitucionalidade da lei do estado do Piau\u00ed, que obriga as empresas do setor t\u00eaxtil sediadas no Estado a identificarem as pe\u00e7as de roupa com etiquetas em braile ou outro meio acess\u00edvel para atender a pessoas com defici\u00eancia visual.<\/p>\n\n\n\n<p>O Tribunal determinou que a referida Lei se encontra amparada na compet\u00eancia concorrente dos estados para legislar sobre produ\u00e7\u00e3o e consumo, bem como da prote\u00e7\u00e3o das pessoas com defici\u00eancia, conforme disp\u00f5e a alternativa. Vejamos trecho da ementa: &#8220;[&#8230;] 1. A Lei 7.465\/2021 do Estado do Piau\u00ed, ao dispor que as empresas do setor t\u00eaxtil est\u00e3o obrigadas a produzir pe\u00e7as de vestu\u00e1rio que contenham etiquetas em braile ou qualquer outro meio acess\u00edvel \u00e0 compreens\u00e3o das pessoas com defici\u00eancia visual, n\u00e3o versa primordialmente sobre com\u00e9rcio interestadual (CF, art. 22, VIII). Na realidade, a legisla\u00e7\u00e3o em quest\u00e3o encontra fundamento constitucional na compet\u00eancia concorrente para legislar sobre produ\u00e7\u00e3o e consumo e prote\u00e7\u00e3o (CF, art. 24, V) e integra\u00e7\u00e3o social das pessoas portadoras de defici\u00eancias (CF, art. 24, XIV) [&#8230;]&#8221;. (ADI 6989, Relator(a): ROSA WEBER, Tribunal Pleno, julgado em 19\/06\/2023, PROCESSO ELETRONICO DJe-s\/n DIVULG 14-08-2023 PUBLIC 15-08-2023).<\/p>\n\n\n\n<p>A alternativa B est\u00e1 incorreta, pois conforme supracitado, a compet\u00eancia dos estados, neste caso, \u00e9 concorrente, n\u00e3o residual.<\/p>\n\n\n\n<p>A alternativa C est\u00e1 incorreta, pois n\u00e3o se trata de tema de interesse local com compet\u00eancia legislativa dos Munic\u00edpios, mas, conforme acima exposto, de compet\u00eancia concorrente da Uni\u00e3o, dos Estados e do Distrito Federal, para legislar sobre produ\u00e7\u00e3o e consumo, bem como prote\u00e7\u00e3o e integra\u00e7\u00e3o social das pessoas portadoras de defici\u00eancias.<\/p>\n\n\n\n<p>A alternativa D est\u00e1 incorreta, pois conforme supracitado, a norma encontra-se inserida no rol de compet\u00eancias estaduais, de forma concorrente entre a Uni\u00e3o, os Estados e o Distrito Federal, para legislar sobre produ\u00e7\u00e3o e consumo e prote\u00e7\u00e3o e integra\u00e7\u00e3o social das pessoas portadoras de defici\u00eancias.<\/p>\n\n\n\n<p>A alternativa E est\u00e1 incorreta, pois no julgamento da ADI 6989, o STF estabeleceu que a referida Lei n\u00e3o fere os princ\u00edpios da livre iniciativa, da livre concorr\u00eancia e da propriedade privada, ao contr\u00e1rio do que afirma a alternativa. Vejamos: &#8220;[&#8230;] 6. A Lei 7.465\/2021 do Estado do Piau\u00ed, ao vedar a cobran\u00e7a de valores adicionais para o cumprimento da obriga\u00e7\u00e3o imposta \u2013 identifica\u00e7\u00e3o das pe\u00e7as de roupa com etiquetas em braile \u2013, n\u00e3o violou os princ\u00edpios da livre iniciativa, do livre exerc\u00edcio econ\u00f4mico, da livre concorr\u00eancia, da isonomia e da propriedade, porquanto o Estado, no exerc\u00edcio leg\u00edtimo da normatiza\u00e7\u00e3o, regulamenta\u00e7\u00e3o e fiscaliza\u00e7\u00e3o da atividade econ\u00f4mica, editou diploma legal voltado \u00e0 implementa\u00e7\u00e3o dos objetivos fundamentais da Rep\u00fablica (CF, art. 3\u00ba, I, III e IV), a assegurar a exist\u00eancia digna de todos (CF, art. 170, caput), bem assim \u00e0 promo\u00e7\u00e3o da dignidade da pessoa humana (CF, art. 1\u00ba, III), especialmente daqueles portadores de defici\u00eancia [&#8230;]&#8221; (ADI 6989, Relator(a): ROSA. WEBER, Tribunal Pleno, julgado em 19\/06\/2023, PROCESSO. ELETR\u00d4NICO DJe-s\/n DIVULG 14-08-2023 PUBLIC 15-08-2023).<\/p>\n\n\n\n<p><strong>QUEST\u00c3O 16. A seguran\u00e7a p\u00fablica \u00e9 servi\u00e7o a ser prestado pelo Estado para a preserva\u00e7\u00e3o da ordem p\u00fablica e da prote\u00e7\u00e3o da integridade das pessoas e do patrim\u00f4nio. O artigo 144 da CF\/88 enumera os \u00f3rg\u00e3os atuantes neste dom\u00ednio.<\/strong><\/p>\n\n\n\n<p><strong>Com base nas regras constitucionais vigentes e na jurisprud\u00eancia do Supremo Tribunal Federal sobre a seguran\u00e7a p\u00fablica, analise os itens a seguir:<\/strong><\/p>\n\n\n\n<p><strong>I. \u00c9 inconstitucional o exerc\u00edcio do direito de greve por parte dos integrantes de todas as carreiras policiais enumeradas no artigo 144 da CF\/88.<\/strong><\/p>\n\n\n\n<p><strong>II. \u00c0s Pol\u00edcias Civis s\u00e3o atribu\u00eddas as fun\u00e7\u00f5es de pol\u00edcia judici\u00e1ria, de seguran\u00e7a dos estabelecimentos prisionais e de investiga\u00e7\u00e3o de infra\u00e7\u00f5es penais, com ressalva das de compet\u00eancia da Uni\u00e3o e de natureza militar.<\/strong><\/p>\n\n\n\n<p><strong>III. As Pol\u00edcias Militares, subordinadas \u00e0 autoridade suprema do Presidente da Rep\u00fablica, possuem as atribui\u00e7\u00f5es de policiamento ostensivo e da preserva\u00e7\u00e3o da ordem p\u00fablica.<\/strong><\/p>\n\n\n\n<p><strong>Est\u00e1 correto o que se afirma em<\/strong><\/p>\n\n\n\n<p><strong>a) I, II e III.<\/strong><\/p>\n\n\n\n<p><strong>b) I e II, apenas.<\/strong><\/p>\n\n\n\n<p><strong>c) I e III, apenas.<\/strong><\/p>\n\n\n\n<p><strong>d) II e III, apenas.<\/strong><\/p>\n\n\n\n<p><strong>e) I, apenas.<\/strong><\/p>\n\n\n\n<p><strong>Coment\u00e1rios<\/strong><\/p>\n\n\n\n<p>A alternativa correta \u00e9 a <strong>letra E<\/strong>. Vejamos as afirma\u00e7\u00f5es:<\/p>\n\n\n\n<p>A afirma\u00e7\u00e3o I encontra-se de acordo com o julgamento do ARE 654.432 pelo STF, que decidiu sobre o exerc\u00edcio do direito de greve aos integrantes das carreiras policiais, vejamos: &#8220;[&#8230;] O exerc\u00edcio do direito de greve, sob qualquer forma ou modalidade, \u00e9 vedado aos policiais civis e a todos os servidores p\u00fablicos que atuem diretamente na \u00e1rea de seguran\u00e7a p\u00fablica. [&#8230;]&#8221; [ARE 654.432, red. do ac. min. Alexandre de Moraes, j. 5-4-2017, P, DJE de 11-6-2018, Tema 541, com m\u00e9rito julgado.]\n\n\n\n<p>A afirma\u00e7\u00e3o II encontra-se em desconformidade com o artigo 144 da CF, em seu \u00a7 5\u00ba-A, que disp\u00f5e caber \u00e0s pol\u00edcias penais, e n\u00e3o \u00e0s pol\u00edcias civis, a seguran\u00e7a dos estabelecimentos prisionais. Vejamos: &#8220;Art. 144, \u00a7 5\u00ba-A. \u00c0s pol\u00edcias penais, vinculadas ao \u00f3rg\u00e3o administrador do sistema penal da unidade federativa a que pertencem, cabe a seguran\u00e7a dos estabelecimentos penais.&#8221;<\/p>\n\n\n\n<p>A afirma\u00e7\u00e3o III encontra-se em desconformidade com o artigo 144, \u00a7 6\u00ba, da CF, que estabelece serem as Pol\u00edcias Militares subordinadas aos Governadores dos Estados, vejamos:&nbsp; &#8220;Art. 144, \u00a7 6\u00ba. As pol\u00edcias militares e os corpos de bombeiros militares, for\u00e7as auxiliares e reserva do Ex\u00e9rcito subordinam-se, juntamente com as pol\u00edcias civis e as pol\u00edcias penais estaduais e distrital, aos Governadores dos Estados, do Distrito Federal e dos Territ\u00f3rios.&#8221;<\/p>\n\n\n\n<p>Dessa forma, apenas a afirma\u00e7\u00e3o I encontra-se correta, tornando a letra E a alternativa certa. As demais alternativas, A, B, C e D cont\u00eam afirma\u00e7\u00f5es incorretas.<\/p>\n\n\n\n<p><strong>QUEST\u00c3O 17. A respeito da Lei Estadual n\u00ba 12.069\/2021, que disp\u00f5e sobre o procedimento e o julgamento da A\u00e7\u00e3o Direta de Inconstitucionalidade perante o Tribunal de Justi\u00e7a do Estado de Santa Catarina, \u00e9 correto afirmar que<\/strong><\/p>\n\n\n\n<p><strong>a) os sindicatos s\u00e3o legitimados \u00e0 propositura de a\u00e7\u00e3o direta de inconstitucionalidade de leis ou atos normativos estaduais ou municipais em face da Constitui\u00e7\u00e3o Estadual.<\/strong><\/p>\n\n\n\n<p><strong>b) a participa\u00e7\u00e3o de amici curiae no processo \u00e9 admitida mediante despacho recorr\u00edvel do Relator.<\/strong><\/p>\n\n\n\n<p><strong>c) concedida a medida cautelar, ela ter\u00e1, em regra, efeitos ex tunc.<\/strong><\/p>\n\n\n\n<p><strong>d) \u00e9 exigida a presen\u00e7a de pelo menos dois ter\u00e7os dos integrantes do \u00d3rg\u00e3o Especial do Tribunal de Justi\u00e7a na sess\u00e3o para a tomada de decis\u00e3o sobre a inconstitucionalidade de lei ou ato normativo.<\/strong><\/p>\n\n\n\n<p><strong>e) o Tribunal de Justi\u00e7a \u00e9 competente para modular os efeitos temporais da decis\u00e3o de declara\u00e7\u00e3o de inconstitucionalidade de lei ou ato normativo por raz\u00f5es de seguran\u00e7a p\u00fablica ou de excepcional interesse social mediante a manifesta\u00e7\u00e3o da maioria de um ter\u00e7o de seus membros.<\/strong><\/p>\n\n\n\n<p><strong>Coment\u00e1rios<\/strong><\/p>\n\n\n\n<p>A alternativa correta \u00e9 a <strong>letra D<\/strong>.<\/p>\n\n\n\n<p>A alternativa A est\u00e1 incorreta, pois encontra-se em desacordo com o artigo 2\u00ba da Lei n\u00ba 12.069\/2021, que disp\u00f5e: &#8220;Art. 2\u00ba. Est\u00e3o legitimados \u00e0 propositura de a\u00e7\u00e3o direta de inconstitucionalidade de leis ou atos normativos estaduais ou municipais em face da Constitui\u00e7\u00e3o Estadual, nos termos de seu art. 85: VI &#8211; as federa\u00e7\u00f5es sindicais e as entidades de classe de \u00e2mbito estadual;&#8221;<\/p>\n\n\n\n<p>A alternativa B est\u00e1 incorreta, pois encontra-se em desacordo com artigo 7\u00ba, em seu par\u00e1grafo \u00fanico, da Lei n\u00ba 12.069\/2021, que disp\u00f5e: &#8220;Art. 7\u00ba. N\u00e3o se admitir\u00e1 interven\u00e7\u00e3o de terceiros no processo de a\u00e7\u00e3o direta de inconstitucionalidade. Par\u00e1grafo \u00fanico &#8211; O Relator, considerando a relev\u00e2ncia da mat\u00e9ria e a representatividade dos postulantes, poder\u00e1, por despacho irrecorr\u00edvel, admitir, observado o prazo fixado no par\u00e1grafo anterior, a manifesta\u00e7\u00e3o de outros \u00f3rg\u00e3os ou entidades.&#8221;<\/p>\n\n\n\n<p>A alternativa C est\u00e1 incorreta, pois encontra-se em desacordo com o artigo 11\u00ba, \u00a7 1\u00ba, da Lei n\u00ba 12.069\/2021, que disp\u00f5e: &#8220;Art. 11. Concedida a medida cautelar, o Tribunal de Justi\u00e7a far\u00e1 publicar em se\u00e7\u00e3o especial do Di\u00e1rio Oficial e do Di\u00e1rio da Justi\u00e7a do Estado a parte dispositiva da decis\u00e3o, no prazo de dez dias, devendo solicitar as informa\u00e7\u00f5es \u00e0 autoridade da qual tiver emanado o ato, observando-se, no que couber, o procedimento estabelecido na Se\u00e7\u00e3o I deste Cap\u00edtulo. \u00a7 1\u00ba A medida cautelar, dotada de efic\u00e1cia contra todos, ser\u00e1 concedida com efeito ex nunc, salvo se o Tribunal conceder-lhe efic\u00e1cia retroativa.&#8221;<\/p>\n\n\n\n<p>A alternativa D est\u00e1 correta, pois encontra-se de acordo com a Lei n\u00ba 12.069\/2021, que disp\u00f5e, em seu artigo 13\u00ba, o qu\u00f3rum de integrantes do \u00d3rg\u00e3o Especial do Tribunal necess\u00e1rio para a decis\u00e3o de inconstitucionalidade. Vejamos: &#8220;Art 13. A decis\u00e3o sobre a inconstitucionalidade da lei ou do ato normativo somente ser\u00e1 tomada se presentes na sess\u00e3o pelo menos dois ter\u00e7os dos integrantes do \u00d3rg\u00e3o Especial do Tribunal.&#8221;<\/p>\n\n\n\n<p>A alternativa E est\u00e1 incorreta, pois encontra-se em desacordo com o artigo 17\u00ba da Lei n\u00ba 12.069\/2021, que disp\u00f5e: &#8220;Art. 17. Ao declarar a inconstitucionalidade de lei ou ato normativo, e tendo em vista raz\u00f5es de seguran\u00e7a jur\u00eddica ou de excepcional interesse social, poder\u00e1 o Tribunal de Justi\u00e7a, por maioria de dois ter\u00e7os de seus membros, restringir os efeitos daquela declara\u00e7\u00e3o ou decidir que ela s\u00f3 tenha efic\u00e1cia a partir de seu tr\u00e2nsito em julgado ou de outro momento que venha a ser fixado.&#8221;<\/p>\n\n\n\n<p><strong>QUEST\u00c3O 18. A Representa\u00e7\u00e3o Interventiva \u00e9 a\u00e7\u00e3o do controle concentrado de constitucionalidade, cuja finalidade \u00e9 solucionar um lit\u00edgio federativo que pode ensejar a decreta\u00e7\u00e3o da interven\u00e7\u00e3o federal nos Estados ou no Distrito Federal.<\/strong><\/p>\n\n\n\n<p><strong>Entre as hip\u00f3teses em que a Representa\u00e7\u00e3o Interventiva ser\u00e1 cab\u00edvel, conforme as regras constitucionais vigentes, encontra-se a pertinente \u00e0 situa\u00e7\u00e3o de&nbsp;&nbsp;<\/strong><\/p>\n\n\n\n<p><strong>a) viola\u00e7\u00e3o da autonomia municipal.<\/strong><\/p>\n\n\n\n<p><strong>b) recusa \u00e0 execu\u00e7\u00e3o de lei federal.<\/strong><\/p>\n\n\n\n<p><strong>c) presta\u00e7\u00e3o de contas da Administra\u00e7\u00e3o P\u00fablica, direta e indireta.<\/strong><\/p>\n\n\n\n<p><strong>d) n\u00e3o aplica\u00e7\u00e3o do m\u00ednimo exigido da receita resultante de impostos estaduais, compreendida a proveniente de transfer\u00eancias, na manuten\u00e7\u00e3o e desenvolvimento do ensino e nas a\u00e7\u00f5es e servi\u00e7os p\u00fablicos de sa\u00fade.<\/strong><\/p>\n\n\n\n<p><strong>e) suspens\u00e3o do pagamento da d\u00edvida fundada por mais de dois anos consecutivos, salvo motivo de for\u00e7a maior.<\/strong><\/p>\n\n\n\n<p><strong>Coment\u00e1rios<\/strong><\/p>\n\n\n\n<p>As alternativas corretas s\u00e3o as letras <strong>A, B, C e D,<\/strong> portanto, entende-se que a quest\u00e3o deva ser anulada.<\/p>\n\n\n\n<p>De acordo com o Artigo 34 da Constitui\u00e7\u00e3o Federal, a Uni\u00e3o n\u00e3o intervir\u00e1 nos Estados nem no Distrito Federal, exceto nos casos excepcionais, previstos na pr\u00f3pria Constitui\u00e7\u00e3o. Vejamos: &#8220;Art. 34. A Uni\u00e3o n\u00e3o intervir\u00e1 nos Estados nem no Distrito Federal, exceto para: I &#8211; manter a integridade nacional; II &#8211; repelir invas\u00e3o estrangeira ou de uma unidade da Federa\u00e7\u00e3o em outra; III &#8211; p\u00f4r termo a grave comprometimento da ordem p\u00fablica; IV &#8211; garantir o livre exerc\u00edcio de qualquer dos Poderes nas unidades da Federa\u00e7\u00e3o; V &#8211; reorganizar as finan\u00e7as da unidade da Federa\u00e7\u00e3o que: a) suspender o pagamento da d\u00edvida fundada por mais de dois anos consecutivos, salvo motivo de for\u00e7a maior; b) deixar de entregar aos Munic\u00edpios receitas tribut\u00e1rias fixadas nesta Constitui\u00e7\u00e3o, dentro dos prazos estabelecidos em lei; VI &#8211; prover a execu\u00e7\u00e3o de lei federal, ordem ou decis\u00e3o judicial; VII &#8211; assegurar a observ\u00e2ncia dos seguintes princ\u00edpios constitucionais: a) forma republicana, sistema representativo e regime democr\u00e1tico; b) direitos da pessoa humana; c) autonomia municipal; d) presta\u00e7\u00e3o de contas da administra\u00e7\u00e3o p\u00fablica, direta e indireta. e) aplica\u00e7\u00e3o do m\u00ednimo exigido da receita resultante de impostos estaduais, compreendida a proveniente de transfer\u00eancias, na manuten\u00e7\u00e3o e desenvolvimento do ensino. (Inclu\u00edda pela Emenda Constitucional n\u00ba 14, de 1996) e) aplica\u00e7\u00e3o do m\u00ednimo exigido da receita resultante de impostos estaduais, compreendida a proveniente de transfer\u00eancias, na manuten\u00e7\u00e3o e desenvolvimento do ensino e nas a\u00e7\u00f5es e servi\u00e7os p\u00fablicos de sa\u00fade.&#8221;<\/p>\n\n\n\n<p>A alternativa A est\u00e1 correta, por ser hip\u00f3tese de interven\u00e7\u00e3o federal, presente no artigo 34, inciso VII, al\u00ednea c, da CF, vejamos: &#8220;Art. 34. A Uni\u00e3o n\u00e3o intervir\u00e1 nos Estados nem no Distrito Federal, exceto para: VII &#8211; assegurar a observ\u00e2ncia dos seguintes princ\u00edpios constitucionais: c) autonomia municipal;&#8221;.<\/p>\n\n\n\n<p>A alternativa B est\u00e1 correta, por ser hip\u00f3tese de interven\u00e7\u00e3o federal, presente no artigo 36, inciso III, da CF, vejamos: &#8220;Art. 36. A decreta\u00e7\u00e3o da interven\u00e7\u00e3o depender\u00e1: III &#8211; de provimento, pelo Supremo Tribunal Federal, de representa\u00e7\u00e3o do Procurador-Geral da Rep\u00fablica, na hip\u00f3tese do art. 34, VII, e no caso de recusa \u00e0 execu\u00e7\u00e3o de lei federal. (Reda\u00e7\u00e3o dada pela Emenda Constitucional n\u00ba 45, de 2004)&#8221;.<\/p>\n\n\n\n<p>A alternativa C est\u00e1 correta, por ser hip\u00f3tese de interven\u00e7\u00e3o federal, presente no artigo 34, inciso VII, al\u00ednea d, da CF, vejamos: &#8220;Art. 34. A Uni\u00e3o n\u00e3o intervir\u00e1 nos Estados nem no Distrito Federal, exceto para: VII &#8211; assegurar a observ\u00e2ncia dos seguintes princ\u00edpios constitucionais: d) presta\u00e7\u00e3o de contas da administra\u00e7\u00e3o p\u00fablica, direta e indireta.&#8221;<\/p>\n\n\n\n<p>A alternativa D est\u00e1 correta, por ser hip\u00f3tese de interven\u00e7\u00e3o federal, presente no artigo 34, inciso VII, al\u00ednea e, da CF, vejamos: &#8220;Art. 34. A Uni\u00e3o n\u00e3o intervir\u00e1 nos Estados nem no Distrito Federal, exceto para: VII &#8211; assegurar a observ\u00e2ncia dos seguintes princ\u00edpios constitucionais: e) aplica\u00e7\u00e3o do m\u00ednimo exigido da receita resultante de impostos estaduais, compreendida a proveniente de transfer\u00eancias, na manuten\u00e7\u00e3o e desenvolvimento do ensino e nas a\u00e7\u00f5es e servi\u00e7os p\u00fablicos de sa\u00fade. (Reda\u00e7\u00e3o dada pela Emenda Constitucional n\u00ba 29, de 2000)&#8221;.<\/p>\n\n\n\n<p>A alternativa E est\u00e1 incorreta, por n\u00e3o ser uma das hip\u00f3teses previstas para interven\u00e7\u00e3o federal, conforme diplomas legais dos artigos 34 e 36 da Constitui\u00e7\u00e3o Federal. Dessa forma, entende-se que a quest\u00e3o deva ser anulada.<\/p>\n\n\n\n<p><strong>QUEST\u00c3O 19. O Munic\u00edpio Alfa n\u00e3o aplica o m\u00ednimo exigido da receita municipal na manuten\u00e7\u00e3o e desenvolvimento do ensino e nas a\u00e7\u00f5es e servi\u00e7os p\u00fablicos de sa\u00fade. Em audi\u00eancia p\u00fablica determinado vereador progressista sustenta que esta situa\u00e7\u00e3o enseja interven\u00e7\u00e3o estadual no Munic\u00edpio.<\/strong><\/p>\n\n\n\n<p><strong>A partir da corre\u00e7\u00e3o da alega\u00e7\u00e3o feita pelo vereador na hip\u00f3tese narrada e conforme as regras constitucionais vigentes, \u00e9 correto afirmar que<\/strong><\/p>\n\n\n\n<p><strong>a) a decreta\u00e7\u00e3o da interven\u00e7\u00e3o estadual depender\u00e1 de provimento pelo Tribunal de Justi\u00e7a, de representa\u00e7\u00e3o do Procurador-Geral de Justi\u00e7a.<\/strong><\/p>\n\n\n\n<p><strong>b) a decreta\u00e7\u00e3o da interven\u00e7\u00e3o estadual ocorrer\u00e1 ex officio por ato do Governador de Estado.<\/strong><\/p>\n\n\n\n<p><strong>c) a decreta\u00e7\u00e3o da interven\u00e7\u00e3o estadual depender\u00e1 de provimento, pelo Supremo Tribunal Federal, de representa\u00e7\u00e3o do Procurador-Geral da Rep\u00fablica.<\/strong><\/p>\n\n\n\n<p><strong>d) A decreta\u00e7\u00e3o da interven\u00e7\u00e3o estadual dispensar\u00e1 a aprecia\u00e7\u00e3o pela Assembleia Legislativa.<\/strong><\/p>\n\n\n\n<p><strong>e) a decreta\u00e7\u00e3o da interven\u00e7\u00e3o estadual depender\u00e1 de solicita\u00e7\u00e3o da Assembleia Legislativa.<\/strong><\/p>\n\n\n\n<p><strong>Coment\u00e1rios<\/strong><\/p>\n\n\n\n<p>A alternativa correta \u00e9 a <strong>letra B, <\/strong>por<strong> <\/strong>encontrar-se em conformidade com o artigo 35, inciso III, da Constitui\u00e7\u00e3o Federal, que estabelece: &#8220;Art. 35. O Estado n\u00e3o intervir\u00e1 em seus Munic\u00edpios, nem a Uni\u00e3o nos Munic\u00edpios localizados em Territ\u00f3rio Federal, exceto quando: III &#8211; n\u00e3o tiver sido aplicado o m\u00ednimo exigido da receita municipal na manuten\u00e7\u00e3o e desenvolvimento do ensino e nas a\u00e7\u00f5es e servi\u00e7os p\u00fablicos de sa\u00fade;&#8221; bem como em conson\u00e2ncia com o artigo 11, \u00a7 1\u00ba da Constitui\u00e7\u00e3o Estadual de Santa Catarina, que disp\u00f5e: &#8220;Art. 11. O Estado n\u00e3o intervir\u00e1 nos Munic\u00edpios, exceto quando: [&#8230;] \u00a7 1\u00ba A interven\u00e7\u00e3o no Munic\u00edpio se dar\u00e1 por decreto do Governador do Estado: I \u2013 de of\u00edcio, ou mediante representa\u00e7\u00e3o fundamentada da maioria absoluta da C\u00e2mara Municipal ou do Tribunal de Contas, nos casos dos incisos I, II e III;&#8221;<\/p>\n\n\n\n<p>Sendo assim, as demais alternativas, A, C, D e E encontram-se incorretas, por contrariarem os diplomas legais elencados acima.<\/p>\n\n\n\n<p><strong>QUEST\u00c3O 20. Jacqueline, m\u00e3e de Pedro, uma crian\u00e7a de 11 anos de idade, havia solicitado a matr\u00edcula do filho em escola de rede p\u00fablica perto de sua resid\u00eancia. Por\u00e9m, o pedido foi negado pela Secretaria Estadual de Educa\u00e7\u00e3o em raz\u00e3o da falta de vagas. Jacqueline procura a Defensoria P\u00fablica Estadual, que leva a demanda ao Judici\u00e1rio sob o argumento de que a m\u00e3e n\u00e3o tem condi\u00e7\u00f5es de pagar escola particular perto de sua resid\u00eancia, tampouco transporte para escola p\u00fablica em outra localidade onde h\u00e1 vagas.<\/strong><\/p>\n\n\n\n<p><strong>Conforme a ordem constitucional vigente e a jurisprud\u00eancia do Supremo Tribunal Federal acerca da efetividade do direito fundamental de acesso \u00e0 creche e escola, \u00e9 correto afirmar que<\/strong><\/p>\n\n\n\n<p><strong>a) a demanda n\u00e3o ser\u00e1 provida, pois o acesso a creche e escola tem sua efetividade condicionada \u00e0 regulamenta\u00e7\u00e3o por lei posterior.<\/strong><\/p>\n\n\n\n<p><strong>b) a demanda ser\u00e1 provida, pois o acesso a creche e escola \u00e9 direito fundamental previsto em norma constitucional auto execut\u00e1vel.<\/strong><\/p>\n\n\n\n<p><strong>c) a demanda ser\u00e1 provida, pois o acesso a creche e escola \u00e9 direito fundamental da pessoa humana a ser atendido pelos Poderes do Estado com absoluta prioridade.<\/strong><\/p>\n\n\n\n<p><strong>d) a demanda n\u00e3o ser\u00e1 provida, pois o acesso a creche e escola \u00e9 tema reservado \u00e0 discricionariedade do Poder Executivo.<\/strong><\/p>\n\n\n\n<p><strong>e) a demanda n\u00e3o ser\u00e1 provida, pois a matr\u00edcula de Pedro na escola pretendida deveria seguir a lista de espera na Secretaria Estadual de Educa\u00e7\u00e3o, sob pena de viola\u00e7\u00e3o do princ\u00edpio da isonomia.<\/strong><\/p>\n\n\n\n<p><strong>Coment\u00e1rios<\/strong><\/p>\n\n\n\n<p>A alternativa correta \u00e9 a <strong>letra B<\/strong>.<\/p>\n\n\n\n<p>O Supremo Tribunal Federal, no Tema 548, que trata do dever estatal de assegurar o atendimento em creche e pr\u00e9-escola \u00e0s crian\u00e7as de zero a 5 (cinco) anos de idade, fixou a seguinte Tese: &#8220;1. A educa\u00e7\u00e3o b\u00e1sica em todas as suas fases &#8211; educa\u00e7\u00e3o infantil, ensino fundamental e ensino m\u00e9dio &#8211; constitui direito fundamental de todas as crian\u00e7as e jovens, assegurado por normas constitucionais de efic\u00e1cia plena e aplicabilidade direta e imediata. 2. A educa\u00e7\u00e3o infantil compreende creche (de zero a 3 anos) e a pr\u00e9-escola (de 4 a 5 anos). Sua oferta pelo Poder P\u00fablico pode ser exigida individualmente, como no caso examinado neste processo. 3. O Poder P\u00fablico tem o dever jur\u00eddico de dar efetividade integral \u00e0s normas constitucionais sobre acesso \u00e0 educa\u00e7\u00e3o b\u00e1sica.&#8221;<\/p>\n\n\n\n<p>Dessa forma, as demais alternativas, A, C, D e E encontram-se incorretas, pois n\u00e3o correspondem ao entendimento jurisprudencial supracitado.<\/p>\n\n\n\n<p><strong>QUEST\u00c3O 21. A respeito das normas da Constitui\u00e7\u00e3o do Estado de Santa Catarina de 1989 relativas ao tema da seguran\u00e7a p\u00fablica e os \u00f3rg\u00e3os que atuam em seu \u00e2mbito, \u00e9 correto afirmar que<\/strong><\/p>\n\n\n\n<p><strong>a) compete ao Estado legislar privativamente sobre organiza\u00e7\u00e3o, garantias, direitos e deveres da Pol\u00edcia Civil.<\/strong><\/p>\n\n\n\n<p><strong>b) \u00e0 Pol\u00edcia Civil cabe a execu\u00e7\u00e3o dos servi\u00e7os administrativos de tr\u00e2nsito.<\/strong><\/p>\n\n\n\n<p><strong>c) \u00e0 Pol\u00edcia Militar cabe o controle da propriedade e uso de armas, muni\u00e7\u00f5es, explosivos e outros produtos controlados.<\/strong><\/p>\n\n\n\n<p><strong>d) a Pol\u00edcia Penal subordina-se ao Diretor-Geral do \u00f3rg\u00e3o administrador do sistema penal estadual.<\/strong><\/p>\n\n\n\n<p><strong>e) a dire\u00e7\u00e3o da Pol\u00edcia Cient\u00edfica e a das suas diversas \u00e1reas de especializa\u00e7\u00e3o \u00e9 exercida por perito oficial de carreira, nomeado pelo Delegado-Geral da Pol\u00edcia Civil.<\/strong><\/p>\n\n\n\n<p><strong>Coment\u00e1rios<\/strong><\/p>\n\n\n\n<p>A alternativa correta \u00e9 a <strong>letra B.<\/strong><\/p>\n\n\n\n<p>A alternativa A est\u00e1 incorreta, pois encontra-se em desacordo com a Constitui\u00e7\u00e3o Federal, que estabelece: &#8220;Art. 24. Compete \u00e0 Uni\u00e3o, aos Estados e ao Distrito Federal legislar concorrentemente sobre: XVI &#8211; organiza\u00e7\u00e3o, garantias, direitos e deveres das pol\u00edcias civis.&#8221;<\/p>\n\n\n\n<p>A alternativa B est\u00e1 correta, pois encontra-se de acordo com o artigo 106, inciso III da Constitui\u00e7\u00e3o Estadual de Santa Catarina, que disp\u00f5e: &#8220;Art. 106. A Pol\u00edcia Civil, dirigida por delegado de pol\u00edcia, subordina-se ao Governador do Estado, cabendo-lhe: III \u2013 a execu\u00e7\u00e3o dos servi\u00e7os administrativos de tr\u00e2nsito;&#8221;.<\/p>\n\n\n\n<p>A alternativa C est\u00e1 incorreta, pois encontra-se em desconformidade com o artigo 106, inciso III da Constitui\u00e7\u00e3o Estadual de Santa Catarina, que disp\u00f5e: &#8220;Art. 106. A Pol\u00edcia Civil, dirigida por delegado de pol\u00edcia, subordina-se ao Governador do Estado, cabendo-lhe: V \u2013 o controle da propriedade e uso de armas, muni\u00e7\u00f5es, explosivos e outros produtos controlados;&#8221;.<\/p>\n\n\n\n<p>A alternativa D est\u00e1 incorreta, pois contraria o artigo 144, \u00a7 6\u00ba, da Constitui\u00e7\u00e3o Federal, vejamos: &#8220;Art. 144. A seguran\u00e7a p\u00fablica, dever do Estado, direito e responsabilidade de todos, \u00e9 exercida para a preserva\u00e7\u00e3o da ordem p\u00fablica e da incolumidade das pessoas e do patrim\u00f4nio, atrav\u00e9s dos seguintes \u00f3rg\u00e3os: I \u2014 pol\u00edcia federal; II \u2014 pol\u00edcia rodovi\u00e1ria federal; III \u2014 pol\u00edcia ferrovi\u00e1ria federal; IV \u2014 pol\u00edcias civis; V \u2014 pol\u00edcias militares e corpos de bombeiros militares. \u00a7 6\u00ba As pol\u00edcias militares e corpos de bombeiros militares, for\u00e7as auxiliares e reserva do Ex\u00e9rcito, subordinam-se, juntamente com as pol\u00edcias civis, aos Governadores dos Estados, do Distrito Federal e dos Territ\u00f3rios.&#8221;<\/p>\n\n\n\n<p>A alternativa E est\u00e1 incorreta, pois encontra-se em desacordo com o artigo 109-A, \u00a7 1\u00ba da Constitui\u00e7\u00e3o Estadual de Santa Catarina, que atribui ao Governador do Estado tal compet\u00eancia, vejamos: &#8220;Art. 109-A. A Pol\u00edcia Cient\u00edfica \u00e9 o \u00f3rg\u00e3o permanente de per\u00edcia oficial, competindo-lhe a realiza\u00e7\u00e3o de per\u00edcias criminais, os servi\u00e7os de identifica\u00e7\u00e3o civil e criminal e a pesquisa e o desenvolvimento de estudos na sua \u00e1rea de atua\u00e7\u00e3o. \u00a7 1\u00ba A dire\u00e7\u00e3o da Pol\u00edcia Cient\u00edfica e a das suas diversas \u00e1reas de especializa\u00e7\u00e3o ser\u00e3o exercidas por perito oficial de carreira, nomeado pelo Governador do Estado.&#8221;<\/p>\n\n\n\n<p><strong>QUEST\u00c3O 22. \u00c9 da compet\u00eancia exclusiva da Assembleia Legislativa, conforme a Constitui\u00e7\u00e3o do Estado de Santa Catarina de 1989,<\/strong><\/p>\n\n\n\n<p><strong>a) suspender, no todo ou em parte, a execu\u00e7\u00e3o de lei federal declarada inconstitucional por decis\u00e3o definitiva do Tribunal de Justi\u00e7a.<\/strong><\/p>\n\n\n\n<p><strong>b) decretar a interven\u00e7\u00e3o nos Munic\u00edpios.<\/strong><\/p>\n\n\n\n<p><strong>c) resolver definitivamente sobre acordos ou atos interestaduais que acarretem encargos ou compromissos gravosos ao patrim\u00f4nio estadual.<\/strong><\/p>\n\n\n\n<p><strong>d) emendar a Constitui\u00e7\u00e3o.<\/strong><\/p>\n\n\n\n<p><strong>e) requisitar, quando couber, interven\u00e7\u00e3o federal no Estado.<\/strong><\/p>\n\n\n\n<p><strong>Coment\u00e1rios<\/strong><\/p>\n\n\n\n<p>A alternativa correta \u00e9 a <strong>letra D<\/strong>.<\/p>\n\n\n\n<p>A alternativa A est\u00e1 incorreta, pois a compet\u00eancia da Assembleia Legislativa do Estado de Santa Catarina, quanto \u00e0 suspens\u00e3o de leis declaradas inconstitucionais, \u00e9 referente aos diplomas normativos estaduais ou municipais, n\u00e3o \u00e0 lei federal. Vejamos: &#8220;Art. 40. \u00c9 da compet\u00eancia exclusiva da Assembleia Legislativa: XIII \u2013 suspender, no todo ou em parte, a execu\u00e7\u00e3o de lei estadual ou municipal declarada inconstitucional por decis\u00e3o definitiva do Tribunal de Justi\u00e7a;&#8221;.<\/p>\n\n\n\n<p>A alternativa B est\u00e1 incorreta, pois a compet\u00eancia exclusiva da Assembleia Legislativa do Estado de Santa Catarina \u00e9 referente \u00e0 aprova\u00e7\u00e3o ou suspens\u00e3o da interven\u00e7\u00e3o nos Munic\u00edpios, conforme artigo 40, inciso V:&nbsp; &#8220;Art. 40. \u00c9 da compet\u00eancia exclusiva da Assembleia Legislativa: V \u2013 aprovar ou suspender a interven\u00e7\u00e3o nos Munic\u00edpios;&#8221;.<\/p>\n\n\n\n<p>A alternativa C est\u00e1 incorreta, pois o artigo 40, inciso III, da Constitui\u00e7\u00e3o do Estado de Santa Catarina, que estabelecia a compet\u00eancia exclusiva da Assembleia Legislativa do Estado para resolver definitivamente sobre acordos ou atos interestaduais que acarretem encargo ou compromissos gravosos ao patrim\u00f4nio estadual foi revogada, vejamos: &#8220;Art. 40, III \u2013 resolver definitivamente sobre acordos ou atos interestaduais que acarretem encargos ou compromissos gravosos ao patrim\u00f4nio estadual; ADI STF 1857, de 1998 (inciso III, do art. 40) Decis\u00e3o Final procedente. DJ. 07.03.2003. EC\/38, de 2004. Ante julgamentos de m\u00e9rito, do STF, o art. 4\u00ba da EC\/38, revoga o inciso III, do art. 40.&#8221;<\/p>\n\n\n\n<p>A alternativa D est\u00e1 correta, pois encontra-se em conformidade com o artigo 40, inciso I, da Constitui\u00e7\u00e3o Estadual de Santa Catarina, que disp\u00f5e: &#8220;Art. 40. \u00c9 da compet\u00eancia exclusiva da Assembleia Legislativa: I \u2013 emendar a Constitui\u00e7\u00e3o;&#8221;.<\/p>\n\n\n\n<p>A alternativa E est\u00e1 incorreta, pois requisitar interven\u00e7\u00e3o federal no Estado n\u00e3o se trata de compet\u00eancia exclusiva da Assembleia Legislativa do Estado de Santa Catarina, vejamos: &#8220;Art. 40. \u00c9 da compet\u00eancia exclusiva da Assembleia Legislativa: XIV \u2013 solicitar, quando couber, interven\u00e7\u00e3o federal no Estado&#8221;; &#8220;Art. 83. Compete privativamente ao Tribunal de Justi\u00e7a: IX \u2013 solicitar, quando cab\u00edvel, interven\u00e7\u00e3o federal no Estado;&#8221;.<\/p>\n\n\n\n<p><strong>QUEST\u00c3O 23. Partido pol\u00edtico com representa\u00e7\u00e3o no Congresso Nacional ajuizou A\u00e7\u00e3o Direta de Inconstitucionalidade perante o Supremo Tribunal Federal contra a Lei Federal XXX\/2023. Por unanimidade, o Plen\u00e1rio do STF julgou procedente o pedido e declarou a referida Lei inconstitucional.<\/strong><\/p>\n\n\n\n<p><strong>Com base na situa\u00e7\u00e3o hipot\u00e9tica narrada, e conforme o sistema jur\u00eddico-constitucional vigente, \u00e9 correto afirmar que a decis\u00e3o definitiva de m\u00e9rito proferida pelo STF na situa\u00e7\u00e3o em tela vincula<\/strong><\/p>\n\n\n\n<p><strong>a) todo o poder Judici\u00e1rio e a administra\u00e7\u00e3o p\u00fablica direta e indireta, em todas as esferas federativas.<\/strong><\/p>\n\n\n\n<p><strong>b) os poderes pol\u00edticos do Estado, o Executivo e o Legislativo, no exerc\u00edcio de todas as suas fun\u00e7\u00f5es.<\/strong><\/p>\n\n\n\n<p><strong>c) todos os poderes do Estado em n\u00edvel federal, excluindo as esferas estadual e municipal.<\/strong><\/p>\n\n\n\n<p><strong>d) o Presidente da Rep\u00fablica, inclusive no exerc\u00edcio de suas fun\u00e7\u00f5es de natureza legislativa.<\/strong><\/p>\n\n\n\n<p><strong>e) a administra\u00e7\u00e3o p\u00fablica direta e indireta, apenas na esfera federal.<\/strong><\/p>\n\n\n\n<p><strong>Coment\u00e1rios<\/strong><\/p>\n\n\n\n<p>A alternativa correta \u00e9 a <strong>letra A, <\/strong>pois encontra-se de acordo com o artigo 102, \u00a7 2\u00ba da CF, que disp\u00f5e: &#8220;Art. 102. Compete ao Supremo Tribunal Federal, precipuamente, a guarda da Constitui\u00e7\u00e3o, cabendo-lhe: [&#8230;] \u00a7 2\u00ba As decis\u00f5es definitivas de m\u00e9rito, proferidas pelo Supremo Tribunal Federal, nas a\u00e7\u00f5es diretas de inconstitucionalidade e nas a\u00e7\u00f5es declarat\u00f3rias de constitucionalidade produzir\u00e3o efic\u00e1cia contra todos e efeito vinculante, relativamente aos demais \u00f3rg\u00e3os do Poder Judici\u00e1rio e \u00e0 administra\u00e7\u00e3o p\u00fablica direta e indireta, nas esferas federal, estadual e municipal.&#8221;<\/p>\n\n\n\n<p>As demais alternativas B, C, D e E encontram-se em desconformidade com o diploma legal supracitado acima, estando, portanto, incorretas.<\/p>\n\n\n\n<p><strong>QUEST\u00c3O 24. Acerca das a\u00e7\u00f5es espec\u00edficas do controle concentrado de constitucionalidade processadas e julgadas pelo Supremo Tribunal Federal, analise as afirmativas a seguir:<\/strong><\/p>\n\n\n\n<p><strong>I. O objeto da A\u00e7\u00e3o Direta de Inconstitucionalidade por Omiss\u00e3o (ADO) s\u00e3o omiss\u00f5es que violam a exequibilidade das normas constitucionais de efic\u00e1cia limitada.<\/strong><\/p>\n\n\n\n<p><strong>II. A Argui\u00e7\u00e3o de Descumprimento de Preceito Fundamental (ADPF) possui par\u00e2metro mais restrito que o da A\u00e7\u00e3o Direta de Inconstitucionalidade e da A\u00e7\u00e3o Declarat\u00f3ria de Constitucionalidade (ADC).<\/strong><\/p>\n\n\n\n<p><strong>III. Atos do Estado de natureza judicial s\u00e3o objeto da ADPF.<\/strong><\/p>\n\n\n\n<p><strong>Est\u00e1 correto o que se afirma em<\/strong><\/p>\n\n\n\n<p><strong>a) I, II e III.<\/strong><\/p>\n\n\n\n<p><strong>b) I e II, apenas.<\/strong><\/p>\n\n\n\n<p><strong>c) I e III, apenas.<\/strong><\/p>\n\n\n\n<p><strong>d) II e III, apenas.<\/strong><\/p>\n\n\n\n<p><strong>e) II, apenas.<\/strong><\/p>\n\n\n\n<p><strong>Coment\u00e1rios<\/strong><\/p>\n\n\n\n<p>A alternativa correta \u00e9 a <strong>letra A<\/strong>, por reunir as afirma\u00e7\u00f5es I, II e III. Vejamos:<\/p>\n\n\n\n<p>A afirma\u00e7\u00e3o I est\u00e1 correta, pois encontra-se de acordo com o previsto no art. 103, \u00a7 2\u00ba, CF\/88, que disp\u00f5e: &#8220;Art. 103. Podem propor a a\u00e7\u00e3o direta de inconstitucionalidade e a a\u00e7\u00e3o declarat\u00f3ria de constitucionalidade: [&#8230;] \u00a7 2\u00ba Declarada a inconstitucionalidade por omiss\u00e3o de medida para tornar efetiva norma constitucional, ser\u00e1 dada ci\u00eancia ao Poder competente para a ado\u00e7\u00e3o das provid\u00eancias necess\u00e1rias e, em se tratando de \u00f3rg\u00e3o administrativo, para faz\u00ea-lo em trinta dias.&#8221;<\/p>\n\n\n\n<p>A afirmativa II est\u00e1 correta, pois a a\u00e7\u00e3o de descumprimento de preceito fundamental est\u00e1 prevista no art. 102, \u00a7 1\u00ba da Constitui\u00e7\u00e3o Federal, que estipula: &#8220;Art. 102: Compete ao Supremo Tribunal Federal, precipuamente, a guarda da Constitui\u00e7\u00e3o, cabendo-lhe: \u00a7 1\u00ba A argui\u00e7\u00e3o de descumprimento de preceito fundamental decorrente desta Constitui\u00e7\u00e3o ser\u00e1 apreciada pelo Supremo Tribunal Federal, na forma da lei&#8221;, sendo, portanto, uma esp\u00e9cie de controle concentrado com par\u00e2metro mais reduzido, j\u00e1 que visa reparar ou evitar les\u00e3o a preceito fundamental da Constitui\u00e7\u00e3o.<\/p>\n\n\n\n<p>A afirmativa III est\u00e1 correta, pois no tocante ao cabimento da ADPF, o STF j\u00e1 decidiu a possibilidade de recair sobre diversos atos estatais. Vejamos o exemplo a seguir, na ADPF 127: &#8220;A argui\u00e7\u00e3o de descumprimento de preceito fundamental foi concebida pela Lei 9.882\/99 para servir como um instrumento de integra\u00e7\u00e3o entre os modelos difuso e concentrado de controle de constitucionalidade, viabilizando que atos estatais antes insuscet\u00edveis de aprecia\u00e7\u00e3o direta pelo Supremo Tribunal Federal, tais como normas pr\u00e9-constitucionais ou mesmo decis\u00f5es judiciais atentat\u00f3rias a cl\u00e1usulas fundamentais da ordem constitucional, viessem a figurar como objeto de controle em processo objetivo. A despeito da maior extens\u00e3o alcan\u00e7ada pela vertente objetiva da jurisdi\u00e7\u00e3o constitucional com a cria\u00e7\u00e3o da nova esp\u00e9cie de a\u00e7\u00e3o constitucional, a Lei 9.882\/99 exigiu que os atos impugn\u00e1veis por meio dela encerrassem um tipo de les\u00e3o constitucional qualificada, simultaneamente, pela sua (a) relev\u00e2ncia (porque em contraven\u00e7\u00e3o direta com paradigma constitucional de import\u00e2ncia fundamental) e (b) dif\u00edcil reversibilidade (porque ausente t\u00e9cnica processual subsidi\u00e1ria capaz de fazer cessar a alegada les\u00e3o com igual efic\u00e1cia.)&#8221; (ADPF 127, rel. min. Teori Zavascki, decis\u00e3o monocr\u00e1tica, julgamento em 25-2-2014, DJE de 28-2-2014.)<\/p>\n\n\n\n<p>Dessa forma, a \u00fanica alternativa a trazer as tr\u00eas afirma\u00e7\u00f5es corretas \u00e9 a <strong>letra A<\/strong>, estando as demais alternativas B, C, D e E incorretas.<\/p>\n\n\n\n<p><strong>QUEST\u00c3O 25. Determinada empresa jornal\u00edstica pretende ajuizar a\u00e7\u00e3o judicial para obter junto \u00e0 Secretaria Municipal de Educa\u00e7\u00e3o informa\u00e7\u00f5es sobre os processos de licita\u00e7\u00e3o referentes ao fornecimento de merendas \u00e0s escolas do Munic\u00edpio Beta. O acesso a tais informa\u00e7\u00f5es fora negado de forma arbitr\u00e1ria \u00e0 empresa.<\/strong><\/p>\n\n\n\n<p><strong>Entre os rem\u00e9dios constitucionais previstos pela ordem constitucional vigente, aquele cab\u00edvel na situa\u00e7\u00e3o hipot\u00e9tica narrada \u00e9<\/strong><\/p>\n\n\n\n<p><strong>a) o mandado de seguran\u00e7a individual.<\/strong><\/p>\n\n\n\n<p><strong>b) o habeas data.<\/strong><\/p>\n\n\n\n<p><strong>c) a a\u00e7\u00e3o popular.<\/strong><\/p>\n\n\n\n<p><strong>d) o mandado de seguran\u00e7a coletivo.<\/strong><\/p>\n\n\n\n<p><strong>e) a a\u00e7\u00e3o civil p\u00fablica.<\/strong><\/p>\n\n\n\n<p><strong>Coment\u00e1rios<\/strong><\/p>\n\n\n\n<p>A alternativa correta \u00e9 a <strong>letra A<\/strong>. De acordo com o artigo 5, XXXIII da CF: &#8220;Art. 5\u00ba Todos s\u00e3o iguais perante a lei, sem distin\u00e7\u00e3o de qualquer natureza, garantindo-se aos brasileiros e aos estrangeiros residentes no Pa\u00eds a inviolabilidade do direito \u00e0 vida, \u00e0 liberdade, \u00e0 igualdade, \u00e0 seguran\u00e7a e \u00e0 propriedade, nos termos seguintes: XXXIII \u2014 todos t\u00eam direito a receber dos \u00f3rg\u00e3os p\u00fablicos informa\u00e7\u00f5es de seu interesse particular, ou de interesse coletivo ou geral, que ser\u00e3o prestadas no prazo da lei, sob pena de responsabilidade, ressalvadas aquelas cujo sigilo seja imprescind\u00edvel \u00e0 seguran\u00e7a da sociedade e do Estado;&#8221;.<\/p>\n\n\n\n<p>No caso em tela, o acesso negado foi referente \u00e0s informa\u00e7\u00f5es de car\u00e1ter p\u00fablico, sendo garantido o direito l\u00edquido e certo \u00e0 empresa jornal\u00edstica de obt\u00ea-lo. Vejamos: &#8220;Art. 5\u00ba. Todos s\u00e3o iguais perante a lei, sem distin\u00e7\u00e3o de qualquer natureza, garantindo-se aos brasileiros e aos estrangeiros residentes no Pa\u00eds a inviolabilidade do direito \u00e0 vida, \u00e0 liberdade, \u00e0 igualdade, \u00e0 seguran\u00e7a e \u00e0 propriedade, nos termos seguintes: LXIX &#8211; conceder-se-\u00e1 mandado de seguran\u00e7a para proteger direito l\u00edquido e certo, n\u00e3o amparado por &#8220;habeas-corpus&#8221; ou &#8220;habeas-data&#8221;, quando o respons\u00e1vel pela ilegalidade ou abuso de poder for autoridade p\u00fablica ou agente de pessoa jur\u00eddica no exerc\u00edcio de atribui\u00e7\u00f5es do Poder P\u00fablico;&#8221;.<\/p>\n\n\n\n<p>Ademais, \u00e0 empresa jornal\u00edstica n\u00e3o caberia a impetra\u00e7\u00e3o de mandado de seguran\u00e7a coletivo, por n\u00e3o se encontrar no rol do artigo 5\u00ba, inciso LXX, a saber: &#8220;Art. 5\u00ba, LXX &#8211; o mandado de seguran\u00e7a coletivo pode ser impetrado por: a) partido pol\u00edtico com representa\u00e7\u00e3o no Congresso Nacional; b) organiza\u00e7\u00e3o sindical, entidade de classe ou associa\u00e7\u00e3o legalmente constitu\u00edda e em funcionamento h\u00e1 pelo menos um ano, em defesa dos interesses de seus membros ou associados;&#8221;.<\/p>\n\n\n\n<p>A alternativa B encontra-se incorreta, pois no caso em tela, o acesso negado foi referente \u00e0s informa\u00e7\u00f5es de car\u00e1ter p\u00fablico, constantes de licita\u00e7\u00e3o, que n\u00e3o se encontram entre os objetos do Habeas Data. Vejamos: &#8220;Art. 5\u00ba Todos s\u00e3o iguais perante a lei, sem distin\u00e7\u00e3o de qualquer natureza, garantindo-se aos brasileiros e aos estrangeiros residentes no Pa\u00eds a inviolabilidade do direito \u00e0 vida, \u00e0 liberdade, \u00e0 igualdade, \u00e0 seguran\u00e7a e \u00e0 propriedade, nos termos seguintes: LXXII &#8211; conceder-se-\u00e1 habeas data: a) para assegurar o conhecimento de informa\u00e7\u00f5es relativas \u00e0 pessoa do impetrante, constantes de registros ou bancos de dados de entidades governamentais ou de car\u00e1ter p\u00fablico; b) para a retifica\u00e7\u00e3o de dados, quando n\u00e3o se prefira faz\u00ea-lo por processo sigiloso, judicial ou administrativo;&#8221;<\/p>\n\n\n\n<p>Dessa forma, as demais alternativas, C, D e E trazem rem\u00e9dios constitucionais que n\u00e3o cabem no caso em tela, conforme acima explicado, tornando-se incorretas.<\/p>\n\n\n\n<p class=\"has-text-align-center has-black-color has-luminous-vivid-amber-to-luminous-vivid-orange-gradient-background has-text-color has-background has-medium-font-size\"><strong><a href=\"https:\/\/cj.estrategia.com\/portal\/concurso-delegado-sc\/\" target=\"_blank\" >SAIBA MAIS: Concurso Delegado SC<\/a><\/strong><\/p>\n\n\n\n<h2 class=\"wp-block-heading has-text-align-center\" id=\"cursos\"><span id=\"quer-saber-tudo-sobre-concursos-previstosconfira-nossos-artigos\">Quer saber tudo sobre concursos previstos?<br>Confira nossos artigos!<\/span><\/h2>\n\n\n\n\n\n<h2 class=\"wp-block-heading has-text-align-center\" id=\"curso\"><span id=\"cursos-para-o-concurso-pc-sc\">Cursos para o concurso PC SC<\/span><\/h2>\n\n\n\n<div class=\"wp-block-cover\" style=\"min-height:155px;aspect-ratio:unset;\"><img decoding=\"async\" width=\"1890\" height=\"351\" class=\"wp-block-cover__image-background wp-image-8669\" alt=\"Assinaturas Jur\u00eddicas\" src=\"https:\/\/cj.estrategia.com\/portal\/wp-content\/uploads\/2022\/06\/20151253\/concurso-carreiras-juridicas-assinatura-juridica.jpg\" style=\"object-position:78% 43%\" data-object-fit=\"cover\" data-object-position=\"78% 43%\" srcset=\"https:\/\/cj.estrategia.com\/portal\/wp-content\/uploads\/2022\/06\/20151253\/concurso-carreiras-juridicas-assinatura-juridica.jpg 1890w, https:\/\/cj.estrategia.com\/portal\/wp-content\/uploads\/2022\/06\/20151253\/concurso-carreiras-juridicas-assinatura-juridica-300x56.jpg 300w, https:\/\/cj.estrategia.com\/portal\/wp-content\/uploads\/2022\/06\/20151253\/concurso-carreiras-juridicas-assinatura-juridica-1024x190.jpg 1024w, https:\/\/cj.estrategia.com\/portal\/wp-content\/uploads\/2022\/06\/20151253\/concurso-carreiras-juridicas-assinatura-juridica-768x143.jpg 768w, https:\/\/cj.estrategia.com\/portal\/wp-content\/uploads\/2022\/06\/20151253\/concurso-carreiras-juridicas-assinatura-juridica-1536x285.jpg 1536w, https:\/\/cj.estrategia.com\/portal\/wp-content\/uploads\/2022\/06\/20151253\/concurso-carreiras-juridicas-assinatura-juridica-380x71.jpg 380w, https:\/\/cj.estrategia.com\/portal\/wp-content\/uploads\/2022\/06\/20151253\/concurso-carreiras-juridicas-assinatura-juridica-800x149.jpg 800w, https:\/\/cj.estrategia.com\/portal\/wp-content\/uploads\/2022\/06\/20151253\/concurso-carreiras-juridicas-assinatura-juridica-1160x215.jpg 1160w\" sizes=\"(max-width: 1890px) 100vw, 1890px\" \/><span aria-hidden=\"true\" class=\"wp-block-cover__background has-background-dim\"><\/span><div class=\"wp-block-cover__inner-container is-layout-flow wp-block-cover-is-layout-flow\">\n<h3 id=\"faca-a-sua-assinatura\" class=\"titulo-assinatura\"><span style=\"color: #ffffff;\">Fa\u00e7a a sua assinatura!<\/span><\/h3>\n<p class=\"subtitulo-assinatura\" style=\"display:block!important; line-height: 0;\"><span style=\"color: #ffffff;\">Escolha a sua \u00e1rea.<\/span><\/p>\n<a target=\"_blank\" href=\"https:\/\/www.estrategiaconcursos.com.br\/assinaturas-ecj\/\" rel=\"noopener\"><button style=\"border-radius: 10px; text-transform: capitalize;\">Acessar<\/button><\/a>\n<\/div><\/div>\n\n\n","protected":false},"excerpt":{"rendered":"Ol\u00e1, pessoal, tudo certo?! Em 28\/01\/2024, foi aplicada a prova objetiva do concurso p\u00fablico para Delegado de Pol\u00edcia&hellip;\n","protected":false},"author":12,"featured_media":20795,"comment_status":"open","ping_status":"open","sticky":false,"template":"","format":"standard","meta":{"_jetpack_memberships_contains_paid_content":false,"footnotes":""},"categories":[28],"tags":[],"tax_estado":[54],"class_list":{"0":"post-54336","1":"post","2":"type-post","3":"status-publish","4":"format-standard","5":"has-post-thumbnail","7":"category-delegado","8":"tax_estado-sc"},"acf":[],"yoast_head":"<!-- This site is optimized with the Yoast SEO Premium plugin v27.4 (Yoast SEO v27.4) - https:\/\/yoast.com\/product\/yoast-seo-premium-wordpress\/ -->\n<title>Prova Comentada Direito Constitucional Delegado SC<\/title>\n<meta name=\"description\" content=\"Prova Comentada Direito Constitucional Delegado SC: Confira AQUI a corre\u00e7\u00e3o feita por nossos professores e tire suas d\u00favidas!\" \/>\n<meta name=\"robots\" content=\"index, follow, max-snippet:-1, max-image-preview:large, max-video-preview:-1\" \/>\n<link rel=\"canonical\" href=\"https:\/\/cj.estrategia.com\/portal\/prova-comentada-direito-constitucional-delegado-sc\/\" \/>\n<meta property=\"og:locale\" content=\"pt_BR\" \/>\n<meta property=\"og:type\" content=\"article\" \/>\n<meta property=\"og:title\" content=\"Prova Comentada Direito Constitucional Delegado SC\" \/>\n<meta property=\"og:description\" content=\"Prova Comentada Direito Constitucional Delegado SC: Confira AQUI a corre\u00e7\u00e3o feita por nossos professores e tire suas d\u00favidas!\" \/>\n<meta property=\"og:url\" content=\"https:\/\/cj.estrategia.com\/portal\/prova-comentada-direito-constitucional-delegado-sc\/\" \/>\n<meta property=\"og:site_name\" content=\"Blog - Carreiras Jur\u00eddicas - Estrat\u00e9gia\" \/>\n<meta property=\"article:publisher\" content=\"https:\/\/www.facebook.com\/estrategiacarreirajuridica\/\" \/>\n<meta property=\"article:published_time\" content=\"2024-01-30T00:03:02+00:00\" \/>\n<meta property=\"article:modified_time\" content=\"2024-01-30T00:03:07+00:00\" \/>\n<meta property=\"og:image\" content=\"https:\/\/cj.estrategia.com\/portal\/wp-content\/uploads\/2022\/09\/04103244\/DELEGADO-SC.jpg\" \/>\n\t<meta property=\"og:image:width\" content=\"768\" \/>\n\t<meta property=\"og:image:height\" content=\"432\" \/>\n\t<meta property=\"og:image:type\" content=\"image\/jpeg\" \/>\n<meta name=\"author\" content=\"Coordena\u00e7\u00e3o\" \/>\n<meta name=\"twitter:card\" content=\"summary_large_image\" \/>\n<meta name=\"twitter:creator\" content=\"@EstratJuridica\" \/>\n<meta name=\"twitter:site\" content=\"@EstratJuridica\" \/>\n<meta name=\"twitter:label1\" content=\"Escrito por\" \/>\n\t<meta name=\"twitter:data1\" content=\"Coordena\u00e7\u00e3o\" \/>\n\t<meta name=\"twitter:label2\" content=\"Est. tempo de leitura\" \/>\n\t<meta name=\"twitter:data2\" content=\"39 minutos\" \/>\n<script type=\"application\/ld+json\" class=\"yoast-schema-graph\">{\"@context\":\"https:\\\/\\\/schema.org\",\"@graph\":[{\"@type\":\"NewsArticle\",\"@id\":\"https:\\\/\\\/cj.estrategia.com\\\/portal\\\/prova-comentada-direito-constitucional-delegado-sc\\\/#article\",\"isPartOf\":{\"@id\":\"https:\\\/\\\/cj.estrategia.com\\\/portal\\\/prova-comentada-direito-constitucional-delegado-sc\\\/\"},\"author\":{\"name\":\"Coordena\u00e7\u00e3o\",\"@id\":\"https:\\\/\\\/cj.estrategia.com\\\/portal\\\/#\\\/schema\\\/person\\\/4d70317d31449932b99102916b6637f5\"},\"headline\":\"Prova Comentada Direito Constitucional Delegado SC\",\"datePublished\":\"2024-01-30T00:03:02+00:00\",\"dateModified\":\"2024-01-30T00:03:07+00:00\",\"mainEntityOfPage\":{\"@id\":\"https:\\\/\\\/cj.estrategia.com\\\/portal\\\/prova-comentada-direito-constitucional-delegado-sc\\\/\"},\"wordCount\":7765,\"commentCount\":0,\"publisher\":{\"@id\":\"https:\\\/\\\/cj.estrategia.com\\\/portal\\\/#organization\"},\"image\":{\"@id\":\"https:\\\/\\\/cj.estrategia.com\\\/portal\\\/prova-comentada-direito-constitucional-delegado-sc\\\/#primaryimage\"},\"thumbnailUrl\":\"https:\\\/\\\/cj.estrategia.com\\\/portal\\\/wp-content\\\/uploads\\\/2022\\\/09\\\/04103244\\\/DELEGADO-SC.jpg\",\"articleSection\":[\"Delegado\"],\"inLanguage\":\"pt-BR\",\"potentialAction\":[{\"@type\":\"CommentAction\",\"name\":\"Comment\",\"target\":[\"https:\\\/\\\/cj.estrategia.com\\\/portal\\\/prova-comentada-direito-constitucional-delegado-sc\\\/#respond\"]}]},{\"@type\":\"WebPage\",\"@id\":\"https:\\\/\\\/cj.estrategia.com\\\/portal\\\/prova-comentada-direito-constitucional-delegado-sc\\\/\",\"url\":\"https:\\\/\\\/cj.estrategia.com\\\/portal\\\/prova-comentada-direito-constitucional-delegado-sc\\\/\",\"name\":\"Prova Comentada Direito Constitucional Delegado SC\",\"isPartOf\":{\"@id\":\"https:\\\/\\\/cj.estrategia.com\\\/portal\\\/#website\"},\"primaryImageOfPage\":{\"@id\":\"https:\\\/\\\/cj.estrategia.com\\\/portal\\\/prova-comentada-direito-constitucional-delegado-sc\\\/#primaryimage\"},\"image\":{\"@id\":\"https:\\\/\\\/cj.estrategia.com\\\/portal\\\/prova-comentada-direito-constitucional-delegado-sc\\\/#primaryimage\"},\"thumbnailUrl\":\"https:\\\/\\\/cj.estrategia.com\\\/portal\\\/wp-content\\\/uploads\\\/2022\\\/09\\\/04103244\\\/DELEGADO-SC.jpg\",\"datePublished\":\"2024-01-30T00:03:02+00:00\",\"dateModified\":\"2024-01-30T00:03:07+00:00\",\"description\":\"Prova Comentada Direito Constitucional Delegado SC: Confira AQUI a corre\u00e7\u00e3o feita por nossos professores e tire suas d\u00favidas!\",\"breadcrumb\":{\"@id\":\"https:\\\/\\\/cj.estrategia.com\\\/portal\\\/prova-comentada-direito-constitucional-delegado-sc\\\/#breadcrumb\"},\"inLanguage\":\"pt-BR\",\"potentialAction\":[{\"@type\":\"ReadAction\",\"target\":[\"https:\\\/\\\/cj.estrategia.com\\\/portal\\\/prova-comentada-direito-constitucional-delegado-sc\\\/\"]}]},{\"@type\":\"ImageObject\",\"inLanguage\":\"pt-BR\",\"@id\":\"https:\\\/\\\/cj.estrategia.com\\\/portal\\\/prova-comentada-direito-constitucional-delegado-sc\\\/#primaryimage\",\"url\":\"https:\\\/\\\/cj.estrategia.com\\\/portal\\\/wp-content\\\/uploads\\\/2022\\\/09\\\/04103244\\\/DELEGADO-SC.jpg\",\"contentUrl\":\"https:\\\/\\\/cj.estrategia.com\\\/portal\\\/wp-content\\\/uploads\\\/2022\\\/09\\\/04103244\\\/DELEGADO-SC.jpg\",\"width\":768,\"height\":432,\"caption\":\"Concurso delegado SC\"},{\"@type\":\"BreadcrumbList\",\"@id\":\"https:\\\/\\\/cj.estrategia.com\\\/portal\\\/prova-comentada-direito-constitucional-delegado-sc\\\/#breadcrumb\",\"itemListElement\":[{\"@type\":\"ListItem\",\"position\":1,\"name\":\"In\u00edcio\",\"item\":\"https:\\\/\\\/cj.estrategia.com\\\/portal\\\/\"},{\"@type\":\"ListItem\",\"position\":2,\"name\":\"Prova Comentada Direito Constitucional Delegado SC\"}]},{\"@type\":\"WebSite\",\"@id\":\"https:\\\/\\\/cj.estrategia.com\\\/portal\\\/#website\",\"url\":\"https:\\\/\\\/cj.estrategia.com\\\/portal\\\/\",\"name\":\"Blog - Carreiras Jur\u00eddicas - Estrat\u00e9gia\",\"description\":\"\",\"publisher\":{\"@id\":\"https:\\\/\\\/cj.estrategia.com\\\/portal\\\/#organization\"},\"potentialAction\":[{\"@type\":\"SearchAction\",\"target\":{\"@type\":\"EntryPoint\",\"urlTemplate\":\"https:\\\/\\\/cj.estrategia.com\\\/portal\\\/?s={search_term_string}\"},\"query-input\":{\"@type\":\"PropertyValueSpecification\",\"valueRequired\":true,\"valueName\":\"search_term_string\"}}],\"inLanguage\":\"pt-BR\"},{\"@type\":\"Organization\",\"@id\":\"https:\\\/\\\/cj.estrategia.com\\\/portal\\\/#organization\",\"name\":\"Estrat\u00e9gia - Carreiras Jur\u00eddicas\",\"url\":\"https:\\\/\\\/cj.estrategia.com\\\/portal\\\/\",\"logo\":{\"@type\":\"ImageObject\",\"inLanguage\":\"pt-BR\",\"@id\":\"https:\\\/\\\/cj.estrategia.com\\\/portal\\\/#\\\/schema\\\/logo\\\/image\\\/\",\"url\":\"https:\\\/\\\/cj.estrategia.com\\\/portal\\\/wp-content\\\/uploads\\\/2022\\\/03\\\/11151052\\\/cj-logo.png\",\"contentUrl\":\"https:\\\/\\\/cj.estrategia.com\\\/portal\\\/wp-content\\\/uploads\\\/2022\\\/03\\\/11151052\\\/cj-logo.png\",\"width\":150,\"height\":39,\"caption\":\"Estrat\u00e9gia - Carreiras Jur\u00eddicas\"},\"image\":{\"@id\":\"https:\\\/\\\/cj.estrategia.com\\\/portal\\\/#\\\/schema\\\/logo\\\/image\\\/\"},\"sameAs\":[\"https:\\\/\\\/www.facebook.com\\\/estrategiacarreirajuridica\\\/\",\"https:\\\/\\\/x.com\\\/EstratJuridica\",\"https:\\\/\\\/www.instagram.com\\\/estrategiacarreirajuridica\\\/\",\"https:\\\/\\\/www.youtube.com\\\/channel\\\/UClbMGuYbj2Mh1m3w144ETWQ\"]},{\"@type\":\"Person\",\"@id\":\"https:\\\/\\\/cj.estrategia.com\\\/portal\\\/#\\\/schema\\\/person\\\/4d70317d31449932b99102916b6637f5\",\"name\":\"Coordena\u00e7\u00e3o\",\"image\":{\"@type\":\"ImageObject\",\"inLanguage\":\"pt-BR\",\"@id\":\"https:\\\/\\\/cj.estrategia.com\\\/portal\\\/wp-content\\\/uploads\\\/2022\\\/05\\\/12164923\\\/estrategia-carreira-juridica-coordenacao-96x96.png\",\"url\":\"https:\\\/\\\/cj.estrategia.com\\\/portal\\\/wp-content\\\/uploads\\\/2022\\\/05\\\/12164923\\\/estrategia-carreira-juridica-coordenacao-96x96.png\",\"contentUrl\":\"https:\\\/\\\/cj.estrategia.com\\\/portal\\\/wp-content\\\/uploads\\\/2022\\\/05\\\/12164923\\\/estrategia-carreira-juridica-coordenacao-96x96.png\",\"caption\":\"Coordena\u00e7\u00e3o\"},\"url\":\"https:\\\/\\\/cj.estrategia.com\\\/portal\\\/author\\\/coordenacao\\\/\"}]}<\/script>\n<!-- \/ Yoast SEO Premium plugin. -->","yoast_head_json":{"title":"Prova Comentada Direito Constitucional Delegado SC","description":"Prova Comentada Direito Constitucional Delegado SC: Confira AQUI a corre\u00e7\u00e3o feita por nossos professores e tire suas d\u00favidas!","robots":{"index":"index","follow":"follow","max-snippet":"max-snippet:-1","max-image-preview":"max-image-preview:large","max-video-preview":"max-video-preview:-1"},"canonical":"https:\/\/cj.estrategia.com\/portal\/prova-comentada-direito-constitucional-delegado-sc\/","og_locale":"pt_BR","og_type":"article","og_title":"Prova Comentada Direito Constitucional Delegado SC","og_description":"Prova Comentada Direito Constitucional Delegado SC: Confira AQUI a corre\u00e7\u00e3o feita por nossos professores e tire suas d\u00favidas!","og_url":"https:\/\/cj.estrategia.com\/portal\/prova-comentada-direito-constitucional-delegado-sc\/","og_site_name":"Blog - Carreiras Jur\u00eddicas - Estrat\u00e9gia","article_publisher":"https:\/\/www.facebook.com\/estrategiacarreirajuridica\/","article_published_time":"2024-01-30T00:03:02+00:00","article_modified_time":"2024-01-30T00:03:07+00:00","og_image":[{"width":768,"height":432,"url":"https:\/\/cj.estrategia.com\/portal\/wp-content\/uploads\/2022\/09\/04103244\/DELEGADO-SC.jpg","type":"image\/jpeg"}],"author":"Coordena\u00e7\u00e3o","twitter_card":"summary_large_image","twitter_creator":"@EstratJuridica","twitter_site":"@EstratJuridica","twitter_misc":{"Escrito por":"Coordena\u00e7\u00e3o","Est. tempo de leitura":"39 minutos"},"schema":{"@context":"https:\/\/schema.org","@graph":[{"@type":"NewsArticle","@id":"https:\/\/cj.estrategia.com\/portal\/prova-comentada-direito-constitucional-delegado-sc\/#article","isPartOf":{"@id":"https:\/\/cj.estrategia.com\/portal\/prova-comentada-direito-constitucional-delegado-sc\/"},"author":{"name":"Coordena\u00e7\u00e3o","@id":"https:\/\/cj.estrategia.com\/portal\/#\/schema\/person\/4d70317d31449932b99102916b6637f5"},"headline":"Prova Comentada Direito Constitucional Delegado SC","datePublished":"2024-01-30T00:03:02+00:00","dateModified":"2024-01-30T00:03:07+00:00","mainEntityOfPage":{"@id":"https:\/\/cj.estrategia.com\/portal\/prova-comentada-direito-constitucional-delegado-sc\/"},"wordCount":7765,"commentCount":0,"publisher":{"@id":"https:\/\/cj.estrategia.com\/portal\/#organization"},"image":{"@id":"https:\/\/cj.estrategia.com\/portal\/prova-comentada-direito-constitucional-delegado-sc\/#primaryimage"},"thumbnailUrl":"https:\/\/cj.estrategia.com\/portal\/wp-content\/uploads\/2022\/09\/04103244\/DELEGADO-SC.jpg","articleSection":["Delegado"],"inLanguage":"pt-BR","potentialAction":[{"@type":"CommentAction","name":"Comment","target":["https:\/\/cj.estrategia.com\/portal\/prova-comentada-direito-constitucional-delegado-sc\/#respond"]}]},{"@type":"WebPage","@id":"https:\/\/cj.estrategia.com\/portal\/prova-comentada-direito-constitucional-delegado-sc\/","url":"https:\/\/cj.estrategia.com\/portal\/prova-comentada-direito-constitucional-delegado-sc\/","name":"Prova Comentada Direito Constitucional Delegado SC","isPartOf":{"@id":"https:\/\/cj.estrategia.com\/portal\/#website"},"primaryImageOfPage":{"@id":"https:\/\/cj.estrategia.com\/portal\/prova-comentada-direito-constitucional-delegado-sc\/#primaryimage"},"image":{"@id":"https:\/\/cj.estrategia.com\/portal\/prova-comentada-direito-constitucional-delegado-sc\/#primaryimage"},"thumbnailUrl":"https:\/\/cj.estrategia.com\/portal\/wp-content\/uploads\/2022\/09\/04103244\/DELEGADO-SC.jpg","datePublished":"2024-01-30T00:03:02+00:00","dateModified":"2024-01-30T00:03:07+00:00","description":"Prova Comentada Direito Constitucional Delegado SC: Confira AQUI a corre\u00e7\u00e3o feita por nossos professores e tire suas d\u00favidas!","breadcrumb":{"@id":"https:\/\/cj.estrategia.com\/portal\/prova-comentada-direito-constitucional-delegado-sc\/#breadcrumb"},"inLanguage":"pt-BR","potentialAction":[{"@type":"ReadAction","target":["https:\/\/cj.estrategia.com\/portal\/prova-comentada-direito-constitucional-delegado-sc\/"]}]},{"@type":"ImageObject","inLanguage":"pt-BR","@id":"https:\/\/cj.estrategia.com\/portal\/prova-comentada-direito-constitucional-delegado-sc\/#primaryimage","url":"https:\/\/cj.estrategia.com\/portal\/wp-content\/uploads\/2022\/09\/04103244\/DELEGADO-SC.jpg","contentUrl":"https:\/\/cj.estrategia.com\/portal\/wp-content\/uploads\/2022\/09\/04103244\/DELEGADO-SC.jpg","width":768,"height":432,"caption":"Concurso delegado SC"},{"@type":"BreadcrumbList","@id":"https:\/\/cj.estrategia.com\/portal\/prova-comentada-direito-constitucional-delegado-sc\/#breadcrumb","itemListElement":[{"@type":"ListItem","position":1,"name":"In\u00edcio","item":"https:\/\/cj.estrategia.com\/portal\/"},{"@type":"ListItem","position":2,"name":"Prova Comentada Direito Constitucional Delegado SC"}]},{"@type":"WebSite","@id":"https:\/\/cj.estrategia.com\/portal\/#website","url":"https:\/\/cj.estrategia.com\/portal\/","name":"Blog - Carreiras Jur\u00eddicas - Estrat\u00e9gia","description":"","publisher":{"@id":"https:\/\/cj.estrategia.com\/portal\/#organization"},"potentialAction":[{"@type":"SearchAction","target":{"@type":"EntryPoint","urlTemplate":"https:\/\/cj.estrategia.com\/portal\/?s={search_term_string}"},"query-input":{"@type":"PropertyValueSpecification","valueRequired":true,"valueName":"search_term_string"}}],"inLanguage":"pt-BR"},{"@type":"Organization","@id":"https:\/\/cj.estrategia.com\/portal\/#organization","name":"Estrat\u00e9gia - Carreiras Jur\u00eddicas","url":"https:\/\/cj.estrategia.com\/portal\/","logo":{"@type":"ImageObject","inLanguage":"pt-BR","@id":"https:\/\/cj.estrategia.com\/portal\/#\/schema\/logo\/image\/","url":"https:\/\/cj.estrategia.com\/portal\/wp-content\/uploads\/2022\/03\/11151052\/cj-logo.png","contentUrl":"https:\/\/cj.estrategia.com\/portal\/wp-content\/uploads\/2022\/03\/11151052\/cj-logo.png","width":150,"height":39,"caption":"Estrat\u00e9gia - Carreiras Jur\u00eddicas"},"image":{"@id":"https:\/\/cj.estrategia.com\/portal\/#\/schema\/logo\/image\/"},"sameAs":["https:\/\/www.facebook.com\/estrategiacarreirajuridica\/","https:\/\/x.com\/EstratJuridica","https:\/\/www.instagram.com\/estrategiacarreirajuridica\/","https:\/\/www.youtube.com\/channel\/UClbMGuYbj2Mh1m3w144ETWQ"]},{"@type":"Person","@id":"https:\/\/cj.estrategia.com\/portal\/#\/schema\/person\/4d70317d31449932b99102916b6637f5","name":"Coordena\u00e7\u00e3o","image":{"@type":"ImageObject","inLanguage":"pt-BR","@id":"https:\/\/cj.estrategia.com\/portal\/wp-content\/uploads\/2022\/05\/12164923\/estrategia-carreira-juridica-coordenacao-96x96.png","url":"https:\/\/cj.estrategia.com\/portal\/wp-content\/uploads\/2022\/05\/12164923\/estrategia-carreira-juridica-coordenacao-96x96.png","contentUrl":"https:\/\/cj.estrategia.com\/portal\/wp-content\/uploads\/2022\/05\/12164923\/estrategia-carreira-juridica-coordenacao-96x96.png","caption":"Coordena\u00e7\u00e3o"},"url":"https:\/\/cj.estrategia.com\/portal\/author\/coordenacao\/"}]}},"jetpack_featured_media_url":"https:\/\/cj.estrategia.com\/portal\/wp-content\/uploads\/2022\/09\/04103244\/DELEGADO-SC.jpg","jetpack_sharing_enabled":true,"_links":{"self":[{"href":"https:\/\/cj.estrategia.com\/portal\/wp-json\/wp\/v2\/posts\/54336","targetHints":{"allow":["GET"]}}],"collection":[{"href":"https:\/\/cj.estrategia.com\/portal\/wp-json\/wp\/v2\/posts"}],"about":[{"href":"https:\/\/cj.estrategia.com\/portal\/wp-json\/wp\/v2\/types\/post"}],"author":[{"embeddable":true,"href":"https:\/\/cj.estrategia.com\/portal\/wp-json\/wp\/v2\/users\/12"}],"replies":[{"embeddable":true,"href":"https:\/\/cj.estrategia.com\/portal\/wp-json\/wp\/v2\/comments?post=54336"}],"version-history":[{"count":1,"href":"https:\/\/cj.estrategia.com\/portal\/wp-json\/wp\/v2\/posts\/54336\/revisions"}],"predecessor-version":[{"id":54356,"href":"https:\/\/cj.estrategia.com\/portal\/wp-json\/wp\/v2\/posts\/54336\/revisions\/54356"}],"wp:featuredmedia":[{"embeddable":true,"href":"https:\/\/cj.estrategia.com\/portal\/wp-json\/wp\/v2\/media\/20795"}],"wp:attachment":[{"href":"https:\/\/cj.estrategia.com\/portal\/wp-json\/wp\/v2\/media?parent=54336"}],"wp:term":[{"taxonomy":"category","embeddable":true,"href":"https:\/\/cj.estrategia.com\/portal\/wp-json\/wp\/v2\/categories?post=54336"},{"taxonomy":"post_tag","embeddable":true,"href":"https:\/\/cj.estrategia.com\/portal\/wp-json\/wp\/v2\/tags?post=54336"},{"taxonomy":"tax_estado","embeddable":true,"href":"https:\/\/cj.estrategia.com\/portal\/wp-json\/wp\/v2\/tax_estado?post=54336"}],"curies":[{"name":"wp","href":"https:\/\/api.w.org\/{rel}","templated":true}]}}