{"id":5268,"date":"2022-05-22T17:00:00","date_gmt":"2022-05-22T20:00:00","guid":{"rendered":"https:\/\/cj.estrategia.com\/portal\/?p=5268"},"modified":"2022-05-23T18:39:26","modified_gmt":"2022-05-23T21:39:26","slug":"gabarito-extraoficial-pge-am-procurador","status":"publish","type":"post","link":"https:\/\/cj.estrategia.com\/portal\/gabarito-extraoficial-pge-am-procurador\/","title":{"rendered":"Gabarito Extraoficial PGE AM Procurador: acompanhe a corre\u00e7\u00e3o"},"content":{"rendered":"\n<p class=\"wp-embed-aspect-16-9 wp-has-aspect-ratio\">Neste domingo, 22 de maio de 2022, foram aplicadas as <strong>provas do concurso PGE AM Procurador.<\/strong>\u00a0O edital oferta 5 vagas imediatas, com inicial de R$ 24.589,99 para o cargo.<\/p>\n\n\n\n<p class=\"wp-embed-aspect-16-9 wp-has-aspect-ratio\">Com o objetivo de ajud\u00e1-lo a diminuir um pouco a ansiedade de saber se foi bem ou n\u00e3o em um concurso t\u00e3o visado e importante,\u00a0<strong>nossos professores realizaram a corre\u00e7\u00e3o, dando o<\/strong>\u00a0<strong>gabarito extraoficial da prova<\/strong>.<\/p>\n\n\n\n<p class=\"wp-embed-aspect-16-9 wp-has-aspect-ratio\">Portanto, confira seu desempenho, <strong>a partir das 19h<\/strong>, e ainda receba dicas de recursos (se houver necessidade, claro!). Lembrando que o\u00a0gabarito oficial preliminar ser\u00e1 publicado pela banca FCC.  <\/p>\n\n\n\n<h2 class=\"wp-embed-aspect-16-9 wp-has-aspect-ratio wp-block-heading\" id=\"h-participe-do-ranking-gabarito-extraoficial-pge-am-procurador\"><span id=\"participe-do-ranking-gabarito-extraoficial-pge-am-procurador\">Participe do Ranking Gabarito Extraoficial PGE AM Procurador<\/span><\/h2>\n\n\n\n<p class=\"has-text-align-center has-cyan-bluish-gray-background-color has-background\" style=\"font-size:22px\"><strong><a href=\"https:\/\/forms.gle\/8XyR5eqC9magGPNs6\" target=\"_blank\" >Preencha o gabarito eletr\u00f4nico<\/a><\/strong><\/p>\n\n\n\n<p class=\"has-text-align-center has-cyan-bluish-gray-background-color has-background\" style=\"font-size:22px\"><strong><a href=\"https:\/\/docs.google.com\/spreadsheets\/d\/1lZ29ZGmqsyHrInZVGp9n7OCMS4Qzn5UChsWt58Wp7OY\/edit?usp=sharing\" target=\"_blank\" >Ranking<\/a><\/strong><\/p>\n\n\n\n<h2 class=\"wp-block-heading\" id=\"h-correcao-e-gabarito-extraoficial-pge-am-procurador\"><span id=\"correcao-e-gabarito-extraoficial-pge-am-procurador\">Corre\u00e7\u00e3o e Gabarito Extraoficial PGE AM Procurador<\/span><\/h2>\n\n\n\n<figure class=\"wp-block-embed aligncenter is-type-video is-provider-youtube wp-block-embed-youtube wp-embed-aspect-16-9 wp-has-aspect-ratio\"><div class=\"wp-block-embed__wrapper\">\n<div class=\"cs-embed cs-embed-responsive\"><iframe title=\"Gabarito Extraoficial - Procurador PGE AM\" width=\"1200\" height=\"675\" src=\"https:\/\/www.youtube.com\/embed\/CITNObawZ4w?feature=oembed\" frameborder=\"0\" allow=\"accelerometer; autoplay; clipboard-write; encrypted-media; gyroscope; picture-in-picture\" allowfullscreen><\/iframe><\/div>\n<\/div><\/figure>\n\n\n\n<ul class=\"wp-block-list\"><li>\u00c2ncora \u2013 Igor Maciel<\/li><li>Direito Tribut\u00e1rio \u2013 Felipe Duque<\/li><li>Direito M\u00e9dico e da Sa\u00fade \u2013 Ihuru Assun\u00e7\u00e3o<\/li><li>Direito Empresarial \u2013 Ihuru Assun\u00e7\u00e3o<\/li><li>Direito Administrativo \u2013 Rodolfo Pena<\/li><li>Direito do Trabalho e Processo do Trabalho \u2013 Lucas Pessoa<\/li><li>Direito Ambiental \u2013 Thiago Leite<\/li><li>Direito Civil \u2013 Josias Barcelos<\/li><li>Direito Processual Civil \u2013 Josias Barcelos<\/li><li>Legisla\u00e7\u00e3o Local \u2013 Bruno Betti<\/li><li>Direito Previdenci\u00e1rio \u2013 Felipe Cavalcante<\/li><li>Direito Constitucional \u2013 Nelma Fontana<\/li><li>Direito Financeiro \u2013 Vanessa Arns\u00a0<\/li><\/ul>\n\n\n\n<h3 class=\"wp-block-heading\" id=\"h-gabarito-extraoficial-pge-am-procurador\"><span id=\"gabarito-extraoficial-pge-am-procurador\">Gabarito extraoficial: PGE AM Procurador<\/span><\/h3>\n\n\n\n<p>Abaixo, voc\u00ea confere os gabaritos das quest\u00f5es corrigidas pelos nossos professores. Como existem diferentes tipos de provas, voc\u00ea pode conferindo o in\u00edcio da quest\u00e3o.<\/p>\n\n\n\n<p><strong>Quest\u00e3o 1:\u00a0<\/strong>Consta do programa de candidato\u2026<br><strong><em>Resposta:<\/em><\/strong> B<\/p>\n\n\n\n<p><strong>Quest\u00e3o 2<\/strong>: Determinada lei estadual estabelece\u2026<br><strong><em>Resposta:<\/em><\/strong> A<\/p>\n\n\n\n<p><strong>Quest\u00e3o 3:\u00a0<\/strong>Proposta de emenda \u00e0 Constitui\u00e7\u00e3o\u2026<br><strong><em>Resposta:<\/em><\/strong> A<\/p>\n\n\n\n<p><strong>Quest\u00e3o 4:<\/strong> Debatem-se, no \u00e2mbito\u2026<br><strong><em>Resposta:<\/em><\/strong> C<\/p>\n\n\n\n<p><strong>Quest\u00e3o 5:\u00a0<\/strong>\u00c0 luz da Constitui\u00e7\u00e3o Federal\u2026<br><strong><em>Resposta:<\/em><\/strong> D<\/p>\n\n\n\n<p><strong>Quest\u00e3o 6:\u00a0<\/strong>\u00c0 luz da Constitui\u00e7\u00e3o Federal e da jurisprud\u00eancia do Supremo\u2026<br><strong><em>Resposta:<\/em><\/strong> B<\/p>\n\n\n\n<p><strong>Quest\u00e3o 7:\u00a0<\/strong>O Minist\u00e9rio P\u00fablico pretende promover\u2026<br><strong><em>Resposta:<\/em><\/strong> E<\/p>\n\n\n\n<p><strong>Quest\u00e3o 8:\u00a0<\/strong>Determinada contribuinte ajuizou a\u00e7\u00e3o\u2026<br><strong><em>Resposta:<\/em><\/strong> A<\/p>\n\n\n\n<p><strong>Quest\u00e3o 9:\u00a0<\/strong>Vereador de Munic\u00edpio situado\u2026<br><strong><em>Resposta:<\/em><\/strong> B<\/p>\n\n\n\n<p><strong>Quest\u00e3o 10:\u00a0<\/strong>Com base em hip\u00f3tese estabelecida\u2026<br><strong><em>Resposta:<\/em><\/strong> C<\/p>\n\n\n\n<p><strong>Quest\u00e3o 11:\u00a0<\/strong>Em junho de 2013, o Estado\u2026<br><strong><em>Resposta:<\/em><\/strong> B<\/p>\n\n\n\n<p><strong>Quest\u00e3o 12:\u00a0<\/strong>Ao disciplinar a pol\u00edtica energ\u00e9tica\u2026<br><strong><em>Resposta:<\/em><\/strong> B<\/p>\n\n\n\n<p><strong>Quest\u00e3o 13:\u00a0<\/strong>Considere que a Assembleia Legislativa\u2026<br><strong><em>Resposta:<\/em><\/strong> D<\/p>\n\n\n\n<p><strong>Quest\u00e3o 14:\u00a0<\/strong>Considere as seguintes a\u00e7\u00f5es\u2026<br><strong><em>Resposta:<\/em><\/strong> D<\/p>\n\n\n\n<p><strong>Quest\u00e3o 15:\u00a0<\/strong>Considere as seguintes situa\u00e7\u00f5es\u2026<br><strong><em>Resposta:<\/em><\/strong> C<\/p>\n\n\n\n<p><strong>Quest\u00e3o 16:\u00a0<\/strong>Um gestor p\u00fablico estadual\u2026<br><strong><em>Resposta:<\/em><\/strong> B<\/p>\n\n\n\n<p><strong>Quest\u00e3o 17:\u00a0<\/strong>Conforme conceitua o Decreto Federal\u2026<br><strong><em>Resposta:<\/em><\/strong> E<\/p>\n\n\n\n<p><strong>Quest\u00e3o 18:\u00a0<\/strong>O poder normativo ou regulamentar\u2026<br><strong><em>Resposta:<\/em><\/strong> C (pol\u00eamica)<\/p>\n\n\n\n<p><strong>Quest\u00e3o 19:\u00a0<\/strong>Escul\u00e1pio Eug\u00eanio\u2026<br><strong><em>Resposta:<\/em><\/strong> A<\/p>\n\n\n\n<p><strong>Quest\u00e3o 20:\u00a0<\/strong>Da interpreta\u00e7\u00e3o dos princ\u00edpios\u2026<br><strong><em>Resposta:<\/em><\/strong> D<\/p>\n\n\n\n<p><strong>Quest\u00e3o 21:\u00a0<\/strong>Um gestor contratual atesta\u2026<br><strong><em>Resposta:<\/em><\/strong> B (anul\u00e1vel)<\/p>\n\n\n\n<p><strong>Quest\u00e3o 22:\u00a0<\/strong>Benepl\u00e1cido era agente p\u00fablico\u2026<br><strong><em>Resposta:<\/em><\/strong> D<\/p>\n\n\n\n<p><strong>Quest\u00e3o 23<\/strong>: O processo decis\u00f3rio das ag\u00eancias\u2026<br><strong><em>Resposta:<\/em><\/strong> B<\/p>\n\n\n\n<p><strong>Quest\u00e3o 24:\u00a0<\/strong>Salvador Mamede ingressou\u2026<br><strong><em>Resposta:<\/em><\/strong> C<\/p>\n\n\n\n<p><strong>Quest\u00e3o 25:\u00a0<\/strong>Um Estado mantinha contrato\u2026<br><strong><em>Resposta:<\/em><\/strong> D<\/p>\n\n\n\n<p><strong>Quest\u00e3o 26:\u00a0<\/strong>Dentre as normas constantes da Lei\u2026<br><strong><em>Resposta:<\/em><\/strong> E<\/p>\n\n\n\n<p><strong>Quest\u00e3o 27:\u00a0<\/strong>No tocante \u00e0 habilita\u00e7\u00e3o\u2026<br><strong><em>Resposta:<\/em><\/strong> B<\/p>\n\n\n\n<p><strong>Quest\u00e3o 28:\u00a0<\/strong>A Lei n\u00ba 13.019\/2014<br><strong><em>Resposta:<\/em><\/strong> C<\/p>\n\n\n\n<p><strong>Quest\u00e3o 29:\u00a0<\/strong>Hes\u00edodo de Melo\u2026<br><strong><em>Resposta:<\/em><\/strong> A<\/p>\n\n\n\n<p><strong>Quest\u00e3o 30:\u00a0<\/strong>O direito brasileiro apresenta\u2026<br><strong><em>Resposta:<\/em><\/strong> E<\/p>\n\n\n\n<p><strong>Quest\u00e3o 31:\u00a0<\/strong>Joaquim, Ca\u00edque e Juliana\u2026<br><strong><em>Resposta:<\/em><\/strong> B<\/p>\n\n\n\n<p><strong>Quest\u00e3o 32<\/strong>: O Presidente da Rep\u00fablica edita\u2026<br><strong><em>Resposta:<\/em><\/strong> B<\/p>\n\n\n\n<p><strong>Quest\u00e3o 33:\u00a0<\/strong>Apesar da inspira\u00e7\u00e3o laica\u2026<br><strong><em>Resposta:<\/em><\/strong> A<\/p>\n\n\n\n<p><strong>Quest\u00e3o 34:\u00a0<\/strong>O Supremo Tribunal Federal reconheceu\u2026<br><strong><em>Resposta:<\/em><\/strong> C<\/p>\n\n\n\n<p><strong>Quest\u00e3o 35:\u00a0<\/strong>O ICMS \u00e9 um tributo estadual\u2026<br><strong><em>Resposta:<\/em><\/strong> C<\/p>\n\n\n\n<p><strong>Quest\u00e3o 36:\u00a0<\/strong>O ITCMD \u00e9 um tributo\u2026<br><strong><em>Resposta:<\/em><\/strong> A<\/p>\n\n\n\n<p><strong>Quest\u00e3o 37:\u00a0<\/strong>Em demanda judicial<br><strong><em>Resposta:<\/em><\/strong> D<\/p>\n\n\n\n<p><strong>Quest\u00e3o 38:\u00a0<\/strong>ABC S.A, empresa\u2026<br><strong><em>Resposta:<\/em><\/strong> E<\/p>\n\n\n\n<p><strong>Quest\u00e3o 39:\u00a0<\/strong>O Estado do Amazonas tem seu pr\u00f3prio\u2026<br><strong><em>Resposta:<\/em><\/strong> D<\/p>\n\n\n\n<p><strong>Quest\u00e3o 40:\u00a0<\/strong>Empresa omite opera\u00e7\u00e3o\u2026<br><strong><em>Resposta:<\/em><\/strong> E<\/p>\n\n\n\n<p><strong>Quest\u00e3o 41:\u00a0<\/strong>Considere que determinado Munic\u00edpio\u2026<br><strong><em>Resposta:<\/em><\/strong> A<\/p>\n\n\n\n<p><strong>Quest\u00e3o 42:\u00a0<\/strong>Considere que o Estado do Amazonas\u2026<br><strong><em>Resposta:<\/em><\/strong> A<\/p>\n\n\n\n<p><strong>Quest\u00e3o 43:\u00a0<\/strong>Considere que o Estado pretenda\u2026<br><strong><em>Resposta:<\/em><\/strong> D<\/p>\n\n\n\n<p><strong>Quest\u00e3o 44:\u00a0<\/strong>Suponha que, no in\u00edcio do exerc\u00edcios\u2026<br><strong><em>Resposta:<\/em><\/strong> E<\/p>\n\n\n\n<p><strong>Quest\u00e3o 45<\/strong>: Considere que o Estado pretenda destinar\u2026<br><strong><em>Resposta:<\/em><\/strong> B<\/p>\n\n\n\n<p><strong>Quest\u00e3o 46:\u00a0<\/strong>Os incentivos concedidos a setores\u2026<br><strong><em>Resposta:<\/em><\/strong> D<\/p>\n\n\n\n<p><strong>Quest\u00e3o 47<\/strong>: O mecanismo de Desvincula\u00e7\u00e3o\u2026<br><strong><em>Resposta:<\/em><\/strong> E<\/p>\n\n\n\n<p><strong>Quest\u00e3o 48:\u00a0<\/strong>Considerando a classifica\u00e7\u00e3o de receitas\u2026<br><strong><em>Resposta:<\/em><\/strong> C<\/p>\n\n\n\n<p><strong>Quest\u00e3o 49:\u00a0<\/strong>Suponha que, no decorrer do exerc\u00edcio\u2026<br><strong><em>Resposta<\/em><\/strong>: A<\/p>\n\n\n\n<p><strong>Quest\u00e3o 50:\u00a0<\/strong>Considere que, no decorrer do processo\u2026<br><strong><em>Resposta:<\/em><\/strong> B<\/p>\n\n\n\n<p><strong>Quest\u00e3o 51:\u00a0<\/strong>O Decreto-Lei n\u00ba 4.657\/1942\u2026<br><strong><em>Resposta:<\/em><\/strong> B<\/p>\n\n\n\n<p><strong>Quest\u00e3o 52:\u00a0<\/strong>Ant\u00f4nio, que n\u00e3o possu\u00eda\u2026<br><strong><em>Resposta:<\/em><\/strong> E<\/p>\n\n\n\n<p><strong>Quest\u00e3o 53:\u00a0<\/strong>A sociedade limitada\u2026<br><strong><em>Resposta:<\/em><\/strong> E<\/p>\n\n\n\n<p><strong>Quest\u00e3o 54:\u00a0<\/strong>O Estado X \u00e9 locat\u00e1rio\u2026<br><strong><em>Resposta:<\/em><\/strong> D<\/p>\n\n\n\n<p><strong>Quest\u00e3o 55:\u00a0<\/strong>O servidor p\u00fablico estadual\u2026<br><strong><em>Resposta:<\/em><\/strong> D<\/p>\n\n\n\n<p><strong>Quest\u00e3o 56:\u00a0<\/strong>Usucapi\u00e3o tabular\u2026<br><strong><em>Resposta:<\/em><\/strong> C<\/p>\n\n\n\n<p><strong>Quest\u00e3o 57:\u00a0<\/strong>Jo\u00e3o, ap\u00f3s a cita\u00e7\u00e3o\u2026<br><strong><em>Resposta:<\/em><\/strong> E<\/p>\n\n\n\n<p><strong>Quest\u00e3o 58:\u00a0<\/strong>Considere que empresa devedora\u2026<br><strong><em>Resposta:<\/em><\/strong> B<\/p>\n\n\n\n<p><strong>Quest\u00e3o 59:\u00a0<\/strong>Considere que um Estado\u2026<br><strong><em>Resposta:<\/em><\/strong> A<\/p>\n\n\n\n<p><strong>Quest\u00e3o 60:\u00a0<\/strong>No que concerne \u00e0 responsabilidade\u2026<br><strong><em>Resposta:<\/em><\/strong> C<\/p>\n\n\n\n<p><strong>Quest\u00e3o 61:\u00a0<\/strong>Considere que um Estado, na condi\u00e7\u00e3o\u2026<br><strong><em>Resposta:<\/em><\/strong> B<\/p>\n\n\n\n<p><strong>Quest\u00e3o 62:\u00a0<\/strong>Uma a\u00e7\u00e3o indenizat\u00f3ria movida\u2026<br><strong><em>Resposta:<\/em><\/strong> B<\/p>\n\n\n\n<p><strong>Quest\u00e3o 63:\u00a0<\/strong>Um casal prop\u00f4s a\u00e7\u00e3o\u2026<br><strong><em>Resposta<\/em><\/strong>: E<\/p>\n\n\n\n<p><strong>Quest\u00e3o 64:\u00a0<\/strong>Em a\u00e7\u00e3o com pedido\u2026<br><strong><em>Resposta:<\/em><\/strong> D<\/p>\n\n\n\n<p><strong>Quest\u00e3o 65<\/strong>: A coisa julgada material\u2026<br><strong><em>Resposta:<\/em><\/strong> A<\/p>\n\n\n\n<p><strong>Quest\u00e3o 66:\u00a0<\/strong>Sobre peti\u00e7\u00e3o inicial<br><strong><em>Resposta:<\/em><\/strong> E<\/p>\n\n\n\n<p><strong>Quest\u00e3o 67:\u00a0<\/strong>A respeito do cumprimento de\u2026<br><strong><em>Resposta:<\/em><\/strong> D<\/p>\n\n\n\n<p><strong>Quest\u00e3o 68:\u00a0<\/strong>A respeito da execu\u00e7\u00e3o\u2026<br><strong><em>Resposta:<\/em><\/strong> C<\/p>\n\n\n\n<p><strong>Quest\u00e3o 69:\u00a0<\/strong>A respeito dos Juizados Especiais\u2026<br><strong><em>Resposta:<\/em><\/strong> B<\/p>\n\n\n\n<p><strong>Quest\u00e3o 70:\u00a0<\/strong>Em rela\u00e7\u00e3o ao mandado\u2026<br><strong><em>Resposta:<\/em><\/strong> C<\/p>\n\n\n\n<p><strong>Quest\u00e3o 71:\u00a0<\/strong>Em a\u00e7\u00e3o movida por cidad\u00e3o\u2026<br><strong><em>Resposta:<\/em><\/strong> E<\/p>\n\n\n\n<p><strong>Quest\u00e3o 72:\u00a0<\/strong>A respeito do Incidente de Resolu\u00e7\u00e3o\u2026<br><strong><em>Resposta:<\/em><\/strong> E<\/p>\n\n\n\n<p><strong>Quest\u00e3o 73<\/strong>: A respeito dos terceiros no processo\u2026<br><strong><em>Resposta<\/em><\/strong>: C<\/p>\n\n\n\n<p><strong>Quest\u00e3o 74:\u00a0<\/strong>O Estado est\u00e1 sendo demandado\u2026<br><strong><em>Resposta:<\/em><\/strong> A<\/p>\n\n\n\n<p><strong>Quest\u00e3o 75:\u00a0<\/strong>Nero foi empregado da empresa\u2026<br><strong><em>Resposta:<\/em><\/strong> C<\/p>\n\n\n\n<p><strong>Quest\u00e3o 76<\/strong>: S\u00f3crates \u00e9 empregado celetista\u2026<br><strong><em>Resposta:<\/em><\/strong> B<\/p>\n\n\n\n<p><strong>Quest\u00e3o 77:\u00a0<\/strong>O sindicato dos servidores p\u00fablicos\u2026<br><strong><em>Resposta:<\/em><\/strong> B<\/p>\n\n\n\n<p><strong>Quest\u00e3o 78:\u00a0<\/strong>Plat\u00e3o prop\u00f5e a\u00e7\u00e3o\u2026<br><strong><em>Resposta:<\/em><\/strong> D<\/p>\n\n\n\n<p><strong>Quest\u00e3o 79<\/strong>: Arist\u00f3teles prop\u00f5e reclamat\u00f3ria\u2026<br><strong><em>Resposta:<\/em><\/strong> B<\/p>\n\n\n\n<p><strong>Quest\u00e3o 80:\u00a0<\/strong>Maced\u00f4nio prop\u00f5e a\u00e7\u00e3o\u2026<br><strong><em>Resposta:<\/em><\/strong> (Anul\u00e1vel)<\/p>\n\n\n\n<p><strong>Quest\u00e3o 81:\u00a0<\/strong>A Fazenda P\u00fablica do Estado\u2026<br><strong><em>Resposta:<\/em><\/strong> C<\/p>\n\n\n\n<p><strong>Quest\u00e3o 82:\u00a0<\/strong>Arquimedes \u00e9 servidor\u2026<br><strong><em>Resposta:<\/em><\/strong> E<\/p>\n\n\n\n<p><strong>Quest\u00e3o 83:\u00a0<\/strong>Considere as afirma\u00e7\u00f5es abaixo\u2026<br><strong><em>Resposta:<\/em><\/strong> D (anul\u00e1vel)<\/p>\n\n\n\n<p><strong>Quest\u00e3o 84:\u00a0<\/strong>Pancr\u00e1cio \u00e9 membro\u2026<br><strong><em>Resposta:<\/em><\/strong> A<\/p>\n\n\n\n<p><strong>Quest\u00e3o 85:\u00a0<\/strong>O Estado do Amazonas celebrou\u2026<br><strong><em>Resposta:<\/em><\/strong> D<\/p>\n\n\n\n<p><strong>Quest\u00e3o 86:\u00a0<\/strong>A aprova\u00e7\u00e3o de enunciados\u2026<br><strong><em>Resposta:<\/em><\/strong> C<\/p>\n\n\n\n<p><strong>Quest\u00e3o 87<\/strong>: Considerando o teor da Lei\u2026<br><strong><em>Resposta:<\/em><\/strong> B <\/p>\n\n\n\n<p><strong>Quest\u00e3o 88:\u00a0<\/strong>Renata, 19 anos, gestante\u2026<br><strong><em>Resposta:<\/em><\/strong> D<\/p>\n\n\n\n<p><strong>Quest\u00e3o 89:\u00a0<\/strong>Segundo atual jurisprud\u00eancia\u2026<br><strong><em>Resposta:<\/em><\/strong> B<\/p>\n\n\n\n<p><strong>Quest\u00e3o 90:\u00a0<\/strong>Um governo estadual lan\u00e7ou\u2026<br><strong><em>Resposta:<\/em><\/strong> E<\/p>\n\n\n\n<p><strong>Quest\u00e3o 91<\/strong>: Um Estado W vai construir\u2026<br><strong><em>Resposta:<\/em><\/strong> D<\/p>\n\n\n\n<p><strong>Quest\u00e3o 92:\u00a0<\/strong>Um Estado criou\u2026<br><strong><em>Resposta:<\/em><\/strong> E<\/p>\n\n\n\n<p><strong>Quest\u00e3o 93:\u00a0<\/strong>O Estado do Amazonas pretende\u2026<br><strong><em>Resposta:<\/em><\/strong> C<\/p>\n\n\n\n<p><strong>Quest\u00e3o 94:\u00a0<\/strong>O Regime de Previd\u00eancia Complementar\u2026<br><strong><em>Resposta:<\/em><\/strong> E<\/p>\n\n\n\n<p><strong>Quest\u00e3o 95:\u00a0<\/strong>Suponha que o Estado do Amazonas\u2026<br><strong><em>Resposta:<\/em><\/strong> A<\/p>\n\n\n\n<p><strong>Quest\u00e3o 96:\u00a0<\/strong>A contrata\u00e7\u00e3o por prazo determinado\u2026<br><strong><em>Resposta:<\/em><\/strong> E<\/p>\n\n\n\n<p><strong>Quest\u00e3o 97:\u00a0<\/strong>De acordo com o que disp\u00f5e\u2026<br><strong><em>Resposta:<\/em><\/strong> A<\/p>\n\n\n\n<p><strong>Quest\u00e3o 98:\u00a0<\/strong>Suponha que a Administra\u00e7\u00e3o\u2026<br><strong><em>Resposta:<\/em><\/strong> C<\/p>\n\n\n\n<p><strong>Quest\u00e3o 99:\u00a0<\/strong>O Conselho Estadual de Meio Ambiente\u2026<br><strong><em>Resposta:<\/em><\/strong> D<\/p>\n\n\n\n<p><strong>Quest\u00e3o 100:\u00a0<\/strong>A moldura constitucional\u2026<br><strong><em>Resposta:<\/em><\/strong> \u2013<\/p>\n\n\n\n<h2 class=\"has-text-align-center has-cyan-bluish-gray-background-color has-background has-medium-font-size wp-block-heading\" id=\"saiba-mais-concurso-pge-am-procurador\">Saiba mais: <a href=\"https:\/\/cj.estrategia.com\/portal\/concurso-pge-am-procurador\/\" target=\"_blank\" >concurso PGE AM Procurador<\/a><\/h2>\n\n\n\n<hr class=\"wp-block-separator\"\/>\n\n\n\n<h2 class=\"has-text-align-center wp-block-heading\" id=\"h-quer-saber-tudo-sobre-concursos-previstos-confira-nossos-artigos\"><span id=\"quer-saber-tudo-sobre-concursos-previstosconfira-nossos-artigos\">Quer saber tudo sobre concursos previstos?<br>Confira nossos artigos!<\/span><\/h2>\n\n\n\n<ul class=\"wp-block-list\"><li><a href=\"https:\/\/www.estrategiaconcursos.com.br\/blog\/concursos-abertos\/\" target=\"_blank\" >Concursos abertos<\/a><\/li><li><a href=\"https:\/\/www.estrategiaconcursos.com.br\/blog\/concursos-2022\/\" target=\"_blank\" >Concursos 2022<\/a><\/li><\/ul>\n\n\n\n<div class=\"container\" id=\"boxes\">\n  <div class=\"row\">\n\n    <div class=\"col-sm\">\n      <div class=\"banner-ecj\" id=\"box-assinatura\">\n        <h3 id=\"curso-para-concurso-pge-am-procurador\" class=\"titulo-assinatura\">Curso para Concurso PGE AM Procurador<\/h3>\n        <p class=\"subtitulo-assinatura\">Cursos focados no edital do concurso<\/p>\n        <div class=\"box-botao\">\n          <a class=\"btn-assinatura\" target=\"_blank\" href=\"https:\/\/www.estrategiaconcursos.com.br\/cursosPorConcurso\/pge-am-procurador-do-estado-do-amazonas\/\" role=\"button\" rel=\"noopener noreferrer\">Conhe\u00e7a mais<\/a>\n        <\/div>\n      <\/div>\n      <p class=\"texto-auxiliar\"><\/p>\n    <\/div>\n\n  <\/div>\n<\/div>\n\n\n\n<div class=\"container\" id=\"boxes\">\n  <div class=\"row\">\n\n    <div class=\"col-sm\">\n      <div class=\"banner-ecj\" id=\"box-assinatura\">\n        <h3 id=\"assinatura-juridica\" class=\"titulo-assinatura\">Assinatura Jur\u00eddica <\/h3>\n        <p class=\"subtitulo-assinatura\">Conhe\u00e7a os planos<\/p>\n        <div class=\"box-botao\">\n          <a class=\"btn-assinatura\" target=\"_blank\" href=\"https:\/\/www.estrategiaconcursos.com.br\/assinaturas-ecj\/\" role=\"button\" rel=\"noopener noreferrer\">Conhe\u00e7a mais<\/a>\n        <\/div>\n      <\/div>\n      <p class=\"texto-auxiliar\"><\/p>\n    <\/div>\n\n  <\/div>\n<\/div>\n","protected":false},"excerpt":{"rendered":"Neste domingo, 22 de maio de 2022, foram aplicadas as provas do concurso PGE AM Procurador.\u00a0O edital oferta&hellip;\n","protected":false},"author":12,"featured_media":5269,"comment_status":"open","ping_status":"open","sticky":false,"template":"","format":"standard","meta":{"_jetpack_memberships_contains_paid_content":false,"footnotes":""},"categories":[24],"tags":[],"tax_estado":[32],"class_list":{"0":"post-5268","1":"post","2":"type-post","3":"status-publish","4":"format-standard","5":"has-post-thumbnail","7":"category-procuradoria","8":"tax_estado-am"},"acf":[],"yoast_head":"<!-- This site is optimized with the Yoast SEO Premium plugin v27.5 (Yoast SEO v27.5) - https:\/\/yoast.com\/product\/yoast-seo-premium-wordpress\/ -->\n<title>Gabarito Extraoficial PGE AM Procurador: acompanhe a corre\u00e7\u00e3o<\/title>\n<meta name=\"description\" content=\"Gabarito Extraoficial PGE AM Procurador: acompanhe a corre\u00e7\u00e3o com o Estrat\u00e9gia Concursos!\" \/>\n<meta name=\"robots\" content=\"index, follow, max-snippet:-1, max-image-preview:large, max-video-preview:-1\" \/>\n<link rel=\"canonical\" href=\"https:\/\/cj.estrategia.com\/portal\/gabarito-extraoficial-pge-am-procurador\/\" \/>\n<meta property=\"og:locale\" content=\"pt_BR\" \/>\n<meta property=\"og:type\" content=\"article\" \/>\n<meta property=\"og:title\" content=\"Gabarito Extraoficial PGE AM Procurador: acompanhe a corre\u00e7\u00e3o\" \/>\n<meta property=\"og:description\" content=\"Gabarito Extraoficial PGE AM Procurador: acompanhe a corre\u00e7\u00e3o com o Estrat\u00e9gia Concursos!\" \/>\n<meta property=\"og:url\" content=\"https:\/\/cj.estrategia.com\/portal\/gabarito-extraoficial-pge-am-procurador\/\" \/>\n<meta property=\"og:site_name\" content=\"Blog - Carreiras Jur\u00eddicas - Estrat\u00e9gia\" \/>\n<meta property=\"article:publisher\" content=\"https:\/\/www.facebook.com\/estrategiacarreirajuridica\/\" \/>\n<meta property=\"article:published_time\" content=\"2022-05-22T20:00:00+00:00\" \/>\n<meta property=\"article:modified_time\" content=\"2022-05-23T21:39:26+00:00\" \/>\n<meta property=\"og:image\" content=\"https:\/\/cj.estrategia.com\/portal\/wp-content\/uploads\/2022\/05\/23082244\/1280-720-max-20.jpg\" \/>\n\t<meta property=\"og:image:width\" content=\"1280\" \/>\n\t<meta property=\"og:image:height\" content=\"720\" \/>\n\t<meta property=\"og:image:type\" content=\"image\/jpeg\" \/>\n<meta name=\"author\" content=\"Coordena\u00e7\u00e3o\" \/>\n<meta name=\"twitter:card\" content=\"summary_large_image\" \/>\n<meta name=\"twitter:creator\" content=\"@EstratJuridica\" \/>\n<meta name=\"twitter:site\" content=\"@EstratJuridica\" \/>\n<meta name=\"twitter:label1\" content=\"Escrito por\" \/>\n\t<meta name=\"twitter:data1\" content=\"Coordena\u00e7\u00e3o\" \/>\n\t<meta name=\"twitter:label2\" content=\"Est. tempo de leitura\" \/>\n\t<meta name=\"twitter:data2\" content=\"7 minutos\" \/>\n<script type=\"application\/ld+json\" class=\"yoast-schema-graph\">{\"@context\":\"https:\\\/\\\/schema.org\",\"@graph\":[{\"@type\":\"NewsArticle\",\"@id\":\"https:\\\/\\\/cj.estrategia.com\\\/portal\\\/gabarito-extraoficial-pge-am-procurador\\\/#article\",\"isPartOf\":{\"@id\":\"https:\\\/\\\/cj.estrategia.com\\\/portal\\\/gabarito-extraoficial-pge-am-procurador\\\/\"},\"author\":{\"name\":\"Coordena\u00e7\u00e3o\",\"@id\":\"https:\\\/\\\/cj.estrategia.com\\\/portal\\\/#\\\/schema\\\/person\\\/4d70317d31449932b99102916b6637f5\"},\"headline\":\"Gabarito Extraoficial PGE AM Procurador: acompanhe a corre\u00e7\u00e3o\",\"datePublished\":\"2022-05-22T20:00:00+00:00\",\"dateModified\":\"2022-05-23T21:39:26+00:00\",\"mainEntityOfPage\":{\"@id\":\"https:\\\/\\\/cj.estrategia.com\\\/portal\\\/gabarito-extraoficial-pge-am-procurador\\\/\"},\"wordCount\":1300,\"commentCount\":0,\"publisher\":{\"@id\":\"https:\\\/\\\/cj.estrategia.com\\\/portal\\\/#organization\"},\"image\":{\"@id\":\"https:\\\/\\\/cj.estrategia.com\\\/portal\\\/gabarito-extraoficial-pge-am-procurador\\\/#primaryimage\"},\"thumbnailUrl\":\"https:\\\/\\\/cj.estrategia.com\\\/portal\\\/wp-content\\\/uploads\\\/2022\\\/05\\\/23082244\\\/1280-720-max-20.jpg\",\"articleSection\":[\"Procuradoria\"],\"inLanguage\":\"pt-BR\",\"potentialAction\":[{\"@type\":\"CommentAction\",\"name\":\"Comment\",\"target\":[\"https:\\\/\\\/cj.estrategia.com\\\/portal\\\/gabarito-extraoficial-pge-am-procurador\\\/#respond\"]}]},{\"@type\":\"WebPage\",\"@id\":\"https:\\\/\\\/cj.estrategia.com\\\/portal\\\/gabarito-extraoficial-pge-am-procurador\\\/\",\"url\":\"https:\\\/\\\/cj.estrategia.com\\\/portal\\\/gabarito-extraoficial-pge-am-procurador\\\/\",\"name\":\"Gabarito Extraoficial PGE AM Procurador: acompanhe a corre\u00e7\u00e3o\",\"isPartOf\":{\"@id\":\"https:\\\/\\\/cj.estrategia.com\\\/portal\\\/#website\"},\"primaryImageOfPage\":{\"@id\":\"https:\\\/\\\/cj.estrategia.com\\\/portal\\\/gabarito-extraoficial-pge-am-procurador\\\/#primaryimage\"},\"image\":{\"@id\":\"https:\\\/\\\/cj.estrategia.com\\\/portal\\\/gabarito-extraoficial-pge-am-procurador\\\/#primaryimage\"},\"thumbnailUrl\":\"https:\\\/\\\/cj.estrategia.com\\\/portal\\\/wp-content\\\/uploads\\\/2022\\\/05\\\/23082244\\\/1280-720-max-20.jpg\",\"datePublished\":\"2022-05-22T20:00:00+00:00\",\"dateModified\":\"2022-05-23T21:39:26+00:00\",\"description\":\"Gabarito Extraoficial PGE AM Procurador: acompanhe a corre\u00e7\u00e3o com o Estrat\u00e9gia Concursos!\",\"breadcrumb\":{\"@id\":\"https:\\\/\\\/cj.estrategia.com\\\/portal\\\/gabarito-extraoficial-pge-am-procurador\\\/#breadcrumb\"},\"inLanguage\":\"pt-BR\",\"potentialAction\":[{\"@type\":\"ReadAction\",\"target\":[\"https:\\\/\\\/cj.estrategia.com\\\/portal\\\/gabarito-extraoficial-pge-am-procurador\\\/\"]}]},{\"@type\":\"ImageObject\",\"inLanguage\":\"pt-BR\",\"@id\":\"https:\\\/\\\/cj.estrategia.com\\\/portal\\\/gabarito-extraoficial-pge-am-procurador\\\/#primaryimage\",\"url\":\"https:\\\/\\\/cj.estrategia.com\\\/portal\\\/wp-content\\\/uploads\\\/2022\\\/05\\\/23082244\\\/1280-720-max-20.jpg\",\"contentUrl\":\"https:\\\/\\\/cj.estrategia.com\\\/portal\\\/wp-content\\\/uploads\\\/2022\\\/05\\\/23082244\\\/1280-720-max-20.jpg\",\"width\":1280,\"height\":720},{\"@type\":\"BreadcrumbList\",\"@id\":\"https:\\\/\\\/cj.estrategia.com\\\/portal\\\/gabarito-extraoficial-pge-am-procurador\\\/#breadcrumb\",\"itemListElement\":[{\"@type\":\"ListItem\",\"position\":1,\"name\":\"In\u00edcio\",\"item\":\"https:\\\/\\\/cj.estrategia.com\\\/portal\\\/\"},{\"@type\":\"ListItem\",\"position\":2,\"name\":\"Gabarito Extraoficial PGE AM Procurador: acompanhe a corre\u00e7\u00e3o\"}]},{\"@type\":\"WebSite\",\"@id\":\"https:\\\/\\\/cj.estrategia.com\\\/portal\\\/#website\",\"url\":\"https:\\\/\\\/cj.estrategia.com\\\/portal\\\/\",\"name\":\"Blog - Carreiras Jur\u00eddicas - Estrat\u00e9gia\",\"description\":\"\",\"publisher\":{\"@id\":\"https:\\\/\\\/cj.estrategia.com\\\/portal\\\/#organization\"},\"potentialAction\":[{\"@type\":\"SearchAction\",\"target\":{\"@type\":\"EntryPoint\",\"urlTemplate\":\"https:\\\/\\\/cj.estrategia.com\\\/portal\\\/?s={search_term_string}\"},\"query-input\":{\"@type\":\"PropertyValueSpecification\",\"valueRequired\":true,\"valueName\":\"search_term_string\"}}],\"inLanguage\":\"pt-BR\"},{\"@type\":\"Organization\",\"@id\":\"https:\\\/\\\/cj.estrategia.com\\\/portal\\\/#organization\",\"name\":\"Estrat\u00e9gia - Carreiras Jur\u00eddicas\",\"url\":\"https:\\\/\\\/cj.estrategia.com\\\/portal\\\/\",\"logo\":{\"@type\":\"ImageObject\",\"inLanguage\":\"pt-BR\",\"@id\":\"https:\\\/\\\/cj.estrategia.com\\\/portal\\\/#\\\/schema\\\/logo\\\/image\\\/\",\"url\":\"https:\\\/\\\/cj.estrategia.com\\\/portal\\\/wp-content\\\/uploads\\\/2022\\\/03\\\/11151052\\\/cj-logo.png\",\"contentUrl\":\"https:\\\/\\\/cj.estrategia.com\\\/portal\\\/wp-content\\\/uploads\\\/2022\\\/03\\\/11151052\\\/cj-logo.png\",\"width\":150,\"height\":39,\"caption\":\"Estrat\u00e9gia - Carreiras Jur\u00eddicas\"},\"image\":{\"@id\":\"https:\\\/\\\/cj.estrategia.com\\\/portal\\\/#\\\/schema\\\/logo\\\/image\\\/\"},\"sameAs\":[\"https:\\\/\\\/www.facebook.com\\\/estrategiacarreirajuridica\\\/\",\"https:\\\/\\\/x.com\\\/EstratJuridica\",\"https:\\\/\\\/www.instagram.com\\\/estrategiacarreirajuridica\\\/\",\"https:\\\/\\\/www.youtube.com\\\/channel\\\/UClbMGuYbj2Mh1m3w144ETWQ\"]},{\"@type\":\"Person\",\"@id\":\"https:\\\/\\\/cj.estrategia.com\\\/portal\\\/#\\\/schema\\\/person\\\/4d70317d31449932b99102916b6637f5\",\"name\":\"Coordena\u00e7\u00e3o\",\"image\":{\"@type\":\"ImageObject\",\"inLanguage\":\"pt-BR\",\"@id\":\"https:\\\/\\\/cj.estrategia.com\\\/portal\\\/wp-content\\\/uploads\\\/2022\\\/05\\\/12164923\\\/estrategia-carreira-juridica-coordenacao-96x96.png\",\"url\":\"https:\\\/\\\/cj.estrategia.com\\\/portal\\\/wp-content\\\/uploads\\\/2022\\\/05\\\/12164923\\\/estrategia-carreira-juridica-coordenacao-96x96.png\",\"contentUrl\":\"https:\\\/\\\/cj.estrategia.com\\\/portal\\\/wp-content\\\/uploads\\\/2022\\\/05\\\/12164923\\\/estrategia-carreira-juridica-coordenacao-96x96.png\",\"caption\":\"Coordena\u00e7\u00e3o\"},\"url\":\"https:\\\/\\\/cj.estrategia.com\\\/portal\\\/author\\\/coordenacao\\\/\"}]}<\/script>\n<!-- \/ Yoast SEO Premium plugin. -->","yoast_head_json":{"title":"Gabarito Extraoficial PGE AM Procurador: acompanhe a corre\u00e7\u00e3o","description":"Gabarito Extraoficial PGE AM Procurador: acompanhe a corre\u00e7\u00e3o com o Estrat\u00e9gia Concursos!","robots":{"index":"index","follow":"follow","max-snippet":"max-snippet:-1","max-image-preview":"max-image-preview:large","max-video-preview":"max-video-preview:-1"},"canonical":"https:\/\/cj.estrategia.com\/portal\/gabarito-extraoficial-pge-am-procurador\/","og_locale":"pt_BR","og_type":"article","og_title":"Gabarito Extraoficial PGE AM Procurador: acompanhe a corre\u00e7\u00e3o","og_description":"Gabarito Extraoficial PGE AM Procurador: acompanhe a corre\u00e7\u00e3o com o Estrat\u00e9gia Concursos!","og_url":"https:\/\/cj.estrategia.com\/portal\/gabarito-extraoficial-pge-am-procurador\/","og_site_name":"Blog - Carreiras Jur\u00eddicas - Estrat\u00e9gia","article_publisher":"https:\/\/www.facebook.com\/estrategiacarreirajuridica\/","article_published_time":"2022-05-22T20:00:00+00:00","article_modified_time":"2022-05-23T21:39:26+00:00","og_image":[{"width":1280,"height":720,"url":"https:\/\/cj.estrategia.com\/portal\/wp-content\/uploads\/2022\/05\/23082244\/1280-720-max-20.jpg","type":"image\/jpeg"}],"author":"Coordena\u00e7\u00e3o","twitter_card":"summary_large_image","twitter_creator":"@EstratJuridica","twitter_site":"@EstratJuridica","twitter_misc":{"Escrito por":"Coordena\u00e7\u00e3o","Est. tempo de leitura":"7 minutos"},"schema":{"@context":"https:\/\/schema.org","@graph":[{"@type":"NewsArticle","@id":"https:\/\/cj.estrategia.com\/portal\/gabarito-extraoficial-pge-am-procurador\/#article","isPartOf":{"@id":"https:\/\/cj.estrategia.com\/portal\/gabarito-extraoficial-pge-am-procurador\/"},"author":{"name":"Coordena\u00e7\u00e3o","@id":"https:\/\/cj.estrategia.com\/portal\/#\/schema\/person\/4d70317d31449932b99102916b6637f5"},"headline":"Gabarito Extraoficial PGE AM Procurador: acompanhe a corre\u00e7\u00e3o","datePublished":"2022-05-22T20:00:00+00:00","dateModified":"2022-05-23T21:39:26+00:00","mainEntityOfPage":{"@id":"https:\/\/cj.estrategia.com\/portal\/gabarito-extraoficial-pge-am-procurador\/"},"wordCount":1300,"commentCount":0,"publisher":{"@id":"https:\/\/cj.estrategia.com\/portal\/#organization"},"image":{"@id":"https:\/\/cj.estrategia.com\/portal\/gabarito-extraoficial-pge-am-procurador\/#primaryimage"},"thumbnailUrl":"https:\/\/cj.estrategia.com\/portal\/wp-content\/uploads\/2022\/05\/23082244\/1280-720-max-20.jpg","articleSection":["Procuradoria"],"inLanguage":"pt-BR","potentialAction":[{"@type":"CommentAction","name":"Comment","target":["https:\/\/cj.estrategia.com\/portal\/gabarito-extraoficial-pge-am-procurador\/#respond"]}]},{"@type":"WebPage","@id":"https:\/\/cj.estrategia.com\/portal\/gabarito-extraoficial-pge-am-procurador\/","url":"https:\/\/cj.estrategia.com\/portal\/gabarito-extraoficial-pge-am-procurador\/","name":"Gabarito Extraoficial PGE AM Procurador: acompanhe a corre\u00e7\u00e3o","isPartOf":{"@id":"https:\/\/cj.estrategia.com\/portal\/#website"},"primaryImageOfPage":{"@id":"https:\/\/cj.estrategia.com\/portal\/gabarito-extraoficial-pge-am-procurador\/#primaryimage"},"image":{"@id":"https:\/\/cj.estrategia.com\/portal\/gabarito-extraoficial-pge-am-procurador\/#primaryimage"},"thumbnailUrl":"https:\/\/cj.estrategia.com\/portal\/wp-content\/uploads\/2022\/05\/23082244\/1280-720-max-20.jpg","datePublished":"2022-05-22T20:00:00+00:00","dateModified":"2022-05-23T21:39:26+00:00","description":"Gabarito Extraoficial PGE AM Procurador: acompanhe a corre\u00e7\u00e3o com o Estrat\u00e9gia Concursos!","breadcrumb":{"@id":"https:\/\/cj.estrategia.com\/portal\/gabarito-extraoficial-pge-am-procurador\/#breadcrumb"},"inLanguage":"pt-BR","potentialAction":[{"@type":"ReadAction","target":["https:\/\/cj.estrategia.com\/portal\/gabarito-extraoficial-pge-am-procurador\/"]}]},{"@type":"ImageObject","inLanguage":"pt-BR","@id":"https:\/\/cj.estrategia.com\/portal\/gabarito-extraoficial-pge-am-procurador\/#primaryimage","url":"https:\/\/cj.estrategia.com\/portal\/wp-content\/uploads\/2022\/05\/23082244\/1280-720-max-20.jpg","contentUrl":"https:\/\/cj.estrategia.com\/portal\/wp-content\/uploads\/2022\/05\/23082244\/1280-720-max-20.jpg","width":1280,"height":720},{"@type":"BreadcrumbList","@id":"https:\/\/cj.estrategia.com\/portal\/gabarito-extraoficial-pge-am-procurador\/#breadcrumb","itemListElement":[{"@type":"ListItem","position":1,"name":"In\u00edcio","item":"https:\/\/cj.estrategia.com\/portal\/"},{"@type":"ListItem","position":2,"name":"Gabarito Extraoficial PGE AM Procurador: acompanhe a corre\u00e7\u00e3o"}]},{"@type":"WebSite","@id":"https:\/\/cj.estrategia.com\/portal\/#website","url":"https:\/\/cj.estrategia.com\/portal\/","name":"Blog - Carreiras Jur\u00eddicas - Estrat\u00e9gia","description":"","publisher":{"@id":"https:\/\/cj.estrategia.com\/portal\/#organization"},"potentialAction":[{"@type":"SearchAction","target":{"@type":"EntryPoint","urlTemplate":"https:\/\/cj.estrategia.com\/portal\/?s={search_term_string}"},"query-input":{"@type":"PropertyValueSpecification","valueRequired":true,"valueName":"search_term_string"}}],"inLanguage":"pt-BR"},{"@type":"Organization","@id":"https:\/\/cj.estrategia.com\/portal\/#organization","name":"Estrat\u00e9gia - Carreiras Jur\u00eddicas","url":"https:\/\/cj.estrategia.com\/portal\/","logo":{"@type":"ImageObject","inLanguage":"pt-BR","@id":"https:\/\/cj.estrategia.com\/portal\/#\/schema\/logo\/image\/","url":"https:\/\/cj.estrategia.com\/portal\/wp-content\/uploads\/2022\/03\/11151052\/cj-logo.png","contentUrl":"https:\/\/cj.estrategia.com\/portal\/wp-content\/uploads\/2022\/03\/11151052\/cj-logo.png","width":150,"height":39,"caption":"Estrat\u00e9gia - Carreiras Jur\u00eddicas"},"image":{"@id":"https:\/\/cj.estrategia.com\/portal\/#\/schema\/logo\/image\/"},"sameAs":["https:\/\/www.facebook.com\/estrategiacarreirajuridica\/","https:\/\/x.com\/EstratJuridica","https:\/\/www.instagram.com\/estrategiacarreirajuridica\/","https:\/\/www.youtube.com\/channel\/UClbMGuYbj2Mh1m3w144ETWQ"]},{"@type":"Person","@id":"https:\/\/cj.estrategia.com\/portal\/#\/schema\/person\/4d70317d31449932b99102916b6637f5","name":"Coordena\u00e7\u00e3o","image":{"@type":"ImageObject","inLanguage":"pt-BR","@id":"https:\/\/cj.estrategia.com\/portal\/wp-content\/uploads\/2022\/05\/12164923\/estrategia-carreira-juridica-coordenacao-96x96.png","url":"https:\/\/cj.estrategia.com\/portal\/wp-content\/uploads\/2022\/05\/12164923\/estrategia-carreira-juridica-coordenacao-96x96.png","contentUrl":"https:\/\/cj.estrategia.com\/portal\/wp-content\/uploads\/2022\/05\/12164923\/estrategia-carreira-juridica-coordenacao-96x96.png","caption":"Coordena\u00e7\u00e3o"},"url":"https:\/\/cj.estrategia.com\/portal\/author\/coordenacao\/"}]}},"jetpack_featured_media_url":"https:\/\/cj.estrategia.com\/portal\/wp-content\/uploads\/2022\/05\/23082244\/1280-720-max-20.jpg","jetpack_sharing_enabled":true,"_links":{"self":[{"href":"https:\/\/cj.estrategia.com\/portal\/wp-json\/wp\/v2\/posts\/5268","targetHints":{"allow":["GET"]}}],"collection":[{"href":"https:\/\/cj.estrategia.com\/portal\/wp-json\/wp\/v2\/posts"}],"about":[{"href":"https:\/\/cj.estrategia.com\/portal\/wp-json\/wp\/v2\/types\/post"}],"author":[{"embeddable":true,"href":"https:\/\/cj.estrategia.com\/portal\/wp-json\/wp\/v2\/users\/12"}],"replies":[{"embeddable":true,"href":"https:\/\/cj.estrategia.com\/portal\/wp-json\/wp\/v2\/comments?post=5268"}],"version-history":[{"count":0,"href":"https:\/\/cj.estrategia.com\/portal\/wp-json\/wp\/v2\/posts\/5268\/revisions"}],"wp:featuredmedia":[{"embeddable":true,"href":"https:\/\/cj.estrategia.com\/portal\/wp-json\/wp\/v2\/media\/5269"}],"wp:attachment":[{"href":"https:\/\/cj.estrategia.com\/portal\/wp-json\/wp\/v2\/media?parent=5268"}],"wp:term":[{"taxonomy":"category","embeddable":true,"href":"https:\/\/cj.estrategia.com\/portal\/wp-json\/wp\/v2\/categories?post=5268"},{"taxonomy":"post_tag","embeddable":true,"href":"https:\/\/cj.estrategia.com\/portal\/wp-json\/wp\/v2\/tags?post=5268"},{"taxonomy":"tax_estado","embeddable":true,"href":"https:\/\/cj.estrategia.com\/portal\/wp-json\/wp\/v2\/tax_estado?post=5268"}],"curies":[{"name":"wp","href":"https:\/\/api.w.org\/{rel}","templated":true}]}}