{"id":52499,"date":"2025-06-05T21:51:09","date_gmt":"2025-06-06T00:51:09","guid":{"rendered":"https:\/\/cj.estrategia.com\/portal\/?p=52499"},"modified":"2025-06-06T21:48:47","modified_gmt":"2025-06-07T00:48:47","slug":"edital-mp-rj-promotor-2025","status":"publish","type":"post","link":"https:\/\/cj.estrategia.com\/portal\/edital-mp-rj-promotor-2025\/","title":{"rendered":"Edital MP RJ Promotor: PUBLICADO; 11 vagas!"},"content":{"rendered":"<a id=\"cta-icon\" href=\"https:\/\/sndflw.com\/i\/promotorias-grupo\" target=\"blank\" style=\"background:rgb(83,193,88)\">\n            <img decoding=\"async\" src=\"https:\/\/cj.estrategia.com\/portal\/wp-content\/uploads\/2023\/12\/07160657\/whatsapp_1385.webp\" alt=\"\" alt=\"whatsapp_1385\"><span > Acesse agora o Grupo de Estudos para Concurso de Promotorias <\/span><\/a>\n\n\n\n<p>A Procuradoria-Geral de Justi\u00e7a do Rio de Janeiro, publicou o edital de concurso p\u00fablico com oferta de<strong>&nbsp;11 vagas imediatas<\/strong>&nbsp;mais a forma\u00e7\u00e3o de cadastro reserva para o cargo de&nbsp;<strong>Promotor de Justi\u00e7a Substituto do Estado do Rio de Janeiro, <\/strong>com vencimento inicial de&nbsp;<strong>R$ 37,7 mil.<\/strong><\/p>\n\n\n\n<p>A banca organizadora \u00e9 a FGV, e as <strong>inscri\u00e7\u00f5es est\u00e3o abertas de 09 de junho a 09 julho de 2025. <\/strong>Os interessados podem se inscrever a um custo de R$ 350,00 por candidato.<\/p>\n\n\n\n<p>Para a carreira \u00e9 necess\u00e1rio ser bacharel em direito e possuir 3 anos de atividade jur\u00eddica.<\/p>\n\n\n\n<p>Os candidatos devidamente inscritos ser\u00e3o avaliados por&nbsp;<strong>prova preambular objetiva<\/strong> entre os&nbsp;<strong>dias 27 de julho a 10 de agosto de 2025<\/strong>. Confira mais detalhes no artigo!<\/p>\n\n\n\n<ul class=\"wp-block-list has-very-light-gray-to-cyan-bluish-gray-gradient-background has-background\">\n<li><strong>Concurso MP RJ Promotor<\/strong><\/li>\n\n\n\n<li><strong>Status:<\/strong> edital publicado<\/li>\n\n\n\n<li><strong>Banca<\/strong>: FGV <\/li>\n\n\n\n<li><strong>Vagas:<\/strong> 11 + CR<\/li>\n\n\n\n<li><strong>Remunera\u00e7\u00e3o:<\/strong>&nbsp;R$ 37.765,53<\/li>\n\n\n\n<li><a href=\"https:\/\/cj.estrategia.com\/portal\/wp-content\/uploads\/2025\/06\/05213039\/Diario-Oficial-Eletronico-MPRJ.pdf\" target=\"_blank\" rel=\"noreferrer noopener nofollow\">Edital MP RJ Promotor 2025<\/a> \/ <a href=\"https:\/\/cj.estrategia.com\/portal\/wp-content\/uploads\/2025\/03\/25225247\/mprj.pdf\" target=\"_blank\" rel=\"noreferrer noopener nofollow\">Regulamento<\/a> \/ <a href=\"https:\/\/cj.estrategia.com\/portal\/wp-content\/uploads\/2025\/06\/06214741\/retificaao-mp-rj.pdf\" target=\"_blank\" rel=\"noreferrer noopener nofollow\">Retifica\u00e7\u00e3o<\/a><\/li>\n<\/ul>\n\n\n\n<p><\/p>\n\n\n\n<div class=\"container\" id=\"boxes\">\n  <div class=\"row\">\n\n    <div class=\"col-sm\">\n      <div class=\"banner-estrategia-concursos-juridicos\" id=\"box-assinatura\">\n        <h3 id=\"cursos-para-mp-rj-promotor\" class=\"titulo-assinatura\">Cursos para MP RJ Promotor<\/h3>\n        <p class=\"subtitulo-assinatura\">Conhe\u00e7a os cursos<\/p>\n        <div class=\"box-botao\">\n          <a class=\"btn-assinatura-juridica\" target=\"_blank\" href=\"https:\/\/cj.estrategia.com\/curso\/mp-rj-promotor-de-justica-pacote-teorico-2025-pos-edital\/\" rel=\"noopener\">Conhe\u00e7a mais<\/a>\n        <\/div>\n      <\/div>\n      <p class=\"texto-auxiliar\">Prepare-se com o melhor material e com quem mais aprova em Concursos P\u00fablicos em todo o pa\u00eds.<\/p>\n    <\/div>\n\n  <\/div>\n<\/div>\n\n\n\n<p><\/p>\n\n\n\n<div class=\"wp-block-yoast-seo-table-of-contents yoast-table-of-contents\"><h2 id=\"navegue-pelo-indice\">Navegue pelo \u00edndice:<\/h2><ul><li><a href=\"#h-concurso-mp-rj-promotor-situacao-atual\" data-level=\"2\">Concurso MP RJ Promotor: situa\u00e7\u00e3o atual<\/a><ul><li><a href=\"#h-principais-datas\" data-level=\"3\">Principais datas<\/a><\/li><\/ul><\/li><li><a href=\"#h-carreira-de-promotor-de-justica-substituto-do-estado-do-rio-de-janeiro\" data-level=\"2\">Carreira de Promotor de Justi\u00e7a Substituto do Estado do Rio de Janeiro<\/a><ul><li><a href=\"#cargos\" data-level=\"3\">Cargos, Vagas, Remunera\u00e7\u00e3o e Requisitos<\/a><\/li><\/ul><\/li><li><a href=\"#h-etapas-do-concurso-mp-rj-promotor\" data-level=\"2\">Etapas do concurso MP RJ Promotor<\/a><ul><li><a href=\"#h-prova-preambular\" data-level=\"3\">Prova preambular<\/a><\/li><li><a href=\"#h-prova-discursiva-especializada\" data-level=\"3\">Prova discursiva especializada<\/a><\/li><li><a href=\"#h-prova-oral\" data-level=\"3\">Prova oral<\/a><\/li><li><a href=\"#h-avaliacao-de-titulos\" data-level=\"3\">Avalia\u00e7\u00e3o de t\u00edtulos<\/a><\/li><li><a href=\"#h-prova-de-lingua-portuguesa\" data-level=\"3\">Prova de l\u00edngua portuguesa<\/a><\/li><\/ul><\/li><li><a href=\"#cursos\" data-level=\"2\">Quer saber tudo sobre concursos previstos? Confira nossos artigos!<\/a><\/li><li><a href=\"#curso\" data-level=\"2\">Quer estudar para o Concurso MP RJ Promotor?<\/a><\/li><\/ul><\/div>\n\n\n\n<h2 class=\"wp-block-heading\" id=\"h-concurso-mp-rj-promotor-situacao-atual\"><span id=\"concurso-mp-rj-promotor-situacao-atual\">Concurso MP RJ Promotor: situa\u00e7\u00e3o atual<\/span><\/h2>\n\n\n\n<h3 class=\"wp-block-heading has-medium-font-size\" id=\"h-principais-datas\"><span id=\"principais-datas\">Principais datas<\/span><\/h3>\n\n\n\n<p class=\"has-very-light-gray-to-cyan-bluish-gray-gradient-background has-background\"><strong>Inscri\u00e7\u00f5es:<\/strong> 09\/06 a 09\/07\/2025<br><strong>Pagamento da Taxa:<\/strong> 10\/07\/2025<br><strong>Data da prova:<\/strong> 27\/07 a 10\/08\/2025<\/p>\n\n\n\n<h2 class=\"wp-block-heading\" id=\"h-carreira-de-promotor-de-justica-substituto-do-estado-do-rio-de-janeiro\"><span id=\"carreira-de-promotor-de-justica-substituto-do-estado-do-rio-de-janeiro\">Carreira de Promotor de Justi\u00e7a Substituto do Estado do Rio de Janeiro<\/span><\/h2>\n\n\n\n<h3 class=\"wp-block-heading\" id=\"cargos\"><span id=\"cargos-vagas-remuneracao-e-requisitos\">Cargos, Vagas, Remunera\u00e7\u00e3o e Requisitos<\/span><\/h3>\n\n\n\n<figure class=\"wp-block-table is-style-stripes\"><table class=\"has-very-light-gray-to-cyan-bluish-gray-gradient-background has-background\"><thead><tr><th class=\"has-text-align-center\" data-align=\"center\">Cargos<\/th><th class=\"has-text-align-center\" data-align=\"center\">Vagas<\/th><th>Remunera\u00e7\u00e3o  <\/th><th>Requisitos<\/th><\/tr><\/thead><tbody><tr><td class=\"has-text-align-center\" data-align=\"center\">Promotor de Justi\u00e7a Substituto<\/td><td class=\"has-text-align-center\" data-align=\"center\">11<\/td><td>R$ 37.765,43<\/td><td>Bacharel em direito<br>3 anos de atividade jur\u00eddica<\/td><\/tr><\/tbody><\/table><figcaption class=\"wp-element-caption\">Detalhes da carreira<\/figcaption><\/figure>\n\n\n\n<h2 class=\"wp-block-heading\" id=\"h-etapas-do-concurso-mp-rj-promotor\"><span id=\"etapas-do-concurso-mp-rj-promotor\">Etapas do concurso MP RJ Promotor<\/span><\/h2>\n\n\n\n<ul class=\"wp-block-list\">\n<li><strong>Prova Preambular,<\/strong>&nbsp;de car\u00e1ter eliminat\u00f3rio e classificat\u00f3rio;<\/li>\n\n\n\n<li><strong>Provas Discursivas Especializadas,&nbsp;<\/strong>de car\u00e1ter eliminat\u00f3rio e classificat\u00f3rio;<\/li>\n\n\n\n<li><strong>Inscri\u00e7\u00e3o Definitiva, Investiga\u00e7\u00e3o Social&nbsp;<\/strong>e de <strong>Higidez F\u00edsica e Mental, <\/strong>todas de car\u00e1ter eliminat\u00f3rio;<\/li>\n\n\n\n<li><strong>Provas Orais,&nbsp;<\/strong>de car\u00e1ter eliminat\u00f3rio e classificat\u00f3rio;<\/li>\n\n\n\n<li><strong>Prova de T\u00edtulos<\/strong>, de car\u00e1ter classificat\u00f3rio;<\/li>\n\n\n\n<li><strong>Prova de L\u00edngua Portuguesa,&nbsp;<\/strong>de car\u00e1ter classificat\u00f3rio.<\/li>\n<\/ul>\n\n\n\n<h3 class=\"wp-block-heading\" id=\"h-prova-preambular\"><span id=\"prova-preambular\">Prova preambular<\/span><\/h3>\n\n\n\n<p>A <strong>prova preambular objetiva<\/strong> ser\u00e1 composta por <strong>100 quest\u00f5es e dura\u00e7\u00e3o de 5 horas<\/strong>. A etapa versar\u00e1 sobre as disciplinas descritas abaixo:<\/p>\n\n\n\n<ul class=\"wp-block-list\">\n<li>Direito Penal:<\/li>\n\n\n\n<li>Direito Processual Penal;<\/li>\n\n\n\n<li>Legisla\u00e7\u00e3o Penal Extravagante;<\/li>\n\n\n\n<li>Direito Civil;<\/li>\n\n\n\n<li>Direito Processual Civil:<\/li>\n\n\n\n<li>Direito Empresarial;<\/li>\n\n\n\n<li>Direito Constitucional:<\/li>\n\n\n\n<li>Direito Administrativo;<\/li>\n\n\n\n<li>Direito Eleitoral;<\/li>\n\n\n\n<li>Direito Financeiro e Tribut\u00e1rio;<\/li>\n\n\n\n<li>Direito da Inf\u00e2ncia e da Juventude;<\/li>\n\n\n\n<li>Tutela Coletiva;<\/li>\n\n\n\n<li>Princ\u00edpios Institucionais do Minist\u00e9rio P\u00fablico.<\/li>\n<\/ul>\n\n\n\n<h3 class=\"wp-block-heading\" id=\"h-prova-discursiva-especializada\"><span id=\"prova-discursiva-especializada\">Prova discursiva especializada<\/span><\/h3>\n\n\n\n<p>Os candidatos habilitados na prova objetiva ser\u00e3o submetidos a<strong> 4 provas discursivas<\/strong> com dura\u00e7\u00e3o de 5 horas e realizadas em 4 datas distintas. Os examinadores atribuir\u00e3o notas de 0 a 100 por disciplina sendo:<\/p>\n\n\n\n<figure class=\"wp-block-table is-style-stripes\"><table class=\"has-very-light-gray-to-cyan-bluish-gray-gradient-background has-background\"><thead><tr><th>Grupo<\/th><th>Disciplinas<\/th><th>Peso<\/th><\/tr><\/thead><tbody><tr><td><strong>I<\/strong><\/td><td>Direito Penal<\/td><td>5<\/td><\/tr><tr><td><\/td><td>Direito Processual Penal<\/td><td>5<\/td><\/tr><tr><td><\/td><td>Legisla\u00e7\u00e3o Penal Extravagante<\/td><td>5<\/td><\/tr><tr><td><strong>II<\/strong><\/td><td>Direito Civil<\/td><td>5<\/td><\/tr><tr><td><\/td><td>Direito Processual Civil<\/td><td>5<\/td><\/tr><tr><td><\/td><td>Direito Empresarial<\/td><td>2<\/td><\/tr><tr><td><strong>III<\/strong><\/td><td>Direito Constitucional<\/td><td>5<\/td><\/tr><tr><td><\/td><td>Direito Administrativo<\/td><td>5<\/td><\/tr><tr><td><\/td><td>Direito Eleitoral<\/td><td>2<\/td><\/tr><tr><td><\/td><td>Direito Financeiro e Tribut\u00e1rio<\/td><td>2<\/td><\/tr><tr><td><strong>IV<\/strong><\/td><td>Direito da Inf\u00e2ncia e Juventude<\/td><td>5<\/td><\/tr><tr><td><\/td><td>Tutela Coletiva<\/td><td>5<\/td><\/tr><tr><td><\/td><td>Princ\u00edpios Institucionais do Minist\u00e9rio P\u00fablico<\/td><td>3<\/td><\/tr><\/tbody><\/table><\/figure>\n\n\n\n<ul class=\"wp-block-list\">\n<li><\/li>\n<\/ul>\n\n\n\n<p>Somente ser\u00e1 permitida a consulta a textos impressos de legisla\u00e7\u00e3o que n\u00e3o hajam coment\u00e1rios ou anota\u00e7\u00f5es. Ser\u00e1 permitido o uso de texto com destaque tipo caneta marca-texto.<\/p>\n\n\n\n<h3 class=\"wp-block-heading\" id=\"h-prova-oral\"><span id=\"prova-oral\">Prova oral<\/span><\/h3>\n\n\n\n<p>Os candidatos aprovados nas etapas anteriores ser\u00e3o submetidos a <strong>4 provas orais,<\/strong> que consistir\u00e3o na argui\u00e7\u00e3o direta sobre o conte\u00fado program\u00e1tico do concurso.<\/p>\n\n\n\n<p>A banca examinadora avaliar\u00e1 o dom\u00ednio do conhecimento jur\u00eddico, a adequa\u00e7\u00e3o da linguagem, a articula\u00e7\u00e3o do racioc\u00ednio, a capacidade de argumenta\u00e7\u00e3o, a apresenta\u00e7\u00e3o pessoal e a postura do candidato.<\/p>\n\n\n\n<p>Durante a argui\u00e7\u00e3o, ser\u00e1 permitido o uso de material impresso previamente fornecido pela banca examinadora.<\/p>\n\n\n\n<p><strong>Cada candidato sortear\u00e1 um ponto do conte\u00fado program\u00e1tico, sobre o qual ser\u00e1 arguido por at\u00e9 quinze minutos.<\/strong><\/p>\n\n\n\n<p>Os examinadores atribuir\u00e3o notas de zero a cem para cada disciplina, sendo considerado habilitado o candidato que obtiver nota igual ou superior a cinquenta pontos.<\/p>\n\n\n\n<h3 class=\"wp-block-heading\" id=\"h-avaliacao-de-titulos\"><span id=\"avaliacao-de-titulos\">Avalia\u00e7\u00e3o de t\u00edtulos<\/span><\/h3>\n\n\n\n<p>Os candidatos aprovados nas etapas anteriores ser\u00e3o convocados para a prova de t\u00edtulos, considerando-se os crit\u00e9rios estabelecidos a seguir: <\/p>\n\n\n\n<figure class=\"wp-block-table is-style-stripes\"><table class=\"has-very-light-gray-to-cyan-bluish-gray-gradient-background has-background\"><thead><tr><th>T\u00edtulo<\/th><th>Valor Unit\u00e1rio (pontos)<\/th><th>Valor M\u00e1ximo (pontos)<\/th><\/tr><\/thead><tbody><tr><td>Aprova\u00e7\u00e3o em concurso p\u00fablico para carreira do MP Estadual ou da Uni\u00e3o<\/td><td>2,5<\/td><td>5<\/td><\/tr><tr><td>Exerc\u00edcio de cargo da carreira do MP Estadual ou da Uni\u00e3o, por no m\u00ednimo 2 anos<\/td><td>5<\/td><td>10<\/td><\/tr><tr><td>Aprova\u00e7\u00e3o em concurso p\u00fablico para Juiz, Defensor, Procurador, Advogado da Uni\u00e3o, etc.<\/td><td>2<\/td><td>4<\/td><\/tr><tr><td>Aprova\u00e7\u00e3o em concurso para cargo\/fun\u00e7\u00e3o privativa de bacharel em Direito<\/td><td>0,5<\/td><td>1<\/td><\/tr><tr><td>Exerc\u00edcio de magist\u00e9rio superior em disciplina da \u00e1rea jur\u00eddica, m\u00ednimo 5 anos<\/td><td>1,5<\/td><td>3<\/td><\/tr><tr><td>Conclus\u00e3o de Doutorado na \u00e1rea jur\u00eddica reconhecido ou revalidado<\/td><td>3<\/td><td>3<\/td><\/tr><tr><td>Conclus\u00e3o de Mestrado na \u00e1rea jur\u00eddica reconhecido ou revalidado<\/td><td>2<\/td><td>2<\/td><\/tr><tr><td>Cursos regulares da FESMP-RJ, AMPERJ, IE Roberto Bernardes Barroso ou institui\u00e7\u00f5es similares com m\u00ednimo 360h<\/td><td>0,5<\/td><td>1<\/td><\/tr><tr><td>Cursos de p\u00f3s-gradua\u00e7\u00e3o de aperfei\u00e7oamento ou especializa\u00e7\u00e3o (m\u00ednimo 360h)<\/td><td>0,25 ou 0,5<\/td><td>0,5<\/td><\/tr><tr><td>Publica\u00e7\u00e3o de livro de autoria exclusiva em \u00e1rea jur\u00eddica, anterior ao edital<\/td><td>0,75<\/td><td>1,5<\/td><\/tr><tr><td>Publica\u00e7\u00e3o de artigo ou trabalho em obra jur\u00eddica coletiva ou revista especializada, anterior ao edital<\/td><td>0,25<\/td><td>0,5<\/td><\/tr><\/tbody><\/table><\/figure>\n\n\n\n<p><\/p>\n\n\n\n<h3 class=\"wp-block-heading\" id=\"h-prova-de-lingua-portuguesa\"><span id=\"prova-de-lingua-portuguesa\">Prova de l\u00edngua portuguesa<\/span><\/h3>\n\n\n\n<p>A etapa ser\u00e1 destinada exclusivamente aos candidatos aprovados em todas as fases anteriores e consistir\u00e1 na elabora\u00e7\u00e3o de uma reda\u00e7\u00e3o dissertativa, com limite m\u00e1ximo de 30 linhas, sobre tema que ser\u00e1 divulgado apenas no momento da prova.<\/p>\n\n\n\n<p>O tempo dispon\u00edvel para a realiza\u00e7\u00e3o da reda\u00e7\u00e3o ser\u00e1 de 1 hora, e a avalia\u00e7\u00e3o ser\u00e1 expressa em nota de 0 a 100 pontos.<\/p>\n\n\n\n<p class=\"has-text-align-center\"><em>Fique por dentro de todas as atualiza\u00e7\u00f5es do concurso MP RJ Promotor al\u00e9m do edital publicado:<\/em><\/p>\n\n\n\n<p class=\"has-text-align-center is-style-cnvs-paragraph-callout has-luminous-vivid-amber-background-color has-background\"><a href=\"https:\/\/cj.estrategia.com\/portal\/concurso-mp-rj-promotor\/\" target=\"_blank\" rel=\"noreferrer noopener nofollow\"><strong>Concurso MP RJ Promotor<\/strong><\/a><\/p>\n\n\n\n<h2 class=\"wp-block-heading has-text-align-center\" id=\"cursos\"><span id=\"quer-saber-tudo-sobre-concursos-previstosconfira-nossos-artigos\">Quer saber tudo sobre concursos previstos?<br><strong>Confira nossos artigos!<\/strong><\/span><\/h2>\n\n\n\n<ul class=\"wp-block-list\">\n<li><a href=\"https:\/\/cj.estrategia.com\/portal\/concursos-abertos-carreiras-juridicas\/\">Concursos jur\u00eddicos abertos<\/a><\/li>\n\n\n\n<li><a href=\"https:\/\/cj.estrategia.com\/portal\/concursos-2025-carreiras-juridicas\/\">Concursos jur\u00eddicos 2025<\/a><\/li>\n<\/ul>\n\n\n\n<h2 class=\"wp-block-heading has-text-align-center\" id=\"curso\"><span id=\"quer-estudar-para-o-concurso-mp-rj-promotor\">Quer estudar para o Concurso MP RJ Promotor?<\/span><\/h2>\n\n\n\n<p><\/p>\n\n\n\n<div class=\"container\" id=\"boxes\">\n  <div class=\"row\">\n\n    <div class=\"col-sm\">\n      <div class=\"banner-estrategia-concursos-juridicos\" id=\"box-assinatura\">\n        <h3 id=\"cursos-para-mp-rj-promotor-2\" class=\"titulo-assinatura\">Cursos para MP RJ Promotor<\/h3>\n        <p class=\"subtitulo-assinatura\">Conhe\u00e7a os cursos<\/p>\n        <div class=\"box-botao\">\n          <a class=\"btn-assinatura-juridica\" target=\"_blank\" href=\"https:\/\/cj.estrategia.com\/curso\/mp-rj-promotor-de-justica-pacote-teorico-2025-pos-edital\/\" rel=\"noopener\">Conhe\u00e7a mais<\/a>\n        <\/div>\n      <\/div>\n      <p class=\"texto-auxiliar\">Prepare-se com o melhor material e com quem mais aprova em Concursos P\u00fablicos em todo o pa\u00eds.<\/p>\n    <\/div>\n\n  <\/div>\n<\/div>\n\n\n\n<p><\/p>\n\n\n\n<div class=\"wp-block-cover\" style=\"min-height:155px;aspect-ratio:unset;\"><img decoding=\"async\" width=\"1890\" height=\"351\" class=\"wp-block-cover__image-background wp-image-8669\" alt=\"Assinaturas Jur\u00eddicas\" src=\"https:\/\/cj.estrategia.com\/portal\/wp-content\/uploads\/2022\/06\/20151253\/concurso-carreiras-juridicas-assinatura-juridica.jpg\" style=\"object-position:78% 43%\" data-object-fit=\"cover\" data-object-position=\"78% 43%\" srcset=\"https:\/\/cj.estrategia.com\/portal\/wp-content\/uploads\/2022\/06\/20151253\/concurso-carreiras-juridicas-assinatura-juridica.jpg 1890w, https:\/\/cj.estrategia.com\/portal\/wp-content\/uploads\/2022\/06\/20151253\/concurso-carreiras-juridicas-assinatura-juridica-300x56.jpg 300w, https:\/\/cj.estrategia.com\/portal\/wp-content\/uploads\/2022\/06\/20151253\/concurso-carreiras-juridicas-assinatura-juridica-1024x190.jpg 1024w, https:\/\/cj.estrategia.com\/portal\/wp-content\/uploads\/2022\/06\/20151253\/concurso-carreiras-juridicas-assinatura-juridica-768x143.jpg 768w, https:\/\/cj.estrategia.com\/portal\/wp-content\/uploads\/2022\/06\/20151253\/concurso-carreiras-juridicas-assinatura-juridica-1536x285.jpg 1536w, https:\/\/cj.estrategia.com\/portal\/wp-content\/uploads\/2022\/06\/20151253\/concurso-carreiras-juridicas-assinatura-juridica-380x71.jpg 380w, https:\/\/cj.estrategia.com\/portal\/wp-content\/uploads\/2022\/06\/20151253\/concurso-carreiras-juridicas-assinatura-juridica-800x149.jpg 800w, https:\/\/cj.estrategia.com\/portal\/wp-content\/uploads\/2022\/06\/20151253\/concurso-carreiras-juridicas-assinatura-juridica-1160x215.jpg 1160w\" sizes=\"(max-width: 1890px) 100vw, 1890px\" \/><span aria-hidden=\"true\" class=\"wp-block-cover__background has-background-dim\"><\/span><div class=\"wp-block-cover__inner-container is-layout-flow wp-block-cover-is-layout-flow\">\n<h3 id=\"faca-a-sua-assinatura\" class=\"titulo-assinatura\"><span style=\"color: #ffffff;\">Fa\u00e7a a sua assinatura!<\/span><\/h3>\n<p class=\"subtitulo-assinatura\" style=\"display:block!important; line-height: 0;\"><span style=\"color: #ffffff;\">Escolha a sua \u00e1rea.<\/span><\/p>\n<a target=\"_blank\" href=\"https:\/\/www.estrategiaconcursos.com.br\/assinaturas-ecj\/\" rel=\"noopener\"><button style=\"border-radius: 10px; text-transform: capitalize;\">Acessar<\/button><\/a>\n<\/div><\/div>\n\n\n\n<figure class=\"wp-block-image size-large is-resized\"><img decoding=\"async\" src=\"https:\/\/dhg1h5j42swfq.cloudfront.net\/2021\/04\/19202624\/ficha-tecnica-1-1024x632-1-3.png\" alt=\"Ficha t\u00e9cnica do concurso MP RJ Promotor\" class=\"wp-image-717343\" style=\"width:246px;height:152px\"\/><\/figure>\n\n\n\n<h4 class=\"wp-block-heading\" id=\"ficha\"><span id=\"informacoes-do-concurso-mp-rj-promotor\">Informa\u00e7\u00f5es do Concurso MP RJ Promotor<\/span><\/h4>\n\n\n\n<ul class=\"wp-block-list\">\n<li><span style=\"color: #000000;\"><strong>Data das provas:<\/strong><\/span> 27\/07 e 10\/08\/2025<\/li>\n<\/ul>\n\n\n\n<ul class=\"wp-block-list\">\n<li><span style=\"color: #000000;\"><strong>Vagas:<\/strong><\/span> 11<\/li>\n<\/ul>\n\n\n\n<ul class=\"wp-block-list\">\n<li><strong><span style=\"color: #000000;\">Cargo:<\/span> <\/strong>Promotor de Justi\u00e7a Substituto<\/li>\n<\/ul>\n\n\n\n<ul class=\"wp-block-list\">\n<li><span style=\"color: #000000;\"><strong>Banca:<\/strong> <\/span>FGV<\/li>\n<\/ul>\n\n\n\n<ul class=\"wp-block-list\">\n<li><span style=\"color: #000000;\"><strong>Escolaridade: <\/strong><\/span>forma\u00e7\u00e3o em Direito + 3 anos de atividade jur\u00eddica<\/li>\n\n\n\n<li><a href=\"https:\/\/cj.estrategia.com\/portal\/wp-content\/uploads\/2025\/06\/05213039\/Diario-Oficial-Eletronico-MPRJ.pdf\" target=\"_blank\" rel=\"noreferrer noopener nofollow\">Edital MP RJ Promotor 2025<\/a><\/li>\n<\/ul>\n","protected":false},"excerpt":{"rendered":"A Procuradoria-Geral de Justi\u00e7a do Rio de Janeiro, publicou o edital de concurso p\u00fablico com oferta de&nbsp;11 vagas&hellip;\n","protected":false},"author":12,"featured_media":20824,"comment_status":"open","ping_status":"open","sticky":false,"template":"","format":"standard","meta":{"_jetpack_memberships_contains_paid_content":false,"footnotes":""},"categories":[25],"tags":[],"tax_estado":[49],"class_list":{"0":"post-52499","1":"post","2":"type-post","3":"status-publish","4":"format-standard","5":"has-post-thumbnail","7":"category-promotoria","8":"tax_estado-rj"},"acf":[],"yoast_head":"<!-- This site is optimized with the Yoast SEO Premium plugin v27.4 (Yoast SEO v27.4) - https:\/\/yoast.com\/product\/yoast-seo-premium-wordpress\/ -->\n<title>Edital MP RJ Promotor: PUBLICADO; 11 vagas!<\/title>\n<meta name=\"description\" content=\"Acabou a espera! O Edital MP RJ Promotor foi oficialmente publicado, a sele\u00e7\u00e3o oferta 11 vagas e iniciais de R$ 37,7 mil!\" \/>\n<meta name=\"robots\" content=\"index, follow, max-snippet:-1, max-image-preview:large, max-video-preview:-1\" \/>\n<link rel=\"canonical\" href=\"https:\/\/cj.estrategia.com\/portal\/edital-mp-rj-promotor-2025\/\" \/>\n<meta property=\"og:locale\" content=\"pt_BR\" \/>\n<meta property=\"og:type\" content=\"article\" \/>\n<meta property=\"og:title\" content=\"Edital MP RJ Promotor: PUBLICADO; 11 vagas!\" \/>\n<meta property=\"og:description\" content=\"Acabou a espera! O Edital MP RJ Promotor foi oficialmente publicado, a sele\u00e7\u00e3o oferta 11 vagas e iniciais de R$ 37,7 mil!\" \/>\n<meta property=\"og:url\" content=\"https:\/\/cj.estrategia.com\/portal\/edital-mp-rj-promotor-2025\/\" \/>\n<meta property=\"og:site_name\" content=\"Blog - Carreiras Jur\u00eddicas - Estrat\u00e9gia\" \/>\n<meta property=\"article:publisher\" content=\"https:\/\/www.facebook.com\/estrategiacarreirajuridica\/\" \/>\n<meta property=\"article:published_time\" content=\"2025-06-06T00:51:09+00:00\" \/>\n<meta property=\"article:modified_time\" content=\"2025-06-07T00:48:47+00:00\" \/>\n<meta property=\"og:image\" content=\"https:\/\/cj.estrategia.com\/portal\/wp-content\/uploads\/2022\/09\/04105218\/MP-RJ-PROMOTOR.jpg\" \/>\n\t<meta property=\"og:image:width\" content=\"768\" \/>\n\t<meta property=\"og:image:height\" content=\"432\" \/>\n\t<meta property=\"og:image:type\" content=\"image\/jpeg\" \/>\n<meta name=\"author\" content=\"Coordena\u00e7\u00e3o\" \/>\n<meta name=\"twitter:card\" content=\"summary_large_image\" \/>\n<meta name=\"twitter:creator\" content=\"@EstratJuridica\" \/>\n<meta name=\"twitter:site\" content=\"@EstratJuridica\" \/>\n<meta name=\"twitter:label1\" content=\"Escrito por\" \/>\n\t<meta name=\"twitter:data1\" content=\"Coordena\u00e7\u00e3o\" \/>\n\t<meta name=\"twitter:label2\" content=\"Est. tempo de leitura\" \/>\n\t<meta name=\"twitter:data2\" content=\"6 minutos\" \/>\n<script type=\"application\/ld+json\" class=\"yoast-schema-graph\">{\"@context\":\"https:\\\/\\\/schema.org\",\"@graph\":[{\"@type\":\"NewsArticle\",\"@id\":\"https:\\\/\\\/cj.estrategia.com\\\/portal\\\/edital-mp-rj-promotor-2025\\\/#article\",\"isPartOf\":{\"@id\":\"https:\\\/\\\/cj.estrategia.com\\\/portal\\\/edital-mp-rj-promotor-2025\\\/\"},\"author\":{\"name\":\"Coordena\u00e7\u00e3o\",\"@id\":\"https:\\\/\\\/cj.estrategia.com\\\/portal\\\/#\\\/schema\\\/person\\\/4d70317d31449932b99102916b6637f5\"},\"headline\":\"Edital MP RJ Promotor: PUBLICADO; 11 vagas!\",\"datePublished\":\"2025-06-06T00:51:09+00:00\",\"dateModified\":\"2025-06-07T00:48:47+00:00\",\"mainEntityOfPage\":{\"@id\":\"https:\\\/\\\/cj.estrategia.com\\\/portal\\\/edital-mp-rj-promotor-2025\\\/\"},\"wordCount\":1087,\"commentCount\":0,\"publisher\":{\"@id\":\"https:\\\/\\\/cj.estrategia.com\\\/portal\\\/#organization\"},\"image\":{\"@id\":\"https:\\\/\\\/cj.estrategia.com\\\/portal\\\/edital-mp-rj-promotor-2025\\\/#primaryimage\"},\"thumbnailUrl\":\"https:\\\/\\\/cj.estrategia.com\\\/portal\\\/wp-content\\\/uploads\\\/2022\\\/09\\\/04105218\\\/MP-RJ-PROMOTOR.jpg\",\"articleSection\":[\"Promotoria\"],\"inLanguage\":\"pt-BR\",\"potentialAction\":[{\"@type\":\"CommentAction\",\"name\":\"Comment\",\"target\":[\"https:\\\/\\\/cj.estrategia.com\\\/portal\\\/edital-mp-rj-promotor-2025\\\/#respond\"]}],\"accessibilityFeature\":[\"tableOfContents\"]},{\"@type\":\"WebPage\",\"@id\":\"https:\\\/\\\/cj.estrategia.com\\\/portal\\\/edital-mp-rj-promotor-2025\\\/\",\"url\":\"https:\\\/\\\/cj.estrategia.com\\\/portal\\\/edital-mp-rj-promotor-2025\\\/\",\"name\":\"Edital MP RJ Promotor: PUBLICADO; 11 vagas!\",\"isPartOf\":{\"@id\":\"https:\\\/\\\/cj.estrategia.com\\\/portal\\\/#website\"},\"primaryImageOfPage\":{\"@id\":\"https:\\\/\\\/cj.estrategia.com\\\/portal\\\/edital-mp-rj-promotor-2025\\\/#primaryimage\"},\"image\":{\"@id\":\"https:\\\/\\\/cj.estrategia.com\\\/portal\\\/edital-mp-rj-promotor-2025\\\/#primaryimage\"},\"thumbnailUrl\":\"https:\\\/\\\/cj.estrategia.com\\\/portal\\\/wp-content\\\/uploads\\\/2022\\\/09\\\/04105218\\\/MP-RJ-PROMOTOR.jpg\",\"datePublished\":\"2025-06-06T00:51:09+00:00\",\"dateModified\":\"2025-06-07T00:48:47+00:00\",\"description\":\"Acabou a espera! O Edital MP RJ Promotor foi oficialmente publicado, a sele\u00e7\u00e3o oferta 11 vagas e iniciais de R$ 37,7 mil!\",\"breadcrumb\":{\"@id\":\"https:\\\/\\\/cj.estrategia.com\\\/portal\\\/edital-mp-rj-promotor-2025\\\/#breadcrumb\"},\"inLanguage\":\"pt-BR\",\"potentialAction\":[{\"@type\":\"ReadAction\",\"target\":[\"https:\\\/\\\/cj.estrategia.com\\\/portal\\\/edital-mp-rj-promotor-2025\\\/\"]}]},{\"@type\":\"ImageObject\",\"inLanguage\":\"pt-BR\",\"@id\":\"https:\\\/\\\/cj.estrategia.com\\\/portal\\\/edital-mp-rj-promotor-2025\\\/#primaryimage\",\"url\":\"https:\\\/\\\/cj.estrategia.com\\\/portal\\\/wp-content\\\/uploads\\\/2022\\\/09\\\/04105218\\\/MP-RJ-PROMOTOR.jpg\",\"contentUrl\":\"https:\\\/\\\/cj.estrategia.com\\\/portal\\\/wp-content\\\/uploads\\\/2022\\\/09\\\/04105218\\\/MP-RJ-PROMOTOR.jpg\",\"width\":768,\"height\":432,\"caption\":\"Concurso MP RJ Promotor\"},{\"@type\":\"BreadcrumbList\",\"@id\":\"https:\\\/\\\/cj.estrategia.com\\\/portal\\\/edital-mp-rj-promotor-2025\\\/#breadcrumb\",\"itemListElement\":[{\"@type\":\"ListItem\",\"position\":1,\"name\":\"In\u00edcio\",\"item\":\"https:\\\/\\\/cj.estrategia.com\\\/portal\\\/\"},{\"@type\":\"ListItem\",\"position\":2,\"name\":\"Edital MP RJ Promotor: PUBLICADO; 11 vagas!\"}]},{\"@type\":\"WebSite\",\"@id\":\"https:\\\/\\\/cj.estrategia.com\\\/portal\\\/#website\",\"url\":\"https:\\\/\\\/cj.estrategia.com\\\/portal\\\/\",\"name\":\"Blog - Carreiras Jur\u00eddicas - Estrat\u00e9gia\",\"description\":\"\",\"publisher\":{\"@id\":\"https:\\\/\\\/cj.estrategia.com\\\/portal\\\/#organization\"},\"potentialAction\":[{\"@type\":\"SearchAction\",\"target\":{\"@type\":\"EntryPoint\",\"urlTemplate\":\"https:\\\/\\\/cj.estrategia.com\\\/portal\\\/?s={search_term_string}\"},\"query-input\":{\"@type\":\"PropertyValueSpecification\",\"valueRequired\":true,\"valueName\":\"search_term_string\"}}],\"inLanguage\":\"pt-BR\"},{\"@type\":\"Organization\",\"@id\":\"https:\\\/\\\/cj.estrategia.com\\\/portal\\\/#organization\",\"name\":\"Estrat\u00e9gia - Carreiras Jur\u00eddicas\",\"url\":\"https:\\\/\\\/cj.estrategia.com\\\/portal\\\/\",\"logo\":{\"@type\":\"ImageObject\",\"inLanguage\":\"pt-BR\",\"@id\":\"https:\\\/\\\/cj.estrategia.com\\\/portal\\\/#\\\/schema\\\/logo\\\/image\\\/\",\"url\":\"https:\\\/\\\/cj.estrategia.com\\\/portal\\\/wp-content\\\/uploads\\\/2022\\\/03\\\/11151052\\\/cj-logo.png\",\"contentUrl\":\"https:\\\/\\\/cj.estrategia.com\\\/portal\\\/wp-content\\\/uploads\\\/2022\\\/03\\\/11151052\\\/cj-logo.png\",\"width\":150,\"height\":39,\"caption\":\"Estrat\u00e9gia - Carreiras Jur\u00eddicas\"},\"image\":{\"@id\":\"https:\\\/\\\/cj.estrategia.com\\\/portal\\\/#\\\/schema\\\/logo\\\/image\\\/\"},\"sameAs\":[\"https:\\\/\\\/www.facebook.com\\\/estrategiacarreirajuridica\\\/\",\"https:\\\/\\\/x.com\\\/EstratJuridica\",\"https:\\\/\\\/www.instagram.com\\\/estrategiacarreirajuridica\\\/\",\"https:\\\/\\\/www.youtube.com\\\/channel\\\/UClbMGuYbj2Mh1m3w144ETWQ\"]},{\"@type\":\"Person\",\"@id\":\"https:\\\/\\\/cj.estrategia.com\\\/portal\\\/#\\\/schema\\\/person\\\/4d70317d31449932b99102916b6637f5\",\"name\":\"Coordena\u00e7\u00e3o\",\"image\":{\"@type\":\"ImageObject\",\"inLanguage\":\"pt-BR\",\"@id\":\"https:\\\/\\\/cj.estrategia.com\\\/portal\\\/wp-content\\\/uploads\\\/2022\\\/05\\\/12164923\\\/estrategia-carreira-juridica-coordenacao-96x96.png\",\"url\":\"https:\\\/\\\/cj.estrategia.com\\\/portal\\\/wp-content\\\/uploads\\\/2022\\\/05\\\/12164923\\\/estrategia-carreira-juridica-coordenacao-96x96.png\",\"contentUrl\":\"https:\\\/\\\/cj.estrategia.com\\\/portal\\\/wp-content\\\/uploads\\\/2022\\\/05\\\/12164923\\\/estrategia-carreira-juridica-coordenacao-96x96.png\",\"caption\":\"Coordena\u00e7\u00e3o\"},\"url\":\"https:\\\/\\\/cj.estrategia.com\\\/portal\\\/author\\\/coordenacao\\\/\"}]}<\/script>\n<!-- \/ Yoast SEO Premium plugin. -->","yoast_head_json":{"title":"Edital MP RJ Promotor: PUBLICADO; 11 vagas!","description":"Acabou a espera! O Edital MP RJ Promotor foi oficialmente publicado, a sele\u00e7\u00e3o oferta 11 vagas e iniciais de R$ 37,7 mil!","robots":{"index":"index","follow":"follow","max-snippet":"max-snippet:-1","max-image-preview":"max-image-preview:large","max-video-preview":"max-video-preview:-1"},"canonical":"https:\/\/cj.estrategia.com\/portal\/edital-mp-rj-promotor-2025\/","og_locale":"pt_BR","og_type":"article","og_title":"Edital MP RJ Promotor: PUBLICADO; 11 vagas!","og_description":"Acabou a espera! O Edital MP RJ Promotor foi oficialmente publicado, a sele\u00e7\u00e3o oferta 11 vagas e iniciais de R$ 37,7 mil!","og_url":"https:\/\/cj.estrategia.com\/portal\/edital-mp-rj-promotor-2025\/","og_site_name":"Blog - Carreiras Jur\u00eddicas - Estrat\u00e9gia","article_publisher":"https:\/\/www.facebook.com\/estrategiacarreirajuridica\/","article_published_time":"2025-06-06T00:51:09+00:00","article_modified_time":"2025-06-07T00:48:47+00:00","og_image":[{"width":768,"height":432,"url":"https:\/\/cj.estrategia.com\/portal\/wp-content\/uploads\/2022\/09\/04105218\/MP-RJ-PROMOTOR.jpg","type":"image\/jpeg"}],"author":"Coordena\u00e7\u00e3o","twitter_card":"summary_large_image","twitter_creator":"@EstratJuridica","twitter_site":"@EstratJuridica","twitter_misc":{"Escrito por":"Coordena\u00e7\u00e3o","Est. tempo de leitura":"6 minutos"},"schema":{"@context":"https:\/\/schema.org","@graph":[{"@type":"NewsArticle","@id":"https:\/\/cj.estrategia.com\/portal\/edital-mp-rj-promotor-2025\/#article","isPartOf":{"@id":"https:\/\/cj.estrategia.com\/portal\/edital-mp-rj-promotor-2025\/"},"author":{"name":"Coordena\u00e7\u00e3o","@id":"https:\/\/cj.estrategia.com\/portal\/#\/schema\/person\/4d70317d31449932b99102916b6637f5"},"headline":"Edital MP RJ Promotor: PUBLICADO; 11 vagas!","datePublished":"2025-06-06T00:51:09+00:00","dateModified":"2025-06-07T00:48:47+00:00","mainEntityOfPage":{"@id":"https:\/\/cj.estrategia.com\/portal\/edital-mp-rj-promotor-2025\/"},"wordCount":1087,"commentCount":0,"publisher":{"@id":"https:\/\/cj.estrategia.com\/portal\/#organization"},"image":{"@id":"https:\/\/cj.estrategia.com\/portal\/edital-mp-rj-promotor-2025\/#primaryimage"},"thumbnailUrl":"https:\/\/cj.estrategia.com\/portal\/wp-content\/uploads\/2022\/09\/04105218\/MP-RJ-PROMOTOR.jpg","articleSection":["Promotoria"],"inLanguage":"pt-BR","potentialAction":[{"@type":"CommentAction","name":"Comment","target":["https:\/\/cj.estrategia.com\/portal\/edital-mp-rj-promotor-2025\/#respond"]}],"accessibilityFeature":["tableOfContents"]},{"@type":"WebPage","@id":"https:\/\/cj.estrategia.com\/portal\/edital-mp-rj-promotor-2025\/","url":"https:\/\/cj.estrategia.com\/portal\/edital-mp-rj-promotor-2025\/","name":"Edital MP RJ Promotor: PUBLICADO; 11 vagas!","isPartOf":{"@id":"https:\/\/cj.estrategia.com\/portal\/#website"},"primaryImageOfPage":{"@id":"https:\/\/cj.estrategia.com\/portal\/edital-mp-rj-promotor-2025\/#primaryimage"},"image":{"@id":"https:\/\/cj.estrategia.com\/portal\/edital-mp-rj-promotor-2025\/#primaryimage"},"thumbnailUrl":"https:\/\/cj.estrategia.com\/portal\/wp-content\/uploads\/2022\/09\/04105218\/MP-RJ-PROMOTOR.jpg","datePublished":"2025-06-06T00:51:09+00:00","dateModified":"2025-06-07T00:48:47+00:00","description":"Acabou a espera! O Edital MP RJ Promotor foi oficialmente publicado, a sele\u00e7\u00e3o oferta 11 vagas e iniciais de R$ 37,7 mil!","breadcrumb":{"@id":"https:\/\/cj.estrategia.com\/portal\/edital-mp-rj-promotor-2025\/#breadcrumb"},"inLanguage":"pt-BR","potentialAction":[{"@type":"ReadAction","target":["https:\/\/cj.estrategia.com\/portal\/edital-mp-rj-promotor-2025\/"]}]},{"@type":"ImageObject","inLanguage":"pt-BR","@id":"https:\/\/cj.estrategia.com\/portal\/edital-mp-rj-promotor-2025\/#primaryimage","url":"https:\/\/cj.estrategia.com\/portal\/wp-content\/uploads\/2022\/09\/04105218\/MP-RJ-PROMOTOR.jpg","contentUrl":"https:\/\/cj.estrategia.com\/portal\/wp-content\/uploads\/2022\/09\/04105218\/MP-RJ-PROMOTOR.jpg","width":768,"height":432,"caption":"Concurso MP RJ Promotor"},{"@type":"BreadcrumbList","@id":"https:\/\/cj.estrategia.com\/portal\/edital-mp-rj-promotor-2025\/#breadcrumb","itemListElement":[{"@type":"ListItem","position":1,"name":"In\u00edcio","item":"https:\/\/cj.estrategia.com\/portal\/"},{"@type":"ListItem","position":2,"name":"Edital MP RJ Promotor: PUBLICADO; 11 vagas!"}]},{"@type":"WebSite","@id":"https:\/\/cj.estrategia.com\/portal\/#website","url":"https:\/\/cj.estrategia.com\/portal\/","name":"Blog - Carreiras Jur\u00eddicas - Estrat\u00e9gia","description":"","publisher":{"@id":"https:\/\/cj.estrategia.com\/portal\/#organization"},"potentialAction":[{"@type":"SearchAction","target":{"@type":"EntryPoint","urlTemplate":"https:\/\/cj.estrategia.com\/portal\/?s={search_term_string}"},"query-input":{"@type":"PropertyValueSpecification","valueRequired":true,"valueName":"search_term_string"}}],"inLanguage":"pt-BR"},{"@type":"Organization","@id":"https:\/\/cj.estrategia.com\/portal\/#organization","name":"Estrat\u00e9gia - Carreiras Jur\u00eddicas","url":"https:\/\/cj.estrategia.com\/portal\/","logo":{"@type":"ImageObject","inLanguage":"pt-BR","@id":"https:\/\/cj.estrategia.com\/portal\/#\/schema\/logo\/image\/","url":"https:\/\/cj.estrategia.com\/portal\/wp-content\/uploads\/2022\/03\/11151052\/cj-logo.png","contentUrl":"https:\/\/cj.estrategia.com\/portal\/wp-content\/uploads\/2022\/03\/11151052\/cj-logo.png","width":150,"height":39,"caption":"Estrat\u00e9gia - Carreiras Jur\u00eddicas"},"image":{"@id":"https:\/\/cj.estrategia.com\/portal\/#\/schema\/logo\/image\/"},"sameAs":["https:\/\/www.facebook.com\/estrategiacarreirajuridica\/","https:\/\/x.com\/EstratJuridica","https:\/\/www.instagram.com\/estrategiacarreirajuridica\/","https:\/\/www.youtube.com\/channel\/UClbMGuYbj2Mh1m3w144ETWQ"]},{"@type":"Person","@id":"https:\/\/cj.estrategia.com\/portal\/#\/schema\/person\/4d70317d31449932b99102916b6637f5","name":"Coordena\u00e7\u00e3o","image":{"@type":"ImageObject","inLanguage":"pt-BR","@id":"https:\/\/cj.estrategia.com\/portal\/wp-content\/uploads\/2022\/05\/12164923\/estrategia-carreira-juridica-coordenacao-96x96.png","url":"https:\/\/cj.estrategia.com\/portal\/wp-content\/uploads\/2022\/05\/12164923\/estrategia-carreira-juridica-coordenacao-96x96.png","contentUrl":"https:\/\/cj.estrategia.com\/portal\/wp-content\/uploads\/2022\/05\/12164923\/estrategia-carreira-juridica-coordenacao-96x96.png","caption":"Coordena\u00e7\u00e3o"},"url":"https:\/\/cj.estrategia.com\/portal\/author\/coordenacao\/"}]}},"jetpack_featured_media_url":"https:\/\/cj.estrategia.com\/portal\/wp-content\/uploads\/2022\/09\/04105218\/MP-RJ-PROMOTOR.jpg","jetpack_sharing_enabled":true,"_links":{"self":[{"href":"https:\/\/cj.estrategia.com\/portal\/wp-json\/wp\/v2\/posts\/52499","targetHints":{"allow":["GET"]}}],"collection":[{"href":"https:\/\/cj.estrategia.com\/portal\/wp-json\/wp\/v2\/posts"}],"about":[{"href":"https:\/\/cj.estrategia.com\/portal\/wp-json\/wp\/v2\/types\/post"}],"author":[{"embeddable":true,"href":"https:\/\/cj.estrategia.com\/portal\/wp-json\/wp\/v2\/users\/12"}],"replies":[{"embeddable":true,"href":"https:\/\/cj.estrategia.com\/portal\/wp-json\/wp\/v2\/comments?post=52499"}],"version-history":[{"count":43,"href":"https:\/\/cj.estrategia.com\/portal\/wp-json\/wp\/v2\/posts\/52499\/revisions"}],"predecessor-version":[{"id":126828,"href":"https:\/\/cj.estrategia.com\/portal\/wp-json\/wp\/v2\/posts\/52499\/revisions\/126828"}],"wp:featuredmedia":[{"embeddable":true,"href":"https:\/\/cj.estrategia.com\/portal\/wp-json\/wp\/v2\/media\/20824"}],"wp:attachment":[{"href":"https:\/\/cj.estrategia.com\/portal\/wp-json\/wp\/v2\/media?parent=52499"}],"wp:term":[{"taxonomy":"category","embeddable":true,"href":"https:\/\/cj.estrategia.com\/portal\/wp-json\/wp\/v2\/categories?post=52499"},{"taxonomy":"post_tag","embeddable":true,"href":"https:\/\/cj.estrategia.com\/portal\/wp-json\/wp\/v2\/tags?post=52499"},{"taxonomy":"tax_estado","embeddable":true,"href":"https:\/\/cj.estrategia.com\/portal\/wp-json\/wp\/v2\/tax_estado?post=52499"}],"curies":[{"name":"wp","href":"https:\/\/api.w.org\/{rel}","templated":true}]}}