{"id":52412,"date":"2023-12-18T21:28:02","date_gmt":"2023-12-19T00:28:02","guid":{"rendered":"https:\/\/cj.estrategia.com\/portal\/?p=52412"},"modified":"2023-12-18T21:28:05","modified_gmt":"2023-12-19T00:28:05","slug":"prova-comentada-direitos-humanos-magistratura-go","status":"publish","type":"post","link":"https:\/\/cj.estrategia.com\/portal\/prova-comentada-direitos-humanos-magistratura-go\/","title":{"rendered":"Prova comentada Direitos Humanos Magistratura GO"},"content":{"rendered":"\n<p>Ol\u00e1, pessoal, tudo certo?!<\/p>\n\n\n\n<p>Em 17\/12\/2023, foi aplicada a prova objetiva do concurso p\u00fablico para <strong>Juiz Substituto do TJ-GO<\/strong>. Assim que disponibilizados o caderno de provas e gabarito, nosso time de professores analisou cada uma das quest\u00f5es, que, agora, ser\u00e3o apresentadas em nossa <strong>PROVA COMENTADA<\/strong>.<\/p>\n\n\n\n<p>Este material visa a auxili\u00e1-los na aferi\u00e7\u00e3o das notas, elabora\u00e7\u00e3o de eventuais recursos, verifica\u00e7\u00e3o das chances de avan\u00e7o para fase discursiva, bem como na revis\u00e3o do conte\u00fado cobrado no certame.<\/p>\n\n\n\n<p>Desde j\u00e1, destacamos que nosso time de professores identificou <em><strong>3 quest\u00f5es pass\u00edveis de recurso<\/strong><\/em>, por apresentarem duas ou nenhuma alternativa correta, como veremos adiante. No tipo de prova comentado, trata-se das quest\u00f5es <strong><em>12, 48 E 76.<\/em><\/strong><\/p>\n\n\n\n<p>De modo complementar, elaboramos tamb\u00e9m o <strong><a href=\"https:\/\/cj.estrategia.com\/cadernos-e-simulados\/simulados\/da111200-d7f4-4ca9-be26-b9a830ffc267\">RANKING de Juiz Substituto do TJ-GO<\/a><\/strong>, em que nossos alunos e seguidores poder\u00e3o inserir suas respostas \u00e0 prova, e, ao final, aferir sua nota, de acordo com o gabarito elaborado por nossos professores. Atrav\u00e9s do ranking, tamb\u00e9m poderemos estimar a nota de corte da 1\u00ba fase. <\/p>\n\n\n\n<p>Al\u00e9m disso, montamos um caderno para nossos seguidores, alunos ou n\u00e3o, verem os coment\u00e1rios e comentar as quest\u00f5es da prova: <a href=\"https:\/\/cj.estrategia.com\/cadernos-e-simulados\/cadernos\/f85a16ec-40ca-454f-8418-6b829bf9615f\">Confira AQUI!<\/a><\/p>\n\n\n\n<p>Por fim, comentamos a prova, as quest\u00f5es mais pol\u00eamicas, as possibilidades de recurso, bem como a estimativa da nota de corte no nosso canal do Youtube. Inscreva-se e ative as notifica\u00e7\u00f5es! <a href=\"https:\/\/www.youtube.com\/@EstrategiaCarreiraJuridica\"><strong>Estrat\u00e9gia Carreira Jur\u00eddica \u2013 YouTube<\/strong><\/a><\/p>\n\n\n\n<p class=\"has-text-align-center has-pale-ocean-gradient-background has-background\"><strong>Clique <a href=\"https:\/\/cj.estrategia.com\/portal\/gabarito-extraoficial-magistratura-go\/\">AQUI<\/a> e confira as provas comentadas de todas as disciplinas desta sele\u00e7\u00e3o!<\/strong><\/p>\n\n\n\n<h2 class=\"wp-block-heading has-vivid-red-color has-text-color has-link-color wp-elements-e08d5316040741dcaa44f3e6c3a53a7a\" id=\"h-prova-comentada-direitos-humanos\"><span id=\"prova-comentada-direitos-humanos\">Prova Comentada Direitos Humanos<\/span><\/h2>\n\n\n\n<p><strong>QUEST\u00c3O 99. Suponha que foi constatada uma situa\u00e7\u00e3o de trabalho an\u00e1logo \u00e0 de escravo numa fazenda (propriedade privada) situada em determinado Munic\u00edpio do Estado de Goi\u00e1s. Isso violaria, dentre outras normas, a Conven\u00e7\u00e3o Americana sobre Direitos Humanos.<\/strong><\/p>\n\n\n\n<p><strong>Diante de tal situa\u00e7\u00e3o, a obriga\u00e7\u00e3o de cumprir as disposi\u00e7\u00f5es da referida Conven\u00e7\u00e3o, fazer cessar a viola\u00e7\u00e3o e assumir as responsabilidades perante os \u00f3rg\u00e3os competentes do Sistema Interamericano de Direitos Humanos cabe:<\/strong><\/p>\n\n\n\n<p><strong>a) ao propriet\u00e1rio da fazenda onde ocorreu a viola\u00e7\u00e3o;<\/strong><\/p>\n\n\n\n<p><strong>b) ao governo municipal onde est\u00e1 situada a fazenda;<\/strong><\/p>\n\n\n\n<p><strong>c) ao governo do Estado de Goi\u00e1s;<\/strong><\/p>\n\n\n\n<p><strong>d) ao governo nacional do Brasil;<\/strong><\/p>\n\n\n\n<p><strong>e) conjuntamente, a todos os agentes citados nas demais alternativas.<\/strong><\/p>\n\n\n\n<p><strong>Coment\u00e1rios<\/strong><\/p>\n\n\n\n<p>A alternativa correta \u00e9 a <strong>letra D<\/strong>.\u00a0<\/p>\n\n\n\n<p>A quest\u00e3o trata sobre a Conven\u00e7\u00e3o Americana sobre Direitos Humanos.<\/p>\n\n\n\n<p>A alternativa E est\u00e1 correta, e as alternativas A, B, C e D est\u00e3o incorretas. Conforme artigo 28 da Conven\u00e7\u00e3o Americana sobre Direitos Humanos: \u201cArtigo 28 \u2013 Cl\u00e1usula federal. 1. Quando se tratar de um Estado-parte constitu\u00eddo como Estado federal, o governo nacional do aludido Estado-parte cumprir\u00e1 todas as disposi\u00e7\u00f5es da presente Conven\u00e7\u00e3o, relacionadas com as mat\u00e9rias sobre as quais exerce compet\u00eancia legislativa e judicial. 2. No tocante \u00e0s disposi\u00e7\u00f5es relativas \u00e0s mat\u00e9rias que correspondem \u00e0 compet\u00eancia das entidades componentes da federa\u00e7\u00e3o, o governo nacional deve tomar imediatamente as medidas pertinentes, em conformidade com sua Constitui\u00e7\u00e3o e com suas leis, a fim de que as autoridades competentes das referidas entidades possam adotar as disposi\u00e7\u00f5es cab\u00edveis para o cumprimento desta Conven\u00e7\u00e3o. 3. Quando dois ou mais Estados-partes decidirem constituir entre eles uma federa\u00e7\u00e3o ou outro tipo de associa\u00e7\u00e3o, diligenciar\u00e3o no sentido de que o pacto comunit\u00e1rio respectivo contenha as disposi\u00e7\u00f5es necess\u00e1rias para que continuem sendo efetivas no novo Estado, assim organizado, as normas da presente Conven\u00e7\u00e3o\u201d.<\/p>\n\n\n\n<p><strong>QUEST\u00c3O 100. Em abril de 2022, o relator especial da ONU sobre os direitos \u00e0 liberdade de reuni\u00e3o pac\u00edfica e de associa\u00e7\u00e3o, Cl\u00e9ment Voule, esteve em miss\u00e3o no Brasil durante doze dias, quando criticou o fechamento ou esvaziamento de conselhos de participa\u00e7\u00e3o popular.<\/strong><\/p>\n\n\n\n<p><strong>Em rela\u00e7\u00e3o \u00e0 atua\u00e7\u00e3o dos relatores especiais no \u00e2mbito da prote\u00e7\u00e3o global dos direitos humanos, \u00e9 correto afirmar que:<\/strong><\/p>\n\n\n\n<p><strong>a) s\u00e3o especialistas Independentes em Direitos Humanos, nomeados pelo Conselho de Direitos Humanos da ONU, que conformam o sistema de Procedimentos Especiais, em que cabe aos especialistas, dentre outros, realizar visitas ao pa\u00eds, atuar em casos individuais de den\u00fancias de viola\u00e7\u00f5es, contribuir para o desenvolvimento de padr\u00f5es internacionais de Direitos Humanos e fornecer aconselhamento para a coopera\u00e7\u00e3o t\u00e9cnica;<\/strong><\/p>\n\n\n\n<p><strong>b) s\u00e3o membros do Conselho de Direitos humanos da ONU, nomeados pelo secret\u00e1rio-geral das Na\u00e7\u00f5es Unidas, que viajam em miss\u00f5es diplom\u00e1ticas para atuar como consultores dos governos locais em pol\u00edticas de promo\u00e7\u00e3o, defesa e controle dos Direitos Humanos, cabendo a eles fixar as prioridades de pol\u00edticas p\u00fablicas na \u00e1rea dos Direitos Humanos, tendo em vista a realidade local;<\/strong><\/p>\n\n\n\n<p><strong>c) s\u00e3o juristas que atuam nos sistemas de justi\u00e7a de diferentes continentes, recrutados pelo Conselho de Seguran\u00e7a da ONU para monitorar e avaliar os relat\u00f3rios peri\u00f3dicos de implementa\u00e7\u00e3o das a\u00e7\u00f5es de garantia dos Direitos Humanos que cada Pa\u00eds-membro da ONU deve realizar anualmente, apresentando avan\u00e7os e retrocessos daquele per\u00edodo;<\/strong><\/p>\n\n\n\n<p><strong>d) s\u00e3o diplomatas dos Estados-membros da ONU que formam uma for\u00e7a-tarefa internacional para atuar em nome do Conselho de Direitos Humanos da ONU, fazendo uma negocia\u00e7\u00e3o aut\u00f4noma e independente em diferentes estados nacionais que estejam passando por situa\u00e7\u00f5es de cat\u00e1strofes naturais, conflitos armados ou crise econ\u00f4mica e\/ou institucional, tendo em vista a retomada da estabilidade do pa\u00eds;<\/strong><\/p>\n\n\n\n<p><strong>e) s\u00e3o integrantes das Comiss\u00f5es de Direitos Humanos dos sistemas regionais de prote\u00e7\u00e3o dos direitos humanos, indicados por essas Comiss\u00f5es, que atuam em situa\u00e7\u00f5es complexas de viola\u00e7\u00e3o de direitos humanos em pa\u00edses que n\u00e3o integram o seu pr\u00f3prio sistema regional, com a finalidade de indicar as medidas pol\u00edticas, legislativas e judiciais necess\u00e1rias \u00e0 cessa\u00e7\u00e3o da viola\u00e7\u00e3o dos direitos.<\/strong><\/p>\n\n\n\n<p><strong>Coment\u00e1rios<\/strong><\/p>\n\n\n\n<p>A alternativa correta \u00e9 a <strong>letra A<\/strong>.\u00a0<\/p>\n\n\n\n<p>A quest\u00e3o trata sobre a direitos humanos.<\/p>\n\n\n\n<p>A alternativa A est\u00e1 correta, e as alternativas B, C, D e E est\u00e3o incorretas. \u201cCria\u00e7\u00e3o: 1967 (Res. n. 1.235) e 1970 (Res. n. 1.503). Composi\u00e7\u00e3o: Especialistas que, a t\u00edtulo pessoal e com independ\u00eancia, s\u00e3o escolhidos pelo Conselho de Direitos Humanos. Compet\u00eancia: investigar situa\u00e7\u00f5es de viola\u00e7\u00e3o de direitos humanos, efetuar visitas in loco (com a anu\u00eancia do Estado), bem como elaborar relat\u00f3rios finais contendo recomenda\u00e7\u00e3o de a\u00e7\u00f5es aos Estados\u201d (Livro Andr\u00e9 de Carvalho Ramos).<\/p>\n\n\n\n<p class=\"has-text-align-center has-luminous-vivid-amber-background-color has-background\"><strong>Saiba mais: <a href=\"https:\/\/cj.estrategia.com\/portal\/concurso-magistratura-go\/\">Concurso Magistratura GO<\/a><\/strong><\/p>\n\n\n\n<h2 class=\"wp-block-heading has-text-align-center\" id=\"cursos\"><span id=\"quer-saber-tudo-sobre-concursos-previstosconfira-nossos-artigos\">Quer saber tudo sobre concursos previstos?<br><strong>Confira nossos artigos!<\/strong><\/span><\/h2>\n\n\n\n\n\n<h2 class=\"wp-block-heading has-text-align-center\" id=\"cursos\"><span id=\"cursos-para-o-concurso-magistratura-go\"><span><b>Cursos para o <\/b><\/span><strong>Concurso Magistratura GO<\/strong><\/span><\/h2>\n\n\n\n<div class=\"wp-block-cover\" style=\"min-height:155px;aspect-ratio:unset;\"><img decoding=\"async\" width=\"1890\" height=\"351\" class=\"wp-block-cover__image-background wp-image-8669\" alt=\"Assinaturas Jur\u00eddicas\" src=\"https:\/\/cj.estrategia.com\/portal\/wp-content\/uploads\/2022\/06\/20151253\/concurso-carreiras-juridicas-assinatura-juridica.jpg\" style=\"object-position:78% 43%\" data-object-fit=\"cover\" data-object-position=\"78% 43%\" srcset=\"https:\/\/cj.estrategia.com\/portal\/wp-content\/uploads\/2022\/06\/20151253\/concurso-carreiras-juridicas-assinatura-juridica.jpg 1890w, https:\/\/cj.estrategia.com\/portal\/wp-content\/uploads\/2022\/06\/20151253\/concurso-carreiras-juridicas-assinatura-juridica-300x56.jpg 300w, https:\/\/cj.estrategia.com\/portal\/wp-content\/uploads\/2022\/06\/20151253\/concurso-carreiras-juridicas-assinatura-juridica-1024x190.jpg 1024w, https:\/\/cj.estrategia.com\/portal\/wp-content\/uploads\/2022\/06\/20151253\/concurso-carreiras-juridicas-assinatura-juridica-768x143.jpg 768w, https:\/\/cj.estrategia.com\/portal\/wp-content\/uploads\/2022\/06\/20151253\/concurso-carreiras-juridicas-assinatura-juridica-1536x285.jpg 1536w, https:\/\/cj.estrategia.com\/portal\/wp-content\/uploads\/2022\/06\/20151253\/concurso-carreiras-juridicas-assinatura-juridica-380x71.jpg 380w, https:\/\/cj.estrategia.com\/portal\/wp-content\/uploads\/2022\/06\/20151253\/concurso-carreiras-juridicas-assinatura-juridica-800x149.jpg 800w, https:\/\/cj.estrategia.com\/portal\/wp-content\/uploads\/2022\/06\/20151253\/concurso-carreiras-juridicas-assinatura-juridica-1160x215.jpg 1160w\" sizes=\"(max-width: 1890px) 100vw, 1890px\" \/><span aria-hidden=\"true\" class=\"wp-block-cover__background has-background-dim\"><\/span><div class=\"wp-block-cover__inner-container is-layout-flow wp-block-cover-is-layout-flow\">\n<h3 id=\"faca-a-sua-assinatura\" class=\"titulo-assinatura\"><span style=\"color: #ffffff;\">Fa\u00e7a a sua assinatura!<\/span><\/h3>\n<p class=\"subtitulo-assinatura\" style=\"display:block!important; line-height: 0;\"><span style=\"color: #ffffff;\">Escolha a sua \u00e1rea.<\/span><\/p>\n<a target=\"_blank\" href=\"https:\/\/www.estrategiaconcursos.com.br\/assinaturas-ecj\/\" rel=\"noopener\"><button style=\"border-radius: 10px; text-transform: capitalize;\">Acessar<\/button><\/a>\n<\/div><\/div>\n\n\n\n<h2 class=\"wp-block-heading has-text-align-center\" id=\"h-whatsapp-ecj-nbsp-clique-na-sua-carreira-e-participe\"><span id=\"whatsapp-ecj-clique-na-sua-carreira-e-participe\">Whatsapp ECJ:\u00a0<strong>Clique na sua carreira e PARTICIPE!<\/strong><\/span><\/h2>\n\n\n\n<p>Com o\u00a0<strong>Whatsapp ECJ<\/strong>\u00a0vamos transformar a maneira como os estudantes se preparam para os concursos p\u00fablicos do momento e do futuro. <strong>Esta plataforma n\u00e3o apenas oferece suporte para tirar d\u00favidas cruciais, mas tamb\u00e9m fornece dicas valiosas para alcan\u00e7ar o sucesso nas provas<\/strong>, abrangendo todas as \u00e1reas da carreira jur\u00eddica.<\/p>\n\n\n\n<figure class=\"wp-block-image size-large\"><a href=\"https:\/\/www.redirectmais.com\/run\/magistratura-estadual-info\"><img decoding=\"async\" width=\"1024\" height=\"190\" src=\"https:\/\/cj.estrategia.com\/portal\/wp-content\/uploads\/2023\/12\/06120547\/BANNER-AZUL-1-1024x190.jpg\" alt=\"\" class=\"wp-image-51100\" srcset=\"https:\/\/cj.estrategia.com\/portal\/wp-content\/uploads\/2023\/12\/06120547\/BANNER-AZUL-1-1024x190.jpg 1024w, https:\/\/cj.estrategia.com\/portal\/wp-content\/uploads\/2023\/12\/06120547\/BANNER-AZUL-1-300x56.jpg 300w, https:\/\/cj.estrategia.com\/portal\/wp-content\/uploads\/2023\/12\/06120547\/BANNER-AZUL-1-768x143.jpg 768w, https:\/\/cj.estrategia.com\/portal\/wp-content\/uploads\/2023\/12\/06120547\/BANNER-AZUL-1-1536x285.jpg 1536w, https:\/\/cj.estrategia.com\/portal\/wp-content\/uploads\/2023\/12\/06120547\/BANNER-AZUL-1-380x71.jpg 380w, https:\/\/cj.estrategia.com\/portal\/wp-content\/uploads\/2023\/12\/06120547\/BANNER-AZUL-1-800x149.jpg 800w, https:\/\/cj.estrategia.com\/portal\/wp-content\/uploads\/2023\/12\/06120547\/BANNER-AZUL-1-1160x215.jpg 1160w, https:\/\/cj.estrategia.com\/portal\/wp-content\/uploads\/2023\/12\/06120547\/BANNER-AZUL-1-150x28.jpg 150w, https:\/\/cj.estrategia.com\/portal\/wp-content\/uploads\/2023\/12\/06120547\/BANNER-AZUL-1.jpg 1890w\" sizes=\"(max-width: 1024px) 100vw, 1024px\" \/><\/a><\/figure>\n","protected":false},"excerpt":{"rendered":"Ol\u00e1, pessoal, tudo certo?! Em 17\/12\/2023, foi aplicada a prova objetiva do concurso p\u00fablico para Juiz Substituto do&hellip;\n","protected":false},"author":12,"featured_media":32256,"comment_status":"open","ping_status":"open","sticky":false,"template":"","format":"standard","meta":{"_jetpack_memberships_contains_paid_content":false,"footnotes":""},"categories":[26],"tags":[],"tax_estado":[39],"class_list":{"0":"post-52412","1":"post","2":"type-post","3":"status-publish","4":"format-standard","5":"has-post-thumbnail","7":"category-magistratura","8":"tax_estado-go"},"acf":[],"yoast_head":"<!-- This site is optimized with the Yoast SEO Premium plugin v27.5 (Yoast SEO v27.5) - https:\/\/yoast.com\/product\/yoast-seo-premium-wordpress\/ -->\n<title>Prova comentada Direitos Humanos Magistratura GO<\/title>\n<meta name=\"description\" content=\"Prova comentada Direitos Humanos Magistratura GO: confira AQUI os coment\u00e1rios dos nossos professores e tire suas d\u00favidas!\" \/>\n<meta name=\"robots\" content=\"index, follow, max-snippet:-1, max-image-preview:large, max-video-preview:-1\" \/>\n<link rel=\"canonical\" href=\"https:\/\/cj.estrategia.com\/portal\/prova-comentada-direitos-humanos-magistratura-go\/\" \/>\n<meta property=\"og:locale\" content=\"pt_BR\" \/>\n<meta property=\"og:type\" content=\"article\" \/>\n<meta property=\"og:title\" content=\"Prova comentada Direitos Humanos Magistratura GO\" \/>\n<meta property=\"og:description\" content=\"Prova comentada Direitos Humanos Magistratura GO: confira AQUI os coment\u00e1rios dos nossos professores e tire suas d\u00favidas!\" \/>\n<meta property=\"og:url\" content=\"https:\/\/cj.estrategia.com\/portal\/prova-comentada-direitos-humanos-magistratura-go\/\" \/>\n<meta property=\"og:site_name\" content=\"Blog - Carreiras Jur\u00eddicas - Estrat\u00e9gia\" \/>\n<meta property=\"article:publisher\" content=\"https:\/\/www.facebook.com\/estrategiacarreirajuridica\/\" \/>\n<meta property=\"article:published_time\" content=\"2023-12-19T00:28:02+00:00\" \/>\n<meta property=\"article:modified_time\" content=\"2023-12-19T00:28:05+00:00\" \/>\n<meta property=\"og:image\" content=\"https:\/\/cj.estrategia.com\/portal\/wp-content\/uploads\/2023\/03\/27140838\/concursos-juridicos-magistratura-go.jpg\" \/>\n\t<meta property=\"og:image:width\" content=\"960\" \/>\n\t<meta property=\"og:image:height\" content=\"540\" \/>\n\t<meta property=\"og:image:type\" content=\"image\/jpeg\" \/>\n<meta name=\"author\" content=\"Coordena\u00e7\u00e3o\" \/>\n<meta name=\"twitter:card\" content=\"summary_large_image\" \/>\n<meta name=\"twitter:creator\" content=\"@EstratJuridica\" \/>\n<meta name=\"twitter:site\" content=\"@EstratJuridica\" \/>\n<meta name=\"twitter:label1\" content=\"Escrito por\" \/>\n\t<meta name=\"twitter:data1\" content=\"Coordena\u00e7\u00e3o\" \/>\n\t<meta name=\"twitter:label2\" content=\"Est. tempo de leitura\" \/>\n\t<meta name=\"twitter:data2\" content=\"6 minutos\" \/>\n<script type=\"application\/ld+json\" class=\"yoast-schema-graph\">{\"@context\":\"https:\\\/\\\/schema.org\",\"@graph\":[{\"@type\":\"NewsArticle\",\"@id\":\"https:\\\/\\\/cj.estrategia.com\\\/portal\\\/prova-comentada-direitos-humanos-magistratura-go\\\/#article\",\"isPartOf\":{\"@id\":\"https:\\\/\\\/cj.estrategia.com\\\/portal\\\/prova-comentada-direitos-humanos-magistratura-go\\\/\"},\"author\":{\"name\":\"Coordena\u00e7\u00e3o\",\"@id\":\"https:\\\/\\\/cj.estrategia.com\\\/portal\\\/#\\\/schema\\\/person\\\/4d70317d31449932b99102916b6637f5\"},\"headline\":\"Prova comentada Direitos Humanos Magistratura GO\",\"datePublished\":\"2023-12-19T00:28:02+00:00\",\"dateModified\":\"2023-12-19T00:28:05+00:00\",\"mainEntityOfPage\":{\"@id\":\"https:\\\/\\\/cj.estrategia.com\\\/portal\\\/prova-comentada-direitos-humanos-magistratura-go\\\/\"},\"wordCount\":1171,\"commentCount\":0,\"publisher\":{\"@id\":\"https:\\\/\\\/cj.estrategia.com\\\/portal\\\/#organization\"},\"image\":{\"@id\":\"https:\\\/\\\/cj.estrategia.com\\\/portal\\\/prova-comentada-direitos-humanos-magistratura-go\\\/#primaryimage\"},\"thumbnailUrl\":\"https:\\\/\\\/cj.estrategia.com\\\/portal\\\/wp-content\\\/uploads\\\/2023\\\/03\\\/27140838\\\/concursos-juridicos-magistratura-go.jpg\",\"articleSection\":[\"Magistratura\"],\"inLanguage\":\"pt-BR\",\"potentialAction\":[{\"@type\":\"CommentAction\",\"name\":\"Comment\",\"target\":[\"https:\\\/\\\/cj.estrategia.com\\\/portal\\\/prova-comentada-direitos-humanos-magistratura-go\\\/#respond\"]}]},{\"@type\":\"WebPage\",\"@id\":\"https:\\\/\\\/cj.estrategia.com\\\/portal\\\/prova-comentada-direitos-humanos-magistratura-go\\\/\",\"url\":\"https:\\\/\\\/cj.estrategia.com\\\/portal\\\/prova-comentada-direitos-humanos-magistratura-go\\\/\",\"name\":\"Prova comentada Direitos Humanos Magistratura GO\",\"isPartOf\":{\"@id\":\"https:\\\/\\\/cj.estrategia.com\\\/portal\\\/#website\"},\"primaryImageOfPage\":{\"@id\":\"https:\\\/\\\/cj.estrategia.com\\\/portal\\\/prova-comentada-direitos-humanos-magistratura-go\\\/#primaryimage\"},\"image\":{\"@id\":\"https:\\\/\\\/cj.estrategia.com\\\/portal\\\/prova-comentada-direitos-humanos-magistratura-go\\\/#primaryimage\"},\"thumbnailUrl\":\"https:\\\/\\\/cj.estrategia.com\\\/portal\\\/wp-content\\\/uploads\\\/2023\\\/03\\\/27140838\\\/concursos-juridicos-magistratura-go.jpg\",\"datePublished\":\"2023-12-19T00:28:02+00:00\",\"dateModified\":\"2023-12-19T00:28:05+00:00\",\"description\":\"Prova comentada Direitos Humanos Magistratura GO: confira AQUI os coment\u00e1rios dos nossos professores e tire suas d\u00favidas!\",\"breadcrumb\":{\"@id\":\"https:\\\/\\\/cj.estrategia.com\\\/portal\\\/prova-comentada-direitos-humanos-magistratura-go\\\/#breadcrumb\"},\"inLanguage\":\"pt-BR\",\"potentialAction\":[{\"@type\":\"ReadAction\",\"target\":[\"https:\\\/\\\/cj.estrategia.com\\\/portal\\\/prova-comentada-direitos-humanos-magistratura-go\\\/\"]}]},{\"@type\":\"ImageObject\",\"inLanguage\":\"pt-BR\",\"@id\":\"https:\\\/\\\/cj.estrategia.com\\\/portal\\\/prova-comentada-direitos-humanos-magistratura-go\\\/#primaryimage\",\"url\":\"https:\\\/\\\/cj.estrategia.com\\\/portal\\\/wp-content\\\/uploads\\\/2023\\\/03\\\/27140838\\\/concursos-juridicos-magistratura-go.jpg\",\"contentUrl\":\"https:\\\/\\\/cj.estrategia.com\\\/portal\\\/wp-content\\\/uploads\\\/2023\\\/03\\\/27140838\\\/concursos-juridicos-magistratura-go.jpg\",\"width\":960,\"height\":540,\"caption\":\"concurso juiz GO\"},{\"@type\":\"BreadcrumbList\",\"@id\":\"https:\\\/\\\/cj.estrategia.com\\\/portal\\\/prova-comentada-direitos-humanos-magistratura-go\\\/#breadcrumb\",\"itemListElement\":[{\"@type\":\"ListItem\",\"position\":1,\"name\":\"In\u00edcio\",\"item\":\"https:\\\/\\\/cj.estrategia.com\\\/portal\\\/\"},{\"@type\":\"ListItem\",\"position\":2,\"name\":\"Prova comentada Direitos Humanos Magistratura GO\"}]},{\"@type\":\"WebSite\",\"@id\":\"https:\\\/\\\/cj.estrategia.com\\\/portal\\\/#website\",\"url\":\"https:\\\/\\\/cj.estrategia.com\\\/portal\\\/\",\"name\":\"Blog - Carreiras Jur\u00eddicas - Estrat\u00e9gia\",\"description\":\"\",\"publisher\":{\"@id\":\"https:\\\/\\\/cj.estrategia.com\\\/portal\\\/#organization\"},\"potentialAction\":[{\"@type\":\"SearchAction\",\"target\":{\"@type\":\"EntryPoint\",\"urlTemplate\":\"https:\\\/\\\/cj.estrategia.com\\\/portal\\\/?s={search_term_string}\"},\"query-input\":{\"@type\":\"PropertyValueSpecification\",\"valueRequired\":true,\"valueName\":\"search_term_string\"}}],\"inLanguage\":\"pt-BR\"},{\"@type\":\"Organization\",\"@id\":\"https:\\\/\\\/cj.estrategia.com\\\/portal\\\/#organization\",\"name\":\"Estrat\u00e9gia - Carreiras Jur\u00eddicas\",\"url\":\"https:\\\/\\\/cj.estrategia.com\\\/portal\\\/\",\"logo\":{\"@type\":\"ImageObject\",\"inLanguage\":\"pt-BR\",\"@id\":\"https:\\\/\\\/cj.estrategia.com\\\/portal\\\/#\\\/schema\\\/logo\\\/image\\\/\",\"url\":\"https:\\\/\\\/cj.estrategia.com\\\/portal\\\/wp-content\\\/uploads\\\/2022\\\/03\\\/11151052\\\/cj-logo.png\",\"contentUrl\":\"https:\\\/\\\/cj.estrategia.com\\\/portal\\\/wp-content\\\/uploads\\\/2022\\\/03\\\/11151052\\\/cj-logo.png\",\"width\":150,\"height\":39,\"caption\":\"Estrat\u00e9gia - Carreiras Jur\u00eddicas\"},\"image\":{\"@id\":\"https:\\\/\\\/cj.estrategia.com\\\/portal\\\/#\\\/schema\\\/logo\\\/image\\\/\"},\"sameAs\":[\"https:\\\/\\\/www.facebook.com\\\/estrategiacarreirajuridica\\\/\",\"https:\\\/\\\/x.com\\\/EstratJuridica\",\"https:\\\/\\\/www.instagram.com\\\/estrategiacarreirajuridica\\\/\",\"https:\\\/\\\/www.youtube.com\\\/channel\\\/UClbMGuYbj2Mh1m3w144ETWQ\"]},{\"@type\":\"Person\",\"@id\":\"https:\\\/\\\/cj.estrategia.com\\\/portal\\\/#\\\/schema\\\/person\\\/4d70317d31449932b99102916b6637f5\",\"name\":\"Coordena\u00e7\u00e3o\",\"image\":{\"@type\":\"ImageObject\",\"inLanguage\":\"pt-BR\",\"@id\":\"https:\\\/\\\/cj.estrategia.com\\\/portal\\\/wp-content\\\/uploads\\\/2022\\\/05\\\/12164923\\\/estrategia-carreira-juridica-coordenacao-96x96.png\",\"url\":\"https:\\\/\\\/cj.estrategia.com\\\/portal\\\/wp-content\\\/uploads\\\/2022\\\/05\\\/12164923\\\/estrategia-carreira-juridica-coordenacao-96x96.png\",\"contentUrl\":\"https:\\\/\\\/cj.estrategia.com\\\/portal\\\/wp-content\\\/uploads\\\/2022\\\/05\\\/12164923\\\/estrategia-carreira-juridica-coordenacao-96x96.png\",\"caption\":\"Coordena\u00e7\u00e3o\"},\"url\":\"https:\\\/\\\/cj.estrategia.com\\\/portal\\\/author\\\/coordenacao\\\/\"}]}<\/script>\n<!-- \/ Yoast SEO Premium plugin. -->","yoast_head_json":{"title":"Prova comentada Direitos Humanos Magistratura GO","description":"Prova comentada Direitos Humanos Magistratura GO: confira AQUI os coment\u00e1rios dos nossos professores e tire suas d\u00favidas!","robots":{"index":"index","follow":"follow","max-snippet":"max-snippet:-1","max-image-preview":"max-image-preview:large","max-video-preview":"max-video-preview:-1"},"canonical":"https:\/\/cj.estrategia.com\/portal\/prova-comentada-direitos-humanos-magistratura-go\/","og_locale":"pt_BR","og_type":"article","og_title":"Prova comentada Direitos Humanos Magistratura GO","og_description":"Prova comentada Direitos Humanos Magistratura GO: confira AQUI os coment\u00e1rios dos nossos professores e tire suas d\u00favidas!","og_url":"https:\/\/cj.estrategia.com\/portal\/prova-comentada-direitos-humanos-magistratura-go\/","og_site_name":"Blog - Carreiras Jur\u00eddicas - Estrat\u00e9gia","article_publisher":"https:\/\/www.facebook.com\/estrategiacarreirajuridica\/","article_published_time":"2023-12-19T00:28:02+00:00","article_modified_time":"2023-12-19T00:28:05+00:00","og_image":[{"width":960,"height":540,"url":"https:\/\/cj.estrategia.com\/portal\/wp-content\/uploads\/2023\/03\/27140838\/concursos-juridicos-magistratura-go.jpg","type":"image\/jpeg"}],"author":"Coordena\u00e7\u00e3o","twitter_card":"summary_large_image","twitter_creator":"@EstratJuridica","twitter_site":"@EstratJuridica","twitter_misc":{"Escrito por":"Coordena\u00e7\u00e3o","Est. tempo de leitura":"6 minutos"},"schema":{"@context":"https:\/\/schema.org","@graph":[{"@type":"NewsArticle","@id":"https:\/\/cj.estrategia.com\/portal\/prova-comentada-direitos-humanos-magistratura-go\/#article","isPartOf":{"@id":"https:\/\/cj.estrategia.com\/portal\/prova-comentada-direitos-humanos-magistratura-go\/"},"author":{"name":"Coordena\u00e7\u00e3o","@id":"https:\/\/cj.estrategia.com\/portal\/#\/schema\/person\/4d70317d31449932b99102916b6637f5"},"headline":"Prova comentada Direitos Humanos Magistratura GO","datePublished":"2023-12-19T00:28:02+00:00","dateModified":"2023-12-19T00:28:05+00:00","mainEntityOfPage":{"@id":"https:\/\/cj.estrategia.com\/portal\/prova-comentada-direitos-humanos-magistratura-go\/"},"wordCount":1171,"commentCount":0,"publisher":{"@id":"https:\/\/cj.estrategia.com\/portal\/#organization"},"image":{"@id":"https:\/\/cj.estrategia.com\/portal\/prova-comentada-direitos-humanos-magistratura-go\/#primaryimage"},"thumbnailUrl":"https:\/\/cj.estrategia.com\/portal\/wp-content\/uploads\/2023\/03\/27140838\/concursos-juridicos-magistratura-go.jpg","articleSection":["Magistratura"],"inLanguage":"pt-BR","potentialAction":[{"@type":"CommentAction","name":"Comment","target":["https:\/\/cj.estrategia.com\/portal\/prova-comentada-direitos-humanos-magistratura-go\/#respond"]}]},{"@type":"WebPage","@id":"https:\/\/cj.estrategia.com\/portal\/prova-comentada-direitos-humanos-magistratura-go\/","url":"https:\/\/cj.estrategia.com\/portal\/prova-comentada-direitos-humanos-magistratura-go\/","name":"Prova comentada Direitos Humanos Magistratura GO","isPartOf":{"@id":"https:\/\/cj.estrategia.com\/portal\/#website"},"primaryImageOfPage":{"@id":"https:\/\/cj.estrategia.com\/portal\/prova-comentada-direitos-humanos-magistratura-go\/#primaryimage"},"image":{"@id":"https:\/\/cj.estrategia.com\/portal\/prova-comentada-direitos-humanos-magistratura-go\/#primaryimage"},"thumbnailUrl":"https:\/\/cj.estrategia.com\/portal\/wp-content\/uploads\/2023\/03\/27140838\/concursos-juridicos-magistratura-go.jpg","datePublished":"2023-12-19T00:28:02+00:00","dateModified":"2023-12-19T00:28:05+00:00","description":"Prova comentada Direitos Humanos Magistratura GO: confira AQUI os coment\u00e1rios dos nossos professores e tire suas d\u00favidas!","breadcrumb":{"@id":"https:\/\/cj.estrategia.com\/portal\/prova-comentada-direitos-humanos-magistratura-go\/#breadcrumb"},"inLanguage":"pt-BR","potentialAction":[{"@type":"ReadAction","target":["https:\/\/cj.estrategia.com\/portal\/prova-comentada-direitos-humanos-magistratura-go\/"]}]},{"@type":"ImageObject","inLanguage":"pt-BR","@id":"https:\/\/cj.estrategia.com\/portal\/prova-comentada-direitos-humanos-magistratura-go\/#primaryimage","url":"https:\/\/cj.estrategia.com\/portal\/wp-content\/uploads\/2023\/03\/27140838\/concursos-juridicos-magistratura-go.jpg","contentUrl":"https:\/\/cj.estrategia.com\/portal\/wp-content\/uploads\/2023\/03\/27140838\/concursos-juridicos-magistratura-go.jpg","width":960,"height":540,"caption":"concurso juiz GO"},{"@type":"BreadcrumbList","@id":"https:\/\/cj.estrategia.com\/portal\/prova-comentada-direitos-humanos-magistratura-go\/#breadcrumb","itemListElement":[{"@type":"ListItem","position":1,"name":"In\u00edcio","item":"https:\/\/cj.estrategia.com\/portal\/"},{"@type":"ListItem","position":2,"name":"Prova comentada Direitos Humanos Magistratura GO"}]},{"@type":"WebSite","@id":"https:\/\/cj.estrategia.com\/portal\/#website","url":"https:\/\/cj.estrategia.com\/portal\/","name":"Blog - Carreiras Jur\u00eddicas - Estrat\u00e9gia","description":"","publisher":{"@id":"https:\/\/cj.estrategia.com\/portal\/#organization"},"potentialAction":[{"@type":"SearchAction","target":{"@type":"EntryPoint","urlTemplate":"https:\/\/cj.estrategia.com\/portal\/?s={search_term_string}"},"query-input":{"@type":"PropertyValueSpecification","valueRequired":true,"valueName":"search_term_string"}}],"inLanguage":"pt-BR"},{"@type":"Organization","@id":"https:\/\/cj.estrategia.com\/portal\/#organization","name":"Estrat\u00e9gia - Carreiras Jur\u00eddicas","url":"https:\/\/cj.estrategia.com\/portal\/","logo":{"@type":"ImageObject","inLanguage":"pt-BR","@id":"https:\/\/cj.estrategia.com\/portal\/#\/schema\/logo\/image\/","url":"https:\/\/cj.estrategia.com\/portal\/wp-content\/uploads\/2022\/03\/11151052\/cj-logo.png","contentUrl":"https:\/\/cj.estrategia.com\/portal\/wp-content\/uploads\/2022\/03\/11151052\/cj-logo.png","width":150,"height":39,"caption":"Estrat\u00e9gia - Carreiras Jur\u00eddicas"},"image":{"@id":"https:\/\/cj.estrategia.com\/portal\/#\/schema\/logo\/image\/"},"sameAs":["https:\/\/www.facebook.com\/estrategiacarreirajuridica\/","https:\/\/x.com\/EstratJuridica","https:\/\/www.instagram.com\/estrategiacarreirajuridica\/","https:\/\/www.youtube.com\/channel\/UClbMGuYbj2Mh1m3w144ETWQ"]},{"@type":"Person","@id":"https:\/\/cj.estrategia.com\/portal\/#\/schema\/person\/4d70317d31449932b99102916b6637f5","name":"Coordena\u00e7\u00e3o","image":{"@type":"ImageObject","inLanguage":"pt-BR","@id":"https:\/\/cj.estrategia.com\/portal\/wp-content\/uploads\/2022\/05\/12164923\/estrategia-carreira-juridica-coordenacao-96x96.png","url":"https:\/\/cj.estrategia.com\/portal\/wp-content\/uploads\/2022\/05\/12164923\/estrategia-carreira-juridica-coordenacao-96x96.png","contentUrl":"https:\/\/cj.estrategia.com\/portal\/wp-content\/uploads\/2022\/05\/12164923\/estrategia-carreira-juridica-coordenacao-96x96.png","caption":"Coordena\u00e7\u00e3o"},"url":"https:\/\/cj.estrategia.com\/portal\/author\/coordenacao\/"}]}},"jetpack_featured_media_url":"https:\/\/cj.estrategia.com\/portal\/wp-content\/uploads\/2023\/03\/27140838\/concursos-juridicos-magistratura-go.jpg","jetpack_sharing_enabled":true,"_links":{"self":[{"href":"https:\/\/cj.estrategia.com\/portal\/wp-json\/wp\/v2\/posts\/52412","targetHints":{"allow":["GET"]}}],"collection":[{"href":"https:\/\/cj.estrategia.com\/portal\/wp-json\/wp\/v2\/posts"}],"about":[{"href":"https:\/\/cj.estrategia.com\/portal\/wp-json\/wp\/v2\/types\/post"}],"author":[{"embeddable":true,"href":"https:\/\/cj.estrategia.com\/portal\/wp-json\/wp\/v2\/users\/12"}],"replies":[{"embeddable":true,"href":"https:\/\/cj.estrategia.com\/portal\/wp-json\/wp\/v2\/comments?post=52412"}],"version-history":[{"count":0,"href":"https:\/\/cj.estrategia.com\/portal\/wp-json\/wp\/v2\/posts\/52412\/revisions"}],"wp:featuredmedia":[{"embeddable":true,"href":"https:\/\/cj.estrategia.com\/portal\/wp-json\/wp\/v2\/media\/32256"}],"wp:attachment":[{"href":"https:\/\/cj.estrategia.com\/portal\/wp-json\/wp\/v2\/media?parent=52412"}],"wp:term":[{"taxonomy":"category","embeddable":true,"href":"https:\/\/cj.estrategia.com\/portal\/wp-json\/wp\/v2\/categories?post=52412"},{"taxonomy":"post_tag","embeddable":true,"href":"https:\/\/cj.estrategia.com\/portal\/wp-json\/wp\/v2\/tags?post=52412"},{"taxonomy":"tax_estado","embeddable":true,"href":"https:\/\/cj.estrategia.com\/portal\/wp-json\/wp\/v2\/tax_estado?post=52412"}],"curies":[{"name":"wp","href":"https:\/\/api.w.org\/{rel}","templated":true}]}}