{"id":52405,"date":"2023-12-18T21:06:15","date_gmt":"2023-12-19T00:06:15","guid":{"rendered":"https:\/\/cj.estrategia.com\/portal\/?p=52405"},"modified":"2023-12-18T21:06:18","modified_gmt":"2023-12-19T00:06:18","slug":"prova-comentada-direito-ambiental-magistratura-go","status":"publish","type":"post","link":"https:\/\/cj.estrategia.com\/portal\/prova-comentada-direito-ambiental-magistratura-go\/","title":{"rendered":"Prova comentada Direito Ambiental Magistratura GO"},"content":{"rendered":"\n<p>Ol\u00e1, pessoal, tudo certo?!<\/p>\n\n\n\n<p>Em 17\/12\/2023, foi aplicada a prova objetiva do concurso p\u00fablico para <strong>Juiz Substituto do TJ-GO<\/strong>. Assim que disponibilizados o caderno de provas e gabarito, nosso time de professores analisou cada uma das quest\u00f5es, que, agora, ser\u00e3o apresentadas em nossa <strong>PROVA COMENTADA<\/strong>.<\/p>\n\n\n\n<p>Este material visa a auxili\u00e1-los na aferi\u00e7\u00e3o das notas, elabora\u00e7\u00e3o de eventuais recursos, verifica\u00e7\u00e3o das chances de avan\u00e7o para fase discursiva, bem como na revis\u00e3o do conte\u00fado cobrado no certame.<\/p>\n\n\n\n<p>Desde j\u00e1, destacamos que nosso time de professores identificou <em><strong>3 quest\u00f5es pass\u00edveis de recurso<\/strong><\/em>, por apresentarem duas ou nenhuma alternativa correta, como veremos adiante. No tipo de prova comentado, trata-se das quest\u00f5es <strong><em>12, 48 E 76.<\/em><\/strong><\/p>\n\n\n\n<p>De modo complementar, elaboramos tamb\u00e9m o <strong><a href=\"https:\/\/cj.estrategia.com\/cadernos-e-simulados\/simulados\/da111200-d7f4-4ca9-be26-b9a830ffc267\">RANKING de Juiz Substituto do TJ-GO<\/a><\/strong>, em que nossos alunos e seguidores poder\u00e3o inserir suas respostas \u00e0 prova, e, ao final, aferir sua nota, de acordo com o gabarito elaborado por nossos professores. Atrav\u00e9s do ranking, tamb\u00e9m poderemos estimar a nota de corte da 1\u00ba fase. <\/p>\n\n\n\n<p>Al\u00e9m disso, montamos um caderno para nossos seguidores, alunos ou n\u00e3o, verem os coment\u00e1rios e comentar as quest\u00f5es da prova: <a href=\"https:\/\/cj.estrategia.com\/cadernos-e-simulados\/cadernos\/f85a16ec-40ca-454f-8418-6b829bf9615f\">Confira AQUI!<\/a><\/p>\n\n\n\n<p>Por fim, comentamos a prova, as quest\u00f5es mais pol\u00eamicas, as possibilidades de recurso, bem como a estimativa da nota de corte no nosso canal do Youtube. Inscreva-se e ative as notifica\u00e7\u00f5es! <a href=\"https:\/\/www.youtube.com\/@EstrategiaCarreiraJuridica\"><strong>Estrat\u00e9gia Carreira Jur\u00eddica &#8211; YouTube<\/strong><\/a><\/p>\n\n\n\n<p class=\"has-text-align-center has-pale-ocean-gradient-background has-background\"><strong>Clique <a href=\"https:\/\/cj.estrategia.com\/portal\/gabarito-extraoficial-magistratura-go\/\">AQUI<\/a> e confira as provas comentadas de todas as disciplinas desta sele\u00e7\u00e3o!<\/strong><\/p>\n\n\n\n<h2 class=\"wp-block-heading has-vivid-red-color has-text-color has-link-color wp-elements-8dbe9ce3926d28ebc9540810a07229ab\" id=\"h-prova-comentada-direito-ambiental\"><span id=\"prova-comentada-direito-ambiental\">Prova Comentada Direito Ambiental<\/span><\/h2>\n\n\n\n<p><strong>Quest\u00e3o 83. Jo\u00e3o, pequeno pescador, com vontade livre e consciente, pescou o total de vinte quilos de peixes de esp\u00e9cies com tamanhos inferiores aos permitidos e em per\u00edodo no qual a pesca estava proibida, em rio interestadual, com impactos apenas em n\u00edvel local, sem reflexos em \u00e2mbito regional ou nacional.<\/strong><\/p>\n\n\n\n<p><strong>O Minist\u00e9rio P\u00fablico Estadual ofereceu den\u00fancia, mas a defesa t\u00e9cnica de Jo\u00e3o pleiteou o decl\u00ednio de compet\u00eancia para a Justi\u00e7a Federal, alegando que os fatos ocorreram em bem da Uni\u00e3o, qual seja, rio que banha mais de um Estado.<\/strong><\/p>\n\n\n\n<p><strong>O magistrado, atento \u00e0 jurisprud\u00eancia do Superior Tribunal de Justi\u00e7a sobre o tema, deve:<\/strong><\/p>\n\n\n\n<p><strong>a) acolher o pleito defensivo e declinar de compet\u00eancia para a Justi\u00e7a Federal, porque, independentemente de o local dos fatos ser bem da Uni\u00e3o, a natureza do bem jur\u00eddico tutelado pela norma incriminadora atrai o interesse da Uni\u00e3o;<\/strong><\/p>\n\n\n\n<p><strong>b) acolher o pleito defensivo e declinar de compet\u00eancia para a Justi\u00e7a Federal, porque o local dos fatos \u00e9 bem da Uni\u00e3o, independentemente de o dano decorrente de pesca proibida em rio interestadual gerar ou n\u00e3o reflexos em \u00e2mbito regional ou nacional;<\/strong><\/p>\n\n\n\n<p><strong>c) acolher o pleito defensivo e declinar de compet\u00eancia para a Justi\u00e7a Federal t\u00e3o somente se a autua\u00e7\u00e3o administrativa pela infra\u00e7\u00e3o administrativa cometida tiver sido realizada por servidores p\u00fablicos federais, no regular exerc\u00edcio do poder de pol\u00edcia;<\/strong><\/p>\n\n\n\n<p><strong>d) n\u00e3o acolher o pleito defensivo, porque, independentemente de o dano decorrente de pesca proibida em rio interestadual gerar ou n\u00e3o reflexos em \u00e2mbito regional ou nacional, a compet\u00eancia permanece da Justi\u00e7a Estadual, diante da natureza do bem jur\u00eddico tutelado pela norma incriminadora;<\/strong><\/p>\n\n\n\n<p><strong>e) n\u00e3o acolher o pleito defensivo, porque, para atrair a compet\u00eancia da Justi\u00e7a Federal, o dano decorrente de pesca proibida em rio interestadual deveria gerar reflexos em \u00e2mbito regional ou nacional, afetando trecho do rio que se alongasse por mais de um Estado da Federa\u00e7\u00e3o.<\/strong><\/p>\n\n\n\n<p><strong>Coment\u00e1rios<\/strong><\/p>\n\n\n\n<p>A alternativa correta \u00e9 a <strong>letra E<\/strong>.<\/p>\n\n\n\n<p>Os rios interestaduais (que banham mais de um Estado da Federa\u00e7\u00e3o) s\u00e3o bens da Uni\u00e3o, nos termos do art. 20, III, da CF. Neste sentido, o delito ambiental que \u00e9 praticado em rio interestadual, \u00e9 de compet\u00eancia da Justi\u00e7a Federal (art. 109, IV, da CF), desde que isso possa causar reflexos em \u00e2mbito regional ou nacional. (CC n.\u00ba 145.420\/AM, 3\u00aa Se\u00e7\u00e3o do STJ, Rel. Min. Reynaldo Soares da Fonseca, julgado em 10\/8\/2016).<\/p>\n\n\n\n<p>No entanto, caso o delito ambiental, ainda que praticado em rio interestadual, mas sem possibilidade de gerar reflexos regionais ou nacionais, seu processamento e julgamento ser\u00e1 na Justi\u00e7a Comum Estadual, como no caso do enunciado (CC n.\u00ba 146.373\/MG, 3\u00aa Se\u00e7\u00e3o do STJ, Rel. Min. Reynaldo Soares da Fonseca, julgado em 11\/5\/2016).<\/p>\n\n\n\n<p>As alternativas A, B e C est\u00e3o incorretas, pois o pedido do r\u00e9u n\u00e3o deve ser acolhido, conforme raz\u00f5es acima.<\/p>\n\n\n\n<p>A alternativa D est\u00e1 incorreta, pois a potencialidade de gerar reflexos regionais ou nacionais \u00e9 fator determinante para a fixa\u00e7\u00e3o de compet\u00eancia, conforme coment\u00e1rios \u00e0 alternativa correta.<\/p>\n\n\n\n<p><strong>QUEST\u00c3O 84. O im\u00f3vel de Maria \u00e9 tombado, apenas em n\u00edvel municipal, como patrim\u00f4nio hist\u00f3rico e cultural da cidade. Maria, necessitando aumentar sua renda, resolveu utilizar seu im\u00f3vel como um hostel e, para tal, decidiu realizar obras estruturais, inclusive com altera\u00e7\u00e3o da fachada de import\u00e2ncia hist\u00f3rica, sem qualquer pedido ou autoriza\u00e7\u00e3o do Munic\u00edpio Alfa. Sua vizinha arquiteta Rose, ao verificar o in\u00edcio das obras, apresentou Representa\u00e7\u00e3o, devidamente instru\u00edda com fotos, \u00e0 Prefeitura, que se quedou inerte.<\/strong><\/p>\n\n\n\n<p><strong>Ao tomar conhecimento dos fatos quando as obras j\u00e1 estavam quase conclu\u00eddas, o Minist\u00e9rio P\u00fablico ajuizou a\u00e7\u00e3o civil p\u00fablica pleiteando obriga\u00e7\u00f5es de fazer, n\u00e3o fazer e indenizat\u00f3ria, em face do Munic\u00edpio Alfa e de Maria. Em sua defesa, o Munic\u00edpio Alfa reconheceu sua in\u00e9rcia fiscalizat\u00f3ria, mas alegou que a responsabilidade \u00e9 apenas de Maria, na qualidade de propriet\u00e1ria do im\u00f3vel e respons\u00e1vel pelas obras irregulares.<\/strong><\/p>\n\n\n\n<p><strong>Com base na jurisprud\u00eancia do Superior Tribunal de Justi\u00e7a, o magistrado deve considerar que a responsabilidade civil do Munic\u00edpio Alfa, decorrente de sua omiss\u00e3o no dever de fiscaliza\u00e7\u00e3o, por danos ao meio ambiente:<\/strong><\/p>\n\n\n\n<p><strong>A inclusive no que tange \u00e0 tutela do patrim\u00f4nio cultural, \u00e9 de<\/strong><\/p>\n\n\n\n<p><strong>a) car\u00e1ter solid\u00e1rio, mas de execu\u00e7\u00e3o subsidi\u00e1ria;<\/strong><\/p>\n\n\n\n<p><strong>b) \u00e9 objetiva e solid\u00e1ria, exceto no que tange \u00e0 tutela do patrim\u00f4nio cultural, que requer a demonstra\u00e7\u00e3o do dolo ou culpa, por a\u00e7\u00e3o ou omiss\u00e3o, dos infratores;<\/strong><\/p>\n\n\n\n<p><strong>c) \u00e9 de car\u00e1ter solid\u00e1rio, mas de execu\u00e7\u00e3o subsidi\u00e1ria, exceto no que tange \u00e0 tutela do patrim\u00f4nio cultural, que atrai o car\u00e1ter subsidi\u00e1rio e a execu\u00e7\u00e3o solid\u00e1ria;<\/strong><\/p>\n\n\n\n<p><strong>d) inclusive no que tange \u00e0 tutela do patrim\u00f4nio cultural, \u00e9 objetiva e de execu\u00e7\u00e3o solid\u00e1ria, de maneira que as obriga\u00e7\u00f5es podem ser exigidas de quaisquer dos respons\u00e1veis, a qualquer tempo;<\/strong><\/p>\n\n\n\n<p><strong>e) inclusive no que tange \u00e0 tutela do patrim\u00f4nio cultural, \u00e9 de car\u00e1ter subsidi\u00e1rio, exigindo o reconhecimento da fal\u00eancia (para pessoas jur\u00eddicas) ou da insolv\u00eancia civil (para pessoas naturais) para condena\u00e7\u00e3o, em processo de conhecimento, da Administra\u00e7\u00e3o P\u00fablica.<\/strong><\/p>\n\n\n\n<p><strong>Coment\u00e1rios<\/strong><\/p>\n\n\n\n<p>A alternativa correta \u00e9 a <strong>letra A<\/strong>, conforme teor da S\u00famula n.\u00ba 652 do STJ: \u201cA responsabilidade civil da Administra\u00e7\u00e3o P\u00fablica por danos ao meio ambiente, decorrente de sua omiss\u00e3o no dever de fiscaliza\u00e7\u00e3o, \u00e9 de car\u00e1ter solid\u00e1rio, mas de execu\u00e7\u00e3o subsidi\u00e1ria\u201d.<\/p>\n\n\n\n<p>As alternativas B e C est\u00e3o incorretas, pois a tutela do patrim\u00f4nio cultural se insere no \u00e2mbito de prote\u00e7\u00e3o das normas do Direito Ambiental.<\/p>\n\n\n\n<p>A alternativa D est\u00e1 incorreta, pois a execu\u00e7\u00e3o \u00e9 subsidi\u00e1ria, logo, as obriga\u00e7\u00f5es n\u00e3o podem ser exigidas de quaisquer dos respons\u00e1veis, mas primeiro do particular.<\/p>\n\n\n\n<p>A alternativa E est\u00e1 incorreta, pois a responsabilidade \u00e9 de car\u00e1ter solid\u00e1rio, apenas a sua execu\u00e7\u00e3o que \u00e9 subsidi\u00e1ria.<\/p>\n\n\n\n<p><strong>QUEST\u00c3O 85. O Estado Beta editou lei estadual dispondo que \u00e9 vedada a pulveriza\u00e7\u00e3o a\u00e9rea de agrot\u00f3xicos na agricultura naquele Estado.<\/strong><\/p>\n\n\n\n<p><strong>Instado a se manifestar, via controle difuso, no bojo de processo judicial, sobre a constitucionalidade da citada legisla\u00e7\u00e3o, na esteira da jurisprud\u00eancia do Supremo Tribunal Federal, o magistrado deve reconhecer a:<\/strong><\/p>\n\n\n\n<p><strong>a) inconstitucionalidade formal da norma, pois compete privativamente \u00e0 Uni\u00e3o legislar sobre direito agr\u00e1rio, \u00e1guas, agrot\u00f3xicos, jazidas, minas, outros recursos minerais e metalurgia;<\/strong><\/p>\n\n\n\n<p><strong>b) inconstitucionalidade material da norma, por viola\u00e7\u00e3o de um dos fundamentos da ordem econ\u00f4mica, qual seja, a livre iniciativa, que impede a regulamenta\u00e7\u00e3o de atividades econ\u00f4micas pelos Estados-membros;<\/strong><\/p>\n\n\n\n<p><strong>c) constitucionalidade da norma, pois compete \u00e0 Uni\u00e3o, aos Estados, ao Distrito Federal e aos Munic\u00edpios legislar concorrentemente sobre florestas, conserva\u00e7\u00e3o da natureza, defesa do solo e dos recursos naturais, agrot\u00f3xicos, min\u00e9rios, prote\u00e7\u00e3o do meio ambiente e controle da polui\u00e7\u00e3o;<\/strong><\/p>\n\n\n\n<p><strong>d) constitucionalidade da norma, pois o Estado possui compet\u00eancia concorrente para legislar sobre o tema e a norma representa maior prote\u00e7\u00e3o \u00e0 sa\u00fade e ao meio ambiente se comparada com as diretrizes gerais fixadas na legisla\u00e7\u00e3o federal, bem como prev\u00ea restri\u00e7\u00e3o razo\u00e1vel e proporcional \u00e0s t\u00e9cnicas de aplica\u00e7\u00e3o de pesticidas;<\/strong><\/p>\n\n\n\n<p><strong>e) constitucionalidade da norma, pois, de acordo com a legisla\u00e7\u00e3o federal sobre agrot\u00f3xicos, compete aos Estados, ao Distrito Federal e aos Munic\u00edpios legislar sobre o uso, a produ\u00e7\u00e3o, o consumo, o com\u00e9rcio e o armazenamento dos agrot\u00f3xicos, seus componentes e afins, cabendo aos Munic\u00edpios a fiscaliza\u00e7\u00e3o de seu uso, consumo, com\u00e9rcio, armazenamento e transporte interno.<\/strong><\/p>\n\n\n\n<p><strong>Coment\u00e1rios<\/strong><\/p>\n\n\n\n<p>A alternativa correta \u00e9 a <strong>letra D<\/strong>, conforme a jurisprud\u00eancia do STF: \u201c\u00c9 constitucional norma estadual que veda a pulveriza\u00e7\u00e3o a\u00e9rea de agrot\u00f3xicos na agricultura local e sujeita o infrator ao pagamento de multa. Essa norma representa maior prote\u00e7\u00e3o \u00e0 sa\u00fade e ao meio ambiente se comparada com as diretrizes gerais fixadas na legisla\u00e7\u00e3o federal. Al\u00e9m disso, essa norma estabelece restri\u00e7\u00e3o razo\u00e1vel e proporcional \u00e0s t\u00e9cnicas de aplica\u00e7\u00e3o de pesticidas\u201d. (ADI n.\u00ba 6.137\/CE, Rel. Min. C\u00e1rmen L\u00facia, julgado em 29\/5\/2023, informativo n\u00ba 1096).<\/p>\n\n\n\n<p>As alternativas A e B est\u00e3o incorretas, pois a norma \u00e9 constitucional.<\/p>\n\n\n\n<p>A alternativa C est\u00e1 incorreta, pois os Munic\u00edpios n\u00e3o se inserem na compet\u00eancia constitucional concorrente, conforme art. 24, VI, da CF: \u201cArt. 24. Compete \u00e0 Uni\u00e3o, aos Estados e ao Distrito Federal legislar concorrentemente sobre: [&#8230;] VI &#8211; florestas, ca\u00e7a, pesca, fauna, conserva\u00e7\u00e3o da natureza, defesa do solo e dos recursos naturais, prote\u00e7\u00e3o do meio ambiente e controle da polui\u00e7\u00e3o\u201d.A alternativa E est\u00e1 incorreta, pois n\u00e3o \u00e9 compet\u00eancia dos Munic\u00edpios, conforme art. 10 da Lei n.\u00ba 7.802\/1989: \u201cArt. 10. Compete aos Estados e ao Distrito Federal, nos termos dos arts. 23 e 24 da Constitui\u00e7\u00e3o Federal, legislar sobre o uso, a produ\u00e7\u00e3o, o consumo, o com\u00e9rcio e o armazenamento dos agrot\u00f3xicos, seus componentes e afins, bem como fiscalizar o uso, o consumo, o com\u00e9rcio, o armazenamento e o transporte interno.\u201d.<\/p>\n\n\n\n<p class=\"has-text-align-center has-luminous-vivid-amber-background-color has-background\"><strong>Saiba mais: <a href=\"https:\/\/cj.estrategia.com\/portal\/concurso-magistratura-go\/\">Concurso Magistratura GO<\/a><\/strong><\/p>\n\n\n\n<h2 class=\"wp-block-heading has-text-align-center\" id=\"cursos\"><span id=\"quer-saber-tudo-sobre-concursos-previstosconfira-nossos-artigos\">Quer saber tudo sobre concursos previstos?<br><strong>Confira nossos artigos!<\/strong><\/span><\/h2>\n\n\n\n\n\n<h2 class=\"wp-block-heading has-text-align-center\" id=\"cursos\"><span id=\"cursos-para-o-concurso-magistratura-go\"><span><b>Cursos para o <\/b><\/span><strong>Concurso Magistratura GO<\/strong><\/span><\/h2>\n\n\n\n<div class=\"wp-block-cover\" style=\"min-height:155px;aspect-ratio:unset;\"><img decoding=\"async\" width=\"1890\" height=\"351\" class=\"wp-block-cover__image-background wp-image-8669\" alt=\"Assinaturas Jur\u00eddicas\" src=\"https:\/\/cj.estrategia.com\/portal\/wp-content\/uploads\/2022\/06\/20151253\/concurso-carreiras-juridicas-assinatura-juridica.jpg\" style=\"object-position:78% 43%\" data-object-fit=\"cover\" data-object-position=\"78% 43%\" srcset=\"https:\/\/cj.estrategia.com\/portal\/wp-content\/uploads\/2022\/06\/20151253\/concurso-carreiras-juridicas-assinatura-juridica.jpg 1890w, https:\/\/cj.estrategia.com\/portal\/wp-content\/uploads\/2022\/06\/20151253\/concurso-carreiras-juridicas-assinatura-juridica-300x56.jpg 300w, https:\/\/cj.estrategia.com\/portal\/wp-content\/uploads\/2022\/06\/20151253\/concurso-carreiras-juridicas-assinatura-juridica-1024x190.jpg 1024w, https:\/\/cj.estrategia.com\/portal\/wp-content\/uploads\/2022\/06\/20151253\/concurso-carreiras-juridicas-assinatura-juridica-768x143.jpg 768w, https:\/\/cj.estrategia.com\/portal\/wp-content\/uploads\/2022\/06\/20151253\/concurso-carreiras-juridicas-assinatura-juridica-1536x285.jpg 1536w, https:\/\/cj.estrategia.com\/portal\/wp-content\/uploads\/2022\/06\/20151253\/concurso-carreiras-juridicas-assinatura-juridica-380x71.jpg 380w, https:\/\/cj.estrategia.com\/portal\/wp-content\/uploads\/2022\/06\/20151253\/concurso-carreiras-juridicas-assinatura-juridica-800x149.jpg 800w, https:\/\/cj.estrategia.com\/portal\/wp-content\/uploads\/2022\/06\/20151253\/concurso-carreiras-juridicas-assinatura-juridica-1160x215.jpg 1160w\" sizes=\"(max-width: 1890px) 100vw, 1890px\" \/><span aria-hidden=\"true\" class=\"wp-block-cover__background has-background-dim\"><\/span><div class=\"wp-block-cover__inner-container is-layout-flow wp-block-cover-is-layout-flow\">\n<h3 id=\"faca-a-sua-assinatura\" class=\"titulo-assinatura\"><span style=\"color: #ffffff;\">Fa\u00e7a a sua assinatura!<\/span><\/h3>\n<p class=\"subtitulo-assinatura\" style=\"display:block!important; line-height: 0;\"><span style=\"color: #ffffff;\">Escolha a sua \u00e1rea.<\/span><\/p>\n<a target=\"_blank\" href=\"https:\/\/www.estrategiaconcursos.com.br\/assinaturas-ecj\/\" rel=\"noopener\"><button style=\"border-radius: 10px; text-transform: capitalize;\">Acessar<\/button><\/a>\n<\/div><\/div>\n\n\n\n<h2 class=\"wp-block-heading has-text-align-center\" id=\"h-whatsapp-ecj-nbsp-clique-na-sua-carreira-e-participe\"><span id=\"whatsapp-ecj-clique-na-sua-carreira-e-participe\">Whatsapp ECJ:&nbsp;<strong>Clique na sua carreira e PARTICIPE!<\/strong><\/span><\/h2>\n\n\n\n<p>Com o&nbsp;<strong>Whatsapp ECJ<\/strong>&nbsp;vamos transformar a maneira como os estudantes se preparam para os concursos p\u00fablicos do momento e do futuro. <strong>Esta plataforma n\u00e3o apenas oferece suporte para tirar d\u00favidas cruciais, mas tamb\u00e9m fornece dicas valiosas para alcan\u00e7ar o sucesso nas provas<\/strong>, abrangendo todas as \u00e1reas da carreira jur\u00eddica.<\/p>\n\n\n\n<figure class=\"wp-block-image size-large\"><a href=\"https:\/\/www.redirectmais.com\/run\/magistratura-estadual-info\"><img decoding=\"async\" width=\"1024\" height=\"190\" src=\"https:\/\/cj.estrategia.com\/portal\/wp-content\/uploads\/2023\/12\/06120547\/BANNER-AZUL-1-1024x190.jpg\" alt=\"\" class=\"wp-image-51100\" srcset=\"https:\/\/cj.estrategia.com\/portal\/wp-content\/uploads\/2023\/12\/06120547\/BANNER-AZUL-1-1024x190.jpg 1024w, https:\/\/cj.estrategia.com\/portal\/wp-content\/uploads\/2023\/12\/06120547\/BANNER-AZUL-1-300x56.jpg 300w, https:\/\/cj.estrategia.com\/portal\/wp-content\/uploads\/2023\/12\/06120547\/BANNER-AZUL-1-768x143.jpg 768w, https:\/\/cj.estrategia.com\/portal\/wp-content\/uploads\/2023\/12\/06120547\/BANNER-AZUL-1-1536x285.jpg 1536w, https:\/\/cj.estrategia.com\/portal\/wp-content\/uploads\/2023\/12\/06120547\/BANNER-AZUL-1-380x71.jpg 380w, https:\/\/cj.estrategia.com\/portal\/wp-content\/uploads\/2023\/12\/06120547\/BANNER-AZUL-1-800x149.jpg 800w, https:\/\/cj.estrategia.com\/portal\/wp-content\/uploads\/2023\/12\/06120547\/BANNER-AZUL-1-1160x215.jpg 1160w, https:\/\/cj.estrategia.com\/portal\/wp-content\/uploads\/2023\/12\/06120547\/BANNER-AZUL-1-150x28.jpg 150w, https:\/\/cj.estrategia.com\/portal\/wp-content\/uploads\/2023\/12\/06120547\/BANNER-AZUL-1.jpg 1890w\" sizes=\"(max-width: 1024px) 100vw, 1024px\" \/><\/a><\/figure>\n","protected":false},"excerpt":{"rendered":"Ol\u00e1, pessoal, tudo certo?! Em 17\/12\/2023, foi aplicada a prova objetiva do concurso p\u00fablico para Juiz Substituto do&hellip;\n","protected":false},"author":12,"featured_media":32256,"comment_status":"open","ping_status":"open","sticky":false,"template":"","format":"standard","meta":{"_jetpack_memberships_contains_paid_content":false,"footnotes":""},"categories":[26],"tags":[],"tax_estado":[39],"class_list":{"0":"post-52405","1":"post","2":"type-post","3":"status-publish","4":"format-standard","5":"has-post-thumbnail","7":"category-magistratura","8":"tax_estado-go"},"acf":[],"yoast_head":"<!-- This site is optimized with the Yoast SEO Premium plugin v27.4 (Yoast SEO v27.4) - https:\/\/yoast.com\/product\/yoast-seo-premium-wordpress\/ -->\n<title>Prova comentada Direito Ambiental Magistratura GO<\/title>\n<meta name=\"description\" content=\"Prova comentada Direito Ambiental Magistratura GO: confira AQUI os coment\u00e1rios dos nossos professores e tire suas d\u00favidas!\" \/>\n<meta name=\"robots\" content=\"index, follow, max-snippet:-1, max-image-preview:large, max-video-preview:-1\" \/>\n<link rel=\"canonical\" href=\"https:\/\/cj.estrategia.com\/portal\/prova-comentada-direito-ambiental-magistratura-go\/\" \/>\n<meta property=\"og:locale\" content=\"pt_BR\" \/>\n<meta property=\"og:type\" content=\"article\" \/>\n<meta property=\"og:title\" content=\"Prova comentada Direito Ambiental Magistratura GO\" \/>\n<meta property=\"og:description\" content=\"Prova comentada Direito Ambiental Magistratura GO: confira AQUI os coment\u00e1rios dos nossos professores e tire suas d\u00favidas!\" \/>\n<meta property=\"og:url\" content=\"https:\/\/cj.estrategia.com\/portal\/prova-comentada-direito-ambiental-magistratura-go\/\" \/>\n<meta property=\"og:site_name\" content=\"Blog - Carreiras Jur\u00eddicas - Estrat\u00e9gia\" \/>\n<meta property=\"article:publisher\" content=\"https:\/\/www.facebook.com\/estrategiacarreirajuridica\/\" \/>\n<meta property=\"article:published_time\" content=\"2023-12-19T00:06:15+00:00\" \/>\n<meta property=\"article:modified_time\" content=\"2023-12-19T00:06:18+00:00\" \/>\n<meta property=\"og:image\" content=\"https:\/\/cj.estrategia.com\/portal\/wp-content\/uploads\/2023\/03\/27140838\/concursos-juridicos-magistratura-go.jpg\" \/>\n\t<meta property=\"og:image:width\" content=\"960\" \/>\n\t<meta property=\"og:image:height\" content=\"540\" \/>\n\t<meta property=\"og:image:type\" content=\"image\/jpeg\" \/>\n<meta name=\"author\" content=\"Coordena\u00e7\u00e3o\" \/>\n<meta name=\"twitter:card\" content=\"summary_large_image\" \/>\n<meta name=\"twitter:creator\" content=\"@EstratJuridica\" \/>\n<meta name=\"twitter:site\" content=\"@EstratJuridica\" \/>\n<meta name=\"twitter:label1\" content=\"Escrito por\" \/>\n\t<meta name=\"twitter:data1\" content=\"Coordena\u00e7\u00e3o\" \/>\n\t<meta name=\"twitter:label2\" content=\"Est. tempo de leitura\" \/>\n\t<meta name=\"twitter:data2\" content=\"10 minutos\" \/>\n<script type=\"application\/ld+json\" class=\"yoast-schema-graph\">{\"@context\":\"https:\\\/\\\/schema.org\",\"@graph\":[{\"@type\":\"NewsArticle\",\"@id\":\"https:\\\/\\\/cj.estrategia.com\\\/portal\\\/prova-comentada-direito-ambiental-magistratura-go\\\/#article\",\"isPartOf\":{\"@id\":\"https:\\\/\\\/cj.estrategia.com\\\/portal\\\/prova-comentada-direito-ambiental-magistratura-go\\\/\"},\"author\":{\"name\":\"Coordena\u00e7\u00e3o\",\"@id\":\"https:\\\/\\\/cj.estrategia.com\\\/portal\\\/#\\\/schema\\\/person\\\/4d70317d31449932b99102916b6637f5\"},\"headline\":\"Prova comentada Direito Ambiental Magistratura GO\",\"datePublished\":\"2023-12-19T00:06:15+00:00\",\"dateModified\":\"2023-12-19T00:06:18+00:00\",\"mainEntityOfPage\":{\"@id\":\"https:\\\/\\\/cj.estrategia.com\\\/portal\\\/prova-comentada-direito-ambiental-magistratura-go\\\/\"},\"wordCount\":1901,\"commentCount\":0,\"publisher\":{\"@id\":\"https:\\\/\\\/cj.estrategia.com\\\/portal\\\/#organization\"},\"image\":{\"@id\":\"https:\\\/\\\/cj.estrategia.com\\\/portal\\\/prova-comentada-direito-ambiental-magistratura-go\\\/#primaryimage\"},\"thumbnailUrl\":\"https:\\\/\\\/cj.estrategia.com\\\/portal\\\/wp-content\\\/uploads\\\/2023\\\/03\\\/27140838\\\/concursos-juridicos-magistratura-go.jpg\",\"articleSection\":[\"Magistratura\"],\"inLanguage\":\"pt-BR\",\"potentialAction\":[{\"@type\":\"CommentAction\",\"name\":\"Comment\",\"target\":[\"https:\\\/\\\/cj.estrategia.com\\\/portal\\\/prova-comentada-direito-ambiental-magistratura-go\\\/#respond\"]}]},{\"@type\":\"WebPage\",\"@id\":\"https:\\\/\\\/cj.estrategia.com\\\/portal\\\/prova-comentada-direito-ambiental-magistratura-go\\\/\",\"url\":\"https:\\\/\\\/cj.estrategia.com\\\/portal\\\/prova-comentada-direito-ambiental-magistratura-go\\\/\",\"name\":\"Prova comentada Direito Ambiental Magistratura GO\",\"isPartOf\":{\"@id\":\"https:\\\/\\\/cj.estrategia.com\\\/portal\\\/#website\"},\"primaryImageOfPage\":{\"@id\":\"https:\\\/\\\/cj.estrategia.com\\\/portal\\\/prova-comentada-direito-ambiental-magistratura-go\\\/#primaryimage\"},\"image\":{\"@id\":\"https:\\\/\\\/cj.estrategia.com\\\/portal\\\/prova-comentada-direito-ambiental-magistratura-go\\\/#primaryimage\"},\"thumbnailUrl\":\"https:\\\/\\\/cj.estrategia.com\\\/portal\\\/wp-content\\\/uploads\\\/2023\\\/03\\\/27140838\\\/concursos-juridicos-magistratura-go.jpg\",\"datePublished\":\"2023-12-19T00:06:15+00:00\",\"dateModified\":\"2023-12-19T00:06:18+00:00\",\"description\":\"Prova comentada Direito Ambiental Magistratura GO: confira AQUI os coment\u00e1rios dos nossos professores e tire suas d\u00favidas!\",\"breadcrumb\":{\"@id\":\"https:\\\/\\\/cj.estrategia.com\\\/portal\\\/prova-comentada-direito-ambiental-magistratura-go\\\/#breadcrumb\"},\"inLanguage\":\"pt-BR\",\"potentialAction\":[{\"@type\":\"ReadAction\",\"target\":[\"https:\\\/\\\/cj.estrategia.com\\\/portal\\\/prova-comentada-direito-ambiental-magistratura-go\\\/\"]}]},{\"@type\":\"ImageObject\",\"inLanguage\":\"pt-BR\",\"@id\":\"https:\\\/\\\/cj.estrategia.com\\\/portal\\\/prova-comentada-direito-ambiental-magistratura-go\\\/#primaryimage\",\"url\":\"https:\\\/\\\/cj.estrategia.com\\\/portal\\\/wp-content\\\/uploads\\\/2023\\\/03\\\/27140838\\\/concursos-juridicos-magistratura-go.jpg\",\"contentUrl\":\"https:\\\/\\\/cj.estrategia.com\\\/portal\\\/wp-content\\\/uploads\\\/2023\\\/03\\\/27140838\\\/concursos-juridicos-magistratura-go.jpg\",\"width\":960,\"height\":540,\"caption\":\"concurso juiz GO\"},{\"@type\":\"BreadcrumbList\",\"@id\":\"https:\\\/\\\/cj.estrategia.com\\\/portal\\\/prova-comentada-direito-ambiental-magistratura-go\\\/#breadcrumb\",\"itemListElement\":[{\"@type\":\"ListItem\",\"position\":1,\"name\":\"In\u00edcio\",\"item\":\"https:\\\/\\\/cj.estrategia.com\\\/portal\\\/\"},{\"@type\":\"ListItem\",\"position\":2,\"name\":\"Prova comentada Direito Ambiental Magistratura GO\"}]},{\"@type\":\"WebSite\",\"@id\":\"https:\\\/\\\/cj.estrategia.com\\\/portal\\\/#website\",\"url\":\"https:\\\/\\\/cj.estrategia.com\\\/portal\\\/\",\"name\":\"Blog - Carreiras Jur\u00eddicas - Estrat\u00e9gia\",\"description\":\"\",\"publisher\":{\"@id\":\"https:\\\/\\\/cj.estrategia.com\\\/portal\\\/#organization\"},\"potentialAction\":[{\"@type\":\"SearchAction\",\"target\":{\"@type\":\"EntryPoint\",\"urlTemplate\":\"https:\\\/\\\/cj.estrategia.com\\\/portal\\\/?s={search_term_string}\"},\"query-input\":{\"@type\":\"PropertyValueSpecification\",\"valueRequired\":true,\"valueName\":\"search_term_string\"}}],\"inLanguage\":\"pt-BR\"},{\"@type\":\"Organization\",\"@id\":\"https:\\\/\\\/cj.estrategia.com\\\/portal\\\/#organization\",\"name\":\"Estrat\u00e9gia - Carreiras Jur\u00eddicas\",\"url\":\"https:\\\/\\\/cj.estrategia.com\\\/portal\\\/\",\"logo\":{\"@type\":\"ImageObject\",\"inLanguage\":\"pt-BR\",\"@id\":\"https:\\\/\\\/cj.estrategia.com\\\/portal\\\/#\\\/schema\\\/logo\\\/image\\\/\",\"url\":\"https:\\\/\\\/cj.estrategia.com\\\/portal\\\/wp-content\\\/uploads\\\/2022\\\/03\\\/11151052\\\/cj-logo.png\",\"contentUrl\":\"https:\\\/\\\/cj.estrategia.com\\\/portal\\\/wp-content\\\/uploads\\\/2022\\\/03\\\/11151052\\\/cj-logo.png\",\"width\":150,\"height\":39,\"caption\":\"Estrat\u00e9gia - Carreiras Jur\u00eddicas\"},\"image\":{\"@id\":\"https:\\\/\\\/cj.estrategia.com\\\/portal\\\/#\\\/schema\\\/logo\\\/image\\\/\"},\"sameAs\":[\"https:\\\/\\\/www.facebook.com\\\/estrategiacarreirajuridica\\\/\",\"https:\\\/\\\/x.com\\\/EstratJuridica\",\"https:\\\/\\\/www.instagram.com\\\/estrategiacarreirajuridica\\\/\",\"https:\\\/\\\/www.youtube.com\\\/channel\\\/UClbMGuYbj2Mh1m3w144ETWQ\"]},{\"@type\":\"Person\",\"@id\":\"https:\\\/\\\/cj.estrategia.com\\\/portal\\\/#\\\/schema\\\/person\\\/4d70317d31449932b99102916b6637f5\",\"name\":\"Coordena\u00e7\u00e3o\",\"image\":{\"@type\":\"ImageObject\",\"inLanguage\":\"pt-BR\",\"@id\":\"https:\\\/\\\/cj.estrategia.com\\\/portal\\\/wp-content\\\/uploads\\\/2022\\\/05\\\/12164923\\\/estrategia-carreira-juridica-coordenacao-96x96.png\",\"url\":\"https:\\\/\\\/cj.estrategia.com\\\/portal\\\/wp-content\\\/uploads\\\/2022\\\/05\\\/12164923\\\/estrategia-carreira-juridica-coordenacao-96x96.png\",\"contentUrl\":\"https:\\\/\\\/cj.estrategia.com\\\/portal\\\/wp-content\\\/uploads\\\/2022\\\/05\\\/12164923\\\/estrategia-carreira-juridica-coordenacao-96x96.png\",\"caption\":\"Coordena\u00e7\u00e3o\"},\"url\":\"https:\\\/\\\/cj.estrategia.com\\\/portal\\\/author\\\/coordenacao\\\/\"}]}<\/script>\n<!-- \/ Yoast SEO Premium plugin. -->","yoast_head_json":{"title":"Prova comentada Direito Ambiental Magistratura GO","description":"Prova comentada Direito Ambiental Magistratura GO: confira AQUI os coment\u00e1rios dos nossos professores e tire suas d\u00favidas!","robots":{"index":"index","follow":"follow","max-snippet":"max-snippet:-1","max-image-preview":"max-image-preview:large","max-video-preview":"max-video-preview:-1"},"canonical":"https:\/\/cj.estrategia.com\/portal\/prova-comentada-direito-ambiental-magistratura-go\/","og_locale":"pt_BR","og_type":"article","og_title":"Prova comentada Direito Ambiental Magistratura GO","og_description":"Prova comentada Direito Ambiental Magistratura GO: confira AQUI os coment\u00e1rios dos nossos professores e tire suas d\u00favidas!","og_url":"https:\/\/cj.estrategia.com\/portal\/prova-comentada-direito-ambiental-magistratura-go\/","og_site_name":"Blog - Carreiras Jur\u00eddicas - Estrat\u00e9gia","article_publisher":"https:\/\/www.facebook.com\/estrategiacarreirajuridica\/","article_published_time":"2023-12-19T00:06:15+00:00","article_modified_time":"2023-12-19T00:06:18+00:00","og_image":[{"width":960,"height":540,"url":"https:\/\/cj.estrategia.com\/portal\/wp-content\/uploads\/2023\/03\/27140838\/concursos-juridicos-magistratura-go.jpg","type":"image\/jpeg"}],"author":"Coordena\u00e7\u00e3o","twitter_card":"summary_large_image","twitter_creator":"@EstratJuridica","twitter_site":"@EstratJuridica","twitter_misc":{"Escrito por":"Coordena\u00e7\u00e3o","Est. tempo de leitura":"10 minutos"},"schema":{"@context":"https:\/\/schema.org","@graph":[{"@type":"NewsArticle","@id":"https:\/\/cj.estrategia.com\/portal\/prova-comentada-direito-ambiental-magistratura-go\/#article","isPartOf":{"@id":"https:\/\/cj.estrategia.com\/portal\/prova-comentada-direito-ambiental-magistratura-go\/"},"author":{"name":"Coordena\u00e7\u00e3o","@id":"https:\/\/cj.estrategia.com\/portal\/#\/schema\/person\/4d70317d31449932b99102916b6637f5"},"headline":"Prova comentada Direito Ambiental Magistratura GO","datePublished":"2023-12-19T00:06:15+00:00","dateModified":"2023-12-19T00:06:18+00:00","mainEntityOfPage":{"@id":"https:\/\/cj.estrategia.com\/portal\/prova-comentada-direito-ambiental-magistratura-go\/"},"wordCount":1901,"commentCount":0,"publisher":{"@id":"https:\/\/cj.estrategia.com\/portal\/#organization"},"image":{"@id":"https:\/\/cj.estrategia.com\/portal\/prova-comentada-direito-ambiental-magistratura-go\/#primaryimage"},"thumbnailUrl":"https:\/\/cj.estrategia.com\/portal\/wp-content\/uploads\/2023\/03\/27140838\/concursos-juridicos-magistratura-go.jpg","articleSection":["Magistratura"],"inLanguage":"pt-BR","potentialAction":[{"@type":"CommentAction","name":"Comment","target":["https:\/\/cj.estrategia.com\/portal\/prova-comentada-direito-ambiental-magistratura-go\/#respond"]}]},{"@type":"WebPage","@id":"https:\/\/cj.estrategia.com\/portal\/prova-comentada-direito-ambiental-magistratura-go\/","url":"https:\/\/cj.estrategia.com\/portal\/prova-comentada-direito-ambiental-magistratura-go\/","name":"Prova comentada Direito Ambiental Magistratura GO","isPartOf":{"@id":"https:\/\/cj.estrategia.com\/portal\/#website"},"primaryImageOfPage":{"@id":"https:\/\/cj.estrategia.com\/portal\/prova-comentada-direito-ambiental-magistratura-go\/#primaryimage"},"image":{"@id":"https:\/\/cj.estrategia.com\/portal\/prova-comentada-direito-ambiental-magistratura-go\/#primaryimage"},"thumbnailUrl":"https:\/\/cj.estrategia.com\/portal\/wp-content\/uploads\/2023\/03\/27140838\/concursos-juridicos-magistratura-go.jpg","datePublished":"2023-12-19T00:06:15+00:00","dateModified":"2023-12-19T00:06:18+00:00","description":"Prova comentada Direito Ambiental Magistratura GO: confira AQUI os coment\u00e1rios dos nossos professores e tire suas d\u00favidas!","breadcrumb":{"@id":"https:\/\/cj.estrategia.com\/portal\/prova-comentada-direito-ambiental-magistratura-go\/#breadcrumb"},"inLanguage":"pt-BR","potentialAction":[{"@type":"ReadAction","target":["https:\/\/cj.estrategia.com\/portal\/prova-comentada-direito-ambiental-magistratura-go\/"]}]},{"@type":"ImageObject","inLanguage":"pt-BR","@id":"https:\/\/cj.estrategia.com\/portal\/prova-comentada-direito-ambiental-magistratura-go\/#primaryimage","url":"https:\/\/cj.estrategia.com\/portal\/wp-content\/uploads\/2023\/03\/27140838\/concursos-juridicos-magistratura-go.jpg","contentUrl":"https:\/\/cj.estrategia.com\/portal\/wp-content\/uploads\/2023\/03\/27140838\/concursos-juridicos-magistratura-go.jpg","width":960,"height":540,"caption":"concurso juiz GO"},{"@type":"BreadcrumbList","@id":"https:\/\/cj.estrategia.com\/portal\/prova-comentada-direito-ambiental-magistratura-go\/#breadcrumb","itemListElement":[{"@type":"ListItem","position":1,"name":"In\u00edcio","item":"https:\/\/cj.estrategia.com\/portal\/"},{"@type":"ListItem","position":2,"name":"Prova comentada Direito Ambiental Magistratura GO"}]},{"@type":"WebSite","@id":"https:\/\/cj.estrategia.com\/portal\/#website","url":"https:\/\/cj.estrategia.com\/portal\/","name":"Blog - Carreiras Jur\u00eddicas - Estrat\u00e9gia","description":"","publisher":{"@id":"https:\/\/cj.estrategia.com\/portal\/#organization"},"potentialAction":[{"@type":"SearchAction","target":{"@type":"EntryPoint","urlTemplate":"https:\/\/cj.estrategia.com\/portal\/?s={search_term_string}"},"query-input":{"@type":"PropertyValueSpecification","valueRequired":true,"valueName":"search_term_string"}}],"inLanguage":"pt-BR"},{"@type":"Organization","@id":"https:\/\/cj.estrategia.com\/portal\/#organization","name":"Estrat\u00e9gia - Carreiras Jur\u00eddicas","url":"https:\/\/cj.estrategia.com\/portal\/","logo":{"@type":"ImageObject","inLanguage":"pt-BR","@id":"https:\/\/cj.estrategia.com\/portal\/#\/schema\/logo\/image\/","url":"https:\/\/cj.estrategia.com\/portal\/wp-content\/uploads\/2022\/03\/11151052\/cj-logo.png","contentUrl":"https:\/\/cj.estrategia.com\/portal\/wp-content\/uploads\/2022\/03\/11151052\/cj-logo.png","width":150,"height":39,"caption":"Estrat\u00e9gia - Carreiras Jur\u00eddicas"},"image":{"@id":"https:\/\/cj.estrategia.com\/portal\/#\/schema\/logo\/image\/"},"sameAs":["https:\/\/www.facebook.com\/estrategiacarreirajuridica\/","https:\/\/x.com\/EstratJuridica","https:\/\/www.instagram.com\/estrategiacarreirajuridica\/","https:\/\/www.youtube.com\/channel\/UClbMGuYbj2Mh1m3w144ETWQ"]},{"@type":"Person","@id":"https:\/\/cj.estrategia.com\/portal\/#\/schema\/person\/4d70317d31449932b99102916b6637f5","name":"Coordena\u00e7\u00e3o","image":{"@type":"ImageObject","inLanguage":"pt-BR","@id":"https:\/\/cj.estrategia.com\/portal\/wp-content\/uploads\/2022\/05\/12164923\/estrategia-carreira-juridica-coordenacao-96x96.png","url":"https:\/\/cj.estrategia.com\/portal\/wp-content\/uploads\/2022\/05\/12164923\/estrategia-carreira-juridica-coordenacao-96x96.png","contentUrl":"https:\/\/cj.estrategia.com\/portal\/wp-content\/uploads\/2022\/05\/12164923\/estrategia-carreira-juridica-coordenacao-96x96.png","caption":"Coordena\u00e7\u00e3o"},"url":"https:\/\/cj.estrategia.com\/portal\/author\/coordenacao\/"}]}},"jetpack_featured_media_url":"https:\/\/cj.estrategia.com\/portal\/wp-content\/uploads\/2023\/03\/27140838\/concursos-juridicos-magistratura-go.jpg","jetpack_sharing_enabled":true,"_links":{"self":[{"href":"https:\/\/cj.estrategia.com\/portal\/wp-json\/wp\/v2\/posts\/52405","targetHints":{"allow":["GET"]}}],"collection":[{"href":"https:\/\/cj.estrategia.com\/portal\/wp-json\/wp\/v2\/posts"}],"about":[{"href":"https:\/\/cj.estrategia.com\/portal\/wp-json\/wp\/v2\/types\/post"}],"author":[{"embeddable":true,"href":"https:\/\/cj.estrategia.com\/portal\/wp-json\/wp\/v2\/users\/12"}],"replies":[{"embeddable":true,"href":"https:\/\/cj.estrategia.com\/portal\/wp-json\/wp\/v2\/comments?post=52405"}],"version-history":[{"count":1,"href":"https:\/\/cj.estrategia.com\/portal\/wp-json\/wp\/v2\/posts\/52405\/revisions"}],"predecessor-version":[{"id":52421,"href":"https:\/\/cj.estrategia.com\/portal\/wp-json\/wp\/v2\/posts\/52405\/revisions\/52421"}],"wp:featuredmedia":[{"embeddable":true,"href":"https:\/\/cj.estrategia.com\/portal\/wp-json\/wp\/v2\/media\/32256"}],"wp:attachment":[{"href":"https:\/\/cj.estrategia.com\/portal\/wp-json\/wp\/v2\/media?parent=52405"}],"wp:term":[{"taxonomy":"category","embeddable":true,"href":"https:\/\/cj.estrategia.com\/portal\/wp-json\/wp\/v2\/categories?post=52405"},{"taxonomy":"post_tag","embeddable":true,"href":"https:\/\/cj.estrategia.com\/portal\/wp-json\/wp\/v2\/tags?post=52405"},{"taxonomy":"tax_estado","embeddable":true,"href":"https:\/\/cj.estrategia.com\/portal\/wp-json\/wp\/v2\/tax_estado?post=52405"}],"curies":[{"name":"wp","href":"https:\/\/api.w.org\/{rel}","templated":true}]}}