{"id":52130,"date":"2023-12-14T21:27:48","date_gmt":"2023-12-15T00:27:48","guid":{"rendered":"https:\/\/cj.estrategia.com\/portal\/?p=52130"},"modified":"2023-12-14T21:27:52","modified_gmt":"2023-12-15T00:27:52","slug":"prova-comentada-direito-do-consumidor-mp-pr-promotor","status":"publish","type":"post","link":"https:\/\/cj.estrategia.com\/portal\/prova-comentada-direito-do-consumidor-mp-pr-promotor\/","title":{"rendered":"Prova Comentada Direito do Consumidor MP PR Promotor"},"content":{"rendered":"\n<p>Ol\u00e1, pessoal, tudo certo?!<\/p>\n\n\n\n<p>Em 10\/12\/2023, foi aplicada a prova objetiva do concurso p\u00fablico para o <strong>Minist\u00e9rio P\u00fablico do estado do Paran\u00e1<\/strong>. Assim que encerrada, nosso time de professores elaborou o gabarito extraoficial, que, agora, ser\u00e1 apresentado juntamente com a nossa <strong>PROVA COMENTADA<\/strong>.<\/p>\n\n\n\n<p>Este material visa a auxili\u00e1-los na aferi\u00e7\u00e3o das notas, elabora\u00e7\u00e3o de eventuais recursos, verifica\u00e7\u00e3o das chances de avan\u00e7o para fase discursiva, bem como na revis\u00e3o do conte\u00fado cobrado no certame.<\/p>\n\n\n\n<p>Desde j\u00e1, destacamos que nosso time de professores identificou 3 quest\u00f5es pass\u00edveis de recursos e\/ou que devem ser anuladas, por apresentarem duas ou nenhuma alternativa correta, como veremos adiante. No tipo de prova comentado, trata-se das quest\u00f5es 23, 24 e 28.<\/p>\n\n\n\n<p>De modo complementar, elaboramos tamb\u00e9m o <strong><a href=\"https:\/\/cj.estrategia.com\/cadernos-e-simulados\/simulados\/7052089a-253e-4298-a441-9f645ebfbee1\">RANKING do MP-PR<\/a><\/strong>, em que nossos alunos e seguidores poder\u00e3o inserir suas respostas \u00e0 prova, e, ao final, aferir sua nota, de acordo com o gabarito elaborado por nossos professores. Atrav\u00e9s do ranking, tamb\u00e9m poderemos estimar a nota de corte da 1\u00ba fase. Essa ferramenta \u00e9 gratuita e, para participar, basta clicar no link abaixo:<\/p>\n\n\n\n<p>Al\u00e9m disso, montamos um caderno para nossos seguidores, alunos ou n\u00e3o, verem os coment\u00e1rios e comentar as quest\u00f5es da prova: Confira <a href=\"https:\/\/cj.estrategia.com\/cadernos-e-simulados\/cadernos\/b93f4de8-1812-4f18-a053-e7577eb4402e\">AQUI!<\/a><\/p>\n\n\n\n<p>Por fim, acompanhe todas as novidades sobre essa e outras provas da carreira no nosso canal do Youtube. Inscreva-se e ative as notifica\u00e7\u00f5es! <a href=\"https:\/\/www.youtube.com\/@EstrategiaCarreiraJuridica\"><strong>Estrat\u00e9gia Carreira Jur\u00eddica &#8211; YouTube<\/strong><\/a><\/p>\n\n\n\n<p class=\"has-text-align-center has-pale-ocean-gradient-background has-background\"><strong>Confira <a href=\"https:\/\/cj.estrategia.com\/portal\/provas-comentadas-mp-pr-promotor\/\">AQUI <\/a>todas as provas comentadas deste certame!<\/strong><\/p>\n\n\n\n<h2 class=\"wp-block-heading has-vivid-red-color has-text-color has-link-color wp-elements-4ca7727fc2ed7911f72f493707c13e6b\" id=\"h-prova-comentada-direito-do-consumidor\"><span id=\"prova-comentada-direito-do-consumidor\">Prova Comentada Direito do Consumidor<\/span><\/h2>\n\n\n\n<p><strong>QUEST\u00c3O 76. Assinale a alternativa incorreta:<\/strong><\/p>\n\n\n\n<p><strong>a) \u00c9 vedado, expressa ou implicitamente, na oferta de cr\u00e9dito ao consumidor, publicit\u00e1ria ou n\u00e3o, ocultar ou dificultar a compreens\u00e3o sobre os \u00f4nus e os riscos da contrata\u00e7\u00e3o do cr\u00e9dito ou da venda a prazo.<\/strong><\/p>\n\n\n\n<p><strong>b) \u00c9 vedado, expressa ou implicitamente, na oferta de cr\u00e9dito ao consumidor, publicit\u00e1ria ou n\u00e3o, indicar que a opera\u00e7\u00e3o de cr\u00e9dito poder\u00e1 ser conclu\u00edda sem consulta a servi\u00e7os de prote\u00e7\u00e3o ao cr\u00e9dito ou sem avalia\u00e7\u00e3o da situa\u00e7\u00e3o financeira do consumidor.<\/strong><\/p>\n\n\n\n<p><strong>c) No fornecimento de cr\u00e9dito e na venda a prazo, al\u00e9m de informa\u00e7\u00f5es obrigat\u00f3rias previstas no C\u00f3digo de Defesa do Consumidor e na legisla\u00e7\u00e3o aplic\u00e1vel \u00e0 mat\u00e9ria, o fornecedor ou o intermedi\u00e1rio dever\u00e1 informar o consumidor, pr\u00e9via e adequadamente, no momento da oferta, sobre o montante das presta\u00e7\u00f5es e o prazo de validade da oferta, que deve ser, no m\u00ednimo, de 5 (cinco) dias.<\/strong><\/p>\n\n\n\n<p><strong>d) Contrato de ades\u00e3o \u00e9 aquele cujas cl\u00e1usulas tenham sido aprovadas pela autoridade competente ou estabelecidas unilateralmente pelo fornecedor de produtos ou servi\u00e7os, sem que o consumidor possa discutir ou modificar substancialmente seu conte\u00fado, sendo que a inser\u00e7\u00e3o de cl\u00e1usula no formul\u00e1rio n\u00e3o desfigura a natureza de ades\u00e3o do contrato.<\/strong><\/p>\n\n\n\n<p><strong>e) Para efeitos do C\u00f3digo de Defesa do Consumidor, o custo efetivo total da opera\u00e7\u00e3o de cr\u00e9dito ao consumidor consistir\u00e1 em taxa percentual anual e compreender\u00e1 todos os valores cobrados do consumidor, sem preju\u00edzo do c\u00e1lculo padronizado pela autoridade reguladora do sistema financeiro.<\/strong><\/p>\n\n\n\n<p><strong>Coment\u00e1rios<\/strong><\/p>\n\n\n\n<p>A alternativa correta \u00e9 a<strong> letra C.<\/strong><\/p>\n\n\n\n<p>A quest\u00e3o exige o conhecimento acerca dos contratos de oferta de cr\u00e9dito ao consumidor.<\/p>\n\n\n\n<p>A alternativa A est\u00e1 incorreta, pois est\u00e1 de acordo com o art. 54-C, III, CDC: \u201c\u00c9 vedado, expressa ou implicitamente, na oferta de cr\u00e9dito ao consumidor, publicit\u00e1ria ou n\u00e3o: (&#8230;) III &#8211; ocultar ou dificultar a compreens\u00e3o sobre os \u00f4nus e os riscos da contrata\u00e7\u00e3o do cr\u00e9dito ou da venda a prazo;\u201d<\/p>\n\n\n\n<p>A alternativa B est\u00e1 incorreta, pois est\u00e1 de acordo com o art. 54-C, II, CDC: \u201c\u00c9 vedado, expressa ou implicitamente, na oferta de cr\u00e9dito ao consumidor, publicit\u00e1ria ou n\u00e3o: (&#8230;) II &#8211; indicar que a opera\u00e7\u00e3o de cr\u00e9dito poder\u00e1 ser conclu\u00edda sem consulta a servi\u00e7os de prote\u00e7\u00e3o ao cr\u00e9dito ou sem avalia\u00e7\u00e3o da situa\u00e7\u00e3o financeira do consumidor;\u201d<\/p>\n\n\n\n<p>A alternativa C est\u00e1 correta, pois contraria o art. 54-B, III, CDC: \u201cNo fornecimento de cr\u00e9dito e na venda a prazo, al\u00e9m das informa\u00e7\u00f5es obrigat\u00f3rias previstas no art. 52 deste C\u00f3digo e na legisla\u00e7\u00e3o aplic\u00e1vel \u00e0 mat\u00e9ria, o fornecedor ou o intermedi\u00e1rio dever\u00e1 informar o consumidor, pr\u00e9via e adequadamente, no momento da oferta, sobre: (&#8230;) III &#8211; o montante das presta\u00e7\u00f5es e o prazo de validade da oferta, que deve ser, no m\u00ednimo, de 2 (dois) dias;\u201d<\/p>\n\n\n\n<p>A alternativa D est\u00e1 incorreta, pois est\u00e1 de acordo com o art. 54 do CDC: \u201cContrato de ades\u00e3o \u00e9 aquele cujas cl\u00e1usulas tenham sido aprovadas pela autoridade competente ou estabelecidas unilateralmente pelo fornecedor de produtos ou servi\u00e7os, sem que o consumidor possa discutir ou modificar substancialmente seu conte\u00fado.\u201d<\/p>\n\n\n\n<p>A alternativa E est\u00e1 incorreta, pois contraria o art. 54-B, \u00a72\u00ba, CDC: \u201cPara efeitos deste C\u00f3digo, o custo efetivo total da opera\u00e7\u00e3o de cr\u00e9dito ao consumidor consistir\u00e1 em taxa percentual anual e compreender\u00e1 todos os valores cobrados do consumidor, sem preju\u00edzo do c\u00e1lculo padronizado pela autoridade reguladora do sistema financeiro.\u201d<\/p>\n\n\n\n<p><strong>QUEST\u00c3O 77. Acerca dos princ\u00edpios consagrados e regras contidas no C\u00f3digo de Defesa do Consumidor, analise as assertivas abaixo e assinale a alternativa:<\/strong><\/p>\n\n\n\n<p><strong>I. O princ\u00edpio do protecionismo do consumidor enfeixa, dentre outras consequ\u00eancias pr\u00e1ticas, a de que as regras estabelecidas no C\u00f3digo de Defesa do Consumidor n\u00e3o podem ser afastadas mesmo que haja conven\u00e7\u00e3o entre as partes.<\/strong><\/p>\n\n\n\n<p><strong>II. Considerados os princ\u00edpios da vulnerabilidade do consumidor e da hipossufici\u00eancia do consumidor, \u00e9 correto afirmar que todo consumidor \u00e9 vulner\u00e1vel, mas nem todo consumidor \u00e9 hipossuficiente.<\/strong><\/p>\n\n\n\n<p><strong>III. A hipossufici\u00eancia do consumidor pode ser, al\u00e9m de t\u00e9cnica, pode ser jur\u00eddica.<\/strong><\/p>\n\n\n\n<p><strong>&nbsp;<\/strong><strong>IV. O conceito de hipossufici\u00eancia do consumidor vai al\u00e9m dos casos de concess\u00e3o dos benef\u00edcios da justi\u00e7a gratuita, sendo mais amplo, devendo ser apreciado pelo julgador caso a caso.<\/strong><\/p>\n\n\n\n<p><strong>V. Entende-se por superendividamento a impossibilidade manifesta de o consumidor pessoa natural, de boa-f\u00e9, pagar a totalidade de suas d\u00edvidas de consumo, exig\u00edveis e vincendas, sem comprometer seu m\u00ednimo existencial, nos termos da regulamenta\u00e7\u00e3o.<\/strong><\/p>\n\n\n\n<p><strong>a) Todas as assertivas est\u00e3o corretas.<\/strong><\/p>\n\n\n\n<p><strong>b) Apenas as assertivas IV e V est\u00e3o corretas.<\/strong><\/p>\n\n\n\n<p><strong>c) Apenas as assertivas I, III, V est\u00e3o corretas.<\/strong><\/p>\n\n\n\n<p><strong>d) Apenas as assertivas II, III e IV est\u00e3o corretas.<\/strong><\/p>\n\n\n\n<p><strong>e) Apenas as assertivas II e III est\u00e3o corretas.&nbsp;&nbsp;<\/strong><\/p>\n\n\n\n<p><strong>Coment\u00e1rios<\/strong><\/p>\n\n\n\n<p>A alternativa correta \u00e9 a<strong> letra A.<\/strong><\/p>\n\n\n\n<p>A quest\u00e3o exige o conhecimento acerca da hipossufici\u00eancia, bem como da preven\u00e7\u00e3o e tratamento do superendividamento.<\/p>\n\n\n\n<p>O item I est\u00e1 correto, pois o princ\u00edpio do protecionismo do consumidor consta do artigo 1\u00ba da Lei 8.078\/90, e disp\u00f5e que o C\u00f3digo de Defesa do Consumidor \u201cestabelece normas de prote\u00e7\u00e3o e defesa do consumidor, de ordem p\u00fablica e interesse social\u201d. Como consequ\u00eancia do princ\u00edpio, as normas elencadas pelo CDC n\u00e3o podem ser afastadas, ainda que haja previs\u00e3o contratual nesse sentido. Assim, se, em um contrato que regulamente uma determinada rela\u00e7\u00e3o de consumo, houver alguma cl\u00e1usula que mitigue ou afaste qualquer direito do consumidor, ela ser\u00e1 nula, como prescreve o artigo 51, XV, do C\u00f3digo de Defesa do Consumidor: \u201cS\u00e3o nulas de pleno direito, entre outras, as cl\u00e1usulas contratuais relativas ao fornecimento de produtos e servi\u00e7os que: (&#8230;) XV &#8211; estejam em desacordo com o sistema de prote\u00e7\u00e3o ao consumidor;\u201d<\/p>\n\n\n\n<p>O item II est\u00e1 correto, pois, apesar de ambos os institutos estarem relacionados com a fraqueza do consumidor perante o fornecedor, a vulnerabilidade \u00e9 fen\u00f4meno de direito material, com presun\u00e7\u00e3o absoluta, e a hipossufici\u00eancia \u00e9 fen\u00f4meno de direito processual, com presun\u00e7\u00e3o relativa. Dessa forma, no plano do direito material, todos os consumidores pessoas f\u00edsicas s\u00e3o considerados vulner\u00e1veis, mas na via processual nem todos s\u00e3o hipossuficientes, devendo a fragilidade ser demonstrada no caso concreto. \u00c9 o que ocorre com a invers\u00e3o no \u00f4nus da prova.<\/p>\n\n\n\n<p>O item III est\u00e1 correto, pois a hipossufici\u00eancia na rela\u00e7\u00e3o consumerista pode estar relacionada a um conceito f\u00e1tico ou jur\u00eddico, pautado sempre na disparidade das rela\u00e7\u00f5es contratuais. Por isso, a doutrina aponta que, todo consumidor ser\u00e1 sempre vulner\u00e1vel, no entanto, nem todos ser\u00e3o hipossuficientes.<\/p>\n\n\n\n<p>O item IV est\u00e1 correto, segundo explica o Professor Flavio Tartuce: &#8220;O conceito de hipossufici\u00eancia vai al\u00e9m do sentido literal das express\u00f5es pobre ou sem recursos, aplic\u00e1veis nos casos de concess\u00e3o dos benef\u00edcios da justi\u00e7a gratuita, no campo processual. O conceito de hipossufici\u00eancia consumerista \u00e9 mais amplo, devendo ser apreciado pelo aplicador do direito caso a caso, no sentido de reconhecer a disparidade t\u00e9cnica ou informacional, diante de uma situa\u00e7\u00e3o de desconhecimento (&#8230;) Trata-se de um conceito f\u00e1tico e n\u00e3o jur\u00eddico, fundado em uma disparidade ou discrep\u00e2ncia notada no caso concreto\u201d<\/p>\n\n\n\n<p>O item V est\u00e1 correto, segundo art. 54-A, \u00a71\u00ba, do CDC: \u201cEntende-se por superendividamento a impossibilidade manifesta de o consumidor pessoa natural, de boa-f\u00e9, pagar a totalidade de suas d\u00edvidas de consumo, exig\u00edveis e vincendas, sem comprometer seu m\u00ednimo existencial, nos termos da regulamenta\u00e7\u00e3o.\u201d<\/p>\n\n\n\n<p><strong>QUEST\u00c3O 78. Considerando as san\u00e7\u00f5es previstas no C\u00f3digo de Defesa do Consumidor, assinale a alternativa correta:<\/strong><\/p>\n\n\n\n<p><strong>a) A pena de cassa\u00e7\u00e3o de alvar\u00e1 de licen\u00e7a pode ser aplicada mediante procedimento administrativo, assegurada ampla defesa, quando o fornecedor reincidir na pr\u00e1tica das infra\u00e7\u00f5es de maior gravidade previstas no C\u00f3digo de Defesa do Consumidor e na legisla\u00e7\u00e3o de consumo.<\/strong><\/p>\n\n\n\n<p><strong>b) As penas de apreens\u00e3o, de inutiliza\u00e7\u00e3o de produtos e de proibi\u00e7\u00e3o de fabrica\u00e7\u00e3o de produtos n\u00e3o podem ser aplicadas em procedimento administrativo.<\/strong><\/p>\n\n\n\n<p><strong>c) A pena de suspens\u00e3o tempor\u00e1ria da atividade, bem como a de interven\u00e7\u00e3o administrativa, necessitam de procedimento judicial para serem aplicadas.<\/strong><\/p>\n\n\n\n<p><strong>d) A pena de multa sempre ser\u00e1 graduada levando-se em considera\u00e7\u00e3o a vantagem auferida pelo fornecedor.<\/strong><\/p>\n\n\n\n<p><strong>e) A contrapropaganda dever\u00e1 ser divulgada pelo respons\u00e1vel da mesma forma, frequ\u00eancia e dimens\u00e3o e no mesmo ve\u00edculo, local, espa\u00e7o e hor\u00e1rio, de forma capaz de desfazer o malef\u00edcio da publicidade enganosa ou abusiva.<\/strong><\/p>\n\n\n\n<p><strong>Coment\u00e1rios<\/strong><\/p>\n\n\n\n<p>A alternativa correta \u00e9 a<strong> letra A.<\/strong><\/p>\n\n\n\n<p>A quest\u00e3o exige o conhecimento acerca das san\u00e7\u00f5es administrativas previstas no C\u00f3digo de Defesa do Consumidor.<\/p>\n\n\n\n<p>A alternativa A est\u00e1 correta, pois est\u00e1 de acordo com o art. 59 do CDC: \u201cAs penas de cassa\u00e7\u00e3o de alvar\u00e1 de licen\u00e7a, de interdi\u00e7\u00e3o e de suspens\u00e3o tempor\u00e1ria da atividade, bem como a de interven\u00e7\u00e3o administrativa, ser\u00e3o aplicadas mediante procedimento administrativo, assegurada ampla defesa, quando o fornecedor reincidir na pr\u00e1tica das infra\u00e7\u00f5es de maior gravidade previstas neste c\u00f3digo e na legisla\u00e7\u00e3o de consumo.\u201d<\/p>\n\n\n\n<p>A alternativa B est\u00e1 incorreta, de acordo com o art. 58 do CDC: \u201cAs penas de apreens\u00e3o, de inutiliza\u00e7\u00e3o de produtos, de proibi\u00e7\u00e3o de fabrica\u00e7\u00e3o de produtos, de suspens\u00e3o do fornecimento de produto ou servi\u00e7o, de cassa\u00e7\u00e3o do registro do produto e revoga\u00e7\u00e3o da concess\u00e3o ou permiss\u00e3o de uso ser\u00e3o aplicadas pela administra\u00e7\u00e3o, mediante procedimento administrativo, assegurada ampla defesa, quando forem constatados v\u00edcios de quantidade ou de qualidade por inadequa\u00e7\u00e3o ou inseguran\u00e7a do produto ou servi\u00e7o.\u201d<\/p>\n\n\n\n<p>A alternativa C est\u00e1 incorreta, pois contraria o art. 59 do CDC: \u201cAs penas de cassa\u00e7\u00e3o de alvar\u00e1 de licen\u00e7a, de interdi\u00e7\u00e3o e de suspens\u00e3o tempor\u00e1ria da atividade, bem como a de interven\u00e7\u00e3o administrativa, ser\u00e3o aplicadas mediante procedimento administrativo, assegurada ampla defesa, quando o fornecedor reincidir na pr\u00e1tica das infra\u00e7\u00f5es de maior gravidade previstas neste c\u00f3digo e na legisla\u00e7\u00e3o de consumo.\u201d<\/p>\n\n\n\n<p>A alternativa D est\u00e1 incorreta, de acordo com o art. 57 do CDC: \u201cA pena de multa, graduada de acordo com a gravidade da infra\u00e7\u00e3o, a vantagem auferida e a condi\u00e7\u00e3o econ\u00f4mica do fornecedor, ser\u00e1 aplicada mediante procedimento administrativo, revertendo para o Fundo de que trata a Lei n\u00ba 7.347, de 24 de julho de 1985, os valores cab\u00edveis \u00e0 Uni\u00e3o, ou para os Fundos estaduais ou municipais de prote\u00e7\u00e3o ao consumidor nos demais casos.\u201d<\/p>\n\n\n\n<p>A alternativa E est\u00e1 incorreta, pois contraria o art. 60, \u00a71\u00ba, CDC: \u201cA contrapropaganda ser\u00e1 divulgada pelo respons\u00e1vel da mesma forma, freq\u00fc\u00eancia e dimens\u00e3o e, preferencialmente no mesmo ve\u00edculo, local, espa\u00e7o e hor\u00e1rio, de forma capaz de desfazer o malef\u00edcio da publicidade enganosa ou abusiva.\u201d<\/p>\n\n\n\n<p class=\"has-text-align-center has-background\" style=\"background:linear-gradient(135deg,rgb(252,185,0) 84%,rgb(255,105,0) 100%)\"><a href=\"https:\/\/cj.estrategia.com\/portal\/concurso-mp-pr-promotor\/\"><strong>Saiba mais: Concurso MP PR Promotor<\/strong><\/a><\/p>\n\n\n\n<h2 class=\"wp-block-heading has-text-align-center\" id=\"cursos\"><span id=\"quer-saber-tudo-sobre-concursos-previstosconfira-nossos-artigos\">Quer saber tudo sobre concursos previstos?<br><strong>Confira nossos artigos!<\/strong><\/span><\/h2>\n\n\n\n\n\n<h2 class=\"wp-block-heading has-text-align-center\" id=\"curso\"><span id=\"cursos-e-assinaturas\">CURSOS E ASSINATURAS<\/span><\/h2>\n\n\n\n<p class=\"has-text-align-center\"><strong><em><span style=\"font-size: 14pt;\">Gostou dessa oportunidade&nbsp;e deseja se preparar para este concurso? Esteja mais preparado com nossos cursos. Acompanhe as novidades!<\/span><\/em><\/strong><\/p>\n\n\n\n\n\n<div class=\"wp-block-cover\" style=\"min-height:155px;aspect-ratio:unset;\"><img decoding=\"async\" width=\"1890\" height=\"351\" class=\"wp-block-cover__image-background wp-image-8669\" alt=\"Assinaturas Jur\u00eddicas\" src=\"https:\/\/cj.estrategia.com\/portal\/wp-content\/uploads\/2022\/06\/20151253\/concurso-carreiras-juridicas-assinatura-juridica.jpg\" style=\"object-position:78% 43%\" data-object-fit=\"cover\" data-object-position=\"78% 43%\" srcset=\"https:\/\/cj.estrategia.com\/portal\/wp-content\/uploads\/2022\/06\/20151253\/concurso-carreiras-juridicas-assinatura-juridica.jpg 1890w, https:\/\/cj.estrategia.com\/portal\/wp-content\/uploads\/2022\/06\/20151253\/concurso-carreiras-juridicas-assinatura-juridica-300x56.jpg 300w, https:\/\/cj.estrategia.com\/portal\/wp-content\/uploads\/2022\/06\/20151253\/concurso-carreiras-juridicas-assinatura-juridica-1024x190.jpg 1024w, https:\/\/cj.estrategia.com\/portal\/wp-content\/uploads\/2022\/06\/20151253\/concurso-carreiras-juridicas-assinatura-juridica-768x143.jpg 768w, https:\/\/cj.estrategia.com\/portal\/wp-content\/uploads\/2022\/06\/20151253\/concurso-carreiras-juridicas-assinatura-juridica-1536x285.jpg 1536w, https:\/\/cj.estrategia.com\/portal\/wp-content\/uploads\/2022\/06\/20151253\/concurso-carreiras-juridicas-assinatura-juridica-380x71.jpg 380w, https:\/\/cj.estrategia.com\/portal\/wp-content\/uploads\/2022\/06\/20151253\/concurso-carreiras-juridicas-assinatura-juridica-800x149.jpg 800w, https:\/\/cj.estrategia.com\/portal\/wp-content\/uploads\/2022\/06\/20151253\/concurso-carreiras-juridicas-assinatura-juridica-1160x215.jpg 1160w\" sizes=\"(max-width: 1890px) 100vw, 1890px\" \/><span aria-hidden=\"true\" class=\"wp-block-cover__background has-background-dim\"><\/span><div class=\"wp-block-cover__inner-container is-layout-flow wp-block-cover-is-layout-flow\">\n<h3 id=\"faca-a-sua-assinatura\" class=\"titulo-assinatura\"><span style=\"color: #ffffff;\">Fa\u00e7a a sua assinatura!<\/span><\/h3>\n<p class=\"subtitulo-assinatura\" style=\"display:block!important; line-height: 0;\"><span style=\"color: #ffffff;\">Escolha a sua \u00e1rea.<\/span><\/p>\n<a target=\"_blank\" href=\"https:\/\/www.estrategiaconcursos.com.br\/assinaturas-ecj\/\" rel=\"noopener\"><button style=\"border-radius: 10px; text-transform: capitalize;\">Acessar<\/button><\/a>\n<\/div><\/div>\n\n\n\n<h2 class=\"wp-block-heading has-text-align-center\" id=\"h-whatsapp-ecj-nbsp-clique-na-sua-carreira-e-participe\"><span id=\"whatsapp-ecj-clique-na-sua-carreira-e-participe\">Whatsapp ECJ:&nbsp;<strong>Clique na sua carreira e PARTICIPE!<\/strong><\/span><\/h2>\n\n\n\n<p>Com o&nbsp;<strong>Whatsapp ECJ<\/strong>&nbsp;vamos transformar a maneira como os estudantes se preparam para os concursos p\u00fablicos do momento e do futuro. <strong>Esta plataforma n\u00e3o apenas oferece suporte para tirar d\u00favidas cruciais, mas tamb\u00e9m fornece dicas valiosas para alcan\u00e7ar o sucesso nas provas<\/strong>, abrangendo todas as \u00e1reas da carreira jur\u00eddica.<\/p>\n\n\n\n<figure class=\"wp-block-image size-large\"><a href=\"https:\/\/www.redirectmais.com\/run\/promotorias-info\"><img decoding=\"async\" width=\"1024\" height=\"190\" src=\"https:\/\/cj.estrategia.com\/portal\/wp-content\/uploads\/2023\/12\/06120706\/BANNER-CINZA-1-1024x190.jpg\" alt=\"\" class=\"wp-image-51103\" srcset=\"https:\/\/cj.estrategia.com\/portal\/wp-content\/uploads\/2023\/12\/06120706\/BANNER-CINZA-1-1024x190.jpg 1024w, https:\/\/cj.estrategia.com\/portal\/wp-content\/uploads\/2023\/12\/06120706\/BANNER-CINZA-1-300x56.jpg 300w, https:\/\/cj.estrategia.com\/portal\/wp-content\/uploads\/2023\/12\/06120706\/BANNER-CINZA-1-768x143.jpg 768w, https:\/\/cj.estrategia.com\/portal\/wp-content\/uploads\/2023\/12\/06120706\/BANNER-CINZA-1-1536x285.jpg 1536w, https:\/\/cj.estrategia.com\/portal\/wp-content\/uploads\/2023\/12\/06120706\/BANNER-CINZA-1-380x71.jpg 380w, https:\/\/cj.estrategia.com\/portal\/wp-content\/uploads\/2023\/12\/06120706\/BANNER-CINZA-1-800x149.jpg 800w, https:\/\/cj.estrategia.com\/portal\/wp-content\/uploads\/2023\/12\/06120706\/BANNER-CINZA-1-1160x215.jpg 1160w, https:\/\/cj.estrategia.com\/portal\/wp-content\/uploads\/2023\/12\/06120706\/BANNER-CINZA-1-150x28.jpg 150w, https:\/\/cj.estrategia.com\/portal\/wp-content\/uploads\/2023\/12\/06120706\/BANNER-CINZA-1.jpg 1890w\" sizes=\"(max-width: 1024px) 100vw, 1024px\" \/><\/a><\/figure>\n","protected":false},"excerpt":{"rendered":"Ol\u00e1, pessoal, tudo certo?! Em 10\/12\/2023, foi aplicada a prova objetiva do concurso p\u00fablico para o Minist\u00e9rio P\u00fablico&hellip;\n","protected":false},"author":12,"featured_media":37816,"comment_status":"open","ping_status":"open","sticky":false,"template":"","format":"standard","meta":{"_jetpack_memberships_contains_paid_content":false,"footnotes":""},"categories":[25],"tags":[],"tax_estado":[48],"class_list":{"0":"post-52130","1":"post","2":"type-post","3":"status-publish","4":"format-standard","5":"has-post-thumbnail","7":"category-promotoria","8":"tax_estado-pr"},"acf":[],"yoast_head":"<!-- This site is optimized with the Yoast SEO Premium plugin v27.4 (Yoast SEO v27.4) - https:\/\/yoast.com\/product\/yoast-seo-premium-wordpress\/ -->\n<title>Prova Comentada Direito do Consumidor MP PR Promotor<\/title>\n<meta name=\"description\" content=\"Prova Comentada Direito do Consumidor MP PR Promotor: Confira AQUI os coment\u00e1rios dos professores e tire suas d\u00favidas!\" \/>\n<meta name=\"robots\" content=\"index, follow, max-snippet:-1, max-image-preview:large, max-video-preview:-1\" \/>\n<link rel=\"canonical\" href=\"https:\/\/cj.estrategia.com\/portal\/prova-comentada-direito-do-consumidor-mp-pr-promotor\/\" \/>\n<meta property=\"og:locale\" content=\"pt_BR\" \/>\n<meta property=\"og:type\" content=\"article\" \/>\n<meta property=\"og:title\" content=\"Prova Comentada Direito do Consumidor MP PR Promotor\" \/>\n<meta property=\"og:description\" content=\"Prova Comentada Direito do Consumidor MP PR Promotor: Confira AQUI os coment\u00e1rios dos professores e tire suas d\u00favidas!\" \/>\n<meta property=\"og:url\" content=\"https:\/\/cj.estrategia.com\/portal\/prova-comentada-direito-do-consumidor-mp-pr-promotor\/\" \/>\n<meta property=\"og:site_name\" content=\"Blog - Carreiras Jur\u00eddicas - Estrat\u00e9gia\" \/>\n<meta property=\"article:publisher\" content=\"https:\/\/www.facebook.com\/estrategiacarreirajuridica\/\" \/>\n<meta property=\"article:published_time\" content=\"2023-12-15T00:27:48+00:00\" \/>\n<meta property=\"article:modified_time\" content=\"2023-12-15T00:27:52+00:00\" \/>\n<meta property=\"og:image\" content=\"https:\/\/cj.estrategia.com\/portal\/wp-content\/uploads\/2023\/06\/01151630\/MP-PR-Promotor.jpg\" \/>\n\t<meta property=\"og:image:width\" content=\"960\" \/>\n\t<meta property=\"og:image:height\" content=\"540\" \/>\n\t<meta property=\"og:image:type\" content=\"image\/jpeg\" \/>\n<meta name=\"author\" content=\"Coordena\u00e7\u00e3o\" \/>\n<meta name=\"twitter:card\" content=\"summary_large_image\" \/>\n<meta name=\"twitter:creator\" content=\"@EstratJuridica\" \/>\n<meta name=\"twitter:site\" content=\"@EstratJuridica\" \/>\n<meta name=\"twitter:label1\" content=\"Escrito por\" \/>\n\t<meta name=\"twitter:data1\" content=\"Coordena\u00e7\u00e3o\" \/>\n\t<meta name=\"twitter:label2\" content=\"Est. tempo de leitura\" \/>\n\t<meta name=\"twitter:data2\" content=\"12 minutos\" \/>\n<script type=\"application\/ld+json\" class=\"yoast-schema-graph\">{\"@context\":\"https:\\\/\\\/schema.org\",\"@graph\":[{\"@type\":\"NewsArticle\",\"@id\":\"https:\\\/\\\/cj.estrategia.com\\\/portal\\\/prova-comentada-direito-do-consumidor-mp-pr-promotor\\\/#article\",\"isPartOf\":{\"@id\":\"https:\\\/\\\/cj.estrategia.com\\\/portal\\\/prova-comentada-direito-do-consumidor-mp-pr-promotor\\\/\"},\"author\":{\"name\":\"Coordena\u00e7\u00e3o\",\"@id\":\"https:\\\/\\\/cj.estrategia.com\\\/portal\\\/#\\\/schema\\\/person\\\/4d70317d31449932b99102916b6637f5\"},\"headline\":\"Prova Comentada Direito do Consumidor MP PR Promotor\",\"datePublished\":\"2023-12-15T00:27:48+00:00\",\"dateModified\":\"2023-12-15T00:27:52+00:00\",\"mainEntityOfPage\":{\"@id\":\"https:\\\/\\\/cj.estrategia.com\\\/portal\\\/prova-comentada-direito-do-consumidor-mp-pr-promotor\\\/\"},\"wordCount\":2238,\"commentCount\":0,\"publisher\":{\"@id\":\"https:\\\/\\\/cj.estrategia.com\\\/portal\\\/#organization\"},\"image\":{\"@id\":\"https:\\\/\\\/cj.estrategia.com\\\/portal\\\/prova-comentada-direito-do-consumidor-mp-pr-promotor\\\/#primaryimage\"},\"thumbnailUrl\":\"https:\\\/\\\/cj.estrategia.com\\\/portal\\\/wp-content\\\/uploads\\\/2023\\\/06\\\/01151630\\\/MP-PR-Promotor.jpg\",\"articleSection\":[\"Promotoria\"],\"inLanguage\":\"pt-BR\",\"potentialAction\":[{\"@type\":\"CommentAction\",\"name\":\"Comment\",\"target\":[\"https:\\\/\\\/cj.estrategia.com\\\/portal\\\/prova-comentada-direito-do-consumidor-mp-pr-promotor\\\/#respond\"]}]},{\"@type\":\"WebPage\",\"@id\":\"https:\\\/\\\/cj.estrategia.com\\\/portal\\\/prova-comentada-direito-do-consumidor-mp-pr-promotor\\\/\",\"url\":\"https:\\\/\\\/cj.estrategia.com\\\/portal\\\/prova-comentada-direito-do-consumidor-mp-pr-promotor\\\/\",\"name\":\"Prova Comentada Direito do Consumidor MP PR Promotor\",\"isPartOf\":{\"@id\":\"https:\\\/\\\/cj.estrategia.com\\\/portal\\\/#website\"},\"primaryImageOfPage\":{\"@id\":\"https:\\\/\\\/cj.estrategia.com\\\/portal\\\/prova-comentada-direito-do-consumidor-mp-pr-promotor\\\/#primaryimage\"},\"image\":{\"@id\":\"https:\\\/\\\/cj.estrategia.com\\\/portal\\\/prova-comentada-direito-do-consumidor-mp-pr-promotor\\\/#primaryimage\"},\"thumbnailUrl\":\"https:\\\/\\\/cj.estrategia.com\\\/portal\\\/wp-content\\\/uploads\\\/2023\\\/06\\\/01151630\\\/MP-PR-Promotor.jpg\",\"datePublished\":\"2023-12-15T00:27:48+00:00\",\"dateModified\":\"2023-12-15T00:27:52+00:00\",\"description\":\"Prova Comentada Direito do Consumidor MP PR Promotor: Confira AQUI os coment\u00e1rios dos professores e tire suas d\u00favidas!\",\"breadcrumb\":{\"@id\":\"https:\\\/\\\/cj.estrategia.com\\\/portal\\\/prova-comentada-direito-do-consumidor-mp-pr-promotor\\\/#breadcrumb\"},\"inLanguage\":\"pt-BR\",\"potentialAction\":[{\"@type\":\"ReadAction\",\"target\":[\"https:\\\/\\\/cj.estrategia.com\\\/portal\\\/prova-comentada-direito-do-consumidor-mp-pr-promotor\\\/\"]}]},{\"@type\":\"ImageObject\",\"inLanguage\":\"pt-BR\",\"@id\":\"https:\\\/\\\/cj.estrategia.com\\\/portal\\\/prova-comentada-direito-do-consumidor-mp-pr-promotor\\\/#primaryimage\",\"url\":\"https:\\\/\\\/cj.estrategia.com\\\/portal\\\/wp-content\\\/uploads\\\/2023\\\/06\\\/01151630\\\/MP-PR-Promotor.jpg\",\"contentUrl\":\"https:\\\/\\\/cj.estrategia.com\\\/portal\\\/wp-content\\\/uploads\\\/2023\\\/06\\\/01151630\\\/MP-PR-Promotor.jpg\",\"width\":960,\"height\":540},{\"@type\":\"BreadcrumbList\",\"@id\":\"https:\\\/\\\/cj.estrategia.com\\\/portal\\\/prova-comentada-direito-do-consumidor-mp-pr-promotor\\\/#breadcrumb\",\"itemListElement\":[{\"@type\":\"ListItem\",\"position\":1,\"name\":\"In\u00edcio\",\"item\":\"https:\\\/\\\/cj.estrategia.com\\\/portal\\\/\"},{\"@type\":\"ListItem\",\"position\":2,\"name\":\"Prova Comentada Direito do Consumidor MP PR Promotor\"}]},{\"@type\":\"WebSite\",\"@id\":\"https:\\\/\\\/cj.estrategia.com\\\/portal\\\/#website\",\"url\":\"https:\\\/\\\/cj.estrategia.com\\\/portal\\\/\",\"name\":\"Blog - Carreiras Jur\u00eddicas - Estrat\u00e9gia\",\"description\":\"\",\"publisher\":{\"@id\":\"https:\\\/\\\/cj.estrategia.com\\\/portal\\\/#organization\"},\"potentialAction\":[{\"@type\":\"SearchAction\",\"target\":{\"@type\":\"EntryPoint\",\"urlTemplate\":\"https:\\\/\\\/cj.estrategia.com\\\/portal\\\/?s={search_term_string}\"},\"query-input\":{\"@type\":\"PropertyValueSpecification\",\"valueRequired\":true,\"valueName\":\"search_term_string\"}}],\"inLanguage\":\"pt-BR\"},{\"@type\":\"Organization\",\"@id\":\"https:\\\/\\\/cj.estrategia.com\\\/portal\\\/#organization\",\"name\":\"Estrat\u00e9gia - Carreiras Jur\u00eddicas\",\"url\":\"https:\\\/\\\/cj.estrategia.com\\\/portal\\\/\",\"logo\":{\"@type\":\"ImageObject\",\"inLanguage\":\"pt-BR\",\"@id\":\"https:\\\/\\\/cj.estrategia.com\\\/portal\\\/#\\\/schema\\\/logo\\\/image\\\/\",\"url\":\"https:\\\/\\\/cj.estrategia.com\\\/portal\\\/wp-content\\\/uploads\\\/2022\\\/03\\\/11151052\\\/cj-logo.png\",\"contentUrl\":\"https:\\\/\\\/cj.estrategia.com\\\/portal\\\/wp-content\\\/uploads\\\/2022\\\/03\\\/11151052\\\/cj-logo.png\",\"width\":150,\"height\":39,\"caption\":\"Estrat\u00e9gia - Carreiras Jur\u00eddicas\"},\"image\":{\"@id\":\"https:\\\/\\\/cj.estrategia.com\\\/portal\\\/#\\\/schema\\\/logo\\\/image\\\/\"},\"sameAs\":[\"https:\\\/\\\/www.facebook.com\\\/estrategiacarreirajuridica\\\/\",\"https:\\\/\\\/x.com\\\/EstratJuridica\",\"https:\\\/\\\/www.instagram.com\\\/estrategiacarreirajuridica\\\/\",\"https:\\\/\\\/www.youtube.com\\\/channel\\\/UClbMGuYbj2Mh1m3w144ETWQ\"]},{\"@type\":\"Person\",\"@id\":\"https:\\\/\\\/cj.estrategia.com\\\/portal\\\/#\\\/schema\\\/person\\\/4d70317d31449932b99102916b6637f5\",\"name\":\"Coordena\u00e7\u00e3o\",\"image\":{\"@type\":\"ImageObject\",\"inLanguage\":\"pt-BR\",\"@id\":\"https:\\\/\\\/cj.estrategia.com\\\/portal\\\/wp-content\\\/uploads\\\/2022\\\/05\\\/12164923\\\/estrategia-carreira-juridica-coordenacao-96x96.png\",\"url\":\"https:\\\/\\\/cj.estrategia.com\\\/portal\\\/wp-content\\\/uploads\\\/2022\\\/05\\\/12164923\\\/estrategia-carreira-juridica-coordenacao-96x96.png\",\"contentUrl\":\"https:\\\/\\\/cj.estrategia.com\\\/portal\\\/wp-content\\\/uploads\\\/2022\\\/05\\\/12164923\\\/estrategia-carreira-juridica-coordenacao-96x96.png\",\"caption\":\"Coordena\u00e7\u00e3o\"},\"url\":\"https:\\\/\\\/cj.estrategia.com\\\/portal\\\/author\\\/coordenacao\\\/\"}]}<\/script>\n<!-- \/ Yoast SEO Premium plugin. -->","yoast_head_json":{"title":"Prova Comentada Direito do Consumidor MP PR Promotor","description":"Prova Comentada Direito do Consumidor MP PR Promotor: Confira AQUI os coment\u00e1rios dos professores e tire suas d\u00favidas!","robots":{"index":"index","follow":"follow","max-snippet":"max-snippet:-1","max-image-preview":"max-image-preview:large","max-video-preview":"max-video-preview:-1"},"canonical":"https:\/\/cj.estrategia.com\/portal\/prova-comentada-direito-do-consumidor-mp-pr-promotor\/","og_locale":"pt_BR","og_type":"article","og_title":"Prova Comentada Direito do Consumidor MP PR Promotor","og_description":"Prova Comentada Direito do Consumidor MP PR Promotor: Confira AQUI os coment\u00e1rios dos professores e tire suas d\u00favidas!","og_url":"https:\/\/cj.estrategia.com\/portal\/prova-comentada-direito-do-consumidor-mp-pr-promotor\/","og_site_name":"Blog - Carreiras Jur\u00eddicas - Estrat\u00e9gia","article_publisher":"https:\/\/www.facebook.com\/estrategiacarreirajuridica\/","article_published_time":"2023-12-15T00:27:48+00:00","article_modified_time":"2023-12-15T00:27:52+00:00","og_image":[{"width":960,"height":540,"url":"https:\/\/cj.estrategia.com\/portal\/wp-content\/uploads\/2023\/06\/01151630\/MP-PR-Promotor.jpg","type":"image\/jpeg"}],"author":"Coordena\u00e7\u00e3o","twitter_card":"summary_large_image","twitter_creator":"@EstratJuridica","twitter_site":"@EstratJuridica","twitter_misc":{"Escrito por":"Coordena\u00e7\u00e3o","Est. tempo de leitura":"12 minutos"},"schema":{"@context":"https:\/\/schema.org","@graph":[{"@type":"NewsArticle","@id":"https:\/\/cj.estrategia.com\/portal\/prova-comentada-direito-do-consumidor-mp-pr-promotor\/#article","isPartOf":{"@id":"https:\/\/cj.estrategia.com\/portal\/prova-comentada-direito-do-consumidor-mp-pr-promotor\/"},"author":{"name":"Coordena\u00e7\u00e3o","@id":"https:\/\/cj.estrategia.com\/portal\/#\/schema\/person\/4d70317d31449932b99102916b6637f5"},"headline":"Prova Comentada Direito do Consumidor MP PR Promotor","datePublished":"2023-12-15T00:27:48+00:00","dateModified":"2023-12-15T00:27:52+00:00","mainEntityOfPage":{"@id":"https:\/\/cj.estrategia.com\/portal\/prova-comentada-direito-do-consumidor-mp-pr-promotor\/"},"wordCount":2238,"commentCount":0,"publisher":{"@id":"https:\/\/cj.estrategia.com\/portal\/#organization"},"image":{"@id":"https:\/\/cj.estrategia.com\/portal\/prova-comentada-direito-do-consumidor-mp-pr-promotor\/#primaryimage"},"thumbnailUrl":"https:\/\/cj.estrategia.com\/portal\/wp-content\/uploads\/2023\/06\/01151630\/MP-PR-Promotor.jpg","articleSection":["Promotoria"],"inLanguage":"pt-BR","potentialAction":[{"@type":"CommentAction","name":"Comment","target":["https:\/\/cj.estrategia.com\/portal\/prova-comentada-direito-do-consumidor-mp-pr-promotor\/#respond"]}]},{"@type":"WebPage","@id":"https:\/\/cj.estrategia.com\/portal\/prova-comentada-direito-do-consumidor-mp-pr-promotor\/","url":"https:\/\/cj.estrategia.com\/portal\/prova-comentada-direito-do-consumidor-mp-pr-promotor\/","name":"Prova Comentada Direito do Consumidor MP PR Promotor","isPartOf":{"@id":"https:\/\/cj.estrategia.com\/portal\/#website"},"primaryImageOfPage":{"@id":"https:\/\/cj.estrategia.com\/portal\/prova-comentada-direito-do-consumidor-mp-pr-promotor\/#primaryimage"},"image":{"@id":"https:\/\/cj.estrategia.com\/portal\/prova-comentada-direito-do-consumidor-mp-pr-promotor\/#primaryimage"},"thumbnailUrl":"https:\/\/cj.estrategia.com\/portal\/wp-content\/uploads\/2023\/06\/01151630\/MP-PR-Promotor.jpg","datePublished":"2023-12-15T00:27:48+00:00","dateModified":"2023-12-15T00:27:52+00:00","description":"Prova Comentada Direito do Consumidor MP PR Promotor: Confira AQUI os coment\u00e1rios dos professores e tire suas d\u00favidas!","breadcrumb":{"@id":"https:\/\/cj.estrategia.com\/portal\/prova-comentada-direito-do-consumidor-mp-pr-promotor\/#breadcrumb"},"inLanguage":"pt-BR","potentialAction":[{"@type":"ReadAction","target":["https:\/\/cj.estrategia.com\/portal\/prova-comentada-direito-do-consumidor-mp-pr-promotor\/"]}]},{"@type":"ImageObject","inLanguage":"pt-BR","@id":"https:\/\/cj.estrategia.com\/portal\/prova-comentada-direito-do-consumidor-mp-pr-promotor\/#primaryimage","url":"https:\/\/cj.estrategia.com\/portal\/wp-content\/uploads\/2023\/06\/01151630\/MP-PR-Promotor.jpg","contentUrl":"https:\/\/cj.estrategia.com\/portal\/wp-content\/uploads\/2023\/06\/01151630\/MP-PR-Promotor.jpg","width":960,"height":540},{"@type":"BreadcrumbList","@id":"https:\/\/cj.estrategia.com\/portal\/prova-comentada-direito-do-consumidor-mp-pr-promotor\/#breadcrumb","itemListElement":[{"@type":"ListItem","position":1,"name":"In\u00edcio","item":"https:\/\/cj.estrategia.com\/portal\/"},{"@type":"ListItem","position":2,"name":"Prova Comentada Direito do Consumidor MP PR Promotor"}]},{"@type":"WebSite","@id":"https:\/\/cj.estrategia.com\/portal\/#website","url":"https:\/\/cj.estrategia.com\/portal\/","name":"Blog - Carreiras Jur\u00eddicas - Estrat\u00e9gia","description":"","publisher":{"@id":"https:\/\/cj.estrategia.com\/portal\/#organization"},"potentialAction":[{"@type":"SearchAction","target":{"@type":"EntryPoint","urlTemplate":"https:\/\/cj.estrategia.com\/portal\/?s={search_term_string}"},"query-input":{"@type":"PropertyValueSpecification","valueRequired":true,"valueName":"search_term_string"}}],"inLanguage":"pt-BR"},{"@type":"Organization","@id":"https:\/\/cj.estrategia.com\/portal\/#organization","name":"Estrat\u00e9gia - Carreiras Jur\u00eddicas","url":"https:\/\/cj.estrategia.com\/portal\/","logo":{"@type":"ImageObject","inLanguage":"pt-BR","@id":"https:\/\/cj.estrategia.com\/portal\/#\/schema\/logo\/image\/","url":"https:\/\/cj.estrategia.com\/portal\/wp-content\/uploads\/2022\/03\/11151052\/cj-logo.png","contentUrl":"https:\/\/cj.estrategia.com\/portal\/wp-content\/uploads\/2022\/03\/11151052\/cj-logo.png","width":150,"height":39,"caption":"Estrat\u00e9gia - Carreiras Jur\u00eddicas"},"image":{"@id":"https:\/\/cj.estrategia.com\/portal\/#\/schema\/logo\/image\/"},"sameAs":["https:\/\/www.facebook.com\/estrategiacarreirajuridica\/","https:\/\/x.com\/EstratJuridica","https:\/\/www.instagram.com\/estrategiacarreirajuridica\/","https:\/\/www.youtube.com\/channel\/UClbMGuYbj2Mh1m3w144ETWQ"]},{"@type":"Person","@id":"https:\/\/cj.estrategia.com\/portal\/#\/schema\/person\/4d70317d31449932b99102916b6637f5","name":"Coordena\u00e7\u00e3o","image":{"@type":"ImageObject","inLanguage":"pt-BR","@id":"https:\/\/cj.estrategia.com\/portal\/wp-content\/uploads\/2022\/05\/12164923\/estrategia-carreira-juridica-coordenacao-96x96.png","url":"https:\/\/cj.estrategia.com\/portal\/wp-content\/uploads\/2022\/05\/12164923\/estrategia-carreira-juridica-coordenacao-96x96.png","contentUrl":"https:\/\/cj.estrategia.com\/portal\/wp-content\/uploads\/2022\/05\/12164923\/estrategia-carreira-juridica-coordenacao-96x96.png","caption":"Coordena\u00e7\u00e3o"},"url":"https:\/\/cj.estrategia.com\/portal\/author\/coordenacao\/"}]}},"jetpack_featured_media_url":"https:\/\/cj.estrategia.com\/portal\/wp-content\/uploads\/2023\/06\/01151630\/MP-PR-Promotor.jpg","jetpack_sharing_enabled":true,"_links":{"self":[{"href":"https:\/\/cj.estrategia.com\/portal\/wp-json\/wp\/v2\/posts\/52130","targetHints":{"allow":["GET"]}}],"collection":[{"href":"https:\/\/cj.estrategia.com\/portal\/wp-json\/wp\/v2\/posts"}],"about":[{"href":"https:\/\/cj.estrategia.com\/portal\/wp-json\/wp\/v2\/types\/post"}],"author":[{"embeddable":true,"href":"https:\/\/cj.estrategia.com\/portal\/wp-json\/wp\/v2\/users\/12"}],"replies":[{"embeddable":true,"href":"https:\/\/cj.estrategia.com\/portal\/wp-json\/wp\/v2\/comments?post=52130"}],"version-history":[{"count":1,"href":"https:\/\/cj.estrategia.com\/portal\/wp-json\/wp\/v2\/posts\/52130\/revisions"}],"predecessor-version":[{"id":52152,"href":"https:\/\/cj.estrategia.com\/portal\/wp-json\/wp\/v2\/posts\/52130\/revisions\/52152"}],"wp:featuredmedia":[{"embeddable":true,"href":"https:\/\/cj.estrategia.com\/portal\/wp-json\/wp\/v2\/media\/37816"}],"wp:attachment":[{"href":"https:\/\/cj.estrategia.com\/portal\/wp-json\/wp\/v2\/media?parent=52130"}],"wp:term":[{"taxonomy":"category","embeddable":true,"href":"https:\/\/cj.estrategia.com\/portal\/wp-json\/wp\/v2\/categories?post=52130"},{"taxonomy":"post_tag","embeddable":true,"href":"https:\/\/cj.estrategia.com\/portal\/wp-json\/wp\/v2\/tags?post=52130"},{"taxonomy":"tax_estado","embeddable":true,"href":"https:\/\/cj.estrategia.com\/portal\/wp-json\/wp\/v2\/tax_estado?post=52130"}],"curies":[{"name":"wp","href":"https:\/\/api.w.org\/{rel}","templated":true}]}}