{"id":52001,"date":"2023-12-18T21:29:00","date_gmt":"2023-12-19T00:29:00","guid":{"rendered":"https:\/\/cj.estrategia.com\/portal\/?p=52001"},"modified":"2023-12-20T01:10:45","modified_gmt":"2023-12-20T04:10:45","slug":"gabarito-extraoficial-magistratura-go","status":"publish","type":"post","link":"https:\/\/cj.estrategia.com\/portal\/gabarito-extraoficial-magistratura-go\/","title":{"rendered":"Gabarito Extraoficial Magistratura GO: confira a corre\u00e7\u00e3o!"},"content":{"rendered":"\n<p>Neste domingo, 17 de dezembro, aconteceram as provas do<strong>\u00a0Concurso TJ GO Juiz.\u00a0<\/strong>A prova objetiva contou com 100 (cem) quest\u00f5es de m\u00faltipla escolha, numeradas sequencialmente, com 05 (cinco) alternativas cada e apenas uma resposta correta.<\/p>\n\n\n\n<p>O concurso visa ofertar<strong>\u00a052 vagas<\/strong>\u00a0para o cargo de\u00a0<strong>Juiz Substituto<\/strong> com remunera\u00e7\u00e3o inicial de R$ 30.617,25<strong>.<\/strong><\/p>\n\n\n\n<p>Sendo assim, com o objetivo de ajud\u00e1-lo a diminuir um pouco a ansiedade, nossos professores realizaram a corre\u00e7\u00e3o extraoficial divulgando o\u00a0<strong>gabarito da prova TJ GO Juiz.<\/strong><\/p>\n\n\n\n<h2 class=\"wp-block-heading\" id=\"h-gabarito-extraoficial-magistratura-go-ao-vivo\"><span id=\"gabarito-extraoficial-magistratura-go-ao-vivo\">Gabarito Extraoficial Magistratura GO: Ao vivo<\/span><\/h2>\n\n\n\n<figure class=\"wp-block-embed is-type-video is-provider-youtube wp-block-embed-youtube wp-embed-aspect-16-9 wp-has-aspect-ratio\"><div class=\"wp-block-embed__wrapper\">\n<div class=\"cs-embed cs-embed-responsive\"><iframe title=\"Gabarito Extraoficial TJ GO (Juiz)\" width=\"1200\" height=\"675\" src=\"https:\/\/www.youtube.com\/embed\/KZ54P6KknMw?feature=oembed\" frameborder=\"0\" allow=\"accelerometer; autoplay; clipboard-write; encrypted-media; gyroscope; picture-in-picture; web-share\" allowfullscreen><\/iframe><\/div>\n<\/div><\/figure>\n\n\n\n<p class=\"has-very-light-gray-to-cyan-bluish-gray-gradient-background has-background\"><strong><strong><mark style=\"background-color:rgba(0, 0, 0, 0)\" class=\"has-inline-color has-vivid-red-color\">Mas aten\u00e7\u00e3o:<\/mark>\u00a0<\/strong>Al\u00e9m da corre\u00e7\u00e3o, nosso super time disponibilizar\u00e1,  o gabarito completo, com todas as quest\u00f5es escritas, um link para que voc\u00ea possa inserir seu gabarito e participar do ranking e realizar\u00e1 um webin\u00e1rio<\/strong> <strong>com todas as impress\u00f5es da prova. N\u00c3O PERCA!<\/strong><\/p>\n\n\n\n<p class=\"has-text-align-center has-very-light-gray-to-cyan-bluish-gray-gradient-background has-background has-medium-font-size\"><strong><a href=\"https:\/\/cj.estrategia.com\/cadernos-e-simulados\/simulados\/da111200-d7f4-4ca9-be26-b9a830ffc267\">Preencha seu Gabarito\u00a0e participe do Ranking<\/a><\/strong><\/p>\n\n\n\n<h3 class=\"wp-block-heading\" id=\"h-prova-comentada\"><span id=\"prova-comentada\">Prova comentada<\/span><\/h3>\n\n\n\n<ul class=\"wp-block-list\">\n<li><a href=\"https:\/\/cj.estrategia.com\/portal\/wp-content\/uploads\/2023\/12\/17175933\/CamScanner-17-12-2023-17.43.pdf\">Prova tipo 1 \u2013 Branca <\/a><\/li>\n<\/ul>\n\n\n\n<p><a href=\"https:\/\/cj.estrategia.com\/portal\/prova-comentada-direito-processual-civil-magistratura-go\/\">Direito Processual Civil<\/a><br><a href=\"https:\/\/cj.estrategia.com\/portal\/prova-comentada-direito-processual-penal-magistratura-go\/\">Direito Processual Penal<\/a><br><a href=\"https:\/\/cj.estrategia.com\/portal\/prova-comentada-legislacao-penal-especial-magistratura-go\/\">Legisla\u00e7\u00e3o Penal Especial<\/a><br><a href=\"https:\/\/cj.estrategia.com\/portal\/prova-comentada-estatuto-da-crianca-e-do-adolescente-magistratura-go\/\">Estatuto da Crian\u00e7a e do Adolescente<\/a><br><a href=\"https:\/\/cj.estrategia.com\/portal\/prova-comentada-direito-constitucional-magistratura-go\/\">Direito Constitucional<\/a><br><a href=\"https:\/\/cj.estrategia.com\/portal\/prova-comentada-direito-do-consumidor-magistratura-go\/\">Direito do Consumidor<\/a><br><a href=\"https:\/\/cj.estrategia.com\/portal\/prova-comentada-direito-administrativo-magistratura-go\/\">Direito Administrativo<\/a><br><a href=\"https:\/\/cj.estrategia.com\/portal\/prova-comentada-direito-ambiental-magistratura-go\/\">Direito Ambiental<\/a><br><a href=\"https:\/\/cj.estrategia.com\/portal\/prova-comentada-direito-tributario-magistratura-go\/\">Direito Tribut\u00e1rio<\/a><br><a href=\"https:\/\/cj.estrategia.com\/portal\/prova-comentada-direito-eleitoral-magistratura-go\/\">Direito Eleitoral<\/a><br><a href=\"https:\/\/cj.estrategia.com\/portal\/prova-comentada-direito-civil-magistratura-go\/\">Direito Civil<\/a><br><a href=\"https:\/\/cj.estrategia.com\/portal\/prova-comentada-direito-penal-magistratura-go\/\">Direito Penal<\/a><br><a href=\"https:\/\/cj.estrategia.com\/portal\/prova-comentada-direito-empresarial-magistratura-go\/\">Direito Empresarial<\/a><br><a href=\"https:\/\/cj.estrategia.com\/portal\/prova-comentada-formacao-humanistica-magistratura-go\/\">Forma\u00e7\u00e3o Human\u00edstica<\/a><br><a href=\"https:\/\/cj.estrategia.com\/portal\/prova-comentada-direitos-humanos-magistratura-go\/\">Direitos Humanos<\/a><\/p>\n\n\n\n<h3 class=\"wp-block-heading\" id=\"h-abaixo-voce-confere-os-gabaritos-das-questoes-corrigidas-pelos-nossos-professores\"><span id=\"abaixo-voce-confere-os-gabaritos-das-questoes-corrigidas-pelos-nossos-professores\">Abaixo, voc\u00ea confere os gabaritos das quest\u00f5es corrigidas pelos nossos professores. <\/span><\/h3>\n\n\n\n<ul class=\"wp-block-list\">\n<li><\/li>\n<\/ul>\n\n\n\n<figure class=\"wp-block-table is-style-stripes\"><table class=\"has-pale-cyan-blue-background-color has-background\"><tbody><tr><td class=\"has-text-align-center\" data-align=\"center\"><strong>QUEST\u00d5ES<\/strong><\/td><td class=\"has-text-align-center\" data-align=\"center\"><strong>RESPOSTAS<\/strong><\/td><td class=\"has-text-align-center\" data-align=\"center\"><strong>COMENT\u00c1RIOS<\/strong><\/td><\/tr><tr><td class=\"has-text-align-center\" data-align=\"center\">1 \u2013 Jo\u00e3o fez um empr\u00e9stimo\u2026<\/td><td class=\"has-text-align-center\" data-align=\"center\">D<\/td><td class=\"has-text-align-center\" data-align=\"center\">(art. 290 do CC)<\/td><\/tr><tr><td class=\"has-text-align-center\" data-align=\"center\">2 \u2013 Em rela\u00e7\u00e3o ao instituto\u2026<\/td><td class=\"has-text-align-center\" data-align=\"center\">A<\/td><td class=\"has-text-align-center\" data-align=\"center\">(art. 554 do CC)<\/td><\/tr><tr><td class=\"has-text-align-center\" data-align=\"center\">3 \u2013 Marcos, Jo\u00e3o e Fernando\u2026<\/td><td class=\"has-text-align-center\" data-align=\"center\">D<\/td><td class=\"has-text-align-center\" data-align=\"center\">(arts. 1.314 e 1.325, \u00a71\u00ba, do CC)<\/td><\/tr><tr><td class=\"has-text-align-center\" data-align=\"center\">4 \u2013 Marina e Jo\u00e3o, brasileiros naturalizados\u2026<\/td><td class=\"has-text-align-center\" data-align=\"center\">C<\/td><td class=\"has-text-align-center\" data-align=\"center\">(art. 2\u00ba da Resolu\u00e7\u00e3o 155\/2012 do CNJ )<\/td><\/tr><tr><td class=\"has-text-align-center\" data-align=\"center\">5 \u2013 Jo\u00e3o, pai de Daniel\u2026<\/td><td class=\"has-text-align-center\" data-align=\"center\">E<\/td><td class=\"has-text-align-center\" data-align=\"center\">(art. 1.835 do CC)<\/td><\/tr><tr><td class=\"has-text-align-center\" data-align=\"center\">6 \u2013 S\u00e3o pessoas jur\u00eddicas de\u2026<\/td><td class=\"has-text-align-center\" data-align=\"center\">E<\/td><td class=\"has-text-align-center\" data-align=\"center\">(art. 44 do CC)<\/td><\/tr><tr><td class=\"has-text-align-center\" data-align=\"center\">7 \u2013 As \u00e1rvores da casa\u2026<\/td><td class=\"has-text-align-center\" data-align=\"center\">A<\/td><td class=\"has-text-align-center\" data-align=\"center\">(arts. 1.283 e 1.284 do CC)<\/td><\/tr><tr><td class=\"has-text-align-center\" data-align=\"center\">8 \u2013 Jussara atropelou por\u2026<\/td><td class=\"has-text-align-center\" data-align=\"center\">C<\/td><td class=\"has-text-align-center\" data-align=\"center\">(REsp 1.993.187\/MS)<\/td><\/tr><tr><td class=\"has-text-align-center\" data-align=\"center\">9 \u2013 Jacqueline celebrou\u2026<\/td><td class=\"has-text-align-center\" data-align=\"center\">D<\/td><td class=\"has-text-align-center\" data-align=\"center\">(REsp 162.721\/SP)<\/td><\/tr><tr><td class=\"has-text-align-center\" data-align=\"center\">10 \u2013 A Universidade Aprender\u2026<\/td><td class=\"has-text-align-center\" data-align=\"center\">C<\/td><td class=\"has-text-align-center\" data-align=\"center\">(AREsp 1.467.028\/SP)<\/td><\/tr><tr><td class=\"has-text-align-center\" data-align=\"center\">11 \u2013 Bi@nco era um artista\u2026<\/td><td class=\"has-text-align-center\" data-align=\"center\">A<\/td><td class=\"has-text-align-center\" data-align=\"center\">(arts. 1.270, \u00a72\u00ba, e 1.271 do CC)<\/td><\/tr><tr><td class=\"has-text-align-center\" data-align=\"center\">12 \u2013 Em rela\u00e7\u00e3o ao contrato\u2026<\/td><td class=\"has-text-align-center\" data-align=\"center\">B e E<\/td><td class=\"has-text-align-center\" data-align=\"center\">(S\u00famula 402 do STJ; REsp 1.845.943\/SP)<\/td><\/tr><tr><td class=\"has-text-align-center\" data-align=\"center\">13 \u2013 No dia 16\/02\/2023\u2026<\/td><td class=\"has-text-align-center\" data-align=\"center\">C<\/td><td class=\"has-text-align-center\" data-align=\"center\">(REsp 1.787.026\/RJ)<\/td><\/tr><tr><td class=\"has-text-align-center\" data-align=\"center\">14 \u2013 Dr. Abreu, preocupado\u2026<\/td><td class=\"has-text-align-center\" data-align=\"center\">D<\/td><td class=\"has-text-align-center\" data-align=\"center\">(REsp\u00a02.004.210\/SP)<\/td><\/tr><tr><td class=\"has-text-align-center\" data-align=\"center\">15 \u2013 Jo\u00e3o ajuizou a\u00e7\u00e3o\u2026<\/td><td class=\"has-text-align-center\" data-align=\"center\">A<\/td><td class=\"has-text-align-center\" data-align=\"center\">a) correta = art. 330, \u00a72\u00ba c\/c art. 331, CPC<br>b) errada = art. 330, \u00a72\u00ba, CPC<br>c) errada = art. 331, \u00a71\u00ba, CPC (\u201ccita\u00e7\u00e3o\u201d, e n\u00e3o \u201cintima\u00e7\u00e3o\u201d)<br>d) errada = art. 331, \u00a72\u00ba, CPC<br>e) errada = art. 330, I c\/c art. 331, \u00a71\u00ba, CPC (r\u00e9u \u00e9 citado para responder o recurso)<\/td><\/tr><tr><td class=\"has-text-align-center\" data-align=\"center\">16 \u2013 Sobre a for\u00e7a probante\u2026<\/td><td class=\"has-text-align-center\" data-align=\"center\">C<\/td><td class=\"has-text-align-center\" data-align=\"center\">a) errada = art. 413, CPC<br>b) errada = art. 416, CPC<br>c) correta = art. 417, CPC<br>d) errada = art. 426, CPC<br>e) errada = art. 421, CPC<\/td><\/tr><tr><td class=\"has-text-align-center\" data-align=\"center\">17 \u2013 Sobre o incidente de\u2026<\/td><td class=\"has-text-align-center\" data-align=\"center\">D<\/td><td class=\"has-text-align-center\" data-align=\"center\">a) errada = art. 947, CPC<br>b) errada = art. 947, \u00a73\u00ba, CPC<br>c) errada = art. 947, CPC<br>d) correta = art. 947, \u00a74\u00ba, CPC<br>e) errada = art. 947, CPC<\/td><\/tr><tr><td class=\"has-text-align-center\" data-align=\"center\">18 \u2013 No julgamento de apela\u00e7\u00e3o\u2026<\/td><td class=\"has-text-align-center\" data-align=\"center\">E<\/td><td class=\"has-text-align-center\" data-align=\"center\">a) errada = art. 940, CPC (prazo \u00e9 10 dias)<br>b) errada = art. 940, \u00a71\u00ba, CPC (possibilidade de prorroga\u00e7\u00e3o)<br>c) errada = art. 940, CPC (n\u00e3o \u00e9 independentemente de prazo; ele tem 10 dias, prorrog\u00e1veis)<br>d) errada = art. 940, \u00a72\u00ba, CPC (presidente convoca o substituto)<br>e) correta = art. 940, \u00a72\u00ba, CPC<\/td><\/tr><tr><td class=\"has-text-align-center\" data-align=\"center\">19 \u2013 Uma a\u00e7\u00e3o popular\u2026<\/td><td class=\"has-text-align-center\" data-align=\"center\">C<\/td><td class=\"has-text-align-center\" data-align=\"center\">a) errada = art. 1\u00ba, LAP<br>b) errada = art. 6\u00ba, LAP<br>c) correta = art. 6\u00ba, LAP<br>d) errada = art. 6\u00ba, \u00a73\u00ba, LAP (n\u00e3o \u00e9 unit\u00e1rio, porque o ente p\u00fablico pode atuar ao lado dos autores)<br>e) errada = art. 6\u00ba, \u00a73\u00ba, LAP<\/td><\/tr><tr><td class=\"has-text-align-center\" data-align=\"center\">20 \u2013 Sobre o incidente de\u2026<\/td><td class=\"has-text-align-center\" data-align=\"center\">D<\/td><td class=\"has-text-align-center\" data-align=\"center\">a) errada = art. 135, CPC<br>b) errada = art. 134, \u00a73\u00ba, CPC<br>c) errada = art. 135, CPC (\u201ccitado\u201d, e n\u00e3o \u201cintimado\u201d)<br>d) correta = art. 134, CPC<br>e) errada = art. 137, CPC<\/td><\/tr><tr><td class=\"has-text-align-center\" data-align=\"center\">21 \u2013 Sobre o cumprimento de senten\u00e7a\u2026<\/td><td class=\"has-text-align-center\" data-align=\"center\">E<\/td><td class=\"has-text-align-center\" data-align=\"center\">a) errada = art. 515, VII, CPC (\u00e9 t\u00edtulo executivo judicial)<br>b) errada = art. 535, \u00a72\u00ba, CPC<br>c) errada = art. 537, \u00a73\u00ba, CPC<br>d) errada = art. 516, \u00a7\u00fanico, CPC<br>e) correta = art. 525, \u00a710, CPC<\/td><\/tr><tr><td class=\"has-text-align-center\" data-align=\"center\">22 \u2013 Considerando a situa\u00e7\u00e3o\u2026<\/td><td class=\"has-text-align-center\" data-align=\"center\">D<\/td><td class=\"has-text-align-center\" data-align=\"center\">a) errada = art. 53, III, \u201ca\u201d e \u201cd\u201d, CPC<br>b) errada = art. 64, CPC (alegada como quest\u00e3o preliminar de contesta\u00e7\u00e3o)<br>c) errada = art. 64, \u00a73\u00ba, CPC (remessa ao ju\u00edzo competente)<br>d) correta = art. 178, II c\/c art. 65, \u00a7\u00fanico, CPC<br>e) errada = art. 64, \u00a74\u00ba, CPC<\/td><\/tr><tr><td class=\"has-text-align-center\" data-align=\"center\">23 \u2013 Considerando a situa\u00e7\u00e3o\u2026<\/td><td class=\"has-text-align-center\" data-align=\"center\">C<\/td><td class=\"has-text-align-center\" data-align=\"center\">a) errada = art. 301, CPC (pretens\u00e3o \u00e9 de antecipa\u00e7\u00e3o da tutela)<br>b) errada = art. 311, CPC (n\u00e3o \u00e9 de evid\u00eancia, pois h\u00e1 demonstra\u00e7\u00e3o do perigo de dano)<br>c) correta = \u201cPrimeiros coment\u00e1rios ao novo C\u00f3digo de Processo Civil \u2013 artigo por artigo\u201d, de Teresa Arruda Alim Wambier, Maria L\u00facia Lins Ribeiro, Leonardo Ferres da Silva e Rog\u00e9rio Licastro Torres de Mello: \u201c(\u2026) no momento da senten\u00e7a, a cogni\u00e7\u00e3o j\u00e1 \u00e9 exauriente \u2013 ainda assim, o juiz pode conceder uma \u201climinar\u201d tardia, que n\u00e3o ser\u00e1 mais uma liminar, mas um cap\u00edtulo da senten\u00e7a, em que se tutela a evid\u00eancia (tardiamente percebida), ou a urg\u00eancia (de que o juiz se deu conta em momento adiantado do processo \u2013 melhor agora, do que nunca; ou, ent\u00e3o, porque a urg\u00eancia configurou-se depois do in\u00edcio do processo e antes da senten\u00e7a). Ent\u00e3o, o fato \u00e9 que, ainda que soe estranho, o juiz pode, sim, conceder tutela provis\u00f3ria na senten\u00e7a\u201d.<br>d) errada = tratamento m\u00e9dico \u00e9 direito da personalidade, constituindo respeito \u00e0 dignidade da pessoa humana (TJ-MG \u2013 AI: 10079130699253001 MG , Relator: Luciano Pinto, Data de Julgamento: 30\/01\/2014, C\u00e2maras C\u00edveis \/ 17\u00aa C\u00c2MARA C\u00cdVEL, Data de Publica\u00e7\u00e3o: 11\/02\/2014)<br>e) errada = art. 305, \u00a7\u00fanico, CPC<\/td><\/tr><tr><td class=\"has-text-align-center\" data-align=\"center\">24 \u2013 Cl\u00e1udia intentou\u2026<\/td><td class=\"has-text-align-center\" data-align=\"center\">A<\/td><td class=\"has-text-align-center\" data-align=\"center\">a) correta = art. 331 c\/c 324, \u00a71\u00ba, II, CPC (deve prover o apelo )<br>b) errada = art. 331, CPC (comporta ju\u00edzo de retrata\u00e7\u00e3o)<br>c) errada = art. 331 c\/c 324, \u00a71\u00ba, II, CPC (deve prover o apelo )<br>d) errada = art. 331, CPC (comporta ju\u00edzo de retrata\u00e7\u00e3o)<br>e) errada = art. 331, CPC (comporta ju\u00edzo de retrata\u00e7\u00e3o)<\/td><\/tr><tr><td class=\"has-text-align-center\" data-align=\"center\">25 \u2013 No que concerne aos\u2026<\/td><td class=\"has-text-align-center\" data-align=\"center\">B<\/td><td class=\"has-text-align-center\" data-align=\"center\">a) errada = art. 914, CPC (\u00e9 um meio de defesa do executado)<br>b) correta = art. 918, I, CPC<br>c) errada = art. 920, II, CPC<br>d) errada = art. 920, III, CPC (senten\u00e7a)<br>e) errada = art. 919, \u00a71\u00ba, CPC<\/td><\/tr><tr><td class=\"has-text-align-center\" data-align=\"center\">26 \u2013 Apreciando uma peti\u00e7\u00e3o\u2026<\/td><td class=\"has-text-align-center\" data-align=\"center\">B<\/td><td class=\"has-text-align-center\" data-align=\"center\">Situa\u00e7\u00e3o 1 = decis\u00e3o equivocada, conforme art. 784, IV, CPC<br>Situa\u00e7\u00e3o 2 = decis\u00e3o equivocada, por duas raz\u00f5es: (i) autor tem interesse processual, uma vez que o t\u00edtulo est\u00e1 vencido e n\u00e3o pago; e (ii) juiz n\u00e3o poderia indeferir de plano, devendo intimar as partes para manifesta\u00e7\u00e3o antes de proferir decis\u00e3o, conforme art. 10, CPC<\/td><\/tr><tr><td class=\"has-text-align-center\" data-align=\"center\">27 \u2013 Servidor p\u00fablico municipal\u2026<\/td><td class=\"has-text-align-center\" data-align=\"center\">D<\/td><td class=\"has-text-align-center\" data-align=\"center\">a) errada = O mandado de seguran\u00e7a n\u00e3o se qualifica como suced\u00e2neo da a\u00e7\u00e3o direta de inconstitucionalidade, n\u00e3o podendo ser utilizado, em consequ\u00eancia, como instrumento de controle abstrato da validade constitucional das leis e dos atos normativos em geral. STF. Plen\u00e1rio. MS 28554 AgR, Rel. Min. Celso de Mello, julgado em 10\/04\/2014.<br>b) errada = S\u00famula 271, STF<br>c) errada = art. 14, \u00a71\u00ba, Lei 12016\/09<br>d) correta = art. 19, Lei 12016\/09 (a contrario sensu, pois, no caso, teria havido decis\u00e3o de m\u00e9rito, portanto, impediria o requerente de renovar a demanda pelas vias ordin\u00e1rias)<br>e) errada = art. 7\u00ba, \u00a71\u00ba, Lei 12016\/09<\/td><\/tr><tr><td class=\"has-text-align-center\" data-align=\"center\">28 \u2013 No que toca ao instituto\u2026<\/td><td class=\"has-text-align-center\" data-align=\"center\">E<\/td><td class=\"has-text-align-center\" data-align=\"center\">a) errada = art. 101, CPC<br>b) errada = art. 98, CPC (PJ tamb\u00e9m)<br>c) errada = art. 98, \u00a73\u00ba, CPC (obriga\u00e7\u00e3o fica suspensa)<br>d) errada = art. 98, \u00a74\u00ba, CPC<br>e) correta = art. 98, \u00a71\u00ba, V, CPC<\/td><\/tr><tr><td class=\"has-text-align-center\" data-align=\"center\">29 \u2013 No \u00e2mbito do direito\u2026<\/td><td class=\"has-text-align-center\" data-align=\"center\">B<\/td><td class=\"has-text-align-center\" data-align=\"center\">Artigo 104-A \u2013 CDC<br>Doutrina Professora Cl\u00e1udia Lima Marques (exce\u00e7\u00e3o da ru\u00edna do consumidor).<\/td><\/tr><tr><td class=\"has-text-align-center\" data-align=\"center\">30 \u2013 Herbert, consumidor\u2026<\/td><td class=\"has-text-align-center\" data-align=\"center\">D<\/td><td class=\"has-text-align-center\" data-align=\"center\"><\/td><\/tr><tr><td class=\"has-text-align-center\" data-align=\"center\">31 \u2013 Art. 94 do C\u00f3digo\u2026<\/td><td class=\"has-text-align-center\" data-align=\"center\">A<\/td><td class=\"has-text-align-center\" data-align=\"center\">RESP 1388000<\/td><\/tr><tr><td class=\"has-text-align-center\" data-align=\"center\">32 \u2013 No \u00e2mbito da tutela\u2026<\/td><td class=\"has-text-align-center\" data-align=\"center\">C<\/td><td class=\"has-text-align-center\" data-align=\"center\">Doutrina. Fluid Recovery<\/td><\/tr><tr><td class=\"has-text-align-center\" data-align=\"center\">33 \u2013 O juiz Ramiro\u2026<\/td><td class=\"has-text-align-center\" data-align=\"center\">B<\/td><td class=\"has-text-align-center\" data-align=\"center\"><\/td><\/tr><tr><td class=\"has-text-align-center\" data-align=\"center\">34 \u2013 O Conselho Tutelar\u2026<\/td><td class=\"has-text-align-center\" data-align=\"center\">C<\/td><td class=\"has-text-align-center\" data-align=\"center\">pois o delegado estava l\u00e1 na cidade e, portanto, o conselheiro deveria ter representado a ele (delegado) para o afastamento. O Conselho Tutelar sozinho n\u00e3o pode tomar esta providencia \u2013 artigo 14, inciso II, da lei 14344\/22<\/td><\/tr><tr><td class=\"has-text-align-center\" data-align=\"center\">35 \u2013 J\u00e9ssica, adolescente de\u2026<\/td><td class=\"has-text-align-center\" data-align=\"center\">D<\/td><td class=\"has-text-align-center\" data-align=\"center\">11, \u00a72\u00ba da 13431\/17: para novo depoimento, deve haver a concord\u00e2ncia do infante e de seus representante.<\/td><\/tr><tr><td class=\"has-text-align-center\" data-align=\"center\">36 \u2013 A Defensoria P\u00fablica\u2026<\/td><td class=\"has-text-align-center\" data-align=\"center\">A<\/td><td class=\"has-text-align-center\" data-align=\"center\">defensoria n\u00e3o pode tomar estas providencias (artigo 9 da lei 13431 e 191 do Estatuto da Crian\u00e7a e do Adolescente). Teria que avisar o Conselho Tutelar ou o Minist\u00e9rio P\u00fablico, que possuem legitimidade para ajuizar o procedimento de apura\u00e7\u00e3o de irregularidades em entidades de atendimento. Artigo 95 Estatuto da Crian\u00e7a e do Adolescente: quem fiscaliza entidades de atendimento s\u00e3o judici\u00e1rio, Minist\u00e9rio P\u00fablico e Conselho Tutelar.<\/td><\/tr><tr><td class=\"has-text-align-center\" data-align=\"center\">37 \u2013 A Prefeitura de An\u00e1polis\u2026<\/td><td class=\"has-text-align-center\" data-align=\"center\">C<\/td><td class=\"has-text-align-center\" data-align=\"center\">vender bebida \u00e9 crime e infra\u00e7\u00e3o administrativa (crime do 243 Estatuto da Crian\u00e7a e do Adolescente e infra\u00e7\u00e3o do art. 249\/258).<br>Letra A: Conselho Tutelar n\u00e3o lavra auto de infra\u00e7\u00e3o. Ele representa por infra\u00e7\u00e3o a norma do Estatuto da Crian\u00e7a e do Adolescente (art. 194 do Estatuto da Crian\u00e7a e do Adolescente)<\/td><\/tr><tr><td class=\"has-text-align-center\" data-align=\"center\">38 \u2013 Wellington, adolescente\u2026<\/td><td class=\"has-text-align-center\" data-align=\"center\">C<\/td><td class=\"has-text-align-center\" data-align=\"center\">princ\u00edpio da absor\u00e7\u00e3o (artigo 45, \u00a72\u00ba do SINASE). Se o homic\u00eddio aconteceu antes da interna\u00e7\u00e3o pelo roubo, n\u00e3o poder\u00e1 ser internado novamente (ou regredido de regime), pois seria contraproducente aos fins da medida socioeducativa.<\/td><\/tr><tr><td class=\"has-text-align-center\" data-align=\"center\">39 \u2013 Jefferson, adolescente\u2026<\/td><td class=\"has-text-align-center\" data-align=\"center\">B<\/td><td class=\"has-text-align-center\" data-align=\"center\">HABEAS CORPUS N\u00ba 349.147 \u2013 RJ (STJ) . Oitiva informal \u00e9 ato extrajudicial, portanto, a aus\u00eancia de advogado nesta fase \u00e9 mera irregularidade.<\/td><\/tr><tr><td class=\"has-text-align-center\" data-align=\"center\">40 \u2013 Robson, adolescente\u2026<\/td><td class=\"has-text-align-center\" data-align=\"center\">A<\/td><td class=\"has-text-align-center\" data-align=\"center\">(art. 121, \u00a71\u00ba, do Estatuto da Crian\u00e7a e do Adolescente)<\/td><\/tr><tr><td class=\"has-text-align-center\" data-align=\"center\">41 \u2013 Alberto foi flagrado\u2026<\/td><td class=\"has-text-align-center\" data-align=\"center\">A<\/td><td class=\"has-text-align-center\" data-align=\"center\"><\/td><\/tr><tr><td class=\"has-text-align-center\" data-align=\"center\">42 \u2013 Bianca, inconformada\u2026<\/td><td class=\"has-text-align-center\" data-align=\"center\">A<\/td><td class=\"has-text-align-center\" data-align=\"center\"><\/td><\/tr><tr><td class=\"has-text-align-center\" data-align=\"center\">43 \u2013 Ao arrolar as causas\u2026<\/td><td class=\"has-text-align-center\" data-align=\"center\">E<\/td><td class=\"has-text-align-center\" data-align=\"center\"><\/td><\/tr><tr><td class=\"has-text-align-center\" data-align=\"center\">44 \u2013 Dario, casado com Elisa\u2026<\/td><td class=\"has-text-align-center\" data-align=\"center\">C<\/td><td class=\"has-text-align-center\" data-align=\"center\"><\/td><\/tr><tr><td class=\"has-text-align-center\" data-align=\"center\">45 \u2013 Felisberto, r\u00e9u\u2026<\/td><td class=\"has-text-align-center\" data-align=\"center\">C<\/td><td class=\"has-text-align-center\" data-align=\"center\"><\/td><\/tr><tr><td class=\"has-text-align-center\" data-align=\"center\">46 \u2013 Homero, s\u00f3cio-gerente\u2026<\/td><td class=\"has-text-align-center\" data-align=\"center\">B<\/td><td class=\"has-text-align-center\" data-align=\"center\"><\/td><\/tr><tr><td class=\"has-text-align-center\" data-align=\"center\">47 \u2013 Il\u00e1rio \u00e9 flagrado\u2026<\/td><td class=\"has-text-align-center\" data-align=\"center\">D<\/td><td class=\"has-text-align-center\" data-align=\"center\"><\/td><\/tr><tr><td class=\"has-text-align-center\" data-align=\"center\">48 \u2013 Jorge, em agosto de 2023\u2026<\/td><td class=\"has-text-align-center\" data-align=\"center\">E<\/td><td class=\"has-text-align-center\" data-align=\"center\"><\/td><\/tr><tr><td class=\"has-text-align-center\" data-align=\"center\">49 \u2013 R\u00e9u condenado\u2026<\/td><td class=\"has-text-align-center\" data-align=\"center\">A<\/td><td class=\"has-text-align-center\" data-align=\"center\"><\/td><\/tr><tr><td class=\"has-text-align-center\" data-align=\"center\">50 \u2013 K\u00e1tia, para evitar\u2026<\/td><td class=\"has-text-align-center\" data-align=\"center\">E<\/td><td class=\"has-text-align-center\" data-align=\"center\"><\/td><\/tr><tr><td class=\"has-text-align-center\" data-align=\"center\">51 \u2013 Em crime de roubo\u2026<\/td><td class=\"has-text-align-center\" data-align=\"center\">D<\/td><td class=\"has-text-align-center\" data-align=\"center\">(art. 29)<\/td><\/tr><tr><td class=\"has-text-align-center\" data-align=\"center\">52 \u2013 O Minist\u00e9rio P\u00fablico\u2026<\/td><td class=\"has-text-align-center\" data-align=\"center\">A<\/td><td class=\"has-text-align-center\" data-align=\"center\">(art. 157)<\/td><\/tr><tr><td class=\"has-text-align-center\" data-align=\"center\">53 \u2013 No que diz respeito\u2026<\/td><td class=\"has-text-align-center\" data-align=\"center\">B<\/td><td class=\"has-text-align-center\" data-align=\"center\">(art. 201, \u00a7 6\u00ba)<\/td><\/tr><tr><td class=\"has-text-align-center\" data-align=\"center\">54 \u2013 Henrique, investigado\u2026<\/td><td class=\"has-text-align-center\" data-align=\"center\">C<\/td><td class=\"has-text-align-center\" data-align=\"center\">(arts. 125, 132 e 127 do CPP c\/c o art. 91, \u00a7 2\u00ba do CP)<\/td><\/tr><tr><td class=\"has-text-align-center\" data-align=\"center\">55 \u2013 Relativamente \u00e0s regras\u2026<\/td><td class=\"has-text-align-center\" data-align=\"center\">D<\/td><td class=\"has-text-align-center\" data-align=\"center\">(art. 479)<\/td><\/tr><tr><td class=\"has-text-align-center\" data-align=\"center\">56 \u2013 Apesar de o Minist\u00e9rio\u2026<\/td><td class=\"has-text-align-center\" data-align=\"center\">C<\/td><td class=\"has-text-align-center\" data-align=\"center\">(art. 66 c\/c art. 935 do CC)<\/td><\/tr><tr><td class=\"has-text-align-center\" data-align=\"center\">57 \u2013 No tocante \u00e0s\u2026<\/td><td class=\"has-text-align-center\" data-align=\"center\">E<\/td><td class=\"has-text-align-center\" data-align=\"center\">(art. 653)<\/td><\/tr><tr><td class=\"has-text-align-center\" data-align=\"center\">58 \u2013 No que diz respeito \u00e0\u2026<\/td><td class=\"has-text-align-center\" data-align=\"center\">E<\/td><td class=\"has-text-align-center\" data-align=\"center\">(art. 580)<\/td><\/tr><tr><td class=\"has-text-align-center\" data-align=\"center\">59 \u2013 Jaime figura como\u2026<\/td><td class=\"has-text-align-center\" data-align=\"center\">B<\/td><td class=\"has-text-align-center\" data-align=\"center\"><\/td><\/tr><tr><td class=\"has-text-align-center\" data-align=\"center\">60 \u2013 Hugo, Jos\u00e9, Luiz\u2026<\/td><td class=\"has-text-align-center\" data-align=\"center\">A<\/td><td class=\"has-text-align-center\" data-align=\"center\"><\/td><\/tr><tr><td class=\"has-text-align-center\" data-align=\"center\">61 \u2013 Em determinada situa\u00e7\u00e3o\u2026<\/td><td class=\"has-text-align-center\" data-align=\"center\">D<\/td><td class=\"has-text-align-center\" data-align=\"center\"><\/td><\/tr><tr><td class=\"has-text-align-center\" data-align=\"center\">62 \u2013 A sociedade empresaria Sigma\u2026<\/td><td class=\"has-text-align-center\" data-align=\"center\">A<\/td><td class=\"has-text-align-center\" data-align=\"center\"><\/td><\/tr><tr><td class=\"has-text-align-center\" data-align=\"center\">63 \u2013 A sociedade empresaria Alfa\u2026<\/td><td class=\"has-text-align-center\" data-align=\"center\">D<\/td><td class=\"has-text-align-center\" data-align=\"center\"><\/td><\/tr><tr><td class=\"has-text-align-center\" data-align=\"center\">64 \u2013 Jo\u00e3o, solteiro convicto\u2026<\/td><td class=\"has-text-align-center\" data-align=\"center\">E<\/td><td class=\"has-text-align-center\" data-align=\"center\"><\/td><\/tr><tr><td class=\"has-text-align-center\" data-align=\"center\">65 \u2013 O Tribunal de Contas\u2026<\/td><td class=\"has-text-align-center\" data-align=\"center\">D<\/td><td class=\"has-text-align-center\" data-align=\"center\"><\/td><\/tr><tr><td class=\"has-text-align-center\" data-align=\"center\">66 \u2013 Maria, moradora do\u2026<\/td><td class=\"has-text-align-center\" data-align=\"center\">C<\/td><td class=\"has-text-align-center\" data-align=\"center\"><\/td><\/tr><tr><td class=\"has-text-align-center\" data-align=\"center\">67 \u2013 Determinada Lei do Estado\u2026<\/td><td class=\"has-text-align-center\" data-align=\"center\">C<\/td><td class=\"has-text-align-center\" data-align=\"center\"><\/td><\/tr><tr><td class=\"has-text-align-center\" data-align=\"center\">68 \u2013 Norma do Estado Alfa\u2026<\/td><td class=\"has-text-align-center\" data-align=\"center\">D<\/td><td class=\"has-text-align-center\" data-align=\"center\"><\/td><\/tr><tr><td class=\"has-text-align-center\" data-align=\"center\">69 \u2013 A principal fonte do\u2026<\/td><td class=\"has-text-align-center\" data-align=\"center\">D<\/td><td class=\"has-text-align-center\" data-align=\"center\">A \u2013 art. 14, \u00a7 9\u00ba CF .. s\u00f3 LC<br>B \u2013 N\u00e3o h\u00e1 veda\u00e7\u00e3o<br>C \u2013 Tem crimes na 9096 e na 9504 tamb\u00e9m<br>D \u2013 ADI 5104 MC\/DF, Rel. Min. Roberto Barroso<br>E \u2013 LC tamb\u00e9m na organiza\u00e7\u00e3o da Justi\u00e7a Eleitoral<\/td><\/tr><tr><td class=\"has-text-align-center\" data-align=\"center\">70 \u2013 A emissora de televis\u00e3o Y\u2026<\/td><td class=\"has-text-align-center\" data-align=\"center\">B<\/td><td class=\"has-text-align-center\" data-align=\"center\">A -art. 45 V \u2013 S\u00f3 n\u00e3o pode veicular a partir das conven\u00e7\u00f5es<br>B- art. 45 \u00a72<br>C art. 45 \u00a76 coliga\u00e7\u00e3o nacional .. n\u00e3o regional<br>D -art. 45 II + ADI 4451<br>E \u2013 art. 45 I encerrado o prazo das conven\u00e7\u00f5es e n\u00e3o no ano<\/td><\/tr><tr><td class=\"has-text-align-center\" data-align=\"center\">71 \u2013 A Cooperativa Rio\u2026<\/td><td class=\"has-text-align-center\" data-align=\"center\">E<\/td><td class=\"has-text-align-center\" data-align=\"center\"><\/td><\/tr><tr><td class=\"has-text-align-center\" data-align=\"center\">72 \u2013 Acerca do nome empresarial\u2026<\/td><td class=\"has-text-align-center\" data-align=\"center\">B<\/td><td class=\"has-text-align-center\" data-align=\"center\"><\/td><\/tr><tr><td class=\"has-text-align-center\" data-align=\"center\">73 \u2013 Palmelo, Patr\u00edcio\u2026<\/td><td class=\"has-text-align-center\" data-align=\"center\">A<\/td><td class=\"has-text-align-center\" data-align=\"center\"><\/td><\/tr><tr><td class=\"has-text-align-center\" data-align=\"center\">74 \u2013 Em rela\u00e7\u00e3o ao empres\u00e1rio rural\u2026<\/td><td class=\"has-text-align-center\" data-align=\"center\">A<\/td><td class=\"has-text-align-center\" data-align=\"center\"><\/td><\/tr><tr><td class=\"has-text-align-center\" data-align=\"center\">75 \u2013 Nos autos da a\u00e7\u00e3o\u2026<\/td><td class=\"has-text-align-center\" data-align=\"center\">D<\/td><td class=\"has-text-align-center\" data-align=\"center\"><\/td><\/tr><tr><td class=\"has-text-align-center\" data-align=\"center\">76 \u2013 O plano de recupera\u00e7\u00e3o\u2026<\/td><td class=\"has-text-align-center\" data-align=\"center\">D<\/td><td class=\"has-text-align-center\" data-align=\"center\"><\/td><\/tr><tr><td class=\"has-text-align-center\" data-align=\"center\">77 \u2013 J\u00falio comprou um\u2026<\/td><td class=\"has-text-align-center\" data-align=\"center\">A<\/td><td class=\"has-text-align-center\" data-align=\"center\">S\u00famula 360 STJ Quest\u00e3o anul\u00e1vel por dois motivos: 1 \u2013 Menciona o tributo errado, j\u00e1 que se operou-se uma compra n\u00e3o poderia ser ITCMD. 2. Mas me parece anul\u00e1vel j\u00e1 que nada impede que a lei local estabele\u00e7a que o ITCMD sujeite-se ao lan\u00e7amento de of\u00edcio, j\u00e1 que o CTN n\u00e3o disp\u00f5e em sentido contr\u00e1rio.<\/td><\/tr><tr><td class=\"has-text-align-center\" data-align=\"center\">78 \u2013 Um munic\u00edpio do Estado de\u2026<\/td><td class=\"has-text-align-center\" data-align=\"center\">C<\/td><td class=\"has-text-align-center\" data-align=\"center\">LEF art. 24, \u00a7 \u00fanico<\/td><\/tr><tr><td class=\"has-text-align-center\" data-align=\"center\">79 \u2013 Josu\u00e9 resolve\u2026<\/td><td class=\"has-text-align-center\" data-align=\"center\">B<\/td><td class=\"has-text-align-center\" data-align=\"center\">Tema RG 796<\/td><\/tr><tr><td class=\"has-text-align-center\" data-align=\"center\">80 \u2013 Alberto e J\u00falio\u2026<\/td><td class=\"has-text-align-center\" data-align=\"center\">A<\/td><td class=\"has-text-align-center\" data-align=\"center\">LC 123\/06 art. 17, inciso IX \u201cc\u201d, item 3<\/td><\/tr><tr><td class=\"has-text-align-center\" data-align=\"center\">81 \u2013 Em rela\u00e7\u00e3o aos\u2026<\/td><td class=\"has-text-align-center\" data-align=\"center\">B<\/td><td class=\"has-text-align-center\" data-align=\"center\">LC 24\/75, art. 2\u00ba \u00a72\u00ba, 2\u00aa parte<\/td><\/tr><tr><td class=\"has-text-align-center\" data-align=\"center\">82 \u2013 Joaquim, servidor\u2026<\/td><td class=\"has-text-align-center\" data-align=\"center\"><\/td><td class=\"has-text-align-center\" data-align=\"center\"><\/td><\/tr><tr><td class=\"has-text-align-center\" data-align=\"center\">83 \u2013 Jo\u00e3o, pequeno pescador\u2026<\/td><td class=\"has-text-align-center\" data-align=\"center\">E<\/td><td class=\"has-text-align-center\" data-align=\"center\"><\/td><\/tr><tr><td class=\"has-text-align-center\" data-align=\"center\">84 \u2013 O im\u00f3vel de Maria\u2026<\/td><td class=\"has-text-align-center\" data-align=\"center\">A<\/td><td class=\"has-text-align-center\" data-align=\"center\"><\/td><\/tr><tr><td class=\"has-text-align-center\" data-align=\"center\">85 \u2013 O Estado Beta\u2026<\/td><td class=\"has-text-align-center\" data-align=\"center\">D<\/td><td class=\"has-text-align-center\" data-align=\"center\"><\/td><\/tr><tr><td class=\"has-text-align-center\" data-align=\"center\">86 \u2013 O Munic\u00edpio Alfa editou\u2026<\/td><td class=\"has-text-align-center\" data-align=\"center\">C<\/td><td class=\"has-text-align-center\" data-align=\"center\"><\/td><\/tr><tr><td class=\"has-text-align-center\" data-align=\"center\">87 \u2013 Maria \u00e9 servidora p\u00fablica\u2026<\/td><td class=\"has-text-align-center\" data-align=\"center\">E<\/td><td class=\"has-text-align-center\" data-align=\"center\"><\/td><\/tr><tr><td class=\"has-text-align-center\" data-align=\"center\">88 \u2013 De acordo com o Supremo\u2026<\/td><td class=\"has-text-align-center\" data-align=\"center\">D<\/td><td class=\"has-text-align-center\" data-align=\"center\"><\/td><\/tr><tr><td class=\"has-text-align-center\" data-align=\"center\">89 \u2013 No Estado Alfa\u2026<\/td><td class=\"has-text-align-center\" data-align=\"center\">C<\/td><td class=\"has-text-align-center\" data-align=\"center\"><\/td><\/tr><tr><td class=\"has-text-align-center\" data-align=\"center\">90 \u2013 O im\u00f3vel urbano de\u2026<\/td><td class=\"has-text-align-center\" data-align=\"center\">C<\/td><td class=\"has-text-align-center\" data-align=\"center\"><\/td><\/tr><tr><td class=\"has-text-align-center\" data-align=\"center\">91 \u2013 Durante uma opera\u00e7\u00e3o da\u2026<\/td><td class=\"has-text-align-center\" data-align=\"center\">A<\/td><td class=\"has-text-align-center\" data-align=\"center\"><\/td><\/tr><tr><td class=\"has-text-align-center\" data-align=\"center\">92 \u2013 O Estado Delta\u2026<\/td><td class=\"has-text-align-center\" data-align=\"center\">E<\/td><td class=\"has-text-align-center\" data-align=\"center\"><\/td><\/tr><tr><td class=\"has-text-align-center\" data-align=\"center\">93 \u2013 Adalto recebeu\u2026<\/td><td class=\"has-text-align-center\" data-align=\"center\">E<\/td><td class=\"has-text-align-center\" data-align=\"center\"><\/td><\/tr><tr><td class=\"has-text-align-center\" data-align=\"center\">94 \u2013 Logo ap\u00f3s publicar\u2026<\/td><td class=\"has-text-align-center\" data-align=\"center\">C<\/td><td class=\"has-text-align-center\" data-align=\"center\"><\/td><\/tr><tr><td class=\"has-text-align-center\" data-align=\"center\">95 \u2013 A\u00e7\u00e3o popular pede\u2026<\/td><td class=\"has-text-align-center\" data-align=\"center\">D<\/td><td class=\"has-text-align-center\" data-align=\"center\"><\/td><\/tr><tr><td class=\"has-text-align-center\" data-align=\"center\">96 \u2013 Pedro, not\u00e1rio no\u2026<\/td><td class=\"has-text-align-center\" data-align=\"center\">B<\/td><td class=\"has-text-align-center\" data-align=\"center\">Art. 26. Compete ao Conselho Superior da Magistratura: I \u2013 processar e julgar os recursos das decis\u00f5es administrativas do Presidente e do Corregedor-Geral da Justi\u00e7a; II \u2013 julgar recurso em processo administrativo disciplinar instaurado em face de servidores do primeiro e do segundo grau do Poder Judici\u00e1rio; III \u2013 julgar recurso em processo administrativo disciplinar instaurado em face de not\u00e1rio e registrador; IV \u2013 julgar, originariamente, o processo administrativo disciplinar instaurado em face de not\u00e1rio e registrador quando a pena prevista \u00e9 a perda da delega\u00e7\u00e3o, competindo a instaura\u00e7\u00e3o e instru\u00e7\u00e3o do feito administrativo ao magistrado diretor do foro da respectiva comarca<\/td><\/tr><tr><td class=\"has-text-align-center\" data-align=\"center\">97 \u2013 Um juiz foi informado\u2026<\/td><td class=\"has-text-align-center\" data-align=\"center\">B<\/td><td class=\"has-text-align-center\" data-align=\"center\">Res. 351\/2020 \u2013 Institui, no \u00e2mbito do Poder Judici\u00e1rio, a Pol\u00edtica de Preven\u00e7\u00e3o e Enfrentamento do Ass\u00e9dio Moral, do Ass\u00e9dio Sexual e da Discrimina\u00e7\u00e3o.<br>Art. 12. Toda conduta que possa configurar ass\u00e9dio ou discrimina\u00e7\u00e3o poder\u00e1 ser noticiada por:<br>I \u2013 qualquer pessoa que se perceba alvo de ass\u00e9dio ou discrimina\u00e7\u00e3o no trabalho;<br>II \u2013 qualquer pessoa que tenha conhecimento de fatos que possam caracterizar ass\u00e9dio ou discrimina\u00e7\u00e3o no trabalho.<\/td><\/tr><tr><td class=\"has-text-align-center\" data-align=\"center\">98 \u2013 A s\u00famula vinculante\u2026<\/td><td class=\"has-text-align-center\" data-align=\"center\">D<\/td><td class=\"has-text-align-center\" data-align=\"center\">Art. 103-A. O Supremo Tribunal Federal poder\u00e1, de of\u00edcio ou por provoca\u00e7\u00e3o, mediante decis\u00e3o de dois ter\u00e7os dos seus membros, ap\u00f3s reiteradas decis\u00f5es sobre mat\u00e9ria constitucional, aprovar s\u00famula que, a partir de sua publica\u00e7\u00e3o na imprensa oficial, ter\u00e1 efeito vinculante em rela\u00e7\u00e3o aos demais \u00f3rg\u00e3os do Poder Judici\u00e1rio e \u00e0 administra\u00e7\u00e3o p\u00fablica direta e indireta, nas esferas federal, estadual e municipal, bem como proceder \u00e0 sua revis\u00e3o ou cancelamento, na forma estabelecida em lei. (Inclu\u00eddo pela Emenda Constitucional n\u00ba 45, de 2004) (Vide Lei n\u00ba 11.417, de 2006).<\/td><\/tr><tr><td class=\"has-text-align-center\" data-align=\"center\">99 \u2013 Suponha que foi\u2026<\/td><td class=\"has-text-align-center\" data-align=\"center\">D<\/td><td class=\"has-text-align-center\" data-align=\"center\">Artigo 28 \u2013 Cl\u00e1usula federal<br>Quando se tratar de um Estado-parte constitu\u00eddo como Estado federal, o governo nacional do aludido Estado-parte cumprir\u00e1 todas as disposi\u00e7\u00f5es da presente Conven\u00e7\u00e3o, relacionadas com as mat\u00e9rias sobre as quais exerce compet\u00eancia legislativa e judicial.<br>No tocante \u00e0s disposi\u00e7\u00f5es relativas \u00e0s mat\u00e9rias que correspondem \u00e0 compet\u00eancia das entidades componentes da federa\u00e7\u00e3o, o governo nacional deve tomar imediatamente as medidas pertinentes, em conformidade com sua Constitui\u00e7\u00e3o e com suas leis, a fim de que as autoridades competentes das referidas entidades possam adotar as disposi\u00e7\u00f5es cab\u00edveis para o cumprimento desta Conven\u00e7\u00e3o.<br>Quando dois ou mais Estados-partes decidirem constituir entre eles uma federa\u00e7\u00e3o ou outro tipo de associa\u00e7\u00e3o, diligenciar\u00e3o no sentido de que o pacto comunit\u00e1rio respectivo contenha as disposi\u00e7\u00f5es necess\u00e1rias para que continuem sendo efetivas no novo Estado, assim organizado, as normas da presente Conven\u00e7\u00e3o.<\/td><\/tr><tr><td class=\"has-text-align-center\" data-align=\"center\">100 \u2013 Em abril de 2022\u2026<\/td><td class=\"has-text-align-center\" data-align=\"center\">A<\/td><\/tr><\/tbody><\/table><\/figure>\n\n\n\n<p class=\"has-text-align-center has-luminous-vivid-amber-background-color has-background\"><strong>Saiba mais: <a href=\"https:\/\/cj.estrategia.com\/portal\/concurso-magistratura-go\/\">Concurso Magistratura GO<\/a><\/strong><\/p>\n\n\n\n<h2 class=\"wp-block-heading has-text-align-center\" id=\"cursos\"><span id=\"quer-saber-tudo-sobre-concursos-previstosconfira-nossos-artigos\">Quer saber tudo sobre concursos previstos?<br><strong>Confira nossos artigos!<\/strong><\/span><\/h2>\n\n\n\n\n\n<h2 class=\"wp-block-heading has-text-align-center\" id=\"cursos\"><span id=\"cursos-para-o-concurso-magistratura-go\"><span><b>Cursos para o <\/b><\/span><strong>Concurso Magistratura GO<\/strong><\/span><\/h2>\n\n\n\n<div class=\"wp-block-cover\" style=\"min-height:155px;aspect-ratio:unset;\"><img decoding=\"async\" width=\"1890\" height=\"351\" class=\"wp-block-cover__image-background wp-image-8669\" alt=\"Assinaturas Jur\u00eddicas\" src=\"https:\/\/cj.estrategia.com\/portal\/wp-content\/uploads\/2022\/06\/20151253\/concurso-carreiras-juridicas-assinatura-juridica.jpg\" style=\"object-position:78% 43%\" data-object-fit=\"cover\" data-object-position=\"78% 43%\" srcset=\"https:\/\/cj.estrategia.com\/portal\/wp-content\/uploads\/2022\/06\/20151253\/concurso-carreiras-juridicas-assinatura-juridica.jpg 1890w, https:\/\/cj.estrategia.com\/portal\/wp-content\/uploads\/2022\/06\/20151253\/concurso-carreiras-juridicas-assinatura-juridica-300x56.jpg 300w, https:\/\/cj.estrategia.com\/portal\/wp-content\/uploads\/2022\/06\/20151253\/concurso-carreiras-juridicas-assinatura-juridica-1024x190.jpg 1024w, https:\/\/cj.estrategia.com\/portal\/wp-content\/uploads\/2022\/06\/20151253\/concurso-carreiras-juridicas-assinatura-juridica-768x143.jpg 768w, https:\/\/cj.estrategia.com\/portal\/wp-content\/uploads\/2022\/06\/20151253\/concurso-carreiras-juridicas-assinatura-juridica-1536x285.jpg 1536w, https:\/\/cj.estrategia.com\/portal\/wp-content\/uploads\/2022\/06\/20151253\/concurso-carreiras-juridicas-assinatura-juridica-380x71.jpg 380w, https:\/\/cj.estrategia.com\/portal\/wp-content\/uploads\/2022\/06\/20151253\/concurso-carreiras-juridicas-assinatura-juridica-800x149.jpg 800w, https:\/\/cj.estrategia.com\/portal\/wp-content\/uploads\/2022\/06\/20151253\/concurso-carreiras-juridicas-assinatura-juridica-1160x215.jpg 1160w\" sizes=\"(max-width: 1890px) 100vw, 1890px\" \/><span aria-hidden=\"true\" class=\"wp-block-cover__background has-background-dim\"><\/span><div class=\"wp-block-cover__inner-container is-layout-flow wp-block-cover-is-layout-flow\">\n<h3 id=\"faca-a-sua-assinatura\" class=\"titulo-assinatura\"><span style=\"color: #ffffff;\">Fa\u00e7a a sua assinatura!<\/span><\/h3>\n<p class=\"subtitulo-assinatura\" style=\"display:block!important; line-height: 0;\"><span style=\"color: #ffffff;\">Escolha a sua \u00e1rea.<\/span><\/p>\n<a target=\"_blank\" href=\"https:\/\/www.estrategiaconcursos.com.br\/assinaturas-ecj\/\" rel=\"noopener\"><button style=\"border-radius: 10px; text-transform: capitalize;\">Acessar<\/button><\/a>\n<\/div><\/div>\n\n\n\n<h2 class=\"wp-block-heading has-text-align-center\" id=\"h-whatsapp-ecj-nbsp-clique-na-sua-carreira-e-participe\"><span id=\"whatsapp-ecj-clique-na-sua-carreira-e-participe\">Whatsapp ECJ:\u00a0<strong>Clique na sua carreira e PARTICIPE!<\/strong><\/span><\/h2>\n\n\n\n<p>Com o\u00a0<strong>Whatsapp ECJ<\/strong>\u00a0vamos transformar a maneira como os estudantes se preparam para os concursos p\u00fablicos do momento e do futuro. <strong>Esta plataforma n\u00e3o apenas oferece suporte para tirar d\u00favidas cruciais, mas tamb\u00e9m fornece dicas valiosas para alcan\u00e7ar o sucesso nas provas<\/strong>, abrangendo todas as \u00e1reas da carreira jur\u00eddica.<\/p>\n\n\n\n<figure class=\"wp-block-image size-large\"><a href=\"https:\/\/www.redirectmais.com\/run\/magistratura-estadual-info\"><img decoding=\"async\" width=\"1024\" height=\"190\" src=\"https:\/\/cj.estrategia.com\/portal\/wp-content\/uploads\/2023\/12\/06120547\/BANNER-AZUL-1-1024x190.jpg\" alt=\"\" class=\"wp-image-51100\" srcset=\"https:\/\/cj.estrategia.com\/portal\/wp-content\/uploads\/2023\/12\/06120547\/BANNER-AZUL-1-1024x190.jpg 1024w, https:\/\/cj.estrategia.com\/portal\/wp-content\/uploads\/2023\/12\/06120547\/BANNER-AZUL-1-300x56.jpg 300w, https:\/\/cj.estrategia.com\/portal\/wp-content\/uploads\/2023\/12\/06120547\/BANNER-AZUL-1-768x143.jpg 768w, https:\/\/cj.estrategia.com\/portal\/wp-content\/uploads\/2023\/12\/06120547\/BANNER-AZUL-1-1536x285.jpg 1536w, https:\/\/cj.estrategia.com\/portal\/wp-content\/uploads\/2023\/12\/06120547\/BANNER-AZUL-1-380x71.jpg 380w, https:\/\/cj.estrategia.com\/portal\/wp-content\/uploads\/2023\/12\/06120547\/BANNER-AZUL-1-800x149.jpg 800w, https:\/\/cj.estrategia.com\/portal\/wp-content\/uploads\/2023\/12\/06120547\/BANNER-AZUL-1-1160x215.jpg 1160w, https:\/\/cj.estrategia.com\/portal\/wp-content\/uploads\/2023\/12\/06120547\/BANNER-AZUL-1-150x28.jpg 150w, https:\/\/cj.estrategia.com\/portal\/wp-content\/uploads\/2023\/12\/06120547\/BANNER-AZUL-1.jpg 1890w\" sizes=\"(max-width: 1024px) 100vw, 1024px\" \/><\/a><\/figure>\n","protected":false},"excerpt":{"rendered":"Neste domingo, 17 de dezembro, aconteceram as provas do\u00a0Concurso TJ GO Juiz.\u00a0A prova objetiva contou com 100 (cem)&hellip;\n","protected":false},"author":12,"featured_media":32256,"comment_status":"open","ping_status":"open","sticky":false,"template":"","format":"standard","meta":{"_jetpack_memberships_contains_paid_content":false,"footnotes":""},"categories":[26],"tags":[],"tax_estado":[39],"class_list":{"0":"post-52001","1":"post","2":"type-post","3":"status-publish","4":"format-standard","5":"has-post-thumbnail","7":"category-magistratura","8":"tax_estado-go"},"acf":[],"yoast_head":"<!-- This site is optimized with the Yoast SEO Premium plugin v27.5 (Yoast SEO v27.5) - https:\/\/yoast.com\/product\/yoast-seo-premium-wordpress\/ -->\n<title>Gabarito Extraoficial Magistratura GO: confira a corre\u00e7\u00e3o!<\/title>\n<meta name=\"description\" content=\"Confira o gabarito da prova objetiva do concurso Magistratura GO!\" \/>\n<meta name=\"robots\" content=\"index, follow, max-snippet:-1, max-image-preview:large, max-video-preview:-1\" \/>\n<link rel=\"canonical\" href=\"https:\/\/cj.estrategia.com\/portal\/gabarito-extraoficial-magistratura-go\/\" \/>\n<meta property=\"og:locale\" content=\"pt_BR\" \/>\n<meta property=\"og:type\" content=\"article\" \/>\n<meta property=\"og:title\" content=\"Gabarito Extraoficial Magistratura GO: confira a corre\u00e7\u00e3o!\" \/>\n<meta property=\"og:description\" content=\"Confira o gabarito da prova objetiva do concurso Magistratura GO!\" \/>\n<meta property=\"og:url\" content=\"https:\/\/cj.estrategia.com\/portal\/gabarito-extraoficial-magistratura-go\/\" \/>\n<meta property=\"og:site_name\" content=\"Blog - Carreiras Jur\u00eddicas - Estrat\u00e9gia\" \/>\n<meta property=\"article:publisher\" content=\"https:\/\/www.facebook.com\/estrategiacarreirajuridica\/\" \/>\n<meta property=\"article:published_time\" content=\"2023-12-19T00:29:00+00:00\" \/>\n<meta property=\"article:modified_time\" content=\"2023-12-20T04:10:45+00:00\" \/>\n<meta property=\"og:image\" content=\"https:\/\/cj.estrategia.com\/portal\/wp-content\/uploads\/2023\/03\/27140838\/concursos-juridicos-magistratura-go.jpg\" \/>\n\t<meta property=\"og:image:width\" content=\"960\" \/>\n\t<meta property=\"og:image:height\" content=\"540\" \/>\n\t<meta property=\"og:image:type\" content=\"image\/jpeg\" \/>\n<meta name=\"author\" content=\"Coordena\u00e7\u00e3o\" \/>\n<meta name=\"twitter:card\" content=\"summary_large_image\" \/>\n<meta name=\"twitter:creator\" content=\"@EstratJuridica\" \/>\n<meta name=\"twitter:site\" content=\"@EstratJuridica\" \/>\n<meta name=\"twitter:label1\" content=\"Escrito por\" \/>\n\t<meta name=\"twitter:data1\" content=\"Coordena\u00e7\u00e3o\" \/>\n\t<meta name=\"twitter:label2\" content=\"Est. tempo de leitura\" \/>\n\t<meta name=\"twitter:data2\" content=\"15 minutos\" \/>\n<script type=\"application\/ld+json\" class=\"yoast-schema-graph\">{\"@context\":\"https:\\\/\\\/schema.org\",\"@graph\":[{\"@type\":\"NewsArticle\",\"@id\":\"https:\\\/\\\/cj.estrategia.com\\\/portal\\\/gabarito-extraoficial-magistratura-go\\\/#article\",\"isPartOf\":{\"@id\":\"https:\\\/\\\/cj.estrategia.com\\\/portal\\\/gabarito-extraoficial-magistratura-go\\\/\"},\"author\":{\"name\":\"Coordena\u00e7\u00e3o\",\"@id\":\"https:\\\/\\\/cj.estrategia.com\\\/portal\\\/#\\\/schema\\\/person\\\/4d70317d31449932b99102916b6637f5\"},\"headline\":\"Gabarito Extraoficial Magistratura GO: confira a corre\u00e7\u00e3o!\",\"datePublished\":\"2023-12-19T00:29:00+00:00\",\"dateModified\":\"2023-12-20T04:10:45+00:00\",\"mainEntityOfPage\":{\"@id\":\"https:\\\/\\\/cj.estrategia.com\\\/portal\\\/gabarito-extraoficial-magistratura-go\\\/\"},\"wordCount\":2426,\"commentCount\":0,\"publisher\":{\"@id\":\"https:\\\/\\\/cj.estrategia.com\\\/portal\\\/#organization\"},\"image\":{\"@id\":\"https:\\\/\\\/cj.estrategia.com\\\/portal\\\/gabarito-extraoficial-magistratura-go\\\/#primaryimage\"},\"thumbnailUrl\":\"https:\\\/\\\/cj.estrategia.com\\\/portal\\\/wp-content\\\/uploads\\\/2023\\\/03\\\/27140838\\\/concursos-juridicos-magistratura-go.jpg\",\"articleSection\":[\"Magistratura\"],\"inLanguage\":\"pt-BR\",\"potentialAction\":[{\"@type\":\"CommentAction\",\"name\":\"Comment\",\"target\":[\"https:\\\/\\\/cj.estrategia.com\\\/portal\\\/gabarito-extraoficial-magistratura-go\\\/#respond\"]}]},{\"@type\":\"WebPage\",\"@id\":\"https:\\\/\\\/cj.estrategia.com\\\/portal\\\/gabarito-extraoficial-magistratura-go\\\/\",\"url\":\"https:\\\/\\\/cj.estrategia.com\\\/portal\\\/gabarito-extraoficial-magistratura-go\\\/\",\"name\":\"Gabarito Extraoficial Magistratura GO: confira a corre\u00e7\u00e3o!\",\"isPartOf\":{\"@id\":\"https:\\\/\\\/cj.estrategia.com\\\/portal\\\/#website\"},\"primaryImageOfPage\":{\"@id\":\"https:\\\/\\\/cj.estrategia.com\\\/portal\\\/gabarito-extraoficial-magistratura-go\\\/#primaryimage\"},\"image\":{\"@id\":\"https:\\\/\\\/cj.estrategia.com\\\/portal\\\/gabarito-extraoficial-magistratura-go\\\/#primaryimage\"},\"thumbnailUrl\":\"https:\\\/\\\/cj.estrategia.com\\\/portal\\\/wp-content\\\/uploads\\\/2023\\\/03\\\/27140838\\\/concursos-juridicos-magistratura-go.jpg\",\"datePublished\":\"2023-12-19T00:29:00+00:00\",\"dateModified\":\"2023-12-20T04:10:45+00:00\",\"description\":\"Confira o gabarito da prova objetiva do concurso Magistratura GO!\",\"breadcrumb\":{\"@id\":\"https:\\\/\\\/cj.estrategia.com\\\/portal\\\/gabarito-extraoficial-magistratura-go\\\/#breadcrumb\"},\"inLanguage\":\"pt-BR\",\"potentialAction\":[{\"@type\":\"ReadAction\",\"target\":[\"https:\\\/\\\/cj.estrategia.com\\\/portal\\\/gabarito-extraoficial-magistratura-go\\\/\"]}]},{\"@type\":\"ImageObject\",\"inLanguage\":\"pt-BR\",\"@id\":\"https:\\\/\\\/cj.estrategia.com\\\/portal\\\/gabarito-extraoficial-magistratura-go\\\/#primaryimage\",\"url\":\"https:\\\/\\\/cj.estrategia.com\\\/portal\\\/wp-content\\\/uploads\\\/2023\\\/03\\\/27140838\\\/concursos-juridicos-magistratura-go.jpg\",\"contentUrl\":\"https:\\\/\\\/cj.estrategia.com\\\/portal\\\/wp-content\\\/uploads\\\/2023\\\/03\\\/27140838\\\/concursos-juridicos-magistratura-go.jpg\",\"width\":960,\"height\":540,\"caption\":\"concurso juiz GO\"},{\"@type\":\"BreadcrumbList\",\"@id\":\"https:\\\/\\\/cj.estrategia.com\\\/portal\\\/gabarito-extraoficial-magistratura-go\\\/#breadcrumb\",\"itemListElement\":[{\"@type\":\"ListItem\",\"position\":1,\"name\":\"In\u00edcio\",\"item\":\"https:\\\/\\\/cj.estrategia.com\\\/portal\\\/\"},{\"@type\":\"ListItem\",\"position\":2,\"name\":\"Gabarito Extraoficial Magistratura GO: confira a corre\u00e7\u00e3o!\"}]},{\"@type\":\"WebSite\",\"@id\":\"https:\\\/\\\/cj.estrategia.com\\\/portal\\\/#website\",\"url\":\"https:\\\/\\\/cj.estrategia.com\\\/portal\\\/\",\"name\":\"Blog - Carreiras Jur\u00eddicas - Estrat\u00e9gia\",\"description\":\"\",\"publisher\":{\"@id\":\"https:\\\/\\\/cj.estrategia.com\\\/portal\\\/#organization\"},\"potentialAction\":[{\"@type\":\"SearchAction\",\"target\":{\"@type\":\"EntryPoint\",\"urlTemplate\":\"https:\\\/\\\/cj.estrategia.com\\\/portal\\\/?s={search_term_string}\"},\"query-input\":{\"@type\":\"PropertyValueSpecification\",\"valueRequired\":true,\"valueName\":\"search_term_string\"}}],\"inLanguage\":\"pt-BR\"},{\"@type\":\"Organization\",\"@id\":\"https:\\\/\\\/cj.estrategia.com\\\/portal\\\/#organization\",\"name\":\"Estrat\u00e9gia - Carreiras Jur\u00eddicas\",\"url\":\"https:\\\/\\\/cj.estrategia.com\\\/portal\\\/\",\"logo\":{\"@type\":\"ImageObject\",\"inLanguage\":\"pt-BR\",\"@id\":\"https:\\\/\\\/cj.estrategia.com\\\/portal\\\/#\\\/schema\\\/logo\\\/image\\\/\",\"url\":\"https:\\\/\\\/cj.estrategia.com\\\/portal\\\/wp-content\\\/uploads\\\/2022\\\/03\\\/11151052\\\/cj-logo.png\",\"contentUrl\":\"https:\\\/\\\/cj.estrategia.com\\\/portal\\\/wp-content\\\/uploads\\\/2022\\\/03\\\/11151052\\\/cj-logo.png\",\"width\":150,\"height\":39,\"caption\":\"Estrat\u00e9gia - Carreiras Jur\u00eddicas\"},\"image\":{\"@id\":\"https:\\\/\\\/cj.estrategia.com\\\/portal\\\/#\\\/schema\\\/logo\\\/image\\\/\"},\"sameAs\":[\"https:\\\/\\\/www.facebook.com\\\/estrategiacarreirajuridica\\\/\",\"https:\\\/\\\/x.com\\\/EstratJuridica\",\"https:\\\/\\\/www.instagram.com\\\/estrategiacarreirajuridica\\\/\",\"https:\\\/\\\/www.youtube.com\\\/channel\\\/UClbMGuYbj2Mh1m3w144ETWQ\"]},{\"@type\":\"Person\",\"@id\":\"https:\\\/\\\/cj.estrategia.com\\\/portal\\\/#\\\/schema\\\/person\\\/4d70317d31449932b99102916b6637f5\",\"name\":\"Coordena\u00e7\u00e3o\",\"image\":{\"@type\":\"ImageObject\",\"inLanguage\":\"pt-BR\",\"@id\":\"https:\\\/\\\/cj.estrategia.com\\\/portal\\\/wp-content\\\/uploads\\\/2022\\\/05\\\/12164923\\\/estrategia-carreira-juridica-coordenacao-96x96.png\",\"url\":\"https:\\\/\\\/cj.estrategia.com\\\/portal\\\/wp-content\\\/uploads\\\/2022\\\/05\\\/12164923\\\/estrategia-carreira-juridica-coordenacao-96x96.png\",\"contentUrl\":\"https:\\\/\\\/cj.estrategia.com\\\/portal\\\/wp-content\\\/uploads\\\/2022\\\/05\\\/12164923\\\/estrategia-carreira-juridica-coordenacao-96x96.png\",\"caption\":\"Coordena\u00e7\u00e3o\"},\"url\":\"https:\\\/\\\/cj.estrategia.com\\\/portal\\\/author\\\/coordenacao\\\/\"}]}<\/script>\n<!-- \/ Yoast SEO Premium plugin. -->","yoast_head_json":{"title":"Gabarito Extraoficial Magistratura GO: confira a corre\u00e7\u00e3o!","description":"Confira o gabarito da prova objetiva do concurso Magistratura GO!","robots":{"index":"index","follow":"follow","max-snippet":"max-snippet:-1","max-image-preview":"max-image-preview:large","max-video-preview":"max-video-preview:-1"},"canonical":"https:\/\/cj.estrategia.com\/portal\/gabarito-extraoficial-magistratura-go\/","og_locale":"pt_BR","og_type":"article","og_title":"Gabarito Extraoficial Magistratura GO: confira a corre\u00e7\u00e3o!","og_description":"Confira o gabarito da prova objetiva do concurso Magistratura GO!","og_url":"https:\/\/cj.estrategia.com\/portal\/gabarito-extraoficial-magistratura-go\/","og_site_name":"Blog - Carreiras Jur\u00eddicas - Estrat\u00e9gia","article_publisher":"https:\/\/www.facebook.com\/estrategiacarreirajuridica\/","article_published_time":"2023-12-19T00:29:00+00:00","article_modified_time":"2023-12-20T04:10:45+00:00","og_image":[{"width":960,"height":540,"url":"https:\/\/cj.estrategia.com\/portal\/wp-content\/uploads\/2023\/03\/27140838\/concursos-juridicos-magistratura-go.jpg","type":"image\/jpeg"}],"author":"Coordena\u00e7\u00e3o","twitter_card":"summary_large_image","twitter_creator":"@EstratJuridica","twitter_site":"@EstratJuridica","twitter_misc":{"Escrito por":"Coordena\u00e7\u00e3o","Est. tempo de leitura":"15 minutos"},"schema":{"@context":"https:\/\/schema.org","@graph":[{"@type":"NewsArticle","@id":"https:\/\/cj.estrategia.com\/portal\/gabarito-extraoficial-magistratura-go\/#article","isPartOf":{"@id":"https:\/\/cj.estrategia.com\/portal\/gabarito-extraoficial-magistratura-go\/"},"author":{"name":"Coordena\u00e7\u00e3o","@id":"https:\/\/cj.estrategia.com\/portal\/#\/schema\/person\/4d70317d31449932b99102916b6637f5"},"headline":"Gabarito Extraoficial Magistratura GO: confira a corre\u00e7\u00e3o!","datePublished":"2023-12-19T00:29:00+00:00","dateModified":"2023-12-20T04:10:45+00:00","mainEntityOfPage":{"@id":"https:\/\/cj.estrategia.com\/portal\/gabarito-extraoficial-magistratura-go\/"},"wordCount":2426,"commentCount":0,"publisher":{"@id":"https:\/\/cj.estrategia.com\/portal\/#organization"},"image":{"@id":"https:\/\/cj.estrategia.com\/portal\/gabarito-extraoficial-magistratura-go\/#primaryimage"},"thumbnailUrl":"https:\/\/cj.estrategia.com\/portal\/wp-content\/uploads\/2023\/03\/27140838\/concursos-juridicos-magistratura-go.jpg","articleSection":["Magistratura"],"inLanguage":"pt-BR","potentialAction":[{"@type":"CommentAction","name":"Comment","target":["https:\/\/cj.estrategia.com\/portal\/gabarito-extraoficial-magistratura-go\/#respond"]}]},{"@type":"WebPage","@id":"https:\/\/cj.estrategia.com\/portal\/gabarito-extraoficial-magistratura-go\/","url":"https:\/\/cj.estrategia.com\/portal\/gabarito-extraoficial-magistratura-go\/","name":"Gabarito Extraoficial Magistratura GO: confira a corre\u00e7\u00e3o!","isPartOf":{"@id":"https:\/\/cj.estrategia.com\/portal\/#website"},"primaryImageOfPage":{"@id":"https:\/\/cj.estrategia.com\/portal\/gabarito-extraoficial-magistratura-go\/#primaryimage"},"image":{"@id":"https:\/\/cj.estrategia.com\/portal\/gabarito-extraoficial-magistratura-go\/#primaryimage"},"thumbnailUrl":"https:\/\/cj.estrategia.com\/portal\/wp-content\/uploads\/2023\/03\/27140838\/concursos-juridicos-magistratura-go.jpg","datePublished":"2023-12-19T00:29:00+00:00","dateModified":"2023-12-20T04:10:45+00:00","description":"Confira o gabarito da prova objetiva do concurso Magistratura GO!","breadcrumb":{"@id":"https:\/\/cj.estrategia.com\/portal\/gabarito-extraoficial-magistratura-go\/#breadcrumb"},"inLanguage":"pt-BR","potentialAction":[{"@type":"ReadAction","target":["https:\/\/cj.estrategia.com\/portal\/gabarito-extraoficial-magistratura-go\/"]}]},{"@type":"ImageObject","inLanguage":"pt-BR","@id":"https:\/\/cj.estrategia.com\/portal\/gabarito-extraoficial-magistratura-go\/#primaryimage","url":"https:\/\/cj.estrategia.com\/portal\/wp-content\/uploads\/2023\/03\/27140838\/concursos-juridicos-magistratura-go.jpg","contentUrl":"https:\/\/cj.estrategia.com\/portal\/wp-content\/uploads\/2023\/03\/27140838\/concursos-juridicos-magistratura-go.jpg","width":960,"height":540,"caption":"concurso juiz GO"},{"@type":"BreadcrumbList","@id":"https:\/\/cj.estrategia.com\/portal\/gabarito-extraoficial-magistratura-go\/#breadcrumb","itemListElement":[{"@type":"ListItem","position":1,"name":"In\u00edcio","item":"https:\/\/cj.estrategia.com\/portal\/"},{"@type":"ListItem","position":2,"name":"Gabarito Extraoficial Magistratura GO: confira a corre\u00e7\u00e3o!"}]},{"@type":"WebSite","@id":"https:\/\/cj.estrategia.com\/portal\/#website","url":"https:\/\/cj.estrategia.com\/portal\/","name":"Blog - Carreiras Jur\u00eddicas - Estrat\u00e9gia","description":"","publisher":{"@id":"https:\/\/cj.estrategia.com\/portal\/#organization"},"potentialAction":[{"@type":"SearchAction","target":{"@type":"EntryPoint","urlTemplate":"https:\/\/cj.estrategia.com\/portal\/?s={search_term_string}"},"query-input":{"@type":"PropertyValueSpecification","valueRequired":true,"valueName":"search_term_string"}}],"inLanguage":"pt-BR"},{"@type":"Organization","@id":"https:\/\/cj.estrategia.com\/portal\/#organization","name":"Estrat\u00e9gia - Carreiras Jur\u00eddicas","url":"https:\/\/cj.estrategia.com\/portal\/","logo":{"@type":"ImageObject","inLanguage":"pt-BR","@id":"https:\/\/cj.estrategia.com\/portal\/#\/schema\/logo\/image\/","url":"https:\/\/cj.estrategia.com\/portal\/wp-content\/uploads\/2022\/03\/11151052\/cj-logo.png","contentUrl":"https:\/\/cj.estrategia.com\/portal\/wp-content\/uploads\/2022\/03\/11151052\/cj-logo.png","width":150,"height":39,"caption":"Estrat\u00e9gia - Carreiras Jur\u00eddicas"},"image":{"@id":"https:\/\/cj.estrategia.com\/portal\/#\/schema\/logo\/image\/"},"sameAs":["https:\/\/www.facebook.com\/estrategiacarreirajuridica\/","https:\/\/x.com\/EstratJuridica","https:\/\/www.instagram.com\/estrategiacarreirajuridica\/","https:\/\/www.youtube.com\/channel\/UClbMGuYbj2Mh1m3w144ETWQ"]},{"@type":"Person","@id":"https:\/\/cj.estrategia.com\/portal\/#\/schema\/person\/4d70317d31449932b99102916b6637f5","name":"Coordena\u00e7\u00e3o","image":{"@type":"ImageObject","inLanguage":"pt-BR","@id":"https:\/\/cj.estrategia.com\/portal\/wp-content\/uploads\/2022\/05\/12164923\/estrategia-carreira-juridica-coordenacao-96x96.png","url":"https:\/\/cj.estrategia.com\/portal\/wp-content\/uploads\/2022\/05\/12164923\/estrategia-carreira-juridica-coordenacao-96x96.png","contentUrl":"https:\/\/cj.estrategia.com\/portal\/wp-content\/uploads\/2022\/05\/12164923\/estrategia-carreira-juridica-coordenacao-96x96.png","caption":"Coordena\u00e7\u00e3o"},"url":"https:\/\/cj.estrategia.com\/portal\/author\/coordenacao\/"}]}},"jetpack_featured_media_url":"https:\/\/cj.estrategia.com\/portal\/wp-content\/uploads\/2023\/03\/27140838\/concursos-juridicos-magistratura-go.jpg","jetpack_sharing_enabled":true,"_links":{"self":[{"href":"https:\/\/cj.estrategia.com\/portal\/wp-json\/wp\/v2\/posts\/52001","targetHints":{"allow":["GET"]}}],"collection":[{"href":"https:\/\/cj.estrategia.com\/portal\/wp-json\/wp\/v2\/posts"}],"about":[{"href":"https:\/\/cj.estrategia.com\/portal\/wp-json\/wp\/v2\/types\/post"}],"author":[{"embeddable":true,"href":"https:\/\/cj.estrategia.com\/portal\/wp-json\/wp\/v2\/users\/12"}],"replies":[{"embeddable":true,"href":"https:\/\/cj.estrategia.com\/portal\/wp-json\/wp\/v2\/comments?post=52001"}],"version-history":[{"count":0,"href":"https:\/\/cj.estrategia.com\/portal\/wp-json\/wp\/v2\/posts\/52001\/revisions"}],"wp:featuredmedia":[{"embeddable":true,"href":"https:\/\/cj.estrategia.com\/portal\/wp-json\/wp\/v2\/media\/32256"}],"wp:attachment":[{"href":"https:\/\/cj.estrategia.com\/portal\/wp-json\/wp\/v2\/media?parent=52001"}],"wp:term":[{"taxonomy":"category","embeddable":true,"href":"https:\/\/cj.estrategia.com\/portal\/wp-json\/wp\/v2\/categories?post=52001"},{"taxonomy":"post_tag","embeddable":true,"href":"https:\/\/cj.estrategia.com\/portal\/wp-json\/wp\/v2\/tags?post=52001"},{"taxonomy":"tax_estado","embeddable":true,"href":"https:\/\/cj.estrategia.com\/portal\/wp-json\/wp\/v2\/tax_estado?post=52001"}],"curies":[{"name":"wp","href":"https:\/\/api.w.org\/{rel}","templated":true}]}}