{"id":5160,"date":"2022-05-23T18:00:00","date_gmt":"2022-05-23T21:00:00","guid":{"rendered":"https:\/\/cj.estrategia.com\/portal\/?p=5160"},"modified":"2022-05-20T10:21:53","modified_gmt":"2022-05-20T13:21:53","slug":"pgm-betim-mentoria-pos-edital","status":"publish","type":"post","link":"https:\/\/cj.estrategia.com\/portal\/pgm-betim-mentoria-pos-edital\/","title":{"rendered":"PGM-Betim: Mentoria P\u00f3s-Edital"},"content":{"rendered":"\n<p>Reforce sua prepara\u00e7\u00e3o para o concurso PGM-BETIM com a mentoria p\u00f3s-edital. Come\u00e7a nesta segunda-feira, 23 de maio, \u00e0s 19:00. Confira abaixo: <\/p>\n\n\n\n<h3 id=\"pgm-betim-cronograma\" class=\"wp-block-heading\">PGM-BETIM: cronograma<\/h3>\n\n\n\n<figure class=\"wp-block-table is-style-stripes\"><table><tbody><tr><td class=\"has-text-align-center\" data-align=\"center\"><strong>Aula<\/strong><\/td><td class=\"has-text-align-center\" data-align=\"center\"><strong>Data<\/strong><\/td><td class=\"has-text-align-center\" data-align=\"center\"><strong>Dia da Semana<\/strong><\/td><td class=\"has-text-align-center\" data-align=\"center\"><strong>Hor\u00e1rio<\/strong><\/td><td class=\"has-text-align-center\" data-align=\"center\"><strong>Transmiss\u00e3o<\/strong><\/td><td class=\"has-text-align-center\" data-align=\"center\"><strong>Professor<\/strong><\/td><td class=\"has-text-align-center\" data-align=\"center\"><strong>Tema<\/strong><\/td><\/tr><tr><td class=\"has-text-align-center\" data-align=\"center\">Aula 01<\/td><td class=\"has-text-align-center\" data-align=\"center\">23\/05\/22<\/td><td class=\"has-text-align-center\" data-align=\"center\">2\u00aa feira<\/td><td class=\"has-text-align-center\" data-align=\"center\">19:00<\/td><td class=\"has-text-align-center\" data-align=\"center\">Ao vivo<\/td><td class=\"has-text-align-center\" data-align=\"center\">Bruno Betti<\/td><td class=\"has-text-align-center\" data-align=\"center\">Como organizar um plano de estudos para PGM Betim?<\/td><\/tr><tr><td class=\"has-text-align-center\" data-align=\"center\">Aula 02<\/td><td class=\"has-text-align-center\" data-align=\"center\">24\/05\/22<\/td><td class=\"has-text-align-center\" data-align=\"center\">3\u00aa feira<\/td><td class=\"has-text-align-center\" data-align=\"center\">19:00<\/td><td class=\"has-text-align-center\" data-align=\"center\">Ao vivo<\/td><td class=\"has-text-align-center\" data-align=\"center\">Lucas Pessoa<\/td><td class=\"has-text-align-center\" data-align=\"center\">Qual o foco dos estudos nas disciplinas de Trabalho, Processo do Trabalho, Ambiental e Urban\u00edstico? Uma interpreta\u00e7\u00e3o dos autores cobrados no edital.<\/td><\/tr><tr><td class=\"has-text-align-center\" data-align=\"center\">Aula 03<\/td><td class=\"has-text-align-center\" data-align=\"center\">25\/05\/22<\/td><td class=\"has-text-align-center\" data-align=\"center\">4\u00aa feira<\/td><td class=\"has-text-align-center\" data-align=\"center\">19:00<\/td><td class=\"has-text-align-center\" data-align=\"center\">Ao vivo<\/td><td class=\"has-text-align-center\" data-align=\"center\">Felipe Duque<\/td><td class=\"has-text-align-center\" data-align=\"center\">Qual o foco dos estudos nas disciplinas de Tribut\u00e1rio e Financeiro?<br>Uma interpreta\u00e7\u00e3o dos autores cobrados no edital.<\/td><\/tr><tr><td class=\"has-text-align-center\" data-align=\"center\">Aula 04<\/td><td class=\"has-text-align-center\" data-align=\"center\">26\/05\/22<\/td><td class=\"has-text-align-center\" data-align=\"center\">5\u00aa feira<\/td><td class=\"has-text-align-center\" data-align=\"center\">19:00<\/td><td class=\"has-text-align-center\" data-align=\"center\">Ao vivo<\/td><td class=\"has-text-align-center\" data-align=\"center\">Bruno Betti<\/td><td class=\"has-text-align-center\" data-align=\"center\">Qual o foco dos estudos nas disciplinas de Administrativo e Constitucional? Uma interpreta\u00e7\u00e3o dos autores cobrados no edital.<\/td><\/tr><tr><td class=\"has-text-align-center\" data-align=\"center\">Aula 05<\/td><td class=\"has-text-align-center\" data-align=\"center\">27\/05\/22<\/td><td class=\"has-text-align-center\" data-align=\"center\">6\u00aa feira<\/td><td class=\"has-text-align-center\" data-align=\"center\">19:00<\/td><td class=\"has-text-align-center\" data-align=\"center\">Ao vivo<\/td><td class=\"has-text-align-center\" data-align=\"center\">Josias Barcelos<\/td><td class=\"has-text-align-center\" data-align=\"center\">Qual o foco dos estudos nas disciplinas de Processo Civil, Civil e Empresarial? Uma interpreta\u00e7\u00e3o dos autores cobrados no edital.<\/td><\/tr><\/tbody><\/table><figcaption>Cronograma<\/figcaption><\/figure>\n\n\n\n<h3 id=\"pgm-betim-evento-ao-vivo\" class=\"wp-block-heading\">PGM-BETIM: evento ao vivo <\/h3>\n\n\n\n<p class=\"has-text-align-center has-luminous-vivid-amber-background-color has-background has-medium-font-size\"><a href=\"https:\/\/www.youtube.com\/c\/Estrat%C3%A9giaCarreiraJur%C3%ADdica\/videos?view=2&live_view=502\" target=\"_blank\" >ASSISTA AO VIVO AQUI<\/a><\/p>\n\n\n\n<h3 id=\"pgm-betim-curiosidades\" class=\"wp-block-heading\">PGM-BETIM: curiosidades<\/h3>\n\n\n\n<h3 class=\"wp-block-heading\" id=\"requisito\"><span id=\"requisitos\">Requisitos<\/span><\/h3>\n\n\n\n<p>Para ingressar na carreira, \u00e9 necess\u00e1rio possuir\u00a0<strong>gradua\u00e7\u00e3o de n\u00edvel superior em Direito<\/strong>\u00a0e registro na Ordem dos Advogados do Brasil.<\/p>\n\n\n\n<h3 class=\"wp-block-heading\" id=\"atribuicoes\">Atribui\u00e7\u00f5es<\/h3>\n\n\n\n<p>De acordo com o edital, as atribui\u00e7\u00f5es s\u00e3o as seguintes:<\/p>\n\n\n\n<ul class=\"wp-block-list\"><li>Executar atividades profissionais superiores no campo do Direito, representando o Munic\u00edpio em ju\u00edzo ou fora dele e desenvolvendo demais servi\u00e7os de natureza jur\u00eddica, por delega\u00e7\u00e3o da autoridade competente, inclusive junto aos \u00f3rg\u00e3os da Administra\u00e7\u00e3o Direta;<\/li><li>Representar e defender os interesses do Munic\u00edpio na execu\u00e7\u00e3o de sua d\u00edvida ativa de car\u00e1ter tribut\u00e1rio e n\u00e3o tribut\u00e1rio;<\/li><li>Zelar pela fiel observ\u00e2ncia e aplica\u00e7\u00e3o das leis, decretos, regulamentos e demais atos, especialmente, em mat\u00e9ria pertinente \u00e0 Fazenda Municipal,<\/li><li>Representar o Munic\u00edpio nas causas de natureza fiscal, assim entendidas as relativas a tributos de compet\u00eancia da esfera Municipal, inclusive infra\u00e7\u00f5es \u00e0 legisla\u00e7\u00e3o tribut\u00e1ria,<\/li><li>Exercer as demais atribui\u00e7\u00f5es previstas em lei.<\/li><\/ul>\n\n\n\n<p>No concurso de 2012, quando o cargo ofertado ainda era denominado de Advogado, as atribui\u00e7\u00f5es dispostas foram as seguintes:<\/p>\n\n\n\n<ul class=\"wp-block-list\"><li>Trabalho profissional de direito.<\/li><li>Assist\u00eancia ou assessoramento jur\u00eddico ao Prefeito ou Auxiliar direto.<\/li><li>O trabalho, desempenhado na Procuradoria Municipal ou em \u00f3rg\u00e3o de Administra\u00e7\u00e3o direta, compreende as atribui\u00e7\u00f5es da classe do Procurador, salvo as de representa\u00e7\u00e3o judicial e \u00e9 exercido com autonomia, sem preju\u00edzo da orienta\u00e7\u00e3o t\u00e9cnica ou do controle de resultado, a cargo do Procurador Geral.<\/li><\/ul>\n\n\n\n<p class=\"has-text-align-center has-luminous-vivid-amber-background-color has-background has-medium-font-size\"><strong>Saiba mais: <a href=\"https:\/\/cj.estrategia.com\/portal\/concurso-pgm-betim-mg\/\" target=\"_blank\" >concurso PGM Betim MG<\/a><\/strong><\/p>\n\n\n\n<h2 class=\"has-text-align-center wp-block-heading\" id=\"cursos\"><span id=\"quer-saber-tudo-sobre-concursos-previstosconfira-nossos-artigos\">Quer saber tudo sobre concursos previstos?<br><strong>Confira nossos artigos!<\/strong><\/span><\/h2>\n\n\n\n<ul class=\"wp-block-list\"><li><a href=\"https:\/\/cj.estrategia.com\/portal\/concursos-abertos-carreiras-juridicas\/\" target=\"_blank\" >Concursos abertos<\/a><\/li><li><a href=\"https:\/\/cj.estrategia.com\/portal\/concursos-2022-carreira-juridicas\/\" target=\"_blank\" >Concursos 2022<\/a><\/li><\/ul>\n\n\n\n<h2 class=\"has-text-align-center wp-block-heading\" id=\"cursos-assinatura\"><span id=\"quer-estudar-para-o-concurso-pgm-betim-mg\">Quer estudar para o concurso PGM Betim MG?<\/span><\/h2>\n\n\n\n<div class=\"container\" id=\"boxes\">\n  <div class=\"row\">\n\n    <div class=\"col-sm\">\n      <div class=\"banner-ecj\" id=\"box-assinatura\">\n        <h3 id=\"curso-para-concurso-pgm-betim\" class=\"titulo-assinatura\">Curso para Concurso PGM Betim <\/h3>\n        <p class=\"subtitulo-assinatura\">Cursos focados no edital do concurso<\/p>\n        <div class=\"box-botao\">\n          <a class=\"btn-assinatura\" target=\"_blank\" href=\"https:\/\/www.estrategiaconcursos.com.br\/cursosPorConcurso\/pgm-betim-mg-procurador-municipal\/\" role=\"button\" rel=\"noopener noreferrer\">Conhe\u00e7a mais<\/a>\n        <\/div>\n      <\/div>\n      <p class=\"texto-auxiliar\">Prepare-se com o melhor material e com quem mais aprova em concursos em todo o pa\u00eds. \n<\/p>\n    <\/div>\n\n  <\/div>\n<\/div>\n\n\n\n<div class=\"container\" id=\"boxes\">\n  <div class=\"row\">\n\n    <div class=\"col-sm\">\n      <div class=\"banner-ecj\" id=\"box-assinatura\">\n        <h3 id=\"assinatura-juridica\" class=\"titulo-assinatura\">Assinatura Jur\u00eddica <\/h3>\n        <p class=\"subtitulo-assinatura\">Conhe\u00e7a os planos<\/p>\n        <div class=\"box-botao\">\n          <a class=\"btn-assinatura\" target=\"_blank\" href=\"https:\/\/www.estrategiaconcursos.com.br\/assinaturas-ecj\/\" role=\"button\" rel=\"noopener noreferrer\">Conhe\u00e7a mais<\/a>\n        <\/div>\n      <\/div>\n      <p class=\"texto-auxiliar\">Prepare-se com o melhor material e com quem mais aprova em Concursos P\u00fablicos em todo o pa\u00eds. \n<\/p>\n    <\/div>\n\n  <\/div>\n<\/div>\n\n\n\n<div class=\"container\" id=\"boxes\">\n  <div class=\"row\">\n\n    <div class=\"col-sm\">\n      <div class=\"banner-ecj\" id=\"box-assinatura\">\n        <h3 id=\"assinatura-de-procuradorias\" class=\"titulo-assinatura\">Assinatura de Procuradorias <\/h3>\n        <p class=\"subtitulo-assinatura\">Conhe\u00e7a os planos<\/p>\n        <div class=\"box-botao\">\n          <a class=\"btn-assinatura\" target=\"_blank\" href=\"https:\/\/www.estrategiaconcursos.com.br\/assinaturas-procuradorias\/\" role=\"button\" rel=\"noopener noreferrer\">Conhe\u00e7a mais<\/a>\n        <\/div>\n      <\/div>\n      <p class=\"texto-auxiliar\">Prepare-se com o melhor material e com quem mais aprova em Concursos P\u00fablicos em todo o pa\u00eds. \n<\/p>\n    <\/div>\n\n  <\/div>\n<\/div>\n","protected":false},"excerpt":{"rendered":"Reforce sua prepara\u00e7\u00e3o para o concurso PGM-BETIM com a mentoria p\u00f3s-edital. Come\u00e7a nesta segunda-feira, 23 de maio, \u00e0s&hellip;\n","protected":false},"author":12,"featured_media":2490,"comment_status":"open","ping_status":"open","sticky":false,"template":"","format":"standard","meta":{"_jetpack_memberships_contains_paid_content":false,"footnotes":""},"categories":[24],"tags":[],"tax_estado":[41],"class_list":{"0":"post-5160","1":"post","2":"type-post","3":"status-publish","4":"format-standard","5":"has-post-thumbnail","7":"category-procuradoria","8":"tax_estado-mg"},"acf":[],"yoast_head":"<!-- This site is optimized with the Yoast SEO Premium plugin v27.5 (Yoast SEO v27.5) - https:\/\/yoast.com\/product\/yoast-seo-premium-wordpress\/ -->\n<title>PGM-Betim: Mentoria P\u00f3s-Edital<\/title>\n<meta name=\"description\" content=\"PGM-Betim: reforce sua prepara\u00e7\u00e3o com a Mentoria P\u00f3s-Edital que come\u00e7a nesta segunda-feira, 23\/05\/2022.\" \/>\n<meta name=\"robots\" content=\"index, follow, max-snippet:-1, max-image-preview:large, max-video-preview:-1\" \/>\n<link rel=\"canonical\" href=\"https:\/\/cj.estrategia.com\/portal\/pgm-betim-mentoria-pos-edital\/\" \/>\n<meta property=\"og:locale\" content=\"pt_BR\" \/>\n<meta property=\"og:type\" content=\"article\" \/>\n<meta property=\"og:title\" content=\"PGM-Betim: Mentoria P\u00f3s-Edital\" \/>\n<meta property=\"og:description\" content=\"PGM-Betim: reforce sua prepara\u00e7\u00e3o com a Mentoria P\u00f3s-Edital que come\u00e7a nesta segunda-feira, 23\/05\/2022.\" \/>\n<meta property=\"og:url\" content=\"https:\/\/cj.estrategia.com\/portal\/pgm-betim-mentoria-pos-edital\/\" \/>\n<meta property=\"og:site_name\" content=\"Blog - Carreiras Jur\u00eddicas - Estrat\u00e9gia\" \/>\n<meta property=\"article:publisher\" content=\"https:\/\/www.facebook.com\/estrategiacarreirajuridica\/\" \/>\n<meta property=\"article:published_time\" content=\"2022-05-23T21:00:00+00:00\" \/>\n<meta property=\"og:image\" content=\"https:\/\/cj.estrategia.com\/portal\/wp-content\/uploads\/2022\/04\/14102628\/pgm-betim-mg.jpg\" \/>\n\t<meta property=\"og:image:width\" content=\"1200\" \/>\n\t<meta property=\"og:image:height\" content=\"628\" \/>\n\t<meta property=\"og:image:type\" content=\"image\/jpeg\" \/>\n<meta name=\"author\" content=\"Coordena\u00e7\u00e3o\" \/>\n<meta name=\"twitter:card\" content=\"summary_large_image\" \/>\n<meta name=\"twitter:creator\" content=\"@EstratJuridica\" \/>\n<meta name=\"twitter:site\" content=\"@EstratJuridica\" \/>\n<meta name=\"twitter:label1\" content=\"Escrito por\" \/>\n\t<meta name=\"twitter:data1\" content=\"Coordena\u00e7\u00e3o\" \/>\n\t<meta name=\"twitter:label2\" content=\"Est. tempo de leitura\" \/>\n\t<meta name=\"twitter:data2\" content=\"3 minutos\" \/>\n<script type=\"application\/ld+json\" class=\"yoast-schema-graph\">{\"@context\":\"https:\\\/\\\/schema.org\",\"@graph\":[{\"@type\":\"NewsArticle\",\"@id\":\"https:\\\/\\\/cj.estrategia.com\\\/portal\\\/pgm-betim-mentoria-pos-edital\\\/#article\",\"isPartOf\":{\"@id\":\"https:\\\/\\\/cj.estrategia.com\\\/portal\\\/pgm-betim-mentoria-pos-edital\\\/\"},\"author\":{\"name\":\"Coordena\u00e7\u00e3o\",\"@id\":\"https:\\\/\\\/cj.estrategia.com\\\/portal\\\/#\\\/schema\\\/person\\\/4d70317d31449932b99102916b6637f5\"},\"headline\":\"PGM-Betim: Mentoria P\u00f3s-Edital\",\"datePublished\":\"2022-05-23T21:00:00+00:00\",\"mainEntityOfPage\":{\"@id\":\"https:\\\/\\\/cj.estrategia.com\\\/portal\\\/pgm-betim-mentoria-pos-edital\\\/\"},\"wordCount\":538,\"commentCount\":0,\"publisher\":{\"@id\":\"https:\\\/\\\/cj.estrategia.com\\\/portal\\\/#organization\"},\"image\":{\"@id\":\"https:\\\/\\\/cj.estrategia.com\\\/portal\\\/pgm-betim-mentoria-pos-edital\\\/#primaryimage\"},\"thumbnailUrl\":\"https:\\\/\\\/cj.estrategia.com\\\/portal\\\/wp-content\\\/uploads\\\/2022\\\/04\\\/14102628\\\/pgm-betim-mg.jpg\",\"articleSection\":[\"Procuradoria\"],\"inLanguage\":\"pt-BR\",\"potentialAction\":[{\"@type\":\"CommentAction\",\"name\":\"Comment\",\"target\":[\"https:\\\/\\\/cj.estrategia.com\\\/portal\\\/pgm-betim-mentoria-pos-edital\\\/#respond\"]}]},{\"@type\":\"WebPage\",\"@id\":\"https:\\\/\\\/cj.estrategia.com\\\/portal\\\/pgm-betim-mentoria-pos-edital\\\/\",\"url\":\"https:\\\/\\\/cj.estrategia.com\\\/portal\\\/pgm-betim-mentoria-pos-edital\\\/\",\"name\":\"PGM-Betim: Mentoria P\u00f3s-Edital\",\"isPartOf\":{\"@id\":\"https:\\\/\\\/cj.estrategia.com\\\/portal\\\/#website\"},\"primaryImageOfPage\":{\"@id\":\"https:\\\/\\\/cj.estrategia.com\\\/portal\\\/pgm-betim-mentoria-pos-edital\\\/#primaryimage\"},\"image\":{\"@id\":\"https:\\\/\\\/cj.estrategia.com\\\/portal\\\/pgm-betim-mentoria-pos-edital\\\/#primaryimage\"},\"thumbnailUrl\":\"https:\\\/\\\/cj.estrategia.com\\\/portal\\\/wp-content\\\/uploads\\\/2022\\\/04\\\/14102628\\\/pgm-betim-mg.jpg\",\"datePublished\":\"2022-05-23T21:00:00+00:00\",\"description\":\"PGM-Betim: reforce sua prepara\u00e7\u00e3o com a Mentoria P\u00f3s-Edital que come\u00e7a nesta segunda-feira, 23\\\/05\\\/2022.\",\"breadcrumb\":{\"@id\":\"https:\\\/\\\/cj.estrategia.com\\\/portal\\\/pgm-betim-mentoria-pos-edital\\\/#breadcrumb\"},\"inLanguage\":\"pt-BR\",\"potentialAction\":[{\"@type\":\"ReadAction\",\"target\":[\"https:\\\/\\\/cj.estrategia.com\\\/portal\\\/pgm-betim-mentoria-pos-edital\\\/\"]}]},{\"@type\":\"ImageObject\",\"inLanguage\":\"pt-BR\",\"@id\":\"https:\\\/\\\/cj.estrategia.com\\\/portal\\\/pgm-betim-mentoria-pos-edital\\\/#primaryimage\",\"url\":\"https:\\\/\\\/cj.estrategia.com\\\/portal\\\/wp-content\\\/uploads\\\/2022\\\/04\\\/14102628\\\/pgm-betim-mg.jpg\",\"contentUrl\":\"https:\\\/\\\/cj.estrategia.com\\\/portal\\\/wp-content\\\/uploads\\\/2022\\\/04\\\/14102628\\\/pgm-betim-mg.jpg\",\"width\":1200,\"height\":628,\"caption\":\"Concurso PGM Betim MG\"},{\"@type\":\"BreadcrumbList\",\"@id\":\"https:\\\/\\\/cj.estrategia.com\\\/portal\\\/pgm-betim-mentoria-pos-edital\\\/#breadcrumb\",\"itemListElement\":[{\"@type\":\"ListItem\",\"position\":1,\"name\":\"In\u00edcio\",\"item\":\"https:\\\/\\\/cj.estrategia.com\\\/portal\\\/\"},{\"@type\":\"ListItem\",\"position\":2,\"name\":\"PGM-Betim: Mentoria P\u00f3s-Edital\"}]},{\"@type\":\"WebSite\",\"@id\":\"https:\\\/\\\/cj.estrategia.com\\\/portal\\\/#website\",\"url\":\"https:\\\/\\\/cj.estrategia.com\\\/portal\\\/\",\"name\":\"Blog - Carreiras Jur\u00eddicas - Estrat\u00e9gia\",\"description\":\"\",\"publisher\":{\"@id\":\"https:\\\/\\\/cj.estrategia.com\\\/portal\\\/#organization\"},\"potentialAction\":[{\"@type\":\"SearchAction\",\"target\":{\"@type\":\"EntryPoint\",\"urlTemplate\":\"https:\\\/\\\/cj.estrategia.com\\\/portal\\\/?s={search_term_string}\"},\"query-input\":{\"@type\":\"PropertyValueSpecification\",\"valueRequired\":true,\"valueName\":\"search_term_string\"}}],\"inLanguage\":\"pt-BR\"},{\"@type\":\"Organization\",\"@id\":\"https:\\\/\\\/cj.estrategia.com\\\/portal\\\/#organization\",\"name\":\"Estrat\u00e9gia - Carreiras Jur\u00eddicas\",\"url\":\"https:\\\/\\\/cj.estrategia.com\\\/portal\\\/\",\"logo\":{\"@type\":\"ImageObject\",\"inLanguage\":\"pt-BR\",\"@id\":\"https:\\\/\\\/cj.estrategia.com\\\/portal\\\/#\\\/schema\\\/logo\\\/image\\\/\",\"url\":\"https:\\\/\\\/cj.estrategia.com\\\/portal\\\/wp-content\\\/uploads\\\/2022\\\/03\\\/11151052\\\/cj-logo.png\",\"contentUrl\":\"https:\\\/\\\/cj.estrategia.com\\\/portal\\\/wp-content\\\/uploads\\\/2022\\\/03\\\/11151052\\\/cj-logo.png\",\"width\":150,\"height\":39,\"caption\":\"Estrat\u00e9gia - Carreiras Jur\u00eddicas\"},\"image\":{\"@id\":\"https:\\\/\\\/cj.estrategia.com\\\/portal\\\/#\\\/schema\\\/logo\\\/image\\\/\"},\"sameAs\":[\"https:\\\/\\\/www.facebook.com\\\/estrategiacarreirajuridica\\\/\",\"https:\\\/\\\/x.com\\\/EstratJuridica\",\"https:\\\/\\\/www.instagram.com\\\/estrategiacarreirajuridica\\\/\",\"https:\\\/\\\/www.youtube.com\\\/channel\\\/UClbMGuYbj2Mh1m3w144ETWQ\"]},{\"@type\":\"Person\",\"@id\":\"https:\\\/\\\/cj.estrategia.com\\\/portal\\\/#\\\/schema\\\/person\\\/4d70317d31449932b99102916b6637f5\",\"name\":\"Coordena\u00e7\u00e3o\",\"image\":{\"@type\":\"ImageObject\",\"inLanguage\":\"pt-BR\",\"@id\":\"https:\\\/\\\/cj.estrategia.com\\\/portal\\\/wp-content\\\/uploads\\\/2022\\\/05\\\/12164923\\\/estrategia-carreira-juridica-coordenacao-96x96.png\",\"url\":\"https:\\\/\\\/cj.estrategia.com\\\/portal\\\/wp-content\\\/uploads\\\/2022\\\/05\\\/12164923\\\/estrategia-carreira-juridica-coordenacao-96x96.png\",\"contentUrl\":\"https:\\\/\\\/cj.estrategia.com\\\/portal\\\/wp-content\\\/uploads\\\/2022\\\/05\\\/12164923\\\/estrategia-carreira-juridica-coordenacao-96x96.png\",\"caption\":\"Coordena\u00e7\u00e3o\"},\"url\":\"https:\\\/\\\/cj.estrategia.com\\\/portal\\\/author\\\/coordenacao\\\/\"}]}<\/script>\n<!-- \/ Yoast SEO Premium plugin. -->","yoast_head_json":{"title":"PGM-Betim: Mentoria P\u00f3s-Edital","description":"PGM-Betim: reforce sua prepara\u00e7\u00e3o com a Mentoria P\u00f3s-Edital que come\u00e7a nesta segunda-feira, 23\/05\/2022.","robots":{"index":"index","follow":"follow","max-snippet":"max-snippet:-1","max-image-preview":"max-image-preview:large","max-video-preview":"max-video-preview:-1"},"canonical":"https:\/\/cj.estrategia.com\/portal\/pgm-betim-mentoria-pos-edital\/","og_locale":"pt_BR","og_type":"article","og_title":"PGM-Betim: Mentoria P\u00f3s-Edital","og_description":"PGM-Betim: reforce sua prepara\u00e7\u00e3o com a Mentoria P\u00f3s-Edital que come\u00e7a nesta segunda-feira, 23\/05\/2022.","og_url":"https:\/\/cj.estrategia.com\/portal\/pgm-betim-mentoria-pos-edital\/","og_site_name":"Blog - Carreiras Jur\u00eddicas - Estrat\u00e9gia","article_publisher":"https:\/\/www.facebook.com\/estrategiacarreirajuridica\/","article_published_time":"2022-05-23T21:00:00+00:00","og_image":[{"width":1200,"height":628,"url":"https:\/\/cj.estrategia.com\/portal\/wp-content\/uploads\/2022\/04\/14102628\/pgm-betim-mg.jpg","type":"image\/jpeg"}],"author":"Coordena\u00e7\u00e3o","twitter_card":"summary_large_image","twitter_creator":"@EstratJuridica","twitter_site":"@EstratJuridica","twitter_misc":{"Escrito por":"Coordena\u00e7\u00e3o","Est. tempo de leitura":"3 minutos"},"schema":{"@context":"https:\/\/schema.org","@graph":[{"@type":"NewsArticle","@id":"https:\/\/cj.estrategia.com\/portal\/pgm-betim-mentoria-pos-edital\/#article","isPartOf":{"@id":"https:\/\/cj.estrategia.com\/portal\/pgm-betim-mentoria-pos-edital\/"},"author":{"name":"Coordena\u00e7\u00e3o","@id":"https:\/\/cj.estrategia.com\/portal\/#\/schema\/person\/4d70317d31449932b99102916b6637f5"},"headline":"PGM-Betim: Mentoria P\u00f3s-Edital","datePublished":"2022-05-23T21:00:00+00:00","mainEntityOfPage":{"@id":"https:\/\/cj.estrategia.com\/portal\/pgm-betim-mentoria-pos-edital\/"},"wordCount":538,"commentCount":0,"publisher":{"@id":"https:\/\/cj.estrategia.com\/portal\/#organization"},"image":{"@id":"https:\/\/cj.estrategia.com\/portal\/pgm-betim-mentoria-pos-edital\/#primaryimage"},"thumbnailUrl":"https:\/\/cj.estrategia.com\/portal\/wp-content\/uploads\/2022\/04\/14102628\/pgm-betim-mg.jpg","articleSection":["Procuradoria"],"inLanguage":"pt-BR","potentialAction":[{"@type":"CommentAction","name":"Comment","target":["https:\/\/cj.estrategia.com\/portal\/pgm-betim-mentoria-pos-edital\/#respond"]}]},{"@type":"WebPage","@id":"https:\/\/cj.estrategia.com\/portal\/pgm-betim-mentoria-pos-edital\/","url":"https:\/\/cj.estrategia.com\/portal\/pgm-betim-mentoria-pos-edital\/","name":"PGM-Betim: Mentoria P\u00f3s-Edital","isPartOf":{"@id":"https:\/\/cj.estrategia.com\/portal\/#website"},"primaryImageOfPage":{"@id":"https:\/\/cj.estrategia.com\/portal\/pgm-betim-mentoria-pos-edital\/#primaryimage"},"image":{"@id":"https:\/\/cj.estrategia.com\/portal\/pgm-betim-mentoria-pos-edital\/#primaryimage"},"thumbnailUrl":"https:\/\/cj.estrategia.com\/portal\/wp-content\/uploads\/2022\/04\/14102628\/pgm-betim-mg.jpg","datePublished":"2022-05-23T21:00:00+00:00","description":"PGM-Betim: reforce sua prepara\u00e7\u00e3o com a Mentoria P\u00f3s-Edital que come\u00e7a nesta segunda-feira, 23\/05\/2022.","breadcrumb":{"@id":"https:\/\/cj.estrategia.com\/portal\/pgm-betim-mentoria-pos-edital\/#breadcrumb"},"inLanguage":"pt-BR","potentialAction":[{"@type":"ReadAction","target":["https:\/\/cj.estrategia.com\/portal\/pgm-betim-mentoria-pos-edital\/"]}]},{"@type":"ImageObject","inLanguage":"pt-BR","@id":"https:\/\/cj.estrategia.com\/portal\/pgm-betim-mentoria-pos-edital\/#primaryimage","url":"https:\/\/cj.estrategia.com\/portal\/wp-content\/uploads\/2022\/04\/14102628\/pgm-betim-mg.jpg","contentUrl":"https:\/\/cj.estrategia.com\/portal\/wp-content\/uploads\/2022\/04\/14102628\/pgm-betim-mg.jpg","width":1200,"height":628,"caption":"Concurso PGM Betim MG"},{"@type":"BreadcrumbList","@id":"https:\/\/cj.estrategia.com\/portal\/pgm-betim-mentoria-pos-edital\/#breadcrumb","itemListElement":[{"@type":"ListItem","position":1,"name":"In\u00edcio","item":"https:\/\/cj.estrategia.com\/portal\/"},{"@type":"ListItem","position":2,"name":"PGM-Betim: Mentoria P\u00f3s-Edital"}]},{"@type":"WebSite","@id":"https:\/\/cj.estrategia.com\/portal\/#website","url":"https:\/\/cj.estrategia.com\/portal\/","name":"Blog - Carreiras Jur\u00eddicas - Estrat\u00e9gia","description":"","publisher":{"@id":"https:\/\/cj.estrategia.com\/portal\/#organization"},"potentialAction":[{"@type":"SearchAction","target":{"@type":"EntryPoint","urlTemplate":"https:\/\/cj.estrategia.com\/portal\/?s={search_term_string}"},"query-input":{"@type":"PropertyValueSpecification","valueRequired":true,"valueName":"search_term_string"}}],"inLanguage":"pt-BR"},{"@type":"Organization","@id":"https:\/\/cj.estrategia.com\/portal\/#organization","name":"Estrat\u00e9gia - Carreiras Jur\u00eddicas","url":"https:\/\/cj.estrategia.com\/portal\/","logo":{"@type":"ImageObject","inLanguage":"pt-BR","@id":"https:\/\/cj.estrategia.com\/portal\/#\/schema\/logo\/image\/","url":"https:\/\/cj.estrategia.com\/portal\/wp-content\/uploads\/2022\/03\/11151052\/cj-logo.png","contentUrl":"https:\/\/cj.estrategia.com\/portal\/wp-content\/uploads\/2022\/03\/11151052\/cj-logo.png","width":150,"height":39,"caption":"Estrat\u00e9gia - Carreiras Jur\u00eddicas"},"image":{"@id":"https:\/\/cj.estrategia.com\/portal\/#\/schema\/logo\/image\/"},"sameAs":["https:\/\/www.facebook.com\/estrategiacarreirajuridica\/","https:\/\/x.com\/EstratJuridica","https:\/\/www.instagram.com\/estrategiacarreirajuridica\/","https:\/\/www.youtube.com\/channel\/UClbMGuYbj2Mh1m3w144ETWQ"]},{"@type":"Person","@id":"https:\/\/cj.estrategia.com\/portal\/#\/schema\/person\/4d70317d31449932b99102916b6637f5","name":"Coordena\u00e7\u00e3o","image":{"@type":"ImageObject","inLanguage":"pt-BR","@id":"https:\/\/cj.estrategia.com\/portal\/wp-content\/uploads\/2022\/05\/12164923\/estrategia-carreira-juridica-coordenacao-96x96.png","url":"https:\/\/cj.estrategia.com\/portal\/wp-content\/uploads\/2022\/05\/12164923\/estrategia-carreira-juridica-coordenacao-96x96.png","contentUrl":"https:\/\/cj.estrategia.com\/portal\/wp-content\/uploads\/2022\/05\/12164923\/estrategia-carreira-juridica-coordenacao-96x96.png","caption":"Coordena\u00e7\u00e3o"},"url":"https:\/\/cj.estrategia.com\/portal\/author\/coordenacao\/"}]}},"jetpack_featured_media_url":"https:\/\/cj.estrategia.com\/portal\/wp-content\/uploads\/2022\/04\/14102628\/pgm-betim-mg.jpg","jetpack_sharing_enabled":true,"_links":{"self":[{"href":"https:\/\/cj.estrategia.com\/portal\/wp-json\/wp\/v2\/posts\/5160","targetHints":{"allow":["GET"]}}],"collection":[{"href":"https:\/\/cj.estrategia.com\/portal\/wp-json\/wp\/v2\/posts"}],"about":[{"href":"https:\/\/cj.estrategia.com\/portal\/wp-json\/wp\/v2\/types\/post"}],"author":[{"embeddable":true,"href":"https:\/\/cj.estrategia.com\/portal\/wp-json\/wp\/v2\/users\/12"}],"replies":[{"embeddable":true,"href":"https:\/\/cj.estrategia.com\/portal\/wp-json\/wp\/v2\/comments?post=5160"}],"version-history":[{"count":0,"href":"https:\/\/cj.estrategia.com\/portal\/wp-json\/wp\/v2\/posts\/5160\/revisions"}],"wp:featuredmedia":[{"embeddable":true,"href":"https:\/\/cj.estrategia.com\/portal\/wp-json\/wp\/v2\/media\/2490"}],"wp:attachment":[{"href":"https:\/\/cj.estrategia.com\/portal\/wp-json\/wp\/v2\/media?parent=5160"}],"wp:term":[{"taxonomy":"category","embeddable":true,"href":"https:\/\/cj.estrategia.com\/portal\/wp-json\/wp\/v2\/categories?post=5160"},{"taxonomy":"post_tag","embeddable":true,"href":"https:\/\/cj.estrategia.com\/portal\/wp-json\/wp\/v2\/tags?post=5160"},{"taxonomy":"tax_estado","embeddable":true,"href":"https:\/\/cj.estrategia.com\/portal\/wp-json\/wp\/v2\/tax_estado?post=5160"}],"curies":[{"name":"wp","href":"https:\/\/api.w.org\/{rel}","templated":true}]}}