{"id":51380,"date":"2023-12-07T21:58:04","date_gmt":"2023-12-08T00:58:04","guid":{"rendered":"https:\/\/cj.estrategia.com\/portal\/?p=51380"},"modified":"2023-12-07T21:58:07","modified_gmt":"2023-12-08T00:58:07","slug":"prova-comentada-empresarial-dpe-es-defensor","status":"publish","type":"post","link":"https:\/\/cj.estrategia.com\/portal\/prova-comentada-empresarial-dpe-es-defensor\/","title":{"rendered":"Prova Comentada Empresarial DPE ES Defensor!"},"content":{"rendered":"\n<p id=\"block-4b47c30a-5ccc-43af-a781-eb606fd97509\">Ol\u00e1, pessoal, tudo certo?!<\/p>\n\n\n\n<p id=\"block-dae40a8f-ca95-41f9-b52b-ec7bb2bfa8fa\">Em 03\/12\/2023, foi aplicada a prova objetiva do concurso p\u00fablico para <strong>Defensoria P\u00fablica do Estado do Esp\u00edrito Santo<\/strong>. Assim que divulgado o gabarito preliminar oficial, nosso time de professores analisou cada uma das quest\u00f5es que agora ser\u00e3o apresentadas em nossa <strong>PROVA COMENTADA<\/strong>.<\/p>\n\n\n\n<p id=\"block-1da70ccf-34d8-419f-8a19-ebbeff2f6ecd\">Este material visa a auxili\u00e1-los na aferi\u00e7\u00e3o das notas, elabora\u00e7\u00e3o de eventuais recursos, bem como na revis\u00e3o do conte\u00fado cobrado no certame.<\/p>\n\n\n\n<p id=\"block-92c577a1-39c6-4832-a416-5237a11f6938\">Desde j\u00e1, destacamos que nossos professores identificaram 7 quest\u00f5es pass\u00edveis de recursos, por apresentarem duas ou nenhuma alternativa correta, como veremos adiante. No tipo de prova comentado, trata-se das quest\u00f5es 76.<\/p>\n\n\n\n<p id=\"block-b9c5671e-17ff-4824-be31-aaf12513e76b\">De modo complementar, elaboramos tamb\u00e9m o <strong><a href=\"https:\/\/cj.estrategia.com\/cadernos-e-simulados\/simulados\/1daf780b-f794-4685-a873-eb3a9691ce42\">RANKING da DPE-ES<\/a><\/strong>, em que nossos alunos e seguidores poder\u00e3o inserir suas respostas \u00e0 prova, e, ao final, aferir sua nota, de acordo com o gabarito preliminar oficial. Essa ferramenta \u00e9 gratuita e, para participar, basta clicar no link abaixo:<\/p>\n\n\n\n<p id=\"block-55033cd6-7c65-4f47-ac8e-c0149eeafde0\">Al\u00e9m disso, montamos um caderno para nossos seguidores, alunos ou n\u00e3o, verem os coment\u00e1rios e comentarem as quest\u00f5es da prova: Confira <a href=\"https:\/\/cj.estrategia.com\/cadernos-e-simulados\/cadernos\/5368bdb8-a8a8-42f8-9366-42ce0adf2936\">AQUI!<\/a><\/p>\n\n\n\n<p id=\"block-87f63ec9-8cf3-4fcc-99dd-ad3892ea468d\">Por fim, acompanhe todas as novidades sobre essa e outras provas da carreira no nosso canal do Youtube. Inscreva-se e ative as notifica\u00e7\u00f5es! <a href=\"https:\/\/www.youtube.com\/@EstrategiaCarreiraJuridica\"><strong>Estrat\u00e9gia Carreira Jur\u00eddica &#8211; YouTube<\/strong><\/a><\/p>\n\n\n\n<p class=\"has-text-align-center has-pale-ocean-gradient-background has-background\"><strong>Clique <a href=\"https:\/\/cj.estrategia.com\/portal\/provas-comentadas-dpe-es-defensor\/\">AQUI <\/a> e confira todas as provas comentadas! <\/strong><\/p>\n\n\n\n<h2 class=\"wp-block-heading has-vivid-red-color has-text-color has-link-color wp-elements-3deabe23a879d63e862575253a7a9b72\" id=\"h-prova-comentada-empresarial\"><span id=\"prova-comentada-empresarial\">Prova Comentada Empresarial<\/span><\/h2>\n\n\n\n<p><strong>QUEST\u00c3O 45. De acordo com as normativas legais acerca do nome empresarial,<\/strong><\/p>\n\n\n\n<p><strong>a) \u00e9 permitida a aliena\u00e7\u00e3o do nome empresarial, se houver previs\u00e3o no contrato social.<\/strong><\/p>\n\n\n\n<p><strong>b) a firma da sociedade limitada ser\u00e1 composta com o nome de um ou mais s\u00f3cios, desde que pessoas f\u00edsicas, de modo indicativo da rela\u00e7\u00e3o social.<\/strong><\/p>\n\n\n\n<p><strong>c) o nome de s\u00f3cio que vier a falecer, for exclu\u00eddo ou se retirar pode ser conservado na firma social.<\/strong><\/p>\n\n\n\n<p><strong>d) a sociedade em conta de participa\u00e7\u00e3o pode operar por firma ou denomina\u00e7\u00e3o.<\/strong><\/p>\n\n\n\n<p><strong>e) a sociedade an\u00f4nima deve operar sob firma, integrada pela express\u00e3o &#8220;companhia\u201d<\/strong><\/p>\n\n\n\n<p><strong>Coment\u00e1rios<\/strong><\/p>\n\n\n\n<p>A alternativa correta a ser assinalada \u00e9 a <strong>letra B.<\/strong><\/p>\n\n\n\n<p>A alternativa A est\u00e1 incorreta. N\u00e3o \u00e9 permitida a aliena\u00e7\u00e3o do nome empresarial. De acordo com artigo 1.164 do CC\/02: \u201cArt. 1.164. O nome empresarial n\u00e3o pode ser objeto de aliena\u00e7\u00e3o.\u201d<\/p>\n\n\n\n<p>A alternativa B est\u00e1 correta. De acordo com artigo 1.158, \u00a7 1\u00ba, do CC\/02: \u201cArt. 1.158. Pode a sociedade limitada adotar firma ou denomina\u00e7\u00e3o, integradas pela palavra final &#8220;limitada&#8221; ou a sua abreviatura. \u00a7 1\u00ba A firma ser\u00e1 composta com o nome de um ou mais s\u00f3cios, desde que pessoas f\u00edsicas, de modo indicativo da rela\u00e7\u00e3o social.\u201d<\/p>\n\n\n\n<p>A alternativa C est\u00e1 incorreta. N\u00e3o \u00e9 poss\u00edvel a conserva\u00e7\u00e3o do nome neste caso. De acordo com artigo 1.165 do CC\/02: \u201cArt. 1.165. O nome de s\u00f3cio que vier a falecer, for exclu\u00eddo ou se retirar, n\u00e3o pode ser conservado na firma social.\u201d<\/p>\n\n\n\n<p>A alternativa D est\u00e1 incorreta. A sociedade em conta de participa\u00e7\u00e3o pode operar por firma nem por denomina\u00e7\u00e3o. De acordo com artigo 1.162 do CC\/02: \u201cArt. 1.162. A sociedade em conta de participa\u00e7\u00e3o n\u00e3o pode ter firma ou denomina\u00e7\u00e3o.\u201d<\/p>\n\n\n\n<p>A alternativa E est\u00e1 incorreta. A sociedade an\u00f4nima opera sob firma. De acordo com artigo 1.160 do CC\/02: \u201cArt. 1.160. A sociedade an\u00f4nima opera sob denomina\u00e7\u00e3o integrada pelas express\u00f5es \u2018sociedade an\u00f4nima\u2019 ou \u2018companhia\u2019, por extenso ou abreviadamente, facultada a designa\u00e7\u00e3o do objeto social. (Reda\u00e7\u00e3o dada pela Lei n\u00ba 14.382, de 2022)\u201d.<\/p>\n\n\n\n<p><strong>QUEST\u00c3O 46. Considere os seguintes t\u00f3picos:<\/strong><\/p>\n\n\n\n<p><strong>I. sucursal de pessoa jur\u00eddica com sede no exterior.<\/strong><\/p>\n\n\n\n<p><strong>II. sociedade simples enquadrada como microempresa.<\/strong><\/p>\n\n\n\n<p><strong>III. pessoa jur\u00eddica constitu\u00edda sob a forma de sociedade por a\u00e7\u00f5es.<\/strong><\/p>\n\n\n\n<p><strong>IV. sociedade empres\u00e1ria enquadrada como empresa de pequeno porte.<\/strong><\/p>\n\n\n\n<p><strong>S\u00e3o pessoas jur\u00eddicas que podem se beneficiar do tratamento jur\u00eddico diferenciado previsto na Lei Complementar n\u00b0 123\/2006 quando atendidos os requisitos legais, APENAS em<\/strong><\/p>\n\n\n\n<p><strong>a) II e III.<\/strong><\/p>\n\n\n\n<p><strong>b) I, II e III.<\/strong><\/p>\n\n\n\n<p><strong>c) II e IV.<\/strong><\/p>\n\n\n\n<p><strong>d) I e IV.<\/strong><\/p>\n\n\n\n<p><strong>e) IV.<\/strong><\/p>\n\n\n\n<p><strong>Coment\u00e1rios<\/strong><\/p>\n\n\n\n<p>A alternativa correta \u00e9 a <strong>letra C.<\/strong><\/p>\n\n\n\n<p>O rol de empresas que n\u00e3o poder\u00e3o se beneficiar do tratamento jur\u00eddico diferenciado da Lei Complementar n. 123\/2006 est\u00e1 previsto no artigo 3\u00ba, \u00a7 4\u00ba, da aludida lei.<\/p>\n\n\n\n<p>Nesse sentido, disp\u00f5e o referido dispositivo que: \u00a7 4<s>\u00ba<\/s> N\u00e3o poder\u00e1 se beneficiar do tratamento jur\u00eddico diferenciado previsto nesta Lei Complementar, inclu\u00eddo o regime de que trata o art. 12 desta Lei Complementar, para nenhum efeito legal, a pessoa jur\u00eddica: II &#8211; que seja filial, sucursal, ag\u00eancia ou representa\u00e7\u00e3o, no Pa\u00eds, de pessoa jur\u00eddica com sede no exterior; X &#8211; constitu\u00edda sob a forma de sociedade por a\u00e7\u00f5es.<\/p>\n\n\n\n<p>Por sua vez, conforme previsto no artigo 1\u00ba da referida lei: Art. 1<sup>o<\/sup>&nbsp; Esta Lei Complementar estabelece normas gerais relativas ao tratamento diferenciado e favorecido a ser dispensado \u00e0s microempresas e empresas de pequeno porte no \u00e2mbito dos Poderes da Uni\u00e3o, dos Estados, do Distrito Federal e dos Munic\u00edpios, especialmente no que se refere: [&#8230;].<\/p>\n\n\n\n<p>Assim, analisando as assertivas apresentadas no enunciado, \u00e9 poss\u00edvel concluir que apenas aquelas elencadas nos itens I e IV podem ser beneficiadas, quais sejam, a sociedade simples enquadrada como microempresa (I) e a sociedade empres\u00e1ria enquadrada como empresa de pequeno porte (IV).<\/p>\n\n\n\n<p><strong>QUEST\u00c3O 47. Isabela e C\u00e1ssio s\u00e3o casados em comunh\u00e3o universal de bens e n\u00e3o pretendem alterar o referido regime. Nessa situa\u00e7\u00e3o, \u00e0 luz do C\u00f3digo Civil e da jurisprud\u00eancia do STJ, eles devem ser orientados que<\/strong><\/p>\n\n\n\n<p><strong>a) n\u00e3o poder\u00e3o contratar sociedade empres\u00e1ria entre si, mas poder\u00e3o, em conjunto, constituir sociedade simples.<\/strong><\/p>\n\n\n\n<p><strong>b) \u00e9 vedada a constitui\u00e7\u00e3o de sociedade por Isabela ou por C\u00e1ssio, ainda que apenas um deles seja s\u00f3cio com terceiro.<\/strong><\/p>\n\n\n\n<p><strong>c) n\u00e3o poder\u00e3o contratar sociedade entre si, por expressa veda\u00e7\u00e3o legal.<\/strong><\/p>\n\n\n\n<p><strong>d) poder\u00e3o constituir sociedade entre si e com terceiros, sem restri\u00e7\u00f5es.<\/strong><\/p>\n\n\n\n<p><strong>e) \u00e9 permitido que constituam sociedade entre si, desde que haja outros s\u00f3cios na pessoa jur\u00eddica.<\/strong><\/p>\n\n\n\n<p><strong>Coment\u00e1rios<\/strong><\/p>\n\n\n\n<p>A alternativa correta a ser marcada \u00e9 a <strong>letra C<\/strong>.<\/p>\n\n\n\n<p>Em regra, os c\u00f4njuges podem livremente contratar sociedade entre si, salvo se forem casados no regime da comunh\u00e3o universal de bens, ou no da separa\u00e7\u00e3o obrigat\u00f3ria. No caso apresentado, Isabela e C\u00e1ssio s\u00e3o casados no regime da comunh\u00e3o universal e n\u00e3o pretendem alter\u00e1-lo, logo, n\u00e3o poder\u00e3o constituir a referida sociedade.<\/p>\n\n\n\n<p>De acordo com o art. 977 do C\u00f3digo Civil: \u201cFaculta-se aos c\u00f4njuges contratar sociedade, entre si ou com terceiros, desde que n\u00e3o tenham casado no regime da comunh\u00e3o universal de bens, ou no da separa\u00e7\u00e3o obrigat\u00f3ria.\u201d<\/p>\n\n\n\n<p>Dessa forma, as alternativas A, B, D, E est\u00e3o incorretas.<\/p>\n\n\n\n<p><strong>QUEST\u00c3O 48. Na resolu\u00e7\u00e3o parcial da sociedade limitada,<\/strong><\/p>\n\n\n\n<p><strong>a) por maioria absoluta, os demais s\u00f3cios podem excluir, imotivadamente, s\u00f3cio minorit\u00e1rio.<\/strong><\/p>\n\n\n\n<p><strong>b) o capital social sofrer\u00e1 a consequente redu\u00e7\u00e3o, sendo vedado que os demais s\u00f3cios supram o valor da quota do s\u00f3cio retirante.<\/strong><\/p>\n\n\n\n<p><strong>c) o direito de retirada do s\u00f3cio deve ser sempre motivado.<\/strong><\/p>\n\n\n\n<p><strong>d) pode o contrato social permitir o ingresso de sucessor do s\u00f3cio falecido na empresa, sem liquida\u00e7\u00e3o de sua quota.<\/strong><\/p>\n\n\n\n<p><strong>e) o direito de retirada do s\u00f3cio pode ser exercido administrativa ou judicialmente, independentemente de notifica\u00e7\u00e3o dos demais s\u00f3cios.<\/strong><\/p>\n\n\n\n<p><strong>Coment\u00e1rios<\/strong><\/p>\n\n\n\n<p>A alternativa correta \u00e9 a <strong>letra D<\/strong>.<\/p>\n\n\n\n<p>Na sociedade limitada, a responsabilidade de cada s\u00f3cio \u00e9 restrita ao valor de suas quotas, mas todos respondem solidariamente pela integraliza\u00e7\u00e3o do capital social.<\/p>\n\n\n\n<p>Nos casos em que a sociedade se resolver em rela\u00e7\u00e3o a um s\u00f3cio, o valor da sua quota, considerada pelo montante efetivamente realizado, liquidar-se-\u00e1, salvo disposi\u00e7\u00e3o contratual em contr\u00e1rio, com base na situa\u00e7\u00e3o patrimonial da sociedade, \u00e0 data da resolu\u00e7\u00e3o, verificada em balan\u00e7o especialmente levantado.<\/p>\n\n\n\n<p>No entanto, o art. 1.028 do C\u00f3digo Civil elenca tr\u00eas hip\u00f3teses em que n\u00e3o haver\u00e1 liquida\u00e7\u00e3o da quota do s\u00f3cio falecido, vejamos:<\/p>\n\n\n\n<p>Art. 1.028. No caso de morte de s\u00f3cio, liquidar-se-\u00e1 sua quota, salvo:<\/p>\n\n\n\n<p>I &#8211; se o contrato dispuser diferentemente;<\/p>\n\n\n\n<p>II &#8211; se os s\u00f3cios remanescentes optarem pela dissolu\u00e7\u00e3o da sociedade;<\/p>\n\n\n\n<p>III &#8211; se, por acordo com os herdeiros, regular-se a substitui\u00e7\u00e3o do s\u00f3cio falecido.<\/p>\n\n\n\n<p>Dessa forma, as alternativas A, B, C, E est\u00e3o incorretas.<\/p>\n\n\n\n<p><\/p>\n\n\n\n<p class=\"has-text-align-center has-background\" style=\"background:linear-gradient(135deg,rgb(252,185,0) 92%,rgb(255,105,0) 100%)\"><a href=\"https:\/\/cj.estrategia.com\/portal\/concurso-dpe-es-defensor\/\">Saiba mais: <strong><em>Concurso DPE ES<\/em><\/strong><\/a><\/p>\n\n\n\n<h2 class=\"wp-block-heading has-text-align-center\" id=\"h-whatsapp-ecj-clique-na-sua-carreira-e-participe\"><span id=\"whatsapp-ecj-clique-na-sua-carreira-e-participe\">Whatsapp ECJ: <strong>Clique na sua carreira e PARTICIPE!<\/strong><\/span><\/h2>\n\n\n\n<p class=\"has-text-align-center\">Com o <strong>Whatsapp ECJ<\/strong> vamos transformar a maneira como os estudantes se preparam para os concursos p\u00fablicos do momento e do futuro. Esta plataforma n\u00e3o apenas oferece suporte para tirar d\u00favidas cruciais, mas tamb\u00e9m fornece dicas valiosas para alcan\u00e7ar o sucesso nas provas, abrangendo todas as \u00e1reas da carreira jur\u00eddica.<\/p>\n\n\n\n<h3 class=\"wp-block-heading\" id=\"h-defensorias\"><span id=\"defensorias\">Defensorias<\/span><\/h3>\n\n\n\n<figure class=\"wp-block-image size-large\"><a href=\"https:\/\/www.redirectmais.com\/run\/defensorias-info\"><img decoding=\"async\" width=\"1024\" height=\"190\" src=\"https:\/\/cj.estrategia.com\/portal\/wp-content\/uploads\/2023\/12\/06120446\/BANNER-VERMELHO-1024x190.jpg\" alt=\"\" class=\"wp-image-51098\" srcset=\"https:\/\/cj.estrategia.com\/portal\/wp-content\/uploads\/2023\/12\/06120446\/BANNER-VERMELHO-1024x190.jpg 1024w, https:\/\/cj.estrategia.com\/portal\/wp-content\/uploads\/2023\/12\/06120446\/BANNER-VERMELHO-300x56.jpg 300w, https:\/\/cj.estrategia.com\/portal\/wp-content\/uploads\/2023\/12\/06120446\/BANNER-VERMELHO-768x143.jpg 768w, https:\/\/cj.estrategia.com\/portal\/wp-content\/uploads\/2023\/12\/06120446\/BANNER-VERMELHO-1536x285.jpg 1536w, https:\/\/cj.estrategia.com\/portal\/wp-content\/uploads\/2023\/12\/06120446\/BANNER-VERMELHO-380x71.jpg 380w, https:\/\/cj.estrategia.com\/portal\/wp-content\/uploads\/2023\/12\/06120446\/BANNER-VERMELHO-800x149.jpg 800w, https:\/\/cj.estrategia.com\/portal\/wp-content\/uploads\/2023\/12\/06120446\/BANNER-VERMELHO-1160x215.jpg 1160w, https:\/\/cj.estrategia.com\/portal\/wp-content\/uploads\/2023\/12\/06120446\/BANNER-VERMELHO-150x28.jpg 150w, https:\/\/cj.estrategia.com\/portal\/wp-content\/uploads\/2023\/12\/06120446\/BANNER-VERMELHO.jpg 1890w\" sizes=\"(max-width: 1024px) 100vw, 1024px\" \/><\/a><\/figure>\n\n\n\n<h2 class=\"wp-block-heading has-text-align-center\" id=\"cursos\"><span id=\"quer-saber-tudo-sobre-concursos-previstosconfira-nossos-artigos\">Quer saber tudo sobre concursos previstos?<br><strong>Confira nossos artigos!<\/strong><\/span><\/h2>\n\n\n\n\n\n<h2 class=\"wp-block-heading has-text-align-center\" id=\"curso\"><span id=\"quer-estudar-para-concurso-dpe-es\"><strong><em>Quer estudar para Concurso DPE ES?<\/em><\/strong><\/span><\/h2>\n\n\n\n<p class=\"has-text-align-center\"><em><strong>Gostou desta oportunidade e deseja come\u00e7ar se preparar agora mesmo? Ent\u00e3o, confira os nossos cursos e comece a estudar para o concurso DPE ES:<\/strong><\/em><\/p>\n\n\n\n\n\n<div class=\"wp-block-cover\" style=\"min-height:155px;aspect-ratio:unset;\"><img decoding=\"async\" width=\"1890\" height=\"351\" class=\"wp-block-cover__image-background wp-image-8669\" alt=\"Assinaturas Jur\u00eddicas\" src=\"https:\/\/cj.estrategia.com\/portal\/wp-content\/uploads\/2022\/06\/20151253\/concurso-carreiras-juridicas-assinatura-juridica.jpg\" style=\"object-position:78% 43%\" data-object-fit=\"cover\" data-object-position=\"78% 43%\" srcset=\"https:\/\/cj.estrategia.com\/portal\/wp-content\/uploads\/2022\/06\/20151253\/concurso-carreiras-juridicas-assinatura-juridica.jpg 1890w, https:\/\/cj.estrategia.com\/portal\/wp-content\/uploads\/2022\/06\/20151253\/concurso-carreiras-juridicas-assinatura-juridica-300x56.jpg 300w, https:\/\/cj.estrategia.com\/portal\/wp-content\/uploads\/2022\/06\/20151253\/concurso-carreiras-juridicas-assinatura-juridica-1024x190.jpg 1024w, https:\/\/cj.estrategia.com\/portal\/wp-content\/uploads\/2022\/06\/20151253\/concurso-carreiras-juridicas-assinatura-juridica-768x143.jpg 768w, https:\/\/cj.estrategia.com\/portal\/wp-content\/uploads\/2022\/06\/20151253\/concurso-carreiras-juridicas-assinatura-juridica-1536x285.jpg 1536w, https:\/\/cj.estrategia.com\/portal\/wp-content\/uploads\/2022\/06\/20151253\/concurso-carreiras-juridicas-assinatura-juridica-380x71.jpg 380w, https:\/\/cj.estrategia.com\/portal\/wp-content\/uploads\/2022\/06\/20151253\/concurso-carreiras-juridicas-assinatura-juridica-800x149.jpg 800w, https:\/\/cj.estrategia.com\/portal\/wp-content\/uploads\/2022\/06\/20151253\/concurso-carreiras-juridicas-assinatura-juridica-1160x215.jpg 1160w\" sizes=\"(max-width: 1890px) 100vw, 1890px\" \/><span aria-hidden=\"true\" class=\"wp-block-cover__background has-background-dim\"><\/span><div class=\"wp-block-cover__inner-container is-layout-flow wp-block-cover-is-layout-flow\">\n<h3 id=\"faca-a-sua-assinatura\" class=\"titulo-assinatura\"><span style=\"color: #ffffff;\">Fa\u00e7a a sua assinatura!<\/span><\/h3>\n<p class=\"subtitulo-assinatura\" style=\"display:block!important; line-height: 0;\"><span style=\"color: #ffffff;\">Escolha a sua \u00e1rea.<\/span><\/p>\n<a target=\"_blank\" href=\"https:\/\/www.estrategiaconcursos.com.br\/assinaturas-ecj\/\" rel=\"noopener\"><button style=\"border-radius: 10px; text-transform: capitalize;\">Acessar<\/button><\/a>\n<\/div><\/div>\n\n\n\n<p><\/p>\n","protected":false},"excerpt":{"rendered":"Ol\u00e1, pessoal, tudo certo?! Em 03\/12\/2023, foi aplicada a prova objetiva do concurso p\u00fablico para Defensoria P\u00fablica do&hellip;\n","protected":false},"author":12,"featured_media":20799,"comment_status":"open","ping_status":"open","sticky":false,"template":"","format":"standard","meta":{"_jetpack_memberships_contains_paid_content":false,"footnotes":""},"categories":[27],"tags":[],"tax_estado":[38],"class_list":{"0":"post-51380","1":"post","2":"type-post","3":"status-publish","4":"format-standard","5":"has-post-thumbnail","7":"category-defensoria","8":"tax_estado-es"},"acf":[],"yoast_head":"<!-- This site is optimized with the Yoast SEO Premium plugin v27.4 (Yoast SEO v27.4) - https:\/\/yoast.com\/product\/yoast-seo-premium-wordpress\/ -->\n<title>Prova Comentada Empresarial DPE ES Defensor!<\/title>\n<meta name=\"description\" content=\"Prova Comentada Empresarial DPE ES Defensor: Confira os coment\u00e1rios dos professores e tire suas d\u00favidas!\" \/>\n<meta name=\"robots\" content=\"index, follow, max-snippet:-1, max-image-preview:large, max-video-preview:-1\" \/>\n<link rel=\"canonical\" href=\"https:\/\/cj.estrategia.com\/portal\/prova-comentada-empresarial-dpe-es-defensor\/\" \/>\n<meta property=\"og:locale\" content=\"pt_BR\" \/>\n<meta property=\"og:type\" content=\"article\" \/>\n<meta property=\"og:title\" content=\"Prova Comentada Empresarial DPE ES Defensor!\" \/>\n<meta property=\"og:description\" content=\"Prova Comentada Empresarial DPE ES Defensor: Confira os coment\u00e1rios dos professores e tire suas d\u00favidas!\" \/>\n<meta property=\"og:url\" content=\"https:\/\/cj.estrategia.com\/portal\/prova-comentada-empresarial-dpe-es-defensor\/\" \/>\n<meta property=\"og:site_name\" content=\"Blog - Carreiras Jur\u00eddicas - Estrat\u00e9gia\" \/>\n<meta property=\"article:publisher\" content=\"https:\/\/www.facebook.com\/estrategiacarreirajuridica\/\" \/>\n<meta property=\"article:published_time\" content=\"2023-12-08T00:58:04+00:00\" \/>\n<meta property=\"article:modified_time\" content=\"2023-12-08T00:58:07+00:00\" \/>\n<meta property=\"og:image\" content=\"https:\/\/cj.estrategia.com\/portal\/wp-content\/uploads\/2022\/08\/04103612\/DPE-ES-DEFENSOR.jpg\" \/>\n\t<meta property=\"og:image:width\" content=\"768\" \/>\n\t<meta property=\"og:image:height\" content=\"432\" \/>\n\t<meta property=\"og:image:type\" content=\"image\/jpeg\" \/>\n<meta name=\"author\" content=\"Coordena\u00e7\u00e3o\" \/>\n<meta name=\"twitter:card\" content=\"summary_large_image\" \/>\n<meta name=\"twitter:creator\" content=\"@EstratJuridica\" \/>\n<meta name=\"twitter:site\" content=\"@EstratJuridica\" \/>\n<meta name=\"twitter:label1\" content=\"Escrito por\" \/>\n\t<meta name=\"twitter:data1\" content=\"Coordena\u00e7\u00e3o\" \/>\n\t<meta name=\"twitter:label2\" content=\"Est. tempo de leitura\" \/>\n\t<meta name=\"twitter:data2\" content=\"8 minutos\" \/>\n<script type=\"application\/ld+json\" class=\"yoast-schema-graph\">{\"@context\":\"https:\\\/\\\/schema.org\",\"@graph\":[{\"@type\":\"NewsArticle\",\"@id\":\"https:\\\/\\\/cj.estrategia.com\\\/portal\\\/prova-comentada-empresarial-dpe-es-defensor\\\/#article\",\"isPartOf\":{\"@id\":\"https:\\\/\\\/cj.estrategia.com\\\/portal\\\/prova-comentada-empresarial-dpe-es-defensor\\\/\"},\"author\":{\"name\":\"Coordena\u00e7\u00e3o\",\"@id\":\"https:\\\/\\\/cj.estrategia.com\\\/portal\\\/#\\\/schema\\\/person\\\/4d70317d31449932b99102916b6637f5\"},\"headline\":\"Prova Comentada Empresarial DPE ES Defensor!\",\"datePublished\":\"2023-12-08T00:58:04+00:00\",\"dateModified\":\"2023-12-08T00:58:07+00:00\",\"mainEntityOfPage\":{\"@id\":\"https:\\\/\\\/cj.estrategia.com\\\/portal\\\/prova-comentada-empresarial-dpe-es-defensor\\\/\"},\"wordCount\":1516,\"commentCount\":0,\"publisher\":{\"@id\":\"https:\\\/\\\/cj.estrategia.com\\\/portal\\\/#organization\"},\"image\":{\"@id\":\"https:\\\/\\\/cj.estrategia.com\\\/portal\\\/prova-comentada-empresarial-dpe-es-defensor\\\/#primaryimage\"},\"thumbnailUrl\":\"https:\\\/\\\/cj.estrategia.com\\\/portal\\\/wp-content\\\/uploads\\\/2022\\\/08\\\/04103612\\\/DPE-ES-DEFENSOR.jpg\",\"articleSection\":[\"Defensoria\"],\"inLanguage\":\"pt-BR\",\"potentialAction\":[{\"@type\":\"CommentAction\",\"name\":\"Comment\",\"target\":[\"https:\\\/\\\/cj.estrategia.com\\\/portal\\\/prova-comentada-empresarial-dpe-es-defensor\\\/#respond\"]}]},{\"@type\":\"WebPage\",\"@id\":\"https:\\\/\\\/cj.estrategia.com\\\/portal\\\/prova-comentada-empresarial-dpe-es-defensor\\\/\",\"url\":\"https:\\\/\\\/cj.estrategia.com\\\/portal\\\/prova-comentada-empresarial-dpe-es-defensor\\\/\",\"name\":\"Prova Comentada Empresarial DPE ES Defensor!\",\"isPartOf\":{\"@id\":\"https:\\\/\\\/cj.estrategia.com\\\/portal\\\/#website\"},\"primaryImageOfPage\":{\"@id\":\"https:\\\/\\\/cj.estrategia.com\\\/portal\\\/prova-comentada-empresarial-dpe-es-defensor\\\/#primaryimage\"},\"image\":{\"@id\":\"https:\\\/\\\/cj.estrategia.com\\\/portal\\\/prova-comentada-empresarial-dpe-es-defensor\\\/#primaryimage\"},\"thumbnailUrl\":\"https:\\\/\\\/cj.estrategia.com\\\/portal\\\/wp-content\\\/uploads\\\/2022\\\/08\\\/04103612\\\/DPE-ES-DEFENSOR.jpg\",\"datePublished\":\"2023-12-08T00:58:04+00:00\",\"dateModified\":\"2023-12-08T00:58:07+00:00\",\"description\":\"Prova Comentada Empresarial DPE ES Defensor: Confira os coment\u00e1rios dos professores e tire suas d\u00favidas!\",\"breadcrumb\":{\"@id\":\"https:\\\/\\\/cj.estrategia.com\\\/portal\\\/prova-comentada-empresarial-dpe-es-defensor\\\/#breadcrumb\"},\"inLanguage\":\"pt-BR\",\"potentialAction\":[{\"@type\":\"ReadAction\",\"target\":[\"https:\\\/\\\/cj.estrategia.com\\\/portal\\\/prova-comentada-empresarial-dpe-es-defensor\\\/\"]}]},{\"@type\":\"ImageObject\",\"inLanguage\":\"pt-BR\",\"@id\":\"https:\\\/\\\/cj.estrategia.com\\\/portal\\\/prova-comentada-empresarial-dpe-es-defensor\\\/#primaryimage\",\"url\":\"https:\\\/\\\/cj.estrategia.com\\\/portal\\\/wp-content\\\/uploads\\\/2022\\\/08\\\/04103612\\\/DPE-ES-DEFENSOR.jpg\",\"contentUrl\":\"https:\\\/\\\/cj.estrategia.com\\\/portal\\\/wp-content\\\/uploads\\\/2022\\\/08\\\/04103612\\\/DPE-ES-DEFENSOR.jpg\",\"width\":768,\"height\":432,\"caption\":\"Concurso DPE ES Defensor\"},{\"@type\":\"BreadcrumbList\",\"@id\":\"https:\\\/\\\/cj.estrategia.com\\\/portal\\\/prova-comentada-empresarial-dpe-es-defensor\\\/#breadcrumb\",\"itemListElement\":[{\"@type\":\"ListItem\",\"position\":1,\"name\":\"In\u00edcio\",\"item\":\"https:\\\/\\\/cj.estrategia.com\\\/portal\\\/\"},{\"@type\":\"ListItem\",\"position\":2,\"name\":\"Prova Comentada Empresarial DPE ES Defensor!\"}]},{\"@type\":\"WebSite\",\"@id\":\"https:\\\/\\\/cj.estrategia.com\\\/portal\\\/#website\",\"url\":\"https:\\\/\\\/cj.estrategia.com\\\/portal\\\/\",\"name\":\"Blog - Carreiras Jur\u00eddicas - Estrat\u00e9gia\",\"description\":\"\",\"publisher\":{\"@id\":\"https:\\\/\\\/cj.estrategia.com\\\/portal\\\/#organization\"},\"potentialAction\":[{\"@type\":\"SearchAction\",\"target\":{\"@type\":\"EntryPoint\",\"urlTemplate\":\"https:\\\/\\\/cj.estrategia.com\\\/portal\\\/?s={search_term_string}\"},\"query-input\":{\"@type\":\"PropertyValueSpecification\",\"valueRequired\":true,\"valueName\":\"search_term_string\"}}],\"inLanguage\":\"pt-BR\"},{\"@type\":\"Organization\",\"@id\":\"https:\\\/\\\/cj.estrategia.com\\\/portal\\\/#organization\",\"name\":\"Estrat\u00e9gia - Carreiras Jur\u00eddicas\",\"url\":\"https:\\\/\\\/cj.estrategia.com\\\/portal\\\/\",\"logo\":{\"@type\":\"ImageObject\",\"inLanguage\":\"pt-BR\",\"@id\":\"https:\\\/\\\/cj.estrategia.com\\\/portal\\\/#\\\/schema\\\/logo\\\/image\\\/\",\"url\":\"https:\\\/\\\/cj.estrategia.com\\\/portal\\\/wp-content\\\/uploads\\\/2022\\\/03\\\/11151052\\\/cj-logo.png\",\"contentUrl\":\"https:\\\/\\\/cj.estrategia.com\\\/portal\\\/wp-content\\\/uploads\\\/2022\\\/03\\\/11151052\\\/cj-logo.png\",\"width\":150,\"height\":39,\"caption\":\"Estrat\u00e9gia - Carreiras Jur\u00eddicas\"},\"image\":{\"@id\":\"https:\\\/\\\/cj.estrategia.com\\\/portal\\\/#\\\/schema\\\/logo\\\/image\\\/\"},\"sameAs\":[\"https:\\\/\\\/www.facebook.com\\\/estrategiacarreirajuridica\\\/\",\"https:\\\/\\\/x.com\\\/EstratJuridica\",\"https:\\\/\\\/www.instagram.com\\\/estrategiacarreirajuridica\\\/\",\"https:\\\/\\\/www.youtube.com\\\/channel\\\/UClbMGuYbj2Mh1m3w144ETWQ\"]},{\"@type\":\"Person\",\"@id\":\"https:\\\/\\\/cj.estrategia.com\\\/portal\\\/#\\\/schema\\\/person\\\/4d70317d31449932b99102916b6637f5\",\"name\":\"Coordena\u00e7\u00e3o\",\"image\":{\"@type\":\"ImageObject\",\"inLanguage\":\"pt-BR\",\"@id\":\"https:\\\/\\\/cj.estrategia.com\\\/portal\\\/wp-content\\\/uploads\\\/2022\\\/05\\\/12164923\\\/estrategia-carreira-juridica-coordenacao-96x96.png\",\"url\":\"https:\\\/\\\/cj.estrategia.com\\\/portal\\\/wp-content\\\/uploads\\\/2022\\\/05\\\/12164923\\\/estrategia-carreira-juridica-coordenacao-96x96.png\",\"contentUrl\":\"https:\\\/\\\/cj.estrategia.com\\\/portal\\\/wp-content\\\/uploads\\\/2022\\\/05\\\/12164923\\\/estrategia-carreira-juridica-coordenacao-96x96.png\",\"caption\":\"Coordena\u00e7\u00e3o\"},\"url\":\"https:\\\/\\\/cj.estrategia.com\\\/portal\\\/author\\\/coordenacao\\\/\"}]}<\/script>\n<!-- \/ Yoast SEO Premium plugin. -->","yoast_head_json":{"title":"Prova Comentada Empresarial DPE ES Defensor!","description":"Prova Comentada Empresarial DPE ES Defensor: Confira os coment\u00e1rios dos professores e tire suas d\u00favidas!","robots":{"index":"index","follow":"follow","max-snippet":"max-snippet:-1","max-image-preview":"max-image-preview:large","max-video-preview":"max-video-preview:-1"},"canonical":"https:\/\/cj.estrategia.com\/portal\/prova-comentada-empresarial-dpe-es-defensor\/","og_locale":"pt_BR","og_type":"article","og_title":"Prova Comentada Empresarial DPE ES Defensor!","og_description":"Prova Comentada Empresarial DPE ES Defensor: Confira os coment\u00e1rios dos professores e tire suas d\u00favidas!","og_url":"https:\/\/cj.estrategia.com\/portal\/prova-comentada-empresarial-dpe-es-defensor\/","og_site_name":"Blog - Carreiras Jur\u00eddicas - Estrat\u00e9gia","article_publisher":"https:\/\/www.facebook.com\/estrategiacarreirajuridica\/","article_published_time":"2023-12-08T00:58:04+00:00","article_modified_time":"2023-12-08T00:58:07+00:00","og_image":[{"width":768,"height":432,"url":"https:\/\/cj.estrategia.com\/portal\/wp-content\/uploads\/2022\/08\/04103612\/DPE-ES-DEFENSOR.jpg","type":"image\/jpeg"}],"author":"Coordena\u00e7\u00e3o","twitter_card":"summary_large_image","twitter_creator":"@EstratJuridica","twitter_site":"@EstratJuridica","twitter_misc":{"Escrito por":"Coordena\u00e7\u00e3o","Est. tempo de leitura":"8 minutos"},"schema":{"@context":"https:\/\/schema.org","@graph":[{"@type":"NewsArticle","@id":"https:\/\/cj.estrategia.com\/portal\/prova-comentada-empresarial-dpe-es-defensor\/#article","isPartOf":{"@id":"https:\/\/cj.estrategia.com\/portal\/prova-comentada-empresarial-dpe-es-defensor\/"},"author":{"name":"Coordena\u00e7\u00e3o","@id":"https:\/\/cj.estrategia.com\/portal\/#\/schema\/person\/4d70317d31449932b99102916b6637f5"},"headline":"Prova Comentada Empresarial DPE ES Defensor!","datePublished":"2023-12-08T00:58:04+00:00","dateModified":"2023-12-08T00:58:07+00:00","mainEntityOfPage":{"@id":"https:\/\/cj.estrategia.com\/portal\/prova-comentada-empresarial-dpe-es-defensor\/"},"wordCount":1516,"commentCount":0,"publisher":{"@id":"https:\/\/cj.estrategia.com\/portal\/#organization"},"image":{"@id":"https:\/\/cj.estrategia.com\/portal\/prova-comentada-empresarial-dpe-es-defensor\/#primaryimage"},"thumbnailUrl":"https:\/\/cj.estrategia.com\/portal\/wp-content\/uploads\/2022\/08\/04103612\/DPE-ES-DEFENSOR.jpg","articleSection":["Defensoria"],"inLanguage":"pt-BR","potentialAction":[{"@type":"CommentAction","name":"Comment","target":["https:\/\/cj.estrategia.com\/portal\/prova-comentada-empresarial-dpe-es-defensor\/#respond"]}]},{"@type":"WebPage","@id":"https:\/\/cj.estrategia.com\/portal\/prova-comentada-empresarial-dpe-es-defensor\/","url":"https:\/\/cj.estrategia.com\/portal\/prova-comentada-empresarial-dpe-es-defensor\/","name":"Prova Comentada Empresarial DPE ES Defensor!","isPartOf":{"@id":"https:\/\/cj.estrategia.com\/portal\/#website"},"primaryImageOfPage":{"@id":"https:\/\/cj.estrategia.com\/portal\/prova-comentada-empresarial-dpe-es-defensor\/#primaryimage"},"image":{"@id":"https:\/\/cj.estrategia.com\/portal\/prova-comentada-empresarial-dpe-es-defensor\/#primaryimage"},"thumbnailUrl":"https:\/\/cj.estrategia.com\/portal\/wp-content\/uploads\/2022\/08\/04103612\/DPE-ES-DEFENSOR.jpg","datePublished":"2023-12-08T00:58:04+00:00","dateModified":"2023-12-08T00:58:07+00:00","description":"Prova Comentada Empresarial DPE ES Defensor: Confira os coment\u00e1rios dos professores e tire suas d\u00favidas!","breadcrumb":{"@id":"https:\/\/cj.estrategia.com\/portal\/prova-comentada-empresarial-dpe-es-defensor\/#breadcrumb"},"inLanguage":"pt-BR","potentialAction":[{"@type":"ReadAction","target":["https:\/\/cj.estrategia.com\/portal\/prova-comentada-empresarial-dpe-es-defensor\/"]}]},{"@type":"ImageObject","inLanguage":"pt-BR","@id":"https:\/\/cj.estrategia.com\/portal\/prova-comentada-empresarial-dpe-es-defensor\/#primaryimage","url":"https:\/\/cj.estrategia.com\/portal\/wp-content\/uploads\/2022\/08\/04103612\/DPE-ES-DEFENSOR.jpg","contentUrl":"https:\/\/cj.estrategia.com\/portal\/wp-content\/uploads\/2022\/08\/04103612\/DPE-ES-DEFENSOR.jpg","width":768,"height":432,"caption":"Concurso DPE ES Defensor"},{"@type":"BreadcrumbList","@id":"https:\/\/cj.estrategia.com\/portal\/prova-comentada-empresarial-dpe-es-defensor\/#breadcrumb","itemListElement":[{"@type":"ListItem","position":1,"name":"In\u00edcio","item":"https:\/\/cj.estrategia.com\/portal\/"},{"@type":"ListItem","position":2,"name":"Prova Comentada Empresarial DPE ES Defensor!"}]},{"@type":"WebSite","@id":"https:\/\/cj.estrategia.com\/portal\/#website","url":"https:\/\/cj.estrategia.com\/portal\/","name":"Blog - Carreiras Jur\u00eddicas - Estrat\u00e9gia","description":"","publisher":{"@id":"https:\/\/cj.estrategia.com\/portal\/#organization"},"potentialAction":[{"@type":"SearchAction","target":{"@type":"EntryPoint","urlTemplate":"https:\/\/cj.estrategia.com\/portal\/?s={search_term_string}"},"query-input":{"@type":"PropertyValueSpecification","valueRequired":true,"valueName":"search_term_string"}}],"inLanguage":"pt-BR"},{"@type":"Organization","@id":"https:\/\/cj.estrategia.com\/portal\/#organization","name":"Estrat\u00e9gia - Carreiras Jur\u00eddicas","url":"https:\/\/cj.estrategia.com\/portal\/","logo":{"@type":"ImageObject","inLanguage":"pt-BR","@id":"https:\/\/cj.estrategia.com\/portal\/#\/schema\/logo\/image\/","url":"https:\/\/cj.estrategia.com\/portal\/wp-content\/uploads\/2022\/03\/11151052\/cj-logo.png","contentUrl":"https:\/\/cj.estrategia.com\/portal\/wp-content\/uploads\/2022\/03\/11151052\/cj-logo.png","width":150,"height":39,"caption":"Estrat\u00e9gia - Carreiras Jur\u00eddicas"},"image":{"@id":"https:\/\/cj.estrategia.com\/portal\/#\/schema\/logo\/image\/"},"sameAs":["https:\/\/www.facebook.com\/estrategiacarreirajuridica\/","https:\/\/x.com\/EstratJuridica","https:\/\/www.instagram.com\/estrategiacarreirajuridica\/","https:\/\/www.youtube.com\/channel\/UClbMGuYbj2Mh1m3w144ETWQ"]},{"@type":"Person","@id":"https:\/\/cj.estrategia.com\/portal\/#\/schema\/person\/4d70317d31449932b99102916b6637f5","name":"Coordena\u00e7\u00e3o","image":{"@type":"ImageObject","inLanguage":"pt-BR","@id":"https:\/\/cj.estrategia.com\/portal\/wp-content\/uploads\/2022\/05\/12164923\/estrategia-carreira-juridica-coordenacao-96x96.png","url":"https:\/\/cj.estrategia.com\/portal\/wp-content\/uploads\/2022\/05\/12164923\/estrategia-carreira-juridica-coordenacao-96x96.png","contentUrl":"https:\/\/cj.estrategia.com\/portal\/wp-content\/uploads\/2022\/05\/12164923\/estrategia-carreira-juridica-coordenacao-96x96.png","caption":"Coordena\u00e7\u00e3o"},"url":"https:\/\/cj.estrategia.com\/portal\/author\/coordenacao\/"}]}},"jetpack_featured_media_url":"https:\/\/cj.estrategia.com\/portal\/wp-content\/uploads\/2022\/08\/04103612\/DPE-ES-DEFENSOR.jpg","jetpack_sharing_enabled":true,"_links":{"self":[{"href":"https:\/\/cj.estrategia.com\/portal\/wp-json\/wp\/v2\/posts\/51380","targetHints":{"allow":["GET"]}}],"collection":[{"href":"https:\/\/cj.estrategia.com\/portal\/wp-json\/wp\/v2\/posts"}],"about":[{"href":"https:\/\/cj.estrategia.com\/portal\/wp-json\/wp\/v2\/types\/post"}],"author":[{"embeddable":true,"href":"https:\/\/cj.estrategia.com\/portal\/wp-json\/wp\/v2\/users\/12"}],"replies":[{"embeddable":true,"href":"https:\/\/cj.estrategia.com\/portal\/wp-json\/wp\/v2\/comments?post=51380"}],"version-history":[{"count":1,"href":"https:\/\/cj.estrategia.com\/portal\/wp-json\/wp\/v2\/posts\/51380\/revisions"}],"predecessor-version":[{"id":51407,"href":"https:\/\/cj.estrategia.com\/portal\/wp-json\/wp\/v2\/posts\/51380\/revisions\/51407"}],"wp:featuredmedia":[{"embeddable":true,"href":"https:\/\/cj.estrategia.com\/portal\/wp-json\/wp\/v2\/media\/20799"}],"wp:attachment":[{"href":"https:\/\/cj.estrategia.com\/portal\/wp-json\/wp\/v2\/media?parent=51380"}],"wp:term":[{"taxonomy":"category","embeddable":true,"href":"https:\/\/cj.estrategia.com\/portal\/wp-json\/wp\/v2\/categories?post=51380"},{"taxonomy":"post_tag","embeddable":true,"href":"https:\/\/cj.estrategia.com\/portal\/wp-json\/wp\/v2\/tags?post=51380"},{"taxonomy":"tax_estado","embeddable":true,"href":"https:\/\/cj.estrategia.com\/portal\/wp-json\/wp\/v2\/tax_estado?post=51380"}],"curies":[{"name":"wp","href":"https:\/\/api.w.org\/{rel}","templated":true}]}}