{"id":51307,"date":"2023-12-07T16:30:37","date_gmt":"2023-12-07T19:30:37","guid":{"rendered":"https:\/\/cj.estrategia.com\/portal\/?p=51307"},"modified":"2023-12-07T16:30:41","modified_gmt":"2023-12-07T19:30:41","slug":"prova-comentada-direito-civil-mp-rs-promotor","status":"publish","type":"post","link":"https:\/\/cj.estrategia.com\/portal\/prova-comentada-direito-civil-mp-rs-promotor\/","title":{"rendered":"Prova Comentada Direito Civil MP RS Promotor"},"content":{"rendered":"\n<p>Ol\u00e1, pessoal, tudo certo?!<\/p>\n\n\n\n<p>Em 03\/12\/2023, foi aplicada a prova objetiva do concurso p\u00fablico para <strong>Promotor de Justi\u00e7a do estado do Rio Grande do Sul<\/strong>. Assim que encerrada, nosso time de professores elaborou o gabarito extraoficial, que, agora, ser\u00e1 apresentado juntamente com a nossa <strong>PROVA COMENTADA<\/strong>.<\/p>\n\n\n\n<p>Este material visa a auxili\u00e1-los na aferi\u00e7\u00e3o das notas, elabora\u00e7\u00e3o de eventuais recursos, verifica\u00e7\u00e3o das chances de avan\u00e7o para fase discursiva, bem como na revis\u00e3o do conte\u00fado cobrado no certame.<\/p>\n\n\n\n<p>Desde j\u00e1, destacamos que nosso time de professores identificou 2 quest\u00f5es pass\u00edveis de recursos, por apresentarem duas ou nenhuma alternativa correta, como veremos adiante. No tipo de prova comentado, trata-se das quest\u00f5es 35 e 65.<\/p>\n\n\n\n<p>De modo complementar, elaboramos tamb\u00e9m o<a href=\"https:\/\/cj.estrategia.com\/cadernos-e-simulados\/simulados\/248767ee-5d1c-4c62-bc99-809bb95e587a\"> <strong>RANKING do MP-RS<\/strong><\/a>, em que nossos alunos e seguidores poder\u00e3o inserir suas respostas \u00e0 prova, e, ao final, aferir sua nota, de acordo com o gabarito elaborado por nossos professores. Atrav\u00e9s do ranking, tamb\u00e9m poderemos estimar a nota de corte da 1\u00ba fase. Essa ferramenta \u00e9 gratuita e, para participar, basta clicar no link abaixo:<\/p>\n\n\n\n<p>Al\u00e9m disso, montamos um caderno para nossos seguidores, alunos ou n\u00e3o, verem os coment\u00e1rios e comentar as quest\u00f5es da prova: Confira <a href=\"https:\/\/cj.estrategia.com\/cadernos-e-simulados\/cadernos\/251e3e94-8c80-497c-a3b0-4f7d8a4b6f83\">AQUI<\/a>!<\/p>\n\n\n\n<p>Por fim, acompanhe todas as novidades sobre essa e outras provas da carreira no nosso canal do Youtube. Inscreva-se e ative as notifica\u00e7\u00f5es! <a href=\"https:\/\/www.youtube.com\/@EstrategiaCarreiraJuridica\"><strong>Estrat\u00e9gia Carreira Jur\u00eddica &#8211; YouTube<\/strong><\/a><\/p>\n\n\n\n<p class=\"has-text-align-center has-pale-ocean-gradient-background has-background\"><strong>Confira <a href=\"https:\/\/cj.estrategia.com\/portal\/provas-comentadas-promotor-mp-rs\/\">AQUI <\/a>as provas comentadas de todas as disciplinas<\/strong><\/p>\n\n\n\n<h2 class=\"wp-block-heading has-vivid-red-color has-text-color has-link-color wp-elements-dd36a970f5ba6bb4505538960f483b40\" id=\"h-prova-comentada-direito-civil\"><span id=\"prova-comentada-direito-civil\">Prova Comentada Direito Civil<br><\/span><\/h2>\n\n\n\n<p><strong>QUEST\u00c3O 37. A respeito da Lei de introdu\u00e7\u00e3o as normas do direito brasileiro, assinale a alternativa INCORRETA.<\/strong><\/p>\n\n\n\n<p><strong>a) Quando a lei for omissa, o juiz decidir\u00e1 o caso de acordo com a equidade e a jurisprud\u00eancia.<\/strong><\/p>\n\n\n\n<p><strong>b) Na aplica\u00e7\u00e3o da lei, o juiz atender\u00e1 aos fins sociais a que ela se dirige e \u00e0s exig\u00eancias do bem comum.<\/strong><\/p>\n\n\n\n<p><strong>c) A lei em vigor ter\u00e1 efeito imediato e geral, respeitados o ato jur\u00eddico perfeito, o direito adquirido e a coisa julgada.<\/strong><\/p>\n\n\n\n<p><strong>d) O juiz n\u00e3o decidir\u00e1 com base em valores jur\u00eddicos abstratos, sem que sejam consideradas as consequ\u00eancias pr\u00e1ticas da decis\u00e3o.<\/strong><\/p>\n\n\n\n<p><strong>e) Ao decretar a invalida\u00e7\u00e3o de ato, o juiz dever\u00e1 indicar de modo expresso suas consequ\u00eancias jur\u00eddicas e administrativas.<\/strong><\/p>\n\n\n\n<p><strong>Coment\u00e1rios<\/strong><\/p>\n\n\n\n<p>A alternativa incorreta \u00e9 a <strong>letra A.<\/strong><\/p>\n\n\n\n<p>A alternativa A est\u00e1 incorreta, pois contraria o disposto no artigo 4\u00ba da LINDB: Art. 4\u00ba Quando a lei for omissa, o juiz decidir\u00e1 o caso de acordo com a analogia, os costumes e os princ\u00edpios gerais de direito.<\/p>\n\n\n\n<p>A alternativa B est\u00e1 correta, e encontra previs\u00e3o no artigo 5\u00ba da LINDB: Art. 5<sup>o<\/sup>&nbsp; Na aplica\u00e7\u00e3o da lei, o juiz atender\u00e1 aos fins sociais a que ela se dirige e \u00e0s exig\u00eancias do bem comum.<\/p>\n\n\n\n<p>A alternativa C est\u00e1 correta, conforme previsto no artigo 6\u00ba da LINDB: Art. 6\u00ba A Lei em vigor ter\u00e1 efeito imediato e geral, respeitados o ato jur\u00eddico perfeito, o direito adquirido e a coisa julgada.&nbsp;&nbsp;&nbsp;&nbsp;&nbsp;<\/p>\n\n\n\n<p>A alternativa D est\u00e1 correta, pois, nos termos do artigo 20 da LINDB: Art. 20.&nbsp; Nas esferas administrativa, controladora e judicial, n\u00e3o se decidir\u00e1 com base em valores jur\u00eddicos abstratos sem que sejam consideradas as consequ\u00eancias pr\u00e1ticas da decis\u00e3o.&nbsp;&nbsp;&nbsp;<\/p>\n\n\n\n<p>A alternativa E est\u00e1 correta, pois trata-se da literalidade do artigo 20 da LINDB: Art. 20.&nbsp; Nas esferas administrativa, controladora e judicial, n\u00e3o se decidir\u00e1 com base em valores jur\u00eddicos abstratos sem que sejam consideradas as consequ\u00eancias pr\u00e1ticas da decis\u00e3o.&nbsp;<\/p>\n\n\n\n<p><strong>QUEST\u00c3O 38. Acerca da aplica\u00e7\u00e3o da norma jur\u00eddica no espa\u00e7o, assinale a alternativa INCORRETA.<\/strong><\/p>\n\n\n\n<p><strong>a) Devem ser aplicadas, no que concerne ao come\u00e7o e fim da personalidade, as normas do pais em que domiciliada a pessoa e a pessoa que n\u00e3o tiver resid\u00eancia fixa ter\u00e1 como domic\u00edlio o local em que for encontrada.<\/strong><\/p>\n\n\n\n<p><strong>b) Quanto aos bens, aplica-se a lei do pais em que estiverem situados, sendo que governos estrangeiros n\u00e3o poder\u00e3o adquirir no Brasil bens im\u00f3veis, salvo para sede dos representantes diplom\u00e1ticos e agentes consulares.<\/strong><\/p>\n\n\n\n<p><strong>c) Quanto \u00e0s obriga\u00e7\u00f5es, aplica-se a lei do pa\u00eds em que se constitu\u00edrem.<\/strong><\/p>\n\n\n\n<p><strong>d) A respeito das sociedades e funda\u00e7\u00f5es, aplica-se a norma do domic\u00edlio do seu presentante.<\/strong><\/p>\n\n\n\n<p><strong>e) As leis, atos e senten\u00e7as de outro pa\u00eds n\u00e3o ter\u00e3o efic\u00e1cia no Brasil quando ofenderem a soberania nacional, a ordem p\u00fablica e os bons costumes.<\/strong><\/p>\n\n\n\n<p><strong>Coment\u00e1rios<\/strong><\/p>\n\n\n\n<p>A alternativa incorreta \u00e9 a <strong>letra D.<\/strong><\/p>\n\n\n\n<p>A alternativa A est\u00e1 correta. Conforme disp\u00f5e o artigo 7\u00ba da LINDB: Art. 7<sup>o<\/sup>&nbsp; A lei do pa\u00eds em que domiciliada a pessoa determina as regras sobre o come\u00e7o e o fim da personalidade, o nome, a capacidade e os direitos de fam\u00edlia.<\/p>\n\n\n\n<p>A alternativa B est\u00e1 correta. Nos termos do artigo 11, \u00a72\u00ba, da LINDB: Art. 11 \u00a7 2<sup>o<\/sup>&nbsp; Os Governos estrangeiros, bem como as organiza\u00e7\u00f5es de qualquer natureza, que eles tenham constituido, dirijam ou hajam investido de fun\u00e7\u00f5es p\u00fablicas, n\u00e3o poder\u00e3o adquirir no Brasil bens im\u00f3veis ou susceptiveis de desapropria\u00e7\u00e3o.<\/p>\n\n\n\n<p>A alternativa C est\u00e1 correta. Conforme disp\u00f5e o artigo 9\u00ba da LINDB: Art. 9<sup>o<\/sup>&nbsp; Para qualificar e reger as obriga\u00e7\u00f5es, aplicar-se-\u00e1 a lei do pa\u00eds em que se constitu\u00edrem.<\/p>\n\n\n\n<p>A alternativa D est\u00e1 incorreta. Nos termos do artigo 11 da LINDB, as sociedades e funda\u00e7\u00f5es obedecem \u00e0 lei do Estado em que se constitu\u00edrem: Art. 11.&nbsp; As organiza\u00e7\u00f5es destinadas a fins de interesse coletivo, como as sociedades e as funda\u00e7\u00f5es, obedecem \u00e0 lei do Estado em que se constitu\u00edrem.A alternativa E est\u00e1 correta. Conforme disp\u00f5e o artigo 17 da LINDB: Art. 17.&nbsp; As leis, atos e senten\u00e7as de outro pa\u00eds, bem como quaisquer declara\u00e7\u00f5es de vontade, n\u00e3o ter\u00e3o efic\u00e1cia no Brasil, quando ofenderem a soberania nacional, a ordem p\u00fablica e os bons costumes.<\/p>\n\n\n\n<p><strong>QUEST\u00c3O 41. A respeito da averba\u00e7\u00e3o da mudan\u00e7a do g\u00eanero e do prenome, com fundamento em ato normativo do Conselho Nacional de Justi\u00e7a, considere as seguintes afirma\u00e7\u00f5es.<\/strong><\/p>\n\n\n\n<p><strong>I- A averba\u00e7\u00e3o da mudan\u00e7a do prenome e do g\u00eanero nos assentos de nascimento e de casamento de pessoas transg\u00eaneros depende de pr\u00e9via autoriza\u00e7\u00e3o judicial.<\/strong><\/p>\n\n\n\n<p><strong>II- O pedido de altera\u00e7\u00e3o do g\u00eanero e do prenome somente pode ser apresentado por pessoa maior de 18 anos.<\/strong><\/p>\n\n\n\n<p><strong>III &#8211; Se houver d\u00edvidas protestadas ou a\u00e7\u00e3o c\u00edvel ou criminal em andamento, n\u00e3o ser\u00e1 vi\u00e1vel o deferimento do pedido de mudan\u00e7a de g\u00eanero ou do prenome e a realiza\u00e7\u00e3o das averba\u00e7\u00f5es.<\/strong><\/p>\n\n\n\n<p><strong>IV- N\u00e3o \u00e9 obrigat\u00f3ria a apresenta\u00e7\u00e3o de laudos m\u00e9dico ou psicol\u00f3gico para atestar a transexualidade ou situa\u00e7\u00e3o de transg\u00eanero do solicitante.<\/strong><\/p>\n\n\n\n<p><strong>Quais afirma\u00e7\u00f5es est\u00e3o corretas?<\/strong><\/p>\n\n\n\n<p><strong>a) Apenas I e II.<\/strong><\/p>\n\n\n\n<p><strong>b) Apenas I e III.<\/strong><\/p>\n\n\n\n<p><strong>c) Apenas II e III.<\/strong><\/p>\n\n\n\n<p><strong>d) Apenas II e IV.<\/strong><\/p>\n\n\n\n<p><strong>e) Apenas III e IV.<\/strong><\/p>\n\n\n\n<p><strong>Coment\u00e1rios<\/strong><\/p>\n\n\n\n<p>A alternativa correta \u00e9 a <strong>letra D.<\/strong><\/p>\n\n\n\n<p>A assertiva I est\u00e1 incorreta. Nos termos do artigo 518, \u00a71\u00ba, do Provimento n. 149\/2023: \u00a7 1.\u00ba O atendimento do pedido apresentado ao registrador independe de pr\u00e9via autoriza\u00e7\u00e3o judicial ou da comprova\u00e7\u00e3o de realiza\u00e7\u00e3o de cirurgia de redesigna\u00e7\u00e3o sexual e\/ou de tratamento hormonal ou patologizante, assim como de apresenta\u00e7\u00e3o de laudo m\u00e9dico ou psicol\u00f3gico.<\/p>\n\n\n\n<p>&nbsp;A alternativa II est\u00e1 correta. Nos termos do art. 516 do Provimento n. 149\/2023: Art. 516. Toda pessoa maior de 18 anos de idade completos habilitada \u00e0 pr\u00e1tica de todos os atos da vida civil poder\u00e1 requerer ao of\u00edcio do registro civil das pessoas naturais (RCPN) a altera\u00e7\u00e3o e a averba\u00e7\u00e3o do prenome e do g\u00eanero, a fim de adequ\u00e1-los \u00e0 identidade autopercebida.<\/p>\n\n\n\n<p>A alternativa III est\u00e1 incorreta.&nbsp; N\u00e3o h\u00e1 previs\u00e3o do \u00f3bice \u00e0 altera\u00e7\u00e3o em caso de protesto ou processos em andamento no Provimento n. 149\/2023.<\/p>\n\n\n\n<p>A alternativa IV est\u00e1 correta. Nos termos do artigo 518, \u00a71\u00ba, do Provimento n. 149\/2023: \u00a7 1.\u00ba O atendimento do pedido apresentado ao registrador independe de pr\u00e9via autoriza\u00e7\u00e3o judicial ou da comprova\u00e7\u00e3o de realiza\u00e7\u00e3o de cirurgia de redesigna\u00e7\u00e3o sexual e\/ou de tratamento hormonal ou patologizante, assim como de apresenta\u00e7\u00e3o de laudo m\u00e9dico ou psicol\u00f3gico.<\/p>\n\n\n\n<p><strong>QUEST\u00c3O 42. Com base na Lei n\u00ba 6.015\/1973, assinale a alternativa INCORRETA.<\/strong><\/p>\n\n\n\n<p><strong>a) Todo nascimento que ocorrer no territ\u00f3rio nacional dever\u00e1 ser dado a registro, mas os \u00edndios, enquanto n\u00e3o integrados, n\u00e3o est\u00e3o obrigados \u00e0 inscri\u00e7\u00e3o do nascimento, podendo ser feito em livro pr\u00f3prio do \u00f3rg\u00e3o federal de assist\u00eancia aos \u00edndios.<\/strong><\/p>\n\n\n\n<p><strong>b) O enteado ou a enteada, se houver motivo justific\u00e1vel, poder\u00e1 requerer ao oficial de registro civil que, no registro de nascimento, seja averbado o nome de fam\u00edlia de seu padrasto ou de sua madrasta, desde que haja expressa concord\u00e2ncia destes, sem preju\u00edzo de seus sobrenomes de fam\u00edlia.<\/strong><\/p>\n\n\n\n<p><strong>c) Na habilita\u00e7\u00e3o para o casamento, se houver impedimento ou argui\u00e7\u00e3o de causa suspensiva, ser\u00e1 ouvido o \u00f3rg\u00e3o do Minist\u00e9rio P\u00fablico, antes de o juiz decidir a respeito.<\/strong><\/p>\n\n\n\n<p><strong>d) As senten\u00e7as estrangeiras de reconhecimento de uni\u00e3o est\u00e1vel lavradas no exterior dever\u00e3o ser devidamente legalizadas ou apostiladas e acompanhadas de tradu\u00e7\u00e3o juramentada para poderem ser registradas perante o Oficial do Registro Civil.<\/strong><\/p>\n\n\n\n<p><strong>e) O princ\u00edpio da f\u00e9 p\u00fablica registral proclama a validade dos atos de registro, o qual produz todos os efeitos legais. Essa presun\u00e7\u00e3o de veracidade do seu conte\u00fado, em virtude da sua natureza causal, \u00e9 absoluta.<\/strong><\/p>\n\n\n\n<p><strong>Coment\u00e1rios<\/strong><\/p>\n\n\n\n<p>A alternativa incorreta \u00e9 a<strong> letra E.<\/strong><\/p>\n\n\n\n<p>A alternativa A est\u00e1 correta. Nos termos do artigo 50, \u00a7 2\u00ba, da Lei n. 6.015\/1973: Os \u00edndios, enquanto n\u00e3o integrados, n\u00e3o est\u00e3o obrigados a inscri\u00e7\u00e3o do nascimento. Este poder\u00e1 ser feito em livro pr\u00f3prio do \u00f3rg\u00e3o federal de assist\u00eancia aos \u00edndios.<\/p>\n\n\n\n<p>A alternativa B est\u00e1 correta. Conforme determina o artigo 57, \u00a7 8\u00ba, da Lei n. 6.015\/1973: O enteado ou a enteada, se houver motivo justific\u00e1vel, poder\u00e1 requerer ao oficial de registro civil que, nos registros de nascimento e de casamento, seja averbado o nome de fam\u00edlia de seu padrasto ou de sua madrasta, desde que haja expressa concord\u00e2ncia destes, sem preju\u00edzo de seus sobrenomes de fam\u00edlia.&nbsp;&nbsp;&nbsp;&nbsp;&nbsp;<\/p>\n\n\n\n<p>A alternativa C est\u00e1 correta. Conforme disp\u00f5e o artigo 67, \u00a7 5\u00ba, da Lei n. 6.015\/1973: Se houver impedimento ou argui\u00e7\u00e3o de causa suspensiva, o oficial de registro dar\u00e1 ci\u00eancia do fato aos nubentes, para que indiquem, em 24 (vinte e quatro) horas, prova que pretendam produzir, e remeter\u00e1 os autos a ju\u00edzo, e, produzidas as provas pelo oponente e pelos nubentes, no prazo de 3 (tr\u00eas) dias, com ci\u00eancia do Minist\u00e9rio P\u00fablico, e ouvidos os interessados e o \u00f3rg\u00e3o do Minist\u00e9rio P\u00fablico em 5 (cinco) dias, decidir\u00e1 o juiz em igual prazo<\/p>\n\n\n\n<p>A alternativa D est\u00e1 correta. Nos termos do artigo 94-A, \u00a7 2\u00ba, da lei n. n. 6.015\/1973: As senten\u00e7as estrangeiras de reconhecimento de uni\u00e3o est\u00e1vel, os termos extrajudiciais, os instrumentos particulares ou escrituras p\u00fablicas declarat\u00f3rias de uni\u00e3o est\u00e1vel, bem como os respectivos distratos, lavrados no exterior, nos quais ao menos um dos companheiros seja brasileiro, poder\u00e3o ser levados a registro no Livro E do registro civil de pessoas naturais em que qualquer dos companheiros tem ou tenha tido sua \u00faltima resid\u00eancia no territ\u00f3rio nacional.&nbsp;&nbsp;&nbsp;<\/p>\n\n\n\n<p>A alternativa E est\u00e1 incorreta. N\u00e3o h\u00e1 princ\u00edpios absolutos no ordenamento jur\u00eddico, uma vez que, diante da pouca densidade normativa, os princ\u00edpios se relativizam a fim de que possam admitir a aplica\u00e7\u00e3o da proporcionalidade no confronto com outros princ\u00edpios e direitos.<\/p>\n\n\n\n<p><strong>QUEST\u00c3O 43. Com base no C\u00f3digo Civil, a respeito dos neg\u00f3cios jur\u00eddicos, considere as seguintes afirma\u00e7\u00f5es.<\/strong><\/p>\n\n\n\n<p><strong>I &#8211; A validade da declara\u00e7\u00e3o de vontade depender\u00e1 de forma especial, salvo quando a lei expressamente dispensar.<\/strong><\/p>\n\n\n\n<p><strong>II &#8211; As partes n\u00e3o podem pactuar regras de interpreta\u00e7\u00e3o dos neg\u00f3cios jur\u00eddicos diversas daquelas previstas em lei.<\/strong><\/p>\n\n\n\n<p><strong>III &#8211; S\u00e3o anul\u00e1veis os neg\u00f3cios jur\u00eddicos, quando as declara\u00e7\u00f5es de vontade emanarem de erro substancial que poderia ser percebido por pessoa de dilig\u00eancia normal, em face das circunst\u00e2ncias do neg\u00f3cio.<\/strong><\/p>\n\n\n\n<p><strong>IV &#8211; O erro de c\u00e1lculo apenas autoriza a retifica\u00e7\u00e3o da declara\u00e7\u00e3o de vontade.<\/strong><\/p>\n\n\n\n<p><strong>Quais afirma\u00e7\u00f5es est\u00e3o corretas?<\/strong><\/p>\n\n\n\n<p><strong>A) Apenas I e II.<\/strong><\/p>\n\n\n\n<p><strong>b) Apenas I e III.<\/strong><\/p>\n\n\n\n<p><strong>c) Apenas II e III.<\/strong><\/p>\n\n\n\n<p><strong>d) Apenas II e IV.<\/strong><\/p>\n\n\n\n<p><strong>e) Apenas III e IV.<\/strong><\/p>\n\n\n\n<p><strong>Coment\u00e1rios<\/strong><\/p>\n\n\n\n<p>A alternativa correta \u00e9 a<strong> letra E.<\/strong><\/p>\n\n\n\n<p>A assertiva I est\u00e1 incorreta. Nos termos do artigo 107 do C\u00f3digo Civil: Art. 107. A validade da declara\u00e7\u00e3o de vontade n\u00e3o depender\u00e1 de forma especial, sen\u00e3o quando a lei expressamente a exigir.<\/p>\n\n\n\n<p>A assertiva II est\u00e1 incorreta. Nos termos do artigo 113, \u00a72\u00ba, do C\u00f3digo Civil: \u00a7 2\u00ba&nbsp;As partes poder\u00e3o livremente pactuar regras de interpreta\u00e7\u00e3o, de preenchimento de lacunas e de integra\u00e7\u00e3o dos neg\u00f3cios jur\u00eddicos diversas daquelas previstas em lei<\/p>\n\n\n\n<p>A assertiva III est\u00e1 correta. Conforme disp\u00f5e o artigo 138 do C\u00f3digo Civil: Art. 138. S\u00e3o anul\u00e1veis os neg\u00f3cios jur\u00eddicos, quando as declara\u00e7\u00f5es de vontade emanarem de erro substancial que poderia ser percebido por pessoa de dilig\u00eancia normal, em face das circunst\u00e2ncias do neg\u00f3cio.<\/p>\n\n\n\n<p>A assertiva IV est\u00e1 correta. Nos termos do artigo 143 do C\u00f3digo Civil: Art. 143. O erro de c\u00e1lculo apenas autoriza a retifica\u00e7\u00e3o da declara\u00e7\u00e3o de vontade.<\/p>\n\n\n\n<p><strong>QUEST\u00c3O 44. Com base no C\u00f3digo Civil, a respeito da filia\u00e7\u00e3o, assinale a alternativa correta.<\/strong><\/p>\n\n\n\n<p><strong>a) A a\u00e7\u00e3o de prova de filia\u00e7\u00e3o compete ao filho, enquanto viver, passando aos herdeiros, se ele morrer menor ou incapaz.<\/strong><\/p>\n\n\n\n<p><strong>B) Os filhos havidos por insemina\u00e7\u00e3o artificial heter\u00f3loga presumem-se concebidos na const\u00e2ncia do casamento, independente de pr\u00e9via autoriza\u00e7\u00e3o do marido.<\/strong><\/p>\n\n\n\n<p><strong>c) A prova da impot\u00eancia do c\u00f4njuge para gerar, \u00e0 \u00e9poca da concep\u00e7\u00e3o, n\u00e3o ilide a presun\u00e7\u00e3o da paternidade.<\/strong><\/p>\n\n\n\n<p><strong>d) Cabe ao marido o direito de contestar a paternidade dos filhos nascidos de sua mulher, sendo suficiente a confiss\u00e3o materna para excluir a paternidade.<\/strong><\/p>\n\n\n\n<p><strong>e) A filia\u00e7\u00e3o prova-se somente pela certid\u00e3o do termo de nascimento registrada no Registro Civil.<\/strong><\/p>\n\n\n\n<p><strong>Coment\u00e1rios<\/strong><\/p>\n\n\n\n<p>A alternativa correta \u00e9 a <strong>letra A.<\/strong><\/p>\n\n\n\n<p>Conforme determina o artigo 1.606 do C\u00f3digo Civil: Art. 1.606. A a\u00e7\u00e3o de prova de filia\u00e7\u00e3o compete ao filho, enquanto viver, passando aos herdeiros, se ele morrer menor ou incapaz. Par\u00e1grafo \u00fanico. Se iniciada a a\u00e7\u00e3o pelo filho, os herdeiros poder\u00e3o continu\u00e1-la, salvo se julgado extinto o processo.<\/p>\n\n\n\n<p><strong>QUEST\u00c3O 45. Com base no C\u00f3digo Civil, a respeito do direito das sucess\u00f5es, assinale a alternativa INCORRETA.<\/strong><\/p>\n\n\n\n<p><strong>a) a companheira ou companheiro participar\u00e1 da sucess\u00e3o do outro, quanto aos bens adquiridos onerosamente na vig\u00eancia da uni\u00e3o est\u00e1vel, se concorrer com descendentes s\u00f3 do autor da heran\u00e7a, tocar-lhe-\u00e1 a metade do que couber a cada um daqueles.<\/strong><\/p>\n\n\n\n<p><strong>b) O direito \u00e0 sucess\u00e3o aberta, bem como o quinh\u00e3o de que disponha o co-herdeiro, pode ser objeto de cess\u00e3o por escritura p\u00fablica.<\/strong><\/p>\n\n\n\n<p><strong>c) O co-herdeiro poder\u00e1 ceder a sua quota heredit\u00e1ria a pessoa estranha \u00e0 sucess\u00e3o, mesmo se outro co-herdeiro a quiser, tanto por tanto.<\/strong><\/p>\n\n\n\n<p><strong>&nbsp;d) Nos casos de indignidade, o tr\u00e2nsito em julgado da senten\u00e7a penal condenat\u00f3ria acarretar\u00e1 a imediata exclus\u00e3o do herdeiro ou legat\u00e1rio indigno.<\/strong><\/p>\n\n\n\n<p><strong>e) Aquele que incorreu em atos que determinem a exclus\u00e3o da heran\u00e7a ser\u00e1 admitido a suceder, se o ofendido o tiver expressamente reabilitado em testamento, ou em outro ato aut\u00eantico.<\/strong><\/p>\n\n\n\n<p><strong>Coment\u00e1rios<\/strong><\/p>\n\n\n\n<p>A alternativa correta \u00e9 a<strong> letra A.<\/strong><\/p>\n\n\n\n<p>O artigo 1.790 do C\u00f3digo Civil previa o tratamento da sucess\u00e3o do companheiro de forma distinta daquela prevista no caso de c\u00f4njuges, in verbis:<\/p>\n\n\n\n<p>Art. 1.790. A companheira ou o companheiro participar\u00e1 da sucess\u00e3o do outro, quanto aos bens adquiridos onerosamente na vig\u00eancia da uni\u00e3o est\u00e1vel, nas condi\u00e7\u00f5es seguintes:<\/p>\n\n\n\n<p>I &#8211; se concorrer com filhos comuns, ter\u00e1 direito a uma quota equivalente \u00e0 que por lei for atribu\u00edda ao filho;<\/p>\n\n\n\n<p>II &#8211; se concorrer com descendentes s\u00f3 do autor da heran\u00e7a, tocar-lhe-\u00e1 a metade do que couber a cada um daqueles;<\/p>\n\n\n\n<p>III &#8211; se concorrer com outros parentes sucess\u00edveis, ter\u00e1 direito a um ter\u00e7o da heran\u00e7a;<\/p>\n\n\n\n<p>IV &#8211; n\u00e3o havendo parentes sucess\u00edveis, ter\u00e1 direito \u00e0 totalidade da heran\u00e7a.<\/p>\n\n\n\n<p>Entretanto, no Recurso Extraordin\u00e1rio n\u00ba 646.721, o Supremo Tribunal Federal reconheceu a inconstitucionalidade do dispositivo e determinou a aplica\u00e7\u00e3o do mesmo regime previsto para o c\u00f4njuge aos companheiros.Direito constitucional e civil. Recurso extraordin\u00e1rio. Repercuss\u00e3o geral. Aplica\u00e7\u00e3o do artigo 1.790 do C\u00f3digo Civil \u00e0 sucess\u00e3o em uni\u00e3o est\u00e1vel homoafetiva. Inconstitucionalidade da distin\u00e7\u00e3o de regime sucess\u00f3rio entre c\u00f4njuges e companheiros. 1. A Constitui\u00e7\u00e3o brasileira contempla diferentes formas de fam\u00edlia leg\u00edtima, al\u00e9m da que resulta do casamento. Nesse rol incluem-se as fam\u00edlias formadas mediante uni\u00e3o est\u00e1vel, hetero ou homoafetivas. O STF j\u00e1 reconheceu a \u201cinexist\u00eancia de hierarquia ou diferen\u00e7a de qualidade jur\u00eddica entre as duas formas de constitui\u00e7\u00e3o de um novo e autonomizado n\u00facleo dom\u00e9stico\u201d, aplicando-se a uni\u00e3o est\u00e1vel entre pessoas do mesmo sexo as mesmas regras e mesas consequ\u00eancias da uni\u00e3o est\u00e1vel heteroafetiva (ADI 4277 e ADPF 132, Rel. Min. Ayres Britto, j. 05.05.2011) 2. N\u00e3o \u00e9 leg\u00edtimo desequiparar, para fins sucess\u00f3rios, os c\u00f4njuges e os companheiros, isto \u00e9, a fam\u00edlia formada pelo casamento e a formada por uni\u00e3o est\u00e1vel. Tal hierarquiza\u00e7\u00e3o entre entidades familiares \u00e9 incompat\u00edvel com a Constitui\u00e7\u00e3o de 1988. Assim sendo, o art. 1790 do C\u00f3digo Civil, ao revogar as Leis n\u00ba 8.971\/1994 e n\u00ba 9.278\/1996 e discriminar a companheira (ou o companheiro), dando-lhe direitos sucess\u00f3rios bem inferiores aos conferidos \u00e0 esposa (ou ao marido), entra em contraste com os princ\u00edpios da igualdade, da dignidade humana, da proporcionalidade como veda\u00e7\u00e3o \u00e0 prote\u00e7\u00e3o deficiente e da veda\u00e7\u00e3o do retrocesso. 3. Com a finalidade de preservar a seguran\u00e7a jur\u00eddica, o entendimento ora firmado \u00e9 aplic\u00e1vel apenas aos invent\u00e1rios judiciais em que n\u00e3o tenha havido tr\u00e2nsito em julgado da senten\u00e7a de partilha e \u00e0s partilhas extrajudiciais em que ainda n\u00e3o haja escritura p\u00fablica. 4. Provimento do recurso extraordin\u00e1rio. Afirma\u00e7\u00e3o, em repercuss\u00e3o geral, da seguinte tese: \u201cNo sistema constitucional vigente, \u00e9 inconstitucional a distin\u00e7\u00e3o de regimes sucess\u00f3rios entre c\u00f4njuges e companheiros, devendo ser aplicado, em ambos os casos, o regime estabelecido no art. 1.829 do CC\/2002\u201d.<br>(RE 646721, Relator(a): Min. MARCO AUR\u00c9LIO, Relator(a) p\/ Ac\u00f3rd\u00e3o: Min. ROBERTO BARROSO, Tribunal Pleno, julgado em 10\/05\/2017, AC\u00d3RD\u00c3O ELETR\u00d4NICO DJe-204 DIVULG 08-09-2017 PUBLIC 11-09-2017)<\/p>\n\n\n\n<p><\/p>\n\n\n\n<p class=\"has-text-align-center has-background\" style=\"background:linear-gradient(135deg,rgb(252,185,0) 78%,rgb(255,105,0) 100%)\"><a href=\"https:\/\/cj.estrategia.com\/portal\/concurso-mp-rs-promotor\/\">SAIBA MAIS: Concurso Promotor MP RS<\/a><\/p>\n\n\n\n<h2 class=\"wp-block-heading has-text-align-center\" id=\"h-whatsapp-ecj-nbsp-clique-na-sua-carreira-e-participe\"><span id=\"whatsapp-ecj-clique-na-sua-carreira-e-participe\">Whatsapp ECJ:&nbsp;<strong>Clique na sua carreira e PARTICIPE!<\/strong><\/span><\/h2>\n\n\n\n<p>Com o&nbsp;<strong>Whatsapp ECJ<\/strong>&nbsp;vamos transformar a maneira como os estudantes se preparam para os concursos p\u00fablicos do momento e do futuro. Esta plataforma n\u00e3o apenas oferece suporte para tirar d\u00favidas cruciais, mas tamb\u00e9m fornece dicas valiosas para alcan\u00e7ar o sucesso nas provas, abrangendo todas as \u00e1reas da carreira jur\u00eddica.<\/p>\n\n\n\n<h3 class=\"wp-block-heading\" id=\"h-promotorias\"><span id=\"promotorias\">Promotorias<\/span><\/h3>\n\n\n\n<figure class=\"wp-block-image size-large\"><a href=\"https:\/\/www.redirectmais.com\/run\/promotorias-info\"><img decoding=\"async\" width=\"1024\" height=\"190\" src=\"https:\/\/cj.estrategia.com\/portal\/wp-content\/uploads\/2023\/12\/06120706\/BANNER-CINZA-1-1024x190.jpg\" alt=\"\" class=\"wp-image-51103\" srcset=\"https:\/\/cj.estrategia.com\/portal\/wp-content\/uploads\/2023\/12\/06120706\/BANNER-CINZA-1-1024x190.jpg 1024w, https:\/\/cj.estrategia.com\/portal\/wp-content\/uploads\/2023\/12\/06120706\/BANNER-CINZA-1-300x56.jpg 300w, https:\/\/cj.estrategia.com\/portal\/wp-content\/uploads\/2023\/12\/06120706\/BANNER-CINZA-1-768x143.jpg 768w, https:\/\/cj.estrategia.com\/portal\/wp-content\/uploads\/2023\/12\/06120706\/BANNER-CINZA-1-1536x285.jpg 1536w, https:\/\/cj.estrategia.com\/portal\/wp-content\/uploads\/2023\/12\/06120706\/BANNER-CINZA-1-380x71.jpg 380w, https:\/\/cj.estrategia.com\/portal\/wp-content\/uploads\/2023\/12\/06120706\/BANNER-CINZA-1-800x149.jpg 800w, https:\/\/cj.estrategia.com\/portal\/wp-content\/uploads\/2023\/12\/06120706\/BANNER-CINZA-1-1160x215.jpg 1160w, https:\/\/cj.estrategia.com\/portal\/wp-content\/uploads\/2023\/12\/06120706\/BANNER-CINZA-1-150x28.jpg 150w, https:\/\/cj.estrategia.com\/portal\/wp-content\/uploads\/2023\/12\/06120706\/BANNER-CINZA-1.jpg 1890w\" sizes=\"(max-width: 1024px) 100vw, 1024px\" \/><\/a><\/figure>\n\n\n\n<h2 class=\"wp-block-heading has-text-align-center\" id=\"cursos\"><span id=\"quer-saber-tudo-sobre-concursos-previstosconfira-nossos-artigos\">Quer saber tudo sobre concursos previstos?<br><strong>Confira nossos artigos!<\/strong><\/span><\/h2>\n\n\n\n\n\n<h2 class=\"wp-block-heading has-text-align-center\" id=\"cursos-ficha\"><span id=\"assinatura-carreiras-juridicas\">Assinatura Carreiras Jur\u00eddicas<\/span><\/h2>\n\n\n\n<p class=\"has-text-align-center\">O Estrat\u00e9gia Carreira Jur\u00eddica \u00e9 campe\u00e3o de aprova\u00e7\u00f5es nos concursos para Carreiras Jur\u00eddicas com um corpo docente qualificado e materiais completos. Conhe\u00e7a nossos cursos e garanta sua aprova\u00e7\u00e3o:<\/p>\n\n\n\n\n\n<div class=\"wp-block-cover\" style=\"min-height:155px;aspect-ratio:unset;\"><img decoding=\"async\" width=\"1890\" height=\"351\" class=\"wp-block-cover__image-background wp-image-8669\" alt=\"Assinaturas Jur\u00eddicas\" src=\"https:\/\/cj.estrategia.com\/portal\/wp-content\/uploads\/2022\/06\/20151253\/concurso-carreiras-juridicas-assinatura-juridica.jpg\" style=\"object-position:78% 43%\" data-object-fit=\"cover\" data-object-position=\"78% 43%\" srcset=\"https:\/\/cj.estrategia.com\/portal\/wp-content\/uploads\/2022\/06\/20151253\/concurso-carreiras-juridicas-assinatura-juridica.jpg 1890w, https:\/\/cj.estrategia.com\/portal\/wp-content\/uploads\/2022\/06\/20151253\/concurso-carreiras-juridicas-assinatura-juridica-300x56.jpg 300w, https:\/\/cj.estrategia.com\/portal\/wp-content\/uploads\/2022\/06\/20151253\/concurso-carreiras-juridicas-assinatura-juridica-1024x190.jpg 1024w, https:\/\/cj.estrategia.com\/portal\/wp-content\/uploads\/2022\/06\/20151253\/concurso-carreiras-juridicas-assinatura-juridica-768x143.jpg 768w, https:\/\/cj.estrategia.com\/portal\/wp-content\/uploads\/2022\/06\/20151253\/concurso-carreiras-juridicas-assinatura-juridica-1536x285.jpg 1536w, https:\/\/cj.estrategia.com\/portal\/wp-content\/uploads\/2022\/06\/20151253\/concurso-carreiras-juridicas-assinatura-juridica-380x71.jpg 380w, https:\/\/cj.estrategia.com\/portal\/wp-content\/uploads\/2022\/06\/20151253\/concurso-carreiras-juridicas-assinatura-juridica-800x149.jpg 800w, https:\/\/cj.estrategia.com\/portal\/wp-content\/uploads\/2022\/06\/20151253\/concurso-carreiras-juridicas-assinatura-juridica-1160x215.jpg 1160w\" sizes=\"(max-width: 1890px) 100vw, 1890px\" \/><span aria-hidden=\"true\" class=\"wp-block-cover__background has-background-dim\"><\/span><div class=\"wp-block-cover__inner-container is-layout-flow wp-block-cover-is-layout-flow\">\n<h3 id=\"faca-a-sua-assinatura\" class=\"titulo-assinatura\"><span style=\"color: #ffffff;\">Fa\u00e7a a sua assinatura!<\/span><\/h3>\n<p class=\"subtitulo-assinatura\" style=\"display:block!important; line-height: 0;\"><span style=\"color: #ffffff;\">Escolha a sua \u00e1rea.<\/span><\/p>\n<a target=\"_blank\" href=\"https:\/\/www.estrategiaconcursos.com.br\/assinaturas-ecj\/\" rel=\"noopener\"><button style=\"border-radius: 10px; text-transform: capitalize;\">Acessar<\/button><\/a>\n<\/div><\/div>\n","protected":false},"excerpt":{"rendered":"Ol\u00e1, pessoal, tudo certo?! Em 03\/12\/2023, foi aplicada a prova objetiva do concurso p\u00fablico para Promotor de Justi\u00e7a&hellip;\n","protected":false},"author":12,"featured_media":32081,"comment_status":"open","ping_status":"open","sticky":false,"template":"","format":"standard","meta":{"_jetpack_memberships_contains_paid_content":false,"footnotes":""},"categories":[25],"tags":[],"tax_estado":[53],"class_list":{"0":"post-51307","1":"post","2":"type-post","3":"status-publish","4":"format-standard","5":"has-post-thumbnail","7":"category-promotoria","8":"tax_estado-rs"},"acf":[],"yoast_head":"<!-- This site is optimized with the Yoast SEO Premium plugin v27.4 (Yoast SEO v27.4) - https:\/\/yoast.com\/product\/yoast-seo-premium-wordpress\/ -->\n<title>Prova Comentada Direito Civil MP RS Promotor<\/title>\n<meta name=\"description\" content=\"Prova Comentada Direito Civil MP RS Promotor: Confira aqui os coment\u00e1rios dos nossos professores e tire suas d\u00favidas!\" \/>\n<meta name=\"robots\" content=\"index, follow, max-snippet:-1, max-image-preview:large, max-video-preview:-1\" \/>\n<link rel=\"canonical\" href=\"https:\/\/cj.estrategia.com\/portal\/prova-comentada-direito-civil-mp-rs-promotor\/\" \/>\n<meta property=\"og:locale\" content=\"pt_BR\" \/>\n<meta property=\"og:type\" content=\"article\" \/>\n<meta property=\"og:title\" content=\"Prova Comentada Direito Civil MP RS Promotor\" \/>\n<meta property=\"og:description\" content=\"Prova Comentada Direito Civil MP RS Promotor: Confira aqui os coment\u00e1rios dos nossos professores e tire suas d\u00favidas!\" \/>\n<meta property=\"og:url\" content=\"https:\/\/cj.estrategia.com\/portal\/prova-comentada-direito-civil-mp-rs-promotor\/\" \/>\n<meta property=\"og:site_name\" content=\"Blog - Carreiras Jur\u00eddicas - Estrat\u00e9gia\" \/>\n<meta property=\"article:publisher\" content=\"https:\/\/www.facebook.com\/estrategiacarreirajuridica\/\" \/>\n<meta property=\"article:published_time\" content=\"2023-12-07T19:30:37+00:00\" \/>\n<meta property=\"article:modified_time\" content=\"2023-12-07T19:30:41+00:00\" \/>\n<meta property=\"og:image\" content=\"https:\/\/cj.estrategia.com\/portal\/wp-content\/uploads\/2022\/05\/24175233\/concurso-mp-al-promotor-de-justica-alagoas.jpg\" \/>\n\t<meta property=\"og:image:width\" content=\"960\" \/>\n\t<meta property=\"og:image:height\" content=\"540\" \/>\n\t<meta property=\"og:image:type\" content=\"image\/jpeg\" \/>\n<meta name=\"author\" content=\"Coordena\u00e7\u00e3o\" \/>\n<meta name=\"twitter:card\" content=\"summary_large_image\" \/>\n<meta name=\"twitter:creator\" content=\"@EstratJuridica\" \/>\n<meta name=\"twitter:site\" content=\"@EstratJuridica\" \/>\n<meta name=\"twitter:label1\" content=\"Escrito por\" \/>\n\t<meta name=\"twitter:data1\" content=\"Coordena\u00e7\u00e3o\" \/>\n\t<meta name=\"twitter:label2\" content=\"Est. tempo de leitura\" \/>\n\t<meta name=\"twitter:data2\" content=\"17 minutos\" \/>\n<script type=\"application\/ld+json\" class=\"yoast-schema-graph\">{\"@context\":\"https:\\\/\\\/schema.org\",\"@graph\":[{\"@type\":\"NewsArticle\",\"@id\":\"https:\\\/\\\/cj.estrategia.com\\\/portal\\\/prova-comentada-direito-civil-mp-rs-promotor\\\/#article\",\"isPartOf\":{\"@id\":\"https:\\\/\\\/cj.estrategia.com\\\/portal\\\/prova-comentada-direito-civil-mp-rs-promotor\\\/\"},\"author\":{\"name\":\"Coordena\u00e7\u00e3o\",\"@id\":\"https:\\\/\\\/cj.estrategia.com\\\/portal\\\/#\\\/schema\\\/person\\\/4d70317d31449932b99102916b6637f5\"},\"headline\":\"Prova Comentada Direito Civil MP RS Promotor\",\"datePublished\":\"2023-12-07T19:30:37+00:00\",\"dateModified\":\"2023-12-07T19:30:41+00:00\",\"mainEntityOfPage\":{\"@id\":\"https:\\\/\\\/cj.estrategia.com\\\/portal\\\/prova-comentada-direito-civil-mp-rs-promotor\\\/\"},\"wordCount\":3327,\"commentCount\":0,\"publisher\":{\"@id\":\"https:\\\/\\\/cj.estrategia.com\\\/portal\\\/#organization\"},\"image\":{\"@id\":\"https:\\\/\\\/cj.estrategia.com\\\/portal\\\/prova-comentada-direito-civil-mp-rs-promotor\\\/#primaryimage\"},\"thumbnailUrl\":\"https:\\\/\\\/cj.estrategia.com\\\/portal\\\/wp-content\\\/uploads\\\/2022\\\/05\\\/24175233\\\/concurso-mp-al-promotor-de-justica-alagoas.jpg\",\"articleSection\":[\"Promotoria\"],\"inLanguage\":\"pt-BR\",\"potentialAction\":[{\"@type\":\"CommentAction\",\"name\":\"Comment\",\"target\":[\"https:\\\/\\\/cj.estrategia.com\\\/portal\\\/prova-comentada-direito-civil-mp-rs-promotor\\\/#respond\"]}]},{\"@type\":\"WebPage\",\"@id\":\"https:\\\/\\\/cj.estrategia.com\\\/portal\\\/prova-comentada-direito-civil-mp-rs-promotor\\\/\",\"url\":\"https:\\\/\\\/cj.estrategia.com\\\/portal\\\/prova-comentada-direito-civil-mp-rs-promotor\\\/\",\"name\":\"Prova Comentada Direito Civil MP RS Promotor\",\"isPartOf\":{\"@id\":\"https:\\\/\\\/cj.estrategia.com\\\/portal\\\/#website\"},\"primaryImageOfPage\":{\"@id\":\"https:\\\/\\\/cj.estrategia.com\\\/portal\\\/prova-comentada-direito-civil-mp-rs-promotor\\\/#primaryimage\"},\"image\":{\"@id\":\"https:\\\/\\\/cj.estrategia.com\\\/portal\\\/prova-comentada-direito-civil-mp-rs-promotor\\\/#primaryimage\"},\"thumbnailUrl\":\"https:\\\/\\\/cj.estrategia.com\\\/portal\\\/wp-content\\\/uploads\\\/2022\\\/05\\\/24175233\\\/concurso-mp-al-promotor-de-justica-alagoas.jpg\",\"datePublished\":\"2023-12-07T19:30:37+00:00\",\"dateModified\":\"2023-12-07T19:30:41+00:00\",\"description\":\"Prova Comentada Direito Civil MP RS Promotor: Confira aqui os coment\u00e1rios dos nossos professores e tire suas d\u00favidas!\",\"breadcrumb\":{\"@id\":\"https:\\\/\\\/cj.estrategia.com\\\/portal\\\/prova-comentada-direito-civil-mp-rs-promotor\\\/#breadcrumb\"},\"inLanguage\":\"pt-BR\",\"potentialAction\":[{\"@type\":\"ReadAction\",\"target\":[\"https:\\\/\\\/cj.estrategia.com\\\/portal\\\/prova-comentada-direito-civil-mp-rs-promotor\\\/\"]}]},{\"@type\":\"ImageObject\",\"inLanguage\":\"pt-BR\",\"@id\":\"https:\\\/\\\/cj.estrategia.com\\\/portal\\\/prova-comentada-direito-civil-mp-rs-promotor\\\/#primaryimage\",\"url\":\"https:\\\/\\\/cj.estrategia.com\\\/portal\\\/wp-content\\\/uploads\\\/2022\\\/05\\\/24175233\\\/concurso-mp-al-promotor-de-justica-alagoas.jpg\",\"contentUrl\":\"https:\\\/\\\/cj.estrategia.com\\\/portal\\\/wp-content\\\/uploads\\\/2022\\\/05\\\/24175233\\\/concurso-mp-al-promotor-de-justica-alagoas.jpg\",\"width\":960,\"height\":540,\"caption\":\"Concurso MP AL promotor de justi\u00e7a\"},{\"@type\":\"BreadcrumbList\",\"@id\":\"https:\\\/\\\/cj.estrategia.com\\\/portal\\\/prova-comentada-direito-civil-mp-rs-promotor\\\/#breadcrumb\",\"itemListElement\":[{\"@type\":\"ListItem\",\"position\":1,\"name\":\"In\u00edcio\",\"item\":\"https:\\\/\\\/cj.estrategia.com\\\/portal\\\/\"},{\"@type\":\"ListItem\",\"position\":2,\"name\":\"Prova Comentada Direito Civil MP RS Promotor\"}]},{\"@type\":\"WebSite\",\"@id\":\"https:\\\/\\\/cj.estrategia.com\\\/portal\\\/#website\",\"url\":\"https:\\\/\\\/cj.estrategia.com\\\/portal\\\/\",\"name\":\"Blog - Carreiras Jur\u00eddicas - Estrat\u00e9gia\",\"description\":\"\",\"publisher\":{\"@id\":\"https:\\\/\\\/cj.estrategia.com\\\/portal\\\/#organization\"},\"potentialAction\":[{\"@type\":\"SearchAction\",\"target\":{\"@type\":\"EntryPoint\",\"urlTemplate\":\"https:\\\/\\\/cj.estrategia.com\\\/portal\\\/?s={search_term_string}\"},\"query-input\":{\"@type\":\"PropertyValueSpecification\",\"valueRequired\":true,\"valueName\":\"search_term_string\"}}],\"inLanguage\":\"pt-BR\"},{\"@type\":\"Organization\",\"@id\":\"https:\\\/\\\/cj.estrategia.com\\\/portal\\\/#organization\",\"name\":\"Estrat\u00e9gia - Carreiras Jur\u00eddicas\",\"url\":\"https:\\\/\\\/cj.estrategia.com\\\/portal\\\/\",\"logo\":{\"@type\":\"ImageObject\",\"inLanguage\":\"pt-BR\",\"@id\":\"https:\\\/\\\/cj.estrategia.com\\\/portal\\\/#\\\/schema\\\/logo\\\/image\\\/\",\"url\":\"https:\\\/\\\/cj.estrategia.com\\\/portal\\\/wp-content\\\/uploads\\\/2022\\\/03\\\/11151052\\\/cj-logo.png\",\"contentUrl\":\"https:\\\/\\\/cj.estrategia.com\\\/portal\\\/wp-content\\\/uploads\\\/2022\\\/03\\\/11151052\\\/cj-logo.png\",\"width\":150,\"height\":39,\"caption\":\"Estrat\u00e9gia - Carreiras Jur\u00eddicas\"},\"image\":{\"@id\":\"https:\\\/\\\/cj.estrategia.com\\\/portal\\\/#\\\/schema\\\/logo\\\/image\\\/\"},\"sameAs\":[\"https:\\\/\\\/www.facebook.com\\\/estrategiacarreirajuridica\\\/\",\"https:\\\/\\\/x.com\\\/EstratJuridica\",\"https:\\\/\\\/www.instagram.com\\\/estrategiacarreirajuridica\\\/\",\"https:\\\/\\\/www.youtube.com\\\/channel\\\/UClbMGuYbj2Mh1m3w144ETWQ\"]},{\"@type\":\"Person\",\"@id\":\"https:\\\/\\\/cj.estrategia.com\\\/portal\\\/#\\\/schema\\\/person\\\/4d70317d31449932b99102916b6637f5\",\"name\":\"Coordena\u00e7\u00e3o\",\"image\":{\"@type\":\"ImageObject\",\"inLanguage\":\"pt-BR\",\"@id\":\"https:\\\/\\\/cj.estrategia.com\\\/portal\\\/wp-content\\\/uploads\\\/2022\\\/05\\\/12164923\\\/estrategia-carreira-juridica-coordenacao-96x96.png\",\"url\":\"https:\\\/\\\/cj.estrategia.com\\\/portal\\\/wp-content\\\/uploads\\\/2022\\\/05\\\/12164923\\\/estrategia-carreira-juridica-coordenacao-96x96.png\",\"contentUrl\":\"https:\\\/\\\/cj.estrategia.com\\\/portal\\\/wp-content\\\/uploads\\\/2022\\\/05\\\/12164923\\\/estrategia-carreira-juridica-coordenacao-96x96.png\",\"caption\":\"Coordena\u00e7\u00e3o\"},\"url\":\"https:\\\/\\\/cj.estrategia.com\\\/portal\\\/author\\\/coordenacao\\\/\"}]}<\/script>\n<!-- \/ Yoast SEO Premium plugin. -->","yoast_head_json":{"title":"Prova Comentada Direito Civil MP RS Promotor","description":"Prova Comentada Direito Civil MP RS Promotor: Confira aqui os coment\u00e1rios dos nossos professores e tire suas d\u00favidas!","robots":{"index":"index","follow":"follow","max-snippet":"max-snippet:-1","max-image-preview":"max-image-preview:large","max-video-preview":"max-video-preview:-1"},"canonical":"https:\/\/cj.estrategia.com\/portal\/prova-comentada-direito-civil-mp-rs-promotor\/","og_locale":"pt_BR","og_type":"article","og_title":"Prova Comentada Direito Civil MP RS Promotor","og_description":"Prova Comentada Direito Civil MP RS Promotor: Confira aqui os coment\u00e1rios dos nossos professores e tire suas d\u00favidas!","og_url":"https:\/\/cj.estrategia.com\/portal\/prova-comentada-direito-civil-mp-rs-promotor\/","og_site_name":"Blog - Carreiras Jur\u00eddicas - Estrat\u00e9gia","article_publisher":"https:\/\/www.facebook.com\/estrategiacarreirajuridica\/","article_published_time":"2023-12-07T19:30:37+00:00","article_modified_time":"2023-12-07T19:30:41+00:00","og_image":[{"width":960,"height":540,"url":"https:\/\/cj.estrategia.com\/portal\/wp-content\/uploads\/2022\/05\/24175233\/concurso-mp-al-promotor-de-justica-alagoas.jpg","type":"image\/jpeg"}],"author":"Coordena\u00e7\u00e3o","twitter_card":"summary_large_image","twitter_creator":"@EstratJuridica","twitter_site":"@EstratJuridica","twitter_misc":{"Escrito por":"Coordena\u00e7\u00e3o","Est. tempo de leitura":"17 minutos"},"schema":{"@context":"https:\/\/schema.org","@graph":[{"@type":"NewsArticle","@id":"https:\/\/cj.estrategia.com\/portal\/prova-comentada-direito-civil-mp-rs-promotor\/#article","isPartOf":{"@id":"https:\/\/cj.estrategia.com\/portal\/prova-comentada-direito-civil-mp-rs-promotor\/"},"author":{"name":"Coordena\u00e7\u00e3o","@id":"https:\/\/cj.estrategia.com\/portal\/#\/schema\/person\/4d70317d31449932b99102916b6637f5"},"headline":"Prova Comentada Direito Civil MP RS Promotor","datePublished":"2023-12-07T19:30:37+00:00","dateModified":"2023-12-07T19:30:41+00:00","mainEntityOfPage":{"@id":"https:\/\/cj.estrategia.com\/portal\/prova-comentada-direito-civil-mp-rs-promotor\/"},"wordCount":3327,"commentCount":0,"publisher":{"@id":"https:\/\/cj.estrategia.com\/portal\/#organization"},"image":{"@id":"https:\/\/cj.estrategia.com\/portal\/prova-comentada-direito-civil-mp-rs-promotor\/#primaryimage"},"thumbnailUrl":"https:\/\/cj.estrategia.com\/portal\/wp-content\/uploads\/2022\/05\/24175233\/concurso-mp-al-promotor-de-justica-alagoas.jpg","articleSection":["Promotoria"],"inLanguage":"pt-BR","potentialAction":[{"@type":"CommentAction","name":"Comment","target":["https:\/\/cj.estrategia.com\/portal\/prova-comentada-direito-civil-mp-rs-promotor\/#respond"]}]},{"@type":"WebPage","@id":"https:\/\/cj.estrategia.com\/portal\/prova-comentada-direito-civil-mp-rs-promotor\/","url":"https:\/\/cj.estrategia.com\/portal\/prova-comentada-direito-civil-mp-rs-promotor\/","name":"Prova Comentada Direito Civil MP RS Promotor","isPartOf":{"@id":"https:\/\/cj.estrategia.com\/portal\/#website"},"primaryImageOfPage":{"@id":"https:\/\/cj.estrategia.com\/portal\/prova-comentada-direito-civil-mp-rs-promotor\/#primaryimage"},"image":{"@id":"https:\/\/cj.estrategia.com\/portal\/prova-comentada-direito-civil-mp-rs-promotor\/#primaryimage"},"thumbnailUrl":"https:\/\/cj.estrategia.com\/portal\/wp-content\/uploads\/2022\/05\/24175233\/concurso-mp-al-promotor-de-justica-alagoas.jpg","datePublished":"2023-12-07T19:30:37+00:00","dateModified":"2023-12-07T19:30:41+00:00","description":"Prova Comentada Direito Civil MP RS Promotor: Confira aqui os coment\u00e1rios dos nossos professores e tire suas d\u00favidas!","breadcrumb":{"@id":"https:\/\/cj.estrategia.com\/portal\/prova-comentada-direito-civil-mp-rs-promotor\/#breadcrumb"},"inLanguage":"pt-BR","potentialAction":[{"@type":"ReadAction","target":["https:\/\/cj.estrategia.com\/portal\/prova-comentada-direito-civil-mp-rs-promotor\/"]}]},{"@type":"ImageObject","inLanguage":"pt-BR","@id":"https:\/\/cj.estrategia.com\/portal\/prova-comentada-direito-civil-mp-rs-promotor\/#primaryimage","url":"https:\/\/cj.estrategia.com\/portal\/wp-content\/uploads\/2022\/05\/24175233\/concurso-mp-al-promotor-de-justica-alagoas.jpg","contentUrl":"https:\/\/cj.estrategia.com\/portal\/wp-content\/uploads\/2022\/05\/24175233\/concurso-mp-al-promotor-de-justica-alagoas.jpg","width":960,"height":540,"caption":"Concurso MP AL promotor de justi\u00e7a"},{"@type":"BreadcrumbList","@id":"https:\/\/cj.estrategia.com\/portal\/prova-comentada-direito-civil-mp-rs-promotor\/#breadcrumb","itemListElement":[{"@type":"ListItem","position":1,"name":"In\u00edcio","item":"https:\/\/cj.estrategia.com\/portal\/"},{"@type":"ListItem","position":2,"name":"Prova Comentada Direito Civil MP RS Promotor"}]},{"@type":"WebSite","@id":"https:\/\/cj.estrategia.com\/portal\/#website","url":"https:\/\/cj.estrategia.com\/portal\/","name":"Blog - Carreiras Jur\u00eddicas - Estrat\u00e9gia","description":"","publisher":{"@id":"https:\/\/cj.estrategia.com\/portal\/#organization"},"potentialAction":[{"@type":"SearchAction","target":{"@type":"EntryPoint","urlTemplate":"https:\/\/cj.estrategia.com\/portal\/?s={search_term_string}"},"query-input":{"@type":"PropertyValueSpecification","valueRequired":true,"valueName":"search_term_string"}}],"inLanguage":"pt-BR"},{"@type":"Organization","@id":"https:\/\/cj.estrategia.com\/portal\/#organization","name":"Estrat\u00e9gia - Carreiras Jur\u00eddicas","url":"https:\/\/cj.estrategia.com\/portal\/","logo":{"@type":"ImageObject","inLanguage":"pt-BR","@id":"https:\/\/cj.estrategia.com\/portal\/#\/schema\/logo\/image\/","url":"https:\/\/cj.estrategia.com\/portal\/wp-content\/uploads\/2022\/03\/11151052\/cj-logo.png","contentUrl":"https:\/\/cj.estrategia.com\/portal\/wp-content\/uploads\/2022\/03\/11151052\/cj-logo.png","width":150,"height":39,"caption":"Estrat\u00e9gia - Carreiras Jur\u00eddicas"},"image":{"@id":"https:\/\/cj.estrategia.com\/portal\/#\/schema\/logo\/image\/"},"sameAs":["https:\/\/www.facebook.com\/estrategiacarreirajuridica\/","https:\/\/x.com\/EstratJuridica","https:\/\/www.instagram.com\/estrategiacarreirajuridica\/","https:\/\/www.youtube.com\/channel\/UClbMGuYbj2Mh1m3w144ETWQ"]},{"@type":"Person","@id":"https:\/\/cj.estrategia.com\/portal\/#\/schema\/person\/4d70317d31449932b99102916b6637f5","name":"Coordena\u00e7\u00e3o","image":{"@type":"ImageObject","inLanguage":"pt-BR","@id":"https:\/\/cj.estrategia.com\/portal\/wp-content\/uploads\/2022\/05\/12164923\/estrategia-carreira-juridica-coordenacao-96x96.png","url":"https:\/\/cj.estrategia.com\/portal\/wp-content\/uploads\/2022\/05\/12164923\/estrategia-carreira-juridica-coordenacao-96x96.png","contentUrl":"https:\/\/cj.estrategia.com\/portal\/wp-content\/uploads\/2022\/05\/12164923\/estrategia-carreira-juridica-coordenacao-96x96.png","caption":"Coordena\u00e7\u00e3o"},"url":"https:\/\/cj.estrategia.com\/portal\/author\/coordenacao\/"}]}},"jetpack_featured_media_url":"https:\/\/cj.estrategia.com\/portal\/wp-content\/uploads\/2022\/05\/24175233\/concurso-mp-al-promotor-de-justica-alagoas.jpg","jetpack_sharing_enabled":true,"_links":{"self":[{"href":"https:\/\/cj.estrategia.com\/portal\/wp-json\/wp\/v2\/posts\/51307","targetHints":{"allow":["GET"]}}],"collection":[{"href":"https:\/\/cj.estrategia.com\/portal\/wp-json\/wp\/v2\/posts"}],"about":[{"href":"https:\/\/cj.estrategia.com\/portal\/wp-json\/wp\/v2\/types\/post"}],"author":[{"embeddable":true,"href":"https:\/\/cj.estrategia.com\/portal\/wp-json\/wp\/v2\/users\/12"}],"replies":[{"embeddable":true,"href":"https:\/\/cj.estrategia.com\/portal\/wp-json\/wp\/v2\/comments?post=51307"}],"version-history":[{"count":1,"href":"https:\/\/cj.estrategia.com\/portal\/wp-json\/wp\/v2\/posts\/51307\/revisions"}],"predecessor-version":[{"id":51337,"href":"https:\/\/cj.estrategia.com\/portal\/wp-json\/wp\/v2\/posts\/51307\/revisions\/51337"}],"wp:featuredmedia":[{"embeddable":true,"href":"https:\/\/cj.estrategia.com\/portal\/wp-json\/wp\/v2\/media\/32081"}],"wp:attachment":[{"href":"https:\/\/cj.estrategia.com\/portal\/wp-json\/wp\/v2\/media?parent=51307"}],"wp:term":[{"taxonomy":"category","embeddable":true,"href":"https:\/\/cj.estrategia.com\/portal\/wp-json\/wp\/v2\/categories?post=51307"},{"taxonomy":"post_tag","embeddable":true,"href":"https:\/\/cj.estrategia.com\/portal\/wp-json\/wp\/v2\/tags?post=51307"},{"taxonomy":"tax_estado","embeddable":true,"href":"https:\/\/cj.estrategia.com\/portal\/wp-json\/wp\/v2\/tax_estado?post=51307"}],"curies":[{"name":"wp","href":"https:\/\/api.w.org\/{rel}","templated":true}]}}