{"id":51303,"date":"2023-12-07T16:19:49","date_gmt":"2023-12-07T19:19:49","guid":{"rendered":"https:\/\/cj.estrategia.com\/portal\/?p=51303"},"modified":"2023-12-07T16:19:53","modified_gmt":"2023-12-07T19:19:53","slug":"prova-comentada-legislacao-penal-especial-mp-rs-promotor","status":"publish","type":"post","link":"https:\/\/cj.estrategia.com\/portal\/prova-comentada-legislacao-penal-especial-mp-rs-promotor\/","title":{"rendered":"Prova Comentada Legisla\u00e7\u00e3o Penal Especial MP RS Promotor"},"content":{"rendered":"\n<p>Ol\u00e1, pessoal, tudo certo?!<\/p>\n\n\n\n<p>Em 03\/12\/2023, foi aplicada a prova objetiva do concurso p\u00fablico para <strong>Promotor de Justi\u00e7a do estado do Rio Grande do Sul<\/strong>. Assim que encerrada, nosso time de professores elaborou o gabarito extraoficial, que, agora, ser\u00e1 apresentado juntamente com a nossa <strong>PROVA COMENTADA<\/strong>.<\/p>\n\n\n\n<p>Este material visa a auxili\u00e1-los na aferi\u00e7\u00e3o das notas, elabora\u00e7\u00e3o de eventuais recursos, verifica\u00e7\u00e3o das chances de avan\u00e7o para fase discursiva, bem como na revis\u00e3o do conte\u00fado cobrado no certame.<\/p>\n\n\n\n<p>Desde j\u00e1, destacamos que nosso time de professores identificou 2 quest\u00f5es pass\u00edveis de recursos, por apresentarem duas ou nenhuma alternativa correta, como veremos adiante. No tipo de prova comentado, trata-se das quest\u00f5es 35 e 65.<\/p>\n\n\n\n<p>De modo complementar, elaboramos tamb\u00e9m o<a href=\"https:\/\/cj.estrategia.com\/cadernos-e-simulados\/simulados\/248767ee-5d1c-4c62-bc99-809bb95e587a\"> <strong>RANKING do MP-RS<\/strong><\/a>, em que nossos alunos e seguidores poder\u00e3o inserir suas respostas \u00e0 prova, e, ao final, aferir sua nota, de acordo com o gabarito elaborado por nossos professores. Atrav\u00e9s do ranking, tamb\u00e9m poderemos estimar a nota de corte da 1\u00ba fase. Essa ferramenta \u00e9 gratuita e, para participar, basta clicar no link abaixo:<\/p>\n\n\n\n<p>Al\u00e9m disso, montamos um caderno para nossos seguidores, alunos ou n\u00e3o, verem os coment\u00e1rios e comentar as quest\u00f5es da prova: Confira <a href=\"https:\/\/cj.estrategia.com\/cadernos-e-simulados\/cadernos\/251e3e94-8c80-497c-a3b0-4f7d8a4b6f83\">AQUI<\/a>!<\/p>\n\n\n\n<p>Por fim, acompanhe todas as novidades sobre essa e outras provas da carreira no nosso canal do Youtube. Inscreva-se e ative as notifica\u00e7\u00f5es! <a href=\"https:\/\/www.youtube.com\/@EstrategiaCarreiraJuridica\"><strong>Estrat\u00e9gia Carreira Jur\u00eddica \u2013 YouTube<\/strong><\/a><\/p>\n\n\n\n<p class=\"has-text-align-center has-pale-ocean-gradient-background has-background\"><strong>Confira <a href=\"https:\/\/cj.estrategia.com\/portal\/provas-comentadas-promotor-mp-rs\/\">AQUI <\/a>as provas comentadas de todas as disciplinas<\/strong><\/p>\n\n\n\n<h2 class=\"wp-block-heading has-vivid-red-color has-text-color has-link-color wp-elements-00e2d2f0fd4959849705ff5a3982d16f\" id=\"h-prova-comentada-legislacao-penal-especial\"><span id=\"prova-comentada-legislacao-penal-especial\">Prova Comentada Legisla\u00e7\u00e3o Penal Especial<\/span><\/h2>\n\n\n\n<p><strong>QUEST\u00c3O 55. Considere as seguintes afirma\u00e7\u00f5es em rela\u00e7\u00e3o \u00e0 Lei n\u00b0 11.340, de 07 de agosto de 2006.<\/strong><\/p>\n\n\n\n<p><strong>I- A pr\u00e1tica de crime ou contraven\u00e7\u00e3o penal contra mulher com viol\u00eancia ou grave amea\u00e7a no ambiente dom\u00e9stico, independente da pena aplicada, impossibilita a substitui\u00e7\u00e3o da pena privativa de liberdade por restritiva de direito.<\/strong><\/p>\n\n\n\n<p><strong>II \u2013 Podem ser sujeitos ativos dos crimes abrangidos pela Lei Maria da Penha tanto o homem como a mulher.<\/strong><\/p>\n\n\n\n<p><strong>III \u2013 Para a empregada dom\u00e9stica, mesmo convivendo na unidade do lar e sendo v\u00edtima de viol\u00eancia de g\u00eanero pelo empregador, n\u00e3o pode ser aplicada integralmente a Lei Maria da Penha, pois lhe falta o v\u00ednculo familiar exigido por esta legisla\u00e7\u00e3o para os ambientes dom\u00e9sticos, incidindo, no entanto, a agravante prevista no artigo 61, al\u00ednea f, do C\u00f3digo Penal (Artigo 61. S\u00e3o circunst\u00e2ncias que sempre agravam a pena [..] f) com abuso de autoridade ou prevalecendo-se de rela\u00e7\u00f5es dom\u00e9sticas, de coabita\u00e7\u00e3o ou de hospitalidade, ou com viol\u00eancia contra a mulher na forma da lei espec\u00edfica).<\/strong><\/p>\n\n\n\n<p><strong>As medidas protetivas de urg\u00eancia ser\u00e3o concedidas em ju\u00edzo de cogni\u00e7\u00e3o sum\u00e1ria, independente da tipifica\u00e7\u00e3o legal ou exist\u00eancia de Inqu\u00e9rito Policial, dispensando inclusive o boletim de ocorr\u00eancia, e vigorar\u00e3o enquanto persistir o risco, independente do ajuizamento, ou n\u00e3o, da respectiva a\u00e7\u00e3o penal ou c\u00edvel.<\/strong><\/p>\n\n\n\n<p><strong>V \u2013 O Delegado de Pol\u00edcia, no hor\u00e1rio noturno, mesmo quando o Munic\u00edpio for sede de Comarca, em situa\u00e7\u00f5es que envolvam iminente e grave risco \u00e0 vida da mulher em situa\u00e7\u00e3o de viol\u00eancia dom\u00e9stica, pode afastar imediatamente o agressor do lar, desde que comunique ao Minist\u00e9rio P\u00fablico e ao Poder Judici\u00e1rio, no prazo de 24 (vinte e quatro) horas, para a medida ser reavaliada.<\/strong><\/p>\n\n\n\n<p><strong>Quais afirma\u00e7\u00f5es est\u00e3o corretas?<\/strong><\/p>\n\n\n\n<p><strong>a) Apenas I, II e IV.<\/strong><\/p>\n\n\n\n<p><strong>b) Apenas I, II e V.<\/strong><\/p>\n\n\n\n<p><strong>c) Apenas I, III e V.<\/strong><\/p>\n\n\n\n<p><strong>d) Apenas II, III e IV.<\/strong><\/p>\n\n\n\n<p><strong>e) Nenhuma das alternativas est\u00e1 correta<\/strong><\/p>\n\n\n\n<p><strong>Coment\u00e1rios<\/strong><\/p>\n\n\n\n<p>\u00a0A alternativa correta \u00e9 a <strong>letra A.<\/strong><\/p>\n\n\n\n<p>A afirmativa I est\u00e1 correta. Nos termos do artigo 17 da Lei n. 11.340;2006: Art. 17. \u00c9 vedada a aplica\u00e7\u00e3o, nos casos de viol\u00eancia dom\u00e9stica e familiar contra a mulher, de penas de cesta b\u00e1sica ou outras de presta\u00e7\u00e3o pecuni\u00e1ria, bem como a substitui\u00e7\u00e3o de pena que implique o pagamento isolado de multa.<\/p>\n\n\n\n<p>A afirmativa II est\u00e1 incorreta. Somente mulher pode ser sujeito passivo dos crimes da Lei 11.340\/2006.<\/p>\n\n\n\n<p>A afirmativa III est\u00e1 incorreta. \u00c9 poss\u00edvel a aplica\u00e7\u00e3o da Lei Maria da Penha no caso de viol\u00eancia dom\u00e9stica praticada contra empregada dom\u00e9stica. Art. 5\u00ba, I, da Lei n. 11.340\/2006. Julgados: AgRg no REsp 1900478\/GO, Rel. Ministro SEBASTI\u00c3O REIS J\u00daNIOR, SEXTA TURMA, julgado em 23\/02\/2021, DJe 26\/02\/2021 HC 500314\/PE, Rel. Ministro REYNALDO SOARES DA FONSECA, QUINTA TURMA, julgado em 18\/06\/2019, DJe 01\/07\/2019.<\/p>\n\n\n\n<p>A afirmativa IV est\u00e1 correta. Nos termos do artigo 19, \u00a75\u00ba, da Lei 11.340\/2006: \u00a7 5\u00ba As medidas protetivas de urg\u00eancia ser\u00e3o concedidas independentemente da tipifica\u00e7\u00e3o penal da viol\u00eancia, do ajuizamento de a\u00e7\u00e3o penal ou c\u00edvel, da exist\u00eancia de inqu\u00e9rito policial ou do registro de boletim de ocorr\u00eancia.<\/p>\n\n\n\n<p>A afirmativa V est\u00e1 incorreta. Nos termos do art. 12-C, da Lei 11.340\/06: Verificada a exist\u00eancia de risco atual ou iminente \u00e0 vida ou \u00e0 integridade f\u00edsica ou psicol\u00f3gica da mulher em situa\u00e7\u00e3o de viol\u00eancia dom\u00e9stica e familiar, ou de seus dependentes, o agressor ser\u00e1 imediatamente afastado do lar, domic\u00edlio ou local de conviv\u00eancia com a ofendida: I- pela autoridade judicial; II \u2013 pelo delegado de pol\u00edcia, quando o Munic\u00edpio n\u00e3o for sede de comarca; ou III \u2013 pelo policial, quando o Munic\u00edpio n\u00e3o for sede de comarca e n\u00e3o houver delegado dispon\u00edvel no momento da den\u00fancia. \u00a7 1\u00ba Nas hip\u00f3teses dos incisos II e III do caput deste artigo, o juiz ser\u00e1 comunicado no prazo m\u00e1ximo de 24 (vinte e quatro) horas e decidir\u00e1, em igual prazo, sobre a manuten\u00e7\u00e3o ou a revoga\u00e7\u00e3o da medida aplicada, devendo dar ci\u00eancia ao Minist\u00e9rio P\u00fablico concomitantemente. \u00a7 2\u00ba Nos casos de risco \u00e0 integridade f\u00edsica da ofendida ou \u00e0 efetividade da medida protetiva de urg\u00eancia, n\u00e3o ser\u00e1 concedida liberdade provis\u00f3ria ao preso.\u00a0\u00a0\u00a0<\/p>\n\n\n\n<p><strong>QUEST\u00c3O 56. Considere as seguintes afirma\u00e7\u00f5es sobre os crimes de lavagem de dinheiro (Lei n\u00b0 9.613, de 03 de mar\u00e7o de 1998).<\/strong><\/p>\n\n\n\n<p><strong>I \u2013 Atualmente, a legisla\u00e7\u00e3o brasileira admite qualquer infra\u00e7\u00e3o penal capaz de produzir ativos financeiros como antecedente para o crime de lavagem de dinheiro, inclusive as contraven\u00e7\u00f5es penais.<\/strong><\/p>\n\n\n\n<p><strong>II \u2013 Ao sujeito ativo do crime de lavagem de dinheiro n\u00e3o \u00e9 exigido que tenha participado ou concorrido do crime antecedente, e sim basta que tenha conhecimento, de qualquer modo, que os bens ocultados tenham uma origem il\u00edcita.<\/strong><\/p>\n\n\n\n<p><strong>III \u2013 Somente \u00e9 poss\u00edvel o crime de lavagem de dinheiro se houver uma infra\u00e7\u00e3o penal antecedente. Entretanto, basta a comprova\u00e7\u00e3o de ind\u00edcios suficientes da exist\u00eancia da infra\u00e7\u00e3o penal antecedente, n\u00e3o exigindo a legisla\u00e7\u00e3o p\u00e1tria a condena\u00e7\u00e3o do(s) autor(es) pela pr\u00e1tica do delito antecedente, sendo que, mesmo extinto o processo da infra\u00e7\u00e3o penal antecedente pela prescri\u00e7\u00e3o da pretens\u00e3o punitiva do Estado, permanece a possibilidade de puni\u00e7\u00e3o pelo crime de lavagem de dinheiro vinculado a ela.<\/strong><\/p>\n\n\n\n<p><strong>IV \u2013 A Lei n\u00b0 9.613 (Lavagem de Dinheiro), de 03 de mar\u00e7o de 1998, trata, essencialmente, de delitos dolosos, n\u00e3o prevendo tipo penal culposo.<\/strong><\/p>\n\n\n\n<p><strong>Quais afirma\u00e7\u00f5es est\u00e3o corretas?<\/strong><\/p>\n\n\n\n<p><strong>a) Apenas IV.<\/strong><\/p>\n\n\n\n<p><strong>b) Apenas I e II.<\/strong><\/p>\n\n\n\n<p><strong>c) Apenas I, II e III.<\/strong><\/p>\n\n\n\n<p><strong>d) Apenas II, III e IV.<\/strong><\/p>\n\n\n\n<p><strong>e) I, II, III e IV.<\/strong><\/p>\n\n\n\n<p><strong>Coment\u00e1rios<\/strong><\/p>\n\n\n\n<p>A alternativa correta \u00e9 a <strong>letra E<\/strong><\/p>\n\n\n\n<p>A afirmativa I est\u00e1 correta. Nos termos do art. 1 da Lei n.9.613\/98: Art. 1<sup>o<\/sup>\u00a0Ocultar ou dissimular a natureza, origem, localiza\u00e7\u00e3o, disposi\u00e7\u00e3o, movimenta\u00e7\u00e3o ou propriedade de bens, direitos ou valores provenientes, direta ou indiretamente, de infra\u00e7\u00e3o penal.\u00a0<\/p>\n\n\n\n<p>O rol de crimes antecedentes foi revogado pela lei n. 12.683\/2012, passando-se a admitir qualquer infra\u00e7\u00e3o.<\/p>\n\n\n\n<p>As afirmativas II e III est\u00e3o corretas. Conforme disp\u00f5e o artigo 2\u00ba, inciso II, da Lei n. 9613\/98: II \u2013 independem do processo e julgamento das infra\u00e7\u00f5es penais antecedentes, ainda que praticados em outro pa\u00eds, cabendo ao juiz competente para os crimes previstos nesta Lei a decis\u00e3o sobre a unidade de processo e julgamento;\u00a0<\/p>\n\n\n\n<p>A afirmativa IV est\u00e1 correta, pois n\u00e3o h\u00e1 previs\u00e3o de crimes culposos na Lei n. 9613\/98.<\/p>\n\n\n\n<p><strong>QUEST\u00c3O 61. Considerando o tema organiza\u00e7\u00f5es criminosas, assinale a alternativa INCORRETA<\/strong><\/p>\n\n\n\n<p><strong>a) De acordo com a Lei n\u00b0 12.850, de 02 de agosto de 2013, considera-se organiza\u00e7\u00e3o criminosa a associa\u00e7\u00e3o de 4 (quatro) ou mais pessoas estruturalmente ordenada e caracterizada pela divis\u00e3o de tarefas, ainda que informalmente, com o objetivo de obter, direta ou indiretamente, vantagem de qualquer natureza, mediante a pr\u00e1tica de infra\u00e7\u00f5es penais cujas penas m\u00e1ximas sejam superiores a (dois) anos, ou que sejam de car\u00e1ter transnacional.<\/strong><\/p>\n\n\n\n<p><strong>b) Quem impede ou, de qualquer forma, embara\u00e7a a investiga\u00e7\u00e3o de infra\u00e7\u00e3o penal que envolva organiza\u00e7\u00e3o criminosa estar\u00e1 sujeito \u00e0s mesmas penas em abstrato de quem integra, pessoalmente, a organiza\u00e7\u00e3o.<\/strong><\/p>\n\n\n\n<p><strong>c) Consiste a a\u00e7\u00e3o controlada em retardar a interven\u00e7\u00e3o policial ou administrativa relativa \u00e0 a\u00e7\u00e3o praticada por organiza\u00e7\u00e3o criminosa ou a ela vinculada, desde que mantida sob observa\u00e7\u00e3o e acompanhamento para que a medida legal se concretize no momento mais eficaz \u00e0 forma\u00e7\u00e3o de provas e obten\u00e7\u00e3o de informa\u00e7\u00f5es, devendo ser previamente comunicada ao juiz competente, que, se for o caso, estabelecer\u00e1 os seus limites e comunicar\u00e1 ao Minist\u00e9rio P\u00fablico.<\/strong><\/p>\n\n\n\n<p><strong>d) Nos crimes cometidos por organiza\u00e7\u00f5es criminosas, o Minist\u00e9rio P\u00fablico poder\u00e1 requerer ao ju\u00edzo competente a infiltra\u00e7\u00e3o de agentes de pol\u00edcia em tarefas de investiga\u00e7\u00e3o, ap\u00f3s manifesta\u00e7\u00e3o t\u00e9cnica do Delegado de Pol\u00edcia quando solicitada no curso de Inqu\u00e9rito Policial.<\/strong><\/p>\n\n\n\n<p><strong>e) O delito de organiza\u00e7\u00e3o criminosa \u00e9 um crime comum, de concurso de pessoas necess\u00e1rio, e formal, uma vez que se consuma ainda que n\u00e3o se venha praticar outras infra\u00e7\u00f5es penais.<\/strong><\/p>\n\n\n\n<p><strong>Coment\u00e1rios<\/strong><\/p>\n\n\n\n<p>A alternativa correta \u00e9 a <strong>letra A.<\/strong><\/p>\n\n\n\n<p>Nos termos do artigo 1\u00ba, \u00a71\u00ba, da Lei n. 12.850\/13, as infra\u00e7\u00f5es penais praticadas pela organiza\u00e7\u00e3o devem ser pena m\u00e1xima superior a 4 anos: art. 1\u00ba, \u00a7 1\u00ba Considera-se organiza\u00e7\u00e3o criminosa a associa\u00e7\u00e3o de 4 (quatro) ou mais pessoas estruturalmente ordenada e caracterizada pela divis\u00e3o de tarefas, ainda que informalmente, com objetivo de obter, direta ou indiretamente, vantagem de qualquer natureza, mediante a pr\u00e1tica de infra\u00e7\u00f5es penais cujas penas m\u00e1ximas sejam superiores a 4 (quatro) anos, ou que sejam de car\u00e1ter transnacional.<\/p>\n\n\n\n<p><strong>QUEST\u00c3O 62. Em rela\u00e7\u00e3o \u00e0 Lei de Execu\u00e7\u00e3o Penal, assinale a afirma\u00e7\u00e3o INCORRETA.<\/strong><\/p>\n\n\n\n<p><strong>a) O condenado por tr\u00e1fico privilegiado (artigo 33, \u00a7 4\u00b0, da Lei n\u00b0 11.343\/06), se for prim\u00e1rio, e preenchidos os requisitos subjetivos, poder\u00e1 progredir de regime cumprindo ao menos 16% (dezesseis por cento) da pena aplicada.<\/strong><\/p>\n\n\n\n<p><strong>b) O regime disciplinar diferenciado poder\u00e1 ser aplicado aos presos provis\u00f3rios, independente do cometimento de falta grave, desde que sobre eles recaiam fundadas suspeitas de envolvimento ou participa\u00e7\u00e3o, a qualquer t\u00edtulo, em organiza\u00e7\u00e3o criminosa.<\/strong><\/p>\n\n\n\n<p><strong>c) Conforme mat\u00e9ria sumulada no Superior Tribunal de Justi\u00e7a, a posse de aparelho celular pelo apenado constitui falta grave, sendo dispens\u00e1vel a per\u00edcia no aparelho apreendido.<\/strong><\/p>\n\n\n\n<p><strong>d) Tanto ao apenado reincidente como ao prim\u00e1rio, condenados na pr\u00e1tica de crime equiparado a hediondo, com resultado morte, \u00e9 vedado o livramento condicional, mas a progress\u00e3o de regime \u00e9 poss\u00edvel para ambos.<\/strong><\/p>\n\n\n\n<p><strong>e) A pr\u00e1tica de falta grave interrompe a contagem do prazo para a progress\u00e3o de regime de cumprimento de pena, e o prazo reinicia-se a partir do cumprimento da san\u00e7\u00e3o aplicada.<\/strong><\/p>\n\n\n\n<p><strong>Coment\u00e1rios<\/strong><\/p>\n\n\n\n<p>A alternativa correta \u00e9 a<strong> letra E.<\/strong><\/p>\n\n\n\n<p>Nos termos da S\u00famula 534-STJ: A pr\u00e1tica de falta grave interrompe a contagem do prazo para a progress\u00e3o de regime de cumprimento de pena, o qual se reinicia a partir do cometimento dessa infra\u00e7\u00e3o.\u00a0<\/p>\n\n\n\n<p><strong>QUEST\u00c3O 64. Assinale a alternativa correta.<\/strong><\/p>\n\n\n\n<p><strong>a) Conforme mat\u00e9ria sumulada no Superior Tribunal de Justi\u00e7a, a incid\u00eancia da atenuante da confiss\u00e3o espont\u00e2nea no crime de tr\u00e1fico il\u00edcito de entorpecentes exige apenas o reconhecimento da posse ou propriedade da droga apreendida.<\/strong><\/p>\n\n\n\n<p><strong>b) A Lei de Drogas n\u00famero n\u00b0 11.343, de 26 de agosto de 2006 trata, essencialmente, de delitos dolosos, n\u00e3o prevendo tipo penal culposo.<\/strong><\/p>\n\n\n\n<p><strong>c) Conforme mat\u00e9ria sumulada pelo Superior Tribunal de Justi\u00e7a, para a incid\u00eancia da majorante prevista no artigo 40, inciso V, da Lei n\u00b0 11.343, de 26 de agosto de 2006 (Artigo 40. As penas previstas nos arts 33 a 37 desta Lei s\u00e3o aumentas de um sexto a dois ter\u00e7os, se: \u2026] Inciso V: caracterizado o tr\u00e1fico entre Estados da Federa\u00e7\u00e3o ou entre estes e o Distrito Federal), \u00e9 necess\u00e1ria a efetiva transposi\u00e7\u00e3o\u2019 de fronteiras entre os Estados da Federa\u00e7\u00e3o, n\u00e3o se exigindo, no entanto, que a droga chegue ao seu destino final.<\/strong><\/p>\n\n\n\n<p><strong>d) De acordo com a Lei n\u00b0 11.343, de 26 de agosto de 2006, o laudo de constata\u00e7\u00e3o da natureza e quantidade da droga, para efeito da lavratura do flagrante, pode ser firmado, na falta do perito oficial, por qualquer pessoa id\u00f4nea, sendo que o perito subscritor do laudo de constata\u00e7\u00e3o n\u00e3o ficar\u00e1 impedido de participar da elabora\u00e7\u00e3o do laudo definitivo.<\/strong><\/p>\n\n\n\n<p><strong>e) N\u00e3o \u00e9 causa de aumento de pena para os crimes previstos no artigo 33 a 37 da Lei n\u00b0 11.343, de 26 de agosto de 2006, a infra\u00e7\u00e3o penal ter sido cometida nas depend\u00eancias ou imedia\u00e7\u00f5es de unidades militares.<\/strong><\/p>\n\n\n\n<p><strong>Coment\u00e1rios<\/strong><\/p>\n\n\n\n<p>A alternativa correta \u00e9 a <strong>letra D.<\/strong><\/p>\n\n\n\n<p>Nos termos do artigo 50, \u00a7\u00a71\u00ba e 2\u00ba, da Lei n. 11.340\/2006: Art. 50. Ocorrendo pris\u00e3o em flagrante, a autoridade de pol\u00edcia judici\u00e1ria far\u00e1, imediatamente, comunica\u00e7\u00e3o ao juiz competente, remetendo-lhe c\u00f3pia do auto lavrado, do qual ser\u00e1 dada vista ao \u00f3rg\u00e3o do Minist\u00e9rio P\u00fablico, em 24 (vinte e quatro) horas.<\/p>\n\n\n\n<p>\u00a71 Para efeito da lavratura do auto de pris\u00e3o em flagrante e estabelecimento da materialidade do delito, \u00e9 suficiente o laudo de constata\u00e7\u00e3o da natureza e quantidade da droga, firmado por perito oficial ou, na falta deste, por pessoa id\u00f4nea.<\/p>\n\n\n\n<p>\u00a7 2 O perito que subscrever o laudo a que se refere o \u00a7 1\u00ba deste artigo n\u00e3o ficar\u00e1 impedido de participar da elabora\u00e7\u00e3o do laudo definitivo.<\/p>\n\n\n\n<p><strong>QUEST\u00c3O 66. A Lei n\u00b0 14.344, de 24 de maio de 2022, conhecida como Lei Henry Borel, cria mecanismos para a preven\u00e7\u00e3o e o enfrentamento da viol\u00eancia dom\u00e9stica e familiar contra crian\u00e7a e adolescente.<\/strong><\/p>\n\n\n\n<p><strong>Assinale a alternativa correta em rela\u00e7\u00e3o a essa Lei.<\/strong><\/p>\n\n\n\n<p><strong>a) Constatada a pr\u00e1tica de viol\u00eancia dom\u00e9stica e familiar contra a crian\u00e7a e o adolescente, o juiz poder\u00e1 determinar ao agressor, de imediato, como medida protetiva de urg\u00eancia, a cassa\u00e7\u00e3o da autoriza\u00e7\u00e3o do porte de arma de fogo.<\/strong><\/p>\n\n\n\n<p><strong>b) Quando praticado o crime previsto no artigo 25, caput, da Lei n\u00b0 14.344 (Descumprir decis\u00e3o judicial que defere medida protetiva de urg\u00eancia prevista nesta Lei: Pena, deten\u00e7\u00e3o, de 3 (tr\u00eas) meses a 2 (dois) anos), na hip\u00f3tese de pris\u00e3o em flagrante, apenas \u00e0 autoridade judicial poder\u00e1 conceder fian\u00e7a.<\/strong><\/p>\n\n\n\n<p><strong>c) O juiz poder\u00e1 determinar ao agressor, ap\u00f3s a oitiva do Minist\u00e9rio P\u00fablico, a veda\u00e7\u00e3o de contato com a v\u00edtima, quando constatada a pr\u00e1tica de viol\u00eancia dom\u00e9stica e familiar contra crian\u00e7a e adolescente.<\/strong><\/p>\n\n\n\n<p><strong>d) Para o crime previsto no artigo 26, caput, da Lei n\u00b0 14.344 (Deixar de comunicar \u00e0 autoridade p\u00fablica a pratica de viol\u00eancia, de tratamento cruel ou degradante ou de formas violentas de educa\u00e7\u00e3o, corre\u00e7\u00e3o e disciplina contra crian\u00e7a ou adolescente ou o abandono de incapaz: Pena \u2013 deten\u00e7\u00e3o, de 6 (seis) meses a 3 (tr\u00eas) anos), n\u00e3o cabe a transa\u00e7\u00e3o penal, mas e permitida legalmente a suspens\u00e3o condicional do processo, mediante a fixa\u00e7\u00e3o de condi\u00e7\u00f5es que protejam a integridade f\u00edsica da crian\u00e7a e\/ou adolescente.<\/strong><\/p>\n\n\n\n<p><strong>e) A determina\u00e7\u00e3o ao agressor de presta\u00e7\u00e3o de alimentos provisionais ou provis\u00f3rios n\u00e3o foi prevista como uma das medidas protetivas de urg\u00eancia em caso de pr\u00e1tica de viol\u00eancia dom\u00e9stica e familiar contra a crian\u00e7a e\/ou adolescente, devendo ser buscada no ju\u00edzo adequado, se for o caso.<\/strong><\/p>\n\n\n\n<p><strong>Coment\u00e1rios<\/strong><\/p>\n\n\n\n<p>A alternativa correta \u00e9 a<strong> letra B.<\/strong><\/p>\n\n\n\n<p>Conforme determina o artigo 25, \u00a72\u00ba, da Lei n. 14.344\/2022: Art. 25. Descumprir decis\u00e3o judicial que defere medida protetiva de urg\u00eancia prevista nesta Lei:<\/p>\n\n\n\n<p>Pena \u2013 deten\u00e7\u00e3o, de 3 (tr\u00eas) meses a 2 (dois) anos<\/p>\n\n\n\n<p>\u00a7 1\u00ba A configura\u00e7\u00e3o do crime independe da compet\u00eancia civil ou criminal do juiz que deferiu a medida.<\/p>\n\n\n\n<p>\u00a7 2\u00ba Na hip\u00f3tese de pris\u00e3o em flagrante, apenas a autoridade judicial poder\u00e1 conceder fian\u00e7a.<\/p>\n\n\n\n<p><strong>QUEST\u00c3O 77. Considere as seguintes afirma\u00e7\u00f5es.<\/strong><\/p>\n\n\n\n<p><strong>I- Aplicam-se aos presos provis\u00f3rios as disposi\u00e7\u00f5es da lei de execu\u00e7\u00f5es penais, vedada, todavia, a progress\u00e3o do regime prisional antes do tr\u00e2nsito em julgado da condena\u00e7\u00e3o para ambas as partes.<\/strong><\/p>\n\n\n\n<p><strong>II \u2013 Segundo entendimento do Supremo Tribunal Federal, a falta de vaga em col\u00f4nia penal obriga a imediata concess\u00e3o de pris\u00e3o domiciliar com monitoramento eletr\u00f4nico, uma vez que ao condenado n\u00e3o se imp\u00f5e o dever de cumprir a pena em regime mais gravoso que aquele estabelecido na senten\u00e7a.<\/strong><\/p>\n\n\n\n<p><strong>III \u2013 O benef\u00edcio da detra\u00e7\u00e3o deve ser reconhecido desde logo pelo juiz de conhecimento quando para beneficiar o r\u00e9u em rela\u00e7\u00e3o ao regime inicial de cumprimento da pena.<\/strong><\/p>\n\n\n\n<p><strong>IV \u2013 Das decis\u00f5es do juiz de execu\u00e7\u00e3o cabe agravo sem efeito suspensivo, que deve ser interposto no prazo de 5 (cinco) dias, acompanhado de raz\u00f5es, diretamente no Tribunal competente.<\/strong><\/p>\n\n\n\n<p><strong>V \u2013 Aplica-se o regime disciplinar diferenciado (RDD) aos presos provis\u00f3rios ou condenados que apresentem alto risco para a ordem e a seguran\u00e7a do estabelecimento penal de origem ou a sociedade.<\/strong><\/p>\n\n\n\n<p><strong>Quais afirma\u00e7\u00f5es est\u00e3o corretas?<\/strong><\/p>\n\n\n\n<p><strong>a) Apenas I e III.<\/strong><\/p>\n\n\n\n<p><strong>b) Apenas II e IV.<\/strong><\/p>\n\n\n\n<p><strong>c) Apenas III e V.<\/strong><\/p>\n\n\n\n<p><strong>d) Apenas II, IV e V.<\/strong><\/p>\n\n\n\n<p><strong>e) Nenhuma das afirma\u00e7\u00f5es est\u00e1 correta.<\/strong><\/p>\n\n\n\n<p><strong>Coment\u00e1rios<\/strong><\/p>\n\n\n\n<p>A alternativa correta \u00e9 a<strong> letra C.<\/strong><\/p>\n\n\n\n<p>A afirmativa III est\u00e1 correta. Nos termos do artigo 387, \u00a72\u00ba, do CPP: Art. 387. O juiz, ao proferir senten\u00e7a condenat\u00f3ria: [\u2026] \u00a7 2\u00ba O tempo de pris\u00e3o provis\u00f3ria, de pris\u00e3o administrativa ou de interna\u00e7\u00e3o, no Brasil ou no estrangeiro, ser\u00e1 computado para fins de determina\u00e7\u00e3o do regime inicial de pena privativa de liberdade.<\/p>\n\n\n\n<p>A afirmativa V est\u00e1 correta. Nos termos do artigo 52, \u00a71\u00ba, da Lei 7.210\/84: \u00a7 1\u00ba O regime disciplinar diferenciado tamb\u00e9m ser\u00e1 aplicado aos presos provis\u00f3rios ou condenados, nacionais ou estrangeiros:\u00a0 I \u2013 que apresentem alto risco para a ordem e a seguran\u00e7a do estabelecimento penal ou da sociedade.<\/p>\n\n\n\n<p class=\"has-text-align-center has-background\" style=\"background:linear-gradient(135deg,rgb(252,185,0) 78%,rgb(255,105,0) 100%)\"><a href=\"https:\/\/cj.estrategia.com\/portal\/concurso-mp-rs-promotor\/\">SAIBA MAIS: Concurso Promotor MP RS<\/a><\/p>\n\n\n\n<h2 class=\"wp-block-heading has-text-align-center\" id=\"h-whatsapp-ecj-nbsp-clique-na-sua-carreira-e-participe\"><span id=\"whatsapp-ecj-clique-na-sua-carreira-e-participe\">Whatsapp ECJ:\u00a0<strong>Clique na sua carreira e PARTICIPE!<\/strong><\/span><\/h2>\n\n\n\n<p>Com o\u00a0<strong>Whatsapp ECJ<\/strong>\u00a0vamos transformar a maneira como os estudantes se preparam para os concursos p\u00fablicos do momento e do futuro. Esta plataforma n\u00e3o apenas oferece suporte para tirar d\u00favidas cruciais, mas tamb\u00e9m fornece dicas valiosas para alcan\u00e7ar o sucesso nas provas, abrangendo todas as \u00e1reas da carreira jur\u00eddica.<\/p>\n\n\n\n<h3 class=\"wp-block-heading\" id=\"h-promotorias\"><span id=\"promotorias\">Promotorias<\/span><\/h3>\n\n\n\n<figure class=\"wp-block-image size-large\"><a href=\"https:\/\/www.redirectmais.com\/run\/promotorias-info\"><img decoding=\"async\" width=\"1024\" height=\"190\" src=\"https:\/\/cj.estrategia.com\/portal\/wp-content\/uploads\/2023\/12\/06120706\/BANNER-CINZA-1-1024x190.jpg\" alt=\"\" class=\"wp-image-51103\" srcset=\"https:\/\/cj.estrategia.com\/portal\/wp-content\/uploads\/2023\/12\/06120706\/BANNER-CINZA-1-1024x190.jpg 1024w, https:\/\/cj.estrategia.com\/portal\/wp-content\/uploads\/2023\/12\/06120706\/BANNER-CINZA-1-300x56.jpg 300w, https:\/\/cj.estrategia.com\/portal\/wp-content\/uploads\/2023\/12\/06120706\/BANNER-CINZA-1-768x143.jpg 768w, https:\/\/cj.estrategia.com\/portal\/wp-content\/uploads\/2023\/12\/06120706\/BANNER-CINZA-1-1536x285.jpg 1536w, https:\/\/cj.estrategia.com\/portal\/wp-content\/uploads\/2023\/12\/06120706\/BANNER-CINZA-1-380x71.jpg 380w, https:\/\/cj.estrategia.com\/portal\/wp-content\/uploads\/2023\/12\/06120706\/BANNER-CINZA-1-800x149.jpg 800w, https:\/\/cj.estrategia.com\/portal\/wp-content\/uploads\/2023\/12\/06120706\/BANNER-CINZA-1-1160x215.jpg 1160w, https:\/\/cj.estrategia.com\/portal\/wp-content\/uploads\/2023\/12\/06120706\/BANNER-CINZA-1-150x28.jpg 150w, https:\/\/cj.estrategia.com\/portal\/wp-content\/uploads\/2023\/12\/06120706\/BANNER-CINZA-1.jpg 1890w\" sizes=\"(max-width: 1024px) 100vw, 1024px\" \/><\/a><\/figure>\n\n\n\n<h2 class=\"wp-block-heading has-text-align-center\" id=\"cursos\"><span id=\"quer-saber-tudo-sobre-concursos-previstosconfira-nossos-artigos\">Quer saber tudo sobre concursos previstos?<br><strong>Confira nossos artigos!<\/strong><\/span><\/h2>\n\n\n\n\n\n<h2 class=\"wp-block-heading has-text-align-center\" id=\"cursos-ficha\"><span id=\"assinatura-carreiras-juridicas\">Assinatura Carreiras Jur\u00eddicas<\/span><\/h2>\n\n\n\n<p class=\"has-text-align-center\">O Estrat\u00e9gia Carreira Jur\u00eddica \u00e9 campe\u00e3o de aprova\u00e7\u00f5es nos concursos para Carreiras Jur\u00eddicas com um corpo docente qualificado e materiais completos. Conhe\u00e7a nossos cursos e garanta sua aprova\u00e7\u00e3o:<\/p>\n\n\n\n\n\n<div class=\"wp-block-cover\" style=\"min-height:155px;aspect-ratio:unset;\"><img decoding=\"async\" width=\"1890\" height=\"351\" class=\"wp-block-cover__image-background wp-image-8669\" alt=\"Assinaturas Jur\u00eddicas\" src=\"https:\/\/cj.estrategia.com\/portal\/wp-content\/uploads\/2022\/06\/20151253\/concurso-carreiras-juridicas-assinatura-juridica.jpg\" style=\"object-position:78% 43%\" data-object-fit=\"cover\" data-object-position=\"78% 43%\" srcset=\"https:\/\/cj.estrategia.com\/portal\/wp-content\/uploads\/2022\/06\/20151253\/concurso-carreiras-juridicas-assinatura-juridica.jpg 1890w, https:\/\/cj.estrategia.com\/portal\/wp-content\/uploads\/2022\/06\/20151253\/concurso-carreiras-juridicas-assinatura-juridica-300x56.jpg 300w, https:\/\/cj.estrategia.com\/portal\/wp-content\/uploads\/2022\/06\/20151253\/concurso-carreiras-juridicas-assinatura-juridica-1024x190.jpg 1024w, https:\/\/cj.estrategia.com\/portal\/wp-content\/uploads\/2022\/06\/20151253\/concurso-carreiras-juridicas-assinatura-juridica-768x143.jpg 768w, https:\/\/cj.estrategia.com\/portal\/wp-content\/uploads\/2022\/06\/20151253\/concurso-carreiras-juridicas-assinatura-juridica-1536x285.jpg 1536w, https:\/\/cj.estrategia.com\/portal\/wp-content\/uploads\/2022\/06\/20151253\/concurso-carreiras-juridicas-assinatura-juridica-380x71.jpg 380w, https:\/\/cj.estrategia.com\/portal\/wp-content\/uploads\/2022\/06\/20151253\/concurso-carreiras-juridicas-assinatura-juridica-800x149.jpg 800w, https:\/\/cj.estrategia.com\/portal\/wp-content\/uploads\/2022\/06\/20151253\/concurso-carreiras-juridicas-assinatura-juridica-1160x215.jpg 1160w\" sizes=\"(max-width: 1890px) 100vw, 1890px\" \/><span aria-hidden=\"true\" class=\"wp-block-cover__background has-background-dim\"><\/span><div class=\"wp-block-cover__inner-container is-layout-flow wp-block-cover-is-layout-flow\">\n<h3 id=\"faca-a-sua-assinatura\" class=\"titulo-assinatura\"><span style=\"color: #ffffff;\">Fa\u00e7a a sua assinatura!<\/span><\/h3>\n<p class=\"subtitulo-assinatura\" style=\"display:block!important; line-height: 0;\"><span style=\"color: #ffffff;\">Escolha a sua \u00e1rea.<\/span><\/p>\n<a target=\"_blank\" href=\"https:\/\/www.estrategiaconcursos.com.br\/assinaturas-ecj\/\" rel=\"noopener\"><button style=\"border-radius: 10px; text-transform: capitalize;\">Acessar<\/button><\/a>\n<\/div><\/div>\n","protected":false},"excerpt":{"rendered":"Ol\u00e1, pessoal, tudo certo?! Em 03\/12\/2023, foi aplicada a prova objetiva do concurso p\u00fablico para Promotor de Justi\u00e7a&hellip;\n","protected":false},"author":12,"featured_media":32079,"comment_status":"open","ping_status":"open","sticky":false,"template":"","format":"standard","meta":{"_jetpack_memberships_contains_paid_content":false,"footnotes":""},"categories":[25],"tags":[],"tax_estado":[53],"class_list":{"0":"post-51303","1":"post","2":"type-post","3":"status-publish","4":"format-standard","5":"has-post-thumbnail","7":"category-promotoria","8":"tax_estado-rs"},"acf":[],"yoast_head":"<!-- This site is optimized with the Yoast SEO Premium plugin v27.5 (Yoast SEO v27.5) - https:\/\/yoast.com\/product\/yoast-seo-premium-wordpress\/ -->\n<title>Prova Comentada Legisla\u00e7\u00e3o Penal Especial MP RS Promotor<\/title>\n<meta name=\"description\" content=\"Prova Comentada Legisla\u00e7\u00e3o Penal Especial MP RS Promotor: Confira aqui os coment\u00e1rios dos nossos professores e tire suas d\u00favidas!\" \/>\n<meta name=\"robots\" content=\"index, follow, max-snippet:-1, max-image-preview:large, max-video-preview:-1\" \/>\n<link rel=\"canonical\" href=\"https:\/\/cj.estrategia.com\/portal\/prova-comentada-legislacao-penal-especial-mp-rs-promotor\/\" \/>\n<meta property=\"og:locale\" content=\"pt_BR\" \/>\n<meta property=\"og:type\" content=\"article\" \/>\n<meta property=\"og:title\" content=\"Prova Comentada Legisla\u00e7\u00e3o Penal Especial MP RS Promotor\" \/>\n<meta property=\"og:description\" content=\"Prova Comentada Legisla\u00e7\u00e3o Penal Especial MP RS Promotor: Confira aqui os coment\u00e1rios dos nossos professores e tire suas d\u00favidas!\" \/>\n<meta property=\"og:url\" content=\"https:\/\/cj.estrategia.com\/portal\/prova-comentada-legislacao-penal-especial-mp-rs-promotor\/\" \/>\n<meta property=\"og:site_name\" content=\"Blog - Carreiras Jur\u00eddicas - Estrat\u00e9gia\" \/>\n<meta property=\"article:publisher\" content=\"https:\/\/www.facebook.com\/estrategiacarreirajuridica\/\" \/>\n<meta property=\"article:published_time\" content=\"2023-12-07T19:19:49+00:00\" \/>\n<meta property=\"article:modified_time\" content=\"2023-12-07T19:19:53+00:00\" \/>\n<meta property=\"og:image\" content=\"https:\/\/cj.estrategia.com\/portal\/wp-content\/uploads\/2022\/10\/24175117\/concurso-mp-rs-promotor-promotorias.jpg\" \/>\n\t<meta property=\"og:image:width\" content=\"960\" \/>\n\t<meta property=\"og:image:height\" content=\"540\" \/>\n\t<meta property=\"og:image:type\" content=\"image\/jpeg\" \/>\n<meta name=\"author\" content=\"Coordena\u00e7\u00e3o\" \/>\n<meta name=\"twitter:card\" content=\"summary_large_image\" \/>\n<meta name=\"twitter:creator\" content=\"@EstratJuridica\" \/>\n<meta name=\"twitter:site\" content=\"@EstratJuridica\" \/>\n<meta name=\"twitter:label1\" content=\"Escrito por\" \/>\n\t<meta name=\"twitter:data1\" content=\"Coordena\u00e7\u00e3o\" \/>\n\t<meta name=\"twitter:label2\" content=\"Est. tempo de leitura\" \/>\n\t<meta name=\"twitter:data2\" content=\"17 minutos\" \/>\n<script type=\"application\/ld+json\" class=\"yoast-schema-graph\">{\"@context\":\"https:\\\/\\\/schema.org\",\"@graph\":[{\"@type\":\"NewsArticle\",\"@id\":\"https:\\\/\\\/cj.estrategia.com\\\/portal\\\/prova-comentada-legislacao-penal-especial-mp-rs-promotor\\\/#article\",\"isPartOf\":{\"@id\":\"https:\\\/\\\/cj.estrategia.com\\\/portal\\\/prova-comentada-legislacao-penal-especial-mp-rs-promotor\\\/\"},\"author\":{\"name\":\"Coordena\u00e7\u00e3o\",\"@id\":\"https:\\\/\\\/cj.estrategia.com\\\/portal\\\/#\\\/schema\\\/person\\\/4d70317d31449932b99102916b6637f5\"},\"headline\":\"Prova Comentada Legisla\u00e7\u00e3o Penal Especial MP RS Promotor\",\"datePublished\":\"2023-12-07T19:19:49+00:00\",\"dateModified\":\"2023-12-07T19:19:53+00:00\",\"mainEntityOfPage\":{\"@id\":\"https:\\\/\\\/cj.estrategia.com\\\/portal\\\/prova-comentada-legislacao-penal-especial-mp-rs-promotor\\\/\"},\"wordCount\":3243,\"commentCount\":0,\"publisher\":{\"@id\":\"https:\\\/\\\/cj.estrategia.com\\\/portal\\\/#organization\"},\"image\":{\"@id\":\"https:\\\/\\\/cj.estrategia.com\\\/portal\\\/prova-comentada-legislacao-penal-especial-mp-rs-promotor\\\/#primaryimage\"},\"thumbnailUrl\":\"https:\\\/\\\/cj.estrategia.com\\\/portal\\\/wp-content\\\/uploads\\\/2022\\\/10\\\/24175117\\\/concurso-mp-rs-promotor-promotorias.jpg\",\"articleSection\":[\"Promotoria\"],\"inLanguage\":\"pt-BR\",\"potentialAction\":[{\"@type\":\"CommentAction\",\"name\":\"Comment\",\"target\":[\"https:\\\/\\\/cj.estrategia.com\\\/portal\\\/prova-comentada-legislacao-penal-especial-mp-rs-promotor\\\/#respond\"]}]},{\"@type\":\"WebPage\",\"@id\":\"https:\\\/\\\/cj.estrategia.com\\\/portal\\\/prova-comentada-legislacao-penal-especial-mp-rs-promotor\\\/\",\"url\":\"https:\\\/\\\/cj.estrategia.com\\\/portal\\\/prova-comentada-legislacao-penal-especial-mp-rs-promotor\\\/\",\"name\":\"Prova Comentada Legisla\u00e7\u00e3o Penal Especial MP RS Promotor\",\"isPartOf\":{\"@id\":\"https:\\\/\\\/cj.estrategia.com\\\/portal\\\/#website\"},\"primaryImageOfPage\":{\"@id\":\"https:\\\/\\\/cj.estrategia.com\\\/portal\\\/prova-comentada-legislacao-penal-especial-mp-rs-promotor\\\/#primaryimage\"},\"image\":{\"@id\":\"https:\\\/\\\/cj.estrategia.com\\\/portal\\\/prova-comentada-legislacao-penal-especial-mp-rs-promotor\\\/#primaryimage\"},\"thumbnailUrl\":\"https:\\\/\\\/cj.estrategia.com\\\/portal\\\/wp-content\\\/uploads\\\/2022\\\/10\\\/24175117\\\/concurso-mp-rs-promotor-promotorias.jpg\",\"datePublished\":\"2023-12-07T19:19:49+00:00\",\"dateModified\":\"2023-12-07T19:19:53+00:00\",\"description\":\"Prova Comentada Legisla\u00e7\u00e3o Penal Especial MP RS Promotor: Confira aqui os coment\u00e1rios dos nossos professores e tire suas d\u00favidas!\",\"breadcrumb\":{\"@id\":\"https:\\\/\\\/cj.estrategia.com\\\/portal\\\/prova-comentada-legislacao-penal-especial-mp-rs-promotor\\\/#breadcrumb\"},\"inLanguage\":\"pt-BR\",\"potentialAction\":[{\"@type\":\"ReadAction\",\"target\":[\"https:\\\/\\\/cj.estrategia.com\\\/portal\\\/prova-comentada-legislacao-penal-especial-mp-rs-promotor\\\/\"]}]},{\"@type\":\"ImageObject\",\"inLanguage\":\"pt-BR\",\"@id\":\"https:\\\/\\\/cj.estrategia.com\\\/portal\\\/prova-comentada-legislacao-penal-especial-mp-rs-promotor\\\/#primaryimage\",\"url\":\"https:\\\/\\\/cj.estrategia.com\\\/portal\\\/wp-content\\\/uploads\\\/2022\\\/10\\\/24175117\\\/concurso-mp-rs-promotor-promotorias.jpg\",\"contentUrl\":\"https:\\\/\\\/cj.estrategia.com\\\/portal\\\/wp-content\\\/uploads\\\/2022\\\/10\\\/24175117\\\/concurso-mp-rs-promotor-promotorias.jpg\",\"width\":960,\"height\":540,\"caption\":\"concurso mp rs promotor\"},{\"@type\":\"BreadcrumbList\",\"@id\":\"https:\\\/\\\/cj.estrategia.com\\\/portal\\\/prova-comentada-legislacao-penal-especial-mp-rs-promotor\\\/#breadcrumb\",\"itemListElement\":[{\"@type\":\"ListItem\",\"position\":1,\"name\":\"In\u00edcio\",\"item\":\"https:\\\/\\\/cj.estrategia.com\\\/portal\\\/\"},{\"@type\":\"ListItem\",\"position\":2,\"name\":\"Prova Comentada Legisla\u00e7\u00e3o Penal Especial MP RS Promotor\"}]},{\"@type\":\"WebSite\",\"@id\":\"https:\\\/\\\/cj.estrategia.com\\\/portal\\\/#website\",\"url\":\"https:\\\/\\\/cj.estrategia.com\\\/portal\\\/\",\"name\":\"Blog - Carreiras Jur\u00eddicas - Estrat\u00e9gia\",\"description\":\"\",\"publisher\":{\"@id\":\"https:\\\/\\\/cj.estrategia.com\\\/portal\\\/#organization\"},\"potentialAction\":[{\"@type\":\"SearchAction\",\"target\":{\"@type\":\"EntryPoint\",\"urlTemplate\":\"https:\\\/\\\/cj.estrategia.com\\\/portal\\\/?s={search_term_string}\"},\"query-input\":{\"@type\":\"PropertyValueSpecification\",\"valueRequired\":true,\"valueName\":\"search_term_string\"}}],\"inLanguage\":\"pt-BR\"},{\"@type\":\"Organization\",\"@id\":\"https:\\\/\\\/cj.estrategia.com\\\/portal\\\/#organization\",\"name\":\"Estrat\u00e9gia - Carreiras Jur\u00eddicas\",\"url\":\"https:\\\/\\\/cj.estrategia.com\\\/portal\\\/\",\"logo\":{\"@type\":\"ImageObject\",\"inLanguage\":\"pt-BR\",\"@id\":\"https:\\\/\\\/cj.estrategia.com\\\/portal\\\/#\\\/schema\\\/logo\\\/image\\\/\",\"url\":\"https:\\\/\\\/cj.estrategia.com\\\/portal\\\/wp-content\\\/uploads\\\/2022\\\/03\\\/11151052\\\/cj-logo.png\",\"contentUrl\":\"https:\\\/\\\/cj.estrategia.com\\\/portal\\\/wp-content\\\/uploads\\\/2022\\\/03\\\/11151052\\\/cj-logo.png\",\"width\":150,\"height\":39,\"caption\":\"Estrat\u00e9gia - Carreiras Jur\u00eddicas\"},\"image\":{\"@id\":\"https:\\\/\\\/cj.estrategia.com\\\/portal\\\/#\\\/schema\\\/logo\\\/image\\\/\"},\"sameAs\":[\"https:\\\/\\\/www.facebook.com\\\/estrategiacarreirajuridica\\\/\",\"https:\\\/\\\/x.com\\\/EstratJuridica\",\"https:\\\/\\\/www.instagram.com\\\/estrategiacarreirajuridica\\\/\",\"https:\\\/\\\/www.youtube.com\\\/channel\\\/UClbMGuYbj2Mh1m3w144ETWQ\"]},{\"@type\":\"Person\",\"@id\":\"https:\\\/\\\/cj.estrategia.com\\\/portal\\\/#\\\/schema\\\/person\\\/4d70317d31449932b99102916b6637f5\",\"name\":\"Coordena\u00e7\u00e3o\",\"image\":{\"@type\":\"ImageObject\",\"inLanguage\":\"pt-BR\",\"@id\":\"https:\\\/\\\/cj.estrategia.com\\\/portal\\\/wp-content\\\/uploads\\\/2022\\\/05\\\/12164923\\\/estrategia-carreira-juridica-coordenacao-96x96.png\",\"url\":\"https:\\\/\\\/cj.estrategia.com\\\/portal\\\/wp-content\\\/uploads\\\/2022\\\/05\\\/12164923\\\/estrategia-carreira-juridica-coordenacao-96x96.png\",\"contentUrl\":\"https:\\\/\\\/cj.estrategia.com\\\/portal\\\/wp-content\\\/uploads\\\/2022\\\/05\\\/12164923\\\/estrategia-carreira-juridica-coordenacao-96x96.png\",\"caption\":\"Coordena\u00e7\u00e3o\"},\"url\":\"https:\\\/\\\/cj.estrategia.com\\\/portal\\\/author\\\/coordenacao\\\/\"}]}<\/script>\n<!-- \/ Yoast SEO Premium plugin. -->","yoast_head_json":{"title":"Prova Comentada Legisla\u00e7\u00e3o Penal Especial MP RS Promotor","description":"Prova Comentada Legisla\u00e7\u00e3o Penal Especial MP RS Promotor: Confira aqui os coment\u00e1rios dos nossos professores e tire suas d\u00favidas!","robots":{"index":"index","follow":"follow","max-snippet":"max-snippet:-1","max-image-preview":"max-image-preview:large","max-video-preview":"max-video-preview:-1"},"canonical":"https:\/\/cj.estrategia.com\/portal\/prova-comentada-legislacao-penal-especial-mp-rs-promotor\/","og_locale":"pt_BR","og_type":"article","og_title":"Prova Comentada Legisla\u00e7\u00e3o Penal Especial MP RS Promotor","og_description":"Prova Comentada Legisla\u00e7\u00e3o Penal Especial MP RS Promotor: Confira aqui os coment\u00e1rios dos nossos professores e tire suas d\u00favidas!","og_url":"https:\/\/cj.estrategia.com\/portal\/prova-comentada-legislacao-penal-especial-mp-rs-promotor\/","og_site_name":"Blog - Carreiras Jur\u00eddicas - Estrat\u00e9gia","article_publisher":"https:\/\/www.facebook.com\/estrategiacarreirajuridica\/","article_published_time":"2023-12-07T19:19:49+00:00","article_modified_time":"2023-12-07T19:19:53+00:00","og_image":[{"width":960,"height":540,"url":"https:\/\/cj.estrategia.com\/portal\/wp-content\/uploads\/2022\/10\/24175117\/concurso-mp-rs-promotor-promotorias.jpg","type":"image\/jpeg"}],"author":"Coordena\u00e7\u00e3o","twitter_card":"summary_large_image","twitter_creator":"@EstratJuridica","twitter_site":"@EstratJuridica","twitter_misc":{"Escrito por":"Coordena\u00e7\u00e3o","Est. tempo de leitura":"17 minutos"},"schema":{"@context":"https:\/\/schema.org","@graph":[{"@type":"NewsArticle","@id":"https:\/\/cj.estrategia.com\/portal\/prova-comentada-legislacao-penal-especial-mp-rs-promotor\/#article","isPartOf":{"@id":"https:\/\/cj.estrategia.com\/portal\/prova-comentada-legislacao-penal-especial-mp-rs-promotor\/"},"author":{"name":"Coordena\u00e7\u00e3o","@id":"https:\/\/cj.estrategia.com\/portal\/#\/schema\/person\/4d70317d31449932b99102916b6637f5"},"headline":"Prova Comentada Legisla\u00e7\u00e3o Penal Especial MP RS Promotor","datePublished":"2023-12-07T19:19:49+00:00","dateModified":"2023-12-07T19:19:53+00:00","mainEntityOfPage":{"@id":"https:\/\/cj.estrategia.com\/portal\/prova-comentada-legislacao-penal-especial-mp-rs-promotor\/"},"wordCount":3243,"commentCount":0,"publisher":{"@id":"https:\/\/cj.estrategia.com\/portal\/#organization"},"image":{"@id":"https:\/\/cj.estrategia.com\/portal\/prova-comentada-legislacao-penal-especial-mp-rs-promotor\/#primaryimage"},"thumbnailUrl":"https:\/\/cj.estrategia.com\/portal\/wp-content\/uploads\/2022\/10\/24175117\/concurso-mp-rs-promotor-promotorias.jpg","articleSection":["Promotoria"],"inLanguage":"pt-BR","potentialAction":[{"@type":"CommentAction","name":"Comment","target":["https:\/\/cj.estrategia.com\/portal\/prova-comentada-legislacao-penal-especial-mp-rs-promotor\/#respond"]}]},{"@type":"WebPage","@id":"https:\/\/cj.estrategia.com\/portal\/prova-comentada-legislacao-penal-especial-mp-rs-promotor\/","url":"https:\/\/cj.estrategia.com\/portal\/prova-comentada-legislacao-penal-especial-mp-rs-promotor\/","name":"Prova Comentada Legisla\u00e7\u00e3o Penal Especial MP RS Promotor","isPartOf":{"@id":"https:\/\/cj.estrategia.com\/portal\/#website"},"primaryImageOfPage":{"@id":"https:\/\/cj.estrategia.com\/portal\/prova-comentada-legislacao-penal-especial-mp-rs-promotor\/#primaryimage"},"image":{"@id":"https:\/\/cj.estrategia.com\/portal\/prova-comentada-legislacao-penal-especial-mp-rs-promotor\/#primaryimage"},"thumbnailUrl":"https:\/\/cj.estrategia.com\/portal\/wp-content\/uploads\/2022\/10\/24175117\/concurso-mp-rs-promotor-promotorias.jpg","datePublished":"2023-12-07T19:19:49+00:00","dateModified":"2023-12-07T19:19:53+00:00","description":"Prova Comentada Legisla\u00e7\u00e3o Penal Especial MP RS Promotor: Confira aqui os coment\u00e1rios dos nossos professores e tire suas d\u00favidas!","breadcrumb":{"@id":"https:\/\/cj.estrategia.com\/portal\/prova-comentada-legislacao-penal-especial-mp-rs-promotor\/#breadcrumb"},"inLanguage":"pt-BR","potentialAction":[{"@type":"ReadAction","target":["https:\/\/cj.estrategia.com\/portal\/prova-comentada-legislacao-penal-especial-mp-rs-promotor\/"]}]},{"@type":"ImageObject","inLanguage":"pt-BR","@id":"https:\/\/cj.estrategia.com\/portal\/prova-comentada-legislacao-penal-especial-mp-rs-promotor\/#primaryimage","url":"https:\/\/cj.estrategia.com\/portal\/wp-content\/uploads\/2022\/10\/24175117\/concurso-mp-rs-promotor-promotorias.jpg","contentUrl":"https:\/\/cj.estrategia.com\/portal\/wp-content\/uploads\/2022\/10\/24175117\/concurso-mp-rs-promotor-promotorias.jpg","width":960,"height":540,"caption":"concurso mp rs promotor"},{"@type":"BreadcrumbList","@id":"https:\/\/cj.estrategia.com\/portal\/prova-comentada-legislacao-penal-especial-mp-rs-promotor\/#breadcrumb","itemListElement":[{"@type":"ListItem","position":1,"name":"In\u00edcio","item":"https:\/\/cj.estrategia.com\/portal\/"},{"@type":"ListItem","position":2,"name":"Prova Comentada Legisla\u00e7\u00e3o Penal Especial MP RS Promotor"}]},{"@type":"WebSite","@id":"https:\/\/cj.estrategia.com\/portal\/#website","url":"https:\/\/cj.estrategia.com\/portal\/","name":"Blog - Carreiras Jur\u00eddicas - Estrat\u00e9gia","description":"","publisher":{"@id":"https:\/\/cj.estrategia.com\/portal\/#organization"},"potentialAction":[{"@type":"SearchAction","target":{"@type":"EntryPoint","urlTemplate":"https:\/\/cj.estrategia.com\/portal\/?s={search_term_string}"},"query-input":{"@type":"PropertyValueSpecification","valueRequired":true,"valueName":"search_term_string"}}],"inLanguage":"pt-BR"},{"@type":"Organization","@id":"https:\/\/cj.estrategia.com\/portal\/#organization","name":"Estrat\u00e9gia - Carreiras Jur\u00eddicas","url":"https:\/\/cj.estrategia.com\/portal\/","logo":{"@type":"ImageObject","inLanguage":"pt-BR","@id":"https:\/\/cj.estrategia.com\/portal\/#\/schema\/logo\/image\/","url":"https:\/\/cj.estrategia.com\/portal\/wp-content\/uploads\/2022\/03\/11151052\/cj-logo.png","contentUrl":"https:\/\/cj.estrategia.com\/portal\/wp-content\/uploads\/2022\/03\/11151052\/cj-logo.png","width":150,"height":39,"caption":"Estrat\u00e9gia - Carreiras Jur\u00eddicas"},"image":{"@id":"https:\/\/cj.estrategia.com\/portal\/#\/schema\/logo\/image\/"},"sameAs":["https:\/\/www.facebook.com\/estrategiacarreirajuridica\/","https:\/\/x.com\/EstratJuridica","https:\/\/www.instagram.com\/estrategiacarreirajuridica\/","https:\/\/www.youtube.com\/channel\/UClbMGuYbj2Mh1m3w144ETWQ"]},{"@type":"Person","@id":"https:\/\/cj.estrategia.com\/portal\/#\/schema\/person\/4d70317d31449932b99102916b6637f5","name":"Coordena\u00e7\u00e3o","image":{"@type":"ImageObject","inLanguage":"pt-BR","@id":"https:\/\/cj.estrategia.com\/portal\/wp-content\/uploads\/2022\/05\/12164923\/estrategia-carreira-juridica-coordenacao-96x96.png","url":"https:\/\/cj.estrategia.com\/portal\/wp-content\/uploads\/2022\/05\/12164923\/estrategia-carreira-juridica-coordenacao-96x96.png","contentUrl":"https:\/\/cj.estrategia.com\/portal\/wp-content\/uploads\/2022\/05\/12164923\/estrategia-carreira-juridica-coordenacao-96x96.png","caption":"Coordena\u00e7\u00e3o"},"url":"https:\/\/cj.estrategia.com\/portal\/author\/coordenacao\/"}]}},"jetpack_featured_media_url":"https:\/\/cj.estrategia.com\/portal\/wp-content\/uploads\/2022\/10\/24175117\/concurso-mp-rs-promotor-promotorias.jpg","jetpack_sharing_enabled":true,"_links":{"self":[{"href":"https:\/\/cj.estrategia.com\/portal\/wp-json\/wp\/v2\/posts\/51303","targetHints":{"allow":["GET"]}}],"collection":[{"href":"https:\/\/cj.estrategia.com\/portal\/wp-json\/wp\/v2\/posts"}],"about":[{"href":"https:\/\/cj.estrategia.com\/portal\/wp-json\/wp\/v2\/types\/post"}],"author":[{"embeddable":true,"href":"https:\/\/cj.estrategia.com\/portal\/wp-json\/wp\/v2\/users\/12"}],"replies":[{"embeddable":true,"href":"https:\/\/cj.estrategia.com\/portal\/wp-json\/wp\/v2\/comments?post=51303"}],"version-history":[{"count":0,"href":"https:\/\/cj.estrategia.com\/portal\/wp-json\/wp\/v2\/posts\/51303\/revisions"}],"wp:featuredmedia":[{"embeddable":true,"href":"https:\/\/cj.estrategia.com\/portal\/wp-json\/wp\/v2\/media\/32079"}],"wp:attachment":[{"href":"https:\/\/cj.estrategia.com\/portal\/wp-json\/wp\/v2\/media?parent=51303"}],"wp:term":[{"taxonomy":"category","embeddable":true,"href":"https:\/\/cj.estrategia.com\/portal\/wp-json\/wp\/v2\/categories?post=51303"},{"taxonomy":"post_tag","embeddable":true,"href":"https:\/\/cj.estrategia.com\/portal\/wp-json\/wp\/v2\/tags?post=51303"},{"taxonomy":"tax_estado","embeddable":true,"href":"https:\/\/cj.estrategia.com\/portal\/wp-json\/wp\/v2\/tax_estado?post=51303"}],"curies":[{"name":"wp","href":"https:\/\/api.w.org\/{rel}","templated":true}]}}