{"id":51018,"date":"2023-12-05T21:20:56","date_gmt":"2023-12-06T00:20:56","guid":{"rendered":"https:\/\/cj.estrategia.com\/portal\/?p=51018"},"modified":"2023-12-05T21:20:59","modified_gmt":"2023-12-06T00:20:59","slug":"prova-comentada-nocoes-de-criminologia-delegado-sp","status":"publish","type":"post","link":"https:\/\/cj.estrategia.com\/portal\/prova-comentada-nocoes-de-criminologia-delegado-sp\/","title":{"rendered":"Prova Comentada No\u00e7\u00f5es de Criminologia Delegado SP"},"content":{"rendered":"\n<p>Ol\u00e1, pessoal, tudo certo?!<\/p>\n\n\n\n<p>Em 03\/012\/2023, foi aplicada a prova objetiva do concurso p\u00fablico para <strong>Delegado de Pol\u00edcia Civil do Estado de S\u00e3o Paulo<\/strong>. Assim que disponibilizados o caderno de provas e gabarito, nosso time de professores analisou cada uma das quest\u00f5es, que, agora, ser\u00e3o apresentadas em nossa <strong>PROVA COMENTADA<\/strong>.<\/p>\n\n\n\n<p>Este material visa a auxili\u00e1-los na aferi\u00e7\u00e3o das notas, elabora\u00e7\u00e3o de eventuais recursos, verifica\u00e7\u00e3o das chances de avan\u00e7o para fase discursiva, bem como na revis\u00e3o do conte\u00fado cobrado no certame.<\/p>\n\n\n\n<p>Desde j\u00e1, destacamos que nosso time de professores identificou uma (1) quest\u00e3o pass\u00edveis de recurso, por apresentarem duas ou nenhuma alternativa correta, como veremos adiante. No tipo de prova comentado, trata-se da quest\u00e3o 73<\/p>\n\n\n\n<p>De modo complementar, elaboramos tamb\u00e9m o <a href=\"https:\/\/cj.estrategia.com\/cadernos-e-simulados\/simulados\/7a060125-537b-4b8b-adbe-3154d0e2c6a9\"><strong>RANKING da PC-SP<\/strong>,<\/a> em que nossos alunos e seguidores poder\u00e3o inserir suas respostas \u00e0 prova, e, ao final, aferir sua nota, de acordo com o gabarito elaborado por nossos professores. Atrav\u00e9s do ranking, tamb\u00e9m poderemos estimar a nota de corte da 1\u00ba fase. Essa ferramenta \u00e9 gratuita e, para participar, basta clicar no link abaixo:<\/p>\n\n\n\n<p>Al\u00e9m disso, montamos um caderno para nossos seguidores, alunos ou n\u00e3o, verem os coment\u00e1rios e comentar as quest\u00f5es da prova: Confira <a href=\"https:\/\/cj.estrategia.com\/cadernos-e-simulados\/cadernos\/0993b6fa-0c7f-45d5-9087-d4345b8740b1\">AQUI!<\/a><\/p>\n\n\n\n<p>Por fim, comentaremos a prova, as quest\u00f5es mais pol\u00eamicas, as possibilidades de recurso, bem como a estimativa da nota de corte no <strong>TERM\u00d4METRO P\u00d3S-PROVA<\/strong>, no nosso canal do Youtube. Inscreva-se e ative as notifica\u00e7\u00f5es! <a href=\"https:\/\/www.youtube.com\/@EstrategiaCarreiraJuridica\"><strong>Estrat\u00e9gia Carreira Jur\u00eddica &#8211; YouTube<\/strong><\/a><\/p>\n\n\n\n<p>No <a href=\"https:\/\/cj.estrategia.com\/portal\/gabarito-extraoficial-concurso-delegado-sp\/\">Gabarito Extraoficial Concurso Delegado SP<\/a> voc\u00ea confere os coment\u00e1rios de todas as disciplinas da prova! <strong>Confira!<\/strong><\/p>\n\n\n\n<h2 class=\"wp-block-heading has-vivid-red-color has-text-color has-link-color wp-elements-ab187129ce6cda51165f5987a84799b7\" id=\"h-prova-comentada-nocoes-de-criminologia\"><span id=\"prova-comentada-nocoes-de-criminologia\">Prova Comentada No\u00e7\u00f5es de Criminologia<\/span><\/h2>\n\n\n\n<p><strong>QUEST\u00c3O 75. Criminologia \u00e9 uma ci\u00eancia que se ocupa do estudo do crime, dentre outros temas relevantes. Diante da premissa exposta, \u00e9 correto afirmar que a Criminologia<\/strong><\/p>\n\n\n\n<p><strong>a) \u00e9 a escolha, pelas autoridades p\u00fablicas, de estrat\u00e9gias jur\u00eddicas de controle social, para a prote\u00e7\u00e3o de um bem jur\u00eddico, a fim de manter as incid\u00eancias criminais em n\u00edveis aceit\u00e1veis.<\/strong><\/p>\n\n\n\n<p><strong>b) aplica os conhecimentos da Medicina para o esclarecimento de fatos de interesse da Justi\u00e7a.<\/strong><\/p>\n\n\n\n<p><strong>c) \u00e9 uma ci\u00eancia interdisciplinar, indutiva e emp\u00edrica.<\/strong><\/p>\n\n\n\n<p><strong>d) \u00e9 uma ci\u00eancia dogm\u00e1tica, enquanto o Direito Penal \u00e9 uma ci\u00eancia zet\u00e9tica.<\/strong><\/p>\n\n\n\n<p><strong>e) dedica-se a elucidar crimes, por meio de busca de vest\u00edgios.<\/strong><\/p>\n\n\n\n<p><strong>Coment\u00e1rios<\/strong><\/p>\n\n\n\n<p>A alternativa correta \u00e9 a <strong>letra C<\/strong>, pois corresponde a defini\u00e7\u00e3o correta da criminologia.<\/p>\n\n\n\n<p>Trata-se de uma ci\u00eancia emp\u00edrica (\u201cser\u201d) e interdisciplinar, que se ocupa do estudo do crime, do criminoso, da v\u00edtima e do controle social, sendo esses os seus objetos de an\u00e1lise (os objetos da criminologia s\u00e3o frequentemente cobrados em prova).<\/p>\n\n\n\n<p>A Criminologia, enquanto ci\u00eancia criminal, influencia diretamente o Direito Penal.<\/p>\n\n\n\n<p>De acordo com Garc\u00eda-Pablos, \u201ca Criminologia \u00e9 uma ci\u00eancia do ser, emp\u00edrica; o Direito, uma ci\u00eancia cultural, do dever ser, normativa. Em consequ\u00eancia, enquanto a primeira se serve de um m\u00e9todo indutivo, emp\u00edrico, baseado na an\u00e1lise e na observa\u00e7\u00e3o da realidade, as disciplinas jur\u00eddicas utilizam um m\u00e9todo l\u00f3gico, abstrato e dedutivo\u201d.<\/p>\n\n\n\n<p>Afirma-se que a criminologia \u00e9 uma ci\u00eancia do \u201cser\u201d uma vez que seu objeto (crime, criminoso, v\u00edtima e controle social) \u00e9 vis\u00edvel no mundo real e n\u00e3o no mundo dos valores, como ocorre com o direito, que \u00e9 uma ci\u00eancia do \u201cdever ser\u201d, portanto, normativa e valorativa.<\/p>\n\n\n\n<p>A alternativa A est\u00e1 incorreta, pois traz a defini\u00e7\u00e3o de \u201cpol\u00edtica criminal\u201d, conceito que trabalha junto com a criminologia, mas que com ela n\u00e3o se confunde.<\/p>\n\n\n\n<p>A alternativa B est\u00e1 incorreta, pois n\u00e3o \u00e9 essa a fun\u00e7\u00e3o da criminologia, mas sim da medicina legal, campo do conhecimento diverso.<\/p>\n\n\n\n<p>A alternativa D est\u00e1 incorreta, pois a criminologia n\u00e3o \u00e9 uma ci\u00eancia dogm\u00e1tica, muito pelo contr\u00e1rio, \u00e9 uma ci\u00eancia que se funda observa\u00e7\u00e3o e experimenta\u00e7\u00e3o, encontrando-se em constantes mudan\u00e7as e subdivis\u00f5es.<\/p>\n\n\n\n<p>A alternativa E est\u00e1 incorreta, pois a criminologia n\u00e3o se dedica a elucidar crimes, mas em compreender o fen\u00f4meno criminoso e todos os seus atores e as suas nuances, ficando a elucida\u00e7\u00e3o de crimes por meio da busca de vest\u00edgios ao direito penal e processual penal, com o apoio cient\u00edfico da medicina legal.<\/p>\n\n\n\n<p><strong>QUEST\u00c3O 76. Trata-se de um estado psicol\u00f3gico em que as v\u00edtimas assumem postura de desobedi\u00eancia e de enfrentamento a intimida\u00e7\u00f5es de seus agressores, por quem sentem desprezo e repulsa. Por vezes, como consequ\u00eancia da rebeldia, as v\u00edtimas acabam por serem feridas ou assassinadas, como forma de demonstra\u00e7\u00e3o de for\u00e7a por parte dos agressores. Assinale a alternativa que corresponde corretamente ao enunciado acima exposto.<\/strong><\/p>\n\n\n\n<p><strong>a) Transtorno de Jerusal\u00e9m.<\/strong><\/p>\n\n\n\n<p><strong>b) S\u00edndrome da Mulher de Potifar.<\/strong><\/p>\n\n\n\n<p><strong>c) S\u00edndrome de Londres.<\/strong><\/p>\n\n\n\n<p><strong>d) S\u00edndrome de Lima.<\/strong><\/p>\n\n\n\n<p><strong>e) S\u00edndrome de Estocolmo.<\/strong><\/p>\n\n\n\n<p><strong>Coment\u00e1rios<\/strong><\/p>\n\n\n\n<p>A alternativa correta \u00e9 a <strong>letra C<\/strong>. Na chamada \u201cS\u00edndrome de Londres\u201d, a v\u00edtima passa a nutrir certo \u00f3dio pelos seus algozes, gerando uma antipatia e, consequentemente, at\u00e9 mesmo a sua morte.<\/p>\n\n\n\n<p>A denomina\u00e7\u00e3o \u201cS\u00edndrome de Londres\u201d surgiu ap\u00f3s o ocorrido na Embaixada Iraniana, localizada na cidade de Londres, onde seis terroristas \u00e1rabes iranianos tomaram como ref\u00e9ns dezesseis diplomatas e funcion\u00e1rios iranianos, tr\u00eas cidad\u00e3os brit\u00e2nicos e um liban\u00eas, durante o per\u00edodo de 30 de abril a 5 de maio de 1980.<\/p>\n\n\n\n<p>No grupo de ref\u00e9ns, havia um funcion\u00e1rio iraniano chamado <em>Abbas Lavasani<\/em>, que discutia, com frequ\u00eancia, com os terroristas dizendo que jamais se dedicaria ao Aiatol\u00e1 e que seu compromisso era com a justi\u00e7a da revolu\u00e7\u00e3o isl\u00e2mica.<\/p>\n\n\n\n<p>O clima entre <em>Lavasani<\/em> e os terroristas era o pior poss\u00edvel at\u00e9 que, em determinado momento do sequestro, quando decidiram que um dos ref\u00e9ns deveria ser morto para que acreditassem nas suas amea\u00e7as, os sequestradores escolheram <em>Lavasini<\/em> e o executaram (GONZAGA, Christiano. Manual de Criminologia. 1\u00aa. Edi\u00e7\u00e3o. 2018. S\u00e3o Paulo: Editora Saraiva. p. 145).<\/p>\n\n\n\n<p>Historicamente falando, esse fen\u00f4meno ocorreu em Londres no in\u00edcio da d\u00e9cada de 90.<\/p>\n\n\n\n<p>A alternativa A est\u00e1 incorreta, pois o \u201cTranstorno de Jerusal\u00e9m\u201d pode ser definido como um conjunto de transtornos mentais, que envolvem a obsessiva ideia acerca de tem\u00e1ticas religiosas, dentre outros del\u00edrios e ideias psic\u00f3ticas, que se originam no indiv\u00edduo ap\u00f3s ele realizar uma visita \u00e0 cidade de Jerusal\u00e9m.<\/p>\n\n\n\n<p>A alternativa B est\u00e1 incorreta, pois essa s\u00edndrome traduz a figura criminol\u00f3gica a mulher que rejeitada afetivamente, imputa falsamente a quem a ignorou o delito de estupro ou outra conduta ofensiva \u00e0 dignidade sexual.<\/p>\n\n\n\n<p>Tal s\u00edndrome consiste na simbologia traduzida pela B\u00edblia quando Jos\u00e9 foi vendido como escravo para o capit\u00e3o Potifar e negou-se a deitar com a mulher deste. Tal negativa acendeu a ira da mulher de Potifar e fez com que esta acusasse Jos\u00e9 de ter tentado violent\u00e1-la sexualmente. A an\u00e1lise desse epis\u00f3dio demonstra que houve uma prova forjada de um suposto crime de estupro (GONZAGA, Christiano. Manual de Criminologia. 1\u00aa. Edi\u00e7\u00e3o. 2018. S\u00e3o Paulo: Editora Saraiva. p. 145).<\/p>\n\n\n\n<p>A alternativa D est\u00e1 incorreta, pois na \u201cS\u00edndrome de Lima\u201d ocorre justamente o inverso do que ocorre na \u201cS\u00edndrome de Estocolmo\u201d, isto \u00e9, o sequestrador passa a nutrir empatia ou afeto em rela\u00e7\u00e3o \u00e0 v\u00edtima.<\/p>\n\n\n\n<p>A alternativa E est\u00e1 incorreta, pois esta s\u00edndrome, conceitualmente falando, foi revelada pelo Nils Bejerot, conceituado psic\u00f3logo e crimin\u00f3logo.&nbsp; Trata-se de uma s\u00edndrome em que a v\u00edtima passa a nutrir certa afei\u00e7\u00e3o pelo sequestrador por motivo de sobreviv\u00eancia. Em raz\u00e3o de estar cerceada na sua liberdade e de apenas ter o conv\u00edvio do sequestrador, a v\u00edtima somente tem uma sa\u00edda que \u00e9 relacionar-se de forma afetuosa com ele, tentando dessa forma obter a sua compaix\u00e3o (GONZAGA, Christiano. Manual de Criminologia. 1\u00aa. Edi\u00e7\u00e3o. 2018. S\u00e3o Paulo: Editora Saraiva. p. 148).<\/p>\n\n\n\n<p><strong>QUEST\u00c3O 77. Em um Estado Democr\u00e1tico de Direito, as pol\u00edticas p\u00fablicas de educa\u00e7\u00e3o, habita\u00e7\u00e3o e sa\u00fade devem ser amplamente implantadas em detrimento de medidas penais de encarceramento, com o objetivo de impedir a pr\u00e1tica de delitos, bem como sua reincid\u00eancia. A Preven\u00e7\u00e3o Criminal<\/strong><\/p>\n\n\n\n<p><strong>a) Prim\u00e1ria \u00e9 voltada para as causas da pr\u00e1tica do delito.<\/strong><\/p>\n\n\n\n<p><strong>b) Direta atua nas causas que resultam na delinqu\u00eancia.<\/strong><\/p>\n\n\n\n<p><strong>c) Indireta atua no crime que est\u00e1 prestes a ocorrer.<\/strong><\/p>\n\n\n\n<p><strong>d) Terci\u00e1ria \u00e9 voltada \u00e0s oportunidades para o cometimento de um crime.<\/strong><\/p>\n\n\n\n<p><strong>e) Secund\u00e1ria \u00e9 voltada para o condenado, o preso e o egresso.<\/strong><\/p>\n\n\n\n<p><strong>Coment\u00e1rios<\/strong><\/p>\n\n\n\n<p>A alternativa correta \u00e9 a <strong>letra A<\/strong>.<\/p>\n\n\n\n<p>Os programas de m\u00e9dio\/longo prazo que tratam de resolver as situa\u00e7\u00f5es car\u00eancias crimin\u00f3genas se classificam como preven\u00e7\u00e3o prim\u00e1ria, assim, nessa perspectiva, promovem \u2013 entre outras a\u00e7\u00f5es sociais \u2013 educa\u00e7\u00e3o, sa\u00fade, trabalho e qualidade de vida \u00e0 popula\u00e7\u00e3o, visando evitar atuar nas ra\u00edzes (causas) do processos de criminaliza\u00e7\u00e3o.<\/p>\n\n\n\n<p>A alternativa B est\u00e1 incorreta, pois a preven\u00e7\u00e3o criminal direta pressup\u00f5es a afirma\u00e7\u00e3o do direito penal (poder punitivo do Estado) atrav\u00e9s da repress\u00e3o, o que atua nas consequ\u00eancias e n\u00e3o nas causas da delinqu\u00eancia.<\/p>\n\n\n\n<p>A alternativa C est\u00e1 incorreta, pois a preven\u00e7\u00e3o criminal indireta, que se aproxima da defini\u00e7\u00e3o conceitual da preven\u00e7\u00e3o prim\u00e1ria, n\u00e3o atua no crime que est\u00e1 prestes a ocorrer, mas sim atua modo a dissuadir no m\u00e9dio e longo prazo pessoas que potencialmente poderiam aderir \u00e0 delinqu\u00eancia.<\/p>\n\n\n\n<p>A alternativa D est\u00e1 incorreta, pois a preven\u00e7\u00e3o terci\u00e1ria se destina ao apenado, objetivando principalmente evitar a reincid\u00eancia desse sujeito.<\/p>\n\n\n\n<p>Ent\u00e3o, somente haver\u00e1 sua incid\u00eancia ap\u00f3s a pr\u00e1tica do crime, revelando car\u00e1ter punitivo e ressocializante.<\/p>\n\n\n\n<p>A alternativa E est\u00e1 incorreta, pois a utiliza\u00e7\u00e3o do policiamento ostensivo, a interven\u00e7\u00e3o urbana e a interven\u00e7\u00e3o nos meios de comunica\u00e7\u00e3o \u00e9 que se classificam como preven\u00e7\u00e3o secund\u00e1ria, sendo medidas, em geral, de curto prazo. Ilustra-se com programas de preven\u00e7\u00e3o policial, de controle dos meios de comunica\u00e7\u00e3o e de ordena\u00e7\u00e3o urbana.<\/p>\n\n\n\n<p><\/p>\n\n\n\n<p class=\"has-text-align-center has-black-color has-luminous-vivid-amber-to-luminous-vivid-orange-gradient-background has-text-color has-background has-medium-font-size\"><strong><a href=\"https:\/\/cj.estrategia.com\/portal\/concurso-delegado-sp\/\">SAIBA MAIS: Concurso Delegado SP<\/a><\/strong><\/p>\n\n\n\n<h2 class=\"wp-block-heading has-text-align-center\" id=\"cursos\"><span id=\"quer-saber-tudo-sobre-concursos-previstosconfira-nossos-artigos\">Quer saber tudo sobre concursos previstos?<br>Confira nossos artigos!<\/span><\/h2>\n\n\n\n\n\n<h2 class=\"wp-block-heading has-text-align-center\" id=\"curso\"><span id=\"cursos-para-o-concurso-pc-sp\">Cursos para o concurso PC SP<\/span><\/h2>\n\n\n\n<div class=\"wp-block-cover\" style=\"min-height:155px;aspect-ratio:unset;\"><img decoding=\"async\" width=\"1890\" height=\"351\" class=\"wp-block-cover__image-background wp-image-8669\" alt=\"Assinaturas Jur\u00eddicas\" src=\"https:\/\/cj.estrategia.com\/portal\/wp-content\/uploads\/2022\/06\/20151253\/concurso-carreiras-juridicas-assinatura-juridica.jpg\" style=\"object-position:78% 43%\" data-object-fit=\"cover\" data-object-position=\"78% 43%\" srcset=\"https:\/\/cj.estrategia.com\/portal\/wp-content\/uploads\/2022\/06\/20151253\/concurso-carreiras-juridicas-assinatura-juridica.jpg 1890w, https:\/\/cj.estrategia.com\/portal\/wp-content\/uploads\/2022\/06\/20151253\/concurso-carreiras-juridicas-assinatura-juridica-300x56.jpg 300w, https:\/\/cj.estrategia.com\/portal\/wp-content\/uploads\/2022\/06\/20151253\/concurso-carreiras-juridicas-assinatura-juridica-1024x190.jpg 1024w, https:\/\/cj.estrategia.com\/portal\/wp-content\/uploads\/2022\/06\/20151253\/concurso-carreiras-juridicas-assinatura-juridica-768x143.jpg 768w, https:\/\/cj.estrategia.com\/portal\/wp-content\/uploads\/2022\/06\/20151253\/concurso-carreiras-juridicas-assinatura-juridica-1536x285.jpg 1536w, https:\/\/cj.estrategia.com\/portal\/wp-content\/uploads\/2022\/06\/20151253\/concurso-carreiras-juridicas-assinatura-juridica-380x71.jpg 380w, https:\/\/cj.estrategia.com\/portal\/wp-content\/uploads\/2022\/06\/20151253\/concurso-carreiras-juridicas-assinatura-juridica-800x149.jpg 800w, https:\/\/cj.estrategia.com\/portal\/wp-content\/uploads\/2022\/06\/20151253\/concurso-carreiras-juridicas-assinatura-juridica-1160x215.jpg 1160w\" sizes=\"(max-width: 1890px) 100vw, 1890px\" \/><span aria-hidden=\"true\" class=\"wp-block-cover__background has-background-dim\"><\/span><div class=\"wp-block-cover__inner-container is-layout-flow wp-block-cover-is-layout-flow\">\n<h3 id=\"faca-a-sua-assinatura\" class=\"titulo-assinatura\"><span style=\"color: #ffffff;\">Fa\u00e7a a sua assinatura!<\/span><\/h3>\n<p class=\"subtitulo-assinatura\" style=\"display:block!important; line-height: 0;\"><span style=\"color: #ffffff;\">Escolha a sua \u00e1rea.<\/span><\/p>\n<a target=\"_blank\" href=\"https:\/\/www.estrategiaconcursos.com.br\/assinaturas-ecj\/\" rel=\"noopener\"><button style=\"border-radius: 10px; text-transform: capitalize;\">Acessar<\/button><\/a>\n<\/div><\/div>\n\n\n\n\n\n<p><\/p>\n","protected":false},"excerpt":{"rendered":"Ol\u00e1, pessoal, tudo certo?! Em 03\/012\/2023, foi aplicada a prova objetiva do concurso p\u00fablico para Delegado de Pol\u00edcia&hellip;\n","protected":false},"author":12,"featured_media":20797,"comment_status":"open","ping_status":"open","sticky":false,"template":"","format":"standard","meta":{"_jetpack_memberships_contains_paid_content":false,"footnotes":""},"categories":[28],"tags":[],"tax_estado":[56],"class_list":{"0":"post-51018","1":"post","2":"type-post","3":"status-publish","4":"format-standard","5":"has-post-thumbnail","7":"category-delegado","8":"tax_estado-sp"},"acf":[],"yoast_head":"<!-- This site is optimized with the Yoast SEO Premium plugin v27.4 (Yoast SEO v27.4) - https:\/\/yoast.com\/product\/yoast-seo-premium-wordpress\/ -->\n<title>Prova Comentada No\u00e7\u00f5es de Criminologia Delegado SP<\/title>\n<meta name=\"description\" content=\"Prova Comentada No\u00e7\u00f5es de Criminologia Delegado SP: confira AQUI os coment\u00e1rios dos professores e tire suas d\u00favidas!\" \/>\n<meta name=\"robots\" content=\"index, follow, max-snippet:-1, max-image-preview:large, max-video-preview:-1\" \/>\n<link rel=\"canonical\" href=\"https:\/\/cj.estrategia.com\/portal\/prova-comentada-nocoes-de-criminologia-delegado-sp\/\" \/>\n<meta property=\"og:locale\" content=\"pt_BR\" \/>\n<meta property=\"og:type\" content=\"article\" \/>\n<meta property=\"og:title\" content=\"Prova Comentada No\u00e7\u00f5es de Criminologia Delegado SP\" \/>\n<meta property=\"og:description\" content=\"Prova Comentada No\u00e7\u00f5es de Criminologia Delegado SP: confira AQUI os coment\u00e1rios dos professores e tire suas d\u00favidas!\" \/>\n<meta property=\"og:url\" content=\"https:\/\/cj.estrategia.com\/portal\/prova-comentada-nocoes-de-criminologia-delegado-sp\/\" \/>\n<meta property=\"og:site_name\" content=\"Blog - Carreiras Jur\u00eddicas - Estrat\u00e9gia\" \/>\n<meta property=\"article:publisher\" content=\"https:\/\/www.facebook.com\/estrategiacarreirajuridica\/\" \/>\n<meta property=\"article:published_time\" content=\"2023-12-06T00:20:56+00:00\" \/>\n<meta property=\"article:modified_time\" content=\"2023-12-06T00:20:59+00:00\" \/>\n<meta property=\"og:image\" content=\"https:\/\/cj.estrategia.com\/portal\/wp-content\/uploads\/2022\/09\/04103338\/DELEGADO-SP.jpg\" \/>\n\t<meta property=\"og:image:width\" content=\"768\" \/>\n\t<meta property=\"og:image:height\" content=\"432\" \/>\n\t<meta property=\"og:image:type\" content=\"image\/jpeg\" \/>\n<meta name=\"author\" content=\"Coordena\u00e7\u00e3o\" \/>\n<meta name=\"twitter:card\" content=\"summary_large_image\" \/>\n<meta name=\"twitter:creator\" content=\"@EstratJuridica\" \/>\n<meta name=\"twitter:site\" content=\"@EstratJuridica\" \/>\n<meta name=\"twitter:label1\" content=\"Escrito por\" \/>\n\t<meta name=\"twitter:data1\" content=\"Coordena\u00e7\u00e3o\" \/>\n\t<meta name=\"twitter:label2\" content=\"Est. tempo de leitura\" \/>\n\t<meta name=\"twitter:data2\" content=\"9 minutos\" \/>\n<script type=\"application\/ld+json\" class=\"yoast-schema-graph\">{\"@context\":\"https:\\\/\\\/schema.org\",\"@graph\":[{\"@type\":\"NewsArticle\",\"@id\":\"https:\\\/\\\/cj.estrategia.com\\\/portal\\\/prova-comentada-nocoes-de-criminologia-delegado-sp\\\/#article\",\"isPartOf\":{\"@id\":\"https:\\\/\\\/cj.estrategia.com\\\/portal\\\/prova-comentada-nocoes-de-criminologia-delegado-sp\\\/\"},\"author\":{\"name\":\"Coordena\u00e7\u00e3o\",\"@id\":\"https:\\\/\\\/cj.estrategia.com\\\/portal\\\/#\\\/schema\\\/person\\\/4d70317d31449932b99102916b6637f5\"},\"headline\":\"Prova Comentada No\u00e7\u00f5es de Criminologia Delegado SP\",\"datePublished\":\"2023-12-06T00:20:56+00:00\",\"dateModified\":\"2023-12-06T00:20:59+00:00\",\"mainEntityOfPage\":{\"@id\":\"https:\\\/\\\/cj.estrategia.com\\\/portal\\\/prova-comentada-nocoes-de-criminologia-delegado-sp\\\/\"},\"wordCount\":1736,\"commentCount\":0,\"publisher\":{\"@id\":\"https:\\\/\\\/cj.estrategia.com\\\/portal\\\/#organization\"},\"image\":{\"@id\":\"https:\\\/\\\/cj.estrategia.com\\\/portal\\\/prova-comentada-nocoes-de-criminologia-delegado-sp\\\/#primaryimage\"},\"thumbnailUrl\":\"https:\\\/\\\/cj.estrategia.com\\\/portal\\\/wp-content\\\/uploads\\\/2022\\\/09\\\/04103338\\\/DELEGADO-SP.jpg\",\"articleSection\":[\"Delegado\"],\"inLanguage\":\"pt-BR\",\"potentialAction\":[{\"@type\":\"CommentAction\",\"name\":\"Comment\",\"target\":[\"https:\\\/\\\/cj.estrategia.com\\\/portal\\\/prova-comentada-nocoes-de-criminologia-delegado-sp\\\/#respond\"]}]},{\"@type\":\"WebPage\",\"@id\":\"https:\\\/\\\/cj.estrategia.com\\\/portal\\\/prova-comentada-nocoes-de-criminologia-delegado-sp\\\/\",\"url\":\"https:\\\/\\\/cj.estrategia.com\\\/portal\\\/prova-comentada-nocoes-de-criminologia-delegado-sp\\\/\",\"name\":\"Prova Comentada No\u00e7\u00f5es de Criminologia Delegado SP\",\"isPartOf\":{\"@id\":\"https:\\\/\\\/cj.estrategia.com\\\/portal\\\/#website\"},\"primaryImageOfPage\":{\"@id\":\"https:\\\/\\\/cj.estrategia.com\\\/portal\\\/prova-comentada-nocoes-de-criminologia-delegado-sp\\\/#primaryimage\"},\"image\":{\"@id\":\"https:\\\/\\\/cj.estrategia.com\\\/portal\\\/prova-comentada-nocoes-de-criminologia-delegado-sp\\\/#primaryimage\"},\"thumbnailUrl\":\"https:\\\/\\\/cj.estrategia.com\\\/portal\\\/wp-content\\\/uploads\\\/2022\\\/09\\\/04103338\\\/DELEGADO-SP.jpg\",\"datePublished\":\"2023-12-06T00:20:56+00:00\",\"dateModified\":\"2023-12-06T00:20:59+00:00\",\"description\":\"Prova Comentada No\u00e7\u00f5es de Criminologia Delegado SP: confira AQUI os coment\u00e1rios dos professores e tire suas d\u00favidas!\",\"breadcrumb\":{\"@id\":\"https:\\\/\\\/cj.estrategia.com\\\/portal\\\/prova-comentada-nocoes-de-criminologia-delegado-sp\\\/#breadcrumb\"},\"inLanguage\":\"pt-BR\",\"potentialAction\":[{\"@type\":\"ReadAction\",\"target\":[\"https:\\\/\\\/cj.estrategia.com\\\/portal\\\/prova-comentada-nocoes-de-criminologia-delegado-sp\\\/\"]}]},{\"@type\":\"ImageObject\",\"inLanguage\":\"pt-BR\",\"@id\":\"https:\\\/\\\/cj.estrategia.com\\\/portal\\\/prova-comentada-nocoes-de-criminologia-delegado-sp\\\/#primaryimage\",\"url\":\"https:\\\/\\\/cj.estrategia.com\\\/portal\\\/wp-content\\\/uploads\\\/2022\\\/09\\\/04103338\\\/DELEGADO-SP.jpg\",\"contentUrl\":\"https:\\\/\\\/cj.estrategia.com\\\/portal\\\/wp-content\\\/uploads\\\/2022\\\/09\\\/04103338\\\/DELEGADO-SP.jpg\",\"width\":768,\"height\":432,\"caption\":\"Concurso delegado SP\"},{\"@type\":\"BreadcrumbList\",\"@id\":\"https:\\\/\\\/cj.estrategia.com\\\/portal\\\/prova-comentada-nocoes-de-criminologia-delegado-sp\\\/#breadcrumb\",\"itemListElement\":[{\"@type\":\"ListItem\",\"position\":1,\"name\":\"In\u00edcio\",\"item\":\"https:\\\/\\\/cj.estrategia.com\\\/portal\\\/\"},{\"@type\":\"ListItem\",\"position\":2,\"name\":\"Prova Comentada No\u00e7\u00f5es de Criminologia Delegado SP\"}]},{\"@type\":\"WebSite\",\"@id\":\"https:\\\/\\\/cj.estrategia.com\\\/portal\\\/#website\",\"url\":\"https:\\\/\\\/cj.estrategia.com\\\/portal\\\/\",\"name\":\"Blog - Carreiras Jur\u00eddicas - Estrat\u00e9gia\",\"description\":\"\",\"publisher\":{\"@id\":\"https:\\\/\\\/cj.estrategia.com\\\/portal\\\/#organization\"},\"potentialAction\":[{\"@type\":\"SearchAction\",\"target\":{\"@type\":\"EntryPoint\",\"urlTemplate\":\"https:\\\/\\\/cj.estrategia.com\\\/portal\\\/?s={search_term_string}\"},\"query-input\":{\"@type\":\"PropertyValueSpecification\",\"valueRequired\":true,\"valueName\":\"search_term_string\"}}],\"inLanguage\":\"pt-BR\"},{\"@type\":\"Organization\",\"@id\":\"https:\\\/\\\/cj.estrategia.com\\\/portal\\\/#organization\",\"name\":\"Estrat\u00e9gia - Carreiras Jur\u00eddicas\",\"url\":\"https:\\\/\\\/cj.estrategia.com\\\/portal\\\/\",\"logo\":{\"@type\":\"ImageObject\",\"inLanguage\":\"pt-BR\",\"@id\":\"https:\\\/\\\/cj.estrategia.com\\\/portal\\\/#\\\/schema\\\/logo\\\/image\\\/\",\"url\":\"https:\\\/\\\/cj.estrategia.com\\\/portal\\\/wp-content\\\/uploads\\\/2022\\\/03\\\/11151052\\\/cj-logo.png\",\"contentUrl\":\"https:\\\/\\\/cj.estrategia.com\\\/portal\\\/wp-content\\\/uploads\\\/2022\\\/03\\\/11151052\\\/cj-logo.png\",\"width\":150,\"height\":39,\"caption\":\"Estrat\u00e9gia - Carreiras Jur\u00eddicas\"},\"image\":{\"@id\":\"https:\\\/\\\/cj.estrategia.com\\\/portal\\\/#\\\/schema\\\/logo\\\/image\\\/\"},\"sameAs\":[\"https:\\\/\\\/www.facebook.com\\\/estrategiacarreirajuridica\\\/\",\"https:\\\/\\\/x.com\\\/EstratJuridica\",\"https:\\\/\\\/www.instagram.com\\\/estrategiacarreirajuridica\\\/\",\"https:\\\/\\\/www.youtube.com\\\/channel\\\/UClbMGuYbj2Mh1m3w144ETWQ\"]},{\"@type\":\"Person\",\"@id\":\"https:\\\/\\\/cj.estrategia.com\\\/portal\\\/#\\\/schema\\\/person\\\/4d70317d31449932b99102916b6637f5\",\"name\":\"Coordena\u00e7\u00e3o\",\"image\":{\"@type\":\"ImageObject\",\"inLanguage\":\"pt-BR\",\"@id\":\"https:\\\/\\\/cj.estrategia.com\\\/portal\\\/wp-content\\\/uploads\\\/2022\\\/05\\\/12164923\\\/estrategia-carreira-juridica-coordenacao-96x96.png\",\"url\":\"https:\\\/\\\/cj.estrategia.com\\\/portal\\\/wp-content\\\/uploads\\\/2022\\\/05\\\/12164923\\\/estrategia-carreira-juridica-coordenacao-96x96.png\",\"contentUrl\":\"https:\\\/\\\/cj.estrategia.com\\\/portal\\\/wp-content\\\/uploads\\\/2022\\\/05\\\/12164923\\\/estrategia-carreira-juridica-coordenacao-96x96.png\",\"caption\":\"Coordena\u00e7\u00e3o\"},\"url\":\"https:\\\/\\\/cj.estrategia.com\\\/portal\\\/author\\\/coordenacao\\\/\"}]}<\/script>\n<!-- \/ Yoast SEO Premium plugin. -->","yoast_head_json":{"title":"Prova Comentada No\u00e7\u00f5es de Criminologia Delegado SP","description":"Prova Comentada No\u00e7\u00f5es de Criminologia Delegado SP: confira AQUI os coment\u00e1rios dos professores e tire suas d\u00favidas!","robots":{"index":"index","follow":"follow","max-snippet":"max-snippet:-1","max-image-preview":"max-image-preview:large","max-video-preview":"max-video-preview:-1"},"canonical":"https:\/\/cj.estrategia.com\/portal\/prova-comentada-nocoes-de-criminologia-delegado-sp\/","og_locale":"pt_BR","og_type":"article","og_title":"Prova Comentada No\u00e7\u00f5es de Criminologia Delegado SP","og_description":"Prova Comentada No\u00e7\u00f5es de Criminologia Delegado SP: confira AQUI os coment\u00e1rios dos professores e tire suas d\u00favidas!","og_url":"https:\/\/cj.estrategia.com\/portal\/prova-comentada-nocoes-de-criminologia-delegado-sp\/","og_site_name":"Blog - Carreiras Jur\u00eddicas - Estrat\u00e9gia","article_publisher":"https:\/\/www.facebook.com\/estrategiacarreirajuridica\/","article_published_time":"2023-12-06T00:20:56+00:00","article_modified_time":"2023-12-06T00:20:59+00:00","og_image":[{"width":768,"height":432,"url":"https:\/\/cj.estrategia.com\/portal\/wp-content\/uploads\/2022\/09\/04103338\/DELEGADO-SP.jpg","type":"image\/jpeg"}],"author":"Coordena\u00e7\u00e3o","twitter_card":"summary_large_image","twitter_creator":"@EstratJuridica","twitter_site":"@EstratJuridica","twitter_misc":{"Escrito por":"Coordena\u00e7\u00e3o","Est. tempo de leitura":"9 minutos"},"schema":{"@context":"https:\/\/schema.org","@graph":[{"@type":"NewsArticle","@id":"https:\/\/cj.estrategia.com\/portal\/prova-comentada-nocoes-de-criminologia-delegado-sp\/#article","isPartOf":{"@id":"https:\/\/cj.estrategia.com\/portal\/prova-comentada-nocoes-de-criminologia-delegado-sp\/"},"author":{"name":"Coordena\u00e7\u00e3o","@id":"https:\/\/cj.estrategia.com\/portal\/#\/schema\/person\/4d70317d31449932b99102916b6637f5"},"headline":"Prova Comentada No\u00e7\u00f5es de Criminologia Delegado SP","datePublished":"2023-12-06T00:20:56+00:00","dateModified":"2023-12-06T00:20:59+00:00","mainEntityOfPage":{"@id":"https:\/\/cj.estrategia.com\/portal\/prova-comentada-nocoes-de-criminologia-delegado-sp\/"},"wordCount":1736,"commentCount":0,"publisher":{"@id":"https:\/\/cj.estrategia.com\/portal\/#organization"},"image":{"@id":"https:\/\/cj.estrategia.com\/portal\/prova-comentada-nocoes-de-criminologia-delegado-sp\/#primaryimage"},"thumbnailUrl":"https:\/\/cj.estrategia.com\/portal\/wp-content\/uploads\/2022\/09\/04103338\/DELEGADO-SP.jpg","articleSection":["Delegado"],"inLanguage":"pt-BR","potentialAction":[{"@type":"CommentAction","name":"Comment","target":["https:\/\/cj.estrategia.com\/portal\/prova-comentada-nocoes-de-criminologia-delegado-sp\/#respond"]}]},{"@type":"WebPage","@id":"https:\/\/cj.estrategia.com\/portal\/prova-comentada-nocoes-de-criminologia-delegado-sp\/","url":"https:\/\/cj.estrategia.com\/portal\/prova-comentada-nocoes-de-criminologia-delegado-sp\/","name":"Prova Comentada No\u00e7\u00f5es de Criminologia Delegado SP","isPartOf":{"@id":"https:\/\/cj.estrategia.com\/portal\/#website"},"primaryImageOfPage":{"@id":"https:\/\/cj.estrategia.com\/portal\/prova-comentada-nocoes-de-criminologia-delegado-sp\/#primaryimage"},"image":{"@id":"https:\/\/cj.estrategia.com\/portal\/prova-comentada-nocoes-de-criminologia-delegado-sp\/#primaryimage"},"thumbnailUrl":"https:\/\/cj.estrategia.com\/portal\/wp-content\/uploads\/2022\/09\/04103338\/DELEGADO-SP.jpg","datePublished":"2023-12-06T00:20:56+00:00","dateModified":"2023-12-06T00:20:59+00:00","description":"Prova Comentada No\u00e7\u00f5es de Criminologia Delegado SP: confira AQUI os coment\u00e1rios dos professores e tire suas d\u00favidas!","breadcrumb":{"@id":"https:\/\/cj.estrategia.com\/portal\/prova-comentada-nocoes-de-criminologia-delegado-sp\/#breadcrumb"},"inLanguage":"pt-BR","potentialAction":[{"@type":"ReadAction","target":["https:\/\/cj.estrategia.com\/portal\/prova-comentada-nocoes-de-criminologia-delegado-sp\/"]}]},{"@type":"ImageObject","inLanguage":"pt-BR","@id":"https:\/\/cj.estrategia.com\/portal\/prova-comentada-nocoes-de-criminologia-delegado-sp\/#primaryimage","url":"https:\/\/cj.estrategia.com\/portal\/wp-content\/uploads\/2022\/09\/04103338\/DELEGADO-SP.jpg","contentUrl":"https:\/\/cj.estrategia.com\/portal\/wp-content\/uploads\/2022\/09\/04103338\/DELEGADO-SP.jpg","width":768,"height":432,"caption":"Concurso delegado SP"},{"@type":"BreadcrumbList","@id":"https:\/\/cj.estrategia.com\/portal\/prova-comentada-nocoes-de-criminologia-delegado-sp\/#breadcrumb","itemListElement":[{"@type":"ListItem","position":1,"name":"In\u00edcio","item":"https:\/\/cj.estrategia.com\/portal\/"},{"@type":"ListItem","position":2,"name":"Prova Comentada No\u00e7\u00f5es de Criminologia Delegado SP"}]},{"@type":"WebSite","@id":"https:\/\/cj.estrategia.com\/portal\/#website","url":"https:\/\/cj.estrategia.com\/portal\/","name":"Blog - Carreiras Jur\u00eddicas - Estrat\u00e9gia","description":"","publisher":{"@id":"https:\/\/cj.estrategia.com\/portal\/#organization"},"potentialAction":[{"@type":"SearchAction","target":{"@type":"EntryPoint","urlTemplate":"https:\/\/cj.estrategia.com\/portal\/?s={search_term_string}"},"query-input":{"@type":"PropertyValueSpecification","valueRequired":true,"valueName":"search_term_string"}}],"inLanguage":"pt-BR"},{"@type":"Organization","@id":"https:\/\/cj.estrategia.com\/portal\/#organization","name":"Estrat\u00e9gia - Carreiras Jur\u00eddicas","url":"https:\/\/cj.estrategia.com\/portal\/","logo":{"@type":"ImageObject","inLanguage":"pt-BR","@id":"https:\/\/cj.estrategia.com\/portal\/#\/schema\/logo\/image\/","url":"https:\/\/cj.estrategia.com\/portal\/wp-content\/uploads\/2022\/03\/11151052\/cj-logo.png","contentUrl":"https:\/\/cj.estrategia.com\/portal\/wp-content\/uploads\/2022\/03\/11151052\/cj-logo.png","width":150,"height":39,"caption":"Estrat\u00e9gia - Carreiras Jur\u00eddicas"},"image":{"@id":"https:\/\/cj.estrategia.com\/portal\/#\/schema\/logo\/image\/"},"sameAs":["https:\/\/www.facebook.com\/estrategiacarreirajuridica\/","https:\/\/x.com\/EstratJuridica","https:\/\/www.instagram.com\/estrategiacarreirajuridica\/","https:\/\/www.youtube.com\/channel\/UClbMGuYbj2Mh1m3w144ETWQ"]},{"@type":"Person","@id":"https:\/\/cj.estrategia.com\/portal\/#\/schema\/person\/4d70317d31449932b99102916b6637f5","name":"Coordena\u00e7\u00e3o","image":{"@type":"ImageObject","inLanguage":"pt-BR","@id":"https:\/\/cj.estrategia.com\/portal\/wp-content\/uploads\/2022\/05\/12164923\/estrategia-carreira-juridica-coordenacao-96x96.png","url":"https:\/\/cj.estrategia.com\/portal\/wp-content\/uploads\/2022\/05\/12164923\/estrategia-carreira-juridica-coordenacao-96x96.png","contentUrl":"https:\/\/cj.estrategia.com\/portal\/wp-content\/uploads\/2022\/05\/12164923\/estrategia-carreira-juridica-coordenacao-96x96.png","caption":"Coordena\u00e7\u00e3o"},"url":"https:\/\/cj.estrategia.com\/portal\/author\/coordenacao\/"}]}},"jetpack_featured_media_url":"https:\/\/cj.estrategia.com\/portal\/wp-content\/uploads\/2022\/09\/04103338\/DELEGADO-SP.jpg","jetpack_sharing_enabled":true,"_links":{"self":[{"href":"https:\/\/cj.estrategia.com\/portal\/wp-json\/wp\/v2\/posts\/51018","targetHints":{"allow":["GET"]}}],"collection":[{"href":"https:\/\/cj.estrategia.com\/portal\/wp-json\/wp\/v2\/posts"}],"about":[{"href":"https:\/\/cj.estrategia.com\/portal\/wp-json\/wp\/v2\/types\/post"}],"author":[{"embeddable":true,"href":"https:\/\/cj.estrategia.com\/portal\/wp-json\/wp\/v2\/users\/12"}],"replies":[{"embeddable":true,"href":"https:\/\/cj.estrategia.com\/portal\/wp-json\/wp\/v2\/comments?post=51018"}],"version-history":[{"count":1,"href":"https:\/\/cj.estrategia.com\/portal\/wp-json\/wp\/v2\/posts\/51018\/revisions"}],"predecessor-version":[{"id":51031,"href":"https:\/\/cj.estrategia.com\/portal\/wp-json\/wp\/v2\/posts\/51018\/revisions\/51031"}],"wp:featuredmedia":[{"embeddable":true,"href":"https:\/\/cj.estrategia.com\/portal\/wp-json\/wp\/v2\/media\/20797"}],"wp:attachment":[{"href":"https:\/\/cj.estrategia.com\/portal\/wp-json\/wp\/v2\/media?parent=51018"}],"wp:term":[{"taxonomy":"category","embeddable":true,"href":"https:\/\/cj.estrategia.com\/portal\/wp-json\/wp\/v2\/categories?post=51018"},{"taxonomy":"post_tag","embeddable":true,"href":"https:\/\/cj.estrategia.com\/portal\/wp-json\/wp\/v2\/tags?post=51018"},{"taxonomy":"tax_estado","embeddable":true,"href":"https:\/\/cj.estrategia.com\/portal\/wp-json\/wp\/v2\/tax_estado?post=51018"}],"curies":[{"name":"wp","href":"https:\/\/api.w.org\/{rel}","templated":true}]}}