{"id":51012,"date":"2023-12-05T21:05:04","date_gmt":"2023-12-06T00:05:04","guid":{"rendered":"https:\/\/cj.estrategia.com\/portal\/?p=51012"},"modified":"2023-12-05T21:32:37","modified_gmt":"2023-12-06T00:32:37","slug":"prova-comentada-direito-civil-delegado-sp","status":"publish","type":"post","link":"https:\/\/cj.estrategia.com\/portal\/prova-comentada-direito-civil-delegado-sp\/","title":{"rendered":"Prova Comentada Direito Civil Delegado SP"},"content":{"rendered":"\n<p>Ol\u00e1, pessoal, tudo certo?!<\/p>\n\n\n\n<p>Em 03\/012\/2023, foi aplicada a prova objetiva do concurso p\u00fablico para <strong>Delegado de Pol\u00edcia Civil do Estado de S\u00e3o Paulo<\/strong>. Assim que disponibilizados o caderno de provas e gabarito, nosso time de professores analisou cada uma das quest\u00f5es, que, agora, ser\u00e3o apresentadas em nossa <strong>PROVA COMENTADA<\/strong>.<\/p>\n\n\n\n<p>Este material visa a auxili\u00e1-los na aferi\u00e7\u00e3o das notas, elabora\u00e7\u00e3o de eventuais recursos, verifica\u00e7\u00e3o das chances de avan\u00e7o para fase discursiva, bem como na revis\u00e3o do conte\u00fado cobrado no certame.<\/p>\n\n\n\n<p>Desde j\u00e1, destacamos que nosso time de professores identificou uma (1) quest\u00e3o pass\u00edveis de recurso, por apresentarem duas ou nenhuma alternativa correta, como veremos adiante. No tipo de prova comentado, trata-se da quest\u00e3o 73<\/p>\n\n\n\n<p>De modo complementar, elaboramos tamb\u00e9m o <a href=\"https:\/\/cj.estrategia.com\/cadernos-e-simulados\/simulados\/7a060125-537b-4b8b-adbe-3154d0e2c6a9\"><strong>RANKING da PC-SP<\/strong>,<\/a> em que nossos alunos e seguidores poder\u00e3o inserir suas respostas \u00e0 prova, e, ao final, aferir sua nota, de acordo com o gabarito elaborado por nossos professores. Atrav\u00e9s do ranking, tamb\u00e9m poderemos estimar a nota de corte da 1\u00ba fase. Essa ferramenta \u00e9 gratuita e, para participar, basta clicar no link abaixo:<\/p>\n\n\n\n<p>Al\u00e9m disso, montamos um caderno para nossos seguidores, alunos ou n\u00e3o, verem os coment\u00e1rios e comentar as quest\u00f5es da prova: Confira <a href=\"https:\/\/cj.estrategia.com\/cadernos-e-simulados\/cadernos\/0993b6fa-0c7f-45d5-9087-d4345b8740b1\">AQUI!<\/a><\/p>\n\n\n\n<p>Por fim, comentaremos a prova, as quest\u00f5es mais pol\u00eamicas, as possibilidades de recurso, bem como a estimativa da nota de corte no <strong>TERM\u00d4METRO P\u00d3S-PROVA<\/strong>, no nosso canal do Youtube. Inscreva-se e ative as notifica\u00e7\u00f5es! <a href=\"https:\/\/www.youtube.com\/@EstrategiaCarreiraJuridica\"><strong>Estrat\u00e9gia Carreira Jur\u00eddica &#8211; YouTube<\/strong><\/a><\/p>\n\n\n\n<p>No <a href=\"https:\/\/cj.estrategia.com\/portal\/gabarito-extraoficial-concurso-delegado-sp\/\">Gabarito Extraoficial Concurso Delegado SP<\/a> voc\u00ea confere os coment\u00e1rios de todas as disciplinas da prova! <strong>Confira!<\/strong><\/p>\n\n\n\n<h2 class=\"wp-block-heading has-vivid-red-color has-text-color has-link-color wp-elements-6b596811c7f38266db4e9d09c0ce1359\" id=\"h-prova-comentada-direito-civil\"><span id=\"prova-comentada-direito-civil\">Prova Comentada Direito Civil<\/span><\/h2>\n\n\n\n<p><strong>QUEST\u00c3O 72. Ana \u00e9 propriet\u00e1ria de uma galeria de arte que exp\u00f5e \u00e0 venda quadros e esculturas de alto valor. Um dia, durante uma exposi\u00e7\u00e3o, um homem chamado Carlos ultrapassa a faixa de seguran\u00e7a para tentar tirar uma selfie com uma das obras, esbarra acidentalmente em uma das esculturas e acaba perfurando um quadro. Ana, ao perceber o preju\u00edzo, tenta abordar Carlos para discutir o incidente, mas ele se escusa da responsabilidade sobre o ocorrido e se recusa a pagar os danos materiais causados. Ana envia uma notifica\u00e7\u00e3o extrajudicial solicitando o pagamento, mas n\u00e3o obt\u00e9m resposta. Decide ent\u00e3o propor a\u00e7\u00e3o de repara\u00e7\u00e3o pelos danos causados. Carlos \u00e9 citado, apresenta defesa e, por fim, a a\u00e7\u00e3o \u00e9 julgada procedente.<\/strong><\/p>\n\n\n\n<p><strong>Diante da situa\u00e7\u00e3o hipot\u00e9tica, tendo decorrido o tr\u00e2nsito em julgado da decis\u00e3o judicial que o condenou, \u00e9 correto afirmar que Carlos \u00e9 considerado em mora desde a<\/strong><\/p>\n\n\n\n<p><strong>a) cita\u00e7\u00e3o.<\/strong><\/p>\n\n\n\n<p><strong>b) pr\u00e1tica do ato.<\/strong><\/p>\n\n\n\n<p><strong>c) notifica\u00e7\u00e3o extrajudicial enviada.<\/strong><\/p>\n\n\n\n<p><strong>d) senten\u00e7a de proced\u00eancia.<\/strong><\/p>\n\n\n\n<p><strong>e) propositura da a\u00e7\u00e3o.<\/strong><\/p>\n\n\n\n<p><strong>Coment\u00e1rios<\/strong><\/p>\n\n\n\n<p>A alternativa correta a ser assinalada \u00e9 a <strong>letra B.<\/strong>&nbsp;<\/p>\n\n\n\n<p>Observa-se que Carlos praticou ato il\u00edcito, de acordo com art. 186 do CC?02: \u201cArt. 186. Aquele que, por a\u00e7\u00e3o ou omiss\u00e3o volunt\u00e1ria, neglig\u00eancia ou imprud\u00eancia, violar direito e causar dano a outrem, ainda que exclusivamente moral, comete ato il\u00edcito.\u201d<\/p>\n\n\n\n<p>Desta feita, na forma do artigo 398 do CC\/02, o devedor ser\u00e1 considerado em mora desde a pr\u00e1tica do ato. Veja: \u201cArt. 398. Nas obriga\u00e7\u00f5es provenientes de ato il\u00edcito, considera-se o devedor em mora, desde que o praticou.\u201d<\/p>\n\n\n\n<p>Logo, correta a alternativa B. Tomando por base os mesmos dispositivos legais, as alternativas A, C, D e E ficam automaticamente incorretas.<\/p>\n\n\n\n<p><strong>QUEST\u00c3O 73. Bruno e Camila eram casados e n\u00e3o tinham filhos. Dois anos depois do casamento, Bruno sofreu um grave acidente de carro e veio a falecer. Considere as situa\u00e7\u00f5es apresentadas nas alternativas e assinale aquela que indica corretamente a parte da heran\u00e7a cab\u00edvel \u00e0 Camila.<\/strong><\/p>\n\n\n\n<p><strong>a) metade, se Bruno tiver apenas a m\u00e3e viva.<\/strong><\/p>\n\n\n\n<p><strong>b) total, se Bruno n\u00e3o tiver ascendentes ou colaterais at\u00e9 o terceiro grau.<\/strong><\/p>\n\n\n\n<p><strong>c) um ter\u00e7o se Bruno tiver pai, m\u00e3e e um irm\u00e3o vivos.<\/strong><\/p>\n\n\n\n<p><strong>d) um ter\u00e7o se Bruno n\u00e3o tiver pai e m\u00e3e vivos, mas tiver uma av\u00f3 e um av\u00f4 vivos.<\/strong><\/p>\n\n\n\n<p><strong>e) metade, se Bruno tiver pai e m\u00e3e vivos.<\/strong><\/p>\n\n\n\n<p><strong>Coment\u00e1rios<\/strong><\/p>\n\n\n\n<p>A alternativa correta a ser assinalada \u00e9 a <strong>letra A.<\/strong> <\/p>\n\n\n\n<p>Gabarito Oficial: A. Apontei no gabarito preliminar a assertiva A, mas ela comporta dupla assertiva correta.<\/p>\n\n\n\n<ol class=\"wp-block-list\" start=\"73\"><\/ol>\n\n\n\n<p>A assertiva A est\u00e1 correta, conforme art. 1.837: &#8220;Concorrendo com ascendente em primeiro grau, ao c\u00f4njuge tocar\u00e1 um ter\u00e7o da heran\u00e7a; caber-lhe-\u00e1 a metade desta se houver um s\u00f3 ascendente&#8221;. Se Bruno tinha apenas a m\u00e3e viva, cabe metade da heran\u00e7a a Camila.<\/p>\n\n\n\n<p>A assertiva C est\u00e1 correta, consoante o mesmo art. 1.837: &#8220;Concorrendo com ascendente em primeiro grau, ao c\u00f4njuge tocar\u00e1 um ter\u00e7o da heran\u00e7a&#8221;. Se Bruno tinha o pai, a m\u00e3e viva e um irm\u00e3o vivos, cabe um ter\u00e7o da heran\u00e7a a Camila, sendo irrelevante se ele tinha ou n\u00e3o tamb\u00e9m um irm\u00e3o vivo.<\/p>\n\n\n\n<p><strong>QUEST\u00c3O 74. Acerca do disposto na Lei de Aliena\u00e7\u00e3o Parental &#8211; Lei n\u00b012.318, de 26 de agosto de 2010, assinale a alternativa correta.<\/strong><\/p>\n\n\n\n<p><strong>a) Havendo ind\u00edcio da pr\u00e1tica de ato de aliena\u00e7\u00e3o parental, em a\u00e7\u00e3o aut\u00f4noma ou incidental, o juiz obrigatoriamente determinar\u00e1 per\u00edcia psicol\u00f3gica ou biopsicossocial.<\/strong><\/p>\n\n\n\n<p><strong>b) O ato de aliena\u00e7\u00e3o parental, para que seja constatado, dever\u00e1 estar previsto expressamente na lei.<\/strong><\/p>\n\n\n\n<p><strong>c) O acompanhamento psicol\u00f3gico ou o biopsicossocial deve ser submetido a avalia\u00e7\u00f5es peri\u00f3dicas, com a emiss\u00e3o, pelo menos, de um laudo a cada seis meses.<\/strong><\/p>\n\n\n\n<p><strong>d) A atribui\u00e7\u00e3o ou altera\u00e7\u00e3o da guarda dar-se-\u00e1 por prefer\u00eancia ao genitor que viabiliza a efetiva conviv\u00eancia da crian\u00e7a ou adolescente com o outro genitor nas hip\u00f3teses em que seja invi\u00e1vel a guarda compartilhada.<\/strong><\/p>\n\n\n\n<p><strong>e) Caracterizados atos t\u00edpicos de aliena\u00e7\u00e3o parental, o juiz poder\u00e1, a depender da gravidade do caso, declarar a suspens\u00e3o da autoridade parental.<\/strong><\/p>\n\n\n\n<p><strong>Coment\u00e1rios<\/strong><\/p>\n\n\n\n<p>A alternativa correta a ser assinalada \u00e9 a <strong>letra D.<\/strong><\/p>\n\n\n\n<p>A alternativa A est\u00e1 incorreta. A per\u00edcia somente ser\u00e1 determinada se o juiz entender necess\u00e1rio. De acordo com art. 5\u00ba da Lei 12.318\/2010: \u201cArt. 5\u00ba Havendo ind\u00edcio da pr\u00e1tica de ato de aliena\u00e7\u00e3o parental, em a\u00e7\u00e3o aut\u00f4noma ou incidental, o juiz, se necess\u00e1rio, determinar\u00e1 per\u00edcia psicol\u00f3gica ou biopsicossocial.\u201d<\/p>\n\n\n\n<p>A alternativa B est\u00e1 incorreta. A lei traz um rol somente exemplificativo. De acordo com art. 2\u00ba, par\u00e1grafo \u00fanico, da Lei 12.318\/2010: \u201cPar\u00e1grafo \u00fanico.&nbsp; S\u00e3o formas exemplificativas de aliena\u00e7\u00e3o parental, al\u00e9m dos atos assim declarados pelo juiz ou constatados por per\u00edcia, praticados diretamente ou com aux\u00edlio de terceiros:\u201d<\/p>\n\n\n\n<p>A alternativa C est\u00e1 incorreta. Os laudos devem ser, pelo menos, um inicial e um final; a lei n\u00e3o fala em periodicidade de 6 meses. De acordo com art. 6\u00ba, \u00a7 2\u00ba, da Lei 12.318\/2010: \u201c\u00a7 2\u00ba O acompanhamento psicol\u00f3gico ou o biopsicossocial deve ser submetido a avalia\u00e7\u00f5es peri\u00f3dicas, com a emiss\u00e3o, pelo menos, de um laudo inicial, que contenha a avalia\u00e7\u00e3o do caso e o indicativo da metodologia a ser empregada, e de um laudo final, ao t\u00e9rmino do acompanhamento.<\/p>\n\n\n\n<p>A alternativa D est\u00e1 correta. De acordo com art. 7\u00ba da Lei 12.318\/2010: \u201cArt. 7\u00ba A atribui\u00e7\u00e3o ou altera\u00e7\u00e3o da guarda dar-se-\u00e1 por prefer\u00eancia ao genitor que viabiliza a efetiva conviv\u00eancia da crian\u00e7a ou adolescente com o outro genitor nas hip\u00f3teses em que seja invi\u00e1vel a guarda compartilhada.\u201d<\/p>\n\n\n\n<p>A alternativa E est\u00e1 incorreta. O inciso VII do art. 6\u00ba da Lei 12.318\/2010, que previa a declara\u00e7\u00e3o da suspens\u00e3o da autoridade parental, foi revogado pela Lei 14.340\/2022. Veja o que determinava o dispositivo: \u201cArt. 6\u00ba Caracterizados atos t\u00edpicos de aliena\u00e7\u00e3o parental ou qualquer conduta que dificulte a conviv\u00eancia de crian\u00e7a ou adolescente com genitor, em a\u00e7\u00e3o aut\u00f4noma ou incidental, o juiz poder\u00e1, cumulativamente ou n\u00e3o, sem preju\u00edzo da decorrente responsabilidade civil ou criminal e da ampla utiliza\u00e7\u00e3o de instrumentos processuais aptos a inibir ou atenuar seus efeitos, segundo a gravidade do caso: VII &#8211; declarar a suspens\u00e3o da autoridade parental. (revogado pela Lei n\u00ba 14.340, de 2022).\u201d<\/p>\n\n\n\n<p><\/p>\n\n\n\n<p class=\"has-text-align-center has-black-color has-luminous-vivid-amber-to-luminous-vivid-orange-gradient-background has-text-color has-background has-medium-font-size\"><strong><a href=\"https:\/\/cj.estrategia.com\/portal\/concurso-delegado-sp\/\">SAIBA MAIS: Concurso Delegado SP<\/a><\/strong><\/p>\n\n\n\n<h2 class=\"wp-block-heading has-text-align-center\" id=\"cursos\"><span id=\"quer-saber-tudo-sobre-concursos-previstosconfira-nossos-artigos\">Quer saber tudo sobre concursos previstos?<br>Confira nossos artigos!<\/span><\/h2>\n\n\n\n\n\n<h2 class=\"wp-block-heading has-text-align-center\" id=\"curso\"><span id=\"cursos-para-o-concurso-pc-sp\">Cursos para o concurso PC SP<\/span><\/h2>\n\n\n\n<div class=\"wp-block-cover\" style=\"min-height:155px;aspect-ratio:unset;\"><img decoding=\"async\" width=\"1890\" height=\"351\" class=\"wp-block-cover__image-background wp-image-8669\" alt=\"Assinaturas Jur\u00eddicas\" src=\"https:\/\/cj.estrategia.com\/portal\/wp-content\/uploads\/2022\/06\/20151253\/concurso-carreiras-juridicas-assinatura-juridica.jpg\" style=\"object-position:78% 43%\" data-object-fit=\"cover\" data-object-position=\"78% 43%\" srcset=\"https:\/\/cj.estrategia.com\/portal\/wp-content\/uploads\/2022\/06\/20151253\/concurso-carreiras-juridicas-assinatura-juridica.jpg 1890w, https:\/\/cj.estrategia.com\/portal\/wp-content\/uploads\/2022\/06\/20151253\/concurso-carreiras-juridicas-assinatura-juridica-300x56.jpg 300w, https:\/\/cj.estrategia.com\/portal\/wp-content\/uploads\/2022\/06\/20151253\/concurso-carreiras-juridicas-assinatura-juridica-1024x190.jpg 1024w, https:\/\/cj.estrategia.com\/portal\/wp-content\/uploads\/2022\/06\/20151253\/concurso-carreiras-juridicas-assinatura-juridica-768x143.jpg 768w, https:\/\/cj.estrategia.com\/portal\/wp-content\/uploads\/2022\/06\/20151253\/concurso-carreiras-juridicas-assinatura-juridica-1536x285.jpg 1536w, https:\/\/cj.estrategia.com\/portal\/wp-content\/uploads\/2022\/06\/20151253\/concurso-carreiras-juridicas-assinatura-juridica-380x71.jpg 380w, https:\/\/cj.estrategia.com\/portal\/wp-content\/uploads\/2022\/06\/20151253\/concurso-carreiras-juridicas-assinatura-juridica-800x149.jpg 800w, https:\/\/cj.estrategia.com\/portal\/wp-content\/uploads\/2022\/06\/20151253\/concurso-carreiras-juridicas-assinatura-juridica-1160x215.jpg 1160w\" sizes=\"(max-width: 1890px) 100vw, 1890px\" \/><span aria-hidden=\"true\" class=\"wp-block-cover__background has-background-dim\"><\/span><div class=\"wp-block-cover__inner-container is-layout-flow wp-block-cover-is-layout-flow\">\n<h3 id=\"faca-a-sua-assinatura\" class=\"titulo-assinatura\"><span style=\"color: #ffffff;\">Fa\u00e7a a sua assinatura!<\/span><\/h3>\n<p class=\"subtitulo-assinatura\" style=\"display:block!important; line-height: 0;\"><span style=\"color: #ffffff;\">Escolha a sua \u00e1rea.<\/span><\/p>\n<a target=\"_blank\" href=\"https:\/\/www.estrategiaconcursos.com.br\/assinaturas-ecj\/\" rel=\"noopener\"><button style=\"border-radius: 10px; text-transform: capitalize;\">Acessar<\/button><\/a>\n<\/div><\/div>\n\n\n\n\n\n<p><\/p>\n","protected":false},"excerpt":{"rendered":"Ol\u00e1, pessoal, tudo certo?! Em 03\/012\/2023, foi aplicada a prova objetiva do concurso p\u00fablico para Delegado de Pol\u00edcia&hellip;\n","protected":false},"author":12,"featured_media":20797,"comment_status":"open","ping_status":"open","sticky":false,"template":"","format":"standard","meta":{"_jetpack_memberships_contains_paid_content":false,"footnotes":""},"categories":[28],"tags":[],"tax_estado":[56],"class_list":{"0":"post-51012","1":"post","2":"type-post","3":"status-publish","4":"format-standard","5":"has-post-thumbnail","7":"category-delegado","8":"tax_estado-sp"},"acf":[],"yoast_head":"<!-- This site is optimized with the Yoast SEO Premium plugin v27.4 (Yoast SEO v27.4) - https:\/\/yoast.com\/product\/yoast-seo-premium-wordpress\/ -->\n<title>Prova Comentada Direito Civil Delegado SP<\/title>\n<meta name=\"description\" content=\"Prova Comentada Direito Civil Delegado SP: confira AQUI os coment\u00e1rios dos professores e tire suas d\u00favidas!\" \/>\n<meta name=\"robots\" content=\"index, follow, max-snippet:-1, max-image-preview:large, max-video-preview:-1\" \/>\n<link rel=\"canonical\" href=\"https:\/\/cj.estrategia.com\/portal\/prova-comentada-direito-civil-delegado-sp\/\" \/>\n<meta property=\"og:locale\" content=\"pt_BR\" \/>\n<meta property=\"og:type\" content=\"article\" \/>\n<meta property=\"og:title\" content=\"Prova Comentada Direito Civil Delegado SP\" \/>\n<meta property=\"og:description\" content=\"Prova Comentada Direito Civil Delegado SP: confira AQUI os coment\u00e1rios dos professores e tire suas d\u00favidas!\" \/>\n<meta property=\"og:url\" content=\"https:\/\/cj.estrategia.com\/portal\/prova-comentada-direito-civil-delegado-sp\/\" \/>\n<meta property=\"og:site_name\" content=\"Blog - Carreiras Jur\u00eddicas - Estrat\u00e9gia\" \/>\n<meta property=\"article:publisher\" content=\"https:\/\/www.facebook.com\/estrategiacarreirajuridica\/\" \/>\n<meta property=\"article:published_time\" content=\"2023-12-06T00:05:04+00:00\" \/>\n<meta property=\"article:modified_time\" content=\"2023-12-06T00:32:37+00:00\" \/>\n<meta property=\"og:image\" content=\"https:\/\/cj.estrategia.com\/portal\/wp-content\/uploads\/2022\/09\/04103338\/DELEGADO-SP.jpg\" \/>\n\t<meta property=\"og:image:width\" content=\"768\" \/>\n\t<meta property=\"og:image:height\" content=\"432\" \/>\n\t<meta property=\"og:image:type\" content=\"image\/jpeg\" \/>\n<meta name=\"author\" content=\"Coordena\u00e7\u00e3o\" \/>\n<meta name=\"twitter:card\" content=\"summary_large_image\" \/>\n<meta name=\"twitter:creator\" content=\"@EstratJuridica\" \/>\n<meta name=\"twitter:site\" content=\"@EstratJuridica\" \/>\n<meta name=\"twitter:label1\" content=\"Escrito por\" \/>\n\t<meta name=\"twitter:data1\" content=\"Coordena\u00e7\u00e3o\" \/>\n\t<meta name=\"twitter:label2\" content=\"Est. tempo de leitura\" \/>\n\t<meta name=\"twitter:data2\" content=\"7 minutos\" \/>\n<script type=\"application\/ld+json\" class=\"yoast-schema-graph\">{\"@context\":\"https:\\\/\\\/schema.org\",\"@graph\":[{\"@type\":\"NewsArticle\",\"@id\":\"https:\\\/\\\/cj.estrategia.com\\\/portal\\\/prova-comentada-direito-civil-delegado-sp\\\/#article\",\"isPartOf\":{\"@id\":\"https:\\\/\\\/cj.estrategia.com\\\/portal\\\/prova-comentada-direito-civil-delegado-sp\\\/\"},\"author\":{\"name\":\"Coordena\u00e7\u00e3o\",\"@id\":\"https:\\\/\\\/cj.estrategia.com\\\/portal\\\/#\\\/schema\\\/person\\\/4d70317d31449932b99102916b6637f5\"},\"headline\":\"Prova Comentada Direito Civil Delegado SP\",\"datePublished\":\"2023-12-06T00:05:04+00:00\",\"dateModified\":\"2023-12-06T00:32:37+00:00\",\"mainEntityOfPage\":{\"@id\":\"https:\\\/\\\/cj.estrategia.com\\\/portal\\\/prova-comentada-direito-civil-delegado-sp\\\/\"},\"wordCount\":1391,\"commentCount\":0,\"publisher\":{\"@id\":\"https:\\\/\\\/cj.estrategia.com\\\/portal\\\/#organization\"},\"image\":{\"@id\":\"https:\\\/\\\/cj.estrategia.com\\\/portal\\\/prova-comentada-direito-civil-delegado-sp\\\/#primaryimage\"},\"thumbnailUrl\":\"https:\\\/\\\/cj.estrategia.com\\\/portal\\\/wp-content\\\/uploads\\\/2022\\\/09\\\/04103338\\\/DELEGADO-SP.jpg\",\"articleSection\":[\"Delegado\"],\"inLanguage\":\"pt-BR\",\"potentialAction\":[{\"@type\":\"CommentAction\",\"name\":\"Comment\",\"target\":[\"https:\\\/\\\/cj.estrategia.com\\\/portal\\\/prova-comentada-direito-civil-delegado-sp\\\/#respond\"]}]},{\"@type\":\"WebPage\",\"@id\":\"https:\\\/\\\/cj.estrategia.com\\\/portal\\\/prova-comentada-direito-civil-delegado-sp\\\/\",\"url\":\"https:\\\/\\\/cj.estrategia.com\\\/portal\\\/prova-comentada-direito-civil-delegado-sp\\\/\",\"name\":\"Prova Comentada Direito Civil Delegado SP\",\"isPartOf\":{\"@id\":\"https:\\\/\\\/cj.estrategia.com\\\/portal\\\/#website\"},\"primaryImageOfPage\":{\"@id\":\"https:\\\/\\\/cj.estrategia.com\\\/portal\\\/prova-comentada-direito-civil-delegado-sp\\\/#primaryimage\"},\"image\":{\"@id\":\"https:\\\/\\\/cj.estrategia.com\\\/portal\\\/prova-comentada-direito-civil-delegado-sp\\\/#primaryimage\"},\"thumbnailUrl\":\"https:\\\/\\\/cj.estrategia.com\\\/portal\\\/wp-content\\\/uploads\\\/2022\\\/09\\\/04103338\\\/DELEGADO-SP.jpg\",\"datePublished\":\"2023-12-06T00:05:04+00:00\",\"dateModified\":\"2023-12-06T00:32:37+00:00\",\"description\":\"Prova Comentada Direito Civil Delegado SP: confira AQUI os coment\u00e1rios dos professores e tire suas d\u00favidas!\",\"breadcrumb\":{\"@id\":\"https:\\\/\\\/cj.estrategia.com\\\/portal\\\/prova-comentada-direito-civil-delegado-sp\\\/#breadcrumb\"},\"inLanguage\":\"pt-BR\",\"potentialAction\":[{\"@type\":\"ReadAction\",\"target\":[\"https:\\\/\\\/cj.estrategia.com\\\/portal\\\/prova-comentada-direito-civil-delegado-sp\\\/\"]}]},{\"@type\":\"ImageObject\",\"inLanguage\":\"pt-BR\",\"@id\":\"https:\\\/\\\/cj.estrategia.com\\\/portal\\\/prova-comentada-direito-civil-delegado-sp\\\/#primaryimage\",\"url\":\"https:\\\/\\\/cj.estrategia.com\\\/portal\\\/wp-content\\\/uploads\\\/2022\\\/09\\\/04103338\\\/DELEGADO-SP.jpg\",\"contentUrl\":\"https:\\\/\\\/cj.estrategia.com\\\/portal\\\/wp-content\\\/uploads\\\/2022\\\/09\\\/04103338\\\/DELEGADO-SP.jpg\",\"width\":768,\"height\":432,\"caption\":\"Concurso delegado SP\"},{\"@type\":\"BreadcrumbList\",\"@id\":\"https:\\\/\\\/cj.estrategia.com\\\/portal\\\/prova-comentada-direito-civil-delegado-sp\\\/#breadcrumb\",\"itemListElement\":[{\"@type\":\"ListItem\",\"position\":1,\"name\":\"In\u00edcio\",\"item\":\"https:\\\/\\\/cj.estrategia.com\\\/portal\\\/\"},{\"@type\":\"ListItem\",\"position\":2,\"name\":\"Prova Comentada Direito Civil Delegado SP\"}]},{\"@type\":\"WebSite\",\"@id\":\"https:\\\/\\\/cj.estrategia.com\\\/portal\\\/#website\",\"url\":\"https:\\\/\\\/cj.estrategia.com\\\/portal\\\/\",\"name\":\"Blog - Carreiras Jur\u00eddicas - Estrat\u00e9gia\",\"description\":\"\",\"publisher\":{\"@id\":\"https:\\\/\\\/cj.estrategia.com\\\/portal\\\/#organization\"},\"potentialAction\":[{\"@type\":\"SearchAction\",\"target\":{\"@type\":\"EntryPoint\",\"urlTemplate\":\"https:\\\/\\\/cj.estrategia.com\\\/portal\\\/?s={search_term_string}\"},\"query-input\":{\"@type\":\"PropertyValueSpecification\",\"valueRequired\":true,\"valueName\":\"search_term_string\"}}],\"inLanguage\":\"pt-BR\"},{\"@type\":\"Organization\",\"@id\":\"https:\\\/\\\/cj.estrategia.com\\\/portal\\\/#organization\",\"name\":\"Estrat\u00e9gia - Carreiras Jur\u00eddicas\",\"url\":\"https:\\\/\\\/cj.estrategia.com\\\/portal\\\/\",\"logo\":{\"@type\":\"ImageObject\",\"inLanguage\":\"pt-BR\",\"@id\":\"https:\\\/\\\/cj.estrategia.com\\\/portal\\\/#\\\/schema\\\/logo\\\/image\\\/\",\"url\":\"https:\\\/\\\/cj.estrategia.com\\\/portal\\\/wp-content\\\/uploads\\\/2022\\\/03\\\/11151052\\\/cj-logo.png\",\"contentUrl\":\"https:\\\/\\\/cj.estrategia.com\\\/portal\\\/wp-content\\\/uploads\\\/2022\\\/03\\\/11151052\\\/cj-logo.png\",\"width\":150,\"height\":39,\"caption\":\"Estrat\u00e9gia - Carreiras Jur\u00eddicas\"},\"image\":{\"@id\":\"https:\\\/\\\/cj.estrategia.com\\\/portal\\\/#\\\/schema\\\/logo\\\/image\\\/\"},\"sameAs\":[\"https:\\\/\\\/www.facebook.com\\\/estrategiacarreirajuridica\\\/\",\"https:\\\/\\\/x.com\\\/EstratJuridica\",\"https:\\\/\\\/www.instagram.com\\\/estrategiacarreirajuridica\\\/\",\"https:\\\/\\\/www.youtube.com\\\/channel\\\/UClbMGuYbj2Mh1m3w144ETWQ\"]},{\"@type\":\"Person\",\"@id\":\"https:\\\/\\\/cj.estrategia.com\\\/portal\\\/#\\\/schema\\\/person\\\/4d70317d31449932b99102916b6637f5\",\"name\":\"Coordena\u00e7\u00e3o\",\"image\":{\"@type\":\"ImageObject\",\"inLanguage\":\"pt-BR\",\"@id\":\"https:\\\/\\\/cj.estrategia.com\\\/portal\\\/wp-content\\\/uploads\\\/2022\\\/05\\\/12164923\\\/estrategia-carreira-juridica-coordenacao-96x96.png\",\"url\":\"https:\\\/\\\/cj.estrategia.com\\\/portal\\\/wp-content\\\/uploads\\\/2022\\\/05\\\/12164923\\\/estrategia-carreira-juridica-coordenacao-96x96.png\",\"contentUrl\":\"https:\\\/\\\/cj.estrategia.com\\\/portal\\\/wp-content\\\/uploads\\\/2022\\\/05\\\/12164923\\\/estrategia-carreira-juridica-coordenacao-96x96.png\",\"caption\":\"Coordena\u00e7\u00e3o\"},\"url\":\"https:\\\/\\\/cj.estrategia.com\\\/portal\\\/author\\\/coordenacao\\\/\"}]}<\/script>\n<!-- \/ Yoast SEO Premium plugin. -->","yoast_head_json":{"title":"Prova Comentada Direito Civil Delegado SP","description":"Prova Comentada Direito Civil Delegado SP: confira AQUI os coment\u00e1rios dos professores e tire suas d\u00favidas!","robots":{"index":"index","follow":"follow","max-snippet":"max-snippet:-1","max-image-preview":"max-image-preview:large","max-video-preview":"max-video-preview:-1"},"canonical":"https:\/\/cj.estrategia.com\/portal\/prova-comentada-direito-civil-delegado-sp\/","og_locale":"pt_BR","og_type":"article","og_title":"Prova Comentada Direito Civil Delegado SP","og_description":"Prova Comentada Direito Civil Delegado SP: confira AQUI os coment\u00e1rios dos professores e tire suas d\u00favidas!","og_url":"https:\/\/cj.estrategia.com\/portal\/prova-comentada-direito-civil-delegado-sp\/","og_site_name":"Blog - Carreiras Jur\u00eddicas - Estrat\u00e9gia","article_publisher":"https:\/\/www.facebook.com\/estrategiacarreirajuridica\/","article_published_time":"2023-12-06T00:05:04+00:00","article_modified_time":"2023-12-06T00:32:37+00:00","og_image":[{"width":768,"height":432,"url":"https:\/\/cj.estrategia.com\/portal\/wp-content\/uploads\/2022\/09\/04103338\/DELEGADO-SP.jpg","type":"image\/jpeg"}],"author":"Coordena\u00e7\u00e3o","twitter_card":"summary_large_image","twitter_creator":"@EstratJuridica","twitter_site":"@EstratJuridica","twitter_misc":{"Escrito por":"Coordena\u00e7\u00e3o","Est. tempo de leitura":"7 minutos"},"schema":{"@context":"https:\/\/schema.org","@graph":[{"@type":"NewsArticle","@id":"https:\/\/cj.estrategia.com\/portal\/prova-comentada-direito-civil-delegado-sp\/#article","isPartOf":{"@id":"https:\/\/cj.estrategia.com\/portal\/prova-comentada-direito-civil-delegado-sp\/"},"author":{"name":"Coordena\u00e7\u00e3o","@id":"https:\/\/cj.estrategia.com\/portal\/#\/schema\/person\/4d70317d31449932b99102916b6637f5"},"headline":"Prova Comentada Direito Civil Delegado SP","datePublished":"2023-12-06T00:05:04+00:00","dateModified":"2023-12-06T00:32:37+00:00","mainEntityOfPage":{"@id":"https:\/\/cj.estrategia.com\/portal\/prova-comentada-direito-civil-delegado-sp\/"},"wordCount":1391,"commentCount":0,"publisher":{"@id":"https:\/\/cj.estrategia.com\/portal\/#organization"},"image":{"@id":"https:\/\/cj.estrategia.com\/portal\/prova-comentada-direito-civil-delegado-sp\/#primaryimage"},"thumbnailUrl":"https:\/\/cj.estrategia.com\/portal\/wp-content\/uploads\/2022\/09\/04103338\/DELEGADO-SP.jpg","articleSection":["Delegado"],"inLanguage":"pt-BR","potentialAction":[{"@type":"CommentAction","name":"Comment","target":["https:\/\/cj.estrategia.com\/portal\/prova-comentada-direito-civil-delegado-sp\/#respond"]}]},{"@type":"WebPage","@id":"https:\/\/cj.estrategia.com\/portal\/prova-comentada-direito-civil-delegado-sp\/","url":"https:\/\/cj.estrategia.com\/portal\/prova-comentada-direito-civil-delegado-sp\/","name":"Prova Comentada Direito Civil Delegado SP","isPartOf":{"@id":"https:\/\/cj.estrategia.com\/portal\/#website"},"primaryImageOfPage":{"@id":"https:\/\/cj.estrategia.com\/portal\/prova-comentada-direito-civil-delegado-sp\/#primaryimage"},"image":{"@id":"https:\/\/cj.estrategia.com\/portal\/prova-comentada-direito-civil-delegado-sp\/#primaryimage"},"thumbnailUrl":"https:\/\/cj.estrategia.com\/portal\/wp-content\/uploads\/2022\/09\/04103338\/DELEGADO-SP.jpg","datePublished":"2023-12-06T00:05:04+00:00","dateModified":"2023-12-06T00:32:37+00:00","description":"Prova Comentada Direito Civil Delegado SP: confira AQUI os coment\u00e1rios dos professores e tire suas d\u00favidas!","breadcrumb":{"@id":"https:\/\/cj.estrategia.com\/portal\/prova-comentada-direito-civil-delegado-sp\/#breadcrumb"},"inLanguage":"pt-BR","potentialAction":[{"@type":"ReadAction","target":["https:\/\/cj.estrategia.com\/portal\/prova-comentada-direito-civil-delegado-sp\/"]}]},{"@type":"ImageObject","inLanguage":"pt-BR","@id":"https:\/\/cj.estrategia.com\/portal\/prova-comentada-direito-civil-delegado-sp\/#primaryimage","url":"https:\/\/cj.estrategia.com\/portal\/wp-content\/uploads\/2022\/09\/04103338\/DELEGADO-SP.jpg","contentUrl":"https:\/\/cj.estrategia.com\/portal\/wp-content\/uploads\/2022\/09\/04103338\/DELEGADO-SP.jpg","width":768,"height":432,"caption":"Concurso delegado SP"},{"@type":"BreadcrumbList","@id":"https:\/\/cj.estrategia.com\/portal\/prova-comentada-direito-civil-delegado-sp\/#breadcrumb","itemListElement":[{"@type":"ListItem","position":1,"name":"In\u00edcio","item":"https:\/\/cj.estrategia.com\/portal\/"},{"@type":"ListItem","position":2,"name":"Prova Comentada Direito Civil Delegado SP"}]},{"@type":"WebSite","@id":"https:\/\/cj.estrategia.com\/portal\/#website","url":"https:\/\/cj.estrategia.com\/portal\/","name":"Blog - Carreiras Jur\u00eddicas - Estrat\u00e9gia","description":"","publisher":{"@id":"https:\/\/cj.estrategia.com\/portal\/#organization"},"potentialAction":[{"@type":"SearchAction","target":{"@type":"EntryPoint","urlTemplate":"https:\/\/cj.estrategia.com\/portal\/?s={search_term_string}"},"query-input":{"@type":"PropertyValueSpecification","valueRequired":true,"valueName":"search_term_string"}}],"inLanguage":"pt-BR"},{"@type":"Organization","@id":"https:\/\/cj.estrategia.com\/portal\/#organization","name":"Estrat\u00e9gia - Carreiras Jur\u00eddicas","url":"https:\/\/cj.estrategia.com\/portal\/","logo":{"@type":"ImageObject","inLanguage":"pt-BR","@id":"https:\/\/cj.estrategia.com\/portal\/#\/schema\/logo\/image\/","url":"https:\/\/cj.estrategia.com\/portal\/wp-content\/uploads\/2022\/03\/11151052\/cj-logo.png","contentUrl":"https:\/\/cj.estrategia.com\/portal\/wp-content\/uploads\/2022\/03\/11151052\/cj-logo.png","width":150,"height":39,"caption":"Estrat\u00e9gia - Carreiras Jur\u00eddicas"},"image":{"@id":"https:\/\/cj.estrategia.com\/portal\/#\/schema\/logo\/image\/"},"sameAs":["https:\/\/www.facebook.com\/estrategiacarreirajuridica\/","https:\/\/x.com\/EstratJuridica","https:\/\/www.instagram.com\/estrategiacarreirajuridica\/","https:\/\/www.youtube.com\/channel\/UClbMGuYbj2Mh1m3w144ETWQ"]},{"@type":"Person","@id":"https:\/\/cj.estrategia.com\/portal\/#\/schema\/person\/4d70317d31449932b99102916b6637f5","name":"Coordena\u00e7\u00e3o","image":{"@type":"ImageObject","inLanguage":"pt-BR","@id":"https:\/\/cj.estrategia.com\/portal\/wp-content\/uploads\/2022\/05\/12164923\/estrategia-carreira-juridica-coordenacao-96x96.png","url":"https:\/\/cj.estrategia.com\/portal\/wp-content\/uploads\/2022\/05\/12164923\/estrategia-carreira-juridica-coordenacao-96x96.png","contentUrl":"https:\/\/cj.estrategia.com\/portal\/wp-content\/uploads\/2022\/05\/12164923\/estrategia-carreira-juridica-coordenacao-96x96.png","caption":"Coordena\u00e7\u00e3o"},"url":"https:\/\/cj.estrategia.com\/portal\/author\/coordenacao\/"}]}},"jetpack_featured_media_url":"https:\/\/cj.estrategia.com\/portal\/wp-content\/uploads\/2022\/09\/04103338\/DELEGADO-SP.jpg","jetpack_sharing_enabled":true,"_links":{"self":[{"href":"https:\/\/cj.estrategia.com\/portal\/wp-json\/wp\/v2\/posts\/51012","targetHints":{"allow":["GET"]}}],"collection":[{"href":"https:\/\/cj.estrategia.com\/portal\/wp-json\/wp\/v2\/posts"}],"about":[{"href":"https:\/\/cj.estrategia.com\/portal\/wp-json\/wp\/v2\/types\/post"}],"author":[{"embeddable":true,"href":"https:\/\/cj.estrategia.com\/portal\/wp-json\/wp\/v2\/users\/12"}],"replies":[{"embeddable":true,"href":"https:\/\/cj.estrategia.com\/portal\/wp-json\/wp\/v2\/comments?post=51012"}],"version-history":[{"count":2,"href":"https:\/\/cj.estrategia.com\/portal\/wp-json\/wp\/v2\/posts\/51012\/revisions"}],"predecessor-version":[{"id":51035,"href":"https:\/\/cj.estrategia.com\/portal\/wp-json\/wp\/v2\/posts\/51012\/revisions\/51035"}],"wp:featuredmedia":[{"embeddable":true,"href":"https:\/\/cj.estrategia.com\/portal\/wp-json\/wp\/v2\/media\/20797"}],"wp:attachment":[{"href":"https:\/\/cj.estrategia.com\/portal\/wp-json\/wp\/v2\/media?parent=51012"}],"wp:term":[{"taxonomy":"category","embeddable":true,"href":"https:\/\/cj.estrategia.com\/portal\/wp-json\/wp\/v2\/categories?post=51012"},{"taxonomy":"post_tag","embeddable":true,"href":"https:\/\/cj.estrategia.com\/portal\/wp-json\/wp\/v2\/tags?post=51012"},{"taxonomy":"tax_estado","embeddable":true,"href":"https:\/\/cj.estrategia.com\/portal\/wp-json\/wp\/v2\/tax_estado?post=51012"}],"curies":[{"name":"wp","href":"https:\/\/api.w.org\/{rel}","templated":true}]}}