{"id":50975,"date":"2023-12-05T19:56:32","date_gmt":"2023-12-05T22:56:32","guid":{"rendered":"https:\/\/cj.estrategia.com\/portal\/?p=50975"},"modified":"2023-12-05T19:56:36","modified_gmt":"2023-12-05T22:56:36","slug":"prova-comentada-juizados-especiais-e-codigo-de-normas-da-corregedoria-magistratura-pr","status":"publish","type":"post","link":"https:\/\/cj.estrategia.com\/portal\/prova-comentada-juizados-especiais-e-codigo-de-normas-da-corregedoria-magistratura-pr\/","title":{"rendered":"Prova comentada Juizados Especiais e C\u00f3digo de Normas da Corregedoria Magistratura PR"},"content":{"rendered":"\n<p>Ol\u00e1, pessoal, tudo certo?!<\/p>\n\n\n\n<p>Em 03\/12\/2023, foi aplicada a prova objetiva do concurso p\u00fablico para <strong>Juiz Substituto do TJ-PR<\/strong>. Assim que disponibilizados o caderno de provas e gabarito, nosso time de professores analisou cada uma das quest\u00f5es, que, agora, ser\u00e3o apresentadas em nossa <strong>PROVA COMENTADA<\/strong>.<\/p>\n\n\n\n<p>Este material visa a auxili\u00e1-los na aferi\u00e7\u00e3o das notas, elabora\u00e7\u00e3o de eventuais recursos, verifica\u00e7\u00e3o das chances de avan\u00e7o para fase discursiva, bem como na revis\u00e3o do conte\u00fado cobrado no certame.<\/p>\n\n\n\n<p>Desde j\u00e1, destacamos que nosso time de professores identificou 4 quest\u00f5es pass\u00edveis de recurso, por apresentarem duas ou nenhuma alternativa correta, como veremos adiante. No tipo de prova comentado, trata-se das quest\u00f5es 21, 26, 29 e 55.<\/p>\n\n\n\n<p>De modo complementar, elaboramos tamb\u00e9m o <strong><a href=\"https:\/\/cj.estrategia.com\/cadernos-e-simulados\/simulados\/e6a72f7d-9d00-48e0-903b-39ebc4bbf409\">RANKING de Juiz Substituto do TJ-PR<\/a><\/strong>, em que nossos alunos e seguidores poder\u00e3o inserir suas respostas \u00e0 prova, e, ao final, aferir sua nota, de acordo com o gabarito elaborado por nossos professores. Atrav\u00e9s do ranking, tamb\u00e9m poderemos estimar a nota de corte da 1\u00ba fase. Essa ferramenta \u00e9 gratuita e, para participar, basta clicar no link abaixo:<\/p>\n\n\n\n<p>Al\u00e9m disso, montamos um caderno para nossos seguidores, alunos ou n\u00e3o, verem os coment\u00e1rios e comentar as quest\u00f5es da prova. Clique <a href=\"https:\/\/cj.estrategia.com\/cadernos-e-simulados\/cadernos\/646fb7d4-a84c-4222-8402-eeee02185811\">AQUI<\/a> e confira!<\/p>\n\n\n\n<p>Por fim, comentamos a prova, as quest\u00f5es mais pol\u00eamicas, as possibilidades de recurso, bem como a estimativa da nota de corte no nosso canal do Youtube. Inscreva-se e ative as notifica\u00e7\u00f5es! <a href=\"https:\/\/www.youtube.com\/@EstrategiaCarreiraJuridica\"><strong>Estrat\u00e9gia Carreira Jur\u00eddica &#8211; YouTube<\/strong><\/a><\/p>\n\n\n\n<h2 class=\"wp-block-heading has-vivid-red-color has-text-color has-link-color wp-elements-98d6d3649d427039e3393c10a0d0d645\" id=\"h-prova-comentada-juizados-especiais-e-codigo-de-normas-da-corregedoria\"><span id=\"prova-comentada-juizados-especiais-e-codigo-de-normas-da-corregedoria\">Prova Comentada Juizados Especiais e C\u00f3digo de Normas da Corregedoria<\/span><\/h2>\n\n\n\n<p><strong>QUEST\u00c3O 66 \u2013 Ap\u00f3s o ajuizamento de uma demanda, pela sociedade empres\u00e1ria W, perante um Juizado Especial, descobriu-se que ela pertencia a um grupo econ\u00f4mico que tamb\u00e9m contava com as sociedades empres\u00e1rias X, Y e Z.<\/strong><\/p>\n\n\n\n<p><strong>A luz da sistem\u00e1tica estabelecida na Lei n\u00ba 9.099\/1995 e dos enunciados veiculados pelo F\u00f3rum Nacional de Juizados Especiais, \u00e9 correto afirmar que W:<\/strong><\/p>\n\n\n\n<p><strong>a) pode demandar individualmente no Juizado Especial, caso seja enquadrada como microempresa ou empresa de pequeno porte;<\/strong><\/p>\n\n\n\n<p><strong>b) por ter individualidade pr\u00f3pria, pode demandar no Juizado Especial caso sua receita bruta, concebida individualmente, n\u00e3o supere o limite para a microempresa;<\/strong><\/p>\n\n\n\n<p><strong>c) n\u00e3o pode demandar no Juizado Especial, considerando que a atua\u00e7\u00e3o de grupos e conglomerados n\u00e3o se ajusta \u00e0 ratio essendi das compet\u00eancias desse \u00f3rg\u00e3o jurisdicional;<\/strong><\/p>\n\n\n\n<p><strong>d) n\u00e3o pode demandar individualmente no Juizado Especial, caso a soma da receita bruta de todas as sociedades empres\u00e1rias do grupo supere o limite da empresa de pequeno porte;<\/strong><\/p>\n\n\n\n<p><strong>e) o fato de pertencer a um grupo somente impedir\u00e1 que demande individualmente no Juizado Especial caso haja um controlador comum a todas as sociedades empres\u00e1rias, equiparando o grupo \u00e0 sociedade an\u00f4nima.<\/strong><\/p>\n\n\n\n<p><strong>Coment\u00e1rios<\/strong><\/p>\n\n\n\n<p>A alternativa correta \u00e9 a <strong>letra D<\/strong>.&nbsp;<\/p>\n\n\n\n<p>A quest\u00e3o trata sobre juizados especiais c\u00edveis.<\/p>\n\n\n\n<p>As alternativas A, B, C e E est\u00e3o incorretas e a alternativa D est\u00e1 correta. Conforme Enunciado 172 do FONAJE: \u201cNa hip\u00f3tese de ficar caracterizado grupo econ\u00f4mico, as empresas individualmente consideradas n\u00e3o poder\u00e3o demandar nos Juizados Especiais caso a receita bruta supere o limite para a Empresa de Pequeno Porte\u201d.<\/p>\n\n\n\n<p><strong>QUEST\u00c3O 67. Maria, brasileira naturalizada, com o ensino m\u00e9dio completo, domiciliada na circunscri\u00e7\u00e3o territorial da Comarca X, do Estado do Paran\u00e1, soube da necessidade de ser nomeado um juiz de paz para atuar na cont\u00edgua Comarca Y, para a qual poderia se deslocar com facilidade.<\/strong><\/p>\n\n\n\n<p><strong>Ao se inteirar da autoridade perante a qual o juiz de paz toma posse e dos requisitos a serem preenchidos, Maria concluiu, corretamente, \u00e0 luz do C\u00f3digo de Organiza\u00e7\u00e3o e Divis\u00e3o Judici\u00e1rias do Estado do Paran\u00e1, que a posse se d\u00e1 perante:<\/strong><\/p>\n\n\n\n<p><strong>a) o juiz de direito com compet\u00eancia em mat\u00e9ria registral, mas ela n\u00e3o preenche os requisitos exigidos, por n\u00e3o ser brasileira nata e n\u00e3o ter n\u00edvel superior;<\/strong><\/p>\n\n\n\n<p><strong>b) o juiz diretor do F\u00f3rum, mas ela n\u00e3o preenche, apenas, o requisito de ter domicilio e resid\u00eancia na sede da Comarca Y;<\/strong><\/p>\n\n\n\n<p><strong>c) presidente do Tribunal de Justi\u00e7a, mas ela n\u00e3o preenche, apenas, o requisito de ter n\u00edvel superior;<\/strong><\/p>\n\n\n\n<p><strong>d) o juiz de direito com compet\u00eancia em mat\u00e9ria registral, e ela preenche os requisitos exigidos;<\/strong><\/p>\n\n\n\n<p><strong>e) o corregedor-geral da Justi\u00e7a, e ela preenche os requisitos exigidos.<\/strong><\/p>\n\n\n\n<p><strong>Coment\u00e1rios<\/strong><\/p>\n\n\n\n<p>A alternativa correta \u00e9 a <strong>letra B<\/strong>.&nbsp;<\/p>\n\n\n\n<p>A quest\u00e3o trata sobre C\u00f3digo de Organiza\u00e7\u00e3o e Divis\u00e3o Judici\u00e1rias do Estado do Paran\u00e1.<\/p>\n\n\n\n<p>As alternativas A, C, D e E est\u00e3o incorretas e a alternativa B est\u00e1 correta. Conforme artigos 116 e 117 do C\u00f3digo de Organiza\u00e7\u00e3o e Divis\u00e3o Judici\u00e1rias do Estado do Paran\u00e1: \u201cArt. 116. Em cada distrito das comarcas de entr\u00e2ncia inicial e intermedi\u00e1ria e em cada circunscri\u00e7\u00e3o do registro civil das comarcas de entr\u00e2ncia final, haver\u00e1 um (1) Juiz de Paz e dois (2) suplentes, que re\u00fanam os seguintes requisitos: I &#8211; cidadania brasileira e maioridade civil; II \u2013 gozo dos direitos civis, pol\u00edticos e quita\u00e7\u00e3o com o servi\u00e7o militar; III &#8211; ter domic\u00edlio e resid\u00eancia na sede do distrito ou da comarca, conforme seja o caso; IV \u2013 ter escolaridade correspondente ao segundo grau; V \u2013 ter bons antecedentes e n\u00e3o ser filiado a partido pol\u00edtico. Art. 117. O Juiz de Paz tomar\u00e1 posse e entrar\u00e1 no exerc\u00edcio da fun\u00e7\u00e3o perante o Juiz de Direito Diretor de F\u00f3rum da circunscri\u00e7\u00e3o onde deva servir\u201d.<\/p>\n\n\n\n<p><strong>QUEST\u00c3O 68. Maria, servidora do Tribunal de Justi\u00e7a do Estado do Paran\u00e1 e rec\u00e9m-lotada na Corregedoria-Geral da Justi\u00e7a, questionou uma colega de trabalho em rela\u00e7\u00e3o \u00e0 funcionalidade da denominada &#8220;inspe\u00e7\u00e3o&#8221;, tal qual disciplinada no C\u00f3digo de Normas da Corregedoria-Geral da Justi\u00e7a.<\/strong><\/p>\n\n\n\n<p><strong>A colega de trabalho de Maria respondeu, corretamente, que, na perspectiva do referido arcabou\u00e7o normativo, a inspe\u00e7\u00e3o:<\/strong><\/p>\n\n\n\n<p><strong>a) realizada por juiz de direito em secretaria a ele subordinada depender\u00e1 de pr\u00e9via autoriza\u00e7\u00e3o da Corregedoria-Geral da Justi\u00e7a;<\/strong><\/p>\n\n\n\n<p><strong>b) \u00e9 ato direcionado \u00e0 apura\u00e7\u00e3o de il\u00edcito administrativo, que ser\u00e1 descrito em portaria do corregedor-geral da Justi\u00e7a e conduzido por juiz auxiliar;<\/strong><\/p>\n\n\n\n<p><strong>c) quando realizada em oficio extrajudicial, ter\u00e1 por objeto o per\u00edodo anterior \u00e0 respectiva inspe\u00e7\u00e3o, tendo como data inicial o primeiro dia do ano;<\/strong><\/p>\n\n\n\n<p><strong>d) \u00e9 realizada no curso de processo administrativo disciplinar, pelo juiz diretor do F\u00f3rum, para verificar situa\u00e7\u00e3o ou estado de fato relevante para a instru\u00e7\u00e3o;<\/strong><\/p>\n\n\n\n<p><strong>e) conduzida pelo corregedor-geral da Justi\u00e7a ou por agente delegado, e pode ter por objeto a atua\u00e7\u00e3o de ju\u00edzes de direito, secretarias ou of\u00edcios extrajudiciais.<\/strong><\/p>\n\n\n\n<p><strong>Coment\u00e1rios<\/strong><\/p>\n\n\n\n<p>A alternativa correta \u00e9 a <strong>letra C<\/strong>. A quest\u00e3o trata sobre o C\u00f3digo de Normas da Corregedoria-Geral da Justi\u00e7a.<\/p>\n\n\n\n<p>A alternativa A est\u00e1 incorreta. N\u00e3o depender\u00e1 de pr\u00e9via autoriza\u00e7\u00e3o, conforme artigo 55 do C\u00f3digo de Normas da Corregedoria-Geral da Justi\u00e7a: \u201cArt. 55. O(A) Juiz(\u00edza) inspecionar\u00e1 as secretarias e os of\u00edcios extrajudiciais a ele subordinados, no primeiro trimestre de cada ano, e far\u00e1 a remessa do processo de inspe\u00e7\u00e3o finalizado \u00e0 Corregedoria-Geral da Justi\u00e7a at\u00e9 o dia 31 (trinta e um) do m\u00eas de mar\u00e7o do mesmo ano. \u00a7 1\u00ba Poder\u00e1 tamb\u00e9m o(a) Juiz(\u00edza) realizar inspe\u00e7\u00e3o extraordin\u00e1ria quando consider\u00e1-la necess\u00e1ria ou conveniente\u201d.<\/p>\n\n\n\n<p>As alternativas B e D est\u00e3o incorretas. Ser\u00e1 realizada pelo pr\u00f3prio juiz ao qual a secret\u00e1ria ou of\u00edcio estiverem vinculados, e n\u00e3o por juiz auxiliar, conforme artigo acima.<\/p>\n\n\n\n<p>A alternativa C est\u00e1 correta. Conforme artigo 56 do C\u00f3digo de Normas da Corregedoria-Geral da Justi\u00e7a: \u201cArt. 56. O per\u00edodo a ser inspecionado \u00e9 relativo ao ano anterior \u00e0 respectiva inspe\u00e7\u00e3o, tendo como data inicial o primeiro dia do ano e data final, o dia trinta e um do m\u00eas de dezembro, independentemente de ter sido realizada outra inspe\u00e7\u00e3o ou correi\u00e7\u00e3o durante o ano\u201d.<\/p>\n\n\n\n<p>A alternativa E est\u00e1 incorreta. N\u00e3o ser\u00e1 conduzida pelo CGJ e n\u00e3o pode ter por objeto a atua\u00e7\u00e3o de ju\u00edzes de direito, conforme artigo 55, acima citado.<\/p>\n\n\n\n<p><strong>QUEST\u00c3O 69. Ana, servidora ocupante de cargo de provimento efetivo no Tribunal de Justi\u00e7a do Estado do Paran\u00e1, foi incumbida por seu superior hier\u00e1rquico de encaminhar determinado expediente a Jo\u00e3o, juiz de direito substituto em primeiro grau, expediente este que seria afeto \u00e0 sua compet\u00eancia de substitui\u00e7\u00e3o.<\/strong><\/p>\n\n\n\n<p><strong>Ap\u00f3s analisar as caracter\u00edsticas do destinat\u00e1rio do expediente, \u00e0 luz do C\u00f3digo de Organiza\u00e7\u00e3o e Divis\u00e3o Judici\u00e1rias do Estado do Paran\u00e1, Ana concluiu, corretamente, que Jo\u00e3o:<\/strong><\/p>\n\n\n\n<p><strong>a) pode atuar em substitui\u00e7\u00e3o em qualquer entr\u00e2ncia;<\/strong><\/p>\n\n\n\n<p><strong>b) na organiza\u00e7\u00e3o da carreira, est\u00e1 abaixo dos ju\u00edzes de direito titulares de Vara;<\/strong><\/p>\n\n\n\n<p><strong>c) pode ser designado em substitui\u00e7\u00e3o apenas na entr\u00e2ncia inicial da carreira;<\/strong><\/p>\n\n\n\n<p><strong>d) est\u00e1 no in\u00edcio da carreira, podendo atuar em substitui\u00e7\u00e3o nas entr\u00e2ncias inicial e intermedi\u00e1ria;<\/strong><\/p>\n\n\n\n<p><strong>e) se encontra na entr\u00e2ncia final, atuando em substitui\u00e7\u00e3o nas Comarcas dessa categoria indicadas em lei.<\/strong><\/p>\n\n\n\n<p><strong>Coment\u00e1rios<\/strong><\/p>\n\n\n\n<p>A alternativa correta \u00e9 a <strong>letra E<\/strong>. A quest\u00e3o trata sobre o C\u00f3digo de Organiza\u00e7\u00e3o e Divis\u00e3o Judici\u00e1rias do Estado do Paran\u00e1.<\/p>\n\n\n\n<p>A alternativa E est\u00e1 correta e as alternativas A, B, C e D est\u00e3o incorretas. Conforme artigo 25, \u00a72\u00ba, do C\u00f3digo de Organiza\u00e7\u00e3o e Divis\u00e3o Judici\u00e1rias do Estado do Paran\u00e1: \u201c\u00a72\u00ba S\u00e3o Ju\u00edzes de Direito Substitutos de primeiro grau os de entr\u00e2ncia final, quando n\u00e3o titulares de varas, para substitui\u00e7\u00e3o nas comarcas dessa categoria sediadas na Regi\u00e3o Metropolitana de Curitiba, na Regi\u00e3o Metropolitana de Londrina, na Regi\u00e3o Metropolitana de Maring\u00e1, em Ponta Grossa, Foz do Igua\u00e7u, Cascavel, Guarapuava e Umuarama, promovidos entre os de entr\u00e2ncia intermedi\u00e1ria ou removidos de uma para outra das comarcas de entr\u00e2ncia final\u201d.<\/p>\n\n\n\n<p><strong>QUEST\u00c3O 70. Com a vac\u00e2ncia de determinada serventia extrajudicial notarial, em raz\u00e3o da morte do titular, a autoridade competente iniciou os procedimentos necess\u00e1rios para a designa\u00e7\u00e3o do agente que responderia interinamente pela serventia. Por n\u00e3o haver escrevente substituto que atendesse aos requisitos legais, a referida autoridade consultou o C\u00f3digo de Normas da Corregedoria-Geral da Justi\u00e7a do Estado do Paran\u00e1 a respeito da possibilidade de designar interinamente um delegat\u00e1rio, para responder pelo expediente de outra serventia, concluindo, ao fim de suas reflex\u00f5es, que:<\/strong><\/p>\n\n\n\n<p><strong>a) \u00e9 poss\u00edvel designar delegat\u00e1rio, interinamente, como respons\u00e1vel pelo expediente, desde que esteja em exerc\u00edcio no mesmo Munic\u00edpio;<\/strong><\/p>\n\n\n\n<p><strong>b) somente pode haver designa\u00e7\u00e3o, nas circunst\u00e2ncias indicadas, se houver concurso de provas e t\u00edtulos para a designa\u00e7\u00e3o de interinos;<\/strong><\/p>\n\n\n\n<p><strong>c) a designa\u00e7\u00e3o, nas circunst\u00e2ncias indicadas, deve ser precedida de consulta a todos os agentes delegados que preencham os requisitos exigidos;<\/strong><\/p>\n\n\n\n<p><strong>d) delegat\u00e1rios de serventias extrajudiciais n\u00e3o podem acumular serventias, o que decorre do princ\u00edpio geral que veda a acumula\u00e7\u00e3o de cargos ou fun\u00e7\u00f5es;<\/strong><\/p>\n\n\n\n<p><strong>e) deve ser observada a ordem de classifica\u00e7\u00e3o do \u00faltimo concurso de provas e t\u00edtulos realizado no \u00e2mbito do Estado, salvo se a validade estiver finda, o que permitir\u00e1 a designa\u00e7\u00e3o em car\u00e1ter discricion\u00e1rio.<\/strong><\/p>\n\n\n\n<p><strong>Coment\u00e1rios<\/strong><\/p>\n\n\n\n<p>A alternativa correta \u00e9 a <strong>letra C<\/strong>.&nbsp;<\/p>\n\n\n\n<p>A quest\u00e3o trata sobre o C\u00f3digo de Normas da Corregedoria-Geral da Justi\u00e7a do Estado do Paran\u00e1.<\/p>\n\n\n\n<p>A alternativa A est\u00e1 incorreta. N\u00e3o precisa ser no mesmo munic\u00edpio, conforme artigo 86-E do C\u00f3digo de Normas da Corregedoria-Geral da Justi\u00e7a do Estado do Paran\u00e1: &#8220;Art. 86-E. N\u00e3o havendo substituto que atenda aos requisitos do art. 86-C, par\u00e1grafo \u00fanico, e do art. 86-D, o Juiz Diretor do F\u00f3rum designar\u00e1, interinamente, como respons\u00e1vel pelo expediente, delegat\u00e1rio em exerc\u00edcio no mesmo munic\u00edpio ou no munic\u00edpio cont\u00edguo, que detenha uma das atribui\u00e7\u00f5es do servi\u00e7o vago.&#8221;<\/p>\n\n\n\n<p>A alternativa B est\u00e1 incorreta. N\u00e3o h\u00e1 necessidade de concurso nestes casos, pois a substitui\u00e7\u00e3o \u00e9 interina, provis\u00f3ria.<\/p>\n\n\n\n<p>A alternativa C est\u00e1 correta. Conforme artigo 86-E, \u00a71\u00ba, do C\u00f3digo de Normas da Corregedoria-Geral da Justi\u00e7a do Estado do Paran\u00e1: &#8220;\u00a71\u00ba A designa\u00e7\u00e3o de delegat\u00e1rio, nos termos deste artigo, ser\u00e1 precedida de consulta a todos os agentes delegados em exerc\u00edcio, no mesmo munic\u00edpio ou no munic\u00edpio cont\u00edguo, que detenham uma das atribui\u00e7\u00f5es do servi\u00e7o vago.&#8221;<\/p>\n\n\n\n<p>A alternativa D est\u00e1 incorreta. H\u00e1 a possibilidade de acumula\u00e7\u00e3o, conforme artigo 86-D, \u00a71\u00ba, g, do C\u00f3digo de Normas da Corregedoria-Geral da Justi\u00e7a do Estado do Paran\u00e1: &#8221; Art. 86-D. A designa\u00e7\u00e3o de interino n\u00e3o poder\u00e1 recair sobre pessoa condenada, em decis\u00e3o com tr\u00e2nsito em julgado ou proferida por \u00f3rg\u00e3o jurisdicional colegiado, nas seguintes hip\u00f3teses: \u00a7 1\u00ba Na mesma proibi\u00e7\u00e3o dos incisos I e II deste artigo, incide aquele que: g) for titular de outra delega\u00e7\u00e3o, salvo nas hip\u00f3teses de acumula\u00e7\u00e3o do servi\u00e7o, quando n\u00e3o houver escrevente substituto do servi\u00e7o apto a ser designado, ou em caso de desconstitui\u00e7\u00e3o do ato de outorga, por decis\u00e3o judicial ou administrativa &#8220;<\/p>\n\n\n\n<p>A alternativa E est\u00e1 incorreta. N\u00e3o h\u00e1 necessidade de observar a ordem de classifica\u00e7\u00e3o, pois, como regra, ser\u00e1 indicado como interino aquele que for mais antigo, conforme artigo 86-C do C\u00f3digo de Normas da Corregedoria-Geral da Justi\u00e7a do Estado do Paran\u00e1: \u201cArt. 86-C. Ocorrendo a vac\u00e2ncia de servi\u00e7o notarial e\/ou de registro, o Juiz Diretor do F\u00f3rum designar\u00e1, para responder interinamente pela serventia, o escrevente substituto mais antigo, e desimpedido, que exer\u00e7a a substitui\u00e7\u00e3o no momento da declara\u00e7\u00e3o da vac\u00e2ncia.<\/p>\n\n\n\n<p class=\"has-text-align-center has-luminous-vivid-amber-to-luminous-vivid-orange-gradient-background has-background\"><a href=\"https:\/\/cj.estrategia.com\/portal\/concurso-magistratura-pr\/\">SAIBA MAIS: Concurso Magistratura PR<\/a><\/p>\n\n\n\n<h2 class=\"wp-block-heading has-text-align-center\" id=\"cursos\"><span id=\"quer-saber-tudo-sobre-concursos-previstosconfira-nossos-artigos\">Quer saber tudo sobre concursos previstos?<br>Confira nossos artigos!<\/span><\/h2>\n\n\n\n\n\n<h2 class=\"wp-block-heading has-text-align-center\" id=\"h-cursos-para-o-concurso-magistratura-pr\"><span id=\"cursos-para-o-concurso-magistratura-pr\">Cursos para o concurso Magistratura PR<\/span><\/h2>\n\n\n\n<div class=\"container\" id=\"boxes\">\n  <div class=\"row\">\n\n    <div class=\"col-sm\">\n      <div class=\"banner-estrategia-concursos-juridicos\" id=\"box-assinatura\">\n        <h2 id=\"curso-para-magistratura-pr\" class=\"titulo-assinatura\"><span style=\"color: #ffffff; font-size: 23px; \">Curso para Magistratura PR <\/span><\/h2>\n        <p class=\"subtitulo-assinatura\">Cursos focados no edital do concurso<\/p>\n        <div class=\"box-botao\">\n          <a class=\"btn-assinatura-juridica\" target=\"_blank\" href=\"https:\/\/cj.estrategia.com\/curso\/tj-pr-juiz-substituto-pacote-teorico-2022-pre-edital\/\" role=\"button\" rel=\"noopener noreferrer\">Conhe\u00e7a mais<\/a>\n        <\/div>\n      <\/div>\n   \n    <\/div>\n\n  <\/div>\n<\/div>\n","protected":false},"excerpt":{"rendered":"Ol\u00e1, pessoal, tudo certo?! Em 03\/12\/2023, foi aplicada a prova objetiva do concurso p\u00fablico para Juiz Substituto do&hellip;\n","protected":false},"author":12,"featured_media":31391,"comment_status":"open","ping_status":"open","sticky":false,"template":"","format":"standard","meta":{"_jetpack_memberships_contains_paid_content":false,"footnotes":""},"categories":[26],"tags":[],"tax_estado":[48],"class_list":{"0":"post-50975","1":"post","2":"type-post","3":"status-publish","4":"format-standard","5":"has-post-thumbnail","7":"category-magistratura","8":"tax_estado-pr"},"acf":[],"yoast_head":"<!-- This site is optimized with the Yoast SEO Premium plugin v27.4 (Yoast SEO v27.4) - https:\/\/yoast.com\/product\/yoast-seo-premium-wordpress\/ -->\n<title>Prova comentada Juizados Especiais e C\u00f3digo de Normas da Corregedoria Magistratura PR<\/title>\n<meta name=\"description\" content=\"Prova comentada Juizados Especiais e C\u00f3digo de Normas da Corregedoria Magistratura PR: confira AQUI os coment\u00e1rios dos professores e tire suas d\u00favidas!\" \/>\n<meta name=\"robots\" content=\"index, follow, max-snippet:-1, max-image-preview:large, max-video-preview:-1\" \/>\n<link rel=\"canonical\" href=\"https:\/\/cj.estrategia.com\/portal\/prova-comentada-juizados-especiais-e-codigo-de-normas-da-corregedoria-magistratura-pr\/\" \/>\n<meta property=\"og:locale\" content=\"pt_BR\" \/>\n<meta property=\"og:type\" content=\"article\" \/>\n<meta property=\"og:title\" content=\"Prova comentada Juizados Especiais e C\u00f3digo de Normas da Corregedoria Magistratura PR\" \/>\n<meta property=\"og:description\" content=\"Prova comentada Juizados Especiais e C\u00f3digo de Normas da Corregedoria Magistratura PR: confira AQUI os coment\u00e1rios dos professores e tire suas d\u00favidas!\" \/>\n<meta property=\"og:url\" content=\"https:\/\/cj.estrategia.com\/portal\/prova-comentada-juizados-especiais-e-codigo-de-normas-da-corregedoria-magistratura-pr\/\" \/>\n<meta property=\"og:site_name\" content=\"Blog - Carreiras Jur\u00eddicas - Estrat\u00e9gia\" \/>\n<meta property=\"article:publisher\" content=\"https:\/\/www.facebook.com\/estrategiacarreirajuridica\/\" \/>\n<meta property=\"article:published_time\" content=\"2023-12-05T22:56:32+00:00\" \/>\n<meta property=\"article:modified_time\" content=\"2023-12-05T22:56:36+00:00\" \/>\n<meta property=\"og:image\" content=\"https:\/\/cj.estrategia.com\/portal\/wp-content\/uploads\/2023\/01\/17154154\/concurso-magistratura-pr-ecj.jpg\" \/>\n\t<meta property=\"og:image:width\" content=\"960\" \/>\n\t<meta property=\"og:image:height\" content=\"540\" \/>\n\t<meta property=\"og:image:type\" content=\"image\/jpeg\" \/>\n<meta name=\"author\" content=\"Coordena\u00e7\u00e3o\" \/>\n<meta name=\"twitter:card\" content=\"summary_large_image\" \/>\n<meta name=\"twitter:creator\" content=\"@EstratJuridica\" \/>\n<meta name=\"twitter:site\" content=\"@EstratJuridica\" \/>\n<meta name=\"twitter:label1\" content=\"Escrito por\" \/>\n\t<meta name=\"twitter:data1\" content=\"Coordena\u00e7\u00e3o\" \/>\n\t<meta name=\"twitter:label2\" content=\"Est. tempo de leitura\" \/>\n\t<meta name=\"twitter:data2\" content=\"12 minutos\" \/>\n<script type=\"application\/ld+json\" class=\"yoast-schema-graph\">{\"@context\":\"https:\\\/\\\/schema.org\",\"@graph\":[{\"@type\":\"NewsArticle\",\"@id\":\"https:\\\/\\\/cj.estrategia.com\\\/portal\\\/prova-comentada-juizados-especiais-e-codigo-de-normas-da-corregedoria-magistratura-pr\\\/#article\",\"isPartOf\":{\"@id\":\"https:\\\/\\\/cj.estrategia.com\\\/portal\\\/prova-comentada-juizados-especiais-e-codigo-de-normas-da-corregedoria-magistratura-pr\\\/\"},\"author\":{\"name\":\"Coordena\u00e7\u00e3o\",\"@id\":\"https:\\\/\\\/cj.estrategia.com\\\/portal\\\/#\\\/schema\\\/person\\\/4d70317d31449932b99102916b6637f5\"},\"headline\":\"Prova comentada Juizados Especiais e C\u00f3digo de Normas da Corregedoria Magistratura PR\",\"datePublished\":\"2023-12-05T22:56:32+00:00\",\"dateModified\":\"2023-12-05T22:56:36+00:00\",\"mainEntityOfPage\":{\"@id\":\"https:\\\/\\\/cj.estrategia.com\\\/portal\\\/prova-comentada-juizados-especiais-e-codigo-de-normas-da-corregedoria-magistratura-pr\\\/\"},\"wordCount\":2360,\"commentCount\":0,\"publisher\":{\"@id\":\"https:\\\/\\\/cj.estrategia.com\\\/portal\\\/#organization\"},\"image\":{\"@id\":\"https:\\\/\\\/cj.estrategia.com\\\/portal\\\/prova-comentada-juizados-especiais-e-codigo-de-normas-da-corregedoria-magistratura-pr\\\/#primaryimage\"},\"thumbnailUrl\":\"https:\\\/\\\/cj.estrategia.com\\\/portal\\\/wp-content\\\/uploads\\\/2023\\\/01\\\/17154154\\\/concurso-magistratura-pr-ecj.jpg\",\"articleSection\":[\"Magistratura\"],\"inLanguage\":\"pt-BR\",\"potentialAction\":[{\"@type\":\"CommentAction\",\"name\":\"Comment\",\"target\":[\"https:\\\/\\\/cj.estrategia.com\\\/portal\\\/prova-comentada-juizados-especiais-e-codigo-de-normas-da-corregedoria-magistratura-pr\\\/#respond\"]}]},{\"@type\":\"WebPage\",\"@id\":\"https:\\\/\\\/cj.estrategia.com\\\/portal\\\/prova-comentada-juizados-especiais-e-codigo-de-normas-da-corregedoria-magistratura-pr\\\/\",\"url\":\"https:\\\/\\\/cj.estrategia.com\\\/portal\\\/prova-comentada-juizados-especiais-e-codigo-de-normas-da-corregedoria-magistratura-pr\\\/\",\"name\":\"Prova comentada Juizados Especiais e C\u00f3digo de Normas da Corregedoria Magistratura PR\",\"isPartOf\":{\"@id\":\"https:\\\/\\\/cj.estrategia.com\\\/portal\\\/#website\"},\"primaryImageOfPage\":{\"@id\":\"https:\\\/\\\/cj.estrategia.com\\\/portal\\\/prova-comentada-juizados-especiais-e-codigo-de-normas-da-corregedoria-magistratura-pr\\\/#primaryimage\"},\"image\":{\"@id\":\"https:\\\/\\\/cj.estrategia.com\\\/portal\\\/prova-comentada-juizados-especiais-e-codigo-de-normas-da-corregedoria-magistratura-pr\\\/#primaryimage\"},\"thumbnailUrl\":\"https:\\\/\\\/cj.estrategia.com\\\/portal\\\/wp-content\\\/uploads\\\/2023\\\/01\\\/17154154\\\/concurso-magistratura-pr-ecj.jpg\",\"datePublished\":\"2023-12-05T22:56:32+00:00\",\"dateModified\":\"2023-12-05T22:56:36+00:00\",\"description\":\"Prova comentada Juizados Especiais e C\u00f3digo de Normas da Corregedoria Magistratura PR: confira AQUI os coment\u00e1rios dos professores e tire suas d\u00favidas!\",\"breadcrumb\":{\"@id\":\"https:\\\/\\\/cj.estrategia.com\\\/portal\\\/prova-comentada-juizados-especiais-e-codigo-de-normas-da-corregedoria-magistratura-pr\\\/#breadcrumb\"},\"inLanguage\":\"pt-BR\",\"potentialAction\":[{\"@type\":\"ReadAction\",\"target\":[\"https:\\\/\\\/cj.estrategia.com\\\/portal\\\/prova-comentada-juizados-especiais-e-codigo-de-normas-da-corregedoria-magistratura-pr\\\/\"]}]},{\"@type\":\"ImageObject\",\"inLanguage\":\"pt-BR\",\"@id\":\"https:\\\/\\\/cj.estrategia.com\\\/portal\\\/prova-comentada-juizados-especiais-e-codigo-de-normas-da-corregedoria-magistratura-pr\\\/#primaryimage\",\"url\":\"https:\\\/\\\/cj.estrategia.com\\\/portal\\\/wp-content\\\/uploads\\\/2023\\\/01\\\/17154154\\\/concurso-magistratura-pr-ecj.jpg\",\"contentUrl\":\"https:\\\/\\\/cj.estrategia.com\\\/portal\\\/wp-content\\\/uploads\\\/2023\\\/01\\\/17154154\\\/concurso-magistratura-pr-ecj.jpg\",\"width\":960,\"height\":540,\"caption\":\"Concurso Juiz PR\"},{\"@type\":\"BreadcrumbList\",\"@id\":\"https:\\\/\\\/cj.estrategia.com\\\/portal\\\/prova-comentada-juizados-especiais-e-codigo-de-normas-da-corregedoria-magistratura-pr\\\/#breadcrumb\",\"itemListElement\":[{\"@type\":\"ListItem\",\"position\":1,\"name\":\"In\u00edcio\",\"item\":\"https:\\\/\\\/cj.estrategia.com\\\/portal\\\/\"},{\"@type\":\"ListItem\",\"position\":2,\"name\":\"Prova comentada Juizados Especiais e C\u00f3digo de Normas da Corregedoria Magistratura PR\"}]},{\"@type\":\"WebSite\",\"@id\":\"https:\\\/\\\/cj.estrategia.com\\\/portal\\\/#website\",\"url\":\"https:\\\/\\\/cj.estrategia.com\\\/portal\\\/\",\"name\":\"Blog - Carreiras Jur\u00eddicas - Estrat\u00e9gia\",\"description\":\"\",\"publisher\":{\"@id\":\"https:\\\/\\\/cj.estrategia.com\\\/portal\\\/#organization\"},\"potentialAction\":[{\"@type\":\"SearchAction\",\"target\":{\"@type\":\"EntryPoint\",\"urlTemplate\":\"https:\\\/\\\/cj.estrategia.com\\\/portal\\\/?s={search_term_string}\"},\"query-input\":{\"@type\":\"PropertyValueSpecification\",\"valueRequired\":true,\"valueName\":\"search_term_string\"}}],\"inLanguage\":\"pt-BR\"},{\"@type\":\"Organization\",\"@id\":\"https:\\\/\\\/cj.estrategia.com\\\/portal\\\/#organization\",\"name\":\"Estrat\u00e9gia - Carreiras Jur\u00eddicas\",\"url\":\"https:\\\/\\\/cj.estrategia.com\\\/portal\\\/\",\"logo\":{\"@type\":\"ImageObject\",\"inLanguage\":\"pt-BR\",\"@id\":\"https:\\\/\\\/cj.estrategia.com\\\/portal\\\/#\\\/schema\\\/logo\\\/image\\\/\",\"url\":\"https:\\\/\\\/cj.estrategia.com\\\/portal\\\/wp-content\\\/uploads\\\/2022\\\/03\\\/11151052\\\/cj-logo.png\",\"contentUrl\":\"https:\\\/\\\/cj.estrategia.com\\\/portal\\\/wp-content\\\/uploads\\\/2022\\\/03\\\/11151052\\\/cj-logo.png\",\"width\":150,\"height\":39,\"caption\":\"Estrat\u00e9gia - Carreiras Jur\u00eddicas\"},\"image\":{\"@id\":\"https:\\\/\\\/cj.estrategia.com\\\/portal\\\/#\\\/schema\\\/logo\\\/image\\\/\"},\"sameAs\":[\"https:\\\/\\\/www.facebook.com\\\/estrategiacarreirajuridica\\\/\",\"https:\\\/\\\/x.com\\\/EstratJuridica\",\"https:\\\/\\\/www.instagram.com\\\/estrategiacarreirajuridica\\\/\",\"https:\\\/\\\/www.youtube.com\\\/channel\\\/UClbMGuYbj2Mh1m3w144ETWQ\"]},{\"@type\":\"Person\",\"@id\":\"https:\\\/\\\/cj.estrategia.com\\\/portal\\\/#\\\/schema\\\/person\\\/4d70317d31449932b99102916b6637f5\",\"name\":\"Coordena\u00e7\u00e3o\",\"image\":{\"@type\":\"ImageObject\",\"inLanguage\":\"pt-BR\",\"@id\":\"https:\\\/\\\/cj.estrategia.com\\\/portal\\\/wp-content\\\/uploads\\\/2022\\\/05\\\/12164923\\\/estrategia-carreira-juridica-coordenacao-96x96.png\",\"url\":\"https:\\\/\\\/cj.estrategia.com\\\/portal\\\/wp-content\\\/uploads\\\/2022\\\/05\\\/12164923\\\/estrategia-carreira-juridica-coordenacao-96x96.png\",\"contentUrl\":\"https:\\\/\\\/cj.estrategia.com\\\/portal\\\/wp-content\\\/uploads\\\/2022\\\/05\\\/12164923\\\/estrategia-carreira-juridica-coordenacao-96x96.png\",\"caption\":\"Coordena\u00e7\u00e3o\"},\"url\":\"https:\\\/\\\/cj.estrategia.com\\\/portal\\\/author\\\/coordenacao\\\/\"}]}<\/script>\n<!-- \/ Yoast SEO Premium plugin. -->","yoast_head_json":{"title":"Prova comentada Juizados Especiais e C\u00f3digo de Normas da Corregedoria Magistratura PR","description":"Prova comentada Juizados Especiais e C\u00f3digo de Normas da Corregedoria Magistratura PR: confira AQUI os coment\u00e1rios dos professores e tire suas d\u00favidas!","robots":{"index":"index","follow":"follow","max-snippet":"max-snippet:-1","max-image-preview":"max-image-preview:large","max-video-preview":"max-video-preview:-1"},"canonical":"https:\/\/cj.estrategia.com\/portal\/prova-comentada-juizados-especiais-e-codigo-de-normas-da-corregedoria-magistratura-pr\/","og_locale":"pt_BR","og_type":"article","og_title":"Prova comentada Juizados Especiais e C\u00f3digo de Normas da Corregedoria Magistratura PR","og_description":"Prova comentada Juizados Especiais e C\u00f3digo de Normas da Corregedoria Magistratura PR: confira AQUI os coment\u00e1rios dos professores e tire suas d\u00favidas!","og_url":"https:\/\/cj.estrategia.com\/portal\/prova-comentada-juizados-especiais-e-codigo-de-normas-da-corregedoria-magistratura-pr\/","og_site_name":"Blog - Carreiras Jur\u00eddicas - Estrat\u00e9gia","article_publisher":"https:\/\/www.facebook.com\/estrategiacarreirajuridica\/","article_published_time":"2023-12-05T22:56:32+00:00","article_modified_time":"2023-12-05T22:56:36+00:00","og_image":[{"width":960,"height":540,"url":"https:\/\/cj.estrategia.com\/portal\/wp-content\/uploads\/2023\/01\/17154154\/concurso-magistratura-pr-ecj.jpg","type":"image\/jpeg"}],"author":"Coordena\u00e7\u00e3o","twitter_card":"summary_large_image","twitter_creator":"@EstratJuridica","twitter_site":"@EstratJuridica","twitter_misc":{"Escrito por":"Coordena\u00e7\u00e3o","Est. tempo de leitura":"12 minutos"},"schema":{"@context":"https:\/\/schema.org","@graph":[{"@type":"NewsArticle","@id":"https:\/\/cj.estrategia.com\/portal\/prova-comentada-juizados-especiais-e-codigo-de-normas-da-corregedoria-magistratura-pr\/#article","isPartOf":{"@id":"https:\/\/cj.estrategia.com\/portal\/prova-comentada-juizados-especiais-e-codigo-de-normas-da-corregedoria-magistratura-pr\/"},"author":{"name":"Coordena\u00e7\u00e3o","@id":"https:\/\/cj.estrategia.com\/portal\/#\/schema\/person\/4d70317d31449932b99102916b6637f5"},"headline":"Prova comentada Juizados Especiais e C\u00f3digo de Normas da Corregedoria Magistratura PR","datePublished":"2023-12-05T22:56:32+00:00","dateModified":"2023-12-05T22:56:36+00:00","mainEntityOfPage":{"@id":"https:\/\/cj.estrategia.com\/portal\/prova-comentada-juizados-especiais-e-codigo-de-normas-da-corregedoria-magistratura-pr\/"},"wordCount":2360,"commentCount":0,"publisher":{"@id":"https:\/\/cj.estrategia.com\/portal\/#organization"},"image":{"@id":"https:\/\/cj.estrategia.com\/portal\/prova-comentada-juizados-especiais-e-codigo-de-normas-da-corregedoria-magistratura-pr\/#primaryimage"},"thumbnailUrl":"https:\/\/cj.estrategia.com\/portal\/wp-content\/uploads\/2023\/01\/17154154\/concurso-magistratura-pr-ecj.jpg","articleSection":["Magistratura"],"inLanguage":"pt-BR","potentialAction":[{"@type":"CommentAction","name":"Comment","target":["https:\/\/cj.estrategia.com\/portal\/prova-comentada-juizados-especiais-e-codigo-de-normas-da-corregedoria-magistratura-pr\/#respond"]}]},{"@type":"WebPage","@id":"https:\/\/cj.estrategia.com\/portal\/prova-comentada-juizados-especiais-e-codigo-de-normas-da-corregedoria-magistratura-pr\/","url":"https:\/\/cj.estrategia.com\/portal\/prova-comentada-juizados-especiais-e-codigo-de-normas-da-corregedoria-magistratura-pr\/","name":"Prova comentada Juizados Especiais e C\u00f3digo de Normas da Corregedoria Magistratura PR","isPartOf":{"@id":"https:\/\/cj.estrategia.com\/portal\/#website"},"primaryImageOfPage":{"@id":"https:\/\/cj.estrategia.com\/portal\/prova-comentada-juizados-especiais-e-codigo-de-normas-da-corregedoria-magistratura-pr\/#primaryimage"},"image":{"@id":"https:\/\/cj.estrategia.com\/portal\/prova-comentada-juizados-especiais-e-codigo-de-normas-da-corregedoria-magistratura-pr\/#primaryimage"},"thumbnailUrl":"https:\/\/cj.estrategia.com\/portal\/wp-content\/uploads\/2023\/01\/17154154\/concurso-magistratura-pr-ecj.jpg","datePublished":"2023-12-05T22:56:32+00:00","dateModified":"2023-12-05T22:56:36+00:00","description":"Prova comentada Juizados Especiais e C\u00f3digo de Normas da Corregedoria Magistratura PR: confira AQUI os coment\u00e1rios dos professores e tire suas d\u00favidas!","breadcrumb":{"@id":"https:\/\/cj.estrategia.com\/portal\/prova-comentada-juizados-especiais-e-codigo-de-normas-da-corregedoria-magistratura-pr\/#breadcrumb"},"inLanguage":"pt-BR","potentialAction":[{"@type":"ReadAction","target":["https:\/\/cj.estrategia.com\/portal\/prova-comentada-juizados-especiais-e-codigo-de-normas-da-corregedoria-magistratura-pr\/"]}]},{"@type":"ImageObject","inLanguage":"pt-BR","@id":"https:\/\/cj.estrategia.com\/portal\/prova-comentada-juizados-especiais-e-codigo-de-normas-da-corregedoria-magistratura-pr\/#primaryimage","url":"https:\/\/cj.estrategia.com\/portal\/wp-content\/uploads\/2023\/01\/17154154\/concurso-magistratura-pr-ecj.jpg","contentUrl":"https:\/\/cj.estrategia.com\/portal\/wp-content\/uploads\/2023\/01\/17154154\/concurso-magistratura-pr-ecj.jpg","width":960,"height":540,"caption":"Concurso Juiz PR"},{"@type":"BreadcrumbList","@id":"https:\/\/cj.estrategia.com\/portal\/prova-comentada-juizados-especiais-e-codigo-de-normas-da-corregedoria-magistratura-pr\/#breadcrumb","itemListElement":[{"@type":"ListItem","position":1,"name":"In\u00edcio","item":"https:\/\/cj.estrategia.com\/portal\/"},{"@type":"ListItem","position":2,"name":"Prova comentada Juizados Especiais e C\u00f3digo de Normas da Corregedoria Magistratura PR"}]},{"@type":"WebSite","@id":"https:\/\/cj.estrategia.com\/portal\/#website","url":"https:\/\/cj.estrategia.com\/portal\/","name":"Blog - Carreiras Jur\u00eddicas - Estrat\u00e9gia","description":"","publisher":{"@id":"https:\/\/cj.estrategia.com\/portal\/#organization"},"potentialAction":[{"@type":"SearchAction","target":{"@type":"EntryPoint","urlTemplate":"https:\/\/cj.estrategia.com\/portal\/?s={search_term_string}"},"query-input":{"@type":"PropertyValueSpecification","valueRequired":true,"valueName":"search_term_string"}}],"inLanguage":"pt-BR"},{"@type":"Organization","@id":"https:\/\/cj.estrategia.com\/portal\/#organization","name":"Estrat\u00e9gia - Carreiras Jur\u00eddicas","url":"https:\/\/cj.estrategia.com\/portal\/","logo":{"@type":"ImageObject","inLanguage":"pt-BR","@id":"https:\/\/cj.estrategia.com\/portal\/#\/schema\/logo\/image\/","url":"https:\/\/cj.estrategia.com\/portal\/wp-content\/uploads\/2022\/03\/11151052\/cj-logo.png","contentUrl":"https:\/\/cj.estrategia.com\/portal\/wp-content\/uploads\/2022\/03\/11151052\/cj-logo.png","width":150,"height":39,"caption":"Estrat\u00e9gia - Carreiras Jur\u00eddicas"},"image":{"@id":"https:\/\/cj.estrategia.com\/portal\/#\/schema\/logo\/image\/"},"sameAs":["https:\/\/www.facebook.com\/estrategiacarreirajuridica\/","https:\/\/x.com\/EstratJuridica","https:\/\/www.instagram.com\/estrategiacarreirajuridica\/","https:\/\/www.youtube.com\/channel\/UClbMGuYbj2Mh1m3w144ETWQ"]},{"@type":"Person","@id":"https:\/\/cj.estrategia.com\/portal\/#\/schema\/person\/4d70317d31449932b99102916b6637f5","name":"Coordena\u00e7\u00e3o","image":{"@type":"ImageObject","inLanguage":"pt-BR","@id":"https:\/\/cj.estrategia.com\/portal\/wp-content\/uploads\/2022\/05\/12164923\/estrategia-carreira-juridica-coordenacao-96x96.png","url":"https:\/\/cj.estrategia.com\/portal\/wp-content\/uploads\/2022\/05\/12164923\/estrategia-carreira-juridica-coordenacao-96x96.png","contentUrl":"https:\/\/cj.estrategia.com\/portal\/wp-content\/uploads\/2022\/05\/12164923\/estrategia-carreira-juridica-coordenacao-96x96.png","caption":"Coordena\u00e7\u00e3o"},"url":"https:\/\/cj.estrategia.com\/portal\/author\/coordenacao\/"}]}},"jetpack_featured_media_url":"https:\/\/cj.estrategia.com\/portal\/wp-content\/uploads\/2023\/01\/17154154\/concurso-magistratura-pr-ecj.jpg","jetpack_sharing_enabled":true,"_links":{"self":[{"href":"https:\/\/cj.estrategia.com\/portal\/wp-json\/wp\/v2\/posts\/50975","targetHints":{"allow":["GET"]}}],"collection":[{"href":"https:\/\/cj.estrategia.com\/portal\/wp-json\/wp\/v2\/posts"}],"about":[{"href":"https:\/\/cj.estrategia.com\/portal\/wp-json\/wp\/v2\/types\/post"}],"author":[{"embeddable":true,"href":"https:\/\/cj.estrategia.com\/portal\/wp-json\/wp\/v2\/users\/12"}],"replies":[{"embeddable":true,"href":"https:\/\/cj.estrategia.com\/portal\/wp-json\/wp\/v2\/comments?post=50975"}],"version-history":[{"count":1,"href":"https:\/\/cj.estrategia.com\/portal\/wp-json\/wp\/v2\/posts\/50975\/revisions"}],"predecessor-version":[{"id":50991,"href":"https:\/\/cj.estrategia.com\/portal\/wp-json\/wp\/v2\/posts\/50975\/revisions\/50991"}],"wp:featuredmedia":[{"embeddable":true,"href":"https:\/\/cj.estrategia.com\/portal\/wp-json\/wp\/v2\/media\/31391"}],"wp:attachment":[{"href":"https:\/\/cj.estrategia.com\/portal\/wp-json\/wp\/v2\/media?parent=50975"}],"wp:term":[{"taxonomy":"category","embeddable":true,"href":"https:\/\/cj.estrategia.com\/portal\/wp-json\/wp\/v2\/categories?post=50975"},{"taxonomy":"post_tag","embeddable":true,"href":"https:\/\/cj.estrategia.com\/portal\/wp-json\/wp\/v2\/tags?post=50975"},{"taxonomy":"tax_estado","embeddable":true,"href":"https:\/\/cj.estrategia.com\/portal\/wp-json\/wp\/v2\/tax_estado?post=50975"}],"curies":[{"name":"wp","href":"https:\/\/api.w.org\/{rel}","templated":true}]}}