{"id":50380,"date":"2023-11-28T09:47:07","date_gmt":"2023-11-28T12:47:07","guid":{"rendered":"https:\/\/cj.estrategia.com\/portal\/?p=50380"},"modified":"2023-11-28T09:47:10","modified_gmt":"2023-11-28T12:47:10","slug":"prova-comentada-direito-penal-tj-se-cartorios","status":"publish","type":"post","link":"https:\/\/cj.estrategia.com\/portal\/prova-comentada-direito-penal-tj-se-cartorios\/","title":{"rendered":"Prova comentada Direito Penal TJ SE Cart\u00f3rios"},"content":{"rendered":"\n<p>Em 26\/11\/2023, foi aplicada a prova objetiva do concurso p\u00fablico para Provimento em <strong>Cart\u00f3rios do TJ-SE<\/strong>. Assim que finalizada a prova, nosso time de professores analisou todas as quest\u00f5es e elaborou o Gabarito extraoficial, que, agora, ser\u00e1 apresentado juntamente com nossa <strong>PROVA COMENTADA<\/strong>.<\/p>\n\n\n\n<p>Este material visa a auxili\u00e1-los na aferi\u00e7\u00e3o das notas, elabora\u00e7\u00e3o de eventuais recursos, verifica\u00e7\u00e3o das chances de avan\u00e7o para fase discursiva, bem como na revis\u00e3o do conte\u00fado cobrado no certame.<\/p>\n\n\n\n<p>De modo complementar, elaboramos tamb\u00e9m o <strong>RANKING de Cart\u00f3rios do TJ-SE<\/strong>, em que nossos alunos e seguidores poder\u00e3o inserir suas respostas \u00e0 prova, e, ao final, aferir sua nota, de acordo com o gabarito elaborado por nossos professores. Atrav\u00e9s do ranking, tamb\u00e9m poderemos estimar a nota de corte da 1\u00ba fase. Essa ferramenta \u00e9 gratuita e, para participar, basta clicar <a href=\"https:\/\/cj.estrategia.com\/cadernos-e-simulados\/simulados\/ff367b43-7b14-458f-a25b-3f80992760cb\" target=\"_blank\" >AQUI!<\/a><\/p>\n\n\n\n<p>Al\u00e9m disso, montamos um caderno para nossos seguidores, alunos ou n\u00e3o, verem os coment\u00e1rios e comentar as quest\u00f5es da prova:<\/p>\n\n\n\n<p>Por fim, comentaremos a prova, as quest\u00f5es mais pol\u00eamicas, as possibilidades de recurso, bem como a estimativa da nota de corte no <strong>TERM\u00d4METRO P\u00d3S-PROVA<\/strong>, no nosso canal do Youtube. Inscreva-se e ative as notifica\u00e7\u00f5es!<\/p>\n\n\n\n<p class=\"has-text-align-center\"><a href=\"https:\/\/www.youtube.com\/@EstrategiaCarreiraJuridica\"><strong>Estrat\u00e9gia Carreira Jur\u00eddica &#8211; YouTube<\/strong><\/a><\/p>\n\n\n\n<p>E Para conferir a prova comentada de todas as disciplinas, basta Clicar no link abaixo! <\/p>\n\n\n\n<p class=\"has-text-align-center has-luminous-vivid-amber-background-color has-background\"><a href=\"https:\/\/cj.estrategia.com\/portal\/gabarito-extraoficial-cartorios-se-confira-a-correcao\/\" target=\"_blank\" ><strong>Provas comentadas e Gabarito Extraoficial TJ SE Cart\u00f3rios<\/strong><\/a><\/p>\n\n\n\n<h2 class=\"wp-block-heading has-text-align-center\" id=\"h-prova-comentada-direito-penal\"><span id=\"prova-comentada-direito-penal\">Prova comentada Direito Penal <\/span><\/h2>\n\n\n\n<p><strong>QUEST\u00c3O 86. Caio, oficial do registro civil das pessoas naturais, cunhado de Diana, registra, a seu pedido, o nascimento de um filho fict\u00edcio, a ser posteriormente declarado como dependente, para fins de dedu\u00e7\u00e3o fiscal no Imposto de Renda de Pessoa F\u00edsica.<\/strong><\/p>\n\n\n\n<p><strong>Diante do caso narrado, \u00e9 correto afirmar que eles praticaram o crime de:<\/strong><\/p>\n\n\n\n<p><strong>a) falsidade ideol\u00f3gica;<\/strong><\/p>\n\n\n\n<p><strong>b) parto suposto;<\/strong><\/p>\n\n\n\n<p><strong>c) registro de nascimento inexistente;<\/strong><\/p>\n\n\n\n<p><strong>d) falsidade material de atestado ou certid\u00e3o;<\/strong><\/p>\n\n\n\n<p><strong>e) falsifica\u00e7\u00e3o de documento p\u00fablico.<\/strong><\/p>\n\n\n\n<p><strong>Coment\u00e1rios<\/strong><\/p>\n\n\n\n<p>A alternativa correta \u00e9 a<strong> letra C.<\/strong><\/p>\n\n\n\n<p>Em termos gen\u00e9ricos, seria uma modalidade de falsidade ideol\u00f3gica. No entanto, temos falsidades espec\u00edficas no c\u00f3digo Penal. Por exemplo, quando o m\u00e9dico atesta que algu\u00e9m n\u00e3o pode trabalhar, de forma falsa, o m\u00e9dico pratica falsidade ideol\u00f3gica, mas h\u00e1 um tipo espec\u00edfico.<\/p>\n\n\n\n<p>O fato narrado no enunciado configura o crime de \u201cRegistro de Nascimento Inexistente\u201d, previsto no artigo 241 do C\u00f3digo Penal, que se trata de um crime espec\u00edfico: Art. 241 &#8211; Promover no registro civil a inscri\u00e7\u00e3o de nascimento inexistente: Pena &#8211; reclus\u00e3o, de dois a seis anos.<\/p>\n\n\n\n<p><strong>QUEST\u00c3O 87. No T\u00edtulo XI da Parte Especial, o C\u00f3digo Penal descreve os crimes contra a administra\u00e7\u00e3o p\u00fablica, cominando-lhes as respectivas penas.<\/strong><\/p>\n\n\n\n<p><strong>Acerca dos citados crimes, \u00e9 correto afirmar que:<\/strong><\/p>\n\n\n\n<p><strong>a) a pr\u00e1tica do delito de corrup\u00e7\u00e3o passiva depende do cometimento do crime de corrup\u00e7\u00e3o ativa;<\/strong><\/p>\n\n\n\n<p><strong>b) responde por prevarica\u00e7\u00e3o o titular de cart\u00f3rio de notas e registro que, por indol\u00eancia, retarda a pr\u00e1tica de ato de seu of\u00edcio;<\/strong><\/p>\n\n\n\n<p><strong>c) comete crime de descaminho o agente que reinsere no territ\u00f3rio nacional cigarros produzidos no Brasil e destinados \u00e0 exporta\u00e7\u00e3o;<\/strong><\/p>\n\n\n\n<p><strong>d) responde por crime de desobedi\u00eancia o r\u00e9u em a\u00e7\u00e3o penal que, intimado pelo juiz a fornecer padr\u00f5es gr\u00e1ficos do pr\u00f3prio punho para a realiza\u00e7\u00e3o de exame pericial, se recusa a faz\u00ea-lo;<\/strong><\/p>\n\n\n\n<p><strong>e) o crime de resist\u00eancia se consuma com o emprego da viol\u00eancia ou grave amea\u00e7a contra o funcion\u00e1rio p\u00fablico, ainda que o agente n\u00e3o consiga impedir a execu\u00e7\u00e3o do ato legal pelo funcion\u00e1rio.<\/strong><\/p>\n\n\n\n<p><strong>Coment\u00e1rios<\/strong><\/p>\n\n\n\n<p>A alternativa correta \u00e9 a <strong>letra E.<\/strong><\/p>\n\n\n\n<p>A alternativa A est\u00e1 incorreta. O crime de corrup\u00e7\u00e3o passiva n\u00e3o depende do cometimento do crime de corrup\u00e7\u00e3o ativa. \u00c9 poss\u00edvel que o particular tente subornar o funcion\u00e1rio e este o prenda em flagrante.<\/p>\n\n\n\n<p>A alternativa B est\u00e1 incorreta.&nbsp; O C\u00f3digo Penal fala em deixar de praticar um ato de of\u00edcio, por interesse ou sentimento pessoal. A banca trocou por \u201cindol\u00eancia\u201d, que significa falta de disposi\u00e7\u00e3o f\u00edsica ou moral; morosidade, \u00f3cio, pregui\u00e7a.<\/p>\n\n\n\n<p>A alternativa C est\u00e1 incorreta. A assertiva descreveu o crime de contrabando, porque a mercadoria \u00e9 proibida. Trata-se do crime previsto no artigo 334-A, \u00a71\u00ba, inciso III, do C\u00f3digo Penal: Art. 334-A. Importar ou exportar mercadoria proibida: Pena &#8211; reclus\u00e3o, de 2 (dois) a 5 ( cinco) anos. \u00a7 1o Incorre na mesma pena quem:&nbsp; [&#8230;]&nbsp; III &#8211; reinsere no territ\u00f3rio nacional mercadoria brasileira destinada \u00e0 exporta\u00e7\u00e3o.<\/p>\n\n\n\n<p>A alternativa D est\u00e1 incorreta. O agente pode se recusar a fornecer padr\u00f5es gr\u00e1ficos no exerc\u00edcio da sua defesa. Ele n\u00e3o pode ser compelido a fazer.<\/p>\n\n\n\n<p>A alternativa E est\u00e1 correta. O crime de resist\u00eancia se consuma mesmo que o agente n\u00e3o consiga impedir a execu\u00e7\u00e3o.&nbsp; Tanto que, se o ato n\u00e3o se consumar, a modalidade ser\u00e1 qualificada, prevista no \u00a71\u00ba do artigo 329: Art. 329 &#8211; Opor-se \u00e0 execu\u00e7\u00e3o de ato legal, mediante viol\u00eancia ou amea\u00e7a a funcion\u00e1rio competente para execut\u00e1-lo ou a quem lhe esteja prestando aux\u00edlio: Pena &#8211; deten\u00e7\u00e3o, de dois meses a dois anos. \u00a7 1\u00ba &#8211; Se o ato, em raz\u00e3o da resist\u00eancia, n\u00e3o se executa: Pena &#8211; reclus\u00e3o, de um a tr\u00eas anos.<\/p>\n\n\n\n<p><strong>QUEST\u00c3O 88. Jonas, em maio de 2023, conduzia o seu ve\u00edculo automotor, acoplado a um semirreboque, ocasi\u00e3o em que foi parado por uma blitz da Pol\u00edcia Rodovi\u00e1ria Federal. O condutor, ent\u00e3o, apresentou a documenta\u00e7\u00e3o do autom\u00f3vel e narrou que transportava o semirreboque no exerc\u00edcio de sua atividade comercial.<\/strong><\/p>\n\n\n\n<p><strong>Ato cont\u00ednuo, ao fiscalizarem o semirreboque, os agentes p\u00fablicos visualizaram presen\u00e7a de sinal identificador adulterado, sem autoriza\u00e7\u00e3o do \u00f3rg\u00e3o competente. Confrontado pelos agentes da lei, ap\u00f3s ser cientificado dos seus direitos constitucionais, Jonas afirmou e comprovou que, muito embora soubesse da adultera\u00e7\u00e3o, n\u00e3o foi o respons\u00e1vel por implement\u00e1-la.<\/strong><\/p>\n\n\n\n<p><strong>Nesse cen\u00e1rio, considerando as disposi\u00e7\u00f5es do C\u00f3digo Penal, \u00e9 correto afirmar que Jonas:<\/strong><\/p>\n\n\n\n<p><strong>a) n\u00e3o incorrer\u00e1 em qualquer crime, porquanto a conduta de adulterar sinal identificador de semirreboque, embora seja formalmente t\u00edpica, \u00e9 materialmente at\u00edpica, por n\u00e3o gerar qualquer lesividade social;<\/strong><\/p>\n\n\n\n<p><strong>b) n\u00e3o incorrer\u00e1 em qualquer crime, porquanto, embora soubesse da adultera\u00e7\u00e3o, comprovou n\u00e3o ser o respons\u00e1vel por implement\u00e1-la;<\/strong><\/p>\n\n\n\n<p><strong>c) n\u00e3o incorrer\u00e1 em qualquer crime, porquanto a conduta de adulterar sinal identificador de semirreboque \u00e9 formalmente at\u00edpica;<\/strong><\/p>\n\n\n\n<p><strong>d) incorrer\u00e1 no crime de adultera\u00e7\u00e3o de sinal identificador de ve\u00edculo, na modalidade qualificada;<\/strong><\/p>\n\n\n\n<p><strong>e) incorrer\u00e1 no crime de adultera\u00e7\u00e3o de sinal identificador de ve\u00edculo, na modalidade simples.<\/strong><\/p>\n\n\n\n<p><strong>Coment\u00e1rios<\/strong><\/p>\n\n\n\n<p>A alternativa correta \u00e9 a<strong> letra D.<\/strong><\/p>\n\n\n\n<p>Trata-se do crime previsto no artigo 311, \u00a73\u00ba, que constitui a modalidade qualificada do crime de adultera\u00e7\u00e3o de sinal identificador de ve\u00edculo:&nbsp;<\/p>\n\n\n\n<p>Art. 311. Adulterar, remarcar ou suprimir n\u00famero de chassi, monobloco, motor, placa de identifica\u00e7\u00e3o, ou qualquer sinal identificador de ve\u00edculo automotor, el\u00e9trico, h\u00edbrido, de reboque, de semirreboque ou de suas combina\u00e7\u00f5es, bem como de seus componentes ou equipamentos, sem autoriza\u00e7\u00e3o do \u00f3rg\u00e3o competente: Pena &#8211; reclus\u00e3o, de tr\u00eas a seis anos, e multa.<\/p>\n\n\n\n<p>\u00a7 1\u00ba &#8211; Se o agente comete o crime no exerc\u00edcio da fun\u00e7\u00e3o p\u00fablica ou em raz\u00e3o dela, a pena \u00e9 aumentada de um ter\u00e7o.<\/p>\n\n\n\n<p>\u00a7 2\u00ba Incorrem nas mesmas penas do caput deste artigo: &nbsp; [&#8230;] III \u2013 aquele que adquire, recebe, transporta, conduz, oculta, mant\u00e9m em dep\u00f3sito, desmonta, monta, remonta, vende, exp\u00f5e \u00e0 venda, ou de qualquer forma utiliza, em proveito pr\u00f3prio ou alheio, ve\u00edculo automotor, el\u00e9trico, h\u00edbrido, de reboque, semirreboque ou suas combina\u00e7\u00f5es ou partes, com n\u00famero de chassi ou monobloco, placa de identifica\u00e7\u00e3o ou qualquer sinal identificador veicular que devesse saber estar adulterado ou remarcado.<\/p>\n\n\n\n<p>\u00a7 3\u00ba Praticar as condutas de que tratam os incisos II ou III do \u00a7 2\u00ba deste artigo no exerc\u00edcio de atividade comercial ou industrial: Pena &#8211; reclus\u00e3o, de 4 (quatro) a 8 (oito) anos, e multa.&nbsp;<\/p>\n\n\n\n<p><strong>QUEST\u00c3O 89. Jo\u00e3o e Maycon s\u00e3o r\u00e9us em processo penal deflagrado em raz\u00e3o da suposta pr\u00e1tica do crime de tr\u00e1fico de drogas. Por ocasi\u00e3o da audi\u00eancia de Instru\u00e7\u00e3o e Julgamento, ap\u00f3s a coleta dos depoimentos dos policiais militares, passou-se ao Interrogat\u00f3rio dos acusados, os quais foram cientificados do direito constitucional de permanecer em sil\u00eancio.<\/strong><\/p>\n\n\n\n<p><strong>Jo\u00e3o admitiu que possu\u00eda material entorpecente em sua mochila, aduzindo que \u00e9 usu\u00e1rio e consumiria as drogas. Maycon, por sua vez, afirmou que, de fato, estava traficando no dia dos fatos.<\/strong><\/p>\n\n\n\n<p><strong>Ap\u00f3s as alega\u00e7\u00f5es finais das partes, o juiz julgou procedente a pretens\u00e3o punitiva estatal deduzida na den\u00fancia, condenando os acusados pela pr\u00e1tica do crime de tr\u00e1fico de drogas.<\/strong><\/p>\n\n\n\n<p><strong>O magistrado n\u00e3o utilizou, na fundamenta\u00e7\u00e3o da senten\u00e7a, a confiss\u00e3o de Maycon, justamente para que este n\u00e3o tivesse direito \u00e0 atenuante da confiss\u00e3o, visando \u00e0 aplica\u00e7\u00e3o de uma pena mais alta.<\/strong><\/p>\n\n\n\n<p><strong>Dessa forma, ao dosar as san\u00e7\u00f5es, o juiz n\u00e3o reconheceu, em rela\u00e7\u00e3o aos dois acusados, a atenuante da confiss\u00e3o espont\u00e2nea.<\/strong><\/p>\n\n\n\n<p><strong>Nesse cen\u00e1rio, considerando as disposi\u00e7\u00f5es do C\u00f3digo Penal e o entendimento dominante e mais recente do Superior Tribunal de Justi\u00e7a, \u00e9 correto afirmar que:<\/strong><\/p>\n\n\n\n<p><strong>a) em rela\u00e7\u00e3o ao acusado Jo\u00e3o, o juiz atuou de forma adequada, considerando que este n\u00e3o confessou a pr\u00e1tica do tr\u00e1fico de drogas, mas a mera posse do material entorpecente para uso pr\u00f3prio. No mesmo sentido, o magistrado agiu de maneira correta no que atina ao r\u00e9u Maycon, porquanto o sistema de justi\u00e7a deve, por meio da pena, desincentivar os crimes no contexto da lei de Drogas;<\/strong><\/p>\n\n\n\n<p><strong>b) em rela\u00e7\u00e3o ao acusado Jo\u00e3o, o juiz atuou de forma adequada, considerando que este n\u00e3o confessou a pr\u00e1tica do tr\u00e1fico de drogas, mas a mera posse do material entorpecente para uso pr\u00f3prio. No mesmo sentido, o magistrado agiu de maneira correta no que atina ao r\u00e9u Maycon, porquanto n\u00e3o utilizou, na fundamenta\u00e7\u00e3o da senten\u00e7a, a sua confiss\u00e3o espont\u00e2nea;<\/strong><\/p>\n\n\n\n<p><strong>c) em rela\u00e7\u00e3o ao acusado Jo\u00e3o, o juiz atuou de forma adequada, considerando que este n\u00e3o confessou a pr\u00e1tica do tr\u00e1fico de drogas, mas a mera posse do material entorpecente para uso pr\u00f3prio. Por outro lado, o magistrado agiu de maneira err\u00f4nea no que atina ao r\u00e9u Maycon, porquanto o \u00faltimo confessou a pr\u00e1tica do crime, fazendo jus ao redutor;<\/strong><\/p>\n\n\n\n<p><strong>d) em rela\u00e7\u00e3o ao acusado Jo\u00e3o, o juiz atuou de forma inadequada, considerando que ele confessou a posse do material entorpecente, mesmo que para uso pr\u00f3prio. Por outro lado, o magistrado agiu de maneira correta no que atina ao r\u00e9u Maycon, porquanto n\u00e3o utilizou, na fundamenta\u00e7\u00e3o da senten\u00e7a, a sua confiss\u00e3o espont\u00e2nea;<\/strong><\/p>\n\n\n\n<p><strong>e) em rela\u00e7\u00e3o ao acusado Jo\u00e3o, o juiz atuou de forma inadequada, considerando que ele confessou a posse do material entorpecente, mesmo que para uso pr\u00f3prio. No mesmo sentido, o magistrado agiu de maneira err\u00f4nea no que atina ao r\u00e9u Maycon, porquanto o \u00faltimo confessou a pr\u00e1tica do crime, fazendo jus ao redutor.<\/strong><\/p>\n\n\n\n<p><strong>Coment\u00e1rios<\/strong><\/p>\n\n\n\n<p>A alternativa correta \u00e9 a<strong> letra C.<\/strong><\/p>\n\n\n\n<p>Para o STJ, quando h\u00e1 confiss\u00e3o, independentemente de o juiz utilizar na senten\u00e7a, o r\u00e9u tem direito \u00e0 atenuante, mesmo em caso de confiss\u00e3o qualificada.<\/p>\n\n\n\n<p>H\u00e1 uma exce\u00e7\u00e3o quanto ao tr\u00e1fico il\u00edcito de entorpecentes. Nesse caso, o STJ entende que n\u00e3o basta a alega\u00e7\u00e3o de uso pessoal. Se n\u00e3o admitir o tr\u00e1fico, n\u00e3o haver\u00e1 a configura\u00e7\u00e3o da atenuante da confiss\u00e3o espont\u00e2nea.<\/p>\n\n\n\n<p>Nesse sentido:<\/p>\n\n\n\n<p>S\u00famula 630 do STJ \u2013 &#8220;A incid\u00eancia da atenuante da confiss\u00e3o espont\u00e2nea no crime de tr\u00e1fico il\u00edcito de entorpecentes exige o reconhecimento da trafic\u00e2ncia pelo acusado, n\u00e3o bastando a mera admiss\u00e3o da posse ou propriedade para uso pr\u00f3prio\u201c.<\/p>\n\n\n\n<p>\u201cPor tudo isso, o r\u00e9u far\u00e1 jus \u00e0 atenuante do art. 65, III, &#8220;d&#8221;, do CP quando houver confessado a autoria do crime perante a autoridade, independentemente de a confiss\u00e3o ser utilizada pelo juiz como um dos fundamentos da senten\u00e7a condenat\u00f3ria\u201d (RECURSO ESPECIAL N\u00ba 1.972.098 \u2013 SC).<\/p>\n\n\n\n<p>Assim, com rela\u00e7\u00e3o ao acusado Jo\u00e3o, o juiz atuou de forma adequada, considerando que ele n\u00e3o confessou o tr\u00e1fico, mas mera posse.<\/p>\n\n\n\n<p>Por outro lado, agiu de maneira err\u00f4nea no que atine ao r\u00e9u Maycon, porquanto ele confessou a pr\u00e1tica do crime, fazendo jus ao redutor.<\/p>\n\n\n\n<p><strong>QUEST\u00c3O 90. O Minist\u00e9rio P\u00fablico ofereceu den\u00fancia em face de Jo\u00e3o argumento de que, em abril de 2023, o denunciado praticou grave amea\u00e7a, com a finalidade de desmembrar parte do territ\u00f3rio nacional para constituir pa\u00eds independente. Em Ju\u00edzo, ap\u00f3s a observ\u00e2ncia do contradit\u00f3rio e da ampla defesa, como consect\u00e1rios do devido processo legal, os fatos narrados na exordial acusat\u00f3ria foram devidamente comprovados. Nesse cen\u00e1rio, considerando as disposi\u00e7\u00f5es do C\u00f3digo Penal, \u00e9 correto afirmar que Jo\u00e3o incorrer\u00e1 no crime de:<\/strong><\/p>\n\n\n\n<p><strong>a) aboli\u00e7\u00e3o violenta do Estado Democr\u00e1tico de Direito;<\/strong><\/p>\n\n\n\n<p><strong>b) atentado \u00e0 integridade nacional;<\/strong><\/p>\n\n\n\n<p><strong>c) atentado \u00e0 soberania;<\/strong><\/p>\n\n\n\n<p><strong>d) golpe de Estado;<\/strong><\/p>\n\n\n\n<p><strong>e) sabotagem.<\/strong><\/p>\n\n\n\n<p><strong>&nbsp;Coment\u00e1rios<\/strong><\/p>\n\n\n\n<p>A alternativa correta \u00e9 a<strong> letra D.<\/strong><\/p>\n\n\n\n<p>Os fatos narrados no enunciado descrevem o crime de Atentado \u00e0 Integridade Nacional, previsto no artigo 359-J do C\u00f3digo Penal: Art. 359-J. Praticar viol\u00eancia ou grave amea\u00e7a com a finalidade de desmembrar parte do territ\u00f3rio nacional para constituir pa\u00eds independente: Pena &#8211; reclus\u00e3o, de 2 (dois) a 6 (seis) anos, al\u00e9m da pena correspondente \u00e0 viol\u00eancia.<\/p>\n\n\n\n<p><strong>QUEST\u00c3O 91. O Minist\u00e9rio P\u00fablico ofereceu den\u00fancia em face de Jo\u00e3o, empres\u00e1rio, ao argumento de que o denunciado fraudou o car\u00e1ter competitivo de processo licitat\u00f3rio realizado pelo Estado de Sergipe, com o intuito de obter, para si, vantagem decorrente da adjudica\u00e7\u00e3o do objeto da licita\u00e7\u00e3o.<\/strong><\/p>\n\n\n\n<p><strong>No curso da rela\u00e7\u00e3o processual, o acusado Jo\u00e3o comprovou que n\u00e3o logrou obter qualquer vantagem em raz\u00e3o da fraude empregada. Ademais, demonstrou-se, em ju\u00edzo, que o Estado de Sergipe n\u00e3o arcou com qualquer preju\u00edzo, ao verificar e sanar as vicissitudes existentes em tempo h\u00e1bil.<\/strong><\/p>\n\n\n\n<p><strong>Nesse cen\u00e1rio, considerando as disposi\u00e7\u00f5es do C\u00f3digo Penal e o entendimento dominante do Superior Tribunal de Justi\u00e7a, Jo\u00e3o responder\u00e1 pelo crime de frustra\u00e7\u00e3o do car\u00e1ter competitivo de licita\u00e7\u00e3o, na modalidade:<\/strong><\/p>\n\n\n\n<p><strong>a) tentada, por se tratar de crime material, estando sujeito \u00e0s penas de reclus\u00e3o e de multa, sendo certo que a \u00faltima n\u00e3o poder\u00e1 ser inferior a 1% do valor do contrato licitado;<\/strong><\/p>\n\n\n\n<p><strong>b) consumada, por se tratar de crime formal, estando sujeito \u00e0s penas de reclus\u00e3o e de multa, sendo certo que a \u00faltima n\u00e3o poder\u00e1 ser inferior a 2% do valor do contrato licitado;<\/strong><\/p>\n\n\n\n<p><strong>c) tentada, por se tratar de crime formal, estando sujeito \u00e0s penas de reclus\u00e3o e de multa, sendo certo que a \u00faltima n\u00e3o poder\u00e1 ser inferior a 1% do valor do contrato licitado;<\/strong><\/p>\n\n\n\n<p><strong>d) consumada, por se tratar de crime material, estando sujeito \u00e0s penas de reclus\u00e3o e de multa, sendo certo que a \u00faltima n\u00e3o poder\u00e1 ser inferior a 1% do valor do contrato licitado;<\/strong><\/p>\n\n\n\n<p><strong>e) tentada, por se tratar de crime formal, estando sujeito \u00e0s penas de deten\u00e7\u00e3o e de multa, sendo certo que a \u00faltima n\u00e3o poder\u00e1 ser inferior a 2% do valor do contrato licitado.<\/strong><\/p>\n\n\n\n<p><strong>Coment\u00e1rios<\/strong><\/p>\n\n\n\n<p>A alternativa correta \u00e9 a<strong> letra B.<\/strong><\/p>\n\n\n\n<p>Quando o C\u00f3digo fala \u201ccom intuito de\u201d, ele est\u00e1 falando de elemento subjetivo especial do tipo. Uma finalidade que tem que ser perseguida pelo agente.<\/p>\n\n\n\n<p>N\u00e3o \u00e9 necess\u00e1rio que se concretize para a consuma\u00e7\u00e3o do crime. O crime \u00e9 formal, se consumou. Tem pena de reclus\u00e3o. Al\u00e9m disso, a multa n\u00e3o pode ser inferior a 2% do valor do contrato licitado.<\/p>\n\n\n\n<p>S\u00famula 645 do STJ: O crime de fraude \u00e0 licita\u00e7\u00e3o \u00e9 formal e dispensa a comprova\u00e7\u00e3o de preju\u00edzo e de obten\u00e7\u00e3o de vantagem.<\/p>\n\n\n\n<p>Veja o que disp\u00f5e o tipo penal do artigo 337-F do CP, que trata do crime de Frustra\u00e7\u00e3o do car\u00e1ter competitivo de licita\u00e7\u00e3o:<\/p>\n\n\n\n<p>Art. 337-F. Frustrar ou fraudar, com o intuito de obter para si ou para outrem vantagem decorrente da adjudica\u00e7\u00e3o do objeto da licita\u00e7\u00e3o, o car\u00e1ter competitivo do processo licitat\u00f3rio: &nbsp; &nbsp;&nbsp;&nbsp;&nbsp;&nbsp;<\/p>\n\n\n\n<p>Pena &#8211; reclus\u00e3o, de 4 (quatro) anos a 8 (oito) anos, e multa.<\/p>\n\n\n\n<p>Art. 337-P. A pena de multa cominada aos crimes previstos neste Cap\u00edtulo seguir\u00e1 a metodologia de c\u00e1lculo prevista neste C\u00f3digo e n\u00e3o poder\u00e1 ser inferior a 2% (dois por cento) do valor do contrato licitado ou celebrado com contrata\u00e7\u00e3o direta.\u00a0<\/p>\n\n\n\n<p class=\"has-text-align-center has-background has-medium-font-size\" style=\"background-color:#fcb90059\"><strong>Saiba mais: <a href=\"https:\/\/cj.estrategia.com\/portal\/concurso-cartorios-se\/\" target=\"_blank\" >concurso TJ SE Cart\u00f3rios<\/a><\/strong><\/p>\n\n\n\n<h2 class=\"wp-block-heading has-text-align-center\" id=\"cursos\"><span id=\"quer-saber-tudo-sobre-concursos-previstosconfira-nossos-artigos\">Quer saber tudo sobre concursos previstos?<br><strong>Confira nossos artigos!<\/strong><\/span><\/h2>\n\n\n\n\n\n<p class=\"has-text-align-center\"><strong><em>Gostou dessa oportunidade&nbsp;e deseja se preparar para este concurso?<\/em><\/strong><br><strong><em>Esteja mais preparado com nossos cursos. Acompanhe as novidades!<\/em><\/strong><\/p>\n\n\n\n<div class=\"wp-block-cover\" style=\"min-height:155px;aspect-ratio:unset;\"><img decoding=\"async\" width=\"1890\" height=\"351\" class=\"wp-block-cover__image-background wp-image-8669\" alt=\"Assinaturas Jur\u00eddicas\" src=\"https:\/\/cj.estrategia.com\/portal\/wp-content\/uploads\/2022\/06\/20151253\/concurso-carreiras-juridicas-assinatura-juridica.jpg\" style=\"object-position:78% 43%\" data-object-fit=\"cover\" data-object-position=\"78% 43%\" srcset=\"https:\/\/cj.estrategia.com\/portal\/wp-content\/uploads\/2022\/06\/20151253\/concurso-carreiras-juridicas-assinatura-juridica.jpg 1890w, https:\/\/cj.estrategia.com\/portal\/wp-content\/uploads\/2022\/06\/20151253\/concurso-carreiras-juridicas-assinatura-juridica-300x56.jpg 300w, https:\/\/cj.estrategia.com\/portal\/wp-content\/uploads\/2022\/06\/20151253\/concurso-carreiras-juridicas-assinatura-juridica-1024x190.jpg 1024w, https:\/\/cj.estrategia.com\/portal\/wp-content\/uploads\/2022\/06\/20151253\/concurso-carreiras-juridicas-assinatura-juridica-768x143.jpg 768w, https:\/\/cj.estrategia.com\/portal\/wp-content\/uploads\/2022\/06\/20151253\/concurso-carreiras-juridicas-assinatura-juridica-1536x285.jpg 1536w, https:\/\/cj.estrategia.com\/portal\/wp-content\/uploads\/2022\/06\/20151253\/concurso-carreiras-juridicas-assinatura-juridica-380x71.jpg 380w, https:\/\/cj.estrategia.com\/portal\/wp-content\/uploads\/2022\/06\/20151253\/concurso-carreiras-juridicas-assinatura-juridica-800x149.jpg 800w, https:\/\/cj.estrategia.com\/portal\/wp-content\/uploads\/2022\/06\/20151253\/concurso-carreiras-juridicas-assinatura-juridica-1160x215.jpg 1160w\" sizes=\"(max-width: 1890px) 100vw, 1890px\" \/><span aria-hidden=\"true\" class=\"wp-block-cover__background has-background-dim\"><\/span><div class=\"wp-block-cover__inner-container is-layout-flow wp-block-cover-is-layout-flow\">\n<h3 id=\"faca-a-sua-assinatura\" class=\"titulo-assinatura\"><span style=\"color: #ffffff;\">Fa\u00e7a a sua assinatura!<\/span><\/h3>\n<p class=\"subtitulo-assinatura\" style=\"display:block!important; line-height: 0;\"><span style=\"color: #ffffff;\">Escolha a sua \u00e1rea.<\/span><\/p>\n<a target=\"_blank\" href=\"https:\/\/www.estrategiaconcursos.com.br\/assinaturas-ecj\/\" rel=\"noopener\"><button style=\"border-radius: 10px; text-transform: capitalize;\">Acessar<\/button><\/a>\n<\/div><\/div>\n\n\n\n<div class=\"container\" id=\"boxes\">\n  <div class=\"row\">\n\n    <div class=\"col-sm\">\n      <div class=\"banner-estrategia-concursos-juridicos\" id=\"box-assinatura\">\n        <h2 id=\"curso-para-concurso-cartorio-se\" class=\"titulo-assinatura\"><span style=\"color: #ffffff; font-size: 25px;\">Curso para Concurso Cart\u00f3rio SE  <\/span><\/h2>\n        <p class=\"subtitulo-assinatura\">Cursos focados no edital do concurso<\/p>\n        <div class=\"box-botao\">\n          <a class=\"btn-assinatura-juridica\" target=\"_blank\" href=\"https:\/\/cj.estrategia.com\/curso\/cartorios-do-tj-se-pacote-teorico-2023-pos-edital\/\" role=\"button\" rel=\"noopener noreferrer\">Conhe\u00e7a mais<\/a>\n        <\/div>\n      <\/div>\n      <p class=\"texto-auxiliar\">Prepare-se com o melhor material e com quem mais aprova em concursos em todo o pa\u00eds. \n<\/p>\n    <\/div>\n\n  <\/div>\n<\/div>\n","protected":false},"excerpt":{"rendered":"Em 26\/11\/2023, foi aplicada a prova objetiva do concurso p\u00fablico para Provimento em Cart\u00f3rios do TJ-SE. Assim que&hellip;\n","protected":false},"author":12,"featured_media":20773,"comment_status":"open","ping_status":"open","sticky":false,"template":"","format":"standard","meta":{"_jetpack_memberships_contains_paid_content":false,"footnotes":""},"categories":[1,29],"tags":[],"tax_estado":[55],"class_list":{"0":"post-50380","1":"post","2":"type-post","3":"status-publish","4":"format-standard","5":"has-post-thumbnail","7":"category-carreiras-juridicas","8":"category-cartorio","9":"tax_estado-se"},"acf":[],"yoast_head":"<!-- This site is optimized with the Yoast SEO Premium plugin v27.4 (Yoast SEO v27.4) - https:\/\/yoast.com\/product\/yoast-seo-premium-wordpress\/ -->\n<title>Prova comentada Direito Penal TJ SE Cart\u00f3rios<\/title>\n<meta name=\"description\" content=\"Prova comentada Direito Penal TJ SE Cart\u00f3rios: Confira os apontamentos de nossos professores sobre a disciplina!\" \/>\n<meta name=\"robots\" content=\"index, follow, max-snippet:-1, max-image-preview:large, max-video-preview:-1\" \/>\n<link rel=\"canonical\" href=\"https:\/\/cj.estrategia.com\/portal\/prova-comentada-direito-penal-tj-se-cartorios\/\" \/>\n<meta property=\"og:locale\" content=\"pt_BR\" \/>\n<meta property=\"og:type\" content=\"article\" \/>\n<meta property=\"og:title\" content=\"Prova comentada Direito Penal TJ SE Cart\u00f3rios\" \/>\n<meta property=\"og:description\" content=\"Prova comentada Direito Penal TJ SE Cart\u00f3rios: Confira os apontamentos de nossos professores sobre a disciplina!\" \/>\n<meta property=\"og:url\" content=\"https:\/\/cj.estrategia.com\/portal\/prova-comentada-direito-penal-tj-se-cartorios\/\" \/>\n<meta property=\"og:site_name\" content=\"Blog - Carreiras Jur\u00eddicas - Estrat\u00e9gia\" \/>\n<meta property=\"article:publisher\" content=\"https:\/\/www.facebook.com\/estrategiacarreirajuridica\/\" \/>\n<meta property=\"article:published_time\" content=\"2023-11-28T12:47:07+00:00\" \/>\n<meta property=\"article:modified_time\" content=\"2023-11-28T12:47:10+00:00\" \/>\n<meta property=\"og:image\" content=\"https:\/\/cj.estrategia.com\/portal\/wp-content\/uploads\/2022\/07\/04102041\/Concursos-Cartorios.jpg\" \/>\n\t<meta property=\"og:image:width\" content=\"768\" \/>\n\t<meta property=\"og:image:height\" content=\"432\" \/>\n\t<meta property=\"og:image:type\" content=\"image\/jpeg\" \/>\n<meta name=\"author\" content=\"Coordena\u00e7\u00e3o\" \/>\n<meta name=\"twitter:card\" content=\"summary_large_image\" \/>\n<meta name=\"twitter:creator\" content=\"@EstratJuridica\" \/>\n<meta name=\"twitter:site\" content=\"@EstratJuridica\" \/>\n<meta name=\"twitter:label1\" content=\"Escrito por\" \/>\n\t<meta name=\"twitter:data1\" content=\"Coordena\u00e7\u00e3o\" \/>\n\t<meta name=\"twitter:label2\" content=\"Est. tempo de leitura\" \/>\n\t<meta name=\"twitter:data2\" content=\"15 minutos\" \/>\n<script type=\"application\/ld+json\" class=\"yoast-schema-graph\">{\"@context\":\"https:\\\/\\\/schema.org\",\"@graph\":[{\"@type\":\"NewsArticle\",\"@id\":\"https:\\\/\\\/cj.estrategia.com\\\/portal\\\/prova-comentada-direito-penal-tj-se-cartorios\\\/#article\",\"isPartOf\":{\"@id\":\"https:\\\/\\\/cj.estrategia.com\\\/portal\\\/prova-comentada-direito-penal-tj-se-cartorios\\\/\"},\"author\":{\"name\":\"Coordena\u00e7\u00e3o\",\"@id\":\"https:\\\/\\\/cj.estrategia.com\\\/portal\\\/#\\\/schema\\\/person\\\/4d70317d31449932b99102916b6637f5\"},\"headline\":\"Prova comentada Direito Penal TJ SE Cart\u00f3rios\",\"datePublished\":\"2023-11-28T12:47:07+00:00\",\"dateModified\":\"2023-11-28T12:47:10+00:00\",\"mainEntityOfPage\":{\"@id\":\"https:\\\/\\\/cj.estrategia.com\\\/portal\\\/prova-comentada-direito-penal-tj-se-cartorios\\\/\"},\"wordCount\":2955,\"commentCount\":0,\"publisher\":{\"@id\":\"https:\\\/\\\/cj.estrategia.com\\\/portal\\\/#organization\"},\"image\":{\"@id\":\"https:\\\/\\\/cj.estrategia.com\\\/portal\\\/prova-comentada-direito-penal-tj-se-cartorios\\\/#primaryimage\"},\"thumbnailUrl\":\"https:\\\/\\\/cj.estrategia.com\\\/portal\\\/wp-content\\\/uploads\\\/2022\\\/07\\\/04102041\\\/Concursos-Cartorios.jpg\",\"articleSection\":[\"Carreiras Jur\u00eddicas\",\"Cart\u00f3rio\"],\"inLanguage\":\"pt-BR\",\"potentialAction\":[{\"@type\":\"CommentAction\",\"name\":\"Comment\",\"target\":[\"https:\\\/\\\/cj.estrategia.com\\\/portal\\\/prova-comentada-direito-penal-tj-se-cartorios\\\/#respond\"]}]},{\"@type\":\"WebPage\",\"@id\":\"https:\\\/\\\/cj.estrategia.com\\\/portal\\\/prova-comentada-direito-penal-tj-se-cartorios\\\/\",\"url\":\"https:\\\/\\\/cj.estrategia.com\\\/portal\\\/prova-comentada-direito-penal-tj-se-cartorios\\\/\",\"name\":\"Prova comentada Direito Penal TJ SE Cart\u00f3rios\",\"isPartOf\":{\"@id\":\"https:\\\/\\\/cj.estrategia.com\\\/portal\\\/#website\"},\"primaryImageOfPage\":{\"@id\":\"https:\\\/\\\/cj.estrategia.com\\\/portal\\\/prova-comentada-direito-penal-tj-se-cartorios\\\/#primaryimage\"},\"image\":{\"@id\":\"https:\\\/\\\/cj.estrategia.com\\\/portal\\\/prova-comentada-direito-penal-tj-se-cartorios\\\/#primaryimage\"},\"thumbnailUrl\":\"https:\\\/\\\/cj.estrategia.com\\\/portal\\\/wp-content\\\/uploads\\\/2022\\\/07\\\/04102041\\\/Concursos-Cartorios.jpg\",\"datePublished\":\"2023-11-28T12:47:07+00:00\",\"dateModified\":\"2023-11-28T12:47:10+00:00\",\"description\":\"Prova comentada Direito Penal TJ SE Cart\u00f3rios: Confira os apontamentos de nossos professores sobre a disciplina!\",\"breadcrumb\":{\"@id\":\"https:\\\/\\\/cj.estrategia.com\\\/portal\\\/prova-comentada-direito-penal-tj-se-cartorios\\\/#breadcrumb\"},\"inLanguage\":\"pt-BR\",\"potentialAction\":[{\"@type\":\"ReadAction\",\"target\":[\"https:\\\/\\\/cj.estrategia.com\\\/portal\\\/prova-comentada-direito-penal-tj-se-cartorios\\\/\"]}]},{\"@type\":\"ImageObject\",\"inLanguage\":\"pt-BR\",\"@id\":\"https:\\\/\\\/cj.estrategia.com\\\/portal\\\/prova-comentada-direito-penal-tj-se-cartorios\\\/#primaryimage\",\"url\":\"https:\\\/\\\/cj.estrategia.com\\\/portal\\\/wp-content\\\/uploads\\\/2022\\\/07\\\/04102041\\\/Concursos-Cartorios.jpg\",\"contentUrl\":\"https:\\\/\\\/cj.estrategia.com\\\/portal\\\/wp-content\\\/uploads\\\/2022\\\/07\\\/04102041\\\/Concursos-Cartorios.jpg\",\"width\":768,\"height\":432,\"caption\":\"Concurso de Cart\u00f3rio\"},{\"@type\":\"BreadcrumbList\",\"@id\":\"https:\\\/\\\/cj.estrategia.com\\\/portal\\\/prova-comentada-direito-penal-tj-se-cartorios\\\/#breadcrumb\",\"itemListElement\":[{\"@type\":\"ListItem\",\"position\":1,\"name\":\"In\u00edcio\",\"item\":\"https:\\\/\\\/cj.estrategia.com\\\/portal\\\/\"},{\"@type\":\"ListItem\",\"position\":2,\"name\":\"Prova comentada Direito Penal TJ SE Cart\u00f3rios\"}]},{\"@type\":\"WebSite\",\"@id\":\"https:\\\/\\\/cj.estrategia.com\\\/portal\\\/#website\",\"url\":\"https:\\\/\\\/cj.estrategia.com\\\/portal\\\/\",\"name\":\"Blog - Carreiras Jur\u00eddicas - Estrat\u00e9gia\",\"description\":\"\",\"publisher\":{\"@id\":\"https:\\\/\\\/cj.estrategia.com\\\/portal\\\/#organization\"},\"potentialAction\":[{\"@type\":\"SearchAction\",\"target\":{\"@type\":\"EntryPoint\",\"urlTemplate\":\"https:\\\/\\\/cj.estrategia.com\\\/portal\\\/?s={search_term_string}\"},\"query-input\":{\"@type\":\"PropertyValueSpecification\",\"valueRequired\":true,\"valueName\":\"search_term_string\"}}],\"inLanguage\":\"pt-BR\"},{\"@type\":\"Organization\",\"@id\":\"https:\\\/\\\/cj.estrategia.com\\\/portal\\\/#organization\",\"name\":\"Estrat\u00e9gia - Carreiras Jur\u00eddicas\",\"url\":\"https:\\\/\\\/cj.estrategia.com\\\/portal\\\/\",\"logo\":{\"@type\":\"ImageObject\",\"inLanguage\":\"pt-BR\",\"@id\":\"https:\\\/\\\/cj.estrategia.com\\\/portal\\\/#\\\/schema\\\/logo\\\/image\\\/\",\"url\":\"https:\\\/\\\/cj.estrategia.com\\\/portal\\\/wp-content\\\/uploads\\\/2022\\\/03\\\/11151052\\\/cj-logo.png\",\"contentUrl\":\"https:\\\/\\\/cj.estrategia.com\\\/portal\\\/wp-content\\\/uploads\\\/2022\\\/03\\\/11151052\\\/cj-logo.png\",\"width\":150,\"height\":39,\"caption\":\"Estrat\u00e9gia - Carreiras Jur\u00eddicas\"},\"image\":{\"@id\":\"https:\\\/\\\/cj.estrategia.com\\\/portal\\\/#\\\/schema\\\/logo\\\/image\\\/\"},\"sameAs\":[\"https:\\\/\\\/www.facebook.com\\\/estrategiacarreirajuridica\\\/\",\"https:\\\/\\\/x.com\\\/EstratJuridica\",\"https:\\\/\\\/www.instagram.com\\\/estrategiacarreirajuridica\\\/\",\"https:\\\/\\\/www.youtube.com\\\/channel\\\/UClbMGuYbj2Mh1m3w144ETWQ\"]},{\"@type\":\"Person\",\"@id\":\"https:\\\/\\\/cj.estrategia.com\\\/portal\\\/#\\\/schema\\\/person\\\/4d70317d31449932b99102916b6637f5\",\"name\":\"Coordena\u00e7\u00e3o\",\"image\":{\"@type\":\"ImageObject\",\"inLanguage\":\"pt-BR\",\"@id\":\"https:\\\/\\\/cj.estrategia.com\\\/portal\\\/wp-content\\\/uploads\\\/2022\\\/05\\\/12164923\\\/estrategia-carreira-juridica-coordenacao-96x96.png\",\"url\":\"https:\\\/\\\/cj.estrategia.com\\\/portal\\\/wp-content\\\/uploads\\\/2022\\\/05\\\/12164923\\\/estrategia-carreira-juridica-coordenacao-96x96.png\",\"contentUrl\":\"https:\\\/\\\/cj.estrategia.com\\\/portal\\\/wp-content\\\/uploads\\\/2022\\\/05\\\/12164923\\\/estrategia-carreira-juridica-coordenacao-96x96.png\",\"caption\":\"Coordena\u00e7\u00e3o\"},\"url\":\"https:\\\/\\\/cj.estrategia.com\\\/portal\\\/author\\\/coordenacao\\\/\"}]}<\/script>\n<!-- \/ Yoast SEO Premium plugin. -->","yoast_head_json":{"title":"Prova comentada Direito Penal TJ SE Cart\u00f3rios","description":"Prova comentada Direito Penal TJ SE Cart\u00f3rios: Confira os apontamentos de nossos professores sobre a disciplina!","robots":{"index":"index","follow":"follow","max-snippet":"max-snippet:-1","max-image-preview":"max-image-preview:large","max-video-preview":"max-video-preview:-1"},"canonical":"https:\/\/cj.estrategia.com\/portal\/prova-comentada-direito-penal-tj-se-cartorios\/","og_locale":"pt_BR","og_type":"article","og_title":"Prova comentada Direito Penal TJ SE Cart\u00f3rios","og_description":"Prova comentada Direito Penal TJ SE Cart\u00f3rios: Confira os apontamentos de nossos professores sobre a disciplina!","og_url":"https:\/\/cj.estrategia.com\/portal\/prova-comentada-direito-penal-tj-se-cartorios\/","og_site_name":"Blog - Carreiras Jur\u00eddicas - Estrat\u00e9gia","article_publisher":"https:\/\/www.facebook.com\/estrategiacarreirajuridica\/","article_published_time":"2023-11-28T12:47:07+00:00","article_modified_time":"2023-11-28T12:47:10+00:00","og_image":[{"width":768,"height":432,"url":"https:\/\/cj.estrategia.com\/portal\/wp-content\/uploads\/2022\/07\/04102041\/Concursos-Cartorios.jpg","type":"image\/jpeg"}],"author":"Coordena\u00e7\u00e3o","twitter_card":"summary_large_image","twitter_creator":"@EstratJuridica","twitter_site":"@EstratJuridica","twitter_misc":{"Escrito por":"Coordena\u00e7\u00e3o","Est. tempo de leitura":"15 minutos"},"schema":{"@context":"https:\/\/schema.org","@graph":[{"@type":"NewsArticle","@id":"https:\/\/cj.estrategia.com\/portal\/prova-comentada-direito-penal-tj-se-cartorios\/#article","isPartOf":{"@id":"https:\/\/cj.estrategia.com\/portal\/prova-comentada-direito-penal-tj-se-cartorios\/"},"author":{"name":"Coordena\u00e7\u00e3o","@id":"https:\/\/cj.estrategia.com\/portal\/#\/schema\/person\/4d70317d31449932b99102916b6637f5"},"headline":"Prova comentada Direito Penal TJ SE Cart\u00f3rios","datePublished":"2023-11-28T12:47:07+00:00","dateModified":"2023-11-28T12:47:10+00:00","mainEntityOfPage":{"@id":"https:\/\/cj.estrategia.com\/portal\/prova-comentada-direito-penal-tj-se-cartorios\/"},"wordCount":2955,"commentCount":0,"publisher":{"@id":"https:\/\/cj.estrategia.com\/portal\/#organization"},"image":{"@id":"https:\/\/cj.estrategia.com\/portal\/prova-comentada-direito-penal-tj-se-cartorios\/#primaryimage"},"thumbnailUrl":"https:\/\/cj.estrategia.com\/portal\/wp-content\/uploads\/2022\/07\/04102041\/Concursos-Cartorios.jpg","articleSection":["Carreiras Jur\u00eddicas","Cart\u00f3rio"],"inLanguage":"pt-BR","potentialAction":[{"@type":"CommentAction","name":"Comment","target":["https:\/\/cj.estrategia.com\/portal\/prova-comentada-direito-penal-tj-se-cartorios\/#respond"]}]},{"@type":"WebPage","@id":"https:\/\/cj.estrategia.com\/portal\/prova-comentada-direito-penal-tj-se-cartorios\/","url":"https:\/\/cj.estrategia.com\/portal\/prova-comentada-direito-penal-tj-se-cartorios\/","name":"Prova comentada Direito Penal TJ SE Cart\u00f3rios","isPartOf":{"@id":"https:\/\/cj.estrategia.com\/portal\/#website"},"primaryImageOfPage":{"@id":"https:\/\/cj.estrategia.com\/portal\/prova-comentada-direito-penal-tj-se-cartorios\/#primaryimage"},"image":{"@id":"https:\/\/cj.estrategia.com\/portal\/prova-comentada-direito-penal-tj-se-cartorios\/#primaryimage"},"thumbnailUrl":"https:\/\/cj.estrategia.com\/portal\/wp-content\/uploads\/2022\/07\/04102041\/Concursos-Cartorios.jpg","datePublished":"2023-11-28T12:47:07+00:00","dateModified":"2023-11-28T12:47:10+00:00","description":"Prova comentada Direito Penal TJ SE Cart\u00f3rios: Confira os apontamentos de nossos professores sobre a disciplina!","breadcrumb":{"@id":"https:\/\/cj.estrategia.com\/portal\/prova-comentada-direito-penal-tj-se-cartorios\/#breadcrumb"},"inLanguage":"pt-BR","potentialAction":[{"@type":"ReadAction","target":["https:\/\/cj.estrategia.com\/portal\/prova-comentada-direito-penal-tj-se-cartorios\/"]}]},{"@type":"ImageObject","inLanguage":"pt-BR","@id":"https:\/\/cj.estrategia.com\/portal\/prova-comentada-direito-penal-tj-se-cartorios\/#primaryimage","url":"https:\/\/cj.estrategia.com\/portal\/wp-content\/uploads\/2022\/07\/04102041\/Concursos-Cartorios.jpg","contentUrl":"https:\/\/cj.estrategia.com\/portal\/wp-content\/uploads\/2022\/07\/04102041\/Concursos-Cartorios.jpg","width":768,"height":432,"caption":"Concurso de Cart\u00f3rio"},{"@type":"BreadcrumbList","@id":"https:\/\/cj.estrategia.com\/portal\/prova-comentada-direito-penal-tj-se-cartorios\/#breadcrumb","itemListElement":[{"@type":"ListItem","position":1,"name":"In\u00edcio","item":"https:\/\/cj.estrategia.com\/portal\/"},{"@type":"ListItem","position":2,"name":"Prova comentada Direito Penal TJ SE Cart\u00f3rios"}]},{"@type":"WebSite","@id":"https:\/\/cj.estrategia.com\/portal\/#website","url":"https:\/\/cj.estrategia.com\/portal\/","name":"Blog - Carreiras Jur\u00eddicas - Estrat\u00e9gia","description":"","publisher":{"@id":"https:\/\/cj.estrategia.com\/portal\/#organization"},"potentialAction":[{"@type":"SearchAction","target":{"@type":"EntryPoint","urlTemplate":"https:\/\/cj.estrategia.com\/portal\/?s={search_term_string}"},"query-input":{"@type":"PropertyValueSpecification","valueRequired":true,"valueName":"search_term_string"}}],"inLanguage":"pt-BR"},{"@type":"Organization","@id":"https:\/\/cj.estrategia.com\/portal\/#organization","name":"Estrat\u00e9gia - Carreiras Jur\u00eddicas","url":"https:\/\/cj.estrategia.com\/portal\/","logo":{"@type":"ImageObject","inLanguage":"pt-BR","@id":"https:\/\/cj.estrategia.com\/portal\/#\/schema\/logo\/image\/","url":"https:\/\/cj.estrategia.com\/portal\/wp-content\/uploads\/2022\/03\/11151052\/cj-logo.png","contentUrl":"https:\/\/cj.estrategia.com\/portal\/wp-content\/uploads\/2022\/03\/11151052\/cj-logo.png","width":150,"height":39,"caption":"Estrat\u00e9gia - Carreiras Jur\u00eddicas"},"image":{"@id":"https:\/\/cj.estrategia.com\/portal\/#\/schema\/logo\/image\/"},"sameAs":["https:\/\/www.facebook.com\/estrategiacarreirajuridica\/","https:\/\/x.com\/EstratJuridica","https:\/\/www.instagram.com\/estrategiacarreirajuridica\/","https:\/\/www.youtube.com\/channel\/UClbMGuYbj2Mh1m3w144ETWQ"]},{"@type":"Person","@id":"https:\/\/cj.estrategia.com\/portal\/#\/schema\/person\/4d70317d31449932b99102916b6637f5","name":"Coordena\u00e7\u00e3o","image":{"@type":"ImageObject","inLanguage":"pt-BR","@id":"https:\/\/cj.estrategia.com\/portal\/wp-content\/uploads\/2022\/05\/12164923\/estrategia-carreira-juridica-coordenacao-96x96.png","url":"https:\/\/cj.estrategia.com\/portal\/wp-content\/uploads\/2022\/05\/12164923\/estrategia-carreira-juridica-coordenacao-96x96.png","contentUrl":"https:\/\/cj.estrategia.com\/portal\/wp-content\/uploads\/2022\/05\/12164923\/estrategia-carreira-juridica-coordenacao-96x96.png","caption":"Coordena\u00e7\u00e3o"},"url":"https:\/\/cj.estrategia.com\/portal\/author\/coordenacao\/"}]}},"jetpack_featured_media_url":"https:\/\/cj.estrategia.com\/portal\/wp-content\/uploads\/2022\/07\/04102041\/Concursos-Cartorios.jpg","jetpack_sharing_enabled":true,"_links":{"self":[{"href":"https:\/\/cj.estrategia.com\/portal\/wp-json\/wp\/v2\/posts\/50380","targetHints":{"allow":["GET"]}}],"collection":[{"href":"https:\/\/cj.estrategia.com\/portal\/wp-json\/wp\/v2\/posts"}],"about":[{"href":"https:\/\/cj.estrategia.com\/portal\/wp-json\/wp\/v2\/types\/post"}],"author":[{"embeddable":true,"href":"https:\/\/cj.estrategia.com\/portal\/wp-json\/wp\/v2\/users\/12"}],"replies":[{"embeddable":true,"href":"https:\/\/cj.estrategia.com\/portal\/wp-json\/wp\/v2\/comments?post=50380"}],"version-history":[{"count":1,"href":"https:\/\/cj.estrategia.com\/portal\/wp-json\/wp\/v2\/posts\/50380\/revisions"}],"predecessor-version":[{"id":50381,"href":"https:\/\/cj.estrategia.com\/portal\/wp-json\/wp\/v2\/posts\/50380\/revisions\/50381"}],"wp:featuredmedia":[{"embeddable":true,"href":"https:\/\/cj.estrategia.com\/portal\/wp-json\/wp\/v2\/media\/20773"}],"wp:attachment":[{"href":"https:\/\/cj.estrategia.com\/portal\/wp-json\/wp\/v2\/media?parent=50380"}],"wp:term":[{"taxonomy":"category","embeddable":true,"href":"https:\/\/cj.estrategia.com\/portal\/wp-json\/wp\/v2\/categories?post=50380"},{"taxonomy":"post_tag","embeddable":true,"href":"https:\/\/cj.estrategia.com\/portal\/wp-json\/wp\/v2\/tags?post=50380"},{"taxonomy":"tax_estado","embeddable":true,"href":"https:\/\/cj.estrategia.com\/portal\/wp-json\/wp\/v2\/tax_estado?post=50380"}],"curies":[{"name":"wp","href":"https:\/\/api.w.org\/{rel}","templated":true}]}}