{"id":50295,"date":"2023-11-28T00:17:46","date_gmt":"2023-11-28T03:17:46","guid":{"rendered":"https:\/\/cj.estrategia.com\/portal\/?p=50295"},"modified":"2023-11-30T09:20:26","modified_gmt":"2023-11-30T12:20:26","slug":"flavio-dino-para-vaga-no-stf","status":"publish","type":"post","link":"https:\/\/cj.estrategia.com\/portal\/flavio-dino-para-vaga-no-stf\/","title":{"rendered":"Lula indica Fl\u00e1vio Dino para vaga no STF"},"content":{"rendered":"\n<p>Sou o professor Marcos Gomes, Defensor P\u00fablico do Estado de S\u00e3o Paulo, Coordenador da Cole\u00e7\u00e3o Defensoria P\u00fablica Ponto a Ponto e Especialista em Direito P\u00fablico.<\/p>\n\n\n\n<p>Trouxe abaixo uma an\u00e1lise para reflex\u00e3o sobre o tema:<strong> Lula indica Fl\u00e1vio Dino para vaga no STF<\/strong>.<\/p>\n\n\n\n<p>Nos termos do art. 84, XIV da Constitui\u00e7\u00e3o Federal, compete privativamente ao Presidente da Rep\u00fablica nomear, ap\u00f3s aprova\u00e7\u00e3o pelo Senado Federal, os Ministros do Supremo Tribunal Federal. Portanto, os ministros do Supremo Tribunal Federal s\u00e3o de livre<strong> indica\u00e7\u00e3o<\/strong> do Presidente da Rep\u00fablica, com posterior aprova\u00e7\u00e3o pelo Senado Federal por meio do qu\u00f3rum de maioria absoluta. Vejamos:<\/p>\n\n\n\n<p>Art. 84. Compete privativamente ao Presidente da Rep\u00fablica: XIV &#8211; nomear, ap\u00f3s aprova\u00e7\u00e3o pelo Senado Federal, os Ministros do Supremo Tribunal Federal e dos Tribunais Superiores, os Governadores de Territ\u00f3rios, o Procurador-Geral da Rep\u00fablica, o presidente e os diretores do banco central e outros servidores, quando determinado em lei.<\/p>\n\n\n\n<p>Art. 52. Compete privativamente ao Senado Federal: III &#8211; aprovar previamente, por voto secreto, ap\u00f3s argui\u00e7\u00e3o p\u00fablica, a escolha de: a) Magistrados, nos casos estabelecidos nesta Constitui\u00e7\u00e3o.<\/p>\n\n\n\n<p><strong>Requisitos:<\/strong><\/p>\n\n\n\n<p>&nbsp;&nbsp;&nbsp;&nbsp;&nbsp;&nbsp;&nbsp;&nbsp;&nbsp;&nbsp;&nbsp; Por\u00e9m, quais seriam os requisitos para que uma pessoa possa ser nomeada ministro do Supremo Tribunal Federal?<\/p>\n\n\n\n<p>&nbsp;&nbsp;&nbsp;&nbsp;&nbsp;&nbsp;&nbsp;&nbsp;&nbsp;&nbsp;&nbsp; Inicialmente, o indiv\u00edduo deve ser brasileiro nato, nos termos do art. 12, \u00a73\u00ba, IV, CF. A pessoa dever\u00e1 tamb\u00e9m ser cidad\u00e3o e estar em pleno gozo dos seus direitos pol\u00edticos, consoante o art. 101, CF. Dever\u00e1 contar, ainda, com idade superior a 35 anos e inferior \u00e0 70 anos, idade essa atualizada conforme a emenda constitucional n. 122\/2022. A doutrina denomina esses tr\u00eas crit\u00e9rios de <strong>requisitos objetivos<\/strong>.<\/p>\n\n\n\n<p>&nbsp;&nbsp;&nbsp;&nbsp;&nbsp;&nbsp;&nbsp;&nbsp;&nbsp;&nbsp;&nbsp; Ademais, o indiv\u00edduo dever\u00e1 apresentar reputa\u00e7\u00e3o ilibada e possuir not\u00e1vel saber jur\u00eddico, nos termos do art. 101, da Constitui\u00e7\u00e3o Federa. Trata-se de <strong>requisitos subjetivos<\/strong>.<\/p>\n\n\n\n<p><strong>Detalhes sobre os requisitos:<\/strong><\/p>\n\n\n\n<p>01) Veja que n\u00e3o \u00e9 requisito que os membros do STF provenham da magistratura \u2013 nem mesmo da magistratura de Tribunais de Justi\u00e7a ou Tribunais Superiores.<\/p>\n\n\n\n<p>02) N\u00e3o h\u00e1, expressamente no texto constitucional, a necessidade de o indicado possuir forma\u00e7\u00e3o jur\u00eddica. De acordo com Alexandre de Moraes, \u201ca aus\u00eancia de forma\u00e7\u00e3o jur\u00eddica para os Ministros do STF \u00e9 uma tradi\u00e7\u00e3o constitucional brasileira, que no final do s\u00e9culo XIX chegou a seus extremos de exagero demonstrando pouca import\u00e2ncia institucional dada \u00e0 \u00e9poca ao Tribunal\u201d<a href=\"#_ftn1\" id=\"_ftnref1\">[1]<\/a>, pois fora nomeado o cl\u00ednico m\u00e9dico C\u00e2ndido Barata Ribeiro, o qual teve sua nomea\u00e7\u00e3o posteriormente rejeitada pelo Senado Federal. N\u00e3o por outro motivo, atualmente, h\u00e1 quem defenda que, implicitamente, resta consagrada a necessidade de forma\u00e7\u00e3o jur\u00eddica. Nesse sentido, se encontra o parecer da Comiss\u00e3o de Constitui\u00e7\u00e3o e Justi\u00e7a e Legisla\u00e7\u00e3o (DCN de 27.09.1984, p\u00e1gina 1136)<a href=\"#_ftn2\" id=\"_ftnref2\">[2]<\/a>.<\/p>\n\n\n\n<p>03) \u00c9 extremamente subjetivo o que vem a ser \u201cnot\u00e1vel saber jur\u00eddico\u201d, o que culmina em uma escolha discricion\u00e1ria do Chefe do Poder Executivo e do Senado Federal. Assim, h\u00e1 quem defenda a necessidade de altera\u00e7\u00e3o da Constitui\u00e7\u00e3o para que sejam colocados, expressamente, requisitos capacit\u00e1rios, os quais estariam relacionados \u00e0 forma\u00e7\u00e3o jur\u00eddica, tempo m\u00ednimo do exerc\u00edcio da profiss\u00e3o, t\u00edtulo de doutor, dentre outros<a href=\"#_ftn3\" id=\"_ftnref3\">[3]<\/a>.<\/p>\n\n\n\n<p><strong>Recusa do indicado:<\/strong><\/p>\n\n\n\n<p>\u00a0\u00a0\u00a0\u00a0\u00a0\u00a0\u00a0\u00a0\u00a0\u00a0\u00a0 Em nosso pa\u00eds, a recusa da indica\u00e7\u00e3o n\u00e3o \u00e9 algo comum. Por\u00e9m, conforme destacamos acima, o m\u00e9dico Barata Ribeiro teve sua <strong>indica\u00e7\u00e3o<\/strong> realizada pelo Presidente da Rep\u00fablica Floriano Peixoto n\u00e3o confirmada pelo Senado Federal, permanecendo pouco menos de um ano no cargo.<\/p>\n\n\n\n<p>&nbsp;&nbsp;&nbsp;&nbsp;&nbsp;&nbsp;&nbsp;&nbsp;&nbsp;&nbsp;&nbsp; A indica\u00e7\u00e3o do ministro Fl\u00e1vio Dino vem gerando rea\u00e7\u00f5es entre pol\u00edticos \u2013 notadamente os de oposi\u00e7\u00e3o. Importante destacar que, recentemente, a indica\u00e7\u00e3o do Presidente da Rep\u00fablica para a chefia da Defensoria P\u00fablica da Uni\u00e3o foi recusada pelo Senado Federal. Assim, com 38 votos contr\u00e1rios, 35 favor\u00e1veis e uma absten\u00e7\u00e3o, o Senado Federal negou a indica\u00e7\u00e3o do defensor p\u00fablico Igor Roque<a id=\"_ftnref4\" href=\"#_ftn4\">[4]<\/a> para o cargo de Defensor P\u00fablico-Geral Federal<\/p>\n\n\n\n<p><strong>Pr\u00f3ximos passos:<\/strong><\/p>\n\n\n\n<p><strong>&nbsp;&nbsp;&nbsp;&nbsp;&nbsp;&nbsp;&nbsp;&nbsp;&nbsp;&nbsp;&nbsp; <\/strong>De fato, conforme Gilmar Mendes, estamos diante de \u201cfun\u00e7\u00e3o institucional de alt\u00edssimo relevo, que integra o complexo processo de legitima\u00e7\u00e3o pol\u00edtica dos \u00f3rg\u00e3os judici\u00e1rios superiores, com participa\u00e7\u00e3o dos poderes constitu\u00eddos\u201d<a href=\"#_ftn5\" id=\"_ftnref5\">[5]<\/a>.<\/p>\n\n\n\n<p>&nbsp;&nbsp;&nbsp;&nbsp;&nbsp;&nbsp;&nbsp;&nbsp;&nbsp;&nbsp;&nbsp; Agora, ap\u00f3s a indica\u00e7\u00e3o pelo Presidente da Rep\u00fablica, instrumentalizando a ideia do <em>checks and balances<\/em> \u2013 freios e contrapesos &#8211; entre os Poderes, o nome dever\u00e1 ser submetido ao Senado Federal, o qual ter\u00e1 que aprovar a nomea\u00e7\u00e3o por maioria absoluta. Almejando a aprova\u00e7\u00e3o, ser\u00e1 natural uma agenda pol\u00edtica com diversas reuni\u00f5es para a apresenta\u00e7\u00e3o pr\u00e9via do candidato \u00e0 vaga aos senadores. Durante a sabatina, ser\u00e1 poss\u00edvel e prov\u00e1vel que o indicado se depare com questionamentos de temas sens\u00edveis, notadamente diante da extrema polariza\u00e7\u00e3o pol\u00edtica vivenciada no pa\u00eds. Ap\u00f3s eventual aprova\u00e7\u00e3o, a nomea\u00e7\u00e3o dever\u00e1 ser realizada pelo Presidente da Rep\u00fablica.<\/p>\n\n\n\n<figure class=\"wp-block-embed is-type-video is-provider-youtube wp-block-embed-youtube wp-embed-aspect-16-9 wp-has-aspect-ratio\"><div class=\"wp-block-embed__wrapper\">\n<div class=\"cs-embed cs-embed-responsive\"><iframe title=\"Lula nomeia Fl\u00e1vio Dino para vaga no STF - Defensor P\u00fablico Marcos Gomes\" width=\"1200\" height=\"675\" src=\"https:\/\/www.youtube.com\/embed\/ym3Wf_JsWrg?feature=oembed\" frameborder=\"0\" allow=\"accelerometer; autoplay; clipboard-write; encrypted-media; gyroscope; picture-in-picture; web-share\" allowfullscreen><\/iframe><\/div>\n<\/div><\/figure>\n\n\n\n<hr class=\"wp-block-separator has-alpha-channel-opacity\"\/>\n\n\n\n<p><a href=\"#_ftnref1\" id=\"_ftn1\">[1]<\/a> MORAES, Alexandre de. Direito Constitucional. 23\u00aa Edi\u00e7\u00e3o. S\u00e3o Paulo. Editora Atlas, 2008, p\u00e1gina 540.<\/p>\n\n\n\n<p><a href=\"#_ftnref2\" id=\"_ftn2\">[2]<\/a> LENZA, Pedro.&nbsp; Direito Constitucional Esquematizado. 23\u00aa Edi\u00e7\u00e3o, 2019. Saraiva, S\u00e3o Paulo, p\u00e1gina 849.<\/p>\n\n\n\n<p><a href=\"#_ftnref3\" id=\"_ftn3\">[3]<\/a> Nesse sentido, MORAES, Alexandre de. Direito Constitucional. 23\u00aa Edi\u00e7\u00e3o. S\u00e3o Paulo. Editora Atlas, 2008, p\u00e1gina 540.<\/p>\n\n\n\n<p><a href=\"#_ftnref4\" id=\"_ftn4\">[4]<\/a> Dispon\u00edvel em <a href=\"https:\/\/www12.senado.leg.br\/radio\/1\/noticia\/2023\/10\/25\/senado-rejeita-indicacao-para-a-defensoria-publica-da-uniao#:~:text=Foram%2038%20votos%20contr\u00e1rios%2C%2035,a%20Defensoria%20P\u00fablica%20da%20Uni\u00e3o.&amp;text=O%20SENADO%20REJEITOU%20A%20INDICA\u00c7\u00c3O,A%20DEFENSORIA%20P\u00daBLICA%20DA%20UNI\u00c3O\">https:\/\/www12.senado.leg.br\/radio\/1\/noticia\/2023\/10\/25\/senado-rejeita-indicacao-para-a-defensoria-publica-da-uniao#:~:text=Foram%2038%20votos%20contr\u00e1rios%2C%2035,a%20Defensoria%20P\u00fablica%20da%20Uni\u00e3o.&amp;text=O%20SENADO%20REJEITOU%20A%20INDICA\u00c7\u00c3O,A%20DEFENSORIA%20P\u00daBLICA%20DA%20UNI\u00c3O<\/a>. Acesso em 27 de novembro de 2023.<\/p>\n\n\n\n<p><a href=\"#_ftnref5\" id=\"_ftn5\">[5]<\/a> MENDES, Gilmar Ferreira; COELHO, Inoc\u00eancio M\u00e1rtires; BRANCO, Paulo Gustavo Gonet. Curso de Direito Constitucional, 2007. Editora Saraiva, p\u00e1gina 877.<\/p>\n","protected":false},"excerpt":{"rendered":"Sou o professor Marcos Gomes, Defensor P\u00fablico do Estado de S\u00e3o Paulo, Coordenador da Cole\u00e7\u00e3o Defensoria P\u00fablica Ponto&hellip;\n","protected":false},"author":54,"featured_media":50297,"comment_status":"open","ping_status":"open","sticky":false,"template":"","format":"standard","meta":{"_jetpack_memberships_contains_paid_content":false,"footnotes":""},"categories":[1,29,27,28,26,115,24,25],"tags":[],"tax_estado":[30,31,32,33,34,35,36,37,38,39,40,41,42,43,44,45,46,47,48,49,50,51,52,53,54,55,56,57],"class_list":{"0":"post-50295","1":"post","2":"type-post","3":"status-publish","4":"format-standard","5":"has-post-thumbnail","7":"category-carreiras-juridicas","8":"category-cartorio","9":"category-defensoria","10":"category-delegado","11":"category-magistratura","12":"category-noticias","13":"category-procuradoria","14":"category-promotoria","15":"tax_estado-ac","16":"tax_estado-al","17":"tax_estado-am","18":"tax_estado-ap","19":"tax_estado-ba","20":"tax_estado-ce","21":"tax_estado-concursos-federais","22":"tax_estado-df","23":"tax_estado-es","24":"tax_estado-go","25":"tax_estado-ma","26":"tax_estado-mg","27":"tax_estado-ms","28":"tax_estado-mt","29":"tax_estado-pa","30":"tax_estado-pb","31":"tax_estado-pe","32":"tax_estado-pi","33":"tax_estado-pr","34":"tax_estado-rj","35":"tax_estado-rn","36":"tax_estado-ro","37":"tax_estado-rr","38":"tax_estado-rs","39":"tax_estado-sc","40":"tax_estado-se","41":"tax_estado-sp","42":"tax_estado-to"},"acf":[],"yoast_head":"<!-- This site is optimized with the Yoast SEO Premium plugin v27.4 (Yoast SEO v27.4) - https:\/\/yoast.com\/product\/yoast-seo-premium-wordpress\/ -->\n<title>Lula indica Fl\u00e1vio Dino para vaga no STF<\/title>\n<meta name=\"description\" content=\"Lula indica Fl\u00e1vio Dino para vaga no STF: Entenda a indica\u00e7\u00e3o e tudo o que acarreta essa decis\u00e3o. Confira o artigo!\" \/>\n<meta name=\"robots\" content=\"index, follow, max-snippet:-1, max-image-preview:large, max-video-preview:-1\" \/>\n<link rel=\"canonical\" href=\"https:\/\/cj.estrategia.com\/portal\/flavio-dino-para-vaga-no-stf\/\" \/>\n<meta property=\"og:locale\" content=\"pt_BR\" \/>\n<meta property=\"og:type\" content=\"article\" \/>\n<meta property=\"og:title\" content=\"Lula indica Fl\u00e1vio Dino para vaga no STF\" \/>\n<meta property=\"og:description\" content=\"Lula indica Fl\u00e1vio Dino para vaga no STF: Entenda a indica\u00e7\u00e3o e tudo o que acarreta essa decis\u00e3o. Confira o artigo!\" \/>\n<meta property=\"og:url\" content=\"https:\/\/cj.estrategia.com\/portal\/flavio-dino-para-vaga-no-stf\/\" \/>\n<meta property=\"og:site_name\" content=\"Blog - Carreiras Jur\u00eddicas - Estrat\u00e9gia\" \/>\n<meta property=\"article:publisher\" content=\"https:\/\/www.facebook.com\/estrategiacarreirajuridica\/\" \/>\n<meta property=\"article:published_time\" content=\"2023-11-28T03:17:46+00:00\" \/>\n<meta property=\"article:modified_time\" content=\"2023-11-30T12:20:26+00:00\" \/>\n<meta property=\"og:image\" content=\"https:\/\/cj.estrategia.com\/portal\/wp-content\/uploads\/2023\/11\/28001455\/https__img.migalhas.com_.br__SL__gf_base__SL__empresas__SL__MIGA__SL__imagens__SL__2023__SL__11__SL__27__SL__eabed21c-ac5d-446e-a77c-a7ee5165ab6a.jpg._PROC_CP65.jpg\" \/>\n\t<meta property=\"og:image:width\" content=\"880\" \/>\n\t<meta property=\"og:image:height\" content=\"500\" \/>\n\t<meta property=\"og:image:type\" content=\"image\/jpeg\" \/>\n<meta name=\"author\" content=\"Marcos Gomes\" \/>\n<meta name=\"twitter:card\" content=\"summary_large_image\" \/>\n<meta name=\"twitter:creator\" content=\"@EstratJuridica\" \/>\n<meta name=\"twitter:site\" content=\"@EstratJuridica\" \/>\n<meta name=\"twitter:label1\" content=\"Escrito por\" \/>\n\t<meta name=\"twitter:data1\" content=\"Marcos Gomes\" \/>\n\t<meta name=\"twitter:label2\" content=\"Est. tempo de leitura\" \/>\n\t<meta name=\"twitter:data2\" content=\"5 minutos\" \/>\n<script type=\"application\/ld+json\" class=\"yoast-schema-graph\">{\"@context\":\"https:\\\/\\\/schema.org\",\"@graph\":[{\"@type\":\"NewsArticle\",\"@id\":\"https:\\\/\\\/cj.estrategia.com\\\/portal\\\/flavio-dino-para-vaga-no-stf\\\/#article\",\"isPartOf\":{\"@id\":\"https:\\\/\\\/cj.estrategia.com\\\/portal\\\/flavio-dino-para-vaga-no-stf\\\/\"},\"author\":{\"name\":\"Marcos Gomes\",\"@id\":\"https:\\\/\\\/cj.estrategia.com\\\/portal\\\/#\\\/schema\\\/person\\\/aa7e4ed652b4a209e40869071fda4361\"},\"headline\":\"Lula indica Fl\u00e1vio Dino para vaga no STF\",\"datePublished\":\"2023-11-28T03:17:46+00:00\",\"dateModified\":\"2023-11-30T12:20:26+00:00\",\"mainEntityOfPage\":{\"@id\":\"https:\\\/\\\/cj.estrategia.com\\\/portal\\\/flavio-dino-para-vaga-no-stf\\\/\"},\"wordCount\":1017,\"commentCount\":0,\"publisher\":{\"@id\":\"https:\\\/\\\/cj.estrategia.com\\\/portal\\\/#organization\"},\"image\":{\"@id\":\"https:\\\/\\\/cj.estrategia.com\\\/portal\\\/flavio-dino-para-vaga-no-stf\\\/#primaryimage\"},\"thumbnailUrl\":\"https:\\\/\\\/cj.estrategia.com\\\/portal\\\/wp-content\\\/uploads\\\/2023\\\/11\\\/28001455\\\/https__img.migalhas.com_.br__SL__gf_base__SL__empresas__SL__MIGA__SL__imagens__SL__2023__SL__11__SL__27__SL__eabed21c-ac5d-446e-a77c-a7ee5165ab6a.jpg._PROC_CP65.jpg\",\"articleSection\":[\"Carreiras Jur\u00eddicas\",\"Cart\u00f3rio\",\"Defensoria\",\"Delegado\",\"Magistratura\",\"Not\u00edcias\",\"Procuradoria\",\"Promotoria\"],\"inLanguage\":\"pt-BR\",\"potentialAction\":[{\"@type\":\"CommentAction\",\"name\":\"Comment\",\"target\":[\"https:\\\/\\\/cj.estrategia.com\\\/portal\\\/flavio-dino-para-vaga-no-stf\\\/#respond\"]}]},{\"@type\":\"WebPage\",\"@id\":\"https:\\\/\\\/cj.estrategia.com\\\/portal\\\/flavio-dino-para-vaga-no-stf\\\/\",\"url\":\"https:\\\/\\\/cj.estrategia.com\\\/portal\\\/flavio-dino-para-vaga-no-stf\\\/\",\"name\":\"Lula indica Fl\u00e1vio Dino para vaga no STF\",\"isPartOf\":{\"@id\":\"https:\\\/\\\/cj.estrategia.com\\\/portal\\\/#website\"},\"primaryImageOfPage\":{\"@id\":\"https:\\\/\\\/cj.estrategia.com\\\/portal\\\/flavio-dino-para-vaga-no-stf\\\/#primaryimage\"},\"image\":{\"@id\":\"https:\\\/\\\/cj.estrategia.com\\\/portal\\\/flavio-dino-para-vaga-no-stf\\\/#primaryimage\"},\"thumbnailUrl\":\"https:\\\/\\\/cj.estrategia.com\\\/portal\\\/wp-content\\\/uploads\\\/2023\\\/11\\\/28001455\\\/https__img.migalhas.com_.br__SL__gf_base__SL__empresas__SL__MIGA__SL__imagens__SL__2023__SL__11__SL__27__SL__eabed21c-ac5d-446e-a77c-a7ee5165ab6a.jpg._PROC_CP65.jpg\",\"datePublished\":\"2023-11-28T03:17:46+00:00\",\"dateModified\":\"2023-11-30T12:20:26+00:00\",\"description\":\"Lula indica Fl\u00e1vio Dino para vaga no STF: Entenda a indica\u00e7\u00e3o e tudo o que acarreta essa decis\u00e3o. Confira o artigo!\",\"breadcrumb\":{\"@id\":\"https:\\\/\\\/cj.estrategia.com\\\/portal\\\/flavio-dino-para-vaga-no-stf\\\/#breadcrumb\"},\"inLanguage\":\"pt-BR\",\"potentialAction\":[{\"@type\":\"ReadAction\",\"target\":[\"https:\\\/\\\/cj.estrategia.com\\\/portal\\\/flavio-dino-para-vaga-no-stf\\\/\"]}]},{\"@type\":\"ImageObject\",\"inLanguage\":\"pt-BR\",\"@id\":\"https:\\\/\\\/cj.estrategia.com\\\/portal\\\/flavio-dino-para-vaga-no-stf\\\/#primaryimage\",\"url\":\"https:\\\/\\\/cj.estrategia.com\\\/portal\\\/wp-content\\\/uploads\\\/2023\\\/11\\\/28001455\\\/https__img.migalhas.com_.br__SL__gf_base__SL__empresas__SL__MIGA__SL__imagens__SL__2023__SL__11__SL__27__SL__eabed21c-ac5d-446e-a77c-a7ee5165ab6a.jpg._PROC_CP65.jpg\",\"contentUrl\":\"https:\\\/\\\/cj.estrategia.com\\\/portal\\\/wp-content\\\/uploads\\\/2023\\\/11\\\/28001455\\\/https__img.migalhas.com_.br__SL__gf_base__SL__empresas__SL__MIGA__SL__imagens__SL__2023__SL__11__SL__27__SL__eabed21c-ac5d-446e-a77c-a7ee5165ab6a.jpg._PROC_CP65.jpg\",\"width\":880,\"height\":500},{\"@type\":\"BreadcrumbList\",\"@id\":\"https:\\\/\\\/cj.estrategia.com\\\/portal\\\/flavio-dino-para-vaga-no-stf\\\/#breadcrumb\",\"itemListElement\":[{\"@type\":\"ListItem\",\"position\":1,\"name\":\"In\u00edcio\",\"item\":\"https:\\\/\\\/cj.estrategia.com\\\/portal\\\/\"},{\"@type\":\"ListItem\",\"position\":2,\"name\":\"Lula indica Fl\u00e1vio Dino para vaga no STF\"}]},{\"@type\":\"WebSite\",\"@id\":\"https:\\\/\\\/cj.estrategia.com\\\/portal\\\/#website\",\"url\":\"https:\\\/\\\/cj.estrategia.com\\\/portal\\\/\",\"name\":\"Blog - Carreiras Jur\u00eddicas - Estrat\u00e9gia\",\"description\":\"\",\"publisher\":{\"@id\":\"https:\\\/\\\/cj.estrategia.com\\\/portal\\\/#organization\"},\"potentialAction\":[{\"@type\":\"SearchAction\",\"target\":{\"@type\":\"EntryPoint\",\"urlTemplate\":\"https:\\\/\\\/cj.estrategia.com\\\/portal\\\/?s={search_term_string}\"},\"query-input\":{\"@type\":\"PropertyValueSpecification\",\"valueRequired\":true,\"valueName\":\"search_term_string\"}}],\"inLanguage\":\"pt-BR\"},{\"@type\":\"Organization\",\"@id\":\"https:\\\/\\\/cj.estrategia.com\\\/portal\\\/#organization\",\"name\":\"Estrat\u00e9gia - Carreiras Jur\u00eddicas\",\"url\":\"https:\\\/\\\/cj.estrategia.com\\\/portal\\\/\",\"logo\":{\"@type\":\"ImageObject\",\"inLanguage\":\"pt-BR\",\"@id\":\"https:\\\/\\\/cj.estrategia.com\\\/portal\\\/#\\\/schema\\\/logo\\\/image\\\/\",\"url\":\"https:\\\/\\\/cj.estrategia.com\\\/portal\\\/wp-content\\\/uploads\\\/2022\\\/03\\\/11151052\\\/cj-logo.png\",\"contentUrl\":\"https:\\\/\\\/cj.estrategia.com\\\/portal\\\/wp-content\\\/uploads\\\/2022\\\/03\\\/11151052\\\/cj-logo.png\",\"width\":150,\"height\":39,\"caption\":\"Estrat\u00e9gia - Carreiras Jur\u00eddicas\"},\"image\":{\"@id\":\"https:\\\/\\\/cj.estrategia.com\\\/portal\\\/#\\\/schema\\\/logo\\\/image\\\/\"},\"sameAs\":[\"https:\\\/\\\/www.facebook.com\\\/estrategiacarreirajuridica\\\/\",\"https:\\\/\\\/x.com\\\/EstratJuridica\",\"https:\\\/\\\/www.instagram.com\\\/estrategiacarreirajuridica\\\/\",\"https:\\\/\\\/www.youtube.com\\\/channel\\\/UClbMGuYbj2Mh1m3w144ETWQ\"]},{\"@type\":\"Person\",\"@id\":\"https:\\\/\\\/cj.estrategia.com\\\/portal\\\/#\\\/schema\\\/person\\\/aa7e4ed652b4a209e40869071fda4361\",\"name\":\"Marcos Gomes\",\"image\":{\"@type\":\"ImageObject\",\"inLanguage\":\"pt-BR\",\"@id\":\"https:\\\/\\\/cj.estrategia.com\\\/portal\\\/wp-content\\\/uploads\\\/2023\\\/06\\\/01191815\\\/IMG_8949-96x96.jpg\",\"url\":\"https:\\\/\\\/cj.estrategia.com\\\/portal\\\/wp-content\\\/uploads\\\/2023\\\/06\\\/01191815\\\/IMG_8949-96x96.jpg\",\"contentUrl\":\"https:\\\/\\\/cj.estrategia.com\\\/portal\\\/wp-content\\\/uploads\\\/2023\\\/06\\\/01191815\\\/IMG_8949-96x96.jpg\",\"caption\":\"Marcos Gomes\"},\"description\":\"Defensor P\u00fablico do Estado de S\u00e3o Paulo. Especialista em Direito P\u00fablico. Professor de Direito Constitucional e Princ\u00edpios Institucionais no Estrat\u00e9gia Carreiras Jur\u00eddicas. Coordenador da Cole\u00e7\u00e3o Defensoria Ponto a Ponto.\",\"url\":\"https:\\\/\\\/cj.estrategia.com\\\/portal\\\/author\\\/marcos-gomes\\\/\"}]}<\/script>\n<!-- \/ Yoast SEO Premium plugin. -->","yoast_head_json":{"title":"Lula indica Fl\u00e1vio Dino para vaga no STF","description":"Lula indica Fl\u00e1vio Dino para vaga no STF: Entenda a indica\u00e7\u00e3o e tudo o que acarreta essa decis\u00e3o. Confira o artigo!","robots":{"index":"index","follow":"follow","max-snippet":"max-snippet:-1","max-image-preview":"max-image-preview:large","max-video-preview":"max-video-preview:-1"},"canonical":"https:\/\/cj.estrategia.com\/portal\/flavio-dino-para-vaga-no-stf\/","og_locale":"pt_BR","og_type":"article","og_title":"Lula indica Fl\u00e1vio Dino para vaga no STF","og_description":"Lula indica Fl\u00e1vio Dino para vaga no STF: Entenda a indica\u00e7\u00e3o e tudo o que acarreta essa decis\u00e3o. Confira o artigo!","og_url":"https:\/\/cj.estrategia.com\/portal\/flavio-dino-para-vaga-no-stf\/","og_site_name":"Blog - Carreiras Jur\u00eddicas - Estrat\u00e9gia","article_publisher":"https:\/\/www.facebook.com\/estrategiacarreirajuridica\/","article_published_time":"2023-11-28T03:17:46+00:00","article_modified_time":"2023-11-30T12:20:26+00:00","og_image":[{"width":880,"height":500,"url":"https:\/\/cj.estrategia.com\/portal\/wp-content\/uploads\/2023\/11\/28001455\/https__img.migalhas.com_.br__SL__gf_base__SL__empresas__SL__MIGA__SL__imagens__SL__2023__SL__11__SL__27__SL__eabed21c-ac5d-446e-a77c-a7ee5165ab6a.jpg._PROC_CP65.jpg","type":"image\/jpeg"}],"author":"Marcos Gomes","twitter_card":"summary_large_image","twitter_creator":"@EstratJuridica","twitter_site":"@EstratJuridica","twitter_misc":{"Escrito por":"Marcos Gomes","Est. tempo de leitura":"5 minutos"},"schema":{"@context":"https:\/\/schema.org","@graph":[{"@type":"NewsArticle","@id":"https:\/\/cj.estrategia.com\/portal\/flavio-dino-para-vaga-no-stf\/#article","isPartOf":{"@id":"https:\/\/cj.estrategia.com\/portal\/flavio-dino-para-vaga-no-stf\/"},"author":{"name":"Marcos Gomes","@id":"https:\/\/cj.estrategia.com\/portal\/#\/schema\/person\/aa7e4ed652b4a209e40869071fda4361"},"headline":"Lula indica Fl\u00e1vio Dino para vaga no STF","datePublished":"2023-11-28T03:17:46+00:00","dateModified":"2023-11-30T12:20:26+00:00","mainEntityOfPage":{"@id":"https:\/\/cj.estrategia.com\/portal\/flavio-dino-para-vaga-no-stf\/"},"wordCount":1017,"commentCount":0,"publisher":{"@id":"https:\/\/cj.estrategia.com\/portal\/#organization"},"image":{"@id":"https:\/\/cj.estrategia.com\/portal\/flavio-dino-para-vaga-no-stf\/#primaryimage"},"thumbnailUrl":"https:\/\/cj.estrategia.com\/portal\/wp-content\/uploads\/2023\/11\/28001455\/https__img.migalhas.com_.br__SL__gf_base__SL__empresas__SL__MIGA__SL__imagens__SL__2023__SL__11__SL__27__SL__eabed21c-ac5d-446e-a77c-a7ee5165ab6a.jpg._PROC_CP65.jpg","articleSection":["Carreiras Jur\u00eddicas","Cart\u00f3rio","Defensoria","Delegado","Magistratura","Not\u00edcias","Procuradoria","Promotoria"],"inLanguage":"pt-BR","potentialAction":[{"@type":"CommentAction","name":"Comment","target":["https:\/\/cj.estrategia.com\/portal\/flavio-dino-para-vaga-no-stf\/#respond"]}]},{"@type":"WebPage","@id":"https:\/\/cj.estrategia.com\/portal\/flavio-dino-para-vaga-no-stf\/","url":"https:\/\/cj.estrategia.com\/portal\/flavio-dino-para-vaga-no-stf\/","name":"Lula indica Fl\u00e1vio Dino para vaga no STF","isPartOf":{"@id":"https:\/\/cj.estrategia.com\/portal\/#website"},"primaryImageOfPage":{"@id":"https:\/\/cj.estrategia.com\/portal\/flavio-dino-para-vaga-no-stf\/#primaryimage"},"image":{"@id":"https:\/\/cj.estrategia.com\/portal\/flavio-dino-para-vaga-no-stf\/#primaryimage"},"thumbnailUrl":"https:\/\/cj.estrategia.com\/portal\/wp-content\/uploads\/2023\/11\/28001455\/https__img.migalhas.com_.br__SL__gf_base__SL__empresas__SL__MIGA__SL__imagens__SL__2023__SL__11__SL__27__SL__eabed21c-ac5d-446e-a77c-a7ee5165ab6a.jpg._PROC_CP65.jpg","datePublished":"2023-11-28T03:17:46+00:00","dateModified":"2023-11-30T12:20:26+00:00","description":"Lula indica Fl\u00e1vio Dino para vaga no STF: Entenda a indica\u00e7\u00e3o e tudo o que acarreta essa decis\u00e3o. Confira o artigo!","breadcrumb":{"@id":"https:\/\/cj.estrategia.com\/portal\/flavio-dino-para-vaga-no-stf\/#breadcrumb"},"inLanguage":"pt-BR","potentialAction":[{"@type":"ReadAction","target":["https:\/\/cj.estrategia.com\/portal\/flavio-dino-para-vaga-no-stf\/"]}]},{"@type":"ImageObject","inLanguage":"pt-BR","@id":"https:\/\/cj.estrategia.com\/portal\/flavio-dino-para-vaga-no-stf\/#primaryimage","url":"https:\/\/cj.estrategia.com\/portal\/wp-content\/uploads\/2023\/11\/28001455\/https__img.migalhas.com_.br__SL__gf_base__SL__empresas__SL__MIGA__SL__imagens__SL__2023__SL__11__SL__27__SL__eabed21c-ac5d-446e-a77c-a7ee5165ab6a.jpg._PROC_CP65.jpg","contentUrl":"https:\/\/cj.estrategia.com\/portal\/wp-content\/uploads\/2023\/11\/28001455\/https__img.migalhas.com_.br__SL__gf_base__SL__empresas__SL__MIGA__SL__imagens__SL__2023__SL__11__SL__27__SL__eabed21c-ac5d-446e-a77c-a7ee5165ab6a.jpg._PROC_CP65.jpg","width":880,"height":500},{"@type":"BreadcrumbList","@id":"https:\/\/cj.estrategia.com\/portal\/flavio-dino-para-vaga-no-stf\/#breadcrumb","itemListElement":[{"@type":"ListItem","position":1,"name":"In\u00edcio","item":"https:\/\/cj.estrategia.com\/portal\/"},{"@type":"ListItem","position":2,"name":"Lula indica Fl\u00e1vio Dino para vaga no STF"}]},{"@type":"WebSite","@id":"https:\/\/cj.estrategia.com\/portal\/#website","url":"https:\/\/cj.estrategia.com\/portal\/","name":"Blog - Carreiras Jur\u00eddicas - Estrat\u00e9gia","description":"","publisher":{"@id":"https:\/\/cj.estrategia.com\/portal\/#organization"},"potentialAction":[{"@type":"SearchAction","target":{"@type":"EntryPoint","urlTemplate":"https:\/\/cj.estrategia.com\/portal\/?s={search_term_string}"},"query-input":{"@type":"PropertyValueSpecification","valueRequired":true,"valueName":"search_term_string"}}],"inLanguage":"pt-BR"},{"@type":"Organization","@id":"https:\/\/cj.estrategia.com\/portal\/#organization","name":"Estrat\u00e9gia - Carreiras Jur\u00eddicas","url":"https:\/\/cj.estrategia.com\/portal\/","logo":{"@type":"ImageObject","inLanguage":"pt-BR","@id":"https:\/\/cj.estrategia.com\/portal\/#\/schema\/logo\/image\/","url":"https:\/\/cj.estrategia.com\/portal\/wp-content\/uploads\/2022\/03\/11151052\/cj-logo.png","contentUrl":"https:\/\/cj.estrategia.com\/portal\/wp-content\/uploads\/2022\/03\/11151052\/cj-logo.png","width":150,"height":39,"caption":"Estrat\u00e9gia - Carreiras Jur\u00eddicas"},"image":{"@id":"https:\/\/cj.estrategia.com\/portal\/#\/schema\/logo\/image\/"},"sameAs":["https:\/\/www.facebook.com\/estrategiacarreirajuridica\/","https:\/\/x.com\/EstratJuridica","https:\/\/www.instagram.com\/estrategiacarreirajuridica\/","https:\/\/www.youtube.com\/channel\/UClbMGuYbj2Mh1m3w144ETWQ"]},{"@type":"Person","@id":"https:\/\/cj.estrategia.com\/portal\/#\/schema\/person\/aa7e4ed652b4a209e40869071fda4361","name":"Marcos Gomes","image":{"@type":"ImageObject","inLanguage":"pt-BR","@id":"https:\/\/cj.estrategia.com\/portal\/wp-content\/uploads\/2023\/06\/01191815\/IMG_8949-96x96.jpg","url":"https:\/\/cj.estrategia.com\/portal\/wp-content\/uploads\/2023\/06\/01191815\/IMG_8949-96x96.jpg","contentUrl":"https:\/\/cj.estrategia.com\/portal\/wp-content\/uploads\/2023\/06\/01191815\/IMG_8949-96x96.jpg","caption":"Marcos Gomes"},"description":"Defensor P\u00fablico do Estado de S\u00e3o Paulo. Especialista em Direito P\u00fablico. Professor de Direito Constitucional e Princ\u00edpios Institucionais no Estrat\u00e9gia Carreiras Jur\u00eddicas. Coordenador da Cole\u00e7\u00e3o Defensoria Ponto a Ponto.","url":"https:\/\/cj.estrategia.com\/portal\/author\/marcos-gomes\/"}]}},"jetpack_featured_media_url":"https:\/\/cj.estrategia.com\/portal\/wp-content\/uploads\/2023\/11\/28001455\/https__img.migalhas.com_.br__SL__gf_base__SL__empresas__SL__MIGA__SL__imagens__SL__2023__SL__11__SL__27__SL__eabed21c-ac5d-446e-a77c-a7ee5165ab6a.jpg._PROC_CP65.jpg","jetpack_sharing_enabled":true,"_links":{"self":[{"href":"https:\/\/cj.estrategia.com\/portal\/wp-json\/wp\/v2\/posts\/50295","targetHints":{"allow":["GET"]}}],"collection":[{"href":"https:\/\/cj.estrategia.com\/portal\/wp-json\/wp\/v2\/posts"}],"about":[{"href":"https:\/\/cj.estrategia.com\/portal\/wp-json\/wp\/v2\/types\/post"}],"author":[{"embeddable":true,"href":"https:\/\/cj.estrategia.com\/portal\/wp-json\/wp\/v2\/users\/54"}],"replies":[{"embeddable":true,"href":"https:\/\/cj.estrategia.com\/portal\/wp-json\/wp\/v2\/comments?post=50295"}],"version-history":[{"count":9,"href":"https:\/\/cj.estrategia.com\/portal\/wp-json\/wp\/v2\/posts\/50295\/revisions"}],"predecessor-version":[{"id":50582,"href":"https:\/\/cj.estrategia.com\/portal\/wp-json\/wp\/v2\/posts\/50295\/revisions\/50582"}],"wp:featuredmedia":[{"embeddable":true,"href":"https:\/\/cj.estrategia.com\/portal\/wp-json\/wp\/v2\/media\/50297"}],"wp:attachment":[{"href":"https:\/\/cj.estrategia.com\/portal\/wp-json\/wp\/v2\/media?parent=50295"}],"wp:term":[{"taxonomy":"category","embeddable":true,"href":"https:\/\/cj.estrategia.com\/portal\/wp-json\/wp\/v2\/categories?post=50295"},{"taxonomy":"post_tag","embeddable":true,"href":"https:\/\/cj.estrategia.com\/portal\/wp-json\/wp\/v2\/tags?post=50295"},{"taxonomy":"tax_estado","embeddable":true,"href":"https:\/\/cj.estrategia.com\/portal\/wp-json\/wp\/v2\/tax_estado?post=50295"}],"curies":[{"name":"wp","href":"https:\/\/api.w.org\/{rel}","templated":true}]}}