{"id":49119,"date":"2023-11-08T07:30:32","date_gmt":"2023-11-08T10:30:32","guid":{"rendered":"https:\/\/cj.estrategia.com\/portal\/?p=49119"},"modified":"2023-11-08T07:30:42","modified_gmt":"2023-11-08T10:30:42","slug":"estagio-podera-ser-considerado-experiencia-profissional","status":"publish","type":"post","link":"https:\/\/cj.estrategia.com\/portal\/estagio-podera-ser-considerado-experiencia-profissional\/","title":{"rendered":"Est\u00e1gio poder\u00e1 ser considerado experi\u00eancia profissional"},"content":{"rendered":"\n<p>Foi aprovado na ter\u00e7a-feira (7) pela Comiss\u00e3o de Educa\u00e7\u00e3o (CE) o Projeto de Lei (PL) <a href=\"https:\/\/www25.senado.leg.br\/web\/atividade\/materias\/-\/materia\/159480\" target=\"_blank\" >2.762\/2019,<\/a> que trata como <strong>experi\u00eancia profissional o est\u00e1gio realizado pelo estudante<\/strong>. <\/p>\n\n\n\n<p>Agora, a mat\u00e9ria segue para a Comiss\u00e3o de Assuntos Sociais (CAS). O projeto altera a Lei do Est\u00e1gio (<a href=\"https:\/\/normas.leg.br\/?urn=urn:lex:br:federal:lei:2008-09-25;11788\" target=\"_blank\" >Lei 11.788, de 2008<\/a>) e <strong>determina que o poder p\u00fablico regulamentar\u00e1 as hip\u00f3teses em que a experi\u00eancia profissional do est\u00e1gio valer\u00e1 para provas em concurso p\u00fablico<\/strong>.<\/p>\n\n\n\n<p>De acordo com o autor do PL, deputado federal Fl\u00e1vio Nogueira (PDT-PI), o projeto visa auxiliar os jovens que tenham somente o est\u00e1gio como experi\u00eancia e por conta disso n\u00e3o conseguem determinados empregos. <\/p>\n\n\n\n<p>Atualmente a experi\u00eancia profissional \u00e9 solicitada em concursos da magistratura, minist\u00e9rio p\u00fablico, delegado civil e federal, procuradorias e cart\u00f3rios. <\/p>\n\n\n\n<p>A equipe de jornalismo do Estrat\u00e9gia Carreira Jur\u00eddica est\u00e1 acompanhando o andamento do PL e quando tivermos novidades atualizaremos esse artigo. <\/p>\n\n\n\n<h2 class=\"wp-block-heading has-text-align-center\" id=\"cursos-ficha\"><span id=\"quer-estudar-para-concursos-juridicos-2023\">Quer estudar para Concursos Jur\u00eddicos 2023?<\/span><\/h2>\n\n\n\n<p>O Estrat\u00e9gia Carreira Jur\u00eddica \u00e9 campe\u00e3o de aprova\u00e7\u00f5es nos concursos Jur\u00eddicos 2023 e em Carreiras Jur\u00eddicas com um corpo docente qualificado e materiais completos. Conhe\u00e7a nossos cursos e garanta sua aprova\u00e7\u00e3o:<\/p>\n\n\n\n<div class=\"wp-block-cover\" style=\"min-height:155px;aspect-ratio:unset;\"><img decoding=\"async\" width=\"1890\" height=\"351\" class=\"wp-block-cover__image-background wp-image-8669\" alt=\"Assinaturas Jur\u00eddicas\" src=\"https:\/\/cj.estrategia.com\/portal\/wp-content\/uploads\/2022\/06\/20151253\/concurso-carreiras-juridicas-assinatura-juridica.jpg\" style=\"object-position:78% 43%\" data-object-fit=\"cover\" data-object-position=\"78% 43%\" srcset=\"https:\/\/cj.estrategia.com\/portal\/wp-content\/uploads\/2022\/06\/20151253\/concurso-carreiras-juridicas-assinatura-juridica.jpg 1890w, https:\/\/cj.estrategia.com\/portal\/wp-content\/uploads\/2022\/06\/20151253\/concurso-carreiras-juridicas-assinatura-juridica-300x56.jpg 300w, https:\/\/cj.estrategia.com\/portal\/wp-content\/uploads\/2022\/06\/20151253\/concurso-carreiras-juridicas-assinatura-juridica-1024x190.jpg 1024w, https:\/\/cj.estrategia.com\/portal\/wp-content\/uploads\/2022\/06\/20151253\/concurso-carreiras-juridicas-assinatura-juridica-768x143.jpg 768w, https:\/\/cj.estrategia.com\/portal\/wp-content\/uploads\/2022\/06\/20151253\/concurso-carreiras-juridicas-assinatura-juridica-1536x285.jpg 1536w, https:\/\/cj.estrategia.com\/portal\/wp-content\/uploads\/2022\/06\/20151253\/concurso-carreiras-juridicas-assinatura-juridica-380x71.jpg 380w, https:\/\/cj.estrategia.com\/portal\/wp-content\/uploads\/2022\/06\/20151253\/concurso-carreiras-juridicas-assinatura-juridica-800x149.jpg 800w, https:\/\/cj.estrategia.com\/portal\/wp-content\/uploads\/2022\/06\/20151253\/concurso-carreiras-juridicas-assinatura-juridica-1160x215.jpg 1160w\" sizes=\"(max-width: 1890px) 100vw, 1890px\" \/><span aria-hidden=\"true\" class=\"wp-block-cover__background has-background-dim\"><\/span><div class=\"wp-block-cover__inner-container is-layout-flow wp-block-cover-is-layout-flow\">\n<h3 id=\"faca-a-sua-assinatura\" class=\"titulo-assinatura\"><span style=\"color: #ffffff;\">Fa\u00e7a a sua assinatura!<\/span><\/h3>\n<p class=\"subtitulo-assinatura\" style=\"display:block!important; line-height: 0;\"><span style=\"color: #ffffff;\">Escolha a sua \u00e1rea.<\/span><\/p>\n<a target=\"_blank\" href=\"https:\/\/www.estrategiaconcursos.com.br\/assinaturas-ecj\/\" rel=\"noopener\"><button style=\"border-radius: 10px; text-transform: capitalize;\">Acessar<\/button><\/a>\n<\/div><\/div>\n\n\n\n<div id=\"boxes\" class=\"container\">\n<div class=\"row\">\n<div class=\"col-sm\">\n<div id=\"box-assinatura\" class=\"banner-estrategia-concursos-juridicos\">\n<h3 id=\"curso-para-carreiras-juridicas\" class=\"titulo-assinatura\"><span style=\"color: #ffffff; font-size: 23px; \">Curso para Carreiras Jur\u00eddicas<\/span><\/h3>\n<p class=\"subtitulo-assinatura\">Cursos focados no edital do concurso<\/p>\n<div class=\"box-botao\"><a class=\"btn-assinatura-juridica\" role=\"button\" href=\"https:\/\/www.estrategiaconcursos.com.br\/cursosPorConcurso\/carreira-juridica-regular\/\" target=\"_blank\" rel=\"noopener noreferrer\">Conhe\u00e7a mais<\/a><\/div>\n<\/div>\n<p class=\"texto-auxiliar\">Prepare-se com o melhor material e com quem mais aprova em concursos em todo o pa\u00eds.<\/p>\n<\/div>\n<\/div>\n<\/div>\n\n\n\n<p><\/p>\n","protected":false},"excerpt":{"rendered":"Foi aprovado na ter\u00e7a-feira (7) pela Comiss\u00e3o de Educa\u00e7\u00e3o (CE) o Projeto de Lei (PL) 2.762\/2019, que trata&hellip;\n","protected":false},"author":4,"featured_media":29653,"comment_status":"open","ping_status":"open","sticky":false,"template":"","format":"standard","meta":{"_jetpack_memberships_contains_paid_content":false,"footnotes":""},"categories":[1,29,27,28,26,115,24,25],"tags":[],"tax_estado":[30,31,32,33,34,35,36,37,38,39,40,41,42,43,44,45,46,47,48,49,50,51,52,53,54,55,56,57],"class_list":{"0":"post-49119","1":"post","2":"type-post","3":"status-publish","4":"format-standard","5":"has-post-thumbnail","7":"category-carreiras-juridicas","8":"category-cartorio","9":"category-defensoria","10":"category-delegado","11":"category-magistratura","12":"category-noticias","13":"category-procuradoria","14":"category-promotoria","15":"tax_estado-ac","16":"tax_estado-al","17":"tax_estado-am","18":"tax_estado-ap","19":"tax_estado-ba","20":"tax_estado-ce","21":"tax_estado-concursos-federais","22":"tax_estado-df","23":"tax_estado-es","24":"tax_estado-go","25":"tax_estado-ma","26":"tax_estado-mg","27":"tax_estado-ms","28":"tax_estado-mt","29":"tax_estado-pa","30":"tax_estado-pb","31":"tax_estado-pe","32":"tax_estado-pi","33":"tax_estado-pr","34":"tax_estado-rj","35":"tax_estado-rn","36":"tax_estado-ro","37":"tax_estado-rr","38":"tax_estado-rs","39":"tax_estado-sc","40":"tax_estado-se","41":"tax_estado-sp","42":"tax_estado-to"},"acf":[],"yoast_head":"<!-- This site is optimized with the Yoast SEO Premium plugin v27.4 (Yoast SEO v27.4) - https:\/\/yoast.com\/product\/yoast-seo-premium-wordpress\/ -->\n<title>Est\u00e1gio poder\u00e1 ser considerado experi\u00eancia profissional<\/title>\n<meta name=\"description\" content=\"PL prop\u00f5em que experi\u00eancia profissional do est\u00e1gio valer\u00e1 para provas em concurso p\u00fablico!\" \/>\n<meta name=\"robots\" content=\"index, follow, max-snippet:-1, max-image-preview:large, max-video-preview:-1\" \/>\n<link rel=\"canonical\" href=\"https:\/\/cj.estrategia.com\/portal\/estagio-podera-ser-considerado-experiencia-profissional\/\" \/>\n<meta property=\"og:locale\" content=\"pt_BR\" \/>\n<meta property=\"og:type\" content=\"article\" \/>\n<meta property=\"og:title\" content=\"Est\u00e1gio poder\u00e1 ser considerado experi\u00eancia profissional\" \/>\n<meta property=\"og:description\" content=\"PL prop\u00f5em que experi\u00eancia profissional do est\u00e1gio valer\u00e1 para provas em concurso p\u00fablico!\" \/>\n<meta property=\"og:url\" content=\"https:\/\/cj.estrategia.com\/portal\/estagio-podera-ser-considerado-experiencia-profissional\/\" \/>\n<meta property=\"og:site_name\" content=\"Blog - Carreiras Jur\u00eddicas - Estrat\u00e9gia\" \/>\n<meta property=\"article:publisher\" content=\"https:\/\/www.facebook.com\/estrategiacarreirajuridica\/\" \/>\n<meta property=\"article:published_time\" content=\"2023-11-08T10:30:32+00:00\" \/>\n<meta property=\"article:modified_time\" content=\"2023-11-08T10:30:42+00:00\" \/>\n<meta property=\"og:image\" content=\"https:\/\/cj.estrategia.com\/portal\/wp-content\/uploads\/2023\/02\/14165920\/advogada-se-preparando-para-concursos-juridicos-no-estado-de-mg.png\" \/>\n\t<meta property=\"og:image:width\" content=\"632\" \/>\n\t<meta property=\"og:image:height\" content=\"420\" \/>\n\t<meta property=\"og:image:type\" content=\"image\/png\" \/>\n<meta name=\"author\" content=\"Victor Almeida\" \/>\n<meta name=\"twitter:card\" content=\"summary_large_image\" \/>\n<meta name=\"twitter:creator\" content=\"@EstratJuridica\" \/>\n<meta name=\"twitter:site\" content=\"@EstratJuridica\" \/>\n<meta name=\"twitter:label1\" content=\"Escrito por\" \/>\n\t<meta name=\"twitter:data1\" content=\"Victor Almeida\" \/>\n\t<meta name=\"twitter:label2\" content=\"Est. tempo de leitura\" \/>\n\t<meta name=\"twitter:data2\" content=\"2 minutos\" \/>\n<script type=\"application\/ld+json\" class=\"yoast-schema-graph\">{\"@context\":\"https:\\\/\\\/schema.org\",\"@graph\":[{\"@type\":\"NewsArticle\",\"@id\":\"https:\\\/\\\/cj.estrategia.com\\\/portal\\\/estagio-podera-ser-considerado-experiencia-profissional\\\/#article\",\"isPartOf\":{\"@id\":\"https:\\\/\\\/cj.estrategia.com\\\/portal\\\/estagio-podera-ser-considerado-experiencia-profissional\\\/\"},\"author\":{\"name\":\"Victor Almeida\",\"@id\":\"https:\\\/\\\/cj.estrategia.com\\\/portal\\\/#\\\/schema\\\/person\\\/17598418245e7f66664cf80ccba41a29\"},\"headline\":\"Est\u00e1gio poder\u00e1 ser considerado experi\u00eancia profissional\",\"datePublished\":\"2023-11-08T10:30:32+00:00\",\"dateModified\":\"2023-11-08T10:30:42+00:00\",\"mainEntityOfPage\":{\"@id\":\"https:\\\/\\\/cj.estrategia.com\\\/portal\\\/estagio-podera-ser-considerado-experiencia-profissional\\\/\"},\"wordCount\":243,\"commentCount\":0,\"publisher\":{\"@id\":\"https:\\\/\\\/cj.estrategia.com\\\/portal\\\/#organization\"},\"image\":{\"@id\":\"https:\\\/\\\/cj.estrategia.com\\\/portal\\\/estagio-podera-ser-considerado-experiencia-profissional\\\/#primaryimage\"},\"thumbnailUrl\":\"https:\\\/\\\/cj.estrategia.com\\\/portal\\\/wp-content\\\/uploads\\\/2023\\\/02\\\/14165920\\\/advogada-se-preparando-para-concursos-juridicos-no-estado-de-mg.png\",\"articleSection\":[\"Carreiras Jur\u00eddicas\",\"Cart\u00f3rio\",\"Defensoria\",\"Delegado\",\"Magistratura\",\"Not\u00edcias\",\"Procuradoria\",\"Promotoria\"],\"inLanguage\":\"pt-BR\",\"potentialAction\":[{\"@type\":\"CommentAction\",\"name\":\"Comment\",\"target\":[\"https:\\\/\\\/cj.estrategia.com\\\/portal\\\/estagio-podera-ser-considerado-experiencia-profissional\\\/#respond\"]}]},{\"@type\":\"WebPage\",\"@id\":\"https:\\\/\\\/cj.estrategia.com\\\/portal\\\/estagio-podera-ser-considerado-experiencia-profissional\\\/\",\"url\":\"https:\\\/\\\/cj.estrategia.com\\\/portal\\\/estagio-podera-ser-considerado-experiencia-profissional\\\/\",\"name\":\"Est\u00e1gio poder\u00e1 ser considerado experi\u00eancia profissional\",\"isPartOf\":{\"@id\":\"https:\\\/\\\/cj.estrategia.com\\\/portal\\\/#website\"},\"primaryImageOfPage\":{\"@id\":\"https:\\\/\\\/cj.estrategia.com\\\/portal\\\/estagio-podera-ser-considerado-experiencia-profissional\\\/#primaryimage\"},\"image\":{\"@id\":\"https:\\\/\\\/cj.estrategia.com\\\/portal\\\/estagio-podera-ser-considerado-experiencia-profissional\\\/#primaryimage\"},\"thumbnailUrl\":\"https:\\\/\\\/cj.estrategia.com\\\/portal\\\/wp-content\\\/uploads\\\/2023\\\/02\\\/14165920\\\/advogada-se-preparando-para-concursos-juridicos-no-estado-de-mg.png\",\"datePublished\":\"2023-11-08T10:30:32+00:00\",\"dateModified\":\"2023-11-08T10:30:42+00:00\",\"description\":\"PL prop\u00f5em que experi\u00eancia profissional do est\u00e1gio valer\u00e1 para provas em concurso p\u00fablico!\",\"breadcrumb\":{\"@id\":\"https:\\\/\\\/cj.estrategia.com\\\/portal\\\/estagio-podera-ser-considerado-experiencia-profissional\\\/#breadcrumb\"},\"inLanguage\":\"pt-BR\",\"potentialAction\":[{\"@type\":\"ReadAction\",\"target\":[\"https:\\\/\\\/cj.estrategia.com\\\/portal\\\/estagio-podera-ser-considerado-experiencia-profissional\\\/\"]}]},{\"@type\":\"ImageObject\",\"inLanguage\":\"pt-BR\",\"@id\":\"https:\\\/\\\/cj.estrategia.com\\\/portal\\\/estagio-podera-ser-considerado-experiencia-profissional\\\/#primaryimage\",\"url\":\"https:\\\/\\\/cj.estrategia.com\\\/portal\\\/wp-content\\\/uploads\\\/2023\\\/02\\\/14165920\\\/advogada-se-preparando-para-concursos-juridicos-no-estado-de-mg.png\",\"contentUrl\":\"https:\\\/\\\/cj.estrategia.com\\\/portal\\\/wp-content\\\/uploads\\\/2023\\\/02\\\/14165920\\\/advogada-se-preparando-para-concursos-juridicos-no-estado-de-mg.png\",\"width\":632,\"height\":420},{\"@type\":\"BreadcrumbList\",\"@id\":\"https:\\\/\\\/cj.estrategia.com\\\/portal\\\/estagio-podera-ser-considerado-experiencia-profissional\\\/#breadcrumb\",\"itemListElement\":[{\"@type\":\"ListItem\",\"position\":1,\"name\":\"In\u00edcio\",\"item\":\"https:\\\/\\\/cj.estrategia.com\\\/portal\\\/\"},{\"@type\":\"ListItem\",\"position\":2,\"name\":\"Est\u00e1gio poder\u00e1 ser considerado experi\u00eancia profissional\"}]},{\"@type\":\"WebSite\",\"@id\":\"https:\\\/\\\/cj.estrategia.com\\\/portal\\\/#website\",\"url\":\"https:\\\/\\\/cj.estrategia.com\\\/portal\\\/\",\"name\":\"Blog - Carreiras Jur\u00eddicas - Estrat\u00e9gia\",\"description\":\"\",\"publisher\":{\"@id\":\"https:\\\/\\\/cj.estrategia.com\\\/portal\\\/#organization\"},\"potentialAction\":[{\"@type\":\"SearchAction\",\"target\":{\"@type\":\"EntryPoint\",\"urlTemplate\":\"https:\\\/\\\/cj.estrategia.com\\\/portal\\\/?s={search_term_string}\"},\"query-input\":{\"@type\":\"PropertyValueSpecification\",\"valueRequired\":true,\"valueName\":\"search_term_string\"}}],\"inLanguage\":\"pt-BR\"},{\"@type\":\"Organization\",\"@id\":\"https:\\\/\\\/cj.estrategia.com\\\/portal\\\/#organization\",\"name\":\"Estrat\u00e9gia - Carreiras Jur\u00eddicas\",\"url\":\"https:\\\/\\\/cj.estrategia.com\\\/portal\\\/\",\"logo\":{\"@type\":\"ImageObject\",\"inLanguage\":\"pt-BR\",\"@id\":\"https:\\\/\\\/cj.estrategia.com\\\/portal\\\/#\\\/schema\\\/logo\\\/image\\\/\",\"url\":\"https:\\\/\\\/cj.estrategia.com\\\/portal\\\/wp-content\\\/uploads\\\/2022\\\/03\\\/11151052\\\/cj-logo.png\",\"contentUrl\":\"https:\\\/\\\/cj.estrategia.com\\\/portal\\\/wp-content\\\/uploads\\\/2022\\\/03\\\/11151052\\\/cj-logo.png\",\"width\":150,\"height\":39,\"caption\":\"Estrat\u00e9gia - Carreiras Jur\u00eddicas\"},\"image\":{\"@id\":\"https:\\\/\\\/cj.estrategia.com\\\/portal\\\/#\\\/schema\\\/logo\\\/image\\\/\"},\"sameAs\":[\"https:\\\/\\\/www.facebook.com\\\/estrategiacarreirajuridica\\\/\",\"https:\\\/\\\/x.com\\\/EstratJuridica\",\"https:\\\/\\\/www.instagram.com\\\/estrategiacarreirajuridica\\\/\",\"https:\\\/\\\/www.youtube.com\\\/channel\\\/UClbMGuYbj2Mh1m3w144ETWQ\"]},{\"@type\":\"Person\",\"@id\":\"https:\\\/\\\/cj.estrategia.com\\\/portal\\\/#\\\/schema\\\/person\\\/17598418245e7f66664cf80ccba41a29\",\"name\":\"Victor Almeida\",\"image\":{\"@type\":\"ImageObject\",\"inLanguage\":\"pt-BR\",\"@id\":\"https:\\\/\\\/cj.estrategia.com\\\/portal\\\/wp-content\\\/uploads\\\/2024\\\/02\\\/18140800\\\/victor-almeida-lider-jornalismo-estrategia-oab-e-carreiras-juridicas-96x96.jpg\",\"url\":\"https:\\\/\\\/cj.estrategia.com\\\/portal\\\/wp-content\\\/uploads\\\/2024\\\/02\\\/18140800\\\/victor-almeida-lider-jornalismo-estrategia-oab-e-carreiras-juridicas-96x96.jpg\",\"contentUrl\":\"https:\\\/\\\/cj.estrategia.com\\\/portal\\\/wp-content\\\/uploads\\\/2024\\\/02\\\/18140800\\\/victor-almeida-lider-jornalismo-estrategia-oab-e-carreiras-juridicas-96x96.jpg\",\"caption\":\"Victor Almeida\"},\"description\":\"L\u00edder em jornalismo jur\u00eddico no Estrat\u00e9gia Concursos, atua com SEO e estrat\u00e9gia para desenvolver conte\u00fados relevantes e de alta qualidade para concursos p\u00fablicos e OAB. Formada em R\u00e1dio e TV, possui experi\u00eancia em gest\u00e3o de equipes e inova\u00e7\u00e3o em formatos jornal\u00edsticos.\",\"url\":\"https:\\\/\\\/cj.estrategia.com\\\/portal\\\/author\\\/victor-almeida\\\/\"}]}<\/script>\n<!-- \/ Yoast SEO Premium plugin. -->","yoast_head_json":{"title":"Est\u00e1gio poder\u00e1 ser considerado experi\u00eancia profissional","description":"PL prop\u00f5em que experi\u00eancia profissional do est\u00e1gio valer\u00e1 para provas em concurso p\u00fablico!","robots":{"index":"index","follow":"follow","max-snippet":"max-snippet:-1","max-image-preview":"max-image-preview:large","max-video-preview":"max-video-preview:-1"},"canonical":"https:\/\/cj.estrategia.com\/portal\/estagio-podera-ser-considerado-experiencia-profissional\/","og_locale":"pt_BR","og_type":"article","og_title":"Est\u00e1gio poder\u00e1 ser considerado experi\u00eancia profissional","og_description":"PL prop\u00f5em que experi\u00eancia profissional do est\u00e1gio valer\u00e1 para provas em concurso p\u00fablico!","og_url":"https:\/\/cj.estrategia.com\/portal\/estagio-podera-ser-considerado-experiencia-profissional\/","og_site_name":"Blog - Carreiras Jur\u00eddicas - Estrat\u00e9gia","article_publisher":"https:\/\/www.facebook.com\/estrategiacarreirajuridica\/","article_published_time":"2023-11-08T10:30:32+00:00","article_modified_time":"2023-11-08T10:30:42+00:00","og_image":[{"width":632,"height":420,"url":"https:\/\/cj.estrategia.com\/portal\/wp-content\/uploads\/2023\/02\/14165920\/advogada-se-preparando-para-concursos-juridicos-no-estado-de-mg.png","type":"image\/png"}],"author":"Victor Almeida","twitter_card":"summary_large_image","twitter_creator":"@EstratJuridica","twitter_site":"@EstratJuridica","twitter_misc":{"Escrito por":"Victor Almeida","Est. tempo de leitura":"2 minutos"},"schema":{"@context":"https:\/\/schema.org","@graph":[{"@type":"NewsArticle","@id":"https:\/\/cj.estrategia.com\/portal\/estagio-podera-ser-considerado-experiencia-profissional\/#article","isPartOf":{"@id":"https:\/\/cj.estrategia.com\/portal\/estagio-podera-ser-considerado-experiencia-profissional\/"},"author":{"name":"Victor Almeida","@id":"https:\/\/cj.estrategia.com\/portal\/#\/schema\/person\/17598418245e7f66664cf80ccba41a29"},"headline":"Est\u00e1gio poder\u00e1 ser considerado experi\u00eancia profissional","datePublished":"2023-11-08T10:30:32+00:00","dateModified":"2023-11-08T10:30:42+00:00","mainEntityOfPage":{"@id":"https:\/\/cj.estrategia.com\/portal\/estagio-podera-ser-considerado-experiencia-profissional\/"},"wordCount":243,"commentCount":0,"publisher":{"@id":"https:\/\/cj.estrategia.com\/portal\/#organization"},"image":{"@id":"https:\/\/cj.estrategia.com\/portal\/estagio-podera-ser-considerado-experiencia-profissional\/#primaryimage"},"thumbnailUrl":"https:\/\/cj.estrategia.com\/portal\/wp-content\/uploads\/2023\/02\/14165920\/advogada-se-preparando-para-concursos-juridicos-no-estado-de-mg.png","articleSection":["Carreiras Jur\u00eddicas","Cart\u00f3rio","Defensoria","Delegado","Magistratura","Not\u00edcias","Procuradoria","Promotoria"],"inLanguage":"pt-BR","potentialAction":[{"@type":"CommentAction","name":"Comment","target":["https:\/\/cj.estrategia.com\/portal\/estagio-podera-ser-considerado-experiencia-profissional\/#respond"]}]},{"@type":"WebPage","@id":"https:\/\/cj.estrategia.com\/portal\/estagio-podera-ser-considerado-experiencia-profissional\/","url":"https:\/\/cj.estrategia.com\/portal\/estagio-podera-ser-considerado-experiencia-profissional\/","name":"Est\u00e1gio poder\u00e1 ser considerado experi\u00eancia profissional","isPartOf":{"@id":"https:\/\/cj.estrategia.com\/portal\/#website"},"primaryImageOfPage":{"@id":"https:\/\/cj.estrategia.com\/portal\/estagio-podera-ser-considerado-experiencia-profissional\/#primaryimage"},"image":{"@id":"https:\/\/cj.estrategia.com\/portal\/estagio-podera-ser-considerado-experiencia-profissional\/#primaryimage"},"thumbnailUrl":"https:\/\/cj.estrategia.com\/portal\/wp-content\/uploads\/2023\/02\/14165920\/advogada-se-preparando-para-concursos-juridicos-no-estado-de-mg.png","datePublished":"2023-11-08T10:30:32+00:00","dateModified":"2023-11-08T10:30:42+00:00","description":"PL prop\u00f5em que experi\u00eancia profissional do est\u00e1gio valer\u00e1 para provas em concurso p\u00fablico!","breadcrumb":{"@id":"https:\/\/cj.estrategia.com\/portal\/estagio-podera-ser-considerado-experiencia-profissional\/#breadcrumb"},"inLanguage":"pt-BR","potentialAction":[{"@type":"ReadAction","target":["https:\/\/cj.estrategia.com\/portal\/estagio-podera-ser-considerado-experiencia-profissional\/"]}]},{"@type":"ImageObject","inLanguage":"pt-BR","@id":"https:\/\/cj.estrategia.com\/portal\/estagio-podera-ser-considerado-experiencia-profissional\/#primaryimage","url":"https:\/\/cj.estrategia.com\/portal\/wp-content\/uploads\/2023\/02\/14165920\/advogada-se-preparando-para-concursos-juridicos-no-estado-de-mg.png","contentUrl":"https:\/\/cj.estrategia.com\/portal\/wp-content\/uploads\/2023\/02\/14165920\/advogada-se-preparando-para-concursos-juridicos-no-estado-de-mg.png","width":632,"height":420},{"@type":"BreadcrumbList","@id":"https:\/\/cj.estrategia.com\/portal\/estagio-podera-ser-considerado-experiencia-profissional\/#breadcrumb","itemListElement":[{"@type":"ListItem","position":1,"name":"In\u00edcio","item":"https:\/\/cj.estrategia.com\/portal\/"},{"@type":"ListItem","position":2,"name":"Est\u00e1gio poder\u00e1 ser considerado experi\u00eancia profissional"}]},{"@type":"WebSite","@id":"https:\/\/cj.estrategia.com\/portal\/#website","url":"https:\/\/cj.estrategia.com\/portal\/","name":"Blog - Carreiras Jur\u00eddicas - Estrat\u00e9gia","description":"","publisher":{"@id":"https:\/\/cj.estrategia.com\/portal\/#organization"},"potentialAction":[{"@type":"SearchAction","target":{"@type":"EntryPoint","urlTemplate":"https:\/\/cj.estrategia.com\/portal\/?s={search_term_string}"},"query-input":{"@type":"PropertyValueSpecification","valueRequired":true,"valueName":"search_term_string"}}],"inLanguage":"pt-BR"},{"@type":"Organization","@id":"https:\/\/cj.estrategia.com\/portal\/#organization","name":"Estrat\u00e9gia - Carreiras Jur\u00eddicas","url":"https:\/\/cj.estrategia.com\/portal\/","logo":{"@type":"ImageObject","inLanguage":"pt-BR","@id":"https:\/\/cj.estrategia.com\/portal\/#\/schema\/logo\/image\/","url":"https:\/\/cj.estrategia.com\/portal\/wp-content\/uploads\/2022\/03\/11151052\/cj-logo.png","contentUrl":"https:\/\/cj.estrategia.com\/portal\/wp-content\/uploads\/2022\/03\/11151052\/cj-logo.png","width":150,"height":39,"caption":"Estrat\u00e9gia - Carreiras Jur\u00eddicas"},"image":{"@id":"https:\/\/cj.estrategia.com\/portal\/#\/schema\/logo\/image\/"},"sameAs":["https:\/\/www.facebook.com\/estrategiacarreirajuridica\/","https:\/\/x.com\/EstratJuridica","https:\/\/www.instagram.com\/estrategiacarreirajuridica\/","https:\/\/www.youtube.com\/channel\/UClbMGuYbj2Mh1m3w144ETWQ"]},{"@type":"Person","@id":"https:\/\/cj.estrategia.com\/portal\/#\/schema\/person\/17598418245e7f66664cf80ccba41a29","name":"Victor Almeida","image":{"@type":"ImageObject","inLanguage":"pt-BR","@id":"https:\/\/cj.estrategia.com\/portal\/wp-content\/uploads\/2024\/02\/18140800\/victor-almeida-lider-jornalismo-estrategia-oab-e-carreiras-juridicas-96x96.jpg","url":"https:\/\/cj.estrategia.com\/portal\/wp-content\/uploads\/2024\/02\/18140800\/victor-almeida-lider-jornalismo-estrategia-oab-e-carreiras-juridicas-96x96.jpg","contentUrl":"https:\/\/cj.estrategia.com\/portal\/wp-content\/uploads\/2024\/02\/18140800\/victor-almeida-lider-jornalismo-estrategia-oab-e-carreiras-juridicas-96x96.jpg","caption":"Victor Almeida"},"description":"L\u00edder em jornalismo jur\u00eddico no Estrat\u00e9gia Concursos, atua com SEO e estrat\u00e9gia para desenvolver conte\u00fados relevantes e de alta qualidade para concursos p\u00fablicos e OAB. Formada em R\u00e1dio e TV, possui experi\u00eancia em gest\u00e3o de equipes e inova\u00e7\u00e3o em formatos jornal\u00edsticos.","url":"https:\/\/cj.estrategia.com\/portal\/author\/victor-almeida\/"}]}},"jetpack_featured_media_url":"https:\/\/cj.estrategia.com\/portal\/wp-content\/uploads\/2023\/02\/14165920\/advogada-se-preparando-para-concursos-juridicos-no-estado-de-mg.png","jetpack_sharing_enabled":true,"_links":{"self":[{"href":"https:\/\/cj.estrategia.com\/portal\/wp-json\/wp\/v2\/posts\/49119","targetHints":{"allow":["GET"]}}],"collection":[{"href":"https:\/\/cj.estrategia.com\/portal\/wp-json\/wp\/v2\/posts"}],"about":[{"href":"https:\/\/cj.estrategia.com\/portal\/wp-json\/wp\/v2\/types\/post"}],"author":[{"embeddable":true,"href":"https:\/\/cj.estrategia.com\/portal\/wp-json\/wp\/v2\/users\/4"}],"replies":[{"embeddable":true,"href":"https:\/\/cj.estrategia.com\/portal\/wp-json\/wp\/v2\/comments?post=49119"}],"version-history":[{"count":6,"href":"https:\/\/cj.estrategia.com\/portal\/wp-json\/wp\/v2\/posts\/49119\/revisions"}],"predecessor-version":[{"id":49127,"href":"https:\/\/cj.estrategia.com\/portal\/wp-json\/wp\/v2\/posts\/49119\/revisions\/49127"}],"wp:featuredmedia":[{"embeddable":true,"href":"https:\/\/cj.estrategia.com\/portal\/wp-json\/wp\/v2\/media\/29653"}],"wp:attachment":[{"href":"https:\/\/cj.estrategia.com\/portal\/wp-json\/wp\/v2\/media?parent=49119"}],"wp:term":[{"taxonomy":"category","embeddable":true,"href":"https:\/\/cj.estrategia.com\/portal\/wp-json\/wp\/v2\/categories?post=49119"},{"taxonomy":"post_tag","embeddable":true,"href":"https:\/\/cj.estrategia.com\/portal\/wp-json\/wp\/v2\/tags?post=49119"},{"taxonomy":"tax_estado","embeddable":true,"href":"https:\/\/cj.estrategia.com\/portal\/wp-json\/wp\/v2\/tax_estado?post=49119"}],"curies":[{"name":"wp","href":"https:\/\/api.w.org\/{rel}","templated":true}]}}