{"id":49074,"date":"2023-11-07T15:00:00","date_gmt":"2023-11-07T18:00:00","guid":{"rendered":"https:\/\/cj.estrategia.com\/portal\/?p=49074"},"modified":"2023-11-07T13:18:00","modified_gmt":"2023-11-07T16:18:00","slug":"concurso-mp-ro-promotor-tera-8-etapas","status":"publish","type":"post","link":"https:\/\/cj.estrategia.com\/portal\/concurso-mp-ro-promotor-tera-8-etapas\/","title":{"rendered":"Concurso MP RO Promotor ter\u00e1 8 etapas; confira!"},"content":{"rendered":"\n<p>O <strong>edital<\/strong> do concurso do <strong>Minist\u00e9rio P\u00fablico de Rond\u00f4nia<\/strong> deve ser publicado ainda em 2023. <\/p>\n\n\n\n<p>A banca j\u00e1 foi escolhida por dispensa de licita\u00e7\u00e3o e, quem comandar\u00e1 as atividades do concurso \u00e9 a <strong>VUNESP<\/strong>. <\/p>\n\n\n\n<p>Est\u00e3o previstas <strong>5 vagas<\/strong> para o cargo de <strong>Promotor de Justi\u00e7a Substituto<\/strong>. A remunera\u00e7\u00e3o inicial \u00e9 de R$ 30.617,25 e a partir de 1\u00ba fevereiro de 2024, de R$ 32.350,31.<\/p>\n\n\n\n<p>Todos os candidatos ser\u00e3o avaliados por meio de oito <strong>(8) etapas<\/strong>, s\u00e3o elas:<\/p>\n\n\n\n<p class=\"has-very-light-gray-to-cyan-bluish-gray-gradient-background has-background\">a) <strong>prova objetiva preambular<\/strong>, de car\u00e1ter eliminat\u00f3rio e classificat\u00f3rio;<br>b) <strong>provas escritas discursivas<\/strong>, de car\u00e1ter eliminat\u00f3rio e classificat\u00f3rio;<br>c) <strong>inscri\u00e7\u00e3o definitiva<\/strong>, de car\u00e1ter eliminat\u00f3rio;<br>d) <strong>exame psicot\u00e9cnico<\/strong>, de car\u00e1ter eliminat\u00f3rio;<br>e) <strong>exame de higidez f\u00edsica e mental,<\/strong> de car\u00e1ter eliminat\u00f3rio<br>f) <strong>investiga\u00e7\u00e3o social<\/strong>, de car\u00e1ter eliminat\u00f3rio;<br>g) <strong>provas orais,<\/strong> de car\u00e1ter eliminat\u00f3rio e classificat\u00f3rio;<br>h) <strong>avalia\u00e7\u00e3o de t\u00edtulos<\/strong>, de car\u00e1ter classificat\u00f3rio<\/p>\n\n\n\n<h3 class=\"wp-block-heading\" id=\"h-provas-objetivas\"><span id=\"provas-objetivas\">Provas Objetivas<\/span><\/h3>\n\n\n\n<p>A prova preambular ter\u00e1 dura\u00e7\u00e3o de 5 (cinco) horas e ser\u00e1 composta de 100 (cem) quest\u00f5es de m\u00faltipla escolha, cada uma com 5 (cinco) alternativas, sendo somente 1 (uma) delas correta, as quais versar\u00e3o sobre as seguintes disciplinas:<\/p>\n\n\n\n<ul class=\"wp-block-list\">\n<li><strong>Grupo I<\/strong><br>Direito Penal<br>Direito Processual Penal<br>Criminologia<\/li>\n\n\n\n<li><strong>Grupo II<\/strong><br>Direito Civil<br>Direito Processual Civil<\/li>\n\n\n\n<li><strong>Grupo III<\/strong><br>Direito Constitucional<br>Direito Eleitoral<br>Direito Administrativo<br>Improbidade Administrativa<br>Direito Tribut\u00e1rio e Financeiro<br>Direito Institucional do Minist\u00e9rio P\u00fablico<\/li>\n\n\n\n<li><strong>Grupo IV<\/strong><br>Direito Material Coletivo (difusos, coletivos e individuais homog\u00eaneos)<br>Direito Processual Coletivo<\/li>\n<\/ul>\n\n\n\n<h3 class=\"wp-block-heading\" id=\"h-provas-escritas-discursivas\"><span id=\"provas-escritas-discursivas\">Provas Escritas Discursivas<\/span><\/h3>\n\n\n\n<p>As provas escritas, de car\u00e1ter eliminat\u00f3rio e classificat\u00f3rio, ser\u00e3o realizadas em 4 (quatro) dias consecutivos, uma para cada grupo de disciplinas.<\/p>\n\n\n\n<p>Cada uma das provas de respostas fundamentadas constar\u00e1 de duas partes: a primeira reservada a uma prova pr\u00e1tica e a segunda constitu\u00edda de, no m\u00ednimo, 4 (quatro) quest\u00f5es, distribu\u00eddas entre as disciplinas que comp\u00f5em o grupo.<\/p>\n\n\n\n<p>A prova de cada grupo ter\u00e1 dura\u00e7\u00e3o de at\u00e9 5 (cinco) horas e ser\u00e1 feita em dias cont\u00ednuos, em qualquer dia da semana, inclusive feriado, no turno diurno ou noturno, a serem especificadas no Edital de Abertura do Concurso.<\/p>\n\n\n\n<h3 class=\"wp-block-heading\" id=\"h-inscricao-definitiva\"><span id=\"inscricao-definitiva\">Inscri\u00e7\u00e3o Definitiva<\/span><\/h3>\n\n\n\n<p>Os candidatos aprovados na prova dissertativa dispor\u00e3o de 10 (dez) dias para entregar, no hor\u00e1rio e local a serem indicados pelo Edital de Convoca\u00e7\u00e3o, a seguinte documenta\u00e7\u00e3o comprobat\u00f3ria dos requisitos para ingresso na carreira do Minist\u00e9rio P\u00fablico: <\/p>\n\n\n\n<p>I \u2013 requerimento dirigido ao Procurador-Geral de Justi\u00e7a, em formul\u00e1rio a ser publicado no Edital, acompanhado de mandato (sem necessidade de firma reconhecida) contendo poderes e finalidade espec\u00edficos, caso entregue por procurador;<br>II \u2013 1 (uma) fotografia tamanho 3 x 4 (recente e sem uso);<br>III \u2013 c\u00f3pia autenticada da c\u00e9dula de identidade;<br>IV \u2013 certificado de reservista ou documento equivalente que comprove a quita\u00e7\u00e3o com o servi\u00e7o militar, para candidato do sexo masculino;<br>V \u2013 atestado fornecido pela Justi\u00e7a Eleitoral que comprove estar em dia com as obriga\u00e7\u00f5es eleitorais e em gozo dos direitos pol\u00edticos, mediante certid\u00e3o fornecida apenas pelo Tribunal Regional Eleitoral do Estado em que o candidato estiver inscrito como eleitor.<br>VI \u2013 as seguintes certid\u00f5es, que abranjam as localidades onde o candidato houver residido ou exercido cargo ou fun\u00e7\u00e3o p\u00fablica ou atividade particular nos \u00faltimos 5 (cinco) anos, destinadas a comprovar a inexist\u00eancia de antecedentes criminais ou c\u00edveis incompat\u00edveis com o ingresso na carreira do Minist\u00e9rio P\u00fablico:<\/p>\n\n\n\n<p>a) dos Distribuidores C\u00edveis das Justi\u00e7as Federal e Estadual (comum e fiscal);<br>b) dos Cart\u00f3rios de Protestos e dos Cart\u00f3rios de Execu\u00e7\u00f5es Criminais;<br>c) dos Distribuidores Criminais das Justi\u00e7as Federal e Estadual, bem como das Justi\u00e7as Militar Federal e Estadual.<br>d) certid\u00e3o negativa de tributos estaduais e certid\u00e3o negativa do Tribunal de Contas do Estado.<\/p>\n\n\n\n<p>VII \u2013 indica\u00e7\u00e3o, com endere\u00e7o completo, inclusive c\u00f3digo de endere\u00e7amento postal, de 5 (cinco) fontes de refer\u00eancia, preferencialmente membros do Minist\u00e9rio P\u00fablico e do Poder Judici\u00e1rio, que possam fornecer informa\u00e7\u00f5es sobre o candidato;<br>VIII \u2013 curriculum vitae, firmado pelo candidato, com discrimina\u00e7\u00e3o dos locais de seu domic\u00edlio e resid\u00eancia desde os 18 (dezoito) anos de idade; indica\u00e7\u00e3o pormenorizada dos cargos, fun\u00e7\u00f5es e atividades, p\u00fablicos ou privados, lucrativos ou n\u00e3o, desempenhados desde ent\u00e3o, a\u00ed abrangidos os de natureza pol\u00edtica; identifica\u00e7\u00e3o dos membros do Minist\u00e9rio P\u00fablico e da Magistratura com os quais tenha atuado; e refer\u00eancias a respeito de c\u00f4njuge ou companheiro, sendo o caso;<br>IX \u2013 certid\u00e3o do \u00f3rg\u00e3o disciplinar a que estiver sujeito o candidato, comprovando n\u00e3o estar sendo processado nem ter sido punido por falta grave no exerc\u00edcio da profiss\u00e3o, cargo ou fun\u00e7\u00e3o;<br>X \u2013 comprova\u00e7\u00e3o de que exerceu, no m\u00ednimo, 3 (tr\u00eas) anos de atividade jur\u00eddica, como bacharel em Direito, para os que j\u00e1 a possu\u00edrem no ato da data da inscri\u00e7\u00e3o definitiva;<br>XI \u2013 atestado m\u00e9dico que dever\u00e1 comprovar que o candidato atende aos requisitos do inciso VII do artigo 6\u00ba desta resolu\u00e7\u00e3o, sem preju\u00edzo dos exames de sa\u00fade que ser\u00e3o obrigatoriamente realizados na ocasi\u00e3o prevista no Edital.<br>XII \u2013 declara\u00e7\u00e3o do exerc\u00edcio ou n\u00e3o de outro cargo, emprego ou fun\u00e7\u00e3o p\u00fablica.<\/p>\n\n\n\n<h3 class=\"wp-block-heading\" id=\"h-investigacao-social\"><span id=\"investigacao-social\">Investiga\u00e7\u00e3o Social <\/span><\/h3>\n\n\n\n<p>Entre a publica\u00e7\u00e3o do resultado das provas escritas e o in\u00edcio da aplica\u00e7\u00e3o das provas orais, os candidatos aprovados ser\u00e3o submetidos a entrevista e investiga\u00e7\u00e3o social pela Comiss\u00e3o do Concurso, de car\u00e1ter eliminat\u00f3rio.<\/p>\n\n\n\n<p>Ser\u00e1 exclu\u00eddo, mesmo depois de homologado o resultado final do concurso, o candidato a cujo respeito se verificar imputa\u00e7\u00e3o de fato que o desabone no requisito idoneidade moral, ou que n\u00e3o preencher as condi\u00e7\u00f5es exigidas para as inscri\u00e7\u00f5es preliminar e definitiva.<\/p>\n\n\n\n<h3 class=\"wp-block-heading\" id=\"h-provas-orais\"><span id=\"provas-orais\">Provas Orais<\/span><\/h3>\n\n\n\n<p>As provas orais ter\u00e3o car\u00e1ter eliminat\u00f3rio e classificat\u00f3rio, versando sobre ponto sorteado das disciplinas indicadas no edital, e ser\u00e3o realizadas em recinto aberto ao p\u00fablico, vedada a presen\u00e7a dos ainda n\u00e3o examinados.<\/p>\n\n\n\n<p>Os examinadores das respectivas disciplinas arguir\u00e3o individualmente cada candidato, no m\u00e1ximo por 15 (quinze) minutos, sobre o ponto ou pontos a serem sorteados no momento da argui\u00e7\u00e3o.<\/p>\n\n\n\n<p>As provas orais ser\u00e3o registradas em grava\u00e7\u00e3o de \u00e1udio ou por qualquer outro meio que possibilite sua posterior reprodu\u00e7\u00e3o. Nas provas orais, ser\u00e3o considerados aprovados os candidatos que obtiverem nota m\u00ednima igual ou superior a 5 (cinco) em cada grupo e m\u00e9dia aritm\u00e9tica igual ou superior a 6 (seis), consideradas todas as notas dos grupos.<\/p>\n\n\n\n<p>A contar da publica\u00e7\u00e3o das notas das provas orais, o candidato ter\u00e1 vistas do espelho da planilha de avalia\u00e7\u00e3o de prova e poder\u00e1 interpor recursos, conforme indicado no Edital de Abertura do Concurso.<\/p>\n\n\n\n<h3 class=\"wp-block-heading\" id=\"h-prova-de-titulos\"><span id=\"prova-de-titulos\">Prova de T\u00edtulos<\/span><\/h3>\n\n\n<div class=\"wp-block-image\">\n<figure class=\"aligncenter size-large is-resized\"><img decoding=\"async\" src=\"https:\/\/cj.estrategia.com\/portal\/wp-content\/uploads\/2023\/11\/07131354\/image-1024x377.png\" alt=\"\" class=\"wp-image-49098\" style=\"width:883px;height:325px\" width=\"883\" height=\"325\" srcset=\"https:\/\/cj.estrategia.com\/portal\/wp-content\/uploads\/2023\/11\/07131354\/image-1024x377.png 1024w, https:\/\/cj.estrategia.com\/portal\/wp-content\/uploads\/2023\/11\/07131354\/image-300x110.png 300w, https:\/\/cj.estrategia.com\/portal\/wp-content\/uploads\/2023\/11\/07131354\/image-768x283.png 768w, https:\/\/cj.estrategia.com\/portal\/wp-content\/uploads\/2023\/11\/07131354\/image-380x140.png 380w, https:\/\/cj.estrategia.com\/portal\/wp-content\/uploads\/2023\/11\/07131354\/image-800x295.png 800w, https:\/\/cj.estrategia.com\/portal\/wp-content\/uploads\/2023\/11\/07131354\/image-1160x427.png 1160w, https:\/\/cj.estrategia.com\/portal\/wp-content\/uploads\/2023\/11\/07131354\/image-150x55.png 150w, https:\/\/cj.estrategia.com\/portal\/wp-content\/uploads\/2023\/11\/07131354\/image.png 1279w\" sizes=\"(max-width: 883px) 100vw, 883px\" \/><\/figure>\n<\/div>\n\n<div class=\"wp-block-image\">\n<figure class=\"aligncenter size-large is-resized\"><img decoding=\"async\" src=\"https:\/\/cj.estrategia.com\/portal\/wp-content\/uploads\/2023\/11\/07131410\/image-1-1024x205.png\" alt=\"\" class=\"wp-image-49100\" style=\"width:869px;height:174px\" width=\"869\" height=\"174\" srcset=\"https:\/\/cj.estrategia.com\/portal\/wp-content\/uploads\/2023\/11\/07131410\/image-1-1024x205.png 1024w, https:\/\/cj.estrategia.com\/portal\/wp-content\/uploads\/2023\/11\/07131410\/image-1-300x60.png 300w, https:\/\/cj.estrategia.com\/portal\/wp-content\/uploads\/2023\/11\/07131410\/image-1-768x154.png 768w, https:\/\/cj.estrategia.com\/portal\/wp-content\/uploads\/2023\/11\/07131410\/image-1-380x76.png 380w, https:\/\/cj.estrategia.com\/portal\/wp-content\/uploads\/2023\/11\/07131410\/image-1-800x160.png 800w, https:\/\/cj.estrategia.com\/portal\/wp-content\/uploads\/2023\/11\/07131410\/image-1-1160x232.png 1160w, https:\/\/cj.estrategia.com\/portal\/wp-content\/uploads\/2023\/11\/07131410\/image-1-150x30.png 150w, https:\/\/cj.estrategia.com\/portal\/wp-content\/uploads\/2023\/11\/07131410\/image-1.png 1263w\" sizes=\"(max-width: 869px) 100vw, 869px\" \/><\/figure>\n<\/div>\n\n\n<p class=\"has-text-align-center has-luminous-vivid-amber-background-color has-background has-medium-font-size\"><strong>Saiba mais: <\/strong><a href=\"https:\/\/cj.estrategia.com\/portal\/concurso-mp-ro-promotor\/\">Concurso MP RO Promotor<\/a><\/p>\n\n\n\n<h2 class=\"wp-block-heading has-text-align-center\" id=\"cursos\"><span id=\"quer-saber-tudo-sobre-concursos-previstosconfira-nossos-artigos\">Quer saber tudo sobre concursos previstos?<br><strong>Confira nossos artigos!<\/strong><\/span><\/h2>\n\n\n","protected":false},"excerpt":{"rendered":"O edital do concurso do Minist\u00e9rio P\u00fablico de Rond\u00f4nia deve ser publicado ainda em 2023. A banca j\u00e1&hellip;\n","protected":false},"author":4,"featured_media":37818,"comment_status":"open","ping_status":"open","sticky":false,"template":"","format":"standard","meta":{"_jetpack_memberships_contains_paid_content":false,"footnotes":""},"categories":[25],"tags":[],"tax_estado":[51],"class_list":{"0":"post-49074","1":"post","2":"type-post","3":"status-publish","4":"format-standard","5":"has-post-thumbnail","7":"category-promotoria","8":"tax_estado-ro"},"acf":[],"yoast_head":"<!-- This site is optimized with the Yoast SEO Premium plugin v27.4 (Yoast SEO v27.4) - https:\/\/yoast.com\/product\/yoast-seo-premium-wordpress\/ -->\n<title>Concurso MP RO Promotor ter\u00e1 8 etapas; confira!<\/title>\n<meta name=\"description\" content=\"Confira neste artigo as 8 etapas do concurso MP RO Promotor!\" \/>\n<meta name=\"robots\" content=\"index, follow, max-snippet:-1, max-image-preview:large, max-video-preview:-1\" \/>\n<link rel=\"canonical\" href=\"https:\/\/cj.estrategia.com\/portal\/concurso-mp-ro-promotor-tera-8-etapas\/\" \/>\n<meta property=\"og:locale\" content=\"pt_BR\" \/>\n<meta property=\"og:type\" content=\"article\" \/>\n<meta property=\"og:title\" content=\"Concurso MP RO Promotor ter\u00e1 8 etapas; confira!\" \/>\n<meta property=\"og:description\" content=\"Confira neste artigo as 8 etapas do concurso MP RO Promotor!\" \/>\n<meta property=\"og:url\" content=\"https:\/\/cj.estrategia.com\/portal\/concurso-mp-ro-promotor-tera-8-etapas\/\" \/>\n<meta property=\"og:site_name\" content=\"Blog - Carreiras Jur\u00eddicas - Estrat\u00e9gia\" \/>\n<meta property=\"article:publisher\" content=\"https:\/\/www.facebook.com\/estrategiacarreirajuridica\/\" \/>\n<meta property=\"article:published_time\" content=\"2023-11-07T18:00:00+00:00\" \/>\n<meta property=\"og:image\" content=\"https:\/\/cj.estrategia.com\/portal\/wp-content\/uploads\/2023\/06\/01151637\/MP-RO-Promotor.jpg\" \/>\n\t<meta property=\"og:image:width\" content=\"960\" \/>\n\t<meta property=\"og:image:height\" content=\"540\" \/>\n\t<meta property=\"og:image:type\" content=\"image\/jpeg\" \/>\n<meta name=\"author\" content=\"Victor Almeida\" \/>\n<meta name=\"twitter:card\" content=\"summary_large_image\" \/>\n<meta name=\"twitter:creator\" content=\"@EstratJuridica\" \/>\n<meta name=\"twitter:site\" content=\"@EstratJuridica\" \/>\n<meta name=\"twitter:label1\" content=\"Escrito por\" \/>\n\t<meta name=\"twitter:data1\" content=\"Victor Almeida\" \/>\n<script type=\"application\/ld+json\" class=\"yoast-schema-graph\">{\"@context\":\"https:\\\/\\\/schema.org\",\"@graph\":[{\"@type\":\"NewsArticle\",\"@id\":\"https:\\\/\\\/cj.estrategia.com\\\/portal\\\/concurso-mp-ro-promotor-tera-8-etapas\\\/#article\",\"isPartOf\":{\"@id\":\"https:\\\/\\\/cj.estrategia.com\\\/portal\\\/concurso-mp-ro-promotor-tera-8-etapas\\\/\"},\"author\":{\"name\":\"Victor Almeida\",\"@id\":\"https:\\\/\\\/cj.estrategia.com\\\/portal\\\/#\\\/schema\\\/person\\\/17598418245e7f66664cf80ccba41a29\"},\"headline\":\"Concurso MP RO Promotor ter\u00e1 8 etapas; confira!\",\"datePublished\":\"2023-11-07T18:00:00+00:00\",\"mainEntityOfPage\":{\"@id\":\"https:\\\/\\\/cj.estrategia.com\\\/portal\\\/concurso-mp-ro-promotor-tera-8-etapas\\\/\"},\"wordCount\":1166,\"commentCount\":0,\"publisher\":{\"@id\":\"https:\\\/\\\/cj.estrategia.com\\\/portal\\\/#organization\"},\"image\":{\"@id\":\"https:\\\/\\\/cj.estrategia.com\\\/portal\\\/concurso-mp-ro-promotor-tera-8-etapas\\\/#primaryimage\"},\"thumbnailUrl\":\"https:\\\/\\\/cj.estrategia.com\\\/portal\\\/wp-content\\\/uploads\\\/2023\\\/06\\\/01151637\\\/MP-RO-Promotor.jpg\",\"articleSection\":[\"Promotoria\"],\"inLanguage\":\"pt-BR\",\"potentialAction\":[{\"@type\":\"CommentAction\",\"name\":\"Comment\",\"target\":[\"https:\\\/\\\/cj.estrategia.com\\\/portal\\\/concurso-mp-ro-promotor-tera-8-etapas\\\/#respond\"]}]},{\"@type\":\"WebPage\",\"@id\":\"https:\\\/\\\/cj.estrategia.com\\\/portal\\\/concurso-mp-ro-promotor-tera-8-etapas\\\/\",\"url\":\"https:\\\/\\\/cj.estrategia.com\\\/portal\\\/concurso-mp-ro-promotor-tera-8-etapas\\\/\",\"name\":\"Concurso MP RO Promotor ter\u00e1 8 etapas; confira!\",\"isPartOf\":{\"@id\":\"https:\\\/\\\/cj.estrategia.com\\\/portal\\\/#website\"},\"primaryImageOfPage\":{\"@id\":\"https:\\\/\\\/cj.estrategia.com\\\/portal\\\/concurso-mp-ro-promotor-tera-8-etapas\\\/#primaryimage\"},\"image\":{\"@id\":\"https:\\\/\\\/cj.estrategia.com\\\/portal\\\/concurso-mp-ro-promotor-tera-8-etapas\\\/#primaryimage\"},\"thumbnailUrl\":\"https:\\\/\\\/cj.estrategia.com\\\/portal\\\/wp-content\\\/uploads\\\/2023\\\/06\\\/01151637\\\/MP-RO-Promotor.jpg\",\"datePublished\":\"2023-11-07T18:00:00+00:00\",\"description\":\"Confira neste artigo as 8 etapas do concurso MP RO Promotor!\",\"breadcrumb\":{\"@id\":\"https:\\\/\\\/cj.estrategia.com\\\/portal\\\/concurso-mp-ro-promotor-tera-8-etapas\\\/#breadcrumb\"},\"inLanguage\":\"pt-BR\",\"potentialAction\":[{\"@type\":\"ReadAction\",\"target\":[\"https:\\\/\\\/cj.estrategia.com\\\/portal\\\/concurso-mp-ro-promotor-tera-8-etapas\\\/\"]}]},{\"@type\":\"ImageObject\",\"inLanguage\":\"pt-BR\",\"@id\":\"https:\\\/\\\/cj.estrategia.com\\\/portal\\\/concurso-mp-ro-promotor-tera-8-etapas\\\/#primaryimage\",\"url\":\"https:\\\/\\\/cj.estrategia.com\\\/portal\\\/wp-content\\\/uploads\\\/2023\\\/06\\\/01151637\\\/MP-RO-Promotor.jpg\",\"contentUrl\":\"https:\\\/\\\/cj.estrategia.com\\\/portal\\\/wp-content\\\/uploads\\\/2023\\\/06\\\/01151637\\\/MP-RO-Promotor.jpg\",\"width\":960,\"height\":540},{\"@type\":\"BreadcrumbList\",\"@id\":\"https:\\\/\\\/cj.estrategia.com\\\/portal\\\/concurso-mp-ro-promotor-tera-8-etapas\\\/#breadcrumb\",\"itemListElement\":[{\"@type\":\"ListItem\",\"position\":1,\"name\":\"In\u00edcio\",\"item\":\"https:\\\/\\\/cj.estrategia.com\\\/portal\\\/\"},{\"@type\":\"ListItem\",\"position\":2,\"name\":\"Concurso MP RO Promotor ter\u00e1 8 etapas; confira!\"}]},{\"@type\":\"WebSite\",\"@id\":\"https:\\\/\\\/cj.estrategia.com\\\/portal\\\/#website\",\"url\":\"https:\\\/\\\/cj.estrategia.com\\\/portal\\\/\",\"name\":\"Blog - Carreiras Jur\u00eddicas - Estrat\u00e9gia\",\"description\":\"\",\"publisher\":{\"@id\":\"https:\\\/\\\/cj.estrategia.com\\\/portal\\\/#organization\"},\"potentialAction\":[{\"@type\":\"SearchAction\",\"target\":{\"@type\":\"EntryPoint\",\"urlTemplate\":\"https:\\\/\\\/cj.estrategia.com\\\/portal\\\/?s={search_term_string}\"},\"query-input\":{\"@type\":\"PropertyValueSpecification\",\"valueRequired\":true,\"valueName\":\"search_term_string\"}}],\"inLanguage\":\"pt-BR\"},{\"@type\":\"Organization\",\"@id\":\"https:\\\/\\\/cj.estrategia.com\\\/portal\\\/#organization\",\"name\":\"Estrat\u00e9gia - Carreiras Jur\u00eddicas\",\"url\":\"https:\\\/\\\/cj.estrategia.com\\\/portal\\\/\",\"logo\":{\"@type\":\"ImageObject\",\"inLanguage\":\"pt-BR\",\"@id\":\"https:\\\/\\\/cj.estrategia.com\\\/portal\\\/#\\\/schema\\\/logo\\\/image\\\/\",\"url\":\"https:\\\/\\\/cj.estrategia.com\\\/portal\\\/wp-content\\\/uploads\\\/2022\\\/03\\\/11151052\\\/cj-logo.png\",\"contentUrl\":\"https:\\\/\\\/cj.estrategia.com\\\/portal\\\/wp-content\\\/uploads\\\/2022\\\/03\\\/11151052\\\/cj-logo.png\",\"width\":150,\"height\":39,\"caption\":\"Estrat\u00e9gia - Carreiras Jur\u00eddicas\"},\"image\":{\"@id\":\"https:\\\/\\\/cj.estrategia.com\\\/portal\\\/#\\\/schema\\\/logo\\\/image\\\/\"},\"sameAs\":[\"https:\\\/\\\/www.facebook.com\\\/estrategiacarreirajuridica\\\/\",\"https:\\\/\\\/x.com\\\/EstratJuridica\",\"https:\\\/\\\/www.instagram.com\\\/estrategiacarreirajuridica\\\/\",\"https:\\\/\\\/www.youtube.com\\\/channel\\\/UClbMGuYbj2Mh1m3w144ETWQ\"]},{\"@type\":\"Person\",\"@id\":\"https:\\\/\\\/cj.estrategia.com\\\/portal\\\/#\\\/schema\\\/person\\\/17598418245e7f66664cf80ccba41a29\",\"name\":\"Victor Almeida\",\"image\":{\"@type\":\"ImageObject\",\"inLanguage\":\"pt-BR\",\"@id\":\"https:\\\/\\\/cj.estrategia.com\\\/portal\\\/wp-content\\\/uploads\\\/2024\\\/02\\\/18140800\\\/victor-almeida-lider-jornalismo-estrategia-oab-e-carreiras-juridicas-96x96.jpg\",\"url\":\"https:\\\/\\\/cj.estrategia.com\\\/portal\\\/wp-content\\\/uploads\\\/2024\\\/02\\\/18140800\\\/victor-almeida-lider-jornalismo-estrategia-oab-e-carreiras-juridicas-96x96.jpg\",\"contentUrl\":\"https:\\\/\\\/cj.estrategia.com\\\/portal\\\/wp-content\\\/uploads\\\/2024\\\/02\\\/18140800\\\/victor-almeida-lider-jornalismo-estrategia-oab-e-carreiras-juridicas-96x96.jpg\",\"caption\":\"Victor Almeida\"},\"description\":\"L\u00edder em jornalismo jur\u00eddico no Estrat\u00e9gia Concursos, atua com SEO e estrat\u00e9gia para desenvolver conte\u00fados relevantes e de alta qualidade para concursos p\u00fablicos e OAB. Formada em R\u00e1dio e TV, possui experi\u00eancia em gest\u00e3o de equipes e inova\u00e7\u00e3o em formatos jornal\u00edsticos.\",\"url\":\"https:\\\/\\\/cj.estrategia.com\\\/portal\\\/author\\\/victor-almeida\\\/\"}]}<\/script>\n<!-- \/ Yoast SEO Premium plugin. -->","yoast_head_json":{"title":"Concurso MP RO Promotor ter\u00e1 8 etapas; confira!","description":"Confira neste artigo as 8 etapas do concurso MP RO Promotor!","robots":{"index":"index","follow":"follow","max-snippet":"max-snippet:-1","max-image-preview":"max-image-preview:large","max-video-preview":"max-video-preview:-1"},"canonical":"https:\/\/cj.estrategia.com\/portal\/concurso-mp-ro-promotor-tera-8-etapas\/","og_locale":"pt_BR","og_type":"article","og_title":"Concurso MP RO Promotor ter\u00e1 8 etapas; confira!","og_description":"Confira neste artigo as 8 etapas do concurso MP RO Promotor!","og_url":"https:\/\/cj.estrategia.com\/portal\/concurso-mp-ro-promotor-tera-8-etapas\/","og_site_name":"Blog - Carreiras Jur\u00eddicas - Estrat\u00e9gia","article_publisher":"https:\/\/www.facebook.com\/estrategiacarreirajuridica\/","article_published_time":"2023-11-07T18:00:00+00:00","og_image":[{"width":960,"height":540,"url":"https:\/\/cj.estrategia.com\/portal\/wp-content\/uploads\/2023\/06\/01151637\/MP-RO-Promotor.jpg","type":"image\/jpeg"}],"author":"Victor Almeida","twitter_card":"summary_large_image","twitter_creator":"@EstratJuridica","twitter_site":"@EstratJuridica","twitter_misc":{"Escrito por":"Victor Almeida"},"schema":{"@context":"https:\/\/schema.org","@graph":[{"@type":"NewsArticle","@id":"https:\/\/cj.estrategia.com\/portal\/concurso-mp-ro-promotor-tera-8-etapas\/#article","isPartOf":{"@id":"https:\/\/cj.estrategia.com\/portal\/concurso-mp-ro-promotor-tera-8-etapas\/"},"author":{"name":"Victor Almeida","@id":"https:\/\/cj.estrategia.com\/portal\/#\/schema\/person\/17598418245e7f66664cf80ccba41a29"},"headline":"Concurso MP RO Promotor ter\u00e1 8 etapas; confira!","datePublished":"2023-11-07T18:00:00+00:00","mainEntityOfPage":{"@id":"https:\/\/cj.estrategia.com\/portal\/concurso-mp-ro-promotor-tera-8-etapas\/"},"wordCount":1166,"commentCount":0,"publisher":{"@id":"https:\/\/cj.estrategia.com\/portal\/#organization"},"image":{"@id":"https:\/\/cj.estrategia.com\/portal\/concurso-mp-ro-promotor-tera-8-etapas\/#primaryimage"},"thumbnailUrl":"https:\/\/cj.estrategia.com\/portal\/wp-content\/uploads\/2023\/06\/01151637\/MP-RO-Promotor.jpg","articleSection":["Promotoria"],"inLanguage":"pt-BR","potentialAction":[{"@type":"CommentAction","name":"Comment","target":["https:\/\/cj.estrategia.com\/portal\/concurso-mp-ro-promotor-tera-8-etapas\/#respond"]}]},{"@type":"WebPage","@id":"https:\/\/cj.estrategia.com\/portal\/concurso-mp-ro-promotor-tera-8-etapas\/","url":"https:\/\/cj.estrategia.com\/portal\/concurso-mp-ro-promotor-tera-8-etapas\/","name":"Concurso MP RO Promotor ter\u00e1 8 etapas; confira!","isPartOf":{"@id":"https:\/\/cj.estrategia.com\/portal\/#website"},"primaryImageOfPage":{"@id":"https:\/\/cj.estrategia.com\/portal\/concurso-mp-ro-promotor-tera-8-etapas\/#primaryimage"},"image":{"@id":"https:\/\/cj.estrategia.com\/portal\/concurso-mp-ro-promotor-tera-8-etapas\/#primaryimage"},"thumbnailUrl":"https:\/\/cj.estrategia.com\/portal\/wp-content\/uploads\/2023\/06\/01151637\/MP-RO-Promotor.jpg","datePublished":"2023-11-07T18:00:00+00:00","description":"Confira neste artigo as 8 etapas do concurso MP RO Promotor!","breadcrumb":{"@id":"https:\/\/cj.estrategia.com\/portal\/concurso-mp-ro-promotor-tera-8-etapas\/#breadcrumb"},"inLanguage":"pt-BR","potentialAction":[{"@type":"ReadAction","target":["https:\/\/cj.estrategia.com\/portal\/concurso-mp-ro-promotor-tera-8-etapas\/"]}]},{"@type":"ImageObject","inLanguage":"pt-BR","@id":"https:\/\/cj.estrategia.com\/portal\/concurso-mp-ro-promotor-tera-8-etapas\/#primaryimage","url":"https:\/\/cj.estrategia.com\/portal\/wp-content\/uploads\/2023\/06\/01151637\/MP-RO-Promotor.jpg","contentUrl":"https:\/\/cj.estrategia.com\/portal\/wp-content\/uploads\/2023\/06\/01151637\/MP-RO-Promotor.jpg","width":960,"height":540},{"@type":"BreadcrumbList","@id":"https:\/\/cj.estrategia.com\/portal\/concurso-mp-ro-promotor-tera-8-etapas\/#breadcrumb","itemListElement":[{"@type":"ListItem","position":1,"name":"In\u00edcio","item":"https:\/\/cj.estrategia.com\/portal\/"},{"@type":"ListItem","position":2,"name":"Concurso MP RO Promotor ter\u00e1 8 etapas; confira!"}]},{"@type":"WebSite","@id":"https:\/\/cj.estrategia.com\/portal\/#website","url":"https:\/\/cj.estrategia.com\/portal\/","name":"Blog - Carreiras Jur\u00eddicas - Estrat\u00e9gia","description":"","publisher":{"@id":"https:\/\/cj.estrategia.com\/portal\/#organization"},"potentialAction":[{"@type":"SearchAction","target":{"@type":"EntryPoint","urlTemplate":"https:\/\/cj.estrategia.com\/portal\/?s={search_term_string}"},"query-input":{"@type":"PropertyValueSpecification","valueRequired":true,"valueName":"search_term_string"}}],"inLanguage":"pt-BR"},{"@type":"Organization","@id":"https:\/\/cj.estrategia.com\/portal\/#organization","name":"Estrat\u00e9gia - Carreiras Jur\u00eddicas","url":"https:\/\/cj.estrategia.com\/portal\/","logo":{"@type":"ImageObject","inLanguage":"pt-BR","@id":"https:\/\/cj.estrategia.com\/portal\/#\/schema\/logo\/image\/","url":"https:\/\/cj.estrategia.com\/portal\/wp-content\/uploads\/2022\/03\/11151052\/cj-logo.png","contentUrl":"https:\/\/cj.estrategia.com\/portal\/wp-content\/uploads\/2022\/03\/11151052\/cj-logo.png","width":150,"height":39,"caption":"Estrat\u00e9gia - Carreiras Jur\u00eddicas"},"image":{"@id":"https:\/\/cj.estrategia.com\/portal\/#\/schema\/logo\/image\/"},"sameAs":["https:\/\/www.facebook.com\/estrategiacarreirajuridica\/","https:\/\/x.com\/EstratJuridica","https:\/\/www.instagram.com\/estrategiacarreirajuridica\/","https:\/\/www.youtube.com\/channel\/UClbMGuYbj2Mh1m3w144ETWQ"]},{"@type":"Person","@id":"https:\/\/cj.estrategia.com\/portal\/#\/schema\/person\/17598418245e7f66664cf80ccba41a29","name":"Victor Almeida","image":{"@type":"ImageObject","inLanguage":"pt-BR","@id":"https:\/\/cj.estrategia.com\/portal\/wp-content\/uploads\/2024\/02\/18140800\/victor-almeida-lider-jornalismo-estrategia-oab-e-carreiras-juridicas-96x96.jpg","url":"https:\/\/cj.estrategia.com\/portal\/wp-content\/uploads\/2024\/02\/18140800\/victor-almeida-lider-jornalismo-estrategia-oab-e-carreiras-juridicas-96x96.jpg","contentUrl":"https:\/\/cj.estrategia.com\/portal\/wp-content\/uploads\/2024\/02\/18140800\/victor-almeida-lider-jornalismo-estrategia-oab-e-carreiras-juridicas-96x96.jpg","caption":"Victor Almeida"},"description":"L\u00edder em jornalismo jur\u00eddico no Estrat\u00e9gia Concursos, atua com SEO e estrat\u00e9gia para desenvolver conte\u00fados relevantes e de alta qualidade para concursos p\u00fablicos e OAB. Formada em R\u00e1dio e TV, possui experi\u00eancia em gest\u00e3o de equipes e inova\u00e7\u00e3o em formatos jornal\u00edsticos.","url":"https:\/\/cj.estrategia.com\/portal\/author\/victor-almeida\/"}]}},"jetpack_featured_media_url":"https:\/\/cj.estrategia.com\/portal\/wp-content\/uploads\/2023\/06\/01151637\/MP-RO-Promotor.jpg","jetpack_sharing_enabled":true,"_links":{"self":[{"href":"https:\/\/cj.estrategia.com\/portal\/wp-json\/wp\/v2\/posts\/49074","targetHints":{"allow":["GET"]}}],"collection":[{"href":"https:\/\/cj.estrategia.com\/portal\/wp-json\/wp\/v2\/posts"}],"about":[{"href":"https:\/\/cj.estrategia.com\/portal\/wp-json\/wp\/v2\/types\/post"}],"author":[{"embeddable":true,"href":"https:\/\/cj.estrategia.com\/portal\/wp-json\/wp\/v2\/users\/4"}],"replies":[{"embeddable":true,"href":"https:\/\/cj.estrategia.com\/portal\/wp-json\/wp\/v2\/comments?post=49074"}],"version-history":[{"count":13,"href":"https:\/\/cj.estrategia.com\/portal\/wp-json\/wp\/v2\/posts\/49074\/revisions"}],"predecessor-version":[{"id":49102,"href":"https:\/\/cj.estrategia.com\/portal\/wp-json\/wp\/v2\/posts\/49074\/revisions\/49102"}],"wp:featuredmedia":[{"embeddable":true,"href":"https:\/\/cj.estrategia.com\/portal\/wp-json\/wp\/v2\/media\/37818"}],"wp:attachment":[{"href":"https:\/\/cj.estrategia.com\/portal\/wp-json\/wp\/v2\/media?parent=49074"}],"wp:term":[{"taxonomy":"category","embeddable":true,"href":"https:\/\/cj.estrategia.com\/portal\/wp-json\/wp\/v2\/categories?post=49074"},{"taxonomy":"post_tag","embeddable":true,"href":"https:\/\/cj.estrategia.com\/portal\/wp-json\/wp\/v2\/tags?post=49074"},{"taxonomy":"tax_estado","embeddable":true,"href":"https:\/\/cj.estrategia.com\/portal\/wp-json\/wp\/v2\/tax_estado?post=49074"}],"curies":[{"name":"wp","href":"https:\/\/api.w.org\/{rel}","templated":true}]}}