{"id":48395,"date":"2026-03-12T14:39:00","date_gmt":"2026-03-12T17:39:00","guid":{"rendered":"https:\/\/cj.estrategia.com\/portal\/?p=48395"},"modified":"2026-04-27T10:14:13","modified_gmt":"2026-04-27T13:14:13","slug":"residencia-juridica-tj-rj","status":"publish","type":"post","link":"https:\/\/cj.estrategia.com\/portal\/residencia-juridica-tj-rj\/","title":{"rendered":"Resid\u00eancia Jur\u00eddica TJ RJ: resultado homologado!"},"content":{"rendered":"\n<p>O <strong>Tribunal de Justi\u00e7a do Estado do Rio de Janeiro<\/strong> <strong>(TJ RJ) <\/strong>publicou a <a href=\"https:\/\/cj.estrategia.com\/portal\/wp-content\/uploads\/2024\/04\/21191358\/Edital-TJ-n-06-2024.pdf\" target=\"_blank\" >homologa\u00e7\u00e3o<\/a> e o <a href=\"https:\/\/cj.estrategia.com\/portal\/wp-content\/uploads\/2024\/04\/21191337\/688_tjrj_residencia-resultado-final-de-aprovados-2024-05-27.pdf\" target=\"_blank\" >resultado final <\/a>do seu programa de <strong>Resid\u00eancia Jur\u00eddica.<\/strong><\/p>\n\n\n\n<p>O edital ofertou<strong> 849 vagas<\/strong>, al\u00e9m da forma\u00e7\u00e3o de cadastro reserva, para resid\u00eancia na \u00e1rea de Direito. <\/p>\n\n\n\n<ul id=\"block-1c25dbb6-3d50-4480-9da8-a10738a32581\" class=\"wp-block-list has-very-light-gray-to-cyan-bluish-gray-gradient-background has-background\">\n<li><strong>Resid\u00eancia Jur\u00eddica TJ RJ 2023<\/strong><\/li>\n\n\n\n<li><strong>Status:<\/strong>\u00a0resultado homologado<\/li>\n\n\n\n<li><strong>Banca:<\/strong><a href=\"https:\/\/conhecimento.fgv.br\/concursos\/tjerj2023\/2\" target=\"_blank\" ><strong>\u00a0<\/strong>FGV<\/a><\/li>\n\n\n\n<li><strong>Vagas:\u00a0<\/strong>849<\/li>\n\n\n\n<li><strong>Bolsa-aux\u00edlio:<\/strong> R$ 3.800,00<\/li>\n<\/ul>\n\n\n\n<div class=\"container\" id=\"boxes\">\n  <div class=\"row\">\n\n    <div class=\"col-sm\">\n      <div class=\"banner-ecj-magistratura\" id=\"box-assinatura\">\n        <h2 id=\"cursos-para-residencia-juridica-tj-rj\" class=\"titulo-assinatura\"><span style=\"color: #ffffff; font-size: 23px; \">Cursos para Resid\u00eancia Jur\u00eddica TJ RJ<\/span><\/h2>\n        <p class=\"subtitulo-assinatura\">Cursos focados no edital!<\/p>\n        <div class=\"box-botao\">\n          <a class=\"btn-assinatura-juridica\" target=\"_blank\" href=\"https:\/\/cj.estrategia.com\/concurso\/cursos-regulares\" role=\"button\" rel=\"noopener noreferrer\">CLIQUE AQUI<\/a>\n        <\/div>\n      <\/div>\n      <p class=\"texto-auxiliar\">Prepare-se com o melhor material e com quem mais aprova em concursos em todo o pa\u00eds. \n<\/p>\n    <\/div>\n\n  <\/div>\n<\/div>\n\n\n\n<div class=\"wp-block-yoast-seo-table-of-contents yoast-table-of-contents\"><ul><li><a href=\"#h-situacao-atual\" data-level=\"2\">Situa\u00e7\u00e3o Atual<\/a><ul><li><a href=\"#h-principais-datas\" data-level=\"3\">Principais Datas<\/a><\/li><li><a href=\"#h-resultados\" data-level=\"3\">Resultados<\/a><\/li><\/ul><\/li><li><a href=\"#cargos-e-vagas-camara-valenca-procurador\" data-level=\"2\">Requisitos<\/a><\/li><li><a href=\"#requisitos-e-remuneracao-procurador\" data-level=\"2\">Remunera\u00e7\u00e3o<\/a><\/li><li><a href=\"#etapas-e-provas-concurso-camara-valenca\" data-level=\"2\">Etapas e Provas<\/a><ul><li><a href=\"#h-provas-teorico-objetivas\" data-level=\"3\">Provas Te\u00f3rico objetivas<\/a><\/li><li><a href=\"#h-prova-de-redacao\" data-level=\"3\">Prova de Reda\u00e7\u00e3o<\/a><\/li><\/ul><\/li><li><a href=\"#h-material-de-estudo\" data-level=\"2\">Material de Estudo<\/a><\/li><li><a href=\"#concursos-juridicos-assinaturas\" data-level=\"2\">Quer saber tudo sobre concursos jur\u00eddicos previstos? Confira nossos artigos!<\/a><\/li><li><a href=\"#h-cursos-e-assinaturas\" data-level=\"2\">CURSOS E ASSINATURAS<\/a><\/li><\/ul><\/div>\n\n\n\n<h2 class=\"wp-block-heading\" id=\"h-situacao-atual\"><span id=\"situacao-atual\">Situa\u00e7\u00e3o Atual<\/span><\/h2>\n\n\n\n<h3 class=\"wp-block-heading has-medium-font-size\" id=\"h-principais-datas\"><span id=\"principais-datas\">Principais Datas<\/span><\/h3>\n\n\n\n<p class=\"has-very-light-gray-to-cyan-bluish-gray-gradient-background has-background\"><strong>Inscri\u00e7\u00f5es:<\/strong><s> de 30\/10\/2023 a 30\/11\/2023<\/s><br><strong>Pedido de isen\u00e7\u00e3o: <\/strong><s>30\/10\/2023 a 01\/11\/2023<\/s><br><strong>\u00daltimo dia para efetuar o Pagamento da taxa:<\/strong> <s>01\/12\/2023<\/s><br><strong>Data da Prova: <\/strong><s>28 de janeiro de 2024<\/s><\/p>\n\n\n\n<h3 class=\"wp-block-heading has-medium-font-size\" id=\"h-resultados\"><span id=\"resultados\">Resultados<\/span><\/h3>\n\n\n\n<ul class=\"wp-block-list\">\n<li><a href=\"https:\/\/cj.estrategia.com\/portal\/wp-content\/uploads\/2024\/04\/21191358\/Edital-TJ-n-06-2024.pdf\" target=\"_blank\" >Homologa\u00e7\u00e3o do resultado final<\/a>;<\/li>\n\n\n\n<li><a href=\"https:\/\/cj.estrategia.com\/portal\/wp-content\/uploads\/2024\/04\/21191337\/688_tjrj_residencia-resultado-final-de-aprovados-2024-05-27.pdf\" target=\"_blank\" >Resultado final<\/a>;<\/li>\n\n\n\n<li><a href=\"https:\/\/cj.estrategia.com\/portal\/wp-content\/uploads\/2024\/01\/29190909\/pss-tjrj-residente-correcao-das-provas-de-redacao_0.pdf\">Resultado prova objetiva Resid\u00eancia Jur\u00eddica TJ RJ<\/a>.<\/li>\n<\/ul>\n\n\n\n<h2 class=\"wp-block-heading\" id=\"cargos-e-vagas-camara-valenca-procurador\"><span id=\"requisitos\">Requisitos<\/span><\/h2>\n\n\n\n<p id=\"block-1d547862-621e-4902-bac8-72b04472e555\">Para participar do programa, o candidato precisava estar cursando especializa\u00e7\u00e3o, p\u00f3s-gradua\u00e7\u00e3o lato sensu, mestrado, doutorado, p\u00f3s-doutorado ou ter conclu\u00eddo o curso de gradua\u00e7\u00e3o h\u00e1 no m\u00e1ximo cinco anos em institui\u00e7\u00e3o de ensino superior reconhecida pelo MEC.<\/p>\n\n\n\n<h2 class=\"wp-block-heading\" id=\"requisitos-e-remuneracao-procurador\"><span id=\"remuneracao\">Remunera\u00e7\u00e3o<\/span><\/h2>\n\n\n\n<p>De acordo com o edital, os alunos residentes recebem uma bolsa-aux\u00edlio no valor de R$ 3.800,00.<\/p>\n\n\n\n<h2 class=\"wp-block-heading\" id=\"etapas-e-provas-concurso-camara-valenca\"><span id=\"etapas-e-provas\">Etapas e Provas<\/span><\/h2>\n\n\n\n<p>Os candidatos foram avaliados por meio de cinco etapas, foram elas:<\/p>\n\n\n\n<ul class=\"wp-block-list\">\n<li><strong>Prova Objetiva<\/strong>, de car\u00e1ter eliminat\u00f3rio e classificat\u00f3rio;<\/li>\n\n\n\n<li><strong>Prova de Reda\u00e7\u00e3o<\/strong>, de car\u00e1ter eliminat\u00f3rio e classificat\u00f3rio;<\/li>\n\n\n\n<li><strong>Per\u00edcia m\u00e9dica dos candidatos que se declararem com defici\u00eancia<\/strong>, de car\u00e1ter unicamente<br>eliminat\u00f3rio;<\/li>\n\n\n\n<li><strong>Heteroidentifica\u00e7\u00e3o dos candidatos que se declararem negros<\/strong>, de car\u00e1ter unicamente eliminat\u00f3rio;<\/li>\n\n\n\n<li><strong>Comprova\u00e7\u00e3o dos requisitos para o exerc\u00edcio da fun\u00e7\u00e3o de Residente<\/strong>, de natureza eliminat\u00f3ria.<\/li>\n<\/ul>\n\n\n\n<h3 class=\"wp-block-heading\" id=\"h-provas-teorico-objetivas\"><span id=\"provas-teorico-objetivas\">Provas Te\u00f3rico objetivas<\/span><\/h3>\n\n\n\n<p>A Prova Objetiva foi composta de 60 quest\u00f5es de m\u00faltipla escolha, no valor de um ponto cada e ter\u00e1 car\u00e1ter eliminat\u00f3rio e classificat\u00f3rio. A avalia\u00e7\u00e3o foi composta pelas seguintes mat\u00e9rias:<\/p>\n\n\n\n<ul class=\"wp-block-list\">\n<li>L\u00edngua portuguesa;<\/li>\n\n\n\n<li>Conhecimentos espec\u00edficos.<\/li>\n<\/ul>\n\n\n\n<p>As quest\u00f5es da Prova Objetiva foram de m\u00faltipla escolha, com cinco alternativas (A, B, C, D e E) e uma \u00fanica resposta correta.<\/p>\n\n\n\n<h3 class=\"wp-block-heading\" id=\"h-prova-de-redacao\"><span id=\"prova-de-redacao\">Prova de Reda\u00e7\u00e3o<\/span><\/h3>\n\n\n\n<p>A reda\u00e7\u00e3o foi ser redigida em g\u00eanero dissertativo-argumentativo, com n\u00famero m\u00ednimo de 15 e m\u00e1ximo de 30 linhas.<\/p>\n\n\n\n<p>Foi considerado aprovado na Prova de Reda\u00e7\u00e3o o candidato que, obteve nota igual ou superior a 10 pontos, numa escala de zero a 20 no total, na Prova de Reda\u00e7\u00e3o.<\/p>\n\n\n\n<h2 class=\"wp-block-heading\" id=\"h-material-de-estudo\"><span id=\"material-de-estudo\">Material de Estudo <\/span><\/h2>\n\n\n\n<ul class=\"wp-block-list\">\n<li><a href=\"https:\/\/cj.estrategia.com\/portal\/provas-comentadas-de-carreiras-juridicas\/\" target=\"_blank\" >Provas comentadas de carreiras jur\u00eddicas<\/a><\/li>\n\n\n\n<li><a href=\"https:\/\/cj.estrategia.com\/portal\/wp-content\/uploads\/2025\/04\/27101755\/residencia-direitons003-tipo-1.pdf\" target=\"_blank\" >Caderno de prova<\/a><\/li>\n\n\n\n<li><a href=\"https:\/\/www.youtube.com\/watch?v=-QiDhlaWomg\" target=\"_blank\" >O que \u00e9 um concurso de Resid\u00eancia Jur\u00eddica?<\/a><\/li>\n<\/ul>\n\n\n\n<h2 class=\"wp-block-heading has-text-align-left\" id=\"concursos-juridicos-assinaturas\"><span id=\"quer-saber-tudo-sobre-concursos-juridicos-previstosconfira-nossos-artigos\">Quer saber tudo sobre concursos jur\u00eddicos previstos?<br>Confira nossos artigos!<\/span><\/h2>\n\n\n\n<ul class=\"wp-block-list\">\n<li><a href=\"https:\/\/cj.estrategia.com\/portal\/concursos-abertos-carreiras-juridicas\/\" target=\"_blank\" >Concursos jur\u00eddicos abertos<\/a><\/li>\n\n\n\n<li><a href=\"https:\/\/cj.estrategia.com\/portal\/concursos-juridicos-2026-prepare-se-para-os-proximos-editais\/\" target=\"_blank\" >Concursos Jur\u00eddicos 2026<\/a><\/li>\n\n\n\n<li><a href=\"https:\/\/cj.estrategia.com\/portal\/concursos-magistratura\/\" target=\"_blank\" >Concursos Magistratura<\/a><\/li>\n\n\n\n<li><a href=\"https:\/\/cj.estrategia.com\/portal\/exame-nacional-da-magistratura\/\">EN<\/a><a href=\"https:\/\/cj.estrategia.com\/portal\/exame-nacional-da-magistratura\/\" target=\"_blank\" >AM<\/a><\/li>\n<\/ul>\n\n\n\n<h2 class=\"wp-block-heading has-text-align-left\" id=\"h-cursos-e-assinaturas\"><span id=\"cursos-e-assinaturas\">CURSOS E ASSINATURAS<\/span><\/h2>\n\n\n\n<div class=\"wp-block-cover\" style=\"min-height:155px;aspect-ratio:unset;\"><img decoding=\"async\" width=\"1890\" height=\"351\" class=\"wp-block-cover__image-background wp-image-8669\" alt=\"Assinaturas Jur\u00eddicas\" src=\"https:\/\/cj.estrategia.com\/portal\/wp-content\/uploads\/2022\/06\/20151253\/concurso-carreiras-juridicas-assinatura-juridica.jpg\" style=\"object-position:78% 43%\" data-object-fit=\"cover\" data-object-position=\"78% 43%\" srcset=\"https:\/\/cj.estrategia.com\/portal\/wp-content\/uploads\/2022\/06\/20151253\/concurso-carreiras-juridicas-assinatura-juridica.jpg 1890w, https:\/\/cj.estrategia.com\/portal\/wp-content\/uploads\/2022\/06\/20151253\/concurso-carreiras-juridicas-assinatura-juridica-300x56.jpg 300w, https:\/\/cj.estrategia.com\/portal\/wp-content\/uploads\/2022\/06\/20151253\/concurso-carreiras-juridicas-assinatura-juridica-1024x190.jpg 1024w, https:\/\/cj.estrategia.com\/portal\/wp-content\/uploads\/2022\/06\/20151253\/concurso-carreiras-juridicas-assinatura-juridica-768x143.jpg 768w, https:\/\/cj.estrategia.com\/portal\/wp-content\/uploads\/2022\/06\/20151253\/concurso-carreiras-juridicas-assinatura-juridica-1536x285.jpg 1536w, https:\/\/cj.estrategia.com\/portal\/wp-content\/uploads\/2022\/06\/20151253\/concurso-carreiras-juridicas-assinatura-juridica-380x71.jpg 380w, https:\/\/cj.estrategia.com\/portal\/wp-content\/uploads\/2022\/06\/20151253\/concurso-carreiras-juridicas-assinatura-juridica-800x149.jpg 800w, https:\/\/cj.estrategia.com\/portal\/wp-content\/uploads\/2022\/06\/20151253\/concurso-carreiras-juridicas-assinatura-juridica-1160x215.jpg 1160w\" sizes=\"(max-width: 1890px) 100vw, 1890px\" \/><span aria-hidden=\"true\" class=\"wp-block-cover__background has-background-dim\"><\/span><div class=\"wp-block-cover__inner-container is-layout-flow wp-block-cover-is-layout-flow\">\n<h3 id=\"faca-a-sua-assinatura\" class=\"titulo-assinatura\"><span style=\"color: #ffffff;\">Fa\u00e7a a sua assinatura!<\/span><\/h3>\n<p class=\"subtitulo-assinatura\" style=\"display:block!important; line-height: 0;\"><span style=\"color: #ffffff;\">Escolha a sua \u00e1rea.<\/span><\/p>\n<a target=\"_blank\" href=\"https:\/\/www.estrategiaconcursos.com.br\/assinaturas-ecj\/\" rel=\"noopener\"><button style=\"border-radius: 10px; text-transform: capitalize;\">Acessar<\/button><\/a>\n<\/div><\/div>\n\n\n\n<figure class=\"wp-block-image is-resized\" id=\"block-3b8bacaa-0670-4296-b2f0-212db5343bcc\"><img decoding=\"async\" src=\"https:\/\/dhg1h5j42swfq.cloudfront.net\/2021\/04\/21143859\/ficha-tecnica-161-1024x632.png\" alt=\"concurso pss resid\u00eancia jur\u00eddica PGM POA\" style=\"width:187px;height:115px\"\/><\/figure>\n\n\n\n<h4 class=\"wp-block-heading\" id=\"ficha-tecnica-rj\"><span id=\"residencia-juridica-tj-rj\">Resid\u00eancia Jur\u00eddica TJ RJ<\/span><\/h4>\n\n\n\n<ul class=\"wp-block-list\">\n<li>Data da prova: <s>28\/01\/2023<\/s><\/li>\n\n\n\n<li>Vagas: 849 <\/li>\n\n\n\n<li>Lota\u00e7\u00f5es: Rio de Janeiro<\/li>\n\n\n\n<li>Banca: FGV<\/li>\n\n\n\n<li>Escolaridade: n\u00edvel superior em direito<\/li>\n\n\n\n<li><a href=\"https:\/\/cj.estrategia.com\/portal\/wp-content\/uploads\/2023\/10\/23215238\/edital-residente-20.10-revista-fgv-tj.pdf\" target=\"_blank\" >Edital Resid\u00eancia Jur\u00eddica TJ RJ 2023<\/a><\/li>\n<\/ul>\n","protected":false},"excerpt":{"rendered":"O Tribunal de Justi\u00e7a do Estado do Rio de Janeiro (TJ RJ) publicou a homologa\u00e7\u00e3o e o resultado&hellip;\n","protected":false},"author":12,"featured_media":177745,"comment_status":"open","ping_status":"open","sticky":false,"template":"","format":"standard","meta":{"_jetpack_memberships_contains_paid_content":false,"footnotes":""},"categories":[1],"tags":[],"tax_estado":[49],"class_list":{"0":"post-48395","1":"post","2":"type-post","3":"status-publish","4":"format-standard","5":"has-post-thumbnail","7":"category-carreiras-juridicas","8":"tax_estado-rj"},"acf":[],"yoast_head":"<!-- This site is optimized with the Yoast SEO Premium plugin v27.5 (Yoast SEO v27.5) - https:\/\/yoast.com\/product\/yoast-seo-premium-wordpress\/ -->\n<title>Resid\u00eancia Jur\u00eddica TJ RJ: resultado homologado!<\/title>\n<meta name=\"description\" content=\"Resid\u00eancia Jur\u00eddica TJ RJ: homologado! Edital ofertou diversas vagas com bolsa-auxilio que passa dos R$ 3 mil. Clique AQUI e saiba mais.\" \/>\n<meta name=\"robots\" content=\"index, follow, max-snippet:-1, max-image-preview:large, max-video-preview:-1\" \/>\n<link rel=\"canonical\" href=\"https:\/\/cj.estrategia.com\/portal\/residencia-juridica-tj-rj\/\" \/>\n<meta property=\"og:locale\" content=\"pt_BR\" \/>\n<meta property=\"og:type\" content=\"article\" \/>\n<meta property=\"og:title\" content=\"Resid\u00eancia Jur\u00eddica TJ RJ: resultado homologado!\" \/>\n<meta property=\"og:description\" content=\"Resid\u00eancia Jur\u00eddica TJ RJ: homologado! Edital ofertou diversas vagas com bolsa-auxilio que passa dos R$ 3 mil. Clique AQUI e saiba mais.\" \/>\n<meta property=\"og:url\" content=\"https:\/\/cj.estrategia.com\/portal\/residencia-juridica-tj-rj\/\" \/>\n<meta property=\"og:site_name\" content=\"Blog - Carreiras Jur\u00eddicas - Estrat\u00e9gia\" \/>\n<meta property=\"article:publisher\" content=\"https:\/\/www.facebook.com\/estrategiacarreirajuridica\/\" \/>\n<meta property=\"article:published_time\" content=\"2026-03-12T17:39:00+00:00\" \/>\n<meta property=\"article:modified_time\" content=\"2026-04-27T13:14:13+00:00\" \/>\n<meta property=\"og:image\" content=\"https:\/\/cj.estrategia.com\/portal\/wp-content\/uploads\/2026\/02\/04110838\/juiz.jpg\" \/>\n\t<meta property=\"og:image:width\" content=\"2459\" \/>\n\t<meta property=\"og:image:height\" content=\"1383\" \/>\n\t<meta property=\"og:image:type\" content=\"image\/jpeg\" \/>\n<meta name=\"author\" content=\"Coordena\u00e7\u00e3o\" \/>\n<meta name=\"twitter:card\" content=\"summary_large_image\" \/>\n<meta name=\"twitter:creator\" content=\"@EstratJuridica\" \/>\n<meta name=\"twitter:site\" content=\"@EstratJuridica\" \/>\n<meta name=\"twitter:label1\" content=\"Escrito por\" \/>\n\t<meta name=\"twitter:data1\" content=\"Coordena\u00e7\u00e3o\" \/>\n\t<meta name=\"twitter:label2\" content=\"Est. tempo de leitura\" \/>\n\t<meta name=\"twitter:data2\" content=\"4 minutos\" \/>\n<script type=\"application\/ld+json\" class=\"yoast-schema-graph\">{\"@context\":\"https:\\\/\\\/schema.org\",\"@graph\":[{\"@type\":\"NewsArticle\",\"@id\":\"https:\\\/\\\/cj.estrategia.com\\\/portal\\\/residencia-juridica-tj-rj\\\/#article\",\"isPartOf\":{\"@id\":\"https:\\\/\\\/cj.estrategia.com\\\/portal\\\/residencia-juridica-tj-rj\\\/\"},\"author\":{\"name\":\"Coordena\u00e7\u00e3o\",\"@id\":\"https:\\\/\\\/cj.estrategia.com\\\/portal\\\/#\\\/schema\\\/person\\\/4d70317d31449932b99102916b6637f5\"},\"headline\":\"Resid\u00eancia Jur\u00eddica TJ RJ: resultado homologado!\",\"datePublished\":\"2026-03-12T17:39:00+00:00\",\"dateModified\":\"2026-04-27T13:14:13+00:00\",\"mainEntityOfPage\":{\"@id\":\"https:\\\/\\\/cj.estrategia.com\\\/portal\\\/residencia-juridica-tj-rj\\\/\"},\"wordCount\":536,\"commentCount\":0,\"publisher\":{\"@id\":\"https:\\\/\\\/cj.estrategia.com\\\/portal\\\/#organization\"},\"image\":{\"@id\":\"https:\\\/\\\/cj.estrategia.com\\\/portal\\\/residencia-juridica-tj-rj\\\/#primaryimage\"},\"thumbnailUrl\":\"https:\\\/\\\/cj.estrategia.com\\\/portal\\\/wp-content\\\/uploads\\\/2026\\\/02\\\/04110838\\\/juiz.jpg\",\"articleSection\":[\"Carreiras Jur\u00eddicas\"],\"inLanguage\":\"pt-BR\",\"potentialAction\":[{\"@type\":\"CommentAction\",\"name\":\"Comment\",\"target\":[\"https:\\\/\\\/cj.estrategia.com\\\/portal\\\/residencia-juridica-tj-rj\\\/#respond\"]}],\"accessibilityFeature\":[\"tableOfContents\"]},{\"@type\":\"WebPage\",\"@id\":\"https:\\\/\\\/cj.estrategia.com\\\/portal\\\/residencia-juridica-tj-rj\\\/\",\"url\":\"https:\\\/\\\/cj.estrategia.com\\\/portal\\\/residencia-juridica-tj-rj\\\/\",\"name\":\"Resid\u00eancia Jur\u00eddica TJ RJ: resultado homologado!\",\"isPartOf\":{\"@id\":\"https:\\\/\\\/cj.estrategia.com\\\/portal\\\/#website\"},\"primaryImageOfPage\":{\"@id\":\"https:\\\/\\\/cj.estrategia.com\\\/portal\\\/residencia-juridica-tj-rj\\\/#primaryimage\"},\"image\":{\"@id\":\"https:\\\/\\\/cj.estrategia.com\\\/portal\\\/residencia-juridica-tj-rj\\\/#primaryimage\"},\"thumbnailUrl\":\"https:\\\/\\\/cj.estrategia.com\\\/portal\\\/wp-content\\\/uploads\\\/2026\\\/02\\\/04110838\\\/juiz.jpg\",\"datePublished\":\"2026-03-12T17:39:00+00:00\",\"dateModified\":\"2026-04-27T13:14:13+00:00\",\"description\":\"Resid\u00eancia Jur\u00eddica TJ RJ: homologado! Edital ofertou diversas vagas com bolsa-auxilio que passa dos R$ 3 mil. Clique AQUI e saiba mais.\",\"breadcrumb\":{\"@id\":\"https:\\\/\\\/cj.estrategia.com\\\/portal\\\/residencia-juridica-tj-rj\\\/#breadcrumb\"},\"inLanguage\":\"pt-BR\",\"potentialAction\":[{\"@type\":\"ReadAction\",\"target\":[\"https:\\\/\\\/cj.estrategia.com\\\/portal\\\/residencia-juridica-tj-rj\\\/\"]}]},{\"@type\":\"ImageObject\",\"inLanguage\":\"pt-BR\",\"@id\":\"https:\\\/\\\/cj.estrategia.com\\\/portal\\\/residencia-juridica-tj-rj\\\/#primaryimage\",\"url\":\"https:\\\/\\\/cj.estrategia.com\\\/portal\\\/wp-content\\\/uploads\\\/2026\\\/02\\\/04110838\\\/juiz.jpg\",\"contentUrl\":\"https:\\\/\\\/cj.estrategia.com\\\/portal\\\/wp-content\\\/uploads\\\/2026\\\/02\\\/04110838\\\/juiz.jpg\",\"width\":2459,\"height\":1383},{\"@type\":\"BreadcrumbList\",\"@id\":\"https:\\\/\\\/cj.estrategia.com\\\/portal\\\/residencia-juridica-tj-rj\\\/#breadcrumb\",\"itemListElement\":[{\"@type\":\"ListItem\",\"position\":1,\"name\":\"In\u00edcio\",\"item\":\"https:\\\/\\\/cj.estrategia.com\\\/portal\\\/\"},{\"@type\":\"ListItem\",\"position\":2,\"name\":\"Resid\u00eancia Jur\u00eddica TJ RJ: resultado homologado!\"}]},{\"@type\":\"WebSite\",\"@id\":\"https:\\\/\\\/cj.estrategia.com\\\/portal\\\/#website\",\"url\":\"https:\\\/\\\/cj.estrategia.com\\\/portal\\\/\",\"name\":\"Blog - Carreiras Jur\u00eddicas - Estrat\u00e9gia\",\"description\":\"\",\"publisher\":{\"@id\":\"https:\\\/\\\/cj.estrategia.com\\\/portal\\\/#organization\"},\"potentialAction\":[{\"@type\":\"SearchAction\",\"target\":{\"@type\":\"EntryPoint\",\"urlTemplate\":\"https:\\\/\\\/cj.estrategia.com\\\/portal\\\/?s={search_term_string}\"},\"query-input\":{\"@type\":\"PropertyValueSpecification\",\"valueRequired\":true,\"valueName\":\"search_term_string\"}}],\"inLanguage\":\"pt-BR\"},{\"@type\":\"Organization\",\"@id\":\"https:\\\/\\\/cj.estrategia.com\\\/portal\\\/#organization\",\"name\":\"Estrat\u00e9gia - Carreiras Jur\u00eddicas\",\"url\":\"https:\\\/\\\/cj.estrategia.com\\\/portal\\\/\",\"logo\":{\"@type\":\"ImageObject\",\"inLanguage\":\"pt-BR\",\"@id\":\"https:\\\/\\\/cj.estrategia.com\\\/portal\\\/#\\\/schema\\\/logo\\\/image\\\/\",\"url\":\"https:\\\/\\\/cj.estrategia.com\\\/portal\\\/wp-content\\\/uploads\\\/2022\\\/03\\\/11151052\\\/cj-logo.png\",\"contentUrl\":\"https:\\\/\\\/cj.estrategia.com\\\/portal\\\/wp-content\\\/uploads\\\/2022\\\/03\\\/11151052\\\/cj-logo.png\",\"width\":150,\"height\":39,\"caption\":\"Estrat\u00e9gia - Carreiras Jur\u00eddicas\"},\"image\":{\"@id\":\"https:\\\/\\\/cj.estrategia.com\\\/portal\\\/#\\\/schema\\\/logo\\\/image\\\/\"},\"sameAs\":[\"https:\\\/\\\/www.facebook.com\\\/estrategiacarreirajuridica\\\/\",\"https:\\\/\\\/x.com\\\/EstratJuridica\",\"https:\\\/\\\/www.instagram.com\\\/estrategiacarreirajuridica\\\/\",\"https:\\\/\\\/www.youtube.com\\\/channel\\\/UClbMGuYbj2Mh1m3w144ETWQ\"]},{\"@type\":\"Person\",\"@id\":\"https:\\\/\\\/cj.estrategia.com\\\/portal\\\/#\\\/schema\\\/person\\\/4d70317d31449932b99102916b6637f5\",\"name\":\"Coordena\u00e7\u00e3o\",\"image\":{\"@type\":\"ImageObject\",\"inLanguage\":\"pt-BR\",\"@id\":\"https:\\\/\\\/cj.estrategia.com\\\/portal\\\/wp-content\\\/uploads\\\/2022\\\/05\\\/12164923\\\/estrategia-carreira-juridica-coordenacao-96x96.png\",\"url\":\"https:\\\/\\\/cj.estrategia.com\\\/portal\\\/wp-content\\\/uploads\\\/2022\\\/05\\\/12164923\\\/estrategia-carreira-juridica-coordenacao-96x96.png\",\"contentUrl\":\"https:\\\/\\\/cj.estrategia.com\\\/portal\\\/wp-content\\\/uploads\\\/2022\\\/05\\\/12164923\\\/estrategia-carreira-juridica-coordenacao-96x96.png\",\"caption\":\"Coordena\u00e7\u00e3o\"},\"url\":\"https:\\\/\\\/cj.estrategia.com\\\/portal\\\/author\\\/coordenacao\\\/\"}]}<\/script>\n<!-- \/ Yoast SEO Premium plugin. -->","yoast_head_json":{"title":"Resid\u00eancia Jur\u00eddica TJ RJ: resultado homologado!","description":"Resid\u00eancia Jur\u00eddica TJ RJ: homologado! Edital ofertou diversas vagas com bolsa-auxilio que passa dos R$ 3 mil. Clique AQUI e saiba mais.","robots":{"index":"index","follow":"follow","max-snippet":"max-snippet:-1","max-image-preview":"max-image-preview:large","max-video-preview":"max-video-preview:-1"},"canonical":"https:\/\/cj.estrategia.com\/portal\/residencia-juridica-tj-rj\/","og_locale":"pt_BR","og_type":"article","og_title":"Resid\u00eancia Jur\u00eddica TJ RJ: resultado homologado!","og_description":"Resid\u00eancia Jur\u00eddica TJ RJ: homologado! Edital ofertou diversas vagas com bolsa-auxilio que passa dos R$ 3 mil. Clique AQUI e saiba mais.","og_url":"https:\/\/cj.estrategia.com\/portal\/residencia-juridica-tj-rj\/","og_site_name":"Blog - Carreiras Jur\u00eddicas - Estrat\u00e9gia","article_publisher":"https:\/\/www.facebook.com\/estrategiacarreirajuridica\/","article_published_time":"2026-03-12T17:39:00+00:00","article_modified_time":"2026-04-27T13:14:13+00:00","og_image":[{"width":2459,"height":1383,"url":"https:\/\/cj.estrategia.com\/portal\/wp-content\/uploads\/2026\/02\/04110838\/juiz.jpg","type":"image\/jpeg"}],"author":"Coordena\u00e7\u00e3o","twitter_card":"summary_large_image","twitter_creator":"@EstratJuridica","twitter_site":"@EstratJuridica","twitter_misc":{"Escrito por":"Coordena\u00e7\u00e3o","Est. tempo de leitura":"4 minutos"},"schema":{"@context":"https:\/\/schema.org","@graph":[{"@type":"NewsArticle","@id":"https:\/\/cj.estrategia.com\/portal\/residencia-juridica-tj-rj\/#article","isPartOf":{"@id":"https:\/\/cj.estrategia.com\/portal\/residencia-juridica-tj-rj\/"},"author":{"name":"Coordena\u00e7\u00e3o","@id":"https:\/\/cj.estrategia.com\/portal\/#\/schema\/person\/4d70317d31449932b99102916b6637f5"},"headline":"Resid\u00eancia Jur\u00eddica TJ RJ: resultado homologado!","datePublished":"2026-03-12T17:39:00+00:00","dateModified":"2026-04-27T13:14:13+00:00","mainEntityOfPage":{"@id":"https:\/\/cj.estrategia.com\/portal\/residencia-juridica-tj-rj\/"},"wordCount":536,"commentCount":0,"publisher":{"@id":"https:\/\/cj.estrategia.com\/portal\/#organization"},"image":{"@id":"https:\/\/cj.estrategia.com\/portal\/residencia-juridica-tj-rj\/#primaryimage"},"thumbnailUrl":"https:\/\/cj.estrategia.com\/portal\/wp-content\/uploads\/2026\/02\/04110838\/juiz.jpg","articleSection":["Carreiras Jur\u00eddicas"],"inLanguage":"pt-BR","potentialAction":[{"@type":"CommentAction","name":"Comment","target":["https:\/\/cj.estrategia.com\/portal\/residencia-juridica-tj-rj\/#respond"]}],"accessibilityFeature":["tableOfContents"]},{"@type":"WebPage","@id":"https:\/\/cj.estrategia.com\/portal\/residencia-juridica-tj-rj\/","url":"https:\/\/cj.estrategia.com\/portal\/residencia-juridica-tj-rj\/","name":"Resid\u00eancia Jur\u00eddica TJ RJ: resultado homologado!","isPartOf":{"@id":"https:\/\/cj.estrategia.com\/portal\/#website"},"primaryImageOfPage":{"@id":"https:\/\/cj.estrategia.com\/portal\/residencia-juridica-tj-rj\/#primaryimage"},"image":{"@id":"https:\/\/cj.estrategia.com\/portal\/residencia-juridica-tj-rj\/#primaryimage"},"thumbnailUrl":"https:\/\/cj.estrategia.com\/portal\/wp-content\/uploads\/2026\/02\/04110838\/juiz.jpg","datePublished":"2026-03-12T17:39:00+00:00","dateModified":"2026-04-27T13:14:13+00:00","description":"Resid\u00eancia Jur\u00eddica TJ RJ: homologado! Edital ofertou diversas vagas com bolsa-auxilio que passa dos R$ 3 mil. Clique AQUI e saiba mais.","breadcrumb":{"@id":"https:\/\/cj.estrategia.com\/portal\/residencia-juridica-tj-rj\/#breadcrumb"},"inLanguage":"pt-BR","potentialAction":[{"@type":"ReadAction","target":["https:\/\/cj.estrategia.com\/portal\/residencia-juridica-tj-rj\/"]}]},{"@type":"ImageObject","inLanguage":"pt-BR","@id":"https:\/\/cj.estrategia.com\/portal\/residencia-juridica-tj-rj\/#primaryimage","url":"https:\/\/cj.estrategia.com\/portal\/wp-content\/uploads\/2026\/02\/04110838\/juiz.jpg","contentUrl":"https:\/\/cj.estrategia.com\/portal\/wp-content\/uploads\/2026\/02\/04110838\/juiz.jpg","width":2459,"height":1383},{"@type":"BreadcrumbList","@id":"https:\/\/cj.estrategia.com\/portal\/residencia-juridica-tj-rj\/#breadcrumb","itemListElement":[{"@type":"ListItem","position":1,"name":"In\u00edcio","item":"https:\/\/cj.estrategia.com\/portal\/"},{"@type":"ListItem","position":2,"name":"Resid\u00eancia Jur\u00eddica TJ RJ: resultado homologado!"}]},{"@type":"WebSite","@id":"https:\/\/cj.estrategia.com\/portal\/#website","url":"https:\/\/cj.estrategia.com\/portal\/","name":"Blog - Carreiras Jur\u00eddicas - Estrat\u00e9gia","description":"","publisher":{"@id":"https:\/\/cj.estrategia.com\/portal\/#organization"},"potentialAction":[{"@type":"SearchAction","target":{"@type":"EntryPoint","urlTemplate":"https:\/\/cj.estrategia.com\/portal\/?s={search_term_string}"},"query-input":{"@type":"PropertyValueSpecification","valueRequired":true,"valueName":"search_term_string"}}],"inLanguage":"pt-BR"},{"@type":"Organization","@id":"https:\/\/cj.estrategia.com\/portal\/#organization","name":"Estrat\u00e9gia - Carreiras Jur\u00eddicas","url":"https:\/\/cj.estrategia.com\/portal\/","logo":{"@type":"ImageObject","inLanguage":"pt-BR","@id":"https:\/\/cj.estrategia.com\/portal\/#\/schema\/logo\/image\/","url":"https:\/\/cj.estrategia.com\/portal\/wp-content\/uploads\/2022\/03\/11151052\/cj-logo.png","contentUrl":"https:\/\/cj.estrategia.com\/portal\/wp-content\/uploads\/2022\/03\/11151052\/cj-logo.png","width":150,"height":39,"caption":"Estrat\u00e9gia - Carreiras Jur\u00eddicas"},"image":{"@id":"https:\/\/cj.estrategia.com\/portal\/#\/schema\/logo\/image\/"},"sameAs":["https:\/\/www.facebook.com\/estrategiacarreirajuridica\/","https:\/\/x.com\/EstratJuridica","https:\/\/www.instagram.com\/estrategiacarreirajuridica\/","https:\/\/www.youtube.com\/channel\/UClbMGuYbj2Mh1m3w144ETWQ"]},{"@type":"Person","@id":"https:\/\/cj.estrategia.com\/portal\/#\/schema\/person\/4d70317d31449932b99102916b6637f5","name":"Coordena\u00e7\u00e3o","image":{"@type":"ImageObject","inLanguage":"pt-BR","@id":"https:\/\/cj.estrategia.com\/portal\/wp-content\/uploads\/2022\/05\/12164923\/estrategia-carreira-juridica-coordenacao-96x96.png","url":"https:\/\/cj.estrategia.com\/portal\/wp-content\/uploads\/2022\/05\/12164923\/estrategia-carreira-juridica-coordenacao-96x96.png","contentUrl":"https:\/\/cj.estrategia.com\/portal\/wp-content\/uploads\/2022\/05\/12164923\/estrategia-carreira-juridica-coordenacao-96x96.png","caption":"Coordena\u00e7\u00e3o"},"url":"https:\/\/cj.estrategia.com\/portal\/author\/coordenacao\/"}]}},"jetpack_featured_media_url":"https:\/\/cj.estrategia.com\/portal\/wp-content\/uploads\/2026\/02\/04110838\/juiz.jpg","jetpack_sharing_enabled":true,"_links":{"self":[{"href":"https:\/\/cj.estrategia.com\/portal\/wp-json\/wp\/v2\/posts\/48395","targetHints":{"allow":["GET"]}}],"collection":[{"href":"https:\/\/cj.estrategia.com\/portal\/wp-json\/wp\/v2\/posts"}],"about":[{"href":"https:\/\/cj.estrategia.com\/portal\/wp-json\/wp\/v2\/types\/post"}],"author":[{"embeddable":true,"href":"https:\/\/cj.estrategia.com\/portal\/wp-json\/wp\/v2\/users\/12"}],"replies":[{"embeddable":true,"href":"https:\/\/cj.estrategia.com\/portal\/wp-json\/wp\/v2\/comments?post=48395"}],"version-history":[{"count":0,"href":"https:\/\/cj.estrategia.com\/portal\/wp-json\/wp\/v2\/posts\/48395\/revisions"}],"wp:featuredmedia":[{"embeddable":true,"href":"https:\/\/cj.estrategia.com\/portal\/wp-json\/wp\/v2\/media\/177745"}],"wp:attachment":[{"href":"https:\/\/cj.estrategia.com\/portal\/wp-json\/wp\/v2\/media?parent=48395"}],"wp:term":[{"taxonomy":"category","embeddable":true,"href":"https:\/\/cj.estrategia.com\/portal\/wp-json\/wp\/v2\/categories?post=48395"},{"taxonomy":"post_tag","embeddable":true,"href":"https:\/\/cj.estrategia.com\/portal\/wp-json\/wp\/v2\/tags?post=48395"},{"taxonomy":"tax_estado","embeddable":true,"href":"https:\/\/cj.estrategia.com\/portal\/wp-json\/wp\/v2\/tax_estado?post=48395"}],"curies":[{"name":"wp","href":"https:\/\/api.w.org\/{rel}","templated":true}]}}