{"id":47623,"date":"2023-11-22T11:00:00","date_gmt":"2023-11-22T14:00:00","guid":{"rendered":"https:\/\/cj.estrategia.com\/portal\/?p=47623"},"modified":"2023-10-24T12:06:37","modified_gmt":"2023-10-24T15:06:37","slug":"traumatologia-forense-resumo","status":"publish","type":"post","link":"https:\/\/cj.estrategia.com\/portal\/traumatologia-forense-resumo\/","title":{"rendered":"Traumatologia Forense: Resumo Delta PC-SP"},"content":{"rendered":"\n<p>Confira neste artigo um resumo sobre o t\u00f3pico Traumatologia Forense.<\/p>\n\n\n<div class=\"wp-block-image\">\n<figure class=\"aligncenter size-full is-resized\"><img decoding=\"async\" src=\"https:\/\/cj.estrategia.com\/portal\/wp-content\/uploads\/2023\/10\/13153821\/Viatura-PCSP.jpeg\" alt=\"Traumatologia Forense: Resumo Delta PC-SP\" class=\"wp-image-47624\" style=\"width:594px;height:396px\" width=\"594\" height=\"396\" srcset=\"https:\/\/cj.estrategia.com\/portal\/wp-content\/uploads\/2023\/10\/13153821\/Viatura-PCSP.jpeg 1024w, https:\/\/cj.estrategia.com\/portal\/wp-content\/uploads\/2023\/10\/13153821\/Viatura-PCSP-300x200.jpeg 300w, https:\/\/cj.estrategia.com\/portal\/wp-content\/uploads\/2023\/10\/13153821\/Viatura-PCSP-768x512.jpeg 768w, https:\/\/cj.estrategia.com\/portal\/wp-content\/uploads\/2023\/10\/13153821\/Viatura-PCSP-380x253.jpeg 380w, https:\/\/cj.estrategia.com\/portal\/wp-content\/uploads\/2023\/10\/13153821\/Viatura-PCSP-800x533.jpeg 800w, https:\/\/cj.estrategia.com\/portal\/wp-content\/uploads\/2023\/10\/13153821\/Viatura-PCSP-150x100.jpeg 150w\" sizes=\"(max-width: 594px) 100vw, 594px\" \/><figcaption class=\"wp-element-caption\">Traumatologia Forense: Resumo Delta PC-SP<\/figcaption><\/figure>\n<\/div>\n\n\n<p>Ol\u00e1, futuros Delegados de Pol\u00edcia. Tudo bem?<\/p>\n\n\n\n<p>No vasto universo das investiga\u00e7\u00f5es e da seguran\u00e7a p\u00fablica, a Traumatologia Forense desempenha um papel vital na elucida\u00e7\u00e3o de crimes e na busca por justi\u00e7a. E, em meio ao cen\u00e1rio mais desafiador j\u00e1 visto, o concurso para Delegado de Pol\u00edcia do Estado de S\u00e3o Paulo ganha destaque como o maior da hist\u00f3ria, oferecendo <strong>552 vagas<\/strong> para profissionais comprometidos com a seguran\u00e7a e o bem-estar da sociedade. As provas, marcadas para o dia <strong>03 de dezembro de 2023, <\/strong>representam uma oportunidade \u00fanica para aqueles que almejam uma carreira na alta c\u00fapula da investiga\u00e7\u00e3o policial.<\/p>\n\n\n\n<p>Animados?<\/p>\n\n\n\n<p>Vamos l\u00e1?<\/p>\n\n\n\n<h2 id=\"conceito-de-traumatologia-forense\" class=\"wp-block-heading\">Conceito de Traumatologia Forense<\/h2>\n\n\n\n<p>Segundo a doutrina, \u201ctraumatologia forense \u00e9 o ramo da Medicina Legal que estuda as les\u00f5es corporais sob o ponto de vista jur\u00eddico e as energias causadoras do dano, bem como os aspectos do diagn\u00f3stico, do progn\u00f3stico e das suas implica\u00e7\u00f5es legais. \u201d<\/p>\n\n\n\n<h2 id=\"trauma-x-lesao\" class=\"wp-block-heading\">Trauma x Les\u00e3o<\/h2>\n\n\n\n<p>O trauma \u00e9 a atua\u00e7\u00e3o de uma energia externa sobre o indiv\u00edduo, com intensidade o bastante para causar desvio da normalidade ou alterar o funcionamento do organismo.<\/p>\n\n\n\n<p>Por outro lado, quanto \u00e0 les\u00e3o, podemos dizer que \u00e9 uma altera\u00e7\u00e3o estrutural oriunda de uma agress\u00e3o ao organismo. Dessa forma, a les\u00e3o \u00e9 violenta se causada por traumatismo.<\/p>\n\n\n\n<p>Exemplificando: Acidente automobil\u00edstico e les\u00e3o por proj\u00e9til de arma de fogo.<\/p>\n\n\n\n<h2 id=\"crimes-contra-a-pessoa\" class=\"wp-block-heading\">Crimes contra a pessoa<\/h2>\n\n\n\n<p>O estudo da traumatologia forense em muito se relaciona ao Direito Penal. Enquanto os peritos buscam encontrar qual foi a <strong>causa m\u00e9dica da morte\/les\u00e3o<\/strong>, os operadores do direito t\u00eam a atribui\u00e7\u00e3o de estabelecer a <strong>causa jur\u00eddica da morte\/les\u00e3o <\/strong>e responsabilizar o autor da conduta.<\/p>\n\n\n\n<p>O C\u00f3digo Penal, em seu artigo 121, tipifica o crime de Homic\u00eddio:<\/p>\n\n\n\n<blockquote class=\"wp-block-quote is-layout-flow wp-block-quote-is-layout-flow\">\n<p><strong>Homic\u00eddio simples<\/strong><\/p>\n\n\n\n<p>Art. 121. Matar algu\u00e9m:<\/p>\n\n\n\n<p>\u00a0\u00a0Pena \u2013 reclus\u00e3o, de seis a vinte anos.<\/p>\n<\/blockquote>\n\n\n\n<p>J\u00e1 o artigo 129 prev\u00ea o delito de les\u00f5es corporais:<\/p>\n\n\n\n<blockquote class=\"wp-block-quote is-layout-flow wp-block-quote-is-layout-flow\">\n<p><strong>Les\u00e3o corporal<\/strong><\/p>\n\n\n\n<p>Art. 129. Ofender a integridade corporal ou a sa\u00fade de outrem:<\/p>\n\n\n\n<p>Pena \u2013 deten\u00e7\u00e3o, de tr\u00eas meses a um ano.<\/p>\n<\/blockquote>\n\n\n\n<h2 id=\"energias-vulnerantes-traumatologia-forense\" class=\"wp-block-heading\">Energias Vulnerantes \u2013 Traumatologia Forense<\/h2>\n\n\n\n<p>Podemos dividir as energias vulnerantes em tr\u00eas:<\/p>\n\n\n\n<ul class=\"wp-block-list\">\n<li>Ordem F\u00edsica: energias mec\u00e2nica, barom\u00e9trica, t\u00e9rmica, el\u00e9trica e radiante.<\/li>\n\n\n\n<li>Ordem Qu\u00edmica: c\u00e1usticos e venenos<\/li>\n\n\n\n<li>Ordem F\u00edsico-qu\u00edmica: asfixias<\/li>\n<\/ul>\n\n\n\n<h2 id=\"modo-de-acao-dos-instrumentos-mecanicos\" class=\"wp-block-heading\">Modo de A\u00e7\u00e3o dos Instrumentos Mec\u00e2nicos<\/h2>\n\n\n\n<ul class=\"wp-block-list\">\n<li><strong>Ativa: <\/strong>o agente vulnerante est\u00e1 em movimento (Ex: atropelamento em que a v\u00edtima est\u00e1 parada)<\/li>\n\n\n\n<li><strong>Passiva: <\/strong>o agente vulnerante est\u00e1 parado (Ex: queda de plano elevado)<\/li>\n\n\n\n<li><strong>Mista: <\/strong>ambos os agentes est\u00e3o em movimento (Ex: colis\u00e3o de tr\u00e2nsito frontal)<\/li>\n<\/ul>\n\n\n\n<h3 id=\"lesoes-por-energia-mecanica\" class=\"wp-block-heading\">Les\u00f5es por energia mec\u00e2nica<\/h3>\n\n\n\n<p>Os instrumentos causadores de les\u00e3o por energia mec\u00e2nica podem ser divididos quanto a sua forma de a\u00e7\u00e3o em cortantes, perfurantes e contundentes. Ocorre que, um mesmo instrumento pode ocasionar uma les\u00e3o mista, resultando da combina\u00e7\u00e3o das simples corto-contundentes, perfuro-cortantes e perfuro-contundentes. Cada uma das a\u00e7\u00f5es gera um tipo de les\u00e3o.<\/p>\n\n\n\n<p>Vamos esquematizar em uma tabela?<\/p>\n\n\n<div class=\"wp-block-image\">\n<figure class=\"aligncenter size-full\"><img decoding=\"async\" width=\"431\" height=\"296\" src=\"https:\/\/cj.estrategia.com\/portal\/wp-content\/uploads\/2023\/10\/13155326\/tabela-traumato.png\" alt=\"Traumatologia Forense\" class=\"wp-image-47632\" srcset=\"https:\/\/cj.estrategia.com\/portal\/wp-content\/uploads\/2023\/10\/13155326\/tabela-traumato.png 431w, https:\/\/cj.estrategia.com\/portal\/wp-content\/uploads\/2023\/10\/13155326\/tabela-traumato-300x206.png 300w, https:\/\/cj.estrategia.com\/portal\/wp-content\/uploads\/2023\/10\/13155326\/tabela-traumato-380x261.png 380w, https:\/\/cj.estrategia.com\/portal\/wp-content\/uploads\/2023\/10\/13155326\/tabela-traumato-150x103.png 150w\" sizes=\"(max-width: 431px) 100vw, 431px\" \/><\/figure>\n<\/div>\n\n\n<h4 id=\"agentes-simples\" class=\"wp-block-heading\">Agentes Simples<\/h4>\n\n\n\n<p><strong>Instrumentos perfurantes:<\/strong> agem por meio de uma ponta, afastando as fibras do tecido por press\u00e3o.<\/p>\n\n\n\n<p>Podem ser de pequeno calibre (ex: alfinetes, agulhas), gerando feridas punct\u00f3rias (em ponto), ou de m\u00e9dio calibre (ex: furador de gelo), o qual gera feridas em fenda ou botoeira. N\u00e3o h\u00e1 a classifica\u00e7\u00e3o de grosso calibre, uma vez que estes se enquadram em feridas contundentes ou corto-contundentes.<\/p>\n\n\n\n<p><strong>Instrumentos contundentes: <\/strong>O contato ocorre por meio de uma superf\u00edcie, sendo que n\u00e3o h\u00e1 ponta nem gume. Ex: cassetete, taco de baseball, ch\u00e3o, parede\u2026<\/p>\n\n\n\n<p><strong>Instrumentos cortantes: <\/strong>\u00e9 aquele que somente corta. A les\u00e3o \u00e9 denominada incisa, tamb\u00e9m conhecida como \u201cles\u00e3o em arco de violino\u201d. Ex: Navalha, l\u00e2mina de barbear.<\/p>\n\n\n\n<h4 id=\"agentes-mistos\" class=\"wp-block-heading\">Agentes Mistos<\/h4>\n\n\n\n<p><strong>Instrumentos Perfuro-cortantes: <\/strong>Perfura porque tem ponta e corta porque tem gume. Pode ter de 1 a 4 gumes. A les\u00e3o \u00e9 conhecida como perfuro-incisa. Ex: Faca de cozinha, punhal, lima de serralheiro<\/p>\n\n\n\n<p><strong>Instrumentos<\/strong> <strong>Perfuro-contundentes: <\/strong>o contato ocorre por meio de uma ponta romba. O exemplo mais comum s\u00e3o os proj\u00e9teis de arma de fogo.<\/p>\n\n\n\n<p><strong>Instrumentos Corto-contundentes:<\/strong> s\u00e3o os instrumentos que possuem uma borda agu\u00e7ada com grande massa. Ex: Machado, fac\u00e3o, foice e guilhotina.<\/p>\n\n\n\n<h3 id=\"lesoes-produzidas-por-acao-contundente-traumatologia-forense\" class=\"wp-block-heading\">Les\u00f5es produzidas por a\u00e7\u00e3o contundente \u2013 Traumatologia Forense<\/h3>\n\n\n\n<p>Vimos que a a\u00e7\u00e3o contundente \u00e9 aquela em que o contato ocorre por meio de uma superf\u00edcie, pois o instrumento n\u00e3o possui ponta, nem gume. Abaixo temos as les\u00f5es mais comuns, as quais s\u00e3o objeto de questionamento em diversas quest\u00f5es de prova:<\/p>\n\n\n\n<p><strong>Rubefa\u00e7\u00e3o: <\/strong>\u00c9 a mais simples das les\u00f5es, sendo fugaz, ef\u00eamera, passageira, e, por isso, o exame de corpo de delito deve ser feito rapidamente, sob risco de desaparecimento. No local h\u00e1 uma vasodilata\u00e7\u00e3o perif\u00e9rica, causando uma vermelhid\u00e3o.<\/p>\n\n\n\n<p><strong>Escoria\u00e7\u00e3o: <\/strong>\u00c9 o arrancamento traum\u00e1tico da epiderme, com exposi\u00e7\u00e3o da derme, sem, contudo, ultrapass\u00e1-la. \u00c9 o famoso \u201cralado\u201d. N\u00e3o h\u00e1 cicatriza\u00e7\u00e3o, mas sim, reepiteliza\u00e7\u00e3o, pois forma uma crosta. Essa crosta indica o nexo temporal da les\u00e3o.<\/p>\n\n\n\n<p><strong>Equimose: <\/strong>Ocorre com a infiltra\u00e7\u00e3o do sangue nas malhas dos tecidos adjacentes \u00e0 les\u00e3o. Em regra, ocorre pela ruptura de capilares, v\u00eanulas e arter\u00edolas. H\u00e1 o extravasamento do sangue (na rubefa\u00e7\u00e3o o sangue permanece nos vasos).<\/p>\n\n\n\n<p>Tipos de equimoses:<\/p>\n\n\n\n<ol class=\"wp-block-list\" type=\"a\">\n<li>Pet\u00e9quias: s\u00e3o pequenas equimoses, com o tamanho de cabe\u00e7a de alfinete.<\/li>\n\n\n\n<li>Sugila\u00e7\u00e3o: \u00e9 a equimose formada pelo aglomerado de pequenos gr\u00e3os. Um exemplo \u00e9 o \u201cchup\u00e3o\u201d.<\/li>\n\n\n\n<li>Sufus\u00e3o: tamb\u00e9m conhecida como equimoma. H\u00e1 uma hemorragia mais extensa, de tamanho variado.<\/li>\n\n\n\n<li>V\u00edbices: s\u00e3o les\u00f5es com assinatura, apresentam a forma de estrias, duas linhas paralelas. Ex: cassetete.<\/li>\n\n\n\n<li>Enquimoses: s\u00e3o as equimoses com fundo emocional.<\/li>\n<\/ol>\n\n\n\n<p>A mudan\u00e7a na tonalidade das equimoses pode denunciar o nexo-temporal em que foram produzidas. Destaque aqui para o Espectro Equim\u00f3tico de LeGrand Du Saulle, frequentemente cobrado em provas:<\/p>\n\n\n\n<figure class=\"wp-block-table\"><table><tbody><tr><td><strong><mark style=\"background-color:rgba(0, 0, 0, 0)\" class=\"has-inline-color has-vivid-red-color\">VERMELHA<\/mark><\/strong><\/td><td>1\u00ba dia<\/td><\/tr><tr><td><strong><mark style=\"background-color:rgba(0, 0, 0, 0)\" class=\"has-inline-color has-vivid-purple-color\">VIOL\u00c1CEA<\/mark><\/strong><\/td><td>2\u00ba ao 3\u00ba dia<\/td><\/tr><tr><td><strong><mark style=\"background-color:rgba(0, 0, 0, 0)\" class=\"has-inline-color has-vivid-cyan-blue-color\">AZUL<\/mark><\/strong><\/td><td>4\u00ba ao 6\u00ba dia<\/td><\/tr><tr><td><strong><mark style=\"background-color:rgba(0, 0, 0, 0)\" class=\"has-inline-color has-vivid-green-cyan-color\">ESVERDEADA<\/mark><\/strong><\/td><td>7\u00ba ao 10\u00ba dia<\/td><\/tr><tr><td><strong><mark style=\"background-color:rgba(0, 0, 0, 0)\" class=\"has-inline-color has-luminous-vivid-amber-color\">AMARELA<\/mark><\/strong><\/td><td>12\u00ba dia<\/td><\/tr><tr><td><strong>ESVANECE<\/strong><\/td><td>15\u00ba ao 20\u00ba dia<\/td><\/tr><\/tbody><\/table><figcaption class=\"wp-element-caption\">Traumatologia Forense<\/figcaption><\/figure>\n\n\n\n<p>Obs: Em alguns locais n\u00e3o se observa tal evolu\u00e7\u00e3o temporal, por exemplo, nas equimoses conjuntivais (olho).<\/p>\n\n\n\n<p>H\u00e1 ainda as equimoses a dist\u00e2ncia: a les\u00e3o ocorre em um local, mas a equimose aparece em outro. Um exemplo \u00e9 uma les\u00e3o no cr\u00e2nio, com um extravasamento de sangue, o qual \u00e9 depositado na regi\u00e3o das p\u00e1lpebras. Forma o sinal do zorro ou do guaxinim.<\/p>\n\n\n\n<p>As equimoses possuem relevante valor m\u00e9dico-legal, uma vez que possibilitam atestar que houve uma a\u00e7\u00e3o contundente, demonstram que havia vida no momento de sua produ\u00e7\u00e3o, permitem identificar o instrumento vulnerante, podem sugerir o tipo de agress\u00e3o, bem como possibilitam sabe o nexo-temporal da agress\u00e3o.<\/p>\n\n\n\n<p><strong>Hematoma: <\/strong>\u00e9 a cole\u00e7\u00e3o hem\u00e1tica produzida pelo sangue extravasado, o qual afasta a trama dos tecidos, formando uma cavidade (chamada de cavidade neoformada). Se houver plano \u00f3sseo por baixo (ex: osso frontal, \u201ctesta\u201d) forma uma bossa (\u201cgalo\u201d). Caso n\u00e3o haja plano \u00f3sseo, forma um hematoma.<\/p>\n\n\n\n<p><strong>Entorse: <\/strong>\u00e9 extens\u00e3o anormal dos movimentos articulares.<\/p>\n\n\n\n<p><strong>Luxa\u00e7\u00e3o: <\/strong>h\u00e1 a completa perda de contato entre duas extremidades \u00f3sseas. Mais grave que a entorse.<\/p>\n\n\n\n<p><strong>Fratura: <\/strong>\u00e9 a quebra da continuidade \u00f3ssea, podendo se dar por compress\u00e3o, flex\u00e3o ou por tor\u00e7\u00e3o.<\/p>\n\n\n\n<h3 id=\"leis-de-filhos-e-langer\" class=\"wp-block-heading\">Leis de Filhos e Langer<\/h3>\n\n\n\n<p><strong>1\u00aa Lei de Filhos: Paralelismo \u2013 <\/strong>disp\u00f5e que, na mesma regi\u00e3o, as les\u00f5es produzidas por instrumentos perfurantes de m\u00e9dio calibre s\u00e3o paralelas entre si.<\/p>\n\n\n\n<p><strong>2\u00aa Lei de Filhos: Semelhan\u00e7a \u2013 <\/strong>os instrumentos perfurantes de m\u00e9dio calibre (furador de gelo) produzem les\u00f5es semelhantes \u00e0s produzidas por instrumentos perfuro-cortantes de dois gumes (punhal). Tamb\u00e9m chamada de les\u00e3o em casa de bot\u00e3o (botoeira).<\/p>\n\n\n\n<p><strong>Lei de Langer: Polimorfismo \u2013 <\/strong>caso a les\u00e3o seja em local do corpo humano em que as fibras musculares atuem em mais de uma dire\u00e7\u00e3o, as les\u00f5es ter\u00e3o aspecto estrelado, polim\u00f3rfico (bizarras).<\/p>\n\n\n\n<h2 id=\"balistica-forense-e-lesoes-perfurocontundentes-traumatologia-forense\" class=\"wp-block-heading\">Bal\u00edstica Forense e Les\u00f5es Perfurocontundentes \u2013 Traumatologia Forense<\/h2>\n\n\n\n<p>A bal\u00edstica forense \u00e9 o campo da criminal\u00edstica que cuida do estudo relacionado ao estudo das armas de fogo, muni\u00e7\u00f5es e efeitos dos tiros.<\/p>\n\n\n\n<p>Relaciona-se com a medicina legal na medida em que esta trata das les\u00f5es provocadas no organismo decorrentes dos disparos<\/p>\n\n\n\n<h3 id=\"trajeto-x-trajetoria\" class=\"wp-block-heading\">Trajeto x Trajet\u00f3ria<\/h3>\n\n\n\n<p>Trajeto \u00e9 o caminho que o proj\u00e9til faz no interior do corpo humano, enquanto que a trajet\u00f3ria \u00e9 o percurso entre a arma e a v\u00edtima.<\/p>\n\n\n\n<h3 id=\"efeitos-primarios-e-secundarios-do-tiro\" class=\"wp-block-heading\">Efeitos Prim\u00e1rios e Secund\u00e1rios do Tiro<\/h3>\n\n\n\n<p>Os efeitos prim\u00e1rios decorrem da a\u00e7\u00e3o do proj\u00e9til e independem da dist\u00e2ncia do tiro.<\/p>\n\n\n\n<p>J\u00e1 os efeitos secund\u00e1rios resultam dos tiros encostados ou \u00e0 curta dist\u00e2ncia, da a\u00e7\u00e3o dos gases, de seus efeitos explosivos, de res\u00edduos da combust\u00e3o da p\u00f3lvora e de microproj\u00e9teis.<\/p>\n\n\n\n<h3 id=\"caracteristicas-do-orificio-de-entrada-traumatologia-forense\" class=\"wp-block-heading\">Caracter\u00edsticas do orif\u00edcio de entrada \u2013 Traumatologia Forense<\/h3>\n\n\n\n<p>Os orif\u00edcios de entrada possuem di\u00e2metro menor que o do proj\u00e9til, forma arredondada ou el\u00edptica, suas bordas s\u00e3o viradas para dentro, bem como contam com algumas caracter\u00edsticas:<\/p>\n\n\n\n<ul class=\"wp-block-list\">\n<li><strong>Orla de enxugo ou de alimpadura:<\/strong> \u00c9 a orla de detritos e impurezas que ficam retidas na pele quando da passagem do proj\u00e9til;<\/li>\n\n\n\n<li><strong>Orla de escoria\u00e7\u00e3o ou de contus\u00e3o<\/strong>: rompimento da pele pela passagem do proj\u00e9til<\/li>\n\n\n\n<li><strong>Anel de Fisch:<\/strong> \u00e9 a combina\u00e7\u00e3o das orlas de enxugo e de escoria\u00e7\u00e3o. Pode indicar a dire\u00e7\u00e3o do proj\u00e9til (pedra do anel de Fisch).<\/li>\n<\/ul>\n\n\n\n<p>Os tr\u00eas sinais acima decorrem da passagem do proj\u00e9til pela pele, ou seja, s\u00e3o efeitos prim\u00e1rios do tiro. Aparecem somente nas les\u00f5es de entrada, por\u00e9m, sua aus\u00eancia n\u00e3o indica que o orif\u00edcio \u00e9 de sa\u00edda, como ocorre nos casos em que o tiro \u00e9 dado com um anteparo (ex: travesseiro), n\u00e3o haver\u00e1 orla de enxugo, uma vez que o proj\u00e9til vai ser limpo antes de atingir a v\u00edtima.<\/p>\n\n\n\n<p>Em contrapartida, h\u00e1 sinais que s\u00f3 aparecem em tiros encostados e a curta dist\u00e2ncia (queima-roupa). Vejamos:<\/p>\n\n\n\n<ul class=\"wp-block-list\">\n<li><strong>Zona de tatuagem:<\/strong> ocasionada pela impregna\u00e7\u00e3o na pele dos gr\u00e2nulos de p\u00f3lvora incombusta;<\/li>\n\n\n\n<li><strong>Zona de esfuma\u00e7amento ou de tisnado:<\/strong> causada pela fuligem da queima da p\u00f3lvora e \u00e9 expelida pelo cano da arma junto com o proj\u00e9til;<\/li>\n\n\n\n<li><strong>Orla ou Zona de Queimadura:<\/strong> O disparo a curta dist\u00e2ncia pode ocasionar queimaduras de 1\u00ba e 2\u00ba grau na pele;<\/li>\n\n\n\n<li><strong>Sinal de Puppe-Werkgaertner:<\/strong> \u00e9 um sinal caracter\u00edstico dos disparos encostados sem plano \u00f3sseo por baixo (ex: abdome, bochecha), em que fica marcado na pele o cano da arma<\/li>\n\n\n\n<li><strong>Sinal de Boca ou C\u00e2mara de Mina de Hoffmann: <\/strong>ocorre em tiros encostados com plano \u00f3sseo por baixo. \u00c9 causada pela expans\u00e3o dos gases que, ao entrarem na pele, n\u00e3o t\u00eam por onde sair e acabam rompendo-a. Apresenta um aspecto estrelado.<\/li>\n\n\n\n<li><strong>Sinal de Benassi:<\/strong> Nas les\u00f5es de entrada no cr\u00e2nio ou esc\u00e1pulas, com disparos encostados, pode ser encontrado uma fuligem no osso.<\/li>\n\n\n\n<li><strong>Rosa de Tiro de Cevidalli:<\/strong> Nos disparos com proj\u00e9teis m\u00faltiplos (balins), quanto menor a dist\u00e2ncia, mais concentrados est\u00e3o as les\u00f5es de entrada.<\/li>\n<\/ul>\n\n\n\n<h3 id=\"caracteristicas-do-orificio-de-saida-traumatologia-forense\" class=\"wp-block-heading\">Caracter\u00edsticas do orif\u00edcio de sa\u00edda \u2013 Traumatologia Forense<\/h3>\n\n\n\n<p>Regra geral, as les\u00f5es de sa\u00edda possuem forma irregular, borda reviradas para fora, maior sangramento, al\u00e9m de n\u00e3o apresentarem os sinais apresentados acima.<\/p>\n\n\n\n<p>H\u00e1 doutrinadores que afirmam que a les\u00e3o de sa\u00edda pode apresentar uma orla de equimose se o tiro foi dado com a v\u00edtima encostada contra algum anteparo, por exemplo, no ch\u00e3o ou parede, pois, dessa forma, o proj\u00e9til teria dificuldade para sair e acabaria gerando a escoria\u00e7\u00e3o.<\/p>\n\n\n\n<h2 class=\"wp-block-heading\" id=\"h-conclusao-traumatologia-forense\"><span id=\"conclusao-traumatologia-forense\">Conclus\u00e3o \u2013 Traumatologia Forense<\/span><\/h2>\n\n\n\n<p>Chegamos ao final do nosso artigo, com um resumo sobre Traumatologia Forense. Esperamos que tenham aproveitado as informa\u00e7\u00f5es trazidas.<\/p>\n\n\n\n<p>Bons estudos!<\/p>\n\n\n\n<p class=\"has-text-align-center has-background has-medium-font-size\" style=\"background-color:#fcb90059\"><a href=\"https:\/\/cj.estrategia.com\/portal\/noticias\/\" target=\"_blank\" >Concursos Carreiras Jur\u00eddicas<\/a><\/p>\n\n\n\n<h2 class=\"wp-block-heading has-text-align-center\" id=\"h-quer-estudar-para-carreiras-juridicas\"><span id=\"quer-estudar-para-carreiras-juridicas\">Quer estudar para Carreiras Jur\u00eddicas?<\/span><\/h2>\n\n\n\n<ul class=\"wp-block-list\">\n<li><a href=\"https:\/\/cj.estrategia.com\/portal\/concursos-abertos-carreiras-juridicas\/\" target=\"_blank\" >Concursos abertos<\/a><\/li>\n\n\n\n<li><a href=\"https:\/\/cj.estrategia.com\/portal\/concursos-2023-carreiras-juridicas\/\" target=\"_blank\" >Concursos 2023<\/a><\/li>\n\n\n\n<li><a href=\"https:\/\/cj.estrategia.com\/portal\/concursos-2024-carreiras-juridicas\/\" target=\"_blank\" >Concursos 2024<\/a><\/li>\n<\/ul>\n\n\n\n<p>O Estrat\u00e9gia Carreira Jur\u00eddica \u00e9 campe\u00e3o de aprova\u00e7\u00f5es nos concursos para Carreiras Jur\u00eddicas com um corpo docente qualificado e materiais <\/p>\n\n\n\n<h2 class=\"wp-block-heading has-text-align-center\" id=\"cursos-delegado-sp\"><span id=\"quer-estudar-para-delegado-pc-sp\">Quer estudar para Delegado PC SP?<\/span><\/h2>\n\n\n\n<p class=\"has-text-align-center\"><em><strong>Gostou desta oportunidade e deseja come\u00e7ar se preparar agora mesmo? Ent\u00e3o, confira os nossos cursos e comece a estudar para Delegado SP:<\/strong><\/em><\/p>\n\n\n\n<div class=\"wp-block-cover\" style=\"min-height:155px;aspect-ratio:unset;\"><img decoding=\"async\" width=\"1890\" height=\"351\" class=\"wp-block-cover__image-background wp-image-8669\" alt=\"Assinaturas Jur\u00eddicas\" src=\"https:\/\/cj.estrategia.com\/portal\/wp-content\/uploads\/2022\/06\/20151253\/concurso-carreiras-juridicas-assinatura-juridica.jpg\" style=\"object-position:78% 43%\" data-object-fit=\"cover\" data-object-position=\"78% 43%\" srcset=\"https:\/\/cj.estrategia.com\/portal\/wp-content\/uploads\/2022\/06\/20151253\/concurso-carreiras-juridicas-assinatura-juridica.jpg 1890w, https:\/\/cj.estrategia.com\/portal\/wp-content\/uploads\/2022\/06\/20151253\/concurso-carreiras-juridicas-assinatura-juridica-300x56.jpg 300w, https:\/\/cj.estrategia.com\/portal\/wp-content\/uploads\/2022\/06\/20151253\/concurso-carreiras-juridicas-assinatura-juridica-1024x190.jpg 1024w, https:\/\/cj.estrategia.com\/portal\/wp-content\/uploads\/2022\/06\/20151253\/concurso-carreiras-juridicas-assinatura-juridica-768x143.jpg 768w, https:\/\/cj.estrategia.com\/portal\/wp-content\/uploads\/2022\/06\/20151253\/concurso-carreiras-juridicas-assinatura-juridica-1536x285.jpg 1536w, https:\/\/cj.estrategia.com\/portal\/wp-content\/uploads\/2022\/06\/20151253\/concurso-carreiras-juridicas-assinatura-juridica-380x71.jpg 380w, https:\/\/cj.estrategia.com\/portal\/wp-content\/uploads\/2022\/06\/20151253\/concurso-carreiras-juridicas-assinatura-juridica-800x149.jpg 800w, https:\/\/cj.estrategia.com\/portal\/wp-content\/uploads\/2022\/06\/20151253\/concurso-carreiras-juridicas-assinatura-juridica-1160x215.jpg 1160w\" sizes=\"(max-width: 1890px) 100vw, 1890px\" \/><span aria-hidden=\"true\" class=\"wp-block-cover__background has-background-dim\"><\/span><div class=\"wp-block-cover__inner-container is-layout-flow wp-block-cover-is-layout-flow\">\n<h3 id=\"faca-a-sua-assinatura\" class=\"titulo-assinatura\"><span style=\"color: #ffffff;\">Fa\u00e7a a sua assinatura!<\/span><\/h3>\n<p class=\"subtitulo-assinatura\" style=\"display:block!important; line-height: 0;\"><span style=\"color: #ffffff;\">Escolha a sua \u00e1rea.<\/span><\/p>\n<a target=\"_blank\" href=\"https:\/\/www.estrategiaconcursos.com.br\/assinaturas-ecj\/\" rel=\"noopener\"><button style=\"border-radius: 10px; text-transform: capitalize;\">Acessar<\/button><\/a>\n<\/div><\/div>\n\n\n","protected":false},"excerpt":{"rendered":"Confira neste artigo um resumo sobre o t\u00f3pico Traumatologia Forense. Ol\u00e1, futuros Delegados de Pol\u00edcia. Tudo bem? No&hellip;\n","protected":false},"author":23,"featured_media":47624,"comment_status":"open","ping_status":"open","sticky":false,"template":"","format":"standard","meta":{"_jetpack_memberships_contains_paid_content":false,"footnotes":""},"categories":[1,28],"tags":[],"tax_estado":[36,56],"class_list":{"0":"post-47623","1":"post","2":"type-post","3":"status-publish","4":"format-standard","5":"has-post-thumbnail","7":"category-carreiras-juridicas","8":"category-delegado","9":"tax_estado-concursos-federais","10":"tax_estado-sp"},"acf":[],"yoast_head":"<!-- This site is optimized with the Yoast SEO Premium plugin v27.5 (Yoast SEO v27.5) - https:\/\/yoast.com\/product\/yoast-seo-premium-wordpress\/ -->\n<title>Traumatologia Forense: Resumo Delta PC-SP<\/title>\n<meta name=\"description\" content=\"Confira neste artigo um resumo sobre Traumatologia Forense, com foco no concurso e Delegado da PC-SP e chegue preparado na prova.\" \/>\n<meta name=\"robots\" content=\"index, follow, max-snippet:-1, max-image-preview:large, max-video-preview:-1\" \/>\n<link rel=\"canonical\" href=\"https:\/\/cj.estrategia.com\/portal\/traumatologia-forense-resumo\/\" \/>\n<meta property=\"og:locale\" content=\"pt_BR\" \/>\n<meta property=\"og:type\" content=\"article\" \/>\n<meta property=\"og:title\" content=\"Traumatologia Forense: Resumo Delta PC-SP\" \/>\n<meta property=\"og:description\" content=\"Confira neste artigo um resumo sobre Traumatologia Forense, com foco no concurso e Delegado da PC-SP e chegue preparado na prova.\" \/>\n<meta property=\"og:url\" content=\"https:\/\/cj.estrategia.com\/portal\/traumatologia-forense-resumo\/\" \/>\n<meta property=\"og:site_name\" content=\"Blog - Carreiras Jur\u00eddicas - Estrat\u00e9gia\" \/>\n<meta property=\"article:publisher\" content=\"https:\/\/www.facebook.com\/estrategiacarreirajuridica\/\" \/>\n<meta property=\"article:published_time\" content=\"2023-11-22T14:00:00+00:00\" \/>\n<meta property=\"og:image\" content=\"https:\/\/cj.estrategia.com\/portal\/wp-content\/uploads\/2023\/10\/13153821\/Viatura-PCSP.jpeg\" \/>\n\t<meta property=\"og:image:width\" content=\"1024\" \/>\n\t<meta property=\"og:image:height\" content=\"682\" \/>\n\t<meta property=\"og:image:type\" content=\"image\/jpeg\" \/>\n<meta name=\"author\" content=\"Willian Henrique Daronch\" \/>\n<meta name=\"twitter:card\" content=\"summary_large_image\" \/>\n<meta name=\"twitter:creator\" content=\"@EstratJuridica\" \/>\n<meta name=\"twitter:site\" content=\"@EstratJuridica\" \/>\n<meta name=\"twitter:label1\" content=\"Escrito por\" \/>\n\t<meta name=\"twitter:data1\" content=\"Willian Henrique Daronch\" \/>\n\t<meta name=\"twitter:label2\" content=\"Est. tempo de leitura\" \/>\n\t<meta name=\"twitter:data2\" content=\"11 minutos\" \/>\n<script type=\"application\/ld+json\" class=\"yoast-schema-graph\">{\"@context\":\"https:\\\/\\\/schema.org\",\"@graph\":[{\"@type\":\"NewsArticle\",\"@id\":\"https:\\\/\\\/cj.estrategia.com\\\/portal\\\/traumatologia-forense-resumo\\\/#article\",\"isPartOf\":{\"@id\":\"https:\\\/\\\/cj.estrategia.com\\\/portal\\\/traumatologia-forense-resumo\\\/\"},\"author\":{\"name\":\"Willian Henrique Daronch\",\"@id\":\"https:\\\/\\\/cj.estrategia.com\\\/portal\\\/#\\\/schema\\\/person\\\/5f7674cba451e7cd35d50a59363416e4\"},\"headline\":\"Traumatologia Forense: Resumo Delta PC-SP\",\"datePublished\":\"2023-11-22T14:00:00+00:00\",\"mainEntityOfPage\":{\"@id\":\"https:\\\/\\\/cj.estrategia.com\\\/portal\\\/traumatologia-forense-resumo\\\/\"},\"wordCount\":2080,\"commentCount\":0,\"publisher\":{\"@id\":\"https:\\\/\\\/cj.estrategia.com\\\/portal\\\/#organization\"},\"image\":{\"@id\":\"https:\\\/\\\/cj.estrategia.com\\\/portal\\\/traumatologia-forense-resumo\\\/#primaryimage\"},\"thumbnailUrl\":\"https:\\\/\\\/cj.estrategia.com\\\/portal\\\/wp-content\\\/uploads\\\/2023\\\/10\\\/13153821\\\/Viatura-PCSP.jpeg\",\"articleSection\":[\"Carreiras Jur\u00eddicas\",\"Delegado\"],\"inLanguage\":\"pt-BR\",\"potentialAction\":[{\"@type\":\"CommentAction\",\"name\":\"Comment\",\"target\":[\"https:\\\/\\\/cj.estrategia.com\\\/portal\\\/traumatologia-forense-resumo\\\/#respond\"]}]},{\"@type\":\"WebPage\",\"@id\":\"https:\\\/\\\/cj.estrategia.com\\\/portal\\\/traumatologia-forense-resumo\\\/\",\"url\":\"https:\\\/\\\/cj.estrategia.com\\\/portal\\\/traumatologia-forense-resumo\\\/\",\"name\":\"Traumatologia Forense: Resumo Delta PC-SP\",\"isPartOf\":{\"@id\":\"https:\\\/\\\/cj.estrategia.com\\\/portal\\\/#website\"},\"primaryImageOfPage\":{\"@id\":\"https:\\\/\\\/cj.estrategia.com\\\/portal\\\/traumatologia-forense-resumo\\\/#primaryimage\"},\"image\":{\"@id\":\"https:\\\/\\\/cj.estrategia.com\\\/portal\\\/traumatologia-forense-resumo\\\/#primaryimage\"},\"thumbnailUrl\":\"https:\\\/\\\/cj.estrategia.com\\\/portal\\\/wp-content\\\/uploads\\\/2023\\\/10\\\/13153821\\\/Viatura-PCSP.jpeg\",\"datePublished\":\"2023-11-22T14:00:00+00:00\",\"description\":\"Confira neste artigo um resumo sobre Traumatologia Forense, com foco no concurso e Delegado da PC-SP e chegue preparado na prova.\",\"breadcrumb\":{\"@id\":\"https:\\\/\\\/cj.estrategia.com\\\/portal\\\/traumatologia-forense-resumo\\\/#breadcrumb\"},\"inLanguage\":\"pt-BR\",\"potentialAction\":[{\"@type\":\"ReadAction\",\"target\":[\"https:\\\/\\\/cj.estrategia.com\\\/portal\\\/traumatologia-forense-resumo\\\/\"]}]},{\"@type\":\"ImageObject\",\"inLanguage\":\"pt-BR\",\"@id\":\"https:\\\/\\\/cj.estrategia.com\\\/portal\\\/traumatologia-forense-resumo\\\/#primaryimage\",\"url\":\"https:\\\/\\\/cj.estrategia.com\\\/portal\\\/wp-content\\\/uploads\\\/2023\\\/10\\\/13153821\\\/Viatura-PCSP.jpeg\",\"contentUrl\":\"https:\\\/\\\/cj.estrategia.com\\\/portal\\\/wp-content\\\/uploads\\\/2023\\\/10\\\/13153821\\\/Viatura-PCSP.jpeg\",\"width\":1024,\"height\":682},{\"@type\":\"BreadcrumbList\",\"@id\":\"https:\\\/\\\/cj.estrategia.com\\\/portal\\\/traumatologia-forense-resumo\\\/#breadcrumb\",\"itemListElement\":[{\"@type\":\"ListItem\",\"position\":1,\"name\":\"In\u00edcio\",\"item\":\"https:\\\/\\\/cj.estrategia.com\\\/portal\\\/\"},{\"@type\":\"ListItem\",\"position\":2,\"name\":\"Traumatologia Forense: Resumo Delta PC-SP\"}]},{\"@type\":\"WebSite\",\"@id\":\"https:\\\/\\\/cj.estrategia.com\\\/portal\\\/#website\",\"url\":\"https:\\\/\\\/cj.estrategia.com\\\/portal\\\/\",\"name\":\"Blog - Carreiras Jur\u00eddicas - Estrat\u00e9gia\",\"description\":\"\",\"publisher\":{\"@id\":\"https:\\\/\\\/cj.estrategia.com\\\/portal\\\/#organization\"},\"potentialAction\":[{\"@type\":\"SearchAction\",\"target\":{\"@type\":\"EntryPoint\",\"urlTemplate\":\"https:\\\/\\\/cj.estrategia.com\\\/portal\\\/?s={search_term_string}\"},\"query-input\":{\"@type\":\"PropertyValueSpecification\",\"valueRequired\":true,\"valueName\":\"search_term_string\"}}],\"inLanguage\":\"pt-BR\"},{\"@type\":\"Organization\",\"@id\":\"https:\\\/\\\/cj.estrategia.com\\\/portal\\\/#organization\",\"name\":\"Estrat\u00e9gia - Carreiras Jur\u00eddicas\",\"url\":\"https:\\\/\\\/cj.estrategia.com\\\/portal\\\/\",\"logo\":{\"@type\":\"ImageObject\",\"inLanguage\":\"pt-BR\",\"@id\":\"https:\\\/\\\/cj.estrategia.com\\\/portal\\\/#\\\/schema\\\/logo\\\/image\\\/\",\"url\":\"https:\\\/\\\/cj.estrategia.com\\\/portal\\\/wp-content\\\/uploads\\\/2022\\\/03\\\/11151052\\\/cj-logo.png\",\"contentUrl\":\"https:\\\/\\\/cj.estrategia.com\\\/portal\\\/wp-content\\\/uploads\\\/2022\\\/03\\\/11151052\\\/cj-logo.png\",\"width\":150,\"height\":39,\"caption\":\"Estrat\u00e9gia - Carreiras Jur\u00eddicas\"},\"image\":{\"@id\":\"https:\\\/\\\/cj.estrategia.com\\\/portal\\\/#\\\/schema\\\/logo\\\/image\\\/\"},\"sameAs\":[\"https:\\\/\\\/www.facebook.com\\\/estrategiacarreirajuridica\\\/\",\"https:\\\/\\\/x.com\\\/EstratJuridica\",\"https:\\\/\\\/www.instagram.com\\\/estrategiacarreirajuridica\\\/\",\"https:\\\/\\\/www.youtube.com\\\/channel\\\/UClbMGuYbj2Mh1m3w144ETWQ\"]},{\"@type\":\"Person\",\"@id\":\"https:\\\/\\\/cj.estrategia.com\\\/portal\\\/#\\\/schema\\\/person\\\/5f7674cba451e7cd35d50a59363416e4\",\"name\":\"Willian Henrique Daronch\",\"image\":{\"@type\":\"ImageObject\",\"inLanguage\":\"pt-BR\",\"@id\":\"https:\\\/\\\/cj.estrategia.com\\\/portal\\\/wp-content\\\/uploads\\\/2023\\\/03\\\/03092646\\\/Willian-96x96.jpg\",\"url\":\"https:\\\/\\\/cj.estrategia.com\\\/portal\\\/wp-content\\\/uploads\\\/2023\\\/03\\\/03092646\\\/Willian-96x96.jpg\",\"contentUrl\":\"https:\\\/\\\/cj.estrategia.com\\\/portal\\\/wp-content\\\/uploads\\\/2023\\\/03\\\/03092646\\\/Willian-96x96.jpg\",\"caption\":\"Willian Henrique Daronch\"},\"description\":\"Delegado de Pol\u00edcia Civil em S\u00e3o Paulo P\u00f3s-graduado em Investiga\u00e7\u00e3o Criminal e Legisla\u00e7\u00e3o Penal pela Faculdade Unyleya-Estrat\u00e9gia; Graduado em Direito pelo Centro Universit\u00e1rio Univel (2019); Aprovado no XXIX Exame da OAB. Aprovado nos seguintes concursos: PC-RS 2018 Inspetor; PC-PR 2018 Escriv\u00e3o (38\u00ba colocado); DEAP\\\/SC 2019 Agente Penitenci\u00e1rio (24\u00ba colocado); Delegado de Pol\u00edcia do Estado do Par\u00e1 2021 (37\u00ba lugar - provas objetiva e discursiva) Delegado de Pol\u00edcia do Estado do Paran\u00e1 2021; PC-MG 2021 Escriv\u00e3o; Delegado de Pol\u00edcia do Estado de S\u00e3o Paulo 2022 (aprovado com nota 85 na prova oral) Delegado de Pol\u00edcia do Estado de Roraima 2022 (2\u00ba lugar - objetiva e discursiva).\",\"sameAs\":[\"https:\\\/\\\/www.instagram.com\\\/prof.williandaronch\"],\"url\":\"https:\\\/\\\/cj.estrategia.com\\\/portal\\\/author\\\/willian-henrique-daronch\\\/\"}]}<\/script>\n<!-- \/ Yoast SEO Premium plugin. -->","yoast_head_json":{"title":"Traumatologia Forense: Resumo Delta PC-SP","description":"Confira neste artigo um resumo sobre Traumatologia Forense, com foco no concurso e Delegado da PC-SP e chegue preparado na prova.","robots":{"index":"index","follow":"follow","max-snippet":"max-snippet:-1","max-image-preview":"max-image-preview:large","max-video-preview":"max-video-preview:-1"},"canonical":"https:\/\/cj.estrategia.com\/portal\/traumatologia-forense-resumo\/","og_locale":"pt_BR","og_type":"article","og_title":"Traumatologia Forense: Resumo Delta PC-SP","og_description":"Confira neste artigo um resumo sobre Traumatologia Forense, com foco no concurso e Delegado da PC-SP e chegue preparado na prova.","og_url":"https:\/\/cj.estrategia.com\/portal\/traumatologia-forense-resumo\/","og_site_name":"Blog - Carreiras Jur\u00eddicas - Estrat\u00e9gia","article_publisher":"https:\/\/www.facebook.com\/estrategiacarreirajuridica\/","article_published_time":"2023-11-22T14:00:00+00:00","og_image":[{"width":1024,"height":682,"url":"https:\/\/cj.estrategia.com\/portal\/wp-content\/uploads\/2023\/10\/13153821\/Viatura-PCSP.jpeg","type":"image\/jpeg"}],"author":"Willian Henrique Daronch","twitter_card":"summary_large_image","twitter_creator":"@EstratJuridica","twitter_site":"@EstratJuridica","twitter_misc":{"Escrito por":"Willian Henrique Daronch","Est. tempo de leitura":"11 minutos"},"schema":{"@context":"https:\/\/schema.org","@graph":[{"@type":"NewsArticle","@id":"https:\/\/cj.estrategia.com\/portal\/traumatologia-forense-resumo\/#article","isPartOf":{"@id":"https:\/\/cj.estrategia.com\/portal\/traumatologia-forense-resumo\/"},"author":{"name":"Willian Henrique Daronch","@id":"https:\/\/cj.estrategia.com\/portal\/#\/schema\/person\/5f7674cba451e7cd35d50a59363416e4"},"headline":"Traumatologia Forense: Resumo Delta PC-SP","datePublished":"2023-11-22T14:00:00+00:00","mainEntityOfPage":{"@id":"https:\/\/cj.estrategia.com\/portal\/traumatologia-forense-resumo\/"},"wordCount":2080,"commentCount":0,"publisher":{"@id":"https:\/\/cj.estrategia.com\/portal\/#organization"},"image":{"@id":"https:\/\/cj.estrategia.com\/portal\/traumatologia-forense-resumo\/#primaryimage"},"thumbnailUrl":"https:\/\/cj.estrategia.com\/portal\/wp-content\/uploads\/2023\/10\/13153821\/Viatura-PCSP.jpeg","articleSection":["Carreiras Jur\u00eddicas","Delegado"],"inLanguage":"pt-BR","potentialAction":[{"@type":"CommentAction","name":"Comment","target":["https:\/\/cj.estrategia.com\/portal\/traumatologia-forense-resumo\/#respond"]}]},{"@type":"WebPage","@id":"https:\/\/cj.estrategia.com\/portal\/traumatologia-forense-resumo\/","url":"https:\/\/cj.estrategia.com\/portal\/traumatologia-forense-resumo\/","name":"Traumatologia Forense: Resumo Delta PC-SP","isPartOf":{"@id":"https:\/\/cj.estrategia.com\/portal\/#website"},"primaryImageOfPage":{"@id":"https:\/\/cj.estrategia.com\/portal\/traumatologia-forense-resumo\/#primaryimage"},"image":{"@id":"https:\/\/cj.estrategia.com\/portal\/traumatologia-forense-resumo\/#primaryimage"},"thumbnailUrl":"https:\/\/cj.estrategia.com\/portal\/wp-content\/uploads\/2023\/10\/13153821\/Viatura-PCSP.jpeg","datePublished":"2023-11-22T14:00:00+00:00","description":"Confira neste artigo um resumo sobre Traumatologia Forense, com foco no concurso e Delegado da PC-SP e chegue preparado na prova.","breadcrumb":{"@id":"https:\/\/cj.estrategia.com\/portal\/traumatologia-forense-resumo\/#breadcrumb"},"inLanguage":"pt-BR","potentialAction":[{"@type":"ReadAction","target":["https:\/\/cj.estrategia.com\/portal\/traumatologia-forense-resumo\/"]}]},{"@type":"ImageObject","inLanguage":"pt-BR","@id":"https:\/\/cj.estrategia.com\/portal\/traumatologia-forense-resumo\/#primaryimage","url":"https:\/\/cj.estrategia.com\/portal\/wp-content\/uploads\/2023\/10\/13153821\/Viatura-PCSP.jpeg","contentUrl":"https:\/\/cj.estrategia.com\/portal\/wp-content\/uploads\/2023\/10\/13153821\/Viatura-PCSP.jpeg","width":1024,"height":682},{"@type":"BreadcrumbList","@id":"https:\/\/cj.estrategia.com\/portal\/traumatologia-forense-resumo\/#breadcrumb","itemListElement":[{"@type":"ListItem","position":1,"name":"In\u00edcio","item":"https:\/\/cj.estrategia.com\/portal\/"},{"@type":"ListItem","position":2,"name":"Traumatologia Forense: Resumo Delta PC-SP"}]},{"@type":"WebSite","@id":"https:\/\/cj.estrategia.com\/portal\/#website","url":"https:\/\/cj.estrategia.com\/portal\/","name":"Blog - Carreiras Jur\u00eddicas - Estrat\u00e9gia","description":"","publisher":{"@id":"https:\/\/cj.estrategia.com\/portal\/#organization"},"potentialAction":[{"@type":"SearchAction","target":{"@type":"EntryPoint","urlTemplate":"https:\/\/cj.estrategia.com\/portal\/?s={search_term_string}"},"query-input":{"@type":"PropertyValueSpecification","valueRequired":true,"valueName":"search_term_string"}}],"inLanguage":"pt-BR"},{"@type":"Organization","@id":"https:\/\/cj.estrategia.com\/portal\/#organization","name":"Estrat\u00e9gia - Carreiras Jur\u00eddicas","url":"https:\/\/cj.estrategia.com\/portal\/","logo":{"@type":"ImageObject","inLanguage":"pt-BR","@id":"https:\/\/cj.estrategia.com\/portal\/#\/schema\/logo\/image\/","url":"https:\/\/cj.estrategia.com\/portal\/wp-content\/uploads\/2022\/03\/11151052\/cj-logo.png","contentUrl":"https:\/\/cj.estrategia.com\/portal\/wp-content\/uploads\/2022\/03\/11151052\/cj-logo.png","width":150,"height":39,"caption":"Estrat\u00e9gia - Carreiras Jur\u00eddicas"},"image":{"@id":"https:\/\/cj.estrategia.com\/portal\/#\/schema\/logo\/image\/"},"sameAs":["https:\/\/www.facebook.com\/estrategiacarreirajuridica\/","https:\/\/x.com\/EstratJuridica","https:\/\/www.instagram.com\/estrategiacarreirajuridica\/","https:\/\/www.youtube.com\/channel\/UClbMGuYbj2Mh1m3w144ETWQ"]},{"@type":"Person","@id":"https:\/\/cj.estrategia.com\/portal\/#\/schema\/person\/5f7674cba451e7cd35d50a59363416e4","name":"Willian Henrique Daronch","image":{"@type":"ImageObject","inLanguage":"pt-BR","@id":"https:\/\/cj.estrategia.com\/portal\/wp-content\/uploads\/2023\/03\/03092646\/Willian-96x96.jpg","url":"https:\/\/cj.estrategia.com\/portal\/wp-content\/uploads\/2023\/03\/03092646\/Willian-96x96.jpg","contentUrl":"https:\/\/cj.estrategia.com\/portal\/wp-content\/uploads\/2023\/03\/03092646\/Willian-96x96.jpg","caption":"Willian Henrique Daronch"},"description":"Delegado de Pol\u00edcia Civil em S\u00e3o Paulo P\u00f3s-graduado em Investiga\u00e7\u00e3o Criminal e Legisla\u00e7\u00e3o Penal pela Faculdade Unyleya-Estrat\u00e9gia; Graduado em Direito pelo Centro Universit\u00e1rio Univel (2019); Aprovado no XXIX Exame da OAB. Aprovado nos seguintes concursos: PC-RS 2018 Inspetor; PC-PR 2018 Escriv\u00e3o (38\u00ba colocado); DEAP\/SC 2019 Agente Penitenci\u00e1rio (24\u00ba colocado); Delegado de Pol\u00edcia do Estado do Par\u00e1 2021 (37\u00ba lugar - provas objetiva e discursiva) Delegado de Pol\u00edcia do Estado do Paran\u00e1 2021; PC-MG 2021 Escriv\u00e3o; Delegado de Pol\u00edcia do Estado de S\u00e3o Paulo 2022 (aprovado com nota 85 na prova oral) Delegado de Pol\u00edcia do Estado de Roraima 2022 (2\u00ba lugar - objetiva e discursiva).","sameAs":["https:\/\/www.instagram.com\/prof.williandaronch"],"url":"https:\/\/cj.estrategia.com\/portal\/author\/willian-henrique-daronch\/"}]}},"jetpack_featured_media_url":"https:\/\/cj.estrategia.com\/portal\/wp-content\/uploads\/2023\/10\/13153821\/Viatura-PCSP.jpeg","jetpack_sharing_enabled":true,"_links":{"self":[{"href":"https:\/\/cj.estrategia.com\/portal\/wp-json\/wp\/v2\/posts\/47623","targetHints":{"allow":["GET"]}}],"collection":[{"href":"https:\/\/cj.estrategia.com\/portal\/wp-json\/wp\/v2\/posts"}],"about":[{"href":"https:\/\/cj.estrategia.com\/portal\/wp-json\/wp\/v2\/types\/post"}],"author":[{"embeddable":true,"href":"https:\/\/cj.estrategia.com\/portal\/wp-json\/wp\/v2\/users\/23"}],"replies":[{"embeddable":true,"href":"https:\/\/cj.estrategia.com\/portal\/wp-json\/wp\/v2\/comments?post=47623"}],"version-history":[{"count":0,"href":"https:\/\/cj.estrategia.com\/portal\/wp-json\/wp\/v2\/posts\/47623\/revisions"}],"wp:featuredmedia":[{"embeddable":true,"href":"https:\/\/cj.estrategia.com\/portal\/wp-json\/wp\/v2\/media\/47624"}],"wp:attachment":[{"href":"https:\/\/cj.estrategia.com\/portal\/wp-json\/wp\/v2\/media?parent=47623"}],"wp:term":[{"taxonomy":"category","embeddable":true,"href":"https:\/\/cj.estrategia.com\/portal\/wp-json\/wp\/v2\/categories?post=47623"},{"taxonomy":"post_tag","embeddable":true,"href":"https:\/\/cj.estrategia.com\/portal\/wp-json\/wp\/v2\/tags?post=47623"},{"taxonomy":"tax_estado","embeddable":true,"href":"https:\/\/cj.estrategia.com\/portal\/wp-json\/wp\/v2\/tax_estado?post=47623"}],"curies":[{"name":"wp","href":"https:\/\/api.w.org\/{rel}","templated":true}]}}