{"id":47333,"date":"2024-04-22T14:08:55","date_gmt":"2024-04-22T17:08:55","guid":{"rendered":"https:\/\/cj.estrategia.com\/portal\/?p=47333"},"modified":"2025-12-17T21:57:51","modified_gmt":"2025-12-18T00:57:51","slug":"concurso-advogado-visconde-do-rio-branco-mg","status":"publish","type":"post","link":"https:\/\/cj.estrategia.com\/portal\/concurso-advogado-visconde-do-rio-branco-mg\/","title":{"rendered":"Concurso Advogado Visconde do Rio Branco MG: SAIU o resultado final"},"content":{"rendered":"\n<p>A Prefeitura Municipal de Visconde do Rio Branco, no estado de Minas Gerais, publicou o resultado final do <strong>Concurso Advogado Visconde do Rio Branco MG. <\/strong><\/p>\n\n\n\n<p>O certame ofertou quatro (4) vagas para o cargo de advogado com vencimento inicial de R$ 2.374,32 e jornada de trabalho de 20 horas semanais.<\/p>\n\n\n\n<ul class=\"wp-block-list\">\n<li><a href=\"https:\/\/cj.estrategia.com\/portal\/wp-content\/uploads\/2024\/04\/06095527\/Resultado-Final-Concurso-Advogado-Visconde-do-Rio-Branco-MG.pdf\" target=\"_blank\" >Resultado Final Concurso Advogado Visconde do Rio Branco MG<\/a><\/li>\n<\/ul>\n\n\n\n<p class=\"has-background\" style=\"background-color:#abb7c287\"><strong>Concurso Advogado Visconde do Rio Branco MG<\/strong><br><strong>Status:<\/strong>\u00a0resultado<br><strong>Vagas:<\/strong> 4<br><strong>Banca:<\/strong> <a href=\"https:\/\/www.concursosjcm.com.br\/informacoes\/219\/\" target=\"_blank\" >JCM<\/a><br><strong>Sal\u00e1rio inicial: <\/strong>R$ 2.374,32 <br><strong><a href=\"https:\/\/cj.estrategia.com\/portal\/wp-content\/uploads\/2024\/04\/06095711\/edital-visconde-mg.pdf\" target=\"_blank\" >Edital Advogado Visconde do Rio Branco<\/a><\/strong><\/p>\n\n\n\n<p><\/p>\n\n\n\n<div class=\"container\" id=\"boxes\">\n  <div class=\"row\">\n\n    <div class=\"col-sm\">\n      <div class=\"banner-estrategia-concursos-juridicos\" id=\"box-assinatura\">\n        <h2 id=\"curso-para-advogado-visconde-do-rio-branco-mg\" class=\"titulo-assinatura\"><span style=\"color: #ffffff; font-size: 23px; \">Curso para  Advogado Visconde do Rio Branco MG<\/span><\/h2>\n        <p class=\"subtitulo-assinatura\">Cursos focados no edital do concurso<\/p>\n        <div class=\"box-botao\">\n          <a class=\"btn-assinatura-juridica\" target=\"_blank\" href=\"https:\/\/cj.estrategia.com\/curso\/\" role=\"button\" rel=\"noopener noreferrer\">Conhe\u00e7a mais<\/a>\n        <\/div>\n      <\/div>\n      <p class=\"texto-auxiliar\">Prepare-se com o melhor material e com quem mais aprova em concursos em todo o pa\u00eds. \n<\/p>\n    <\/div>\n\n  <\/div>\n<\/div>\n\n\n\n<p><\/p>\n\n\n\n<h2 class=\"wp-block-heading\" id=\"datas\"><span id=\"concurso-advogado-visconde-do-rio-branco-mg-principais-datas\">Concurso Advogado Visconde do Rio Branco MG: principais datas<\/span><\/h2>\n\n\n\n<ul class=\"wp-block-list\">\n<li><strong>Inscri\u00e7\u00f5es:<\/strong>\u00a0<s>04 de dezembro de 2023 a 03 de janeiro de 2024<\/s><\/li>\n\n\n\n<li><strong>Isen\u00e7\u00e3o:<\/strong><s>\u00a004 a 06 de dezembro de 2023<\/s><\/li>\n\n\n\n<li><strong>\u00daltimo dia para pagamento da taxa:\u00a0<\/strong><s>03 de janeiro de 2024<\/s><\/li>\n\n\n\n<li><strong>Provas objetivas:\u00a0<\/strong><s>04 de fevereiro de 2024<\/s><\/li>\n<\/ul>\n\n\n\n<h2 class=\"wp-block-heading\" id=\"cargos-vagas\"><span id=\"concurso-advogado-visconde-do-rio-branco-mg-cargos-vagas-e-salarios\">Concurso Advogado Visconde do Rio Branco MG: cargos, vagas e sal\u00e1rios<\/span><\/h2>\n\n\n\n<p>O edital Advogado Visconde do Rio Branco ofertou <strong>04 vagas de Advogado<\/strong> com sal\u00e1rio inicial de <strong>R$ 2.374,32.  <\/strong>S\u00e3o 20 horas semanais de trabalho.<\/p>\n\n\n\n<p><strong>Requisitos:<\/strong>  Ensino Superior Completo em Direito + Inscri\u00e7\u00e3o na Ordem dos Advogados do Brasil (OAB).<\/p>\n\n\n\n<h2 class=\"wp-block-heading\" id=\"h-etapas-e-provas\"><span id=\"etapas-e-provas\">Etapas e provas<\/span><\/h2>\n\n\n\n<p>Os candidatos foram avaliados por meio de duas (2) etapas:<\/p>\n\n\n\n<ul class=\"wp-block-list\">\n<li>Prova objetiva, <\/li>\n\n\n\n<li>Prova de t\u00edtulos.\u00a0<\/li>\n<\/ul>\n\n\n\n<h3 class=\"wp-block-heading\" id=\"objetiva\"><span id=\"prova-objetiva\">Prova Objetiva<\/span><\/h3>\n\n\n\n<p>A prova objetiva foi composta por quest\u00f5es de m\u00faltipla escolha (a, b, c, d), aplicada no dia <strong>04 de fevereiro de 2024<\/strong>\u00a0com\u00a0<strong>3 horas\u00a0<\/strong>de dura\u00e7\u00e3o.<\/p>\n\n\n\n<p>O exame teve car\u00e1ter classificat\u00f3rio e eliminat\u00f3rio e foi avaliado em uma escala de 0 a 100. Para serem aprovados, os candidatos tiveram que obter no m\u00ednimo, 50 pontos na prova.<\/p>\n\n\n\n<p><strong>40 quest\u00f5es, aplica\u00e7\u00e3o \u00e0s 09h<\/strong><\/p>\n\n\n\n<ul class=\"wp-block-list\">\n<li><strong>Conhecimentos Espec\u00edficos<\/strong>\u00a0<strong>I<\/strong>, 10 quest\u00f5es com\u00a0<strong>peso 4;<\/strong><\/li>\n\n\n\n<li><strong>L\u00edngua Portuguesa<\/strong>, 10 quest\u00f5es com\u00a0<strong>peso 3;<\/strong><\/li>\n\n\n\n<li><strong>Racioc\u00ednio L\u00f3gico<\/strong>, 10 quest\u00f5es com\u00a0<strong>peso 1;<\/strong><\/li>\n\n\n\n<li><strong>Conhecimentos Gerais<\/strong>\u00a0<strong>ou N.G.A publicas<\/strong>, 10 quest\u00f5es com\u00a0<strong>peso 2.<\/strong><\/li>\n<\/ul>\n\n\n\n<h3 class=\"wp-block-heading\" id=\"h-avaliacao-de-titulos\"><span id=\"avaliacao-de-titulos\">Avalia\u00e7\u00e3o de t\u00edtulos<\/span><\/h3>\n\n\n\n<p><strong>A prova de t\u00edtulos<\/strong>\u00a0foi de car\u00e1ter classificat\u00f3rio e consistiu na an\u00e1lise de t\u00edtulos de acordo com a seguinte tabela:<\/p>\n\n\n\n<figure class=\"wp-block-image\"><img decoding=\"async\" src=\"https:\/\/dhg1h5j42swfq.cloudfront.net\/2023\/10\/04184553\/image-55.png\" alt=\"Tabela de atribui\u00e7\u00e3o de pontos na Prova de T\u00edtulos para os cargos de n\u00edvel superior do concurso Visconde do Rio Branco\" class=\"wp-image-1288024\"\/><figcaption class=\"wp-element-caption\">Tabela de crit\u00e9rios para a prova de t\u00edtulos<\/figcaption><\/figure>\n\n\n\n<p><\/p>\n\n\n\n<h2 class=\"wp-block-heading has-text-align-center\" id=\"cursos\"><span id=\"quer-saber-tudo-sobre-concursos-previstosconfira-nossos-artigos\">Quer saber tudo sobre concursos previstos?<br><strong>Confira nossos artigos!<\/strong><\/span><\/h2>\n\n\n\n<ul class=\"wp-block-list\">\n<li><a href=\"https:\/\/cj.estrategia.com\/portal\/concursos-abertos-carreiras-juridicas\/\">Concursos jur\u00eddicos abertos<\/a><\/li>\n\n\n\n<li><a href=\"https:\/\/cj.estrategia.com\/portal\/concursos-2025-carreiras-juridicas\/\"><a href=\"https:\/\/cj.estrategia.com\/portal\/concursos-juridicos-2026\/\" target=\"_blank\" >Concursos jur\u00eddicos 2026<\/a><\/a><\/li>\n\n\n\n<li><a href=\"https:\/\/cj.estrategia.com\/portal\/concursos-advogados\/\">Concursos Advogados<\/a><\/li>\n<\/ul>\n\n\n\n<h2 class=\"wp-block-heading has-text-align-center\" id=\"curso\"><span id=\"quer-estudar-para-o-concurso-concurso-advogado-caesb-confira-nossos-cursos\">Quer estudar para o Concurso Concurso Advogado Caesb? <br><strong>Confira nossos cursos!<\/strong><\/span><\/h2>\n\n\n\n<p>O Estrat\u00e9gia Carreira Jur\u00eddica \u00e9 campe\u00e3o de aprova\u00e7\u00f5es nos concursos para Carreiras Jur\u00eddicas com um corpo docente qualificado e materiais completos. Conhe\u00e7a nossos cursos e garanta sua aprova\u00e7\u00e3o:<\/p>\n\n\n\n<div class=\"wp-block-cover\" style=\"min-height:155px;aspect-ratio:unset;\"><img decoding=\"async\" width=\"1890\" height=\"351\" class=\"wp-block-cover__image-background wp-image-8669\" alt=\"Assinaturas Jur\u00eddicas\" src=\"https:\/\/cj.estrategia.com\/portal\/wp-content\/uploads\/2022\/06\/20151253\/concurso-carreiras-juridicas-assinatura-juridica.jpg\" style=\"object-position:78% 43%\" data-object-fit=\"cover\" data-object-position=\"78% 43%\" srcset=\"https:\/\/cj.estrategia.com\/portal\/wp-content\/uploads\/2022\/06\/20151253\/concurso-carreiras-juridicas-assinatura-juridica.jpg 1890w, https:\/\/cj.estrategia.com\/portal\/wp-content\/uploads\/2022\/06\/20151253\/concurso-carreiras-juridicas-assinatura-juridica-300x56.jpg 300w, https:\/\/cj.estrategia.com\/portal\/wp-content\/uploads\/2022\/06\/20151253\/concurso-carreiras-juridicas-assinatura-juridica-1024x190.jpg 1024w, https:\/\/cj.estrategia.com\/portal\/wp-content\/uploads\/2022\/06\/20151253\/concurso-carreiras-juridicas-assinatura-juridica-768x143.jpg 768w, https:\/\/cj.estrategia.com\/portal\/wp-content\/uploads\/2022\/06\/20151253\/concurso-carreiras-juridicas-assinatura-juridica-1536x285.jpg 1536w, https:\/\/cj.estrategia.com\/portal\/wp-content\/uploads\/2022\/06\/20151253\/concurso-carreiras-juridicas-assinatura-juridica-380x71.jpg 380w, https:\/\/cj.estrategia.com\/portal\/wp-content\/uploads\/2022\/06\/20151253\/concurso-carreiras-juridicas-assinatura-juridica-800x149.jpg 800w, https:\/\/cj.estrategia.com\/portal\/wp-content\/uploads\/2022\/06\/20151253\/concurso-carreiras-juridicas-assinatura-juridica-1160x215.jpg 1160w\" sizes=\"(max-width: 1890px) 100vw, 1890px\" \/><span aria-hidden=\"true\" class=\"wp-block-cover__background has-background-dim\"><\/span><div class=\"wp-block-cover__inner-container is-layout-flow wp-block-cover-is-layout-flow\">\n<h3 id=\"faca-a-sua-assinatura\" class=\"titulo-assinatura\"><span style=\"color: #ffffff;\">Fa\u00e7a a sua assinatura!<\/span><\/h3>\n<p class=\"subtitulo-assinatura\" style=\"display:block!important; line-height: 0;\"><span style=\"color: #ffffff;\">Escolha a sua \u00e1rea.<\/span><\/p>\n<a target=\"_blank\" href=\"https:\/\/www.estrategiaconcursos.com.br\/assinaturas-ecj\/\" rel=\"noopener\"><button style=\"border-radius: 10px; text-transform: capitalize;\">Acessar<\/button><\/a>\n<\/div><\/div>\n\n\n\n<figure class=\"wp-block-image size-large is-resized\"><img decoding=\"async\" src=\"https:\/\/dhg1h5j42swfq.cloudfront.net\/2021\/04\/19202624\/ficha-tecnica-1-1024x632-1-3.png\" alt=\"Ficha t\u00e9cnica do concurso Delegado ES\" class=\"wp-image-717343\" style=\"width:246px;height:152px\"\/><\/figure>\n\n\n\n<h4 class=\"wp-block-heading\" id=\"ficha\"><span id=\"informacoes-do-concurso-advogado-visconde-do-rio-branco-mg\"><strong>Informa\u00e7\u00f5es do <\/strong>Concurso Advogado Visconde do Rio Branco MG<\/span><\/h4>\n\n\n\n<p><strong>Data:<\/strong> 04\/02\/2024<\/p>\n\n\n\n<p><strong>Banca<\/strong>: JCM<\/p>\n\n\n\n<p><strong>Cargos<\/strong>: Advogado <\/p>\n\n\n\n<p><strong>Lota\u00e7\u00f5es<\/strong>: Visconde do Rio Branco MG<\/p>\n\n\n\n<p><strong>Escolaridade<\/strong>: Superior completo em Direito + OAB.<\/p>\n\n\n\n<p><\/p>\n","protected":false},"excerpt":{"rendered":"A Prefeitura Municipal de Visconde do Rio Branco, no estado de Minas Gerais, publicou o resultado final do&hellip;\n","protected":false},"author":12,"featured_media":67166,"comment_status":"open","ping_status":"open","sticky":false,"template":"","format":"standard","meta":{"_jetpack_memberships_contains_paid_content":false,"footnotes":""},"categories":[1],"tags":[],"tax_estado":[41],"class_list":{"0":"post-47333","1":"post","2":"type-post","3":"status-publish","4":"format-standard","5":"has-post-thumbnail","7":"category-carreiras-juridicas","8":"tax_estado-mg"},"acf":[],"yoast_head":"<!-- This site is optimized with the Yoast SEO Premium plugin v27.5 (Yoast SEO v27.5) - https:\/\/yoast.com\/product\/yoast-seo-premium-wordpress\/ -->\n<title>Concurso Advogado Visconde do Rio Branco MG: SAIU o resultado final<\/title>\n<meta name=\"description\" content=\"Concurso Advogado Visconde do Rio Branco MG: confira AQUI os principais detalhes deste certame que ofertou quatro vagas para advogado!\" \/>\n<meta name=\"robots\" content=\"index, follow, max-snippet:-1, max-image-preview:large, max-video-preview:-1\" \/>\n<link rel=\"canonical\" href=\"https:\/\/cj.estrategia.com\/portal\/concurso-advogado-visconde-do-rio-branco-mg\/\" \/>\n<meta property=\"og:locale\" content=\"pt_BR\" \/>\n<meta property=\"og:type\" content=\"article\" \/>\n<meta property=\"og:title\" content=\"Concurso Advogado Visconde do Rio Branco MG: SAIU o resultado final\" \/>\n<meta property=\"og:description\" content=\"Concurso Advogado Visconde do Rio Branco MG: confira AQUI os principais detalhes deste certame que ofertou quatro vagas para advogado!\" \/>\n<meta property=\"og:url\" content=\"https:\/\/cj.estrategia.com\/portal\/concurso-advogado-visconde-do-rio-branco-mg\/\" \/>\n<meta property=\"og:site_name\" content=\"Blog - Carreiras Jur\u00eddicas - Estrat\u00e9gia\" \/>\n<meta property=\"article:publisher\" content=\"https:\/\/www.facebook.com\/estrategiacarreirajuridica\/\" \/>\n<meta property=\"article:published_time\" content=\"2024-04-22T17:08:55+00:00\" \/>\n<meta property=\"article:modified_time\" content=\"2025-12-18T00:57:51+00:00\" \/>\n<meta property=\"og:image\" content=\"https:\/\/cj.estrategia.com\/portal\/wp-content\/uploads\/2024\/06\/26133407\/concurso_advogados.jpg\" \/>\n\t<meta property=\"og:image:width\" content=\"300\" \/>\n\t<meta property=\"og:image:height\" content=\"200\" \/>\n\t<meta property=\"og:image:type\" content=\"image\/jpeg\" \/>\n<meta name=\"author\" content=\"Coordena\u00e7\u00e3o\" \/>\n<meta name=\"twitter:card\" content=\"summary_large_image\" \/>\n<meta name=\"twitter:creator\" content=\"@EstratJuridica\" \/>\n<meta name=\"twitter:site\" content=\"@EstratJuridica\" \/>\n<meta name=\"twitter:label1\" content=\"Escrito por\" \/>\n\t<meta name=\"twitter:data1\" content=\"Coordena\u00e7\u00e3o\" \/>\n\t<meta name=\"twitter:label2\" content=\"Est. tempo de leitura\" \/>\n\t<meta name=\"twitter:data2\" content=\"4 minutos\" \/>\n<script type=\"application\/ld+json\" class=\"yoast-schema-graph\">{\"@context\":\"https:\\\/\\\/schema.org\",\"@graph\":[{\"@type\":\"NewsArticle\",\"@id\":\"https:\\\/\\\/cj.estrategia.com\\\/portal\\\/concurso-advogado-visconde-do-rio-branco-mg\\\/#article\",\"isPartOf\":{\"@id\":\"https:\\\/\\\/cj.estrategia.com\\\/portal\\\/concurso-advogado-visconde-do-rio-branco-mg\\\/\"},\"author\":{\"name\":\"Coordena\u00e7\u00e3o\",\"@id\":\"https:\\\/\\\/cj.estrategia.com\\\/portal\\\/#\\\/schema\\\/person\\\/4d70317d31449932b99102916b6637f5\"},\"headline\":\"Concurso Advogado Visconde do Rio Branco MG: SAIU o resultado final\",\"datePublished\":\"2024-04-22T17:08:55+00:00\",\"dateModified\":\"2025-12-18T00:57:51+00:00\",\"mainEntityOfPage\":{\"@id\":\"https:\\\/\\\/cj.estrategia.com\\\/portal\\\/concurso-advogado-visconde-do-rio-branco-mg\\\/\"},\"wordCount\":477,\"commentCount\":0,\"publisher\":{\"@id\":\"https:\\\/\\\/cj.estrategia.com\\\/portal\\\/#organization\"},\"image\":{\"@id\":\"https:\\\/\\\/cj.estrategia.com\\\/portal\\\/concurso-advogado-visconde-do-rio-branco-mg\\\/#primaryimage\"},\"thumbnailUrl\":\"https:\\\/\\\/cj.estrategia.com\\\/portal\\\/wp-content\\\/uploads\\\/2024\\\/06\\\/26133407\\\/concurso_advogados.jpg\",\"articleSection\":[\"Carreiras Jur\u00eddicas\"],\"inLanguage\":\"pt-BR\",\"potentialAction\":[{\"@type\":\"CommentAction\",\"name\":\"Comment\",\"target\":[\"https:\\\/\\\/cj.estrategia.com\\\/portal\\\/concurso-advogado-visconde-do-rio-branco-mg\\\/#respond\"]}]},{\"@type\":\"WebPage\",\"@id\":\"https:\\\/\\\/cj.estrategia.com\\\/portal\\\/concurso-advogado-visconde-do-rio-branco-mg\\\/\",\"url\":\"https:\\\/\\\/cj.estrategia.com\\\/portal\\\/concurso-advogado-visconde-do-rio-branco-mg\\\/\",\"name\":\"Concurso Advogado Visconde do Rio Branco MG: SAIU o resultado final\",\"isPartOf\":{\"@id\":\"https:\\\/\\\/cj.estrategia.com\\\/portal\\\/#website\"},\"primaryImageOfPage\":{\"@id\":\"https:\\\/\\\/cj.estrategia.com\\\/portal\\\/concurso-advogado-visconde-do-rio-branco-mg\\\/#primaryimage\"},\"image\":{\"@id\":\"https:\\\/\\\/cj.estrategia.com\\\/portal\\\/concurso-advogado-visconde-do-rio-branco-mg\\\/#primaryimage\"},\"thumbnailUrl\":\"https:\\\/\\\/cj.estrategia.com\\\/portal\\\/wp-content\\\/uploads\\\/2024\\\/06\\\/26133407\\\/concurso_advogados.jpg\",\"datePublished\":\"2024-04-22T17:08:55+00:00\",\"dateModified\":\"2025-12-18T00:57:51+00:00\",\"description\":\"Concurso Advogado Visconde do Rio Branco MG: confira AQUI os principais detalhes deste certame que ofertou quatro vagas para advogado!\",\"breadcrumb\":{\"@id\":\"https:\\\/\\\/cj.estrategia.com\\\/portal\\\/concurso-advogado-visconde-do-rio-branco-mg\\\/#breadcrumb\"},\"inLanguage\":\"pt-BR\",\"potentialAction\":[{\"@type\":\"ReadAction\",\"target\":[\"https:\\\/\\\/cj.estrategia.com\\\/portal\\\/concurso-advogado-visconde-do-rio-branco-mg\\\/\"]}]},{\"@type\":\"ImageObject\",\"inLanguage\":\"pt-BR\",\"@id\":\"https:\\\/\\\/cj.estrategia.com\\\/portal\\\/concurso-advogado-visconde-do-rio-branco-mg\\\/#primaryimage\",\"url\":\"https:\\\/\\\/cj.estrategia.com\\\/portal\\\/wp-content\\\/uploads\\\/2024\\\/06\\\/26133407\\\/concurso_advogados.jpg\",\"contentUrl\":\"https:\\\/\\\/cj.estrategia.com\\\/portal\\\/wp-content\\\/uploads\\\/2024\\\/06\\\/26133407\\\/concurso_advogados.jpg\",\"width\":300,\"height\":200},{\"@type\":\"BreadcrumbList\",\"@id\":\"https:\\\/\\\/cj.estrategia.com\\\/portal\\\/concurso-advogado-visconde-do-rio-branco-mg\\\/#breadcrumb\",\"itemListElement\":[{\"@type\":\"ListItem\",\"position\":1,\"name\":\"In\u00edcio\",\"item\":\"https:\\\/\\\/cj.estrategia.com\\\/portal\\\/\"},{\"@type\":\"ListItem\",\"position\":2,\"name\":\"Concurso Advogado Visconde do Rio Branco MG: SAIU o resultado final\"}]},{\"@type\":\"WebSite\",\"@id\":\"https:\\\/\\\/cj.estrategia.com\\\/portal\\\/#website\",\"url\":\"https:\\\/\\\/cj.estrategia.com\\\/portal\\\/\",\"name\":\"Blog - Carreiras Jur\u00eddicas - Estrat\u00e9gia\",\"description\":\"\",\"publisher\":{\"@id\":\"https:\\\/\\\/cj.estrategia.com\\\/portal\\\/#organization\"},\"potentialAction\":[{\"@type\":\"SearchAction\",\"target\":{\"@type\":\"EntryPoint\",\"urlTemplate\":\"https:\\\/\\\/cj.estrategia.com\\\/portal\\\/?s={search_term_string}\"},\"query-input\":{\"@type\":\"PropertyValueSpecification\",\"valueRequired\":true,\"valueName\":\"search_term_string\"}}],\"inLanguage\":\"pt-BR\"},{\"@type\":\"Organization\",\"@id\":\"https:\\\/\\\/cj.estrategia.com\\\/portal\\\/#organization\",\"name\":\"Estrat\u00e9gia - Carreiras Jur\u00eddicas\",\"url\":\"https:\\\/\\\/cj.estrategia.com\\\/portal\\\/\",\"logo\":{\"@type\":\"ImageObject\",\"inLanguage\":\"pt-BR\",\"@id\":\"https:\\\/\\\/cj.estrategia.com\\\/portal\\\/#\\\/schema\\\/logo\\\/image\\\/\",\"url\":\"https:\\\/\\\/cj.estrategia.com\\\/portal\\\/wp-content\\\/uploads\\\/2022\\\/03\\\/11151052\\\/cj-logo.png\",\"contentUrl\":\"https:\\\/\\\/cj.estrategia.com\\\/portal\\\/wp-content\\\/uploads\\\/2022\\\/03\\\/11151052\\\/cj-logo.png\",\"width\":150,\"height\":39,\"caption\":\"Estrat\u00e9gia - Carreiras Jur\u00eddicas\"},\"image\":{\"@id\":\"https:\\\/\\\/cj.estrategia.com\\\/portal\\\/#\\\/schema\\\/logo\\\/image\\\/\"},\"sameAs\":[\"https:\\\/\\\/www.facebook.com\\\/estrategiacarreirajuridica\\\/\",\"https:\\\/\\\/x.com\\\/EstratJuridica\",\"https:\\\/\\\/www.instagram.com\\\/estrategiacarreirajuridica\\\/\",\"https:\\\/\\\/www.youtube.com\\\/channel\\\/UClbMGuYbj2Mh1m3w144ETWQ\"]},{\"@type\":\"Person\",\"@id\":\"https:\\\/\\\/cj.estrategia.com\\\/portal\\\/#\\\/schema\\\/person\\\/4d70317d31449932b99102916b6637f5\",\"name\":\"Coordena\u00e7\u00e3o\",\"image\":{\"@type\":\"ImageObject\",\"inLanguage\":\"pt-BR\",\"@id\":\"https:\\\/\\\/cj.estrategia.com\\\/portal\\\/wp-content\\\/uploads\\\/2022\\\/05\\\/12164923\\\/estrategia-carreira-juridica-coordenacao-96x96.png\",\"url\":\"https:\\\/\\\/cj.estrategia.com\\\/portal\\\/wp-content\\\/uploads\\\/2022\\\/05\\\/12164923\\\/estrategia-carreira-juridica-coordenacao-96x96.png\",\"contentUrl\":\"https:\\\/\\\/cj.estrategia.com\\\/portal\\\/wp-content\\\/uploads\\\/2022\\\/05\\\/12164923\\\/estrategia-carreira-juridica-coordenacao-96x96.png\",\"caption\":\"Coordena\u00e7\u00e3o\"},\"url\":\"https:\\\/\\\/cj.estrategia.com\\\/portal\\\/author\\\/coordenacao\\\/\"}]}<\/script>\n<!-- \/ Yoast SEO Premium plugin. -->","yoast_head_json":{"title":"Concurso Advogado Visconde do Rio Branco MG: SAIU o resultado final","description":"Concurso Advogado Visconde do Rio Branco MG: confira AQUI os principais detalhes deste certame que ofertou quatro vagas para advogado!","robots":{"index":"index","follow":"follow","max-snippet":"max-snippet:-1","max-image-preview":"max-image-preview:large","max-video-preview":"max-video-preview:-1"},"canonical":"https:\/\/cj.estrategia.com\/portal\/concurso-advogado-visconde-do-rio-branco-mg\/","og_locale":"pt_BR","og_type":"article","og_title":"Concurso Advogado Visconde do Rio Branco MG: SAIU o resultado final","og_description":"Concurso Advogado Visconde do Rio Branco MG: confira AQUI os principais detalhes deste certame que ofertou quatro vagas para advogado!","og_url":"https:\/\/cj.estrategia.com\/portal\/concurso-advogado-visconde-do-rio-branco-mg\/","og_site_name":"Blog - Carreiras Jur\u00eddicas - Estrat\u00e9gia","article_publisher":"https:\/\/www.facebook.com\/estrategiacarreirajuridica\/","article_published_time":"2024-04-22T17:08:55+00:00","article_modified_time":"2025-12-18T00:57:51+00:00","og_image":[{"width":300,"height":200,"url":"https:\/\/cj.estrategia.com\/portal\/wp-content\/uploads\/2024\/06\/26133407\/concurso_advogados.jpg","type":"image\/jpeg"}],"author":"Coordena\u00e7\u00e3o","twitter_card":"summary_large_image","twitter_creator":"@EstratJuridica","twitter_site":"@EstratJuridica","twitter_misc":{"Escrito por":"Coordena\u00e7\u00e3o","Est. tempo de leitura":"4 minutos"},"schema":{"@context":"https:\/\/schema.org","@graph":[{"@type":"NewsArticle","@id":"https:\/\/cj.estrategia.com\/portal\/concurso-advogado-visconde-do-rio-branco-mg\/#article","isPartOf":{"@id":"https:\/\/cj.estrategia.com\/portal\/concurso-advogado-visconde-do-rio-branco-mg\/"},"author":{"name":"Coordena\u00e7\u00e3o","@id":"https:\/\/cj.estrategia.com\/portal\/#\/schema\/person\/4d70317d31449932b99102916b6637f5"},"headline":"Concurso Advogado Visconde do Rio Branco MG: SAIU o resultado final","datePublished":"2024-04-22T17:08:55+00:00","dateModified":"2025-12-18T00:57:51+00:00","mainEntityOfPage":{"@id":"https:\/\/cj.estrategia.com\/portal\/concurso-advogado-visconde-do-rio-branco-mg\/"},"wordCount":477,"commentCount":0,"publisher":{"@id":"https:\/\/cj.estrategia.com\/portal\/#organization"},"image":{"@id":"https:\/\/cj.estrategia.com\/portal\/concurso-advogado-visconde-do-rio-branco-mg\/#primaryimage"},"thumbnailUrl":"https:\/\/cj.estrategia.com\/portal\/wp-content\/uploads\/2024\/06\/26133407\/concurso_advogados.jpg","articleSection":["Carreiras Jur\u00eddicas"],"inLanguage":"pt-BR","potentialAction":[{"@type":"CommentAction","name":"Comment","target":["https:\/\/cj.estrategia.com\/portal\/concurso-advogado-visconde-do-rio-branco-mg\/#respond"]}]},{"@type":"WebPage","@id":"https:\/\/cj.estrategia.com\/portal\/concurso-advogado-visconde-do-rio-branco-mg\/","url":"https:\/\/cj.estrategia.com\/portal\/concurso-advogado-visconde-do-rio-branco-mg\/","name":"Concurso Advogado Visconde do Rio Branco MG: SAIU o resultado final","isPartOf":{"@id":"https:\/\/cj.estrategia.com\/portal\/#website"},"primaryImageOfPage":{"@id":"https:\/\/cj.estrategia.com\/portal\/concurso-advogado-visconde-do-rio-branco-mg\/#primaryimage"},"image":{"@id":"https:\/\/cj.estrategia.com\/portal\/concurso-advogado-visconde-do-rio-branco-mg\/#primaryimage"},"thumbnailUrl":"https:\/\/cj.estrategia.com\/portal\/wp-content\/uploads\/2024\/06\/26133407\/concurso_advogados.jpg","datePublished":"2024-04-22T17:08:55+00:00","dateModified":"2025-12-18T00:57:51+00:00","description":"Concurso Advogado Visconde do Rio Branco MG: confira AQUI os principais detalhes deste certame que ofertou quatro vagas para advogado!","breadcrumb":{"@id":"https:\/\/cj.estrategia.com\/portal\/concurso-advogado-visconde-do-rio-branco-mg\/#breadcrumb"},"inLanguage":"pt-BR","potentialAction":[{"@type":"ReadAction","target":["https:\/\/cj.estrategia.com\/portal\/concurso-advogado-visconde-do-rio-branco-mg\/"]}]},{"@type":"ImageObject","inLanguage":"pt-BR","@id":"https:\/\/cj.estrategia.com\/portal\/concurso-advogado-visconde-do-rio-branco-mg\/#primaryimage","url":"https:\/\/cj.estrategia.com\/portal\/wp-content\/uploads\/2024\/06\/26133407\/concurso_advogados.jpg","contentUrl":"https:\/\/cj.estrategia.com\/portal\/wp-content\/uploads\/2024\/06\/26133407\/concurso_advogados.jpg","width":300,"height":200},{"@type":"BreadcrumbList","@id":"https:\/\/cj.estrategia.com\/portal\/concurso-advogado-visconde-do-rio-branco-mg\/#breadcrumb","itemListElement":[{"@type":"ListItem","position":1,"name":"In\u00edcio","item":"https:\/\/cj.estrategia.com\/portal\/"},{"@type":"ListItem","position":2,"name":"Concurso Advogado Visconde do Rio Branco MG: SAIU o resultado final"}]},{"@type":"WebSite","@id":"https:\/\/cj.estrategia.com\/portal\/#website","url":"https:\/\/cj.estrategia.com\/portal\/","name":"Blog - Carreiras Jur\u00eddicas - Estrat\u00e9gia","description":"","publisher":{"@id":"https:\/\/cj.estrategia.com\/portal\/#organization"},"potentialAction":[{"@type":"SearchAction","target":{"@type":"EntryPoint","urlTemplate":"https:\/\/cj.estrategia.com\/portal\/?s={search_term_string}"},"query-input":{"@type":"PropertyValueSpecification","valueRequired":true,"valueName":"search_term_string"}}],"inLanguage":"pt-BR"},{"@type":"Organization","@id":"https:\/\/cj.estrategia.com\/portal\/#organization","name":"Estrat\u00e9gia - Carreiras Jur\u00eddicas","url":"https:\/\/cj.estrategia.com\/portal\/","logo":{"@type":"ImageObject","inLanguage":"pt-BR","@id":"https:\/\/cj.estrategia.com\/portal\/#\/schema\/logo\/image\/","url":"https:\/\/cj.estrategia.com\/portal\/wp-content\/uploads\/2022\/03\/11151052\/cj-logo.png","contentUrl":"https:\/\/cj.estrategia.com\/portal\/wp-content\/uploads\/2022\/03\/11151052\/cj-logo.png","width":150,"height":39,"caption":"Estrat\u00e9gia - Carreiras Jur\u00eddicas"},"image":{"@id":"https:\/\/cj.estrategia.com\/portal\/#\/schema\/logo\/image\/"},"sameAs":["https:\/\/www.facebook.com\/estrategiacarreirajuridica\/","https:\/\/x.com\/EstratJuridica","https:\/\/www.instagram.com\/estrategiacarreirajuridica\/","https:\/\/www.youtube.com\/channel\/UClbMGuYbj2Mh1m3w144ETWQ"]},{"@type":"Person","@id":"https:\/\/cj.estrategia.com\/portal\/#\/schema\/person\/4d70317d31449932b99102916b6637f5","name":"Coordena\u00e7\u00e3o","image":{"@type":"ImageObject","inLanguage":"pt-BR","@id":"https:\/\/cj.estrategia.com\/portal\/wp-content\/uploads\/2022\/05\/12164923\/estrategia-carreira-juridica-coordenacao-96x96.png","url":"https:\/\/cj.estrategia.com\/portal\/wp-content\/uploads\/2022\/05\/12164923\/estrategia-carreira-juridica-coordenacao-96x96.png","contentUrl":"https:\/\/cj.estrategia.com\/portal\/wp-content\/uploads\/2022\/05\/12164923\/estrategia-carreira-juridica-coordenacao-96x96.png","caption":"Coordena\u00e7\u00e3o"},"url":"https:\/\/cj.estrategia.com\/portal\/author\/coordenacao\/"}]}},"jetpack_featured_media_url":"https:\/\/cj.estrategia.com\/portal\/wp-content\/uploads\/2024\/06\/26133407\/concurso_advogados.jpg","jetpack_sharing_enabled":true,"_links":{"self":[{"href":"https:\/\/cj.estrategia.com\/portal\/wp-json\/wp\/v2\/posts\/47333","targetHints":{"allow":["GET"]}}],"collection":[{"href":"https:\/\/cj.estrategia.com\/portal\/wp-json\/wp\/v2\/posts"}],"about":[{"href":"https:\/\/cj.estrategia.com\/portal\/wp-json\/wp\/v2\/types\/post"}],"author":[{"embeddable":true,"href":"https:\/\/cj.estrategia.com\/portal\/wp-json\/wp\/v2\/users\/12"}],"replies":[{"embeddable":true,"href":"https:\/\/cj.estrategia.com\/portal\/wp-json\/wp\/v2\/comments?post=47333"}],"version-history":[{"count":0,"href":"https:\/\/cj.estrategia.com\/portal\/wp-json\/wp\/v2\/posts\/47333\/revisions"}],"wp:featuredmedia":[{"embeddable":true,"href":"https:\/\/cj.estrategia.com\/portal\/wp-json\/wp\/v2\/media\/67166"}],"wp:attachment":[{"href":"https:\/\/cj.estrategia.com\/portal\/wp-json\/wp\/v2\/media?parent=47333"}],"wp:term":[{"taxonomy":"category","embeddable":true,"href":"https:\/\/cj.estrategia.com\/portal\/wp-json\/wp\/v2\/categories?post=47333"},{"taxonomy":"post_tag","embeddable":true,"href":"https:\/\/cj.estrategia.com\/portal\/wp-json\/wp\/v2\/tags?post=47333"},{"taxonomy":"tax_estado","embeddable":true,"href":"https:\/\/cj.estrategia.com\/portal\/wp-json\/wp\/v2\/tax_estado?post=47333"}],"curies":[{"name":"wp","href":"https:\/\/api.w.org\/{rel}","templated":true}]}}