{"id":47216,"date":"2023-10-04T22:02:04","date_gmt":"2023-10-05T01:02:04","guid":{"rendered":"https:\/\/cj.estrategia.com\/portal\/?p=47216"},"modified":"2023-10-04T22:02:07","modified_gmt":"2023-10-05T01:02:07","slug":"prova-comentada-conhecimentos-gerais-cartorio-am","status":"publish","type":"post","link":"https:\/\/cj.estrategia.com\/portal\/prova-comentada-conhecimentos-gerais-cartorio-am\/","title":{"rendered":"Prova comentada Conhecimentos Gerais Cart\u00f3rio AM"},"content":{"rendered":"\n<p>Ol\u00e1, pessoal, tudo certo?!<\/p>\n\n\n\n<p>Em 01\/10\/2023, foi aplicada a prova objetiva do concurso p\u00fablico para Provimento em <strong>Cart\u00f3rios do TJ-AM<\/strong>. Assim que disponibilizados o caderno de provas e gabarito pela banca, nosso time de professores analisou todas as quest\u00f5es, que, agora, ser\u00e3o apresentadas na nossa <strong>PROVA COMENTADA<\/strong>.<\/p>\n\n\n\n<p>Este material visa a auxili\u00e1-los na aferi\u00e7\u00e3o das notas, elabora\u00e7\u00e3o de eventuais recursos, verifica\u00e7\u00e3o das chances de avan\u00e7o para fase discursiva, bem como na revis\u00e3o do conte\u00fado cobrado no certame.<\/p>\n\n\n\n<p>Desde j\u00e1, destacamos que nosso time de professores identificou 2 quest\u00f5es pass\u00edveis de recurso, por apresentarem mais de uma ou nenhuma alternativa correta, como veremos adiante. No tipo de prova comentado, trata-se das quest\u00f5es 87 e 91.<\/p>\n\n\n\n<p>De modo complementar, elaboramos tamb\u00e9m o<a href=\"https:\/\/cj.estrategia.com\/cadernos-e-simulados\/simulados\/ca3f0e5b-b26d-4ccb-8b72-685ba343c896\"> <strong>RANKING de Cart\u00f3rios do TJ-AM<\/strong><\/a>, em que nossos alunos e seguidores poder\u00e3o inserir suas respostas \u00e0 prova, e, ao final, aferir sua nota, de acordo com o gabarito elaborado por nossos professores. Atrav\u00e9s do ranking, tamb\u00e9m poderemos estimar a nota de corte da 1\u00ba fase. Essa ferramenta \u00e9 gratuita e, para participar, basta clicar no link abaixo:<\/p>\n\n\n\n<p>Al\u00e9m disso, montamos um caderno para nossos seguidores, alunos ou n\u00e3o, verem os coment\u00e1rios e comentar as quest\u00f5es da prova: <a href=\"https:\/\/cj.estrategia.com\/cadernos-e-simulados\/cadernos\/3d20d051-28bb-4df3-bf3a-75b2384ee32f\">VEJA AQUI!<\/a><\/p>\n\n\n\n<p>Por fim, acompanhe todas as novidades sobre essa e outras provas da carreira no nosso <a href=\"https:\/\/www.youtube.com\/@EstrategiaCarreiraJuridica\">Canal do Youtube. <\/a>Inscreva-se e ative as notifica\u00e7\u00f5es!<\/p>\n\n\n\n<p>Clique no link abaixo e veja <strong>todas<\/strong> as provas comentadas:<\/p>\n\n\n\n<p class=\"has-text-align-center has-luminous-vivid-amber-to-luminous-vivid-orange-gradient-background has-background\"><a href=\"https:\/\/cj.estrategia.com\/portal\/provas-comentadas-concurso-cartorio-am\/\">Provas comentadas Concurso Cart\u00f3rio AM.<\/a><\/p>\n\n\n\n<h2 class=\"wp-block-heading has-vivid-red-color has-text-color\" id=\"h-prova-comentada-conhecimentos-gerais\"><span id=\"prova-comentada-conhecimentos-gerais\">Prova comentada Conhecimentos Gerais<\/span><\/h2>\n\n\n\n<p><strong>QUEST\u00c3O 96.\u00a0<\/strong><\/p>\n\n\n\n<p><strong>A \u201cfita quebra-cabe\u00e7as\u201d, que, conforme a Lei n. 13.977 de 2020, pode ser visualizada em estabelecimentos p\u00fablicos e privados para indicar prioridade em filas, estacionamentos e outros, \u00e9:<\/strong><\/p>\n\n\n\n<p><strong>a) O s\u00edmbolo mundial da conscientiza\u00e7\u00e3o do transtorno do espectro autista.<\/strong><\/p>\n\n\n\n<p><strong>b) O s\u00edmbolo do movimento LGBTQIAPN+.<\/strong><\/p>\n\n\n\n<p><strong>c) Um s\u00edmbolo de apoio e empoderamento para aqueles que vivenciam defici\u00eancias ocultas.<\/strong><\/p>\n\n\n\n<p><strong>d) Uma representa\u00e7\u00e3o gr\u00e1fica de diversidade social<\/strong><\/p>\n\n\n\n<p><strong>Coment\u00e1rios<\/strong><\/p>\n\n\n\n<p>A alternativa correta \u00e9 a <strong>letra A<\/strong>.\u00a0<\/p>\n\n\n\n<p>A quest\u00e3o aborda sobre s\u00edmbolos que representam e\/ou identificam um grupo.<\/p>\n\n\n\n<p>A alternativa A est\u00e1 correta. A fita quebra-cabe\u00e7as \u00e9 um simbolo universal da conscientiza\u00e7\u00e3o sobre o autismo, com o objetivo de simbolizar as dificuldades de compreens\u00e3o enfrentadas pelas pessoas que est\u00e3o no espectro autista.<\/p>\n\n\n\n<p>A alternativa B est\u00e1 incorreta. O s\u00edmbolo do movimento LGBTQIAPN+ \u00e9 a bandeira do arco-\u00edris.<\/p>\n\n\n\n<p>A alternativa C est\u00e1 incorreta. O cord\u00e3o de girassol \u00e9 o s\u00edmbolo de apoio e empoderamento para aqueles que vivenciam defici\u00eancias ocultas.<\/p>\n\n\n\n<p>A alternativa D est\u00e1 incorreta, conforme alternativa A.<\/p>\n\n\n\n<p><strong>QUEST\u00c3O 97.\u00a0Em janeiro deste ano, o Presidente da Rep\u00fablica sancionou lei equiparando o crime de inj\u00faria racial ao crime de racismo, incluindo a\u00e7\u00f5es que ocorram no contexto de atividades esportivas, religiosas, art\u00edsticas ou culturais destinadas ao p\u00fablico. Estudiosos conceituam as pr\u00e1ticas que englobam brincadeiras, piadas, mensagens e imagens que t\u00eam como objetivo principal promover a degrada\u00e7\u00e3o moral de minorias raciais como:\u00a0<\/strong><\/p>\n\n\n\n<p><strong>a) Apropria\u00e7\u00e3o cultural.\u00a0<\/strong><\/p>\n\n\n\n<p><strong>b) Racismo estrutural.\u00a0<\/strong><\/p>\n\n\n\n<p><strong>c) Tokenismo.\u00a0<\/strong><\/p>\n\n\n\n<p><strong>d) Racismo recreativo.\u00a0<\/strong><\/p>\n\n\n\n<p><strong>Coment\u00e1rios<\/strong><\/p>\n\n\n\n<p>A alternativa correta \u00e9 a <strong>letra D<\/strong>.\u00a0<\/p>\n\n\n\n<p>A quest\u00e3o aborda sobre o racismo recreativo.\u00a0\u00a0\u00a0<\/p>\n\n\n\n<p>A alternativa A est\u00e1 incorreta. A apropria\u00e7\u00e3o cultural ocorre quando uma cultura utiliza e adota elementos espec\u00edficos e identificadores de outra cultura, fora do seu contexto ou significado.<\/p>\n\n\n\n<p>A alternativa B est\u00e1 incorreta. O racismo estrutural \u00e9 o racismo presente na estrutura social, presente em diversos contextos sociais e pol\u00edticos, estando o preconceito enraizado na organiza\u00e7\u00e3o social, privilegiando uma ra\u00e7a em detrimento de outra.<\/p>\n\n\n\n<p>A alternativa C est\u00e1 incorreta. O tokenismo \u00e9 quando um indiv\u00edduo de determinado grupo pouco representado em um ambiente \u00e9 usado como representa\u00e7\u00e3o de um todo. Causando uma falsa impress\u00e3o de inclus\u00e3o racial.<\/p>\n\n\n\n<p>A alternativa correta \u00e9 a <strong>letra D<\/strong>. O racismo recretativo \u00e9 um racismo camuflado, que as ofensas s\u00e3o disfar\u00e7adas de brincadeiras e piadas hostis, incitando a discrimina\u00e7\u00e3o.<\/p>\n\n\n\n<p>O racismo recreativo n\u00e3o \u00e9 visto como crime de racismo por muitos indiv\u00edduos, sendo tolerado na sociedade, pois ainda \u00e9 muito utilizado em com\u00e9dias em shows ou nas redes sociais, ou sendo confundido como liberdade de express\u00e3o.<\/p>\n\n\n\n<p>Em altera\u00e7\u00e3o legislativa recente, a inj\u00faria racial foi reconhecida como crime de racismo, incluindo o uso do humor hostil como hip\u00f3tese de inj\u00faria racial<\/p>\n\n\n\n<p><strong>QUEST\u00c3O 98.\u00a0Estudo conduzido por pesquisadores do Instituto Nacional de Pesquisas Espaciais (INPE), da Empresa Brasileira de Pesquisa Agropecu\u00e1ria (EMBRAPA), da Funda\u00e7\u00e3o de Apoio para Projetos de Pesquisa de Ci\u00eancia e Tecnologia Espacial (FUNCATE) e da Universidade do Sul do Alabama, nos Estados Unidos, verificou que a \u00e1rea total de minera\u00e7\u00e3o dentro de terras ind\u00edgenas no Brasil saltou de 7,45 km\u00b2 em 1985 para 102,16 km\u00b2 em 2020, um aumento de 1.271%. Especialistas alertam para os riscos que referida atividade representa para a sa\u00fade da fauna, dos povos tradicionais e para a perenidade dos rios, em fun\u00e7\u00e3o do uso excessivo de:\u00a0<\/strong><\/p>\n\n\n\n<p><strong>a) L\u00edtio.\u00a0<\/strong><\/p>\n\n\n\n<p><strong>b) Chumbo.<\/strong><\/p>\n\n\n\n<p><strong>c) Merc\u00fario.\u00a0<\/strong><\/p>\n\n\n\n<p><strong>d) Zinco.\u00a0<\/strong><\/p>\n\n\n\n<p><strong>Coment\u00e1rios<\/strong><\/p>\n\n\n\n<p>A alternativa correta \u00e9 a <strong>letra C<\/strong>.<\/p>\n\n\n\n<p>A alternativa aborda sobre os impactos da atividade do garimpo em terras ocupadas por ind\u00edgenas. A explora\u00e7\u00e3o do garimpo aumentou a contamina\u00e7\u00e3o pelo merc\u00fario.<\/p>\n\n\n\n<p>(\u2026) Desde 2019, dispararam as ocorr\u00eancias de garimpo em terras ind\u00edgenas na Amaz\u00f4nia(\u2026). Aumentaram, tamb\u00e9m, a incid\u00eancia de mal\u00e1ria e os casos de contamina\u00e7\u00e3o de rios pelo merc\u00fario usado no garimpo de ouro.\u00a0<\/p>\n\n\n\n<p>CISCATI, Rafael. Povos Ind\u00edgenas PL 191\/2020: quais os impactos da minera\u00e7\u00e3o em terras ind\u00edgenas, <strong>Brasil de Direitos<\/strong>, 31 de mar\u00e7o de 2022. Dispon\u00edvel em: <a href=\"https:\/\/brasildedireitos.org.br\/atualidades\/pl-1912020-quais-os-impactos-da-minerao-em-terras-indgenas#:~:text=Desde%202019%2C%20dispararam%20as%20ocorr%C3%AAncias,usado%20no%20garimpo%20de%20ouro\">https:\/\/brasildedireitos.org.br\/atualidades\/pl-1912020-quais-os-impactos-da-minerao-em-terras-indgenas#:~:text=Desde%202019%2C%20dispararam%20as%20ocorr%C3%AAncias,usado%20no%20garimpo%20de%20ouro<\/a>. Acesso em 02 de outubro de 2023.<\/p>\n\n\n\n<p><strong>QUEST\u00c3O 99.\u00a0A empresa americana SpaceX vem conduzindo, nos \u00faltimos anos, o projeto da nave Starship, que tem o potencial de tornar a explora\u00e7\u00e3o espacial mais acess\u00edvel do que nunca, por:\u00a0<\/strong><\/p>\n\n\n\n<p><strong>a) Utilizar combust\u00edvel 100% renov\u00e1vel.\u00a0<\/strong><\/p>\n\n\n\n<p><strong>b) Possuir um foguete totalmente reutiliz\u00e1vel.\u00a0<\/strong><\/p>\n\n\n\n<p><strong>c) Ser menor do que a maioria dos foguetes atualmente utilizados.\u00a0<\/strong><\/p>\n\n\n\n<p><strong>d) Virar horizontalmente para pousar.\u00a0<\/strong><\/p>\n\n\n\n<p><strong>Coment\u00e1rios<\/strong><\/p>\n\n\n\n<p>A alternativa correta \u00e9 a <strong>letra B<\/strong>.<\/p>\n\n\n\n<p>A quest\u00e3o trata sobre o lan\u00e7amento da Starship.<\/p>\n\n\n\n<p>No \u00faltimo dia 20 de abril, a companhia fez o lan\u00e7amento da Starship, um ve\u00edculo espacial reutiliz\u00e1vel. A expectativa era grande, j\u00e1 que esse era apontado como o ve\u00edculo espacial mais poderoso da hist\u00f3ria. A nave, no entanto, n\u00e3o conseguiu atingir seus objetivos e explodiu logo ap\u00f3s o lan\u00e7amento.<\/p>\n\n\n\n<p>MATHIAS, Luciano. Starship: o futuro da explora\u00e7\u00e3o espacial. Olhar Digital 14 maio de 2023. Dispon\u00edvel em: <a href=\"https:\/\/olhardigital.com.br\/2023\/05\/14\/colunistas\/starship-o-futuro-da-exploracao-espacial\/\">https:\/\/olhardigital.com.br\/2023\/05\/14\/colunistas\/starship-o-futuro-da-exploracao-espacial\/<\/a>. Acesso em 02 de outubro de 2023.<\/p>\n\n\n\n<p>As demais alternativas est\u00e3o incorretas conforme a alternativa B.<\/p>\n\n\n\n<p><strong>QUEST\u00c3O 100.\u00a0Desde o ano de 2015, o fluxo migrat\u00f3rio motivado por fundados temores de persegui\u00e7\u00e3o relacionados a quest\u00f5es de ra\u00e7a, religi\u00e3o, nacionalidade, pertencimento a um determinado grupo social ou opini\u00e3o pol\u00edtica, como tamb\u00e9m devido \u00e0 grave e generalizada viola\u00e7\u00e3o de direitos humanos, conflitos armados e desastres clim\u00e1ticos observou uma intensifica\u00e7\u00e3o exacerbada. No contexto da crise global dos refugiados, avalie as senten\u00e7as a seguir:\u00a0<\/strong><\/p>\n\n\n\n<p><strong>I. Apenas em 2022, foram feitas mais de 50.000 (cinquenta mil) solicita\u00e7\u00f5es da condi\u00e7\u00e3o de refugiado ao Brasil, sendo que o maior n\u00famero de solicita\u00e7\u00f5es adveio de cidad\u00e3os venezuelanos e cubanos.\u00a0<\/strong><\/p>\n\n\n\n<p><strong>II. Estabelecida pela Assembleia Geral das Na\u00e7\u00f5es Unidas ap\u00f3s o final da primeira guerra mundial, a Ag\u00eancia das Na\u00e7\u00f5es Unidas para os Refugiados (ACNUR) \u00e9 o \u00f3rg\u00e3o da Organiza\u00e7\u00e3o das Na\u00e7\u00f5es Unidas (ONU) que apoia os refugiados.\u00a0<\/strong><\/p>\n\n\n\n<p><strong>III. O maior grupo de refugiados do mundo \u00e9 formado por s\u00edrios for\u00e7ados a fugir do seu pa\u00eds desde o in\u00edcio da guerra civil em 2011, os quais migraram, majoritariamente, para a Gr\u00e9cia. \u00c9 correto o que se afirmar:<\/strong><\/p>\n\n\n\n<p><strong>a) Nas senten\u00e7as I e III.\u00a0<\/strong><\/p>\n\n\n\n<p><strong>b) Em nenhuma das senten\u00e7as.\u00a0<\/strong><\/p>\n\n\n\n<p><strong>c) Na senten\u00e7a I, apenas.\u00a0<\/strong><\/p>\n\n\n\n<p><strong>d) Na senten\u00e7a II, apenas.\u00a0<\/strong><\/p>\n\n\n\n<p><strong>Coment\u00e1rios<\/strong><\/p>\n\n\n\n<p>A alternativa correta \u00e9 a <strong>alternativa C<\/strong>.<\/p>\n\n\n\n<p>De acordo com dados divulgados na \u00faltima edi\u00e7\u00e3o do relat\u00f3rio \u201cRef\u00fagio em N\u00fameros\u201d, apenas em 2022, no Brasil, foram feitas 50.355 solicita\u00e7\u00f5es da condi\u00e7\u00e3o de refugiado, provenientes de 139 pa\u00edses. As principais nacionalidades solicitantes em 2022 foram venezuelanas (67%), cubanas (10,9%) e angolanas (6,8%).<\/p>\n\n\n\n<p>ACNUR, Ag\u00eancia da ONU para Refugiados. Dispon\u00edvel em: <a href=\"https:\/\/www.acnur.org\/portugues\/dados-sobre-refugio\/dados-sobre-refugio-no-brasil\/\">https:\/\/www.acnur.org\/portugues\/dados-sobre-refugio\/dados-sobre-refugio-no-brasil\/<\/a>. Acesso em 02 de outubro de 2023.<\/p>\n\n\n\n<p>As demais alternativas est\u00e3o incorretas conforme a alternativa C.<\/p>\n\n\n\n<p class=\"has-text-align-center has-luminous-vivid-amber-to-luminous-vivid-orange-gradient-background has-background\"><a href=\"https:\/\/cj.estrategia.com\/portal\/concurso-cartorio-am\/\">Saiba mais: Concurso Cart\u00f3rio AM<\/a><\/p>\n\n\n\n<h2 class=\"wp-block-heading has-text-align-center\" id=\"cursos\"><span id=\"quer-saber-tudo-sobre-concursos-previstos-confira-nossos-artigos\">Quer saber tudo sobre concursos previstos? <br>Confira nossos artigos!<\/span><\/h2>\n\n\n\n\n\n<h2 class=\"wp-block-heading has-text-align-center\" id=\"cursos\"><span id=\"cursos-e-assinaturas\"><strong>Cursos e Assinaturas<\/strong><\/span><\/h2>\n\n\n\n\n\n<div class=\"wp-block-cover\" style=\"min-height:155px;aspect-ratio:unset;\"><img decoding=\"async\" width=\"1890\" height=\"351\" class=\"wp-block-cover__image-background wp-image-8669\" alt=\"Assinaturas Jur\u00eddicas\" src=\"https:\/\/cj.estrategia.com\/portal\/wp-content\/uploads\/2022\/06\/20151253\/concurso-carreiras-juridicas-assinatura-juridica.jpg\" style=\"object-position:78% 43%\" data-object-fit=\"cover\" data-object-position=\"78% 43%\" srcset=\"https:\/\/cj.estrategia.com\/portal\/wp-content\/uploads\/2022\/06\/20151253\/concurso-carreiras-juridicas-assinatura-juridica.jpg 1890w, https:\/\/cj.estrategia.com\/portal\/wp-content\/uploads\/2022\/06\/20151253\/concurso-carreiras-juridicas-assinatura-juridica-300x56.jpg 300w, https:\/\/cj.estrategia.com\/portal\/wp-content\/uploads\/2022\/06\/20151253\/concurso-carreiras-juridicas-assinatura-juridica-1024x190.jpg 1024w, https:\/\/cj.estrategia.com\/portal\/wp-content\/uploads\/2022\/06\/20151253\/concurso-carreiras-juridicas-assinatura-juridica-768x143.jpg 768w, https:\/\/cj.estrategia.com\/portal\/wp-content\/uploads\/2022\/06\/20151253\/concurso-carreiras-juridicas-assinatura-juridica-1536x285.jpg 1536w, https:\/\/cj.estrategia.com\/portal\/wp-content\/uploads\/2022\/06\/20151253\/concurso-carreiras-juridicas-assinatura-juridica-380x71.jpg 380w, https:\/\/cj.estrategia.com\/portal\/wp-content\/uploads\/2022\/06\/20151253\/concurso-carreiras-juridicas-assinatura-juridica-800x149.jpg 800w, https:\/\/cj.estrategia.com\/portal\/wp-content\/uploads\/2022\/06\/20151253\/concurso-carreiras-juridicas-assinatura-juridica-1160x215.jpg 1160w\" sizes=\"(max-width: 1890px) 100vw, 1890px\" \/><span aria-hidden=\"true\" class=\"wp-block-cover__background has-background-dim\"><\/span><div class=\"wp-block-cover__inner-container is-layout-flow wp-block-cover-is-layout-flow\">\n<h3 id=\"faca-a-sua-assinatura\" class=\"titulo-assinatura\"><span style=\"color: #ffffff;\">Fa\u00e7a a sua assinatura!<\/span><\/h3>\n<p class=\"subtitulo-assinatura\" style=\"display:block!important; line-height: 0;\"><span style=\"color: #ffffff;\">Escolha a sua \u00e1rea.<\/span><\/p>\n<a target=\"_blank\" href=\"https:\/\/www.estrategiaconcursos.com.br\/assinaturas-ecj\/\" rel=\"noopener\"><button style=\"border-radius: 10px; text-transform: capitalize;\">Acessar<\/button><\/a>\n<\/div><\/div>\n\n\n\n<p><\/p>\n","protected":false},"excerpt":{"rendered":"Ol\u00e1, pessoal, tudo certo?! Em 01\/10\/2023, foi aplicada a prova objetiva do concurso p\u00fablico para Provimento em Cart\u00f3rios&hellip;\n","protected":false},"author":12,"featured_media":34252,"comment_status":"open","ping_status":"open","sticky":false,"template":"","format":"standard","meta":{"_jetpack_memberships_contains_paid_content":false,"footnotes":""},"categories":[29],"tags":[],"tax_estado":[32],"class_list":{"0":"post-47216","1":"post","2":"type-post","3":"status-publish","4":"format-standard","5":"has-post-thumbnail","7":"category-cartorio","8":"tax_estado-am"},"acf":[],"yoast_head":"<!-- This site is optimized with the Yoast SEO Premium plugin v27.5 (Yoast SEO v27.5) - https:\/\/yoast.com\/product\/yoast-seo-premium-wordpress\/ -->\n<title>Prova comentada Conhecimentos Gerais Cart\u00f3rio AM<\/title>\n<meta name=\"description\" content=\"Prova comentada Conhecimentos Gerais Cart\u00f3rio AM: confira aqui os coment\u00e1rios dos professores do Estrat\u00e9gia e tire suas d\u00favidas\" \/>\n<meta name=\"robots\" content=\"index, follow, max-snippet:-1, max-image-preview:large, max-video-preview:-1\" \/>\n<link rel=\"canonical\" href=\"https:\/\/cj.estrategia.com\/portal\/prova-comentada-conhecimentos-gerais-cartorio-am\/\" \/>\n<meta property=\"og:locale\" content=\"pt_BR\" \/>\n<meta property=\"og:type\" content=\"article\" \/>\n<meta property=\"og:title\" content=\"Prova comentada Conhecimentos Gerais Cart\u00f3rio AM\" \/>\n<meta property=\"og:description\" content=\"Prova comentada Conhecimentos Gerais Cart\u00f3rio AM: confira aqui os coment\u00e1rios dos professores do Estrat\u00e9gia e tire suas d\u00favidas\" \/>\n<meta property=\"og:url\" content=\"https:\/\/cj.estrategia.com\/portal\/prova-comentada-conhecimentos-gerais-cartorio-am\/\" \/>\n<meta property=\"og:site_name\" content=\"Blog - Carreiras Jur\u00eddicas - Estrat\u00e9gia\" \/>\n<meta property=\"article:publisher\" content=\"https:\/\/www.facebook.com\/estrategiacarreirajuridica\/\" \/>\n<meta property=\"article:published_time\" content=\"2023-10-05T01:02:04+00:00\" \/>\n<meta property=\"article:modified_time\" content=\"2023-10-05T01:02:07+00:00\" \/>\n<meta property=\"og:image\" content=\"https:\/\/cj.estrategia.com\/portal\/wp-content\/uploads\/2023\/04\/20104322\/concurso-cartorio-tj-am.jpg\" \/>\n\t<meta property=\"og:image:width\" content=\"768\" \/>\n\t<meta property=\"og:image:height\" content=\"432\" \/>\n\t<meta property=\"og:image:type\" content=\"image\/jpeg\" \/>\n<meta name=\"author\" content=\"Coordena\u00e7\u00e3o\" \/>\n<meta name=\"twitter:card\" content=\"summary_large_image\" \/>\n<meta name=\"twitter:creator\" content=\"@EstratJuridica\" \/>\n<meta name=\"twitter:site\" content=\"@EstratJuridica\" \/>\n<meta name=\"twitter:label1\" content=\"Escrito por\" \/>\n\t<meta name=\"twitter:data1\" content=\"Coordena\u00e7\u00e3o\" \/>\n\t<meta name=\"twitter:label2\" content=\"Est. tempo de leitura\" \/>\n\t<meta name=\"twitter:data2\" content=\"8 minutos\" \/>\n<script type=\"application\/ld+json\" class=\"yoast-schema-graph\">{\"@context\":\"https:\\\/\\\/schema.org\",\"@graph\":[{\"@type\":\"NewsArticle\",\"@id\":\"https:\\\/\\\/cj.estrategia.com\\\/portal\\\/prova-comentada-conhecimentos-gerais-cartorio-am\\\/#article\",\"isPartOf\":{\"@id\":\"https:\\\/\\\/cj.estrategia.com\\\/portal\\\/prova-comentada-conhecimentos-gerais-cartorio-am\\\/\"},\"author\":{\"name\":\"Coordena\u00e7\u00e3o\",\"@id\":\"https:\\\/\\\/cj.estrategia.com\\\/portal\\\/#\\\/schema\\\/person\\\/4d70317d31449932b99102916b6637f5\"},\"headline\":\"Prova comentada Conhecimentos Gerais Cart\u00f3rio AM\",\"datePublished\":\"2023-10-05T01:02:04+00:00\",\"dateModified\":\"2023-10-05T01:02:07+00:00\",\"mainEntityOfPage\":{\"@id\":\"https:\\\/\\\/cj.estrategia.com\\\/portal\\\/prova-comentada-conhecimentos-gerais-cartorio-am\\\/\"},\"wordCount\":1505,\"commentCount\":0,\"publisher\":{\"@id\":\"https:\\\/\\\/cj.estrategia.com\\\/portal\\\/#organization\"},\"image\":{\"@id\":\"https:\\\/\\\/cj.estrategia.com\\\/portal\\\/prova-comentada-conhecimentos-gerais-cartorio-am\\\/#primaryimage\"},\"thumbnailUrl\":\"https:\\\/\\\/cj.estrategia.com\\\/portal\\\/wp-content\\\/uploads\\\/2023\\\/04\\\/20104322\\\/concurso-cartorio-tj-am.jpg\",\"articleSection\":[\"Cart\u00f3rio\"],\"inLanguage\":\"pt-BR\",\"potentialAction\":[{\"@type\":\"CommentAction\",\"name\":\"Comment\",\"target\":[\"https:\\\/\\\/cj.estrategia.com\\\/portal\\\/prova-comentada-conhecimentos-gerais-cartorio-am\\\/#respond\"]}]},{\"@type\":\"WebPage\",\"@id\":\"https:\\\/\\\/cj.estrategia.com\\\/portal\\\/prova-comentada-conhecimentos-gerais-cartorio-am\\\/\",\"url\":\"https:\\\/\\\/cj.estrategia.com\\\/portal\\\/prova-comentada-conhecimentos-gerais-cartorio-am\\\/\",\"name\":\"Prova comentada Conhecimentos Gerais Cart\u00f3rio AM\",\"isPartOf\":{\"@id\":\"https:\\\/\\\/cj.estrategia.com\\\/portal\\\/#website\"},\"primaryImageOfPage\":{\"@id\":\"https:\\\/\\\/cj.estrategia.com\\\/portal\\\/prova-comentada-conhecimentos-gerais-cartorio-am\\\/#primaryimage\"},\"image\":{\"@id\":\"https:\\\/\\\/cj.estrategia.com\\\/portal\\\/prova-comentada-conhecimentos-gerais-cartorio-am\\\/#primaryimage\"},\"thumbnailUrl\":\"https:\\\/\\\/cj.estrategia.com\\\/portal\\\/wp-content\\\/uploads\\\/2023\\\/04\\\/20104322\\\/concurso-cartorio-tj-am.jpg\",\"datePublished\":\"2023-10-05T01:02:04+00:00\",\"dateModified\":\"2023-10-05T01:02:07+00:00\",\"description\":\"Prova comentada Conhecimentos Gerais Cart\u00f3rio AM: confira aqui os coment\u00e1rios dos professores do Estrat\u00e9gia e tire suas d\u00favidas\",\"breadcrumb\":{\"@id\":\"https:\\\/\\\/cj.estrategia.com\\\/portal\\\/prova-comentada-conhecimentos-gerais-cartorio-am\\\/#breadcrumb\"},\"inLanguage\":\"pt-BR\",\"potentialAction\":[{\"@type\":\"ReadAction\",\"target\":[\"https:\\\/\\\/cj.estrategia.com\\\/portal\\\/prova-comentada-conhecimentos-gerais-cartorio-am\\\/\"]}]},{\"@type\":\"ImageObject\",\"inLanguage\":\"pt-BR\",\"@id\":\"https:\\\/\\\/cj.estrategia.com\\\/portal\\\/prova-comentada-conhecimentos-gerais-cartorio-am\\\/#primaryimage\",\"url\":\"https:\\\/\\\/cj.estrategia.com\\\/portal\\\/wp-content\\\/uploads\\\/2023\\\/04\\\/20104322\\\/concurso-cartorio-tj-am.jpg\",\"contentUrl\":\"https:\\\/\\\/cj.estrategia.com\\\/portal\\\/wp-content\\\/uploads\\\/2023\\\/04\\\/20104322\\\/concurso-cartorio-tj-am.jpg\",\"width\":768,\"height\":432,\"caption\":\"Concurso Cart\u00f3rio AM\"},{\"@type\":\"BreadcrumbList\",\"@id\":\"https:\\\/\\\/cj.estrategia.com\\\/portal\\\/prova-comentada-conhecimentos-gerais-cartorio-am\\\/#breadcrumb\",\"itemListElement\":[{\"@type\":\"ListItem\",\"position\":1,\"name\":\"In\u00edcio\",\"item\":\"https:\\\/\\\/cj.estrategia.com\\\/portal\\\/\"},{\"@type\":\"ListItem\",\"position\":2,\"name\":\"Prova comentada Conhecimentos Gerais Cart\u00f3rio AM\"}]},{\"@type\":\"WebSite\",\"@id\":\"https:\\\/\\\/cj.estrategia.com\\\/portal\\\/#website\",\"url\":\"https:\\\/\\\/cj.estrategia.com\\\/portal\\\/\",\"name\":\"Blog - Carreiras Jur\u00eddicas - Estrat\u00e9gia\",\"description\":\"\",\"publisher\":{\"@id\":\"https:\\\/\\\/cj.estrategia.com\\\/portal\\\/#organization\"},\"potentialAction\":[{\"@type\":\"SearchAction\",\"target\":{\"@type\":\"EntryPoint\",\"urlTemplate\":\"https:\\\/\\\/cj.estrategia.com\\\/portal\\\/?s={search_term_string}\"},\"query-input\":{\"@type\":\"PropertyValueSpecification\",\"valueRequired\":true,\"valueName\":\"search_term_string\"}}],\"inLanguage\":\"pt-BR\"},{\"@type\":\"Organization\",\"@id\":\"https:\\\/\\\/cj.estrategia.com\\\/portal\\\/#organization\",\"name\":\"Estrat\u00e9gia - Carreiras Jur\u00eddicas\",\"url\":\"https:\\\/\\\/cj.estrategia.com\\\/portal\\\/\",\"logo\":{\"@type\":\"ImageObject\",\"inLanguage\":\"pt-BR\",\"@id\":\"https:\\\/\\\/cj.estrategia.com\\\/portal\\\/#\\\/schema\\\/logo\\\/image\\\/\",\"url\":\"https:\\\/\\\/cj.estrategia.com\\\/portal\\\/wp-content\\\/uploads\\\/2022\\\/03\\\/11151052\\\/cj-logo.png\",\"contentUrl\":\"https:\\\/\\\/cj.estrategia.com\\\/portal\\\/wp-content\\\/uploads\\\/2022\\\/03\\\/11151052\\\/cj-logo.png\",\"width\":150,\"height\":39,\"caption\":\"Estrat\u00e9gia - Carreiras Jur\u00eddicas\"},\"image\":{\"@id\":\"https:\\\/\\\/cj.estrategia.com\\\/portal\\\/#\\\/schema\\\/logo\\\/image\\\/\"},\"sameAs\":[\"https:\\\/\\\/www.facebook.com\\\/estrategiacarreirajuridica\\\/\",\"https:\\\/\\\/x.com\\\/EstratJuridica\",\"https:\\\/\\\/www.instagram.com\\\/estrategiacarreirajuridica\\\/\",\"https:\\\/\\\/www.youtube.com\\\/channel\\\/UClbMGuYbj2Mh1m3w144ETWQ\"]},{\"@type\":\"Person\",\"@id\":\"https:\\\/\\\/cj.estrategia.com\\\/portal\\\/#\\\/schema\\\/person\\\/4d70317d31449932b99102916b6637f5\",\"name\":\"Coordena\u00e7\u00e3o\",\"image\":{\"@type\":\"ImageObject\",\"inLanguage\":\"pt-BR\",\"@id\":\"https:\\\/\\\/cj.estrategia.com\\\/portal\\\/wp-content\\\/uploads\\\/2022\\\/05\\\/12164923\\\/estrategia-carreira-juridica-coordenacao-96x96.png\",\"url\":\"https:\\\/\\\/cj.estrategia.com\\\/portal\\\/wp-content\\\/uploads\\\/2022\\\/05\\\/12164923\\\/estrategia-carreira-juridica-coordenacao-96x96.png\",\"contentUrl\":\"https:\\\/\\\/cj.estrategia.com\\\/portal\\\/wp-content\\\/uploads\\\/2022\\\/05\\\/12164923\\\/estrategia-carreira-juridica-coordenacao-96x96.png\",\"caption\":\"Coordena\u00e7\u00e3o\"},\"url\":\"https:\\\/\\\/cj.estrategia.com\\\/portal\\\/author\\\/coordenacao\\\/\"}]}<\/script>\n<!-- \/ Yoast SEO Premium plugin. -->","yoast_head_json":{"title":"Prova comentada Conhecimentos Gerais Cart\u00f3rio AM","description":"Prova comentada Conhecimentos Gerais Cart\u00f3rio AM: confira aqui os coment\u00e1rios dos professores do Estrat\u00e9gia e tire suas d\u00favidas","robots":{"index":"index","follow":"follow","max-snippet":"max-snippet:-1","max-image-preview":"max-image-preview:large","max-video-preview":"max-video-preview:-1"},"canonical":"https:\/\/cj.estrategia.com\/portal\/prova-comentada-conhecimentos-gerais-cartorio-am\/","og_locale":"pt_BR","og_type":"article","og_title":"Prova comentada Conhecimentos Gerais Cart\u00f3rio AM","og_description":"Prova comentada Conhecimentos Gerais Cart\u00f3rio AM: confira aqui os coment\u00e1rios dos professores do Estrat\u00e9gia e tire suas d\u00favidas","og_url":"https:\/\/cj.estrategia.com\/portal\/prova-comentada-conhecimentos-gerais-cartorio-am\/","og_site_name":"Blog - Carreiras Jur\u00eddicas - Estrat\u00e9gia","article_publisher":"https:\/\/www.facebook.com\/estrategiacarreirajuridica\/","article_published_time":"2023-10-05T01:02:04+00:00","article_modified_time":"2023-10-05T01:02:07+00:00","og_image":[{"width":768,"height":432,"url":"https:\/\/cj.estrategia.com\/portal\/wp-content\/uploads\/2023\/04\/20104322\/concurso-cartorio-tj-am.jpg","type":"image\/jpeg"}],"author":"Coordena\u00e7\u00e3o","twitter_card":"summary_large_image","twitter_creator":"@EstratJuridica","twitter_site":"@EstratJuridica","twitter_misc":{"Escrito por":"Coordena\u00e7\u00e3o","Est. tempo de leitura":"8 minutos"},"schema":{"@context":"https:\/\/schema.org","@graph":[{"@type":"NewsArticle","@id":"https:\/\/cj.estrategia.com\/portal\/prova-comentada-conhecimentos-gerais-cartorio-am\/#article","isPartOf":{"@id":"https:\/\/cj.estrategia.com\/portal\/prova-comentada-conhecimentos-gerais-cartorio-am\/"},"author":{"name":"Coordena\u00e7\u00e3o","@id":"https:\/\/cj.estrategia.com\/portal\/#\/schema\/person\/4d70317d31449932b99102916b6637f5"},"headline":"Prova comentada Conhecimentos Gerais Cart\u00f3rio AM","datePublished":"2023-10-05T01:02:04+00:00","dateModified":"2023-10-05T01:02:07+00:00","mainEntityOfPage":{"@id":"https:\/\/cj.estrategia.com\/portal\/prova-comentada-conhecimentos-gerais-cartorio-am\/"},"wordCount":1505,"commentCount":0,"publisher":{"@id":"https:\/\/cj.estrategia.com\/portal\/#organization"},"image":{"@id":"https:\/\/cj.estrategia.com\/portal\/prova-comentada-conhecimentos-gerais-cartorio-am\/#primaryimage"},"thumbnailUrl":"https:\/\/cj.estrategia.com\/portal\/wp-content\/uploads\/2023\/04\/20104322\/concurso-cartorio-tj-am.jpg","articleSection":["Cart\u00f3rio"],"inLanguage":"pt-BR","potentialAction":[{"@type":"CommentAction","name":"Comment","target":["https:\/\/cj.estrategia.com\/portal\/prova-comentada-conhecimentos-gerais-cartorio-am\/#respond"]}]},{"@type":"WebPage","@id":"https:\/\/cj.estrategia.com\/portal\/prova-comentada-conhecimentos-gerais-cartorio-am\/","url":"https:\/\/cj.estrategia.com\/portal\/prova-comentada-conhecimentos-gerais-cartorio-am\/","name":"Prova comentada Conhecimentos Gerais Cart\u00f3rio AM","isPartOf":{"@id":"https:\/\/cj.estrategia.com\/portal\/#website"},"primaryImageOfPage":{"@id":"https:\/\/cj.estrategia.com\/portal\/prova-comentada-conhecimentos-gerais-cartorio-am\/#primaryimage"},"image":{"@id":"https:\/\/cj.estrategia.com\/portal\/prova-comentada-conhecimentos-gerais-cartorio-am\/#primaryimage"},"thumbnailUrl":"https:\/\/cj.estrategia.com\/portal\/wp-content\/uploads\/2023\/04\/20104322\/concurso-cartorio-tj-am.jpg","datePublished":"2023-10-05T01:02:04+00:00","dateModified":"2023-10-05T01:02:07+00:00","description":"Prova comentada Conhecimentos Gerais Cart\u00f3rio AM: confira aqui os coment\u00e1rios dos professores do Estrat\u00e9gia e tire suas d\u00favidas","breadcrumb":{"@id":"https:\/\/cj.estrategia.com\/portal\/prova-comentada-conhecimentos-gerais-cartorio-am\/#breadcrumb"},"inLanguage":"pt-BR","potentialAction":[{"@type":"ReadAction","target":["https:\/\/cj.estrategia.com\/portal\/prova-comentada-conhecimentos-gerais-cartorio-am\/"]}]},{"@type":"ImageObject","inLanguage":"pt-BR","@id":"https:\/\/cj.estrategia.com\/portal\/prova-comentada-conhecimentos-gerais-cartorio-am\/#primaryimage","url":"https:\/\/cj.estrategia.com\/portal\/wp-content\/uploads\/2023\/04\/20104322\/concurso-cartorio-tj-am.jpg","contentUrl":"https:\/\/cj.estrategia.com\/portal\/wp-content\/uploads\/2023\/04\/20104322\/concurso-cartorio-tj-am.jpg","width":768,"height":432,"caption":"Concurso Cart\u00f3rio AM"},{"@type":"BreadcrumbList","@id":"https:\/\/cj.estrategia.com\/portal\/prova-comentada-conhecimentos-gerais-cartorio-am\/#breadcrumb","itemListElement":[{"@type":"ListItem","position":1,"name":"In\u00edcio","item":"https:\/\/cj.estrategia.com\/portal\/"},{"@type":"ListItem","position":2,"name":"Prova comentada Conhecimentos Gerais Cart\u00f3rio AM"}]},{"@type":"WebSite","@id":"https:\/\/cj.estrategia.com\/portal\/#website","url":"https:\/\/cj.estrategia.com\/portal\/","name":"Blog - Carreiras Jur\u00eddicas - Estrat\u00e9gia","description":"","publisher":{"@id":"https:\/\/cj.estrategia.com\/portal\/#organization"},"potentialAction":[{"@type":"SearchAction","target":{"@type":"EntryPoint","urlTemplate":"https:\/\/cj.estrategia.com\/portal\/?s={search_term_string}"},"query-input":{"@type":"PropertyValueSpecification","valueRequired":true,"valueName":"search_term_string"}}],"inLanguage":"pt-BR"},{"@type":"Organization","@id":"https:\/\/cj.estrategia.com\/portal\/#organization","name":"Estrat\u00e9gia - Carreiras Jur\u00eddicas","url":"https:\/\/cj.estrategia.com\/portal\/","logo":{"@type":"ImageObject","inLanguage":"pt-BR","@id":"https:\/\/cj.estrategia.com\/portal\/#\/schema\/logo\/image\/","url":"https:\/\/cj.estrategia.com\/portal\/wp-content\/uploads\/2022\/03\/11151052\/cj-logo.png","contentUrl":"https:\/\/cj.estrategia.com\/portal\/wp-content\/uploads\/2022\/03\/11151052\/cj-logo.png","width":150,"height":39,"caption":"Estrat\u00e9gia - Carreiras Jur\u00eddicas"},"image":{"@id":"https:\/\/cj.estrategia.com\/portal\/#\/schema\/logo\/image\/"},"sameAs":["https:\/\/www.facebook.com\/estrategiacarreirajuridica\/","https:\/\/x.com\/EstratJuridica","https:\/\/www.instagram.com\/estrategiacarreirajuridica\/","https:\/\/www.youtube.com\/channel\/UClbMGuYbj2Mh1m3w144ETWQ"]},{"@type":"Person","@id":"https:\/\/cj.estrategia.com\/portal\/#\/schema\/person\/4d70317d31449932b99102916b6637f5","name":"Coordena\u00e7\u00e3o","image":{"@type":"ImageObject","inLanguage":"pt-BR","@id":"https:\/\/cj.estrategia.com\/portal\/wp-content\/uploads\/2022\/05\/12164923\/estrategia-carreira-juridica-coordenacao-96x96.png","url":"https:\/\/cj.estrategia.com\/portal\/wp-content\/uploads\/2022\/05\/12164923\/estrategia-carreira-juridica-coordenacao-96x96.png","contentUrl":"https:\/\/cj.estrategia.com\/portal\/wp-content\/uploads\/2022\/05\/12164923\/estrategia-carreira-juridica-coordenacao-96x96.png","caption":"Coordena\u00e7\u00e3o"},"url":"https:\/\/cj.estrategia.com\/portal\/author\/coordenacao\/"}]}},"jetpack_featured_media_url":"https:\/\/cj.estrategia.com\/portal\/wp-content\/uploads\/2023\/04\/20104322\/concurso-cartorio-tj-am.jpg","jetpack_sharing_enabled":true,"_links":{"self":[{"href":"https:\/\/cj.estrategia.com\/portal\/wp-json\/wp\/v2\/posts\/47216","targetHints":{"allow":["GET"]}}],"collection":[{"href":"https:\/\/cj.estrategia.com\/portal\/wp-json\/wp\/v2\/posts"}],"about":[{"href":"https:\/\/cj.estrategia.com\/portal\/wp-json\/wp\/v2\/types\/post"}],"author":[{"embeddable":true,"href":"https:\/\/cj.estrategia.com\/portal\/wp-json\/wp\/v2\/users\/12"}],"replies":[{"embeddable":true,"href":"https:\/\/cj.estrategia.com\/portal\/wp-json\/wp\/v2\/comments?post=47216"}],"version-history":[{"count":0,"href":"https:\/\/cj.estrategia.com\/portal\/wp-json\/wp\/v2\/posts\/47216\/revisions"}],"wp:featuredmedia":[{"embeddable":true,"href":"https:\/\/cj.estrategia.com\/portal\/wp-json\/wp\/v2\/media\/34252"}],"wp:attachment":[{"href":"https:\/\/cj.estrategia.com\/portal\/wp-json\/wp\/v2\/media?parent=47216"}],"wp:term":[{"taxonomy":"category","embeddable":true,"href":"https:\/\/cj.estrategia.com\/portal\/wp-json\/wp\/v2\/categories?post=47216"},{"taxonomy":"post_tag","embeddable":true,"href":"https:\/\/cj.estrategia.com\/portal\/wp-json\/wp\/v2\/tags?post=47216"},{"taxonomy":"tax_estado","embeddable":true,"href":"https:\/\/cj.estrategia.com\/portal\/wp-json\/wp\/v2\/tax_estado?post=47216"}],"curies":[{"name":"wp","href":"https:\/\/api.w.org\/{rel}","templated":true}]}}