{"id":47193,"date":"2023-10-04T21:22:27","date_gmt":"2023-10-05T00:22:27","guid":{"rendered":"https:\/\/cj.estrategia.com\/portal\/?p=47193"},"modified":"2023-10-04T22:08:33","modified_gmt":"2023-10-05T01:08:33","slug":"prova-comentada-tabelionato-de-notas-cartorio-am","status":"publish","type":"post","link":"https:\/\/cj.estrategia.com\/portal\/prova-comentada-tabelionato-de-notas-cartorio-am\/","title":{"rendered":"Prova comentada Tabelionato de Notas Cart\u00f3rio AM"},"content":{"rendered":"\n<p>Ol\u00e1, pessoal, tudo certo?!<\/p>\n\n\n\n<p>Em 01\/10\/2023, foi aplicada a prova objetiva do concurso p\u00fablico para Provimento em <strong>Cart\u00f3rios do TJ-AM<\/strong>. Assim que disponibilizados o caderno de provas e gabarito pela banca, nosso time de professores analisou todas as quest\u00f5es, que, agora, ser\u00e3o apresentadas na nossa <strong>PROVA COMENTADA<\/strong>.<\/p>\n\n\n\n<p>Este material visa a auxili\u00e1-los na aferi\u00e7\u00e3o das notas, elabora\u00e7\u00e3o de eventuais recursos, verifica\u00e7\u00e3o das chances de avan\u00e7o para fase discursiva, bem como na revis\u00e3o do conte\u00fado cobrado no certame.<\/p>\n\n\n\n<p>Desde j\u00e1, destacamos que nosso time de professores identificou 2 quest\u00f5es pass\u00edveis de recurso, por apresentarem mais de uma ou nenhuma alternativa correta, como veremos adiante. No tipo de prova comentado, trata-se das quest\u00f5es 87 e 91.<\/p>\n\n\n\n<p>De modo complementar, elaboramos tamb\u00e9m o<a href=\"https:\/\/cj.estrategia.com\/cadernos-e-simulados\/simulados\/ca3f0e5b-b26d-4ccb-8b72-685ba343c896\"> <strong>RANKING de Cart\u00f3rios do TJ-AM<\/strong><\/a>, em que nossos alunos e seguidores poder\u00e3o inserir suas respostas \u00e0 prova, e, ao final, aferir sua nota, de acordo com o gabarito elaborado por nossos professores. Atrav\u00e9s do ranking, tamb\u00e9m poderemos estimar a nota de corte da 1\u00ba fase. Essa ferramenta \u00e9 gratuita e, para participar, basta clicar no link abaixo:<\/p>\n\n\n\n<p>Al\u00e9m disso, montamos um caderno para nossos seguidores, alunos ou n\u00e3o, verem os coment\u00e1rios e comentar as quest\u00f5es da prova: <a href=\"https:\/\/cj.estrategia.com\/cadernos-e-simulados\/cadernos\/3d20d051-28bb-4df3-bf3a-75b2384ee32f\">VEJA AQUI!<\/a><\/p>\n\n\n\n<p>Por fim, acompanhe todas as novidades sobre essa e outras provas da carreira no nosso <a href=\"https:\/\/www.youtube.com\/@EstrategiaCarreiraJuridica\">Canal do Youtube. <\/a>Inscreva-se e ative as notifica\u00e7\u00f5es!<\/p>\n\n\n\n<p>Clique no link abaixo e veja <strong>todas<\/strong> as provas comentadas:<\/p>\n\n\n\n<p class=\"has-text-align-center has-luminous-vivid-amber-to-luminous-vivid-orange-gradient-background has-background\"><a href=\"https:\/\/cj.estrategia.com\/portal\/provas-comentadas-concurso-cartorio-am\/\">Provas comentadas Concurso Cart\u00f3rio AM.<\/a><\/p>\n\n\n\n<h2 class=\"wp-block-heading has-vivid-red-color has-text-color\" id=\"h-prova-comentada-tabelionato-de-notas\"><span id=\"prova-comentada-tabelionato-de-notas\">Prova comentada Tabelionato de Notas<\/span><\/h2>\n\n\n\n<p><strong>QUEST\u00c3O 12. A Constitui\u00e7\u00e3o Federal brasileira considera a propriedade privada como um direito fundamental e tamb\u00e9m como um princ\u00edpio de desenvolvimento econ\u00f4mico do pa\u00eds (Arts. 5\u00ba e 170) e visando a sua concretiza\u00e7\u00e3o, surgem como uma importante ferramenta&nbsp; os servi\u00e7os notariais e registrais, que nos \u00faltimos anos t\u00eam sofrido uma grande moderniza\u00e7\u00e3o. Ent\u00e3o, tendo em&nbsp; mente as normas do CNJ que norteia a moderniza\u00e7\u00e3o dos servi\u00e7os notariais e de registro, podemos considerar como INCORRETA a seguinte afirma\u00e7\u00e3o:<\/strong><\/p>\n\n\n\n<p><strong>a) Ato notarial eletr\u00f4nico \u00e9 conjunto de metadados, grava\u00e7\u00f5es de declara\u00e7\u00f5es de anu\u00eancia das partes por videoconfer\u00eancia notarial e documento eletr\u00f4nico, correspondentes a um ato notarial.<\/strong><\/p>\n\n\n\n<p><strong>b) A Certid\u00e3o Digital n\u00e3o tem a mesma f\u00e9 p\u00fablica e validade jur\u00eddica da certid\u00e3o tradicional em papel e n\u00e3o pode ser utilizada para fazer prova em Ju\u00edzo ou fora dele, nem pode ser utilizada para lavratura de escrituras p\u00fablicas, contratos de financiamento imobili\u00e1rio e quaisquer outros documentos p\u00fablicos e&nbsp; particulares em geral, servindo apenas para simples confer\u00eancia.<\/strong><\/p>\n\n\n\n<p><strong>c) Documento eletr\u00f4nico \u00e9 qualquer arquivo em formato&nbsp; digital que ofere\u00e7a prova ou informa\u00e7\u00e3o sobre um ato, &nbsp; fato ou neg\u00f3cio, emitido na forma que lhe for pr\u00f3pria, inclusive aquele cuja autoria seja verific\u00e1vel pela internet.<\/strong><\/p>\n\n\n\n<p><strong>d) Videoconfer\u00eancia notarial \u00e9 o ato realizado pelo not\u00e1rio para verifica\u00e7\u00e3o da livre manifesta\u00e7\u00e3o da vontade das partes em rela\u00e7\u00e3o ao ato notarial lavrado eletronicamente<\/strong><\/p>\n\n\n\n<p><strong>Coment\u00e1rios<\/strong><\/p>\n\n\n\n<p>A alternativa correta \u00e9 a <strong>letra B<\/strong>.<\/p>\n\n\n\n<p>A quest\u00e3o trata sobre Certid\u00e3o Digital expedida dos atos notariais e registrais praticados.&nbsp;&nbsp;<\/p>\n\n\n\n<p>A alternativa A est\u00e1 incorreta, conforme o fundamento exposto na alternativa B.<\/p>\n\n\n\n<p>A alternativa C est\u00e1 incorreta, conforme o fundamento exposto na alternativa B.<\/p>\n\n\n\n<p>A alternativa D&nbsp;est\u00e1 incorreta, conforme o fundamento exposto na alternativa B.<\/p>\n\n\n\n<p>A alternativa correta a ser assinalada \u00e9 a letra B, pois, a Certid\u00e3o Digital ter\u00e1 a mesma f\u00e9 p\u00fablica e validade de uma certid\u00e3o emitida em meio f\u00edsico, os servi\u00e7os notarias e de registro, acompanhando a evolu\u00e7\u00e3o tecnol\u00f3gica, criaram centrais de compartilhamento de dados e passaram a emitir certid\u00f5es digitais, a exemplo do SAEC afeto aos Registros de Im\u00f3veis, o qual na sua p\u00e1gina inicial informa que:&nbsp;<\/p>\n\n\n\n<p>&#8220;A certid\u00e3o digital \u00e9 o documento expedido pelo Oficial de Registro de Im\u00f3veis ou por seu preposto, com f\u00e9 p\u00fablica, no meio eletr\u00f4nico. S\u00e3o arquivos assinados digitalmente com certificado digital &#8211; ICP\/BR. Assim como as certid\u00f5es f\u00edsicas, possuem validade por 30 dias para a pr\u00e1tica de atos notariais. fonte: https:\/\/registradores.onr.org.br\/CertidaoDigital\/frmPedidosCertidao.aspx?from=menu&amp;digital=1&#8221;<\/p>\n\n\n\n<p>As demais atribui\u00e7\u00f5es Notariais e de Registro, da mesma forma que no Registro de Im\u00f3veis, mant\u00eam as suas respectivas centrais sindicais, seguinte: CRC &#8211; Registro Civil das Pessoas Naturais; Cenprot &#8211; Protesto de T\u00edtulos e CentralRTDPJ &#8211; Registro de T\u00edtulos e Documentos e Registro Civil das Pessoas Jur\u00eddicas<\/p>\n\n\n\n<p>A alternativa A apresenta a defini\u00e7\u00e3o de Ato notarial eletr\u00f4nico informado no provimento n\u00ba 149 do Conselho Nacional de Justi\u00e7a, o qual transcrevo: Art. 285. Para fins desta Se\u00e7\u00e3o, considera-se: (&#8230;)VI \u2014 ato notarial eletr\u00f4nico: conjunto de metadados, grava\u00e7\u00f5es de declara\u00e7\u00f5es de anu\u00eancia das partes por videoconfer\u00eancia notarial e documento eletr\u00f4nico, correspondentes a um ato notarial;<\/p>\n\n\n\n<p>A alternativa C apresenta a defini\u00e7\u00e3o de documento eletr\u00f4nico informado no provimento n\u00ba 149 do Conselho Nacional de Justi\u00e7a, o qual transcrevo: Art. 285. Para fins desta Se\u00e7\u00e3o, considera-se: (&#8230;) X \u2014 documento eletr\u00f4nico: qualquer arquivo em formato digital que ofere\u00e7a prova ou informa\u00e7\u00e3o sobre um ato, fato ou neg\u00f3cio, emitido na forma que lhe for pr\u00f3pria, inclusive aquele cuja autoria seja verific\u00e1vel pela internet.<\/p>\n\n\n\n<p>A alternativa D defini\u00e7\u00e3o de videoconfer\u00eancia informado no provimento n\u00ba 149 do Conselho Nacional de Justi\u00e7a, o qual transcrevo: Art. 285. Para fins desta Se\u00e7\u00e3o, considera-se: (&#8230;) &nbsp; V \u2014 videoconfer\u00eancia notarial: ato realizado pelo not\u00e1rio para verifica\u00e7\u00e3o da livre manifesta\u00e7\u00e3o da vontade das partes em rela\u00e7\u00e3o ao ato notarial lavrado eletronicamente;<\/p>\n\n\n\n<p><strong>&nbsp;QUEST\u00c3O 13.&nbsp; Sem colocar em risco a seguran\u00e7a jur\u00eddica, o ato notarial&nbsp; eletr\u00f4nico \u00e9 a materializa\u00e7\u00e3o da modernidade na atividade do tabelionato de notas, acompanhando a evolu\u00e7\u00e3o da tecnologia, inform\u00e1tica e a velocidade dos neg\u00f3cios jur\u00eddicos, colaborando para o desenvolvimento econ\u00f4mico do pa\u00eds. Sobre esta inova\u00e7\u00e3o e moderniza\u00e7\u00e3o dos servi\u00e7os notariais, que minimiza o custo das transa\u00e7\u00f5es e acelera o tempo de formaliza\u00e7\u00e3o,&nbsp; \u00e9 INCORRETO afirmar:<\/strong><\/p>\n\n\n\n<p><strong>a) A realiza\u00e7\u00e3o de videoconfer\u00eancia notarial para capta\u00e7\u00e3o do consentimento das partes sobre os termos do ato jur\u00eddico n\u00e3o \u00e9 requisito da pr\u00e1tica do ato notarial eletr\u00f4nico, podendo ser dispensada a &nbsp; crit\u00e9rio do tabeli\u00e3o de notas respons\u00e1vel pelo ato.<\/strong><\/p>\n\n\n\n<p><strong>b) A grava\u00e7\u00e3o da videoconfer\u00eancia notarial dever\u00e1 conter, no m\u00ednimo: a identifica\u00e7\u00e3o, a demonstra\u00e7\u00e3o da capacidade e a livre manifesta\u00e7\u00e3o das partes&nbsp; atestadas pelo tabeli\u00e3o de notas; o consentimento das partes e a concord\u00e2ncia com a escritura p\u00fablica; &nbsp; o objeto e o pre\u00e7o do neg\u00f3cio pactuado; a declara\u00e7\u00e3o&nbsp; da data e hor\u00e1rio da pr\u00e1tica do ato notarial; e a&nbsp; declara\u00e7\u00e3o acerca da indica\u00e7\u00e3o do livro, da p\u00e1gina e&nbsp; do tabelionato onde ser\u00e1 lavrado o ato notarial.<\/strong><\/p>\n\n\n\n<p><strong>c) O e-Notariado deve oferecer acesso aos dados e \u00e0s informa\u00e7\u00f5es constantes de sua base de dados para o&nbsp; &nbsp; &nbsp; ju\u00edzo competente respons\u00e1vel pela fiscaliza\u00e7\u00e3o da atividade extrajudicial, para as Corregedorias dos Estados e do Distrito Federal e para a Corregedoria Nacional de Justi\u00e7a.<\/strong><\/p>\n\n\n\n<p><strong>d) A assinatura digital pelas partes, exclusivamente atrav\u00e9s do e-Notariado e a assinatura do Tabeli\u00e3o de &nbsp; Notas com a utiliza\u00e7\u00e3o de certificado digital ICP- Brasil, s\u00e3o alguns dos requisitos da pr\u00e1tica do ato notarial eletr\u00f4nico.<\/strong><\/p>\n\n\n\n<p><strong>Coment\u00e1rios<\/strong><\/p>\n\n\n\n<p>A alternativa correta \u00e9 a <strong>letra A<\/strong>.<\/p>\n\n\n\n<p>A quest\u00e3o trata sobre a videoconfer\u00eancia para capta\u00e7\u00e3o da manifesta\u00e7\u00e3o da vontade.<\/p>\n\n\n\n<p>A alternativa B est\u00e1 incorreta, conforme o fundamento exposto na alternativa A.<\/p>\n\n\n\n<p>A alternativa C est\u00e1 incorreta, conforme o fundamento exposto na alternativa A.<\/p>\n\n\n\n<p>A alternativa D&nbsp;est\u00e1 incorreta, conforme o fundamento exposto na alternativa A.<\/p>\n\n\n\n<p>A alternativa correta a ser assinalada \u00e9 a letra A, a realiza\u00e7\u00e3o da videoconfer\u00eancia notarial para&nbsp; apta\u00e7\u00e3o do consentimento das partes sobre os termos do ato jur\u00eddico \u00e9 requisito da pr\u00e1tica do ato notarial eletr\u00f4nico, conforme previsto no provimento n\u00ba 149 do Conselho Nacional de Justi\u00e7a &#8211; CNJ, cujo artigo \u00e9 a seguir descrito: &#8220;Art. 292 (&#8230;)\u00a7 3.\u00ba Para a assinatura de atos notariais eletr\u00f4nicos <em>\u00e9 imprescind\u00edvel a realiza\u00e7\u00e3o de videoconfer\u00eancia notarial<\/em> para capta\u00e7\u00e3o do consentimento das partes sobre os termos do ato jur\u00eddico, a concord\u00e2ncia com o ato notarial, a utiliza\u00e7\u00e3o da assinatura digital e a assinatura do tabeli\u00e3o de notas com o uso de certificado digital, segundo a Infraestrutura de Chaves P\u00fablicas Brasileira (ICP).&#8221;<\/p>\n\n\n\n<p>O conte\u00fado das alternativas B, C e D s\u00e3o transcri\u00e7\u00f5es de artigos do Provimento n\u00ba 149 do Conselho Nacional de Justi\u00e7a.<\/p>\n\n\n\n<p><strong>QUEST\u00c3O 14.&nbsp; O Conselho Nacional de Justi\u00e7a &#8211; CNJ edita provimentos e outros atos normativos destinados ao aperfei\u00e7oamento das atividades dos servi\u00e7os extrajudiciais, dentre eles, existe a regulamenta\u00e7\u00e3o da possibilidade da realiza\u00e7\u00e3o de atos notarias em meio eletr\u00f4nico. Ent\u00e3o, tendo em vista o dever previsto no Art. 30 da Lei n\u00ba 8.935\/94, que obriga os titulares dos servi\u00e7os extrajudiciais a cumprir as normas t\u00e9cnicas estabelecidas pelo Poder Judici\u00e1rio,&nbsp; leia as afirma\u00e7\u00f5es e assinale a INCORRETA:<\/strong><\/p>\n\n\n\n<p><strong>a) Os servi\u00e7os notariais s\u00e3o delega\u00e7\u00f5es do poder p\u00fablico, remunerados por meio dos emolumentos que&nbsp; custeiam o funcionamento da atividade. Por tal raz\u00e3o,&nbsp; n\u00e3o existe a possibilidade de fornecimento gratuito aos clientes do servi\u00e7o notarial certificado digital notarizado, para uso na plataforma e-Notariado e demais plataformas autorizadas pelo Col\u00e9gio Notarial&nbsp; Brasil-CF, nem mesmo por tempo determinado.<\/strong><\/p>\n\n\n\n<p><strong>b) Dever\u00e1 ser consignado em todo ato notarial eletr\u00f4nico&nbsp; de reconhecimento de firma por autenticidade que a assinatura foi aposta no documento, perante o tabeli\u00e3o, seu substituto ou escrevente, em procedimento de videoconfer\u00eancia.<\/strong><\/p>\n\n\n\n<p><strong>c) Os atos notariais eletr\u00f4nicos, cuja autenticidade seja conferida pela internet por meio do e-Notariado, constituem instrumentos p\u00fablicos para todos os efeitos legais e s\u00e3o eficazes para os registros p\u00fablicos, institui\u00e7\u00f5es financeiras, juntas comerciais, Detrans e para a produ\u00e7\u00e3o de efeitos jur\u00eddicos perante a administra\u00e7\u00e3o p\u00fablica e entre particulares.<\/strong><\/p>\n\n\n\n<p><strong>d) Os atos notariais eletr\u00f4nicos reputam-se aut\u00eanticos e detentores de f\u00e9 p\u00fablica, como previsto na legisla\u00e7\u00e3o processual.<\/strong><\/p>\n\n\n\n<p><strong>Coment\u00e1rios<\/strong><\/p>\n\n\n\n<p>A alternativa correta \u00e9 a <strong>letra A<\/strong>.<\/p>\n\n\n\n<p>A quest\u00e3o trata sobre a qualifica\u00e7\u00e3o do t\u00edtulo apresentado para registro.<\/p>\n\n\n\n<p>A alternativa B est\u00e1 incorreta, conforme o fundamento exposto na alternativa A.<\/p>\n\n\n\n<p>A alternativa C est\u00e1 incorreta, conforme o fundamento exposto na alternativa A.<\/p>\n\n\n\n<p>A alternativa D&nbsp;est\u00e1 incorreta, conforme o fundamento exposto na alternativa A.<\/p>\n\n\n\n<p>A alternativa correta a ser assinalada \u00e9 a letra A, pois do contr\u00e1rio do que foi afirmado, os servi\u00e7os notariais fornecem gratuitamente a assinatura notarizada, com previs\u00e3o contida no provimento 149 do Conselho Nacional de Justi\u00e7a, com o respectivo dispositivo transcrito a seguir: &#8220;Artigo 292 (&#8230;) \u00a7 4.\u00ba O not\u00e1rio fornecer\u00e1, gratuitamente, aos clientes do servi\u00e7o notarial certificado digital notarizado, para uso exclusivo e por tempo determinado, na plataforma e-Notariado e nas demais plataformas autorizadas pelo Col\u00e9gio Notarial Brasil-CF.&#8221;<\/p>\n\n\n\n<p>O conte\u00fado das alternativas B, C e D s\u00e3o transcri\u00e7\u00f5es de artigos do Provimento n\u00ba 149 do Conselho Nacional de Justi\u00e7a.<\/p>\n\n\n\n<p><strong>QUEST\u00c3O 27.&nbsp; Em rela\u00e7\u00e3o \u00e0 separa\u00e7\u00e3o consensual e ao div\u00f3rcio consensual realizado em serventias, assinale a alternativa INCORRETA:<\/strong><\/p>\n\n\n\n<p><strong>a) As escrituras de separa\u00e7\u00e3o consensual e div\u00f3rcio consensual, e demais atos notariais, ser\u00e3o gratuitos \u00e0queles que se declararem pobres sob as penas da lei.<\/strong><\/p>\n\n\n\n<p><strong>b) A separa\u00e7\u00e3o consensual e o div\u00f3rcio consensual, n\u00e3o havendo filhos menores ou incapazes do casal e observados os requisitos legais quanto aos prazos, poder\u00e3o ser realizados por escritura p\u00fablica, da qual constar\u00e3o as disposi\u00e7\u00f5es relativas \u00e0 descri\u00e7\u00e3o e \u00e0 partilha dos bens comuns e \u00e0 pens\u00e3o aliment\u00edcia e, ainda, ao acordo quanto \u00e0 retomada pelo c\u00f4njuge de seu nome de solteiro ou \u00e0 manuten\u00e7\u00e3o do nome adotado quando se deu o casamento.<\/strong><\/p>\n\n\n\n<p><strong>c) A escritura de separa\u00e7\u00e3o consensual e de div\u00f3rcio consensual depende de homologa\u00e7\u00e3o judicial e constitui t\u00edtulo h\u00e1bil para o registro civil e o registro de im\u00f3veis.<\/strong><\/p>\n\n\n\n<p><strong>d)&nbsp; O tabeli\u00e3o somente lavrar\u00e1 a escritura de separa\u00e7\u00e3o consensual e div\u00f3rcio consensual se os contratantes estiverem assistidos por advogado comum ou advogados de cada um deles, cuja qualifica\u00e7\u00e3o e assinatura constar\u00e3o do ato notarial.<\/strong><\/p>\n\n\n\n<p><strong>Coment\u00e1rios<\/strong><\/p>\n\n\n\n<p>A alternativa correta \u00e9 a <strong>letra C<\/strong>.<\/p>\n\n\n\n<p>A quest\u00e3o trata sobre a desnecessidade de homologa\u00e7\u00e3o judicial nas escrituras de div\u00f3rcio e separa\u00e7\u00e3o.<\/p>\n\n\n\n<p>A alternativa A est\u00e1 incorreta, conforme o fundamento exposto na alternativa C.<\/p>\n\n\n\n<p>A alternativa B est\u00e1 incorreta, conforme o fundamento exposto na alternativa C.<\/p>\n\n\n\n<p>A alternativa D&nbsp;est\u00e1 incorreta, conforme o fundamento exposto na alternativa C.<\/p>\n\n\n\n<p>A alternativa correta a ser assinalada \u00e9 a letra C, a referida quest\u00e3o exige que o candidato assinale a alternativa que n\u00e3o coincide com a legisla\u00e7\u00e3o Notarial e Registral, o erro da alternativa foi afirmar que \u00e9 necess\u00e1rio a homologa\u00e7\u00e3o judicial, pois, a mesma n\u00e3o \u00e9 necess\u00e1rio conforme disposi\u00e7\u00e3o contida no artigo 3\u00ba da Resolu\u00e7\u00e3o N\u00ba 35 de 24\/04\/2007, o qual transcrevo a seguir: &#8220;Art. 3\u00ba As escrituras p\u00fablicas de invent\u00e1rio e partilha, separa\u00e7\u00e3o e div\u00f3rcio consensuais n\u00e3o dependem de homologa\u00e7\u00e3o judicial e s\u00e3o t\u00edtulos h\u00e1beis para o registro civil e o registro imobili\u00e1rio, para a transfer\u00eancia de bens e direitos, bem como para promo\u00e7\u00e3o de todos os atos necess\u00e1rios \u00e0 materializa\u00e7\u00e3o das transfer\u00eancias de bens e levantamento de valores (DETRAN, Junta Comercial, Registro Civil de Pessoas Jur\u00eddicas, institui\u00e7\u00f5es financeiras, companhias telef\u00f4nicas, etc.).&#8221;<\/p>\n\n\n\n<p>A alternativa A est\u00e1 de acordo com o disposto conforme previsto no inciso IX, do \u00a71\u00ba do Artigo 98 do C\u00f3digo de Processo Civil Brasileiro, o qual transcrevo: &#8220;Art. 98. A pessoa natural ou jur\u00eddica, brasileira ou estrangeira, com insufici\u00eancia de recursos para pagar as custas, as despesas processuais e os honor\u00e1rios advocat\u00edcios tem direito \u00e0 gratuidade da justi\u00e7a, na forma da lei. \u00a7 1\u00ba A gratuidade da justi\u00e7a compreende: (&#8230;) IX &#8211; os emolumentos devidos a not\u00e1rios ou registradores em decorr\u00eancia da pr\u00e1tica de registro, averba\u00e7\u00e3o ou qualquer outro ato notarial necess\u00e1rio \u00e0 efetiva\u00e7\u00e3o de decis\u00e3o judicial ou \u00e0 continuidade de processo judicial no qual o benef\u00edcio tenha sido concedido.&#8221;, bem como, o disposto na Resolu\u00e7\u00e3o n\u00ba 35 do Conselho Nacional de Justi\u00e7a: &#8220;Art. 6\u00ba A gratuidade prevista na norma adjetiva compreende as escrituras de invent\u00e1rio, partilha, separa\u00e7\u00e3o e div\u00f3rcio consensuais.\u201d<\/p>\n\n\n\n<p>A alternativa B est\u00e1 em conson\u00e2ncia no disposto na Resolu\u00e7\u00e3o 35 do Conselho Nacional de Justi\u00e7a.<\/p>\n\n\n\n<p>A alternativa D est\u00e1 em conson\u00e2ncia no disposto na Resolu\u00e7\u00e3o 35 do Conselho Nacional de Justi\u00e7a.<\/p>\n\n\n\n<p><strong>QUEST\u00c3O 38.&nbsp; Assinale a alternativa que apresenta uma atribui\u00e7\u00e3o exclusiva do tabeli\u00e3o de notas:<\/strong><\/p>\n\n\n\n<p><strong>a) Lavrar os atos, contratos e instrumentos relativos a transa\u00e7\u00f5es de embarca\u00e7\u00f5es a que as partes devam ou queiram dar forma legal de escritura p\u00fablica.<\/strong><\/p>\n\n\n\n<p><strong>b) Lavrar testamentos p\u00fablicos e aprovar os cerrados.<\/strong><\/p>\n\n\n\n<p><strong>c) Expedir certid\u00f5es negativas de d\u00e9bito junto a fazenda p\u00fablica.<\/strong><\/p>\n\n\n\n<p><strong>d) Receber o pagamento dos t\u00edtulos protocolizados, dando quita\u00e7\u00e3o<\/strong><\/p>\n\n\n\n<p><strong>Coment\u00e1rios<\/strong><\/p>\n\n\n\n<p>A alternativa correta \u00e9 a <strong>letra B<\/strong>.<\/p>\n\n\n\n<p>A quest\u00e3o trata sobre as atribui\u00e7\u00f5es exclusivas de Tabeli\u00e3es de Notas.<\/p>\n\n\n\n<p>A alternativa A est\u00e1 incorreta, conforme o fundamento exposto na alternativa B.<\/p>\n\n\n\n<p>A alternativa C est\u00e1 incorreta, conforme o fundamento exposto na alternativa B.<\/p>\n\n\n\n<p>A alternativa D&nbsp;est\u00e1 incorreta, conforme o fundamento exposto na alternativa B.<\/p>\n\n\n\n<p>A alternativa correta a ser assinalada \u00e9 a letra B,&nbsp; sua reda\u00e7\u00e3o est\u00e1 em conformidade com o previsto no inciso II do Artigo 7\u00ba da Lei Lei n\u00ba 8.935 de 18\/11\/1994 (Lei dos Cart\u00f3rios), o qual transcrevo:&nbsp; &#8220;Art. 7\u00ba Aos tabeli\u00e3es de notas compete com exclusividade: (&#8230;) II &#8211; lavrar testamentos p\u00fablicos e aprovar os cerrados;&#8221;<\/p>\n\n\n\n<p>As alternativas A, C e D, est\u00e3o erradas por n\u00e3o coincidirem com o disposto no Artigo7\u00ba da Lei 8.935\/1997 que lista as compet\u00eancias exclusivas dos Tabeli\u00e3es de Notas, que transcrevo a seguir:&nbsp; &#8220;Art. 7\u00ba Aos tabeli\u00e3es de notas compete com exclusividade: I &#8211; lavrar escrituras e procura\u00e7\u00f5es, p\u00fablicas; II &#8211; lavrar testamentos p\u00fablicos e aprovar os cerrados; III &#8211; lavrar atas notariais; IV &#8211; reconhecer firmas; V &#8211; autenticar c\u00f3pias.\u201d<\/p>\n\n\n\n<p><strong>QUEST\u00c3O 40.&nbsp; Em um usucapi\u00e3o realizado junto a serventia dever\u00e1 ser lavrado, por tabeli\u00e3o de notas, o seguinte documento que ir\u00e1 instruir o processo:<\/strong><\/p>\n\n\n\n<p><strong>a) Ata notarial.<\/strong><\/p>\n\n\n\n<p><strong>b) Certid\u00e3o de regularidade do im\u00f3vel.<\/strong><\/p>\n\n\n\n<p><strong>c) Testamento.<\/strong><\/p>\n\n\n\n<p><strong>d) Escritura p\u00fablica.<\/strong><\/p>\n\n\n\n<p><strong>Coment\u00e1rios<\/strong><\/p>\n\n\n\n<p>A alternativa correta \u00e9 a <strong>letra A<\/strong>.<\/p>\n\n\n\n<p>A quest\u00e3o trata sobre a necessidade da Ata Notarial para instruir o procedimento de Usucapi\u00e3o Extrajudicial.<\/p>\n\n\n\n<p>A alternativa B est\u00e1 incorreta, conforme o fundamento exposto na alternativa A.<\/p>\n\n\n\n<p>A alternativa C est\u00e1 incorreta, conforme o fundamento exposto na alternativa A.<\/p>\n\n\n\n<p>A alternativa D&nbsp;est\u00e1 incorreta, conforme o fundamento exposto na alternativa A.<\/p>\n\n\n\n<p>A alternativa correta a ser assinalada \u00e9 a letra A, \u00e9 um dos requisitos necess\u00e1rios para realiza\u00e7\u00e3o o Usucapi\u00e3o Extrajudicial, conforme previsto no artigo 216-A, da Lei 6015&nbsp; (Lei dos Registros P\u00fablicos), o qual transcrevo juntamente com os demais requisitos: &#8220;Art. 216-A.&nbsp; Sem preju\u00edzo da via jurisdicional, \u00e9 admitido o pedido de reconhecimento extrajudicial de usucapi\u00e3o, que ser\u00e1 processado diretamente perante o cart\u00f3rio do registro de im\u00f3veis da comarca em que estiver situado o im\u00f3vel usucapiendo, a requerimento do interessado, representado por advogado, instru\u00eddo com: I &#8211; ata notarial lavrada pelo tabeli\u00e3o, atestando o tempo de posse do requerente e de seus antecessores, conforme o caso e suas circunst\u00e2ncias, aplicando-se o disposto no art. 384 da Lei no 13.105, de 16 de mar\u00e7o de 2015; II &#8211; planta e memorial descritivo assinado por profissional legalmente habilitado, com prova de anota\u00e7\u00e3o de responsabilidade t\u00e9cnica no respectivo conselho de fiscaliza\u00e7\u00e3o profissional, e pelos titulares de direitos registrados ou averbados na matr\u00edcula do im\u00f3vel usucapiendo ou na matr\u00edcula dos im\u00f3veis confinantes; III &#8211; certid\u00f5es negativas dos distribuidores da comarca da situa\u00e7\u00e3o do im\u00f3vel e do domic\u00edlio do requerente; IV &#8211; justo t\u00edtulo ou quaisquer outros documentos que demonstrem a origem, a continuidade, a natureza e o tempo da posse, tais como o pagamento dos impostos e das taxas que incidirem sobre o im\u00f3vel.<\/p>\n\n\n\n<p>O fundamento da alternativa A, justifica o erro das alternativas B, C e D.<\/p>\n\n\n\n<p><strong>QUEST\u00c3O 42.&nbsp; Sobre o reconhecimento de firmas, assinale a alternativa correta:<\/strong><\/p>\n\n\n\n<p><strong>a) O protocolo do pedido de carteira de identidade j\u00e1 permite que o tabeli\u00e3o realize o reconhecimento de firma da pessoa que fez o protocolo.<\/strong><\/p>\n\n\n\n<p><strong>b) O reconhecimento de firma nunca pode ser gratuito, devendo sempre o solicitante pagar os emolumentos.<\/strong><\/p>\n\n\n\n<p><strong>c) O direito brasileiro n\u00e3o contempla o reconhecimento de firma por semelhan\u00e7a.<\/strong><\/p>\n\n\n\n<p><strong>d) \u00c9 poss\u00edvel o reconhecimento de firma de pessoa j\u00e1 falecida.<\/strong><\/p>\n\n\n\n<p><strong>Coment\u00e1rios<\/strong><\/p>\n\n\n\n<p>A alternativa correta \u00e9 a <strong>letra D<\/strong>.<\/p>\n\n\n\n<p>A quest\u00e3o trata sobre a possibilidade de reconhecimento de firma de pessoa falecida.<\/p>\n\n\n\n<p>A alternativa A est\u00e1 incorreta, conforme o fundamento exposto na alternativa D.<\/p>\n\n\n\n<p>A alternativa B est\u00e1 incorreta, conforme o fundamento exposto na alternativa D.<\/p>\n\n\n\n<p>A alternativa C&nbsp;est\u00e1 incorreta, conforme o fundamento exposto na alternativa D.<\/p>\n\n\n\n<p>A alternativa correta a ser assinalada \u00e9 a letra D,&nbsp; junto ao C\u00f3digo de Normas Extrajudicial do Estado do Amazonas e na Lei dos Not\u00e1rios n\u00e3o h\u00e1 regra clara e explicita, entretanto, a possibilidade \u00e9 fruto da conjuga\u00e7\u00e3o dos seguintes dispositivos, o art. 5\u00ba, inciso II c\/c o inciso XXXVI, da CF e o art. 6\u00ba, \u00a7 1\u00ba, Lei de Introdu\u00e7\u00e3o \u00e0s normas do Direito Brasileiro, os quais transcrevo: \u201cCRFB: Art. 5\u00ba (&#8230;) II &#8211; ningu\u00e9m ser\u00e1 obrigado a fazer ou deixar de fazer alguma coisa sen\u00e3o em virtude de lei \u201c e, \u201cLINDB: Art. 6\u00ba A Lei em vigor ter\u00e1 efeito imediato e geral, respeitados o ato jur\u00eddico perfeito, o direito adquirido e a coisa julgada. (..) \u00a7 1\u00ba Reputa-se ato jur\u00eddico perfeito o j\u00e1 consumado segundo a lei vigente ao tempo em que se efetuou.\u201d&nbsp;&nbsp;<\/p>\n\n\n\n<p>Desta forma, a assinatura realizada em vida em um documento p\u00fablico ou particular poder\u00e1 ser reconhecido, alertando que referido reconhecimento dever\u00e1 ser realizado por semelhan\u00e7a.<\/p>\n\n\n\n<p>A alternativa A est\u00e1 errada, \u00e9 necess\u00e1rio um documento de identifica\u00e7\u00e3o para a confec\u00e7\u00e3o da ficha-padr\u00e3o conforme disposto no Artigo 269 das Normas Extrajudiciais do Estado do Amazonas, que trasnscrevo: Art. 269. Os tabeli\u00e3es dever\u00e3o extrair, \u00e0s expensas do interessado, c\u00f3pia reprogr\u00e1fica do documento de identidade apresentado para preenchimento da ficha-padr\u00e3o, caso em que a copia ser\u00e1 devidamente arquivada para f\u00e1cil verifica\u00e7\u00e3o.<\/p>\n\n\n\n<p>A alternativa B est\u00e1 errada, pois \u00e9 poss\u00edvel a n\u00e3o cobran\u00e7a de emolumentos aos que se declaram pobres.<\/p>\n\n\n\n<p>A alternativa C faz uma afirma\u00e7\u00e3o err\u00f4nea, o reconhecimento firma poder\u00e1 ser realizada por semelhan\u00e7a ou autenticidade, conforme previsto no artigo 266 das Normas Extrajudiciais do Estado do Amazonas, que transcrevo: &#8220;Art. 266. A firma pode ser reconhecida como verdadeira (aut\u00eantica) ou por semelhan\u00e7a.\u201d<\/p>\n\n\n\n<p class=\"has-text-align-center has-luminous-vivid-amber-to-luminous-vivid-orange-gradient-background has-background\"><a href=\"https:\/\/cj.estrategia.com\/portal\/concurso-cartorio-am\/\">Saiba mais: Concurso Cart\u00f3rio AM<\/a><\/p>\n\n\n\n<h2 class=\"wp-block-heading has-text-align-center\" id=\"cursos\"><span id=\"quer-saber-tudo-sobre-concursos-previstos-confira-nossos-artigos\">Quer saber tudo sobre concursos previstos? <br>Confira nossos artigos!<\/span><\/h2>\n\n\n\n\n\n<h2 class=\"wp-block-heading has-text-align-center\" id=\"cursos\"><span id=\"cursos-e-assinaturas\"><strong>Cursos e Assinaturas<\/strong><\/span><\/h2>\n\n\n\n\n\n<div class=\"wp-block-cover\" style=\"min-height:155px;aspect-ratio:unset;\"><img decoding=\"async\" width=\"1890\" height=\"351\" class=\"wp-block-cover__image-background wp-image-8669\" alt=\"Assinaturas Jur\u00eddicas\" src=\"https:\/\/cj.estrategia.com\/portal\/wp-content\/uploads\/2022\/06\/20151253\/concurso-carreiras-juridicas-assinatura-juridica.jpg\" style=\"object-position:78% 43%\" data-object-fit=\"cover\" data-object-position=\"78% 43%\" srcset=\"https:\/\/cj.estrategia.com\/portal\/wp-content\/uploads\/2022\/06\/20151253\/concurso-carreiras-juridicas-assinatura-juridica.jpg 1890w, https:\/\/cj.estrategia.com\/portal\/wp-content\/uploads\/2022\/06\/20151253\/concurso-carreiras-juridicas-assinatura-juridica-300x56.jpg 300w, https:\/\/cj.estrategia.com\/portal\/wp-content\/uploads\/2022\/06\/20151253\/concurso-carreiras-juridicas-assinatura-juridica-1024x190.jpg 1024w, https:\/\/cj.estrategia.com\/portal\/wp-content\/uploads\/2022\/06\/20151253\/concurso-carreiras-juridicas-assinatura-juridica-768x143.jpg 768w, https:\/\/cj.estrategia.com\/portal\/wp-content\/uploads\/2022\/06\/20151253\/concurso-carreiras-juridicas-assinatura-juridica-1536x285.jpg 1536w, https:\/\/cj.estrategia.com\/portal\/wp-content\/uploads\/2022\/06\/20151253\/concurso-carreiras-juridicas-assinatura-juridica-380x71.jpg 380w, https:\/\/cj.estrategia.com\/portal\/wp-content\/uploads\/2022\/06\/20151253\/concurso-carreiras-juridicas-assinatura-juridica-800x149.jpg 800w, https:\/\/cj.estrategia.com\/portal\/wp-content\/uploads\/2022\/06\/20151253\/concurso-carreiras-juridicas-assinatura-juridica-1160x215.jpg 1160w\" sizes=\"(max-width: 1890px) 100vw, 1890px\" \/><span aria-hidden=\"true\" class=\"wp-block-cover__background has-background-dim\"><\/span><div class=\"wp-block-cover__inner-container is-layout-flow wp-block-cover-is-layout-flow\">\n<h3 id=\"faca-a-sua-assinatura\" class=\"titulo-assinatura\"><span style=\"color: #ffffff;\">Fa\u00e7a a sua assinatura!<\/span><\/h3>\n<p class=\"subtitulo-assinatura\" style=\"display:block!important; line-height: 0;\"><span style=\"color: #ffffff;\">Escolha a sua \u00e1rea.<\/span><\/p>\n<a target=\"_blank\" href=\"https:\/\/www.estrategiaconcursos.com.br\/assinaturas-ecj\/\" rel=\"noopener\"><button style=\"border-radius: 10px; text-transform: capitalize;\">Acessar<\/button><\/a>\n<\/div><\/div>\n\n\n\n<p><\/p>\n","protected":false},"excerpt":{"rendered":"Ol\u00e1, pessoal, tudo certo?! Em 01\/10\/2023, foi aplicada a prova objetiva do concurso p\u00fablico para Provimento em Cart\u00f3rios&hellip;\n","protected":false},"author":12,"featured_media":34252,"comment_status":"open","ping_status":"open","sticky":false,"template":"","format":"standard","meta":{"_jetpack_memberships_contains_paid_content":false,"footnotes":""},"categories":[29],"tags":[],"tax_estado":[32],"class_list":{"0":"post-47193","1":"post","2":"type-post","3":"status-publish","4":"format-standard","5":"has-post-thumbnail","7":"category-cartorio","8":"tax_estado-am"},"acf":[],"yoast_head":"<!-- This site is optimized with the Yoast SEO Premium plugin v27.4 (Yoast SEO v27.4) - https:\/\/yoast.com\/product\/yoast-seo-premium-wordpress\/ -->\n<title>Prova comentada Tabelionato de Notas Cart\u00f3rio AM<\/title>\n<meta name=\"description\" content=\"Prova comentada Tabelionato de Notas Cart\u00f3rio AM: confira aqui os coment\u00e1rios dos professores do Estrat\u00e9gia e tire suas d\u00favidas\" \/>\n<meta name=\"robots\" content=\"index, follow, max-snippet:-1, max-image-preview:large, max-video-preview:-1\" \/>\n<link rel=\"canonical\" href=\"https:\/\/cj.estrategia.com\/portal\/prova-comentada-tabelionato-de-notas-cartorio-am\/\" \/>\n<meta property=\"og:locale\" content=\"pt_BR\" \/>\n<meta property=\"og:type\" content=\"article\" \/>\n<meta property=\"og:title\" content=\"Prova comentada Tabelionato de Notas Cart\u00f3rio AM\" \/>\n<meta property=\"og:description\" content=\"Prova comentada Tabelionato de Notas Cart\u00f3rio AM: confira aqui os coment\u00e1rios dos professores do Estrat\u00e9gia e tire suas d\u00favidas\" \/>\n<meta property=\"og:url\" content=\"https:\/\/cj.estrategia.com\/portal\/prova-comentada-tabelionato-de-notas-cartorio-am\/\" \/>\n<meta property=\"og:site_name\" content=\"Blog - Carreiras Jur\u00eddicas - Estrat\u00e9gia\" \/>\n<meta property=\"article:publisher\" content=\"https:\/\/www.facebook.com\/estrategiacarreirajuridica\/\" \/>\n<meta property=\"article:published_time\" content=\"2023-10-05T00:22:27+00:00\" \/>\n<meta property=\"article:modified_time\" content=\"2023-10-05T01:08:33+00:00\" \/>\n<meta property=\"og:image\" content=\"https:\/\/cj.estrategia.com\/portal\/wp-content\/uploads\/2023\/04\/20104322\/concurso-cartorio-tj-am.jpg\" \/>\n\t<meta property=\"og:image:width\" content=\"768\" \/>\n\t<meta property=\"og:image:height\" content=\"432\" \/>\n\t<meta property=\"og:image:type\" content=\"image\/jpeg\" \/>\n<meta name=\"author\" content=\"Coordena\u00e7\u00e3o\" \/>\n<meta name=\"twitter:card\" content=\"summary_large_image\" \/>\n<meta name=\"twitter:creator\" content=\"@EstratJuridica\" \/>\n<meta name=\"twitter:site\" content=\"@EstratJuridica\" \/>\n<meta name=\"twitter:label1\" content=\"Escrito por\" \/>\n\t<meta name=\"twitter:data1\" content=\"Coordena\u00e7\u00e3o\" \/>\n\t<meta name=\"twitter:label2\" content=\"Est. tempo de leitura\" \/>\n\t<meta name=\"twitter:data2\" content=\"18 minutos\" \/>\n<script type=\"application\/ld+json\" class=\"yoast-schema-graph\">{\"@context\":\"https:\\\/\\\/schema.org\",\"@graph\":[{\"@type\":\"NewsArticle\",\"@id\":\"https:\\\/\\\/cj.estrategia.com\\\/portal\\\/prova-comentada-tabelionato-de-notas-cartorio-am\\\/#article\",\"isPartOf\":{\"@id\":\"https:\\\/\\\/cj.estrategia.com\\\/portal\\\/prova-comentada-tabelionato-de-notas-cartorio-am\\\/\"},\"author\":{\"name\":\"Coordena\u00e7\u00e3o\",\"@id\":\"https:\\\/\\\/cj.estrategia.com\\\/portal\\\/#\\\/schema\\\/person\\\/4d70317d31449932b99102916b6637f5\"},\"headline\":\"Prova comentada Tabelionato de Notas Cart\u00f3rio AM\",\"datePublished\":\"2023-10-05T00:22:27+00:00\",\"dateModified\":\"2023-10-05T01:08:33+00:00\",\"mainEntityOfPage\":{\"@id\":\"https:\\\/\\\/cj.estrategia.com\\\/portal\\\/prova-comentada-tabelionato-de-notas-cartorio-am\\\/\"},\"wordCount\":3643,\"commentCount\":0,\"publisher\":{\"@id\":\"https:\\\/\\\/cj.estrategia.com\\\/portal\\\/#organization\"},\"image\":{\"@id\":\"https:\\\/\\\/cj.estrategia.com\\\/portal\\\/prova-comentada-tabelionato-de-notas-cartorio-am\\\/#primaryimage\"},\"thumbnailUrl\":\"https:\\\/\\\/cj.estrategia.com\\\/portal\\\/wp-content\\\/uploads\\\/2023\\\/04\\\/20104322\\\/concurso-cartorio-tj-am.jpg\",\"articleSection\":[\"Cart\u00f3rio\"],\"inLanguage\":\"pt-BR\",\"potentialAction\":[{\"@type\":\"CommentAction\",\"name\":\"Comment\",\"target\":[\"https:\\\/\\\/cj.estrategia.com\\\/portal\\\/prova-comentada-tabelionato-de-notas-cartorio-am\\\/#respond\"]}]},{\"@type\":\"WebPage\",\"@id\":\"https:\\\/\\\/cj.estrategia.com\\\/portal\\\/prova-comentada-tabelionato-de-notas-cartorio-am\\\/\",\"url\":\"https:\\\/\\\/cj.estrategia.com\\\/portal\\\/prova-comentada-tabelionato-de-notas-cartorio-am\\\/\",\"name\":\"Prova comentada Tabelionato de Notas Cart\u00f3rio AM\",\"isPartOf\":{\"@id\":\"https:\\\/\\\/cj.estrategia.com\\\/portal\\\/#website\"},\"primaryImageOfPage\":{\"@id\":\"https:\\\/\\\/cj.estrategia.com\\\/portal\\\/prova-comentada-tabelionato-de-notas-cartorio-am\\\/#primaryimage\"},\"image\":{\"@id\":\"https:\\\/\\\/cj.estrategia.com\\\/portal\\\/prova-comentada-tabelionato-de-notas-cartorio-am\\\/#primaryimage\"},\"thumbnailUrl\":\"https:\\\/\\\/cj.estrategia.com\\\/portal\\\/wp-content\\\/uploads\\\/2023\\\/04\\\/20104322\\\/concurso-cartorio-tj-am.jpg\",\"datePublished\":\"2023-10-05T00:22:27+00:00\",\"dateModified\":\"2023-10-05T01:08:33+00:00\",\"description\":\"Prova comentada Tabelionato de Notas Cart\u00f3rio AM: confira aqui os coment\u00e1rios dos professores do Estrat\u00e9gia e tire suas d\u00favidas\",\"breadcrumb\":{\"@id\":\"https:\\\/\\\/cj.estrategia.com\\\/portal\\\/prova-comentada-tabelionato-de-notas-cartorio-am\\\/#breadcrumb\"},\"inLanguage\":\"pt-BR\",\"potentialAction\":[{\"@type\":\"ReadAction\",\"target\":[\"https:\\\/\\\/cj.estrategia.com\\\/portal\\\/prova-comentada-tabelionato-de-notas-cartorio-am\\\/\"]}]},{\"@type\":\"ImageObject\",\"inLanguage\":\"pt-BR\",\"@id\":\"https:\\\/\\\/cj.estrategia.com\\\/portal\\\/prova-comentada-tabelionato-de-notas-cartorio-am\\\/#primaryimage\",\"url\":\"https:\\\/\\\/cj.estrategia.com\\\/portal\\\/wp-content\\\/uploads\\\/2023\\\/04\\\/20104322\\\/concurso-cartorio-tj-am.jpg\",\"contentUrl\":\"https:\\\/\\\/cj.estrategia.com\\\/portal\\\/wp-content\\\/uploads\\\/2023\\\/04\\\/20104322\\\/concurso-cartorio-tj-am.jpg\",\"width\":768,\"height\":432,\"caption\":\"Concurso Cart\u00f3rio AM\"},{\"@type\":\"BreadcrumbList\",\"@id\":\"https:\\\/\\\/cj.estrategia.com\\\/portal\\\/prova-comentada-tabelionato-de-notas-cartorio-am\\\/#breadcrumb\",\"itemListElement\":[{\"@type\":\"ListItem\",\"position\":1,\"name\":\"In\u00edcio\",\"item\":\"https:\\\/\\\/cj.estrategia.com\\\/portal\\\/\"},{\"@type\":\"ListItem\",\"position\":2,\"name\":\"Prova comentada Tabelionato de Notas Cart\u00f3rio AM\"}]},{\"@type\":\"WebSite\",\"@id\":\"https:\\\/\\\/cj.estrategia.com\\\/portal\\\/#website\",\"url\":\"https:\\\/\\\/cj.estrategia.com\\\/portal\\\/\",\"name\":\"Blog - Carreiras Jur\u00eddicas - Estrat\u00e9gia\",\"description\":\"\",\"publisher\":{\"@id\":\"https:\\\/\\\/cj.estrategia.com\\\/portal\\\/#organization\"},\"potentialAction\":[{\"@type\":\"SearchAction\",\"target\":{\"@type\":\"EntryPoint\",\"urlTemplate\":\"https:\\\/\\\/cj.estrategia.com\\\/portal\\\/?s={search_term_string}\"},\"query-input\":{\"@type\":\"PropertyValueSpecification\",\"valueRequired\":true,\"valueName\":\"search_term_string\"}}],\"inLanguage\":\"pt-BR\"},{\"@type\":\"Organization\",\"@id\":\"https:\\\/\\\/cj.estrategia.com\\\/portal\\\/#organization\",\"name\":\"Estrat\u00e9gia - Carreiras Jur\u00eddicas\",\"url\":\"https:\\\/\\\/cj.estrategia.com\\\/portal\\\/\",\"logo\":{\"@type\":\"ImageObject\",\"inLanguage\":\"pt-BR\",\"@id\":\"https:\\\/\\\/cj.estrategia.com\\\/portal\\\/#\\\/schema\\\/logo\\\/image\\\/\",\"url\":\"https:\\\/\\\/cj.estrategia.com\\\/portal\\\/wp-content\\\/uploads\\\/2022\\\/03\\\/11151052\\\/cj-logo.png\",\"contentUrl\":\"https:\\\/\\\/cj.estrategia.com\\\/portal\\\/wp-content\\\/uploads\\\/2022\\\/03\\\/11151052\\\/cj-logo.png\",\"width\":150,\"height\":39,\"caption\":\"Estrat\u00e9gia - Carreiras Jur\u00eddicas\"},\"image\":{\"@id\":\"https:\\\/\\\/cj.estrategia.com\\\/portal\\\/#\\\/schema\\\/logo\\\/image\\\/\"},\"sameAs\":[\"https:\\\/\\\/www.facebook.com\\\/estrategiacarreirajuridica\\\/\",\"https:\\\/\\\/x.com\\\/EstratJuridica\",\"https:\\\/\\\/www.instagram.com\\\/estrategiacarreirajuridica\\\/\",\"https:\\\/\\\/www.youtube.com\\\/channel\\\/UClbMGuYbj2Mh1m3w144ETWQ\"]},{\"@type\":\"Person\",\"@id\":\"https:\\\/\\\/cj.estrategia.com\\\/portal\\\/#\\\/schema\\\/person\\\/4d70317d31449932b99102916b6637f5\",\"name\":\"Coordena\u00e7\u00e3o\",\"image\":{\"@type\":\"ImageObject\",\"inLanguage\":\"pt-BR\",\"@id\":\"https:\\\/\\\/cj.estrategia.com\\\/portal\\\/wp-content\\\/uploads\\\/2022\\\/05\\\/12164923\\\/estrategia-carreira-juridica-coordenacao-96x96.png\",\"url\":\"https:\\\/\\\/cj.estrategia.com\\\/portal\\\/wp-content\\\/uploads\\\/2022\\\/05\\\/12164923\\\/estrategia-carreira-juridica-coordenacao-96x96.png\",\"contentUrl\":\"https:\\\/\\\/cj.estrategia.com\\\/portal\\\/wp-content\\\/uploads\\\/2022\\\/05\\\/12164923\\\/estrategia-carreira-juridica-coordenacao-96x96.png\",\"caption\":\"Coordena\u00e7\u00e3o\"},\"url\":\"https:\\\/\\\/cj.estrategia.com\\\/portal\\\/author\\\/coordenacao\\\/\"}]}<\/script>\n<!-- \/ Yoast SEO Premium plugin. -->","yoast_head_json":{"title":"Prova comentada Tabelionato de Notas Cart\u00f3rio AM","description":"Prova comentada Tabelionato de Notas Cart\u00f3rio AM: confira aqui os coment\u00e1rios dos professores do Estrat\u00e9gia e tire suas d\u00favidas","robots":{"index":"index","follow":"follow","max-snippet":"max-snippet:-1","max-image-preview":"max-image-preview:large","max-video-preview":"max-video-preview:-1"},"canonical":"https:\/\/cj.estrategia.com\/portal\/prova-comentada-tabelionato-de-notas-cartorio-am\/","og_locale":"pt_BR","og_type":"article","og_title":"Prova comentada Tabelionato de Notas Cart\u00f3rio AM","og_description":"Prova comentada Tabelionato de Notas Cart\u00f3rio AM: confira aqui os coment\u00e1rios dos professores do Estrat\u00e9gia e tire suas d\u00favidas","og_url":"https:\/\/cj.estrategia.com\/portal\/prova-comentada-tabelionato-de-notas-cartorio-am\/","og_site_name":"Blog - Carreiras Jur\u00eddicas - Estrat\u00e9gia","article_publisher":"https:\/\/www.facebook.com\/estrategiacarreirajuridica\/","article_published_time":"2023-10-05T00:22:27+00:00","article_modified_time":"2023-10-05T01:08:33+00:00","og_image":[{"width":768,"height":432,"url":"https:\/\/cj.estrategia.com\/portal\/wp-content\/uploads\/2023\/04\/20104322\/concurso-cartorio-tj-am.jpg","type":"image\/jpeg"}],"author":"Coordena\u00e7\u00e3o","twitter_card":"summary_large_image","twitter_creator":"@EstratJuridica","twitter_site":"@EstratJuridica","twitter_misc":{"Escrito por":"Coordena\u00e7\u00e3o","Est. tempo de leitura":"18 minutos"},"schema":{"@context":"https:\/\/schema.org","@graph":[{"@type":"NewsArticle","@id":"https:\/\/cj.estrategia.com\/portal\/prova-comentada-tabelionato-de-notas-cartorio-am\/#article","isPartOf":{"@id":"https:\/\/cj.estrategia.com\/portal\/prova-comentada-tabelionato-de-notas-cartorio-am\/"},"author":{"name":"Coordena\u00e7\u00e3o","@id":"https:\/\/cj.estrategia.com\/portal\/#\/schema\/person\/4d70317d31449932b99102916b6637f5"},"headline":"Prova comentada Tabelionato de Notas Cart\u00f3rio AM","datePublished":"2023-10-05T00:22:27+00:00","dateModified":"2023-10-05T01:08:33+00:00","mainEntityOfPage":{"@id":"https:\/\/cj.estrategia.com\/portal\/prova-comentada-tabelionato-de-notas-cartorio-am\/"},"wordCount":3643,"commentCount":0,"publisher":{"@id":"https:\/\/cj.estrategia.com\/portal\/#organization"},"image":{"@id":"https:\/\/cj.estrategia.com\/portal\/prova-comentada-tabelionato-de-notas-cartorio-am\/#primaryimage"},"thumbnailUrl":"https:\/\/cj.estrategia.com\/portal\/wp-content\/uploads\/2023\/04\/20104322\/concurso-cartorio-tj-am.jpg","articleSection":["Cart\u00f3rio"],"inLanguage":"pt-BR","potentialAction":[{"@type":"CommentAction","name":"Comment","target":["https:\/\/cj.estrategia.com\/portal\/prova-comentada-tabelionato-de-notas-cartorio-am\/#respond"]}]},{"@type":"WebPage","@id":"https:\/\/cj.estrategia.com\/portal\/prova-comentada-tabelionato-de-notas-cartorio-am\/","url":"https:\/\/cj.estrategia.com\/portal\/prova-comentada-tabelionato-de-notas-cartorio-am\/","name":"Prova comentada Tabelionato de Notas Cart\u00f3rio AM","isPartOf":{"@id":"https:\/\/cj.estrategia.com\/portal\/#website"},"primaryImageOfPage":{"@id":"https:\/\/cj.estrategia.com\/portal\/prova-comentada-tabelionato-de-notas-cartorio-am\/#primaryimage"},"image":{"@id":"https:\/\/cj.estrategia.com\/portal\/prova-comentada-tabelionato-de-notas-cartorio-am\/#primaryimage"},"thumbnailUrl":"https:\/\/cj.estrategia.com\/portal\/wp-content\/uploads\/2023\/04\/20104322\/concurso-cartorio-tj-am.jpg","datePublished":"2023-10-05T00:22:27+00:00","dateModified":"2023-10-05T01:08:33+00:00","description":"Prova comentada Tabelionato de Notas Cart\u00f3rio AM: confira aqui os coment\u00e1rios dos professores do Estrat\u00e9gia e tire suas d\u00favidas","breadcrumb":{"@id":"https:\/\/cj.estrategia.com\/portal\/prova-comentada-tabelionato-de-notas-cartorio-am\/#breadcrumb"},"inLanguage":"pt-BR","potentialAction":[{"@type":"ReadAction","target":["https:\/\/cj.estrategia.com\/portal\/prova-comentada-tabelionato-de-notas-cartorio-am\/"]}]},{"@type":"ImageObject","inLanguage":"pt-BR","@id":"https:\/\/cj.estrategia.com\/portal\/prova-comentada-tabelionato-de-notas-cartorio-am\/#primaryimage","url":"https:\/\/cj.estrategia.com\/portal\/wp-content\/uploads\/2023\/04\/20104322\/concurso-cartorio-tj-am.jpg","contentUrl":"https:\/\/cj.estrategia.com\/portal\/wp-content\/uploads\/2023\/04\/20104322\/concurso-cartorio-tj-am.jpg","width":768,"height":432,"caption":"Concurso Cart\u00f3rio AM"},{"@type":"BreadcrumbList","@id":"https:\/\/cj.estrategia.com\/portal\/prova-comentada-tabelionato-de-notas-cartorio-am\/#breadcrumb","itemListElement":[{"@type":"ListItem","position":1,"name":"In\u00edcio","item":"https:\/\/cj.estrategia.com\/portal\/"},{"@type":"ListItem","position":2,"name":"Prova comentada Tabelionato de Notas Cart\u00f3rio AM"}]},{"@type":"WebSite","@id":"https:\/\/cj.estrategia.com\/portal\/#website","url":"https:\/\/cj.estrategia.com\/portal\/","name":"Blog - Carreiras Jur\u00eddicas - Estrat\u00e9gia","description":"","publisher":{"@id":"https:\/\/cj.estrategia.com\/portal\/#organization"},"potentialAction":[{"@type":"SearchAction","target":{"@type":"EntryPoint","urlTemplate":"https:\/\/cj.estrategia.com\/portal\/?s={search_term_string}"},"query-input":{"@type":"PropertyValueSpecification","valueRequired":true,"valueName":"search_term_string"}}],"inLanguage":"pt-BR"},{"@type":"Organization","@id":"https:\/\/cj.estrategia.com\/portal\/#organization","name":"Estrat\u00e9gia - Carreiras Jur\u00eddicas","url":"https:\/\/cj.estrategia.com\/portal\/","logo":{"@type":"ImageObject","inLanguage":"pt-BR","@id":"https:\/\/cj.estrategia.com\/portal\/#\/schema\/logo\/image\/","url":"https:\/\/cj.estrategia.com\/portal\/wp-content\/uploads\/2022\/03\/11151052\/cj-logo.png","contentUrl":"https:\/\/cj.estrategia.com\/portal\/wp-content\/uploads\/2022\/03\/11151052\/cj-logo.png","width":150,"height":39,"caption":"Estrat\u00e9gia - Carreiras Jur\u00eddicas"},"image":{"@id":"https:\/\/cj.estrategia.com\/portal\/#\/schema\/logo\/image\/"},"sameAs":["https:\/\/www.facebook.com\/estrategiacarreirajuridica\/","https:\/\/x.com\/EstratJuridica","https:\/\/www.instagram.com\/estrategiacarreirajuridica\/","https:\/\/www.youtube.com\/channel\/UClbMGuYbj2Mh1m3w144ETWQ"]},{"@type":"Person","@id":"https:\/\/cj.estrategia.com\/portal\/#\/schema\/person\/4d70317d31449932b99102916b6637f5","name":"Coordena\u00e7\u00e3o","image":{"@type":"ImageObject","inLanguage":"pt-BR","@id":"https:\/\/cj.estrategia.com\/portal\/wp-content\/uploads\/2022\/05\/12164923\/estrategia-carreira-juridica-coordenacao-96x96.png","url":"https:\/\/cj.estrategia.com\/portal\/wp-content\/uploads\/2022\/05\/12164923\/estrategia-carreira-juridica-coordenacao-96x96.png","contentUrl":"https:\/\/cj.estrategia.com\/portal\/wp-content\/uploads\/2022\/05\/12164923\/estrategia-carreira-juridica-coordenacao-96x96.png","caption":"Coordena\u00e7\u00e3o"},"url":"https:\/\/cj.estrategia.com\/portal\/author\/coordenacao\/"}]}},"jetpack_featured_media_url":"https:\/\/cj.estrategia.com\/portal\/wp-content\/uploads\/2023\/04\/20104322\/concurso-cartorio-tj-am.jpg","jetpack_sharing_enabled":true,"_links":{"self":[{"href":"https:\/\/cj.estrategia.com\/portal\/wp-json\/wp\/v2\/posts\/47193","targetHints":{"allow":["GET"]}}],"collection":[{"href":"https:\/\/cj.estrategia.com\/portal\/wp-json\/wp\/v2\/posts"}],"about":[{"href":"https:\/\/cj.estrategia.com\/portal\/wp-json\/wp\/v2\/types\/post"}],"author":[{"embeddable":true,"href":"https:\/\/cj.estrategia.com\/portal\/wp-json\/wp\/v2\/users\/12"}],"replies":[{"embeddable":true,"href":"https:\/\/cj.estrategia.com\/portal\/wp-json\/wp\/v2\/comments?post=47193"}],"version-history":[{"count":2,"href":"https:\/\/cj.estrategia.com\/portal\/wp-json\/wp\/v2\/posts\/47193\/revisions"}],"predecessor-version":[{"id":47224,"href":"https:\/\/cj.estrategia.com\/portal\/wp-json\/wp\/v2\/posts\/47193\/revisions\/47224"}],"wp:featuredmedia":[{"embeddable":true,"href":"https:\/\/cj.estrategia.com\/portal\/wp-json\/wp\/v2\/media\/34252"}],"wp:attachment":[{"href":"https:\/\/cj.estrategia.com\/portal\/wp-json\/wp\/v2\/media?parent=47193"}],"wp:term":[{"taxonomy":"category","embeddable":true,"href":"https:\/\/cj.estrategia.com\/portal\/wp-json\/wp\/v2\/categories?post=47193"},{"taxonomy":"post_tag","embeddable":true,"href":"https:\/\/cj.estrategia.com\/portal\/wp-json\/wp\/v2\/tags?post=47193"},{"taxonomy":"tax_estado","embeddable":true,"href":"https:\/\/cj.estrategia.com\/portal\/wp-json\/wp\/v2\/tax_estado?post=47193"}],"curies":[{"name":"wp","href":"https:\/\/api.w.org\/{rel}","templated":true}]}}