{"id":47186,"date":"2023-10-04T21:09:38","date_gmt":"2023-10-05T00:09:38","guid":{"rendered":"https:\/\/cj.estrategia.com\/portal\/?p=47186"},"modified":"2023-10-04T22:07:46","modified_gmt":"2023-10-05T01:07:46","slug":"prova-comentada-registro-civil-das-pessoas-naturais-cartorio-am","status":"publish","type":"post","link":"https:\/\/cj.estrategia.com\/portal\/prova-comentada-registro-civil-das-pessoas-naturais-cartorio-am\/","title":{"rendered":"Prova comentada Registro Civil das Pessoas Naturais Cart\u00f3rio AM"},"content":{"rendered":"\n<p>Ol\u00e1, pessoal, tudo certo?!<\/p>\n\n\n\n<p>Em 01\/10\/2023, foi aplicada a prova objetiva do concurso p\u00fablico para Provimento em <strong>Cart\u00f3rios do TJ-AM<\/strong>. Assim que disponibilizados o caderno de provas e gabarito pela banca, nosso time de professores analisou todas as quest\u00f5es, que, agora, ser\u00e3o apresentadas na nossa <strong>PROVA COMENTADA<\/strong>.<\/p>\n\n\n\n<p>Este material visa a auxili\u00e1-los na aferi\u00e7\u00e3o das notas, elabora\u00e7\u00e3o de eventuais recursos, verifica\u00e7\u00e3o das chances de avan\u00e7o para fase discursiva, bem como na revis\u00e3o do conte\u00fado cobrado no certame.<\/p>\n\n\n\n<p>Desde j\u00e1, destacamos que nosso time de professores identificou 2 quest\u00f5es pass\u00edveis de recurso, por apresentarem mais de uma ou nenhuma alternativa correta, como veremos adiante. No tipo de prova comentado, trata-se das quest\u00f5es 87 e 91.<\/p>\n\n\n\n<p>De modo complementar, elaboramos tamb\u00e9m o<a href=\"https:\/\/cj.estrategia.com\/cadernos-e-simulados\/simulados\/ca3f0e5b-b26d-4ccb-8b72-685ba343c896\"> <strong>RANKING de Cart\u00f3rios do TJ-AM<\/strong><\/a>, em que nossos alunos e seguidores poder\u00e3o inserir suas respostas \u00e0 prova, e, ao final, aferir sua nota, de acordo com o gabarito elaborado por nossos professores. Atrav\u00e9s do ranking, tamb\u00e9m poderemos estimar a nota de corte da 1\u00ba fase. Essa ferramenta \u00e9 gratuita e, para participar, basta clicar no link abaixo:<\/p>\n\n\n\n<p>Al\u00e9m disso, montamos um caderno para nossos seguidores, alunos ou n\u00e3o, verem os coment\u00e1rios e comentar as quest\u00f5es da prova: <a href=\"https:\/\/cj.estrategia.com\/cadernos-e-simulados\/cadernos\/3d20d051-28bb-4df3-bf3a-75b2384ee32f\">VEJA AQUI!<\/a><\/p>\n\n\n\n<p>Por fim, acompanhe todas as novidades sobre essa e outras provas da carreira no nosso <a href=\"https:\/\/www.youtube.com\/@EstrategiaCarreiraJuridica\">Canal do Youtube. <\/a>Inscreva-se e ative as notifica\u00e7\u00f5es!<\/p>\n\n\n\n<p>Clique no link abaixo e veja <strong>todas<\/strong> as provas comentadas:<\/p>\n\n\n\n<p class=\"has-text-align-center has-luminous-vivid-amber-to-luminous-vivid-orange-gradient-background has-background\"><a href=\"https:\/\/cj.estrategia.com\/portal\/provas-comentadas-concurso-cartorio-am\/\">Provas comentadas Concurso Cart\u00f3rio AM.<\/a><\/p>\n\n\n\n<h2 class=\"wp-block-heading has-vivid-red-color has-text-color\" id=\"h-provas-comentadas-registro-civil-das-pessoas-naturais\"><span id=\"provas-comentadas-registro-civil-das-pessoas-naturais\">Provas comentadas Registro Civil das Pessoas Naturais<\/span><\/h2>\n\n\n\n<p><strong>QUEST\u00c3O 05. A Lei de Registros P\u00fablicos estabelece que a certid\u00e3o emitida pelo registro civil ser\u00e1 lavrada em inteiro teor, em resumo, ou em relat\u00f3rio, conforme quesitos, e devidamente autenticada pelo oficial ou seus substitutos legais, n\u00e3o podendo ser retardada por mais de 5 (cinco) dias. Sobre as certid\u00f5es emitidas pelo registro civil, analise cada um dos itens I a IV, se possuem afirma\u00e7\u00f5es verdadeiras (V) ou falsas (F) e assinale a alternativa correta.<\/strong><\/p>\n\n\n\n<p><strong>I. As certid\u00f5es do registro civil das pessoas naturais mencionar\u00e3o a data em que foi lavrado o assento.<\/strong><\/p>\n\n\n\n<p><strong>II. As certid\u00f5es de registro civil, dever\u00e3o mencionar expressamente a circunst\u00e2ncia de ser leg\u00edtima, ou n\u00e3o, a filia\u00e7\u00e3o, independente de requerimento do interessado, ou de determina\u00e7\u00e3o judicial.<\/strong><\/p>\n\n\n\n<p><strong>III. A certid\u00e3o de inteiro teor ser\u00e1 extra\u00edda por meio reprogr\u00e1fico ou eletr\u00f4nico.<\/strong><\/p>\n\n\n\n<p><strong>IV. As certid\u00f5es de nascimento mencionar\u00e3o a data em que foi feito o assento, a data, por extenso, do nascimento e, ainda, expressamente, a naturalidade.<\/strong><\/p>\n\n\n\n<p><strong>a) Todos os itens s\u00e3o afirma\u00e7\u00f5es falsas.<\/strong><\/p>\n\n\n\n<p><strong>b) Os itens I e IV possuem afirma\u00e7\u00f5es falsas.<\/strong><\/p>\n\n\n\n<p><strong>c) Todos os itens s\u00e3o afirma\u00e7\u00f5es verdadeiras.<\/strong><\/p>\n\n\n\n<p><strong>d) Somente a afirma\u00e7\u00e3o do item II \u00e9 falsa.<\/strong><\/p>\n\n\n\n<p><strong>Coment\u00e1rios<\/strong><\/p>\n\n\n\n<p>A alternativa correta a ser assinalada \u00e9 a <strong>letra<\/strong> <strong>D<\/strong>, pois somente a afirma\u00e7\u00e3o do item II \u00e9 falsa.<\/p>\n\n\n\n<p>O item I est\u00e1 correto. De acordo com art. 19, \u00a7 2\u00ba, da Lei 6.015\/73: \u201c\u00a7 2\u00ba As certid\u00f5es do registro civil das pessoas naturais mencionar\u00e3o a data em que foi lavrado o assento.\u201d<\/p>\n\n\n\n<p>O item II est\u00e1 incorreto. De acordo com art. 19, \u00a7 3\u00ba, da Lei 6.015\/73: \u201c\u00a7 3\u00ba Nas certid\u00f5es de registro civil, n\u00e3o se mencionar\u00e1 a circunst\u00e2ncia de ser leg\u00edtima, ou n\u00e3o, a filia\u00e7\u00e3o, salvo a requerimento do pr\u00f3prio interessado, ou em virtude de determina\u00e7\u00e3o judicial.\u201d<\/p>\n\n\n\n<p>O item III est\u00e1 correto. De acordo com art. 19, \u00a7 1\u00ba, da Lei 6.015\/73: \u201c\u00a7 1\u00ba A certid\u00e3o de inteiro teor ser\u00e1 extra\u00edda por meio reprogr\u00e1fico ou eletr\u00f4nico.\u201dO item IV est\u00e1 correto. De acordo com art. 19, \u00a7 4\u00ba, da Lei 6.015\/73: \u201c\u00a7 4\u00ba As certid\u00f5es de nascimento mencionar\u00e3o a data em que foi feito o assento, a data, por extenso, do nascimento e, ainda, expressamente, a naturalidade.\u201d<\/p>\n\n\n\n<p><strong>QUEST\u00c3O 07. Sabe-se que o registro de nascimento, uma das atribui\u00e7\u00f5es do Registro Civil das Pessoas Naturais \u2013 RCPN e conforme dados das Estat\u00edsticas do Registro Civil do Censo de 2022 do Instituto Brasileiro de Geografia e Estat\u00edstica (IBGE), 2,7 milh\u00f5es de pessoas n\u00e3o possuem certid\u00e3o de nascimento no Brasil, o que configura um grande desafio social, estando enquadrado na ODS (Objetivos de Desenvolvimento Sustent\u00e1vel )16 da Agenda 2030 que tem, como principal objetivo, promover inclus\u00e3o social e justi\u00e7a a todo cidad\u00e3o em paridade e em todos os n\u00edveis, inclusive alcan\u00e7ar o fornecimento de identidade legal para todos, incluindo a certid\u00e3o de nascimento. Diante da import\u00e2ncia do tema, sobre as atribui\u00e7\u00f5es do RCPN de registro de nascimento e casamento \u00e9 INCORRETO afirmar o seguinte:<\/strong><\/p>\n\n\n\n<p><strong>a) O registro do nascimento conter\u00e1 o nome do pai ou da m\u00e3e, ainda que ileg\u00edtimos, quando qualquer deles for o declarante.<\/strong><\/p>\n\n\n\n<p><strong>b) Quando se tratar de filho ileg\u00edtimo, n\u00e3o ser\u00e1 declarado no registro de nascimento o nome do pai sem que este expressamente o autorize e compare\u00e7a, por si ou por procurador especial, para, reconhecendo-o, assinar, ou n\u00e3o sabendo ou n\u00e3o podendo, mandar assinar a seu rogo o respectivo assento com duas testemunhas.<\/strong><\/p>\n\n\n\n<p><strong>c) Do matrim\u00f4nio, logo depois de celebrado, ser\u00e1 lavrado assento, assinado pelo presidente do ato, os c\u00f4njuges, as testemunhas e o oficial.<\/strong><\/p>\n\n\n\n<p><strong>d) O prenome ser\u00e1 definitivo, n\u00e3o sendo admitida a sua substitui\u00e7\u00e3o por apelidos p\u00fablicos not\u00f3rios e, tamb\u00e9m, n\u00e3o ser\u00e1 admitida a substitui\u00e7\u00e3o do prenome nem mesmo em raz\u00e3o de fundada coa\u00e7\u00e3o ou amea\u00e7a decorrente da colabora\u00e7\u00e3o com a apura\u00e7\u00e3o de crime.<\/strong><\/p>\n\n\n\n<p><strong>Coment\u00e1rios<\/strong><\/p>\n\n\n\n<p>A alternativa correta a ser assinalada \u00e9 a <strong>letra<\/strong> <strong>D<\/strong>, pois \u00e9 a \u00fanica incorreta. De acordo com art. 58, caput e par\u00e1grafo \u00fanico, da Lei 6.015\/73: \u201cArt. 58. O prenome ser\u00e1 definitivo, admitindo-se, todavia, a sua substitui\u00e7\u00e3o por apelidos p\u00fablicos not\u00f3rios. Par\u00e1grafo \u00fanico. A substitui\u00e7\u00e3o do prenome ser\u00e1 ainda admitida em raz\u00e3o de fundada coa\u00e7\u00e3o ou amea\u00e7a decorrente da colabora\u00e7\u00e3o com a apura\u00e7\u00e3o de crime, por determina\u00e7\u00e3o, em senten\u00e7a, de juiz competente, ouvido o Minist\u00e9rio P\u00fablico.\u201d<\/p>\n\n\n\n<p>A alternativa A est\u00e1 incorreta, posto que est\u00e1 de acordo com art. 60 da Lei 6.015\/73: \u201cArt. 60. O registro conter\u00e1 o nome do pai ou da m\u00e3e, ainda que ileg\u00edtimos, quando qualquer deles for o declarante.\u201d<\/p>\n\n\n\n<p>A alternativa B est\u00e1 incorreta, posto que est\u00e1 de acordo com art. 59 da Lei 6.015\/73: \u201cArt. 59. Quando se tratar de filho ileg\u00edtimo, n\u00e3o ser\u00e1 declarado o nome do pai sem que este expressamente o autorize e compare\u00e7a, por si ou por procurador especial, para, reconhecendo-o, assinar, ou n\u00e3o sabendo ou n\u00e3o podendo, mandar assinar a seu rogo o respectivo assento com duas testemunhas.\u201d<\/p>\n\n\n\n<p>Ressalte-se que, em rela\u00e7\u00e3o \u00e0s alternativas A e B, a lei pro\u00edbe a hip\u00f3tese de se fazer refer\u00eancia a filia\u00e7\u00e3o leg\u00edtima e ileg\u00edtima, conforme art. 227, \u00a7 6\u00ba, da CF c\/c arts. 5\u00ba e 6\u00ba da Lei 8.560\/92: \u201c\u00a7 6\u00ba Os filhos, havidos ou n\u00e3o da rela\u00e7\u00e3o do casamento, ou por ado\u00e7\u00e3o, ter\u00e3o os mesmos direitos e qualifica\u00e7\u00f5es, proibidas quaisquer designa\u00e7\u00f5es discriminat\u00f3rias relativas \u00e0 filia\u00e7\u00e3o.\u201d e \u201cArt. 5\u00b0 No registro de nascimento n\u00e3o se far\u00e1 qualquer refer\u00eancia \u00e0 natureza da filia\u00e7\u00e3o, \u00e0 sua ordem em rela\u00e7\u00e3o a outros irm\u00e3os do mesmo prenome, exceto g\u00eameos, ao lugar e cart\u00f3rio do casamento dos pais e ao estado civil destes. Art. 6\u00b0 Das certid\u00f5es de nascimento n\u00e3o constar\u00e3o ind\u00edcios de a concep\u00e7\u00e3o haver sido decorrente de rela\u00e7\u00e3o extraconjugal.\u201dA alternativa C est\u00e1 incorreta, posto que est\u00e1 de acordo com art. 70 da Lei 6.015\/73: \u201cArt. 70. Do matrim\u00f4nio, logo depois de celebrado, ser\u00e1 lavrado assento, assinado pelo presidente do ato, os c\u00f4njuges, as testemunhas e o oficial, sendo exarados:\u201d<\/p>\n\n\n\n<p><strong>QUEST\u00c3O 10. Os fatos concernentes ao registro civil, que se derem a bordo dos navios de guerra e mercantes, em viagem, e no ex\u00e9rcito, em campanha, ser\u00e3o imediatamente registrados e comunicados em tempo oportuno, por c\u00f3pia aut\u00eantica, aos respectivos Minist\u00e9rios, a fim de que, atrav\u00e9s do Minist\u00e9rio da Justi\u00e7a, sejam ordenados os assentamentos, notas ou averba\u00e7\u00f5es nos livros competentes das circunscri\u00e7\u00f5es a que se referirem. Assim como este caso excepcional, a Lei n\u00ba 6015\/73 tamb\u00e9m estabelece normas para atos do registro civil realizados por autoridades consulares. Com base na citada Lei analise as afirma\u00e7\u00f5es contidas nos itens I ao IV e escolha a alternativa que qualifica corretamente cada uma das afirma\u00e7\u00f5es como Falsas (F) ou Verdadeiras (V).<\/strong><\/p>\n\n\n\n<p><strong>I. Os assentos de nascimento, \u00f3bito e de casamento de brasileiros em pa\u00eds estrangeiro ser\u00e3o considerados aut\u00eanticos, nos termos da lei do lugar em que forem feitos, legalizadas as certid\u00f5es pelos c\u00f4nsules ou quando por estes tomados, nos termos do regulamento consular.<\/strong><\/p>\n\n\n\n<p><strong>II. Os assentos relativos \u00e0s atribui\u00e7\u00f5es do registro civil de brasileiros em pa\u00eds estrangeiro ser\u00e3o transladados nos cart\u00f3rios de 1\u00ba Of\u00edcio do domic\u00edlio do registrado ou no 1\u00ba Of\u00edcio do Distrito Federal, em falta de domic\u00edlio conhecido, quando tiverem de produzir efeito no Pa\u00eds, ou, antes, por meio de segunda via que os c\u00f4nsules ser\u00e3o obrigados a remeter por interm\u00e9dio do Minist\u00e9rio das Rela\u00e7\u00f5es Exteriores.<\/strong><\/p>\n\n\n\n<p><strong>III. O filho de brasileiro ou brasileira, nascido no estrangeiro, e cujos pais n\u00e3o estejam ali a servi\u00e7o do Brasil, desde que registrado em consulado brasileiro ou n\u00e3o registrado, venha a residir no territ\u00f3rio nacional antes de atingir a maioridade, poder\u00e1 requerer, no ju\u00edzo de seu domic\u00edlio, se registre, no livro &#8220;E&#8221; do 1\u00ba Of\u00edcio do Registro Civil, o termo de nascimento.<\/strong><\/p>\n\n\n\n<p><strong>IV. Do termo e das respectivas certid\u00f5es do nascimento registrado na forma do item III desta quest\u00e3o constar\u00e1 que s\u00f3 valer\u00e3o como prova de nacionalidade brasileira, at\u00e9 2 anos depois de atingida a maioridade. Ent\u00e3o, dentro do prazo de 2 anos, depois de atingida a maioridade pelo interessado, este dever\u00e1 manifestar a sua op\u00e7\u00e3o pela nacionalidade brasileira perante o ju\u00edzo federal. Deferido o pedido, proceder-se-\u00e1 ao registro no livro &#8220;E&#8221; do Cart\u00f3rio do 1\u00ba Of\u00edcio do domic\u00edlio do optante. N\u00e3o sendo feita a op\u00e7\u00e3o, o oficial cancelar\u00e1, de of\u00edcio, o registro provis\u00f3rio.<\/strong><\/p>\n\n\n\n<p><strong>a) Somente o item IV tem uma afirma\u00e7\u00e3o falsa.<\/strong><\/p>\n\n\n\n<p><strong>b) Todos os itens s\u00e3o afirma\u00e7\u00f5es verdadeiras.<\/strong><\/p>\n\n\n\n<p><strong>c) Os itens II e III s\u00e3o afirma\u00e7\u00f5es falsas.<\/strong><\/p>\n\n\n\n<p><strong>d) Somente os itens III e IV s\u00e3o afirma\u00e7\u00f5es verdadeiras.<\/strong><\/p>\n\n\n\n<p><strong>Coment\u00e1rios<\/strong><\/p>\n\n\n\n<p>A alternativa correta a ser assinalada \u00e9 a <strong>letra<\/strong> <strong>A<\/strong>, pois somente o item IV tem uma afirma\u00e7\u00e3o falsa.<\/p>\n\n\n\n<p>O item I est\u00e1 correto. De acordo com art. 32 da lei 6.015\/73: \u201cArt. 32. Os assentos de nascimento, \u00f3bito e de casamento de brasileiros em pa\u00eds estrangeiro ser\u00e3o considerados aut\u00eanticos, nos termos da lei do lugar em que forem feitos, legalizadas as certid\u00f5es pelos c\u00f4nsules ou quando por estes tomados, nos termos do regulamento consular.\u201d<\/p>\n\n\n\n<p>O item II est\u00e1 correto. De acordo com art. 32, \u00a7 1\u00ba, da lei 6.015\/73, c\/c art. 1\u00ba da Resolu\u00e7\u00e3o 155\/2012-CNJ: \u201c\u00a7 1\u00ba Os assentos de que trata este artigo ser\u00e3o, por\u00e9m, transladados nos cart\u00f3rios de 1\u00ba Of\u00edcio do domic\u00edlio do registrado ou no 1\u00ba Of\u00edcio do Distrito Federal, em falta de domic\u00edlio conhecido, quando tiverem de produzir efeito no Pa\u00eds, ou, antes, por meio de segunda via que os c\u00f4nsules ser\u00e3o obrigados a remeter por interm\u00e9dio do Minist\u00e9rio das Rela\u00e7\u00f5es Exteriores.\u201d e \u201cArt. 1\u00ba O traslado de assentos de nascimento, casamento e \u00f3bito de brasileiros em pa\u00eds estrangeiro, tomados por autoridade consular brasileira, nos termos do regulamento consular, ou por autoridade estrangeira competente, a que se refere o caput do art. 32 da Lei n\u00ba 6.015\/1973, ser\u00e1 efetuado no Livro &#8220;E&#8221; do 1o Of\u00edcio de Registro Civil de Pessoas Naturais da Comarca do domic\u00edlio do interessado ou do 1\u00ba Of\u00edcio de Registro Civil de Pessoas Naturais do Distrito Federal, sem a necessidade de autoriza\u00e7\u00e3o judicial.\u201d<\/p>\n\n\n\n<p>O item III est\u00e1 correto. De acordo com art. 32, \u00a7 2\u00ba, da lei 6.015\/73: \u201c\u00a7 2\u00b0 O filho de brasileiro ou brasileira, nascido no estrangeiro, e cujos pais n\u00e3o estejam ali a servi\u00e7o do Brasil, desde que registrado em consulado brasileiro ou n\u00e3o registrado, venha a residir no territ\u00f3rio nacional antes de atingir a maioridade, poder\u00e1 requerer, no ju\u00edzo de seu domic\u00edlio, se registre, no livro &#8220;E&#8221; do 1\u00ba Of\u00edcio do Registro Civil, o termo de nascimento.\u201d<\/p>\n\n\n\n<p>O item IV est\u00e1 incorreto. De acordo com art. 32, \u00a7 4\u00ba, da lei 6.015\/73: \u201c\u00a7 4\u00ba Dentro do prazo de quatro anos, depois de atingida a maioridade pelo interessado referido no \u00a7 2\u00ba dever\u00e1 ele manifestar a sua op\u00e7\u00e3o pela nacionalidade brasileira perante o ju\u00edzo federal. Deferido o pedido, proceder-se-\u00e1 ao registro no livro &#8220;E&#8221; do Cart\u00f3rio do 1\u00ba Of\u00edcio do domic\u00edlio do optante.\u201d<\/p>\n\n\n\n<p>Ressalte-se que, em rela\u00e7\u00e3o ao item IV, n\u00e3o h\u00e1 mais previs\u00e3o de prazo para op\u00e7\u00e3o pela nacionalidade, conforme art. 213, \u00a72\u00ba, do Decreto 9.199\/15: \u201c\u00a7 2\u00ba A op\u00e7\u00e3o de nacionalidade \u00e9 ato personal\u00edssimo e dever\u00e1 ocorrer por meio de procedimento espec\u00edfico, de jurisdi\u00e7\u00e3o volunt\u00e1ria, perante a Justi\u00e7a Federal, a qualquer tempo, ap\u00f3s atingida a maioridade civil.\u201d<\/p>\n\n\n\n<p><strong>QUEST\u00c3O 18. Em dezembro de 2009, o Fundo das Na\u00e7\u00f5es Unidas para a Inf\u00e2ncia (UNICEF) publicou o relat\u00f3rio &#8220;Registro Civil para todas as crian\u00e7as at\u00e9 2030: Estamos no caminho?\u201d onde constou um balan\u00e7o da situa\u00e7\u00e3o do Registro Civil no mundo e uma proje\u00e7\u00e3o em rela\u00e7\u00e3o \u00e0 meta 16.9 da Agenda do Desenvolvimento Sustent\u00e1vel. O assunto ganhou especial relev\u00e2ncia para os servi\u00e7os extrajudiciais com a publica\u00e7\u00e3o, pelo E. Conselho Nacional de Justi\u00e7a (CNJ), do Provimento no 85\/2019 que disp\u00f5e sobre a ado\u00e7\u00e3o dos Objetivos de Desenvolvimento Sustent\u00e1vel pelas Corregedorias Gerais de Justi\u00e7a Estaduais e pelo Servi\u00e7o Extrajudicial. O assunto demonstra a import\u00e2ncia do trabalho realizado pelos registradores civis. Sobre os atos a serem registrados e averbados no registro civil de pessoas naturais, assinale a alternativa que cont\u00eam a afirma\u00e7\u00e3o INCORRETA.<\/strong><\/p>\n\n\n\n<p><strong>a) As senten\u00e7as que decidirem a nulidade ou anula\u00e7\u00e3o do casamento ser\u00e3o tornadas p\u00fablicas no registro civil de pessoas naturais por meio do ato de averba\u00e7\u00e3o.<\/strong><\/p>\n\n\n\n<p><strong>b) Ser\u00e3o averbados no registro civil de pessoas naturais os \u00f3bitos; as emancipa\u00e7\u00f5es e as interdi\u00e7\u00f5es.<\/strong><\/p>\n\n\n\n<p><strong>c) Ser\u00e3o averbadas no registro civil de pessoas naturais as escrituras de ado\u00e7\u00e3o, bem como as altera\u00e7\u00f5es ou abreviaturas de nomes, dentre outros atos de averba\u00e7\u00e3o.<\/strong><\/p>\n\n\n\n<p><strong>d) As emancipa\u00e7\u00f5es ser\u00e3o registradas no registro civil de pessoas naturais.<\/strong><\/p>\n\n\n\n<p><strong>Coment\u00e1rios<\/strong><\/p>\n\n\n\n<p>A alternativa correta a ser assinalada \u00e9 a <strong>letra<\/strong> <strong>B<\/strong>, pois \u00e9 a \u00fanica alternativa incorreta. De acordo com art. 107, caput e \u00a7 1\u00ba, da Lei 6.015\/73, trata-se de \u201canota\u00e7\u00e3o\u201d, e n\u00e3o de \u201caverba\u00e7\u00e3o\u201d. Veja: \u201cArt. 107. O \u00f3bito dever\u00e1 ser anotado, com as remiss\u00f5es rec\u00edprocas, nos assentos de casamento e nascimento, e o casamento no deste. \u00a7 1\u00ba A emancipa\u00e7\u00e3o, a interdi\u00e7\u00e3o e a aus\u00eancia ser\u00e3o anotadas pela mesma forma, nos assentos de nascimento e casamento, bem como a mudan\u00e7a do nome da mulher, em virtude de casamento, ou sua dissolu\u00e7\u00e3o, anula\u00e7\u00e3o ou desquite.\u201d<\/p>\n\n\n\n<p>A alternativa A est\u00e1 incorreta, posto que est\u00e1 de acordo com art. 29, \u00a7 1\u00ba, \u201ca\u201d, da Lei 6.015\/73: \u201c\u00a7 1\u00ba Ser\u00e3o averbados: a) as senten\u00e7as que decidirem a nulidade ou anula\u00e7\u00e3o do casamento, o desquite e o restabelecimento da sociedade conjugal;\u201d<\/p>\n\n\n\n<p>A alternativa C est\u00e1 incorreta, posto que est\u00e1 de acordo com art. 29, \u00a7 1\u00ba, \u201ce\u201d e \u201cf\u201d, da Lei 6.015\/73: \u201c\u00a7 1\u00ba Ser\u00e3o averbados: e) as escrituras de ado\u00e7\u00e3o e os atos que a dissolverem; f) as altera\u00e7\u00f5es ou abreviaturas de nomes.\u201d<\/p>\n\n\n\n<p>A alternativa D est\u00e1 incorreta, posto que est\u00e1 de acordo com art. 29, IV, da Lei 6.015\/73: \u201cArt. 29. Ser\u00e3o registrados no registro civil de pessoas naturais: IV &#8211; as emancipa\u00e7\u00f5es;\u201d<\/p>\n\n\n\n<p><strong>QUEST\u00c3O 19. Leia o texto abaixo e marque a alternativa que completa corretamente e sequencialmente os espa\u00e7os do enunciado, conforme o texto contido da Lei n\u00ba 6.015\/73, sobre atividade do registro civil de pessoas naturais: Os livros de ________ ser\u00e3o escriturados cronologicamente com o resumo do que constar dos _______ expedidos pelo pr\u00f3prio cart\u00f3rio ou recebidos de outros, todos assinados pelo oficial. As despesas de publica\u00e7\u00e3o do edital ser\u00e3o pagas pelo _______. __________ do edital de casamento conter\u00e1 todas as indica\u00e7\u00f5es quanto \u00e0 \u00e9poca de publica\u00e7\u00e3o e aos documentos apresentados, abrangendo tamb\u00e9m o ________ remetido por outro oficial processante.<\/strong><\/p>\n\n\n\n<p><strong>a) proclamas; editais; interessado; o registro; edital.<\/strong><\/p>\n\n\n\n<p><strong>b) casamentos; editais; oficial; a averba\u00e7\u00e3o; edital.<\/strong><\/p>\n\n\n\n<p><strong>c) casamentos; livros; oficial; o registro; jornal.<\/strong><\/p>\n\n\n\n<p><strong>d) proclamas; livros; interessado; a averba\u00e7\u00e3o; jornal.<\/strong><\/p>\n\n\n\n<p><strong>Coment\u00e1rios<\/strong><\/p>\n\n\n\n<p>A alternativa correta a ser assinalada \u00e9 a <strong>letra<\/strong> <strong>A<\/strong>. Conforme art. 43, caput e par\u00e1grafo \u00fanico, e art. 44, ambos da Lei 6.015\/73: \u201cArt. 43. Os livros de proclamas ser\u00e3o escriturados cronologicamente com o resumo do que constar dos editais expedidos pelo pr\u00f3prio cart\u00f3rio ou recebidos de outros, todos assinados pelo oficial. Par\u00e1grafo \u00fanico. As despesas de publica\u00e7\u00e3o do edital ser\u00e3o pagas pelo interessado. Art. 44. O registro do edital de casamento conter\u00e1 todas as indica\u00e7\u00f5es quanto \u00e0 \u00e9poca de publica\u00e7\u00e3o e aos documentos apresentados, abrangendo tamb\u00e9m o edital remetido por outro oficial processante.\u201d<\/p>\n\n\n\n<p>As demais alternativas, portanto, ficam automaticamente incorretas.<\/p>\n\n\n\n<p><strong>QUEST\u00c3O 21. Sobre o registro civil de nascimento, leia a senten\u00e7a e marque a alternativa que completa corretamente e sequencialmente os espa\u00e7os do enunciado, conforme o texto legal contido na Lei n\u00ba 6015\/73: Todo __________ que ocorrer no territ\u00f3rio nacional dever\u00e1 ser dado a _______, no lugar em que tiver ocorrido _______ ou no lugar da resid\u00eancia dos pais, dentro do prazo de _____ dias, que ser\u00e1 ampliado em at\u00e9 ______ meses para os lugares distantes mais de ______ quil\u00f4metros da sede do cart\u00f3rio.<\/strong><\/p>\n\n\n\n<p><strong>a) \u00f3bito; averba\u00e7\u00e3o; a morte; vinte; tr\u00eas; trinta.<\/strong><\/p>\n\n\n\n<p><strong>b) nascimento; registro; o parto; trinta; seis; dez.<\/strong><\/p>\n\n\n\n<p><strong>c) \u00f3bito; registro; a morte; quinze; tr\u00eas; vinte.<\/strong><\/p>\n\n\n\n<p><strong>d) nascimento; registro; o parto; quinze; tr\u00eas; trinta.<\/strong><\/p>\n\n\n\n<p><strong>Coment\u00e1rios<\/strong><\/p>\n\n\n\n<p>A alternativa correta a ser assinalada \u00e9 a <strong>letra<\/strong> <strong>D<\/strong>. Conforme art. 50 da Lei 6.015\/73: \u201cArt. 50. Todo nascimento que ocorrer no territ\u00f3rio nacional dever\u00e1 ser dado a registro, no lugar em que tiver ocorrido o parto ou no lugar da resid\u00eancia dos pais, dentro do prazo de quinze dias, que ser\u00e1 ampliado em at\u00e9 tr\u00eas meses para os lugares distantes mais de trinta quil\u00f4metros da sede do cart\u00f3rio.\u201d<\/p>\n\n\n\n<p>As demais alternativas, portanto, ficam automaticamente incorretas.<\/p>\n\n\n\n<p><strong>QUEST\u00c3O 22. A Lei n\u00ba Lei Federal n\u00ba 8.560\/1992 regula a investiga\u00e7\u00e3o de paternidade dos filhos havidos fora do casamento. Sobre o assunto assinale a alternativa que cont\u00e9m uma<\/strong> <strong>afirma\u00e7\u00e3o INCORRETA.<\/strong><\/p>\n\n\n\n<p><strong>a) No registro de nascimento se far\u00e1 por averba\u00e7\u00e3o, refer\u00eancia \u00e0 natureza da filia\u00e7\u00e3o e \u00e0 sua ordem em rela\u00e7\u00e3o a outros irm\u00e3os do mesmo prenome, ao lugar e cart\u00f3rio do casamento dos pais e ao estado civil destes.<\/strong><\/p>\n\n\n\n<p><strong>b) O filho maior n\u00e3o pode ser reconhecido sem o seu consentimento.<\/strong><\/p>\n\n\n\n<p><strong>c) \u00c9 vedado legitimar e reconhecer filho na ata do casamento, ressalvado o direito de averbar altera\u00e7\u00e3o do patron\u00edmico materno, em decorr\u00eancia do casamento, no termo de nascimento do filho.<\/strong><\/p>\n\n\n\n<p><strong>d) O reconhecimento dos filhos havidos fora do casamento \u00e9 irrevog\u00e1vel e ser\u00e1 feito no registro de nascimento; por escritura p\u00fablica ou escrito particular, a ser arquivado em cart\u00f3rio; por testamento, ainda que incidentalmente manifestado; por manifesta\u00e7\u00e3o expressa e direta perante o juiz, ainda que o reconhecimento n\u00e3o haja sido o objeto \u00fanico e principal do ato que o cont\u00e9m.<\/strong><\/p>\n\n\n\n<p><strong>Coment\u00e1rios<\/strong><\/p>\n\n\n\n<p>A alternativa correta a ser assinalada \u00e9 a <strong>letra<\/strong> <strong>A<\/strong>, pois \u00e9 a \u00fanica alternativa incorreta. De acordo com art. 6\u00ba, \u00a7 1\u00ba, da Lei 8.560\/92: \u201cArt. 6\u00b0 Das certid\u00f5es de nascimento n\u00e3o constar\u00e3o ind\u00edcios de a concep\u00e7\u00e3o haver sido decorrente de rela\u00e7\u00e3o extraconjugal. \u00a7 1\u00b0 N\u00e3o dever\u00e1 constar, em qualquer caso, o estado civil dos pais e a natureza da filia\u00e7\u00e3o, bem como o lugar e cart\u00f3rio do casamento, proibida refer\u00eancia \u00e0 presente lei.\u201d<\/p>\n\n\n\n<p>A alternativa B est\u00e1 incorreta, posto que est\u00e1 de acordo com art. 4\u00ba da Lei 8.560\/92: \u201cArt. 4\u00b0 O filho maior n\u00e3o pode ser reconhecido sem o seu consentimento.\u201d<\/p>\n\n\n\n<p>A alternativa C est\u00e1 incorreta, posto que est\u00e1 de acordo com art. 3\u00ba, caput e par\u00e1grafo \u00fanico, da Lei 8.560\/92: \u201cArt. 3\u00b0 E vedado legitimar e reconhecer filho na ata do casamento. Par\u00e1grafo \u00fanico. \u00c9 ressalvado o direito de averbar altera\u00e7\u00e3o do patron\u00edmico materno, em decorr\u00eancia do casamento, no termo de nascimento do filho.\u201d<\/p>\n\n\n\n<p>A alternativa D est\u00e1 incorreta, posto que est\u00e1 de acordo com art. 1\u00ba, caput e incisos, da Lei 8.560\/92: \u201cArt. 1\u00b0 O reconhecimento dos filhos havidos fora do casamento \u00e9 irrevog\u00e1vel e ser\u00e1 feito: I &#8211; no registro de nascimento; II &#8211; por escritura p\u00fablica ou escrito particular, a ser arquivado em cart\u00f3rio; III &#8211; por testamento, ainda que incidentalmente manifestado; IV &#8211; por manifesta\u00e7\u00e3o expressa e direta perante o juiz, ainda que o reconhecimento n\u00e3o haja sido o objeto \u00fanico e principal do ato que o cont\u00e9m.\u201d<\/p>\n\n\n\n<p><strong>QUEST\u00c3O 23. O casamento \u00e9 uma das atribui\u00e7\u00f5es do registro civil de pessoas naturais, cuja sistem\u00e1tica est\u00e1 prevista na Lei de Registros P\u00fabicos (LRP \u2013 Lei n\u00ba 6.015\/73). Sobre o assunto, assinale a alternativa INCORRETA.<\/strong><\/p>\n\n\n\n<p><strong>a) Na habilita\u00e7\u00e3o para o casamento, os interessados, apresentando os documentos exigidos pela lei civil, requerer\u00e3o ao oficial do registro do estado de resid\u00eancia de ambos os nubentes, que lhes expe\u00e7a certid\u00e3o que se acham habilitados para se casarem.<\/strong><\/p>\n\n\n\n<p><strong>b) Os nubentes habilitados para o casamento poder\u00e3o pedir ao oficial que lhe forne\u00e7a a respectiva certid\u00e3o, para se casarem perante autoridade ou ministro religioso, nela mencionando o prazo legal de validade da habilita\u00e7\u00e3o.<\/strong><\/p>\n\n\n\n<p><strong>c) A convers\u00e3o da uni\u00e3o est\u00e1vel em casamento dever\u00e1 ser requerida pelos companheiros perante o oficial de registro civil de pessoas naturais de sua resid\u00eancia.<\/strong><\/p>\n\n\n\n<p><strong>d) Do matrim\u00f4nio, logo depois de celebrado, ser\u00e1 lavrado assento, assinado pelo presidente do ato, os c\u00f4njuges, as testemunhas e o oficial de registro.<\/strong><\/p>\n\n\n\n<p><strong>Coment\u00e1rios<\/strong><\/p>\n\n\n\n<p>A alternativa correta a ser assinalada \u00e9 a <strong>letra<\/strong> <strong>A<\/strong>, pois \u00e9 a \u00fanica alternativa incorreta. De acordo com art. 67 da Lei 6.015\/73: \u201cArt. 67. Na habilita\u00e7\u00e3o para o casamento, os interessados, apresentando os documentos exigidos pela lei civil, requerer\u00e3o ao oficial do registro do distrito de resid\u00eancia de um dos nubentes, que lhes expe\u00e7a certid\u00e3o de que se acham habilitados para se casarem.\u201d<\/p>\n\n\n\n<p>A alternativa B est\u00e1 incorreta, posto que est\u00e1 de acordo com art. 71 da Lei 6.015\/73: \u201cArt. 71. Os nubentes habilitados para o casamento poder\u00e3o pedir ao oficial que lhe forne\u00e7a a respectiva certid\u00e3o, para se casarem perante autoridade ou ministro religioso, nela mencionando o prazo legal de validade da habilita\u00e7\u00e3o.\u201d<\/p>\n\n\n\n<p>A alternativa C est\u00e1 incorreta, posto que est\u00e1 de acordo com art. 70-A da Lei 6.015\/73: \u201cArt. 70-A. A convers\u00e3o da uni\u00e3o est\u00e1vel em casamento dever\u00e1 ser requerida pelos companheiros perante o oficial de registro civil de pessoas naturais de sua resid\u00eancia.\u201d<\/p>\n\n\n\n<p>A alternativa D est\u00e1 incorreta, posto que est\u00e1 de acordo com art. 70 da Lei 6.015\/73: \u201cArt. 70 Do matrim\u00f4nio, logo depois de celebrado, ser\u00e1 lavrado assento, assinado pelo presidente do ato, os c\u00f4njuges, as testemunhas e o oficial, sendo exarados:\u201d<\/p>\n\n\n\n<p class=\"has-text-align-center has-luminous-vivid-amber-to-luminous-vivid-orange-gradient-background has-background\"><a href=\"https:\/\/cj.estrategia.com\/portal\/concurso-cartorio-am\/\">Saiba mais: Concurso Cart\u00f3rio AM<\/a><\/p>\n\n\n\n<h2 class=\"wp-block-heading has-text-align-center\" id=\"cursos\"><span id=\"quer-saber-tudo-sobre-concursos-previstos-confira-nossos-artigos\">Quer saber tudo sobre concursos previstos? <br>Confira nossos artigos!<\/span><\/h2>\n\n\n\n\n\n<h2 class=\"wp-block-heading has-text-align-center\" id=\"cursos\"><span id=\"cursos-e-assinaturas\"><strong>Cursos e Assinaturas<\/strong><\/span><\/h2>\n\n\n\n\n\n<div class=\"wp-block-cover\" style=\"min-height:155px;aspect-ratio:unset;\"><img decoding=\"async\" width=\"1890\" height=\"351\" class=\"wp-block-cover__image-background wp-image-8669\" alt=\"Assinaturas Jur\u00eddicas\" src=\"https:\/\/cj.estrategia.com\/portal\/wp-content\/uploads\/2022\/06\/20151253\/concurso-carreiras-juridicas-assinatura-juridica.jpg\" style=\"object-position:78% 43%\" data-object-fit=\"cover\" data-object-position=\"78% 43%\" srcset=\"https:\/\/cj.estrategia.com\/portal\/wp-content\/uploads\/2022\/06\/20151253\/concurso-carreiras-juridicas-assinatura-juridica.jpg 1890w, https:\/\/cj.estrategia.com\/portal\/wp-content\/uploads\/2022\/06\/20151253\/concurso-carreiras-juridicas-assinatura-juridica-300x56.jpg 300w, https:\/\/cj.estrategia.com\/portal\/wp-content\/uploads\/2022\/06\/20151253\/concurso-carreiras-juridicas-assinatura-juridica-1024x190.jpg 1024w, https:\/\/cj.estrategia.com\/portal\/wp-content\/uploads\/2022\/06\/20151253\/concurso-carreiras-juridicas-assinatura-juridica-768x143.jpg 768w, https:\/\/cj.estrategia.com\/portal\/wp-content\/uploads\/2022\/06\/20151253\/concurso-carreiras-juridicas-assinatura-juridica-1536x285.jpg 1536w, https:\/\/cj.estrategia.com\/portal\/wp-content\/uploads\/2022\/06\/20151253\/concurso-carreiras-juridicas-assinatura-juridica-380x71.jpg 380w, https:\/\/cj.estrategia.com\/portal\/wp-content\/uploads\/2022\/06\/20151253\/concurso-carreiras-juridicas-assinatura-juridica-800x149.jpg 800w, https:\/\/cj.estrategia.com\/portal\/wp-content\/uploads\/2022\/06\/20151253\/concurso-carreiras-juridicas-assinatura-juridica-1160x215.jpg 1160w\" sizes=\"(max-width: 1890px) 100vw, 1890px\" \/><span aria-hidden=\"true\" class=\"wp-block-cover__background has-background-dim\"><\/span><div class=\"wp-block-cover__inner-container is-layout-flow wp-block-cover-is-layout-flow\">\n<h3 id=\"faca-a-sua-assinatura\" class=\"titulo-assinatura\"><span style=\"color: #ffffff;\">Fa\u00e7a a sua assinatura!<\/span><\/h3>\n<p class=\"subtitulo-assinatura\" style=\"display:block!important; line-height: 0;\"><span style=\"color: #ffffff;\">Escolha a sua \u00e1rea.<\/span><\/p>\n<a target=\"_blank\" href=\"https:\/\/www.estrategiaconcursos.com.br\/assinaturas-ecj\/\" rel=\"noopener\"><button style=\"border-radius: 10px; text-transform: capitalize;\">Acessar<\/button><\/a>\n<\/div><\/div>\n\n\n\n<p><\/p>\n","protected":false},"excerpt":{"rendered":"Ol\u00e1, pessoal, tudo certo?! Em 01\/10\/2023, foi aplicada a prova objetiva do concurso p\u00fablico para Provimento em Cart\u00f3rios&hellip;\n","protected":false},"author":12,"featured_media":34252,"comment_status":"open","ping_status":"open","sticky":false,"template":"","format":"standard","meta":{"_jetpack_memberships_contains_paid_content":false,"footnotes":""},"categories":[29],"tags":[],"tax_estado":[32],"class_list":{"0":"post-47186","1":"post","2":"type-post","3":"status-publish","4":"format-standard","5":"has-post-thumbnail","7":"category-cartorio","8":"tax_estado-am"},"acf":[],"yoast_head":"<!-- This site is optimized with the Yoast SEO Premium plugin v27.4 (Yoast SEO v27.4) - https:\/\/yoast.com\/product\/yoast-seo-premium-wordpress\/ -->\n<title>Prova comentada Registro Civil das Pessoas Naturais Cart\u00f3rio AM<\/title>\n<meta name=\"description\" content=\"Prova comentada Registro Civil das Pessoas Naturais Cart\u00f3rio AM: confira aqui os coment\u00e1rios dos professores do Estrat\u00e9gia e tire suas d\u00favidas\" \/>\n<meta name=\"robots\" content=\"index, follow, max-snippet:-1, max-image-preview:large, max-video-preview:-1\" \/>\n<link rel=\"canonical\" href=\"https:\/\/cj.estrategia.com\/portal\/prova-comentada-registro-civil-das-pessoas-naturais-cartorio-am\/\" \/>\n<meta property=\"og:locale\" content=\"pt_BR\" \/>\n<meta property=\"og:type\" content=\"article\" \/>\n<meta property=\"og:title\" content=\"Prova comentada Registro Civil das Pessoas Naturais Cart\u00f3rio AM\" \/>\n<meta property=\"og:description\" content=\"Prova comentada Registro Civil das Pessoas Naturais Cart\u00f3rio AM: confira aqui os coment\u00e1rios dos professores do Estrat\u00e9gia e tire suas d\u00favidas\" \/>\n<meta property=\"og:url\" content=\"https:\/\/cj.estrategia.com\/portal\/prova-comentada-registro-civil-das-pessoas-naturais-cartorio-am\/\" \/>\n<meta property=\"og:site_name\" content=\"Blog - Carreiras Jur\u00eddicas - Estrat\u00e9gia\" \/>\n<meta property=\"article:publisher\" content=\"https:\/\/www.facebook.com\/estrategiacarreirajuridica\/\" \/>\n<meta property=\"article:published_time\" content=\"2023-10-05T00:09:38+00:00\" \/>\n<meta property=\"article:modified_time\" content=\"2023-10-05T01:07:46+00:00\" \/>\n<meta property=\"og:image\" content=\"https:\/\/cj.estrategia.com\/portal\/wp-content\/uploads\/2023\/04\/20104322\/concurso-cartorio-tj-am.jpg\" \/>\n\t<meta property=\"og:image:width\" content=\"768\" \/>\n\t<meta property=\"og:image:height\" content=\"432\" \/>\n\t<meta property=\"og:image:type\" content=\"image\/jpeg\" \/>\n<meta name=\"author\" content=\"Coordena\u00e7\u00e3o\" \/>\n<meta name=\"twitter:card\" content=\"summary_large_image\" \/>\n<meta name=\"twitter:creator\" content=\"@EstratJuridica\" \/>\n<meta name=\"twitter:site\" content=\"@EstratJuridica\" \/>\n<meta name=\"twitter:label1\" content=\"Escrito por\" \/>\n\t<meta name=\"twitter:data1\" content=\"Coordena\u00e7\u00e3o\" \/>\n<script type=\"application\/ld+json\" class=\"yoast-schema-graph\">{\"@context\":\"https:\\\/\\\/schema.org\",\"@graph\":[{\"@type\":\"NewsArticle\",\"@id\":\"https:\\\/\\\/cj.estrategia.com\\\/portal\\\/prova-comentada-registro-civil-das-pessoas-naturais-cartorio-am\\\/#article\",\"isPartOf\":{\"@id\":\"https:\\\/\\\/cj.estrategia.com\\\/portal\\\/prova-comentada-registro-civil-das-pessoas-naturais-cartorio-am\\\/\"},\"author\":{\"name\":\"Coordena\u00e7\u00e3o\",\"@id\":\"https:\\\/\\\/cj.estrategia.com\\\/portal\\\/#\\\/schema\\\/person\\\/4d70317d31449932b99102916b6637f5\"},\"headline\":\"Prova comentada Registro Civil das Pessoas Naturais Cart\u00f3rio AM\",\"datePublished\":\"2023-10-05T00:09:38+00:00\",\"dateModified\":\"2023-10-05T01:07:46+00:00\",\"mainEntityOfPage\":{\"@id\":\"https:\\\/\\\/cj.estrategia.com\\\/portal\\\/prova-comentada-registro-civil-das-pessoas-naturais-cartorio-am\\\/\"},\"wordCount\":3943,\"commentCount\":0,\"publisher\":{\"@id\":\"https:\\\/\\\/cj.estrategia.com\\\/portal\\\/#organization\"},\"image\":{\"@id\":\"https:\\\/\\\/cj.estrategia.com\\\/portal\\\/prova-comentada-registro-civil-das-pessoas-naturais-cartorio-am\\\/#primaryimage\"},\"thumbnailUrl\":\"https:\\\/\\\/cj.estrategia.com\\\/portal\\\/wp-content\\\/uploads\\\/2023\\\/04\\\/20104322\\\/concurso-cartorio-tj-am.jpg\",\"articleSection\":[\"Cart\u00f3rio\"],\"inLanguage\":\"pt-BR\",\"potentialAction\":[{\"@type\":\"CommentAction\",\"name\":\"Comment\",\"target\":[\"https:\\\/\\\/cj.estrategia.com\\\/portal\\\/prova-comentada-registro-civil-das-pessoas-naturais-cartorio-am\\\/#respond\"]}]},{\"@type\":\"WebPage\",\"@id\":\"https:\\\/\\\/cj.estrategia.com\\\/portal\\\/prova-comentada-registro-civil-das-pessoas-naturais-cartorio-am\\\/\",\"url\":\"https:\\\/\\\/cj.estrategia.com\\\/portal\\\/prova-comentada-registro-civil-das-pessoas-naturais-cartorio-am\\\/\",\"name\":\"Prova comentada Registro Civil das Pessoas Naturais Cart\u00f3rio AM\",\"isPartOf\":{\"@id\":\"https:\\\/\\\/cj.estrategia.com\\\/portal\\\/#website\"},\"primaryImageOfPage\":{\"@id\":\"https:\\\/\\\/cj.estrategia.com\\\/portal\\\/prova-comentada-registro-civil-das-pessoas-naturais-cartorio-am\\\/#primaryimage\"},\"image\":{\"@id\":\"https:\\\/\\\/cj.estrategia.com\\\/portal\\\/prova-comentada-registro-civil-das-pessoas-naturais-cartorio-am\\\/#primaryimage\"},\"thumbnailUrl\":\"https:\\\/\\\/cj.estrategia.com\\\/portal\\\/wp-content\\\/uploads\\\/2023\\\/04\\\/20104322\\\/concurso-cartorio-tj-am.jpg\",\"datePublished\":\"2023-10-05T00:09:38+00:00\",\"dateModified\":\"2023-10-05T01:07:46+00:00\",\"description\":\"Prova comentada Registro Civil das Pessoas Naturais Cart\u00f3rio AM: confira aqui os coment\u00e1rios dos professores do Estrat\u00e9gia e tire suas d\u00favidas\",\"breadcrumb\":{\"@id\":\"https:\\\/\\\/cj.estrategia.com\\\/portal\\\/prova-comentada-registro-civil-das-pessoas-naturais-cartorio-am\\\/#breadcrumb\"},\"inLanguage\":\"pt-BR\",\"potentialAction\":[{\"@type\":\"ReadAction\",\"target\":[\"https:\\\/\\\/cj.estrategia.com\\\/portal\\\/prova-comentada-registro-civil-das-pessoas-naturais-cartorio-am\\\/\"]}]},{\"@type\":\"ImageObject\",\"inLanguage\":\"pt-BR\",\"@id\":\"https:\\\/\\\/cj.estrategia.com\\\/portal\\\/prova-comentada-registro-civil-das-pessoas-naturais-cartorio-am\\\/#primaryimage\",\"url\":\"https:\\\/\\\/cj.estrategia.com\\\/portal\\\/wp-content\\\/uploads\\\/2023\\\/04\\\/20104322\\\/concurso-cartorio-tj-am.jpg\",\"contentUrl\":\"https:\\\/\\\/cj.estrategia.com\\\/portal\\\/wp-content\\\/uploads\\\/2023\\\/04\\\/20104322\\\/concurso-cartorio-tj-am.jpg\",\"width\":768,\"height\":432,\"caption\":\"Concurso Cart\u00f3rio AM\"},{\"@type\":\"BreadcrumbList\",\"@id\":\"https:\\\/\\\/cj.estrategia.com\\\/portal\\\/prova-comentada-registro-civil-das-pessoas-naturais-cartorio-am\\\/#breadcrumb\",\"itemListElement\":[{\"@type\":\"ListItem\",\"position\":1,\"name\":\"In\u00edcio\",\"item\":\"https:\\\/\\\/cj.estrategia.com\\\/portal\\\/\"},{\"@type\":\"ListItem\",\"position\":2,\"name\":\"Prova comentada Registro Civil das Pessoas Naturais Cart\u00f3rio AM\"}]},{\"@type\":\"WebSite\",\"@id\":\"https:\\\/\\\/cj.estrategia.com\\\/portal\\\/#website\",\"url\":\"https:\\\/\\\/cj.estrategia.com\\\/portal\\\/\",\"name\":\"Blog - Carreiras Jur\u00eddicas - Estrat\u00e9gia\",\"description\":\"\",\"publisher\":{\"@id\":\"https:\\\/\\\/cj.estrategia.com\\\/portal\\\/#organization\"},\"potentialAction\":[{\"@type\":\"SearchAction\",\"target\":{\"@type\":\"EntryPoint\",\"urlTemplate\":\"https:\\\/\\\/cj.estrategia.com\\\/portal\\\/?s={search_term_string}\"},\"query-input\":{\"@type\":\"PropertyValueSpecification\",\"valueRequired\":true,\"valueName\":\"search_term_string\"}}],\"inLanguage\":\"pt-BR\"},{\"@type\":\"Organization\",\"@id\":\"https:\\\/\\\/cj.estrategia.com\\\/portal\\\/#organization\",\"name\":\"Estrat\u00e9gia - Carreiras Jur\u00eddicas\",\"url\":\"https:\\\/\\\/cj.estrategia.com\\\/portal\\\/\",\"logo\":{\"@type\":\"ImageObject\",\"inLanguage\":\"pt-BR\",\"@id\":\"https:\\\/\\\/cj.estrategia.com\\\/portal\\\/#\\\/schema\\\/logo\\\/image\\\/\",\"url\":\"https:\\\/\\\/cj.estrategia.com\\\/portal\\\/wp-content\\\/uploads\\\/2022\\\/03\\\/11151052\\\/cj-logo.png\",\"contentUrl\":\"https:\\\/\\\/cj.estrategia.com\\\/portal\\\/wp-content\\\/uploads\\\/2022\\\/03\\\/11151052\\\/cj-logo.png\",\"width\":150,\"height\":39,\"caption\":\"Estrat\u00e9gia - Carreiras Jur\u00eddicas\"},\"image\":{\"@id\":\"https:\\\/\\\/cj.estrategia.com\\\/portal\\\/#\\\/schema\\\/logo\\\/image\\\/\"},\"sameAs\":[\"https:\\\/\\\/www.facebook.com\\\/estrategiacarreirajuridica\\\/\",\"https:\\\/\\\/x.com\\\/EstratJuridica\",\"https:\\\/\\\/www.instagram.com\\\/estrategiacarreirajuridica\\\/\",\"https:\\\/\\\/www.youtube.com\\\/channel\\\/UClbMGuYbj2Mh1m3w144ETWQ\"]},{\"@type\":\"Person\",\"@id\":\"https:\\\/\\\/cj.estrategia.com\\\/portal\\\/#\\\/schema\\\/person\\\/4d70317d31449932b99102916b6637f5\",\"name\":\"Coordena\u00e7\u00e3o\",\"image\":{\"@type\":\"ImageObject\",\"inLanguage\":\"pt-BR\",\"@id\":\"https:\\\/\\\/cj.estrategia.com\\\/portal\\\/wp-content\\\/uploads\\\/2022\\\/05\\\/12164923\\\/estrategia-carreira-juridica-coordenacao-96x96.png\",\"url\":\"https:\\\/\\\/cj.estrategia.com\\\/portal\\\/wp-content\\\/uploads\\\/2022\\\/05\\\/12164923\\\/estrategia-carreira-juridica-coordenacao-96x96.png\",\"contentUrl\":\"https:\\\/\\\/cj.estrategia.com\\\/portal\\\/wp-content\\\/uploads\\\/2022\\\/05\\\/12164923\\\/estrategia-carreira-juridica-coordenacao-96x96.png\",\"caption\":\"Coordena\u00e7\u00e3o\"},\"url\":\"https:\\\/\\\/cj.estrategia.com\\\/portal\\\/author\\\/coordenacao\\\/\"}]}<\/script>\n<!-- \/ Yoast SEO Premium plugin. -->","yoast_head_json":{"title":"Prova comentada Registro Civil das Pessoas Naturais Cart\u00f3rio AM","description":"Prova comentada Registro Civil das Pessoas Naturais Cart\u00f3rio AM: confira aqui os coment\u00e1rios dos professores do Estrat\u00e9gia e tire suas d\u00favidas","robots":{"index":"index","follow":"follow","max-snippet":"max-snippet:-1","max-image-preview":"max-image-preview:large","max-video-preview":"max-video-preview:-1"},"canonical":"https:\/\/cj.estrategia.com\/portal\/prova-comentada-registro-civil-das-pessoas-naturais-cartorio-am\/","og_locale":"pt_BR","og_type":"article","og_title":"Prova comentada Registro Civil das Pessoas Naturais Cart\u00f3rio AM","og_description":"Prova comentada Registro Civil das Pessoas Naturais Cart\u00f3rio AM: confira aqui os coment\u00e1rios dos professores do Estrat\u00e9gia e tire suas d\u00favidas","og_url":"https:\/\/cj.estrategia.com\/portal\/prova-comentada-registro-civil-das-pessoas-naturais-cartorio-am\/","og_site_name":"Blog - Carreiras Jur\u00eddicas - Estrat\u00e9gia","article_publisher":"https:\/\/www.facebook.com\/estrategiacarreirajuridica\/","article_published_time":"2023-10-05T00:09:38+00:00","article_modified_time":"2023-10-05T01:07:46+00:00","og_image":[{"width":768,"height":432,"url":"https:\/\/cj.estrategia.com\/portal\/wp-content\/uploads\/2023\/04\/20104322\/concurso-cartorio-tj-am.jpg","type":"image\/jpeg"}],"author":"Coordena\u00e7\u00e3o","twitter_card":"summary_large_image","twitter_creator":"@EstratJuridica","twitter_site":"@EstratJuridica","twitter_misc":{"Escrito por":"Coordena\u00e7\u00e3o"},"schema":{"@context":"https:\/\/schema.org","@graph":[{"@type":"NewsArticle","@id":"https:\/\/cj.estrategia.com\/portal\/prova-comentada-registro-civil-das-pessoas-naturais-cartorio-am\/#article","isPartOf":{"@id":"https:\/\/cj.estrategia.com\/portal\/prova-comentada-registro-civil-das-pessoas-naturais-cartorio-am\/"},"author":{"name":"Coordena\u00e7\u00e3o","@id":"https:\/\/cj.estrategia.com\/portal\/#\/schema\/person\/4d70317d31449932b99102916b6637f5"},"headline":"Prova comentada Registro Civil das Pessoas Naturais Cart\u00f3rio AM","datePublished":"2023-10-05T00:09:38+00:00","dateModified":"2023-10-05T01:07:46+00:00","mainEntityOfPage":{"@id":"https:\/\/cj.estrategia.com\/portal\/prova-comentada-registro-civil-das-pessoas-naturais-cartorio-am\/"},"wordCount":3943,"commentCount":0,"publisher":{"@id":"https:\/\/cj.estrategia.com\/portal\/#organization"},"image":{"@id":"https:\/\/cj.estrategia.com\/portal\/prova-comentada-registro-civil-das-pessoas-naturais-cartorio-am\/#primaryimage"},"thumbnailUrl":"https:\/\/cj.estrategia.com\/portal\/wp-content\/uploads\/2023\/04\/20104322\/concurso-cartorio-tj-am.jpg","articleSection":["Cart\u00f3rio"],"inLanguage":"pt-BR","potentialAction":[{"@type":"CommentAction","name":"Comment","target":["https:\/\/cj.estrategia.com\/portal\/prova-comentada-registro-civil-das-pessoas-naturais-cartorio-am\/#respond"]}]},{"@type":"WebPage","@id":"https:\/\/cj.estrategia.com\/portal\/prova-comentada-registro-civil-das-pessoas-naturais-cartorio-am\/","url":"https:\/\/cj.estrategia.com\/portal\/prova-comentada-registro-civil-das-pessoas-naturais-cartorio-am\/","name":"Prova comentada Registro Civil das Pessoas Naturais Cart\u00f3rio AM","isPartOf":{"@id":"https:\/\/cj.estrategia.com\/portal\/#website"},"primaryImageOfPage":{"@id":"https:\/\/cj.estrategia.com\/portal\/prova-comentada-registro-civil-das-pessoas-naturais-cartorio-am\/#primaryimage"},"image":{"@id":"https:\/\/cj.estrategia.com\/portal\/prova-comentada-registro-civil-das-pessoas-naturais-cartorio-am\/#primaryimage"},"thumbnailUrl":"https:\/\/cj.estrategia.com\/portal\/wp-content\/uploads\/2023\/04\/20104322\/concurso-cartorio-tj-am.jpg","datePublished":"2023-10-05T00:09:38+00:00","dateModified":"2023-10-05T01:07:46+00:00","description":"Prova comentada Registro Civil das Pessoas Naturais Cart\u00f3rio AM: confira aqui os coment\u00e1rios dos professores do Estrat\u00e9gia e tire suas d\u00favidas","breadcrumb":{"@id":"https:\/\/cj.estrategia.com\/portal\/prova-comentada-registro-civil-das-pessoas-naturais-cartorio-am\/#breadcrumb"},"inLanguage":"pt-BR","potentialAction":[{"@type":"ReadAction","target":["https:\/\/cj.estrategia.com\/portal\/prova-comentada-registro-civil-das-pessoas-naturais-cartorio-am\/"]}]},{"@type":"ImageObject","inLanguage":"pt-BR","@id":"https:\/\/cj.estrategia.com\/portal\/prova-comentada-registro-civil-das-pessoas-naturais-cartorio-am\/#primaryimage","url":"https:\/\/cj.estrategia.com\/portal\/wp-content\/uploads\/2023\/04\/20104322\/concurso-cartorio-tj-am.jpg","contentUrl":"https:\/\/cj.estrategia.com\/portal\/wp-content\/uploads\/2023\/04\/20104322\/concurso-cartorio-tj-am.jpg","width":768,"height":432,"caption":"Concurso Cart\u00f3rio AM"},{"@type":"BreadcrumbList","@id":"https:\/\/cj.estrategia.com\/portal\/prova-comentada-registro-civil-das-pessoas-naturais-cartorio-am\/#breadcrumb","itemListElement":[{"@type":"ListItem","position":1,"name":"In\u00edcio","item":"https:\/\/cj.estrategia.com\/portal\/"},{"@type":"ListItem","position":2,"name":"Prova comentada Registro Civil das Pessoas Naturais Cart\u00f3rio AM"}]},{"@type":"WebSite","@id":"https:\/\/cj.estrategia.com\/portal\/#website","url":"https:\/\/cj.estrategia.com\/portal\/","name":"Blog - Carreiras Jur\u00eddicas - Estrat\u00e9gia","description":"","publisher":{"@id":"https:\/\/cj.estrategia.com\/portal\/#organization"},"potentialAction":[{"@type":"SearchAction","target":{"@type":"EntryPoint","urlTemplate":"https:\/\/cj.estrategia.com\/portal\/?s={search_term_string}"},"query-input":{"@type":"PropertyValueSpecification","valueRequired":true,"valueName":"search_term_string"}}],"inLanguage":"pt-BR"},{"@type":"Organization","@id":"https:\/\/cj.estrategia.com\/portal\/#organization","name":"Estrat\u00e9gia - Carreiras Jur\u00eddicas","url":"https:\/\/cj.estrategia.com\/portal\/","logo":{"@type":"ImageObject","inLanguage":"pt-BR","@id":"https:\/\/cj.estrategia.com\/portal\/#\/schema\/logo\/image\/","url":"https:\/\/cj.estrategia.com\/portal\/wp-content\/uploads\/2022\/03\/11151052\/cj-logo.png","contentUrl":"https:\/\/cj.estrategia.com\/portal\/wp-content\/uploads\/2022\/03\/11151052\/cj-logo.png","width":150,"height":39,"caption":"Estrat\u00e9gia - Carreiras Jur\u00eddicas"},"image":{"@id":"https:\/\/cj.estrategia.com\/portal\/#\/schema\/logo\/image\/"},"sameAs":["https:\/\/www.facebook.com\/estrategiacarreirajuridica\/","https:\/\/x.com\/EstratJuridica","https:\/\/www.instagram.com\/estrategiacarreirajuridica\/","https:\/\/www.youtube.com\/channel\/UClbMGuYbj2Mh1m3w144ETWQ"]},{"@type":"Person","@id":"https:\/\/cj.estrategia.com\/portal\/#\/schema\/person\/4d70317d31449932b99102916b6637f5","name":"Coordena\u00e7\u00e3o","image":{"@type":"ImageObject","inLanguage":"pt-BR","@id":"https:\/\/cj.estrategia.com\/portal\/wp-content\/uploads\/2022\/05\/12164923\/estrategia-carreira-juridica-coordenacao-96x96.png","url":"https:\/\/cj.estrategia.com\/portal\/wp-content\/uploads\/2022\/05\/12164923\/estrategia-carreira-juridica-coordenacao-96x96.png","contentUrl":"https:\/\/cj.estrategia.com\/portal\/wp-content\/uploads\/2022\/05\/12164923\/estrategia-carreira-juridica-coordenacao-96x96.png","caption":"Coordena\u00e7\u00e3o"},"url":"https:\/\/cj.estrategia.com\/portal\/author\/coordenacao\/"}]}},"jetpack_featured_media_url":"https:\/\/cj.estrategia.com\/portal\/wp-content\/uploads\/2023\/04\/20104322\/concurso-cartorio-tj-am.jpg","jetpack_sharing_enabled":true,"_links":{"self":[{"href":"https:\/\/cj.estrategia.com\/portal\/wp-json\/wp\/v2\/posts\/47186","targetHints":{"allow":["GET"]}}],"collection":[{"href":"https:\/\/cj.estrategia.com\/portal\/wp-json\/wp\/v2\/posts"}],"about":[{"href":"https:\/\/cj.estrategia.com\/portal\/wp-json\/wp\/v2\/types\/post"}],"author":[{"embeddable":true,"href":"https:\/\/cj.estrategia.com\/portal\/wp-json\/wp\/v2\/users\/12"}],"replies":[{"embeddable":true,"href":"https:\/\/cj.estrategia.com\/portal\/wp-json\/wp\/v2\/comments?post=47186"}],"version-history":[{"count":2,"href":"https:\/\/cj.estrategia.com\/portal\/wp-json\/wp\/v2\/posts\/47186\/revisions"}],"predecessor-version":[{"id":47222,"href":"https:\/\/cj.estrategia.com\/portal\/wp-json\/wp\/v2\/posts\/47186\/revisions\/47222"}],"wp:featuredmedia":[{"embeddable":true,"href":"https:\/\/cj.estrategia.com\/portal\/wp-json\/wp\/v2\/media\/34252"}],"wp:attachment":[{"href":"https:\/\/cj.estrategia.com\/portal\/wp-json\/wp\/v2\/media?parent=47186"}],"wp:term":[{"taxonomy":"category","embeddable":true,"href":"https:\/\/cj.estrategia.com\/portal\/wp-json\/wp\/v2\/categories?post=47186"},{"taxonomy":"post_tag","embeddable":true,"href":"https:\/\/cj.estrategia.com\/portal\/wp-json\/wp\/v2\/tags?post=47186"},{"taxonomy":"tax_estado","embeddable":true,"href":"https:\/\/cj.estrategia.com\/portal\/wp-json\/wp\/v2\/tax_estado?post=47186"}],"curies":[{"name":"wp","href":"https:\/\/api.w.org\/{rel}","templated":true}]}}