{"id":47045,"date":"2023-10-03T11:19:43","date_gmt":"2023-10-03T14:19:43","guid":{"rendered":"https:\/\/cj.estrategia.com\/portal\/?p=47045"},"modified":"2023-10-03T11:20:18","modified_gmt":"2023-10-03T14:20:18","slug":"prova-comentada-direito-empresarial-dpe-rj-defensor","status":"publish","type":"post","link":"https:\/\/cj.estrategia.com\/portal\/prova-comentada-direito-empresarial-dpe-rj-defensor\/","title":{"rendered":"Prova Comentada Direito Empresarial DPE RJ Defensor"},"content":{"rendered":"\n<p>Em 01\/10\/2023, foi aplicada a prova objetiva do concurso p\u00fablico para <strong>Defensoria P\u00fablica do Estado do Rio de Janeiro<\/strong>. Assim que divulgado o gabarito preliminar oficial, nosso time de professores analisou cada uma das quest\u00f5es que agora ser\u00e3o apresentadas em nossa <strong>PROVA COMENTADA<\/strong>.<\/p>\n\n\n\n<p>Este material visa a auxili\u00e1-los na aferi\u00e7\u00e3o das notas, elabora\u00e7\u00e3o de eventuais recursos, bem como na revis\u00e3o do conte\u00fado cobrado no certame.<\/p>\n\n\n\n<p>Desde j\u00e1, destacamos que nossos professores identificaram 7 quest\u00f5es pass\u00edveis de recursos, por apresentarem duas ou nenhuma alternativa correta, como veremos adiante. No tipo de prova comentado, trata-se das quest\u00f5es 11, 30, 41, 42, 43, 49 e 65.<\/p>\n\n\n\n<p>De modo complementar, elaboramos tamb\u00e9m o <strong><a href=\"https:\/\/cj.estrategia.com\/cadernos-e-simulados\/simulados\/45019f6c-28ac-4b10-9d4f-e81673dc38cd\">RANKING da DPE-RJ<\/a><\/strong>, em que nossos alunos e seguidores poder\u00e3o inserir suas respostas \u00e0 prova, e, ao final, aferir sua nota, de acordo com o gabarito preliminar oficial. <\/p>\n\n\n\n<p>Al\u00e9m disso, montamos um caderno para nossos seguidores, alunos ou n\u00e3o, verem os coment\u00e1rios e comentar as quest\u00f5es da prova: Clique <strong><a href=\"https:\/\/cj.estrategia.com\/cadernos-e-simulados\/cadernos\/931542e1-3d3a-4b4c-8c80-4478575812c7\">AQUI<\/a><\/strong> e saiba mais!<\/p>\n\n\n\n<p>Por fim, comentaremos a prova, as quest\u00f5es mais pol\u00eamicas, as possibilidades de recurso, bem como a estimativa da nota de corte no <a href=\"https:\/\/www.youtube.com\/@EstrategiaCarreiraJuridica\"><strong>TERM\u00d4METRO P\u00d3S-PROVA<\/strong>, <\/a>no nosso canal do Youtube. Inscreva-se e ative as notifica\u00e7\u00f5es!<\/p>\n\n\n\n<p>Esperamos que gostem do material e de todos os novos projetos que preparamos para que avancem rumo \u00e0 aprova\u00e7\u00e3o.<\/p>\n\n\n\n<p>Confira todas as provas comentadas no link abaixo:<\/p>\n\n\n\n<p class=\"has-text-align-center has-luminous-vivid-amber-to-luminous-vivid-orange-gradient-background has-background\"><a href=\"https:\/\/cj.estrategia.com\/portal\/gabarito-extraoficial-dpe-rj-defensor\/\">Gabarito Extraoficial &#8211; DPE RJ Defensor<\/a><\/p>\n\n\n\n<h2 class=\"wp-block-heading\" id=\"h-prova-comentada-direito-empresarial\"><span id=\"prova-comentada-direito-empresarial\"><mark style=\"background-color:rgba(0, 0, 0, 0)\" class=\"has-inline-color has-vivid-red-color\">Prova comentada Direito Empresarial<\/mark><\/span><\/h2>\n\n\n\n<p><strong>QUEST\u00c3O 29. Quanto \u00e0s regras aplic\u00e1veis ao Direito Empresarial, \u00e9 correto afirmar que:<\/strong><\/p>\n\n\n\n<p><strong>a) dissolve-se a sociedade simples quando ocorrer a delibera\u00e7\u00e3o dos s\u00f3cios, por maioria simples, se a sociedade for de prazo indeterminado;<\/strong><\/p>\n\n\n\n<p><strong>b) sendo simples a sociedade, o empres\u00e1rio casado n\u00e3o pode, sem a outorga conjugal, qualquer que seja o regime de bens, alienar os im\u00f3veis que integrem o patrim\u00f4nio da empresa ou grav\u00e1-los de \u00f4nus real;<\/strong><\/p>\n\n\n\n<p><strong>c) al\u00e9m dos casos previstos na lei ou no contrato, qualquer s\u00f3cio na sociedade simples pode retirar-se da sociedade; se de prazo indeterminado, mediante notifica\u00e7\u00e3o aos demais s\u00f3cios, com anteced\u00eancia m\u00ednima de trinta dias; se de prazo determinado, provando judicialmente justa causa;<\/strong><\/p>\n\n\n\n<p><strong>d) na sociedade limitada, a responsabilidade de cada s\u00f3cio \u00e9 restrita ao valor de suas quotas, mas todos respondem solidariamente pela integraliza\u00e7\u00e3o do capital social. Havendo casos omissos quanto \u00e0s regras aplicadas \u00e0 sociedade limitada, aplicar-se-\u00e3o as regras concernentes \u00e0 sociedade simples;<\/strong><\/p>\n\n\n\n<p><strong>e) sendo simples a sociedade, poder\u00e1 ser dissolvida judicialmente, a requerimento de qualquer dos s\u00f3cios, quando anulada a sua constitui\u00e7\u00e3o, exaurido o fim social, ou verificada a sua inexequibilidade, n\u00e3o podendo por contrato serem previstas outras causas de dissolu\u00e7\u00e3o.<\/strong><\/p>\n\n\n\n<p><strong>Coment\u00e1rio.<\/strong><\/p>\n\n\n\n<p>A resposta correta \u00e9 a <strong>letra D<\/strong>. A quest\u00e3o trata do tema sociedades empresariais.<\/p>\n\n\n\n<p>A alternativa A est\u00e1 incorreta. O qu\u00f3rum \u00e9 de maioria absoluta e n\u00e3o simples, conforme artigo 1.033, III, do C\u00f3digo Civil: \u201cArt. 1.033. Dissolve-se a sociedade quando ocorrer: III &#8211; a delibera\u00e7\u00e3o dos s\u00f3cios, por maioria absoluta, na sociedade de prazo indeterminado\u201d.<\/p>\n\n\n\n<p>A alternativa B est\u00e1 incorreta. O empres\u00e1rio pode alienar os im\u00f3veis, conforme artigo 978&nbsp; do C\u00f3digo Civil: \u201cArt. 978. O empres\u00e1rio casado pode, sem necessidade de outorga conjugal, qualquer que seja o regime de bens, alienar os im\u00f3veis que integrem o patrim\u00f4nio da empresa ou grav\u00e1-los de \u00f4nus real\u201d.<\/p>\n\n\n\n<p>A alternativa C est\u00e1 incorreta. O prazo \u00e9 de sessenta dias, conforme artigo 1.029 do C\u00f3digo Civil: \u201cArt. 1.029. Al\u00e9m dos casos previstos na lei ou no contrato, qualquer s\u00f3cio pode retirar-se da sociedade; se de prazo indeterminado, mediante notifica\u00e7\u00e3o aos demais s\u00f3cios, com anteced\u00eancia m\u00ednima de sessenta dias; se de prazo determinado, provando judicialmente justa causa\u201d.<\/p>\n\n\n\n<p>A alternativa D est\u00e1 correta. Conforme artigo 1.052 e 1.053 do C\u00f3digo Civil: \u201cArt. 1.052. Na sociedade limitada, a responsabilidade de cada s\u00f3cio \u00e9 restrita ao valor de suas quotas, mas todos respondem solidariamente pela integraliza\u00e7\u00e3o do capital social. (&#8230;) Art. 1.053. A sociedade limitada rege-se, nas omiss\u00f5es deste Cap\u00edtulo, pelas normas da sociedade simples\u201d.<\/p>\n\n\n\n<p>A alternativa E est\u00e1 incorreta. O contrato social pode prever outras formas e causas de dissolu\u00e7\u00e3o, conforme artigo 1.035 do C\u00f3digo Civil: \u201cArt. 1.035. O contrato pode prever outras causas de dissolu\u00e7\u00e3o, a serem verificadas judicialmente quando contestadas\u201d.<\/p>\n\n\n\n<p><strong>QUEST\u00c3O 30. Acerca do aval, \u00e9 correto afirmar que:<\/strong><\/p>\n\n\n\n<p><strong>a) deve constar do t\u00edtulo de cr\u00e9dito, e o indiv\u00edduo estranho \u00e0 rela\u00e7\u00e3o jur\u00eddica cambi\u00e1ria n\u00e3o pode figurar como avalista;<\/strong><\/p>\n\n\n\n<p><strong>b) trata-se de genu\u00edna garantia cambi\u00e1ria, n\u00e3o se admitindo o aval parcial;<\/strong><\/p>\n\n\n\n<p><strong>c) trata-se de garantia fidejuss\u00f3ria tal como a cau\u00e7\u00e3o e, sendo prestado na parte frontal do t\u00edtulo, se materializa com a simples assinatura do garantidor;<\/strong><\/p>\n\n\n\n<p><strong>d) \u00e9 garantia real prestada ao credor de um t\u00edtulo de cr\u00e9dito e pode ser prestado em momento posterior ao vencimento da obriga\u00e7\u00e3o cambial;<\/strong><\/p>\n\n\n\n<p><strong>e) o avalista assume obriga\u00e7\u00e3o solid\u00e1ria com o devedor, muito embora exista acessoriedade entre o aval e a obriga\u00e7\u00e3o do devedor.<\/strong><\/p>\n\n\n\n<p><strong>Coment\u00e1rios<\/strong><\/p>\n\n\n\n<p><strong>Quest\u00e3o pass\u00edvel de recurso!<\/strong> A resposta dada como correta foi a <strong>letra C, contudo a alternativa n\u00e3o se mostra certa. <\/strong>A quest\u00e3o trata de t\u00edtulos de cr\u00e9dito.<\/p>\n\n\n\n<p>A alternativa A est\u00e1 incorreta. O aval pode ser dado por pessoa estranha \u00e0 rela\u00e7\u00e3o, conforme artigo 29 da Lei 7.357\/85: \u201cArt. 29 O pagamento do cheque pode ser garantido, no todo ou em parte, por aval prestado por terceiro, exceto o sacado, ou mesmo por signat\u00e1rio do t\u00edtulo\u201d.<\/p>\n\n\n\n<p>A alternativa B est\u00e1 incorreta. Embora o C\u00f3digo Civil tenha veda\u00e7\u00e3o quanto ao aval parcial em seu artigo 897, par\u00e1grafo \u00fanico, algumas leis especiais admitem a figura do aval parcial, como o acima citado artigo 29 da Lei 7.357\/85 aplic\u00e1vel aos cheques.<\/p>\n\n\n\n<p>A alternativa C est\u00e1 incorreta. A cau\u00e7\u00e3o n\u00e3o \u00e9 necessariamente garantia fidejuss\u00f3ria (personal\u00edssima, baseada na fid\u00facia, na confian\u00e7a), j\u00e1 que pode ser garantia real vinculada a um bem (hipoteca, penhor, etc).<\/p>\n\n\n\n<p>A alternativa D est\u00e1 incorreta. Embora possa ser dado em momento posterior ao vencimento, o aval n\u00e3o \u00e9 garantia real, mas garantia fidejuss\u00f3ria (personal\u00edssima, baseada na fid\u00facia, na confian\u00e7a).<\/p>\n\n\n\n<p>A alternativa E est\u00e1 correta. Conforme artigo 899 do C\u00f3digo Civil: \u201cArt. 899. O avalista equipara-se \u00e0quele cujo nome indicar; na falta de indica\u00e7\u00e3o, ao emitente ou devedor final\u201d. No mesmo sentido, artigo 31 da lei 7.357\/85: \u201cArt. 31 O avalista se obriga da mesma maneira que o avaliado. Subsiste sua obriga\u00e7\u00e3o, ainda que nula a por ele garantida, salvo se a nulidade resultar de v\u00edcio de forma.\u201d<\/p>\n\n\n\n<p class=\"has-text-align-center has-luminous-vivid-amber-background-color has-background has-medium-font-size\"><strong><a href=\"https:\/\/cj.estrategia.com\/portal\/concurso-dpe-rj-defensor\/\">Saiba mais: Concurso DPE RJ Defensor<\/a><\/strong><\/p>\n\n\n\n<h2 class=\"wp-block-heading has-text-align-center\" id=\"cursos\"><span id=\"quer-saber-tudo-sobre-concursos-previstosconfira-nossos-artigos\">Quer saber tudo sobre concursos previstos?<br><strong>Confira nossos artigos!<\/strong><\/span><\/h2>\n\n\n\n<ul class=\"wp-block-list\">\n<li><a href=\"https:\/\/cj.estrategia.com\/portal\/concursos-abertos-carreiras-juridicas\/\" target=\"_blank\" >Concursos jur\u00eddicos abertos<\/a><\/li>\n\n\n\n<li><a href=\"https:\/\/cj.estrategia.com\/portal\/concursos-2023-carreiras-juridicas\/\" target=\"_blank\" >Concursos jur\u00eddicos 2023<\/a><\/li>\n\n\n\n<li><a href=\"https:\/\/cj.estrategia.com\/portal\/concursos-2024-carreiras-juridicas\/\" target=\"_blank\" >Concursos jur\u00eddicos 2024<\/a><\/li>\n<\/ul>\n\n\n\n<h2 class=\"wp-block-heading has-text-align-center\" id=\"assinatura-e-cursos\"><span id=\"quer-estudar-para-o-concurso-dpe-rj-defensor\"><strong><em>Quer estudar para o concurso DPE RJ Defensor?<\/em><\/strong><\/span><\/h2>\n\n\n\n<h2 class=\"wp-block-heading has-text-align-center\" id=\"cursos-ficha\"><span id=\"cursos-e-assinaturas\">Cursos e Assinaturas<\/span><\/h2>\n\n\n\n<p>O Estrat\u00e9gia Carreira Jur\u00eddica \u00e9 campe\u00e3o de aprova\u00e7\u00f5es nos concursos para Carreiras Jur\u00eddicas com um corpo docente qualificado e materiais completos. Conhe\u00e7a nossos cursos e garanta sua aprova\u00e7\u00e3o:<\/p>\n\n\n\n<div class=\"wp-block-cover\" style=\"min-height:155px;aspect-ratio:unset;\"><img decoding=\"async\" width=\"1890\" height=\"351\" class=\"wp-block-cover__image-background wp-image-8669\" alt=\"Assinaturas Jur\u00eddicas\" src=\"https:\/\/cj.estrategia.com\/portal\/wp-content\/uploads\/2022\/06\/20151253\/concurso-carreiras-juridicas-assinatura-juridica.jpg\" style=\"object-position:78% 43%\" data-object-fit=\"cover\" data-object-position=\"78% 43%\" srcset=\"https:\/\/cj.estrategia.com\/portal\/wp-content\/uploads\/2022\/06\/20151253\/concurso-carreiras-juridicas-assinatura-juridica.jpg 1890w, https:\/\/cj.estrategia.com\/portal\/wp-content\/uploads\/2022\/06\/20151253\/concurso-carreiras-juridicas-assinatura-juridica-300x56.jpg 300w, https:\/\/cj.estrategia.com\/portal\/wp-content\/uploads\/2022\/06\/20151253\/concurso-carreiras-juridicas-assinatura-juridica-1024x190.jpg 1024w, https:\/\/cj.estrategia.com\/portal\/wp-content\/uploads\/2022\/06\/20151253\/concurso-carreiras-juridicas-assinatura-juridica-768x143.jpg 768w, https:\/\/cj.estrategia.com\/portal\/wp-content\/uploads\/2022\/06\/20151253\/concurso-carreiras-juridicas-assinatura-juridica-1536x285.jpg 1536w, https:\/\/cj.estrategia.com\/portal\/wp-content\/uploads\/2022\/06\/20151253\/concurso-carreiras-juridicas-assinatura-juridica-380x71.jpg 380w, https:\/\/cj.estrategia.com\/portal\/wp-content\/uploads\/2022\/06\/20151253\/concurso-carreiras-juridicas-assinatura-juridica-800x149.jpg 800w, https:\/\/cj.estrategia.com\/portal\/wp-content\/uploads\/2022\/06\/20151253\/concurso-carreiras-juridicas-assinatura-juridica-1160x215.jpg 1160w\" sizes=\"(max-width: 1890px) 100vw, 1890px\" \/><span aria-hidden=\"true\" class=\"wp-block-cover__background has-background-dim\"><\/span><div class=\"wp-block-cover__inner-container is-layout-flow wp-block-cover-is-layout-flow\">\n<h3 id=\"faca-a-sua-assinatura\" class=\"titulo-assinatura\"><span style=\"color: #ffffff;\">Fa\u00e7a a sua assinatura!<\/span><\/h3>\n<p class=\"subtitulo-assinatura\" style=\"display:block!important; line-height: 0;\"><span style=\"color: #ffffff;\">Escolha a sua \u00e1rea.<\/span><\/p>\n<a target=\"_blank\" href=\"https:\/\/www.estrategiaconcursos.com.br\/assinaturas-ecj\/\" rel=\"noopener\"><button style=\"border-radius: 10px; text-transform: capitalize;\">Acessar<\/button><\/a>\n<\/div><\/div>\n\n\n\n\n\n<p><em>Prepare-se com o melhor material e com quem mais aprova<\/em>!<\/p>\n","protected":false},"excerpt":{"rendered":"Em 01\/10\/2023, foi aplicada a prova objetiva do concurso p\u00fablico para Defensoria P\u00fablica do Estado do Rio de&hellip;\n","protected":false},"author":12,"featured_media":33449,"comment_status":"open","ping_status":"open","sticky":false,"template":"","format":"standard","meta":{"_jetpack_memberships_contains_paid_content":false,"footnotes":""},"categories":[1,27],"tags":[],"tax_estado":[49],"class_list":{"0":"post-47045","1":"post","2":"type-post","3":"status-publish","4":"format-standard","5":"has-post-thumbnail","7":"category-carreiras-juridicas","8":"category-defensoria","9":"tax_estado-rj"},"acf":[],"yoast_head":"<!-- This site is optimized with the Yoast SEO Premium plugin v27.4 (Yoast SEO v27.4) - https:\/\/yoast.com\/product\/yoast-seo-premium-wordpress\/ -->\n<title>Prova Comentada Direito Empresarial DPE RJ Defensor<\/title>\n<meta name=\"description\" content=\"Prova Comentada Direito Empresarial DPE RJ Defensor: Confira todas as quest\u00f5es comentadas da prova e saia na frente!\" \/>\n<meta name=\"robots\" content=\"index, follow, max-snippet:-1, max-image-preview:large, max-video-preview:-1\" \/>\n<link rel=\"canonical\" href=\"https:\/\/cj.estrategia.com\/portal\/prova-comentada-direito-empresarial-dpe-rj-defensor\/\" \/>\n<meta property=\"og:locale\" content=\"pt_BR\" \/>\n<meta property=\"og:type\" content=\"article\" \/>\n<meta property=\"og:title\" content=\"Prova Comentada Direito Empresarial DPE RJ Defensor\" \/>\n<meta property=\"og:description\" content=\"Prova Comentada Direito Empresarial DPE RJ Defensor: Confira todas as quest\u00f5es comentadas da prova e saia na frente!\" \/>\n<meta property=\"og:url\" content=\"https:\/\/cj.estrategia.com\/portal\/prova-comentada-direito-empresarial-dpe-rj-defensor\/\" \/>\n<meta property=\"og:site_name\" content=\"Blog - Carreiras Jur\u00eddicas - Estrat\u00e9gia\" \/>\n<meta property=\"article:publisher\" content=\"https:\/\/www.facebook.com\/estrategiacarreirajuridica\/\" \/>\n<meta property=\"article:published_time\" content=\"2023-10-03T14:19:43+00:00\" \/>\n<meta property=\"article:modified_time\" content=\"2023-10-03T14:20:18+00:00\" \/>\n<meta property=\"og:image\" content=\"https:\/\/cj.estrategia.com\/portal\/wp-content\/uploads\/2023\/04\/12151453\/concurso-dpe-rj-defensor.jpg\" \/>\n\t<meta property=\"og:image:width\" content=\"768\" \/>\n\t<meta property=\"og:image:height\" content=\"432\" \/>\n\t<meta property=\"og:image:type\" content=\"image\/jpeg\" \/>\n<meta name=\"author\" content=\"Coordena\u00e7\u00e3o\" \/>\n<meta name=\"twitter:card\" content=\"summary_large_image\" \/>\n<meta name=\"twitter:creator\" content=\"@EstratJuridica\" \/>\n<meta name=\"twitter:site\" content=\"@EstratJuridica\" \/>\n<meta name=\"twitter:label1\" content=\"Escrito por\" \/>\n\t<meta name=\"twitter:data1\" content=\"Coordena\u00e7\u00e3o\" \/>\n\t<meta name=\"twitter:label2\" content=\"Est. tempo de leitura\" \/>\n\t<meta name=\"twitter:data2\" content=\"7 minutos\" \/>\n<script type=\"application\/ld+json\" class=\"yoast-schema-graph\">{\"@context\":\"https:\\\/\\\/schema.org\",\"@graph\":[{\"@type\":\"NewsArticle\",\"@id\":\"https:\\\/\\\/cj.estrategia.com\\\/portal\\\/prova-comentada-direito-empresarial-dpe-rj-defensor\\\/#article\",\"isPartOf\":{\"@id\":\"https:\\\/\\\/cj.estrategia.com\\\/portal\\\/prova-comentada-direito-empresarial-dpe-rj-defensor\\\/\"},\"author\":{\"name\":\"Coordena\u00e7\u00e3o\",\"@id\":\"https:\\\/\\\/cj.estrategia.com\\\/portal\\\/#\\\/schema\\\/person\\\/4d70317d31449932b99102916b6637f5\"},\"headline\":\"Prova Comentada Direito Empresarial DPE RJ Defensor\",\"datePublished\":\"2023-10-03T14:19:43+00:00\",\"dateModified\":\"2023-10-03T14:20:18+00:00\",\"mainEntityOfPage\":{\"@id\":\"https:\\\/\\\/cj.estrategia.com\\\/portal\\\/prova-comentada-direito-empresarial-dpe-rj-defensor\\\/\"},\"wordCount\":1200,\"commentCount\":0,\"publisher\":{\"@id\":\"https:\\\/\\\/cj.estrategia.com\\\/portal\\\/#organization\"},\"image\":{\"@id\":\"https:\\\/\\\/cj.estrategia.com\\\/portal\\\/prova-comentada-direito-empresarial-dpe-rj-defensor\\\/#primaryimage\"},\"thumbnailUrl\":\"https:\\\/\\\/cj.estrategia.com\\\/portal\\\/wp-content\\\/uploads\\\/2023\\\/04\\\/12151453\\\/concurso-dpe-rj-defensor.jpg\",\"articleSection\":[\"Carreiras Jur\u00eddicas\",\"Defensoria\"],\"inLanguage\":\"pt-BR\",\"potentialAction\":[{\"@type\":\"CommentAction\",\"name\":\"Comment\",\"target\":[\"https:\\\/\\\/cj.estrategia.com\\\/portal\\\/prova-comentada-direito-empresarial-dpe-rj-defensor\\\/#respond\"]}]},{\"@type\":\"WebPage\",\"@id\":\"https:\\\/\\\/cj.estrategia.com\\\/portal\\\/prova-comentada-direito-empresarial-dpe-rj-defensor\\\/\",\"url\":\"https:\\\/\\\/cj.estrategia.com\\\/portal\\\/prova-comentada-direito-empresarial-dpe-rj-defensor\\\/\",\"name\":\"Prova Comentada Direito Empresarial DPE RJ Defensor\",\"isPartOf\":{\"@id\":\"https:\\\/\\\/cj.estrategia.com\\\/portal\\\/#website\"},\"primaryImageOfPage\":{\"@id\":\"https:\\\/\\\/cj.estrategia.com\\\/portal\\\/prova-comentada-direito-empresarial-dpe-rj-defensor\\\/#primaryimage\"},\"image\":{\"@id\":\"https:\\\/\\\/cj.estrategia.com\\\/portal\\\/prova-comentada-direito-empresarial-dpe-rj-defensor\\\/#primaryimage\"},\"thumbnailUrl\":\"https:\\\/\\\/cj.estrategia.com\\\/portal\\\/wp-content\\\/uploads\\\/2023\\\/04\\\/12151453\\\/concurso-dpe-rj-defensor.jpg\",\"datePublished\":\"2023-10-03T14:19:43+00:00\",\"dateModified\":\"2023-10-03T14:20:18+00:00\",\"description\":\"Prova Comentada Direito Empresarial DPE RJ Defensor: Confira todas as quest\u00f5es comentadas da prova e saia na frente!\",\"breadcrumb\":{\"@id\":\"https:\\\/\\\/cj.estrategia.com\\\/portal\\\/prova-comentada-direito-empresarial-dpe-rj-defensor\\\/#breadcrumb\"},\"inLanguage\":\"pt-BR\",\"potentialAction\":[{\"@type\":\"ReadAction\",\"target\":[\"https:\\\/\\\/cj.estrategia.com\\\/portal\\\/prova-comentada-direito-empresarial-dpe-rj-defensor\\\/\"]}]},{\"@type\":\"ImageObject\",\"inLanguage\":\"pt-BR\",\"@id\":\"https:\\\/\\\/cj.estrategia.com\\\/portal\\\/prova-comentada-direito-empresarial-dpe-rj-defensor\\\/#primaryimage\",\"url\":\"https:\\\/\\\/cj.estrategia.com\\\/portal\\\/wp-content\\\/uploads\\\/2023\\\/04\\\/12151453\\\/concurso-dpe-rj-defensor.jpg\",\"contentUrl\":\"https:\\\/\\\/cj.estrategia.com\\\/portal\\\/wp-content\\\/uploads\\\/2023\\\/04\\\/12151453\\\/concurso-dpe-rj-defensor.jpg\",\"width\":768,\"height\":432,\"caption\":\"concurso dpe rj defensor\"},{\"@type\":\"BreadcrumbList\",\"@id\":\"https:\\\/\\\/cj.estrategia.com\\\/portal\\\/prova-comentada-direito-empresarial-dpe-rj-defensor\\\/#breadcrumb\",\"itemListElement\":[{\"@type\":\"ListItem\",\"position\":1,\"name\":\"In\u00edcio\",\"item\":\"https:\\\/\\\/cj.estrategia.com\\\/portal\\\/\"},{\"@type\":\"ListItem\",\"position\":2,\"name\":\"Prova Comentada Direito Empresarial DPE RJ Defensor\"}]},{\"@type\":\"WebSite\",\"@id\":\"https:\\\/\\\/cj.estrategia.com\\\/portal\\\/#website\",\"url\":\"https:\\\/\\\/cj.estrategia.com\\\/portal\\\/\",\"name\":\"Blog - Carreiras Jur\u00eddicas - Estrat\u00e9gia\",\"description\":\"\",\"publisher\":{\"@id\":\"https:\\\/\\\/cj.estrategia.com\\\/portal\\\/#organization\"},\"potentialAction\":[{\"@type\":\"SearchAction\",\"target\":{\"@type\":\"EntryPoint\",\"urlTemplate\":\"https:\\\/\\\/cj.estrategia.com\\\/portal\\\/?s={search_term_string}\"},\"query-input\":{\"@type\":\"PropertyValueSpecification\",\"valueRequired\":true,\"valueName\":\"search_term_string\"}}],\"inLanguage\":\"pt-BR\"},{\"@type\":\"Organization\",\"@id\":\"https:\\\/\\\/cj.estrategia.com\\\/portal\\\/#organization\",\"name\":\"Estrat\u00e9gia - Carreiras Jur\u00eddicas\",\"url\":\"https:\\\/\\\/cj.estrategia.com\\\/portal\\\/\",\"logo\":{\"@type\":\"ImageObject\",\"inLanguage\":\"pt-BR\",\"@id\":\"https:\\\/\\\/cj.estrategia.com\\\/portal\\\/#\\\/schema\\\/logo\\\/image\\\/\",\"url\":\"https:\\\/\\\/cj.estrategia.com\\\/portal\\\/wp-content\\\/uploads\\\/2022\\\/03\\\/11151052\\\/cj-logo.png\",\"contentUrl\":\"https:\\\/\\\/cj.estrategia.com\\\/portal\\\/wp-content\\\/uploads\\\/2022\\\/03\\\/11151052\\\/cj-logo.png\",\"width\":150,\"height\":39,\"caption\":\"Estrat\u00e9gia - Carreiras Jur\u00eddicas\"},\"image\":{\"@id\":\"https:\\\/\\\/cj.estrategia.com\\\/portal\\\/#\\\/schema\\\/logo\\\/image\\\/\"},\"sameAs\":[\"https:\\\/\\\/www.facebook.com\\\/estrategiacarreirajuridica\\\/\",\"https:\\\/\\\/x.com\\\/EstratJuridica\",\"https:\\\/\\\/www.instagram.com\\\/estrategiacarreirajuridica\\\/\",\"https:\\\/\\\/www.youtube.com\\\/channel\\\/UClbMGuYbj2Mh1m3w144ETWQ\"]},{\"@type\":\"Person\",\"@id\":\"https:\\\/\\\/cj.estrategia.com\\\/portal\\\/#\\\/schema\\\/person\\\/4d70317d31449932b99102916b6637f5\",\"name\":\"Coordena\u00e7\u00e3o\",\"image\":{\"@type\":\"ImageObject\",\"inLanguage\":\"pt-BR\",\"@id\":\"https:\\\/\\\/cj.estrategia.com\\\/portal\\\/wp-content\\\/uploads\\\/2022\\\/05\\\/12164923\\\/estrategia-carreira-juridica-coordenacao-96x96.png\",\"url\":\"https:\\\/\\\/cj.estrategia.com\\\/portal\\\/wp-content\\\/uploads\\\/2022\\\/05\\\/12164923\\\/estrategia-carreira-juridica-coordenacao-96x96.png\",\"contentUrl\":\"https:\\\/\\\/cj.estrategia.com\\\/portal\\\/wp-content\\\/uploads\\\/2022\\\/05\\\/12164923\\\/estrategia-carreira-juridica-coordenacao-96x96.png\",\"caption\":\"Coordena\u00e7\u00e3o\"},\"url\":\"https:\\\/\\\/cj.estrategia.com\\\/portal\\\/author\\\/coordenacao\\\/\"}]}<\/script>\n<!-- \/ Yoast SEO Premium plugin. -->","yoast_head_json":{"title":"Prova Comentada Direito Empresarial DPE RJ Defensor","description":"Prova Comentada Direito Empresarial DPE RJ Defensor: Confira todas as quest\u00f5es comentadas da prova e saia na frente!","robots":{"index":"index","follow":"follow","max-snippet":"max-snippet:-1","max-image-preview":"max-image-preview:large","max-video-preview":"max-video-preview:-1"},"canonical":"https:\/\/cj.estrategia.com\/portal\/prova-comentada-direito-empresarial-dpe-rj-defensor\/","og_locale":"pt_BR","og_type":"article","og_title":"Prova Comentada Direito Empresarial DPE RJ Defensor","og_description":"Prova Comentada Direito Empresarial DPE RJ Defensor: Confira todas as quest\u00f5es comentadas da prova e saia na frente!","og_url":"https:\/\/cj.estrategia.com\/portal\/prova-comentada-direito-empresarial-dpe-rj-defensor\/","og_site_name":"Blog - Carreiras Jur\u00eddicas - Estrat\u00e9gia","article_publisher":"https:\/\/www.facebook.com\/estrategiacarreirajuridica\/","article_published_time":"2023-10-03T14:19:43+00:00","article_modified_time":"2023-10-03T14:20:18+00:00","og_image":[{"width":768,"height":432,"url":"https:\/\/cj.estrategia.com\/portal\/wp-content\/uploads\/2023\/04\/12151453\/concurso-dpe-rj-defensor.jpg","type":"image\/jpeg"}],"author":"Coordena\u00e7\u00e3o","twitter_card":"summary_large_image","twitter_creator":"@EstratJuridica","twitter_site":"@EstratJuridica","twitter_misc":{"Escrito por":"Coordena\u00e7\u00e3o","Est. tempo de leitura":"7 minutos"},"schema":{"@context":"https:\/\/schema.org","@graph":[{"@type":"NewsArticle","@id":"https:\/\/cj.estrategia.com\/portal\/prova-comentada-direito-empresarial-dpe-rj-defensor\/#article","isPartOf":{"@id":"https:\/\/cj.estrategia.com\/portal\/prova-comentada-direito-empresarial-dpe-rj-defensor\/"},"author":{"name":"Coordena\u00e7\u00e3o","@id":"https:\/\/cj.estrategia.com\/portal\/#\/schema\/person\/4d70317d31449932b99102916b6637f5"},"headline":"Prova Comentada Direito Empresarial DPE RJ Defensor","datePublished":"2023-10-03T14:19:43+00:00","dateModified":"2023-10-03T14:20:18+00:00","mainEntityOfPage":{"@id":"https:\/\/cj.estrategia.com\/portal\/prova-comentada-direito-empresarial-dpe-rj-defensor\/"},"wordCount":1200,"commentCount":0,"publisher":{"@id":"https:\/\/cj.estrategia.com\/portal\/#organization"},"image":{"@id":"https:\/\/cj.estrategia.com\/portal\/prova-comentada-direito-empresarial-dpe-rj-defensor\/#primaryimage"},"thumbnailUrl":"https:\/\/cj.estrategia.com\/portal\/wp-content\/uploads\/2023\/04\/12151453\/concurso-dpe-rj-defensor.jpg","articleSection":["Carreiras Jur\u00eddicas","Defensoria"],"inLanguage":"pt-BR","potentialAction":[{"@type":"CommentAction","name":"Comment","target":["https:\/\/cj.estrategia.com\/portal\/prova-comentada-direito-empresarial-dpe-rj-defensor\/#respond"]}]},{"@type":"WebPage","@id":"https:\/\/cj.estrategia.com\/portal\/prova-comentada-direito-empresarial-dpe-rj-defensor\/","url":"https:\/\/cj.estrategia.com\/portal\/prova-comentada-direito-empresarial-dpe-rj-defensor\/","name":"Prova Comentada Direito Empresarial DPE RJ Defensor","isPartOf":{"@id":"https:\/\/cj.estrategia.com\/portal\/#website"},"primaryImageOfPage":{"@id":"https:\/\/cj.estrategia.com\/portal\/prova-comentada-direito-empresarial-dpe-rj-defensor\/#primaryimage"},"image":{"@id":"https:\/\/cj.estrategia.com\/portal\/prova-comentada-direito-empresarial-dpe-rj-defensor\/#primaryimage"},"thumbnailUrl":"https:\/\/cj.estrategia.com\/portal\/wp-content\/uploads\/2023\/04\/12151453\/concurso-dpe-rj-defensor.jpg","datePublished":"2023-10-03T14:19:43+00:00","dateModified":"2023-10-03T14:20:18+00:00","description":"Prova Comentada Direito Empresarial DPE RJ Defensor: Confira todas as quest\u00f5es comentadas da prova e saia na frente!","breadcrumb":{"@id":"https:\/\/cj.estrategia.com\/portal\/prova-comentada-direito-empresarial-dpe-rj-defensor\/#breadcrumb"},"inLanguage":"pt-BR","potentialAction":[{"@type":"ReadAction","target":["https:\/\/cj.estrategia.com\/portal\/prova-comentada-direito-empresarial-dpe-rj-defensor\/"]}]},{"@type":"ImageObject","inLanguage":"pt-BR","@id":"https:\/\/cj.estrategia.com\/portal\/prova-comentada-direito-empresarial-dpe-rj-defensor\/#primaryimage","url":"https:\/\/cj.estrategia.com\/portal\/wp-content\/uploads\/2023\/04\/12151453\/concurso-dpe-rj-defensor.jpg","contentUrl":"https:\/\/cj.estrategia.com\/portal\/wp-content\/uploads\/2023\/04\/12151453\/concurso-dpe-rj-defensor.jpg","width":768,"height":432,"caption":"concurso dpe rj defensor"},{"@type":"BreadcrumbList","@id":"https:\/\/cj.estrategia.com\/portal\/prova-comentada-direito-empresarial-dpe-rj-defensor\/#breadcrumb","itemListElement":[{"@type":"ListItem","position":1,"name":"In\u00edcio","item":"https:\/\/cj.estrategia.com\/portal\/"},{"@type":"ListItem","position":2,"name":"Prova Comentada Direito Empresarial DPE RJ Defensor"}]},{"@type":"WebSite","@id":"https:\/\/cj.estrategia.com\/portal\/#website","url":"https:\/\/cj.estrategia.com\/portal\/","name":"Blog - Carreiras Jur\u00eddicas - Estrat\u00e9gia","description":"","publisher":{"@id":"https:\/\/cj.estrategia.com\/portal\/#organization"},"potentialAction":[{"@type":"SearchAction","target":{"@type":"EntryPoint","urlTemplate":"https:\/\/cj.estrategia.com\/portal\/?s={search_term_string}"},"query-input":{"@type":"PropertyValueSpecification","valueRequired":true,"valueName":"search_term_string"}}],"inLanguage":"pt-BR"},{"@type":"Organization","@id":"https:\/\/cj.estrategia.com\/portal\/#organization","name":"Estrat\u00e9gia - Carreiras Jur\u00eddicas","url":"https:\/\/cj.estrategia.com\/portal\/","logo":{"@type":"ImageObject","inLanguage":"pt-BR","@id":"https:\/\/cj.estrategia.com\/portal\/#\/schema\/logo\/image\/","url":"https:\/\/cj.estrategia.com\/portal\/wp-content\/uploads\/2022\/03\/11151052\/cj-logo.png","contentUrl":"https:\/\/cj.estrategia.com\/portal\/wp-content\/uploads\/2022\/03\/11151052\/cj-logo.png","width":150,"height":39,"caption":"Estrat\u00e9gia - Carreiras Jur\u00eddicas"},"image":{"@id":"https:\/\/cj.estrategia.com\/portal\/#\/schema\/logo\/image\/"},"sameAs":["https:\/\/www.facebook.com\/estrategiacarreirajuridica\/","https:\/\/x.com\/EstratJuridica","https:\/\/www.instagram.com\/estrategiacarreirajuridica\/","https:\/\/www.youtube.com\/channel\/UClbMGuYbj2Mh1m3w144ETWQ"]},{"@type":"Person","@id":"https:\/\/cj.estrategia.com\/portal\/#\/schema\/person\/4d70317d31449932b99102916b6637f5","name":"Coordena\u00e7\u00e3o","image":{"@type":"ImageObject","inLanguage":"pt-BR","@id":"https:\/\/cj.estrategia.com\/portal\/wp-content\/uploads\/2022\/05\/12164923\/estrategia-carreira-juridica-coordenacao-96x96.png","url":"https:\/\/cj.estrategia.com\/portal\/wp-content\/uploads\/2022\/05\/12164923\/estrategia-carreira-juridica-coordenacao-96x96.png","contentUrl":"https:\/\/cj.estrategia.com\/portal\/wp-content\/uploads\/2022\/05\/12164923\/estrategia-carreira-juridica-coordenacao-96x96.png","caption":"Coordena\u00e7\u00e3o"},"url":"https:\/\/cj.estrategia.com\/portal\/author\/coordenacao\/"}]}},"jetpack_featured_media_url":"https:\/\/cj.estrategia.com\/portal\/wp-content\/uploads\/2023\/04\/12151453\/concurso-dpe-rj-defensor.jpg","jetpack_sharing_enabled":true,"_links":{"self":[{"href":"https:\/\/cj.estrategia.com\/portal\/wp-json\/wp\/v2\/posts\/47045","targetHints":{"allow":["GET"]}}],"collection":[{"href":"https:\/\/cj.estrategia.com\/portal\/wp-json\/wp\/v2\/posts"}],"about":[{"href":"https:\/\/cj.estrategia.com\/portal\/wp-json\/wp\/v2\/types\/post"}],"author":[{"embeddable":true,"href":"https:\/\/cj.estrategia.com\/portal\/wp-json\/wp\/v2\/users\/12"}],"replies":[{"embeddable":true,"href":"https:\/\/cj.estrategia.com\/portal\/wp-json\/wp\/v2\/comments?post=47045"}],"version-history":[{"count":1,"href":"https:\/\/cj.estrategia.com\/portal\/wp-json\/wp\/v2\/posts\/47045\/revisions"}],"predecessor-version":[{"id":47046,"href":"https:\/\/cj.estrategia.com\/portal\/wp-json\/wp\/v2\/posts\/47045\/revisions\/47046"}],"wp:featuredmedia":[{"embeddable":true,"href":"https:\/\/cj.estrategia.com\/portal\/wp-json\/wp\/v2\/media\/33449"}],"wp:attachment":[{"href":"https:\/\/cj.estrategia.com\/portal\/wp-json\/wp\/v2\/media?parent=47045"}],"wp:term":[{"taxonomy":"category","embeddable":true,"href":"https:\/\/cj.estrategia.com\/portal\/wp-json\/wp\/v2\/categories?post=47045"},{"taxonomy":"post_tag","embeddable":true,"href":"https:\/\/cj.estrategia.com\/portal\/wp-json\/wp\/v2\/tags?post=47045"},{"taxonomy":"tax_estado","embeddable":true,"href":"https:\/\/cj.estrategia.com\/portal\/wp-json\/wp\/v2\/tax_estado?post=47045"}],"curies":[{"name":"wp","href":"https:\/\/api.w.org\/{rel}","templated":true}]}}