{"id":46962,"date":"2023-10-02T22:23:16","date_gmt":"2023-10-03T01:23:16","guid":{"rendered":"https:\/\/cj.estrategia.com\/portal\/?p=46962"},"modified":"2023-10-02T22:23:19","modified_gmt":"2023-10-03T01:23:19","slug":"prova-comentada-direito-financeiro-pge-pa-procurador","status":"publish","type":"post","link":"https:\/\/cj.estrategia.com\/portal\/prova-comentada-direito-financeiro-pge-pa-procurador\/","title":{"rendered":"Prova Comentada Direito Financeiro PGE PA Procurador!"},"content":{"rendered":"\n<p>Ol\u00e1, pessoal, tudo certo?!<\/p>\n\n\n\n<p>Em 01\/10\/2023, foi aplicada a prova objetiva do concurso p\u00fablico para <strong>Procurador do Estado do Par\u00e1<\/strong>. Assim que encerrada, nosso time de professores elaborou o gabarito extraoficial, que, agora, ser\u00e1 apresentado juntamente com a nossa <strong>PROVA COMENTADA<\/strong>.<\/p>\n\n\n\n<p>Este material visa a auxili\u00e1-los na aferi\u00e7\u00e3o das notas, elabora\u00e7\u00e3o de eventuais recursos, verifica\u00e7\u00e3o das chances de avan\u00e7o para fase discursiva, bem como na revis\u00e3o do conte\u00fado cobrado no certame.<\/p>\n\n\n\n<p>Desde j\u00e1, destacamos que nosso time de professores identificou 1 quest\u00e3o pass\u00edvel de recurso, por apresentarem duas ou nenhuma alternativa correta, como veremos adiante. No tipo de prova comentado, trata-se da quest\u00e3o 38.<\/p>\n\n\n\n<p>De modo complementar, elaboramos tamb\u00e9m o <a href=\"https:\/\/cj.estrategia.com\/cadernos-e-simulados\/simulados\/6879a64f-a356-49c2-8db3-fafbef3b2540\"><strong>RANKING da PGE-PA<\/strong>,<\/a> em que nossos alunos e seguidores poder\u00e3o inserir suas respostas \u00e0 prova, e, ao final, aferir sua nota, de acordo com o gabarito elaborado por nossos professores. Atrav\u00e9s do ranking, tamb\u00e9m poderemos estimar a nota de corte da 1\u00ba fase. Essa ferramenta \u00e9 gratuita.<\/p>\n\n\n\n<p>Al\u00e9m disso, montamos um caderno para nossos seguidores, alunos ou n\u00e3o, verem os coment\u00e1rios e comentar as quest\u00f5es da prova: Clique <a href=\"https:\/\/cj.estrategia.com\/cadernos-e-simulados\/simulados\/6879a64f-a356-49c2-8db3-fafbef3b2540\"><strong>AQUI<\/strong><\/a> e saiba mais!<\/p>\n\n\n\n<p>Por fim, comentaremos a prova, as quest\u00f5es mais pol\u00eamicas, as possibilidades de recurso, bem como a estimativa da nota de corte no <a href=\"https:\/\/www.youtube.com\/@EstrategiaCarreiraJuridica\"><strong>TERM\u00d4METRO P\u00d3S-PROVA<\/strong>, <\/a>no nosso canal do Youtube. Inscreva-se e ative as notifica\u00e7\u00f5es!<\/p>\n\n\n\n<p>Esperamos que gostem do material e de todos os novos projetos que preparamos para que avancem rumo \u00e0 aprova\u00e7\u00e3o.<\/p>\n\n\n\n<p>Confira todas as provas comentadas no link abaixo:<\/p>\n\n\n\n<p class=\"has-text-align-center has-luminous-vivid-amber-to-luminous-vivid-orange-gradient-background has-background\"><a href=\"https:\/\/cj.estrategia.com\/portal\/gabarito-extraoficial-pge-pa-procurador\/\">Gabarito Extraoficial \u2013 PGE PA Procurador<\/a><\/p>\n\n\n\n<h2 class=\"wp-block-heading has-vivid-red-color has-text-color\" id=\"h-prova-comentada-direito-financeiro\"><span id=\"prova-comentada-direito-financeiro\">Prova comentada Direito Financeiro<\/span><\/h2>\n\n\n\n<p><strong>QUEST\u00c3O 79. A Lei de Responsabilidade Fiscal \u2013 LRF \u2013 (Lei Complementar n\u00ba 101\/2000) tem como objetivo fomentar a responsabilidade na gest\u00e3o fiscal, o que pressup\u00f5e a a\u00e7\u00e3o planejada e transporte do poder p\u00fablico, de modo a se prevenirem riscos e corrigirem desvios capazes de afetar o equil\u00edbrio das contas p\u00fablicas. A respeito do controle das despesas com pessoal, assinale a op\u00e7\u00e3o correta.<\/strong><\/p>\n\n\n\n<p><strong>a) a despesa total com pessoal ser\u00e1 apurada somando-se a realizada no m\u00eas em refer\u00eancia com as dos onze meses imediatamente anteriores, adotando-se o regime de compet\u00eancia, independentemente de empenho.<\/strong><\/p>\n\n\n\n<p><strong>b) segundo a LRF e o entendimento do STF, n\u00e3o se computam como despesas com pessoal os gastos com os servidores, militares, dado como carreira de defesa do Estado, n\u00e3o sujeitos ao regime jur\u00eddico pr\u00f3prio dos servidores civis.<\/strong><\/p>\n\n\n\n<p><strong>c) \u00e9 anul\u00e1vel, a depender de ju\u00edzo do tribunal de contas, ato que provoque aumento da despesa com pessoal, n\u00e3o se mostre compat\u00edvel com o plano plurianual e com a lei de diretrizes or\u00e7ament\u00e1rias e, ainda, esteja em desconformidade com as metas fiscais.\u00a0<\/strong><\/p>\n\n\n\n<p><strong>d) os estados n\u00e3o podem ultrapassar, em suas despesas totais com pessoal, o limite de 60% da receita corrente l\u00edquida de impostos.<\/strong><\/p>\n\n\n\n<p><strong>e) verificado que o Poder Executivo atingiu 90% do limite total de suas despesas com pessoal, fica ele proibido de conceder vantagem, reajustes ou adequa\u00e7\u00e3o de remunera\u00e7\u00e3o, a qualquer t\u00edtulo, aos servidores, salvo os derivados de senten\u00e7a judicial ou de determina\u00e7\u00e3o legal ou contratual, ressalvada a revis\u00e3o anual geral prevista no inciso X do art. 37 da Constitui\u00e7\u00e3o Federal de 1988.<\/strong><\/p>\n\n\n\n<p><strong>Coment\u00e1rios<\/strong><\/p>\n\n\n\n<p>A alternativa correta \u00e9 a <strong>letra A<\/strong>, conforme literalidade do \u00a7 2\u00ba do art. 18 da Lei Complementar n\u00ba 101\/2000: \u201cA despesa total com pessoal ser\u00e1 apurada somando-se a realizada no m\u00eas em refer\u00eancia com as dos 11 (onze) imediatamente anteriores, adotando-se o regime de compet\u00eancia, independentemente de empenho.\u201d<\/p>\n\n\n\n<p>A alternativa B est\u00e1 incorreta, pois contraria o disposto no art. 18 da LRF: \u201cPara os efeitos desta Lei Complementar, entende-se como despesa total com pessoal: o somat\u00f3rio dos gastos do ente da Federa\u00e7\u00e3o com os ativos, os inativos e os pensionistas, relativos a mandatos eletivos, cargos, fun\u00e7\u00f5es ou empregos, civis, militares e de membros de Poder, com quaisquer esp\u00e9cies remunerat\u00f3rias, tais como vencimentos e vantagens, fixas e vari\u00e1veis, subs\u00eddios, proventos da aposentadoria, reformas e pens\u00f5es, inclusive adicionais, gratifica\u00e7\u00f5es, horas extras e vantagens pessoais de qualquer natureza, bem como encargos sociais e contribui\u00e7\u00f5es recolhidas pelo ente \u00e0s entidades de previd\u00eancia.\u201d<\/p>\n\n\n\n<p>A alternativa C est\u00e1 incorreta, pois o ato que aumenta a despesa com pessoal \u00e9 nulo de pleno direito, conforme literalidade do art. 21 da LRF: \u201c\u00c9 nulo de pleno direito: I \u2013 o ato que provoque aumento da despesa com pessoal e n\u00e3o atenda: (..)\u201d<\/p>\n\n\n\n<p>A alternativa D est\u00e1 incorreta, pois os Estados n\u00e3o podem ultrapassar, em suas despesas totais com pessoal, o limite de 60% da receita corrente l\u00edquida (n\u00e3o se restringe a impostos): \u201cArt. 19. Para os fins do disposto no caput do art. 169 da Constitui\u00e7\u00e3o, a despesa total com pessoal, em cada per\u00edodo de apura\u00e7\u00e3o e em cada ente da Federa\u00e7\u00e3o, n\u00e3o poder\u00e1 exceder os percentuais da receita corrente l\u00edquida, a seguir discriminados: II \u2013 Estados: 60% (sessenta por cento);\u201d<\/p>\n\n\n\n<p>A alternativa E est\u00e1 incorreta, pois verificado que o Poder Executivo atingiu 95% do limite total de suas despesas com pessoal, fica ele proibido de conceder vantagem, reajustes ou adequa\u00e7\u00e3o de remunera\u00e7\u00e3o, a qualquer t\u00edtulo, aos servidores, salvo os derivados de senten\u00e7a judicial ou de determina\u00e7\u00e3o legal ou contratual, ressalvada a revis\u00e3o anual geral prevista no inciso X do art. 37 da Constitui\u00e7\u00e3o Federal de 1988. A fundamenta\u00e7\u00e3o encontra-se no inciso I par\u00e1grafo \u00fanico do art. 22: \u201cPar\u00e1grafo \u00fanico. Se a despesa total com pessoal exceder a 95% (noventa e cinco por cento) do limite, s\u00e3o vedados ao Poder ou \u00f3rg\u00e3o referido no art. 20 que houver incorrido no excesso: I \u2013 concess\u00e3o de vantagem, aumento, reajuste ou adequa\u00e7\u00e3o de remunera\u00e7\u00e3o a qualquer t\u00edtulo, salvo os derivados de senten\u00e7a judicial ou de determina\u00e7\u00e3o legal ou contratual, ressalvada a revis\u00e3o prevista no inciso X do art. 37 da Constitui\u00e7\u00e3o;\u201d<\/p>\n\n\n\n<p><strong>QUEST\u00c3O 80. Assinale a op\u00e7\u00e3o que indica o instrumento do direito financeiro brasileiro correspondente ao objetivo fiscal de estabelecer, de forma regionalizada, as diretrizes, os objetivos e as metas da administra\u00e7\u00e3o p\u00fablica federal para as despesas de capital e outras delas decorrentes e para as relativas aos programas de dura\u00e7\u00e3o continuada.<\/strong><\/p>\n\n\n\n<p><strong>a) plano plurianual.\u00a0<\/strong><\/p>\n\n\n\n<p><strong>b) lei de diretrizes or\u00e7ament\u00e1rias.\u00a0<\/strong><\/p>\n\n\n\n<p><strong>c) planejamento decenal do novo regime fiscal.\u00a0<\/strong><\/p>\n\n\n\n<p><strong>d) or\u00e7amento de investimentos.\u00a0<\/strong><\/p>\n\n\n\n<p><strong>e) or\u00e7amento anual.<\/strong><\/p>\n\n\n\n<p><strong>Coment\u00e1rios<\/strong><\/p>\n\n\n\n<p>A alternativa correta a ser assinada \u00e9 a <strong>letra A<\/strong>. A alternativa elencou o conceito de plano plurianual cujo fundamento encontra-se na Constitui\u00e7\u00e3o Federal. Art. 165, \u00a7 1\u00ba da CF\/88: \u201cA lei que instituir o plano plurianual estabelecer\u00e1, de forma regionalizada, as diretrizes, objetivos e metas da administra\u00e7\u00e3o p\u00fablica federal para as despesas de capital e outras delas decorrentes e para as relativas aos programas de dura\u00e7\u00e3o continuada.<\/p>\n\n\n\n<p>Nesse sentido, as letras B, C, D, E est\u00e3o incorretas.<\/p>\n\n\n\n<p><strong>QUEST\u00c3O 81. A respeito da atividade financeira do Estado, assinale a op\u00e7\u00e3o correta segundo o entendimento dos tribunais superiores.<\/strong><\/p>\n\n\n\n<p><strong>a) \u00e9 inconstitucional dispositivo de Constitui\u00e7\u00e3o estadual que veda a presta\u00e7\u00e3o de servi\u00e7os, ao estado, de arrecada\u00e7\u00e3o e movimenta\u00e7\u00e3o de recursos financeiros por institui\u00e7\u00f5es financeiras privadas constitu\u00eddas no Brasil sob controle estrangeiro.<\/strong><\/p>\n\n\n\n<p><strong>b) o dispositivo do art. 167, III, da Constitui\u00e7\u00e3o Federal de 1988, conhecido como regra de ouro, impede a contrata\u00e7\u00e3o de opera\u00e7\u00f5es de cr\u00e9dito para o custeio de despesas correntes, visto ser temer\u00e1rio, do ponto de vista fiscal, que empr\u00e9stimos financiem gastos ordin\u00e1rios da administra\u00e7\u00e3o p\u00fablica.<\/strong><\/p>\n\n\n\n<p><strong>c) \u00e9 poss\u00edvel que o imposto de renda retido na fonte (IRRF) dos servidores p\u00fablicos seja exclu\u00eddo do c\u00f4mputo dos gastos com pessoal dos entes subnacionais, uma vez que esse valor configura receita pr\u00f3pria, dos estados, dos munic\u00edpios e do Distrito Federal.<\/strong><\/p>\n\n\n\n<p><strong>d) despesas com professores inativos podem ser computadas nos gastos referentes ao piso constitucional para financiar a manuten\u00e7\u00e3o e o desenvolvimento do ensino, dado acobertarem a previd\u00eancia social desses profissionais, que, quando ativos, estiveram diretamente vinculados \u00e0 fun\u00e7\u00e3o or\u00e7ament\u00e1ria da educa\u00e7\u00e3o.\u00a0<\/strong><\/p>\n\n\n\n<p><strong>e) \u00e9 devida a exclus\u00e3o das despesas relacionadas ao pagamento de pensionistas no c\u00f4mputo com gastos de pessoal, haja vista o v\u00ednculo indireto deles com a administra\u00e7\u00e3o p\u00fablica. Por sua vez, os gastos com inativos devem ser computados como despesa com pessoal, j\u00e1 que nesta circunst\u00e2ncia, o v\u00ednculo \u00e9 direto e foi custeado a partir de contribui\u00e7\u00f5es previdenci\u00e1rias.<\/strong><\/p>\n\n\n\n<p><strong>Coment\u00e1rios<\/strong><\/p>\n\n\n\n<p>A alternativa correta a ser marcada \u00e9 a <strong>letra A<\/strong>. No julgamento da ADI 3565\/MT, julgada em 01\/07\/2023, o STF decidiu que \u00e9 inconstitucional \u2014 por ofender os princ\u00edpios da isonomia (art. 5\u00ba, caput, CF\/88), da livre iniciativa e da livre concorr\u00eancia (art. 170, caput e IV, CF\/88) \u2014 norma de Constitui\u00e7\u00e3o estadual que impede institui\u00e7\u00f5es financeiras privadas constitu\u00eddas no Pa\u00eds sob controle estrangeiro de prestarem servi\u00e7os financeiros ao Estado.<\/p>\n\n\n\n<p>A alternativa B est\u00e1 incorreta. No julgamento da ADI 5683\/RJ, julgada em 24\/04\/2022, o STF entendeu que a veda\u00e7\u00e3o do art. 167, III, da CF n\u00e3o impede a contrata\u00e7\u00e3o de opera\u00e7\u00f5es de cr\u00e9dito para o custeio de despesas correntes. Pro\u00edbe-se, somente, a contrata\u00e7\u00e3o que exceda o montante das despesas de capital. Ali\u00e1s, a mera autoriza\u00e7\u00e3o legislativa n\u00e3o afronta essa regra constitucional, mas apenas a contrata\u00e7\u00e3o em si, se n\u00e3o respeitar os limites estabelecidos.<\/p>\n\n\n\n<p>A alternativa C est\u00e1 incorreta, pois de acordo com o STF, no julgamento da ADC 69\/DF, julgada em 01\/07\/2023, \u201ca exclus\u00e3o do imposto de renda retido na fonte (IRRF) e dos valores pagos a inativos e pensionistas, salvo as exce\u00e7\u00f5es previstas na Lei de Responsabilidade Fiscal, contraria diretamente os arts. 18 e 19 da Lei Complementar 101\/2000 e, consequentemente, o art. 169 da Constitui\u00e7\u00e3o Federal\u201d. (STF. Plen\u00e1rio. ADC 69\/DF, Rel. Min. Alexandre de Moraes, julgado em 01\/7\/2023).<\/p>\n\n\n\n<p>A alternativa D est\u00e1 incorreta, pois, segundo o STF, \u00e9 inconstitucional lei estadual que inclua gastos previdenci\u00e1rios com profissionais da educa\u00e7\u00e3o inativos nas despesas de manuten\u00e7\u00e3o e desenvolvimento do ensino. (ADI 5546, julgada em 04\/09\/2023).<\/p>\n\n\n\n<p>A alternativa E est\u00e1 incorreta, pois, de acordo com o STF, \u201ca exclus\u00e3o do imposto de renda retido na fonte (IRRF) e dos valores pagos a inativos e pensionistas, salvo as exce\u00e7\u00f5es previstas na Lei de Responsabilidade Fiscal, contraria diretamente os arts. 18 e 19 da Lei Complementar 101\/2000 e, consequentemente, o art. 169 da Constitui\u00e7\u00e3o Federal\u201d. (STF. Plen\u00e1rio. ADC 69\/DF, Rel. Min. Alexandre de Moraes, julgado em 01\/7\/2023)<\/p>\n\n\n\n<p><strong>QUEST\u00c3O 82. Acerca do dever de prestar contas e das compet\u00eancias dos controles interno e externo, assinale a op\u00e7\u00e3o correta.<\/strong><\/p>\n\n\n\n<p><strong>a) a edi\u00e7\u00e3o de norma estadual decorrente de emenda parlamentar e veiculadora de regras sobre prescri\u00e7\u00e3o e decad\u00eancia aplic\u00e1veis no \u00e2mbito de tribunal de contas estadual ofende a compet\u00eancia privativa deste para iniciar o processo legislativo no que se refere a sua organiza\u00e7\u00e3o e seu funcionamento.<\/strong><\/p>\n\n\n\n<p><strong>b) \u00e9 constitucionalmente infundada a desconsidera\u00e7\u00e3o da pessoa jur\u00eddica pelo TCU, de modo a alcan\u00e7ar o patrim\u00f4nio de pessoas f\u00edsicas envolvidas na pr\u00e1tica de atos lesivos ao er\u00e1rio, uma vez que est\u00e1 sob a reserva absoluta de jurisdi\u00e7\u00e3o a possibilidade de extens\u00e3o da responsabilidade patrimonial \u00e0s pessoas naturais s\u00f3cias de pessoa jur\u00eddica recebedora de recursos p\u00fablicos.<\/strong><\/p>\n\n\n\n<p><strong>c) o controle externo da administra\u00e7\u00e3o p\u00fablica estadual ser\u00e1 exercido pelo tribunal de contas do respectivo estado, ao qual compete julgar as contas prestadas anualmente pelo governador, em at\u00e9 sessenta dias, a contar de seu recebimento.\u00a0<\/strong><\/p>\n\n\n\n<p><strong>d) \u00e9 inconstitucional norma estadual que regulamenta a prescri\u00e7\u00e3o ressarcit\u00f3ria no \u00e2mbito dos tribunais de contas, consideradas a natureza p\u00fablica dos recursos envolvidos e a estatura constitucional da jurisdi\u00e7\u00e3o de contas.<\/strong><\/p>\n\n\n\n<p><strong>e) \u00e9 inconstitucional norma local que estabelece a compet\u00eancia do tribunal de contas para realizar exame pr\u00e9vio de validade de contratos firmados com o poder p\u00fablico.<\/strong><\/p>\n\n\n\n<p><strong>Coment\u00e1rios<\/strong><\/p>\n\n\n\n<p>A alternativa correta a ser assinada \u00e9 a <strong>letra E<\/strong>. Conforme entendimento do STF \u201cnos termos do art. 75 da Constitui\u00e7\u00e3o, as normas relativas \u00e0 organiza\u00e7\u00e3o e fiscaliza\u00e7\u00e3o do TCU se aplicam aos demais tribunais de contas. O art. 71 da Constitui\u00e7\u00e3o n\u00e3o insere na compet\u00eancia do TCU a aptid\u00e3o para examinar, previamente, a validade de contratos administrativos celebrados pelo poder p\u00fablico. Atividade que se insere no acervo de compet\u00eancia da fun\u00e7\u00e3o executiva. \u00c9 inconstitucional norma local que estabele\u00e7a a compet\u00eancia do tribunal de contas para realizar exame pr\u00e9vio de validade de contratos firmados com o poder p\u00fablico. (ADI 916, rel. min. Joaquim Barbosa, j. 2-2-2009, P, DJE de 6-3-2009).\u201d<\/p>\n\n\n\n<p>A alternativa A est\u00e1 incorreta, de acordo com o STF, a edi\u00e7\u00e3o de norma estadual, decorrente de emenda parlamentar, veiculadora de regras sobre prescri\u00e7\u00e3o e decad\u00eancia aplic\u00e1vel no \u00e2mbito de Tribunal de Contas estadual, n\u00e3o ofende a compet\u00eancia privativa desse para iniciar o processo legislativo a dispor sobre sua organiza\u00e7\u00e3o e funcionamento. (ADI 5.384, rel. min. Alexandre de Moraes, j. 30-5-2022, P, DJE de 10-8-2022).<\/p>\n\n\n\n<p>A alternativa B est\u00e1 incorreta, de acordo com o STF, quando a particularidade do caso envolver dano ao er\u00e1rio \u00e9 poss\u00edvel a desconsidera\u00e7\u00e3o da personalidade jur\u00eddica pelo TCU (MS 35506, julgado em 10\/10\/2022).<\/p>\n\n\n\n<p>A alternativa D est\u00e1 incorreta, de acordo com o STF, \u201ca edi\u00e7\u00e3o de norma estadual, decorrente de emenda parlamentar, veiculadora de regras sobre prescri\u00e7\u00e3o e decad\u00eancia aplic\u00e1vel no \u00e2mbito de Tribunal de Contas estadual, n\u00e3o ofende a compet\u00eancia privativa desse para iniciar o processo legislativo a dispor sobre sua organiza\u00e7\u00e3o e funcionamento.\u201d (ADI 5.384, rel. min. Alexandre de Moraes, j. 30-5-2022, P, DJE de 10-8-2022).<\/p>\n\n\n\n<p class=\"has-text-align-center has-luminous-vivid-amber-background-color has-background has-medium-font-size\"><strong>Saiba mais: <a href=\"https:\/\/cj.estrategia.com\/portal\/concurso-pge-pa-procurador\/\">Concurso PGE PA Procurador <\/a><\/strong><\/p>\n\n\n\n<h2 class=\"wp-block-heading has-text-align-center\" id=\"cursos\"><span id=\"quer-saber-tudo-sobre-concursos-previstosconfira-nossos-artigos\">Quer saber tudo sobre concursos previstos?<br><strong>Confira nossos artigos!<\/strong><\/span><\/h2>\n\n\n\n<ul class=\"wp-block-list\">\n<li><a href=\"https:\/\/cj.estrategia.com\/portal\/concursos-abertos-carreiras-juridicas\/\" target=\"_blank\" >Concursos jur\u00eddicos abertos<\/a><\/li>\n\n\n\n<li><a href=\"https:\/\/cj.estrategia.com\/portal\/concursos-2023-carreiras-juridicas\/\" target=\"_blank\" >Concursos jur\u00eddicos 2023<\/a><\/li>\n\n\n\n<li><a href=\"https:\/\/cj.estrategia.com\/portal\/concursos-2024-carreiras-juridicas\/\" target=\"_blank\" >Concursos jur\u00eddicos 2024<\/a><\/li>\n<\/ul>\n\n\n\n<h2 class=\"wp-block-heading has-text-align-center\" id=\"assinatura-e-cursos\"><span id=\"quer-estudar-para-o-concurso-pge-pa-procurador\"><strong><em>Quer estudar para o concurso PGE PA Procurador?<\/em><\/strong><\/span><\/h2>\n\n\n\n<h2 class=\"wp-block-heading has-text-align-center\" id=\"cursos-ficha\"><span id=\"cursos-e-assinaturas\">Cursos e Assinaturas<\/span><\/h2>\n\n\n\n<p>O Estrat\u00e9gia Carreira Jur\u00eddica \u00e9 campe\u00e3o de aprova\u00e7\u00f5es nos concursos para Carreiras Jur\u00eddicas com um corpo docente qualificado e materiais completos. Conhe\u00e7a nossos cursos e garanta sua aprova\u00e7\u00e3o:<\/p>\n\n\n\n<div class=\"wp-block-cover\" style=\"min-height:155px;aspect-ratio:unset;\"><img decoding=\"async\" width=\"1890\" height=\"351\" class=\"wp-block-cover__image-background wp-image-8669\" alt=\"Assinaturas Jur\u00eddicas\" src=\"https:\/\/cj.estrategia.com\/portal\/wp-content\/uploads\/2022\/06\/20151253\/concurso-carreiras-juridicas-assinatura-juridica.jpg\" style=\"object-position:78% 43%\" data-object-fit=\"cover\" data-object-position=\"78% 43%\" srcset=\"https:\/\/cj.estrategia.com\/portal\/wp-content\/uploads\/2022\/06\/20151253\/concurso-carreiras-juridicas-assinatura-juridica.jpg 1890w, https:\/\/cj.estrategia.com\/portal\/wp-content\/uploads\/2022\/06\/20151253\/concurso-carreiras-juridicas-assinatura-juridica-300x56.jpg 300w, https:\/\/cj.estrategia.com\/portal\/wp-content\/uploads\/2022\/06\/20151253\/concurso-carreiras-juridicas-assinatura-juridica-1024x190.jpg 1024w, https:\/\/cj.estrategia.com\/portal\/wp-content\/uploads\/2022\/06\/20151253\/concurso-carreiras-juridicas-assinatura-juridica-768x143.jpg 768w, https:\/\/cj.estrategia.com\/portal\/wp-content\/uploads\/2022\/06\/20151253\/concurso-carreiras-juridicas-assinatura-juridica-1536x285.jpg 1536w, https:\/\/cj.estrategia.com\/portal\/wp-content\/uploads\/2022\/06\/20151253\/concurso-carreiras-juridicas-assinatura-juridica-380x71.jpg 380w, https:\/\/cj.estrategia.com\/portal\/wp-content\/uploads\/2022\/06\/20151253\/concurso-carreiras-juridicas-assinatura-juridica-800x149.jpg 800w, https:\/\/cj.estrategia.com\/portal\/wp-content\/uploads\/2022\/06\/20151253\/concurso-carreiras-juridicas-assinatura-juridica-1160x215.jpg 1160w\" sizes=\"(max-width: 1890px) 100vw, 1890px\" \/><span aria-hidden=\"true\" class=\"wp-block-cover__background has-background-dim\"><\/span><div class=\"wp-block-cover__inner-container is-layout-flow wp-block-cover-is-layout-flow\">\n<h3 id=\"faca-a-sua-assinatura\" class=\"titulo-assinatura\"><span style=\"color: #ffffff;\">Fa\u00e7a a sua assinatura!<\/span><\/h3>\n<p class=\"subtitulo-assinatura\" style=\"display:block!important; line-height: 0;\"><span style=\"color: #ffffff;\">Escolha a sua \u00e1rea.<\/span><\/p>\n<a target=\"_blank\" href=\"https:\/\/www.estrategiaconcursos.com.br\/assinaturas-ecj\/\" rel=\"noopener\"><button style=\"border-radius: 10px; text-transform: capitalize;\">Acessar<\/button><\/a>\n<\/div><\/div>\n\n\n\n\n\n<p><em>Prepare-se com o melhor material e com quem mais aprova em Concursos P\u00fablicos em todo o pa\u00eds.<\/em><\/p>\n","protected":false},"excerpt":{"rendered":"Ol\u00e1, pessoal, tudo certo?! Em 01\/10\/2023, foi aplicada a prova objetiva do concurso p\u00fablico para Procurador do Estado&hellip;\n","protected":false},"author":12,"featured_media":32242,"comment_status":"open","ping_status":"open","sticky":false,"template":"","format":"standard","meta":{"_jetpack_memberships_contains_paid_content":false,"footnotes":""},"categories":[24],"tags":[],"tax_estado":[44],"class_list":{"0":"post-46962","1":"post","2":"type-post","3":"status-publish","4":"format-standard","5":"has-post-thumbnail","7":"category-procuradoria","8":"tax_estado-pa"},"acf":[],"yoast_head":"<!-- This site is optimized with the Yoast SEO Premium plugin v27.5 (Yoast SEO v27.5) - https:\/\/yoast.com\/product\/yoast-seo-premium-wordpress\/ -->\n<title>Prova Comentada Direito Financeiro PGE PA Procurador!<\/title>\n<meta name=\"description\" content=\"Prova Comentada Direito Financeiro PGE PA Procurador: confira aqui os coment\u00e1rios dos professores do estrat\u00e9gia e tire suas d\u00favidas.\" \/>\n<meta name=\"robots\" content=\"index, follow, max-snippet:-1, max-image-preview:large, max-video-preview:-1\" \/>\n<link rel=\"canonical\" href=\"https:\/\/cj.estrategia.com\/portal\/prova-comentada-direito-financeiro-pge-pa-procurador\/\" \/>\n<meta property=\"og:locale\" content=\"pt_BR\" \/>\n<meta property=\"og:type\" content=\"article\" \/>\n<meta property=\"og:title\" content=\"Prova Comentada Direito Financeiro PGE PA Procurador!\" \/>\n<meta property=\"og:description\" content=\"Prova Comentada Direito Financeiro PGE PA Procurador: confira aqui os coment\u00e1rios dos professores do estrat\u00e9gia e tire suas d\u00favidas.\" \/>\n<meta property=\"og:url\" content=\"https:\/\/cj.estrategia.com\/portal\/prova-comentada-direito-financeiro-pge-pa-procurador\/\" \/>\n<meta property=\"og:site_name\" content=\"Blog - Carreiras Jur\u00eddicas - Estrat\u00e9gia\" \/>\n<meta property=\"article:publisher\" content=\"https:\/\/www.facebook.com\/estrategiacarreirajuridica\/\" \/>\n<meta property=\"article:published_time\" content=\"2023-10-03T01:23:16+00:00\" \/>\n<meta property=\"article:modified_time\" content=\"2023-10-03T01:23:19+00:00\" \/>\n<meta property=\"og:image\" content=\"https:\/\/cj.estrategia.com\/portal\/wp-content\/uploads\/2023\/03\/27125420\/ecj-concurso-pge-pa-procurador-concursos-juridicos.jpg\" \/>\n\t<meta property=\"og:image:width\" content=\"960\" \/>\n\t<meta property=\"og:image:height\" content=\"540\" \/>\n\t<meta property=\"og:image:type\" content=\"image\/jpeg\" \/>\n<meta name=\"author\" content=\"Coordena\u00e7\u00e3o\" \/>\n<meta name=\"twitter:card\" content=\"summary_large_image\" \/>\n<meta name=\"twitter:creator\" content=\"@EstratJuridica\" \/>\n<meta name=\"twitter:site\" content=\"@EstratJuridica\" \/>\n<meta name=\"twitter:label1\" content=\"Escrito por\" \/>\n\t<meta name=\"twitter:data1\" content=\"Coordena\u00e7\u00e3o\" \/>\n\t<meta name=\"twitter:label2\" content=\"Est. tempo de leitura\" \/>\n\t<meta name=\"twitter:data2\" content=\"13 minutos\" \/>\n<script type=\"application\/ld+json\" class=\"yoast-schema-graph\">{\"@context\":\"https:\\\/\\\/schema.org\",\"@graph\":[{\"@type\":\"NewsArticle\",\"@id\":\"https:\\\/\\\/cj.estrategia.com\\\/portal\\\/prova-comentada-direito-financeiro-pge-pa-procurador\\\/#article\",\"isPartOf\":{\"@id\":\"https:\\\/\\\/cj.estrategia.com\\\/portal\\\/prova-comentada-direito-financeiro-pge-pa-procurador\\\/\"},\"author\":{\"name\":\"Coordena\u00e7\u00e3o\",\"@id\":\"https:\\\/\\\/cj.estrategia.com\\\/portal\\\/#\\\/schema\\\/person\\\/4d70317d31449932b99102916b6637f5\"},\"headline\":\"Prova Comentada Direito Financeiro PGE PA Procurador!\",\"datePublished\":\"2023-10-03T01:23:16+00:00\",\"dateModified\":\"2023-10-03T01:23:19+00:00\",\"mainEntityOfPage\":{\"@id\":\"https:\\\/\\\/cj.estrategia.com\\\/portal\\\/prova-comentada-direito-financeiro-pge-pa-procurador\\\/\"},\"wordCount\":2405,\"commentCount\":0,\"publisher\":{\"@id\":\"https:\\\/\\\/cj.estrategia.com\\\/portal\\\/#organization\"},\"image\":{\"@id\":\"https:\\\/\\\/cj.estrategia.com\\\/portal\\\/prova-comentada-direito-financeiro-pge-pa-procurador\\\/#primaryimage\"},\"thumbnailUrl\":\"https:\\\/\\\/cj.estrategia.com\\\/portal\\\/wp-content\\\/uploads\\\/2023\\\/03\\\/27125420\\\/ecj-concurso-pge-pa-procurador-concursos-juridicos.jpg\",\"articleSection\":[\"Procuradoria\"],\"inLanguage\":\"pt-BR\",\"potentialAction\":[{\"@type\":\"CommentAction\",\"name\":\"Comment\",\"target\":[\"https:\\\/\\\/cj.estrategia.com\\\/portal\\\/prova-comentada-direito-financeiro-pge-pa-procurador\\\/#respond\"]}]},{\"@type\":\"WebPage\",\"@id\":\"https:\\\/\\\/cj.estrategia.com\\\/portal\\\/prova-comentada-direito-financeiro-pge-pa-procurador\\\/\",\"url\":\"https:\\\/\\\/cj.estrategia.com\\\/portal\\\/prova-comentada-direito-financeiro-pge-pa-procurador\\\/\",\"name\":\"Prova Comentada Direito Financeiro PGE PA Procurador!\",\"isPartOf\":{\"@id\":\"https:\\\/\\\/cj.estrategia.com\\\/portal\\\/#website\"},\"primaryImageOfPage\":{\"@id\":\"https:\\\/\\\/cj.estrategia.com\\\/portal\\\/prova-comentada-direito-financeiro-pge-pa-procurador\\\/#primaryimage\"},\"image\":{\"@id\":\"https:\\\/\\\/cj.estrategia.com\\\/portal\\\/prova-comentada-direito-financeiro-pge-pa-procurador\\\/#primaryimage\"},\"thumbnailUrl\":\"https:\\\/\\\/cj.estrategia.com\\\/portal\\\/wp-content\\\/uploads\\\/2023\\\/03\\\/27125420\\\/ecj-concurso-pge-pa-procurador-concursos-juridicos.jpg\",\"datePublished\":\"2023-10-03T01:23:16+00:00\",\"dateModified\":\"2023-10-03T01:23:19+00:00\",\"description\":\"Prova Comentada Direito Financeiro PGE PA Procurador: confira aqui os coment\u00e1rios dos professores do estrat\u00e9gia e tire suas d\u00favidas.\",\"breadcrumb\":{\"@id\":\"https:\\\/\\\/cj.estrategia.com\\\/portal\\\/prova-comentada-direito-financeiro-pge-pa-procurador\\\/#breadcrumb\"},\"inLanguage\":\"pt-BR\",\"potentialAction\":[{\"@type\":\"ReadAction\",\"target\":[\"https:\\\/\\\/cj.estrategia.com\\\/portal\\\/prova-comentada-direito-financeiro-pge-pa-procurador\\\/\"]}]},{\"@type\":\"ImageObject\",\"inLanguage\":\"pt-BR\",\"@id\":\"https:\\\/\\\/cj.estrategia.com\\\/portal\\\/prova-comentada-direito-financeiro-pge-pa-procurador\\\/#primaryimage\",\"url\":\"https:\\\/\\\/cj.estrategia.com\\\/portal\\\/wp-content\\\/uploads\\\/2023\\\/03\\\/27125420\\\/ecj-concurso-pge-pa-procurador-concursos-juridicos.jpg\",\"contentUrl\":\"https:\\\/\\\/cj.estrategia.com\\\/portal\\\/wp-content\\\/uploads\\\/2023\\\/03\\\/27125420\\\/ecj-concurso-pge-pa-procurador-concursos-juridicos.jpg\",\"width\":960,\"height\":540,\"caption\":\"Concurso PGE PA procurador\"},{\"@type\":\"BreadcrumbList\",\"@id\":\"https:\\\/\\\/cj.estrategia.com\\\/portal\\\/prova-comentada-direito-financeiro-pge-pa-procurador\\\/#breadcrumb\",\"itemListElement\":[{\"@type\":\"ListItem\",\"position\":1,\"name\":\"In\u00edcio\",\"item\":\"https:\\\/\\\/cj.estrategia.com\\\/portal\\\/\"},{\"@type\":\"ListItem\",\"position\":2,\"name\":\"Prova Comentada Direito Financeiro PGE PA Procurador!\"}]},{\"@type\":\"WebSite\",\"@id\":\"https:\\\/\\\/cj.estrategia.com\\\/portal\\\/#website\",\"url\":\"https:\\\/\\\/cj.estrategia.com\\\/portal\\\/\",\"name\":\"Blog - Carreiras Jur\u00eddicas - Estrat\u00e9gia\",\"description\":\"\",\"publisher\":{\"@id\":\"https:\\\/\\\/cj.estrategia.com\\\/portal\\\/#organization\"},\"potentialAction\":[{\"@type\":\"SearchAction\",\"target\":{\"@type\":\"EntryPoint\",\"urlTemplate\":\"https:\\\/\\\/cj.estrategia.com\\\/portal\\\/?s={search_term_string}\"},\"query-input\":{\"@type\":\"PropertyValueSpecification\",\"valueRequired\":true,\"valueName\":\"search_term_string\"}}],\"inLanguage\":\"pt-BR\"},{\"@type\":\"Organization\",\"@id\":\"https:\\\/\\\/cj.estrategia.com\\\/portal\\\/#organization\",\"name\":\"Estrat\u00e9gia - Carreiras Jur\u00eddicas\",\"url\":\"https:\\\/\\\/cj.estrategia.com\\\/portal\\\/\",\"logo\":{\"@type\":\"ImageObject\",\"inLanguage\":\"pt-BR\",\"@id\":\"https:\\\/\\\/cj.estrategia.com\\\/portal\\\/#\\\/schema\\\/logo\\\/image\\\/\",\"url\":\"https:\\\/\\\/cj.estrategia.com\\\/portal\\\/wp-content\\\/uploads\\\/2022\\\/03\\\/11151052\\\/cj-logo.png\",\"contentUrl\":\"https:\\\/\\\/cj.estrategia.com\\\/portal\\\/wp-content\\\/uploads\\\/2022\\\/03\\\/11151052\\\/cj-logo.png\",\"width\":150,\"height\":39,\"caption\":\"Estrat\u00e9gia - Carreiras Jur\u00eddicas\"},\"image\":{\"@id\":\"https:\\\/\\\/cj.estrategia.com\\\/portal\\\/#\\\/schema\\\/logo\\\/image\\\/\"},\"sameAs\":[\"https:\\\/\\\/www.facebook.com\\\/estrategiacarreirajuridica\\\/\",\"https:\\\/\\\/x.com\\\/EstratJuridica\",\"https:\\\/\\\/www.instagram.com\\\/estrategiacarreirajuridica\\\/\",\"https:\\\/\\\/www.youtube.com\\\/channel\\\/UClbMGuYbj2Mh1m3w144ETWQ\"]},{\"@type\":\"Person\",\"@id\":\"https:\\\/\\\/cj.estrategia.com\\\/portal\\\/#\\\/schema\\\/person\\\/4d70317d31449932b99102916b6637f5\",\"name\":\"Coordena\u00e7\u00e3o\",\"image\":{\"@type\":\"ImageObject\",\"inLanguage\":\"pt-BR\",\"@id\":\"https:\\\/\\\/cj.estrategia.com\\\/portal\\\/wp-content\\\/uploads\\\/2022\\\/05\\\/12164923\\\/estrategia-carreira-juridica-coordenacao-96x96.png\",\"url\":\"https:\\\/\\\/cj.estrategia.com\\\/portal\\\/wp-content\\\/uploads\\\/2022\\\/05\\\/12164923\\\/estrategia-carreira-juridica-coordenacao-96x96.png\",\"contentUrl\":\"https:\\\/\\\/cj.estrategia.com\\\/portal\\\/wp-content\\\/uploads\\\/2022\\\/05\\\/12164923\\\/estrategia-carreira-juridica-coordenacao-96x96.png\",\"caption\":\"Coordena\u00e7\u00e3o\"},\"url\":\"https:\\\/\\\/cj.estrategia.com\\\/portal\\\/author\\\/coordenacao\\\/\"}]}<\/script>\n<!-- \/ Yoast SEO Premium plugin. -->","yoast_head_json":{"title":"Prova Comentada Direito Financeiro PGE PA Procurador!","description":"Prova Comentada Direito Financeiro PGE PA Procurador: confira aqui os coment\u00e1rios dos professores do estrat\u00e9gia e tire suas d\u00favidas.","robots":{"index":"index","follow":"follow","max-snippet":"max-snippet:-1","max-image-preview":"max-image-preview:large","max-video-preview":"max-video-preview:-1"},"canonical":"https:\/\/cj.estrategia.com\/portal\/prova-comentada-direito-financeiro-pge-pa-procurador\/","og_locale":"pt_BR","og_type":"article","og_title":"Prova Comentada Direito Financeiro PGE PA Procurador!","og_description":"Prova Comentada Direito Financeiro PGE PA Procurador: confira aqui os coment\u00e1rios dos professores do estrat\u00e9gia e tire suas d\u00favidas.","og_url":"https:\/\/cj.estrategia.com\/portal\/prova-comentada-direito-financeiro-pge-pa-procurador\/","og_site_name":"Blog - Carreiras Jur\u00eddicas - Estrat\u00e9gia","article_publisher":"https:\/\/www.facebook.com\/estrategiacarreirajuridica\/","article_published_time":"2023-10-03T01:23:16+00:00","article_modified_time":"2023-10-03T01:23:19+00:00","og_image":[{"width":960,"height":540,"url":"https:\/\/cj.estrategia.com\/portal\/wp-content\/uploads\/2023\/03\/27125420\/ecj-concurso-pge-pa-procurador-concursos-juridicos.jpg","type":"image\/jpeg"}],"author":"Coordena\u00e7\u00e3o","twitter_card":"summary_large_image","twitter_creator":"@EstratJuridica","twitter_site":"@EstratJuridica","twitter_misc":{"Escrito por":"Coordena\u00e7\u00e3o","Est. tempo de leitura":"13 minutos"},"schema":{"@context":"https:\/\/schema.org","@graph":[{"@type":"NewsArticle","@id":"https:\/\/cj.estrategia.com\/portal\/prova-comentada-direito-financeiro-pge-pa-procurador\/#article","isPartOf":{"@id":"https:\/\/cj.estrategia.com\/portal\/prova-comentada-direito-financeiro-pge-pa-procurador\/"},"author":{"name":"Coordena\u00e7\u00e3o","@id":"https:\/\/cj.estrategia.com\/portal\/#\/schema\/person\/4d70317d31449932b99102916b6637f5"},"headline":"Prova Comentada Direito Financeiro PGE PA Procurador!","datePublished":"2023-10-03T01:23:16+00:00","dateModified":"2023-10-03T01:23:19+00:00","mainEntityOfPage":{"@id":"https:\/\/cj.estrategia.com\/portal\/prova-comentada-direito-financeiro-pge-pa-procurador\/"},"wordCount":2405,"commentCount":0,"publisher":{"@id":"https:\/\/cj.estrategia.com\/portal\/#organization"},"image":{"@id":"https:\/\/cj.estrategia.com\/portal\/prova-comentada-direito-financeiro-pge-pa-procurador\/#primaryimage"},"thumbnailUrl":"https:\/\/cj.estrategia.com\/portal\/wp-content\/uploads\/2023\/03\/27125420\/ecj-concurso-pge-pa-procurador-concursos-juridicos.jpg","articleSection":["Procuradoria"],"inLanguage":"pt-BR","potentialAction":[{"@type":"CommentAction","name":"Comment","target":["https:\/\/cj.estrategia.com\/portal\/prova-comentada-direito-financeiro-pge-pa-procurador\/#respond"]}]},{"@type":"WebPage","@id":"https:\/\/cj.estrategia.com\/portal\/prova-comentada-direito-financeiro-pge-pa-procurador\/","url":"https:\/\/cj.estrategia.com\/portal\/prova-comentada-direito-financeiro-pge-pa-procurador\/","name":"Prova Comentada Direito Financeiro PGE PA Procurador!","isPartOf":{"@id":"https:\/\/cj.estrategia.com\/portal\/#website"},"primaryImageOfPage":{"@id":"https:\/\/cj.estrategia.com\/portal\/prova-comentada-direito-financeiro-pge-pa-procurador\/#primaryimage"},"image":{"@id":"https:\/\/cj.estrategia.com\/portal\/prova-comentada-direito-financeiro-pge-pa-procurador\/#primaryimage"},"thumbnailUrl":"https:\/\/cj.estrategia.com\/portal\/wp-content\/uploads\/2023\/03\/27125420\/ecj-concurso-pge-pa-procurador-concursos-juridicos.jpg","datePublished":"2023-10-03T01:23:16+00:00","dateModified":"2023-10-03T01:23:19+00:00","description":"Prova Comentada Direito Financeiro PGE PA Procurador: confira aqui os coment\u00e1rios dos professores do estrat\u00e9gia e tire suas d\u00favidas.","breadcrumb":{"@id":"https:\/\/cj.estrategia.com\/portal\/prova-comentada-direito-financeiro-pge-pa-procurador\/#breadcrumb"},"inLanguage":"pt-BR","potentialAction":[{"@type":"ReadAction","target":["https:\/\/cj.estrategia.com\/portal\/prova-comentada-direito-financeiro-pge-pa-procurador\/"]}]},{"@type":"ImageObject","inLanguage":"pt-BR","@id":"https:\/\/cj.estrategia.com\/portal\/prova-comentada-direito-financeiro-pge-pa-procurador\/#primaryimage","url":"https:\/\/cj.estrategia.com\/portal\/wp-content\/uploads\/2023\/03\/27125420\/ecj-concurso-pge-pa-procurador-concursos-juridicos.jpg","contentUrl":"https:\/\/cj.estrategia.com\/portal\/wp-content\/uploads\/2023\/03\/27125420\/ecj-concurso-pge-pa-procurador-concursos-juridicos.jpg","width":960,"height":540,"caption":"Concurso PGE PA procurador"},{"@type":"BreadcrumbList","@id":"https:\/\/cj.estrategia.com\/portal\/prova-comentada-direito-financeiro-pge-pa-procurador\/#breadcrumb","itemListElement":[{"@type":"ListItem","position":1,"name":"In\u00edcio","item":"https:\/\/cj.estrategia.com\/portal\/"},{"@type":"ListItem","position":2,"name":"Prova Comentada Direito Financeiro PGE PA Procurador!"}]},{"@type":"WebSite","@id":"https:\/\/cj.estrategia.com\/portal\/#website","url":"https:\/\/cj.estrategia.com\/portal\/","name":"Blog - Carreiras Jur\u00eddicas - Estrat\u00e9gia","description":"","publisher":{"@id":"https:\/\/cj.estrategia.com\/portal\/#organization"},"potentialAction":[{"@type":"SearchAction","target":{"@type":"EntryPoint","urlTemplate":"https:\/\/cj.estrategia.com\/portal\/?s={search_term_string}"},"query-input":{"@type":"PropertyValueSpecification","valueRequired":true,"valueName":"search_term_string"}}],"inLanguage":"pt-BR"},{"@type":"Organization","@id":"https:\/\/cj.estrategia.com\/portal\/#organization","name":"Estrat\u00e9gia - Carreiras Jur\u00eddicas","url":"https:\/\/cj.estrategia.com\/portal\/","logo":{"@type":"ImageObject","inLanguage":"pt-BR","@id":"https:\/\/cj.estrategia.com\/portal\/#\/schema\/logo\/image\/","url":"https:\/\/cj.estrategia.com\/portal\/wp-content\/uploads\/2022\/03\/11151052\/cj-logo.png","contentUrl":"https:\/\/cj.estrategia.com\/portal\/wp-content\/uploads\/2022\/03\/11151052\/cj-logo.png","width":150,"height":39,"caption":"Estrat\u00e9gia - Carreiras Jur\u00eddicas"},"image":{"@id":"https:\/\/cj.estrategia.com\/portal\/#\/schema\/logo\/image\/"},"sameAs":["https:\/\/www.facebook.com\/estrategiacarreirajuridica\/","https:\/\/x.com\/EstratJuridica","https:\/\/www.instagram.com\/estrategiacarreirajuridica\/","https:\/\/www.youtube.com\/channel\/UClbMGuYbj2Mh1m3w144ETWQ"]},{"@type":"Person","@id":"https:\/\/cj.estrategia.com\/portal\/#\/schema\/person\/4d70317d31449932b99102916b6637f5","name":"Coordena\u00e7\u00e3o","image":{"@type":"ImageObject","inLanguage":"pt-BR","@id":"https:\/\/cj.estrategia.com\/portal\/wp-content\/uploads\/2022\/05\/12164923\/estrategia-carreira-juridica-coordenacao-96x96.png","url":"https:\/\/cj.estrategia.com\/portal\/wp-content\/uploads\/2022\/05\/12164923\/estrategia-carreira-juridica-coordenacao-96x96.png","contentUrl":"https:\/\/cj.estrategia.com\/portal\/wp-content\/uploads\/2022\/05\/12164923\/estrategia-carreira-juridica-coordenacao-96x96.png","caption":"Coordena\u00e7\u00e3o"},"url":"https:\/\/cj.estrategia.com\/portal\/author\/coordenacao\/"}]}},"jetpack_featured_media_url":"https:\/\/cj.estrategia.com\/portal\/wp-content\/uploads\/2023\/03\/27125420\/ecj-concurso-pge-pa-procurador-concursos-juridicos.jpg","jetpack_sharing_enabled":true,"_links":{"self":[{"href":"https:\/\/cj.estrategia.com\/portal\/wp-json\/wp\/v2\/posts\/46962","targetHints":{"allow":["GET"]}}],"collection":[{"href":"https:\/\/cj.estrategia.com\/portal\/wp-json\/wp\/v2\/posts"}],"about":[{"href":"https:\/\/cj.estrategia.com\/portal\/wp-json\/wp\/v2\/types\/post"}],"author":[{"embeddable":true,"href":"https:\/\/cj.estrategia.com\/portal\/wp-json\/wp\/v2\/users\/12"}],"replies":[{"embeddable":true,"href":"https:\/\/cj.estrategia.com\/portal\/wp-json\/wp\/v2\/comments?post=46962"}],"version-history":[{"count":0,"href":"https:\/\/cj.estrategia.com\/portal\/wp-json\/wp\/v2\/posts\/46962\/revisions"}],"wp:featuredmedia":[{"embeddable":true,"href":"https:\/\/cj.estrategia.com\/portal\/wp-json\/wp\/v2\/media\/32242"}],"wp:attachment":[{"href":"https:\/\/cj.estrategia.com\/portal\/wp-json\/wp\/v2\/media?parent=46962"}],"wp:term":[{"taxonomy":"category","embeddable":true,"href":"https:\/\/cj.estrategia.com\/portal\/wp-json\/wp\/v2\/categories?post=46962"},{"taxonomy":"post_tag","embeddable":true,"href":"https:\/\/cj.estrategia.com\/portal\/wp-json\/wp\/v2\/tags?post=46962"},{"taxonomy":"tax_estado","embeddable":true,"href":"https:\/\/cj.estrategia.com\/portal\/wp-json\/wp\/v2\/tax_estado?post=46962"}],"curies":[{"name":"wp","href":"https:\/\/api.w.org\/{rel}","templated":true}]}}