{"id":46947,"date":"2023-10-02T21:37:04","date_gmt":"2023-10-03T00:37:04","guid":{"rendered":"https:\/\/cj.estrategia.com\/portal\/?p=46947"},"modified":"2023-10-02T21:37:06","modified_gmt":"2023-10-03T00:37:06","slug":"prova-comentada-direito-processual-do-trabalho-pge-pa-procurador","status":"publish","type":"post","link":"https:\/\/cj.estrategia.com\/portal\/prova-comentada-direito-processual-do-trabalho-pge-pa-procurador\/","title":{"rendered":"Prova Comentada Direito Processual do Trabalho PGE PA Procurador!"},"content":{"rendered":"\n<p>Ol\u00e1, pessoal, tudo certo?!<\/p>\n\n\n\n<p>Em 01\/10\/2023, foi aplicada a prova objetiva do concurso p\u00fablico para <strong>Procurador do Estado do Par\u00e1<\/strong>. Assim que encerrada, nosso time de professores elaborou o gabarito extraoficial, que, agora, ser\u00e1 apresentado juntamente com a nossa <strong>PROVA COMENTADA<\/strong>.<\/p>\n\n\n\n<p>Este material visa a auxili\u00e1-los na aferi\u00e7\u00e3o das notas, elabora\u00e7\u00e3o de eventuais recursos, verifica\u00e7\u00e3o das chances de avan\u00e7o para fase discursiva, bem como na revis\u00e3o do conte\u00fado cobrado no certame.<\/p>\n\n\n\n<p>Desde j\u00e1, destacamos que nosso time de professores identificou 1 quest\u00e3o pass\u00edvel de recurso, por apresentarem duas ou nenhuma alternativa correta, como veremos adiante. No tipo de prova comentado, trata-se da quest\u00e3o 38.<\/p>\n\n\n\n<p>De modo complementar, elaboramos tamb\u00e9m o <a href=\"https:\/\/cj.estrategia.com\/cadernos-e-simulados\/simulados\/6879a64f-a356-49c2-8db3-fafbef3b2540\"><strong>RANKING da PGE-PA<\/strong>,<\/a> em que nossos alunos e seguidores poder\u00e3o inserir suas respostas \u00e0 prova, e, ao final, aferir sua nota, de acordo com o gabarito elaborado por nossos professores. Atrav\u00e9s do ranking, tamb\u00e9m poderemos estimar a nota de corte da 1\u00ba fase. Essa ferramenta \u00e9 gratuita.<\/p>\n\n\n\n<p>Al\u00e9m disso, montamos um caderno para nossos seguidores, alunos ou n\u00e3o, verem os coment\u00e1rios e comentar as quest\u00f5es da prova: Clique <a href=\"https:\/\/cj.estrategia.com\/cadernos-e-simulados\/simulados\/6879a64f-a356-49c2-8db3-fafbef3b2540\"><strong>AQUI<\/strong><\/a> e saiba mais!<\/p>\n\n\n\n<p>Por fim, comentaremos a prova, as quest\u00f5es mais pol\u00eamicas, as possibilidades de recurso, bem como a estimativa da nota de corte no <a href=\"https:\/\/www.youtube.com\/@EstrategiaCarreiraJuridica\"><strong>TERM\u00d4METRO P\u00d3S-PROVA<\/strong>, <\/a>no nosso canal do Youtube. Inscreva-se e ative as notifica\u00e7\u00f5es!<\/p>\n\n\n\n<p>Esperamos que gostem do material e de todos os novos projetos que preparamos para que avancem rumo \u00e0 aprova\u00e7\u00e3o.<\/p>\n\n\n\n<p>Confira todas as provas comentadas no link abaixo:<\/p>\n\n\n\n<p class=\"has-text-align-center has-luminous-vivid-amber-to-luminous-vivid-orange-gradient-background has-background\"><a href=\"https:\/\/cj.estrategia.com\/portal\/gabarito-extraoficial-pge-pa-procurador\/\">Gabarito Extraoficial \u2013 PGE PA Procurador<\/a><\/p>\n\n\n\n<h2 class=\"wp-block-heading has-vivid-red-color has-text-color\" id=\"h-prova-comentada-direito-processual-do-trabalho\"><span id=\"prova-comentada-direito-processual-do-trabalho\">Prova comentada Direito Processual do Trabalho<\/span><\/h2>\n\n\n\n<p><strong>QUEST\u00c3O 85. Em conformidade com precedente do TST firmado em recurso de revista repetitivo, o litiscons\u00f3rcio passivo nos casos de lide acerca da terceiriza\u00e7\u00e3o de servi\u00e7os, quando h\u00e1 alega\u00e7\u00e3o de fraude, sob o fundamento de ilicitude na terceiriza\u00e7\u00e3o de atividade-fim, \u00e9<\/strong><\/p>\n\n\n\n<p><strong>a) necess\u00e1rio e simples.<\/strong><\/p>\n\n\n\n<p><strong>b) facultativo e simples.<\/strong><\/p>\n\n\n\n<p><strong>c) necess\u00e1rio e unit\u00e1rio.<\/strong><\/p>\n\n\n\n<p><strong>d) facultativo e unit\u00e1rio.<\/strong><\/p>\n\n\n\n<p><strong>e) facultativo e multitudin\u00e1rio.<\/strong><\/p>\n\n\n\n<p><strong>Coment\u00e1rios<\/strong><\/p>\n\n\n\n<p>A alternativa correta a ser assinalada \u00e9 a <strong>letra<\/strong> <strong>C<\/strong>. O TST fixou a seguinte tese: \u201c1) Nos casos de lides decorrentes da alega\u00e7\u00e3o de fraude, sob o fundamento de ilicitude da terceiriza\u00e7\u00e3o de atividade-fim, o litiscons\u00f3rcio passivo \u00e9 necess\u00e1rio e unit\u00e1rio. Necess\u00e1rio, porque \u00e9 manifesto o interesse jur\u00eddico da empresa de terceiriza\u00e7\u00e3o em compor essas lides e defender seus interesses e posi\u00e7\u00f5es, entre os quais a validade dos contratos de presta\u00e7\u00e3o de servi\u00e7os terceirizados e, por conseguinte, dos pr\u00f3prios contratos de trabalho celebrados; Unit\u00e1rio, pois o juiz ter\u00e1 que resolver a lide de maneira uniforme para ambas as empresas, pois incind\u00edveis, para efeito de an\u00e1lise de sua validade jur\u00eddica, os v\u00ednculos materiais constitu\u00eddos entre os atores da rela\u00e7\u00e3o triangular de terceiriza\u00e7\u00e3o. (\u2026) 4) Diante da exist\u00eancia de litiscons\u00f3rcio necess\u00e1rio e unit\u00e1rio, a decis\u00e3o obrigatoriamente produzir\u00e1 id\u00eanticos efeitos para as empresas prestadora e tomadora dos servi\u00e7os no plano do direito material. Logo, a decis\u00e3o em sede de ju\u00edzo de retrata\u00e7\u00e3o, mesmo quando apenas uma das r\u00e9s interp\u00f4s o recurso extraordin\u00e1rio, alcan\u00e7ar\u00e1 os litisconsortes de maneira id\u00eantica. (IncJulgRREmbRep-RR-1000-71.2012.5.06.0018).\u201d<\/p>\n\n\n\n<p>As demais alternativas, portanto, ficam automaticamente incorretas.<\/p>\n\n\n\n<p><strong>QUEST\u00c3O 86. Julgue os seguintes itens, acerca da execu\u00e7\u00e3o contra a fazenda p\u00fablica.<\/strong><\/p>\n\n\n\n<p><strong>I \u2013 Em se tratando de reclama\u00e7\u00f5es trabalhistas pl\u00farimas, a aferi\u00e7\u00e3o do que vem a ser pequeno valor, para efeito de dispensa de forma\u00e7\u00e3o de precat\u00f3rio, deve ser realizada considerando-se o valor global dos cr\u00e9ditos a serem recebidos por todos os reclamantes, dada a impossibilidade de fracionamento de precat\u00f3rio.<\/strong><\/p>\n\n\n\n<p><strong>II \u2013 A partir de 30 de junho de 2009, atualizam-se os d\u00e9bitos trabalhistas da fazenda p\u00fablica, mediante a incid\u00eancia dos \u00edndices oficiais de remunera\u00e7\u00e3o b\u00e1sica e juros aplicados \u00e0 caderneta de poupan\u00e7a.<\/strong><\/p>\n\n\n\n<p><strong>III \u2013 O sequestro de verbas p\u00fablicas para satisfa\u00e7\u00e3o de precat\u00f3rios trabalhistas s\u00f3 \u00e9 admitido na hip\u00f3tese de preteri\u00e7\u00e3o do direito de preced\u00eancia do credor, a ela se equiparando as situa\u00e7\u00f5es de n\u00e3o inclus\u00e3o da despesa no or\u00e7amento ou de n\u00e3o pagamento do precat\u00f3rio at\u00e9 o final do exerc\u00edcio, quando inclu\u00eddo no or\u00e7amento.<\/strong><\/p>\n\n\n\n<p><strong>IV \u2013 O presidente de TRT, em sede de precat\u00f3rio, n\u00e3o tem compet\u00eancia funcional para declarar a inexigibilidade do t\u00edtulo judicial exequendo, com fundamento no art. 884, \u00a7 5\u00b0, da CLT, ante a natureza meramente administrativa do procedimento.<\/strong><\/p>\n\n\n\n<p><strong>Est\u00e3o certos apenas os itens<\/strong><\/p>\n\n\n\n<p><strong>a) I e III.<\/strong><\/p>\n\n\n\n<p><strong>b) I e IV.<\/strong><\/p>\n\n\n\n<p><strong>c) II e IV.<\/strong><\/p>\n\n\n\n<p><strong>d) I, II e III.<\/strong><\/p>\n\n\n\n<p><strong>e) II, III e IV.<\/strong><\/p>\n\n\n\n<p><strong>Coment\u00e1rios<\/strong><\/p>\n\n\n\n<p>A alternativa correta a ser assinalada \u00e9 a <strong>letra<\/strong> <strong>E<\/strong>, pois apenas os itens II, III e IV est\u00e3o certos.<\/p>\n\n\n\n<p>O item I est\u00e1 incorreto. A an\u00e1lise \u00e9 feita levando em considera\u00e7\u00e3o os cr\u00e9ditos de cada reclamante, de acordo com a OJ 9 do Tribunal Pleno do TST: \u201cPRECAT\u00d3RIO. PEQUENO VALOR. INDIVIDUALIZA\u00c7\u00c3O DO CR\u00c9DITO APURADO. RECLAMA\u00c7\u00c3O TRABALHISTA PL\u00daRIMA. EXECU\u00c7\u00c3O DIRETA CONTRA A FAZENDA P\u00daBLICA. POSSIBILI-DADE (DJ 25.04.2007). Tratando-se de reclama\u00e7\u00f5es trabalhistas pl\u00farimas, a aferi\u00e7\u00e3o do que vem a ser obriga\u00e7\u00e3o de pequeno valor, para efeito de dispensa de forma\u00e7\u00e3o de precat\u00f3rio e aplica\u00e7\u00e3o do disposto no \u00a7 3\u00ba do art. 100 da CF\/88, deve ser realizada considerando-se os cr\u00e9ditos de cada reclamante.do art. 100 da CF\/88, deve ser realizada considerando-se os cr\u00e9ditos de cada reclamante.\u201d<\/p>\n\n\n\n<p>O item II est\u00e1 correto. De acordo com a OJ 7 do Tribunal Pleno do TST: \u201cJUROS DE MORA. CONDENA\u00c7\u00c3O DA FAZENDA P\u00daBLICA. (nova reda\u00e7\u00e3o) \u2013 Res. 175\/2011, DEJT divulgado em 27, 30 e 31.05.2011. (\u2026) II \u2013 A partir de 30 de junho de 2009, atualizam-se os d\u00e9bitos trabalhistas da Fazenda P\u00fablica, mediante a incid\u00eancia dos \u00edndices oficiais de remunera\u00e7\u00e3o b\u00e1sica e juros aplicados \u00e0 caderneta de poupan\u00e7a, por for\u00e7a do art. 5\u00ba da Lei n.\u00ba 11.960, de 29.06.2009.\u201d<\/p>\n\n\n\n<p>O item III est\u00e1 correto. De acordo com a OJ 3 do Tribunal Pleno do TST: \u201cPRECAT\u00d3RIO. SEQ\u00dcESTRO. EMENDA CONSTITUCIONAL N\u00ba 30\/00. PRETERI\u00c7\u00c3O. ADIN 1662-8. ART. 100, \u00a7 2\u00ba, DA CF\/1988 (DJ 09.12.2003). O sequestro de verbas p\u00fablicas para satisfa\u00e7\u00e3o de precat\u00f3rios trabalhistas s\u00f3 \u00e9 admitido na hip\u00f3tese de preteri\u00e7\u00e3o do direito de preced\u00eancia do credor, a ela n\u00e3o se equiparando as situa\u00e7\u00f5es de n\u00e3o inclus\u00e3o da despesa no or\u00e7amento ou de n\u00e3o-pagamento do precat\u00f3rio at\u00e9 o final do exerc\u00edcio, quando inclu\u00eddo no or\u00e7amento.\u201d<\/p>\n\n\n\n<p>O item IV est\u00e1 correto. De acordo com a OJ 12 do Tribunal Pleno do TST: \u201cPRECAT\u00d3RIO. PROCEDIMENTO DE NATUREZA ADMINISTRATIVA. INCOMPET\u00caNCIA FUNCIONAL DO PRESIDENTE DO TRT PARA DECLARAR A INEXIGIBILIDADE DO T\u00cdTULO EXEQUENDO. (DEJT divulgado em 16, 17 e 20.09.2010). O Presidente do TRT, em sede de precat\u00f3rio, n\u00e3o tem compet\u00eancia funcional para declarar a inexigibilidade do t\u00edtulo judicial exequendo, com fundamento no art. 884, \u00a7 5\u00ba, da CLT, ante a natureza meramente administrativa do procedimento.\u201d<\/p>\n\n\n\n<p><strong>QUEST\u00c3O 89. Julgue os itens que se seguem, acerca do procedimento sumar\u00edssimo.<\/strong><\/p>\n\n\n\n<p><strong>I \u2013 \u00c9 admitido recurso de revista por contrariedade a orienta\u00e7\u00e3o jurisprudencial do TST.<\/strong><\/p>\n\n\n\n<p><strong>II \u2013 N\u00e3o ser\u00e1 admitida a cita\u00e7\u00e3o por edital.<\/strong><\/p>\n\n\n\n<p><strong>III \u2013 Todas as provas ser\u00e3o produzidas em audi\u00eancia, desde que requeridas previamente.<\/strong><\/p>\n\n\n\n<p><strong>IV \u2013 A senten\u00e7a deve mencionar os elementos de convic\u00e7\u00e3o do ju\u00edzo, com resumo dos fatos relevantes ocorridos em audi\u00eancia, dispensado o relat\u00f3rio.<\/strong><\/p>\n\n\n\n<p><strong>Est\u00e3o certos apenas os itens<\/strong><\/p>\n\n\n\n<p><strong>a) I e II.<\/strong><\/p>\n\n\n\n<p><strong>b) II e IV.<\/strong><\/p>\n\n\n\n<p><strong>c) III e IV.<\/strong><\/p>\n\n\n\n<p><strong>d) I, II e III.<\/strong><\/p>\n\n\n\n<p><strong>e) I, II e IV.<\/strong><\/p>\n\n\n\n<p><strong>Coment\u00e1rios<\/strong><\/p>\n\n\n\n<p>A alternativa correta a ser assinalada \u00e9 a <strong>letra<\/strong> <strong>B<\/strong>, pois apenas os itens II e IV est\u00e3o certos.<\/p>\n\n\n\n<p>O item I est\u00e1 incorreto. De acordo com S\u00famula 442 do TST: \u201cPROCEDIMENTO SUMAR\u00cdSSIMO. RECURSO DE REVISTA FUNDAMENTADO EM CONTRARIEDADE A ORIENTA\u00c7\u00c3O JURISPRUDENCIAL. INADMISSIBILIDADE. ART. 896, \u00a7 6\u00ba, DA CLT, ACRESCENTADO PELA LEI N\u00ba 9.957, DE 12.01.2000 (convers\u00e3o da Orienta\u00e7\u00e3o Jurisprudencial n\u00ba 352 da SBDI-1) \u2013 Res. 185\/2012, DEJT divulgado em 25, 26 e 27.09.2012. Nas causas sujeitas ao procedimento sumar\u00edssimo, a admissibilidade de recurso de revista est\u00e1 limitada \u00e0 demonstra\u00e7\u00e3o de viola\u00e7\u00e3o direta a dispositivo da Constitui\u00e7\u00e3o Federal ou contrariedade a S\u00famula do Tribunal Superior do Trabalho, n\u00e3o se admitindo o recurso por contrariedade a Orienta\u00e7\u00e3o Jurisprudencial deste Tribunal (Livro II, T\u00edtulo II, Cap\u00edtulo III, do RITST), ante a aus\u00eancia de previs\u00e3o no art. 896, \u00a7 6\u00ba, da CLT.\u201d<\/p>\n\n\n\n<p>O item II est\u00e1 correto. De acordo com art. 852-B, II, da CLT: \u201cArt. 852-B. Nas reclama\u00e7\u00f5es enquadradas no procedimento sumar\u00edssimo: II \u2013 n\u00e3o se far\u00e1 cita\u00e7\u00e3o por edital, incumbindo ao autor a correta indica\u00e7\u00e3o do nome e endere\u00e7o do reclamado;\u201d<\/p>\n\n\n\n<p>O item III est\u00e1 incorreto. De acordo com art. 852-H, da CLT: \u201cArt. 852-H. Todas as provas ser\u00e3o produzidas na audi\u00eancia de instru\u00e7\u00e3o e julgamento, ainda que n\u00e3o requeridas previamente.\u201d<\/p>\n\n\n\n<p>O item IV est\u00e1 correto. De acordo com art. 852-I, da CLT: \u201cArt. 852-I. A senten\u00e7a mencionar\u00e1 os elementos de convic\u00e7\u00e3o do ju\u00edzo, com resumo dos fatos relevantes ocorridos em audi\u00eancia, dispensado o relat\u00f3rio.\u201d<\/p>\n\n\n\n<p><strong>QUEST\u00c3O 90. Em um processo trabalhista em fase de execu\u00e7\u00e3o, o juiz acolheu incidente de desconsidera\u00e7\u00e3o da personalidade jur\u00eddica.<\/strong><\/p>\n\n\n\n<p><strong>Na situa\u00e7\u00e3o hipot\u00e9tica apresentada, conforme a CLT, contra essa decis\u00e3o cabe<\/strong><\/p>\n\n\n\n<p><strong>a) recurso ordin\u00e1rio.<\/strong><\/p>\n\n\n\n<p><strong>b) reclama\u00e7\u00e3o ao TST, pois h\u00e1 s\u00famula desse tribunal no sentido da inadmissibilidade de incidente de desconsidera\u00e7\u00e3o da personalidade jur\u00eddica na fase de execu\u00e7\u00e3o.<\/strong><\/p>\n\n\n\n<p><strong>c) somente mandado de seguran\u00e7a, em raz\u00e3o do princ\u00edpio da irrecorribilidade das decis\u00f5es interlocut\u00f3rias.<\/strong><\/p>\n\n\n\n<p><strong>d) agravo de peti\u00e7\u00e3o.<\/strong><\/p>\n\n\n\n<p><strong>e) recurso somente se garantido o ju\u00edzo.<\/strong><\/p>\n\n\n\n<p><strong>Coment\u00e1rios<\/strong><\/p>\n\n\n\n<p>A alternativa correta a ser assinalada \u00e9 a <strong>letra<\/strong> <strong>D<\/strong>. De acordo com art. 855-A da CLT: \u201cArt. 855-A.\u00a0 Aplica-se ao processo do trabalho o incidente de desconsidera\u00e7\u00e3o da personalidade jur\u00eddica previsto nos arts. 133 a 137 da Lei no 13.105, de 16 de mar\u00e7o de 2015 \u2013 C\u00f3digo de Processo Civil. \u00a7 1\u00ba Da decis\u00e3o interlocut\u00f3ria que acolher ou rejeitar o incidente: I \u2013 na fase de cogni\u00e7\u00e3o, n\u00e3o cabe recurso de imediato, na forma do \u00a7 1\u00ba do art. 893 desta Consolida\u00e7\u00e3o; II \u2013 na fase de execu\u00e7\u00e3o, cabe agravo de peti\u00e7\u00e3o, independentemente de garantia do ju\u00edzo; III \u2013 cabe agravo interno se proferida pelo relator em incidente instaurado originariamente no tribunal.\u201d<\/p>\n\n\n\n<p>Portanto, como o enunciado determina que se trata da fase de execu\u00e7\u00e3o, o recurso cab\u00edvel ser\u00e1 o agravo de peti\u00e7\u00e3o. As demais alternativas, portanto, ficam automaticamente incorretas.<\/p>\n\n\n\n<p class=\"has-text-align-center has-luminous-vivid-amber-background-color has-background has-medium-font-size\"><strong>Saiba mais: <a href=\"https:\/\/cj.estrategia.com\/portal\/concurso-pge-pa-procurador\/\">Concurso PGE PA Procurador <\/a><\/strong><\/p>\n\n\n\n<h2 class=\"wp-block-heading has-text-align-center\" id=\"cursos\"><span id=\"quer-saber-tudo-sobre-concursos-previstosconfira-nossos-artigos\">Quer saber tudo sobre concursos previstos?<br><strong>Confira nossos artigos!<\/strong><\/span><\/h2>\n\n\n\n<ul class=\"wp-block-list\">\n<li><a href=\"https:\/\/cj.estrategia.com\/portal\/concursos-abertos-carreiras-juridicas\/\" target=\"_blank\" >Concursos jur\u00eddicos abertos<\/a><\/li>\n\n\n\n<li><a href=\"https:\/\/cj.estrategia.com\/portal\/concursos-2023-carreiras-juridicas\/\" target=\"_blank\" >Concursos jur\u00eddicos 2023<\/a><\/li>\n\n\n\n<li><a href=\"https:\/\/cj.estrategia.com\/portal\/concursos-2024-carreiras-juridicas\/\" target=\"_blank\" >Concursos jur\u00eddicos 2024<\/a><\/li>\n<\/ul>\n\n\n\n<h2 class=\"wp-block-heading has-text-align-center\" id=\"assinatura-e-cursos\"><span id=\"quer-estudar-para-o-concurso-pge-pa-procurador\"><strong><em>Quer estudar para o concurso PGE PA Procurador?<\/em><\/strong><\/span><\/h2>\n\n\n\n<h2 class=\"wp-block-heading has-text-align-center\" id=\"cursos-ficha\"><span id=\"cursos-e-assinaturas\">Cursos e Assinaturas<\/span><\/h2>\n\n\n\n<p>O Estrat\u00e9gia Carreira Jur\u00eddica \u00e9 campe\u00e3o de aprova\u00e7\u00f5es nos concursos para Carreiras Jur\u00eddicas com um corpo docente qualificado e materiais completos. Conhe\u00e7a nossos cursos e garanta sua aprova\u00e7\u00e3o:<\/p>\n\n\n\n<div class=\"wp-block-cover\" style=\"min-height:155px;aspect-ratio:unset;\"><img decoding=\"async\" width=\"1890\" height=\"351\" class=\"wp-block-cover__image-background wp-image-8669\" alt=\"Assinaturas Jur\u00eddicas\" src=\"https:\/\/cj.estrategia.com\/portal\/wp-content\/uploads\/2022\/06\/20151253\/concurso-carreiras-juridicas-assinatura-juridica.jpg\" style=\"object-position:78% 43%\" data-object-fit=\"cover\" data-object-position=\"78% 43%\" srcset=\"https:\/\/cj.estrategia.com\/portal\/wp-content\/uploads\/2022\/06\/20151253\/concurso-carreiras-juridicas-assinatura-juridica.jpg 1890w, https:\/\/cj.estrategia.com\/portal\/wp-content\/uploads\/2022\/06\/20151253\/concurso-carreiras-juridicas-assinatura-juridica-300x56.jpg 300w, https:\/\/cj.estrategia.com\/portal\/wp-content\/uploads\/2022\/06\/20151253\/concurso-carreiras-juridicas-assinatura-juridica-1024x190.jpg 1024w, https:\/\/cj.estrategia.com\/portal\/wp-content\/uploads\/2022\/06\/20151253\/concurso-carreiras-juridicas-assinatura-juridica-768x143.jpg 768w, https:\/\/cj.estrategia.com\/portal\/wp-content\/uploads\/2022\/06\/20151253\/concurso-carreiras-juridicas-assinatura-juridica-1536x285.jpg 1536w, https:\/\/cj.estrategia.com\/portal\/wp-content\/uploads\/2022\/06\/20151253\/concurso-carreiras-juridicas-assinatura-juridica-380x71.jpg 380w, https:\/\/cj.estrategia.com\/portal\/wp-content\/uploads\/2022\/06\/20151253\/concurso-carreiras-juridicas-assinatura-juridica-800x149.jpg 800w, https:\/\/cj.estrategia.com\/portal\/wp-content\/uploads\/2022\/06\/20151253\/concurso-carreiras-juridicas-assinatura-juridica-1160x215.jpg 1160w\" sizes=\"(max-width: 1890px) 100vw, 1890px\" \/><span aria-hidden=\"true\" class=\"wp-block-cover__background has-background-dim\"><\/span><div class=\"wp-block-cover__inner-container is-layout-flow wp-block-cover-is-layout-flow\">\n<h3 id=\"faca-a-sua-assinatura\" class=\"titulo-assinatura\"><span style=\"color: #ffffff;\">Fa\u00e7a a sua assinatura!<\/span><\/h3>\n<p class=\"subtitulo-assinatura\" style=\"display:block!important; line-height: 0;\"><span style=\"color: #ffffff;\">Escolha a sua \u00e1rea.<\/span><\/p>\n<a target=\"_blank\" href=\"https:\/\/www.estrategiaconcursos.com.br\/assinaturas-ecj\/\" rel=\"noopener\"><button style=\"border-radius: 10px; text-transform: capitalize;\">Acessar<\/button><\/a>\n<\/div><\/div>\n\n\n\n\n\n<p><em>Prepare-se com o melhor material e com quem mais aprova em Concursos P\u00fablicos em todo o pa\u00eds.<\/em><\/p>\n","protected":false},"excerpt":{"rendered":"Ol\u00e1, pessoal, tudo certo?! Em 01\/10\/2023, foi aplicada a prova objetiva do concurso p\u00fablico para Procurador do Estado&hellip;\n","protected":false},"author":12,"featured_media":32242,"comment_status":"open","ping_status":"open","sticky":false,"template":"","format":"standard","meta":{"_jetpack_memberships_contains_paid_content":false,"footnotes":""},"categories":[24],"tags":[],"tax_estado":[44],"class_list":{"0":"post-46947","1":"post","2":"type-post","3":"status-publish","4":"format-standard","5":"has-post-thumbnail","7":"category-procuradoria","8":"tax_estado-pa"},"acf":[],"yoast_head":"<!-- This site is optimized with the Yoast SEO Premium plugin v27.5 (Yoast SEO v27.5) - https:\/\/yoast.com\/product\/yoast-seo-premium-wordpress\/ -->\n<title>Prova Comentada Direito Processual do Trabalho PGE PA Procurador!<\/title>\n<meta name=\"description\" content=\"Prova Comentada Direito Processual do Trabalho PGE PA Procurador: confira aqui os coment\u00e1rios dos professores do estrat\u00e9gia e tire suas d\u00favidas.\" \/>\n<meta name=\"robots\" content=\"index, follow, max-snippet:-1, max-image-preview:large, max-video-preview:-1\" \/>\n<link rel=\"canonical\" href=\"https:\/\/cj.estrategia.com\/portal\/prova-comentada-direito-processual-do-trabalho-pge-pa-procurador\/\" \/>\n<meta property=\"og:locale\" content=\"pt_BR\" \/>\n<meta property=\"og:type\" content=\"article\" \/>\n<meta property=\"og:title\" content=\"Prova Comentada Direito Processual do Trabalho PGE PA Procurador!\" \/>\n<meta property=\"og:description\" content=\"Prova Comentada Direito Processual do Trabalho PGE PA Procurador: confira aqui os coment\u00e1rios dos professores do estrat\u00e9gia e tire suas d\u00favidas.\" \/>\n<meta property=\"og:url\" content=\"https:\/\/cj.estrategia.com\/portal\/prova-comentada-direito-processual-do-trabalho-pge-pa-procurador\/\" \/>\n<meta property=\"og:site_name\" content=\"Blog - Carreiras Jur\u00eddicas - Estrat\u00e9gia\" \/>\n<meta property=\"article:publisher\" content=\"https:\/\/www.facebook.com\/estrategiacarreirajuridica\/\" \/>\n<meta property=\"article:published_time\" content=\"2023-10-03T00:37:04+00:00\" \/>\n<meta property=\"article:modified_time\" content=\"2023-10-03T00:37:06+00:00\" \/>\n<meta property=\"og:image\" content=\"https:\/\/cj.estrategia.com\/portal\/wp-content\/uploads\/2023\/03\/27125420\/ecj-concurso-pge-pa-procurador-concursos-juridicos.jpg\" \/>\n\t<meta property=\"og:image:width\" content=\"960\" \/>\n\t<meta property=\"og:image:height\" content=\"540\" \/>\n\t<meta property=\"og:image:type\" content=\"image\/jpeg\" \/>\n<meta name=\"author\" content=\"Coordena\u00e7\u00e3o\" \/>\n<meta name=\"twitter:card\" content=\"summary_large_image\" \/>\n<meta name=\"twitter:creator\" content=\"@EstratJuridica\" \/>\n<meta name=\"twitter:site\" content=\"@EstratJuridica\" \/>\n<meta name=\"twitter:label1\" content=\"Escrito por\" \/>\n\t<meta name=\"twitter:data1\" content=\"Coordena\u00e7\u00e3o\" \/>\n\t<meta name=\"twitter:label2\" content=\"Est. tempo de leitura\" \/>\n\t<meta name=\"twitter:data2\" content=\"10 minutos\" \/>\n<script type=\"application\/ld+json\" class=\"yoast-schema-graph\">{\"@context\":\"https:\\\/\\\/schema.org\",\"@graph\":[{\"@type\":\"NewsArticle\",\"@id\":\"https:\\\/\\\/cj.estrategia.com\\\/portal\\\/prova-comentada-direito-processual-do-trabalho-pge-pa-procurador\\\/#article\",\"isPartOf\":{\"@id\":\"https:\\\/\\\/cj.estrategia.com\\\/portal\\\/prova-comentada-direito-processual-do-trabalho-pge-pa-procurador\\\/\"},\"author\":{\"name\":\"Coordena\u00e7\u00e3o\",\"@id\":\"https:\\\/\\\/cj.estrategia.com\\\/portal\\\/#\\\/schema\\\/person\\\/4d70317d31449932b99102916b6637f5\"},\"headline\":\"Prova Comentada Direito Processual do Trabalho PGE PA Procurador!\",\"datePublished\":\"2023-10-03T00:37:04+00:00\",\"dateModified\":\"2023-10-03T00:37:06+00:00\",\"mainEntityOfPage\":{\"@id\":\"https:\\\/\\\/cj.estrategia.com\\\/portal\\\/prova-comentada-direito-processual-do-trabalho-pge-pa-procurador\\\/\"},\"wordCount\":1908,\"commentCount\":0,\"publisher\":{\"@id\":\"https:\\\/\\\/cj.estrategia.com\\\/portal\\\/#organization\"},\"image\":{\"@id\":\"https:\\\/\\\/cj.estrategia.com\\\/portal\\\/prova-comentada-direito-processual-do-trabalho-pge-pa-procurador\\\/#primaryimage\"},\"thumbnailUrl\":\"https:\\\/\\\/cj.estrategia.com\\\/portal\\\/wp-content\\\/uploads\\\/2023\\\/03\\\/27125420\\\/ecj-concurso-pge-pa-procurador-concursos-juridicos.jpg\",\"articleSection\":[\"Procuradoria\"],\"inLanguage\":\"pt-BR\",\"potentialAction\":[{\"@type\":\"CommentAction\",\"name\":\"Comment\",\"target\":[\"https:\\\/\\\/cj.estrategia.com\\\/portal\\\/prova-comentada-direito-processual-do-trabalho-pge-pa-procurador\\\/#respond\"]}]},{\"@type\":\"WebPage\",\"@id\":\"https:\\\/\\\/cj.estrategia.com\\\/portal\\\/prova-comentada-direito-processual-do-trabalho-pge-pa-procurador\\\/\",\"url\":\"https:\\\/\\\/cj.estrategia.com\\\/portal\\\/prova-comentada-direito-processual-do-trabalho-pge-pa-procurador\\\/\",\"name\":\"Prova Comentada Direito Processual do Trabalho PGE PA Procurador!\",\"isPartOf\":{\"@id\":\"https:\\\/\\\/cj.estrategia.com\\\/portal\\\/#website\"},\"primaryImageOfPage\":{\"@id\":\"https:\\\/\\\/cj.estrategia.com\\\/portal\\\/prova-comentada-direito-processual-do-trabalho-pge-pa-procurador\\\/#primaryimage\"},\"image\":{\"@id\":\"https:\\\/\\\/cj.estrategia.com\\\/portal\\\/prova-comentada-direito-processual-do-trabalho-pge-pa-procurador\\\/#primaryimage\"},\"thumbnailUrl\":\"https:\\\/\\\/cj.estrategia.com\\\/portal\\\/wp-content\\\/uploads\\\/2023\\\/03\\\/27125420\\\/ecj-concurso-pge-pa-procurador-concursos-juridicos.jpg\",\"datePublished\":\"2023-10-03T00:37:04+00:00\",\"dateModified\":\"2023-10-03T00:37:06+00:00\",\"description\":\"Prova Comentada Direito Processual do Trabalho PGE PA Procurador: confira aqui os coment\u00e1rios dos professores do estrat\u00e9gia e tire suas d\u00favidas.\",\"breadcrumb\":{\"@id\":\"https:\\\/\\\/cj.estrategia.com\\\/portal\\\/prova-comentada-direito-processual-do-trabalho-pge-pa-procurador\\\/#breadcrumb\"},\"inLanguage\":\"pt-BR\",\"potentialAction\":[{\"@type\":\"ReadAction\",\"target\":[\"https:\\\/\\\/cj.estrategia.com\\\/portal\\\/prova-comentada-direito-processual-do-trabalho-pge-pa-procurador\\\/\"]}]},{\"@type\":\"ImageObject\",\"inLanguage\":\"pt-BR\",\"@id\":\"https:\\\/\\\/cj.estrategia.com\\\/portal\\\/prova-comentada-direito-processual-do-trabalho-pge-pa-procurador\\\/#primaryimage\",\"url\":\"https:\\\/\\\/cj.estrategia.com\\\/portal\\\/wp-content\\\/uploads\\\/2023\\\/03\\\/27125420\\\/ecj-concurso-pge-pa-procurador-concursos-juridicos.jpg\",\"contentUrl\":\"https:\\\/\\\/cj.estrategia.com\\\/portal\\\/wp-content\\\/uploads\\\/2023\\\/03\\\/27125420\\\/ecj-concurso-pge-pa-procurador-concursos-juridicos.jpg\",\"width\":960,\"height\":540,\"caption\":\"Concurso PGE PA procurador\"},{\"@type\":\"BreadcrumbList\",\"@id\":\"https:\\\/\\\/cj.estrategia.com\\\/portal\\\/prova-comentada-direito-processual-do-trabalho-pge-pa-procurador\\\/#breadcrumb\",\"itemListElement\":[{\"@type\":\"ListItem\",\"position\":1,\"name\":\"In\u00edcio\",\"item\":\"https:\\\/\\\/cj.estrategia.com\\\/portal\\\/\"},{\"@type\":\"ListItem\",\"position\":2,\"name\":\"Prova Comentada Direito Processual do Trabalho PGE PA Procurador!\"}]},{\"@type\":\"WebSite\",\"@id\":\"https:\\\/\\\/cj.estrategia.com\\\/portal\\\/#website\",\"url\":\"https:\\\/\\\/cj.estrategia.com\\\/portal\\\/\",\"name\":\"Blog - Carreiras Jur\u00eddicas - Estrat\u00e9gia\",\"description\":\"\",\"publisher\":{\"@id\":\"https:\\\/\\\/cj.estrategia.com\\\/portal\\\/#organization\"},\"potentialAction\":[{\"@type\":\"SearchAction\",\"target\":{\"@type\":\"EntryPoint\",\"urlTemplate\":\"https:\\\/\\\/cj.estrategia.com\\\/portal\\\/?s={search_term_string}\"},\"query-input\":{\"@type\":\"PropertyValueSpecification\",\"valueRequired\":true,\"valueName\":\"search_term_string\"}}],\"inLanguage\":\"pt-BR\"},{\"@type\":\"Organization\",\"@id\":\"https:\\\/\\\/cj.estrategia.com\\\/portal\\\/#organization\",\"name\":\"Estrat\u00e9gia - Carreiras Jur\u00eddicas\",\"url\":\"https:\\\/\\\/cj.estrategia.com\\\/portal\\\/\",\"logo\":{\"@type\":\"ImageObject\",\"inLanguage\":\"pt-BR\",\"@id\":\"https:\\\/\\\/cj.estrategia.com\\\/portal\\\/#\\\/schema\\\/logo\\\/image\\\/\",\"url\":\"https:\\\/\\\/cj.estrategia.com\\\/portal\\\/wp-content\\\/uploads\\\/2022\\\/03\\\/11151052\\\/cj-logo.png\",\"contentUrl\":\"https:\\\/\\\/cj.estrategia.com\\\/portal\\\/wp-content\\\/uploads\\\/2022\\\/03\\\/11151052\\\/cj-logo.png\",\"width\":150,\"height\":39,\"caption\":\"Estrat\u00e9gia - Carreiras Jur\u00eddicas\"},\"image\":{\"@id\":\"https:\\\/\\\/cj.estrategia.com\\\/portal\\\/#\\\/schema\\\/logo\\\/image\\\/\"},\"sameAs\":[\"https:\\\/\\\/www.facebook.com\\\/estrategiacarreirajuridica\\\/\",\"https:\\\/\\\/x.com\\\/EstratJuridica\",\"https:\\\/\\\/www.instagram.com\\\/estrategiacarreirajuridica\\\/\",\"https:\\\/\\\/www.youtube.com\\\/channel\\\/UClbMGuYbj2Mh1m3w144ETWQ\"]},{\"@type\":\"Person\",\"@id\":\"https:\\\/\\\/cj.estrategia.com\\\/portal\\\/#\\\/schema\\\/person\\\/4d70317d31449932b99102916b6637f5\",\"name\":\"Coordena\u00e7\u00e3o\",\"image\":{\"@type\":\"ImageObject\",\"inLanguage\":\"pt-BR\",\"@id\":\"https:\\\/\\\/cj.estrategia.com\\\/portal\\\/wp-content\\\/uploads\\\/2022\\\/05\\\/12164923\\\/estrategia-carreira-juridica-coordenacao-96x96.png\",\"url\":\"https:\\\/\\\/cj.estrategia.com\\\/portal\\\/wp-content\\\/uploads\\\/2022\\\/05\\\/12164923\\\/estrategia-carreira-juridica-coordenacao-96x96.png\",\"contentUrl\":\"https:\\\/\\\/cj.estrategia.com\\\/portal\\\/wp-content\\\/uploads\\\/2022\\\/05\\\/12164923\\\/estrategia-carreira-juridica-coordenacao-96x96.png\",\"caption\":\"Coordena\u00e7\u00e3o\"},\"url\":\"https:\\\/\\\/cj.estrategia.com\\\/portal\\\/author\\\/coordenacao\\\/\"}]}<\/script>\n<!-- \/ Yoast SEO Premium plugin. -->","yoast_head_json":{"title":"Prova Comentada Direito Processual do Trabalho PGE PA Procurador!","description":"Prova Comentada Direito Processual do Trabalho PGE PA Procurador: confira aqui os coment\u00e1rios dos professores do estrat\u00e9gia e tire suas d\u00favidas.","robots":{"index":"index","follow":"follow","max-snippet":"max-snippet:-1","max-image-preview":"max-image-preview:large","max-video-preview":"max-video-preview:-1"},"canonical":"https:\/\/cj.estrategia.com\/portal\/prova-comentada-direito-processual-do-trabalho-pge-pa-procurador\/","og_locale":"pt_BR","og_type":"article","og_title":"Prova Comentada Direito Processual do Trabalho PGE PA Procurador!","og_description":"Prova Comentada Direito Processual do Trabalho PGE PA Procurador: confira aqui os coment\u00e1rios dos professores do estrat\u00e9gia e tire suas d\u00favidas.","og_url":"https:\/\/cj.estrategia.com\/portal\/prova-comentada-direito-processual-do-trabalho-pge-pa-procurador\/","og_site_name":"Blog - Carreiras Jur\u00eddicas - Estrat\u00e9gia","article_publisher":"https:\/\/www.facebook.com\/estrategiacarreirajuridica\/","article_published_time":"2023-10-03T00:37:04+00:00","article_modified_time":"2023-10-03T00:37:06+00:00","og_image":[{"width":960,"height":540,"url":"https:\/\/cj.estrategia.com\/portal\/wp-content\/uploads\/2023\/03\/27125420\/ecj-concurso-pge-pa-procurador-concursos-juridicos.jpg","type":"image\/jpeg"}],"author":"Coordena\u00e7\u00e3o","twitter_card":"summary_large_image","twitter_creator":"@EstratJuridica","twitter_site":"@EstratJuridica","twitter_misc":{"Escrito por":"Coordena\u00e7\u00e3o","Est. tempo de leitura":"10 minutos"},"schema":{"@context":"https:\/\/schema.org","@graph":[{"@type":"NewsArticle","@id":"https:\/\/cj.estrategia.com\/portal\/prova-comentada-direito-processual-do-trabalho-pge-pa-procurador\/#article","isPartOf":{"@id":"https:\/\/cj.estrategia.com\/portal\/prova-comentada-direito-processual-do-trabalho-pge-pa-procurador\/"},"author":{"name":"Coordena\u00e7\u00e3o","@id":"https:\/\/cj.estrategia.com\/portal\/#\/schema\/person\/4d70317d31449932b99102916b6637f5"},"headline":"Prova Comentada Direito Processual do Trabalho PGE PA Procurador!","datePublished":"2023-10-03T00:37:04+00:00","dateModified":"2023-10-03T00:37:06+00:00","mainEntityOfPage":{"@id":"https:\/\/cj.estrategia.com\/portal\/prova-comentada-direito-processual-do-trabalho-pge-pa-procurador\/"},"wordCount":1908,"commentCount":0,"publisher":{"@id":"https:\/\/cj.estrategia.com\/portal\/#organization"},"image":{"@id":"https:\/\/cj.estrategia.com\/portal\/prova-comentada-direito-processual-do-trabalho-pge-pa-procurador\/#primaryimage"},"thumbnailUrl":"https:\/\/cj.estrategia.com\/portal\/wp-content\/uploads\/2023\/03\/27125420\/ecj-concurso-pge-pa-procurador-concursos-juridicos.jpg","articleSection":["Procuradoria"],"inLanguage":"pt-BR","potentialAction":[{"@type":"CommentAction","name":"Comment","target":["https:\/\/cj.estrategia.com\/portal\/prova-comentada-direito-processual-do-trabalho-pge-pa-procurador\/#respond"]}]},{"@type":"WebPage","@id":"https:\/\/cj.estrategia.com\/portal\/prova-comentada-direito-processual-do-trabalho-pge-pa-procurador\/","url":"https:\/\/cj.estrategia.com\/portal\/prova-comentada-direito-processual-do-trabalho-pge-pa-procurador\/","name":"Prova Comentada Direito Processual do Trabalho PGE PA Procurador!","isPartOf":{"@id":"https:\/\/cj.estrategia.com\/portal\/#website"},"primaryImageOfPage":{"@id":"https:\/\/cj.estrategia.com\/portal\/prova-comentada-direito-processual-do-trabalho-pge-pa-procurador\/#primaryimage"},"image":{"@id":"https:\/\/cj.estrategia.com\/portal\/prova-comentada-direito-processual-do-trabalho-pge-pa-procurador\/#primaryimage"},"thumbnailUrl":"https:\/\/cj.estrategia.com\/portal\/wp-content\/uploads\/2023\/03\/27125420\/ecj-concurso-pge-pa-procurador-concursos-juridicos.jpg","datePublished":"2023-10-03T00:37:04+00:00","dateModified":"2023-10-03T00:37:06+00:00","description":"Prova Comentada Direito Processual do Trabalho PGE PA Procurador: confira aqui os coment\u00e1rios dos professores do estrat\u00e9gia e tire suas d\u00favidas.","breadcrumb":{"@id":"https:\/\/cj.estrategia.com\/portal\/prova-comentada-direito-processual-do-trabalho-pge-pa-procurador\/#breadcrumb"},"inLanguage":"pt-BR","potentialAction":[{"@type":"ReadAction","target":["https:\/\/cj.estrategia.com\/portal\/prova-comentada-direito-processual-do-trabalho-pge-pa-procurador\/"]}]},{"@type":"ImageObject","inLanguage":"pt-BR","@id":"https:\/\/cj.estrategia.com\/portal\/prova-comentada-direito-processual-do-trabalho-pge-pa-procurador\/#primaryimage","url":"https:\/\/cj.estrategia.com\/portal\/wp-content\/uploads\/2023\/03\/27125420\/ecj-concurso-pge-pa-procurador-concursos-juridicos.jpg","contentUrl":"https:\/\/cj.estrategia.com\/portal\/wp-content\/uploads\/2023\/03\/27125420\/ecj-concurso-pge-pa-procurador-concursos-juridicos.jpg","width":960,"height":540,"caption":"Concurso PGE PA procurador"},{"@type":"BreadcrumbList","@id":"https:\/\/cj.estrategia.com\/portal\/prova-comentada-direito-processual-do-trabalho-pge-pa-procurador\/#breadcrumb","itemListElement":[{"@type":"ListItem","position":1,"name":"In\u00edcio","item":"https:\/\/cj.estrategia.com\/portal\/"},{"@type":"ListItem","position":2,"name":"Prova Comentada Direito Processual do Trabalho PGE PA Procurador!"}]},{"@type":"WebSite","@id":"https:\/\/cj.estrategia.com\/portal\/#website","url":"https:\/\/cj.estrategia.com\/portal\/","name":"Blog - Carreiras Jur\u00eddicas - Estrat\u00e9gia","description":"","publisher":{"@id":"https:\/\/cj.estrategia.com\/portal\/#organization"},"potentialAction":[{"@type":"SearchAction","target":{"@type":"EntryPoint","urlTemplate":"https:\/\/cj.estrategia.com\/portal\/?s={search_term_string}"},"query-input":{"@type":"PropertyValueSpecification","valueRequired":true,"valueName":"search_term_string"}}],"inLanguage":"pt-BR"},{"@type":"Organization","@id":"https:\/\/cj.estrategia.com\/portal\/#organization","name":"Estrat\u00e9gia - Carreiras Jur\u00eddicas","url":"https:\/\/cj.estrategia.com\/portal\/","logo":{"@type":"ImageObject","inLanguage":"pt-BR","@id":"https:\/\/cj.estrategia.com\/portal\/#\/schema\/logo\/image\/","url":"https:\/\/cj.estrategia.com\/portal\/wp-content\/uploads\/2022\/03\/11151052\/cj-logo.png","contentUrl":"https:\/\/cj.estrategia.com\/portal\/wp-content\/uploads\/2022\/03\/11151052\/cj-logo.png","width":150,"height":39,"caption":"Estrat\u00e9gia - Carreiras Jur\u00eddicas"},"image":{"@id":"https:\/\/cj.estrategia.com\/portal\/#\/schema\/logo\/image\/"},"sameAs":["https:\/\/www.facebook.com\/estrategiacarreirajuridica\/","https:\/\/x.com\/EstratJuridica","https:\/\/www.instagram.com\/estrategiacarreirajuridica\/","https:\/\/www.youtube.com\/channel\/UClbMGuYbj2Mh1m3w144ETWQ"]},{"@type":"Person","@id":"https:\/\/cj.estrategia.com\/portal\/#\/schema\/person\/4d70317d31449932b99102916b6637f5","name":"Coordena\u00e7\u00e3o","image":{"@type":"ImageObject","inLanguage":"pt-BR","@id":"https:\/\/cj.estrategia.com\/portal\/wp-content\/uploads\/2022\/05\/12164923\/estrategia-carreira-juridica-coordenacao-96x96.png","url":"https:\/\/cj.estrategia.com\/portal\/wp-content\/uploads\/2022\/05\/12164923\/estrategia-carreira-juridica-coordenacao-96x96.png","contentUrl":"https:\/\/cj.estrategia.com\/portal\/wp-content\/uploads\/2022\/05\/12164923\/estrategia-carreira-juridica-coordenacao-96x96.png","caption":"Coordena\u00e7\u00e3o"},"url":"https:\/\/cj.estrategia.com\/portal\/author\/coordenacao\/"}]}},"jetpack_featured_media_url":"https:\/\/cj.estrategia.com\/portal\/wp-content\/uploads\/2023\/03\/27125420\/ecj-concurso-pge-pa-procurador-concursos-juridicos.jpg","jetpack_sharing_enabled":true,"_links":{"self":[{"href":"https:\/\/cj.estrategia.com\/portal\/wp-json\/wp\/v2\/posts\/46947","targetHints":{"allow":["GET"]}}],"collection":[{"href":"https:\/\/cj.estrategia.com\/portal\/wp-json\/wp\/v2\/posts"}],"about":[{"href":"https:\/\/cj.estrategia.com\/portal\/wp-json\/wp\/v2\/types\/post"}],"author":[{"embeddable":true,"href":"https:\/\/cj.estrategia.com\/portal\/wp-json\/wp\/v2\/users\/12"}],"replies":[{"embeddable":true,"href":"https:\/\/cj.estrategia.com\/portal\/wp-json\/wp\/v2\/comments?post=46947"}],"version-history":[{"count":0,"href":"https:\/\/cj.estrategia.com\/portal\/wp-json\/wp\/v2\/posts\/46947\/revisions"}],"wp:featuredmedia":[{"embeddable":true,"href":"https:\/\/cj.estrategia.com\/portal\/wp-json\/wp\/v2\/media\/32242"}],"wp:attachment":[{"href":"https:\/\/cj.estrategia.com\/portal\/wp-json\/wp\/v2\/media?parent=46947"}],"wp:term":[{"taxonomy":"category","embeddable":true,"href":"https:\/\/cj.estrategia.com\/portal\/wp-json\/wp\/v2\/categories?post=46947"},{"taxonomy":"post_tag","embeddable":true,"href":"https:\/\/cj.estrategia.com\/portal\/wp-json\/wp\/v2\/tags?post=46947"},{"taxonomy":"tax_estado","embeddable":true,"href":"https:\/\/cj.estrategia.com\/portal\/wp-json\/wp\/v2\/tax_estado?post=46947"}],"curies":[{"name":"wp","href":"https:\/\/api.w.org\/{rel}","templated":true}]}}