{"id":46621,"date":"2023-10-02T22:27:00","date_gmt":"2023-10-03T01:27:00","guid":{"rendered":"https:\/\/cj.estrategia.com\/portal\/?p=46621"},"modified":"2023-10-27T07:45:56","modified_gmt":"2023-10-27T10:45:56","slug":"gabarito-extraoficial-pge-pa-procurador","status":"publish","type":"post","link":"https:\/\/cj.estrategia.com\/portal\/gabarito-extraoficial-pge-pa-procurador\/","title":{"rendered":"Gabarito Extraoficial &#8211; PGE PA Procurador"},"content":{"rendered":"\n<p>Neste domingo, 1\u00ba de outubro, foram aplicadas as provas do<strong>&nbsp;Concurso PGE PA Procurador.&nbsp;<\/strong><\/p>\n\n\n\n<p>A prova objetiva teve a dura\u00e7\u00e3o de 5 horas. As quest\u00f5es da prova objetiva foram do tipo m\u00faltipla escolha, com cinco op\u00e7\u00f5es (A, B, C, D e E), sendo uma \u00fanica resposta correta, de acordo com o comando da quest\u00e3o.<\/p>\n\n\n\n<p>S\u00e3o ofertadas&nbsp;<strong>10 vagas<\/strong>, al\u00e9m de forma\u00e7\u00e3o de cadastro de reserva, para o cargo de&nbsp;<strong>procurador<\/strong>.<\/p>\n\n\n\n<p>Sendo assim, com o objetivo de ajud\u00e1-lo a diminuir um pouco a ansiedade, nossos professores realizar\u00e3o neste&nbsp;<strong>domingo (1),<\/strong>&nbsp;a corre\u00e7\u00e3o extraoficial, divulgando o&nbsp;<strong>gabarito da prova PGE PA Procurador.<\/strong><\/p>\n\n\n\n<h2 class=\"wp-block-heading\" id=\"h-gabarito-extraoficial-pge-pa-procurador-ao-vivo\"><span id=\"gabarito-extraoficial-pge-pa-procurador-ao-vivo\">Gabarito Extraoficial &#8211; PGE PA Procurador &#8211; AO VIVO <\/span><\/h2>\n\n\n\n<figure class=\"wp-block-embed is-type-video is-provider-youtube wp-block-embed-youtube wp-embed-aspect-16-9 wp-has-aspect-ratio\"><div class=\"wp-block-embed__wrapper\">\n<div class=\"cs-embed cs-embed-responsive\"><iframe title=\"Gabarito Extraoficial: PGE PA (Procurador)\" width=\"1200\" height=\"675\" src=\"https:\/\/www.youtube.com\/embed\/D6_FcGG7tG4?feature=oembed\" frameborder=\"0\" allow=\"accelerometer; autoplay; clipboard-write; encrypted-media; gyroscope; picture-in-picture; web-share\" allowfullscreen><\/iframe><\/div>\n<\/div><\/figure>\n\n\n\n<h2 class=\"wp-block-heading\" id=\"h-gabarito-extraoficial-pge-pa-procurador-prova-comentada\"><span id=\"gabarito-extraoficial-pge-pa-procurador-prova-comentada\">Gabarito Extraoficial &#8211; PGE PA Procurador &#8211; Prova Comentada<\/span><\/h2>\n\n\n\n<p><a href=\"https:\/\/cj.estrategia.com\/portal\/prova-comentada-direito-administrativo-pge-pa-procurador\/\">Direito Administrativo<\/a><br><a href=\"https:\/\/cj.estrategia.com\/portal\/prova-comentada-direito-ambiental-e-minerario-pge-pa-procurador\/\">Direito Ambiental e Miner\u00e1rio<\/a><br><a href=\"https:\/\/cj.estrategia.com\/portal\/prova-comentada-direito-agrario-pge-pa-procurador\/\">Direito Agr\u00e1rio<\/a><br><a href=\"https:\/\/cj.estrategia.com\/portal\/prova-comentada-direito-empresarial-pge-pa-procurador\/\">Direito Empresarial<\/a><br><a href=\"https:\/\/cj.estrategia.com\/portal\/prova-comentada-direito-do-trabalho-pge-pa-procurador\/\">Direito do Trabalho<\/a><br><a href=\"https:\/\/cj.estrategia.com\/portal\/prova-comentada-direito-processual-do-trabalho-pge-pa-procurador\/\">Direito Processual do Trabalho<\/a><br><a href=\"https:\/\/cj.estrategia.com\/portal\/prova-comentada-direito-penal-e-processual-penal-pge-pa-procurador\/\">Direito Penal e Processual Penal<\/a><br><a href=\"https:\/\/cj.estrategia.com\/portal\/prova-comentada-direito-processual-civil-pge-pa-procurador\/\">Direito Processual Civil<\/a><br><a href=\"https:\/\/cj.estrategia.com\/portal\/prova-comentada-direito-constitucional-pge-pa-procurador\/\">Direito Constitucional<\/a><br><a href=\"https:\/\/cj.estrategia.com\/portal\/prova-comentada-direito-civil-pge-pa-procurador\/\">Direito Civil<\/a><br><a href=\"https:\/\/cj.estrategia.com\/portal\/prova-comentada-direitos-humanos-pge-pa-procurador\/\">Direitos Humanos<\/a><br><a href=\"https:\/\/cj.estrategia.com\/portal\/prova-comentada-direito-tributario-pge-pa-procurador\/\">Direito Tribut\u00e1rio<\/a><br><a href=\"https:\/\/cj.estrategia.com\/portal\/prova-comentada-direito-financeiro-pge-pa-procurador\/\">Direito Financeiro<\/a><br><a href=\"https:\/\/cj.estrategia.com\/portal\/prova-comentada-lei-local-pge-pa-procurador\/\">Lei Local<\/a><br><a href=\"https:\/\/cj.estrategia.com\/portal\/prova-comentada-direito-urbanistico-e-do-consumidor-pge-pa-procurador\/\">Direito Urban\u00edstico e do Consumidor<\/a><\/p>\n\n\n\n<h2 class=\"wp-block-heading\" id=\"h-gabarito-extraoficial-pge-pa-procurador-correcao\"><span id=\"gabarito-extraoficial-pge-pa-procurador-correcao\">Gabarito Extraoficial &#8211; PGE PA Procurador &#8211; Corre\u00e7\u00e3o<\/span><\/h2>\n\n\n\n<ul class=\"wp-block-list\">\n<li><a href=\"https:\/\/cj.estrategia.com\/portal\/wp-content\/uploads\/2023\/10\/01143235\/CamScanner-01-10-2023-13.22-1.pdf\">Prova PGE PA &#8211; Manh\u00e3 <\/a><\/li>\n<\/ul>\n\n\n\n<figure class=\"wp-block-table is-style-stripes\"><table class=\"has-light-green-cyan-to-vivid-green-cyan-gradient-background has-background\"><tbody><tr><td class=\"has-text-align-center\" data-align=\"center\"><strong>QUEST\u00d5ES<\/strong><\/td><td class=\"has-text-align-center\" data-align=\"center\"><strong>RESPOSTAS<\/strong><\/td><td class=\"has-text-align-center\" data-align=\"center\"><strong>COMENT\u00c1RIOS<\/strong><\/td><\/tr><tr><td class=\"has-text-align-center\" data-align=\"center\">1 \u2013 Acerca do poder constituinte&#8230;<\/td><td class=\"has-text-align-center\" data-align=\"center\">A<\/td><td class=\"has-text-align-center\" data-align=\"center\"><\/td><\/tr><tr><td class=\"has-text-align-center\" data-align=\"center\">2-  A respeito dos direitos fundamentais&#8230;<\/td><td class=\"has-text-align-center\" data-align=\"center\">E<\/td><td class=\"has-text-align-center\" data-align=\"center\"><\/td><\/tr><tr><td class=\"has-text-align-center\" data-align=\"center\">3 \u2013 Quanto \u00e0s a\u00e7\u00f5es constitucionais&#8230;<\/td><td class=\"has-text-align-center\" data-align=\"center\">D<\/td><td class=\"has-text-align-center\" data-align=\"center\"><\/td><\/tr><tr><td class=\"has-text-align-center\" data-align=\"center\">4- Acerca do controle de&#8230;<\/td><td class=\"has-text-align-center\" data-align=\"center\">A<\/td><td class=\"has-text-align-center\" data-align=\"center\"><\/td><\/tr><tr><td class=\"has-text-align-center\" data-align=\"center\">5 \u2013 Com rela\u00e7\u00e3o aos direitos fundamentais socias&#8230;<\/td><td class=\"has-text-align-center\" data-align=\"center\">D<\/td><td class=\"has-text-align-center\" data-align=\"center\"><\/td><\/tr><tr><td class=\"has-text-align-center\" data-align=\"center\">6 \u2013 Quanto \u00e0 organiza\u00e7\u00e3o do Estado&#8230;<\/td><td class=\"has-text-align-center\" data-align=\"center\">D<\/td><td class=\"has-text-align-center\" data-align=\"center\"><\/td><\/tr><tr><td class=\"has-text-align-center\" data-align=\"center\">7 \u2013 No que diz respeito \u00e0 advocacia&#8230;<\/td><td class=\"has-text-align-center\" data-align=\"center\">A<\/td><td class=\"has-text-align-center\" data-align=\"center\"><\/td><\/tr><tr><td class=\"has-text-align-center\" data-align=\"center\">8 \u2013  Acerca da supremacia da&#8230;<\/td><td class=\"has-text-align-center\" data-align=\"center\">B<\/td><td class=\"has-text-align-center\" data-align=\"center\"><\/td><\/tr><tr><td class=\"has-text-align-center\" data-align=\"center\">9 \u2013 Quanto \u00e0 atua\u00e7\u00e3o do STF&#8230;<\/td><td class=\"has-text-align-center\" data-align=\"center\">B<\/td><td class=\"has-text-align-center\" data-align=\"center\"><\/td><\/tr><tr><td class=\"has-text-align-center\" data-align=\"center\">10 \u2013 Acerca do controle de&#8230; Assinale a op\u00e7\u00e3o correta&#8230;<\/td><td class=\"has-text-align-center\" data-align=\"center\">C<\/td><td class=\"has-text-align-center\" data-align=\"center\"><\/td><\/tr><tr><td class=\"has-text-align-center\" data-align=\"center\">11 \u2013 Julgue os seguintes itens&#8230;<\/td><td class=\"has-text-align-center\" data-align=\"center\">D<\/td><td class=\"has-text-align-center\" data-align=\"center\"><\/td><\/tr><tr><td class=\"has-text-align-center\" data-align=\"center\">12 \u2013 De acordo com as disposi\u00e7\u00f5es&#8230;<\/td><td class=\"has-text-align-center\" data-align=\"center\">E<\/td><td class=\"has-text-align-center\" data-align=\"center\"><\/td><\/tr><tr><td class=\"has-text-align-center\" data-align=\"center\">13 \u2013 Acerca de licita\u00e7\u00f5es p\u00fablicas&#8230;<\/td><td class=\"has-text-align-center\" data-align=\"center\">B<\/td><td class=\"has-text-align-center\" data-align=\"center\"><\/td><\/tr><tr><td class=\"has-text-align-center\" data-align=\"center\">14 \u2013 Assinale a op\u00e7\u00e3o correta a respeito de servidor&#8230;<\/td><td class=\"has-text-align-center\" data-align=\"center\">A<\/td><td class=\"has-text-align-center\" data-align=\"center\"><\/td><\/tr><tr><td class=\"has-text-align-center\" data-align=\"center\">15 \u2013 Relativamente \u00e0s transpar\u00eancias ativa&#8230;<\/td><td class=\"has-text-align-center\" data-align=\"center\">D<\/td><td class=\"has-text-align-center\" data-align=\"center\"><\/td><\/tr><tr><td class=\"has-text-align-center\" data-align=\"center\">16 \u2013 Em rela\u00e7\u00e3o ao processo administrativo&#8230;<\/td><td class=\"has-text-align-center\" data-align=\"center\">B<\/td><td class=\"has-text-align-center\" data-align=\"center\"><\/td><\/tr><tr><td class=\"has-text-align-center\" data-align=\"center\">17 \u2013 Em respeito do processo administrativo disciplinar&#8230;<\/td><td class=\"has-text-align-center\" data-align=\"center\">B<\/td><td class=\"has-text-align-center\" data-align=\"center\"><\/td><\/tr><tr><td class=\"has-text-align-center\" data-align=\"center\">18 \u2013 No que concerne \u00e0s organiza\u00e7\u00f5es sociais&#8230;<\/td><td class=\"has-text-align-center\" data-align=\"center\">C<\/td><td class=\"has-text-align-center\" data-align=\"center\"><\/td><\/tr><tr><td class=\"has-text-align-center\" data-align=\"center\">19 \u2013 Na hip\u00f3tese de uma cidad\u00e3o&#8230;<\/td><td class=\"has-text-align-center\" data-align=\"center\">E<\/td><td class=\"has-text-align-center\" data-align=\"center\"><\/td><\/tr><tr><td class=\"has-text-align-center\" data-align=\"center\">20 \u2013 Determinado \u00f3rg\u00e3o estadual&#8230;<\/td><td class=\"has-text-align-center\" data-align=\"center\">B<\/td><td class=\"has-text-align-center\" data-align=\"center\"><\/td><\/tr><tr><td class=\"has-text-align-center\" data-align=\"center\">21 \u2013 Acerca das concess\u00f5es de&#8230;<\/td><td class=\"has-text-align-center\" data-align=\"center\">C<\/td><td class=\"has-text-align-center\" data-align=\"center\"><\/td><\/tr><tr><td class=\"has-text-align-center\" data-align=\"center\">22 \u2013 Na hip\u00f3tese de comprovada inexecu\u00e7\u00e3o&#8230;<\/td><td class=\"has-text-align-center\" data-align=\"center\">D<\/td><td class=\"has-text-align-center\" data-align=\"center\"><\/td><\/tr><tr><td class=\"has-text-align-center\" data-align=\"center\">23 \u2013 Acerca da interven\u00e7\u00e3o do Estado na&#8230;<\/td><td class=\"has-text-align-center\" data-align=\"center\">B<\/td><td class=\"has-text-align-center\" data-align=\"center\"><\/td><\/tr><tr><td class=\"has-text-align-center\" data-align=\"center\">24 \u2013 Acerca dos atos discricion\u00e1rios&#8230;<\/td><td class=\"has-text-align-center\" data-align=\"center\">B<\/td><td class=\"has-text-align-center\" data-align=\"center\">&nbsp;<\/td><\/tr><tr><td class=\"has-text-align-center\" data-align=\"center\">25 \u2013 Acerca dos procedimentos administrativos-tribut\u00e1rios&#8230;<\/td><td class=\"has-text-align-center\" data-align=\"center\">B<\/td><td class=\"has-text-align-center\" data-align=\"center\">lei local<\/td><\/tr><tr><td class=\"has-text-align-center\" data-align=\"center\">26 \u2013 A respeito do cr\u00e9dito tribut\u00e1rio e da obriga\u00e7\u00e3o&#8230;<\/td><td class=\"has-text-align-center\" data-align=\"center\">D<\/td><td class=\"has-text-align-center\" data-align=\"center\">item II, III e IV correto<\/td><\/tr><tr><td class=\"has-text-align-center\" data-align=\"center\">27 \u2013 Acerca do cr\u00e9dito tribut\u00e1rio&#8230;<\/td><td class=\"has-text-align-center\" data-align=\"center\">E<\/td><td class=\"has-text-align-center\" data-align=\"center\"><\/td><\/tr><tr><td class=\"has-text-align-center\" data-align=\"center\">28 \u2013 Quanto ao processo judicial&#8230;<\/td><td class=\"has-text-align-center\" data-align=\"center\">D<\/td><td class=\"has-text-align-center\" data-align=\"center\"><\/td><\/tr><tr><td class=\"has-text-align-center\" data-align=\"center\">29 \u2013 Acerca do processo judicial tribut\u00e1rio&#8230;<\/td><td class=\"has-text-align-center\" data-align=\"center\">E<\/td><td class=\"has-text-align-center\" data-align=\"center\">(STJ eresp 1062537)<\/td><\/tr><tr><td class=\"has-text-align-center\" data-align=\"center\">30 \u2013 Quanto ao ICMS&#8230;<\/td><td class=\"has-text-align-center\" data-align=\"center\">C<\/td><td class=\"has-text-align-center\" data-align=\"center\"><\/td><\/tr><tr><td class=\"has-text-align-center\" data-align=\"center\">31 \u2013 A respeito do IPVA&#8230;<\/td><td class=\"has-text-align-center\" data-align=\"center\">D<\/td><td class=\"has-text-align-center\" data-align=\"center\"><\/td><\/tr><tr><td class=\"has-text-align-center\" data-align=\"center\">32 \u2013 Acerca da taxa de fiscaliza\u00e7\u00e3o&#8230;<\/td><td class=\"has-text-align-center\" data-align=\"center\">E<\/td><td class=\"has-text-align-center\" data-align=\"center\"><\/td><\/tr><tr><td class=\"has-text-align-center\" data-align=\"center\">33 \u2013 Considerando a possibilidade de&#8230;<\/td><td class=\"has-text-align-center\" data-align=\"center\">E<\/td><td class=\"has-text-align-center\" data-align=\"center\"><\/td><\/tr><tr><td class=\"has-text-align-center\" data-align=\"center\">34 \u2013 Fernando, domiciliado no estado do&#8230;<\/td><td class=\"has-text-align-center\" data-align=\"center\">B<\/td><td class=\"has-text-align-center\" data-align=\"center\">(SV 32 o ICMS n\u00e3o incide sobre aliena\u00e7\u00e3o de salvados de sinistro pelas seguradoras)<\/td><\/tr><tr><td class=\"has-text-align-center\" data-align=\"center\">35 \u2013 Acerca do ICMS&#8230;<\/td><td class=\"has-text-align-center\" data-align=\"center\">A<\/td><td class=\"has-text-align-center\" data-align=\"center\">(trg 517)<\/td><\/tr><tr><td class=\"has-text-align-center\" data-align=\"center\">36 \u2013 Segundo o C\u00f3digo Tribut\u00e1rio Nacional&#8230;<\/td><td class=\"has-text-align-center\" data-align=\"center\">C<\/td><td class=\"has-text-align-center\" data-align=\"center\">(novidade legislativa)<\/td><\/tr><tr><td class=\"has-text-align-center\" data-align=\"center\">37 \u2013 De acordo com a Lei n\u00ba 6.404\/1976&#8230;<\/td><td class=\"has-text-align-center\" data-align=\"center\">D<\/td><td class=\"has-text-align-center\" data-align=\"center\"><\/td><\/tr><tr><td class=\"has-text-align-center\" data-align=\"center\">38 \u2013 De acordo com o precedente fixado&#8230;<\/td><td class=\"has-text-align-center\" data-align=\"center\">E<\/td><td class=\"has-text-align-center\" data-align=\"center\"><\/td><\/tr><tr><td class=\"has-text-align-center\" data-align=\"center\">39 \u2013 Jo\u00e3o foi notificado da&#8230;<\/td><td class=\"has-text-align-center\" data-align=\"center\">E<\/td><td class=\"has-text-align-center\" data-align=\"center\"><\/td><\/tr><tr><td class=\"has-text-align-center\" data-align=\"center\">40 \u2013 Julgue os itens a seguir, referentes \u00e0&#8230;<\/td><td class=\"has-text-align-center\" data-align=\"center\">E<\/td><td class=\"has-text-align-center\" data-align=\"center\"><\/td><\/tr><tr><td class=\"has-text-align-center\" data-align=\"center\">41 \u2013 O art. 5.\u00ba, XXVI, da Constitui\u00e7\u00e3o&#8230;<\/td><td class=\"has-text-align-center\" data-align=\"center\">D<\/td><td class=\"has-text-align-center\" data-align=\"center\"><\/td><\/tr><tr><td class=\"has-text-align-center\" data-align=\"center\">42 \u2013 A Constitui\u00e7\u00e3o Brasileira de 1891&#8230;<\/td><td class=\"has-text-align-center\" data-align=\"center\">D<\/td><td class=\"has-text-align-center\" data-align=\"center\"><\/td><\/tr><tr><td class=\"has-text-align-center\" data-align=\"center\">43 \u2013 O artigo 20 da CF&#8230;<\/td><td class=\"has-text-align-center\" data-align=\"center\">C<\/td><td class=\"has-text-align-center\" data-align=\"center\"><\/td><\/tr><tr><td class=\"has-text-align-center\" data-align=\"center\">44 \u2013 A Lei federal n\u00ba 13.465\/2017&#8230;<\/td><td class=\"has-text-align-center\" data-align=\"center\">A<\/td><td class=\"has-text-align-center\" data-align=\"center\"><\/td><\/tr><tr><td class=\"has-text-align-center\" data-align=\"center\">45 \u2013 O Brasil possui em todo o seu&#8230;<\/td><td class=\"has-text-align-center\" data-align=\"center\">D<\/td><td class=\"has-text-align-center\" data-align=\"center\"><\/td><\/tr><tr><td class=\"has-text-align-center\" data-align=\"center\">46 \u2013 A CF, por meio&#8230;<\/td><td class=\"has-text-align-center\" data-align=\"center\">E<\/td><td class=\"has-text-align-center\" data-align=\"center\"><\/td><\/tr><tr><td class=\"has-text-align-center\" data-align=\"center\">47 \u2013 A CF (art. 182)&#8230;<\/td><td class=\"has-text-align-center\" data-align=\"center\">B<\/td><td class=\"has-text-align-center\" data-align=\"center\"><\/td><\/tr><tr><td class=\"has-text-align-center\" data-align=\"center\">48 \u2013 O estado do Par\u00e1&#8230;<\/td><td class=\"has-text-align-center\" data-align=\"center\">E<\/td><td class=\"has-text-align-center\" data-align=\"center\"><\/td><\/tr><tr><td class=\"has-text-align-center\" data-align=\"center\">49 \u2013 Acerca da teoria geral do processo&#8230;<\/td><td class=\"has-text-align-center\" data-align=\"center\">B<\/td><td class=\"has-text-align-center\" data-align=\"center\"><\/td><\/tr><tr><td class=\"has-text-align-center\" data-align=\"center\">50 \u2013 A respeito das normas&#8230;<\/td><td class=\"has-text-align-center\" data-align=\"center\">C<\/td><td class=\"has-text-align-center\" data-align=\"center\"><\/td><\/tr><tr><td class=\"has-text-align-center\" data-align=\"center\">51 \u2013 No que se refere aos m\u00e9todos&#8230;<\/td><td class=\"has-text-align-center\" data-align=\"center\">D<\/td><td class=\"has-text-align-center\" data-align=\"center\"><\/td><\/tr><tr><td class=\"has-text-align-center\" data-align=\"center\">52 \u2013 Assinale a op\u00e7\u00e3o incorreta quanto \u00e0 coopera\u00e7\u00e3o&#8230;<\/td><td class=\"has-text-align-center\" data-align=\"center\">D<\/td><td class=\"has-text-align-center\" data-align=\"center\"><\/td><\/tr><tr><td class=\"has-text-align-center\" data-align=\"center\">53 \u2013 Com rela\u00e7\u00e3o \u00e0 interven\u00e7\u00e3o&#8230;<\/td><td class=\"has-text-align-center\" data-align=\"center\">E<\/td><td class=\"has-text-align-center\" data-align=\"center\"><\/td><\/tr><tr><td class=\"has-text-align-center\" data-align=\"center\">54 \u2013 Acerca do regramento das tutelas&#8230;<\/td><td class=\"has-text-align-center\" data-align=\"center\">B<\/td><td class=\"has-text-align-center\" data-align=\"center\"><\/td><\/tr><tr><td class=\"has-text-align-center\" data-align=\"center\">55 \u2013 Acerca da fase de saneamento&#8230;<\/td><td class=\"has-text-align-center\" data-align=\"center\">A<\/td><td class=\"has-text-align-center\" data-align=\"center\"><\/td><\/tr><tr><td class=\"has-text-align-center\" data-align=\"center\">56 \u2013 No que diz respeito \u00e0 Fazenda P\u00fablica&#8230;<\/td><td class=\"has-text-align-center\" data-align=\"center\">E<\/td><td class=\"has-text-align-center\" data-align=\"center\"><\/td><\/tr><tr><td class=\"has-text-align-center\" data-align=\"center\">57 \u2013 No que diz respeito aos recursos e outros meios&#8230;<\/td><td class=\"has-text-align-center\" data-align=\"center\">D<\/td><td class=\"has-text-align-center\" data-align=\"center\"><\/td><\/tr><tr><td class=\"has-text-align-center\" data-align=\"center\">58 \u2013 Quanto \u00e0s normas e aos princ\u00edpios&#8230;<\/td><td class=\"has-text-align-center\" data-align=\"center\">C<\/td><td class=\"has-text-align-center\" data-align=\"center\"><\/td><\/tr><tr><td class=\"has-text-align-center\" data-align=\"center\">59 \u2013 Acerca dos processos estruturais&#8230;<\/td><td class=\"has-text-align-center\" data-align=\"center\">D<\/td><td class=\"has-text-align-center\" data-align=\"center\"><\/td><\/tr><tr><td class=\"has-text-align-center\" data-align=\"center\">60 \u2013 Acerca do sistema de precedentes&#8230;<\/td><td class=\"has-text-align-center\" data-align=\"center\">E<\/td><td class=\"has-text-align-center\" data-align=\"center\"><\/td><\/tr><tr><td class=\"has-text-align-center\" data-align=\"center\">61 \u2013 Com base na Lei n\u00ba8.245\/1991&#8230;<\/td><td class=\"has-text-align-center\" data-align=\"center\">C<\/td><td class=\"has-text-align-center\" data-align=\"center\">(I: E art.37, IV; II: E art. 37, par\u00e1grafo \u00fanico; III: C art. 40, II; IV: C art. 39 Lei 8.245\/91)<\/td><\/tr><tr><td class=\"has-text-align-center\" data-align=\"center\">62 \u2013 A respeito dos direitos da personalidade&#8230;<\/td><td class=\"has-text-align-center\" data-align=\"center\">B<\/td><td class=\"has-text-align-center\" data-align=\"center\">(I: E art. 14; II, e art. 212 do CP: C S. 403 do STJ; III: E art. 15; IV:&nbsp;C&nbsp;ADI&nbsp;4.815)<\/td><\/tr><tr><td class=\"has-text-align-center\" data-align=\"center\">63 \u2013 Acerca da convers\u00e3o&#8230;<\/td><td class=\"has-text-align-center\" data-align=\"center\">B<\/td><td class=\"has-text-align-center\" data-align=\"center\">(I: C art. 170; II: E art. 170; III: E art. 170; IV: C doutrina)<\/td><\/tr><tr><td class=\"has-text-align-center\" data-align=\"center\">64 \u2013 Assinale a op\u00e7\u00e3o correta em rela\u00e7\u00e3o \u00e0&#8230;. <\/td><td class=\"has-text-align-center\" data-align=\"center\">D<\/td><td class=\"has-text-align-center\" data-align=\"center\">(doutrina)<\/td><\/tr><tr><td class=\"has-text-align-center\" data-align=\"center\">65 \u2013 Acerca da tutela externa de cr\u00e9dito&#8230;<\/td><td class=\"has-text-align-center\" data-align=\"center\">C<\/td><td class=\"has-text-align-center\" data-align=\"center\">(I: C doutrina; II: C doutrina III: C doutrina IV: E doutrina)<\/td><\/tr><tr><td class=\"has-text-align-center\" data-align=\"center\">66 \u2013 Julgue os itens subsequentes&#8230;<\/td><td class=\"has-text-align-center\" data-align=\"center\">C<\/td><td class=\"has-text-align-center\" data-align=\"center\">(I: E art. 477; II: E doutrina; III: C E. 438 da V JDC\/CJF; IV: C art. 495)<\/td><\/tr><tr><td class=\"has-text-align-center\" data-align=\"center\">67 \u2013 Considerando o direito de sucess\u00f5es&#8230;<\/td><td class=\"has-text-align-center\" data-align=\"center\">D<\/td><td class=\"has-text-align-center\" data-align=\"center\">(I: C arts. 1.846; II: C art. 1.844; III: E art. 1.835; IV: C art. 1.840)<\/td><\/tr><tr><td class=\"has-text-align-center\" data-align=\"center\">68 \u2013 A respeito do procedimento de d\u00favida&#8230;<\/td><td class=\"has-text-align-center\" data-align=\"center\">E<\/td><td class=\"has-text-align-center\" data-align=\"center\">(arts. 199, 200, 202, 204 da Lei 6.015\/1973; REsp&nbsp;1.570.655-GO)<\/td><\/tr><tr><td class=\"has-text-align-center\" data-align=\"center\">69 \u2013 A Constitui\u00e7\u00e3o Federal de 1988&#8230;<\/td><td class=\"has-text-align-center\" data-align=\"center\">C<\/td><td class=\"has-text-align-center\" data-align=\"center\"><\/td><\/tr><tr><td class=\"has-text-align-center\" data-align=\"center\">70 \u2013 A prote\u00e7\u00e3o ambiental&#8230;<\/td><td class=\"has-text-align-center\" data-align=\"center\">C<\/td><td class=\"has-text-align-center\" data-align=\"center\"><\/td><\/tr><tr><td class=\"has-text-align-center\" data-align=\"center\">71 \u2013 Por meio da Lei estadual&#8230;<\/td><td class=\"has-text-align-center\" data-align=\"center\">D<\/td><td class=\"has-text-align-center\" data-align=\"center\"><\/td><\/tr><tr><td class=\"has-text-align-center\" data-align=\"center\">72 \u2013 A Lei estadual n\u00ba 9.593\/2022&#8230;<\/td><td class=\"has-text-align-center\" data-align=\"center\">A<\/td><td class=\"has-text-align-center\" data-align=\"center\"><\/td><\/tr><tr><td class=\"has-text-align-center\" data-align=\"center\">73 \u2013 Quanto \u00e0 aplica\u00e7\u00e3o de san\u00e7\u00f5es penais&#8230;<\/td><td class=\"has-text-align-center\" data-align=\"center\">E<\/td><td class=\"has-text-align-center\" data-align=\"center\"><\/td><\/tr><tr><td class=\"has-text-align-center\" data-align=\"center\">74 \u2013 Considerando as disposi\u00e7\u00f5es&#8230;<\/td><td class=\"has-text-align-center\" data-align=\"center\">A<\/td><td class=\"has-text-align-center\" data-align=\"center\"><\/td><\/tr><tr><td class=\"has-text-align-center\" data-align=\"center\">75 \u2013 Em rela\u00e7\u00e3o ao Sistema Nacional de&#8230;<\/td><td class=\"has-text-align-center\" data-align=\"center\">A<\/td><td class=\"has-text-align-center\" data-align=\"center\"><\/td><\/tr><tr><td class=\"has-text-align-center\" data-align=\"center\">76 \u2013 A Pol\u00edtica Nacional de Recursos&#8230;<\/td><td class=\"has-text-align-center\" data-align=\"center\">C<\/td><td class=\"has-text-align-center\" data-align=\"center\"><\/td><\/tr><tr><td class=\"has-text-align-center\" data-align=\"center\">77 \u2013 Segundo o art. 216 da Constitui\u00e7\u00e3o&#8230;<\/td><td class=\"has-text-align-center\" data-align=\"center\">A<\/td><td class=\"has-text-align-center\" data-align=\"center\"><\/td><\/tr><tr><td class=\"has-text-align-center\" data-align=\"center\">78 \u2013 A Lei Complementar n\u00ba 140\/2011&#8230;<\/td><td class=\"has-text-align-center\" data-align=\"center\">D<\/td><td class=\"has-text-align-center\" data-align=\"center\"><\/td><\/tr><tr><td class=\"has-text-align-center\" data-align=\"center\">79 \u2013 A Lei de Responsabilidade Fiscal&#8230;<\/td><td class=\"has-text-align-center\" data-align=\"center\">A<\/td><td class=\"has-text-align-center\" data-align=\"center\"><\/td><\/tr><tr><td class=\"has-text-align-center\" data-align=\"center\">80 \u2013 Assinale a op\u00e7\u00e3o que indica&#8230;<\/td><td class=\"has-text-align-center\" data-align=\"center\">A<\/td><td class=\"has-text-align-center\" data-align=\"center\"><\/td><\/tr><tr><td class=\"has-text-align-center\" data-align=\"center\">81 \u2013 A respeito da atividade financeira&#8230;<\/td><td class=\"has-text-align-center\" data-align=\"center\">A<\/td><td class=\"has-text-align-center\" data-align=\"center\"><\/td><\/tr><tr><td class=\"has-text-align-center\" data-align=\"center\">82 \u2013 Acerca do dever de prestar contas&#8230;<\/td><td class=\"has-text-align-center\" data-align=\"center\">E<\/td><td class=\"has-text-align-center\" data-align=\"center\"><\/td><\/tr><tr><td class=\"has-text-align-center\" data-align=\"center\">83 \u2013 O sindicato dos trabalhadores&#8230;<\/td><td class=\"has-text-align-center\" data-align=\"center\">D<\/td><td class=\"has-text-align-center\" data-align=\"center\"><\/td><\/tr><tr><td class=\"has-text-align-center\" data-align=\"center\">84 \u2013 Em 2023, foi celebrado&#8230;<\/td><td class=\"has-text-align-center\" data-align=\"center\">B<\/td><td class=\"has-text-align-center\" data-align=\"center\"><\/td><\/tr><tr><td class=\"has-text-align-center\" data-align=\"center\">85 \u2013 Em conformidade com precedente do TST&#8230;<\/td><td class=\"has-text-align-center\" data-align=\"center\">D<\/td><td class=\"has-text-align-center\" data-align=\"center\"><\/td><\/tr><tr><td class=\"has-text-align-center\" data-align=\"center\">86 \u2013 Julgue os seguintes itens, acerca da execu\u00e7\u00e3o&#8230;<\/td><td class=\"has-text-align-center\" data-align=\"center\">E<\/td><td class=\"has-text-align-center\" data-align=\"center\"><\/td><\/tr><tr><td class=\"has-text-align-center\" data-align=\"center\">87 \u2013 Conforme o entendimento do TST&#8230;<\/td><td class=\"has-text-align-center\" data-align=\"center\">D<\/td><td class=\"has-text-align-center\" data-align=\"center\"><\/td><\/tr><tr><td class=\"has-text-align-center\" data-align=\"center\">88 \u2013 Considerando que o pagamento das f\u00e9rias&#8230;<\/td><td class=\"has-text-align-center\" data-align=\"center\">B<\/td><td class=\"has-text-align-center\" data-align=\"center\"><\/td><\/tr><tr><td class=\"has-text-align-center\" data-align=\"center\">89 \u2013 Julgue&#8230; acerca do procedimento sumar\u00edssimo&#8230;<\/td><td class=\"has-text-align-center\" data-align=\"center\">B<\/td><td class=\"has-text-align-center\" data-align=\"center\"><\/td><\/tr><tr><td class=\"has-text-align-center\" data-align=\"center\">90 \u2013 Em um processo trabalhista&#8230;<\/td><td class=\"has-text-align-center\" data-align=\"center\">D<\/td><td class=\"has-text-align-center\" data-align=\"center\"><\/td><\/tr><tr><td class=\"has-text-align-center\" data-align=\"center\">91 \u2013 Julgue os itens&#8230; jurisprud\u00eancia sumulada do STJ&#8230;<\/td><td class=\"has-text-align-center\" data-align=\"center\">C<\/td><td class=\"has-text-align-center\" data-align=\"center\"><\/td><\/tr><tr><td class=\"has-text-align-center\" data-align=\"center\">92 \u2013 De acordo com a Lei n\u00ba 7.716\/1989&#8230;<\/td><td class=\"has-text-align-center\" data-align=\"center\">D<\/td><td class=\"has-text-align-center\" data-align=\"center\"><\/td><\/tr><tr><td class=\"has-text-align-center\" data-align=\"center\">93 \u2013 Em conformidade com o entendimento&#8230;<\/td><td class=\"has-text-align-center\" data-align=\"center\">E<\/td><td class=\"has-text-align-center\" data-align=\"center\"><\/td><\/tr><tr><td class=\"has-text-align-center\" data-align=\"center\">94 \u2013 De acordo com o precedente firmado&#8230;<\/td><td class=\"has-text-align-center\" data-align=\"center\">D<\/td><td class=\"has-text-align-center\" data-align=\"center\"><\/td><\/tr><tr><td class=\"has-text-align-center\" data-align=\"center\">95 \u2013 Com rela\u00e7\u00e3o aos Direitos Humanos&#8230;<\/td><td class=\"has-text-align-center\" data-align=\"center\">B<\/td><td class=\"has-text-align-center\" data-align=\"center\"><\/td><\/tr><tr><td class=\"has-text-align-center\" data-align=\"center\">96 \u2013 Acerca da Declara\u00e7\u00e3o Universal dos Direitos Humanos&#8230;<\/td><td class=\"has-text-align-center\" data-align=\"center\">C<\/td><td class=\"has-text-align-center\" data-align=\"center\"><\/td><\/tr><tr><td class=\"has-text-align-center\" data-align=\"center\">97 \u2013  No que se refere ao sistema regional&#8230;<\/td><td class=\"has-text-align-center\" data-align=\"center\">D<\/td><td class=\"has-text-align-center\" data-align=\"center\"><\/td><\/tr><tr><td class=\"has-text-align-center\" data-align=\"center\">98 \u2013 Acerca da prote\u00e7\u00e3o internacional dos povos&#8230;<\/td><td class=\"has-text-align-center\" data-align=\"center\">D<\/td><td class=\"has-text-align-center\" data-align=\"center\"><\/td><\/tr><tr><td class=\"has-text-align-center\" data-align=\"center\">99 \u2013 Assinale&#8230; acerca da supervis\u00e3o internacional&#8230;<\/td><td class=\"has-text-align-center\" data-align=\"center\">C<\/td><td class=\"has-text-align-center\" data-align=\"center\"><\/td><\/tr><tr><td class=\"has-text-align-center\" data-align=\"center\">100 \u2013 A respeito da prote\u00e7\u00e3o internacional&#8230;<\/td><td class=\"has-text-align-center\" data-align=\"center\">C<\/td><td class=\"has-text-align-center\" data-align=\"center\"><\/td><\/tr><\/tbody><\/table><\/figure>\n\n\n\n<p class=\"has-text-align-center has-luminous-vivid-amber-background-color has-background has-medium-font-size\"><strong>Saiba mais: <a href=\"https:\/\/cj.estrategia.com\/portal\/concurso-pge-pa-procurador\/\">Concurso PGE PA Procurador <\/a><\/strong><\/p>\n\n\n\n<h2 class=\"wp-block-heading has-text-align-center\" id=\"cursos\"><span id=\"quer-saber-tudo-sobre-concursos-previstosconfira-nossos-artigos\">Quer saber tudo sobre concursos previstos?<br><strong>Confira nossos artigos!<\/strong><\/span><\/h2>\n\n\n\n<ul class=\"wp-block-list\">\n<li><a href=\"https:\/\/cj.estrategia.com\/portal\/concursos-abertos-carreiras-juridicas\/\" target=\"_blank\" >Concursos jur\u00eddicos abertos<\/a><\/li>\n\n\n\n<li><a href=\"https:\/\/cj.estrategia.com\/portal\/concursos-2023-carreiras-juridicas\/\" target=\"_blank\" >Concursos jur\u00eddicos 2023<\/a><\/li>\n\n\n\n<li><a href=\"https:\/\/cj.estrategia.com\/portal\/concursos-2024-carreiras-juridicas\/\" target=\"_blank\" >Concursos jur\u00eddicos 2024<\/a><\/li>\n<\/ul>\n\n\n\n<h2 class=\"wp-block-heading has-text-align-center\" id=\"assinatura-e-cursos\"><span id=\"quer-estudar-para-o-concurso-pge-pa-procurador\"><strong><em>Quer estudar para o concurso PGE PA Procurador?<\/em><\/strong><\/span><\/h2>\n\n\n\n<h2 class=\"wp-block-heading has-text-align-center\" id=\"cursos-ficha\"><span id=\"cursos-e-assinaturas\">Cursos e Assinaturas<\/span><\/h2>\n\n\n\n<p>O Estrat\u00e9gia Carreira Jur\u00eddica \u00e9 campe\u00e3o de aprova\u00e7\u00f5es nos concursos para Carreiras Jur\u00eddicas com um corpo docente qualificado e materiais completos. Conhe\u00e7a nossos cursos e garanta sua aprova\u00e7\u00e3o:<\/p>\n\n\n\n<div class=\"wp-block-cover\" style=\"min-height:155px;aspect-ratio:unset;\"><img decoding=\"async\" width=\"1890\" height=\"351\" class=\"wp-block-cover__image-background wp-image-8669\" alt=\"Assinaturas Jur\u00eddicas\" src=\"https:\/\/cj.estrategia.com\/portal\/wp-content\/uploads\/2022\/06\/20151253\/concurso-carreiras-juridicas-assinatura-juridica.jpg\" style=\"object-position:78% 43%\" data-object-fit=\"cover\" data-object-position=\"78% 43%\" srcset=\"https:\/\/cj.estrategia.com\/portal\/wp-content\/uploads\/2022\/06\/20151253\/concurso-carreiras-juridicas-assinatura-juridica.jpg 1890w, https:\/\/cj.estrategia.com\/portal\/wp-content\/uploads\/2022\/06\/20151253\/concurso-carreiras-juridicas-assinatura-juridica-300x56.jpg 300w, https:\/\/cj.estrategia.com\/portal\/wp-content\/uploads\/2022\/06\/20151253\/concurso-carreiras-juridicas-assinatura-juridica-1024x190.jpg 1024w, https:\/\/cj.estrategia.com\/portal\/wp-content\/uploads\/2022\/06\/20151253\/concurso-carreiras-juridicas-assinatura-juridica-768x143.jpg 768w, https:\/\/cj.estrategia.com\/portal\/wp-content\/uploads\/2022\/06\/20151253\/concurso-carreiras-juridicas-assinatura-juridica-1536x285.jpg 1536w, https:\/\/cj.estrategia.com\/portal\/wp-content\/uploads\/2022\/06\/20151253\/concurso-carreiras-juridicas-assinatura-juridica-380x71.jpg 380w, https:\/\/cj.estrategia.com\/portal\/wp-content\/uploads\/2022\/06\/20151253\/concurso-carreiras-juridicas-assinatura-juridica-800x149.jpg 800w, https:\/\/cj.estrategia.com\/portal\/wp-content\/uploads\/2022\/06\/20151253\/concurso-carreiras-juridicas-assinatura-juridica-1160x215.jpg 1160w\" sizes=\"(max-width: 1890px) 100vw, 1890px\" \/><span aria-hidden=\"true\" class=\"wp-block-cover__background has-background-dim\"><\/span><div class=\"wp-block-cover__inner-container is-layout-flow wp-block-cover-is-layout-flow\">\n<h3 id=\"faca-a-sua-assinatura\" class=\"titulo-assinatura\"><span style=\"color: #ffffff;\">Fa\u00e7a a sua assinatura!<\/span><\/h3>\n<p class=\"subtitulo-assinatura\" style=\"display:block!important; line-height: 0;\"><span style=\"color: #ffffff;\">Escolha a sua \u00e1rea.<\/span><\/p>\n<a target=\"_blank\" href=\"https:\/\/www.estrategiaconcursos.com.br\/assinaturas-ecj\/\" rel=\"noopener\"><button style=\"border-radius: 10px; text-transform: capitalize;\">Acessar<\/button><\/a>\n<\/div><\/div>\n\n\n\n\n\n<p><em>Prepare-se com o melhor material e com quem mais aprova em Concursos P\u00fablicos em todo o pa\u00eds.<\/em><\/p>\n","protected":false},"excerpt":{"rendered":"Neste domingo, 1\u00ba de outubro, foram aplicadas as provas do&nbsp;Concurso PGE PA Procurador.&nbsp; A prova objetiva teve a&hellip;\n","protected":false},"author":12,"featured_media":32242,"comment_status":"open","ping_status":"open","sticky":false,"template":"","format":"standard","meta":{"_jetpack_memberships_contains_paid_content":false,"footnotes":""},"categories":[24],"tags":[],"tax_estado":[44],"class_list":{"0":"post-46621","1":"post","2":"type-post","3":"status-publish","4":"format-standard","5":"has-post-thumbnail","7":"category-procuradoria","8":"tax_estado-pa"},"acf":[],"yoast_head":"<!-- This site is optimized with the Yoast SEO Premium plugin v27.4 (Yoast SEO v27.4) - https:\/\/yoast.com\/product\/yoast-seo-premium-wordpress\/ -->\n<title>Gabarito Extraoficial - PGE PA Procurador<\/title>\n<meta name=\"description\" content=\"Confira o Gabarito Extraoficial PGE PA Procurador!\" \/>\n<meta name=\"robots\" content=\"index, follow, max-snippet:-1, max-image-preview:large, max-video-preview:-1\" \/>\n<link rel=\"canonical\" href=\"https:\/\/cj.estrategia.com\/portal\/gabarito-extraoficial-pge-pa-procurador\/\" \/>\n<meta property=\"og:locale\" content=\"pt_BR\" \/>\n<meta property=\"og:type\" content=\"article\" \/>\n<meta property=\"og:title\" content=\"Gabarito Extraoficial - PGE PA Procurador\" \/>\n<meta property=\"og:description\" content=\"Confira o Gabarito Extraoficial PGE PA Procurador!\" \/>\n<meta property=\"og:url\" content=\"https:\/\/cj.estrategia.com\/portal\/gabarito-extraoficial-pge-pa-procurador\/\" \/>\n<meta property=\"og:site_name\" content=\"Blog - Carreiras Jur\u00eddicas - Estrat\u00e9gia\" \/>\n<meta property=\"article:publisher\" content=\"https:\/\/www.facebook.com\/estrategiacarreirajuridica\/\" \/>\n<meta property=\"article:published_time\" content=\"2023-10-03T01:27:00+00:00\" \/>\n<meta property=\"article:modified_time\" content=\"2023-10-27T10:45:56+00:00\" \/>\n<meta property=\"og:image\" content=\"https:\/\/cj.estrategia.com\/portal\/wp-content\/uploads\/2023\/03\/27125420\/ecj-concurso-pge-pa-procurador-concursos-juridicos.jpg\" \/>\n\t<meta property=\"og:image:width\" content=\"960\" \/>\n\t<meta property=\"og:image:height\" content=\"540\" \/>\n\t<meta property=\"og:image:type\" content=\"image\/jpeg\" \/>\n<meta name=\"author\" content=\"Coordena\u00e7\u00e3o\" \/>\n<meta name=\"twitter:card\" content=\"summary_large_image\" \/>\n<meta name=\"twitter:creator\" content=\"@EstratJuridica\" \/>\n<meta name=\"twitter:site\" content=\"@EstratJuridica\" \/>\n<meta name=\"twitter:label1\" content=\"Escrito por\" \/>\n\t<meta name=\"twitter:data1\" content=\"Coordena\u00e7\u00e3o\" \/>\n\t<meta name=\"twitter:label2\" content=\"Est. tempo de leitura\" \/>\n\t<meta name=\"twitter:data2\" content=\"7 minutos\" \/>\n<script type=\"application\/ld+json\" class=\"yoast-schema-graph\">{\"@context\":\"https:\\\/\\\/schema.org\",\"@graph\":[{\"@type\":\"NewsArticle\",\"@id\":\"https:\\\/\\\/cj.estrategia.com\\\/portal\\\/gabarito-extraoficial-pge-pa-procurador\\\/#article\",\"isPartOf\":{\"@id\":\"https:\\\/\\\/cj.estrategia.com\\\/portal\\\/gabarito-extraoficial-pge-pa-procurador\\\/\"},\"author\":{\"name\":\"Coordena\u00e7\u00e3o\",\"@id\":\"https:\\\/\\\/cj.estrategia.com\\\/portal\\\/#\\\/schema\\\/person\\\/4d70317d31449932b99102916b6637f5\"},\"headline\":\"Gabarito Extraoficial &#8211; PGE PA Procurador\",\"datePublished\":\"2023-10-03T01:27:00+00:00\",\"dateModified\":\"2023-10-27T10:45:56+00:00\",\"mainEntityOfPage\":{\"@id\":\"https:\\\/\\\/cj.estrategia.com\\\/portal\\\/gabarito-extraoficial-pge-pa-procurador\\\/\"},\"wordCount\":1092,\"commentCount\":0,\"publisher\":{\"@id\":\"https:\\\/\\\/cj.estrategia.com\\\/portal\\\/#organization\"},\"image\":{\"@id\":\"https:\\\/\\\/cj.estrategia.com\\\/portal\\\/gabarito-extraoficial-pge-pa-procurador\\\/#primaryimage\"},\"thumbnailUrl\":\"https:\\\/\\\/cj.estrategia.com\\\/portal\\\/wp-content\\\/uploads\\\/2023\\\/03\\\/27125420\\\/ecj-concurso-pge-pa-procurador-concursos-juridicos.jpg\",\"articleSection\":[\"Procuradoria\"],\"inLanguage\":\"pt-BR\",\"potentialAction\":[{\"@type\":\"CommentAction\",\"name\":\"Comment\",\"target\":[\"https:\\\/\\\/cj.estrategia.com\\\/portal\\\/gabarito-extraoficial-pge-pa-procurador\\\/#respond\"]}]},{\"@type\":\"WebPage\",\"@id\":\"https:\\\/\\\/cj.estrategia.com\\\/portal\\\/gabarito-extraoficial-pge-pa-procurador\\\/\",\"url\":\"https:\\\/\\\/cj.estrategia.com\\\/portal\\\/gabarito-extraoficial-pge-pa-procurador\\\/\",\"name\":\"Gabarito Extraoficial - PGE PA Procurador\",\"isPartOf\":{\"@id\":\"https:\\\/\\\/cj.estrategia.com\\\/portal\\\/#website\"},\"primaryImageOfPage\":{\"@id\":\"https:\\\/\\\/cj.estrategia.com\\\/portal\\\/gabarito-extraoficial-pge-pa-procurador\\\/#primaryimage\"},\"image\":{\"@id\":\"https:\\\/\\\/cj.estrategia.com\\\/portal\\\/gabarito-extraoficial-pge-pa-procurador\\\/#primaryimage\"},\"thumbnailUrl\":\"https:\\\/\\\/cj.estrategia.com\\\/portal\\\/wp-content\\\/uploads\\\/2023\\\/03\\\/27125420\\\/ecj-concurso-pge-pa-procurador-concursos-juridicos.jpg\",\"datePublished\":\"2023-10-03T01:27:00+00:00\",\"dateModified\":\"2023-10-27T10:45:56+00:00\",\"description\":\"Confira o Gabarito Extraoficial PGE PA Procurador!\",\"breadcrumb\":{\"@id\":\"https:\\\/\\\/cj.estrategia.com\\\/portal\\\/gabarito-extraoficial-pge-pa-procurador\\\/#breadcrumb\"},\"inLanguage\":\"pt-BR\",\"potentialAction\":[{\"@type\":\"ReadAction\",\"target\":[\"https:\\\/\\\/cj.estrategia.com\\\/portal\\\/gabarito-extraoficial-pge-pa-procurador\\\/\"]}]},{\"@type\":\"ImageObject\",\"inLanguage\":\"pt-BR\",\"@id\":\"https:\\\/\\\/cj.estrategia.com\\\/portal\\\/gabarito-extraoficial-pge-pa-procurador\\\/#primaryimage\",\"url\":\"https:\\\/\\\/cj.estrategia.com\\\/portal\\\/wp-content\\\/uploads\\\/2023\\\/03\\\/27125420\\\/ecj-concurso-pge-pa-procurador-concursos-juridicos.jpg\",\"contentUrl\":\"https:\\\/\\\/cj.estrategia.com\\\/portal\\\/wp-content\\\/uploads\\\/2023\\\/03\\\/27125420\\\/ecj-concurso-pge-pa-procurador-concursos-juridicos.jpg\",\"width\":960,\"height\":540,\"caption\":\"Concurso PGE PA procurador\"},{\"@type\":\"BreadcrumbList\",\"@id\":\"https:\\\/\\\/cj.estrategia.com\\\/portal\\\/gabarito-extraoficial-pge-pa-procurador\\\/#breadcrumb\",\"itemListElement\":[{\"@type\":\"ListItem\",\"position\":1,\"name\":\"In\u00edcio\",\"item\":\"https:\\\/\\\/cj.estrategia.com\\\/portal\\\/\"},{\"@type\":\"ListItem\",\"position\":2,\"name\":\"Gabarito Extraoficial &#8211; PGE PA Procurador\"}]},{\"@type\":\"WebSite\",\"@id\":\"https:\\\/\\\/cj.estrategia.com\\\/portal\\\/#website\",\"url\":\"https:\\\/\\\/cj.estrategia.com\\\/portal\\\/\",\"name\":\"Blog - Carreiras Jur\u00eddicas - Estrat\u00e9gia\",\"description\":\"\",\"publisher\":{\"@id\":\"https:\\\/\\\/cj.estrategia.com\\\/portal\\\/#organization\"},\"potentialAction\":[{\"@type\":\"SearchAction\",\"target\":{\"@type\":\"EntryPoint\",\"urlTemplate\":\"https:\\\/\\\/cj.estrategia.com\\\/portal\\\/?s={search_term_string}\"},\"query-input\":{\"@type\":\"PropertyValueSpecification\",\"valueRequired\":true,\"valueName\":\"search_term_string\"}}],\"inLanguage\":\"pt-BR\"},{\"@type\":\"Organization\",\"@id\":\"https:\\\/\\\/cj.estrategia.com\\\/portal\\\/#organization\",\"name\":\"Estrat\u00e9gia - Carreiras Jur\u00eddicas\",\"url\":\"https:\\\/\\\/cj.estrategia.com\\\/portal\\\/\",\"logo\":{\"@type\":\"ImageObject\",\"inLanguage\":\"pt-BR\",\"@id\":\"https:\\\/\\\/cj.estrategia.com\\\/portal\\\/#\\\/schema\\\/logo\\\/image\\\/\",\"url\":\"https:\\\/\\\/cj.estrategia.com\\\/portal\\\/wp-content\\\/uploads\\\/2022\\\/03\\\/11151052\\\/cj-logo.png\",\"contentUrl\":\"https:\\\/\\\/cj.estrategia.com\\\/portal\\\/wp-content\\\/uploads\\\/2022\\\/03\\\/11151052\\\/cj-logo.png\",\"width\":150,\"height\":39,\"caption\":\"Estrat\u00e9gia - Carreiras Jur\u00eddicas\"},\"image\":{\"@id\":\"https:\\\/\\\/cj.estrategia.com\\\/portal\\\/#\\\/schema\\\/logo\\\/image\\\/\"},\"sameAs\":[\"https:\\\/\\\/www.facebook.com\\\/estrategiacarreirajuridica\\\/\",\"https:\\\/\\\/x.com\\\/EstratJuridica\",\"https:\\\/\\\/www.instagram.com\\\/estrategiacarreirajuridica\\\/\",\"https:\\\/\\\/www.youtube.com\\\/channel\\\/UClbMGuYbj2Mh1m3w144ETWQ\"]},{\"@type\":\"Person\",\"@id\":\"https:\\\/\\\/cj.estrategia.com\\\/portal\\\/#\\\/schema\\\/person\\\/4d70317d31449932b99102916b6637f5\",\"name\":\"Coordena\u00e7\u00e3o\",\"image\":{\"@type\":\"ImageObject\",\"inLanguage\":\"pt-BR\",\"@id\":\"https:\\\/\\\/cj.estrategia.com\\\/portal\\\/wp-content\\\/uploads\\\/2022\\\/05\\\/12164923\\\/estrategia-carreira-juridica-coordenacao-96x96.png\",\"url\":\"https:\\\/\\\/cj.estrategia.com\\\/portal\\\/wp-content\\\/uploads\\\/2022\\\/05\\\/12164923\\\/estrategia-carreira-juridica-coordenacao-96x96.png\",\"contentUrl\":\"https:\\\/\\\/cj.estrategia.com\\\/portal\\\/wp-content\\\/uploads\\\/2022\\\/05\\\/12164923\\\/estrategia-carreira-juridica-coordenacao-96x96.png\",\"caption\":\"Coordena\u00e7\u00e3o\"},\"url\":\"https:\\\/\\\/cj.estrategia.com\\\/portal\\\/author\\\/coordenacao\\\/\"}]}<\/script>\n<!-- \/ Yoast SEO Premium plugin. -->","yoast_head_json":{"title":"Gabarito Extraoficial - PGE PA Procurador","description":"Confira o Gabarito Extraoficial PGE PA Procurador!","robots":{"index":"index","follow":"follow","max-snippet":"max-snippet:-1","max-image-preview":"max-image-preview:large","max-video-preview":"max-video-preview:-1"},"canonical":"https:\/\/cj.estrategia.com\/portal\/gabarito-extraoficial-pge-pa-procurador\/","og_locale":"pt_BR","og_type":"article","og_title":"Gabarito Extraoficial - PGE PA Procurador","og_description":"Confira o Gabarito Extraoficial PGE PA Procurador!","og_url":"https:\/\/cj.estrategia.com\/portal\/gabarito-extraoficial-pge-pa-procurador\/","og_site_name":"Blog - Carreiras Jur\u00eddicas - Estrat\u00e9gia","article_publisher":"https:\/\/www.facebook.com\/estrategiacarreirajuridica\/","article_published_time":"2023-10-03T01:27:00+00:00","article_modified_time":"2023-10-27T10:45:56+00:00","og_image":[{"width":960,"height":540,"url":"https:\/\/cj.estrategia.com\/portal\/wp-content\/uploads\/2023\/03\/27125420\/ecj-concurso-pge-pa-procurador-concursos-juridicos.jpg","type":"image\/jpeg"}],"author":"Coordena\u00e7\u00e3o","twitter_card":"summary_large_image","twitter_creator":"@EstratJuridica","twitter_site":"@EstratJuridica","twitter_misc":{"Escrito por":"Coordena\u00e7\u00e3o","Est. tempo de leitura":"7 minutos"},"schema":{"@context":"https:\/\/schema.org","@graph":[{"@type":"NewsArticle","@id":"https:\/\/cj.estrategia.com\/portal\/gabarito-extraoficial-pge-pa-procurador\/#article","isPartOf":{"@id":"https:\/\/cj.estrategia.com\/portal\/gabarito-extraoficial-pge-pa-procurador\/"},"author":{"name":"Coordena\u00e7\u00e3o","@id":"https:\/\/cj.estrategia.com\/portal\/#\/schema\/person\/4d70317d31449932b99102916b6637f5"},"headline":"Gabarito Extraoficial &#8211; PGE PA Procurador","datePublished":"2023-10-03T01:27:00+00:00","dateModified":"2023-10-27T10:45:56+00:00","mainEntityOfPage":{"@id":"https:\/\/cj.estrategia.com\/portal\/gabarito-extraoficial-pge-pa-procurador\/"},"wordCount":1092,"commentCount":0,"publisher":{"@id":"https:\/\/cj.estrategia.com\/portal\/#organization"},"image":{"@id":"https:\/\/cj.estrategia.com\/portal\/gabarito-extraoficial-pge-pa-procurador\/#primaryimage"},"thumbnailUrl":"https:\/\/cj.estrategia.com\/portal\/wp-content\/uploads\/2023\/03\/27125420\/ecj-concurso-pge-pa-procurador-concursos-juridicos.jpg","articleSection":["Procuradoria"],"inLanguage":"pt-BR","potentialAction":[{"@type":"CommentAction","name":"Comment","target":["https:\/\/cj.estrategia.com\/portal\/gabarito-extraoficial-pge-pa-procurador\/#respond"]}]},{"@type":"WebPage","@id":"https:\/\/cj.estrategia.com\/portal\/gabarito-extraoficial-pge-pa-procurador\/","url":"https:\/\/cj.estrategia.com\/portal\/gabarito-extraoficial-pge-pa-procurador\/","name":"Gabarito Extraoficial - PGE PA Procurador","isPartOf":{"@id":"https:\/\/cj.estrategia.com\/portal\/#website"},"primaryImageOfPage":{"@id":"https:\/\/cj.estrategia.com\/portal\/gabarito-extraoficial-pge-pa-procurador\/#primaryimage"},"image":{"@id":"https:\/\/cj.estrategia.com\/portal\/gabarito-extraoficial-pge-pa-procurador\/#primaryimage"},"thumbnailUrl":"https:\/\/cj.estrategia.com\/portal\/wp-content\/uploads\/2023\/03\/27125420\/ecj-concurso-pge-pa-procurador-concursos-juridicos.jpg","datePublished":"2023-10-03T01:27:00+00:00","dateModified":"2023-10-27T10:45:56+00:00","description":"Confira o Gabarito Extraoficial PGE PA Procurador!","breadcrumb":{"@id":"https:\/\/cj.estrategia.com\/portal\/gabarito-extraoficial-pge-pa-procurador\/#breadcrumb"},"inLanguage":"pt-BR","potentialAction":[{"@type":"ReadAction","target":["https:\/\/cj.estrategia.com\/portal\/gabarito-extraoficial-pge-pa-procurador\/"]}]},{"@type":"ImageObject","inLanguage":"pt-BR","@id":"https:\/\/cj.estrategia.com\/portal\/gabarito-extraoficial-pge-pa-procurador\/#primaryimage","url":"https:\/\/cj.estrategia.com\/portal\/wp-content\/uploads\/2023\/03\/27125420\/ecj-concurso-pge-pa-procurador-concursos-juridicos.jpg","contentUrl":"https:\/\/cj.estrategia.com\/portal\/wp-content\/uploads\/2023\/03\/27125420\/ecj-concurso-pge-pa-procurador-concursos-juridicos.jpg","width":960,"height":540,"caption":"Concurso PGE PA procurador"},{"@type":"BreadcrumbList","@id":"https:\/\/cj.estrategia.com\/portal\/gabarito-extraoficial-pge-pa-procurador\/#breadcrumb","itemListElement":[{"@type":"ListItem","position":1,"name":"In\u00edcio","item":"https:\/\/cj.estrategia.com\/portal\/"},{"@type":"ListItem","position":2,"name":"Gabarito Extraoficial &#8211; PGE PA Procurador"}]},{"@type":"WebSite","@id":"https:\/\/cj.estrategia.com\/portal\/#website","url":"https:\/\/cj.estrategia.com\/portal\/","name":"Blog - Carreiras Jur\u00eddicas - Estrat\u00e9gia","description":"","publisher":{"@id":"https:\/\/cj.estrategia.com\/portal\/#organization"},"potentialAction":[{"@type":"SearchAction","target":{"@type":"EntryPoint","urlTemplate":"https:\/\/cj.estrategia.com\/portal\/?s={search_term_string}"},"query-input":{"@type":"PropertyValueSpecification","valueRequired":true,"valueName":"search_term_string"}}],"inLanguage":"pt-BR"},{"@type":"Organization","@id":"https:\/\/cj.estrategia.com\/portal\/#organization","name":"Estrat\u00e9gia - Carreiras Jur\u00eddicas","url":"https:\/\/cj.estrategia.com\/portal\/","logo":{"@type":"ImageObject","inLanguage":"pt-BR","@id":"https:\/\/cj.estrategia.com\/portal\/#\/schema\/logo\/image\/","url":"https:\/\/cj.estrategia.com\/portal\/wp-content\/uploads\/2022\/03\/11151052\/cj-logo.png","contentUrl":"https:\/\/cj.estrategia.com\/portal\/wp-content\/uploads\/2022\/03\/11151052\/cj-logo.png","width":150,"height":39,"caption":"Estrat\u00e9gia - Carreiras Jur\u00eddicas"},"image":{"@id":"https:\/\/cj.estrategia.com\/portal\/#\/schema\/logo\/image\/"},"sameAs":["https:\/\/www.facebook.com\/estrategiacarreirajuridica\/","https:\/\/x.com\/EstratJuridica","https:\/\/www.instagram.com\/estrategiacarreirajuridica\/","https:\/\/www.youtube.com\/channel\/UClbMGuYbj2Mh1m3w144ETWQ"]},{"@type":"Person","@id":"https:\/\/cj.estrategia.com\/portal\/#\/schema\/person\/4d70317d31449932b99102916b6637f5","name":"Coordena\u00e7\u00e3o","image":{"@type":"ImageObject","inLanguage":"pt-BR","@id":"https:\/\/cj.estrategia.com\/portal\/wp-content\/uploads\/2022\/05\/12164923\/estrategia-carreira-juridica-coordenacao-96x96.png","url":"https:\/\/cj.estrategia.com\/portal\/wp-content\/uploads\/2022\/05\/12164923\/estrategia-carreira-juridica-coordenacao-96x96.png","contentUrl":"https:\/\/cj.estrategia.com\/portal\/wp-content\/uploads\/2022\/05\/12164923\/estrategia-carreira-juridica-coordenacao-96x96.png","caption":"Coordena\u00e7\u00e3o"},"url":"https:\/\/cj.estrategia.com\/portal\/author\/coordenacao\/"}]}},"jetpack_featured_media_url":"https:\/\/cj.estrategia.com\/portal\/wp-content\/uploads\/2023\/03\/27125420\/ecj-concurso-pge-pa-procurador-concursos-juridicos.jpg","jetpack_sharing_enabled":true,"_links":{"self":[{"href":"https:\/\/cj.estrategia.com\/portal\/wp-json\/wp\/v2\/posts\/46621","targetHints":{"allow":["GET"]}}],"collection":[{"href":"https:\/\/cj.estrategia.com\/portal\/wp-json\/wp\/v2\/posts"}],"about":[{"href":"https:\/\/cj.estrategia.com\/portal\/wp-json\/wp\/v2\/types\/post"}],"author":[{"embeddable":true,"href":"https:\/\/cj.estrategia.com\/portal\/wp-json\/wp\/v2\/users\/12"}],"replies":[{"embeddable":true,"href":"https:\/\/cj.estrategia.com\/portal\/wp-json\/wp\/v2\/comments?post=46621"}],"version-history":[{"count":106,"href":"https:\/\/cj.estrategia.com\/portal\/wp-json\/wp\/v2\/posts\/46621\/revisions"}],"predecessor-version":[{"id":46968,"href":"https:\/\/cj.estrategia.com\/portal\/wp-json\/wp\/v2\/posts\/46621\/revisions\/46968"}],"wp:featuredmedia":[{"embeddable":true,"href":"https:\/\/cj.estrategia.com\/portal\/wp-json\/wp\/v2\/media\/32242"}],"wp:attachment":[{"href":"https:\/\/cj.estrategia.com\/portal\/wp-json\/wp\/v2\/media?parent=46621"}],"wp:term":[{"taxonomy":"category","embeddable":true,"href":"https:\/\/cj.estrategia.com\/portal\/wp-json\/wp\/v2\/categories?post=46621"},{"taxonomy":"post_tag","embeddable":true,"href":"https:\/\/cj.estrategia.com\/portal\/wp-json\/wp\/v2\/tags?post=46621"},{"taxonomy":"tax_estado","embeddable":true,"href":"https:\/\/cj.estrategia.com\/portal\/wp-json\/wp\/v2\/tax_estado?post=46621"}],"curies":[{"name":"wp","href":"https:\/\/api.w.org\/{rel}","templated":true}]}}