{"id":46571,"date":"2023-10-18T07:50:00","date_gmt":"2023-10-18T10:50:00","guid":{"rendered":"https:\/\/cj.estrategia.com\/portal\/?p=46571"},"modified":"2023-10-03T09:59:35","modified_gmt":"2023-10-03T12:59:35","slug":"politica-nacional-residuos-solidos","status":"publish","type":"post","link":"https:\/\/cj.estrategia.com\/portal\/politica-nacional-residuos-solidos\/","title":{"rendered":"Pol\u00edtica Nacional de Res\u00edduos S\u00f3lidos"},"content":{"rendered":"\n<p class=\"wp-block-paragraph\">Confira neste artigo um resumo sobre a Pol\u00edtica Nacional de Res\u00edduos S\u00f3lidos.<\/p>\n\n\n<div class=\"wp-block-image\">\n<figure class=\"aligncenter size-full\"><img decoding=\"async\" width=\"740\" height=\"451\" src=\"https:\/\/cj.estrategia.com\/portal\/wp-content\/uploads\/2023\/09\/27071722\/Politica-Nacional-de-Residuos-Solidos.png\" alt=\"Pol\u00edtica Nacional de Res\u00edduos S\u00f3lidos\" class=\"wp-image-46576\" srcset=\"https:\/\/cdn-blog-cj.estrategia.com\/portal\/wp-content\/uploads\/2023\/09\/27071722\/Politica-Nacional-de-Residuos-Solidos.png 740w, https:\/\/cdn-blog-cj.estrategia.com\/portal\/wp-content\/uploads\/2023\/09\/27071722\/Politica-Nacional-de-Residuos-Solidos-300x183.png 300w, https:\/\/cdn-blog-cj.estrategia.com\/portal\/wp-content\/uploads\/2023\/09\/27071722\/Politica-Nacional-de-Residuos-Solidos-380x232.png 380w, https:\/\/cdn-blog-cj.estrategia.com\/portal\/wp-content\/uploads\/2023\/09\/27071722\/Politica-Nacional-de-Residuos-Solidos-150x91.png 150w\" sizes=\"(max-width: 740px) 100vw, 740px\" \/><\/figure>\n<\/div>\n\n\n<p class=\"wp-block-paragraph\">Ol\u00e1, amigos.<\/p>\n\n\n\n<p class=\"wp-block-paragraph\">Tudo bom? Espero que sim.<\/p>\n\n\n\n<p class=\"wp-block-paragraph\">No artigo de hoje, abordaremos uma vis\u00e3o geral sobre a Pol\u00edtica Nacional de Res\u00edduos S\u00f3lidos, um dos t\u00f3picos explorados em Direito Ambiental em provas de concursos p\u00fablicos. Dado que esse tema \u00e9 relevante e abrangente, \u00e9 fundamental entender seus principais pontos para uma melhor organiza\u00e7\u00e3o dos estudos e compreens\u00e3o completa da mat\u00e9ria.<\/p>\n\n\n\n<p class=\"wp-block-paragraph\">Primeiramente, vejamos os t\u00f3picos que ser\u00e3o abordados:<\/p>\n\n\n\n<ul class=\"wp-block-list\">\n<li>Pol\u00edtica Nacional de Res\u00edduos S\u00f3lidos no Brasil<\/li>\n\n\n\n<li>Geradores de&nbsp; Res\u00edduos S\u00f3lidos?<\/li>\n\n\n\n<li>E o que que s\u00e3o res\u00edduos s\u00f3lidos?<\/li>\n\n\n\n<li>Gerenciamento dos Res\u00edduos S\u00f3lidos<\/li>\n\n\n\n<li>Gest\u00e3o Integrada de Res\u00edduos S\u00f3lidos<\/li>\n\n\n\n<li>Lix\u00e3o ou Vazadouro.<\/li>\n\n\n\n<li>Aterro Controlado.<\/li>\n\n\n\n<li>Fim dos Lix\u00f5es<\/li>\n<\/ul>\n\n\n\n<p class=\"wp-block-paragraph\">Animados?<\/p>\n\n\n\n<p class=\"wp-block-paragraph\">Vamos l\u00e1.<\/p>\n\n\n\n<h2 class=\"wp-block-heading\" id=\"h-politica-nacional-de-residuos-solidos\"><span id=\"politica-nacional-de-residuos-solidos\">Pol\u00edtica Nacional de Res\u00edduos S\u00f3lidos<\/span><\/h2>\n\n\n\n<p class=\"wp-block-paragraph\">A <strong>Lei n\u00ba 12.305\/10<\/strong> rege a <strong>Pol\u00edtica Nacional de Res\u00edduos S\u00f3lidos<\/strong> no Brasil, estabelecendo <strong>princ\u00edpios, objetivos<\/strong> e ferramentas para uma abordagem abrangente na administra\u00e7\u00e3o desses materiais. Essa pol\u00edtica abrange diretrizes para o <strong>manejo de res\u00edduos perigosos<\/strong>, <strong>delineia as responsabilidades<\/strong> <strong>de produtores e autoridades governamentais<\/strong> e utiliza instrumentos econ\u00f4micos para impulsionar ativamente a <strong>diminui\u00e7\u00e3o, reutiliza\u00e7\u00e3o e reciclagem desses materiais.<\/strong><\/p>\n\n\n\n<p class=\"wp-block-paragraph\">Fique ligado! A Pol\u00edtica Nacional de Res\u00edduos S\u00f3lidos (PNRS) \u00e9 uma pol\u00edtica p\u00fablica que visa <strong>promover a gest\u00e3o integrada e o gerenciamento de res\u00edduos s\u00f3lidos<\/strong> no Brasil. Ela est\u00e1 <strong>alinhada<\/strong> com a <strong>Pol\u00edtica Nacional do Meio Ambiente<\/strong> (PNMA), a <strong>Pol\u00edtica Nacional de Educa\u00e7\u00e3o Ambiental<\/strong> (PNEA), a <strong>Pol\u00edtica Federal de Saneamento B\u00e1sico<\/strong> e a <strong>Lei dos Cons\u00f3rcios P\u00fablicos<\/strong>.<\/p>\n\n\n\n<h2 class=\"wp-block-heading\" id=\"h-geradores-de-nbsp-residuos-solidos-politica-nacional-de-residuos-solidos\"><span id=\"geradores-de-residuos-solidos-politica-nacional-de-residuos-solidos\">Geradores de &nbsp;Res\u00edduos S\u00f3lidos? &#8211; Pol\u00edtica Nacional de Res\u00edduos S\u00f3lidos<\/span><\/h2>\n\n\n\n<p class=\"wp-block-paragraph\">Os geradores de res\u00edduos s\u00f3lidos s\u00e3o pessoas <strong>f\u00edsicas ou jur\u00eddicas<\/strong>, de direito <strong>p\u00fablico ou privado<\/strong>, que geram <strong>res\u00edduos s\u00f3lidos<\/strong> por meio de suas atividades, nelas inclu\u00eddo o consumo.<\/p>\n\n\n\n<h3 class=\"wp-block-heading\" id=\"h-e-o-que-que-sao-residuos-solidos\"><span id=\"e-o-que-que-sao-residuos-solidos\">E o que que s\u00e3o res\u00edduos s\u00f3lidos?<\/span><\/h3>\n\n\n\n<p class=\"wp-block-paragraph\">S\u00e3o quaisquer <strong>materiais ou subst\u00e2ncias<\/strong> descartados pelas atividades humanas, normalmente se encontram nos estados <strong>s\u00f3lido ou semiss\u00f3lido<\/strong>, como os lodos de esta\u00e7\u00f5es de tratamento de \u00e1gua e esgoto, que podem ser classificados como <strong>semiss\u00f3lidos.<\/strong><\/p>\n\n\n\n<p class=\"wp-block-paragraph\">No entanto, <strong>gases<\/strong> contidos em recipientes, como aeross\u00f3is, tamb\u00e9m s\u00e3o <strong>considerados<\/strong> <strong>res\u00edduos s\u00f3lidos<\/strong> devido \u00e0 <strong>dificuldade<\/strong> t\u00e9cnica e operacional de sua remo\u00e7\u00e3o.<\/p>\n\n\n\n<p class=\"wp-block-paragraph\">Al\u00e9m disso, <strong>l\u00edquidos podem ser considerados res\u00edduos s\u00f3lidos<\/strong> se n\u00e3o puderem ser descartados na rede p\u00fablica de esgotos ou em corpos d&#8217;\u00e1gua, ou se exigirem solu\u00e7\u00f5es t\u00e9cnicas ou financeiramente invi\u00e1veis para serem eliminados.<\/p>\n\n\n\n<h2 class=\"wp-block-heading\" id=\"h-gerenciamento-dos-residuos-solidos\"><span id=\"gerenciamento-dos-residuos-solidos\">Gerenciamento dos Res\u00edduos S\u00f3lidos<\/span><\/h2>\n\n\n\n<p class=\"wp-block-paragraph\">O gerenciamento de res\u00edduos s\u00f3lidos \u00e9 um <strong>conjunto de a\u00e7\u00f5es<\/strong> que visam coletar, transportar, tratar e dispor de forma ambientalmente adequada os res\u00edduos s\u00f3lidos gerados pelas atividades humanas.<\/p>\n\n\n\n<p class=\"wp-block-paragraph\">Exemplo:<\/p>\n\n\n\n<ul class=\"wp-block-list\">\n<li><strong>Coleta:<\/strong> \u00e9 o recolhimento dos res\u00edduos s\u00f3lidos do local onde foram gerados.<\/li>\n\n\n\n<li><strong>Transporte:<\/strong> \u00e9 o deslocamento dos res\u00edduos s\u00f3lidos da coleta at\u00e9 o local de tratamento ou disposi\u00e7\u00e3o final.<\/li>\n\n\n\n<li><strong>Tratamento:<\/strong> \u00e9 o processo que visa reduzir o volume ou a periculosidade dos res\u00edduos s\u00f3lidos.<\/li>\n\n\n\n<li><strong>Destina\u00e7\u00e3o final:<\/strong> \u00e9 o destino final dos res\u00edduos s\u00f3lidos, que pode ser a reutiliza\u00e7\u00e3o, a reciclagem, a compostagem, a recupera\u00e7\u00e3o ou o aproveitamento energ\u00e9tico.<\/li>\n<\/ul>\n\n\n\n<h2 class=\"wp-block-heading\" id=\"h-gestao-integrada-de-residuos-solidos\"><span id=\"gestao-integrada-de-residuos-solidos\">Gest\u00e3o Integrada de Res\u00edduos S\u00f3lidos<\/span><\/h2>\n\n\n\n<p class=\"wp-block-paragraph\">A gest\u00e3o integrada de res\u00edduos s\u00f3lidos \u00e9 um <strong>conceito mais amplo<\/strong> que o gerenciamento de res\u00edduos s\u00f3lidos. Ela visa <strong>encontrar solu\u00e7\u00f5es para os res\u00edduos s\u00f3lidos<\/strong>, contemplando as dimens\u00f5es <strong>pol\u00edtica, econ\u00f4mica, ambiental, cultural e social.<\/strong><\/p>\n\n\n\n<p class=\"wp-block-paragraph\">A gest\u00e3o integrada dos res\u00edduos s\u00f3lidos \u00e9 de <strong>responsabilidade<\/strong> do <strong>Distrito Federal e dos munic\u00edpios correspondentes aos res\u00edduos gerados nos respectivos territ\u00f3rios<\/strong>, sem preju\u00edzo dos poderes de <strong>controle e fiscaliza\u00e7\u00e3o dos \u00f3rg\u00e3os federais e estaduais.<\/strong><\/p>\n\n\n\n<h2 class=\"wp-block-heading\" id=\"h-lixao-ou-vazadouro\"><span id=\"lixao-ou-vazadouro\">Lix\u00e3o ou Vazadouro<\/span><\/h2>\n\n\n\n<p class=\"wp-block-paragraph\">Nos lix\u00f5es, o lixo \u00e9 <strong>exposto a c\u00e9u aberto sem medidas para evitar impactos negativos<\/strong> ao meio ambiente e sa\u00fade p\u00fablica. Nesses locais <strong>n\u00e3o h\u00e1 controle<\/strong> sobre o descarte de res\u00edduos, tamb\u00e9m <strong>n\u00e3o apresentam nenhum tipo de tratamento para o chorume, que contamina o solo e o len\u00e7ol fre\u00e1tico.<\/strong><\/p>\n\n\n\n<h2 class=\"wp-block-heading\" id=\"h-aterro-controlado\"><span id=\"aterro-controlado\">Aterro Controlado<\/span><\/h2>\n\n\n\n<p class=\"wp-block-paragraph\">Os aterros controlados s\u00e3o locais onde o <strong>lixo \u00e9 depositado de forma mais controlada do que nos lix\u00f5es<\/strong>. Nesses locais, o <strong>lixo \u00e9 coberto por uma camada de argila e grama,<\/strong> para reduzir a contamina\u00e7\u00e3o ambiental.<\/p>\n\n\n\n<p class=\"wp-block-paragraph\">No entanto, as <strong>normas ambientais ainda n\u00e3o s\u00e3o seguidas por completo<\/strong> nos aterros controlados. Geralmente, <strong>n\u00e3o ocorre a impermeabiliza\u00e7\u00e3o do fundo do aterro<\/strong>, o que pode levar \u00e0 contamina\u00e7\u00e3o do solo e do len\u00e7ol fre\u00e1tico. Tamb\u00e9m <strong>n\u00e3o h\u00e1 um sistema de coleta do chorume<\/strong>, o que pode causar a contamina\u00e7\u00e3o das \u00e1guas superficiais.<\/p>\n\n\n\n<h2 class=\"wp-block-heading\" id=\"h-aterro-sanitario\"><span id=\"aterro-sanitario\">Aterro Sanit\u00e1rio<\/span><\/h2>\n\n\n\n<p class=\"wp-block-paragraph\">Os <strong>aterros sanit\u00e1rios s\u00e3o a melhor forma de descartar lixo<\/strong>. Nesses locais, o lixo \u00e9 depositado de forma controlada e segura, para evitar a contamina\u00e7\u00e3o do meio ambiente.<\/p>\n\n\n\n<p class=\"wp-block-paragraph\">O aterro sanit\u00e1rio <strong>\u00e9 constru\u00eddo em um local adequado, com um sistema de impermeabiliza\u00e7\u00e3o<\/strong> que evita que o chorume contamine o solo e o len\u00e7ol fre\u00e1tico. O lixo \u00e9 depositado em camadas, com uma cobertura di\u00e1ria para evitar a prolifera\u00e7\u00e3o de vetores, o mau cheiro e a polui\u00e7\u00e3o visual.<\/p>\n\n\n\n<h2 class=\"wp-block-heading\" id=\"h-fim-dos-lixoes-politica-nacional-de-residuos-solidos\"><span id=\"fim-dos-lixoes-politica-nacional-de-residuos-solidos\">Fim dos Lix\u00f5es &#8211; Pol\u00edtica Nacional de Res\u00edduos S\u00f3lidos<\/span><\/h2>\n\n\n\n<p class=\"wp-block-paragraph\">O Novo Marco Legal do Saneamento, aprovado em 2020, estabelece que todos os munic\u00edpios brasileiros devem encerrar a opera\u00e7\u00e3o de <strong>lix\u00f5es at\u00e9 2024.<\/strong><\/p>\n\n\n\n<p class=\"wp-block-paragraph\">Para os munic\u00edpios que j\u00e1 tenham elaborado um plano de gest\u00e3o integrada de res\u00edduos s\u00f3lidos e que tenham mecanismos de cobran\u00e7a para garantir sua sustentabilidade econ\u00f4mica-financeira, os prazos para o encerramento dos lix\u00f5es s\u00e3o:<\/p>\n\n\n\n<ul class=\"wp-block-list\">\n<li><strong>2 de agosto de 2021:<\/strong> capitais de estados e munic\u00edpios integrantes de Regi\u00e3o Metropolitana ou de Regi\u00e3o Integrada de Desenvolvimento (Ride) de capitais;<\/li>\n\n\n\n<li><strong>2 de agosto de 2022:<\/strong> munic\u00edpios com popula\u00e7\u00e3o superior a 100.000 habitantes no Censo 2010, bem como para munic\u00edpios cuja mancha urbana da sede municipal esteja situada a menos de 20 km da fronteira com pa\u00edses lim\u00edtrofes;<\/li>\n\n\n\n<li><strong>2 de agosto de 2023:<\/strong> munic\u00edpios com popula\u00e7\u00e3o entre 50.000 e 100.000 habitantes no Censo 2010;<\/li>\n\n\n\n<li><strong>2 de agosto de 2024:<\/strong> munic\u00edpios com popula\u00e7\u00e3o inferior a 50.000 habitantes no Censo.<\/li>\n<\/ul>\n\n\n\n<p class=\"wp-block-paragraph\">At\u00e9 dezembro de 2022 o programa Lix\u00e3o Zero, do Minist\u00e9rio do Meio Ambiente, j\u00e1 fechou mais de 800 lix\u00f5es no Brasil, o que representa um avan\u00e7o significativo no combate a esse problema ambiental.<\/p>\n\n\n\n<h2 class=\"wp-block-heading wp-embed-aspect-16-9 wp-has-aspect-ratio\" id=\"h-conclusao-politica-nacional-de-residuos-solidos\"><span id=\"conclusao-politica-nacional-de-residuos-solidos\">Conclus\u00e3o &#8211; Pol\u00edtica Nacional de Res\u00edduos S\u00f3lidos<\/span><\/h2>\n\n\n\n<p class=\"wp-embed-aspect-16-9 wp-has-aspect-ratio wp-block-paragraph\">Chegamos ao final do nosso artigo, com um resumo sobre a Pol\u00edtica Nacional de Res\u00edduos S\u00f3lidos. Esperamos que tenham aproveitado as informa\u00e7\u00f5es trazidas.<\/p>\n\n\n\n<p class=\"has-text-align-center has-background has-medium-font-size wp-block-paragraph\" style=\"background-color:#fcb90059\"><a href=\"https:\/\/cj.estrategia.com\/portal\/noticias\/\" target=\"_blank\" >Concursos Carreiras Jur\u00eddicas<\/a><\/p>\n\n\n\n<h2 class=\"wp-block-heading has-text-align-center\" id=\"h-quer-estudar-para-carreiras-juridicas\"><span id=\"quer-estudar-para-carreiras-juridicas\">Quer estudar para Carreiras Jur\u00eddicas?<\/span><\/h2>\n\n\n\n<ul class=\"wp-block-list\">\n<li><a href=\"https:\/\/cj.estrategia.com\/portal\/concursos-abertos-carreiras-juridicas\/\" target=\"_blank\" >Concursos abertos<\/a><\/li>\n\n\n\n<li><a href=\"https:\/\/cj.estrategia.com\/portal\/concursos-2023-carreiras-juridicas\/\" target=\"_blank\" >Concursos 2023<\/a><\/li>\n\n\n\n<li><a href=\"https:\/\/cj.estrategia.com\/portal\/concursos-2024-carreiras-juridicas\/\" target=\"_blank\" >Concursos 2024<\/a><\/li>\n<\/ul>\n\n\n\n<p class=\"wp-block-paragraph\">O Estrat\u00e9gia Carreira Jur\u00eddica \u00e9 campe\u00e3o de aprova\u00e7\u00f5es nos concursos para Carreiras Jur\u00eddicas com um corpo docente qualificado e materiais completos. Conhe\u00e7a nossos cursos e garanta sua aprova\u00e7\u00e3o:<\/p>\n\n\n\n<div class=\"container\" id=\"boxes\">\n  <div class=\"row\">\n\n    <div class=\"col-sm\">\n      <div class=\"banner-estrategia-concursos-juridicos\" id=\"box-assinatura\">\n        <h3 id=\"cursos-para-concursos-juridicos\" class=\"titulo-assinatura\">Cursos para Concursos Jur\u00eddicos<\/h3>\n        <p class=\"subtitulo-assinatura\">Estude conosco<\/p>\n        <div class=\"box-botao\">\n          <a class=\"btn-assinatura-juridica\" target=\"_blank\" href=\"https:\/\/cj.estrategia.com\/cursos\/\" role=\"button\" rel=\"noopener noreferrer\">Conhe\u00e7a os cursos<\/a>\n        <\/div>\n      <\/div>\n    \n    <\/div>\n\n  <\/div>\n<\/div>\n\n\n\n<div class=\"wp-block-cover\" style=\"min-height:142px;aspect-ratio:unset;\"><span aria-hidden=\"true\" class=\"wp-block-cover__background has-background-dim\"><\/span><img decoding=\"async\" width=\"1890\" height=\"351\" class=\"wp-block-cover__image-background wp-image-8669\" alt=\"assinatura carreira jur\u00eddica\" src=\"https:\/\/cj.estrategia.com\/portal\/wp-content\/uploads\/2022\/06\/20151253\/concurso-carreiras-juridicas-assinatura-juridica.jpg\" style=\"object-position:75% 40%\" data-object-fit=\"cover\" data-object-position=\"75% 40%\" srcset=\"https:\/\/cdn-blog-cj.estrategia.com\/portal\/wp-content\/uploads\/2022\/06\/20151253\/concurso-carreiras-juridicas-assinatura-juridica.jpg 1890w, https:\/\/cdn-blog-cj.estrategia.com\/portal\/wp-content\/uploads\/2022\/06\/20151253\/concurso-carreiras-juridicas-assinatura-juridica-300x56.jpg 300w, https:\/\/cdn-blog-cj.estrategia.com\/portal\/wp-content\/uploads\/2022\/06\/20151253\/concurso-carreiras-juridicas-assinatura-juridica-1024x190.jpg 1024w, https:\/\/cdn-blog-cj.estrategia.com\/portal\/wp-content\/uploads\/2022\/06\/20151253\/concurso-carreiras-juridicas-assinatura-juridica-768x143.jpg 768w, https:\/\/cdn-blog-cj.estrategia.com\/portal\/wp-content\/uploads\/2022\/06\/20151253\/concurso-carreiras-juridicas-assinatura-juridica-1536x285.jpg 1536w, https:\/\/cdn-blog-cj.estrategia.com\/portal\/wp-content\/uploads\/2022\/06\/20151253\/concurso-carreiras-juridicas-assinatura-juridica-380x71.jpg 380w, https:\/\/cdn-blog-cj.estrategia.com\/portal\/wp-content\/uploads\/2022\/06\/20151253\/concurso-carreiras-juridicas-assinatura-juridica-800x149.jpg 800w, https:\/\/cdn-blog-cj.estrategia.com\/portal\/wp-content\/uploads\/2022\/06\/20151253\/concurso-carreiras-juridicas-assinatura-juridica-1160x215.jpg 1160w\" sizes=\"(max-width: 1890px) 100vw, 1890px\" \/><div class=\"wp-block-cover__inner-container is-layout-flow wp-block-cover-is-layout-flow\">\n<h3 id=\"assinatura-juridica\" class=\"titulo-assinatura\">Assinatura Jur\u00eddica <\/h3>\n<p class=\"subtitulo-assinatura\" style=\"display:block!important; line-height: 0; font-color: #fff\">Conhe\u00e7a os planos<\/p>\n<a target=\"_blank\" href=\"https:\/\/www.estrategiaconcursos.com.br\/assinaturas-ecj\/\" rel=\"noopener\"><button style=\"border-radius: 10px; text-transform: capitalize;\">Acessar<\/button><\/a>\n<\/div><\/div>\n","protected":false},"excerpt":{"rendered":"Confira neste artigo um resumo sobre a Pol\u00edtica Nacional de Res\u00edduos S\u00f3lidos. Ol\u00e1, amigos. Tudo bom? Espero que&hellip;\n","protected":false},"author":44,"featured_media":46576,"comment_status":"open","ping_status":"open","sticky":false,"template":"","format":"standard","meta":{"_acf_changed":false,"_jetpack_newsletter_access":"","_jetpack_dont_email_post_to_subs":false,"_jetpack_newsletter_tier_id":0,"_jetpack_memberships_contains_paywalled_content":false,"_jetpack_feature_clip_id":0,"_jetpack_memberships_contains_paid_content":false,"footnotes":"","jetpack_post_was_ever_published":false},"categories":[1,27,28,26,24,25],"tags":[],"tax_estado":[30,31,32,33,34,35,36,37,38,39,40,41,42,43,44,45,46,47,48,49,50,51,52,53,54,55,56,57],"class_list":["post-46571","post","type-post","status-publish","format-standard","has-post-thumbnail","category-carreiras-juridicas","category-defensoria","category-delegado","category-magistratura","category-procuradoria","category-promotoria","tax_estado-ac","tax_estado-al","tax_estado-am","tax_estado-ap","tax_estado-ba","tax_estado-ce","tax_estado-concursos-federais","tax_estado-df","tax_estado-es","tax_estado-go","tax_estado-ma","tax_estado-mg","tax_estado-ms","tax_estado-mt","tax_estado-pa","tax_estado-pb","tax_estado-pe","tax_estado-pi","tax_estado-pr","tax_estado-rj","tax_estado-rn","tax_estado-ro","tax_estado-rr","tax_estado-rs","tax_estado-sc","tax_estado-se","tax_estado-sp","tax_estado-to"],"acf":[],"yoast_head":"<!-- This site is optimized with the Yoast SEO Premium plugin v28.3 (Yoast SEO v28.3) - https:\/\/yoast.com\/product\/yoast-seo-premium-wordpress\/ -->\n<title>Pol\u00edtica Nacional de Res\u00edduos S\u00f3lidos<\/title>\n<meta name=\"description\" content=\"Confira neste artigo um resumo sobre Pol\u00edtica Nacional de Res\u00edduos S\u00f3lidos, com foco em concursos jur\u00eddicos e chegue preparado na prova.\" \/>\n<meta name=\"robots\" content=\"index, follow, max-snippet:-1, max-image-preview:large, max-video-preview:-1\" \/>\n<link rel=\"canonical\" href=\"https:\/\/cj.estrategia.com\/portal\/politica-nacional-residuos-solidos\/\" \/>\n<meta property=\"og:locale\" content=\"pt_BR\" \/>\n<meta property=\"og:type\" content=\"article\" \/>\n<meta property=\"og:title\" content=\"Pol\u00edtica Nacional de Res\u00edduos S\u00f3lidos\" \/>\n<meta property=\"og:description\" content=\"Confira neste artigo um resumo sobre Pol\u00edtica Nacional de Res\u00edduos S\u00f3lidos, com foco em concursos jur\u00eddicos e chegue preparado na prova.\" \/>\n<meta property=\"og:url\" content=\"https:\/\/cj.estrategia.com\/portal\/politica-nacional-residuos-solidos\/\" \/>\n<meta property=\"og:site_name\" content=\"Blog - Carreiras Jur\u00eddicas - Estrat\u00e9gia\" \/>\n<meta property=\"article:publisher\" content=\"https:\/\/www.facebook.com\/estrategiacarreirajuridica\/\" \/>\n<meta property=\"article:author\" content=\"https:\/\/www.facebook.com\/amarcelaneves\" \/>\n<meta property=\"article:published_time\" content=\"2023-10-18T10:50:00+00:00\" \/>\n<meta property=\"og:image\" content=\"https:\/\/cj.estrategia.com\/portal\/wp-content\/uploads\/2023\/09\/27071722\/Politica-Nacional-de-Residuos-Solidos.png\" \/>\n\t<meta property=\"og:image:width\" content=\"740\" \/>\n\t<meta property=\"og:image:height\" content=\"451\" \/>\n\t<meta property=\"og:image:type\" content=\"image\/png\" \/>\n<meta name=\"author\" content=\"Marcela Neves Suonski Daronch\" \/>\n<meta name=\"twitter:card\" content=\"summary_large_image\" \/>\n<meta name=\"twitter:creator\" content=\"@EstratJuridica\" \/>\n<meta name=\"twitter:site\" content=\"@EstratJuridica\" \/>\n<meta name=\"twitter:label1\" content=\"Escrito por\" \/>\n\t<meta name=\"twitter:data1\" content=\"Marcela Neves Suonski Daronch\" \/>\n\t<meta name=\"twitter:label2\" content=\"Est. tempo de leitura\" \/>\n\t<meta name=\"twitter:data2\" content=\"7 minutos\" \/>\n<script type=\"application\/ld+json\" class=\"yoast-schema-graph\">{\"@context\":\"https:\\\/\\\/schema.org\",\"@graph\":[{\"@type\":\"NewsArticle\",\"@id\":\"https:\\\/\\\/cj.estrategia.com\\\/portal\\\/politica-nacional-residuos-solidos\\\/#article\",\"isPartOf\":{\"@id\":\"https:\\\/\\\/cj.estrategia.com\\\/portal\\\/politica-nacional-residuos-solidos\\\/\"},\"author\":{\"name\":\"Marcela Neves Suonski Daronch\",\"@id\":\"https:\\\/\\\/cj.estrategia.com\\\/portal\\\/#\\\/schema\\\/person\\\/f52a354da476804d0d46daae7af1b848\"},\"headline\":\"Pol\u00edtica Nacional de Res\u00edduos S\u00f3lidos\",\"datePublished\":\"2023-10-18T10:50:00+00:00\",\"mainEntityOfPage\":{\"@id\":\"https:\\\/\\\/cj.estrategia.com\\\/portal\\\/politica-nacional-residuos-solidos\\\/\"},\"wordCount\":1240,\"commentCount\":0,\"publisher\":{\"@id\":\"https:\\\/\\\/cj.estrategia.com\\\/portal\\\/#organization\"},\"image\":{\"@id\":\"https:\\\/\\\/cj.estrategia.com\\\/portal\\\/politica-nacional-residuos-solidos\\\/#primaryimage\"},\"thumbnailUrl\":\"https:\\\/\\\/cdn-blog-cj.estrategia.com\\\/portal\\\/wp-content\\\/uploads\\\/2023\\\/09\\\/27071722\\\/Politica-Nacional-de-Residuos-Solidos.png\",\"articleSection\":[\"Carreiras Jur\u00eddicas\",\"Defensoria\",\"Delegado\",\"Magistratura\",\"Procuradoria\",\"Promotoria\"],\"inLanguage\":\"pt-BR\",\"potentialAction\":[{\"@type\":\"CommentAction\",\"name\":\"Comment\",\"target\":[\"https:\\\/\\\/cj.estrategia.com\\\/portal\\\/politica-nacional-residuos-solidos\\\/#respond\"]}]},{\"@type\":\"WebPage\",\"@id\":\"https:\\\/\\\/cj.estrategia.com\\\/portal\\\/politica-nacional-residuos-solidos\\\/\",\"url\":\"https:\\\/\\\/cj.estrategia.com\\\/portal\\\/politica-nacional-residuos-solidos\\\/\",\"name\":\"Pol\u00edtica Nacional de Res\u00edduos S\u00f3lidos\",\"isPartOf\":{\"@id\":\"https:\\\/\\\/cj.estrategia.com\\\/portal\\\/#website\"},\"primaryImageOfPage\":{\"@id\":\"https:\\\/\\\/cj.estrategia.com\\\/portal\\\/politica-nacional-residuos-solidos\\\/#primaryimage\"},\"image\":{\"@id\":\"https:\\\/\\\/cj.estrategia.com\\\/portal\\\/politica-nacional-residuos-solidos\\\/#primaryimage\"},\"thumbnailUrl\":\"https:\\\/\\\/cdn-blog-cj.estrategia.com\\\/portal\\\/wp-content\\\/uploads\\\/2023\\\/09\\\/27071722\\\/Politica-Nacional-de-Residuos-Solidos.png\",\"datePublished\":\"2023-10-18T10:50:00+00:00\",\"description\":\"Confira neste artigo um resumo sobre Pol\u00edtica Nacional de Res\u00edduos S\u00f3lidos, com foco em concursos jur\u00eddicos e chegue preparado na prova.\",\"breadcrumb\":{\"@id\":\"https:\\\/\\\/cj.estrategia.com\\\/portal\\\/politica-nacional-residuos-solidos\\\/#breadcrumb\"},\"inLanguage\":\"pt-BR\",\"potentialAction\":[{\"@type\":\"ReadAction\",\"target\":[\"https:\\\/\\\/cj.estrategia.com\\\/portal\\\/politica-nacional-residuos-solidos\\\/\"]}]},{\"@type\":\"ImageObject\",\"inLanguage\":\"pt-BR\",\"@id\":\"https:\\\/\\\/cj.estrategia.com\\\/portal\\\/politica-nacional-residuos-solidos\\\/#primaryimage\",\"url\":\"https:\\\/\\\/cdn-blog-cj.estrategia.com\\\/portal\\\/wp-content\\\/uploads\\\/2023\\\/09\\\/27071722\\\/Politica-Nacional-de-Residuos-Solidos.png\",\"contentUrl\":\"https:\\\/\\\/cdn-blog-cj.estrategia.com\\\/portal\\\/wp-content\\\/uploads\\\/2023\\\/09\\\/27071722\\\/Politica-Nacional-de-Residuos-Solidos.png\",\"width\":740,\"height\":451},{\"@type\":\"BreadcrumbList\",\"@id\":\"https:\\\/\\\/cj.estrategia.com\\\/portal\\\/politica-nacional-residuos-solidos\\\/#breadcrumb\",\"itemListElement\":[{\"@type\":\"ListItem\",\"position\":1,\"name\":\"In\u00edcio\",\"item\":\"https:\\\/\\\/cj.estrategia.com\\\/portal\\\/\"},{\"@type\":\"ListItem\",\"position\":2,\"name\":\"Pol\u00edtica Nacional de Res\u00edduos S\u00f3lidos\"}]},{\"@type\":\"WebSite\",\"@id\":\"https:\\\/\\\/cj.estrategia.com\\\/portal\\\/#website\",\"url\":\"https:\\\/\\\/cj.estrategia.com\\\/portal\\\/\",\"name\":\"Blog - Carreiras Jur\u00eddicas - Estrat\u00e9gia\",\"description\":\"\",\"publisher\":{\"@id\":\"https:\\\/\\\/cj.estrategia.com\\\/portal\\\/#organization\"},\"potentialAction\":[{\"@type\":\"SearchAction\",\"target\":{\"@type\":\"EntryPoint\",\"urlTemplate\":\"https:\\\/\\\/cj.estrategia.com\\\/portal\\\/?s={search_term_string}\"},\"query-input\":{\"@type\":\"PropertyValueSpecification\",\"valueRequired\":true,\"valueName\":\"search_term_string\"}}],\"inLanguage\":\"pt-BR\"},{\"@type\":\"Organization\",\"@id\":\"https:\\\/\\\/cj.estrategia.com\\\/portal\\\/#organization\",\"name\":\"Estrat\u00e9gia - Carreiras Jur\u00eddicas\",\"url\":\"https:\\\/\\\/cj.estrategia.com\\\/portal\\\/\",\"logo\":{\"@type\":\"ImageObject\",\"inLanguage\":\"pt-BR\",\"@id\":\"https:\\\/\\\/cj.estrategia.com\\\/portal\\\/#\\\/schema\\\/logo\\\/image\\\/\",\"url\":\"https:\\\/\\\/cj.estrategia.com\\\/portal\\\/wp-content\\\/uploads\\\/2022\\\/03\\\/11151052\\\/cj-logo.png\",\"contentUrl\":\"https:\\\/\\\/cj.estrategia.com\\\/portal\\\/wp-content\\\/uploads\\\/2022\\\/03\\\/11151052\\\/cj-logo.png\",\"width\":150,\"height\":39,\"caption\":\"Estrat\u00e9gia - Carreiras Jur\u00eddicas\"},\"image\":{\"@id\":\"https:\\\/\\\/cj.estrategia.com\\\/portal\\\/#\\\/schema\\\/logo\\\/image\\\/\"},\"sameAs\":[\"https:\\\/\\\/www.facebook.com\\\/estrategiacarreirajuridica\\\/\",\"https:\\\/\\\/x.com\\\/EstratJuridica\",\"https:\\\/\\\/www.instagram.com\\\/estrategiacarreirajuridica\\\/\",\"https:\\\/\\\/www.youtube.com\\\/channel\\\/UClbMGuYbj2Mh1m3w144ETWQ\"]},{\"@type\":\"Person\",\"@id\":\"https:\\\/\\\/cj.estrategia.com\\\/portal\\\/#\\\/schema\\\/person\\\/f52a354da476804d0d46daae7af1b848\",\"name\":\"Marcela Neves Suonski Daronch\",\"image\":{\"@type\":\"ImageObject\",\"inLanguage\":\"pt-BR\",\"@id\":\"https:\\\/\\\/cdn-blog-cj.estrategia.com\\\/portal\\\/wp-content\\\/uploads\\\/2023\\\/06\\\/14185716\\\/Marcela-2-96x96.jpg\",\"url\":\"https:\\\/\\\/cdn-blog-cj.estrategia.com\\\/portal\\\/wp-content\\\/uploads\\\/2023\\\/06\\\/14185716\\\/Marcela-2-96x96.jpg\",\"contentUrl\":\"https:\\\/\\\/cdn-blog-cj.estrategia.com\\\/portal\\\/wp-content\\\/uploads\\\/2023\\\/06\\\/14185716\\\/Marcela-2-96x96.jpg\",\"caption\":\"Marcela Neves Suonski Daronch\"},\"description\":\"Graduada em Direito. P\u00f3s-graduada em Investiga\u00e7\u00e3o Criminal e Legisla\u00e7\u00e3o Penal. P\u00f3s-graduada em Criminal\u00edstica, Cybercrimes e o Papel da Pol\u00edcia Judici\u00e1ria. P\u00f3s-graduanda em Direito P\u00fablico. P\u00f3s-Graduanda em Intelig\u00eancia Emocional e Psicologia Positiva. Aprovada no XXIX Exame da Ordem dos Advogados do Brasil (OAB). Aprovada e convocada para o Curso de Forma\u00e7\u00e3o Profissional do DEAP SC em 20\u00ba lugar (2019). Aprovada para o cargo de Escriv\u00e3o da PC MG (2021). Aprovada na fase objetiva do concurso de Delegado da PC SP (2023). Integra a equipe de Coaches do Estrat\u00e9gia Concursos desde 2020. Escritora de artigos para o blog do Estrat\u00e9gia concursos e Professora dos Bizus Estrat\u00e9gicos.\",\"sameAs\":[\"https:\\\/\\\/www.facebook.com\\\/amarcelaneves\",\"https:\\\/\\\/www.instagram.com\\\/amarcelaneves\",\"https:\\\/\\\/www.youtube.com\\\/@amarcelaneves\"],\"birthDate\":\"1996-08-05\",\"gender\":\"feminino\",\"knowsLanguage\":[\"Ingl\u00eas\"],\"url\":\"https:\\\/\\\/cj.estrategia.com\\\/portal\\\/author\\\/marcela-nevessuonski\\\/\"}]}<\/script>\n<!-- \/ Yoast SEO Premium plugin. -->","yoast_head_json":{"title":"Pol\u00edtica Nacional de Res\u00edduos S\u00f3lidos","description":"Confira neste artigo um resumo sobre Pol\u00edtica Nacional de Res\u00edduos S\u00f3lidos, com foco em concursos jur\u00eddicos e chegue preparado na prova.","robots":{"index":"index","follow":"follow","max-snippet":"max-snippet:-1","max-image-preview":"max-image-preview:large","max-video-preview":"max-video-preview:-1"},"canonical":"https:\/\/cj.estrategia.com\/portal\/politica-nacional-residuos-solidos\/","og_locale":"pt_BR","og_type":"article","og_title":"Pol\u00edtica Nacional de Res\u00edduos S\u00f3lidos","og_description":"Confira neste artigo um resumo sobre Pol\u00edtica Nacional de Res\u00edduos S\u00f3lidos, com foco em concursos jur\u00eddicos e chegue preparado na prova.","og_url":"https:\/\/cj.estrategia.com\/portal\/politica-nacional-residuos-solidos\/","og_site_name":"Blog - Carreiras Jur\u00eddicas - Estrat\u00e9gia","article_publisher":"https:\/\/www.facebook.com\/estrategiacarreirajuridica\/","article_author":"https:\/\/www.facebook.com\/amarcelaneves","article_published_time":"2023-10-18T10:50:00+00:00","og_image":[{"width":740,"height":451,"url":"https:\/\/cj.estrategia.com\/portal\/wp-content\/uploads\/2023\/09\/27071722\/Politica-Nacional-de-Residuos-Solidos.png","type":"image\/png"}],"author":"Marcela Neves Suonski Daronch","twitter_card":"summary_large_image","twitter_creator":"@EstratJuridica","twitter_site":"@EstratJuridica","twitter_misc":{"Escrito por":"Marcela Neves Suonski Daronch","Est. tempo de leitura":"7 minutos"},"schema":{"@context":"https:\/\/schema.org","@graph":[{"@type":"NewsArticle","@id":"https:\/\/cj.estrategia.com\/portal\/politica-nacional-residuos-solidos\/#article","isPartOf":{"@id":"https:\/\/cj.estrategia.com\/portal\/politica-nacional-residuos-solidos\/"},"author":{"name":"Marcela Neves Suonski Daronch","@id":"https:\/\/cj.estrategia.com\/portal\/#\/schema\/person\/f52a354da476804d0d46daae7af1b848"},"headline":"Pol\u00edtica Nacional de Res\u00edduos S\u00f3lidos","datePublished":"2023-10-18T10:50:00+00:00","mainEntityOfPage":{"@id":"https:\/\/cj.estrategia.com\/portal\/politica-nacional-residuos-solidos\/"},"wordCount":1240,"commentCount":0,"publisher":{"@id":"https:\/\/cj.estrategia.com\/portal\/#organization"},"image":{"@id":"https:\/\/cj.estrategia.com\/portal\/politica-nacional-residuos-solidos\/#primaryimage"},"thumbnailUrl":"https:\/\/cdn-blog-cj.estrategia.com\/portal\/wp-content\/uploads\/2023\/09\/27071722\/Politica-Nacional-de-Residuos-Solidos.png","articleSection":["Carreiras Jur\u00eddicas","Defensoria","Delegado","Magistratura","Procuradoria","Promotoria"],"inLanguage":"pt-BR","potentialAction":[{"@type":"CommentAction","name":"Comment","target":["https:\/\/cj.estrategia.com\/portal\/politica-nacional-residuos-solidos\/#respond"]}]},{"@type":"WebPage","@id":"https:\/\/cj.estrategia.com\/portal\/politica-nacional-residuos-solidos\/","url":"https:\/\/cj.estrategia.com\/portal\/politica-nacional-residuos-solidos\/","name":"Pol\u00edtica Nacional de Res\u00edduos S\u00f3lidos","isPartOf":{"@id":"https:\/\/cj.estrategia.com\/portal\/#website"},"primaryImageOfPage":{"@id":"https:\/\/cj.estrategia.com\/portal\/politica-nacional-residuos-solidos\/#primaryimage"},"image":{"@id":"https:\/\/cj.estrategia.com\/portal\/politica-nacional-residuos-solidos\/#primaryimage"},"thumbnailUrl":"https:\/\/cdn-blog-cj.estrategia.com\/portal\/wp-content\/uploads\/2023\/09\/27071722\/Politica-Nacional-de-Residuos-Solidos.png","datePublished":"2023-10-18T10:50:00+00:00","description":"Confira neste artigo um resumo sobre Pol\u00edtica Nacional de Res\u00edduos S\u00f3lidos, com foco em concursos jur\u00eddicos e chegue preparado na prova.","breadcrumb":{"@id":"https:\/\/cj.estrategia.com\/portal\/politica-nacional-residuos-solidos\/#breadcrumb"},"inLanguage":"pt-BR","potentialAction":[{"@type":"ReadAction","target":["https:\/\/cj.estrategia.com\/portal\/politica-nacional-residuos-solidos\/"]}]},{"@type":"ImageObject","inLanguage":"pt-BR","@id":"https:\/\/cj.estrategia.com\/portal\/politica-nacional-residuos-solidos\/#primaryimage","url":"https:\/\/cdn-blog-cj.estrategia.com\/portal\/wp-content\/uploads\/2023\/09\/27071722\/Politica-Nacional-de-Residuos-Solidos.png","contentUrl":"https:\/\/cdn-blog-cj.estrategia.com\/portal\/wp-content\/uploads\/2023\/09\/27071722\/Politica-Nacional-de-Residuos-Solidos.png","width":740,"height":451},{"@type":"BreadcrumbList","@id":"https:\/\/cj.estrategia.com\/portal\/politica-nacional-residuos-solidos\/#breadcrumb","itemListElement":[{"@type":"ListItem","position":1,"name":"In\u00edcio","item":"https:\/\/cj.estrategia.com\/portal\/"},{"@type":"ListItem","position":2,"name":"Pol\u00edtica Nacional de Res\u00edduos S\u00f3lidos"}]},{"@type":"WebSite","@id":"https:\/\/cj.estrategia.com\/portal\/#website","url":"https:\/\/cj.estrategia.com\/portal\/","name":"Blog - Carreiras Jur\u00eddicas - Estrat\u00e9gia","description":"","publisher":{"@id":"https:\/\/cj.estrategia.com\/portal\/#organization"},"potentialAction":[{"@type":"SearchAction","target":{"@type":"EntryPoint","urlTemplate":"https:\/\/cj.estrategia.com\/portal\/?s={search_term_string}"},"query-input":{"@type":"PropertyValueSpecification","valueRequired":true,"valueName":"search_term_string"}}],"inLanguage":"pt-BR"},{"@type":"Organization","@id":"https:\/\/cj.estrategia.com\/portal\/#organization","name":"Estrat\u00e9gia - Carreiras Jur\u00eddicas","url":"https:\/\/cj.estrategia.com\/portal\/","logo":{"@type":"ImageObject","inLanguage":"pt-BR","@id":"https:\/\/cj.estrategia.com\/portal\/#\/schema\/logo\/image\/","url":"https:\/\/cj.estrategia.com\/portal\/wp-content\/uploads\/2022\/03\/11151052\/cj-logo.png","contentUrl":"https:\/\/cj.estrategia.com\/portal\/wp-content\/uploads\/2022\/03\/11151052\/cj-logo.png","width":150,"height":39,"caption":"Estrat\u00e9gia - Carreiras Jur\u00eddicas"},"image":{"@id":"https:\/\/cj.estrategia.com\/portal\/#\/schema\/logo\/image\/"},"sameAs":["https:\/\/www.facebook.com\/estrategiacarreirajuridica\/","https:\/\/x.com\/EstratJuridica","https:\/\/www.instagram.com\/estrategiacarreirajuridica\/","https:\/\/www.youtube.com\/channel\/UClbMGuYbj2Mh1m3w144ETWQ"]},{"@type":"Person","@id":"https:\/\/cj.estrategia.com\/portal\/#\/schema\/person\/f52a354da476804d0d46daae7af1b848","name":"Marcela Neves Suonski Daronch","image":{"@type":"ImageObject","inLanguage":"pt-BR","@id":"https:\/\/cdn-blog-cj.estrategia.com\/portal\/wp-content\/uploads\/2023\/06\/14185716\/Marcela-2-96x96.jpg","url":"https:\/\/cdn-blog-cj.estrategia.com\/portal\/wp-content\/uploads\/2023\/06\/14185716\/Marcela-2-96x96.jpg","contentUrl":"https:\/\/cdn-blog-cj.estrategia.com\/portal\/wp-content\/uploads\/2023\/06\/14185716\/Marcela-2-96x96.jpg","caption":"Marcela Neves Suonski Daronch"},"description":"Graduada em Direito. P\u00f3s-graduada em Investiga\u00e7\u00e3o Criminal e Legisla\u00e7\u00e3o Penal. P\u00f3s-graduada em Criminal\u00edstica, Cybercrimes e o Papel da Pol\u00edcia Judici\u00e1ria. P\u00f3s-graduanda em Direito P\u00fablico. P\u00f3s-Graduanda em Intelig\u00eancia Emocional e Psicologia Positiva. Aprovada no XXIX Exame da Ordem dos Advogados do Brasil (OAB). Aprovada e convocada para o Curso de Forma\u00e7\u00e3o Profissional do DEAP SC em 20\u00ba lugar (2019). Aprovada para o cargo de Escriv\u00e3o da PC MG (2021). Aprovada na fase objetiva do concurso de Delegado da PC SP (2023). Integra a equipe de Coaches do Estrat\u00e9gia Concursos desde 2020. Escritora de artigos para o blog do Estrat\u00e9gia concursos e Professora dos Bizus Estrat\u00e9gicos.","sameAs":["https:\/\/www.facebook.com\/amarcelaneves","https:\/\/www.instagram.com\/amarcelaneves","https:\/\/www.youtube.com\/@amarcelaneves"],"birthDate":"1996-08-05","gender":"feminino","knowsLanguage":["Ingl\u00eas"],"url":"https:\/\/cj.estrategia.com\/portal\/author\/marcela-nevessuonski\/"}]}},"jetpack_sharing_enabled":true,"jetpack_featured_media_url":"https:\/\/cdn-blog-cj.estrategia.com\/portal\/wp-content\/uploads\/2023\/09\/27071722\/Politica-Nacional-de-Residuos-Solidos.png","_links":{"self":[{"href":"https:\/\/cj.estrategia.com\/portal\/wp-json\/wp\/v2\/posts\/46571","targetHints":{"allow":["GET"]}}],"collection":[{"href":"https:\/\/cj.estrategia.com\/portal\/wp-json\/wp\/v2\/posts"}],"about":[{"href":"https:\/\/cj.estrategia.com\/portal\/wp-json\/wp\/v2\/types\/post"}],"author":[{"embeddable":true,"href":"https:\/\/cj.estrategia.com\/portal\/wp-json\/wp\/v2\/users\/44"}],"replies":[{"embeddable":true,"href":"https:\/\/cj.estrategia.com\/portal\/wp-json\/wp\/v2\/comments?post=46571"}],"version-history":[{"count":0,"href":"https:\/\/cj.estrategia.com\/portal\/wp-json\/wp\/v2\/posts\/46571\/revisions"}],"wp:featuredmedia":[{"embeddable":true,"href":"https:\/\/cj.estrategia.com\/portal\/wp-json\/wp\/v2\/media\/46576"}],"wp:attachment":[{"href":"https:\/\/cj.estrategia.com\/portal\/wp-json\/wp\/v2\/media?parent=46571"}],"wp:term":[{"taxonomy":"category","embeddable":true,"href":"https:\/\/cj.estrategia.com\/portal\/wp-json\/wp\/v2\/categories?post=46571"},{"taxonomy":"post_tag","embeddable":true,"href":"https:\/\/cj.estrategia.com\/portal\/wp-json\/wp\/v2\/tags?post=46571"},{"taxonomy":"tax_estado","embeddable":true,"href":"https:\/\/cj.estrategia.com\/portal\/wp-json\/wp\/v2\/tax_estado?post=46571"}],"curies":[{"name":"wp","href":"https:\/\/api.w.org\/{rel}","templated":true}]}}