{"id":45722,"date":"2025-01-01T16:03:00","date_gmt":"2025-01-01T19:03:00","guid":{"rendered":"https:\/\/cj.estrategia.com\/portal\/?p=45722"},"modified":"2025-12-17T21:54:16","modified_gmt":"2025-12-18T00:54:16","slug":"concurso-advogado-mogi-das-cruzes-sp","status":"publish","type":"post","link":"https:\/\/cj.estrategia.com\/portal\/concurso-advogado-mogi-das-cruzes-sp\/","title":{"rendered":"Concurso Advogado Mogi das Cruzes SP: resultado final homologado"},"content":{"rendered":"\n<p>O resultado final do concurso <strong>Advogado Mogi das Cruzes SP<\/strong> foi homologado. Confira abaixo: <\/p>\n\n\n\n<p><a href=\"https:\/\/documento.vunesp.com.br\/documento\/stream\/NTkxMjkwNg%3d%3d\" target=\"_blank\" >Resultado final<\/a> \/<a href=\"https:\/\/documento.vunesp.com.br\/documento\/stream\/NTkyMTA4NQ%3d%3d\" target=\"_blank\" > Homologa\u00e7\u00e3o<\/a><\/p>\n\n\n\n<p>Para participar desta sele\u00e7\u00e3o, os candidatos devem ter Ensino Superior Completo em Direito e Registro na Ordem dos Advogados do Brasil \u2013 OAB.<\/p>\n\n\n\n<ul class=\"wp-block-list has-very-light-gray-to-cyan-bluish-gray-gradient-background has-background\">\n<li><strong>Concurso Advogado Mogi das Cruzes SP<\/strong><\/li>\n\n\n\n<li><strong>Status:<\/strong>&nbsp;resultado final homologado<\/li>\n\n\n\n<li><strong>Banca:<\/strong>&nbsp;<a href=\"https:\/\/www.vunesp.com.br\/PMMC2305\">Funda\u00e7\u00e3o Vunesp<\/a><\/li>\n\n\n\n<li><strong>Vagas:&nbsp;<\/strong>CR<\/li>\n\n\n\n<li><strong>Sal\u00e1rio inicial:<\/strong>&nbsp;R$ 9.619,78<\/li>\n\n\n\n<li><strong><a href=\"https:\/\/cj.estrategia.com\/portal\/wp-content\/uploads\/2023\/12\/07182355\/Edital-republicado-PGM-Marilia-SP-1.pdf\">Edital Advogado Mogi das Cruzes SP<\/a><\/strong><\/li>\n<\/ul>\n\n\n\n<ul class=\"wp-block-list\">\n<li><a href=\"#atual\">Situa\u00e7\u00e3o atual<\/a><\/li>\n\n\n\n<li><a href=\"#carreira\">Carreira<\/a>\n<ul class=\"wp-block-list\">\n<li><a href=\"#cargos\">Cargos e Vagas<\/a><\/li>\n\n\n\n<li><a href=\"#remunera\u00e7\u00e3o\">Remunera\u00e7\u00e3o<\/a><\/li>\n\n\n\n<li><a href=\"#requisitos\">Requisitos<\/a><\/li>\n<\/ul>\n<\/li>\n\n\n\n<li><a href=\"#curso\">Cursos e Assinaturas<\/a><\/li>\n\n\n\n<li><a href=\"#ficha\">Ficha T\u00e9cnica<\/a><\/li>\n<\/ul>\n\n\n\n<h2 class=\"wp-block-heading\" id=\"atual\"><span id=\"concurso-advogado-mogi-das-cruzes-sp-situacao-atual\">Concurso Advogado Mogi das Cruzes SP: situa\u00e7\u00e3o atual<\/span><\/h2>\n\n\n\n<h3 class=\"wp-block-heading\" id=\"h-principais-datas\"><span id=\"principais-datas\">Principais datas<\/span><\/h3>\n\n\n\n<p class=\"has-pale-ocean-gradient-background has-background\"><strong>Inscri\u00e7\u00f5es: <\/strong><s>11\/12\/2023 a 18\/01\/2024<\/s><br><strong>Isen\u00e7\u00e3o:<\/strong><s>  11 e 12 de dezembro de 2023<\/s><br><strong>\u00daltimo dia para pagar a taxa de inscri\u00e7\u00e3o:<br>Provas: <\/strong><s>03\/03\/2024<\/s><\/p>\n\n\n\n<h3 class=\"wp-block-heading\" id=\"h-comissao-organizadora\"><span id=\"comissao-organizadora\">Comiss\u00e3o Organizadora<\/span><\/h3>\n\n\n\n<p><a href=\"http:\/\/ged.pmmc.com.br\/weblink7\/ElectronicFile.aspx?docid=685898\">Portaria n\u00ba 3.545<\/a><br><a href=\"http:\/\/ged.pmmc.com.br\/weblink7\/ElectronicFile.aspx?docid=686629\" target=\"_blank\" >Portaria n\u00ba 3.881<\/a><\/p>\n\n\n\n<h2 class=\"wp-block-heading\" id=\"carreira\"><span id=\"concurso-advogado-mogi-das-cruzes-sp-carreira\">Concurso Advogado Mogi das Cruzes SP: carreira<\/span><\/h2>\n\n\n\n<h3 class=\"wp-block-heading\" id=\"cargos\"><span id=\"cargos-e-vagas\">Cargos e Vagas<\/span><\/h3>\n\n\n\n<ul class=\"wp-block-list\">\n<li>Advogado &#8211; CR<\/li>\n<\/ul>\n\n\n\n<h3 class=\"wp-block-heading\" id=\"remuneracao\">Remunera\u00e7\u00e3o<\/h3>\n\n\n\n<ul class=\"wp-block-list\">\n<li>Advogado &#8211; R$ 9.619,78<\/li>\n<\/ul>\n\n\n\n<h3 class=\"wp-block-heading\" id=\"requisitos\">Requisitos<\/h3>\n\n\n\n<p>Ensino Superior Completo em Direito e Registro na Ordem dos Advogadosdo Brasil \u2013 OAB<\/p>\n\n\n\n<h3 class=\"wp-block-heading\" id=\"h-atribuicoes\"><span id=\"atribuicoes\">Atribui\u00e7\u00f5es <\/span><\/h3>\n\n\n\n<ul class=\"wp-block-list\">\n<li>Executar procedimentos profissionais para escuta qualificada individual ou em grupo, identificando as necessidades e ofertando orienta\u00e7\u00f5es a indiv\u00edduos e fam\u00edlias, fundamentados em pressupostos te\u00f3ricometodol\u00f3gico, \u00e9tico-pol\u00edticos e legais. <\/li>\n<\/ul>\n\n\n\n<ul class=\"wp-block-list\">\n<li>Articular servi\u00e7os e recursos para atendimento, encaminhamento e acompanhamento das fam\u00edlias e indiv\u00edduos. <\/li>\n<\/ul>\n\n\n\n<ul class=\"wp-block-list\">\n<li>Trabalhar em equipe, produzir relat\u00f3rios e documentos necess\u00e1rios ao servi\u00e7o e demais instrumentos t\u00e9cnico-operativos. <\/li>\n\n\n\n<li>Prestar atendimento de qualidade aos usu\u00e1rios, realizando acompanhamento individualizado de caso e provendo encaminhamento, quando necess\u00e1rio, para os demais servi\u00e7os da rede de prote\u00e7\u00e3o social e do sistema de garantia de direitos. <\/li>\n\n\n\n<li>O atendimento prestado dever\u00e1 possibilitar a supera\u00e7\u00e3o das situa\u00e7\u00f5es de viola\u00e7\u00e3o de direitos inicialmente detectados, o fortalecimento dos v\u00ednculos familiares e comunit\u00e1rios e a inser\u00e7\u00e3o aut\u00f4noma das fam\u00edlias na sociedade. <\/li>\n\n\n\n<li>Executar outras tarefas correlatas ao cargo, relacionadas \u00e0 Secretaria para a qual tiver sido designado<\/li>\n<\/ul>\n\n\n\n<h2 class=\"wp-block-heading\" id=\"h-etapas-do-concurso-advogado-mogi-das-cruzes-sp\"><span id=\"etapas-do-concurso-advogado-mogi-das-cruzes-sp\">Etapas do Concurso Advogado Mogi das Cruzes SP<\/span><\/h2>\n\n\n\n<h3 class=\"wp-block-heading\" id=\"h-prova-objetiva-manha\"><span id=\"prova-objetiva-manha\">Prova Objetiva (manh\u00e3)<\/span><\/h3>\n\n\n\n<p>A prova Objetiva aconteceu em <strong>2024.<\/strong> Esta fase foi de car\u00e1ter eliminat\u00f3rio e classificat\u00f3rio e visou avaliar o grau de conhecimento te\u00f3rico do candidato, necess\u00e1rio ao desempenho do cargo.<\/p>\n\n\n\n<p>A prova objetiva foi composta de quest\u00f5es de m\u00faltipla escolha, com 5 (cinco) alternativas cada uma, sendo apenas uma alternativa correta. A prova objetiva teve dura\u00e7\u00e3o de 4 (quatro).<\/p>\n\n\n\n<h3 class=\"wp-block-heading\" id=\"h-prova-pratica-tarde\"><span id=\"prova-pratica-tarde\">Prova Pr\u00e1tica (tarde)<\/span><\/h3>\n\n\n\n<p>A prova pr\u00e1tica foi aplicada no mesmo dia e local da prova objetiva, no per\u00edodo vespertino, devendo o candidato observar, total e atentamente o o edital do certame.<\/p>\n\n\n\n<p>Para a realiza\u00e7\u00e3o da prova pr\u00e1tica, o candidato n\u00e3o poderia fazer consulta de nenhuma esp\u00e9cie.<\/p>\n\n\n\n<h2 class=\"wp-block-heading has-text-align-center\" id=\"cursos\"><span id=\"quer-saber-tudo-sobre-concursos-previstosconfira-nossos-artigos\">Quer saber tudo sobre concursos previstos?<br><strong>Confira nossos artigos!<\/strong><\/span><\/h2>\n\n\n\n<ul class=\"wp-block-list\">\n<li><a href=\"https:\/\/cj.estrategia.com\/portal\/concursos-abertos-carreiras-juridicas\/\" target=\"_blank\" >Concursos Abertos<\/a><\/li>\n\n\n\n<li><a href=\"https:\/\/cj.estrategia.com\/portal\/concursos-2025-carreiras-juridicas\/\" target=\"_blank\" ><a href=\"https:\/\/cj.estrategia.com\/portal\/concursos-juridicos-2026\/\" target=\"_blank\" >Concursos jur\u00eddicos 2026<\/a><\/a><\/li>\n\n\n\n<li><a href=\"https:\/\/cj.estrategia.com\/portal\/concursos-advogados\/\" target=\"_blank\" >Concursos Advogados<\/a><\/li>\n<\/ul>\n\n\n\n<h2 class=\"wp-block-heading has-text-align-center\" id=\"curso\"><span id=\"quer-estudar-para-concursos-de-direito\">Quer estudar para Concursos de Direito?<\/span><\/h2>\n\n\n\n<p>O Estrat\u00e9gia Carreira Jur\u00eddica \u00e9 campe\u00e3o de aprova\u00e7\u00f5es nos concursos para Carreiras Jur\u00eddicas com um corpo docente qualificado e materiais completos. Conhe\u00e7a nossos cursos e garanta sua aprova\u00e7\u00e3o:<\/p>\n\n\n\n<div class=\"wp-block-cover\" style=\"min-height:155px;aspect-ratio:unset;\"><img decoding=\"async\" width=\"1890\" height=\"351\" class=\"wp-block-cover__image-background wp-image-8669\" alt=\"Assinaturas Jur\u00eddicas\" src=\"https:\/\/cj.estrategia.com\/portal\/wp-content\/uploads\/2022\/06\/20151253\/concurso-carreiras-juridicas-assinatura-juridica.jpg\" style=\"object-position:78% 43%\" data-object-fit=\"cover\" data-object-position=\"78% 43%\" srcset=\"https:\/\/cj.estrategia.com\/portal\/wp-content\/uploads\/2022\/06\/20151253\/concurso-carreiras-juridicas-assinatura-juridica.jpg 1890w, https:\/\/cj.estrategia.com\/portal\/wp-content\/uploads\/2022\/06\/20151253\/concurso-carreiras-juridicas-assinatura-juridica-300x56.jpg 300w, https:\/\/cj.estrategia.com\/portal\/wp-content\/uploads\/2022\/06\/20151253\/concurso-carreiras-juridicas-assinatura-juridica-1024x190.jpg 1024w, https:\/\/cj.estrategia.com\/portal\/wp-content\/uploads\/2022\/06\/20151253\/concurso-carreiras-juridicas-assinatura-juridica-768x143.jpg 768w, https:\/\/cj.estrategia.com\/portal\/wp-content\/uploads\/2022\/06\/20151253\/concurso-carreiras-juridicas-assinatura-juridica-1536x285.jpg 1536w, https:\/\/cj.estrategia.com\/portal\/wp-content\/uploads\/2022\/06\/20151253\/concurso-carreiras-juridicas-assinatura-juridica-380x71.jpg 380w, https:\/\/cj.estrategia.com\/portal\/wp-content\/uploads\/2022\/06\/20151253\/concurso-carreiras-juridicas-assinatura-juridica-800x149.jpg 800w, https:\/\/cj.estrategia.com\/portal\/wp-content\/uploads\/2022\/06\/20151253\/concurso-carreiras-juridicas-assinatura-juridica-1160x215.jpg 1160w\" sizes=\"(max-width: 1890px) 100vw, 1890px\" \/><span aria-hidden=\"true\" class=\"wp-block-cover__background has-background-dim\"><\/span><div class=\"wp-block-cover__inner-container is-layout-flow wp-block-cover-is-layout-flow\">\n<h3 id=\"faca-a-sua-assinatura\" class=\"titulo-assinatura\"><span style=\"color: #ffffff;\">Fa\u00e7a a sua assinatura!<\/span><\/h3>\n<p class=\"subtitulo-assinatura\" style=\"display:block!important; line-height: 0;\"><span style=\"color: #ffffff;\">Escolha a sua \u00e1rea.<\/span><\/p>\n<a target=\"_blank\" href=\"https:\/\/www.estrategiaconcursos.com.br\/assinaturas-ecj\/\" rel=\"noopener\"><button style=\"border-radius: 10px; text-transform: capitalize;\">Acessar<\/button><\/a>\n<\/div><\/div>\n\n\n\n<figure class=\"wp-block-image is-resized\"><img decoding=\"async\" src=\"https:\/\/dhg1h5j42swfq.cloudfront.net\/2021\/08\/03075659\/ficha-tecnica-1-1024x632.png\" alt=\"ficha t\u00e9cnica do concurso PGM Natal\" class=\"wp-image-827472\" style=\"width:219px;height:134px\"\/><\/figure>\n\n\n\n<h4 class=\"wp-block-heading\" id=\"ficha\"><span id=\"informacoes-do-concurso-advogado-mogi-das-cruzes-sp\">Informa\u00e7\u00f5es do <strong>Concurso Advogado Mogi das Cruzes SP<\/strong><\/span><\/h4>\n\n\n\n<p>\u25ba<strong>Data prevista<\/strong>:&nbsp;<s>03\/03\/2024<\/s><br>\u25ba<strong>Vagas<\/strong>: CR<br>\u25ba<strong>Cargos<\/strong>: Advogado<br>\u25ba<strong>Banca<\/strong>: Funda\u00e7\u00e3o Vunesp<br>\u25ba<strong>Escolaridade<\/strong>: Bacharelado em Direito&nbsp;+ OAB<br><strong><a href=\"https:\/\/cj.estrategia.com\/portal\/wp-content\/uploads\/2023\/12\/07182355\/Edital-republicado-PGM-Marilia-SP-1.pdf\">Edital Advogado Mogi das Cruzes SP<\/a><\/strong><\/p>\n","protected":false},"excerpt":{"rendered":"O resultado final do concurso Advogado Mogi das Cruzes SP foi homologado. Confira abaixo: Resultado final \/ Homologa\u00e7\u00e3o&hellip;\n","protected":false},"author":12,"featured_media":20774,"comment_status":"open","ping_status":"open","sticky":false,"template":"","format":"standard","meta":{"_jetpack_memberships_contains_paid_content":false,"footnotes":""},"categories":[24],"tags":[],"tax_estado":[56],"class_list":{"0":"post-45722","1":"post","2":"type-post","3":"status-publish","4":"format-standard","5":"has-post-thumbnail","7":"category-procuradoria","8":"tax_estado-sp"},"acf":[],"yoast_head":"<!-- This site is optimized with the Yoast SEO Premium plugin v27.4 (Yoast SEO v27.4) - https:\/\/yoast.com\/product\/yoast-seo-premium-wordpress\/ -->\n<title>Concurso Advogado Mogi das Cruzes SP: resultado final homologado<\/title>\n<meta name=\"description\" content=\"Concurso Advogado Mogi das Cruzes SP: RESULTADO FINAL HOMOLOGADO!\" \/>\n<meta name=\"robots\" content=\"index, follow, max-snippet:-1, max-image-preview:large, max-video-preview:-1\" \/>\n<link rel=\"canonical\" href=\"https:\/\/cj.estrategia.com\/portal\/concurso-advogado-mogi-das-cruzes-sp\/\" \/>\n<meta property=\"og:locale\" content=\"pt_BR\" \/>\n<meta property=\"og:type\" content=\"article\" \/>\n<meta property=\"og:title\" content=\"Concurso Advogado Mogi das Cruzes SP: resultado final homologado\" \/>\n<meta property=\"og:description\" content=\"Concurso Advogado Mogi das Cruzes SP: RESULTADO FINAL HOMOLOGADO!\" \/>\n<meta property=\"og:url\" content=\"https:\/\/cj.estrategia.com\/portal\/concurso-advogado-mogi-das-cruzes-sp\/\" \/>\n<meta property=\"og:site_name\" content=\"Blog - Carreiras Jur\u00eddicas - Estrat\u00e9gia\" \/>\n<meta property=\"article:publisher\" content=\"https:\/\/www.facebook.com\/estrategiacarreirajuridica\/\" \/>\n<meta property=\"article:published_time\" content=\"2025-01-01T19:03:00+00:00\" \/>\n<meta property=\"article:modified_time\" content=\"2025-12-18T00:54:16+00:00\" \/>\n<meta property=\"og:image\" content=\"https:\/\/cj.estrategia.com\/portal\/wp-content\/uploads\/2022\/09\/04102134\/Concursos-de-Direito.jpg\" \/>\n\t<meta property=\"og:image:width\" content=\"768\" \/>\n\t<meta property=\"og:image:height\" content=\"432\" \/>\n\t<meta property=\"og:image:type\" content=\"image\/jpeg\" \/>\n<meta name=\"author\" content=\"Coordena\u00e7\u00e3o\" \/>\n<meta name=\"twitter:card\" content=\"summary_large_image\" \/>\n<meta name=\"twitter:creator\" content=\"@EstratJuridica\" \/>\n<meta name=\"twitter:site\" content=\"@EstratJuridica\" \/>\n<meta name=\"twitter:label1\" content=\"Escrito por\" \/>\n\t<meta name=\"twitter:data1\" content=\"Coordena\u00e7\u00e3o\" \/>\n\t<meta name=\"twitter:label2\" content=\"Est. tempo de leitura\" \/>\n\t<meta name=\"twitter:data2\" content=\"4 minutos\" \/>\n<script type=\"application\/ld+json\" class=\"yoast-schema-graph\">{\"@context\":\"https:\\\/\\\/schema.org\",\"@graph\":[{\"@type\":\"NewsArticle\",\"@id\":\"https:\\\/\\\/cj.estrategia.com\\\/portal\\\/concurso-advogado-mogi-das-cruzes-sp\\\/#article\",\"isPartOf\":{\"@id\":\"https:\\\/\\\/cj.estrategia.com\\\/portal\\\/concurso-advogado-mogi-das-cruzes-sp\\\/\"},\"author\":{\"name\":\"Coordena\u00e7\u00e3o\",\"@id\":\"https:\\\/\\\/cj.estrategia.com\\\/portal\\\/#\\\/schema\\\/person\\\/4d70317d31449932b99102916b6637f5\"},\"headline\":\"Concurso Advogado Mogi das Cruzes SP: resultado final homologado\",\"datePublished\":\"2025-01-01T19:03:00+00:00\",\"dateModified\":\"2025-12-18T00:54:16+00:00\",\"mainEntityOfPage\":{\"@id\":\"https:\\\/\\\/cj.estrategia.com\\\/portal\\\/concurso-advogado-mogi-das-cruzes-sp\\\/\"},\"wordCount\":537,\"commentCount\":0,\"publisher\":{\"@id\":\"https:\\\/\\\/cj.estrategia.com\\\/portal\\\/#organization\"},\"image\":{\"@id\":\"https:\\\/\\\/cj.estrategia.com\\\/portal\\\/concurso-advogado-mogi-das-cruzes-sp\\\/#primaryimage\"},\"thumbnailUrl\":\"https:\\\/\\\/cj.estrategia.com\\\/portal\\\/wp-content\\\/uploads\\\/2022\\\/09\\\/04102134\\\/Concursos-de-Direito.jpg\",\"articleSection\":[\"Procuradoria\"],\"inLanguage\":\"pt-BR\",\"potentialAction\":[{\"@type\":\"CommentAction\",\"name\":\"Comment\",\"target\":[\"https:\\\/\\\/cj.estrategia.com\\\/portal\\\/concurso-advogado-mogi-das-cruzes-sp\\\/#respond\"]}]},{\"@type\":\"WebPage\",\"@id\":\"https:\\\/\\\/cj.estrategia.com\\\/portal\\\/concurso-advogado-mogi-das-cruzes-sp\\\/\",\"url\":\"https:\\\/\\\/cj.estrategia.com\\\/portal\\\/concurso-advogado-mogi-das-cruzes-sp\\\/\",\"name\":\"Concurso Advogado Mogi das Cruzes SP: resultado final homologado\",\"isPartOf\":{\"@id\":\"https:\\\/\\\/cj.estrategia.com\\\/portal\\\/#website\"},\"primaryImageOfPage\":{\"@id\":\"https:\\\/\\\/cj.estrategia.com\\\/portal\\\/concurso-advogado-mogi-das-cruzes-sp\\\/#primaryimage\"},\"image\":{\"@id\":\"https:\\\/\\\/cj.estrategia.com\\\/portal\\\/concurso-advogado-mogi-das-cruzes-sp\\\/#primaryimage\"},\"thumbnailUrl\":\"https:\\\/\\\/cj.estrategia.com\\\/portal\\\/wp-content\\\/uploads\\\/2022\\\/09\\\/04102134\\\/Concursos-de-Direito.jpg\",\"datePublished\":\"2025-01-01T19:03:00+00:00\",\"dateModified\":\"2025-12-18T00:54:16+00:00\",\"description\":\"Concurso Advogado Mogi das Cruzes SP: RESULTADO FINAL HOMOLOGADO!\",\"breadcrumb\":{\"@id\":\"https:\\\/\\\/cj.estrategia.com\\\/portal\\\/concurso-advogado-mogi-das-cruzes-sp\\\/#breadcrumb\"},\"inLanguage\":\"pt-BR\",\"potentialAction\":[{\"@type\":\"ReadAction\",\"target\":[\"https:\\\/\\\/cj.estrategia.com\\\/portal\\\/concurso-advogado-mogi-das-cruzes-sp\\\/\"]}]},{\"@type\":\"ImageObject\",\"inLanguage\":\"pt-BR\",\"@id\":\"https:\\\/\\\/cj.estrategia.com\\\/portal\\\/concurso-advogado-mogi-das-cruzes-sp\\\/#primaryimage\",\"url\":\"https:\\\/\\\/cj.estrategia.com\\\/portal\\\/wp-content\\\/uploads\\\/2022\\\/09\\\/04102134\\\/Concursos-de-Direito.jpg\",\"contentUrl\":\"https:\\\/\\\/cj.estrategia.com\\\/portal\\\/wp-content\\\/uploads\\\/2022\\\/09\\\/04102134\\\/Concursos-de-Direito.jpg\",\"width\":768,\"height\":432,\"caption\":\"Concursos de direito\"},{\"@type\":\"BreadcrumbList\",\"@id\":\"https:\\\/\\\/cj.estrategia.com\\\/portal\\\/concurso-advogado-mogi-das-cruzes-sp\\\/#breadcrumb\",\"itemListElement\":[{\"@type\":\"ListItem\",\"position\":1,\"name\":\"In\u00edcio\",\"item\":\"https:\\\/\\\/cj.estrategia.com\\\/portal\\\/\"},{\"@type\":\"ListItem\",\"position\":2,\"name\":\"Concurso Advogado Mogi das Cruzes SP: resultado final homologado\"}]},{\"@type\":\"WebSite\",\"@id\":\"https:\\\/\\\/cj.estrategia.com\\\/portal\\\/#website\",\"url\":\"https:\\\/\\\/cj.estrategia.com\\\/portal\\\/\",\"name\":\"Blog - Carreiras Jur\u00eddicas - Estrat\u00e9gia\",\"description\":\"\",\"publisher\":{\"@id\":\"https:\\\/\\\/cj.estrategia.com\\\/portal\\\/#organization\"},\"potentialAction\":[{\"@type\":\"SearchAction\",\"target\":{\"@type\":\"EntryPoint\",\"urlTemplate\":\"https:\\\/\\\/cj.estrategia.com\\\/portal\\\/?s={search_term_string}\"},\"query-input\":{\"@type\":\"PropertyValueSpecification\",\"valueRequired\":true,\"valueName\":\"search_term_string\"}}],\"inLanguage\":\"pt-BR\"},{\"@type\":\"Organization\",\"@id\":\"https:\\\/\\\/cj.estrategia.com\\\/portal\\\/#organization\",\"name\":\"Estrat\u00e9gia - Carreiras Jur\u00eddicas\",\"url\":\"https:\\\/\\\/cj.estrategia.com\\\/portal\\\/\",\"logo\":{\"@type\":\"ImageObject\",\"inLanguage\":\"pt-BR\",\"@id\":\"https:\\\/\\\/cj.estrategia.com\\\/portal\\\/#\\\/schema\\\/logo\\\/image\\\/\",\"url\":\"https:\\\/\\\/cj.estrategia.com\\\/portal\\\/wp-content\\\/uploads\\\/2022\\\/03\\\/11151052\\\/cj-logo.png\",\"contentUrl\":\"https:\\\/\\\/cj.estrategia.com\\\/portal\\\/wp-content\\\/uploads\\\/2022\\\/03\\\/11151052\\\/cj-logo.png\",\"width\":150,\"height\":39,\"caption\":\"Estrat\u00e9gia - Carreiras Jur\u00eddicas\"},\"image\":{\"@id\":\"https:\\\/\\\/cj.estrategia.com\\\/portal\\\/#\\\/schema\\\/logo\\\/image\\\/\"},\"sameAs\":[\"https:\\\/\\\/www.facebook.com\\\/estrategiacarreirajuridica\\\/\",\"https:\\\/\\\/x.com\\\/EstratJuridica\",\"https:\\\/\\\/www.instagram.com\\\/estrategiacarreirajuridica\\\/\",\"https:\\\/\\\/www.youtube.com\\\/channel\\\/UClbMGuYbj2Mh1m3w144ETWQ\"]},{\"@type\":\"Person\",\"@id\":\"https:\\\/\\\/cj.estrategia.com\\\/portal\\\/#\\\/schema\\\/person\\\/4d70317d31449932b99102916b6637f5\",\"name\":\"Coordena\u00e7\u00e3o\",\"image\":{\"@type\":\"ImageObject\",\"inLanguage\":\"pt-BR\",\"@id\":\"https:\\\/\\\/cj.estrategia.com\\\/portal\\\/wp-content\\\/uploads\\\/2022\\\/05\\\/12164923\\\/estrategia-carreira-juridica-coordenacao-96x96.png\",\"url\":\"https:\\\/\\\/cj.estrategia.com\\\/portal\\\/wp-content\\\/uploads\\\/2022\\\/05\\\/12164923\\\/estrategia-carreira-juridica-coordenacao-96x96.png\",\"contentUrl\":\"https:\\\/\\\/cj.estrategia.com\\\/portal\\\/wp-content\\\/uploads\\\/2022\\\/05\\\/12164923\\\/estrategia-carreira-juridica-coordenacao-96x96.png\",\"caption\":\"Coordena\u00e7\u00e3o\"},\"url\":\"https:\\\/\\\/cj.estrategia.com\\\/portal\\\/author\\\/coordenacao\\\/\"}]}<\/script>\n<!-- \/ Yoast SEO Premium plugin. -->","yoast_head_json":{"title":"Concurso Advogado Mogi das Cruzes SP: resultado final homologado","description":"Concurso Advogado Mogi das Cruzes SP: RESULTADO FINAL HOMOLOGADO!","robots":{"index":"index","follow":"follow","max-snippet":"max-snippet:-1","max-image-preview":"max-image-preview:large","max-video-preview":"max-video-preview:-1"},"canonical":"https:\/\/cj.estrategia.com\/portal\/concurso-advogado-mogi-das-cruzes-sp\/","og_locale":"pt_BR","og_type":"article","og_title":"Concurso Advogado Mogi das Cruzes SP: resultado final homologado","og_description":"Concurso Advogado Mogi das Cruzes SP: RESULTADO FINAL HOMOLOGADO!","og_url":"https:\/\/cj.estrategia.com\/portal\/concurso-advogado-mogi-das-cruzes-sp\/","og_site_name":"Blog - Carreiras Jur\u00eddicas - Estrat\u00e9gia","article_publisher":"https:\/\/www.facebook.com\/estrategiacarreirajuridica\/","article_published_time":"2025-01-01T19:03:00+00:00","article_modified_time":"2025-12-18T00:54:16+00:00","og_image":[{"width":768,"height":432,"url":"https:\/\/cj.estrategia.com\/portal\/wp-content\/uploads\/2022\/09\/04102134\/Concursos-de-Direito.jpg","type":"image\/jpeg"}],"author":"Coordena\u00e7\u00e3o","twitter_card":"summary_large_image","twitter_creator":"@EstratJuridica","twitter_site":"@EstratJuridica","twitter_misc":{"Escrito por":"Coordena\u00e7\u00e3o","Est. tempo de leitura":"4 minutos"},"schema":{"@context":"https:\/\/schema.org","@graph":[{"@type":"NewsArticle","@id":"https:\/\/cj.estrategia.com\/portal\/concurso-advogado-mogi-das-cruzes-sp\/#article","isPartOf":{"@id":"https:\/\/cj.estrategia.com\/portal\/concurso-advogado-mogi-das-cruzes-sp\/"},"author":{"name":"Coordena\u00e7\u00e3o","@id":"https:\/\/cj.estrategia.com\/portal\/#\/schema\/person\/4d70317d31449932b99102916b6637f5"},"headline":"Concurso Advogado Mogi das Cruzes SP: resultado final homologado","datePublished":"2025-01-01T19:03:00+00:00","dateModified":"2025-12-18T00:54:16+00:00","mainEntityOfPage":{"@id":"https:\/\/cj.estrategia.com\/portal\/concurso-advogado-mogi-das-cruzes-sp\/"},"wordCount":537,"commentCount":0,"publisher":{"@id":"https:\/\/cj.estrategia.com\/portal\/#organization"},"image":{"@id":"https:\/\/cj.estrategia.com\/portal\/concurso-advogado-mogi-das-cruzes-sp\/#primaryimage"},"thumbnailUrl":"https:\/\/cj.estrategia.com\/portal\/wp-content\/uploads\/2022\/09\/04102134\/Concursos-de-Direito.jpg","articleSection":["Procuradoria"],"inLanguage":"pt-BR","potentialAction":[{"@type":"CommentAction","name":"Comment","target":["https:\/\/cj.estrategia.com\/portal\/concurso-advogado-mogi-das-cruzes-sp\/#respond"]}]},{"@type":"WebPage","@id":"https:\/\/cj.estrategia.com\/portal\/concurso-advogado-mogi-das-cruzes-sp\/","url":"https:\/\/cj.estrategia.com\/portal\/concurso-advogado-mogi-das-cruzes-sp\/","name":"Concurso Advogado Mogi das Cruzes SP: resultado final homologado","isPartOf":{"@id":"https:\/\/cj.estrategia.com\/portal\/#website"},"primaryImageOfPage":{"@id":"https:\/\/cj.estrategia.com\/portal\/concurso-advogado-mogi-das-cruzes-sp\/#primaryimage"},"image":{"@id":"https:\/\/cj.estrategia.com\/portal\/concurso-advogado-mogi-das-cruzes-sp\/#primaryimage"},"thumbnailUrl":"https:\/\/cj.estrategia.com\/portal\/wp-content\/uploads\/2022\/09\/04102134\/Concursos-de-Direito.jpg","datePublished":"2025-01-01T19:03:00+00:00","dateModified":"2025-12-18T00:54:16+00:00","description":"Concurso Advogado Mogi das Cruzes SP: RESULTADO FINAL HOMOLOGADO!","breadcrumb":{"@id":"https:\/\/cj.estrategia.com\/portal\/concurso-advogado-mogi-das-cruzes-sp\/#breadcrumb"},"inLanguage":"pt-BR","potentialAction":[{"@type":"ReadAction","target":["https:\/\/cj.estrategia.com\/portal\/concurso-advogado-mogi-das-cruzes-sp\/"]}]},{"@type":"ImageObject","inLanguage":"pt-BR","@id":"https:\/\/cj.estrategia.com\/portal\/concurso-advogado-mogi-das-cruzes-sp\/#primaryimage","url":"https:\/\/cj.estrategia.com\/portal\/wp-content\/uploads\/2022\/09\/04102134\/Concursos-de-Direito.jpg","contentUrl":"https:\/\/cj.estrategia.com\/portal\/wp-content\/uploads\/2022\/09\/04102134\/Concursos-de-Direito.jpg","width":768,"height":432,"caption":"Concursos de direito"},{"@type":"BreadcrumbList","@id":"https:\/\/cj.estrategia.com\/portal\/concurso-advogado-mogi-das-cruzes-sp\/#breadcrumb","itemListElement":[{"@type":"ListItem","position":1,"name":"In\u00edcio","item":"https:\/\/cj.estrategia.com\/portal\/"},{"@type":"ListItem","position":2,"name":"Concurso Advogado Mogi das Cruzes SP: resultado final homologado"}]},{"@type":"WebSite","@id":"https:\/\/cj.estrategia.com\/portal\/#website","url":"https:\/\/cj.estrategia.com\/portal\/","name":"Blog - Carreiras Jur\u00eddicas - Estrat\u00e9gia","description":"","publisher":{"@id":"https:\/\/cj.estrategia.com\/portal\/#organization"},"potentialAction":[{"@type":"SearchAction","target":{"@type":"EntryPoint","urlTemplate":"https:\/\/cj.estrategia.com\/portal\/?s={search_term_string}"},"query-input":{"@type":"PropertyValueSpecification","valueRequired":true,"valueName":"search_term_string"}}],"inLanguage":"pt-BR"},{"@type":"Organization","@id":"https:\/\/cj.estrategia.com\/portal\/#organization","name":"Estrat\u00e9gia - Carreiras Jur\u00eddicas","url":"https:\/\/cj.estrategia.com\/portal\/","logo":{"@type":"ImageObject","inLanguage":"pt-BR","@id":"https:\/\/cj.estrategia.com\/portal\/#\/schema\/logo\/image\/","url":"https:\/\/cj.estrategia.com\/portal\/wp-content\/uploads\/2022\/03\/11151052\/cj-logo.png","contentUrl":"https:\/\/cj.estrategia.com\/portal\/wp-content\/uploads\/2022\/03\/11151052\/cj-logo.png","width":150,"height":39,"caption":"Estrat\u00e9gia - Carreiras Jur\u00eddicas"},"image":{"@id":"https:\/\/cj.estrategia.com\/portal\/#\/schema\/logo\/image\/"},"sameAs":["https:\/\/www.facebook.com\/estrategiacarreirajuridica\/","https:\/\/x.com\/EstratJuridica","https:\/\/www.instagram.com\/estrategiacarreirajuridica\/","https:\/\/www.youtube.com\/channel\/UClbMGuYbj2Mh1m3w144ETWQ"]},{"@type":"Person","@id":"https:\/\/cj.estrategia.com\/portal\/#\/schema\/person\/4d70317d31449932b99102916b6637f5","name":"Coordena\u00e7\u00e3o","image":{"@type":"ImageObject","inLanguage":"pt-BR","@id":"https:\/\/cj.estrategia.com\/portal\/wp-content\/uploads\/2022\/05\/12164923\/estrategia-carreira-juridica-coordenacao-96x96.png","url":"https:\/\/cj.estrategia.com\/portal\/wp-content\/uploads\/2022\/05\/12164923\/estrategia-carreira-juridica-coordenacao-96x96.png","contentUrl":"https:\/\/cj.estrategia.com\/portal\/wp-content\/uploads\/2022\/05\/12164923\/estrategia-carreira-juridica-coordenacao-96x96.png","caption":"Coordena\u00e7\u00e3o"},"url":"https:\/\/cj.estrategia.com\/portal\/author\/coordenacao\/"}]}},"jetpack_featured_media_url":"https:\/\/cj.estrategia.com\/portal\/wp-content\/uploads\/2022\/09\/04102134\/Concursos-de-Direito.jpg","jetpack_sharing_enabled":true,"_links":{"self":[{"href":"https:\/\/cj.estrategia.com\/portal\/wp-json\/wp\/v2\/posts\/45722","targetHints":{"allow":["GET"]}}],"collection":[{"href":"https:\/\/cj.estrategia.com\/portal\/wp-json\/wp\/v2\/posts"}],"about":[{"href":"https:\/\/cj.estrategia.com\/portal\/wp-json\/wp\/v2\/types\/post"}],"author":[{"embeddable":true,"href":"https:\/\/cj.estrategia.com\/portal\/wp-json\/wp\/v2\/users\/12"}],"replies":[{"embeddable":true,"href":"https:\/\/cj.estrategia.com\/portal\/wp-json\/wp\/v2\/comments?post=45722"}],"version-history":[{"count":44,"href":"https:\/\/cj.estrategia.com\/portal\/wp-json\/wp\/v2\/posts\/45722\/revisions"}],"predecessor-version":[{"id":170252,"href":"https:\/\/cj.estrategia.com\/portal\/wp-json\/wp\/v2\/posts\/45722\/revisions\/170252"}],"wp:featuredmedia":[{"embeddable":true,"href":"https:\/\/cj.estrategia.com\/portal\/wp-json\/wp\/v2\/media\/20774"}],"wp:attachment":[{"href":"https:\/\/cj.estrategia.com\/portal\/wp-json\/wp\/v2\/media?parent=45722"}],"wp:term":[{"taxonomy":"category","embeddable":true,"href":"https:\/\/cj.estrategia.com\/portal\/wp-json\/wp\/v2\/categories?post=45722"},{"taxonomy":"post_tag","embeddable":true,"href":"https:\/\/cj.estrategia.com\/portal\/wp-json\/wp\/v2\/tags?post=45722"},{"taxonomy":"tax_estado","embeddable":true,"href":"https:\/\/cj.estrategia.com\/portal\/wp-json\/wp\/v2\/tax_estado?post=45722"}],"curies":[{"name":"wp","href":"https:\/\/api.w.org\/{rel}","templated":true}]}}