{"id":45624,"date":"2023-09-07T09:13:34","date_gmt":"2023-09-07T12:13:34","guid":{"rendered":"https:\/\/cj.estrategia.com\/portal\/?p=45624"},"modified":"2023-09-07T09:13:36","modified_gmt":"2023-09-07T12:13:36","slug":"prova-comentada-tj-rj-direito-tributario","status":"publish","type":"post","link":"https:\/\/cj.estrategia.com\/portal\/prova-comentada-tj-rj-direito-tributario\/","title":{"rendered":"Prova comentada TJ RJ Direito Tribut\u00e1rio"},"content":{"rendered":"\n<p>Em 03\/09\/2023, foi aplicada a prova objetiva do concurso p\u00fablico para <strong>Juiz Substituto do TJ-RJ<\/strong>. Assim que disponibilizado o caderno de provas e gabarito, nosso time de professores analisou cada uma das quest\u00f5es, que, agora, ser\u00e3o apresentadas em nossa <a href=\"https:\/\/cj.estrategia.com\/portal\/provas-comentadas-concurso-tj-rj-juiz\/\"><strong>PROVA COMENTADA<\/strong>.<\/a><\/p>\n\n\n\n<p>Este material visa a auxili\u00e1-los na aferi\u00e7\u00e3o das notas, elabora\u00e7\u00e3o de eventuais recursos, verifica\u00e7\u00e3o das chances de avan\u00e7o para fase discursiva, bem como na revis\u00e3o do conte\u00fado cobrado no certame.<\/p>\n\n\n\n<p>Desde j\u00e1, destacamos que nosso time de professores identificou 3 quest\u00f5es pass\u00edveis de recurso, por apresentarem duas ou nenhuma alternativa correta, como veremos adiante. No tipo de prova comentado, trata-se das quest\u00f5es 23, 24 e 78.<\/p>\n\n\n\n<p>De modo complementar, elaboramos tamb\u00e9m o <strong><a href=\"https:\/\/cj.estrategia.com\/cadernos-e-simulados\/simulados\/82fdb54f-e9a0-4832-b100-506f0465b1b6\">RANKING de Juiz Substituto do TJ RJ<\/a><\/strong>, em que nossos alunos e seguidores poder\u00e3o inserir suas respostas \u00e0 prova, e, ao final, aferir sua nota, de acordo com o gabarito elaborado por nossos professores. Atrav\u00e9s do ranking, tamb\u00e9m poderemos estimar a nota de corte da 1\u00ba fase. Essa ferramenta \u00e9 gratuita.<\/p>\n\n\n\n<p>Por fim, comentamos a prova, as quest\u00f5es mais pol\u00eamicas, as possibilidades de recurso, bem como a estimativa da nota de corte no nosso canal do Youtube. Inscreva-se e ative as notifica\u00e7\u00f5es!<\/p>\n\n\n\n<p class=\"has-text-align-center\"><a href=\"https:\/\/www.youtube.com\/@EstrategiaCarreiraJuridica\"><strong>Estrat\u00e9gia Carreira Jur\u00eddica \u2013 YouTube<\/strong><\/a><strong><\/strong><\/p>\n\n\n\n<h2 class=\"wp-block-heading has-text-align-center\" id=\"h-prova-comentada-direito-tributario\"><span id=\"prova-comentada-direito-tributario\"><mark style=\"background-color:rgba(0, 0, 0, 0)\" class=\"has-inline-color has-vivid-red-color\">Prova comentada Direito Tribut\u00e1rio<\/mark><\/span><\/h2>\n\n\n\n<p><strong>QUEST\u00c3O 63. Segundo o regramento constitucional referente ao imposto sobre opera\u00e7\u00f5es relativas \u00e0 circula\u00e7\u00e3o de mercadorias e sobre presta\u00e7\u00f5es de servi\u00e7os de transporte interestadual e intermunicipal e de comunica\u00e7\u00e3o \u2013 ICMS, \u00e9 correto afirmar que<\/strong><\/p>\n\n\n\n<p><strong>a) incidir\u00e1 sobre opera\u00e7\u00f5es que destinem mercadorias para o exterior e sobre servi\u00e7os prestados a destinat\u00e1rios no exterior, assegurada manuten\u00e7\u00e3o ou aproveitamento do montante do imposto cobrado nas opera\u00e7\u00f5es e presta\u00e7\u00f5es anteriores.<\/strong><\/p>\n\n\n\n<p><strong>b) compreender\u00e1, em sua base de c\u00e1lculo, o montante do imposto sobre produtos industrializados, quando a opera\u00e7\u00e3o, realizada entre contribuintes e relativa a produto destinado \u00e0 industrializa\u00e7\u00e3o ou \u00e0 comercializa\u00e7\u00e3o, configure fato gerador dos dois impostos.<\/strong><\/p>\n\n\n\n<p><strong>c) as al\u00edquotas aplic\u00e1veis \u00e0s opera\u00e7\u00f5es e presta\u00e7\u00f5es, interestaduais e de exporta\u00e7\u00e3o s\u00e3o estabelecidas por decreto do Presidente da Rep\u00fablica ou por resolu\u00e7\u00e3o de um ter\u00e7o dos Senadores, aprovada por maioria simples de seus membros.<\/strong><\/p>\n\n\n\n<p><strong>d) nas opera\u00e7\u00f5es e presta\u00e7\u00f5es que destinem bens e servi\u00e7os a consumidor final, contribuinte ou n\u00e3o do imposto, localizado em outro Estado, adotar-se-\u00e1 a al\u00edquota interestadual e caber\u00e1 ao Estado de origem o imposto correspondente \u00e0 diferen\u00e7a entre a al\u00edquota interna do Estado de origem e a al\u00edquota interestadual.<\/strong><\/p>\n\n\n\n<p><strong>e) a isen\u00e7\u00e3o ou n\u00e3o incid\u00eancia, salvo determina\u00e7\u00e3o em contr\u00e1rio da legisla\u00e7\u00e3o, acarretar\u00e1 a anula\u00e7\u00e3o do cr\u00e9dito relativo \u00e0s opera\u00e7\u00f5es anteriores.<\/strong><\/p>\n\n\n\n<p><strong>Coment\u00e1rios<\/strong><\/p>\n\n\n\n<p>A alternativa correta \u00e9 a <strong>letra E<\/strong>. De acordo com art. 155, \u00a7 2\u00ba, inciso II, al\u00ednea \u2018b\u2019, da CF: \u201c\u00a7 2\u00ba O imposto previsto no inciso II atender\u00e1 ao seguinte: II \u2013 a isen\u00e7\u00e3o ou n\u00e3o-incid\u00eancia, salvo determina\u00e7\u00e3o em contr\u00e1rio da legisla\u00e7\u00e3o: b) acarretar\u00e1 a anula\u00e7\u00e3o do cr\u00e9dito relativo \u00e0s opera\u00e7\u00f5es anteriores;\u201d<\/p>\n\n\n\n<p>A alternativa A est\u00e1 incorreta. De acordo com art. 155, \u00a7 2\u00ba, inciso X, al\u00ednea \u2018a\u2019, da CF: \u201c\u00a7 2\u00ba O imposto previsto no inciso II atender\u00e1 ao seguinte: X \u2013 n\u00e3o incidir\u00e1: a) sobre opera\u00e7\u00f5es que destinem mercadorias para o exterior, nem sobre servi\u00e7os prestados a destinat\u00e1rios no exterior, assegurada a manuten\u00e7\u00e3o e o aproveitamento do montante do imposto cobrado nas opera\u00e7\u00f5es e presta\u00e7\u00f5es anteriores;\u201d<\/p>\n\n\n\n<p>A alternativa B est\u00e1 incorreta. De acordo com art. 155, \u00a7 2\u00ba, XI, da CF: \u201c\u00a7 2\u00ba O imposto previsto no inciso II atender\u00e1 ao seguinte: XI \u2013 n\u00e3o compreender\u00e1, em sua base de c\u00e1lculo, o montante do imposto sobre produtos industrializados, quando a opera\u00e7\u00e3o, realizada entre contribuintes e relativa a produto destinado \u00e0 industrializa\u00e7\u00e3o ou \u00e0 comercializa\u00e7\u00e3o, configure fato gerador dos dois impostos;<\/p>\n\n\n\n<p>A alternativa C est\u00e1 incorreta. De acordo com art. 155, \u00a7 2\u00ba, V, da CF: \u201c\u00a7 2\u00ba O imposto previsto no inciso II atender\u00e1 ao seguinte: V \u2013 \u00e9 facultado ao Senado Federal: a) estabelecer al\u00edquotas m\u00ednimas nas opera\u00e7\u00f5es internas, mediante resolu\u00e7\u00e3o de iniciativa de um ter\u00e7o e aprovada pela maioria absoluta de seus membros; b) fixar al\u00edquotas m\u00e1ximas nas mesmas opera\u00e7\u00f5es para resolver conflito espec\u00edfico que envolva interesse de Estados, mediante resolu\u00e7\u00e3o de iniciativa da maioria absoluta e aprovada por dois ter\u00e7os de seus membros;\u201d<\/p>\n\n\n\n<p>A alternativa D est\u00e1 incorreta. De acordo com art. 155, \u00a7 2\u00ba, VII, da CF: \u201c\u00a7 2\u00ba O imposto previsto no inciso II atender\u00e1 ao seguinte: VII \u2013 nas opera\u00e7\u00f5es e presta\u00e7\u00f5es que destinem bens e servi\u00e7os a consumidor final, contribuinte ou n\u00e3o do imposto, localizado em outro Estado, adotar-se-\u00e1 a al\u00edquota interestadual e caber\u00e1 ao Estado de localiza\u00e7\u00e3o do destinat\u00e1rio o imposto correspondente \u00e0 diferen\u00e7a entre a al\u00edquota interna do Estado destinat\u00e1rio e a al\u00edquota interestadual;\u201d<\/p>\n\n\n\n<p><strong>QUEST\u00c3O 64. Assinale a alternativa correta, com base nas disposi\u00e7\u00f5es constitucionais e do C\u00f3digo Tribut\u00e1rio Nacional.<\/strong><\/p>\n\n\n\n<p><strong>a) As contribui\u00e7\u00f5es sociais e de interven\u00e7\u00e3o no dom\u00ednio econ\u00f4mico n\u00e3o incidem sobre as receitas decorrentes de exporta\u00e7\u00e3o, mas incidem sobre a importa\u00e7\u00e3o de produtos estrangeiros ou servi\u00e7os.<\/strong><\/p>\n\n\n\n<p><strong>b) Os empr\u00e9stimos compuls\u00f3rios no caso de investimento p\u00fablico de car\u00e1ter urgente e de relevante interesse nacional podem ser cobrados no mesmo exerc\u00edcio financeiro em que forem institu\u00eddos.<\/strong><\/p>\n\n\n\n<p><strong>c) A compet\u00eancia para instituir contribui\u00e7\u00e3o para o custeio do servi\u00e7o de ilumina\u00e7\u00e3o p\u00fablica \u00e9 exclusiva dos Estados e Munic\u00edpios.<\/strong><\/p>\n\n\n\n<p><strong>d) Os servi\u00e7os utilizados pelo contribuinte, para efeito de cobran\u00e7a de taxa, s\u00e3o considerados espec\u00edficos quando suscet\u00edveis de utiliza\u00e7\u00e3o, separadamente, por parte de cada um dos seus usu\u00e1rios.<\/strong><\/p>\n\n\n\n<p><strong>e) A imunidade rec\u00edproca veda a cobran\u00e7a de tributos sobre o patrim\u00f4nio, a renda ou os servi\u00e7os uns dos outros, assim entendidos os entes tributantes.<\/strong><\/p>\n\n\n\n<p><strong>Coment\u00e1rios<\/strong><\/p>\n\n\n\n<p>A alternativa correta \u00e9 a <strong>letra A<\/strong>.<\/p>\n\n\n\n<p>De acordo com art. 149, \u00a7 2\u00ba, incisos I e II, da CF: \u201c\u00a7 2\u00ba As contribui\u00e7\u00f5es sociais e de interven\u00e7\u00e3o no dom\u00ednio econ\u00f4mico de que trata o caput deste artigo: I \u2013 n\u00e3o incidir\u00e3o sobre as receitas decorrentes de exporta\u00e7\u00e3o; II \u2013 incidir\u00e3o tamb\u00e9m sobre a importa\u00e7\u00e3o de produtos estrangeiros ou servi\u00e7os;\u201d<\/p>\n\n\n\n<p>A alternativa B est\u00e1 incorreta. De acordo com art. 148, inciso II, da CF: \u201cArt. 148. A Uni\u00e3o, mediante lei complementar, poder\u00e1 instituir empr\u00e9stimos compuls\u00f3rios: II \u2013 no caso de investimento p\u00fablico de car\u00e1ter urgente e de relevante interesse nacional, observado o disposto no art. 150, III, \u201cb\u201d. Por sua vez, o art. 150, III, \u201cb\u201d, da CF assim determina: Art. 150. Sem preju\u00edzo de outras garantias asseguradas ao contribuinte, \u00e9 vedado \u00e0 Uni\u00e3o, aos Estados, ao Distrito Federal e aos Munic\u00edpios: III \u2013 cobrar tributos: b) no mesmo exerc\u00edcio financeiro em que haja sido publicada a lei que os instituiu ou aumentou;\u201d<\/p>\n\n\n\n<p>A alternativa C est\u00e1 incorreta. Apenas os Munic\u00edpios e o Distrito Federal podem instituir, de acordo com art. 149-A da CF: \u201cArt. 149-A Os Munic\u00edpios e o Distrito Federal poder\u00e3o instituir contribui\u00e7\u00e3o, na forma das respectivas leis, para o custeio do servi\u00e7o de ilumina\u00e7\u00e3o p\u00fablica, observado o disposto no art. 150, I e III.\u201d<\/p>\n\n\n\n<p>A alternativa D est\u00e1 incorreta. De acordo com art. 79, II, do CTN: \u201cArt. 79. Os servi\u00e7os p\u00fablicos a que se refere o artigo 77 consideram-se: II \u2013 espec\u00edficos, quando possam ser destacados em unidades aut\u00f4nomas de interven\u00e7\u00e3o, de utilidade, ou de necessidades p\u00fablicas;\u201d<\/p>\n\n\n\n<p>A alternativa E est\u00e1 incorreta. A veda\u00e7\u00e3o se refere apenas a impostos, e n\u00e3o a tributos em geral, de acordo com art. 150, VI, \u201ca\u201d, da CF: \u201cArt. 150. Sem preju\u00edzo de outras garantias asseguradas ao contribuinte, \u00e9 vedado \u00e0 Uni\u00e3o, aos Estados, ao Distrito Federal e aos Munic\u00edpios: VI \u2013 instituir impostos sobre: a) patrim\u00f4nio, renda ou servi\u00e7os, uns dos outros;\u201d<\/p>\n\n\n\n<p><strong>QUEST\u00c3O 65. Na sucess\u00e3o empresarial, de acordo com as disposi\u00e7\u00f5es do C\u00f3digo Tribut\u00e1rio Nacional, o adquirente de estabelecimento empresarial, que continuar a respectiva explora\u00e7\u00e3o, sob a mesma ou outra raz\u00e3o social ou sob firma ou nome individual, responde pelos tributos devidos pelo estabelecimento adquirido, devidos at\u00e9 a data do ato. Essa responsabilidade tribut\u00e1ria tamb\u00e9m se verificar\u00e1 na hip\u00f3tese de<\/strong><\/p>\n\n\n\n<p><strong>a) aliena\u00e7\u00e3o judicial em processo de fal\u00eancia ainda que o adquirente seja terceiro sem qualquer rela\u00e7\u00e3o com o falido ou com a sociedade falida.<\/strong><\/p>\n\n\n\n<p><strong>b) processo de fal\u00eancia quando o adquirente for divorciado do devedor falido.<\/strong><\/p>\n\n\n\n<p><strong>c) processo de recupera\u00e7\u00e3o judicial quando o adquirente for s\u00f3cio da sociedade em recupera\u00e7\u00e3o judicial.<\/strong><\/p>\n\n\n\n<p><strong>d) aliena\u00e7\u00e3o de unidade produtiva isolada, em processo de recupera\u00e7\u00e3o judicial, ainda que o adquirente seja terceiro sem qualquer rela\u00e7\u00e3o com a sociedade em recupera\u00e7\u00e3o ou com seus s\u00f3cios.<\/strong><\/p>\n\n\n\n<p><strong>e) processo de recupera\u00e7\u00e3o judicial quando o adquirente for c\u00f4njuge do devedor em recupera\u00e7\u00e3o judicial.<\/strong><\/p>\n\n\n\n<p><strong>Coment\u00e1rios<\/strong><\/p>\n\n\n\n<p>A alternativa correta \u00e9 a <strong>letra C<\/strong>.<\/p>\n\n\n\n<p>De acordo com art. 133, \u00a7 1\u00ba, II, do CTN: \u201cArt. 133. A pessoa natural ou jur\u00eddica de direito privado que adquirir de outra, por qualquer t\u00edtulo, fundo de com\u00e9rcio ou estabelecimento comercial, industrial ou profissional, e continuar a respectiva explora\u00e7\u00e3o, sob a mesma ou outra raz\u00e3o social ou sob firma ou nome individual, responde pelos tributos, relativos ao fundo ou estabelecimento adquirido, devidos at\u00e9 \u00e0 data do ato: \u00a7 1\u00ba O disposto no caput deste artigo n\u00e3o se aplica na hip\u00f3tese de aliena\u00e7\u00e3o judicial: II \u2013 de filial ou unidade produtiva isolada, em processo de recupera\u00e7\u00e3o judicial\u201d.<\/p>\n\n\n\n<p>No entanto, no \u00a7 2\u00ba, inciso I, o CTN determina que o \u00a7 1\u00ba n\u00e3o se aplicar\u00e1 em caso de o adquirente ser s\u00f3cio da entidade em recupera\u00e7\u00e3o judicial: \u201c\u00a7 2\u00ba N\u00e3o se aplica o disposto no \u00a7 1\u00ba deste artigo quando o adquirente for: I \u2013 s\u00f3cio da sociedade falida ou em recupera\u00e7\u00e3o judicial, ou sociedade controlada pelo devedor falido ou em recupera\u00e7\u00e3o judicial;\u201d<\/p>\n\n\n\n<p>A alternativa A est\u00e1 incorreta. De acordo com art. 133, \u00a7 1\u00ba, I, do CTN: \u201cArt. 133. A pessoa natural ou jur\u00eddica de direito privado que adquirir de outra, por qualquer t\u00edtulo, fundo de com\u00e9rcio ou estabelecimento comercial, industrial ou profissional, e continuar a respectiva explora\u00e7\u00e3o, sob a mesma ou outra raz\u00e3o social ou sob firma ou nome individual, responde pelos tributos, relativos ao fundo ou estabelecimento adquirido, devidos at\u00e9 \u00e0 data do ato: \u00a7 1\u00ba O disposto no caput deste artigo n\u00e3o se aplica na hip\u00f3tese de aliena\u00e7\u00e3o judicial: I \u2013 em processo de fal\u00eancia;\u201d<\/p>\n\n\n\n<p>Neste caso, para que o \u00a7 1\u00ba n\u00e3o se aplique, o \u00a7 2\u00ba determina que deve haver alguma rela\u00e7\u00e3o entre o adquirente e o devedor, veja \u201c\u00a7 2\u00ba N\u00e3o se aplica o disposto no \u00a7 1o deste artigo quando o adquirente for: I \u2013 s\u00f3cio da sociedade falida ou em recupera\u00e7\u00e3o judicial, ou sociedade controlada pelo devedor falido ou em recupera\u00e7\u00e3o judicial; II \u2013 parente, em linha reta ou colateral at\u00e9 o 4o (quarto) grau, consangu\u00edneo ou afim, do devedor falido ou em recupera\u00e7\u00e3o judicial ou de qualquer de seus s\u00f3cios; ou III \u2013 identificado como agente do falido ou do devedor em recupera\u00e7\u00e3o judicial com o objetivo de fraudar a sucess\u00e3o tribut\u00e1ria.\u201d<\/p>\n\n\n\n<p>As alternativas B e E est\u00e3o incorretas. Ser c\u00f4njuge ou n\u00e3o, em nada interfere, de acordo com art. 133, \u00a7 2\u00ba, II, do CTN: \u201c\u00a7 2\u00ba N\u00e3o se aplica o disposto no \u00a7 1\u00ba deste artigo quando o adquirente for: II \u2013 parente, em linha reta ou colateral at\u00e9 o 4\u00ba (quarto) grau, consangu\u00edneo ou afim, do devedor falido ou em recupera\u00e7\u00e3o judicial ou de qualquer de seus s\u00f3cios;\u201d<\/p>\n\n\n\n<p>A alternativa D est\u00e1 incorreta. De acordo com art. 133, \u00a7 1\u00ba, II, do CTN: \u201cArt. 133. A pessoa natural ou jur\u00eddica de direito privado que adquirir de outra, por qualquer t\u00edtulo, fundo de com\u00e9rcio ou estabelecimento comercial, industrial ou profissional, e continuar a respectiva explora\u00e7\u00e3o, sob a mesma ou outra raz\u00e3o social ou sob firma ou nome individual, responde pelos tributos, relativos ao fundo ou estabelecimento adquirido, devidos at\u00e9 \u00e0 data do ato: \u00a7 1\u00ba O disposto no caput deste artigo n\u00e3o se aplica na hip\u00f3tese de aliena\u00e7\u00e3o judicial: II \u2013 de filial ou unidade produtiva isolada, em processo de recupera\u00e7\u00e3o judicial\u201d.<\/p>\n\n\n\n<p>Neste caso, para que o \u00a7 1\u00ba n\u00e3o se aplique, o \u00a7 2\u00ba determina que deve haver alguma rela\u00e7\u00e3o entre o adquirente e o devedor, veja \u201c\u00a7 2\u00ba N\u00e3o se aplica o disposto no \u00a7 1o deste artigo quando o adquirente for: I \u2013 s\u00f3cio da sociedade falida ou em recupera\u00e7\u00e3o judicial, ou sociedade controlada pelo devedor falido ou em recupera\u00e7\u00e3o judicial; II \u2013 parente, em linha reta ou colateral at\u00e9 o 4o (quarto) grau, consangu\u00edneo ou afim, do devedor falido ou em recupera\u00e7\u00e3o judicial ou de qualquer de seus s\u00f3cios; ou III \u2013 identificado como agente do falido ou do devedor em recupera\u00e7\u00e3o judicial com o objetivo de fraudar a sucess\u00e3o tribut\u00e1ria.\u201d<\/p>\n\n\n\n<h2 class=\"wp-block-heading has-text-align-center\" id=\"cursos\"><span id=\"quer-saber-tudo-sobre-concursos-previstosconfira-nossos-artigos\">Quer saber tudo sobre concursos previstos?<br><strong>Confira nossos artigos!<\/strong><\/span><\/h2>\n\n\n\n\n\n<h2 class=\"wp-block-heading has-text-align-center\" id=\"cursos-concurso-mpmg\"><span id=\"cursos-para-o-concurso-tj-rj-juiz\">Cursos para o concurso TJ RJ Juiz<\/span><\/h2>\n\n\n\n<div class=\"wp-block-cover\" style=\"min-height:155px;aspect-ratio:unset;\"><img decoding=\"async\" width=\"1890\" height=\"351\" class=\"wp-block-cover__image-background wp-image-8669\" alt=\"Assinaturas Jur\u00eddicas\" src=\"https:\/\/cj.estrategia.com\/portal\/wp-content\/uploads\/2022\/06\/20151253\/concurso-carreiras-juridicas-assinatura-juridica.jpg\" style=\"object-position:78% 43%\" data-object-fit=\"cover\" data-object-position=\"78% 43%\" srcset=\"https:\/\/cj.estrategia.com\/portal\/wp-content\/uploads\/2022\/06\/20151253\/concurso-carreiras-juridicas-assinatura-juridica.jpg 1890w, https:\/\/cj.estrategia.com\/portal\/wp-content\/uploads\/2022\/06\/20151253\/concurso-carreiras-juridicas-assinatura-juridica-300x56.jpg 300w, https:\/\/cj.estrategia.com\/portal\/wp-content\/uploads\/2022\/06\/20151253\/concurso-carreiras-juridicas-assinatura-juridica-1024x190.jpg 1024w, https:\/\/cj.estrategia.com\/portal\/wp-content\/uploads\/2022\/06\/20151253\/concurso-carreiras-juridicas-assinatura-juridica-768x143.jpg 768w, https:\/\/cj.estrategia.com\/portal\/wp-content\/uploads\/2022\/06\/20151253\/concurso-carreiras-juridicas-assinatura-juridica-1536x285.jpg 1536w, https:\/\/cj.estrategia.com\/portal\/wp-content\/uploads\/2022\/06\/20151253\/concurso-carreiras-juridicas-assinatura-juridica-380x71.jpg 380w, https:\/\/cj.estrategia.com\/portal\/wp-content\/uploads\/2022\/06\/20151253\/concurso-carreiras-juridicas-assinatura-juridica-800x149.jpg 800w, https:\/\/cj.estrategia.com\/portal\/wp-content\/uploads\/2022\/06\/20151253\/concurso-carreiras-juridicas-assinatura-juridica-1160x215.jpg 1160w\" sizes=\"(max-width: 1890px) 100vw, 1890px\" \/><span aria-hidden=\"true\" class=\"wp-block-cover__background has-background-dim\"><\/span><div class=\"wp-block-cover__inner-container is-layout-flow wp-block-cover-is-layout-flow\">\n<h3 id=\"faca-a-sua-assinatura\" class=\"titulo-assinatura\"><span style=\"color: #ffffff;\">Fa\u00e7a a sua assinatura!<\/span><\/h3>\n<p class=\"subtitulo-assinatura\" style=\"display:block!important; line-height: 0;\"><span style=\"color: #ffffff;\">Escolha a sua \u00e1rea.<\/span><\/p>\n<a target=\"_blank\" href=\"https:\/\/www.estrategiaconcursos.com.br\/assinaturas-ecj\/\" rel=\"noopener\"><button style=\"border-radius: 10px; text-transform: capitalize;\">Acessar<\/button><\/a>\n<\/div><\/div>\n","protected":false},"excerpt":{"rendered":"Em 03\/09\/2023, foi aplicada a prova objetiva do concurso p\u00fablico para Juiz Substituto do TJ-RJ. Assim que disponibilizado&hellip;\n","protected":false},"author":12,"featured_media":20815,"comment_status":"open","ping_status":"open","sticky":false,"template":"","format":"standard","meta":{"_jetpack_memberships_contains_paid_content":false,"footnotes":""},"categories":[1,26],"tags":[],"tax_estado":[49],"class_list":{"0":"post-45624","1":"post","2":"type-post","3":"status-publish","4":"format-standard","5":"has-post-thumbnail","7":"category-carreiras-juridicas","8":"category-magistratura","9":"tax_estado-rj"},"acf":[],"yoast_head":"<!-- This site is optimized with the Yoast SEO Premium plugin v27.5 (Yoast SEO v27.5) - https:\/\/yoast.com\/product\/yoast-seo-premium-wordpress\/ -->\n<title>Prova comentada TJ RJ Direito Tribut\u00e1rio<\/title>\n<meta name=\"description\" content=\"Prova comentada TJ RJ Direito Tribut\u00e1rio: Confira a an\u00e1lise de prova com nossos professores e poss\u00edveis recursos!\" \/>\n<meta name=\"robots\" content=\"index, follow, max-snippet:-1, max-image-preview:large, max-video-preview:-1\" \/>\n<link rel=\"canonical\" href=\"https:\/\/cj.estrategia.com\/portal\/prova-comentada-tj-rj-direito-tributario\/\" \/>\n<meta property=\"og:locale\" content=\"pt_BR\" \/>\n<meta property=\"og:type\" content=\"article\" \/>\n<meta property=\"og:title\" content=\"Prova comentada TJ RJ Direito Tribut\u00e1rio\" \/>\n<meta property=\"og:description\" content=\"Prova comentada TJ RJ Direito Tribut\u00e1rio: Confira a an\u00e1lise de prova com nossos professores e poss\u00edveis recursos!\" \/>\n<meta property=\"og:url\" content=\"https:\/\/cj.estrategia.com\/portal\/prova-comentada-tj-rj-direito-tributario\/\" \/>\n<meta property=\"og:site_name\" content=\"Blog - Carreiras Jur\u00eddicas - Estrat\u00e9gia\" \/>\n<meta property=\"article:publisher\" content=\"https:\/\/www.facebook.com\/estrategiacarreirajuridica\/\" \/>\n<meta property=\"article:published_time\" content=\"2023-09-07T12:13:34+00:00\" \/>\n<meta property=\"article:modified_time\" content=\"2023-09-07T12:13:36+00:00\" \/>\n<meta property=\"og:image\" content=\"https:\/\/cj.estrategia.com\/portal\/wp-content\/uploads\/2022\/10\/04104559\/Magistratura-RJ.jpg\" \/>\n\t<meta property=\"og:image:width\" content=\"768\" \/>\n\t<meta property=\"og:image:height\" content=\"432\" \/>\n\t<meta property=\"og:image:type\" content=\"image\/jpeg\" \/>\n<meta name=\"author\" content=\"Coordena\u00e7\u00e3o\" \/>\n<meta name=\"twitter:card\" content=\"summary_large_image\" \/>\n<meta name=\"twitter:creator\" content=\"@EstratJuridica\" \/>\n<meta name=\"twitter:site\" content=\"@EstratJuridica\" \/>\n<meta name=\"twitter:label1\" content=\"Escrito por\" \/>\n\t<meta name=\"twitter:data1\" content=\"Coordena\u00e7\u00e3o\" \/>\n\t<meta name=\"twitter:label2\" content=\"Est. tempo de leitura\" \/>\n\t<meta name=\"twitter:data2\" content=\"12 minutos\" \/>\n<script type=\"application\/ld+json\" class=\"yoast-schema-graph\">{\"@context\":\"https:\\\/\\\/schema.org\",\"@graph\":[{\"@type\":\"NewsArticle\",\"@id\":\"https:\\\/\\\/cj.estrategia.com\\\/portal\\\/prova-comentada-tj-rj-direito-tributario\\\/#article\",\"isPartOf\":{\"@id\":\"https:\\\/\\\/cj.estrategia.com\\\/portal\\\/prova-comentada-tj-rj-direito-tributario\\\/\"},\"author\":{\"name\":\"Coordena\u00e7\u00e3o\",\"@id\":\"https:\\\/\\\/cj.estrategia.com\\\/portal\\\/#\\\/schema\\\/person\\\/4d70317d31449932b99102916b6637f5\"},\"headline\":\"Prova comentada TJ RJ Direito Tribut\u00e1rio\",\"datePublished\":\"2023-09-07T12:13:34+00:00\",\"dateModified\":\"2023-09-07T12:13:36+00:00\",\"mainEntityOfPage\":{\"@id\":\"https:\\\/\\\/cj.estrategia.com\\\/portal\\\/prova-comentada-tj-rj-direito-tributario\\\/\"},\"wordCount\":2216,\"commentCount\":0,\"publisher\":{\"@id\":\"https:\\\/\\\/cj.estrategia.com\\\/portal\\\/#organization\"},\"image\":{\"@id\":\"https:\\\/\\\/cj.estrategia.com\\\/portal\\\/prova-comentada-tj-rj-direito-tributario\\\/#primaryimage\"},\"thumbnailUrl\":\"https:\\\/\\\/cj.estrategia.com\\\/portal\\\/wp-content\\\/uploads\\\/2022\\\/10\\\/04104559\\\/Magistratura-RJ.jpg\",\"articleSection\":[\"Carreiras Jur\u00eddicas\",\"Magistratura\"],\"inLanguage\":\"pt-BR\",\"potentialAction\":[{\"@type\":\"CommentAction\",\"name\":\"Comment\",\"target\":[\"https:\\\/\\\/cj.estrategia.com\\\/portal\\\/prova-comentada-tj-rj-direito-tributario\\\/#respond\"]}]},{\"@type\":\"WebPage\",\"@id\":\"https:\\\/\\\/cj.estrategia.com\\\/portal\\\/prova-comentada-tj-rj-direito-tributario\\\/\",\"url\":\"https:\\\/\\\/cj.estrategia.com\\\/portal\\\/prova-comentada-tj-rj-direito-tributario\\\/\",\"name\":\"Prova comentada TJ RJ Direito Tribut\u00e1rio\",\"isPartOf\":{\"@id\":\"https:\\\/\\\/cj.estrategia.com\\\/portal\\\/#website\"},\"primaryImageOfPage\":{\"@id\":\"https:\\\/\\\/cj.estrategia.com\\\/portal\\\/prova-comentada-tj-rj-direito-tributario\\\/#primaryimage\"},\"image\":{\"@id\":\"https:\\\/\\\/cj.estrategia.com\\\/portal\\\/prova-comentada-tj-rj-direito-tributario\\\/#primaryimage\"},\"thumbnailUrl\":\"https:\\\/\\\/cj.estrategia.com\\\/portal\\\/wp-content\\\/uploads\\\/2022\\\/10\\\/04104559\\\/Magistratura-RJ.jpg\",\"datePublished\":\"2023-09-07T12:13:34+00:00\",\"dateModified\":\"2023-09-07T12:13:36+00:00\",\"description\":\"Prova comentada TJ RJ Direito Tribut\u00e1rio: Confira a an\u00e1lise de prova com nossos professores e poss\u00edveis recursos!\",\"breadcrumb\":{\"@id\":\"https:\\\/\\\/cj.estrategia.com\\\/portal\\\/prova-comentada-tj-rj-direito-tributario\\\/#breadcrumb\"},\"inLanguage\":\"pt-BR\",\"potentialAction\":[{\"@type\":\"ReadAction\",\"target\":[\"https:\\\/\\\/cj.estrategia.com\\\/portal\\\/prova-comentada-tj-rj-direito-tributario\\\/\"]}]},{\"@type\":\"ImageObject\",\"inLanguage\":\"pt-BR\",\"@id\":\"https:\\\/\\\/cj.estrategia.com\\\/portal\\\/prova-comentada-tj-rj-direito-tributario\\\/#primaryimage\",\"url\":\"https:\\\/\\\/cj.estrategia.com\\\/portal\\\/wp-content\\\/uploads\\\/2022\\\/10\\\/04104559\\\/Magistratura-RJ.jpg\",\"contentUrl\":\"https:\\\/\\\/cj.estrategia.com\\\/portal\\\/wp-content\\\/uploads\\\/2022\\\/10\\\/04104559\\\/Magistratura-RJ.jpg\",\"width\":768,\"height\":432,\"caption\":\"Concurso Juiz RJ\"},{\"@type\":\"BreadcrumbList\",\"@id\":\"https:\\\/\\\/cj.estrategia.com\\\/portal\\\/prova-comentada-tj-rj-direito-tributario\\\/#breadcrumb\",\"itemListElement\":[{\"@type\":\"ListItem\",\"position\":1,\"name\":\"In\u00edcio\",\"item\":\"https:\\\/\\\/cj.estrategia.com\\\/portal\\\/\"},{\"@type\":\"ListItem\",\"position\":2,\"name\":\"Prova comentada TJ RJ Direito Tribut\u00e1rio\"}]},{\"@type\":\"WebSite\",\"@id\":\"https:\\\/\\\/cj.estrategia.com\\\/portal\\\/#website\",\"url\":\"https:\\\/\\\/cj.estrategia.com\\\/portal\\\/\",\"name\":\"Blog - Carreiras Jur\u00eddicas - Estrat\u00e9gia\",\"description\":\"\",\"publisher\":{\"@id\":\"https:\\\/\\\/cj.estrategia.com\\\/portal\\\/#organization\"},\"potentialAction\":[{\"@type\":\"SearchAction\",\"target\":{\"@type\":\"EntryPoint\",\"urlTemplate\":\"https:\\\/\\\/cj.estrategia.com\\\/portal\\\/?s={search_term_string}\"},\"query-input\":{\"@type\":\"PropertyValueSpecification\",\"valueRequired\":true,\"valueName\":\"search_term_string\"}}],\"inLanguage\":\"pt-BR\"},{\"@type\":\"Organization\",\"@id\":\"https:\\\/\\\/cj.estrategia.com\\\/portal\\\/#organization\",\"name\":\"Estrat\u00e9gia - Carreiras Jur\u00eddicas\",\"url\":\"https:\\\/\\\/cj.estrategia.com\\\/portal\\\/\",\"logo\":{\"@type\":\"ImageObject\",\"inLanguage\":\"pt-BR\",\"@id\":\"https:\\\/\\\/cj.estrategia.com\\\/portal\\\/#\\\/schema\\\/logo\\\/image\\\/\",\"url\":\"https:\\\/\\\/cj.estrategia.com\\\/portal\\\/wp-content\\\/uploads\\\/2022\\\/03\\\/11151052\\\/cj-logo.png\",\"contentUrl\":\"https:\\\/\\\/cj.estrategia.com\\\/portal\\\/wp-content\\\/uploads\\\/2022\\\/03\\\/11151052\\\/cj-logo.png\",\"width\":150,\"height\":39,\"caption\":\"Estrat\u00e9gia - Carreiras Jur\u00eddicas\"},\"image\":{\"@id\":\"https:\\\/\\\/cj.estrategia.com\\\/portal\\\/#\\\/schema\\\/logo\\\/image\\\/\"},\"sameAs\":[\"https:\\\/\\\/www.facebook.com\\\/estrategiacarreirajuridica\\\/\",\"https:\\\/\\\/x.com\\\/EstratJuridica\",\"https:\\\/\\\/www.instagram.com\\\/estrategiacarreirajuridica\\\/\",\"https:\\\/\\\/www.youtube.com\\\/channel\\\/UClbMGuYbj2Mh1m3w144ETWQ\"]},{\"@type\":\"Person\",\"@id\":\"https:\\\/\\\/cj.estrategia.com\\\/portal\\\/#\\\/schema\\\/person\\\/4d70317d31449932b99102916b6637f5\",\"name\":\"Coordena\u00e7\u00e3o\",\"image\":{\"@type\":\"ImageObject\",\"inLanguage\":\"pt-BR\",\"@id\":\"https:\\\/\\\/cj.estrategia.com\\\/portal\\\/wp-content\\\/uploads\\\/2022\\\/05\\\/12164923\\\/estrategia-carreira-juridica-coordenacao-96x96.png\",\"url\":\"https:\\\/\\\/cj.estrategia.com\\\/portal\\\/wp-content\\\/uploads\\\/2022\\\/05\\\/12164923\\\/estrategia-carreira-juridica-coordenacao-96x96.png\",\"contentUrl\":\"https:\\\/\\\/cj.estrategia.com\\\/portal\\\/wp-content\\\/uploads\\\/2022\\\/05\\\/12164923\\\/estrategia-carreira-juridica-coordenacao-96x96.png\",\"caption\":\"Coordena\u00e7\u00e3o\"},\"url\":\"https:\\\/\\\/cj.estrategia.com\\\/portal\\\/author\\\/coordenacao\\\/\"}]}<\/script>\n<!-- \/ Yoast SEO Premium plugin. -->","yoast_head_json":{"title":"Prova comentada TJ RJ Direito Tribut\u00e1rio","description":"Prova comentada TJ RJ Direito Tribut\u00e1rio: Confira a an\u00e1lise de prova com nossos professores e poss\u00edveis recursos!","robots":{"index":"index","follow":"follow","max-snippet":"max-snippet:-1","max-image-preview":"max-image-preview:large","max-video-preview":"max-video-preview:-1"},"canonical":"https:\/\/cj.estrategia.com\/portal\/prova-comentada-tj-rj-direito-tributario\/","og_locale":"pt_BR","og_type":"article","og_title":"Prova comentada TJ RJ Direito Tribut\u00e1rio","og_description":"Prova comentada TJ RJ Direito Tribut\u00e1rio: Confira a an\u00e1lise de prova com nossos professores e poss\u00edveis recursos!","og_url":"https:\/\/cj.estrategia.com\/portal\/prova-comentada-tj-rj-direito-tributario\/","og_site_name":"Blog - Carreiras Jur\u00eddicas - Estrat\u00e9gia","article_publisher":"https:\/\/www.facebook.com\/estrategiacarreirajuridica\/","article_published_time":"2023-09-07T12:13:34+00:00","article_modified_time":"2023-09-07T12:13:36+00:00","og_image":[{"width":768,"height":432,"url":"https:\/\/cj.estrategia.com\/portal\/wp-content\/uploads\/2022\/10\/04104559\/Magistratura-RJ.jpg","type":"image\/jpeg"}],"author":"Coordena\u00e7\u00e3o","twitter_card":"summary_large_image","twitter_creator":"@EstratJuridica","twitter_site":"@EstratJuridica","twitter_misc":{"Escrito por":"Coordena\u00e7\u00e3o","Est. tempo de leitura":"12 minutos"},"schema":{"@context":"https:\/\/schema.org","@graph":[{"@type":"NewsArticle","@id":"https:\/\/cj.estrategia.com\/portal\/prova-comentada-tj-rj-direito-tributario\/#article","isPartOf":{"@id":"https:\/\/cj.estrategia.com\/portal\/prova-comentada-tj-rj-direito-tributario\/"},"author":{"name":"Coordena\u00e7\u00e3o","@id":"https:\/\/cj.estrategia.com\/portal\/#\/schema\/person\/4d70317d31449932b99102916b6637f5"},"headline":"Prova comentada TJ RJ Direito Tribut\u00e1rio","datePublished":"2023-09-07T12:13:34+00:00","dateModified":"2023-09-07T12:13:36+00:00","mainEntityOfPage":{"@id":"https:\/\/cj.estrategia.com\/portal\/prova-comentada-tj-rj-direito-tributario\/"},"wordCount":2216,"commentCount":0,"publisher":{"@id":"https:\/\/cj.estrategia.com\/portal\/#organization"},"image":{"@id":"https:\/\/cj.estrategia.com\/portal\/prova-comentada-tj-rj-direito-tributario\/#primaryimage"},"thumbnailUrl":"https:\/\/cj.estrategia.com\/portal\/wp-content\/uploads\/2022\/10\/04104559\/Magistratura-RJ.jpg","articleSection":["Carreiras Jur\u00eddicas","Magistratura"],"inLanguage":"pt-BR","potentialAction":[{"@type":"CommentAction","name":"Comment","target":["https:\/\/cj.estrategia.com\/portal\/prova-comentada-tj-rj-direito-tributario\/#respond"]}]},{"@type":"WebPage","@id":"https:\/\/cj.estrategia.com\/portal\/prova-comentada-tj-rj-direito-tributario\/","url":"https:\/\/cj.estrategia.com\/portal\/prova-comentada-tj-rj-direito-tributario\/","name":"Prova comentada TJ RJ Direito Tribut\u00e1rio","isPartOf":{"@id":"https:\/\/cj.estrategia.com\/portal\/#website"},"primaryImageOfPage":{"@id":"https:\/\/cj.estrategia.com\/portal\/prova-comentada-tj-rj-direito-tributario\/#primaryimage"},"image":{"@id":"https:\/\/cj.estrategia.com\/portal\/prova-comentada-tj-rj-direito-tributario\/#primaryimage"},"thumbnailUrl":"https:\/\/cj.estrategia.com\/portal\/wp-content\/uploads\/2022\/10\/04104559\/Magistratura-RJ.jpg","datePublished":"2023-09-07T12:13:34+00:00","dateModified":"2023-09-07T12:13:36+00:00","description":"Prova comentada TJ RJ Direito Tribut\u00e1rio: Confira a an\u00e1lise de prova com nossos professores e poss\u00edveis recursos!","breadcrumb":{"@id":"https:\/\/cj.estrategia.com\/portal\/prova-comentada-tj-rj-direito-tributario\/#breadcrumb"},"inLanguage":"pt-BR","potentialAction":[{"@type":"ReadAction","target":["https:\/\/cj.estrategia.com\/portal\/prova-comentada-tj-rj-direito-tributario\/"]}]},{"@type":"ImageObject","inLanguage":"pt-BR","@id":"https:\/\/cj.estrategia.com\/portal\/prova-comentada-tj-rj-direito-tributario\/#primaryimage","url":"https:\/\/cj.estrategia.com\/portal\/wp-content\/uploads\/2022\/10\/04104559\/Magistratura-RJ.jpg","contentUrl":"https:\/\/cj.estrategia.com\/portal\/wp-content\/uploads\/2022\/10\/04104559\/Magistratura-RJ.jpg","width":768,"height":432,"caption":"Concurso Juiz RJ"},{"@type":"BreadcrumbList","@id":"https:\/\/cj.estrategia.com\/portal\/prova-comentada-tj-rj-direito-tributario\/#breadcrumb","itemListElement":[{"@type":"ListItem","position":1,"name":"In\u00edcio","item":"https:\/\/cj.estrategia.com\/portal\/"},{"@type":"ListItem","position":2,"name":"Prova comentada TJ RJ Direito Tribut\u00e1rio"}]},{"@type":"WebSite","@id":"https:\/\/cj.estrategia.com\/portal\/#website","url":"https:\/\/cj.estrategia.com\/portal\/","name":"Blog - Carreiras Jur\u00eddicas - Estrat\u00e9gia","description":"","publisher":{"@id":"https:\/\/cj.estrategia.com\/portal\/#organization"},"potentialAction":[{"@type":"SearchAction","target":{"@type":"EntryPoint","urlTemplate":"https:\/\/cj.estrategia.com\/portal\/?s={search_term_string}"},"query-input":{"@type":"PropertyValueSpecification","valueRequired":true,"valueName":"search_term_string"}}],"inLanguage":"pt-BR"},{"@type":"Organization","@id":"https:\/\/cj.estrategia.com\/portal\/#organization","name":"Estrat\u00e9gia - Carreiras Jur\u00eddicas","url":"https:\/\/cj.estrategia.com\/portal\/","logo":{"@type":"ImageObject","inLanguage":"pt-BR","@id":"https:\/\/cj.estrategia.com\/portal\/#\/schema\/logo\/image\/","url":"https:\/\/cj.estrategia.com\/portal\/wp-content\/uploads\/2022\/03\/11151052\/cj-logo.png","contentUrl":"https:\/\/cj.estrategia.com\/portal\/wp-content\/uploads\/2022\/03\/11151052\/cj-logo.png","width":150,"height":39,"caption":"Estrat\u00e9gia - Carreiras Jur\u00eddicas"},"image":{"@id":"https:\/\/cj.estrategia.com\/portal\/#\/schema\/logo\/image\/"},"sameAs":["https:\/\/www.facebook.com\/estrategiacarreirajuridica\/","https:\/\/x.com\/EstratJuridica","https:\/\/www.instagram.com\/estrategiacarreirajuridica\/","https:\/\/www.youtube.com\/channel\/UClbMGuYbj2Mh1m3w144ETWQ"]},{"@type":"Person","@id":"https:\/\/cj.estrategia.com\/portal\/#\/schema\/person\/4d70317d31449932b99102916b6637f5","name":"Coordena\u00e7\u00e3o","image":{"@type":"ImageObject","inLanguage":"pt-BR","@id":"https:\/\/cj.estrategia.com\/portal\/wp-content\/uploads\/2022\/05\/12164923\/estrategia-carreira-juridica-coordenacao-96x96.png","url":"https:\/\/cj.estrategia.com\/portal\/wp-content\/uploads\/2022\/05\/12164923\/estrategia-carreira-juridica-coordenacao-96x96.png","contentUrl":"https:\/\/cj.estrategia.com\/portal\/wp-content\/uploads\/2022\/05\/12164923\/estrategia-carreira-juridica-coordenacao-96x96.png","caption":"Coordena\u00e7\u00e3o"},"url":"https:\/\/cj.estrategia.com\/portal\/author\/coordenacao\/"}]}},"jetpack_featured_media_url":"https:\/\/cj.estrategia.com\/portal\/wp-content\/uploads\/2022\/10\/04104559\/Magistratura-RJ.jpg","jetpack_sharing_enabled":true,"_links":{"self":[{"href":"https:\/\/cj.estrategia.com\/portal\/wp-json\/wp\/v2\/posts\/45624","targetHints":{"allow":["GET"]}}],"collection":[{"href":"https:\/\/cj.estrategia.com\/portal\/wp-json\/wp\/v2\/posts"}],"about":[{"href":"https:\/\/cj.estrategia.com\/portal\/wp-json\/wp\/v2\/types\/post"}],"author":[{"embeddable":true,"href":"https:\/\/cj.estrategia.com\/portal\/wp-json\/wp\/v2\/users\/12"}],"replies":[{"embeddable":true,"href":"https:\/\/cj.estrategia.com\/portal\/wp-json\/wp\/v2\/comments?post=45624"}],"version-history":[{"count":0,"href":"https:\/\/cj.estrategia.com\/portal\/wp-json\/wp\/v2\/posts\/45624\/revisions"}],"wp:featuredmedia":[{"embeddable":true,"href":"https:\/\/cj.estrategia.com\/portal\/wp-json\/wp\/v2\/media\/20815"}],"wp:attachment":[{"href":"https:\/\/cj.estrategia.com\/portal\/wp-json\/wp\/v2\/media?parent=45624"}],"wp:term":[{"taxonomy":"category","embeddable":true,"href":"https:\/\/cj.estrategia.com\/portal\/wp-json\/wp\/v2\/categories?post=45624"},{"taxonomy":"post_tag","embeddable":true,"href":"https:\/\/cj.estrategia.com\/portal\/wp-json\/wp\/v2\/tags?post=45624"},{"taxonomy":"tax_estado","embeddable":true,"href":"https:\/\/cj.estrategia.com\/portal\/wp-json\/wp\/v2\/tax_estado?post=45624"}],"curies":[{"name":"wp","href":"https:\/\/api.w.org\/{rel}","templated":true}]}}