{"id":45403,"date":"2024-01-04T12:37:00","date_gmt":"2024-01-04T15:37:00","guid":{"rendered":"https:\/\/cj.estrategia.com\/portal\/?p=45403"},"modified":"2024-01-24T16:15:49","modified_gmt":"2024-01-24T19:15:49","slug":"edital-magistratura-pr-2","status":"publish","type":"post","link":"https:\/\/cj.estrategia.com\/portal\/edital-magistratura-pr-2\/","title":{"rendered":"Edital Magistratura PR: confira os convocados para a segunda etapa!"},"content":{"rendered":"\n<p>S\u00e3o ofertadas <strong>27 vagas<\/strong> para o cargo de <strong>Juiz Substituto<\/strong> do Tribunal de Justi\u00e7a do Estado do Paran\u00e1.<\/p>\n\n\n\n<p><a href=\"https:\/\/cj.estrategia.com\/portal\/wp-content\/uploads\/2024\/01\/24160532\/21-edtal-021-2023-resultado-final-primeira-fase-assinado1545138848.pdf\" target=\"_blank\" >Acesse aqui<\/a> os aprovados na Objetiva e convocados para a segunda etapa.<\/p>\n\n\n\n<ul class=\"has-very-light-gray-to-cyan-bluish-gray-gradient-background has-background wp-block-list\">\n<li><strong>TJ PR\u00a0\u2013\u00a0Juiz Substituto<\/strong> 2023<\/li>\n\n\n\n<li><strong>Status:<\/strong>\u00a0resultados divulgados<\/li>\n\n\n\n<li><strong>Banca:\u00a0<\/strong>FGV<\/li>\n\n\n\n<li><strong>Vagas:\u00a0<\/strong>27<\/li>\n\n\n\n<li><strong>Sal\u00e1rio inicial:<\/strong>\u00a0R$ 30.617,25<\/li>\n\n\n\n<li><a href=\"https:\/\/cj.estrategia.com\/portal\/wp-content\/uploads\/2023\/09\/04085238\/edital-001-2023-abertura-do-concurso-1-assinado.pdf\">Edital TJ PR Juiz 2023<\/a><\/li>\n<\/ul>\n\n\n\n<h2 id=\"edital-magistratura-pr-2023-situacao-atual\" class=\"wp-block-heading\">Edital Magistratura PR 2023: situa\u00e7\u00e3o atual<\/h2>\n\n\n\n<h3 class=\"wp-block-heading\" id=\"h-cronograma\"><span id=\"cronograma\">Cronograma<\/span><\/h3>\n\n\n\n<p class=\"has-light-green-cyan-background-color has-background\"><strong>Inscri\u00e7\u00f5es: <s>11\/09 a 10\/10\/2023<\/s><br>Taxa: R$ 306,17<br>Prova Objetiva: <s>03\/12\/2023<\/s><\/strong><\/p>\n\n\n\n<h2 class=\"wp-block-heading\" id=\"h-edital-magistratura-pr-carreira\"><span id=\"edital-magistratura-pr-carreira\">Edital Magistratura PR: Carreira<\/span><\/h2>\n\n\n\n<h3 class=\"wp-block-heading\" id=\"h-cargos-e-vagas\"><span id=\"cargos-e-vagas\">Cargos e vagas<\/span><\/h3>\n\n\n<div class=\"wp-block-image\">\n<figure class=\"aligncenter size-full is-resized\"><img decoding=\"async\" width=\"721\" height=\"128\" src=\"https:\/\/cj.estrategia.com\/portal\/wp-content\/uploads\/2023\/09\/04085711\/image-1-4.png\" alt=\"\" class=\"wp-image-45357\" style=\"width:680px;height:121px\" srcset=\"https:\/\/cj.estrategia.com\/portal\/wp-content\/uploads\/2023\/09\/04085711\/image-1-4.png 721w, https:\/\/cj.estrategia.com\/portal\/wp-content\/uploads\/2023\/09\/04085711\/image-1-4-300x53.png 300w, https:\/\/cj.estrategia.com\/portal\/wp-content\/uploads\/2023\/09\/04085711\/image-1-4-380x67.png 380w, https:\/\/cj.estrategia.com\/portal\/wp-content\/uploads\/2023\/09\/04085711\/image-1-4-150x27.png 150w\" sizes=\"(max-width: 721px) 100vw, 721px\" \/><\/figure>\n<\/div>\n\n\n<h3 class=\"wp-block-heading\" id=\"h-remuneracao\"><span id=\"remuneracao\">Remunera\u00e7\u00e3o<\/span><\/h3>\n\n\n\n<p>A remunera\u00e7\u00e3o inicial bruta do cargo de Juiz Substituto \u00e9 de <strong>R$ 30.617,25<\/strong> (trinta mil,<br>seiscentos e dezessete reais e vinte e cinco centavos).<\/p>\n\n\n\n<h3 class=\"wp-block-heading\" id=\"requisitos\">Requisitos<\/h3>\n\n\n\n<p>\u00c9 necess\u00e1rio ser bacharel em Direito e contar, na data da inscri\u00e7\u00e3o definitiva, com pelo menos tr\u00eas anos de atividade jur\u00eddica, exercida exclusivamente ap\u00f3s a cola\u00e7\u00e3o de grau.<\/p>\n\n\n\n<p><em>O que \u00e9 aceito como atividade jur\u00eddica (Resolu\u00e7\u00e3o 75\/09 CNJ)?<\/em><\/p>\n\n\n\n<ul class=\"wp-block-list\">\n<li>Atividade exercida com exclusividade por bacharel em Direito.<br>Exerc\u00edcio da advocacia, com participa\u00e7\u00e3o anual m\u00ednima de 5 atos privativos de advogado em causas ou quest\u00f5es distintas.<\/li>\n\n\n\n<li>Exerc\u00edcio de cargos, empregos e fun\u00e7\u00f5es (inclusive magist\u00e9rio) que exigem o uso preponderante de conhecimento jur\u00eddico.<\/li>\n\n\n\n<li>Exerc\u00edcio da fun\u00e7\u00e3o de conciliador junto ao Poder Judici\u00e1rio por no m\u00ednimo 16 horas mensais e durante 1 ano.<br>Exerc\u00edcio de media\u00e7\u00e3o ou de arbitragem na composi\u00e7\u00e3o de lit\u00edgios (16 horas, 1 ano).<\/li>\n<\/ul>\n\n\n\n<p>Veja um guia completo sobre <a href=\"https:\/\/cj.estrategia.com\/portal\/atividade-juridica\/\" target=\"_blank\" >atividade jur\u00eddica<\/a> em concursos p\u00fablicos!<\/p>\n\n\n\n<h2 class=\"wp-block-heading\" id=\"etapas\"><span id=\"etapas-do-concurso-magistratura-pr\">Etapas do concurso Magistratura PR<\/span><\/h2>\n\n\n\n<h3 class=\"wp-block-heading\" id=\"objetiva\"><span id=\"prova-objetiva\">Prova Objetiva<\/span><\/h3>\n\n\n\n<p>A Prova Escrita Objetiva ser\u00e1 aplicada no dia <strong>03 de dezembro de 2023.<\/strong> Ela ser\u00e1 composta por<strong> 100 quest\u00f5es <\/strong>de m\u00faltipla escolha, com 05 alternativas e apenas uma resposta correta. <\/p>\n\n\n\n<figure class=\"wp-block-table is-style-stripes\"><table class=\"has-luminous-vivid-amber-to-luminous-vivid-orange-gradient-background has-background\"><thead><tr><th class=\"has-text-align-center\" data-align=\"center\">Bloco<\/th><th class=\"has-text-align-center\" data-align=\"center\">N\u00famero de Quest\u00f5es<\/th><th class=\"has-text-align-center\" data-align=\"center\">Disciplinas<\/th><\/tr><\/thead><tbody><tr><td class=\"has-text-align-center\" data-align=\"center\">I<\/td><td class=\"has-text-align-center\" data-align=\"center\"><br>30<\/td><td class=\"has-text-align-center\" data-align=\"center\">Direito Civil, Direito Processual Civil, Direito do Consumidor, Direito da Crian\u00e7a e do Adolescente<\/td><\/tr><tr><td class=\"has-text-align-center\" data-align=\"center\">II<\/td><td class=\"has-text-align-center\" data-align=\"center\"><br>40<\/td><td class=\"has-text-align-center\" data-align=\"center\">Direito Penal, Direito Processual Penal, Direito Constitucional, Direito Eleitoral, Juizados Especiais, C\u00f3digo de Normas da Corregedoria-Geral da Justi\u00e7a, C\u00f3digo de Organiza\u00e7\u00e3o e Divis\u00e3o Judici\u00e1rias do Estado do Paran\u00e1<\/td><\/tr><tr><td class=\"has-text-align-center\" data-align=\"center\">III<\/td><td class=\"has-text-align-center\" data-align=\"center\"><br>30<\/td><td class=\"has-text-align-center\" data-align=\"center\">Direito Empresarial, Direito Tribut\u00e1rio, Direito Ambiental, Direito Administrativo, Direito Previdenci\u00e1rio, No\u00e7\u00f5es Gerais de Direito e Forma\u00e7\u00e3o Human\u00edstica; e Direitos Humanos.<\/td><\/tr><\/tbody><\/table><figcaption class=\"wp-element-caption\"><strong>Bloco com as informa\u00e7\u00f5es sobre a prova objetiva do Concurso TJ PR Juiz<\/strong><\/figcaption><\/figure>\n\n\n\n<h3 class=\"wp-block-heading\" id=\"escritas\"><span id=\"provas-escritas\">Provas Escritas<\/span><\/h3>\n\n\n\n<p>A segunda etapa do concurso ser\u00e1 composta de 2 (duas) provas escritas, uma discursiva e uma pr\u00e1tica, sendo que a prova discursiva ser\u00e1 realizada em um \u00fanico dia e a prova pr\u00e1tica ser\u00e1 dividida em 2 (dois) dias. O tempo de prova, em cada dia, ser\u00e1 de 5 (cinco) horas.<\/p>\n\n\n\n<p><strong>A prova discursiva consistir\u00e1 de 2 (duas) disserta\u00e7\u00f5es e de 6 (seis) quest\u00f5es discursivas<\/strong>.<\/p>\n\n\n\n<p>As disserta\u00e7\u00f5es e as quest\u00f5es discursivas versar\u00e3o sobre quaisquer dos pontos do<br>programa das disciplinas mencionadas na letra \u201cb\u201d  do Anexo III do Edital.<\/p>\n\n\n\n<h3 class=\"wp-block-heading\" id=\"h-prova-pratica\"><span id=\"prova-pratica\">Prova Pr\u00e1tica<\/span><\/h3>\n\n\n\n<p><strong>A prova pr\u00e1tica consistir\u00e1 na lavratura de 2 (duas) senten\u00e7as, uma criminal e outra<br>c\u00edvel, em dias distintos.<\/strong><\/p>\n\n\n\n<p>Na prova de senten\u00e7a, exigir-se-\u00e1, para aprova\u00e7\u00e3o, nota m\u00ednima de 6 (seis) pontos<br>em cada uma delas, sendo a nota de cada senten\u00e7a atribu\u00edda entre 0,00 (zero) e 10,00 (dez)<br>e a nota da prova escrita pr\u00e1tica de senten\u00e7a obtida pela m\u00e9dia aritm\u00e9tica das notas obtidas<br>nas senten\u00e7as criminal e c\u00edvel.<\/p>\n\n\n\n<h3 class=\"wp-block-heading\" id=\"oral\"><span id=\"prova-oral\">Prova Oral <\/span><\/h3>\n\n\n\n<p>A prova oral ser\u00e1 prestada em sess\u00e3o p\u00fablica, na presen\u00e7a de todos os membros da Comiss\u00e3o Examinadora, de forma individual para cada candidato.<\/p>\n\n\n\n<p>A argui\u00e7\u00e3o do candidato versar\u00e1 sobre conhecimento t\u00e9cnico acerca dos temas relacionados ao ponto sorteado, cumprindo \u00e0 Comiss\u00e3o Examinadora avaliar-lhe o dom\u00ednio do conhecimento jur\u00eddico, a adequa\u00e7\u00e3o da linguagem, a articula\u00e7\u00e3o do racioc\u00ednio, a capacidade de argumenta\u00e7\u00e3o e o uso correto do vern\u00e1culo.<\/p>\n\n\n\n<p>A nota da prova oral corresponder\u00e1 \u00e0 m\u00e9dia aritm\u00e9tica simples das notas atribu\u00eddas pelos<br>examinadores em cada uma das disciplinas. Ser\u00e1 considerado aprovado o candidato que<br>obtiver nota igual ou superior a 6,00 (seis) pontos.<\/p>\n\n\n\n<h3 class=\"wp-block-heading\" id=\"titulo\"><span id=\"prova-de-titulos\">Prova de T\u00edtulos<\/span><\/h3>\n\n\n\n<p>I \u2013 exerc\u00edcio de cargo, emprego ou fun\u00e7\u00e3o p\u00fablica privativa de bacharel em Direito<br>pelo per\u00edodo m\u00ednimo de um (1) ano:<\/p>\n\n\n\n<p>a) Judicatura (Juiz): at\u00e9 3 (tr\u00eas) anos \u2013 2,0; acima de 3 (tr\u00eas) anos \u2013 2,5 pontos;<br>b) Pretor, Minist\u00e9rio P\u00fablico, Defensoria P\u00fablica, Advocacia-Geral da Uni\u00e3o,<br>Procuradoria (Procurador) de qualquer \u00f3rg\u00e3o ou entidade da Administra\u00e7\u00e3o P\u00fablica<br>direta ou indireta, de qualquer dos Poderes da Uni\u00e3o, dos Estados, do Distrito Federal<br>e dos Munic\u00edpios: at\u00e9 3 (tr\u00eas) anos \u2013 1,5 ponto; acima de 3 (tr\u00eas) anos \u2013 2,0 pontos.<\/p>\n\n\n\n<p>II \u2013 exerc\u00edcio de Magist\u00e9rio Superior na \u00e1rea jur\u00eddica pelo per\u00edodo m\u00ednimo de cinco<br>(5) anos:<\/p>\n\n\n\n<p>a) mediante admiss\u00e3o no corpo docente por concurso ou processo seletivo p\u00fablico<br>de provas e\/ou t\u00edtulos \u2013 1,5 ponto;<br>b) mediante admiss\u00e3o no corpo docente sem concurso ou processo seletivo<br>p\u00fablico de provas e\/ou t\u00edtulos \u2013 0,5 ponto.<\/p>\n\n\n\n<p>III \u2013 exerc\u00edcio de outro cargo, emprego ou fun\u00e7\u00e3o p\u00fablica privativa de bacharel em<br>Direito n\u00e3o previsto no inciso I, pelo per\u00edodo m\u00ednimo de um (1) ano:<\/p>\n\n\n\n<p>a) mediante admiss\u00e3o por concurso: at\u00e9 3 (tr\u00eas) anos \u2013 0,5 ponto; acima de 3<br>(tr\u00eas) anos \u2013 1,0 ponto;<br>b) mediante admiss\u00e3o sem concurso: at\u00e9 3 (tr\u00eas) anos \u2013 0,25 ponto; acima de 3<br>(tr\u00eas) anos \u2013 0,5 ponto.<\/p>\n\n\n\n<p>IV \u2013 exerc\u00edcio efetivo da advocacia pelo per\u00edodo m\u00ednimo de 3 (tr\u00eas) anos: at\u00e9 5<br>(cinco) anos \u2013 0,5 ponto; entre 5 (cinco) e 8 (oito) anos \u2013 1,0 ponto; acima de 8 (oito)<br>anos \u2013 1,5 ponto;<\/p>\n\n\n\n<p>V \u2013 aprova\u00e7\u00e3o em concurso p\u00fablico, desde que n\u00e3o tenha sido utilizado para<br>pontuar no inciso I:<\/p>\n\n\n\n<p>a) Judicatura (Juiz\/Pretor), Minist\u00e9rio P\u00fablico, Defensoria P\u00fablica, Advocacia Geral da Uni\u00e3o, Procuradoria (Procurador) de qualquer \u00f3rg\u00e3o ou entidade da Administra\u00e7\u00e3o P\u00fablica direta ou indireta de quaisquer dos Poderes da Uni\u00e3o, dos Estados, do Distrito Federal e dos Munic\u00edpios: 0,5 ponto;<br>b) outro concurso p\u00fablico para cargo, emprego ou fun\u00e7\u00e3o privativa de bacharel em Direito n\u00e3o constante do subitem acima: 0,25 ponto.<\/p>\n\n\n\n<p>VI \u2013 diplomas em curso de P\u00f3s-Gradua\u00e7\u00e3o:<\/p>\n\n\n\n<p>a) doutorado reconhecido ou revalidado: em Direito ou em Ci\u00eancias Sociais ou<br>Humanas \u2013 2,0 pontos;<br>b) mestrado reconhecido ou revalidado: em Direito ou em Ci\u00eancias Sociais ou<br>Humanas \u2013 1,5 ponto;<br>c) especializa\u00e7\u00e3o em Direito, na forma da legisla\u00e7\u00e3o educacional em vigor, com carga hor\u00e1ria m\u00ednima de 360 (trezentas e sessenta) horas-aula, cuja avalia\u00e7\u00e3o haja considerado monografia de final de curso: 0,5 ponto.<\/p>\n\n\n\n<p>VII \u2013 gradua\u00e7\u00e3o em qualquer curso superior reconhecido ou curso regular de prepara\u00e7\u00e3o \u00e0 Magistratura ou ao Minist\u00e9rio P\u00fablico. Com dura\u00e7\u00e3o m\u00ednima de 1 (um) ano, carga hor\u00e1ria m\u00ednima de 720 (setecentas e vinte) horas-aula, frequ\u00eancia m\u00ednima de 75% (setenta e cinco por cento) e nota de aproveitamento: 0,5 ponto;<\/p>\n\n\n\n<p>VIII \u2013 curso de extens\u00e3o sobre mat\u00e9ria jur\u00eddica de mais de 100 (cem) horas-aula, com<br>nota de aproveitamento ou trabalho de conclus\u00e3o de curso e frequ\u00eancia m\u00ednima de 75% (setenta e cinco por cento) \u2013 0,25 ponto;<\/p>\n\n\n\n<p>IX \u2013 publica\u00e7\u00e3o de obras jur\u00eddicas:<\/p>\n\n\n\n<p>a) livro jur\u00eddico de autoria exclusiva do candidato com apreci\u00e1vel conte\u00fado jur\u00eddico \u2013 0,75 ponto;<br>b) art. ou trabalho publicado em obra jur\u00eddica coletiva ou revista jur\u00eddica especializada, com conselho editorial, de apreci\u00e1vel conte\u00fado jur\u00eddico \u2013 0,25 ponto.<\/p>\n\n\n\n<p>X \u2013 l\u00e1urea universit\u00e1ria no curso de Bacharelado em Direito: 0,5 ponto;<\/p>\n\n\n\n<p>XI \u2013 participa\u00e7\u00e3o em banca examinadora de concurso p\u00fablico para o provimento de cargo da Magistratura, Minist\u00e9rio P\u00fablico, Advocacia P\u00fablica, Defensoria P\u00fablica ou de cargo de docente em institui\u00e7\u00e3o p\u00fablica de ensino superior: 0,75 ponto;<\/p>\n\n\n\n<p>XII \u2013 exerc\u00edcio, no m\u00ednimo durante 1 (um) ano, das atribui\u00e7\u00f5es de conciliador ou Juiz Leigo nos Juizados Especiais ou Centros Judici\u00e1rio de Solu\u00e7\u00e3o de Conflitos e Cidadania (CEJUSC\u2019s), ou na presta\u00e7\u00e3o de assist\u00eancia jur\u00eddica volunt\u00e1ria: 0,5 ponto.<\/p>\n\n\n\n<p>XIII \u2013 certificado de conclus\u00e3o de Programa de Resid\u00eancia institu\u00eddo por Tribunal, com dura\u00e7\u00e3o de pelo menos 12 (doze) meses: 0,5 ponto.<\/p>\n\n\n\n<ul class=\"wp-block-list\">\n<li><\/li>\n<\/ul>\n\n\n\n<p class=\"has-text-align-center has-very-light-gray-to-cyan-bluish-gray-gradient-background has-background has-medium-font-size\"><strong>Saiba mais: <a href=\"https:\/\/cj.estrategia.com\/portal\/concurso-magistratura-pr\/\">Edital Concurso Magistratura PR<\/a><\/strong><\/p>\n\n\n\n<h2 class=\"wp-block-heading has-text-align-center\" id=\"cursos\"><span id=\"quer-saber-tudo-sobre-concursos-previstosconfira-nossos-artigos\">Quer saber tudo sobre concursos previstos?<br>Confira nossos artigos!<\/span><\/h2>\n\n\n\n\n\n<h2 class=\"wp-block-heading has-text-align-center\" id=\"cursos\"><span id=\"cursos-para-o-concurso-juiz-pr\">Cursos para o concurso Juiz PR<\/span><\/h2>\n\n\n\n<p>O Estrat\u00e9gia Carreira Jur\u00eddica \u00e9 campe\u00e3o de aprova\u00e7\u00f5es nos concursos para Magistraturas com um corpo docente qualificado e materiais completos. Conhe\u00e7a nossos cursos e garanta sua aprova\u00e7\u00e3o no edital do TJ PR Juiz.<\/p>\n\n\n\n<p>\u00a0Nosso curso \u00e9 composto por pacote pr\u00e9-edital (PDF + v\u00eddeo aulas) e pacota\u00e7o (que cont\u00e9m o pacote pr\u00e9-edital, rodadas regulares, prepara\u00e7\u00e3o para fase discursiva e prepara\u00e7\u00e3o para a fase oral). Confira:<\/p>\n\n\n\n<div class=\"container\" id=\"boxes\">\n  <div class=\"row\">\n\n    <div class=\"col-sm\">\n      <div class=\"banner-estrategia-concursos-juridicos\" id=\"box-assinatura\">\n        <h2 id=\"curso-para-magistratura-pr\" class=\"titulo-assinatura\"><span style=\"color: #ffffff; font-size: 23px; \">Curso para Magistratura PR <\/span><\/h2>\n        <p class=\"subtitulo-assinatura\">Cursos focados no edital do concurso<\/p>\n        <div class=\"box-botao\">\n          <a class=\"btn-assinatura-juridica\" target=\"_blank\" href=\"https:\/\/cj.estrategia.com\/curso\/tj-pr-juiz-substituto-pacote-teorico-2022-pre-edital\/\" role=\"button\" rel=\"noopener noreferrer\">Conhe\u00e7a mais<\/a>\n        <\/div>\n      <\/div>\n   \n    <\/div>\n\n  <\/div>\n<\/div>\n\n\n\n<div class=\"wp-block-cover\" style=\"min-height:155px;aspect-ratio:unset;\"><img decoding=\"async\" width=\"1890\" height=\"351\" class=\"wp-block-cover__image-background wp-image-8669\" alt=\"Assinaturas Jur\u00eddicas\" src=\"https:\/\/cj.estrategia.com\/portal\/wp-content\/uploads\/2022\/06\/20151253\/concurso-carreiras-juridicas-assinatura-juridica.jpg\" style=\"object-position:78% 43%\" data-object-fit=\"cover\" data-object-position=\"78% 43%\" srcset=\"https:\/\/cj.estrategia.com\/portal\/wp-content\/uploads\/2022\/06\/20151253\/concurso-carreiras-juridicas-assinatura-juridica.jpg 1890w, https:\/\/cj.estrategia.com\/portal\/wp-content\/uploads\/2022\/06\/20151253\/concurso-carreiras-juridicas-assinatura-juridica-300x56.jpg 300w, https:\/\/cj.estrategia.com\/portal\/wp-content\/uploads\/2022\/06\/20151253\/concurso-carreiras-juridicas-assinatura-juridica-1024x190.jpg 1024w, https:\/\/cj.estrategia.com\/portal\/wp-content\/uploads\/2022\/06\/20151253\/concurso-carreiras-juridicas-assinatura-juridica-768x143.jpg 768w, https:\/\/cj.estrategia.com\/portal\/wp-content\/uploads\/2022\/06\/20151253\/concurso-carreiras-juridicas-assinatura-juridica-1536x285.jpg 1536w, https:\/\/cj.estrategia.com\/portal\/wp-content\/uploads\/2022\/06\/20151253\/concurso-carreiras-juridicas-assinatura-juridica-380x71.jpg 380w, https:\/\/cj.estrategia.com\/portal\/wp-content\/uploads\/2022\/06\/20151253\/concurso-carreiras-juridicas-assinatura-juridica-800x149.jpg 800w, https:\/\/cj.estrategia.com\/portal\/wp-content\/uploads\/2022\/06\/20151253\/concurso-carreiras-juridicas-assinatura-juridica-1160x215.jpg 1160w\" sizes=\"(max-width: 1890px) 100vw, 1890px\" \/><span aria-hidden=\"true\" class=\"wp-block-cover__background has-background-dim\"><\/span><div class=\"wp-block-cover__inner-container is-layout-flow wp-block-cover-is-layout-flow\">\n<h3 id=\"faca-a-sua-assinatura\" class=\"titulo-assinatura\"><span style=\"color: #ffffff;\">Fa\u00e7a a sua assinatura!<\/span><\/h3>\n<p class=\"subtitulo-assinatura\" style=\"display:block!important; line-height: 0;\"><span style=\"color: #ffffff;\">Escolha a sua \u00e1rea.<\/span><\/p>\n<a target=\"_blank\" href=\"https:\/\/www.estrategiaconcursos.com.br\/assinaturas-ecj\/\" rel=\"noopener\"><button style=\"border-radius: 10px; text-transform: capitalize;\">Acessar<\/button><\/a>\n<\/div><\/div>\n\n\n\n<blockquote class=\"wp-block-quote is-layout-flow wp-block-quote-is-layout-flow\">\n<figure class=\"wp-block-image size-large is-resized\"><img decoding=\"async\" src=\"https:\/\/dhg1h5j42swfq.cloudfront.net\/2021\/04\/05122037\/ficha-tecnica-1-2-1024x632.png\" alt=\"ficha t\u00e9cnica concurso magistratura pr\" class=\"wp-image-707512\" style=\"width:193px;height:119px\"\/><\/figure>\n\n\n\n<h4 class=\"wp-block-heading\" id=\"ficha\"><span id=\"informacoes-sobre-o-concurso-magistratura-pr\">Informa\u00e7\u00f5es sobre o concurso Magistratura PR<\/span><\/h4>\n\n\n\n<p>\u25ba<strong>Vagas<\/strong>: 27<br>\u25ba<strong>Cargos<\/strong>: Juiz Substituto<br>\u25ba<strong>Lota\u00e7\u00f5es<\/strong>: Paran\u00e1<br>\u25ba<strong>Banca<\/strong>: FGV<br>\u25ba<strong>Escolaridade<\/strong>: Bacharelado em Direito + 3 anos de atividade jur\u00eddica<br><a href=\"https:\/\/cj.estrategia.com\/portal\/wp-content\/uploads\/2023\/09\/04085238\/edital-001-2023-abertura-do-concurso-1-assinado.pdf\">Edital TJ PR Juiz 2023<\/a><\/p>\n<\/blockquote>\n","protected":false},"excerpt":{"rendered":"S\u00e3o ofertadas 27 vagas para o cargo de Juiz Substituto do Tribunal de Justi\u00e7a do Estado do Paran\u00e1.&hellip;\n","protected":false},"author":12,"featured_media":31391,"comment_status":"open","ping_status":"open","sticky":false,"template":"","format":"standard","meta":{"_jetpack_memberships_contains_paid_content":false,"footnotes":""},"categories":[26],"tags":[],"tax_estado":[48],"class_list":{"0":"post-45403","1":"post","2":"type-post","3":"status-publish","4":"format-standard","5":"has-post-thumbnail","7":"category-magistratura","8":"tax_estado-pr"},"acf":[],"yoast_head":"<!-- This site is optimized with the Yoast SEO Premium plugin v27.5 (Yoast SEO v27.5) - https:\/\/yoast.com\/product\/yoast-seo-premium-wordpress\/ -->\n<title>Edital Magistratura PR: confira os convocados para a segunda etapa!<\/title>\n<meta name=\"description\" content=\"Edital Magistratura PR: Edital oferta 27 vagas para Juiz Substituto. Inicial de R$ 30 mil.\" \/>\n<meta name=\"robots\" content=\"index, follow, max-snippet:-1, max-image-preview:large, max-video-preview:-1\" \/>\n<link rel=\"canonical\" href=\"https:\/\/cj.estrategia.com\/portal\/edital-magistratura-pr-2\/\" \/>\n<meta property=\"og:locale\" content=\"pt_BR\" \/>\n<meta property=\"og:type\" content=\"article\" \/>\n<meta property=\"og:title\" content=\"Edital Magistratura PR: confira os convocados para a segunda etapa!\" \/>\n<meta property=\"og:description\" content=\"Edital Magistratura PR: Edital oferta 27 vagas para Juiz Substituto. Inicial de R$ 30 mil.\" \/>\n<meta property=\"og:url\" content=\"https:\/\/cj.estrategia.com\/portal\/edital-magistratura-pr-2\/\" \/>\n<meta property=\"og:site_name\" content=\"Blog - Carreiras Jur\u00eddicas - Estrat\u00e9gia\" \/>\n<meta property=\"article:publisher\" content=\"https:\/\/www.facebook.com\/estrategiacarreirajuridica\/\" \/>\n<meta property=\"article:published_time\" content=\"2024-01-04T15:37:00+00:00\" \/>\n<meta property=\"article:modified_time\" content=\"2024-01-24T19:15:49+00:00\" \/>\n<meta property=\"og:image\" content=\"https:\/\/cj.estrategia.com\/portal\/wp-content\/uploads\/2023\/01\/17154154\/concurso-magistratura-pr-ecj.jpg\" \/>\n\t<meta property=\"og:image:width\" content=\"960\" \/>\n\t<meta property=\"og:image:height\" content=\"540\" \/>\n\t<meta property=\"og:image:type\" content=\"image\/jpeg\" \/>\n<meta name=\"author\" content=\"Coordena\u00e7\u00e3o\" \/>\n<meta name=\"twitter:card\" content=\"summary_large_image\" \/>\n<meta name=\"twitter:creator\" content=\"@EstratJuridica\" \/>\n<meta name=\"twitter:site\" content=\"@EstratJuridica\" \/>\n<meta name=\"twitter:label1\" content=\"Escrito por\" \/>\n\t<meta name=\"twitter:data1\" content=\"Coordena\u00e7\u00e3o\" \/>\n\t<meta name=\"twitter:label2\" content=\"Est. tempo de leitura\" \/>\n\t<meta name=\"twitter:data2\" content=\"8 minutos\" \/>\n<script type=\"application\/ld+json\" class=\"yoast-schema-graph\">{\"@context\":\"https:\\\/\\\/schema.org\",\"@graph\":[{\"@type\":\"NewsArticle\",\"@id\":\"https:\\\/\\\/cj.estrategia.com\\\/portal\\\/edital-magistratura-pr-2\\\/#article\",\"isPartOf\":{\"@id\":\"https:\\\/\\\/cj.estrategia.com\\\/portal\\\/edital-magistratura-pr-2\\\/\"},\"author\":{\"name\":\"Coordena\u00e7\u00e3o\",\"@id\":\"https:\\\/\\\/cj.estrategia.com\\\/portal\\\/#\\\/schema\\\/person\\\/4d70317d31449932b99102916b6637f5\"},\"headline\":\"Edital Magistratura PR: confira os convocados para a segunda etapa!\",\"datePublished\":\"2024-01-04T15:37:00+00:00\",\"dateModified\":\"2024-01-24T19:15:49+00:00\",\"mainEntityOfPage\":{\"@id\":\"https:\\\/\\\/cj.estrategia.com\\\/portal\\\/edital-magistratura-pr-2\\\/\"},\"wordCount\":1481,\"commentCount\":0,\"publisher\":{\"@id\":\"https:\\\/\\\/cj.estrategia.com\\\/portal\\\/#organization\"},\"image\":{\"@id\":\"https:\\\/\\\/cj.estrategia.com\\\/portal\\\/edital-magistratura-pr-2\\\/#primaryimage\"},\"thumbnailUrl\":\"https:\\\/\\\/cj.estrategia.com\\\/portal\\\/wp-content\\\/uploads\\\/2023\\\/01\\\/17154154\\\/concurso-magistratura-pr-ecj.jpg\",\"articleSection\":[\"Magistratura\"],\"inLanguage\":\"pt-BR\",\"potentialAction\":[{\"@type\":\"CommentAction\",\"name\":\"Comment\",\"target\":[\"https:\\\/\\\/cj.estrategia.com\\\/portal\\\/edital-magistratura-pr-2\\\/#respond\"]}]},{\"@type\":\"WebPage\",\"@id\":\"https:\\\/\\\/cj.estrategia.com\\\/portal\\\/edital-magistratura-pr-2\\\/\",\"url\":\"https:\\\/\\\/cj.estrategia.com\\\/portal\\\/edital-magistratura-pr-2\\\/\",\"name\":\"Edital Magistratura PR: confira os convocados para a segunda etapa!\",\"isPartOf\":{\"@id\":\"https:\\\/\\\/cj.estrategia.com\\\/portal\\\/#website\"},\"primaryImageOfPage\":{\"@id\":\"https:\\\/\\\/cj.estrategia.com\\\/portal\\\/edital-magistratura-pr-2\\\/#primaryimage\"},\"image\":{\"@id\":\"https:\\\/\\\/cj.estrategia.com\\\/portal\\\/edital-magistratura-pr-2\\\/#primaryimage\"},\"thumbnailUrl\":\"https:\\\/\\\/cj.estrategia.com\\\/portal\\\/wp-content\\\/uploads\\\/2023\\\/01\\\/17154154\\\/concurso-magistratura-pr-ecj.jpg\",\"datePublished\":\"2024-01-04T15:37:00+00:00\",\"dateModified\":\"2024-01-24T19:15:49+00:00\",\"description\":\"Edital Magistratura PR: Edital oferta 27 vagas para Juiz Substituto. Inicial de R$ 30 mil.\",\"breadcrumb\":{\"@id\":\"https:\\\/\\\/cj.estrategia.com\\\/portal\\\/edital-magistratura-pr-2\\\/#breadcrumb\"},\"inLanguage\":\"pt-BR\",\"potentialAction\":[{\"@type\":\"ReadAction\",\"target\":[\"https:\\\/\\\/cj.estrategia.com\\\/portal\\\/edital-magistratura-pr-2\\\/\"]}]},{\"@type\":\"ImageObject\",\"inLanguage\":\"pt-BR\",\"@id\":\"https:\\\/\\\/cj.estrategia.com\\\/portal\\\/edital-magistratura-pr-2\\\/#primaryimage\",\"url\":\"https:\\\/\\\/cj.estrategia.com\\\/portal\\\/wp-content\\\/uploads\\\/2023\\\/01\\\/17154154\\\/concurso-magistratura-pr-ecj.jpg\",\"contentUrl\":\"https:\\\/\\\/cj.estrategia.com\\\/portal\\\/wp-content\\\/uploads\\\/2023\\\/01\\\/17154154\\\/concurso-magistratura-pr-ecj.jpg\",\"width\":960,\"height\":540,\"caption\":\"Concurso Juiz PR\"},{\"@type\":\"BreadcrumbList\",\"@id\":\"https:\\\/\\\/cj.estrategia.com\\\/portal\\\/edital-magistratura-pr-2\\\/#breadcrumb\",\"itemListElement\":[{\"@type\":\"ListItem\",\"position\":1,\"name\":\"In\u00edcio\",\"item\":\"https:\\\/\\\/cj.estrategia.com\\\/portal\\\/\"},{\"@type\":\"ListItem\",\"position\":2,\"name\":\"Edital Magistratura PR: confira os convocados para a segunda etapa!\"}]},{\"@type\":\"WebSite\",\"@id\":\"https:\\\/\\\/cj.estrategia.com\\\/portal\\\/#website\",\"url\":\"https:\\\/\\\/cj.estrategia.com\\\/portal\\\/\",\"name\":\"Blog - Carreiras Jur\u00eddicas - Estrat\u00e9gia\",\"description\":\"\",\"publisher\":{\"@id\":\"https:\\\/\\\/cj.estrategia.com\\\/portal\\\/#organization\"},\"potentialAction\":[{\"@type\":\"SearchAction\",\"target\":{\"@type\":\"EntryPoint\",\"urlTemplate\":\"https:\\\/\\\/cj.estrategia.com\\\/portal\\\/?s={search_term_string}\"},\"query-input\":{\"@type\":\"PropertyValueSpecification\",\"valueRequired\":true,\"valueName\":\"search_term_string\"}}],\"inLanguage\":\"pt-BR\"},{\"@type\":\"Organization\",\"@id\":\"https:\\\/\\\/cj.estrategia.com\\\/portal\\\/#organization\",\"name\":\"Estrat\u00e9gia - Carreiras Jur\u00eddicas\",\"url\":\"https:\\\/\\\/cj.estrategia.com\\\/portal\\\/\",\"logo\":{\"@type\":\"ImageObject\",\"inLanguage\":\"pt-BR\",\"@id\":\"https:\\\/\\\/cj.estrategia.com\\\/portal\\\/#\\\/schema\\\/logo\\\/image\\\/\",\"url\":\"https:\\\/\\\/cj.estrategia.com\\\/portal\\\/wp-content\\\/uploads\\\/2022\\\/03\\\/11151052\\\/cj-logo.png\",\"contentUrl\":\"https:\\\/\\\/cj.estrategia.com\\\/portal\\\/wp-content\\\/uploads\\\/2022\\\/03\\\/11151052\\\/cj-logo.png\",\"width\":150,\"height\":39,\"caption\":\"Estrat\u00e9gia - Carreiras Jur\u00eddicas\"},\"image\":{\"@id\":\"https:\\\/\\\/cj.estrategia.com\\\/portal\\\/#\\\/schema\\\/logo\\\/image\\\/\"},\"sameAs\":[\"https:\\\/\\\/www.facebook.com\\\/estrategiacarreirajuridica\\\/\",\"https:\\\/\\\/x.com\\\/EstratJuridica\",\"https:\\\/\\\/www.instagram.com\\\/estrategiacarreirajuridica\\\/\",\"https:\\\/\\\/www.youtube.com\\\/channel\\\/UClbMGuYbj2Mh1m3w144ETWQ\"]},{\"@type\":\"Person\",\"@id\":\"https:\\\/\\\/cj.estrategia.com\\\/portal\\\/#\\\/schema\\\/person\\\/4d70317d31449932b99102916b6637f5\",\"name\":\"Coordena\u00e7\u00e3o\",\"image\":{\"@type\":\"ImageObject\",\"inLanguage\":\"pt-BR\",\"@id\":\"https:\\\/\\\/cj.estrategia.com\\\/portal\\\/wp-content\\\/uploads\\\/2022\\\/05\\\/12164923\\\/estrategia-carreira-juridica-coordenacao-96x96.png\",\"url\":\"https:\\\/\\\/cj.estrategia.com\\\/portal\\\/wp-content\\\/uploads\\\/2022\\\/05\\\/12164923\\\/estrategia-carreira-juridica-coordenacao-96x96.png\",\"contentUrl\":\"https:\\\/\\\/cj.estrategia.com\\\/portal\\\/wp-content\\\/uploads\\\/2022\\\/05\\\/12164923\\\/estrategia-carreira-juridica-coordenacao-96x96.png\",\"caption\":\"Coordena\u00e7\u00e3o\"},\"url\":\"https:\\\/\\\/cj.estrategia.com\\\/portal\\\/author\\\/coordenacao\\\/\"}]}<\/script>\n<!-- \/ Yoast SEO Premium plugin. -->","yoast_head_json":{"title":"Edital Magistratura PR: confira os convocados para a segunda etapa!","description":"Edital Magistratura PR: Edital oferta 27 vagas para Juiz Substituto. Inicial de R$ 30 mil.","robots":{"index":"index","follow":"follow","max-snippet":"max-snippet:-1","max-image-preview":"max-image-preview:large","max-video-preview":"max-video-preview:-1"},"canonical":"https:\/\/cj.estrategia.com\/portal\/edital-magistratura-pr-2\/","og_locale":"pt_BR","og_type":"article","og_title":"Edital Magistratura PR: confira os convocados para a segunda etapa!","og_description":"Edital Magistratura PR: Edital oferta 27 vagas para Juiz Substituto. Inicial de R$ 30 mil.","og_url":"https:\/\/cj.estrategia.com\/portal\/edital-magistratura-pr-2\/","og_site_name":"Blog - Carreiras Jur\u00eddicas - Estrat\u00e9gia","article_publisher":"https:\/\/www.facebook.com\/estrategiacarreirajuridica\/","article_published_time":"2024-01-04T15:37:00+00:00","article_modified_time":"2024-01-24T19:15:49+00:00","og_image":[{"width":960,"height":540,"url":"https:\/\/cj.estrategia.com\/portal\/wp-content\/uploads\/2023\/01\/17154154\/concurso-magistratura-pr-ecj.jpg","type":"image\/jpeg"}],"author":"Coordena\u00e7\u00e3o","twitter_card":"summary_large_image","twitter_creator":"@EstratJuridica","twitter_site":"@EstratJuridica","twitter_misc":{"Escrito por":"Coordena\u00e7\u00e3o","Est. tempo de leitura":"8 minutos"},"schema":{"@context":"https:\/\/schema.org","@graph":[{"@type":"NewsArticle","@id":"https:\/\/cj.estrategia.com\/portal\/edital-magistratura-pr-2\/#article","isPartOf":{"@id":"https:\/\/cj.estrategia.com\/portal\/edital-magistratura-pr-2\/"},"author":{"name":"Coordena\u00e7\u00e3o","@id":"https:\/\/cj.estrategia.com\/portal\/#\/schema\/person\/4d70317d31449932b99102916b6637f5"},"headline":"Edital Magistratura PR: confira os convocados para a segunda etapa!","datePublished":"2024-01-04T15:37:00+00:00","dateModified":"2024-01-24T19:15:49+00:00","mainEntityOfPage":{"@id":"https:\/\/cj.estrategia.com\/portal\/edital-magistratura-pr-2\/"},"wordCount":1481,"commentCount":0,"publisher":{"@id":"https:\/\/cj.estrategia.com\/portal\/#organization"},"image":{"@id":"https:\/\/cj.estrategia.com\/portal\/edital-magistratura-pr-2\/#primaryimage"},"thumbnailUrl":"https:\/\/cj.estrategia.com\/portal\/wp-content\/uploads\/2023\/01\/17154154\/concurso-magistratura-pr-ecj.jpg","articleSection":["Magistratura"],"inLanguage":"pt-BR","potentialAction":[{"@type":"CommentAction","name":"Comment","target":["https:\/\/cj.estrategia.com\/portal\/edital-magistratura-pr-2\/#respond"]}]},{"@type":"WebPage","@id":"https:\/\/cj.estrategia.com\/portal\/edital-magistratura-pr-2\/","url":"https:\/\/cj.estrategia.com\/portal\/edital-magistratura-pr-2\/","name":"Edital Magistratura PR: confira os convocados para a segunda etapa!","isPartOf":{"@id":"https:\/\/cj.estrategia.com\/portal\/#website"},"primaryImageOfPage":{"@id":"https:\/\/cj.estrategia.com\/portal\/edital-magistratura-pr-2\/#primaryimage"},"image":{"@id":"https:\/\/cj.estrategia.com\/portal\/edital-magistratura-pr-2\/#primaryimage"},"thumbnailUrl":"https:\/\/cj.estrategia.com\/portal\/wp-content\/uploads\/2023\/01\/17154154\/concurso-magistratura-pr-ecj.jpg","datePublished":"2024-01-04T15:37:00+00:00","dateModified":"2024-01-24T19:15:49+00:00","description":"Edital Magistratura PR: Edital oferta 27 vagas para Juiz Substituto. Inicial de R$ 30 mil.","breadcrumb":{"@id":"https:\/\/cj.estrategia.com\/portal\/edital-magistratura-pr-2\/#breadcrumb"},"inLanguage":"pt-BR","potentialAction":[{"@type":"ReadAction","target":["https:\/\/cj.estrategia.com\/portal\/edital-magistratura-pr-2\/"]}]},{"@type":"ImageObject","inLanguage":"pt-BR","@id":"https:\/\/cj.estrategia.com\/portal\/edital-magistratura-pr-2\/#primaryimage","url":"https:\/\/cj.estrategia.com\/portal\/wp-content\/uploads\/2023\/01\/17154154\/concurso-magistratura-pr-ecj.jpg","contentUrl":"https:\/\/cj.estrategia.com\/portal\/wp-content\/uploads\/2023\/01\/17154154\/concurso-magistratura-pr-ecj.jpg","width":960,"height":540,"caption":"Concurso Juiz PR"},{"@type":"BreadcrumbList","@id":"https:\/\/cj.estrategia.com\/portal\/edital-magistratura-pr-2\/#breadcrumb","itemListElement":[{"@type":"ListItem","position":1,"name":"In\u00edcio","item":"https:\/\/cj.estrategia.com\/portal\/"},{"@type":"ListItem","position":2,"name":"Edital Magistratura PR: confira os convocados para a segunda etapa!"}]},{"@type":"WebSite","@id":"https:\/\/cj.estrategia.com\/portal\/#website","url":"https:\/\/cj.estrategia.com\/portal\/","name":"Blog - Carreiras Jur\u00eddicas - Estrat\u00e9gia","description":"","publisher":{"@id":"https:\/\/cj.estrategia.com\/portal\/#organization"},"potentialAction":[{"@type":"SearchAction","target":{"@type":"EntryPoint","urlTemplate":"https:\/\/cj.estrategia.com\/portal\/?s={search_term_string}"},"query-input":{"@type":"PropertyValueSpecification","valueRequired":true,"valueName":"search_term_string"}}],"inLanguage":"pt-BR"},{"@type":"Organization","@id":"https:\/\/cj.estrategia.com\/portal\/#organization","name":"Estrat\u00e9gia - Carreiras Jur\u00eddicas","url":"https:\/\/cj.estrategia.com\/portal\/","logo":{"@type":"ImageObject","inLanguage":"pt-BR","@id":"https:\/\/cj.estrategia.com\/portal\/#\/schema\/logo\/image\/","url":"https:\/\/cj.estrategia.com\/portal\/wp-content\/uploads\/2022\/03\/11151052\/cj-logo.png","contentUrl":"https:\/\/cj.estrategia.com\/portal\/wp-content\/uploads\/2022\/03\/11151052\/cj-logo.png","width":150,"height":39,"caption":"Estrat\u00e9gia - Carreiras Jur\u00eddicas"},"image":{"@id":"https:\/\/cj.estrategia.com\/portal\/#\/schema\/logo\/image\/"},"sameAs":["https:\/\/www.facebook.com\/estrategiacarreirajuridica\/","https:\/\/x.com\/EstratJuridica","https:\/\/www.instagram.com\/estrategiacarreirajuridica\/","https:\/\/www.youtube.com\/channel\/UClbMGuYbj2Mh1m3w144ETWQ"]},{"@type":"Person","@id":"https:\/\/cj.estrategia.com\/portal\/#\/schema\/person\/4d70317d31449932b99102916b6637f5","name":"Coordena\u00e7\u00e3o","image":{"@type":"ImageObject","inLanguage":"pt-BR","@id":"https:\/\/cj.estrategia.com\/portal\/wp-content\/uploads\/2022\/05\/12164923\/estrategia-carreira-juridica-coordenacao-96x96.png","url":"https:\/\/cj.estrategia.com\/portal\/wp-content\/uploads\/2022\/05\/12164923\/estrategia-carreira-juridica-coordenacao-96x96.png","contentUrl":"https:\/\/cj.estrategia.com\/portal\/wp-content\/uploads\/2022\/05\/12164923\/estrategia-carreira-juridica-coordenacao-96x96.png","caption":"Coordena\u00e7\u00e3o"},"url":"https:\/\/cj.estrategia.com\/portal\/author\/coordenacao\/"}]}},"jetpack_featured_media_url":"https:\/\/cj.estrategia.com\/portal\/wp-content\/uploads\/2023\/01\/17154154\/concurso-magistratura-pr-ecj.jpg","jetpack_sharing_enabled":true,"_links":{"self":[{"href":"https:\/\/cj.estrategia.com\/portal\/wp-json\/wp\/v2\/posts\/45403","targetHints":{"allow":["GET"]}}],"collection":[{"href":"https:\/\/cj.estrategia.com\/portal\/wp-json\/wp\/v2\/posts"}],"about":[{"href":"https:\/\/cj.estrategia.com\/portal\/wp-json\/wp\/v2\/types\/post"}],"author":[{"embeddable":true,"href":"https:\/\/cj.estrategia.com\/portal\/wp-json\/wp\/v2\/users\/12"}],"replies":[{"embeddable":true,"href":"https:\/\/cj.estrategia.com\/portal\/wp-json\/wp\/v2\/comments?post=45403"}],"version-history":[{"count":0,"href":"https:\/\/cj.estrategia.com\/portal\/wp-json\/wp\/v2\/posts\/45403\/revisions"}],"wp:featuredmedia":[{"embeddable":true,"href":"https:\/\/cj.estrategia.com\/portal\/wp-json\/wp\/v2\/media\/31391"}],"wp:attachment":[{"href":"https:\/\/cj.estrategia.com\/portal\/wp-json\/wp\/v2\/media?parent=45403"}],"wp:term":[{"taxonomy":"category","embeddable":true,"href":"https:\/\/cj.estrategia.com\/portal\/wp-json\/wp\/v2\/categories?post=45403"},{"taxonomy":"post_tag","embeddable":true,"href":"https:\/\/cj.estrategia.com\/portal\/wp-json\/wp\/v2\/tags?post=45403"},{"taxonomy":"tax_estado","embeddable":true,"href":"https:\/\/cj.estrategia.com\/portal\/wp-json\/wp\/v2\/tax_estado?post=45403"}],"curies":[{"name":"wp","href":"https:\/\/api.w.org\/{rel}","templated":true}]}}