{"id":45027,"date":"2023-08-31T08:48:14","date_gmt":"2023-08-31T11:48:14","guid":{"rendered":"https:\/\/cj.estrategia.com\/portal\/?p=45027"},"modified":"2023-08-31T10:34:03","modified_gmt":"2023-08-31T13:34:03","slug":"policia-x-traficantes","status":"publish","type":"post","link":"https:\/\/cj.estrategia.com\/portal\/policia-x-traficantes\/","title":{"rendered":"Pol\u00edcia x Traficantes: qual a responsabilidade do Estado em caso de bala perdida?"},"content":{"rendered":"\n<p>Sou o professor Marcos Gomes, Defensor P\u00fablico do Estado de S\u00e3o Paulo, Coordenador da Cole\u00e7\u00e3o Defensoria P\u00fablica Ponto a Ponto e Especialista em Direito P\u00fablico.<\/p>\n\n\n\n<p>Trouxe abaixo uma an\u00e1lise para reflex\u00e3o sobre o tema: <strong>Pol\u00edcia x Traficantes: qual a responsabilidade do Estado em caso de bala perdida?<\/strong><\/p>\n\n\n\n<p>O tema envolvendo letalidade policial est\u00e1 em evid\u00eancia na sociedade e, consequentemente, nos concursos jur\u00eddicos. No 5\u00ba exame de sele\u00e7\u00e3o para forma\u00e7\u00e3o de cadastro de reserva para o programa de resid\u00eancia jur\u00eddica da Defensoria P\u00fablica do estado do Rio de Janeiro fora realizado o seguinte questionamento:<\/p>\n\n\n\n<p><em>Em janeiro de 2023, Leonel da F\u00e9, saindo para trabalhar logo de manh\u00e3, foi atingido por um proj\u00e9til de arma de fogo durante um confronto entre traficantes e policiais militares na favela onde reside. O PAF transfixou o corpo da v\u00edtima e n\u00e3o foi localizado. O laudo de exame de corpo de delito indicou debilidade permanente da marcha provocada pelo proj\u00e9til. Leonel era pedreiro aut\u00f4nomo, ficando reduzida sua capacidade para o exerc\u00edcio de suas atividades laborais cotidianas. <\/em><\/p>\n\n\n\n<p>A v\u00edtima marcou atendimento no N\u00facleo de Primeiro Atendimento da Defensoria P\u00fablica do bairro onde reside. Responda fundamentadamente, observando-se o limite de 20 linhas:<\/p>\n\n\n\n<p><strong>1 \u2013<\/strong> Restou configurada a responsabilidade civil do Estado no caso concreto? Em sendo afirmativa sua resposta sob qual esp\u00e9cie? Indique a fundamenta\u00e7\u00e3o jur\u00eddica pertinente. (valor 2,5)<\/p>\n\n\n\n<p><strong>2 \u2013<\/strong> Indique, no caso concreto, quais os requisitos para a configura\u00e7\u00e3o da responsabiliza\u00e7\u00e3o civil do Estado. (valor 2,5)<\/p>\n\n\n\n<p><strong>3 \u2013<\/strong> Qual a medida judicial seria eleita para postular os direitos do assisti do indicando quais os pedidos seriam formulados, o polo passivo e o ju\u00edzo competente? (valor 2,5)<\/p>\n\n\n\n<p><strong>4 \u2013<\/strong> Qual a posi\u00e7\u00e3o atual do Supremo Tribunal Federal no que tange \u00e0 bala perdida no curso de uma opera\u00e7\u00e3o\/a\u00e7\u00e3o policial? (valor 2,5)\u201d<\/p>\n\n\n\n<p>No caso em tela, resta configurada a responsabilidade civil objetiva do Estado (Teoria do Risco Administrativo), atraindo-se o art. 37, \u00a76\u00ba, da Constitui\u00e7\u00e3o Federal. <\/p>\n\n\n\n<p><strong>Vejamos:<\/strong><\/p>\n\n\n\n<p><strong>Constitui\u00e7\u00e3o Federal, art. 37, \u00a7 6\u00ba \u2013<\/strong> \u201cAs pessoas jur\u00eddicas de direito p\u00fablico e as de direito privado prestadoras de servi\u00e7os p\u00fablicos responder\u00e3o pelos danos que seus agentes, nessa qualidade, causarem a terceiros, assegurado o direito de regresso contra o respons\u00e1vel nos casos de dolo ou culpa\u201d.<\/p>\n\n\n\n<p class=\"has-text-align-left\">Ademais, os requisitos da responsabilidade civil (a\u00e7\u00e3o, nexo de causalidade e resultado) restaram demonstrados. Isso porque a a\u00e7\u00e3o do estado foi instrumentalizada por meio da a\u00e7\u00e3o policial. Por seu turno, o nexo de causalidade restou configurado ao descrever que o proj\u00e9til de arma de fogo disparado durante a a\u00e7\u00e3o policial culminou em danos para a v\u00edtima, inclusive com debilidade permanente. Por fim, o resultado lesivo tamb\u00e9m restou demonstrado por meio do sofrimento intenso, das les\u00f5es, e da redu\u00e7\u00e3o da capacidade laborativa.<\/p>\n\n\n\n<p>Ao comparecer no n\u00facleo de atendimento da Defensoria P\u00fablica a medida judicial cab\u00edvel seria uma a\u00e7\u00e3o de responsabilidade civil em face do Estado do Rio de Janeiro. Nos termos do art. 53, III e IV, CPC, a compet\u00eancia seria do ju\u00edzo de Fazenda P\u00fablica do local do fato ou do domic\u00edlio do autor.<\/p>\n\n\n\n<p>De fato, restou caracterizada ofensa aos direitos da personalidade da v\u00edtima, motivo pelo qual poderia ser pleiteado danos morais. Al\u00e9m disso, pelo fato de ter sido verificada a perda da capacidade laborativa, seria vi\u00e1vel o pedido de pensionamento pelo estado. Por fim, poderiam ser pleiteados danos materiais (despesas com tratamentos m\u00e9dicos) e lucros cessantes (em virtude da perda da capacidade laborativa), nos termos do art. 949 e 950, do C\u00f3digo Civil. Sublinhe-se:<\/p>\n\n\n\n<p><strong>C\u00f3digo Civil \u2013 \u201cArt. 949.<\/strong> No caso de les\u00e3o ou outra ofensa \u00e0 sa\u00fade, o ofensor indenizar\u00e1 o ofendido das despesas do tratamento e dos lucros cessantes at\u00e9 ao fim da convalescen\u00e7a, al\u00e9m de algum outro preju\u00edzo que o ofendido prove haver sofrido.<\/p>\n\n\n\n<p><strong>Art. 950.<\/strong> Se da ofensa resultar defeito pelo qual o ofendido n\u00e3o possa exercer o seu of\u00edcio ou profiss\u00e3o, ou se lhe diminua a capacidade de trabalho, a indeniza\u00e7\u00e3o, al\u00e9m das despesas do tratamento e lucros cessantes at\u00e9 ao fim da convalescen\u00e7a, incluir\u00e1 pens\u00e3o correspondente \u00e0 import\u00e2ncia do trabalho para que se inabilitou, ou da deprecia\u00e7\u00e3o que ele sofreu\u201d.<\/p>\n\n\n\n<p>Concluindo-se de forma hol\u00edstica a resposta da quest\u00e3o de prova, imprescind\u00edvel destacar o posicionamento do STF no ARE 1382159 AgR, julgado em 2023:<\/p>\n\n\n\n<p><strong><em>Ementa: RECURSO EXTRAORDIN\u00c1RIO COM AGRAVO. REVOLVIMENTO DE MAT\u00c9RIA F\u00c1TICA. DESNECESSIDADE. RESPONSABILIDADE CIVIL DO ESTADO. OPERA\u00c7\u00c3O POLICIAL EM COMUNIDADE DO RIO DE JANEIRO. MORTE DE CIVIL DESARMADO NO INTERIOR DE SUA RESID\u00caNCIA. TEORIA DO RISCO ADMINISTRATIVO. COMPROVA\u00c7\u00c3O DA A\u00c7\u00c3O ESTATAL, NEXO CAUSAL E DANO. \u00d4NUS DO ESTADO DEMONSTRAR A CONFORMIDADE DA A\u00c7\u00c3O DE SEUS AGENTES. AGRAVO INTERNO E RECURSO EXTRAORDIN\u00c1RIO COM AGRAVO PROVIDOS. <\/em><\/strong><\/p>\n\n\n\n<p>1. O objeto deste recurso extraordin\u00e1rio consiste em definir se est\u00e3o configurados os requisitos para responsabiliza\u00e7\u00e3o civil do Estado pela morte de cidad\u00e3o \u2013 especialmente o nexo causal \u2013 quando, embora comprovados o dano e a realiza\u00e7\u00e3o de opera\u00e7\u00e3o policial no momento do disparo fatal, n\u00e3o \u00e9 demonstrado que o proj\u00e9til que atingiu a v\u00edtima foi deflagrado por agente estatal. <\/p>\n\n\n\n<p>2. As opera\u00e7\u00f5es policiais no Brasil s\u00e3o desproporcionalmente letais e desacompanhadas de medidas aptas a assegurar a conformidade f\u00e1tica e jur\u00eddica da a\u00e7\u00e3o estatal, conforme assentado pela Corte Interamericana de Direitos Humanos no caso Favela Nova Bras\u00edlia e pelo Supremo Tribunal Federal na ADPF 635 (Tribunal Pleno, Rel. Min. Edson Fachin, DJe de 2.6.2022). O Estado brasileiro, a prop\u00f3sito de conter atividades il\u00edcitas, fere e mata diariamente seus cidad\u00e3os, especialmente em comunidades carentes. A defini\u00e7\u00e3o da responsabilidade civil do Estado n\u00e3o pode ignorar esse cen\u00e1rio, sob pena de ressuscitar, por via transversa, o paradigma da irresponsabilidade estatal. <\/p>\n\n\n\n<p>3. \u00c9 necess\u00e1rio estruturar o nexo causal entre dano e a\u00e7\u00f5es estatais armadas de modo a contemplar essas circunst\u00e2ncias espec\u00edficas e efetivamente reparar as les\u00f5es, restaurar o primado da igualdade e induzir a ado\u00e7\u00e3o pelo Estado de protocolos de atua\u00e7\u00e3o de seus agentes. Isso significa que, no contexto de incurs\u00f5es policiais, comprovado o confronto armado entre agentes estatais e criminosos (a\u00e7\u00e3o), bem como a les\u00e3o ou morte de cidad\u00e3o (dano) por disparo de arma de fogo (nexo), cabe ao Estado comprovar a ocorr\u00eancia de hip\u00f3teses interruptivas da rela\u00e7\u00e3o de causalidade. <\/p>\n\n\n\n<p>4. O Estado, que possui os meios para tanto \u2013 como c\u00e2meras corporais e peritos oficiais \u2013, deve averiguar as externalidades negativas de sua a\u00e7\u00e3o armada, coligindo evid\u00eancias e elaborando os laudos que permitam a identifica\u00e7\u00e3o das reais circunst\u00e2ncias da morte de civis desarmados dentro de sua pr\u00f3pria resid\u00eancia. <\/p>\n\n\n\n<p>5. Portanto, se o cidad\u00e3o demonstra a causa da morte \u2013 disparo de arma de fogo \u2013 e evidencia a incurs\u00e3o estatal armada no momento do dano, est\u00e3o configurados elementos da responsabilidade objetiva do Estado, de modo que cabe a este comprovar a interrup\u00e7\u00e3o do nexo causal, evidenciando (i) que os agentes estatais n\u00e3o provocaram as les\u00f5es, seja porque, por exemplo, n\u00e3o dispararam arma de fogo ou engajaram em confronto em local diverso do dano; ou (ii) a culpa exclusiva da v\u00edtima ou fato de terceiro. A mera negativa de a\u00e7\u00e3o estatal il\u00edcita, sem a demonstra\u00e7\u00e3o da interrup\u00e7\u00e3o do nexo causal e da conformidade da incurs\u00e3o armada de agentes de seguran\u00e7a p\u00fablica, com o esclarecimento da din\u00e2mica factual, n\u00e3o \u00e9 suficiente para afastar a responsabilidade civil do Estado. <\/p>\n\n\n\n<p>6. Agravo interno e recurso extraordin\u00e1rio com agravo providos para julgar procedentes em parte os pedidos e condenar o Estado do Rio de Janeiro ao pagamento de (i) compensa\u00e7\u00e3o por danos morais a Jurema Rangel Bento Paz, no valor de R$ 100.000,00; (ii) compensa\u00e7\u00e3o por danos morais a Ana Julia Rangel Donaly, no valor de R$ 50.000,00; e (iii) compensa\u00e7\u00e3o por danos morais a Camila Rangel Bento Paz, no valor de R$ 50.000,00.<\/p>\n\n\n\n<p>Assim, concluiu a Suprema Corte pela responsabilidade objetiva do estado, com fundamento na Teoria do Risco Administrativo, em caso de bala perdida em opera\u00e7\u00e3o policial que culmina na morte de civil desarmado no interior de sua resid\u00eancia. Trata-se de assunto que est\u00e1 em evid\u00eancia, envolvendo letalidade policial, sendo certo que tamb\u00e9m poder\u00e1 ser tema de prova nos certames para as mais diversas carreiras jur\u00eddicas.<\/p>\n\n\n\n<figure class=\"wp-block-embed is-type-video is-provider-youtube wp-block-embed-youtube wp-embed-aspect-16-9 wp-has-aspect-ratio\"><div class=\"wp-block-embed__wrapper\">\n<div class=\"cs-embed cs-embed-responsive\"><iframe title=\"Pol\u00edcia x Traficantes: qual a respon. do Estado em caso de bala perdida? - Def. P\u00fablico Marcos Gomes\" width=\"1200\" height=\"675\" src=\"https:\/\/www.youtube.com\/embed\/3LVgegHbEs0?feature=oembed\" frameborder=\"0\" allow=\"accelerometer; autoplay; clipboard-write; encrypted-media; gyroscope; picture-in-picture; web-share\" allowfullscreen><\/iframe><\/div>\n<\/div><\/figure>\n\n\n\n<h2 class=\"wp-block-heading has-text-align-center\" id=\"cursos-ficha\"><span id=\"quer-estudar-para-concursos-de-direito\">Quer estudar para Concursos de Direito?<\/span><\/h2>\n\n\n\n<p>O Estrat\u00e9gia Carreira Jur\u00eddica \u00e9 campe\u00e3o de aprova\u00e7\u00f5es nos concursos para Carreiras Jur\u00eddicas com um corpo docente qualificado e materiais completos. Conhe\u00e7a nossos cursos e garanta sua aprova\u00e7\u00e3o:<\/p>\n\n\n\n<div class=\"wp-block-cover\" style=\"min-height:155px;aspect-ratio:unset;\"><img decoding=\"async\" width=\"1890\" height=\"351\" class=\"wp-block-cover__image-background wp-image-8669\" alt=\"Assinaturas Jur\u00eddicas\" src=\"https:\/\/cj.estrategia.com\/portal\/wp-content\/uploads\/2022\/06\/20151253\/concurso-carreiras-juridicas-assinatura-juridica.jpg\" style=\"object-position:78% 43%\" data-object-fit=\"cover\" data-object-position=\"78% 43%\" srcset=\"https:\/\/cj.estrategia.com\/portal\/wp-content\/uploads\/2022\/06\/20151253\/concurso-carreiras-juridicas-assinatura-juridica.jpg 1890w, https:\/\/cj.estrategia.com\/portal\/wp-content\/uploads\/2022\/06\/20151253\/concurso-carreiras-juridicas-assinatura-juridica-300x56.jpg 300w, https:\/\/cj.estrategia.com\/portal\/wp-content\/uploads\/2022\/06\/20151253\/concurso-carreiras-juridicas-assinatura-juridica-1024x190.jpg 1024w, https:\/\/cj.estrategia.com\/portal\/wp-content\/uploads\/2022\/06\/20151253\/concurso-carreiras-juridicas-assinatura-juridica-768x143.jpg 768w, https:\/\/cj.estrategia.com\/portal\/wp-content\/uploads\/2022\/06\/20151253\/concurso-carreiras-juridicas-assinatura-juridica-1536x285.jpg 1536w, https:\/\/cj.estrategia.com\/portal\/wp-content\/uploads\/2022\/06\/20151253\/concurso-carreiras-juridicas-assinatura-juridica-380x71.jpg 380w, https:\/\/cj.estrategia.com\/portal\/wp-content\/uploads\/2022\/06\/20151253\/concurso-carreiras-juridicas-assinatura-juridica-800x149.jpg 800w, https:\/\/cj.estrategia.com\/portal\/wp-content\/uploads\/2022\/06\/20151253\/concurso-carreiras-juridicas-assinatura-juridica-1160x215.jpg 1160w\" sizes=\"(max-width: 1890px) 100vw, 1890px\" \/><span aria-hidden=\"true\" class=\"wp-block-cover__background has-background-dim\"><\/span><div class=\"wp-block-cover__inner-container is-layout-flow wp-block-cover-is-layout-flow\">\n<h3 id=\"faca-a-sua-assinatura\" class=\"titulo-assinatura\"><span style=\"color: #ffffff;\">Fa\u00e7a a sua assinatura!<\/span><\/h3>\n<p class=\"subtitulo-assinatura\" style=\"display:block!important; line-height: 0;\"><span style=\"color: #ffffff;\">Escolha a sua \u00e1rea.<\/span><\/p>\n<a target=\"_blank\" href=\"https:\/\/www.estrategiaconcursos.com.br\/assinaturas-ecj\/\" rel=\"noopener\"><button style=\"border-radius: 10px; text-transform: capitalize;\">Acessar<\/button><\/a>\n<\/div><\/div>\n","protected":false},"excerpt":{"rendered":"Sou o professor Marcos Gomes, Defensor P\u00fablico do Estado de S\u00e3o Paulo, Coordenador da Cole\u00e7\u00e3o Defensoria P\u00fablica Ponto&hellip;\n","protected":false},"author":54,"featured_media":45031,"comment_status":"open","ping_status":"open","sticky":false,"template":"","format":"standard","meta":{"_jetpack_memberships_contains_paid_content":false,"footnotes":""},"categories":[1,29,27,28,26,115,24,25],"tags":[],"tax_estado":[30,31,32,33,34,35,36,37,38,39,40,41,42,43,44,45,46,47,48,49,50,51,52,53,54,55,56,57],"class_list":{"0":"post-45027","1":"post","2":"type-post","3":"status-publish","4":"format-standard","5":"has-post-thumbnail","7":"category-carreiras-juridicas","8":"category-cartorio","9":"category-defensoria","10":"category-delegado","11":"category-magistratura","12":"category-noticias","13":"category-procuradoria","14":"category-promotoria","15":"tax_estado-ac","16":"tax_estado-al","17":"tax_estado-am","18":"tax_estado-ap","19":"tax_estado-ba","20":"tax_estado-ce","21":"tax_estado-concursos-federais","22":"tax_estado-df","23":"tax_estado-es","24":"tax_estado-go","25":"tax_estado-ma","26":"tax_estado-mg","27":"tax_estado-ms","28":"tax_estado-mt","29":"tax_estado-pa","30":"tax_estado-pb","31":"tax_estado-pe","32":"tax_estado-pi","33":"tax_estado-pr","34":"tax_estado-rj","35":"tax_estado-rn","36":"tax_estado-ro","37":"tax_estado-rr","38":"tax_estado-rs","39":"tax_estado-sc","40":"tax_estado-se","41":"tax_estado-sp","42":"tax_estado-to"},"acf":[],"yoast_head":"<!-- This site is optimized with the Yoast SEO Premium plugin v27.5 (Yoast SEO v27.5) - https:\/\/yoast.com\/product\/yoast-seo-premium-wordpress\/ -->\n<title>Pol\u00edcia x Traficantes: qual a responsabilidade do Estado em caso de bala perdida?<\/title>\n<meta name=\"description\" content=\"Pol\u00edcia x Traficantes: qual a responsabilidade do Estado em caso de bala perdida? Confira tudo nesse super artigo!\" \/>\n<meta name=\"robots\" content=\"index, follow, max-snippet:-1, max-image-preview:large, max-video-preview:-1\" \/>\n<link rel=\"canonical\" href=\"https:\/\/cj.estrategia.com\/portal\/policia-x-traficantes\/\" \/>\n<meta property=\"og:locale\" content=\"pt_BR\" \/>\n<meta property=\"og:type\" content=\"article\" \/>\n<meta property=\"og:title\" content=\"Pol\u00edcia x Traficantes: qual a responsabilidade do Estado em caso de bala perdida?\" \/>\n<meta property=\"og:description\" content=\"Pol\u00edcia x Traficantes: qual a responsabilidade do Estado em caso de bala perdida? Confira tudo nesse super artigo!\" \/>\n<meta property=\"og:url\" content=\"https:\/\/cj.estrategia.com\/portal\/policia-x-traficantes\/\" \/>\n<meta property=\"og:site_name\" content=\"Blog - Carreiras Jur\u00eddicas - Estrat\u00e9gia\" \/>\n<meta property=\"article:publisher\" content=\"https:\/\/www.facebook.com\/estrategiacarreirajuridica\/\" \/>\n<meta property=\"article:published_time\" content=\"2023-08-31T11:48:14+00:00\" \/>\n<meta property=\"article:modified_time\" content=\"2023-08-31T13:34:03+00:00\" \/>\n<meta property=\"og:image\" content=\"https:\/\/cj.estrategia.com\/portal\/wp-content\/uploads\/2023\/08\/31084418\/balas.jpeg\" \/>\n\t<meta property=\"og:image:width\" content=\"1024\" \/>\n\t<meta property=\"og:image:height\" content=\"496\" \/>\n\t<meta property=\"og:image:type\" content=\"image\/jpeg\" \/>\n<meta name=\"author\" content=\"Marcos Gomes\" \/>\n<meta name=\"twitter:card\" content=\"summary_large_image\" \/>\n<meta name=\"twitter:creator\" content=\"@EstratJuridica\" \/>\n<meta name=\"twitter:site\" content=\"@EstratJuridica\" \/>\n<meta name=\"twitter:label1\" content=\"Escrito por\" \/>\n\t<meta name=\"twitter:data1\" content=\"Marcos Gomes\" \/>\n\t<meta name=\"twitter:label2\" content=\"Est. tempo de leitura\" \/>\n\t<meta name=\"twitter:data2\" content=\"8 minutos\" \/>\n<script type=\"application\/ld+json\" class=\"yoast-schema-graph\">{\"@context\":\"https:\\\/\\\/schema.org\",\"@graph\":[{\"@type\":\"NewsArticle\",\"@id\":\"https:\\\/\\\/cj.estrategia.com\\\/portal\\\/policia-x-traficantes\\\/#article\",\"isPartOf\":{\"@id\":\"https:\\\/\\\/cj.estrategia.com\\\/portal\\\/policia-x-traficantes\\\/\"},\"author\":{\"name\":\"Marcos Gomes\",\"@id\":\"https:\\\/\\\/cj.estrategia.com\\\/portal\\\/#\\\/schema\\\/person\\\/aa7e4ed652b4a209e40869071fda4361\"},\"headline\":\"Pol\u00edcia x Traficantes: qual a responsabilidade do Estado em caso de bala perdida?\",\"datePublished\":\"2023-08-31T11:48:14+00:00\",\"dateModified\":\"2023-08-31T13:34:03+00:00\",\"mainEntityOfPage\":{\"@id\":\"https:\\\/\\\/cj.estrategia.com\\\/portal\\\/policia-x-traficantes\\\/\"},\"wordCount\":1490,\"commentCount\":0,\"publisher\":{\"@id\":\"https:\\\/\\\/cj.estrategia.com\\\/portal\\\/#organization\"},\"image\":{\"@id\":\"https:\\\/\\\/cj.estrategia.com\\\/portal\\\/policia-x-traficantes\\\/#primaryimage\"},\"thumbnailUrl\":\"https:\\\/\\\/cj.estrategia.com\\\/portal\\\/wp-content\\\/uploads\\\/2023\\\/08\\\/31084418\\\/balas.jpeg\",\"articleSection\":[\"Carreiras Jur\u00eddicas\",\"Cart\u00f3rio\",\"Defensoria\",\"Delegado\",\"Magistratura\",\"Not\u00edcias\",\"Procuradoria\",\"Promotoria\"],\"inLanguage\":\"pt-BR\",\"potentialAction\":[{\"@type\":\"CommentAction\",\"name\":\"Comment\",\"target\":[\"https:\\\/\\\/cj.estrategia.com\\\/portal\\\/policia-x-traficantes\\\/#respond\"]}]},{\"@type\":\"WebPage\",\"@id\":\"https:\\\/\\\/cj.estrategia.com\\\/portal\\\/policia-x-traficantes\\\/\",\"url\":\"https:\\\/\\\/cj.estrategia.com\\\/portal\\\/policia-x-traficantes\\\/\",\"name\":\"Pol\u00edcia x Traficantes: qual a responsabilidade do Estado em caso de bala perdida?\",\"isPartOf\":{\"@id\":\"https:\\\/\\\/cj.estrategia.com\\\/portal\\\/#website\"},\"primaryImageOfPage\":{\"@id\":\"https:\\\/\\\/cj.estrategia.com\\\/portal\\\/policia-x-traficantes\\\/#primaryimage\"},\"image\":{\"@id\":\"https:\\\/\\\/cj.estrategia.com\\\/portal\\\/policia-x-traficantes\\\/#primaryimage\"},\"thumbnailUrl\":\"https:\\\/\\\/cj.estrategia.com\\\/portal\\\/wp-content\\\/uploads\\\/2023\\\/08\\\/31084418\\\/balas.jpeg\",\"datePublished\":\"2023-08-31T11:48:14+00:00\",\"dateModified\":\"2023-08-31T13:34:03+00:00\",\"description\":\"Pol\u00edcia x Traficantes: qual a responsabilidade do Estado em caso de bala perdida? Confira tudo nesse super artigo!\",\"breadcrumb\":{\"@id\":\"https:\\\/\\\/cj.estrategia.com\\\/portal\\\/policia-x-traficantes\\\/#breadcrumb\"},\"inLanguage\":\"pt-BR\",\"potentialAction\":[{\"@type\":\"ReadAction\",\"target\":[\"https:\\\/\\\/cj.estrategia.com\\\/portal\\\/policia-x-traficantes\\\/\"]}]},{\"@type\":\"ImageObject\",\"inLanguage\":\"pt-BR\",\"@id\":\"https:\\\/\\\/cj.estrategia.com\\\/portal\\\/policia-x-traficantes\\\/#primaryimage\",\"url\":\"https:\\\/\\\/cj.estrategia.com\\\/portal\\\/wp-content\\\/uploads\\\/2023\\\/08\\\/31084418\\\/balas.jpeg\",\"contentUrl\":\"https:\\\/\\\/cj.estrategia.com\\\/portal\\\/wp-content\\\/uploads\\\/2023\\\/08\\\/31084418\\\/balas.jpeg\",\"width\":1024,\"height\":496},{\"@type\":\"BreadcrumbList\",\"@id\":\"https:\\\/\\\/cj.estrategia.com\\\/portal\\\/policia-x-traficantes\\\/#breadcrumb\",\"itemListElement\":[{\"@type\":\"ListItem\",\"position\":1,\"name\":\"In\u00edcio\",\"item\":\"https:\\\/\\\/cj.estrategia.com\\\/portal\\\/\"},{\"@type\":\"ListItem\",\"position\":2,\"name\":\"Pol\u00edcia x Traficantes: qual a responsabilidade do Estado em caso de bala perdida?\"}]},{\"@type\":\"WebSite\",\"@id\":\"https:\\\/\\\/cj.estrategia.com\\\/portal\\\/#website\",\"url\":\"https:\\\/\\\/cj.estrategia.com\\\/portal\\\/\",\"name\":\"Blog - Carreiras Jur\u00eddicas - Estrat\u00e9gia\",\"description\":\"\",\"publisher\":{\"@id\":\"https:\\\/\\\/cj.estrategia.com\\\/portal\\\/#organization\"},\"potentialAction\":[{\"@type\":\"SearchAction\",\"target\":{\"@type\":\"EntryPoint\",\"urlTemplate\":\"https:\\\/\\\/cj.estrategia.com\\\/portal\\\/?s={search_term_string}\"},\"query-input\":{\"@type\":\"PropertyValueSpecification\",\"valueRequired\":true,\"valueName\":\"search_term_string\"}}],\"inLanguage\":\"pt-BR\"},{\"@type\":\"Organization\",\"@id\":\"https:\\\/\\\/cj.estrategia.com\\\/portal\\\/#organization\",\"name\":\"Estrat\u00e9gia - Carreiras Jur\u00eddicas\",\"url\":\"https:\\\/\\\/cj.estrategia.com\\\/portal\\\/\",\"logo\":{\"@type\":\"ImageObject\",\"inLanguage\":\"pt-BR\",\"@id\":\"https:\\\/\\\/cj.estrategia.com\\\/portal\\\/#\\\/schema\\\/logo\\\/image\\\/\",\"url\":\"https:\\\/\\\/cj.estrategia.com\\\/portal\\\/wp-content\\\/uploads\\\/2022\\\/03\\\/11151052\\\/cj-logo.png\",\"contentUrl\":\"https:\\\/\\\/cj.estrategia.com\\\/portal\\\/wp-content\\\/uploads\\\/2022\\\/03\\\/11151052\\\/cj-logo.png\",\"width\":150,\"height\":39,\"caption\":\"Estrat\u00e9gia - Carreiras Jur\u00eddicas\"},\"image\":{\"@id\":\"https:\\\/\\\/cj.estrategia.com\\\/portal\\\/#\\\/schema\\\/logo\\\/image\\\/\"},\"sameAs\":[\"https:\\\/\\\/www.facebook.com\\\/estrategiacarreirajuridica\\\/\",\"https:\\\/\\\/x.com\\\/EstratJuridica\",\"https:\\\/\\\/www.instagram.com\\\/estrategiacarreirajuridica\\\/\",\"https:\\\/\\\/www.youtube.com\\\/channel\\\/UClbMGuYbj2Mh1m3w144ETWQ\"]},{\"@type\":\"Person\",\"@id\":\"https:\\\/\\\/cj.estrategia.com\\\/portal\\\/#\\\/schema\\\/person\\\/aa7e4ed652b4a209e40869071fda4361\",\"name\":\"Marcos Gomes\",\"image\":{\"@type\":\"ImageObject\",\"inLanguage\":\"pt-BR\",\"@id\":\"https:\\\/\\\/cj.estrategia.com\\\/portal\\\/wp-content\\\/uploads\\\/2023\\\/06\\\/01191815\\\/IMG_8949-96x96.jpg\",\"url\":\"https:\\\/\\\/cj.estrategia.com\\\/portal\\\/wp-content\\\/uploads\\\/2023\\\/06\\\/01191815\\\/IMG_8949-96x96.jpg\",\"contentUrl\":\"https:\\\/\\\/cj.estrategia.com\\\/portal\\\/wp-content\\\/uploads\\\/2023\\\/06\\\/01191815\\\/IMG_8949-96x96.jpg\",\"caption\":\"Marcos Gomes\"},\"description\":\"Defensor P\u00fablico do Estado de S\u00e3o Paulo. Especialista em Direito P\u00fablico. Professor de Direito Constitucional e Princ\u00edpios Institucionais no Estrat\u00e9gia Carreiras Jur\u00eddicas. Coordenador da Cole\u00e7\u00e3o Defensoria Ponto a Ponto.\",\"url\":\"https:\\\/\\\/cj.estrategia.com\\\/portal\\\/author\\\/marcos-gomes\\\/\"}]}<\/script>\n<!-- \/ Yoast SEO Premium plugin. -->","yoast_head_json":{"title":"Pol\u00edcia x Traficantes: qual a responsabilidade do Estado em caso de bala perdida?","description":"Pol\u00edcia x Traficantes: qual a responsabilidade do Estado em caso de bala perdida? Confira tudo nesse super artigo!","robots":{"index":"index","follow":"follow","max-snippet":"max-snippet:-1","max-image-preview":"max-image-preview:large","max-video-preview":"max-video-preview:-1"},"canonical":"https:\/\/cj.estrategia.com\/portal\/policia-x-traficantes\/","og_locale":"pt_BR","og_type":"article","og_title":"Pol\u00edcia x Traficantes: qual a responsabilidade do Estado em caso de bala perdida?","og_description":"Pol\u00edcia x Traficantes: qual a responsabilidade do Estado em caso de bala perdida? Confira tudo nesse super artigo!","og_url":"https:\/\/cj.estrategia.com\/portal\/policia-x-traficantes\/","og_site_name":"Blog - Carreiras Jur\u00eddicas - Estrat\u00e9gia","article_publisher":"https:\/\/www.facebook.com\/estrategiacarreirajuridica\/","article_published_time":"2023-08-31T11:48:14+00:00","article_modified_time":"2023-08-31T13:34:03+00:00","og_image":[{"width":1024,"height":496,"url":"https:\/\/cj.estrategia.com\/portal\/wp-content\/uploads\/2023\/08\/31084418\/balas.jpeg","type":"image\/jpeg"}],"author":"Marcos Gomes","twitter_card":"summary_large_image","twitter_creator":"@EstratJuridica","twitter_site":"@EstratJuridica","twitter_misc":{"Escrito por":"Marcos Gomes","Est. tempo de leitura":"8 minutos"},"schema":{"@context":"https:\/\/schema.org","@graph":[{"@type":"NewsArticle","@id":"https:\/\/cj.estrategia.com\/portal\/policia-x-traficantes\/#article","isPartOf":{"@id":"https:\/\/cj.estrategia.com\/portal\/policia-x-traficantes\/"},"author":{"name":"Marcos Gomes","@id":"https:\/\/cj.estrategia.com\/portal\/#\/schema\/person\/aa7e4ed652b4a209e40869071fda4361"},"headline":"Pol\u00edcia x Traficantes: qual a responsabilidade do Estado em caso de bala perdida?","datePublished":"2023-08-31T11:48:14+00:00","dateModified":"2023-08-31T13:34:03+00:00","mainEntityOfPage":{"@id":"https:\/\/cj.estrategia.com\/portal\/policia-x-traficantes\/"},"wordCount":1490,"commentCount":0,"publisher":{"@id":"https:\/\/cj.estrategia.com\/portal\/#organization"},"image":{"@id":"https:\/\/cj.estrategia.com\/portal\/policia-x-traficantes\/#primaryimage"},"thumbnailUrl":"https:\/\/cj.estrategia.com\/portal\/wp-content\/uploads\/2023\/08\/31084418\/balas.jpeg","articleSection":["Carreiras Jur\u00eddicas","Cart\u00f3rio","Defensoria","Delegado","Magistratura","Not\u00edcias","Procuradoria","Promotoria"],"inLanguage":"pt-BR","potentialAction":[{"@type":"CommentAction","name":"Comment","target":["https:\/\/cj.estrategia.com\/portal\/policia-x-traficantes\/#respond"]}]},{"@type":"WebPage","@id":"https:\/\/cj.estrategia.com\/portal\/policia-x-traficantes\/","url":"https:\/\/cj.estrategia.com\/portal\/policia-x-traficantes\/","name":"Pol\u00edcia x Traficantes: qual a responsabilidade do Estado em caso de bala perdida?","isPartOf":{"@id":"https:\/\/cj.estrategia.com\/portal\/#website"},"primaryImageOfPage":{"@id":"https:\/\/cj.estrategia.com\/portal\/policia-x-traficantes\/#primaryimage"},"image":{"@id":"https:\/\/cj.estrategia.com\/portal\/policia-x-traficantes\/#primaryimage"},"thumbnailUrl":"https:\/\/cj.estrategia.com\/portal\/wp-content\/uploads\/2023\/08\/31084418\/balas.jpeg","datePublished":"2023-08-31T11:48:14+00:00","dateModified":"2023-08-31T13:34:03+00:00","description":"Pol\u00edcia x Traficantes: qual a responsabilidade do Estado em caso de bala perdida? Confira tudo nesse super artigo!","breadcrumb":{"@id":"https:\/\/cj.estrategia.com\/portal\/policia-x-traficantes\/#breadcrumb"},"inLanguage":"pt-BR","potentialAction":[{"@type":"ReadAction","target":["https:\/\/cj.estrategia.com\/portal\/policia-x-traficantes\/"]}]},{"@type":"ImageObject","inLanguage":"pt-BR","@id":"https:\/\/cj.estrategia.com\/portal\/policia-x-traficantes\/#primaryimage","url":"https:\/\/cj.estrategia.com\/portal\/wp-content\/uploads\/2023\/08\/31084418\/balas.jpeg","contentUrl":"https:\/\/cj.estrategia.com\/portal\/wp-content\/uploads\/2023\/08\/31084418\/balas.jpeg","width":1024,"height":496},{"@type":"BreadcrumbList","@id":"https:\/\/cj.estrategia.com\/portal\/policia-x-traficantes\/#breadcrumb","itemListElement":[{"@type":"ListItem","position":1,"name":"In\u00edcio","item":"https:\/\/cj.estrategia.com\/portal\/"},{"@type":"ListItem","position":2,"name":"Pol\u00edcia x Traficantes: qual a responsabilidade do Estado em caso de bala perdida?"}]},{"@type":"WebSite","@id":"https:\/\/cj.estrategia.com\/portal\/#website","url":"https:\/\/cj.estrategia.com\/portal\/","name":"Blog - Carreiras Jur\u00eddicas - Estrat\u00e9gia","description":"","publisher":{"@id":"https:\/\/cj.estrategia.com\/portal\/#organization"},"potentialAction":[{"@type":"SearchAction","target":{"@type":"EntryPoint","urlTemplate":"https:\/\/cj.estrategia.com\/portal\/?s={search_term_string}"},"query-input":{"@type":"PropertyValueSpecification","valueRequired":true,"valueName":"search_term_string"}}],"inLanguage":"pt-BR"},{"@type":"Organization","@id":"https:\/\/cj.estrategia.com\/portal\/#organization","name":"Estrat\u00e9gia - Carreiras Jur\u00eddicas","url":"https:\/\/cj.estrategia.com\/portal\/","logo":{"@type":"ImageObject","inLanguage":"pt-BR","@id":"https:\/\/cj.estrategia.com\/portal\/#\/schema\/logo\/image\/","url":"https:\/\/cj.estrategia.com\/portal\/wp-content\/uploads\/2022\/03\/11151052\/cj-logo.png","contentUrl":"https:\/\/cj.estrategia.com\/portal\/wp-content\/uploads\/2022\/03\/11151052\/cj-logo.png","width":150,"height":39,"caption":"Estrat\u00e9gia - Carreiras Jur\u00eddicas"},"image":{"@id":"https:\/\/cj.estrategia.com\/portal\/#\/schema\/logo\/image\/"},"sameAs":["https:\/\/www.facebook.com\/estrategiacarreirajuridica\/","https:\/\/x.com\/EstratJuridica","https:\/\/www.instagram.com\/estrategiacarreirajuridica\/","https:\/\/www.youtube.com\/channel\/UClbMGuYbj2Mh1m3w144ETWQ"]},{"@type":"Person","@id":"https:\/\/cj.estrategia.com\/portal\/#\/schema\/person\/aa7e4ed652b4a209e40869071fda4361","name":"Marcos Gomes","image":{"@type":"ImageObject","inLanguage":"pt-BR","@id":"https:\/\/cj.estrategia.com\/portal\/wp-content\/uploads\/2023\/06\/01191815\/IMG_8949-96x96.jpg","url":"https:\/\/cj.estrategia.com\/portal\/wp-content\/uploads\/2023\/06\/01191815\/IMG_8949-96x96.jpg","contentUrl":"https:\/\/cj.estrategia.com\/portal\/wp-content\/uploads\/2023\/06\/01191815\/IMG_8949-96x96.jpg","caption":"Marcos Gomes"},"description":"Defensor P\u00fablico do Estado de S\u00e3o Paulo. Especialista em Direito P\u00fablico. Professor de Direito Constitucional e Princ\u00edpios Institucionais no Estrat\u00e9gia Carreiras Jur\u00eddicas. Coordenador da Cole\u00e7\u00e3o Defensoria Ponto a Ponto.","url":"https:\/\/cj.estrategia.com\/portal\/author\/marcos-gomes\/"}]}},"jetpack_featured_media_url":"https:\/\/cj.estrategia.com\/portal\/wp-content\/uploads\/2023\/08\/31084418\/balas.jpeg","jetpack_sharing_enabled":true,"_links":{"self":[{"href":"https:\/\/cj.estrategia.com\/portal\/wp-json\/wp\/v2\/posts\/45027","targetHints":{"allow":["GET"]}}],"collection":[{"href":"https:\/\/cj.estrategia.com\/portal\/wp-json\/wp\/v2\/posts"}],"about":[{"href":"https:\/\/cj.estrategia.com\/portal\/wp-json\/wp\/v2\/types\/post"}],"author":[{"embeddable":true,"href":"https:\/\/cj.estrategia.com\/portal\/wp-json\/wp\/v2\/users\/54"}],"replies":[{"embeddable":true,"href":"https:\/\/cj.estrategia.com\/portal\/wp-json\/wp\/v2\/comments?post=45027"}],"version-history":[{"count":0,"href":"https:\/\/cj.estrategia.com\/portal\/wp-json\/wp\/v2\/posts\/45027\/revisions"}],"wp:featuredmedia":[{"embeddable":true,"href":"https:\/\/cj.estrategia.com\/portal\/wp-json\/wp\/v2\/media\/45031"}],"wp:attachment":[{"href":"https:\/\/cj.estrategia.com\/portal\/wp-json\/wp\/v2\/media?parent=45027"}],"wp:term":[{"taxonomy":"category","embeddable":true,"href":"https:\/\/cj.estrategia.com\/portal\/wp-json\/wp\/v2\/categories?post=45027"},{"taxonomy":"post_tag","embeddable":true,"href":"https:\/\/cj.estrategia.com\/portal\/wp-json\/wp\/v2\/tags?post=45027"},{"taxonomy":"tax_estado","embeddable":true,"href":"https:\/\/cj.estrategia.com\/portal\/wp-json\/wp\/v2\/tax_estado?post=45027"}],"curies":[{"name":"wp","href":"https:\/\/api.w.org\/{rel}","templated":true}]}}