{"id":44821,"date":"2023-08-28T21:07:19","date_gmt":"2023-08-29T00:07:19","guid":{"rendered":"https:\/\/cj.estrategia.com\/portal\/?p=44821"},"modified":"2023-08-28T21:07:21","modified_gmt":"2023-08-29T00:07:21","slug":"prova-comentada-formacao-humanistica-magistratura-es","status":"publish","type":"post","link":"https:\/\/cj.estrategia.com\/portal\/prova-comentada-formacao-humanistica-magistratura-es\/","title":{"rendered":"Prova Comentada Forma\u00e7\u00e3o Human\u00edstica Magistratura ES!"},"content":{"rendered":"\n<p>Ol\u00e1, pessoal, tudo certo?!<\/p>\n\n\n\n<p>Em 27\/08\/2023, foi aplicada a prova objetiva do concurso p\u00fablico para <strong>Juiz Substituto do TJ-ES<\/strong>. Assim que encerrada, nosso time de professores elaborou o gabarito extraoficial, que, agora, ser\u00e1 apresentado juntamente com a nossa <strong>PROVA COMENTADA<\/strong>.<\/p>\n\n\n\n<p>Este material visa a auxili\u00e1-los na aferi\u00e7\u00e3o das notas, elabora\u00e7\u00e3o de eventuais recursos, verifica\u00e7\u00e3o das chances de avan\u00e7o para fase discursiva, bem como na revis\u00e3o do conte\u00fado cobrado no certame.<\/p>\n\n\n\n<p>Desde j\u00e1, destacamos que nosso time de professores identificou 4 quest\u00f5es pass\u00edveis de recurso, por apresentarem duas ou nenhuma alternativa correta, como veremos adiante. No tipo de prova comentado, trata-se das quest\u00f5es 9, 12, 41 e 45.<\/p>\n\n\n\n<p>De modo complementar, elaboramos tamb\u00e9m o <strong><a href=\"https:\/\/cj.estrategia.com\/cadernos-e-simulados\/simulados\/5fb1da2d-4df1-4a86-9361-c8fb5306769e\">RANKING de Juiz Substituto do TJ-ES<\/a><\/strong>, em que nossos alunos e seguidores poder\u00e3o inserir suas respostas \u00e0 prova, e, ao final, aferir sua nota, de acordo com o gabarito elaborado por nossos professores. Atrav\u00e9s do ranking, tamb\u00e9m poderemos estimar a nota de corte da 1\u00ba fase. Essa ferramenta \u00e9 gratuita e, para participar, basta clicar no link abaixo:<\/p>\n\n\n\n<p>Al\u00e9m disso, montamos um caderno para nossos seguidores, alunos ou n\u00e3o, verem os coment\u00e1rios e comentar as quest\u00f5es da prova. Clique <a href=\"https:\/\/cj.estrategia.com\/cadernos-e-simulados\/cadernos\/26ee1fe8-0624-487e-a9eb-361f8cd3ecc7\">AQUI <\/a>e confira<\/p>\n\n\n\n<p>Por fim, comentaremos a prova, as quest\u00f5es mais pol\u00eamicas, as possibilidades de recurso, bem como a estimativa da nota de corte no <strong><a href=\"https:\/\/www.youtube.com\/@EstrategiaCarreiraJuridica\">TERM\u00d4METRO P\u00d3S-PROVA<\/a><\/strong>, no nosso canal do Youtube. Inscreva-se e ative as notifica\u00e7\u00f5es!<\/p>\n\n\n\n<p>Voc\u00eas tamb\u00e9m poder\u00e3o acompanhar todos os eventos atrav\u00e9s deste link:\u00a0<\/p>\n\n\n\n<p class=\"has-text-align-center has-pale-ocean-gradient-background has-background\"><a href=\"https:\/\/cj.estrategia.com\/portal\/gabarito-extraoficial-trf-1-juiz\/\"><strong>Gabarito Extraoficial \u2013 Juiz Federal do TRF1 (estrategia.com)<\/strong><\/a><\/p>\n\n\n\n<h2 class=\"wp-block-heading has-vivid-red-color has-text-color\" id=\"h-prova-comentada-formacao-humanistica\"><span id=\"prova-comentada-formacao-humanistica\">Prova Comentada Forma\u00e7\u00e3o Human\u00edstica <\/span><\/h2>\n\n\n\n<p><strong>QUEST\u00c3O 98. Racionalismo e empirismo s\u00e3o n\u00e3o apenas correntes filos\u00f3ficas, mas duas formas de pensamento que prop\u00f5em modos diferentes de compreender a realidade e a verdade. As caracter\u00edsticas corretas dessas duas correntes s\u00e3o:<\/strong><\/p>\n\n\n\n<p><strong>a) racionalismo: opera dedutivamente e se baseia numa ideia fundante; empirismo: opera indutivamente e se baseia num fato fundante;<\/strong><\/p>\n\n\n\n<p><strong>b) racionalismo: se baseia na percep\u00e7\u00e3o dos sentidos e busca a verdade a partir de experi\u00eancias sens\u00edveis; empirismo: se baseia numa raz\u00e3o inata e busca a verdade pela l\u00f3gica;<\/strong><\/p>\n\n\n\n<p><strong>c) racionalismo: afirma o princ\u00edpio da utilidade como meio para julgar uma a\u00e7\u00e3o e d\u00e1 \u00eanfase \u00e0s consequ\u00eancias; empirismo: afirma o imperativo categ\u00f3rico como base para a a\u00e7\u00e3o e d\u00e1 \u00eanfase aos princ\u00edpios;<\/strong><\/p>\n\n\n\n<p><strong>d) racionalismo: entende o justo como afirma\u00e7\u00e3o do bem-estar geral e \u00e9 uma corrente teleol\u00f3gica; empirismo: entende o justo como garantia do direito individual e \u00e9 uma corrente deontol\u00f3gica;<\/strong><\/p>\n\n\n\n<p><strong>e) racionalismo: nega que a evolu\u00e7\u00e3o do esp\u00edrito ocorra por meio do processo formado por tese, ant\u00edtese e s\u00edntese; empirismo: afirma que a evolu\u00e7\u00e3o do esp\u00edrito ocorre por meio do processo formado por tese, ant\u00edtese e s\u00edntese.<\/strong><\/p>\n\n\n\n<p><strong>Coment\u00e1rios<\/strong><\/p>\n\n\n\n<p>A alternativa correta \u00e9 a<strong> letra A.<\/strong><\/p>\n\n\n\n<p>A quest\u00e3o aborda o conhecimento sobre racionalismo e empirismo.<\/p>\n\n\n\n<p>A alternativa A est\u00e1 correta, pois \u00e9 o racionalismo opera a partir de uma norma geral e a partir dela s\u00e3o feitas dedu\u00e7\u00f5es; j\u00e1 no empirismo, a obten\u00e7\u00e3o do conhecimento \u00e9 feito a partir das an\u00e1lises emp\u00edricas, induzindo, da\u00ed, os princ\u00edpios fundantes. Assim, enquanto o racionalismo deduz, o empirismo induz.<\/p>\n\n\n\n<p>A alternativa B est\u00e1 incorreta, pois \u00e9 o empirismo que se baseia na percep\u00e7\u00e3o dos sentidos.<\/p>\n\n\n\n<p>A alternativa C est\u00e1 incorreta, pois \u00e9 o empirismo que afirma o princ\u00edpio da utilidade como meio para julgar uma a\u00e7\u00e3o e d\u00e1 \u00eanfase \u00e0s consequ\u00eancias, sobretudo o utilitarismo.<\/p>\n\n\n\n<p>A alternativa D est\u00e1 incorreta, pois \u00e9 o utilitarismo que entende o justo como afirma\u00e7\u00e3o do bem-estar geral.A alternativa E est\u00e1 incorreta, pois essa tese de que o conhecimento ocorreria por meio do processo formado por tese, ant\u00edtese e s\u00edntese seria de Hegel, que veio posteriormente ao racionalismo e ao empirismo.<\/p>\n\n\n\n<p><strong>QUEST\u00c3O 100. Ant\u00f4nio, Pedro e Jo\u00e3o travaram intenso debate a respeito da correla\u00e7\u00e3o existente entre os contornos filos\u00f3ficos do pragmatismo e os m\u00e9todos de interpreta\u00e7\u00e3o do direito. Ant\u00f4nio defendia que o pragmatismo \u00e9 refrat\u00e1rio \u00e0s bases de desenvolvimento do m\u00e9todo concretizador, em especial ao denominado \u00e2mbito da norma. Pedro, por sua vez, ressaltava que ele n\u00e3o se ajusta a qualquer direcionamento utilitarista nas decis\u00f5es tomadas pelo int\u00e9rprete durante o processo de interpreta\u00e7\u00e3o. Por fim, Jo\u00e3o ressaltou que o pragmatismo busca estabelecer um alicerce de seguran\u00e7a jur\u00eddica para as decis\u00f5es embasadas no realismo jur\u00eddico. Anast\u00e1cio, ao analisar as observa\u00e7\u00f5es formuladas por Ant\u00f4nio, Pedro e Jo\u00e3o, concluiu, corretamente, que:\u00a0<\/strong><\/p>\n\n\n\n<p><strong>a) todas est\u00e3o certas;<\/strong><\/p>\n\n\n\n<p><strong>b) todas est\u00e3o erradas;<\/strong><\/p>\n\n\n\n<p><strong>c) apenas as observa\u00e7\u00f5es de Pedro e Jo\u00e3o est\u00e3o certas;<\/strong><\/p>\n\n\n\n<p><strong>d) apenas as observa\u00e7\u00f5es de Ant\u00f4nio e Jo\u00e3o est\u00e3o certas;<\/strong><\/p>\n\n\n\n<p><strong>e) apenas as observa\u00e7\u00f5es de Ant\u00f4nio e Pedro est\u00e3o certas.<\/strong><\/p>\n\n\n\n<p><strong>Coment\u00e1rios<\/strong><\/p>\n\n\n\n<p>A alternativa correta \u00e9 a <strong>letra D<\/strong>.<\/p>\n\n\n\n<p>A quest\u00e3o aborda o conhecimento sobre pragmatismo e os m\u00e9todos de interpreta\u00e7\u00e3o do direito.<\/p>\n\n\n\n<p>A alternativa D est\u00e1 correta, pois apenas a afirma\u00e7\u00e3o de Pedro est\u00e1 errada. O pragmatismo tem certa liga\u00e7\u00e3o com o utilitarismo, que visa ao bem-estar, \u00e0 m\u00e1xima felicidade para o maior n\u00famero poss\u00edvel de pessoas no processo de tomada de decis\u00f5es pelo int\u00e9rprete durante o processo de interpreta\u00e7\u00e3o. O pragmatismo pode ser observado no art. 20 da LINDB, segundo o qual: \u201cArt. 20.\u00a0 Nas esferas administrativa, controladora e judicial, n\u00e3o se decidir\u00e1 com base em valores jur\u00eddicos abstratos sem que sejam consideradas as consequ\u00eancias pr\u00e1ticas da decis\u00e3o.\u201d. Assim, o pragmatismo se ajusta a um direcionamento utilitarista.<\/p>\n\n\n\n<p>Portanto, as alternativas A, B, C e E est\u00e3o incorretas.<\/p>\n\n\n\n<p class=\"has-text-align-center has-luminous-vivid-amber-to-luminous-vivid-orange-gradient-background has-background\"><a href=\"https:\/\/cj.estrategia.com\/portal\/concurso-magistratura-es\/\">SAIBA MAIS: Concurso Magistratura ES<\/a><\/p>\n\n\n\n<h2 class=\"wp-block-heading has-text-align-center\" id=\"cursos\"><span id=\"quer-saber-tudo-sobre-concursos-previstosconfira-nossos-artigos\">Quer saber tudo sobre concursos previstos?<br>Confira nossos artigos!<\/span><\/h2>\n\n\n\n\n\n<h2 class=\"wp-block-heading has-text-align-center\" id=\"curso\"><span id=\"cursos-para-o-concurso-magistratura-es\">Cursos para o concurso Magistratura ES<\/span><\/h2>\n\n\n\n<div class=\"container\" id=\"boxes\">\n  <div class=\"row\">\n\n    <div class=\"col-sm\">\n      <div class=\"banner-estrategia-concursos-juridicos\" id=\"box-assinatura\">\n        <h3 id=\"curso-para-concurso-juiz-es\" class=\"titulo-assinatura\"><span style=\"color: #ffffff; font-size: 23px; \">Curso para Concurso Juiz ES <\/span><\/h3>\n        <p class=\"subtitulo-assinatura\">Cursos focados no edital do concurso<\/p>\n        <div class=\"box-botao\">\n          <a class=\"btn-assinatura-juridica\" target=\"_blank\" href=\"https:\/\/cj.estrategia.com\/curso\/tj-es-juiz-substituto-pacote-teorico-2023-pos-edital\/?utm_source=blog&utm_medium=banner&utm_campaign=juiz_es_ban\" role=\"button\" rel=\"noopener noreferrer\">Conhe\u00e7a mais<\/a>\n        <\/div>\n      <\/div>\n     \n    <\/div>\n\n  <\/div>\n<\/div>\n\n\n\n<div class=\"wp-block-cover\" style=\"min-height:155px;aspect-ratio:unset;\"><img decoding=\"async\" width=\"1890\" height=\"351\" class=\"wp-block-cover__image-background wp-image-8669\" alt=\"Assinaturas Jur\u00eddicas\" src=\"https:\/\/cj.estrategia.com\/portal\/wp-content\/uploads\/2022\/06\/20151253\/concurso-carreiras-juridicas-assinatura-juridica.jpg\" style=\"object-position:78% 43%\" data-object-fit=\"cover\" data-object-position=\"78% 43%\" srcset=\"https:\/\/cj.estrategia.com\/portal\/wp-content\/uploads\/2022\/06\/20151253\/concurso-carreiras-juridicas-assinatura-juridica.jpg 1890w, https:\/\/cj.estrategia.com\/portal\/wp-content\/uploads\/2022\/06\/20151253\/concurso-carreiras-juridicas-assinatura-juridica-300x56.jpg 300w, https:\/\/cj.estrategia.com\/portal\/wp-content\/uploads\/2022\/06\/20151253\/concurso-carreiras-juridicas-assinatura-juridica-1024x190.jpg 1024w, https:\/\/cj.estrategia.com\/portal\/wp-content\/uploads\/2022\/06\/20151253\/concurso-carreiras-juridicas-assinatura-juridica-768x143.jpg 768w, https:\/\/cj.estrategia.com\/portal\/wp-content\/uploads\/2022\/06\/20151253\/concurso-carreiras-juridicas-assinatura-juridica-1536x285.jpg 1536w, https:\/\/cj.estrategia.com\/portal\/wp-content\/uploads\/2022\/06\/20151253\/concurso-carreiras-juridicas-assinatura-juridica-380x71.jpg 380w, https:\/\/cj.estrategia.com\/portal\/wp-content\/uploads\/2022\/06\/20151253\/concurso-carreiras-juridicas-assinatura-juridica-800x149.jpg 800w, https:\/\/cj.estrategia.com\/portal\/wp-content\/uploads\/2022\/06\/20151253\/concurso-carreiras-juridicas-assinatura-juridica-1160x215.jpg 1160w\" sizes=\"(max-width: 1890px) 100vw, 1890px\" \/><span aria-hidden=\"true\" class=\"wp-block-cover__background has-background-dim\"><\/span><div class=\"wp-block-cover__inner-container is-layout-flow wp-block-cover-is-layout-flow\">\n<h3 id=\"faca-a-sua-assinatura\" class=\"titulo-assinatura\"><span style=\"color: #ffffff;\">Fa\u00e7a a sua assinatura!<\/span><\/h3>\n<p class=\"subtitulo-assinatura\" style=\"display:block!important; line-height: 0;\"><span style=\"color: #ffffff;\">Escolha a sua \u00e1rea.<\/span><\/p>\n<a target=\"_blank\" href=\"https:\/\/www.estrategiaconcursos.com.br\/assinaturas-ecj\/\" rel=\"noopener\"><button style=\"border-radius: 10px; text-transform: capitalize;\">Acessar<\/button><\/a>\n<\/div><\/div>\n\n\n","protected":false},"excerpt":{"rendered":"Ol\u00e1, pessoal, tudo certo?! Em 27\/08\/2023, foi aplicada a prova objetiva do concurso p\u00fablico para Juiz Substituto do&hellip;\n","protected":false},"author":12,"featured_media":20814,"comment_status":"open","ping_status":"open","sticky":false,"template":"","format":"standard","meta":{"_jetpack_memberships_contains_paid_content":false,"footnotes":""},"categories":[26],"tags":[],"tax_estado":[38],"class_list":{"0":"post-44821","1":"post","2":"type-post","3":"status-publish","4":"format-standard","5":"has-post-thumbnail","7":"category-magistratura","8":"tax_estado-es"},"acf":[],"yoast_head":"<!-- This site is optimized with the Yoast SEO Premium plugin v27.5 (Yoast SEO v27.5) - https:\/\/yoast.com\/product\/yoast-seo-premium-wordpress\/ -->\n<title>Prova Comentada Forma\u00e7\u00e3o Human\u00edstica Magistratura ES!<\/title>\n<meta name=\"description\" content=\"Prova Comentada Forma\u00e7\u00e3o Human\u00edstica Magistratura ES: confira aqui seu gabarito e tire suas d\u00favidas.\" \/>\n<meta name=\"robots\" content=\"index, follow, max-snippet:-1, max-image-preview:large, max-video-preview:-1\" \/>\n<link rel=\"canonical\" href=\"https:\/\/cj.estrategia.com\/portal\/prova-comentada-formacao-humanistica-magistratura-es\/\" \/>\n<meta property=\"og:locale\" content=\"pt_BR\" \/>\n<meta property=\"og:type\" content=\"article\" \/>\n<meta property=\"og:title\" content=\"Prova Comentada Forma\u00e7\u00e3o Human\u00edstica Magistratura ES!\" \/>\n<meta property=\"og:description\" content=\"Prova Comentada Forma\u00e7\u00e3o Human\u00edstica Magistratura ES: confira aqui seu gabarito e tire suas d\u00favidas.\" \/>\n<meta property=\"og:url\" content=\"https:\/\/cj.estrategia.com\/portal\/prova-comentada-formacao-humanistica-magistratura-es\/\" \/>\n<meta property=\"og:site_name\" content=\"Blog - Carreiras Jur\u00eddicas - Estrat\u00e9gia\" \/>\n<meta property=\"article:publisher\" content=\"https:\/\/www.facebook.com\/estrategiacarreirajuridica\/\" \/>\n<meta property=\"article:published_time\" content=\"2023-08-29T00:07:19+00:00\" \/>\n<meta property=\"article:modified_time\" content=\"2023-08-29T00:07:21+00:00\" \/>\n<meta property=\"og:image\" content=\"https:\/\/cj.estrategia.com\/portal\/wp-content\/uploads\/2022\/07\/04104449\/Magistratura-ES.jpg\" \/>\n\t<meta property=\"og:image:width\" content=\"768\" \/>\n\t<meta property=\"og:image:height\" content=\"432\" \/>\n\t<meta property=\"og:image:type\" content=\"image\/jpeg\" \/>\n<meta name=\"author\" content=\"Coordena\u00e7\u00e3o\" \/>\n<meta name=\"twitter:card\" content=\"summary_large_image\" \/>\n<meta name=\"twitter:creator\" content=\"@EstratJuridica\" \/>\n<meta name=\"twitter:site\" content=\"@EstratJuridica\" \/>\n<meta name=\"twitter:label1\" content=\"Escrito por\" \/>\n\t<meta name=\"twitter:data1\" content=\"Coordena\u00e7\u00e3o\" \/>\n\t<meta name=\"twitter:label2\" content=\"Est. tempo de leitura\" \/>\n\t<meta name=\"twitter:data2\" content=\"5 minutos\" \/>\n<script type=\"application\/ld+json\" class=\"yoast-schema-graph\">{\"@context\":\"https:\\\/\\\/schema.org\",\"@graph\":[{\"@type\":\"NewsArticle\",\"@id\":\"https:\\\/\\\/cj.estrategia.com\\\/portal\\\/prova-comentada-formacao-humanistica-magistratura-es\\\/#article\",\"isPartOf\":{\"@id\":\"https:\\\/\\\/cj.estrategia.com\\\/portal\\\/prova-comentada-formacao-humanistica-magistratura-es\\\/\"},\"author\":{\"name\":\"Coordena\u00e7\u00e3o\",\"@id\":\"https:\\\/\\\/cj.estrategia.com\\\/portal\\\/#\\\/schema\\\/person\\\/4d70317d31449932b99102916b6637f5\"},\"headline\":\"Prova Comentada Forma\u00e7\u00e3o Human\u00edstica Magistratura ES!\",\"datePublished\":\"2023-08-29T00:07:19+00:00\",\"dateModified\":\"2023-08-29T00:07:21+00:00\",\"mainEntityOfPage\":{\"@id\":\"https:\\\/\\\/cj.estrategia.com\\\/portal\\\/prova-comentada-formacao-humanistica-magistratura-es\\\/\"},\"wordCount\":1017,\"commentCount\":0,\"publisher\":{\"@id\":\"https:\\\/\\\/cj.estrategia.com\\\/portal\\\/#organization\"},\"image\":{\"@id\":\"https:\\\/\\\/cj.estrategia.com\\\/portal\\\/prova-comentada-formacao-humanistica-magistratura-es\\\/#primaryimage\"},\"thumbnailUrl\":\"https:\\\/\\\/cj.estrategia.com\\\/portal\\\/wp-content\\\/uploads\\\/2022\\\/07\\\/04104449\\\/Magistratura-ES.jpg\",\"articleSection\":[\"Magistratura\"],\"inLanguage\":\"pt-BR\",\"potentialAction\":[{\"@type\":\"CommentAction\",\"name\":\"Comment\",\"target\":[\"https:\\\/\\\/cj.estrategia.com\\\/portal\\\/prova-comentada-formacao-humanistica-magistratura-es\\\/#respond\"]}]},{\"@type\":\"WebPage\",\"@id\":\"https:\\\/\\\/cj.estrategia.com\\\/portal\\\/prova-comentada-formacao-humanistica-magistratura-es\\\/\",\"url\":\"https:\\\/\\\/cj.estrategia.com\\\/portal\\\/prova-comentada-formacao-humanistica-magistratura-es\\\/\",\"name\":\"Prova Comentada Forma\u00e7\u00e3o Human\u00edstica Magistratura ES!\",\"isPartOf\":{\"@id\":\"https:\\\/\\\/cj.estrategia.com\\\/portal\\\/#website\"},\"primaryImageOfPage\":{\"@id\":\"https:\\\/\\\/cj.estrategia.com\\\/portal\\\/prova-comentada-formacao-humanistica-magistratura-es\\\/#primaryimage\"},\"image\":{\"@id\":\"https:\\\/\\\/cj.estrategia.com\\\/portal\\\/prova-comentada-formacao-humanistica-magistratura-es\\\/#primaryimage\"},\"thumbnailUrl\":\"https:\\\/\\\/cj.estrategia.com\\\/portal\\\/wp-content\\\/uploads\\\/2022\\\/07\\\/04104449\\\/Magistratura-ES.jpg\",\"datePublished\":\"2023-08-29T00:07:19+00:00\",\"dateModified\":\"2023-08-29T00:07:21+00:00\",\"description\":\"Prova Comentada Forma\u00e7\u00e3o Human\u00edstica Magistratura ES: confira aqui seu gabarito e tire suas d\u00favidas.\",\"breadcrumb\":{\"@id\":\"https:\\\/\\\/cj.estrategia.com\\\/portal\\\/prova-comentada-formacao-humanistica-magistratura-es\\\/#breadcrumb\"},\"inLanguage\":\"pt-BR\",\"potentialAction\":[{\"@type\":\"ReadAction\",\"target\":[\"https:\\\/\\\/cj.estrategia.com\\\/portal\\\/prova-comentada-formacao-humanistica-magistratura-es\\\/\"]}]},{\"@type\":\"ImageObject\",\"inLanguage\":\"pt-BR\",\"@id\":\"https:\\\/\\\/cj.estrategia.com\\\/portal\\\/prova-comentada-formacao-humanistica-magistratura-es\\\/#primaryimage\",\"url\":\"https:\\\/\\\/cj.estrategia.com\\\/portal\\\/wp-content\\\/uploads\\\/2022\\\/07\\\/04104449\\\/Magistratura-ES.jpg\",\"contentUrl\":\"https:\\\/\\\/cj.estrategia.com\\\/portal\\\/wp-content\\\/uploads\\\/2022\\\/07\\\/04104449\\\/Magistratura-ES.jpg\",\"width\":768,\"height\":432,\"caption\":\"Concurso Juiz ES\"},{\"@type\":\"BreadcrumbList\",\"@id\":\"https:\\\/\\\/cj.estrategia.com\\\/portal\\\/prova-comentada-formacao-humanistica-magistratura-es\\\/#breadcrumb\",\"itemListElement\":[{\"@type\":\"ListItem\",\"position\":1,\"name\":\"In\u00edcio\",\"item\":\"https:\\\/\\\/cj.estrategia.com\\\/portal\\\/\"},{\"@type\":\"ListItem\",\"position\":2,\"name\":\"Prova Comentada Forma\u00e7\u00e3o Human\u00edstica Magistratura ES!\"}]},{\"@type\":\"WebSite\",\"@id\":\"https:\\\/\\\/cj.estrategia.com\\\/portal\\\/#website\",\"url\":\"https:\\\/\\\/cj.estrategia.com\\\/portal\\\/\",\"name\":\"Blog - Carreiras Jur\u00eddicas - Estrat\u00e9gia\",\"description\":\"\",\"publisher\":{\"@id\":\"https:\\\/\\\/cj.estrategia.com\\\/portal\\\/#organization\"},\"potentialAction\":[{\"@type\":\"SearchAction\",\"target\":{\"@type\":\"EntryPoint\",\"urlTemplate\":\"https:\\\/\\\/cj.estrategia.com\\\/portal\\\/?s={search_term_string}\"},\"query-input\":{\"@type\":\"PropertyValueSpecification\",\"valueRequired\":true,\"valueName\":\"search_term_string\"}}],\"inLanguage\":\"pt-BR\"},{\"@type\":\"Organization\",\"@id\":\"https:\\\/\\\/cj.estrategia.com\\\/portal\\\/#organization\",\"name\":\"Estrat\u00e9gia - Carreiras Jur\u00eddicas\",\"url\":\"https:\\\/\\\/cj.estrategia.com\\\/portal\\\/\",\"logo\":{\"@type\":\"ImageObject\",\"inLanguage\":\"pt-BR\",\"@id\":\"https:\\\/\\\/cj.estrategia.com\\\/portal\\\/#\\\/schema\\\/logo\\\/image\\\/\",\"url\":\"https:\\\/\\\/cj.estrategia.com\\\/portal\\\/wp-content\\\/uploads\\\/2022\\\/03\\\/11151052\\\/cj-logo.png\",\"contentUrl\":\"https:\\\/\\\/cj.estrategia.com\\\/portal\\\/wp-content\\\/uploads\\\/2022\\\/03\\\/11151052\\\/cj-logo.png\",\"width\":150,\"height\":39,\"caption\":\"Estrat\u00e9gia - Carreiras Jur\u00eddicas\"},\"image\":{\"@id\":\"https:\\\/\\\/cj.estrategia.com\\\/portal\\\/#\\\/schema\\\/logo\\\/image\\\/\"},\"sameAs\":[\"https:\\\/\\\/www.facebook.com\\\/estrategiacarreirajuridica\\\/\",\"https:\\\/\\\/x.com\\\/EstratJuridica\",\"https:\\\/\\\/www.instagram.com\\\/estrategiacarreirajuridica\\\/\",\"https:\\\/\\\/www.youtube.com\\\/channel\\\/UClbMGuYbj2Mh1m3w144ETWQ\"]},{\"@type\":\"Person\",\"@id\":\"https:\\\/\\\/cj.estrategia.com\\\/portal\\\/#\\\/schema\\\/person\\\/4d70317d31449932b99102916b6637f5\",\"name\":\"Coordena\u00e7\u00e3o\",\"image\":{\"@type\":\"ImageObject\",\"inLanguage\":\"pt-BR\",\"@id\":\"https:\\\/\\\/cj.estrategia.com\\\/portal\\\/wp-content\\\/uploads\\\/2022\\\/05\\\/12164923\\\/estrategia-carreira-juridica-coordenacao-96x96.png\",\"url\":\"https:\\\/\\\/cj.estrategia.com\\\/portal\\\/wp-content\\\/uploads\\\/2022\\\/05\\\/12164923\\\/estrategia-carreira-juridica-coordenacao-96x96.png\",\"contentUrl\":\"https:\\\/\\\/cj.estrategia.com\\\/portal\\\/wp-content\\\/uploads\\\/2022\\\/05\\\/12164923\\\/estrategia-carreira-juridica-coordenacao-96x96.png\",\"caption\":\"Coordena\u00e7\u00e3o\"},\"url\":\"https:\\\/\\\/cj.estrategia.com\\\/portal\\\/author\\\/coordenacao\\\/\"}]}<\/script>\n<!-- \/ Yoast SEO Premium plugin. -->","yoast_head_json":{"title":"Prova Comentada Forma\u00e7\u00e3o Human\u00edstica Magistratura ES!","description":"Prova Comentada Forma\u00e7\u00e3o Human\u00edstica Magistratura ES: confira aqui seu gabarito e tire suas d\u00favidas.","robots":{"index":"index","follow":"follow","max-snippet":"max-snippet:-1","max-image-preview":"max-image-preview:large","max-video-preview":"max-video-preview:-1"},"canonical":"https:\/\/cj.estrategia.com\/portal\/prova-comentada-formacao-humanistica-magistratura-es\/","og_locale":"pt_BR","og_type":"article","og_title":"Prova Comentada Forma\u00e7\u00e3o Human\u00edstica Magistratura ES!","og_description":"Prova Comentada Forma\u00e7\u00e3o Human\u00edstica Magistratura ES: confira aqui seu gabarito e tire suas d\u00favidas.","og_url":"https:\/\/cj.estrategia.com\/portal\/prova-comentada-formacao-humanistica-magistratura-es\/","og_site_name":"Blog - Carreiras Jur\u00eddicas - Estrat\u00e9gia","article_publisher":"https:\/\/www.facebook.com\/estrategiacarreirajuridica\/","article_published_time":"2023-08-29T00:07:19+00:00","article_modified_time":"2023-08-29T00:07:21+00:00","og_image":[{"width":768,"height":432,"url":"https:\/\/cj.estrategia.com\/portal\/wp-content\/uploads\/2022\/07\/04104449\/Magistratura-ES.jpg","type":"image\/jpeg"}],"author":"Coordena\u00e7\u00e3o","twitter_card":"summary_large_image","twitter_creator":"@EstratJuridica","twitter_site":"@EstratJuridica","twitter_misc":{"Escrito por":"Coordena\u00e7\u00e3o","Est. tempo de leitura":"5 minutos"},"schema":{"@context":"https:\/\/schema.org","@graph":[{"@type":"NewsArticle","@id":"https:\/\/cj.estrategia.com\/portal\/prova-comentada-formacao-humanistica-magistratura-es\/#article","isPartOf":{"@id":"https:\/\/cj.estrategia.com\/portal\/prova-comentada-formacao-humanistica-magistratura-es\/"},"author":{"name":"Coordena\u00e7\u00e3o","@id":"https:\/\/cj.estrategia.com\/portal\/#\/schema\/person\/4d70317d31449932b99102916b6637f5"},"headline":"Prova Comentada Forma\u00e7\u00e3o Human\u00edstica Magistratura ES!","datePublished":"2023-08-29T00:07:19+00:00","dateModified":"2023-08-29T00:07:21+00:00","mainEntityOfPage":{"@id":"https:\/\/cj.estrategia.com\/portal\/prova-comentada-formacao-humanistica-magistratura-es\/"},"wordCount":1017,"commentCount":0,"publisher":{"@id":"https:\/\/cj.estrategia.com\/portal\/#organization"},"image":{"@id":"https:\/\/cj.estrategia.com\/portal\/prova-comentada-formacao-humanistica-magistratura-es\/#primaryimage"},"thumbnailUrl":"https:\/\/cj.estrategia.com\/portal\/wp-content\/uploads\/2022\/07\/04104449\/Magistratura-ES.jpg","articleSection":["Magistratura"],"inLanguage":"pt-BR","potentialAction":[{"@type":"CommentAction","name":"Comment","target":["https:\/\/cj.estrategia.com\/portal\/prova-comentada-formacao-humanistica-magistratura-es\/#respond"]}]},{"@type":"WebPage","@id":"https:\/\/cj.estrategia.com\/portal\/prova-comentada-formacao-humanistica-magistratura-es\/","url":"https:\/\/cj.estrategia.com\/portal\/prova-comentada-formacao-humanistica-magistratura-es\/","name":"Prova Comentada Forma\u00e7\u00e3o Human\u00edstica Magistratura ES!","isPartOf":{"@id":"https:\/\/cj.estrategia.com\/portal\/#website"},"primaryImageOfPage":{"@id":"https:\/\/cj.estrategia.com\/portal\/prova-comentada-formacao-humanistica-magistratura-es\/#primaryimage"},"image":{"@id":"https:\/\/cj.estrategia.com\/portal\/prova-comentada-formacao-humanistica-magistratura-es\/#primaryimage"},"thumbnailUrl":"https:\/\/cj.estrategia.com\/portal\/wp-content\/uploads\/2022\/07\/04104449\/Magistratura-ES.jpg","datePublished":"2023-08-29T00:07:19+00:00","dateModified":"2023-08-29T00:07:21+00:00","description":"Prova Comentada Forma\u00e7\u00e3o Human\u00edstica Magistratura ES: confira aqui seu gabarito e tire suas d\u00favidas.","breadcrumb":{"@id":"https:\/\/cj.estrategia.com\/portal\/prova-comentada-formacao-humanistica-magistratura-es\/#breadcrumb"},"inLanguage":"pt-BR","potentialAction":[{"@type":"ReadAction","target":["https:\/\/cj.estrategia.com\/portal\/prova-comentada-formacao-humanistica-magistratura-es\/"]}]},{"@type":"ImageObject","inLanguage":"pt-BR","@id":"https:\/\/cj.estrategia.com\/portal\/prova-comentada-formacao-humanistica-magistratura-es\/#primaryimage","url":"https:\/\/cj.estrategia.com\/portal\/wp-content\/uploads\/2022\/07\/04104449\/Magistratura-ES.jpg","contentUrl":"https:\/\/cj.estrategia.com\/portal\/wp-content\/uploads\/2022\/07\/04104449\/Magistratura-ES.jpg","width":768,"height":432,"caption":"Concurso Juiz ES"},{"@type":"BreadcrumbList","@id":"https:\/\/cj.estrategia.com\/portal\/prova-comentada-formacao-humanistica-magistratura-es\/#breadcrumb","itemListElement":[{"@type":"ListItem","position":1,"name":"In\u00edcio","item":"https:\/\/cj.estrategia.com\/portal\/"},{"@type":"ListItem","position":2,"name":"Prova Comentada Forma\u00e7\u00e3o Human\u00edstica Magistratura ES!"}]},{"@type":"WebSite","@id":"https:\/\/cj.estrategia.com\/portal\/#website","url":"https:\/\/cj.estrategia.com\/portal\/","name":"Blog - Carreiras Jur\u00eddicas - Estrat\u00e9gia","description":"","publisher":{"@id":"https:\/\/cj.estrategia.com\/portal\/#organization"},"potentialAction":[{"@type":"SearchAction","target":{"@type":"EntryPoint","urlTemplate":"https:\/\/cj.estrategia.com\/portal\/?s={search_term_string}"},"query-input":{"@type":"PropertyValueSpecification","valueRequired":true,"valueName":"search_term_string"}}],"inLanguage":"pt-BR"},{"@type":"Organization","@id":"https:\/\/cj.estrategia.com\/portal\/#organization","name":"Estrat\u00e9gia - Carreiras Jur\u00eddicas","url":"https:\/\/cj.estrategia.com\/portal\/","logo":{"@type":"ImageObject","inLanguage":"pt-BR","@id":"https:\/\/cj.estrategia.com\/portal\/#\/schema\/logo\/image\/","url":"https:\/\/cj.estrategia.com\/portal\/wp-content\/uploads\/2022\/03\/11151052\/cj-logo.png","contentUrl":"https:\/\/cj.estrategia.com\/portal\/wp-content\/uploads\/2022\/03\/11151052\/cj-logo.png","width":150,"height":39,"caption":"Estrat\u00e9gia - Carreiras Jur\u00eddicas"},"image":{"@id":"https:\/\/cj.estrategia.com\/portal\/#\/schema\/logo\/image\/"},"sameAs":["https:\/\/www.facebook.com\/estrategiacarreirajuridica\/","https:\/\/x.com\/EstratJuridica","https:\/\/www.instagram.com\/estrategiacarreirajuridica\/","https:\/\/www.youtube.com\/channel\/UClbMGuYbj2Mh1m3w144ETWQ"]},{"@type":"Person","@id":"https:\/\/cj.estrategia.com\/portal\/#\/schema\/person\/4d70317d31449932b99102916b6637f5","name":"Coordena\u00e7\u00e3o","image":{"@type":"ImageObject","inLanguage":"pt-BR","@id":"https:\/\/cj.estrategia.com\/portal\/wp-content\/uploads\/2022\/05\/12164923\/estrategia-carreira-juridica-coordenacao-96x96.png","url":"https:\/\/cj.estrategia.com\/portal\/wp-content\/uploads\/2022\/05\/12164923\/estrategia-carreira-juridica-coordenacao-96x96.png","contentUrl":"https:\/\/cj.estrategia.com\/portal\/wp-content\/uploads\/2022\/05\/12164923\/estrategia-carreira-juridica-coordenacao-96x96.png","caption":"Coordena\u00e7\u00e3o"},"url":"https:\/\/cj.estrategia.com\/portal\/author\/coordenacao\/"}]}},"jetpack_featured_media_url":"https:\/\/cj.estrategia.com\/portal\/wp-content\/uploads\/2022\/07\/04104449\/Magistratura-ES.jpg","jetpack_sharing_enabled":true,"_links":{"self":[{"href":"https:\/\/cj.estrategia.com\/portal\/wp-json\/wp\/v2\/posts\/44821","targetHints":{"allow":["GET"]}}],"collection":[{"href":"https:\/\/cj.estrategia.com\/portal\/wp-json\/wp\/v2\/posts"}],"about":[{"href":"https:\/\/cj.estrategia.com\/portal\/wp-json\/wp\/v2\/types\/post"}],"author":[{"embeddable":true,"href":"https:\/\/cj.estrategia.com\/portal\/wp-json\/wp\/v2\/users\/12"}],"replies":[{"embeddable":true,"href":"https:\/\/cj.estrategia.com\/portal\/wp-json\/wp\/v2\/comments?post=44821"}],"version-history":[{"count":0,"href":"https:\/\/cj.estrategia.com\/portal\/wp-json\/wp\/v2\/posts\/44821\/revisions"}],"wp:featuredmedia":[{"embeddable":true,"href":"https:\/\/cj.estrategia.com\/portal\/wp-json\/wp\/v2\/media\/20814"}],"wp:attachment":[{"href":"https:\/\/cj.estrategia.com\/portal\/wp-json\/wp\/v2\/media?parent=44821"}],"wp:term":[{"taxonomy":"category","embeddable":true,"href":"https:\/\/cj.estrategia.com\/portal\/wp-json\/wp\/v2\/categories?post=44821"},{"taxonomy":"post_tag","embeddable":true,"href":"https:\/\/cj.estrategia.com\/portal\/wp-json\/wp\/v2\/tags?post=44821"},{"taxonomy":"tax_estado","embeddable":true,"href":"https:\/\/cj.estrategia.com\/portal\/wp-json\/wp\/v2\/tax_estado?post=44821"}],"curies":[{"name":"wp","href":"https:\/\/api.w.org\/{rel}","templated":true}]}}