{"id":44486,"date":"2023-08-23T22:32:59","date_gmt":"2023-08-24T01:32:59","guid":{"rendered":"https:\/\/cj.estrategia.com\/portal\/?p=44486"},"modified":"2023-08-23T22:33:01","modified_gmt":"2023-08-24T01:33:01","slug":"prova-comentada-eca-mp-mg-promotor","status":"publish","type":"post","link":"https:\/\/cj.estrategia.com\/portal\/prova-comentada-eca-mp-mg-promotor\/","title":{"rendered":"Prova comentada ECA MP MG Promotor"},"content":{"rendered":"\n<p>Ol\u00e1, pessoal, tudo certo?!<\/p>\n\n\n\n<p>Em 20\/08\/2023, foi aplicada a prova objetiva do concurso p\u00fablico para <strong>Promotor de Justi\u00e7a do estado&nbsp; de Minas Gerais<\/strong>. Assim que disponibilizados o caderno de prova e o gabarito preliminar, nosso time de professores elaborou a <strong>PROVA COMENTADA<\/strong>.<\/p>\n\n\n\n<p>Este material visa a auxili\u00e1-los na aferi\u00e7\u00e3o das notas, elabora\u00e7\u00e3o de eventuais recursos, verifica\u00e7\u00e3o das chances de avan\u00e7o para fase discursiva, bem como na revis\u00e3o do conte\u00fado cobrado no certame.<\/p>\n\n\n\n<p>Desde j\u00e1, destacamos que nosso time de professores identificou 2 quest\u00f5es pass\u00edveis de recursos, por apresentarem duas ou nenhuma alternativa correta, como veremos adiante. No tipo de prova comentado, trata-se das quest\u00f5es 55 e 56.De modo complementar, elaboramos tamb\u00e9m o <a href=\"https:\/\/cj.estrategia.com\/cadernos-e-simulados\/simulados\/dd962091-c30a-4f80-8caa-970c811b21e9\"><strong>RANKING do MP-MG<\/strong>,<\/a> em que nossos alunos e seguidores poder\u00e3o inserir suas respostas \u00e0 prova, e, ao final, aferir sua nota, de acordo com o gabarito elaborado por nossos professores. Atrav\u00e9s do ranking, tamb\u00e9m poderemos estimar a nota de corte da 1\u00ba fase. <\/p>\n\n\n\n<p>Al\u00e9m disso, montamos um caderno para nossos seguidores, alunos ou n\u00e3o, verem os coment\u00e1rios e comentar as quest\u00f5es da prova: <a href=\"https:\/\/cj.estrategia.com\/cadernos-e-simulados\/cadernos\/c0140477-469f-4e2d-9cf1-097df0b66a86\"><strong>VEJA AQUI!<\/strong><\/a><\/p>\n\n\n\n<p>Por fim, comentamos na ter\u00e7a-feira, 22\/08, a prova, as quest\u00f5es mais pol\u00eamicas, bem como as possibilidades de recurso no <strong><a href=\"https:\/\/www.youtube.com\/@EstrategiaCarreiraJuridica\">TERM\u00d4METRO P\u00d3S-PROVA<\/a><\/strong>, no nosso canal do Youtube. Inscreva-se e ative as notifica\u00e7\u00f5es!<\/p>\n\n\n\n<p class=\"has-text-align-center has-pale-ocean-gradient-background has-background\"><a href=\"https:\/\/cj.estrategia.com\/portal\/provas-comentadas-concurso-mp-mg-promotor\/\">Confira AQUI todas as provas comentadas do concurso MP MG Promotor<\/a><\/p>\n\n\n\n<h2 class=\"wp-block-heading has-vivid-red-color has-text-color\" id=\"h-prova-comentada-eca\"><span id=\"prova-comentada-eca\">Prova comentada ECA<\/span><\/h2>\n\n\n\n<p><strong>QUEST\u00c3O 62. Em rela\u00e7\u00e3o ao Estatuto da Crian\u00e7a e do Adolescente (Lei n\u00ba 8.069\/90), especificamente quanto ao direito \u00e0 liberdade assegurado a crian\u00e7as e adolescentes, \u00e9 INCORRETO afirmar que \u00e9 garantido:<\/strong><\/p>\n\n\n\n<p><strong>a) Direito irrestrito de ir, vir e estar nos logradouros p\u00fablicos e espa\u00e7os comunit\u00e1rios.<\/strong><\/p>\n\n\n\n<p><strong>b) Liberdade de opini\u00e3o e express\u00e3o.<\/strong><\/p>\n\n\n\n<p><strong>c) Participa\u00e7\u00e3o na vida familiar e comunit\u00e1ria, sem discrimina\u00e7\u00e3o.<\/strong><\/p>\n\n\n\n<p><strong>d) Participa\u00e7\u00e3o na vida pol\u00edtica, na forma da lei.<\/strong><\/p>\n\n\n\n<p>A alternativa correta \u00e9 a <strong>letra A<\/strong>.<\/p>\n\n\n\n<p>A quest\u00e3o aborda a literalidade do art. 16 do Estatuto da Crian\u00e7a e do Adolescente (Lei n\u00ba 8.069\/90).<\/p>\n\n\n\n<p>A alternativa A est\u00e1 correta, pois diverge do disposto no inciso I do art. 16, a seguir transcrito: \u201cArt. 16. O direito \u00e0 liberdade compreende os seguintes aspectos: [&#8230;] I &#8211; ir, vir e estar nos logradouros p\u00fablicos e espa\u00e7os comunit\u00e1rios, ressalvadas as restri\u00e7\u00f5es legais;\u201d<\/p>\n\n\n\n<p>A alternativa B est\u00e1 incorreta, nos termos do inciso II do art. 16. Vejamos: \u201cArt. 16. O direito \u00e0 liberdade compreende os seguintes aspectos: [&#8230;] II &#8211; opini\u00e3o e express\u00e3o;\u201d<\/p>\n\n\n\n<p>A alternativa C est\u00e1 incorreta. Trata-se da literalidade do inciso V do art. 16, a seguir transcrito: \u201cArt. 16. O direito \u00e0 liberdade compreende os seguintes aspectos: [&#8230;] V &#8211; participar da vida familiar e comunit\u00e1ria, sem discrimina\u00e7\u00e3o;\u201d<\/p>\n\n\n\n<p>A alternativa D est\u00e1 incorreta, uma vez que reproduz o inciso VI do art. 16, que assim disp\u00f5e: \u201cArt. 16. O direito \u00e0 liberdade compreende os seguintes aspectos: [&#8230;] VI &#8211; participar da vida pol\u00edtica, na forma da lei;\u201d<\/p>\n\n\n\n<p><strong>QUEST\u00c3O 65. Assinale a op\u00e7\u00e3o INCORRETA:<\/strong><\/p>\n\n\n\n<p><strong>a) O ato de aliena\u00e7\u00e3o parental \u00e9 considerado forma de viol\u00eancia contra crian\u00e7a ou adolescente, nos termos da Lei n\u00ba 13.431\/17.<\/strong><\/p>\n\n\n\n<p><strong>b) Se verificada hip\u00f3tese de viola\u00e7\u00e3o a direitos da pessoa idosa, o Minist\u00e9rio P\u00fablico poder\u00e1 determinar, dentre outras medidas, a inclus\u00e3o em programa oficial ou comunit\u00e1rio de aux\u00edlio, orienta\u00e7\u00e3o e tratamento a usu\u00e1rios dependentes de drogas l\u00edcitas ou il\u00edcitas, \u00e0 pr\u00f3pria pessoa idosa ou \u00e0 pessoa de sua conviv\u00eancia que lhe cause perturba\u00e7\u00e3o, sem necessidade de ordem judicial.<\/strong><\/p>\n\n\n\n<p><strong>c) A Recomenda\u00e7\u00e3o CNMP 85, de 28 de setembro de 2021, prop\u00f5e o fomento ao tratamento ison\u00f4mico das travestis e das mulheres transexuais em rela\u00e7\u00e3o \u00e0s demais mulheres em priva\u00e7\u00e3o de liberdade.<\/strong><\/p>\n\n\n\n<p><strong>d) No julgamento da ADPF 527, o Ministro Lu\u00eds Roberto Barroso assegurou \u00e0s transexuais femininas e travestis o direito ao cumprimento da pena em pres\u00eddios femininos, em respeito aos direitos \u00e0 dignidade humana, \u00e0 autonomia, \u00e0 liberdade, \u00e0 igualdade, \u00e0 sa\u00fade e em respeito \u00e0 veda\u00e7\u00e3o \u00e0 tortura e ao tratamento degradante e desumano.<\/strong><\/p>\n\n\n\n<p><strong>&nbsp;Coment\u00e1rios<\/strong><\/p>\n\n\n\n<p>A alternativa correta \u00e9 a <strong>letra D.<\/strong><\/p>\n\n\n\n<p>A quest\u00e3o aborda a Lei n\u00ba 13.431\/17, a Recomenda\u00e7\u00e3o CNMP 85, bem como exige conhecimento acerca da jurisprud\u00eancia do Supremo Tribunal Federal.<\/p>\n\n\n\n<p>&nbsp;A alternativa A est\u00e1 incorreta. Trata-se da reprodu\u00e7\u00e3o do teor da al\u00ednea b do inciso II do art. 4\u00ba da Lei n\u00ba 13.431\/17, transcrita&nbsp; a seguir: \u201cArt. 4\u00ba Para os efeitos desta Lei, sem preju\u00edzo da tipifica\u00e7\u00e3o das condutas criminosas, s\u00e3o formas de viol\u00eancia: [&#8230;] II &#8211; viol\u00eancia psicol\u00f3gica: [&#8230;] b) o ato de aliena\u00e7\u00e3o parental, assim entendido como a interfer\u00eancia na forma\u00e7\u00e3o psicol\u00f3gica da crian\u00e7a ou do adolescente, promovida ou induzida por um dos genitores, pelos av\u00f3s ou por quem os tenha sob sua autoridade, guarda ou vigil\u00e2ncia, que leve ao rep\u00fadio de genitor ou que cause preju\u00edzo ao estabelecimento ou \u00e0 manuten\u00e7\u00e3o de v\u00ednculo com este;\u201d<\/p>\n\n\n\n<p>&nbsp;A alternativa B est\u00e1 incorreta, uma vez que reproduz o conte\u00fado do art. 45 da lei n\u00ba 10.741, DE 1\u00ba DE OUTUBRO DE 2003. Vejamos: \u201cArt. 43. As medidas de prote\u00e7\u00e3o \u00e0 pessoa idosa s\u00e3o aplic\u00e1veis sempre que os direitos reconhecidos nesta Lei forem amea\u00e7ados ou violados: I \u2013 por a\u00e7\u00e3o ou omiss\u00e3o da sociedade ou do Estado; II \u2013 por falta, omiss\u00e3o ou abuso da fam\u00edlia, curador ou entidade de atendimento; III \u2013 em raz\u00e3o de sua condi\u00e7\u00e3o pessoal. [&#8230;] Art. 45. Verificada qualquer das hip\u00f3teses previstas no art. 43, o Minist\u00e9rio P\u00fablico ou o Poder Judici\u00e1rio, a requerimento daquele, poder\u00e1 determinar, dentre outras, as seguintes medidas: [&#8230;] IV \u2013 inclus\u00e3o em programa oficial ou comunit\u00e1rio de aux\u00edlio, orienta\u00e7\u00e3o e tratamento a usu\u00e1rios dependentes de drogas l\u00edcitas ou il\u00edcitas, \u00e0 pr\u00f3pria pessoa idosa ou \u00e0 pessoa de sua conviv\u00eancia que lhe cause perturba\u00e7\u00e3o;\u201d&nbsp;&nbsp;&nbsp;&nbsp;<\/p>\n\n\n\n<p>A alternativa C est\u00e1 incorreta. A Recomenda\u00e7\u00e3o CNMP 85, de 28 de setembro de 2021, em seu art. 2\u00ba, assim orienta: \u201cArt. 2\u00ba Recomenda-se aos Minist\u00e9rios P\u00fablicos, nos seus respectivos \u00e2mbitos de atribui\u00e7\u00e3o: [&#8230;] III &#8211; sejam fomentadas iniciativas em prol da articula\u00e7\u00e3o de parcerias com a rede de prote\u00e7\u00e3o LGBTI+, a ser composta ao menos por representantes da assist\u00eancia social, sa\u00fade e educa\u00e7\u00e3o, acompanhando e estimulando, de forma resolutiva, a constitui\u00e7\u00e3o e a implementa\u00e7\u00e3o, pelos gestores da administra\u00e7\u00e3o prisional, dos seguintes direitos: [&#8230;] e) de tratamento ison\u00f4mico das travestis e das mulheres transexuais em rela\u00e7\u00e3o \u00e0s demais mulheres em priva\u00e7\u00e3o de liberdade;\u201d.<\/p>\n\n\n\n<p>A alternativa D est\u00e1 correta. O ministro Lu\u00eds Roberto Barroso,&nbsp; fixou entendimento no sentido de que as presas transexuais e travestis com identidade de g\u00eanero feminino possam optar por cumprir penas em estabelecimento prisional feminino ou masculino. Nesse \u00faltimo caso, elas devem ser mantidas em \u00e1rea reservada, como garantia de seguran\u00e7a. Nesse sentido, a ementa a seguir: \u201cDIREITO DAS PESSOAS LGBTI. ARGUI\u00c7\u00c3O DE DESCUMPRIMENTO DE PRECEITO FUNDAMENTAL. TRANSEXUAIS E TRAVESTIS. DIREITO DE OP\u00c7\u00c3O PELO CUMPRIMENTO DE PENA EM UNIDADES PRISIONAIS FEMININAS OU MASCULINAS, NO \u00daLTIMO CASO, EM ALAS ESPEC\u00cdFICAS, QUE LHES GARANTA A SEGURAN\u00c7A. 1. Direito das transexuais femininas e travestis ao cumprimento de pena em condi\u00e7\u00f5es compat\u00edveis com a sua identidade de g\u00eanero. Incid\u00eancia do direito \u00e0 dignidade humana, \u00e0 autonomia, \u00e0 liberdade, \u00e0 igualdade, \u00e0 sa\u00fade, veda\u00e7\u00e3o \u00e0 tortura e ao tratamento degradante e desumano (CF\/1988, art. 1\u00ba, III; e art. 5\u00ba, caput, III).\u201d (ADPF 527).<\/p>\n\n\n\n<p class=\"has-text-align-center has-luminous-vivid-amber-to-luminous-vivid-orange-gradient-background has-background\"><a href=\"https:\/\/cj.estrategia.com\/portal\/concurso-mp-mg-promotor\/\" target=\"_blank\" rel=\"noreferrer noopener nofollow\"><strong>Saiba mais: Concurso MP MG Promotor<\/strong><\/a><\/p>\n\n\n\n<h2 class=\"wp-block-heading has-text-align-center\" id=\"cursos\"><span id=\"quer-saber-tudo-sobre-concursos-previstosconfira-nossos-artigos\">Quer saber tudo sobre concursos previstos?<br><strong>Confira nossos artigos!<\/strong><\/span><\/h2>\n\n\n\n\n\n<h2 class=\"wp-block-heading has-text-align-center\" id=\"cursos-concurso-mpmg\"><span id=\"cursos-para-o-concurso-mp-mg-promotor\">Cursos para o concurso MP MG Promotor<\/span><\/h2>\n\n\n\n<div class=\"wp-block-cover\" style=\"min-height:155px;aspect-ratio:unset;\"><img decoding=\"async\" width=\"1890\" height=\"351\" class=\"wp-block-cover__image-background wp-image-8669\" alt=\"Assinaturas Jur\u00eddicas\" src=\"https:\/\/cj.estrategia.com\/portal\/wp-content\/uploads\/2022\/06\/20151253\/concurso-carreiras-juridicas-assinatura-juridica.jpg\" style=\"object-position:78% 43%\" data-object-fit=\"cover\" data-object-position=\"78% 43%\" srcset=\"https:\/\/cj.estrategia.com\/portal\/wp-content\/uploads\/2022\/06\/20151253\/concurso-carreiras-juridicas-assinatura-juridica.jpg 1890w, https:\/\/cj.estrategia.com\/portal\/wp-content\/uploads\/2022\/06\/20151253\/concurso-carreiras-juridicas-assinatura-juridica-300x56.jpg 300w, https:\/\/cj.estrategia.com\/portal\/wp-content\/uploads\/2022\/06\/20151253\/concurso-carreiras-juridicas-assinatura-juridica-1024x190.jpg 1024w, https:\/\/cj.estrategia.com\/portal\/wp-content\/uploads\/2022\/06\/20151253\/concurso-carreiras-juridicas-assinatura-juridica-768x143.jpg 768w, https:\/\/cj.estrategia.com\/portal\/wp-content\/uploads\/2022\/06\/20151253\/concurso-carreiras-juridicas-assinatura-juridica-1536x285.jpg 1536w, https:\/\/cj.estrategia.com\/portal\/wp-content\/uploads\/2022\/06\/20151253\/concurso-carreiras-juridicas-assinatura-juridica-380x71.jpg 380w, https:\/\/cj.estrategia.com\/portal\/wp-content\/uploads\/2022\/06\/20151253\/concurso-carreiras-juridicas-assinatura-juridica-800x149.jpg 800w, https:\/\/cj.estrategia.com\/portal\/wp-content\/uploads\/2022\/06\/20151253\/concurso-carreiras-juridicas-assinatura-juridica-1160x215.jpg 1160w\" sizes=\"(max-width: 1890px) 100vw, 1890px\" \/><span aria-hidden=\"true\" class=\"wp-block-cover__background has-background-dim\"><\/span><div class=\"wp-block-cover__inner-container is-layout-flow wp-block-cover-is-layout-flow\">\n<h3 id=\"faca-a-sua-assinatura\" class=\"titulo-assinatura\"><span style=\"color: #ffffff;\">Fa\u00e7a a sua assinatura!<\/span><\/h3>\n<p class=\"subtitulo-assinatura\" style=\"display:block!important; line-height: 0;\"><span style=\"color: #ffffff;\">Escolha a sua \u00e1rea.<\/span><\/p>\n<a target=\"_blank\" href=\"https:\/\/www.estrategiaconcursos.com.br\/assinaturas-ecj\/\" rel=\"noopener\"><button style=\"border-radius: 10px; text-transform: capitalize;\">Acessar<\/button><\/a>\n<\/div><\/div>\n","protected":false},"excerpt":{"rendered":"Ol\u00e1, pessoal, tudo certo?! Em 20\/08\/2023, foi aplicada a prova objetiva do concurso p\u00fablico para Promotor de Justi\u00e7a&hellip;\n","protected":false},"author":12,"featured_media":37810,"comment_status":"open","ping_status":"open","sticky":false,"template":"","format":"standard","meta":{"_jetpack_memberships_contains_paid_content":false,"footnotes":""},"categories":[25],"tags":[],"tax_estado":[41],"class_list":{"0":"post-44486","1":"post","2":"type-post","3":"status-publish","4":"format-standard","5":"has-post-thumbnail","7":"category-promotoria","8":"tax_estado-mg"},"acf":[],"yoast_head":"<!-- This site is optimized with the Yoast SEO Premium plugin v27.4 (Yoast SEO v27.4) - https:\/\/yoast.com\/product\/yoast-seo-premium-wordpress\/ -->\n<title>Prova comentada ECA MP MG Promotor<\/title>\n<meta name=\"description\" content=\"Prova comentada ECA MP MG Promotor: confira as suas respostas e tire suas d\u00favidas AQUI!\" \/>\n<meta name=\"robots\" content=\"index, follow, max-snippet:-1, max-image-preview:large, max-video-preview:-1\" \/>\n<link rel=\"canonical\" href=\"https:\/\/cj.estrategia.com\/portal\/prova-comentada-eca-mp-mg-promotor\/\" \/>\n<meta property=\"og:locale\" content=\"pt_BR\" \/>\n<meta property=\"og:type\" content=\"article\" \/>\n<meta property=\"og:title\" content=\"Prova comentada ECA MP MG Promotor\" \/>\n<meta property=\"og:description\" content=\"Prova comentada ECA MP MG Promotor: confira as suas respostas e tire suas d\u00favidas AQUI!\" \/>\n<meta property=\"og:url\" content=\"https:\/\/cj.estrategia.com\/portal\/prova-comentada-eca-mp-mg-promotor\/\" \/>\n<meta property=\"og:site_name\" content=\"Blog - Carreiras Jur\u00eddicas - Estrat\u00e9gia\" \/>\n<meta property=\"article:publisher\" content=\"https:\/\/www.facebook.com\/estrategiacarreirajuridica\/\" \/>\n<meta property=\"article:published_time\" content=\"2023-08-24T01:32:59+00:00\" \/>\n<meta property=\"article:modified_time\" content=\"2023-08-24T01:33:01+00:00\" \/>\n<meta property=\"og:image\" content=\"https:\/\/cj.estrategia.com\/portal\/wp-content\/uploads\/2023\/06\/01151608\/MP-MG-Promotor.jpg\" \/>\n\t<meta property=\"og:image:width\" content=\"960\" \/>\n\t<meta property=\"og:image:height\" content=\"540\" \/>\n\t<meta property=\"og:image:type\" content=\"image\/jpeg\" \/>\n<meta name=\"author\" content=\"Coordena\u00e7\u00e3o\" \/>\n<meta name=\"twitter:card\" content=\"summary_large_image\" \/>\n<meta name=\"twitter:creator\" content=\"@EstratJuridica\" \/>\n<meta name=\"twitter:site\" content=\"@EstratJuridica\" \/>\n<meta name=\"twitter:label1\" content=\"Escrito por\" \/>\n\t<meta name=\"twitter:data1\" content=\"Coordena\u00e7\u00e3o\" \/>\n\t<meta name=\"twitter:label2\" content=\"Est. tempo de leitura\" \/>\n\t<meta name=\"twitter:data2\" content=\"7 minutos\" \/>\n<script type=\"application\/ld+json\" class=\"yoast-schema-graph\">{\"@context\":\"https:\\\/\\\/schema.org\",\"@graph\":[{\"@type\":\"NewsArticle\",\"@id\":\"https:\\\/\\\/cj.estrategia.com\\\/portal\\\/prova-comentada-eca-mp-mg-promotor\\\/#article\",\"isPartOf\":{\"@id\":\"https:\\\/\\\/cj.estrategia.com\\\/portal\\\/prova-comentada-eca-mp-mg-promotor\\\/\"},\"author\":{\"name\":\"Coordena\u00e7\u00e3o\",\"@id\":\"https:\\\/\\\/cj.estrategia.com\\\/portal\\\/#\\\/schema\\\/person\\\/4d70317d31449932b99102916b6637f5\"},\"headline\":\"Prova comentada ECA MP MG Promotor\",\"datePublished\":\"2023-08-24T01:32:59+00:00\",\"dateModified\":\"2023-08-24T01:33:01+00:00\",\"mainEntityOfPage\":{\"@id\":\"https:\\\/\\\/cj.estrategia.com\\\/portal\\\/prova-comentada-eca-mp-mg-promotor\\\/\"},\"wordCount\":1278,\"commentCount\":0,\"publisher\":{\"@id\":\"https:\\\/\\\/cj.estrategia.com\\\/portal\\\/#organization\"},\"image\":{\"@id\":\"https:\\\/\\\/cj.estrategia.com\\\/portal\\\/prova-comentada-eca-mp-mg-promotor\\\/#primaryimage\"},\"thumbnailUrl\":\"https:\\\/\\\/cj.estrategia.com\\\/portal\\\/wp-content\\\/uploads\\\/2023\\\/06\\\/01151608\\\/MP-MG-Promotor.jpg\",\"articleSection\":[\"Promotoria\"],\"inLanguage\":\"pt-BR\",\"potentialAction\":[{\"@type\":\"CommentAction\",\"name\":\"Comment\",\"target\":[\"https:\\\/\\\/cj.estrategia.com\\\/portal\\\/prova-comentada-eca-mp-mg-promotor\\\/#respond\"]}]},{\"@type\":\"WebPage\",\"@id\":\"https:\\\/\\\/cj.estrategia.com\\\/portal\\\/prova-comentada-eca-mp-mg-promotor\\\/\",\"url\":\"https:\\\/\\\/cj.estrategia.com\\\/portal\\\/prova-comentada-eca-mp-mg-promotor\\\/\",\"name\":\"Prova comentada ECA MP MG Promotor\",\"isPartOf\":{\"@id\":\"https:\\\/\\\/cj.estrategia.com\\\/portal\\\/#website\"},\"primaryImageOfPage\":{\"@id\":\"https:\\\/\\\/cj.estrategia.com\\\/portal\\\/prova-comentada-eca-mp-mg-promotor\\\/#primaryimage\"},\"image\":{\"@id\":\"https:\\\/\\\/cj.estrategia.com\\\/portal\\\/prova-comentada-eca-mp-mg-promotor\\\/#primaryimage\"},\"thumbnailUrl\":\"https:\\\/\\\/cj.estrategia.com\\\/portal\\\/wp-content\\\/uploads\\\/2023\\\/06\\\/01151608\\\/MP-MG-Promotor.jpg\",\"datePublished\":\"2023-08-24T01:32:59+00:00\",\"dateModified\":\"2023-08-24T01:33:01+00:00\",\"description\":\"Prova comentada ECA MP MG Promotor: confira as suas respostas e tire suas d\u00favidas AQUI!\",\"breadcrumb\":{\"@id\":\"https:\\\/\\\/cj.estrategia.com\\\/portal\\\/prova-comentada-eca-mp-mg-promotor\\\/#breadcrumb\"},\"inLanguage\":\"pt-BR\",\"potentialAction\":[{\"@type\":\"ReadAction\",\"target\":[\"https:\\\/\\\/cj.estrategia.com\\\/portal\\\/prova-comentada-eca-mp-mg-promotor\\\/\"]}]},{\"@type\":\"ImageObject\",\"inLanguage\":\"pt-BR\",\"@id\":\"https:\\\/\\\/cj.estrategia.com\\\/portal\\\/prova-comentada-eca-mp-mg-promotor\\\/#primaryimage\",\"url\":\"https:\\\/\\\/cj.estrategia.com\\\/portal\\\/wp-content\\\/uploads\\\/2023\\\/06\\\/01151608\\\/MP-MG-Promotor.jpg\",\"contentUrl\":\"https:\\\/\\\/cj.estrategia.com\\\/portal\\\/wp-content\\\/uploads\\\/2023\\\/06\\\/01151608\\\/MP-MG-Promotor.jpg\",\"width\":960,\"height\":540},{\"@type\":\"BreadcrumbList\",\"@id\":\"https:\\\/\\\/cj.estrategia.com\\\/portal\\\/prova-comentada-eca-mp-mg-promotor\\\/#breadcrumb\",\"itemListElement\":[{\"@type\":\"ListItem\",\"position\":1,\"name\":\"In\u00edcio\",\"item\":\"https:\\\/\\\/cj.estrategia.com\\\/portal\\\/\"},{\"@type\":\"ListItem\",\"position\":2,\"name\":\"Prova comentada ECA MP MG Promotor\"}]},{\"@type\":\"WebSite\",\"@id\":\"https:\\\/\\\/cj.estrategia.com\\\/portal\\\/#website\",\"url\":\"https:\\\/\\\/cj.estrategia.com\\\/portal\\\/\",\"name\":\"Blog - Carreiras Jur\u00eddicas - Estrat\u00e9gia\",\"description\":\"\",\"publisher\":{\"@id\":\"https:\\\/\\\/cj.estrategia.com\\\/portal\\\/#organization\"},\"potentialAction\":[{\"@type\":\"SearchAction\",\"target\":{\"@type\":\"EntryPoint\",\"urlTemplate\":\"https:\\\/\\\/cj.estrategia.com\\\/portal\\\/?s={search_term_string}\"},\"query-input\":{\"@type\":\"PropertyValueSpecification\",\"valueRequired\":true,\"valueName\":\"search_term_string\"}}],\"inLanguage\":\"pt-BR\"},{\"@type\":\"Organization\",\"@id\":\"https:\\\/\\\/cj.estrategia.com\\\/portal\\\/#organization\",\"name\":\"Estrat\u00e9gia - Carreiras Jur\u00eddicas\",\"url\":\"https:\\\/\\\/cj.estrategia.com\\\/portal\\\/\",\"logo\":{\"@type\":\"ImageObject\",\"inLanguage\":\"pt-BR\",\"@id\":\"https:\\\/\\\/cj.estrategia.com\\\/portal\\\/#\\\/schema\\\/logo\\\/image\\\/\",\"url\":\"https:\\\/\\\/cj.estrategia.com\\\/portal\\\/wp-content\\\/uploads\\\/2022\\\/03\\\/11151052\\\/cj-logo.png\",\"contentUrl\":\"https:\\\/\\\/cj.estrategia.com\\\/portal\\\/wp-content\\\/uploads\\\/2022\\\/03\\\/11151052\\\/cj-logo.png\",\"width\":150,\"height\":39,\"caption\":\"Estrat\u00e9gia - Carreiras Jur\u00eddicas\"},\"image\":{\"@id\":\"https:\\\/\\\/cj.estrategia.com\\\/portal\\\/#\\\/schema\\\/logo\\\/image\\\/\"},\"sameAs\":[\"https:\\\/\\\/www.facebook.com\\\/estrategiacarreirajuridica\\\/\",\"https:\\\/\\\/x.com\\\/EstratJuridica\",\"https:\\\/\\\/www.instagram.com\\\/estrategiacarreirajuridica\\\/\",\"https:\\\/\\\/www.youtube.com\\\/channel\\\/UClbMGuYbj2Mh1m3w144ETWQ\"]},{\"@type\":\"Person\",\"@id\":\"https:\\\/\\\/cj.estrategia.com\\\/portal\\\/#\\\/schema\\\/person\\\/4d70317d31449932b99102916b6637f5\",\"name\":\"Coordena\u00e7\u00e3o\",\"image\":{\"@type\":\"ImageObject\",\"inLanguage\":\"pt-BR\",\"@id\":\"https:\\\/\\\/cj.estrategia.com\\\/portal\\\/wp-content\\\/uploads\\\/2022\\\/05\\\/12164923\\\/estrategia-carreira-juridica-coordenacao-96x96.png\",\"url\":\"https:\\\/\\\/cj.estrategia.com\\\/portal\\\/wp-content\\\/uploads\\\/2022\\\/05\\\/12164923\\\/estrategia-carreira-juridica-coordenacao-96x96.png\",\"contentUrl\":\"https:\\\/\\\/cj.estrategia.com\\\/portal\\\/wp-content\\\/uploads\\\/2022\\\/05\\\/12164923\\\/estrategia-carreira-juridica-coordenacao-96x96.png\",\"caption\":\"Coordena\u00e7\u00e3o\"},\"url\":\"https:\\\/\\\/cj.estrategia.com\\\/portal\\\/author\\\/coordenacao\\\/\"}]}<\/script>\n<!-- \/ Yoast SEO Premium plugin. -->","yoast_head_json":{"title":"Prova comentada ECA MP MG Promotor","description":"Prova comentada ECA MP MG Promotor: confira as suas respostas e tire suas d\u00favidas AQUI!","robots":{"index":"index","follow":"follow","max-snippet":"max-snippet:-1","max-image-preview":"max-image-preview:large","max-video-preview":"max-video-preview:-1"},"canonical":"https:\/\/cj.estrategia.com\/portal\/prova-comentada-eca-mp-mg-promotor\/","og_locale":"pt_BR","og_type":"article","og_title":"Prova comentada ECA MP MG Promotor","og_description":"Prova comentada ECA MP MG Promotor: confira as suas respostas e tire suas d\u00favidas AQUI!","og_url":"https:\/\/cj.estrategia.com\/portal\/prova-comentada-eca-mp-mg-promotor\/","og_site_name":"Blog - Carreiras Jur\u00eddicas - Estrat\u00e9gia","article_publisher":"https:\/\/www.facebook.com\/estrategiacarreirajuridica\/","article_published_time":"2023-08-24T01:32:59+00:00","article_modified_time":"2023-08-24T01:33:01+00:00","og_image":[{"width":960,"height":540,"url":"https:\/\/cj.estrategia.com\/portal\/wp-content\/uploads\/2023\/06\/01151608\/MP-MG-Promotor.jpg","type":"image\/jpeg"}],"author":"Coordena\u00e7\u00e3o","twitter_card":"summary_large_image","twitter_creator":"@EstratJuridica","twitter_site":"@EstratJuridica","twitter_misc":{"Escrito por":"Coordena\u00e7\u00e3o","Est. tempo de leitura":"7 minutos"},"schema":{"@context":"https:\/\/schema.org","@graph":[{"@type":"NewsArticle","@id":"https:\/\/cj.estrategia.com\/portal\/prova-comentada-eca-mp-mg-promotor\/#article","isPartOf":{"@id":"https:\/\/cj.estrategia.com\/portal\/prova-comentada-eca-mp-mg-promotor\/"},"author":{"name":"Coordena\u00e7\u00e3o","@id":"https:\/\/cj.estrategia.com\/portal\/#\/schema\/person\/4d70317d31449932b99102916b6637f5"},"headline":"Prova comentada ECA MP MG Promotor","datePublished":"2023-08-24T01:32:59+00:00","dateModified":"2023-08-24T01:33:01+00:00","mainEntityOfPage":{"@id":"https:\/\/cj.estrategia.com\/portal\/prova-comentada-eca-mp-mg-promotor\/"},"wordCount":1278,"commentCount":0,"publisher":{"@id":"https:\/\/cj.estrategia.com\/portal\/#organization"},"image":{"@id":"https:\/\/cj.estrategia.com\/portal\/prova-comentada-eca-mp-mg-promotor\/#primaryimage"},"thumbnailUrl":"https:\/\/cj.estrategia.com\/portal\/wp-content\/uploads\/2023\/06\/01151608\/MP-MG-Promotor.jpg","articleSection":["Promotoria"],"inLanguage":"pt-BR","potentialAction":[{"@type":"CommentAction","name":"Comment","target":["https:\/\/cj.estrategia.com\/portal\/prova-comentada-eca-mp-mg-promotor\/#respond"]}]},{"@type":"WebPage","@id":"https:\/\/cj.estrategia.com\/portal\/prova-comentada-eca-mp-mg-promotor\/","url":"https:\/\/cj.estrategia.com\/portal\/prova-comentada-eca-mp-mg-promotor\/","name":"Prova comentada ECA MP MG Promotor","isPartOf":{"@id":"https:\/\/cj.estrategia.com\/portal\/#website"},"primaryImageOfPage":{"@id":"https:\/\/cj.estrategia.com\/portal\/prova-comentada-eca-mp-mg-promotor\/#primaryimage"},"image":{"@id":"https:\/\/cj.estrategia.com\/portal\/prova-comentada-eca-mp-mg-promotor\/#primaryimage"},"thumbnailUrl":"https:\/\/cj.estrategia.com\/portal\/wp-content\/uploads\/2023\/06\/01151608\/MP-MG-Promotor.jpg","datePublished":"2023-08-24T01:32:59+00:00","dateModified":"2023-08-24T01:33:01+00:00","description":"Prova comentada ECA MP MG Promotor: confira as suas respostas e tire suas d\u00favidas AQUI!","breadcrumb":{"@id":"https:\/\/cj.estrategia.com\/portal\/prova-comentada-eca-mp-mg-promotor\/#breadcrumb"},"inLanguage":"pt-BR","potentialAction":[{"@type":"ReadAction","target":["https:\/\/cj.estrategia.com\/portal\/prova-comentada-eca-mp-mg-promotor\/"]}]},{"@type":"ImageObject","inLanguage":"pt-BR","@id":"https:\/\/cj.estrategia.com\/portal\/prova-comentada-eca-mp-mg-promotor\/#primaryimage","url":"https:\/\/cj.estrategia.com\/portal\/wp-content\/uploads\/2023\/06\/01151608\/MP-MG-Promotor.jpg","contentUrl":"https:\/\/cj.estrategia.com\/portal\/wp-content\/uploads\/2023\/06\/01151608\/MP-MG-Promotor.jpg","width":960,"height":540},{"@type":"BreadcrumbList","@id":"https:\/\/cj.estrategia.com\/portal\/prova-comentada-eca-mp-mg-promotor\/#breadcrumb","itemListElement":[{"@type":"ListItem","position":1,"name":"In\u00edcio","item":"https:\/\/cj.estrategia.com\/portal\/"},{"@type":"ListItem","position":2,"name":"Prova comentada ECA MP MG Promotor"}]},{"@type":"WebSite","@id":"https:\/\/cj.estrategia.com\/portal\/#website","url":"https:\/\/cj.estrategia.com\/portal\/","name":"Blog - Carreiras Jur\u00eddicas - Estrat\u00e9gia","description":"","publisher":{"@id":"https:\/\/cj.estrategia.com\/portal\/#organization"},"potentialAction":[{"@type":"SearchAction","target":{"@type":"EntryPoint","urlTemplate":"https:\/\/cj.estrategia.com\/portal\/?s={search_term_string}"},"query-input":{"@type":"PropertyValueSpecification","valueRequired":true,"valueName":"search_term_string"}}],"inLanguage":"pt-BR"},{"@type":"Organization","@id":"https:\/\/cj.estrategia.com\/portal\/#organization","name":"Estrat\u00e9gia - Carreiras Jur\u00eddicas","url":"https:\/\/cj.estrategia.com\/portal\/","logo":{"@type":"ImageObject","inLanguage":"pt-BR","@id":"https:\/\/cj.estrategia.com\/portal\/#\/schema\/logo\/image\/","url":"https:\/\/cj.estrategia.com\/portal\/wp-content\/uploads\/2022\/03\/11151052\/cj-logo.png","contentUrl":"https:\/\/cj.estrategia.com\/portal\/wp-content\/uploads\/2022\/03\/11151052\/cj-logo.png","width":150,"height":39,"caption":"Estrat\u00e9gia - Carreiras Jur\u00eddicas"},"image":{"@id":"https:\/\/cj.estrategia.com\/portal\/#\/schema\/logo\/image\/"},"sameAs":["https:\/\/www.facebook.com\/estrategiacarreirajuridica\/","https:\/\/x.com\/EstratJuridica","https:\/\/www.instagram.com\/estrategiacarreirajuridica\/","https:\/\/www.youtube.com\/channel\/UClbMGuYbj2Mh1m3w144ETWQ"]},{"@type":"Person","@id":"https:\/\/cj.estrategia.com\/portal\/#\/schema\/person\/4d70317d31449932b99102916b6637f5","name":"Coordena\u00e7\u00e3o","image":{"@type":"ImageObject","inLanguage":"pt-BR","@id":"https:\/\/cj.estrategia.com\/portal\/wp-content\/uploads\/2022\/05\/12164923\/estrategia-carreira-juridica-coordenacao-96x96.png","url":"https:\/\/cj.estrategia.com\/portal\/wp-content\/uploads\/2022\/05\/12164923\/estrategia-carreira-juridica-coordenacao-96x96.png","contentUrl":"https:\/\/cj.estrategia.com\/portal\/wp-content\/uploads\/2022\/05\/12164923\/estrategia-carreira-juridica-coordenacao-96x96.png","caption":"Coordena\u00e7\u00e3o"},"url":"https:\/\/cj.estrategia.com\/portal\/author\/coordenacao\/"}]}},"jetpack_featured_media_url":"https:\/\/cj.estrategia.com\/portal\/wp-content\/uploads\/2023\/06\/01151608\/MP-MG-Promotor.jpg","jetpack_sharing_enabled":true,"_links":{"self":[{"href":"https:\/\/cj.estrategia.com\/portal\/wp-json\/wp\/v2\/posts\/44486","targetHints":{"allow":["GET"]}}],"collection":[{"href":"https:\/\/cj.estrategia.com\/portal\/wp-json\/wp\/v2\/posts"}],"about":[{"href":"https:\/\/cj.estrategia.com\/portal\/wp-json\/wp\/v2\/types\/post"}],"author":[{"embeddable":true,"href":"https:\/\/cj.estrategia.com\/portal\/wp-json\/wp\/v2\/users\/12"}],"replies":[{"embeddable":true,"href":"https:\/\/cj.estrategia.com\/portal\/wp-json\/wp\/v2\/comments?post=44486"}],"version-history":[{"count":1,"href":"https:\/\/cj.estrategia.com\/portal\/wp-json\/wp\/v2\/posts\/44486\/revisions"}],"predecessor-version":[{"id":44487,"href":"https:\/\/cj.estrategia.com\/portal\/wp-json\/wp\/v2\/posts\/44486\/revisions\/44487"}],"wp:featuredmedia":[{"embeddable":true,"href":"https:\/\/cj.estrategia.com\/portal\/wp-json\/wp\/v2\/media\/37810"}],"wp:attachment":[{"href":"https:\/\/cj.estrategia.com\/portal\/wp-json\/wp\/v2\/media?parent=44486"}],"wp:term":[{"taxonomy":"category","embeddable":true,"href":"https:\/\/cj.estrategia.com\/portal\/wp-json\/wp\/v2\/categories?post=44486"},{"taxonomy":"post_tag","embeddable":true,"href":"https:\/\/cj.estrategia.com\/portal\/wp-json\/wp\/v2\/tags?post=44486"},{"taxonomy":"tax_estado","embeddable":true,"href":"https:\/\/cj.estrategia.com\/portal\/wp-json\/wp\/v2\/tax_estado?post=44486"}],"curies":[{"name":"wp","href":"https:\/\/api.w.org\/{rel}","templated":true}]}}